{"id":5213,"date":"2017-04-04T00:00:00","date_gmt":"2017-04-04T00:00:00","guid":{"rendered":"http:\/\/jam-news.net\/az\/29622-2\/"},"modified":"2022-01-18T01:33:30","modified_gmt":"2022-01-17T21:33:30","slug":"29622-2","status":"publish","type":"post","link":"https:\/\/jam-news.net\/az\/29622-2\/","title":{"rendered":"Erm\u0259nistan. Avropal\u0131 m\u00fc\u015fahid\u0259\u00e7il\u0259r bildiribl\u0259r ki, se\u00e7kil\u0259r \u201cyax\u015f\u0131 t\u0259\u015fkil olunub\u201d"},"content":{"rendered":"<p><span style=\"font-family: Sylfaen, serif;\"><span lang=\"az-Latn-AZ\">M<\/span><\/span><span lang=\"az-Latn-AZ\">\u0259rk\u0259zi Se\u00e7ki Komissiyas\u0131n\u0131n d\u0259rc etdiyi ilkin n\u0259tic\u0259l\u0259r\u0259 \u0259sas\u0259n, Erm\u0259nistan Parlamentind\u0259 se\u00e7kil\u0259rd\u0259 i\u015ftirak ed\u0259n 9 siyasi q\u00fcvv\u0259d\u0259n 4-\u00fc t\u0259msil olunacaq: hakim Respublika\u00e7\u0131lar Partiyas\u0131, \u201cTsarukyan bloku\u201d, \u201cYelk\u201d bloku v\u0259 Da\u015fnaks\u00fctun E\u0130F.<\/span><\/p>\n<p><span style=\"font-family: 'Times New Roman', serif;\"><span style=\"font-size: medium;\"><span style=\"font-family: Sylfaen, serif;\"><span lang=\"az-Latn-AZ\">S<\/span><\/span><span lang=\"az-Latn-AZ\">\u0259sl\u0259rin \u0259ks\u0259riyy\u0259tini toplam\u0131\u015f<\/span><span style=\"font-family: Sylfaen, serif;\"><span lang=\"az-Latn-AZ\"> ERP-n\u0131 yeni parlamentd<\/span><\/span><span lang=\"az-Latn-AZ\">\u0259 58, \u201cTsarukyan\u201d blokunu 30, \u201cYelk\u201d blokunu 9, Da\u015fnaks\u00fctun Partiyas\u0131n\u0131 7 deputat t\u0259msil ed\u0259c\u0259k<\/span><span style=\"font-family: Sylfaen, serif;\"><span lang=\"az-Latn-AZ\">.\u00a0<\/span><\/span><\/span><\/span><\/p>\n<p><span style=\"font-family: 'Times New Roman', serif;\"><span style=\"font-size: medium;\"><span style=\"font-family: Sylfaen, serif;\"><span lang=\"az-Latn-AZ\">AT<\/span><\/span><span lang=\"az-Latn-AZ\">\u018fT-in <\/span><span style=\"font-family: Sylfaen, serif;\"><span lang=\"az-Latn-AZ\">Demokratik \u0130nstitutlar v<\/span><\/span><span lang=\"az-Latn-AZ\">\u0259 \u0130nsan Haqlar\u0131 \u00fczr\u0259 B\u00fcronun (A\u0130\u0130HB) m\u00fc\u015fahid\u0259\u00e7il\u0259ri bildiribl\u0259r ki, aprelin 2-d\u0259 ke\u00e7iril\u0259n parlament se\u00e7kil\u0259ri \u201cyax\u015f\u0131 t\u0259\u015fkil olunmu\u015f, \u00fcmumilikd\u0259 azadl\u0131qlar t\u0259min edilmi\u015fdir\u201d. M\u00fc\u015fahid\u0259\u00e7il\u0259rd\u0259 m\u0259nfi t\u0259\u0259ss\u00fcrat se\u00e7kiqaba\u011f\u0131 r\u00fc\u015fv\u0259t paylanmas\u0131 v\u0259 se\u00e7icil\u0259r\u0259 t\u0259zyiq g\u00f6st\u0259rilm\u0259si il\u0259 ba\u011fl\u0131 \u201cetibara layiq m\u0259nb\u0259l\u0259rd\u0259n\u201d al\u0131nan m\u0259lumatlarla ba\u011fl\u0131 olub.<\/span><\/span><\/span><\/p>\n<p><span style=\"font-family: 'Times New Roman', serif;\"><span style=\"font-size: medium;\"><span style=\"font-family: Sylfaen, serif;\"><span lang=\"az-Latn-AZ\">AT<\/span><\/span><span lang=\"az-Latn-AZ\">\u018fT A\u0130\u0130HB m\u00fc\u015fahid\u0259\u00e7i missiyas\u0131n\u0131n \u0259laq\u0259l\u0259ndiricisi \u0130qnasio San\u00e7es Amor n\u0259tic\u0259l\u0259rd\u0259n dan\u0131\u015fark\u0259n, \u201cparlamentd\u0259ki \u00e7oxlu\u011fu v\u0259 h\u00f6kum\u0259ti v\u0259t\u0259nda\u015f c\u0259miyy\u0259ti v\u0259 beyn\u0259lxalq al\u0259ml\u0259 \u0259m\u0259kda\u015fl\u0131\u011fa dair islahatlar\u0131n h\u0259yata ke\u00e7irilm\u0259si yolunda atd\u0131qlar\u0131 add\u0131mlar\u0131 davam etdirm\u0259y\u0259\u201d \u00e7a\u011f\u0131r\u0131b.<\/span><\/span><\/span><\/p>\n<p><span style=\"font-family: Sylfaen, serif;\"><span lang=\"az-Latn-AZ\">Erm<\/span><\/span><span lang=\"az-Latn-AZ\">\u0259nistan prezidenti d\u0259 b\u0259yanatla \u00e7\u0131x\u0131\u015f ed\u0259r\u0259k siyasi q\u00fcvv\u0259l\u0259r\u0259 f\u0259al v\u0259 \u00fcmumilikd\u0259 n\u0259zak\u0259tli siyasi m\u00fcbariz\u0259y\u0259 g\u00f6r\u0259 minn\u0259tdarl\u0131\u011f\u0131n\u0131 bildirib: \u201cBu, \u00f6lk\u0259nin inki\u015faf\u0131 il\u0259 ba\u011fl\u0131 m\u0259s\u0259l\u0259l\u0259r \u00fczr\u0259 fikir v\u0259 m\u00f6vqel\u0259rin m\u00fcqayis\u0259si v\u0259 qar\u015f\u0131la\u015fd\u0131r\u0131lmas\u0131 m\u0259qs\u0259di da\u015f\u0131yan g\u00f6z\u0259l m\u00fcbariz\u0259 idi\u201d.<\/span><\/p>\n<p><span style=\"font-family: 'Times New Roman', serif;\"><span style=\"font-size: medium;\"><span style=\"font-family: Sylfaen, serif;\"><span lang=\"az-Latn-AZ\">Sarqsyan yeni Se\u00e7ki M<\/span><\/span><span lang=\"az-Latn-AZ\">\u0259c\u0259ll\u0259sin\u0259 g\u00f6r\u0259 s\u0259sverm\u0259 proseduras\u0131 v\u0259 bu se\u00e7kil\u0259rd\u0259 m\u00fcasir texnikan\u0131n (se\u00e7icil\u0259rin elektron identifikasiyas\u0131 apar\u0131l\u0131r v\u0259 barmaq izl\u0259ri g\u00f6t\u00fcr\u00fcl\u00fcrd\u00fc) istifad\u0259 olunmas\u0131na da toxunub: \u201cBiz se\u00e7ki prosesini yeni qaydalarla t\u0259\u015fkil etdik, bunun say\u0259sind\u0259 d\u0259 kobud pozuntular\u0131n b\u00f6y\u00fck \u0259ks\u0259riyy\u0259ti ke\u00e7mi\u015fd\u0259 qald\u0131\u201d.<\/span><\/span><\/span><\/p>\n<p><span style=\"font-family: 'Times New Roman', serif;\"><span style=\"font-size: medium;\"><span lang=\"az-Latn-AZ\">Erm\u0259nistan\u0131n birinci prezidenti Levon Ter-Petrosyan bu se\u00e7kil\u0259rd\u0259 se\u00e7icil\u0259rin 2 faizind\u0259n az\u0131n\u0131n s\u0259sini toplaya bilmi\u015f \u201cErm\u0259nistan Milli Konqresi \u2013 Erm\u0259nistan Xalq Partiyas\u0131\u201d blokunda i\u015ftirak edirdi.<\/span><\/span><\/span><\/p>\n<p><span style=\"font-family: Sylfaen, serif;\"><span style=\"font-size: medium;\"><span lang=\"az-Latn-AZ\">Se\u00e7kil<\/span><\/span><\/span><span style=\"font-family: 'Times New Roman', serif;\"><span style=\"font-size: medium;\"><span lang=\"az-Latn-AZ\">\u0259rin n\u0259tic\u0259l\u0259rini d\u0259y\u0259rl\u0259ndir\u0259rk\u0259n Ter-Petrosyan bildirib: \u201cBiz\u0259 ancaq ERP, \u201c\u00c7i\u00e7\u0259kl\u0259n\u0259n Erm\u0259nistan\u201d [Tsarukyan\u0131n r\u0259hb\u0259rlik etdiyi partiya], E\u0130FD v\u0259 \u201cYelk\u201din \u201cp\u0259l\u0259ng s\u0131\u00e7ray\u0131\u015flar\u0131yla\u201d iqtisadiyyat\u0131 inki\u015faf etdirm\u0259sini, milyardl\u0131q s\u0259rmay\u0259l\u0259r t\u0259min etm\u0259sini, ordunu g\u00fccl\u0259ndirm\u0259sini, emiqrasiyan\u0131n qar\u015f\u0131s\u0131n\u0131 almas\u0131n\u0131 v\u0259 xalq\u0131m\u0131z qar\u015f\u0131s\u0131nda duran \u0259sas problemi \u2013 Qaraba\u011f m\u00fcnaqi\u015f\u0259sini nizamlamas\u0131n\u0131 izl\u0259m\u0259k qal\u0131r\u201d.<\/span><\/span><\/span><\/p>\n<p><span style=\"font-family: 'Times New Roman', serif;\"><span style=\"font-size: medium;\"><span lang=\"az-Latn-AZ\">Blok se\u00e7kiqaba\u011f\u0131 kampaniyas\u0131nda Qaraba\u011f m\u00fcnaqi\u015f\u0259sinin s\u00fclh yolu il\u0259 h\u0259llini vur\u011fulayaraq v\u0259 \u0259razi g\u00fcz\u0259\u015ftl\u0259rini n\u0259z\u0259rd\u0259 tutaraq se\u00e7kiy\u0259 \u201cS\u00fclh, bar\u0131\u015f\u0131q, mehriban qon\u015fuluq\u201d devizi il\u0259 qat\u0131lm\u0131\u015fd\u0131. <\/span><\/span><\/span><a href=\"https:\/\/jam-news.net\/?p=26556&amp;lang=ru\" target=\"_blank\" rel=\"noopener noreferrer\"><span style=\"font-family: 'Times New Roman', serif;\"><span style=\"font-size: medium;\"><span lang=\"az-Latn-AZ\">Ekspertl\u0259r g\u00f6zl\u0259yirdil\u0259r<\/span><\/span><\/span><\/a><span style=\"font-family: 'Times New Roman', serif;\"><span style=\"font-size: medium;\"><span lang=\"az-Latn-AZ\"> ki, blokun \u0259ld\u0259 etdiyi n\u0259tic\u0259 Erm\u0259nistan c\u0259miyy\u0259tinin n\u0259 q\u0259d\u0259r hiss\u0259sinin Qaraba\u011f m\u0259s\u0259l\u0259sind\u0259 g\u00fcz\u0259\u015ft\u0259 haz\u0131r oldu\u011funu g\u00f6st\u0259r\u0259c\u0259k.<\/span><\/span><\/span><\/p>\n<p><span style=\"font-family: Sylfaen, serif;\"><span style=\"font-size: medium;\"><span lang=\"az-Latn-AZ\">Se\u00e7ici s<\/span><\/span><\/span><span style=\"font-family: 'Times New Roman', serif;\"><span style=\"font-size: medium;\"><span lang=\"az-Latn-AZ\">\u0259sl\u0259rinin d\u00f6rd faizd\u0259n bir q\u0259d\u0259r az\u0131n\u0131 toplayan v\u0259 deputat mandat\u0131 ala bilm\u0259y\u0259n <\/span><\/span><\/span><span style=\"font-family: Sylfaen, serif;\"><span style=\"font-size: medium;\"><span lang=\"az-Latn-AZ\">\u201cErm<\/span><\/span><\/span><span style=\"font-family: 'Times New Roman', serif;\"><span style=\"font-size: medium;\"><span lang=\"az-Latn-AZ\">\u0259ni dir\u00e7\u0259li\u015fi<\/span><\/span><\/span><span style=\"font-family: Sylfaen, serif;\"><span style=\"font-size: medium;\"><span lang=\"az-Latn-AZ\">\u201d Partiyas\u0131n\u0131n se\u00e7kid<\/span><\/span><\/span><span style=\"font-family: 'Times New Roman', serif;\"><span style=\"font-size: medium;\"><span lang=\"az-Latn-AZ\">\u0259n sonrak\u0131 b\u0259yanat\u0131nda deyilir ki, r\u0259qibl\u0259r inzibati resurslardan istifad\u0259 edib v\u0259 se\u00e7icil\u0259ri k\u00fctl\u0259vi \u015f\u0259kild\u0259 r\u00fc\u015fv\u0259tl\u0259 al\u0131blar: <\/span><\/span><\/span><\/p>\n<p>\u201c<span style=\"font-family: Sylfaen, serif;\"><span style=\"font-size: medium;\"><span lang=\"az-Latn-AZ\">Partiya qeyd edir ki, ilk d<\/span><\/span><\/span><span style=\"font-family: 'Times New Roman', serif;\"><span style=\"font-size: medium;\"><span lang=\"az-Latn-AZ\">\u0259f\u0259 Erm\u0259nistanda siyasi partiyalar televiziyalar\u0131n h\u0259rt\u0259r\u0259fli i\u015f\u0131qland\u0131rmas\u0131 say\u0259sind\u0259 \u00f6z se\u00e7kiqaba\u011f\u0131 proqramlar\u0131n\u0131 t\u0259qdim ed\u0259 bilib. Amma ideya maddi v\u0259 inzibati r\u0131\u00e7aqlara m\u0259\u011flub oldu. Partiya elan edir ki, se\u00e7kil\u0259rin n\u0259tic\u0259l\u0259rini m\u00fcbahis\u0259l\u0259ndirm\u0259y\u0259c\u0259k, hans\u0131sa se\u00e7ki sonras\u0131 k\u00fctl\u0259vi t\u0259dbirl\u0259rd\u0259 v\u0259 mitinql\u0259rd\u0259 i\u015ftirak etm\u0259y\u0259c\u0259k. Partiya parlament\u0259 ke\u00e7\u0259 bil\u0259n b\u00fct\u00fcn siyasi q\u00fcvv\u0259l\u0259ri t\u0259brik edir v\u0259 u\u011fur dil\u0259yir<\/span><\/span><\/span><span style=\"font-family: Sylfaen, serif;\"><span style=\"font-size: medium;\"><span lang=\"az-Latn-AZ\">\u201d.<\/span><\/span><\/span><\/p>\n<p><span style=\"font-family: Sylfaen, serif;\"><span style=\"font-size: medium;\"><span lang=\"az-Latn-AZ\">MSK aprelin 2-d<\/span><\/span><\/span><span style=\"font-family: 'Times New Roman', serif;\"><span style=\"font-size: medium;\"><span lang=\"az-Latn-AZ\">\u0259 ke\u00e7irilmi\u015f se\u00e7kil\u0259rin yekun n\u0259tic\u0259l\u0259rini <\/span><\/span><\/span><span style=\"font-family: Sylfaen, serif;\"><span style=\"font-size: medium;\"><span lang=\"az-Latn-AZ\">bir h<\/span><\/span><\/span><span style=\"font-family: 'Times New Roman', serif;\"><span style=\"font-size: medium;\"><span lang=\"az-Latn-AZ\">\u0259ft\u0259 \u0259rzind\u0259 elan etm\u0259lidir.<\/span><\/span><\/span><\/p>\n","protected":false},"excerpt":{"rendered":"<p>MSK aprelin 2-d\u0259 ke\u00e7irilmi\u015f se\u00e7kil\u0259rin yekun n\u0259tic\u0259l\u0259rini bir h\u0259ft\u0259 \u0259rzind\u0259 elan etm\u0259lidir<\/p>\n","protected":false},"author":8,"featured_media":19804,"comment_status":"open","ping_status":"open","sticky":false,"template":"","format":"standard","meta":{"_acf_changed":false,"footnotes":""},"categories":[27,2,50],"tags":[33,29],"formation":[],"post-author":[2888],"topic":[],"tooltip":[],"city":[6054],"class_list":["post-5213","post","type-post","status-publish","format-standard","has-post-thumbnail","hentry","category-ermnistan","category-cografiya","category-xbrlr","tag-ermnistan","tag-seckilr","post-author-jamnews","city-yerevan"],"acf":[],"yoast_head":"<!-- This site is optimized with the Yoast SEO plugin v24.1 - https:\/\/yoast.com\/wordpress\/plugins\/seo\/ -->\n<title>Erm\u0259nistan. Avropal\u0131 m\u00fc\u015fahid\u0259\u00e7il\u0259r bildiribl\u0259r ki, se\u00e7kil\u0259r \u201cyax\u015f\u0131 t\u0259\u015fkil olunub\u201d - JAMnews<\/title>\n<meta name=\"robots\" content=\"index, follow, max-snippet:-1, max-image-preview:large, max-video-preview:-1\" \/>\n<link rel=\"canonical\" href=\"https:\/\/jam-news.net\/az\/29622-2\/\" \/>\n<meta property=\"og:locale\" content=\"az_AZ\" \/>\n<meta property=\"og:type\" content=\"article\" \/>\n<meta property=\"og:title\" content=\"Erm\u0259nistan. Avropal\u0131 m\u00fc\u015fahid\u0259\u00e7il\u0259r bildiribl\u0259r ki, se\u00e7kil\u0259r \u201cyax\u015f\u0131 t\u0259\u015fkil olunub\u201d - JAMnews\" \/>\n<meta property=\"og:description\" content=\"MSK aprelin 2-d\u0259 ke\u00e7irilmi\u015f se\u00e7kil\u0259rin yekun n\u0259tic\u0259l\u0259rini bir h\u0259ft\u0259 \u0259rzind\u0259 elan etm\u0259lidir\" \/>\n<meta property=\"og:url\" content=\"https:\/\/jam-news.net\/az\/29622-2\/\" \/>\n<meta property=\"og:site_name\" content=\"Azerbaijani Jamnews\" \/>\n<meta property=\"article:publisher\" content=\"https:\/\/www.facebook.com\/JAMnewsInEnglish\/\" \/>\n<meta property=\"article:published_time\" content=\"2017-04-04T00:00:00+00:00\" \/>\n<meta property=\"article:modified_time\" content=\"2022-01-17T21:33:30+00:00\" \/>\n<meta property=\"og:image\" content=\"https:\/\/jam-news.net\/app\/uploads\/2020\/03\/Gevorg_Serzh-3.jpg\" \/>\n\t<meta property=\"og:image:width\" content=\"879\" \/>\n\t<meta property=\"og:image:height\" content=\"586\" \/>\n\t<meta property=\"og:image:type\" content=\"image\/jpeg\" \/>\n<meta name=\"author\" content=\"Naira Martikian\" \/>\n<meta name=\"twitter:card\" content=\"summary_large_image\" \/>\n<meta name=\"twitter:creator\" content=\"@JAMnewsCaucasus\" \/>\n<meta name=\"twitter:site\" content=\"@JAMnewsCaucasus\" \/>\n<meta name=\"twitter:label1\" content=\"Written by\" \/>\n\t<meta name=\"twitter:data1\" content=\"Naira Martikian\" \/>\n\t<meta name=\"twitter:label2\" content=\"Est. reading time\" \/>\n\t<meta name=\"twitter:data2\" content=\"4 minutes\" \/>\n<script type=\"application\/ld+json\" class=\"yoast-schema-graph\">{\"@context\":\"https:\/\/schema.org\",\"@graph\":[{\"@type\":\"Article\",\"@id\":\"https:\/\/jam-news.net\/az\/29622-2\/#article\",\"isPartOf\":{\"@id\":\"https:\/\/jam-news.net\/az\/29622-2\/\"},\"author\":{\"name\":\"Naira Martikian\",\"@id\":\"https:\/\/jam-news.net\/az\/#\/schema\/person\/e82f374df8fce3377c56e285e5c11387\"},\"headline\":\"Erm\u0259nistan. Avropal\u0131 m\u00fc\u015fahid\u0259\u00e7il\u0259r bildiribl\u0259r ki, se\u00e7kil\u0259r \u201cyax\u015f\u0131 t\u0259\u015fkil olunub\u201d\",\"datePublished\":\"2017-04-04T00:00:00+00:00\",\"dateModified\":\"2022-01-17T21:33:30+00:00\",\"mainEntityOfPage\":{\"@id\":\"https:\/\/jam-news.net\/az\/29622-2\/\"},\"wordCount\":769,\"commentCount\":0,\"publisher\":{\"@id\":\"https:\/\/jam-news.net\/az\/#organization\"},\"image\":{\"@id\":\"https:\/\/jam-news.net\/az\/29622-2\/#primaryimage\"},\"thumbnailUrl\":\"https:\/\/jam-news.net\/app\/uploads\/2020\/03\/Gevorg_Serzh-3.jpg\",\"keywords\":[\"Erm\u0259nistan\",\"se\u00e7kil\u0259r\"],\"articleSection\":[\"Armenia\",\"Geography\",\"News\"],\"inLanguage\":\"az\"},{\"@type\":\"WebPage\",\"@id\":\"https:\/\/jam-news.net\/az\/29622-2\/\",\"url\":\"https:\/\/jam-news.net\/az\/29622-2\/\",\"name\":\"Erm\u0259nistan. Avropal\u0131 m\u00fc\u015fahid\u0259\u00e7il\u0259r bildiribl\u0259r ki, se\u00e7kil\u0259r \u201cyax\u015f\u0131 t\u0259\u015fkil olunub\u201d - JAMnews\",\"isPartOf\":{\"@id\":\"https:\/\/jam-news.net\/az\/#website\"},\"primaryImageOfPage\":{\"@id\":\"https:\/\/jam-news.net\/az\/29622-2\/#primaryimage\"},\"image\":{\"@id\":\"https:\/\/jam-news.net\/az\/29622-2\/#primaryimage\"},\"thumbnailUrl\":\"https:\/\/jam-news.net\/app\/uploads\/2020\/03\/Gevorg_Serzh-3.jpg\",\"datePublished\":\"2017-04-04T00:00:00+00:00\",\"dateModified\":\"2022-01-17T21:33:30+00:00\",\"breadcrumb\":{\"@id\":\"https:\/\/jam-news.net\/az\/29622-2\/#breadcrumb\"},\"inLanguage\":\"az\",\"potentialAction\":[{\"@type\":\"ReadAction\",\"target\":[\"https:\/\/jam-news.net\/az\/29622-2\/\"]}]},{\"@type\":\"ImageObject\",\"inLanguage\":\"az\",\"@id\":\"https:\/\/jam-news.net\/az\/29622-2\/#primaryimage\",\"url\":\"https:\/\/jam-news.net\/app\/uploads\/2020\/03\/Gevorg_Serzh-3.jpg\",\"contentUrl\":\"https:\/\/jam-news.net\/app\/uploads\/2020\/03\/Gevorg_Serzh-3.jpg\",\"width\":879,\"height\":586},{\"@type\":\"BreadcrumbList\",\"@id\":\"https:\/\/jam-news.net\/az\/29622-2\/#breadcrumb\",\"itemListElement\":[{\"@type\":\"ListItem\",\"position\":1,\"name\":\"Home\",\"item\":\"https:\/\/jam-news.net\/az\/\"},{\"@type\":\"ListItem\",\"position\":2,\"name\":\"Erm\u0259nistan. Avropal\u0131 m\u00fc\u015fahid\u0259\u00e7il\u0259r bildiribl\u0259r ki, se\u00e7kil\u0259r \u201cyax\u015f\u0131 t\u0259\u015fkil olunub\u201d\"}]},{\"@type\":\"WebSite\",\"@id\":\"https:\/\/jam-news.net\/az\/#website\",\"url\":\"https:\/\/jam-news.net\/az\/\",\"name\":\"Azerbaijani Jamnews\",\"description\":\"Caucasus News, Politics and Society\",\"publisher\":{\"@id\":\"https:\/\/jam-news.net\/az\/#organization\"},\"potentialAction\":[{\"@type\":\"SearchAction\",\"target\":{\"@type\":\"EntryPoint\",\"urlTemplate\":\"https:\/\/jam-news.net\/az\/?s={search_term_string}\"},\"query-input\":{\"@type\":\"PropertyValueSpecification\",\"valueRequired\":true,\"valueName\":\"search_term_string\"}}],\"inLanguage\":\"az\"},{\"@type\":\"Organization\",\"@id\":\"https:\/\/jam-news.net\/az\/#organization\",\"name\":\"JAMnews\",\"url\":\"https:\/\/jam-news.net\/az\/\",\"logo\":{\"@type\":\"ImageObject\",\"inLanguage\":\"az\",\"@id\":\"https:\/\/jam-news.net\/az\/#\/schema\/logo\/image\/\",\"url\":\"https:\/\/jam-news.net\/app\/uploads\/2020\/05\/JAM_w.jpg\",\"contentUrl\":\"https:\/\/jam-news.net\/app\/uploads\/2020\/05\/JAM_w.jpg\",\"width\":960,\"height\":960,\"caption\":\"JAMnews\"},\"image\":{\"@id\":\"https:\/\/jam-news.net\/az\/#\/schema\/logo\/image\/\"},\"sameAs\":[\"https:\/\/www.facebook.com\/JAMnewsInEnglish\/\",\"https:\/\/x.com\/JAMnewsCaucasus\",\"https:\/\/www.instagram.com\/jam_news\/\",\"https:\/\/www.youtube.com\/channel\/UCXQbUCme2pykuZYXWHx4VPg\"]},{\"@type\":\"Person\",\"@id\":\"https:\/\/jam-news.net\/az\/#\/schema\/person\/e82f374df8fce3377c56e285e5c11387\",\"name\":\"Naira Martikian\",\"image\":{\"@type\":\"ImageObject\",\"inLanguage\":\"az\",\"@id\":\"https:\/\/jam-news.net\/az\/#\/schema\/person\/image\/\",\"url\":\"https:\/\/secure.gravatar.com\/avatar\/0696bcd343e46256c029b752a654bade?s=96&d=mm&r=g\",\"contentUrl\":\"https:\/\/secure.gravatar.com\/avatar\/0696bcd343e46256c029b752a654bade?s=96&d=mm&r=g\",\"caption\":\"Naira Martikian\"},\"url\":\"https:\/\/jam-news.net\/az\/author\/nairama\/\"}]}<\/script>\n<!-- \/ Yoast SEO plugin. -->","yoast_head_json":{"title":"Erm\u0259nistan. Avropal\u0131 m\u00fc\u015fahid\u0259\u00e7il\u0259r bildiribl\u0259r ki, se\u00e7kil\u0259r \u201cyax\u015f\u0131 t\u0259\u015fkil olunub\u201d - JAMnews","robots":{"index":"index","follow":"follow","max-snippet":"max-snippet:-1","max-image-preview":"max-image-preview:large","max-video-preview":"max-video-preview:-1"},"canonical":"https:\/\/jam-news.net\/az\/29622-2\/","og_locale":"az_AZ","og_type":"article","og_title":"Erm\u0259nistan. Avropal\u0131 m\u00fc\u015fahid\u0259\u00e7il\u0259r bildiribl\u0259r ki, se\u00e7kil\u0259r \u201cyax\u015f\u0131 t\u0259\u015fkil olunub\u201d - JAMnews","og_description":"MSK aprelin 2-d\u0259 ke\u00e7irilmi\u015f se\u00e7kil\u0259rin yekun n\u0259tic\u0259l\u0259rini bir h\u0259ft\u0259 \u0259rzind\u0259 elan etm\u0259lidir","og_url":"https:\/\/jam-news.net\/az\/29622-2\/","og_site_name":"Azerbaijani Jamnews","article_publisher":"https:\/\/www.facebook.com\/JAMnewsInEnglish\/","article_published_time":"2017-04-04T00:00:00+00:00","article_modified_time":"2022-01-17T21:33:30+00:00","og_image":[{"width":879,"height":586,"url":"https:\/\/jam-news.net\/app\/uploads\/2020\/03\/Gevorg_Serzh-3.jpg","type":"image\/jpeg"}],"author":"Naira Martikian","twitter_card":"summary_large_image","twitter_creator":"@JAMnewsCaucasus","twitter_site":"@JAMnewsCaucasus","twitter_misc":{"Written by":"Naira Martikian","Est. reading time":"4 minutes"},"schema":{"@context":"https:\/\/schema.org","@graph":[{"@type":"Article","@id":"https:\/\/jam-news.net\/az\/29622-2\/#article","isPartOf":{"@id":"https:\/\/jam-news.net\/az\/29622-2\/"},"author":{"name":"Naira Martikian","@id":"https:\/\/jam-news.net\/az\/#\/schema\/person\/e82f374df8fce3377c56e285e5c11387"},"headline":"Erm\u0259nistan. Avropal\u0131 m\u00fc\u015fahid\u0259\u00e7il\u0259r bildiribl\u0259r ki, se\u00e7kil\u0259r \u201cyax\u015f\u0131 t\u0259\u015fkil olunub\u201d","datePublished":"2017-04-04T00:00:00+00:00","dateModified":"2022-01-17T21:33:30+00:00","mainEntityOfPage":{"@id":"https:\/\/jam-news.net\/az\/29622-2\/"},"wordCount":769,"commentCount":0,"publisher":{"@id":"https:\/\/jam-news.net\/az\/#organization"},"image":{"@id":"https:\/\/jam-news.net\/az\/29622-2\/#primaryimage"},"thumbnailUrl":"https:\/\/jam-news.net\/app\/uploads\/2020\/03\/Gevorg_Serzh-3.jpg","keywords":["Erm\u0259nistan","se\u00e7kil\u0259r"],"articleSection":["Armenia","Geography","News"],"inLanguage":"az"},{"@type":"WebPage","@id":"https:\/\/jam-news.net\/az\/29622-2\/","url":"https:\/\/jam-news.net\/az\/29622-2\/","name":"Erm\u0259nistan. Avropal\u0131 m\u00fc\u015fahid\u0259\u00e7il\u0259r bildiribl\u0259r ki, se\u00e7kil\u0259r \u201cyax\u015f\u0131 t\u0259\u015fkil olunub\u201d - JAMnews","isPartOf":{"@id":"https:\/\/jam-news.net\/az\/#website"},"primaryImageOfPage":{"@id":"https:\/\/jam-news.net\/az\/29622-2\/#primaryimage"},"image":{"@id":"https:\/\/jam-news.net\/az\/29622-2\/#primaryimage"},"thumbnailUrl":"https:\/\/jam-news.net\/app\/uploads\/2020\/03\/Gevorg_Serzh-3.jpg","datePublished":"2017-04-04T00:00:00+00:00","dateModified":"2022-01-17T21:33:30+00:00","breadcrumb":{"@id":"https:\/\/jam-news.net\/az\/29622-2\/#breadcrumb"},"inLanguage":"az","potentialAction":[{"@type":"ReadAction","target":["https:\/\/jam-news.net\/az\/29622-2\/"]}]},{"@type":"ImageObject","inLanguage":"az","@id":"https:\/\/jam-news.net\/az\/29622-2\/#primaryimage","url":"https:\/\/jam-news.net\/app\/uploads\/2020\/03\/Gevorg_Serzh-3.jpg","contentUrl":"https:\/\/jam-news.net\/app\/uploads\/2020\/03\/Gevorg_Serzh-3.jpg","width":879,"height":586},{"@type":"BreadcrumbList","@id":"https:\/\/jam-news.net\/az\/29622-2\/#breadcrumb","itemListElement":[{"@type":"ListItem","position":1,"name":"Home","item":"https:\/\/jam-news.net\/az\/"},{"@type":"ListItem","position":2,"name":"Erm\u0259nistan. Avropal\u0131 m\u00fc\u015fahid\u0259\u00e7il\u0259r bildiribl\u0259r ki, se\u00e7kil\u0259r \u201cyax\u015f\u0131 t\u0259\u015fkil olunub\u201d"}]},{"@type":"WebSite","@id":"https:\/\/jam-news.net\/az\/#website","url":"https:\/\/jam-news.net\/az\/","name":"Azerbaijani Jamnews","description":"Caucasus News, Politics and Society","publisher":{"@id":"https:\/\/jam-news.net\/az\/#organization"},"potentialAction":[{"@type":"SearchAction","target":{"@type":"EntryPoint","urlTemplate":"https:\/\/jam-news.net\/az\/?s={search_term_string}"},"query-input":{"@type":"PropertyValueSpecification","valueRequired":true,"valueName":"search_term_string"}}],"inLanguage":"az"},{"@type":"Organization","@id":"https:\/\/jam-news.net\/az\/#organization","name":"JAMnews","url":"https:\/\/jam-news.net\/az\/","logo":{"@type":"ImageObject","inLanguage":"az","@id":"https:\/\/jam-news.net\/az\/#\/schema\/logo\/image\/","url":"https:\/\/jam-news.net\/app\/uploads\/2020\/05\/JAM_w.jpg","contentUrl":"https:\/\/jam-news.net\/app\/uploads\/2020\/05\/JAM_w.jpg","width":960,"height":960,"caption":"JAMnews"},"image":{"@id":"https:\/\/jam-news.net\/az\/#\/schema\/logo\/image\/"},"sameAs":["https:\/\/www.facebook.com\/JAMnewsInEnglish\/","https:\/\/x.com\/JAMnewsCaucasus","https:\/\/www.instagram.com\/jam_news\/","https:\/\/www.youtube.com\/channel\/UCXQbUCme2pykuZYXWHx4VPg"]},{"@type":"Person","@id":"https:\/\/jam-news.net\/az\/#\/schema\/person\/e82f374df8fce3377c56e285e5c11387","name":"Naira Martikian","image":{"@type":"ImageObject","inLanguage":"az","@id":"https:\/\/jam-news.net\/az\/#\/schema\/person\/image\/","url":"https:\/\/secure.gravatar.com\/avatar\/0696bcd343e46256c029b752a654bade?s=96&d=mm&r=g","contentUrl":"https:\/\/secure.gravatar.com\/avatar\/0696bcd343e46256c029b752a654bade?s=96&d=mm&r=g","caption":"Naira Martikian"},"url":"https:\/\/jam-news.net\/az\/author\/nairama\/"}]}},"_links":{"self":[{"href":"https:\/\/jam-news.net\/az\/wp-json\/wp\/v2\/posts\/5213","targetHints":{"allow":["GET"]}}],"collection":[{"href":"https:\/\/jam-news.net\/az\/wp-json\/wp\/v2\/posts"}],"about":[{"href":"https:\/\/jam-news.net\/az\/wp-json\/wp\/v2\/types\/post"}],"author":[{"embeddable":true,"href":"https:\/\/jam-news.net\/az\/wp-json\/wp\/v2\/users\/8"}],"replies":[{"embeddable":true,"href":"https:\/\/jam-news.net\/az\/wp-json\/wp\/v2\/comments?post=5213"}],"version-history":[{"count":1,"href":"https:\/\/jam-news.net\/az\/wp-json\/wp\/v2\/posts\/5213\/revisions"}],"predecessor-version":[{"id":15716,"href":"https:\/\/jam-news.net\/az\/wp-json\/wp\/v2\/posts\/5213\/revisions\/15716"}],"wp:featuredmedia":[{"embeddable":true,"href":"https:\/\/jam-news.net\/az\/wp-json\/wp\/v2\/media\/19804"}],"wp:attachment":[{"href":"https:\/\/jam-news.net\/az\/wp-json\/wp\/v2\/media?parent=5213"}],"wp:term":[{"taxonomy":"category","embeddable":true,"href":"https:\/\/jam-news.net\/az\/wp-json\/wp\/v2\/categories?post=5213"},{"taxonomy":"post_tag","embeddable":true,"href":"https:\/\/jam-news.net\/az\/wp-json\/wp\/v2\/tags?post=5213"},{"taxonomy":"formation","embeddable":true,"href":"https:\/\/jam-news.net\/az\/wp-json\/wp\/v2\/formation?post=5213"},{"taxonomy":"post-author","embeddable":true,"href":"https:\/\/jam-news.net\/az\/wp-json\/wp\/v2\/post-author?post=5213"},{"taxonomy":"topic","embeddable":true,"href":"https:\/\/jam-news.net\/az\/wp-json\/wp\/v2\/topic?post=5213"},{"taxonomy":"tooltip","embeddable":true,"href":"https:\/\/jam-news.net\/az\/wp-json\/wp\/v2\/tooltip?post=5213"},{"taxonomy":"city","embeddable":true,"href":"https:\/\/jam-news.net\/az\/wp-json\/wp\/v2\/city?post=5213"}],"curies":[{"name":"wp","href":"https:\/\/api.w.org\/{rel}","templated":true}]}}