{"id":5181,"date":"2017-04-02T00:00:00","date_gmt":"2017-04-02T00:00:00","guid":{"rendered":"http:\/\/jam-news.net\/az\/bu-gun-erm%c9%99nistanda-parlament-seckil%c9%99ri-kecirilir\/"},"modified":"2022-01-18T01:33:32","modified_gmt":"2022-01-17T21:33:32","slug":"bu-gun-erm%c9%99nistanda-parlament-seckil%c9%99ri-kecirilir","status":"publish","type":"post","link":"https:\/\/jam-news.net\/az\/bu-gun-erm%c9%99nistanda-parlament-seckil%c9%99ri-kecirilir\/","title":{"rendered":"Bu g\u00fcn Erm\u0259nistanda parlament se\u00e7kil\u0259ri ke\u00e7irilir"},"content":{"rendered":"<p>Aprelin 2-d\u0259 s\u0259h\u0259r saat 8.00-da b\u00fct\u00fcn Erm\u0259nistan \u00fczr\u0259 2009 se\u00e7ki m\u0259nt\u0259q\u0259si a\u00e7\u0131l\u0131b. Onlar 20.00-da ba\u011flanacaq. Se\u00e7kil\u0259rd\u0259 Erm\u0259nistan\u0131n 2\u00a0564\u00a0195 v\u0259t\u0259nda\u015f\u0131 i\u015ftirak ed\u0259 bil\u0259r \u2013 se\u00e7ici siyah\u0131lar\u0131nda m\u0259hz bu q\u0259d\u0259r insan qeyd\u0259 al\u0131n\u0131b.<\/p>\n<p>S\u0259sverm\u0259 prosesini 28 mind\u0259n\u00a0 \u00e7ox yerli ictimai v\u0259 h\u00fcquq-m\u00fcdafi\u0259 t\u0259\u015fkilatlar\u0131ndan olan m\u00fc\u015fahid\u0259\u00e7i v\u0259 600-d\u0259n \u00e7ox xaricd\u0259n g\u0259l\u0259n beyn\u0259lxalq missiya \u00fczv\u00fc izl\u0259y\u0259c\u0259k.<\/p>\n<p><span lang=\"AZ-LATIN\">Erm<\/span><span lang=\"AZ-LATIN\">\u0259nistan\u0131n se\u00e7ki tarixind\u0259 ilk d\u0259f\u0259dir ki, Erm\u0259nistan\u0131n \u0130ctimai Radiosunda s\u0259h\u0259r 8-d\u0259n ax\u015fam 9-a q\u0259d\u0259r birba\u015fa efir t\u0259\u015fkil olunub. Se\u00e7ki m\u0259nt\u0259q\u0259l\u0259rind\u0259n m\u00fct\u0259madi canl\u0131 ba\u011flant\u0131lar, M\u0259rk\u0259zi Se\u00e7ki Komissiyas\u0131n\u0131n yenil\u0259n\u0259n m\u0259lumatlar\u0131, m\u00fc\u015fahid\u0259\u00e7il\u0259rin hesabatlar\u0131, ekspertl\u0259rin \u015f\u0259rhl\u0259ri olacaq. H\u0259m\u00e7inin dinl\u0259yicil\u0259rin studiyaya z\u0259ngl\u0259ri d\u0259 planla\u015fd\u0131r\u0131l\u0131b.<\/span><\/p>\n<p><span lang=\"AZ-LATIN\">Yerevanda \u0130ctimai Radionu FM 107.7 tezliyind\u0259, internetd\u0259 is\u0259<span style=\"color: #000080;\"><strong> <u><a style=\"color: #000080;\" href=\"http:\/\/www.armradio.am\/hy\/\" target=\"_blank\" data-saferedirecturl=\"https:\/\/www.google.com\/url?hl=en&amp;q=http:\/\/www.armradio.am\/hy\/&amp;source=gmail&amp;ust=1491205490514000&amp;usg=AFQjCNGHbq8_wBdA391dXk3I1aq5Rn3f6A\" rel=\"noopener noreferrer\">buradan<\/a><\/u><\/strong><\/span> dinl\u0259m\u0259k olar.<\/span><\/p>\n<p><span lang=\"AZ-LATIN\">Se\u00e7kil<\/span><span lang=\"AZ-LATIN\">\u0259rin gedi\u015fat\u0131n\u0131 b\u00fct\u00fcn se\u00e7ki m\u0259nt\u0259q\u0259l\u0259rind\u0259ki canl\u0131 ba\u011flant\u0131 say\u0259sind\u0259<span style=\"color: #000080;\"><strong> <u><a style=\"color: #000080;\" href=\"http:\/\/www.electionsonline.am\/\" target=\"_blank\" data-saferedirecturl=\"https:\/\/www.google.com\/url?hl=en&amp;q=http:\/\/www.electionsonline.am\/&amp;source=gmail&amp;ust=1491205490514000&amp;usg=AFQjCNFXSH8226iP_V8UT9zc-lpdjP5_Og\" rel=\"noopener noreferrer\">buradan<\/a><\/u><\/strong><\/span> izl\u0259m\u0259k m\u00fcmk\u00fcnd\u00fcr.<\/span><\/p>\n<p>Bu se\u00e7kil\u0259rd\u0259 se\u00e7icil\u0259r ilk d\u0259f\u0259 tam ba\u015fqa sisteml\u0259 s\u0259s ver\u0259c\u0259kl\u0259r. Ekspertl\u0259rin fikrinc\u0259, bu s\u0259sverm\u0259 <strong><span style=\"color: #000080;\"><a style=\"color: #000080;\" href=\"https:\/\/jam-news.net\/?p=23167&amp;lang=ru\" target=\"_blank\" rel=\"noopener noreferrer\">proseduras\u0131<\/a> n\u0259inki<\/span><\/strong> ayd\u0131n deyil v\u0259 qar\u0131\u015f\u0131qd\u0131r, h\u0259m d\u0259 h\u0259dsiz m\u00fcr\u0259kk\u0259bl\u0259\u015fdirilib.<\/p>\n<p>Se\u00e7kil\u0259rd\u0259 5 partiya v\u0259 4 blok i\u015ftirak edir, \u00fcmumilikd\u0259 1500 namiz\u0259d var, onlar\u0131n t\u0259qrib\u0259n \u00fc\u00e7d\u0259 biri qad\u0131nlard\u0131r. 2015-ci il 6 dekabr referendumunda Konstitusiyaya edil\u0259n d\u0259yi\u015fiklikl\u0259r\u0259 \u0259sas\u0259n <strong><span style=\"color: #000080;\"><a style=\"color: #000080;\" href=\"https:\/\/jam-news.net\/?p=26556&amp;lang=ru\" target=\"_blank\" rel=\"noopener noreferrer\"><u>Milli M\u0259clis<\/u><\/a> <\/span><\/strong>ilk d\u0259f\u0259 yaln\u0131zca proporsional sisteml\u0259 se\u00e7il\u0259c\u0259k.<\/p>\n<p>\u018fsas hakimiyy\u0259t s\u0259lahiyy\u0259tl\u0259ri yeni Milli M\u0259slis\u0259 veril\u0259c\u0259k, \u00e7\u00fcnki Erm\u0259nistan yar\u0131-prezident \u00fcsul-idar\u0259sind\u0259n parlament \u00fcsul-idar\u0259sin\u0259 ke\u00e7ir.<\/p>\n<p>G\u0259l\u0259c\u0259k parlament \u0259n az\u0131 101 deputatdan ibar\u0259t olacaq. Burada stabil \u00e7oxluq z\u0259man\u0259ti verilir, s\u0259sl\u0259rin 54 v\u0259 daha art\u0131q faizini toplam\u0131\u015f siyasi q\u00fcvv\u0259 \u00e7oxluq olacaq. \u018fg\u0259r se\u00e7kil\u0259rd\u0259 i\u015ftirak ed\u0259n he\u00e7 bir siyasi q\u00fcvv\u0259 laz\u0131m olan faizi toplaya bilm\u0259s\u0259, ikinci tur ba\u015f tutacaq.<\/p>\n<p>\u0130kinci turda birinci turdan ke\u00e7mi\u015f bloklarda birl\u0259\u015f\u0259n siyasi q\u00fcvv\u0259l\u0259r i\u015ftirak ed\u0259 bil\u0259c\u0259k: partiyalar \u00fc\u00e7\u00fcn ke\u00e7id baryeri 5 faiz, bloklar \u00fc\u00e7\u00fcns\u0259 7 faizdir. D\u00f6rd mandat \u0259n \u00e7oxsayl\u0131 milli azl\u0131qlara ayr\u0131lacaq. Bunlar yezidl\u0259r, ruslar, assuriyal\u0131lar v\u0259 k\u00fcrdl\u0259rdir.<\/p>\n<p>Yeni parlament 7 il m\u00fcdd\u0259tin\u0259 \u00f6lk\u0259 prezidentini se\u00e7\u0259c\u0259k, prezident is\u0259 bu se\u00e7kil\u0259rd\u0259 54 faiz s\u0259s toplam\u0131\u015f partiya v\u0259 blokun namiz\u0259di olan ba\u015f naziri t\u0259yin <strong><span style=\"color: #000080;\"><a style=\"color: #000080;\" href=\"https:\/\/jam-news.net\/?p=28102&amp;lang=ru\" target=\"_blank\" rel=\"noopener noreferrer\">ed\u0259c\u0259k<\/a>.<\/span><\/strong><\/p>\n","protected":false},"excerpt":{"rendered":"<p>\u0130lk d\u0259f\u0259dir ki, se\u00e7ki m\u0259nt\u0259q\u0259l\u0259rind\u0259n birba\u015fa yay\u0131m\u0131n say\u0259sind\u0259 s\u0259sverm\u0259 prosesini internetd\u0259n izl\u0259m\u0259k m\u00fcmk\u00fcn olacaq<\/p>\n","protected":false},"author":8,"featured_media":19791,"comment_status":"open","ping_status":"open","sticky":false,"template":"","format":"standard","meta":{"_acf_changed":false,"footnotes":""},"categories":[27,2,50],"tags":[33,29],"formation":[],"post-author":[2888],"topic":[],"tooltip":[],"city":[6054],"class_list":["post-5181","post","type-post","status-publish","format-standard","has-post-thumbnail","hentry","category-ermnistan","category-cografiya","category-xbrlr","tag-ermnistan","tag-seckilr","post-author-jamnews","city-yerevan"],"acf":[],"yoast_head":"<!-- This site is optimized with the Yoast SEO plugin v24.1 - https:\/\/yoast.com\/wordpress\/plugins\/seo\/ -->\n<title>Bu g\u00fcn Erm\u0259nistanda parlament se\u00e7kil\u0259ri ke\u00e7irilir - JAMnews<\/title>\n<meta name=\"robots\" content=\"index, follow, max-snippet:-1, max-image-preview:large, max-video-preview:-1\" \/>\n<link rel=\"canonical\" href=\"https:\/\/jam-news.net\/az\/bu-gun-erm\u0259nistanda-parlament-seckil\u0259ri-kecirilir\/\" \/>\n<meta property=\"og:locale\" content=\"az_AZ\" \/>\n<meta property=\"og:type\" content=\"article\" \/>\n<meta property=\"og:title\" content=\"Bu g\u00fcn Erm\u0259nistanda parlament se\u00e7kil\u0259ri ke\u00e7irilir - JAMnews\" \/>\n<meta property=\"og:description\" content=\"\u0130lk d\u0259f\u0259dir ki, se\u00e7ki m\u0259nt\u0259q\u0259l\u0259rind\u0259n birba\u015fa yay\u0131m\u0131n say\u0259sind\u0259 s\u0259sverm\u0259 prosesini internetd\u0259n izl\u0259m\u0259k m\u00fcmk\u00fcn olacaq\" \/>\n<meta property=\"og:url\" content=\"https:\/\/jam-news.net\/az\/bu-gun-erm\u0259nistanda-parlament-seckil\u0259ri-kecirilir\/\" \/>\n<meta property=\"og:site_name\" content=\"Azerbaijani Jamnews\" \/>\n<meta property=\"article:publisher\" content=\"https:\/\/www.facebook.com\/JAMnewsInEnglish\/\" \/>\n<meta property=\"article:published_time\" content=\"2017-04-02T00:00:00+00:00\" \/>\n<meta property=\"article:modified_time\" content=\"2022-01-17T21:33:32+00:00\" \/>\n<meta property=\"og:image\" content=\"https:\/\/jam-news.net\/app\/uploads\/2020\/03\/Gevorg_voting-3.jpg\" \/>\n\t<meta property=\"og:image:width\" content=\"919\" \/>\n\t<meta property=\"og:image:height\" content=\"613\" \/>\n\t<meta property=\"og:image:type\" content=\"image\/jpeg\" \/>\n<meta name=\"author\" content=\"Naira Martikian\" \/>\n<meta name=\"twitter:card\" content=\"summary_large_image\" \/>\n<meta name=\"twitter:creator\" content=\"@JAMnewsCaucasus\" \/>\n<meta name=\"twitter:site\" content=\"@JAMnewsCaucasus\" \/>\n<meta name=\"twitter:label1\" content=\"Written by\" \/>\n\t<meta name=\"twitter:data1\" content=\"Naira Martikian\" \/>\n\t<meta name=\"twitter:label2\" content=\"Est. reading time\" \/>\n\t<meta name=\"twitter:data2\" content=\"2 minutes\" \/>\n<script type=\"application\/ld+json\" class=\"yoast-schema-graph\">{\"@context\":\"https:\/\/schema.org\",\"@graph\":[{\"@type\":\"Article\",\"@id\":\"https:\/\/jam-news.net\/az\/bu-gun-erm%c9%99nistanda-parlament-seckil%c9%99ri-kecirilir\/#article\",\"isPartOf\":{\"@id\":\"https:\/\/jam-news.net\/az\/bu-gun-erm%c9%99nistanda-parlament-seckil%c9%99ri-kecirilir\/\"},\"author\":{\"name\":\"Naira Martikian\",\"@id\":\"https:\/\/jam-news.net\/az\/#\/schema\/person\/e82f374df8fce3377c56e285e5c11387\"},\"headline\":\"Bu g\u00fcn Erm\u0259nistanda parlament se\u00e7kil\u0259ri ke\u00e7irilir\",\"datePublished\":\"2017-04-02T00:00:00+00:00\",\"dateModified\":\"2022-01-17T21:33:32+00:00\",\"mainEntityOfPage\":{\"@id\":\"https:\/\/jam-news.net\/az\/bu-gun-erm%c9%99nistanda-parlament-seckil%c9%99ri-kecirilir\/\"},\"wordCount\":495,\"commentCount\":0,\"publisher\":{\"@id\":\"https:\/\/jam-news.net\/az\/#organization\"},\"image\":{\"@id\":\"https:\/\/jam-news.net\/az\/bu-gun-erm%c9%99nistanda-parlament-seckil%c9%99ri-kecirilir\/#primaryimage\"},\"thumbnailUrl\":\"https:\/\/jam-news.net\/app\/uploads\/2020\/03\/Gevorg_voting-3.jpg\",\"keywords\":[\"Erm\u0259nistan\",\"se\u00e7kil\u0259r\"],\"articleSection\":[\"Armenia\",\"Geography\",\"News\"],\"inLanguage\":\"az\"},{\"@type\":\"WebPage\",\"@id\":\"https:\/\/jam-news.net\/az\/bu-gun-erm%c9%99nistanda-parlament-seckil%c9%99ri-kecirilir\/\",\"url\":\"https:\/\/jam-news.net\/az\/bu-gun-erm%c9%99nistanda-parlament-seckil%c9%99ri-kecirilir\/\",\"name\":\"Bu g\u00fcn Erm\u0259nistanda parlament se\u00e7kil\u0259ri ke\u00e7irilir - JAMnews\",\"isPartOf\":{\"@id\":\"https:\/\/jam-news.net\/az\/#website\"},\"primaryImageOfPage\":{\"@id\":\"https:\/\/jam-news.net\/az\/bu-gun-erm%c9%99nistanda-parlament-seckil%c9%99ri-kecirilir\/#primaryimage\"},\"image\":{\"@id\":\"https:\/\/jam-news.net\/az\/bu-gun-erm%c9%99nistanda-parlament-seckil%c9%99ri-kecirilir\/#primaryimage\"},\"thumbnailUrl\":\"https:\/\/jam-news.net\/app\/uploads\/2020\/03\/Gevorg_voting-3.jpg\",\"datePublished\":\"2017-04-02T00:00:00+00:00\",\"dateModified\":\"2022-01-17T21:33:32+00:00\",\"breadcrumb\":{\"@id\":\"https:\/\/jam-news.net\/az\/bu-gun-erm%c9%99nistanda-parlament-seckil%c9%99ri-kecirilir\/#breadcrumb\"},\"inLanguage\":\"az\",\"potentialAction\":[{\"@type\":\"ReadAction\",\"target\":[\"https:\/\/jam-news.net\/az\/bu-gun-erm%c9%99nistanda-parlament-seckil%c9%99ri-kecirilir\/\"]}]},{\"@type\":\"ImageObject\",\"inLanguage\":\"az\",\"@id\":\"https:\/\/jam-news.net\/az\/bu-gun-erm%c9%99nistanda-parlament-seckil%c9%99ri-kecirilir\/#primaryimage\",\"url\":\"https:\/\/jam-news.net\/app\/uploads\/2020\/03\/Gevorg_voting-3.jpg\",\"contentUrl\":\"https:\/\/jam-news.net\/app\/uploads\/2020\/03\/Gevorg_voting-3.jpg\",\"width\":919,\"height\":613},{\"@type\":\"BreadcrumbList\",\"@id\":\"https:\/\/jam-news.net\/az\/bu-gun-erm%c9%99nistanda-parlament-seckil%c9%99ri-kecirilir\/#breadcrumb\",\"itemListElement\":[{\"@type\":\"ListItem\",\"position\":1,\"name\":\"Home\",\"item\":\"https:\/\/jam-news.net\/az\/\"},{\"@type\":\"ListItem\",\"position\":2,\"name\":\"Bu g\u00fcn Erm\u0259nistanda parlament se\u00e7kil\u0259ri ke\u00e7irilir\"}]},{\"@type\":\"WebSite\",\"@id\":\"https:\/\/jam-news.net\/az\/#website\",\"url\":\"https:\/\/jam-news.net\/az\/\",\"name\":\"Azerbaijani Jamnews\",\"description\":\"Caucasus News, Politics and Society\",\"publisher\":{\"@id\":\"https:\/\/jam-news.net\/az\/#organization\"},\"potentialAction\":[{\"@type\":\"SearchAction\",\"target\":{\"@type\":\"EntryPoint\",\"urlTemplate\":\"https:\/\/jam-news.net\/az\/?s={search_term_string}\"},\"query-input\":{\"@type\":\"PropertyValueSpecification\",\"valueRequired\":true,\"valueName\":\"search_term_string\"}}],\"inLanguage\":\"az\"},{\"@type\":\"Organization\",\"@id\":\"https:\/\/jam-news.net\/az\/#organization\",\"name\":\"JAMnews\",\"url\":\"https:\/\/jam-news.net\/az\/\",\"logo\":{\"@type\":\"ImageObject\",\"inLanguage\":\"az\",\"@id\":\"https:\/\/jam-news.net\/az\/#\/schema\/logo\/image\/\",\"url\":\"https:\/\/jam-news.net\/app\/uploads\/2020\/05\/JAM_w.jpg\",\"contentUrl\":\"https:\/\/jam-news.net\/app\/uploads\/2020\/05\/JAM_w.jpg\",\"width\":960,\"height\":960,\"caption\":\"JAMnews\"},\"image\":{\"@id\":\"https:\/\/jam-news.net\/az\/#\/schema\/logo\/image\/\"},\"sameAs\":[\"https:\/\/www.facebook.com\/JAMnewsInEnglish\/\",\"https:\/\/x.com\/JAMnewsCaucasus\",\"https:\/\/www.instagram.com\/jam_news\/\",\"https:\/\/www.youtube.com\/channel\/UCXQbUCme2pykuZYXWHx4VPg\"]},{\"@type\":\"Person\",\"@id\":\"https:\/\/jam-news.net\/az\/#\/schema\/person\/e82f374df8fce3377c56e285e5c11387\",\"name\":\"Naira Martikian\",\"image\":{\"@type\":\"ImageObject\",\"inLanguage\":\"az\",\"@id\":\"https:\/\/jam-news.net\/az\/#\/schema\/person\/image\/\",\"url\":\"https:\/\/secure.gravatar.com\/avatar\/0696bcd343e46256c029b752a654bade?s=96&d=mm&r=g\",\"contentUrl\":\"https:\/\/secure.gravatar.com\/avatar\/0696bcd343e46256c029b752a654bade?s=96&d=mm&r=g\",\"caption\":\"Naira Martikian\"},\"url\":\"https:\/\/jam-news.net\/az\/author\/nairama\/\"}]}<\/script>\n<!-- \/ Yoast SEO plugin. -->","yoast_head_json":{"title":"Bu g\u00fcn Erm\u0259nistanda parlament se\u00e7kil\u0259ri ke\u00e7irilir - JAMnews","robots":{"index":"index","follow":"follow","max-snippet":"max-snippet:-1","max-image-preview":"max-image-preview:large","max-video-preview":"max-video-preview:-1"},"canonical":"https:\/\/jam-news.net\/az\/bu-gun-erm\u0259nistanda-parlament-seckil\u0259ri-kecirilir\/","og_locale":"az_AZ","og_type":"article","og_title":"Bu g\u00fcn Erm\u0259nistanda parlament se\u00e7kil\u0259ri ke\u00e7irilir - JAMnews","og_description":"\u0130lk d\u0259f\u0259dir ki, se\u00e7ki m\u0259nt\u0259q\u0259l\u0259rind\u0259n birba\u015fa yay\u0131m\u0131n say\u0259sind\u0259 s\u0259sverm\u0259 prosesini internetd\u0259n izl\u0259m\u0259k m\u00fcmk\u00fcn olacaq","og_url":"https:\/\/jam-news.net\/az\/bu-gun-erm\u0259nistanda-parlament-seckil\u0259ri-kecirilir\/","og_site_name":"Azerbaijani Jamnews","article_publisher":"https:\/\/www.facebook.com\/JAMnewsInEnglish\/","article_published_time":"2017-04-02T00:00:00+00:00","article_modified_time":"2022-01-17T21:33:32+00:00","og_image":[{"width":919,"height":613,"url":"https:\/\/jam-news.net\/app\/uploads\/2020\/03\/Gevorg_voting-3.jpg","type":"image\/jpeg"}],"author":"Naira Martikian","twitter_card":"summary_large_image","twitter_creator":"@JAMnewsCaucasus","twitter_site":"@JAMnewsCaucasus","twitter_misc":{"Written by":"Naira Martikian","Est. reading time":"2 minutes"},"schema":{"@context":"https:\/\/schema.org","@graph":[{"@type":"Article","@id":"https:\/\/jam-news.net\/az\/bu-gun-erm%c9%99nistanda-parlament-seckil%c9%99ri-kecirilir\/#article","isPartOf":{"@id":"https:\/\/jam-news.net\/az\/bu-gun-erm%c9%99nistanda-parlament-seckil%c9%99ri-kecirilir\/"},"author":{"name":"Naira Martikian","@id":"https:\/\/jam-news.net\/az\/#\/schema\/person\/e82f374df8fce3377c56e285e5c11387"},"headline":"Bu g\u00fcn Erm\u0259nistanda parlament se\u00e7kil\u0259ri ke\u00e7irilir","datePublished":"2017-04-02T00:00:00+00:00","dateModified":"2022-01-17T21:33:32+00:00","mainEntityOfPage":{"@id":"https:\/\/jam-news.net\/az\/bu-gun-erm%c9%99nistanda-parlament-seckil%c9%99ri-kecirilir\/"},"wordCount":495,"commentCount":0,"publisher":{"@id":"https:\/\/jam-news.net\/az\/#organization"},"image":{"@id":"https:\/\/jam-news.net\/az\/bu-gun-erm%c9%99nistanda-parlament-seckil%c9%99ri-kecirilir\/#primaryimage"},"thumbnailUrl":"https:\/\/jam-news.net\/app\/uploads\/2020\/03\/Gevorg_voting-3.jpg","keywords":["Erm\u0259nistan","se\u00e7kil\u0259r"],"articleSection":["Armenia","Geography","News"],"inLanguage":"az"},{"@type":"WebPage","@id":"https:\/\/jam-news.net\/az\/bu-gun-erm%c9%99nistanda-parlament-seckil%c9%99ri-kecirilir\/","url":"https:\/\/jam-news.net\/az\/bu-gun-erm%c9%99nistanda-parlament-seckil%c9%99ri-kecirilir\/","name":"Bu g\u00fcn Erm\u0259nistanda parlament se\u00e7kil\u0259ri ke\u00e7irilir - JAMnews","isPartOf":{"@id":"https:\/\/jam-news.net\/az\/#website"},"primaryImageOfPage":{"@id":"https:\/\/jam-news.net\/az\/bu-gun-erm%c9%99nistanda-parlament-seckil%c9%99ri-kecirilir\/#primaryimage"},"image":{"@id":"https:\/\/jam-news.net\/az\/bu-gun-erm%c9%99nistanda-parlament-seckil%c9%99ri-kecirilir\/#primaryimage"},"thumbnailUrl":"https:\/\/jam-news.net\/app\/uploads\/2020\/03\/Gevorg_voting-3.jpg","datePublished":"2017-04-02T00:00:00+00:00","dateModified":"2022-01-17T21:33:32+00:00","breadcrumb":{"@id":"https:\/\/jam-news.net\/az\/bu-gun-erm%c9%99nistanda-parlament-seckil%c9%99ri-kecirilir\/#breadcrumb"},"inLanguage":"az","potentialAction":[{"@type":"ReadAction","target":["https:\/\/jam-news.net\/az\/bu-gun-erm%c9%99nistanda-parlament-seckil%c9%99ri-kecirilir\/"]}]},{"@type":"ImageObject","inLanguage":"az","@id":"https:\/\/jam-news.net\/az\/bu-gun-erm%c9%99nistanda-parlament-seckil%c9%99ri-kecirilir\/#primaryimage","url":"https:\/\/jam-news.net\/app\/uploads\/2020\/03\/Gevorg_voting-3.jpg","contentUrl":"https:\/\/jam-news.net\/app\/uploads\/2020\/03\/Gevorg_voting-3.jpg","width":919,"height":613},{"@type":"BreadcrumbList","@id":"https:\/\/jam-news.net\/az\/bu-gun-erm%c9%99nistanda-parlament-seckil%c9%99ri-kecirilir\/#breadcrumb","itemListElement":[{"@type":"ListItem","position":1,"name":"Home","item":"https:\/\/jam-news.net\/az\/"},{"@type":"ListItem","position":2,"name":"Bu g\u00fcn Erm\u0259nistanda parlament se\u00e7kil\u0259ri ke\u00e7irilir"}]},{"@type":"WebSite","@id":"https:\/\/jam-news.net\/az\/#website","url":"https:\/\/jam-news.net\/az\/","name":"Azerbaijani Jamnews","description":"Caucasus News, Politics and Society","publisher":{"@id":"https:\/\/jam-news.net\/az\/#organization"},"potentialAction":[{"@type":"SearchAction","target":{"@type":"EntryPoint","urlTemplate":"https:\/\/jam-news.net\/az\/?s={search_term_string}"},"query-input":{"@type":"PropertyValueSpecification","valueRequired":true,"valueName":"search_term_string"}}],"inLanguage":"az"},{"@type":"Organization","@id":"https:\/\/jam-news.net\/az\/#organization","name":"JAMnews","url":"https:\/\/jam-news.net\/az\/","logo":{"@type":"ImageObject","inLanguage":"az","@id":"https:\/\/jam-news.net\/az\/#\/schema\/logo\/image\/","url":"https:\/\/jam-news.net\/app\/uploads\/2020\/05\/JAM_w.jpg","contentUrl":"https:\/\/jam-news.net\/app\/uploads\/2020\/05\/JAM_w.jpg","width":960,"height":960,"caption":"JAMnews"},"image":{"@id":"https:\/\/jam-news.net\/az\/#\/schema\/logo\/image\/"},"sameAs":["https:\/\/www.facebook.com\/JAMnewsInEnglish\/","https:\/\/x.com\/JAMnewsCaucasus","https:\/\/www.instagram.com\/jam_news\/","https:\/\/www.youtube.com\/channel\/UCXQbUCme2pykuZYXWHx4VPg"]},{"@type":"Person","@id":"https:\/\/jam-news.net\/az\/#\/schema\/person\/e82f374df8fce3377c56e285e5c11387","name":"Naira Martikian","image":{"@type":"ImageObject","inLanguage":"az","@id":"https:\/\/jam-news.net\/az\/#\/schema\/person\/image\/","url":"https:\/\/secure.gravatar.com\/avatar\/0696bcd343e46256c029b752a654bade?s=96&d=mm&r=g","contentUrl":"https:\/\/secure.gravatar.com\/avatar\/0696bcd343e46256c029b752a654bade?s=96&d=mm&r=g","caption":"Naira Martikian"},"url":"https:\/\/jam-news.net\/az\/author\/nairama\/"}]}},"_links":{"self":[{"href":"https:\/\/jam-news.net\/az\/wp-json\/wp\/v2\/posts\/5181","targetHints":{"allow":["GET"]}}],"collection":[{"href":"https:\/\/jam-news.net\/az\/wp-json\/wp\/v2\/posts"}],"about":[{"href":"https:\/\/jam-news.net\/az\/wp-json\/wp\/v2\/types\/post"}],"author":[{"embeddable":true,"href":"https:\/\/jam-news.net\/az\/wp-json\/wp\/v2\/users\/8"}],"replies":[{"embeddable":true,"href":"https:\/\/jam-news.net\/az\/wp-json\/wp\/v2\/comments?post=5181"}],"version-history":[{"count":1,"href":"https:\/\/jam-news.net\/az\/wp-json\/wp\/v2\/posts\/5181\/revisions"}],"predecessor-version":[{"id":15724,"href":"https:\/\/jam-news.net\/az\/wp-json\/wp\/v2\/posts\/5181\/revisions\/15724"}],"wp:featuredmedia":[{"embeddable":true,"href":"https:\/\/jam-news.net\/az\/wp-json\/wp\/v2\/media\/19791"}],"wp:attachment":[{"href":"https:\/\/jam-news.net\/az\/wp-json\/wp\/v2\/media?parent=5181"}],"wp:term":[{"taxonomy":"category","embeddable":true,"href":"https:\/\/jam-news.net\/az\/wp-json\/wp\/v2\/categories?post=5181"},{"taxonomy":"post_tag","embeddable":true,"href":"https:\/\/jam-news.net\/az\/wp-json\/wp\/v2\/tags?post=5181"},{"taxonomy":"formation","embeddable":true,"href":"https:\/\/jam-news.net\/az\/wp-json\/wp\/v2\/formation?post=5181"},{"taxonomy":"post-author","embeddable":true,"href":"https:\/\/jam-news.net\/az\/wp-json\/wp\/v2\/post-author?post=5181"},{"taxonomy":"topic","embeddable":true,"href":"https:\/\/jam-news.net\/az\/wp-json\/wp\/v2\/topic?post=5181"},{"taxonomy":"tooltip","embeddable":true,"href":"https:\/\/jam-news.net\/az\/wp-json\/wp\/v2\/tooltip?post=5181"},{"taxonomy":"city","embeddable":true,"href":"https:\/\/jam-news.net\/az\/wp-json\/wp\/v2\/city?post=5181"}],"curies":[{"name":"wp","href":"https:\/\/api.w.org\/{rel}","templated":true}]}}