{"id":5106,"date":"2017-03-23T00:00:00","date_gmt":"2017-03-23T00:00:00","guid":{"rendered":"http:\/\/jam-news.net\/az\/londonda-terror-aktini-britaniya-v%c9%99t%c9%99ndasi-tor%c9%99dib\/"},"modified":"2020-03-18T11:08:55","modified_gmt":"2020-03-18T11:08:55","slug":"londonda-terror-aktini-britaniya-v%c9%99t%c9%99ndasi-tor%c9%99dib","status":"publish","type":"post","link":"https:\/\/jam-news.net\/az\/londonda-terror-aktini-britaniya-v%c9%99t%c9%99ndasi-tor%c9%99dib\/","title":{"rendered":"Londonda terror akt\u0131n\u0131 Britaniya v\u0259t\u0259nda\u015f\u0131 t\u00f6r\u0259dib"},"content":{"rendered":"<p>Bir g\u00fcn \u00f6nc\u0259 Londonda h\u00fccum h\u0259yata ke\u00e7ir\u0259n terror\u00e7u Britaniya v\u0259t\u0259nda\u015f\u0131 Xalid M\u0259sud olub. O t\u0259kba\u015f\u0131na h\u0259r\u0259k\u0259t edib. Polisin \u0259lind\u0259 yeni haz\u0131rlanan aktlar haqda m\u0259lumat yoxdur. Bu haqda parlamentd\u0259 \u00e7\u0131x\u0131\u015f ed\u0259n Tereza Mey bildirib. Onun s\u00f6zl\u0259rin\u0259 g\u00f6r\u0259, terror\u00e7u radikal islam\u00e7\u0131 olub. Bir ne\u00e7\u0259 il \u0259vv\u0259l Britaniyan\u0131n M\u0130-5 \u0259ks-k\u0259\u015ffiyyat idar\u0259si onunla maraqlan\u0131b, amma onu \u201cperiferiya fiquru\u201d hesab edib.<\/p>\n<p>Xalid M\u0259sud 1993-c\u00fc ild\u0259 \u0130slam\u0131 q\u0259bul edib.<\/p>\n<p>Mart\u0131n 22-d\u0259 Londonda ba\u015f ver\u0259n terror akt\u0131 n\u0259tic\u0259sind\u0259 11 \u00f6lk\u0259nin v\u0259t\u0259nda\u015f\u0131 v\u0259 12 n\u0259f\u0259r britaniyal\u0131 yaralan\u0131b. \u00dcmumilikd\u0259 yaral\u0131lar\u0131n say\u0131 40 n\u0259f\u0259rdir. \u00dc\u00e7 n\u0259f\u0259r h\u0259lak olub. Terror\u00e7unun \u00f6z\u00fc g\u00fcll\u0259l\u0259nib.<\/p>\n<p>Bu hadis\u0259 son 12 ild\u0259 B\u00f6y\u00fck Britaniya \u0259razisind\u0259 ba\u015f ver\u0259n \u0259n iri miqyasl\u0131 terror akt\u0131d\u0131r.<\/p>\n<p>\u018fvv\u0259lc\u0259 cani ma\u015f\u0131nla Vestminster k\u00f6rp\u00fcs\u00fcnd\u0259ki piyadalar\u0131 vurub, daha sonra parlament\u0259 soxulmaq \u00fc\u00e7\u00fcn polis\u0259 h\u00fccum edib.<\/p>\n<p>Hadis\u0259 il\u0259 ba\u011fl\u0131 m\u0259suliyy\u0259ti \u0130slam D\u00f6vl\u0259ti qrupla\u015fmas\u0131 \u00f6z \u00fcz\u0259rin\u0259 g\u00f6t\u00fcr\u00fcb, amma \u0259laq\u0259dar olduqlar\u0131n\u0131 t\u0259sdiql\u0259y\u0259n s\u00fcbut t\u0259qdim etm\u0259yib.<\/p>\n<p>Bu g\u00fcn Londonda, Berminqemd\u0259 v\u0259 \u0130ngilt\u0259r\u0259nin ba\u015fqa ya\u015fay\u0131\u015f m\u0259nt\u0259q\u0259l\u0259rind\u0259 polis \u0259m\u0259liyyat\u0131 n\u0259tic\u0259sind\u0259 terror\u00e7u il\u0259 \u0259laq\u0259d\u0259 \u015f\u00fcbh\u0259li bilin\u0259n 8 n\u0259f\u0259ri h\u0259bs edib.<\/p>\n","protected":false},"excerpt":{"rendered":"<p>\u0130ngilt\u0259r\u0259 paytaxt\u0131n\u0131n m\u0259rk\u0259zind\u0259 h\u00fccum h\u0259yata ke\u00e7ir\u0259n t\u0259kba\u015f\u0131na-terror\u00e7unun \u015f\u0259xsiyy\u0259ti m\u00fc\u0259yy\u0259nl\u0259\u015fib<\/p>\n","protected":false},"author":5,"featured_media":19757,"comment_status":"open","ping_status":"open","sticky":false,"template":"","format":"standard","meta":{"_acf_changed":false,"footnotes":""},"categories":[8,2],"tags":[],"formation":[],"post-author":[],"topic":[],"tooltip":[],"city":[],"class_list":["post-5106","post","type-post","status-publish","format-standard","has-post-thumbnail","hentry","category-dunyada-bas-vernlr","category-cografiya"],"acf":[],"yoast_head":"<!-- This site is optimized with the Yoast SEO plugin v24.1 - https:\/\/yoast.com\/wordpress\/plugins\/seo\/ -->\n<title>Londonda terror akt\u0131n\u0131 Britaniya v\u0259t\u0259nda\u015f\u0131 t\u00f6r\u0259dib - JAMnews<\/title>\n<meta name=\"robots\" content=\"index, follow, max-snippet:-1, max-image-preview:large, max-video-preview:-1\" \/>\n<link rel=\"canonical\" href=\"https:\/\/jam-news.net\/az\/londonda-terror-aktini-britaniya-v\u0259t\u0259ndasi-tor\u0259dib\/\" \/>\n<meta property=\"og:locale\" content=\"az_AZ\" \/>\n<meta property=\"og:type\" content=\"article\" \/>\n<meta property=\"og:title\" content=\"Londonda terror akt\u0131n\u0131 Britaniya v\u0259t\u0259nda\u015f\u0131 t\u00f6r\u0259dib - JAMnews\" \/>\n<meta property=\"og:description\" content=\"\u0130ngilt\u0259r\u0259 paytaxt\u0131n\u0131n m\u0259rk\u0259zind\u0259 h\u00fccum h\u0259yata ke\u00e7ir\u0259n t\u0259kba\u015f\u0131na-terror\u00e7unun \u015f\u0259xsiyy\u0259ti m\u00fc\u0259yy\u0259nl\u0259\u015fib\" \/>\n<meta property=\"og:url\" content=\"https:\/\/jam-news.net\/az\/londonda-terror-aktini-britaniya-v\u0259t\u0259ndasi-tor\u0259dib\/\" \/>\n<meta property=\"og:site_name\" content=\"Azerbaijani Jamnews\" \/>\n<meta property=\"article:publisher\" content=\"https:\/\/www.facebook.com\/JAMnewsInEnglish\/\" \/>\n<meta property=\"article:published_time\" content=\"2017-03-23T00:00:00+00:00\" \/>\n<meta property=\"article:modified_time\" content=\"2020-03-18T11:08:55+00:00\" \/>\n<meta property=\"og:image\" content=\"https:\/\/jam-news.net\/app\/uploads\/2020\/03\/1490602461-4.jpg\" \/>\n\t<meta property=\"og:image:width\" content=\"640\" \/>\n\t<meta property=\"og:image:height\" content=\"363\" \/>\n\t<meta property=\"og:image:type\" content=\"image\/jpeg\" \/>\n<meta name=\"author\" content=\"Dimitri Avaliani | Tbilisi\" \/>\n<meta name=\"twitter:card\" content=\"summary_large_image\" \/>\n<meta name=\"twitter:creator\" content=\"@JAMnewsCaucasus\" \/>\n<meta name=\"twitter:site\" content=\"@JAMnewsCaucasus\" \/>\n<meta name=\"twitter:label1\" content=\"Written by\" \/>\n\t<meta name=\"twitter:data1\" content=\"Dimitri Avaliani | Tbilisi\" \/>\n\t<meta name=\"twitter:label2\" content=\"Est. reading time\" \/>\n\t<meta name=\"twitter:data2\" content=\"1 minute\" \/>\n<script type=\"application\/ld+json\" class=\"yoast-schema-graph\">{\"@context\":\"https:\/\/schema.org\",\"@graph\":[{\"@type\":\"Article\",\"@id\":\"https:\/\/jam-news.net\/az\/londonda-terror-aktini-britaniya-v%c9%99t%c9%99ndasi-tor%c9%99dib\/#article\",\"isPartOf\":{\"@id\":\"https:\/\/jam-news.net\/az\/londonda-terror-aktini-britaniya-v%c9%99t%c9%99ndasi-tor%c9%99dib\/\"},\"author\":{\"name\":\"Dimitri Avaliani | Tbilisi\",\"@id\":\"https:\/\/jam-news.net\/az\/#\/schema\/person\/66fc1a02aa95952cbcc920064af74ae9\"},\"headline\":\"Londonda terror akt\u0131n\u0131 Britaniya v\u0259t\u0259nda\u015f\u0131 t\u00f6r\u0259dib\",\"datePublished\":\"2017-03-23T00:00:00+00:00\",\"dateModified\":\"2020-03-18T11:08:55+00:00\",\"mainEntityOfPage\":{\"@id\":\"https:\/\/jam-news.net\/az\/londonda-terror-aktini-britaniya-v%c9%99t%c9%99ndasi-tor%c9%99dib\/\"},\"wordCount\":263,\"commentCount\":0,\"publisher\":{\"@id\":\"https:\/\/jam-news.net\/az\/#organization\"},\"image\":{\"@id\":\"https:\/\/jam-news.net\/az\/londonda-terror-aktini-britaniya-v%c9%99t%c9%99ndasi-tor%c9%99dib\/#primaryimage\"},\"thumbnailUrl\":\"https:\/\/jam-news.net\/app\/uploads\/2020\/03\/1490602461-4.jpg\",\"articleSection\":[\"From far and near\",\"Geography\"],\"inLanguage\":\"az\"},{\"@type\":\"WebPage\",\"@id\":\"https:\/\/jam-news.net\/az\/londonda-terror-aktini-britaniya-v%c9%99t%c9%99ndasi-tor%c9%99dib\/\",\"url\":\"https:\/\/jam-news.net\/az\/londonda-terror-aktini-britaniya-v%c9%99t%c9%99ndasi-tor%c9%99dib\/\",\"name\":\"Londonda terror akt\u0131n\u0131 Britaniya v\u0259t\u0259nda\u015f\u0131 t\u00f6r\u0259dib - JAMnews\",\"isPartOf\":{\"@id\":\"https:\/\/jam-news.net\/az\/#website\"},\"primaryImageOfPage\":{\"@id\":\"https:\/\/jam-news.net\/az\/londonda-terror-aktini-britaniya-v%c9%99t%c9%99ndasi-tor%c9%99dib\/#primaryimage\"},\"image\":{\"@id\":\"https:\/\/jam-news.net\/az\/londonda-terror-aktini-britaniya-v%c9%99t%c9%99ndasi-tor%c9%99dib\/#primaryimage\"},\"thumbnailUrl\":\"https:\/\/jam-news.net\/app\/uploads\/2020\/03\/1490602461-4.jpg\",\"datePublished\":\"2017-03-23T00:00:00+00:00\",\"dateModified\":\"2020-03-18T11:08:55+00:00\",\"breadcrumb\":{\"@id\":\"https:\/\/jam-news.net\/az\/londonda-terror-aktini-britaniya-v%c9%99t%c9%99ndasi-tor%c9%99dib\/#breadcrumb\"},\"inLanguage\":\"az\",\"potentialAction\":[{\"@type\":\"ReadAction\",\"target\":[\"https:\/\/jam-news.net\/az\/londonda-terror-aktini-britaniya-v%c9%99t%c9%99ndasi-tor%c9%99dib\/\"]}]},{\"@type\":\"ImageObject\",\"inLanguage\":\"az\",\"@id\":\"https:\/\/jam-news.net\/az\/londonda-terror-aktini-britaniya-v%c9%99t%c9%99ndasi-tor%c9%99dib\/#primaryimage\",\"url\":\"https:\/\/jam-news.net\/app\/uploads\/2020\/03\/1490602461-4.jpg\",\"contentUrl\":\"https:\/\/jam-news.net\/app\/uploads\/2020\/03\/1490602461-4.jpg\",\"width\":640,\"height\":363},{\"@type\":\"BreadcrumbList\",\"@id\":\"https:\/\/jam-news.net\/az\/londonda-terror-aktini-britaniya-v%c9%99t%c9%99ndasi-tor%c9%99dib\/#breadcrumb\",\"itemListElement\":[{\"@type\":\"ListItem\",\"position\":1,\"name\":\"Home\",\"item\":\"https:\/\/jam-news.net\/az\/\"},{\"@type\":\"ListItem\",\"position\":2,\"name\":\"Londonda terror akt\u0131n\u0131 Britaniya v\u0259t\u0259nda\u015f\u0131 t\u00f6r\u0259dib\"}]},{\"@type\":\"WebSite\",\"@id\":\"https:\/\/jam-news.net\/az\/#website\",\"url\":\"https:\/\/jam-news.net\/az\/\",\"name\":\"Azerbaijani Jamnews\",\"description\":\"Caucasus News, Politics and Society\",\"publisher\":{\"@id\":\"https:\/\/jam-news.net\/az\/#organization\"},\"potentialAction\":[{\"@type\":\"SearchAction\",\"target\":{\"@type\":\"EntryPoint\",\"urlTemplate\":\"https:\/\/jam-news.net\/az\/?s={search_term_string}\"},\"query-input\":{\"@type\":\"PropertyValueSpecification\",\"valueRequired\":true,\"valueName\":\"search_term_string\"}}],\"inLanguage\":\"az\"},{\"@type\":\"Organization\",\"@id\":\"https:\/\/jam-news.net\/az\/#organization\",\"name\":\"JAMnews\",\"url\":\"https:\/\/jam-news.net\/az\/\",\"logo\":{\"@type\":\"ImageObject\",\"inLanguage\":\"az\",\"@id\":\"https:\/\/jam-news.net\/az\/#\/schema\/logo\/image\/\",\"url\":\"https:\/\/jam-news.net\/app\/uploads\/2020\/05\/JAM_w.jpg\",\"contentUrl\":\"https:\/\/jam-news.net\/app\/uploads\/2020\/05\/JAM_w.jpg\",\"width\":960,\"height\":960,\"caption\":\"JAMnews\"},\"image\":{\"@id\":\"https:\/\/jam-news.net\/az\/#\/schema\/logo\/image\/\"},\"sameAs\":[\"https:\/\/www.facebook.com\/JAMnewsInEnglish\/\",\"https:\/\/x.com\/JAMnewsCaucasus\",\"https:\/\/www.instagram.com\/jam_news\/\",\"https:\/\/www.youtube.com\/channel\/UCXQbUCme2pykuZYXWHx4VPg\"]},{\"@type\":\"Person\",\"@id\":\"https:\/\/jam-news.net\/az\/#\/schema\/person\/66fc1a02aa95952cbcc920064af74ae9\",\"name\":\"Dimitri Avaliani | Tbilisi\",\"image\":{\"@type\":\"ImageObject\",\"inLanguage\":\"az\",\"@id\":\"https:\/\/jam-news.net\/az\/#\/schema\/person\/image\/\",\"url\":\"https:\/\/secure.gravatar.com\/avatar\/f0cbcd87d83c22441b428238967d980a?s=96&d=mm&r=g\",\"contentUrl\":\"https:\/\/secure.gravatar.com\/avatar\/f0cbcd87d83c22441b428238967d980a?s=96&d=mm&r=g\",\"caption\":\"Dimitri Avaliani | Tbilisi\"},\"url\":\"https:\/\/jam-news.net\/az\/author\/dimaav\/\"}]}<\/script>\n<!-- \/ Yoast SEO plugin. -->","yoast_head_json":{"title":"Londonda terror akt\u0131n\u0131 Britaniya v\u0259t\u0259nda\u015f\u0131 t\u00f6r\u0259dib - JAMnews","robots":{"index":"index","follow":"follow","max-snippet":"max-snippet:-1","max-image-preview":"max-image-preview:large","max-video-preview":"max-video-preview:-1"},"canonical":"https:\/\/jam-news.net\/az\/londonda-terror-aktini-britaniya-v\u0259t\u0259ndasi-tor\u0259dib\/","og_locale":"az_AZ","og_type":"article","og_title":"Londonda terror akt\u0131n\u0131 Britaniya v\u0259t\u0259nda\u015f\u0131 t\u00f6r\u0259dib - JAMnews","og_description":"\u0130ngilt\u0259r\u0259 paytaxt\u0131n\u0131n m\u0259rk\u0259zind\u0259 h\u00fccum h\u0259yata ke\u00e7ir\u0259n t\u0259kba\u015f\u0131na-terror\u00e7unun \u015f\u0259xsiyy\u0259ti m\u00fc\u0259yy\u0259nl\u0259\u015fib","og_url":"https:\/\/jam-news.net\/az\/londonda-terror-aktini-britaniya-v\u0259t\u0259ndasi-tor\u0259dib\/","og_site_name":"Azerbaijani Jamnews","article_publisher":"https:\/\/www.facebook.com\/JAMnewsInEnglish\/","article_published_time":"2017-03-23T00:00:00+00:00","article_modified_time":"2020-03-18T11:08:55+00:00","og_image":[{"width":640,"height":363,"url":"https:\/\/jam-news.net\/app\/uploads\/2020\/03\/1490602461-4.jpg","type":"image\/jpeg"}],"author":"Dimitri Avaliani | Tbilisi","twitter_card":"summary_large_image","twitter_creator":"@JAMnewsCaucasus","twitter_site":"@JAMnewsCaucasus","twitter_misc":{"Written by":"Dimitri Avaliani | Tbilisi","Est. reading time":"1 minute"},"schema":{"@context":"https:\/\/schema.org","@graph":[{"@type":"Article","@id":"https:\/\/jam-news.net\/az\/londonda-terror-aktini-britaniya-v%c9%99t%c9%99ndasi-tor%c9%99dib\/#article","isPartOf":{"@id":"https:\/\/jam-news.net\/az\/londonda-terror-aktini-britaniya-v%c9%99t%c9%99ndasi-tor%c9%99dib\/"},"author":{"name":"Dimitri Avaliani | Tbilisi","@id":"https:\/\/jam-news.net\/az\/#\/schema\/person\/66fc1a02aa95952cbcc920064af74ae9"},"headline":"Londonda terror akt\u0131n\u0131 Britaniya v\u0259t\u0259nda\u015f\u0131 t\u00f6r\u0259dib","datePublished":"2017-03-23T00:00:00+00:00","dateModified":"2020-03-18T11:08:55+00:00","mainEntityOfPage":{"@id":"https:\/\/jam-news.net\/az\/londonda-terror-aktini-britaniya-v%c9%99t%c9%99ndasi-tor%c9%99dib\/"},"wordCount":263,"commentCount":0,"publisher":{"@id":"https:\/\/jam-news.net\/az\/#organization"},"image":{"@id":"https:\/\/jam-news.net\/az\/londonda-terror-aktini-britaniya-v%c9%99t%c9%99ndasi-tor%c9%99dib\/#primaryimage"},"thumbnailUrl":"https:\/\/jam-news.net\/app\/uploads\/2020\/03\/1490602461-4.jpg","articleSection":["From far and near","Geography"],"inLanguage":"az"},{"@type":"WebPage","@id":"https:\/\/jam-news.net\/az\/londonda-terror-aktini-britaniya-v%c9%99t%c9%99ndasi-tor%c9%99dib\/","url":"https:\/\/jam-news.net\/az\/londonda-terror-aktini-britaniya-v%c9%99t%c9%99ndasi-tor%c9%99dib\/","name":"Londonda terror akt\u0131n\u0131 Britaniya v\u0259t\u0259nda\u015f\u0131 t\u00f6r\u0259dib - JAMnews","isPartOf":{"@id":"https:\/\/jam-news.net\/az\/#website"},"primaryImageOfPage":{"@id":"https:\/\/jam-news.net\/az\/londonda-terror-aktini-britaniya-v%c9%99t%c9%99ndasi-tor%c9%99dib\/#primaryimage"},"image":{"@id":"https:\/\/jam-news.net\/az\/londonda-terror-aktini-britaniya-v%c9%99t%c9%99ndasi-tor%c9%99dib\/#primaryimage"},"thumbnailUrl":"https:\/\/jam-news.net\/app\/uploads\/2020\/03\/1490602461-4.jpg","datePublished":"2017-03-23T00:00:00+00:00","dateModified":"2020-03-18T11:08:55+00:00","breadcrumb":{"@id":"https:\/\/jam-news.net\/az\/londonda-terror-aktini-britaniya-v%c9%99t%c9%99ndasi-tor%c9%99dib\/#breadcrumb"},"inLanguage":"az","potentialAction":[{"@type":"ReadAction","target":["https:\/\/jam-news.net\/az\/londonda-terror-aktini-britaniya-v%c9%99t%c9%99ndasi-tor%c9%99dib\/"]}]},{"@type":"ImageObject","inLanguage":"az","@id":"https:\/\/jam-news.net\/az\/londonda-terror-aktini-britaniya-v%c9%99t%c9%99ndasi-tor%c9%99dib\/#primaryimage","url":"https:\/\/jam-news.net\/app\/uploads\/2020\/03\/1490602461-4.jpg","contentUrl":"https:\/\/jam-news.net\/app\/uploads\/2020\/03\/1490602461-4.jpg","width":640,"height":363},{"@type":"BreadcrumbList","@id":"https:\/\/jam-news.net\/az\/londonda-terror-aktini-britaniya-v%c9%99t%c9%99ndasi-tor%c9%99dib\/#breadcrumb","itemListElement":[{"@type":"ListItem","position":1,"name":"Home","item":"https:\/\/jam-news.net\/az\/"},{"@type":"ListItem","position":2,"name":"Londonda terror akt\u0131n\u0131 Britaniya v\u0259t\u0259nda\u015f\u0131 t\u00f6r\u0259dib"}]},{"@type":"WebSite","@id":"https:\/\/jam-news.net\/az\/#website","url":"https:\/\/jam-news.net\/az\/","name":"Azerbaijani Jamnews","description":"Caucasus News, Politics and Society","publisher":{"@id":"https:\/\/jam-news.net\/az\/#organization"},"potentialAction":[{"@type":"SearchAction","target":{"@type":"EntryPoint","urlTemplate":"https:\/\/jam-news.net\/az\/?s={search_term_string}"},"query-input":{"@type":"PropertyValueSpecification","valueRequired":true,"valueName":"search_term_string"}}],"inLanguage":"az"},{"@type":"Organization","@id":"https:\/\/jam-news.net\/az\/#organization","name":"JAMnews","url":"https:\/\/jam-news.net\/az\/","logo":{"@type":"ImageObject","inLanguage":"az","@id":"https:\/\/jam-news.net\/az\/#\/schema\/logo\/image\/","url":"https:\/\/jam-news.net\/app\/uploads\/2020\/05\/JAM_w.jpg","contentUrl":"https:\/\/jam-news.net\/app\/uploads\/2020\/05\/JAM_w.jpg","width":960,"height":960,"caption":"JAMnews"},"image":{"@id":"https:\/\/jam-news.net\/az\/#\/schema\/logo\/image\/"},"sameAs":["https:\/\/www.facebook.com\/JAMnewsInEnglish\/","https:\/\/x.com\/JAMnewsCaucasus","https:\/\/www.instagram.com\/jam_news\/","https:\/\/www.youtube.com\/channel\/UCXQbUCme2pykuZYXWHx4VPg"]},{"@type":"Person","@id":"https:\/\/jam-news.net\/az\/#\/schema\/person\/66fc1a02aa95952cbcc920064af74ae9","name":"Dimitri Avaliani | Tbilisi","image":{"@type":"ImageObject","inLanguage":"az","@id":"https:\/\/jam-news.net\/az\/#\/schema\/person\/image\/","url":"https:\/\/secure.gravatar.com\/avatar\/f0cbcd87d83c22441b428238967d980a?s=96&d=mm&r=g","contentUrl":"https:\/\/secure.gravatar.com\/avatar\/f0cbcd87d83c22441b428238967d980a?s=96&d=mm&r=g","caption":"Dimitri Avaliani | Tbilisi"},"url":"https:\/\/jam-news.net\/az\/author\/dimaav\/"}]}},"_links":{"self":[{"href":"https:\/\/jam-news.net\/az\/wp-json\/wp\/v2\/posts\/5106","targetHints":{"allow":["GET"]}}],"collection":[{"href":"https:\/\/jam-news.net\/az\/wp-json\/wp\/v2\/posts"}],"about":[{"href":"https:\/\/jam-news.net\/az\/wp-json\/wp\/v2\/types\/post"}],"author":[{"embeddable":true,"href":"https:\/\/jam-news.net\/az\/wp-json\/wp\/v2\/users\/5"}],"replies":[{"embeddable":true,"href":"https:\/\/jam-news.net\/az\/wp-json\/wp\/v2\/comments?post=5106"}],"version-history":[{"count":1,"href":"https:\/\/jam-news.net\/az\/wp-json\/wp\/v2\/posts\/5106\/revisions"}],"predecessor-version":[{"id":17639,"href":"https:\/\/jam-news.net\/az\/wp-json\/wp\/v2\/posts\/5106\/revisions\/17639"}],"wp:featuredmedia":[{"embeddable":true,"href":"https:\/\/jam-news.net\/az\/wp-json\/wp\/v2\/media\/19757"}],"wp:attachment":[{"href":"https:\/\/jam-news.net\/az\/wp-json\/wp\/v2\/media?parent=5106"}],"wp:term":[{"taxonomy":"category","embeddable":true,"href":"https:\/\/jam-news.net\/az\/wp-json\/wp\/v2\/categories?post=5106"},{"taxonomy":"post_tag","embeddable":true,"href":"https:\/\/jam-news.net\/az\/wp-json\/wp\/v2\/tags?post=5106"},{"taxonomy":"formation","embeddable":true,"href":"https:\/\/jam-news.net\/az\/wp-json\/wp\/v2\/formation?post=5106"},{"taxonomy":"post-author","embeddable":true,"href":"https:\/\/jam-news.net\/az\/wp-json\/wp\/v2\/post-author?post=5106"},{"taxonomy":"topic","embeddable":true,"href":"https:\/\/jam-news.net\/az\/wp-json\/wp\/v2\/topic?post=5106"},{"taxonomy":"tooltip","embeddable":true,"href":"https:\/\/jam-news.net\/az\/wp-json\/wp\/v2\/tooltip?post=5106"},{"taxonomy":"city","embeddable":true,"href":"https:\/\/jam-news.net\/az\/wp-json\/wp\/v2\/city?post=5106"}],"curies":[{"name":"wp","href":"https:\/\/api.w.org\/{rel}","templated":true}]}}