{"id":49287,"date":"2021-07-07T21:10:48","date_gmt":"2021-07-07T17:10:48","guid":{"rendered":"https:\/\/jam-news.net\/az\/?p=49287"},"modified":"2021-09-13T11:49:13","modified_gmt":"2021-09-13T07:49:13","slug":"klub-stendapi-yerevana-qayidir","status":"publish","type":"post","link":"https:\/\/jam-news.net\/az\/klub-stendapi-yerevana-qayidir\/","title":{"rendered":"Klub stendap\u0131 Yerevana qay\u0131d\u0131r"},"content":{"rendered":"\n<p><strong><em>Yerevanda klub stendap\u0131, Kond-haus<\/em><\/strong><\/p>\n\n\n\n<p>Dem\u0259k olar ki, h\u0259r h\u0259ft\u0259 bir qrup insan Yerevan\u0131n \u0259n \u201citirilmi\u015f\u201d yerl\u0259rind\u0259n olan Kond-hausun yar\u0131mzirz\u0259mi m\u0259kan\u0131na topla\u015f\u0131r. Onlar stendap artistl\u0259ri v\u0259 bu s\u0259n\u0259t n\u00f6v\u00fcn\u00fcn p\u0259r\u0259sti\u015fkarlar\u0131d\u0131r.&nbsp;<\/p>\n\n\n\n<hr class=\"wp-block-separator is-style-wide\"\/>\n\n\n\n<figure class=\"wp-block-image\"><a href=\"https:\/\/jam-news.net\/az\/category\/trajectories\/\" target=\"_blank\" rel=\"noreferrer noopener\"><img decoding=\"async\" src=\"https:\/\/jam-news.net\/app\/uploads\/2021\/05\/trajectories-az-1-1024x126.png\" alt=\"This image has an empty alt attribute; its file name is trajectories-az-1-1024x126.png\"\/><\/a><\/figure>\n\n\n\n<hr class=\"wp-block-separator is-style-wide\"\/>\n\n\n\n<p>\u00c7\u0131x\u0131\u015flar ad\u0259t\u0259n ax\u015fam saat on \u0259r\u0259f\u0259sind\u0259 ba\u015flay\u0131r. Pab qaranl\u0131qd\u0131r, hava siqaret t\u00fcst\u00fcs\u00fcnd\u0259n a\u011f\u0131rla\u015f\u0131b, ziyar\u0259t\u00e7il\u0259r is\u0259 (piv\u0259 sa\u011f olsun) art\u0131q yax\u015f\u0131 \u0259hvaldad\u0131rlar. Kims\u0259 \u00f6z\u00fcn\u00fc pill\u0259kanda oturub, \u00e7\u00fcnki balaca zirz\u0259mid\u0259 b\u00fct\u00fcn yerl\u0259r tutulub.<\/p>\n\n\n\n<p>Ani Barseqyan mikrofonu g\u00f6t\u00fcr\u00fcr v\u0259 topla\u015fanlar\u0131 salamlay\u0131r.<\/p>\n\n\n\n<p>Ani komandadak\u0131 qad\u0131n stendap\u00e7\u0131lardan biridir. Ad\u0259t\u0259n t\u0259dbirl\u0259ri o apar\u0131r.<\/p>\n\n\n\n<figure class=\"wp-block-image size-large is-style-medium-width-image\"><img loading=\"lazy\" decoding=\"async\" width=\"1024\" height=\"683\" src=\"https:\/\/jam-news.net\/app\/uploads\/2021\/07\/Club-Stand-up-in-Yerevan-Ani-1024x683.jpg\" alt=\"\" class=\"wp-image-49180\" srcset=\"https:\/\/jam-news.net\/app\/uploads\/2021\/07\/Club-Stand-up-in-Yerevan-Ani-1024x683.jpg 1024w, https:\/\/jam-news.net\/app\/uploads\/2021\/07\/Club-Stand-up-in-Yerevan-Ani-300x200.jpg 300w, https:\/\/jam-news.net\/app\/uploads\/2021\/07\/Club-Stand-up-in-Yerevan-Ani-768x512.jpg 768w, https:\/\/jam-news.net\/app\/uploads\/2021\/07\/Club-Stand-up-in-Yerevan-Ani.jpg 1200w\" sizes=\"auto, (max-width: 1024px) 100vw, 1024px\" \/><figcaption>Ani Barseqyan. Yerevanda klub stendap\u0131, Kond-haus<\/figcaption><\/figure>\n\n\n\n<p>\u00d6z ilk \u201cA\u00e7\u0131q mikrofon\u201dunu (\u201cOpen mic\u201d) Ani 2020-ci ild\u0259 ke\u00e7irib. \u201cOpen mis\u201d zaman\u0131 stendap\u00e7\u0131lar ki\u00e7ik auditoriya qar\u015f\u0131s\u0131nda \u00e7\u0131x\u0131\u015f edirl\u0259r, onlar\u0131n reaksiyas\u0131na g\u00f6r\u0259 g\u0259l\u0259c\u0259kd\u0259 hans\u0131 t\u0259dbirl\u0259rd\u0259 \u00e7\u0131x\u0131\u015f ed\u0259c\u0259kl\u0259ri v\u0259 \u00fcmumiyy\u0259tl\u0259 \u00e7\u0131x\u0131\u015f edib-etm\u0259y\u0259c\u0259kl\u0259ri il\u0259 ba\u011fl\u0131 q\u0259rar verirl\u0259r.<\/p>\n\n\n\n<figure class=\"wp-block-image size-large is-style-medium-width-image\"><img loading=\"lazy\" decoding=\"async\" width=\"1024\" height=\"683\" src=\"https:\/\/jam-news.net\/app\/uploads\/2021\/07\/Club-Stand-up-Yerevan-1024x683.jpg\" alt=\"\" class=\"wp-image-49188\" srcset=\"https:\/\/jam-news.net\/app\/uploads\/2021\/07\/Club-Stand-up-Yerevan-1024x683.jpg 1024w, https:\/\/jam-news.net\/app\/uploads\/2021\/07\/Club-Stand-up-Yerevan-300x200.jpg 300w, https:\/\/jam-news.net\/app\/uploads\/2021\/07\/Club-Stand-up-Yerevan-768x512.jpg 768w, https:\/\/jam-news.net\/app\/uploads\/2021\/07\/Club-Stand-up-Yerevan.jpg 1200w\" sizes=\"auto, (max-width: 1024px) 100vw, 1024px\" \/><figcaption>Ani Barseqyan. Yerevanda klub stendap\u0131, Kond-haus<\/figcaption><\/figure>\n\n\n\n<p>Aninin \u00e7\u0131x\u0131\u015f etm\u0259li oldu\u011fu t\u0259dbir koronavirus pandemiyas\u0131na g\u00f6r\u0259 elan olunmu\u015f \u00fcmumi lokdauna g\u00f6r\u0259 t\u0259xir\u0259 sal\u0131n\u0131b.<\/p>\n\n\n\n<p>Bir ne\u00e7\u0259 aydan sonra m\u0259hdudiyy\u0259tl\u0259r aradan qald\u0131r\u0131landan sonra m\u00fcharib\u0259 ba\u015flay\u0131b.<\/p>\n\n\n\n<p>Bel\u0259 g\u00fcman etm\u0259k olard\u0131 ki, Erm\u0259nistanda klub stendap\u0131n\u0131n inki\u015faf\u0131 qeyri-m\u00fc\u0259yy\u0259n zamana q\u0259d\u0259r t\u0259xir\u0259 sal\u0131n\u0131b. M\u00fcharib\u0259d\u0259n sonrak\u0131 Erm\u0259nistanda he\u00e7 kimin g\u00fclm\u0259k v\u0259 g\u00fcld\u00fcrm\u0259k h\u0259v\u0259si yoxdur. Amma m\u00fcharib\u0259 bit\u0259nd\u0259n yar\u0131m il\u0259 yax\u0131n vaxt ke\u00e7ib v\u0259 stendap qay\u0131d\u0131b.<\/p>\n\n\n\n<p>Stendap\u00e7\u0131lar\u0131n \u00e7\u0131x\u0131\u015flar\u0131 Yerevan pablar\u0131nda dem\u0259k olar ki, h\u0259r h\u0259ft\u0259 ba\u015f tutur.<\/p>\n\n\n\n<figure class=\"wp-block-image size-large is-style-medium-width-image\"><img loading=\"lazy\" decoding=\"async\" width=\"1024\" height=\"770\" src=\"https:\/\/jam-news.net\/app\/uploads\/2021\/07\/Yerevan-Stand-up-2-1024x770.jpg\" alt=\"\" class=\"wp-image-49189\" srcset=\"https:\/\/jam-news.net\/app\/uploads\/2021\/07\/Yerevan-Stand-up-2-1024x770.jpg 1024w, https:\/\/jam-news.net\/app\/uploads\/2021\/07\/Yerevan-Stand-up-2-300x226.jpg 300w, https:\/\/jam-news.net\/app\/uploads\/2021\/07\/Yerevan-Stand-up-2-768x577.jpg 768w, https:\/\/jam-news.net\/app\/uploads\/2021\/07\/Yerevan-Stand-up-2.jpg 1200w\" sizes=\"auto, (max-width: 1024px) 100vw, 1024px\" \/><figcaption>Ani Barseqyan. Yerevanda klub stendap\u0131, Kond-haus<\/figcaption><\/figure>\n\n\n\n<h2 class=\"has-text-color wp-block-heading\" style=\"color:#3c3e3d\"><strong>M\u00fcharib\u0259d\u0259n sonrak\u0131 stendap<\/strong><\/h2>\n\n\n\n<p>Ani m\u00fcharib\u0259d\u0259 yax\u0131n\u0131n\u0131 itirmi\u015f minl\u0259rl\u0259 Erm\u0259nistan v\u0259t\u0259nda\u015f\u0131ndan biridir. Yumor v\u0259 g\u00fcl\u00fc\u015f, onun s\u00f6zl\u0259rin\u0259 g\u00f6r\u0259, a\u011fr\u0131n\u0131n \u00f6hd\u0259sind\u0259n g\u0259lm\u0259y\u0259 k\u00f6m\u0259k edib v\u0259 edir.<\/p>\n\n\n\n<p>Ani d\u0259 m\u00fcharib\u0259d\u0259n dan\u0131\u015f\u0131r. M\u0259s\u0259l\u0259n, \u00e7\u0131x\u0131\u015flar\u0131ndan birind\u0259 o, uniforman\u0131n seksualla\u015fd\u0131r\u0131lmas\u0131 haqda dan\u0131\u015f\u0131r. M\u0259g\u0259r forma seksual olduqda \u0259sg\u0259ri \u00f6ld\u00fcrm\u0259y\u0259c\u0259kl\u0259r?&nbsp;<\/p>\n\n\n\n<p><em>\u201cBu \u00e7\u0131x\u0131\u015f\u0131mdan sonra bir ki\u015fi m\u0259n\u0259 yax\u0131nla\u015f\u0131b, soru\u015fdu ki, niy\u0259 \u0259sg\u0259rl\u0259rimizi la\u011fa qoyuram? \u0130deya da ondan ibar\u0259t idi ki, m\u0259nim dostum bu formada d\u0259fn olunmu\u015fdu v\u0259 m\u0259n onu seksualla\u015fd\u0131rmaq ist\u0259mirdim\u201d, &#8211; <\/em>Ani dan\u0131\u015f\u0131r.<\/p>\n\n\n\n<figure class=\"wp-block-embed-youtube wp-block-embed is-type-video is-provider-youtube wp-embed-aspect-16-9 wp-has-aspect-ratio is-style-medium-width-video\"><div class=\"wp-block-embed__wrapper\">\n<iframe loading=\"lazy\" title=\"Mu\u0308harib\u0259d\u0259n sonrak\u0131 stendap\" width=\"500\" height=\"281\" src=\"https:\/\/www.youtube.com\/embed\/ebqOnSwfS4M?feature=oembed\" frameborder=\"0\" allow=\"accelerometer; autoplay; clipboard-write; encrypted-media; gyroscope; picture-in-picture; web-share\" referrerpolicy=\"strict-origin-when-cross-origin\" allowfullscreen><\/iframe>\n<\/div><\/figure>\n\n\n\n<p>Amma m\u00fcharib\u0259 v\u0259 faci\u0259vi itkil\u0259r m\u00f6vzusuna toxunuldu\u011funda x\u00fcsusi yana\u015fma laz\u0131md\u0131r.<\/p>\n\n\n\n<p><em>\u201cM\u00fcharib\u0259 il\u0259 ba\u011fl\u0131 \u00e7ox zarafat olmu\u015fdu. D\u00fc\u015f\u00fcnm\u00fcr\u0259m ki, zarafata uy\u011fun olmayan hans\u0131sa m\u00f6vzu var. Amma \u0259g\u0259r siz a\u011fr\u0131l\u0131 m\u00f6vzulara toxunursuzsa, bunu el\u0259 etm\u0259lisiz ki, auditoriya bunu anlas\u0131n\u201d, &#8211; <\/em>Ani deyir.<\/p>\n\n\n\n<h2 class=\"wp-block-heading\"><strong>Erm\u0259nistan stendap\u0131nda qad\u0131nlar v\u0259 \u201c18+\u201d yumor<\/strong><\/h2>\n\n\n\n<p>\u201cStandup club Yerevan\u201d Erm\u0259nistanda ilk olaraq \u201c18+\u201d t\u0259dbirl\u0259ri senzuras\u0131z ke\u00e7irir. Ani komandadak\u0131 \u00fc\u00e7 qad\u0131ndan biridir, ki\u015fil\u0259r iki-\u00fc\u00e7 d\u0259f\u0259 \u00e7oxdur. Hesab olunur ki, publika qad\u0131n stendap\u0131na daha z\u0259if reaksiya verir, amma Ani x\u00fcsusi olaraq narahat olmur, \u00e7\u00fcnki bir s\u0131ra \u00fcst\u00fcnl\u00fckl\u0259r g\u00f6r\u00fcr.<\/p>\n\n\n\n<p><em>\u201cBiz (qad\u0131nlar &#8211; red) s\u0259hn\u0259d\u0259n ikiba\u015fl\u0131 leksikadan istifad\u0259 ed\u0259r\u0259k m\u00fcbahis\u0259li m\u00f6vzularda dan\u0131\u015fanda, bu, publikada \u015fok t\u0259siri yarad\u0131r, amma eyni zamanda insanlara a\u00e7\u0131lma\u011fa k\u00f6m\u0259k edir\u201d, &#8211; <\/em>Ani deyir.<\/p>\n\n\n\n<figure class=\"wp-block-image size-large is-style-medium-width-image\"><img loading=\"lazy\" decoding=\"async\" width=\"1024\" height=\"968\" src=\"https:\/\/jam-news.net\/app\/uploads\/2021\/07\/Club-Stand-up-in-Yerevan-Ani-2-1024x968.jpg\" alt=\"\" class=\"wp-image-49190\" srcset=\"https:\/\/jam-news.net\/app\/uploads\/2021\/07\/Club-Stand-up-in-Yerevan-Ani-2-1024x968.jpg 1024w, https:\/\/jam-news.net\/app\/uploads\/2021\/07\/Club-Stand-up-in-Yerevan-Ani-2-300x284.jpg 300w, https:\/\/jam-news.net\/app\/uploads\/2021\/07\/Club-Stand-up-in-Yerevan-Ani-2-768x726.jpg 768w, https:\/\/jam-news.net\/app\/uploads\/2021\/07\/Club-Stand-up-in-Yerevan-Ani-2.jpg 1200w\" sizes=\"auto, (max-width: 1024px) 100vw, 1024px\" \/><figcaption>Ani Barseqyan. Yerevanda klub stendap\u0131, Kond-haus<\/figcaption><\/figure>\n\n\n\n<p>Senzuras\u0131z yomor do\u011frudan da yax\u015f\u0131 qar\u015f\u0131lan\u0131r, Aninin d\u0259 bununla ba\u011fl\u0131 izah\u0131 var. Onun publikas\u0131 bu c\u00fcr zarafatlara haz\u0131rd\u0131r v\u0259 a\u00e7\u0131qd\u0131r. B\u00fct\u00fcn hallarda \u00e7\u0131x\u0131\u015flar h\u0259mi\u015f\u0259 bir s\u0131ra x\u0259b\u0259rdarl\u0131qlar\u0131 n\u0259z\u0259rd\u0259 tutur: \u0259g\u0259r siz ist\u0259nil\u0259n m\u00f6vzuda zarafata haz\u0131r deyilsizs\u0259, \u0259n yax\u015f\u0131s\u0131 tama\u015falara g\u0259lm\u0259m\u0259kdir \u2013 tama\u015fa \u201c18+\u201d v\u0259 ya \u201c21+\u201d olacaq.<\/p>\n\n\n\n<h2 class=\"wp-block-heading\"><strong>Yumorun \u00e7\u00f6zd\u00fcy\u00fc probleml\u0259r<\/strong><\/h2>\n\n\n\n<p>Aninin yumoru \u00e7\u0131x\u0131\u015flar\u0131n\u0131n praktiki olaraq ham\u0131s\u0131nda sezil\u0259n vahid tematik x\u0259tt\u0259 sahibdir. Onun zarafatlar\u0131 qad\u0131nlar, ail\u0259, m\u00fcharib\u0259, boyfrend, seksizm, diskriminasiya haqdad\u0131r. Bunlar bizd\u0259 \u201czarafata qapal\u0131\u201d m\u00f6vzulard\u0131r.<\/p>\n\n\n\n<p><em>\u201cBir d\u0259f\u0259 m\u0259n \u00e7ox yax\u0131n \u015feyl\u0259r haqda dan\u0131\u015fd\u0131\u011f\u0131ma dair fidbek ald\u0131m. V\u0259 bu onlar\u0131n \u00fcr\u0259yinc\u0259 olmu\u015fdu, amma m\u0259hz buna g\u00f6r\u0259 onlar \u00fc\u00e7\u00fcn g\u00fclm\u0259li deyildi. D\u00fcz\u00fc, m\u0259hz bu, m\u0259nim \u0259n sevimli stendap komediya janr\u0131md\u0131r \u2013 s\u0259n g\u00fcld\u00fcrm\u00fcrs\u0259n, sad\u0259c\u0259 insanlarla s\u00f6hb\u0259t edirs\u0259n.<\/em><\/p>\n\n\n\n<p><em>Onlar\u0131n reaksiyalar\u0131 q\u0259hq\u0259h\u0259li g\u00fcl\u00fc\u015f deyil, bir n\u00f6v m\u00fcsb\u0259t duy\u011fudur. V\u0259 siz auditoriyan\u0131z\u0131 narahat ed\u0259n problem haqda dan\u0131\u015fd\u0131\u011f\u0131n\u0131z zaman onlar t\u0259nha olmad\u0131qlar\u0131n\u0131 anlay\u0131rlar. Bunda terapevtik effekt var. Bu c\u00fcr yana\u015fma onlar \u00fc\u00e7\u00fcn sad\u0259c\u0259 zarafatdan daha \u00e7ox \u015fey a\u00e7\u0131r\u201d.<\/em><\/p>\n\n\n\n<figure class=\"wp-block-image size-large is-style-medium-width-image\"><img loading=\"lazy\" decoding=\"async\" width=\"1024\" height=\"522\" src=\"https:\/\/jam-news.net\/app\/uploads\/2021\/07\/Club-Stand-up-in-Yerevan-Ani-3-1024x522.jpg\" alt=\"\" class=\"wp-image-49191\" srcset=\"https:\/\/jam-news.net\/app\/uploads\/2021\/07\/Club-Stand-up-in-Yerevan-Ani-3-1024x522.jpg 1024w, https:\/\/jam-news.net\/app\/uploads\/2021\/07\/Club-Stand-up-in-Yerevan-Ani-3-300x153.jpg 300w, https:\/\/jam-news.net\/app\/uploads\/2021\/07\/Club-Stand-up-in-Yerevan-Ani-3-768x392.jpg 768w, https:\/\/jam-news.net\/app\/uploads\/2021\/07\/Club-Stand-up-in-Yerevan-Ani-3.jpg 1200w\" sizes=\"auto, (max-width: 1024px) 100vw, 1024px\" \/><figcaption>Ani Barseqyan. Yerevanda klub stendap\u0131, Kond-haus<\/figcaption><\/figure>\n\n\n\n<p>Ani vacib sosial v\u0259 m\u0259d\u0259ni probleml\u0259r haqda yumor vasit\u0259sil\u0259 dan\u0131\u015f\u0131r, amma bildirir ki, onun g\u00fcl\u00fc\u015f yolu il\u0259 h\u0259ll etm\u0259k ist\u0259diyi yegan\u0131 problem tabu m\u00f6vzular\u0131 g\u00f6t\u00fcrm\u0259k v\u0259 onlara daha y\u00fcng\u00fcl yana\u015fmaqd\u0131r.<\/p>\n\n\n\n<figure class=\"wp-block-embed-youtube wp-block-embed is-type-video is-provider-youtube wp-embed-aspect-16-9 wp-has-aspect-ratio is-style-medium-width-video\"><div class=\"wp-block-embed__wrapper\">\n<iframe loading=\"lazy\" title=\"Yumorun c\u0327o\u0308zdu\u0308yu\u0308 probleml\u0259r: Yerevanl\u0131 stendaperd\u0259n a\u00e7\u0131qlama\" width=\"500\" height=\"281\" src=\"https:\/\/www.youtube.com\/embed\/kizXjQuq6sA?feature=oembed\" frameborder=\"0\" allow=\"accelerometer; autoplay; clipboard-write; encrypted-media; gyroscope; picture-in-picture; web-share\" referrerpolicy=\"strict-origin-when-cross-origin\" allowfullscreen><\/iframe>\n<\/div><\/figure>\n\n\n\n<h2 class=\"wp-block-heading\"><strong>Klub stendap\u0131n\u0131n g\u0259l\u0259c\u0259yi&nbsp;<\/strong><\/h2>\n\n\n\n<p>Ani \u00f6z maddi g\u0259l\u0259c\u0259yini stendapla ba\u011flamr. Onun da, komandan\u0131n dig\u0259r \u00fczvl\u0259rinin d\u0259 ba\u015fqa pe\u015f\u0259l\u0259ri var v\u0259 stendap onlar \u00fc\u00e7\u00fcn hobbidir.<\/p>\n\n\n\n<figure class=\"wp-block-embed-youtube wp-block-embed is-type-video is-provider-youtube wp-embed-aspect-16-9 wp-has-aspect-ratio is-style-medium-width-video\"><div class=\"wp-block-embed__wrapper\">\n<iframe loading=\"lazy\" title=\"Yerevanda klub stendap\u0131n\u0131n g\u0259l\u0259c\u0259yi\" width=\"500\" height=\"281\" src=\"https:\/\/www.youtube.com\/embed\/B0c36r_DGNo?feature=oembed\" frameborder=\"0\" allow=\"accelerometer; autoplay; clipboard-write; encrypted-media; gyroscope; picture-in-picture; web-share\" referrerpolicy=\"strict-origin-when-cross-origin\" allowfullscreen><\/iframe>\n<\/div><\/figure>\n\n\n\n<p>Erm\u0259nistanda klub stendap\u0131n\u0131n g\u0259l\u0259c\u0259yi h\u0259l\u0259 d\u0259 dumanl\u0131d\u0131r. Bu sah\u0259nin inki\u015faf ed\u0259c\u0259yini, yoxsa entuziastlar say\u0259sind\u0259 ayaqda qalan ki\u00e7ik auditoriyal\u0131 Yerevan subm\u0259d\u0259niyy\u0259tind\u0259 qalaca\u011f\u0131n\u0131 t\u0259xmin etm\u0259k \u00e7\u0259tindir.<\/p>\n\n\n\n<p>Bu c\u00fcr m\u00fcr\u0259kk\u0259bb suallara cavab verm\u0259kd\u0259ns\u0259, stendap\u00e7\u0131lar sad\u0259c\u0259 \u0259n yax\u0131n \u015f\u0259nb\u0259 ax\u015fam\u0131 \u201cStandup club Yerevan\u201da g\u0259lib \u015f\u0259nl\u0259nm\u0259yi t\u0259klif edirl\u0259r.<\/p>\n\n\n\n<hr class=\"wp-block-separator is-style-wide\"\/>\n\n\n\n<p><strong>Bu hekay\u0259&nbsp;<a rel=\"noreferrer noopener\" href=\"https:\/\/jam-news.net\/az\/category\/trajectories\/\" target=\"_blank\">\u201cTrayektoriya\u201d&nbsp;<\/a>media layih\u0259sinin bir hiss\u0259sidir. Layih\u0259 C\u0259nubi Qafqazda m\u00fcnaqi\u015f\u0259nin h\u0259yatlar\u0131na toxundu\u011fu insanlardan b\u0259hs edir. B\u00fct\u00fcn C\u0259nubi Qafqazdan olan m\u00fc\u0259llifl\u0259r v\u0259 redaktorlarla i\u015fl\u0259yir v\u0259 m\u00fcnaqi\u015f\u0259l\u0259rin he\u00e7 birind\u0259 t\u0259r\u0259fl\u0259rd\u0259n he\u00e7 birini d\u0259st\u0259kl\u0259mir. Bu s\u0259hif\u0259d\u0259ki materiallara g\u00f6r\u0259 m\u00fc\u0259llifl\u0259r m\u0259suliyy\u0259t da\u015f\u0131y\u0131r. \u018fks\u0259r hallarda toponiml\u0259r m\u00fc\u0259llifl\u0259rin c\u0259miyy\u0259tl\u0259rind\u0259 q\u0259bul olundu\u011fu kimi istifad\u0259 edilir. Layih\u0259 Avropa \u0130ttifaq\u0131n\u0131n d\u0259st\u0259yil\u0259&nbsp;<a rel=\"noreferrer noopener\" href=\"https:\/\/jam-news.net\/az\/\" target=\"_blank\">GoGroup Media<\/a>&nbsp;v\u0259&nbsp;<a rel=\"noreferrer noopener\" href=\"https:\/\/www.international-alert.org\/\" target=\"_blank\">International Alert&nbsp;<\/a>t\u0259\u015fkilatlar\u0131 t\u0259r\u0259find\u0259n h\u0259yata ke\u00e7irilir.<\/strong><\/p>\n","protected":false},"excerpt":{"rendered":"<p>Ax\u015fam saat 10. Qaranl\u0131q pab, siqaret t\u00fcst\u00fcs\u00fc, b\u00fct\u00fcn yerl\u0259r doludur. Ani Barseqyan mikrofonu g\u00f6t\u00fcr\u00fcr. Bura Yerevanda, Kond-hausda stendap klubudur. Video v\u0259 foto<\/p>\n","protected":false},"author":3,"featured_media":49180,"comment_status":"closed","ping_status":"closed","sticky":false,"template":"","format":"standard","meta":{"_acf_changed":false,"footnotes":""},"categories":[27,5602,67,4043,62,36,35],"tags":[],"formation":[4037,4036],"post-author":[5788],"topic":[4951,5475],"tooltip":[],"city":[],"class_list":["post-49287","post","type-post","status-publish","format-standard","has-post-thumbnail","hentry","category-ermnistan","category-azerbaycan-ermenistan","category-ylnc","category-explainer","category-lifestyle","category-multimedia","category-hekaylr","formation-photo","formation-video","post-author-ofeliya-simonyan","topic-ermnistan","topic-qafqaza-sfrlr"],"acf":[],"yoast_head":"<!-- This site is optimized with the Yoast SEO plugin v24.1 - https:\/\/yoast.com\/wordpress\/plugins\/seo\/ -->\n<title>Klub stendap\u0131 Yerevana qay\u0131d\u0131r<\/title>\n<meta name=\"description\" content=\"Ax\u015fam saat 10. Qaranl\u0131q pab, siqaret t\u00fcst\u00fcs\u00fc, b\u00fct\u00fcn yerl\u0259r doludur. Ani Barseqyan mikrofonu g\u00f6t\u00fcr\u00fcr. Bura Yerevanda, Kond-hausda stendap klubudur. Video v\u0259 foto\" \/>\n<meta name=\"robots\" content=\"index, follow, max-snippet:-1, max-image-preview:large, max-video-preview:-1\" \/>\n<link rel=\"canonical\" href=\"https:\/\/jam-news.net\/az\/klub-stendapi-yerevana-qayidir\/\" \/>\n<meta property=\"og:locale\" content=\"az_AZ\" \/>\n<meta property=\"og:type\" content=\"article\" \/>\n<meta property=\"og:title\" content=\"Klub stendap\u0131 Yerevana qay\u0131d\u0131r\" \/>\n<meta property=\"og:description\" content=\"Ax\u015fam saat 10. Qaranl\u0131q pab, siqaret t\u00fcst\u00fcs\u00fc, b\u00fct\u00fcn yerl\u0259r doludur. Ani Barseqyan mikrofonu g\u00f6t\u00fcr\u00fcr. Bura Yerevanda, Kond-hausda stendap klubudur. Video v\u0259 foto\" \/>\n<meta property=\"og:url\" content=\"https:\/\/jam-news.net\/az\/klub-stendapi-yerevana-qayidir\/\" \/>\n<meta property=\"og:site_name\" content=\"Azerbaijani Jamnews\" \/>\n<meta property=\"article:publisher\" content=\"https:\/\/www.facebook.com\/JAMnewsInEnglish\/\" \/>\n<meta property=\"article:published_time\" content=\"2021-07-07T17:10:48+00:00\" \/>\n<meta property=\"article:modified_time\" content=\"2021-09-13T07:49:13+00:00\" \/>\n<meta property=\"og:image\" content=\"https:\/\/jam-news.net\/app\/uploads\/2021\/07\/Club-Stand-up-in-Yerevan-Ani.jpg\" \/>\n\t<meta property=\"og:image:width\" content=\"1200\" \/>\n\t<meta property=\"og:image:height\" content=\"800\" \/>\n\t<meta property=\"og:image:type\" content=\"image\/jpeg\" \/>\n<meta name=\"author\" content=\"JAMnews\" \/>\n<meta name=\"twitter:card\" content=\"summary_large_image\" \/>\n<meta name=\"twitter:creator\" content=\"@JAMnewsCaucasus\" \/>\n<meta name=\"twitter:site\" content=\"@JAMnewsCaucasus\" \/>\n<meta name=\"twitter:label1\" content=\"Written by\" \/>\n\t<meta name=\"twitter:data1\" content=\"JAMnews\" \/>\n\t<meta name=\"twitter:label2\" content=\"Est. reading time\" \/>\n\t<meta name=\"twitter:data2\" content=\"6 minutes\" \/>\n<script type=\"application\/ld+json\" class=\"yoast-schema-graph\">{\"@context\":\"https:\/\/schema.org\",\"@graph\":[{\"@type\":\"Article\",\"@id\":\"https:\/\/jam-news.net\/az\/klub-stendapi-yerevana-qayidir\/#article\",\"isPartOf\":{\"@id\":\"https:\/\/jam-news.net\/az\/klub-stendapi-yerevana-qayidir\/\"},\"author\":{\"name\":\"JAMnews\",\"@id\":\"https:\/\/jam-news.net\/az\/#\/schema\/person\/67df3bb7adb46cd513fb9c4cb02361c6\"},\"headline\":\"Klub stendap\u0131 Yerevana qay\u0131d\u0131r\",\"datePublished\":\"2021-07-07T17:10:48+00:00\",\"dateModified\":\"2021-09-13T07:49:13+00:00\",\"mainEntityOfPage\":{\"@id\":\"https:\/\/jam-news.net\/az\/klub-stendapi-yerevana-qayidir\/\"},\"wordCount\":1235,\"publisher\":{\"@id\":\"https:\/\/jam-news.net\/az\/#organization\"},\"image\":{\"@id\":\"https:\/\/jam-news.net\/az\/klub-stendapi-yerevana-qayidir\/#primaryimage\"},\"thumbnailUrl\":\"https:\/\/jam-news.net\/app\/uploads\/2021\/07\/Club-Stand-up-in-Yerevan-Ani.jpg\",\"articleSection\":[\"Armenia\",\"Armenia-Azerbaijan: Context\",\"Entertainment\",\"Explainer\",\"Lifestyle\",\"Photo\/Video\",\"Stories\"],\"inLanguage\":\"az\"},{\"@type\":\"WebPage\",\"@id\":\"https:\/\/jam-news.net\/az\/klub-stendapi-yerevana-qayidir\/\",\"url\":\"https:\/\/jam-news.net\/az\/klub-stendapi-yerevana-qayidir\/\",\"name\":\"Klub stendap\u0131 Yerevana qay\u0131d\u0131r\",\"isPartOf\":{\"@id\":\"https:\/\/jam-news.net\/az\/#website\"},\"primaryImageOfPage\":{\"@id\":\"https:\/\/jam-news.net\/az\/klub-stendapi-yerevana-qayidir\/#primaryimage\"},\"image\":{\"@id\":\"https:\/\/jam-news.net\/az\/klub-stendapi-yerevana-qayidir\/#primaryimage\"},\"thumbnailUrl\":\"https:\/\/jam-news.net\/app\/uploads\/2021\/07\/Club-Stand-up-in-Yerevan-Ani.jpg\",\"datePublished\":\"2021-07-07T17:10:48+00:00\",\"dateModified\":\"2021-09-13T07:49:13+00:00\",\"description\":\"Ax\u015fam saat 10. Qaranl\u0131q pab, siqaret t\u00fcst\u00fcs\u00fc, b\u00fct\u00fcn yerl\u0259r doludur. Ani Barseqyan mikrofonu g\u00f6t\u00fcr\u00fcr. Bura Yerevanda, Kond-hausda stendap klubudur. Video v\u0259 foto\",\"breadcrumb\":{\"@id\":\"https:\/\/jam-news.net\/az\/klub-stendapi-yerevana-qayidir\/#breadcrumb\"},\"inLanguage\":\"az\",\"potentialAction\":[{\"@type\":\"ReadAction\",\"target\":[\"https:\/\/jam-news.net\/az\/klub-stendapi-yerevana-qayidir\/\"]}]},{\"@type\":\"ImageObject\",\"inLanguage\":\"az\",\"@id\":\"https:\/\/jam-news.net\/az\/klub-stendapi-yerevana-qayidir\/#primaryimage\",\"url\":\"https:\/\/jam-news.net\/app\/uploads\/2021\/07\/Club-Stand-up-in-Yerevan-Ani.jpg\",\"contentUrl\":\"https:\/\/jam-news.net\/app\/uploads\/2021\/07\/Club-Stand-up-in-Yerevan-Ani.jpg\",\"width\":1200,\"height\":800},{\"@type\":\"BreadcrumbList\",\"@id\":\"https:\/\/jam-news.net\/az\/klub-stendapi-yerevana-qayidir\/#breadcrumb\",\"itemListElement\":[{\"@type\":\"ListItem\",\"position\":1,\"name\":\"Home\",\"item\":\"https:\/\/jam-news.net\/az\/\"},{\"@type\":\"ListItem\",\"position\":2,\"name\":\"Klub stendap\u0131 Yerevana qay\u0131d\u0131r\"}]},{\"@type\":\"WebSite\",\"@id\":\"https:\/\/jam-news.net\/az\/#website\",\"url\":\"https:\/\/jam-news.net\/az\/\",\"name\":\"Azerbaijani Jamnews\",\"description\":\"Caucasus News, Politics and Society\",\"publisher\":{\"@id\":\"https:\/\/jam-news.net\/az\/#organization\"},\"potentialAction\":[{\"@type\":\"SearchAction\",\"target\":{\"@type\":\"EntryPoint\",\"urlTemplate\":\"https:\/\/jam-news.net\/az\/?s={search_term_string}\"},\"query-input\":{\"@type\":\"PropertyValueSpecification\",\"valueRequired\":true,\"valueName\":\"search_term_string\"}}],\"inLanguage\":\"az\"},{\"@type\":\"Organization\",\"@id\":\"https:\/\/jam-news.net\/az\/#organization\",\"name\":\"JAMnews\",\"url\":\"https:\/\/jam-news.net\/az\/\",\"logo\":{\"@type\":\"ImageObject\",\"inLanguage\":\"az\",\"@id\":\"https:\/\/jam-news.net\/az\/#\/schema\/logo\/image\/\",\"url\":\"https:\/\/jam-news.net\/app\/uploads\/2020\/05\/JAM_w.jpg\",\"contentUrl\":\"https:\/\/jam-news.net\/app\/uploads\/2020\/05\/JAM_w.jpg\",\"width\":960,\"height\":960,\"caption\":\"JAMnews\"},\"image\":{\"@id\":\"https:\/\/jam-news.net\/az\/#\/schema\/logo\/image\/\"},\"sameAs\":[\"https:\/\/www.facebook.com\/JAMnewsInEnglish\/\",\"https:\/\/x.com\/JAMnewsCaucasus\",\"https:\/\/www.instagram.com\/jam_news\/\",\"https:\/\/www.youtube.com\/channel\/UCXQbUCme2pykuZYXWHx4VPg\"]},{\"@type\":\"Person\",\"@id\":\"https:\/\/jam-news.net\/az\/#\/schema\/person\/67df3bb7adb46cd513fb9c4cb02361c6\",\"name\":\"JAMnews\",\"image\":{\"@type\":\"ImageObject\",\"inLanguage\":\"az\",\"@id\":\"https:\/\/jam-news.net\/az\/#\/schema\/person\/image\/\",\"url\":\"https:\/\/secure.gravatar.com\/avatar\/e5c27593ef900c3ab3deed4ed1c653d7?s=96&d=mm&r=g\",\"contentUrl\":\"https:\/\/secure.gravatar.com\/avatar\/e5c27593ef900c3ab3deed4ed1c653d7?s=96&d=mm&r=g\",\"caption\":\"JAMnews\"},\"url\":\"https:\/\/jam-news.net\/az\/author\/margarita\/\"}]}<\/script>\n<!-- \/ Yoast SEO plugin. -->","yoast_head_json":{"title":"Klub stendap\u0131 Yerevana qay\u0131d\u0131r","description":"Ax\u015fam saat 10. Qaranl\u0131q pab, siqaret t\u00fcst\u00fcs\u00fc, b\u00fct\u00fcn yerl\u0259r doludur. Ani Barseqyan mikrofonu g\u00f6t\u00fcr\u00fcr. Bura Yerevanda, Kond-hausda stendap klubudur. Video v\u0259 foto","robots":{"index":"index","follow":"follow","max-snippet":"max-snippet:-1","max-image-preview":"max-image-preview:large","max-video-preview":"max-video-preview:-1"},"canonical":"https:\/\/jam-news.net\/az\/klub-stendapi-yerevana-qayidir\/","og_locale":"az_AZ","og_type":"article","og_title":"Klub stendap\u0131 Yerevana qay\u0131d\u0131r","og_description":"Ax\u015fam saat 10. Qaranl\u0131q pab, siqaret t\u00fcst\u00fcs\u00fc, b\u00fct\u00fcn yerl\u0259r doludur. Ani Barseqyan mikrofonu g\u00f6t\u00fcr\u00fcr. Bura Yerevanda, Kond-hausda stendap klubudur. Video v\u0259 foto","og_url":"https:\/\/jam-news.net\/az\/klub-stendapi-yerevana-qayidir\/","og_site_name":"Azerbaijani Jamnews","article_publisher":"https:\/\/www.facebook.com\/JAMnewsInEnglish\/","article_published_time":"2021-07-07T17:10:48+00:00","article_modified_time":"2021-09-13T07:49:13+00:00","og_image":[{"width":1200,"height":800,"url":"https:\/\/jam-news.net\/app\/uploads\/2021\/07\/Club-Stand-up-in-Yerevan-Ani.jpg","type":"image\/jpeg"}],"author":"JAMnews","twitter_card":"summary_large_image","twitter_creator":"@JAMnewsCaucasus","twitter_site":"@JAMnewsCaucasus","twitter_misc":{"Written by":"JAMnews","Est. reading time":"6 minutes"},"schema":{"@context":"https:\/\/schema.org","@graph":[{"@type":"Article","@id":"https:\/\/jam-news.net\/az\/klub-stendapi-yerevana-qayidir\/#article","isPartOf":{"@id":"https:\/\/jam-news.net\/az\/klub-stendapi-yerevana-qayidir\/"},"author":{"name":"JAMnews","@id":"https:\/\/jam-news.net\/az\/#\/schema\/person\/67df3bb7adb46cd513fb9c4cb02361c6"},"headline":"Klub stendap\u0131 Yerevana qay\u0131d\u0131r","datePublished":"2021-07-07T17:10:48+00:00","dateModified":"2021-09-13T07:49:13+00:00","mainEntityOfPage":{"@id":"https:\/\/jam-news.net\/az\/klub-stendapi-yerevana-qayidir\/"},"wordCount":1235,"publisher":{"@id":"https:\/\/jam-news.net\/az\/#organization"},"image":{"@id":"https:\/\/jam-news.net\/az\/klub-stendapi-yerevana-qayidir\/#primaryimage"},"thumbnailUrl":"https:\/\/jam-news.net\/app\/uploads\/2021\/07\/Club-Stand-up-in-Yerevan-Ani.jpg","articleSection":["Armenia","Armenia-Azerbaijan: Context","Entertainment","Explainer","Lifestyle","Photo\/Video","Stories"],"inLanguage":"az"},{"@type":"WebPage","@id":"https:\/\/jam-news.net\/az\/klub-stendapi-yerevana-qayidir\/","url":"https:\/\/jam-news.net\/az\/klub-stendapi-yerevana-qayidir\/","name":"Klub stendap\u0131 Yerevana qay\u0131d\u0131r","isPartOf":{"@id":"https:\/\/jam-news.net\/az\/#website"},"primaryImageOfPage":{"@id":"https:\/\/jam-news.net\/az\/klub-stendapi-yerevana-qayidir\/#primaryimage"},"image":{"@id":"https:\/\/jam-news.net\/az\/klub-stendapi-yerevana-qayidir\/#primaryimage"},"thumbnailUrl":"https:\/\/jam-news.net\/app\/uploads\/2021\/07\/Club-Stand-up-in-Yerevan-Ani.jpg","datePublished":"2021-07-07T17:10:48+00:00","dateModified":"2021-09-13T07:49:13+00:00","description":"Ax\u015fam saat 10. Qaranl\u0131q pab, siqaret t\u00fcst\u00fcs\u00fc, b\u00fct\u00fcn yerl\u0259r doludur. Ani Barseqyan mikrofonu g\u00f6t\u00fcr\u00fcr. Bura Yerevanda, Kond-hausda stendap klubudur. Video v\u0259 foto","breadcrumb":{"@id":"https:\/\/jam-news.net\/az\/klub-stendapi-yerevana-qayidir\/#breadcrumb"},"inLanguage":"az","potentialAction":[{"@type":"ReadAction","target":["https:\/\/jam-news.net\/az\/klub-stendapi-yerevana-qayidir\/"]}]},{"@type":"ImageObject","inLanguage":"az","@id":"https:\/\/jam-news.net\/az\/klub-stendapi-yerevana-qayidir\/#primaryimage","url":"https:\/\/jam-news.net\/app\/uploads\/2021\/07\/Club-Stand-up-in-Yerevan-Ani.jpg","contentUrl":"https:\/\/jam-news.net\/app\/uploads\/2021\/07\/Club-Stand-up-in-Yerevan-Ani.jpg","width":1200,"height":800},{"@type":"BreadcrumbList","@id":"https:\/\/jam-news.net\/az\/klub-stendapi-yerevana-qayidir\/#breadcrumb","itemListElement":[{"@type":"ListItem","position":1,"name":"Home","item":"https:\/\/jam-news.net\/az\/"},{"@type":"ListItem","position":2,"name":"Klub stendap\u0131 Yerevana qay\u0131d\u0131r"}]},{"@type":"WebSite","@id":"https:\/\/jam-news.net\/az\/#website","url":"https:\/\/jam-news.net\/az\/","name":"Azerbaijani Jamnews","description":"Caucasus News, Politics and Society","publisher":{"@id":"https:\/\/jam-news.net\/az\/#organization"},"potentialAction":[{"@type":"SearchAction","target":{"@type":"EntryPoint","urlTemplate":"https:\/\/jam-news.net\/az\/?s={search_term_string}"},"query-input":{"@type":"PropertyValueSpecification","valueRequired":true,"valueName":"search_term_string"}}],"inLanguage":"az"},{"@type":"Organization","@id":"https:\/\/jam-news.net\/az\/#organization","name":"JAMnews","url":"https:\/\/jam-news.net\/az\/","logo":{"@type":"ImageObject","inLanguage":"az","@id":"https:\/\/jam-news.net\/az\/#\/schema\/logo\/image\/","url":"https:\/\/jam-news.net\/app\/uploads\/2020\/05\/JAM_w.jpg","contentUrl":"https:\/\/jam-news.net\/app\/uploads\/2020\/05\/JAM_w.jpg","width":960,"height":960,"caption":"JAMnews"},"image":{"@id":"https:\/\/jam-news.net\/az\/#\/schema\/logo\/image\/"},"sameAs":["https:\/\/www.facebook.com\/JAMnewsInEnglish\/","https:\/\/x.com\/JAMnewsCaucasus","https:\/\/www.instagram.com\/jam_news\/","https:\/\/www.youtube.com\/channel\/UCXQbUCme2pykuZYXWHx4VPg"]},{"@type":"Person","@id":"https:\/\/jam-news.net\/az\/#\/schema\/person\/67df3bb7adb46cd513fb9c4cb02361c6","name":"JAMnews","image":{"@type":"ImageObject","inLanguage":"az","@id":"https:\/\/jam-news.net\/az\/#\/schema\/person\/image\/","url":"https:\/\/secure.gravatar.com\/avatar\/e5c27593ef900c3ab3deed4ed1c653d7?s=96&d=mm&r=g","contentUrl":"https:\/\/secure.gravatar.com\/avatar\/e5c27593ef900c3ab3deed4ed1c653d7?s=96&d=mm&r=g","caption":"JAMnews"},"url":"https:\/\/jam-news.net\/az\/author\/margarita\/"}]}},"_links":{"self":[{"href":"https:\/\/jam-news.net\/az\/wp-json\/wp\/v2\/posts\/49287","targetHints":{"allow":["GET"]}}],"collection":[{"href":"https:\/\/jam-news.net\/az\/wp-json\/wp\/v2\/posts"}],"about":[{"href":"https:\/\/jam-news.net\/az\/wp-json\/wp\/v2\/types\/post"}],"author":[{"embeddable":true,"href":"https:\/\/jam-news.net\/az\/wp-json\/wp\/v2\/users\/3"}],"replies":[{"embeddable":true,"href":"https:\/\/jam-news.net\/az\/wp-json\/wp\/v2\/comments?post=49287"}],"version-history":[{"count":4,"href":"https:\/\/jam-news.net\/az\/wp-json\/wp\/v2\/posts\/49287\/revisions"}],"predecessor-version":[{"id":52480,"href":"https:\/\/jam-news.net\/az\/wp-json\/wp\/v2\/posts\/49287\/revisions\/52480"}],"wp:featuredmedia":[{"embeddable":true,"href":"https:\/\/jam-news.net\/az\/wp-json\/wp\/v2\/media\/49180"}],"wp:attachment":[{"href":"https:\/\/jam-news.net\/az\/wp-json\/wp\/v2\/media?parent=49287"}],"wp:term":[{"taxonomy":"category","embeddable":true,"href":"https:\/\/jam-news.net\/az\/wp-json\/wp\/v2\/categories?post=49287"},{"taxonomy":"post_tag","embeddable":true,"href":"https:\/\/jam-news.net\/az\/wp-json\/wp\/v2\/tags?post=49287"},{"taxonomy":"formation","embeddable":true,"href":"https:\/\/jam-news.net\/az\/wp-json\/wp\/v2\/formation?post=49287"},{"taxonomy":"post-author","embeddable":true,"href":"https:\/\/jam-news.net\/az\/wp-json\/wp\/v2\/post-author?post=49287"},{"taxonomy":"topic","embeddable":true,"href":"https:\/\/jam-news.net\/az\/wp-json\/wp\/v2\/topic?post=49287"},{"taxonomy":"tooltip","embeddable":true,"href":"https:\/\/jam-news.net\/az\/wp-json\/wp\/v2\/tooltip?post=49287"},{"taxonomy":"city","embeddable":true,"href":"https:\/\/jam-news.net\/az\/wp-json\/wp\/v2\/city?post=49287"}],"curies":[{"name":"wp","href":"https:\/\/api.w.org\/{rel}","templated":true}]}}