{"id":48364,"date":"2021-06-17T15:07:03","date_gmt":"2021-06-17T11:07:03","guid":{"rendered":"https:\/\/jam-news.net\/az\/?p=48364"},"modified":"2022-01-20T19:15:38","modified_gmt":"2022-01-20T15:15:38","slug":"navalni-ukrayna-kiber-hucumlar-bayden-v%c9%99-putin-ilk-r%c9%99smi-gorusd%c9%99-n%c9%99l%c9%99rd%c9%99n-danisiblar","status":"publish","type":"post","link":"https:\/\/jam-news.net\/az\/navalni-ukrayna-kiber-hucumlar-bayden-v%c9%99-putin-ilk-r%c9%99smi-gorusd%c9%99-n%c9%99l%c9%99rd%c9%99n-danisiblar\/","title":{"rendered":"Navaln\u0131, Ukrayna, kiber-h\u00fccumlar \u2013 Bayden v\u0259 Putin ilk r\u0259smi g\u00f6r\u00fc\u015fd\u0259 n\u0259l\u0259rd\u0259n dan\u0131\u015f\u0131blar?"},"content":{"rendered":"\n<p><strong>Putin v\u0259 Bayden Cenevr\u0259d\u0259 g\u00f6r\u00fc\u015f\u00fcb<\/strong><\/p>\n\n\n\n<p><em>\u0130<\/em><em>yunun<\/em><em> 16-<\/em><em>da<\/em><em> \u0130<\/em><em>sve<\/em><em>\u00e7<\/em><em>r<\/em><em>\u0259<\/em><em>d<\/em><em>\u0259, <\/em><em>Cenevr<\/em><em>\u0259<\/em><em>d<\/em><em>\u0259<\/em><em>ki<\/em><em> <\/em><em>La<\/em><em> <\/em><em>Qranj<\/em><em> <\/em><em>villas<\/em><em>\u0131<\/em><em>nda<\/em><em> <\/em><em>AB<\/em><em>\u015e <\/em><em>v<\/em><em>\u0259 <\/em><em>Rusiya<\/em><em> <\/em><em>prezidentl<\/em><em>\u0259<\/em><em>ri<\/em><em> <\/em><em>Co<\/em><em> <\/em><em>Bayden<\/em><em> <\/em><em>v<\/em><em>\u0259 <\/em><em>Vladimir<\/em><em> <\/em><em>Putinin<\/em><em> <\/em><em>g<\/em><em>\u00f6<\/em><em>r<\/em><em>\u00fc\u015f\u00fc <\/em><em>ba<\/em><em>\u015f <\/em><em>tutub<\/em><em>.<\/em><em> Bu, Co Baydenin AB\u015e prezidenti v\u0259zif\u0259sin\u0259 g\u0259ldiyind\u0259n b\u0259ri onlar\u0131n ilk r\u0259smi g\u00f6r\u00fc\u015f\u00fcd\u00fcr. Bu, h\u0259m\u00e7inin Putinin ke\u00e7mi\u015f AB\u015e prezidenti Donald Trampla Xelsinkid\u0259 2018-ci ilin iyulunda ba\u015f tutan g\u00f6r\u00fc\u015f\u00fcnd\u0259n sonra ilk y\u00fcks\u0259k s\u0259viyy\u0259d\u0259 Rusiya-Amerika sammitidir.<\/em><\/p>\n\n\n\n<p><em>G\u00f6r\u00fc\u015f 4 saata yax\u0131n davam edib &#8211; \u0259vv\u0259lc\u0259 \u201cdar\u201d, sonra is\u0259 \u201cgeni\u015f\u201d formatda.<\/em><\/p>\n\n\n\n<p><strong>N\u0259 haqda dan\u0131\u015f\u0131blar?<\/strong><strong><\/strong><\/p>\n\n\n\n<p><a href=\"https:\/\/www.bbc.com\/russian\/live\/news-57500967\" target=\"_blank\" rel=\"noreferrer noopener\">BBC<\/a>&nbsp;prezident Baydenin g\u00f6r\u00fc\u015fd\u0259n sonrak\u0131 m\u0259tbuat konfrans\u0131nda dan\u0131\u015fd\u0131qlar\u0131ndan bir ne\u00e7\u0259 m\u0259s\u0259l\u0259ni ay\u0131r\u0131b:<\/p>\n\n\n\n<ul class=\"wp-block-list\"><li><strong>Kiber-t\u0259hl\u00fck\u0259sizlik \u2013&nbsp;<\/strong>AB\u015e prezidenti Rusiyaya h\u00fccuma m\u0259ruz qalmamal\u0131 olan 16 strateji obyektin siyah\u0131s\u0131n\u0131 verib.<\/li><li><strong>\u0130nsan haqlar\u0131<\/strong> \u2013 AB\u015e prezidenti m\u00fcxalif\u0259tin t\u0259qibi, o c\u00fcml\u0259d\u0259n d\u0259 Aleksey Navaln\u0131 il\u0259 ba\u011fl\u0131 v\u0259ziyy\u0259t haqda, h\u0259m\u00e7inin m\u00fcst\u0259qil k\u00fctl\u0259vi informasiya vasit\u0259l\u0259rinin f\u0259aliyy\u0259tinin vacibliyi bar\u0259d\u0259 dan\u0131\u015f\u0131b. O, Azadl\u0131q Radiosunun f\u0259aliyy\u0259tinin m\u0259hdudla\u015fd\u0131r\u0131ld\u0131\u011f\u0131 haqda da s\u00f6z a\u00e7\u0131b.<\/li><li><strong>Strateji stabillik <\/strong>\u2013 t\u0259r\u0259fl\u0259r silahla ba\u011fl\u0131 m\u0259hdudiyy\u0259t \u00fczr\u0259 qar\u015f\u0131l\u0131ql\u0131 dialoqa ba\u015flamaq haqda raz\u0131l\u0131\u011fa g\u0259libl\u0259r.<\/li><li><strong>Ukraynan\u0131n t\u0259hl\u00fck\u0259sizliyi <\/strong>\u2013 Minsk raz\u0131la\u015fmas\u0131na \u0259m\u0259li olunmas\u0131n\u0131n vacibliyi haqda dan\u0131\u015f\u0131blar.<\/li><li><strong>Belarus <\/strong>\u2013 Bayden \u00f6lk\u0259d\u0259ki v\u0259ziyy\u0259tl\u0259 ba\u011fl\u0131 narahatl\u0131\u011f\u0131n\u0131 dil\u0259 g\u0259tirib.<\/li><li><strong>M\u0259hbuslar\u0131n d\u0259yi\u015fdirilm\u0259si <\/strong>\u2013 AB\u015e prezidenti h\u0259bsxanalarda saxlan\u0131lan insanlar\u0131n qar\u015f\u0131l\u0131ql\u0131 m\u00fcbadil\u0259sinin m\u00fcmk\u00fcnl\u00fcy\u00fcn\u00fc qeyd edib.<\/li><\/ul>\n\n\n\n<p>Ukraynan\u0131n &#8220;Hromadske&#8221; telekanal\u0131n\u0131n Cenevr\u0259d\u0259n reportaj\u0131:<\/p>\n\n\n\n<figure class=\"wp-block-embed-youtube wp-block-embed is-type-video is-provider-youtube wp-embed-aspect-16-9 wp-has-aspect-ratio\"><div class=\"wp-block-embed__wrapper\">\n<iframe loading=\"lazy\" title=\"\u041a\u0440\u0430\u0441\u043d\u044b\u0435 \u043b\u0438\u043d\u0438\u0438, \u043f\u0440\u043e\u0442\u0435\u0441\u0442\u044b \u0438 \u0445\u043e\u0445\u043b\u043e\u043c\u0430: \u0433\u043b\u0430\u0432\u043d\u043e\u0435 \u0441\u043e \u0432\u0441\u0442\u0440\u0435\u0447\u0438 \u0411\u0430\u0439\u0434\u0435\u043d\u0430 \u0438 \u041f\u0443\u0442\u0438\u043d\u0430 \/ \u042d\u043a\u0441\u043a\u043b\u044e\u0437\u0438\u0432 \u0438\u0437 \u0416\u0435\u043d\u0435\u0432\u044b\" width=\"500\" height=\"281\" src=\"https:\/\/www.youtube.com\/embed\/9pk_S0uJ6cQ?feature=oembed\" frameborder=\"0\" allow=\"accelerometer; autoplay; clipboard-write; encrypted-media; gyroscope; picture-in-picture; web-share\" referrerpolicy=\"strict-origin-when-cross-origin\" allowfullscreen><\/iframe>\n<\/div><\/figure>\n\n\n\n<hr class=\"wp-block-separator is-style-wide\"\/>\n\n\n\n<ul class=\"wp-block-list\"><li><strong><a rel=\"noreferrer noopener\" href=\"https:\/\/jam-news.net\/az\/korrupsiya-il%c9%99-mubariz%c9%99-terrorizm-kimi-rusiya-m%c9%99hk%c9%99m%c9%99si-navalninin-t%c9%99skilatlarini-qanunsuz-elan-edib\/\" target=\"_blank\">Korrupsiya il\u0259 m\u00fcbariz\u0259 terrorizm kimi. Rusiya m\u0259hk\u0259m\u0259si Navaln\u0131n\u0131n t\u0259\u015fkilatlar\u0131n\u0131 qanunsuz elan edib<\/a><\/strong><\/li><li><a href=\"https:\/\/jam-news.net\/az\/belarus-hakimiyy%c9%99ti-beyn%c9%99lxalq-reysi-minskd%c9%99-endir%c9%99r%c9%99k-muxalif%c9%99tcini-h%c9%99bs-edib\/\"><strong>Belarus hakimiyy\u0259ti beyn\u0259lxalq reysi Minskd\u0259 endir\u0259r\u0259k m\u00fcxalif\u0259t\u00e7ini h\u0259bs edib<\/strong><\/a><\/li><li><a href=\"https:\/\/jam-news.net\/az\/belarusda-repressiyalar-tut-by-n%c9%99srinin-butun-r%c9%99hb%c9%99rliyi-v%c9%99-jurnalistl%c9%99ri-h%c9%99bs-edilib\/\" target=\"_blank\" rel=\"noreferrer noopener\"><strong>Belarusda repressiyalar: TUT.by n\u0259\u015frinin b\u00fct\u00fcn r\u0259hb\u0259rliyi v\u0259 jurnalistl\u0259ri h\u0259bs edilib<\/strong><\/a><\/li><\/ul>\n\n\n\n<hr class=\"wp-block-separator is-style-wide\"\/>\n\n\n\n<h2 class=\"wp-block-heading\"><strong>N\u0259 haqda raz\u0131l\u0131\u011fa g\u0259libl\u0259r?<\/strong><\/h2>\n\n\n\n<p>Vladimir Putin brifinqinin \u0259n ba\u015f\u0131nda bildirib ki, Moskva v\u0259 Va\u015finqtona s\u0259firl\u0259rin geri qaytar\u0131lmas\u0131 haqda Baydenl\u0259 raz\u0131l\u0131\u011fa g\u0259libl\u0259r. Konkret n\u0259 zaman \u2013 bu art\u0131q texniki m\u0259s\u0259l\u0259dir.<\/p>\n\n\n\n<p>Prezidentl\u0259r h\u0259m\u00e7inin n\u00fcv\u0259 silahlar\u0131na n\u0259zar\u0259t \u00fczr\u0259 m\u0259sl\u0259h\u0259tl\u0259\u015fm\u0259r\u0259 ba\u015flan\u0131lmas\u0131 haqda raz\u0131l\u0131\u011fa g\u0259libl\u0259r. Prezidentl\u0259rin bu m\u00f6vzuda birg\u0259 b\u0259yanat\u0131n\u0131n m\u0259tni Kremlin sayt\u0131nda <a href=\"http:\/\/kremlin.ru\/supplement\/5658\" target=\"_blank\" rel=\"noreferrer noopener\">d\u0259rc olunub<\/a>.<\/p>\n\n\n\n<figure class=\"wp-block-embed-twitter wp-block-embed is-type-rich is-provider-twitter\"><div class=\"wp-block-embed__wrapper\">\n<blockquote class=\"twitter-tweet\" data-width=\"500\" data-dnt=\"true\"><p lang=\"en\" dir=\"ltr\">Shoving ensues among press corps covering the Biden-Putin summit in Geneva<a href=\"https:\/\/t.co\/8SuV9shcYV\">https:\/\/t.co\/8SuV9shcYV<\/a> <a href=\"https:\/\/t.co\/csJilAPwtw\">pic.twitter.com\/csJilAPwtw<\/a><\/p>&mdash; JM Rieger (@RiegerReport) <a href=\"https:\/\/twitter.com\/RiegerReport\/status\/1405154353476931584?ref_src=twsrc%5Etfw\">June 16, 2021<\/a><\/blockquote><script async src=\"https:\/\/platform.twitter.com\/widgets.js\" charset=\"utf-8\"><\/script>\n<\/div><\/figure>\n\n\n\n<p>\u0130ndi \u00f6lk\u0259l\u0259r aras\u0131nda Strateji H\u00fccum Silahalar\u0131 haqda aer\u0131q \u00fc\u00e7\u00fcnc\u00fc sazi\u015f q\u00fcvv\u0259d\u0259dir. Onun m\u00fcdd\u0259ti 2020-ci ild\u0259 bitib, amma 2021-ci ilin fevral\u0131nda Putin v\u0259 Baydenin q\u0259rar\u0131 il\u0259 bu m\u00fcdd\u0259t daha 5 il uzad\u0131l\u0131b. D\u00fczd\u00fcr, bu q\u0259rar h\u0259ll\u0259 D\u00f6vl\u0259t Dumas\u0131 t\u0259r\u0259find\u0259n ratifikasiya edilm\u0259lidir.<\/p>\n\n\n\n<p><em>\u201cAB\u015e v\u0259 RF \u00fcz\u0259rin\u0259 d\u00fcnyadak\u0131 strateji stabilliy\u0259 g\u00f6r\u0259 x\u00fcsusi m\u0259suliyy\u0259t d\u00fc\u015f\u00fcr, \u0259n az\u0131 ona g\u00f6r\u0259 ki, biz iki n\u0259h\u0259ng n\u00fcv\u0259 d\u00f6vl\u0259tiyik&#8230; Bayden Bayden CHB-3-\u00fcn m\u00fcdd\u0259tinin 2024-c\u00fc il\u0259 q\u0259d\u0259r uzad\u0131lmas\u0131 haqda zaman\u0131nda v\u0259 laz\u0131ml\u0131 q\u0259rar verib. \u018flb\u0259tt\u0259, sual var, bundan sonra n\u0259 etm\u0259li? Biz qurumlararas\u0131s\u0259viyy\u0259d\u0259 dan\u0131\u015f\u0131qlar\u0131n ba\u015flanmas\u0131 il\u0259 \u0259laq\u0259dar raz\u0131l\u0131\u011fa g\u0259ldik\u201d, &#8211; <\/em>Ukraynan\u0131n&nbsp;<a href=\"https:\/\/hromadske.ua\/ru\/posts\/sammit-bajdena-i-putina-v-zheneve-tekstovyj-onlajn\" target=\"_blank\" rel=\"noreferrer noopener\">Hromadske<\/a> telekanal\u0131 Putind\u0259n sitat g\u0259tirib.<\/p>\n\n\n\n<figure class=\"wp-block-image size-large\"><img loading=\"lazy\" decoding=\"async\" width=\"1024\" height=\"683\" src=\"https:\/\/jam-news.net\/app\/uploads\/2021\/06\/RTXDBMPP-1024x683.jpg\" alt=\"\" class=\"wp-image-48334\" srcset=\"https:\/\/jam-news.net\/app\/uploads\/2021\/06\/RTXDBMPP-1024x683.jpg 1024w, https:\/\/jam-news.net\/app\/uploads\/2021\/06\/RTXDBMPP-300x200.jpg 300w, https:\/\/jam-news.net\/app\/uploads\/2021\/06\/RTXDBMPP-768x512.jpg 768w, https:\/\/jam-news.net\/app\/uploads\/2021\/06\/RTXDBMPP.jpg 1200w\" sizes=\"auto, (max-width: 1024px) 100vw, 1024px\" \/><figcaption><em>Rusiya v\u0259 AB\u015e prezidentl\u0259ri Vladimir Putin v\u0259 Cozef Baydenin g\u00f6r\u00fc\u015f\u00fc. Cenevr\u0259, 16 iyun 2021-ci il. REUTERS\/Denis Balibouse<\/em><\/figcaption><\/figure>\n\n\n\n<h2 class=\"wp-block-heading\"><strong>N\u0259 haqda raz\u0131l\u0131\u011fa g\u0259libl\u0259r?<\/strong><\/h2>\n\n\n\n<p><strong>Ukrayna v\u0259 Belarus<\/strong><\/p>\n\n\n\n<p>Ukrayna m\u00f6vzusuna toxunulub, amma \u00e7ox t\u0259f\u0259rr\u00fcatl\u0131 yox \u2013 Putin g\u00f6r\u00fc\u015fd\u0259n sonra bildirib. Onun s\u00f6zl\u0259rin\u0259 g\u00f6r\u0259, prezident Bayden raz\u0131la\u015f\u0131b ki, Donbasda m\u00fcnaqi\u015f\u0259nin nizamlanmas\u0131n\u0131n \u0259sas\u0131n\u0131 Minsk raz\u0131la\u015fmalar\u0131 t\u0259\u015fkil edir.<\/p>\n\n\n\n<p>Bu m\u0259s\u0259l\u0259d\u0259 Putin Kiyevin iddialar\u0131n\u0131 r\u0259dd edib v\u0259 bildirib ki, Ukrayna \u00f6z s\u0259rh\u0259dl\u0259rinin n\u0259zar\u0259tini ancaq Donbasda Kiyevin r\u0259sm\u0259n tan\u0131d\u0131\u011f\u0131 se\u00e7kil\u0259r ke\u00e7iril\u0259nd\u0259n sonra qaytara bil\u0259c\u0259k.<\/p>\n\n\n\n<figure class=\"wp-block-image size-large\"><img loading=\"lazy\" decoding=\"async\" width=\"1024\" height=\"683\" src=\"https:\/\/jam-news.net\/app\/uploads\/2021\/06\/RTXDBMPR-1024x683.jpg\" alt=\"\" class=\"wp-image-48335\" srcset=\"https:\/\/jam-news.net\/app\/uploads\/2021\/06\/RTXDBMPR-1024x683.jpg 1024w, https:\/\/jam-news.net\/app\/uploads\/2021\/06\/RTXDBMPR-300x200.jpg 300w, https:\/\/jam-news.net\/app\/uploads\/2021\/06\/RTXDBMPR-768x512.jpg 768w, https:\/\/jam-news.net\/app\/uploads\/2021\/06\/RTXDBMPR.jpg 1200w\" sizes=\"auto, (max-width: 1024px) 100vw, 1024px\" \/><figcaption><em>Rusiya v\u0259 AB\u015e prezidentl\u0259ri Vladimir Putin v\u0259 Cozef Baydenin g\u00f6r\u00fc\u015f\u00fc. Cenevr\u0259, 16 iyun 2021. REUTERS\/Denis Balibouse<\/em><\/figcaption><\/figure>\n\n\n\n<p>Bayden d\u0259 \u00e7\u0131x\u0131\u015f\u0131nda Ukrayna m\u0259s\u0259l\u0259sin\u0259 toxunub.<\/p>\n\n\n\n<p><em>\u201cM\u0259n Putin\u0259 Ukraynan\u0131n \u0259razi b\u00fct\u00f6vl\u00fcy\u00fc v\u0259 suverenliyin\u0259 sars\u0131lmaz d\u0259st\u0259yimizi t\u0259sdiql\u0259dim. Biz h\u0259m\u00e7inin m\u0259ni narahat ed\u0259n Belarus m\u0259s\u0259l\u0259sini d\u0259 m\u00fczakir\u0259 etdik. O, ba\u015f ver\u0259nl\u0259rl\u0259 raz\u0131 deyil, sad\u0259c\u0259 bununla n\u0259 etm\u0259k laz\u0131m oldu\u011funa dair onun ba\u015fqa n\u0259z\u0259r n\u00f6qt\u0259si var\u201d, &#8211; <\/em>AB\u015e prezidenti brifinqd\u0259 bildirib.<\/p>\n\n\n\n<p>Ukraynan\u0131n NATO-a daxil olmas\u0131 ehtimal\u0131na g\u0259linc\u0259, Putinin s\u00f6zl\u0259rin\u0259 g\u00f6r\u0259, bu m\u00f6vzuya \u00f6t\u0259ri toxunulub v\u0259 \u201cburada m\u00fczakir\u0259 olunacaq bir \u015fey yoxdur\u201d.<\/p>\n\n\n\n<p><strong>\u0130nsan haqlar\u0131, Navaln\u0131 v\u0259 Rusiya m\u00fcxalif\u0259ti<\/strong><\/p>\n\n\n\n<p><em>\u201cM\u0259n Putin\u0259 a\u00e7\u0131q bildirdim ki, biz insan haqlar\u0131 haqda m\u0259s\u0259l\u0259ni qald\u0131raca\u011f\u0131q, Aleksey <\/em><em><a href=\"https:\/\/jam-news.net\/ru\/topic\/%d0%b0%d0%bb%d0%b5%d0%ba%d1%81%d0%b5%d0%b9-%d0%bd%d0%b0%d0%b2%d0%b0%d0%bb%d1%8c%d0%bd%d1%8b%d0%b9\/\" target=\"_blank\" rel=\"noreferrer noopener\">Navaln\u0131<\/a> il\u0259 ba\u011fl\u0131 m\u0259s\u0259l\u0259l\u0259r kimi.&nbsp;<\/em><em>Biz h\u0259mi\u015f\u0259 insan haqlar\u0131 sah\u0259sini geni\u015fl\u0259ndiririk, ora getdikc\u0259 daha \u00e7ox insanlar\u0131 daxil edirik&#8230; M\u0259n Putn\u0259 dedim ki, bizim d\u0259qiq t\u0259m\u0259l oyun qaydalar\u0131m\u0131z olmal\u0131d\u0131r, hans\u0131lara ki, \u0259m\u0259l etm\u0259k laz\u0131md\u0131r. V\u0259 bizim m\u00fc\u0259yy\u0259n t\u0259mas n\u00f6qt\u0259l\u0259rimiz var\u201d, <\/em>&#8211; Bayden qeyd edib.<\/p>\n\n\n\n<p><em>\u201cM\u0259n Putin\u0259 dedim ki, \u0259g\u0259r Aleksey Navaln\u0131 h\u0259bsxanada \u00f6ls\u0259, o zaman Rusiya \u00fc\u00e7\u00fcn n\u0259tic\u0259l\u0259r da\u011f\u0131d\u0131c\u0131 olacaq\u201d, <\/em>&#8211; AB\u015e prezidenti bildirib.<\/p>\n\n\n<article class=\"single-card uk-flex uk-flex-between m-b-sm-40\">\n\n  <div class=\"uk-grid wi-full-width\">\n\n    <div class=\"uk-width-2-3 p-t-sm-10\">\n      <a href=\"https:\/\/jam-news.net\/az\/rusiya-navalni-m%c9%99hk%c9%99m%c9%99-rusiyada-muxalif%c9%99t-putin-novicok\/\" target=\"_blank\">\n\n\n\n\n\n        <h2 class=\"m-b-sm-23 wi-merriweather-light\">\n\t\u201cMilyonlar\u0131 h\u0259bs etm\u0259k olmaz\u201d. Rusiya m\u00fcxalif\u0259tinin lideri m\u0259hkum edildi\n<\/h2>\n\n        <p class=\"paragraph-color-2 m-b-sm-10 m-b-xs-7\">\n  Alleksey Navaln\u0131 2 il 8 ay m\u00fcdd\u0259tin\u0259 azadl\u0131qdan m\u0259hrum edilib. M\u0259hk\u0259m\u0259 zal\u0131nda v\u0259 Moskva k\u00fc\u00e7\u0259l\u0259rind\u0259 n\u0259l\u0259r ba\u015f verib?\n<\/p>\n      <\/a>\n    <\/div>\n    <div class=\"uk-width-1-3\">\n      <figure class=\"wi-full-height choose-post__img wi-merriweather-light\">\n  <a class=\"\" href=\"https:\/\/jam-news.net\/az\/rusiya-navalni-m%c9%99hk%c9%99m%c9%99-rusiyada-muxalif%c9%99t-putin-novicok\/\">\n    <img decoding=\"async\" class=\"wi-full-height wi-ratio-img\" src=\"https:\/\/jam-news.net\/app\/uploads\/2021\/02\/145944662_1809420635899488_449977036302853168_o.jpg\" alt=\"\" uk-img \/>\n  <\/a>\n<\/figure>\n    <\/div>\n  <\/div>\n<\/article>\n\n\n\n<p>Amma Putin Rusiya m\u00fcxalif\u0259tinin z\u0259h\u0259rl\u0259nm\u0259si v\u0259 daha sonra h\u0259bs olunmas\u0131 il\u0259 ba\u011fl\u0131 t\u0259nqidi q\u0259bul etm\u0259yib.<\/p>\n\n\n\n<p><em>\u201cBu insan bilirdi ki, Rusiyada q\u00fcvv\u0259d\u0259 olan qanunu pozur. \u015e\u00fcurlu \u015f\u0259kild\u0259 &#8211; bunu vur\u011fulamaq ist\u0259yir\u0259m \u2013 qanunun t\u0259l\u0259bl\u0259rini iqnor ed\u0259r\u0259k bu v\u0259t\u0259nda\u015f m\u00fcalic\u0259 \u00fc\u00e7\u00fcn xaric\u0259 gedib&#8230; M\u0259n \u015f\u00fcbh\u0259l\u0259nir\u0259m ki, o, qay\u0131td\u0131\u011f\u0131 zaman \u015f\u00fcuru \u015f\u0259kild\u0259 saxlanmaq \u00fc\u00e7\u00fcn g\u0259lirdi\u201d, <\/em>&#8211; Putin deyib.<\/p>\n\n\n\n<p>Bundan ba\u015fqa, Putin AB\u015e-\u0131n d\u0259st\u0259kl\u0259diyi t\u0259\u015fkilatlar\u0131n Rusiyada d\u00fc\u015fm\u0259n f\u0259aliyy\u0259ti haqda \u00e7ox dan\u0131\u015f\u0131b.<\/p>\n\n\n\n<p><em>\u201cSizin xat\u0131rlatd\u0131\u011f\u0131n\u0131z t\u0259\u015fkilat (<\/em>Alrksey Navaln\u0131n\u0131n Korrupsiya il\u0259 M\u00fcbariz\u0259 Fondu<em>) a\u00e7\u0131q \u015f\u0259kild\u0259 k\u00fctl\u0259vi i\u011fti\u015fa\u015flara \u00e7a\u011f\u0131r\u0131\u015f edib, buna azya\u015fl\u0131lar\u0131 c\u0259lb edib, Molotov kokteylinin haz\u0131rlanmas\u0131na dair t\u0259limat d\u0259rc edib\u201d.<\/em><\/p>\n\n\n\n<p><strong>Putin qatildirmi?<\/strong><\/p>\n\n\n\n<p>M\u0259tbuat konfrans\u0131nda Putin Baydenin Rusiya prezidentinin \u201cqatil\u201d olmas\u0131 il\u0259 raz\u0131la\u015fd\u0131\u011f\u0131 m\u0259\u015f\u011fur m\u00fcsahib\u0259sini d\u0259 \u015f\u0259rh etm\u0259li olub.<\/p>\n\n\n\n<p><em>\u201cBayden insan haqlar\u0131 problemin\u0259 toxunub. K\u0259skin b\u0259yanatlara g\u0259linc\u0259&#8230; Biz ham\u0131m\u0131z bilirik ki, bundan sonra Bayden m\u0259n\u0259 z\u0259nf vurub, biz \u00f6z m\u00f6vqel\u0259rimizi izah etmi\u015fik, izahatlar kafi olub\u201d, <\/em>&#8211; Putin deyib v\u0259 \u0259lav\u0259 edib ki, AB\u015e-da da, ba\u015fqa \u00f6lk\u0259l\u0259rd\u0259 d\u0259 insanlara i\u015fg\u0259nc\u0259 verir v\u0259 \u00f6ld\u00fcr\u00fcrl\u0259r.<\/p>\n\n\n\n<p>Co Baydend\u0259n m\u0259tbuat konfrans\u0131nda m\u0259\u015fhur m\u00fcsahib\u0259sind\u0259n sonra Putin\u0259 m\u0259hz n\u0259 dediyi soru\u015fulub.<\/p>\n\n\n\n<p><em>\u201cM\u0259nim s\u00f6zl\u0259rim onu t\u0259min etdi\u201d, &#8211; <\/em>Bayden sual\u0131n cavab\u0131nda t\u0259krar edib.<\/p>\n\n\n\n<p><strong>Kiber h\u00fccumlar haqda<\/strong><\/p>\n\n\n\n<p>Baydenin b\u0259yanatlar\u0131na \u0259sas\u0259n, Putinl\u0259 s\u00f6hb\u0259tind\u0259 bu m\u0259s\u0259l\u0259y\u0259 x\u00fcsusi diqq\u0259t yetirib v\u0259 h\u0259tta m\u00fc\u0259yy\u0259n cavab add\u0131mlar\u0131n\u0131n m\u00fcmk\u00fcnl\u00fcy\u00fcn\u0259 eyham vurub:<\/p>\n\n\n\n<p><em>\u201c\u018fg\u0259r biz kiber m\u0259kanda Rusiya obyektl\u0259rin\u0259 h\u00fccum ets\u0259ydik n\u0259 olard\u0131? \u018fg\u0259r biz ba\u015fqa \u00f6lk\u0259l\u0259rin se\u00e7kil\u0259rin\u0259 m\u00fcdaxil\u0259 ets\u0259ydik? Bu, \u00f6lk\u0259nin m\u00f6vqel\u0259rini z\u0259ifl\u0259d\u0259rdi v\u0259 bu, b\u00f6y\u00fck derjava statusunu qoruma\u011fa \u00e7al\u0131\u015fan Rusiyan\u0131n m\u00f6vqel\u0259rini z\u0259ifl\u0259dir. M\u0259n dedim ki, kiber t\u0259hl\u00fck\u0259sizlikl\u0259 ba\u011fl\u0131 bizim ikkanlar\u0131m\u0131z b\u00f6y\u00fckd\u00fcr. V\u0259 laz\u0131m olarsa, biz reaksiya ver\u0259c\u0259yik. Putin bunu bilir. Putinin indi \u0259n son ist\u0259y\u0259c\u0259yi \u015fey soyuq m\u00fcharib\u0259dir\u201d, &#8211; <\/em>AB\u015e prezidenti bildirib.<\/p>\n\n\n\n<h2 class=\"wp-block-heading\"><strong>Putini nec\u0259 qar\u015f\u0131lay\u0131blar: \u00fc\u00e7 bilbord, LGBT bayraqlar\u0131, Navaln\u0131 qraffitisi<\/strong><\/h2>\n\n\n\n<p>Cenevr\u0259d\u0259 Bayden v\u0259 Putin sammitind\u0259n \u0259vv\u0259l <em>\u201cNavaln\u0131 \u201cNovi\u00e7ok\u201dla z\u0259h\u0259rl\u0259nib\u201d, \u201cV\u0259 h\u0259l\u0259 d\u0259 istintaq yoxdur\u201d, \u201cBu nec\u0259 olur, prezident Putin?\u201d<\/em> yaz\u0131lm\u0131\u015f \u00fc\u00e7 bilbord qura\u015fd\u0131r\u0131l\u0131b. Plakatlar \u201cEbbinq, Missuri s\u0259rh\u0259dind\u0259 \u00fc\u00e7 bilbord\u201d b\u0259dii filmi \u00fcslubunda haz\u0131rlan\u0131b. Filmin ba\u015f q\u0259hr\u0259man\u0131 olan qad\u0131n\u00fc\u00e7 reklam l\u00f6vh\u0259sind\u0259 q\u0131z\u0131n\u0131n q\u0259tlinin istintaq\u0131 il\u0259 ba\u011fl\u0131 yerli \u015ferif\u0259 sual \u00fcnvanlay\u0131b.<\/p>\n\n\n\n<p>Bilbordlar bir ne\u00e7\u0259 g\u00fcn \u0259vv\u0259l r\u0259ssam Culien Baronun Rusoya m\u00fcxalif\u0259tinin liderinin qraffitisini \u00e7\u0259kdiyi k\u00fc\u00e7\u0259d\u0259 qura\u015fd\u0131r\u0131l\u0131b.<\/p>\n\n\n\n<figure class=\"wp-block-embed-twitter wp-block-embed is-type-rich is-provider-twitter\"><div class=\"wp-block-embed__wrapper\">\n<blockquote class=\"twitter-tweet\" data-width=\"500\" data-dnt=\"true\"><p lang=\"uk\" dir=\"ltr\">\u041f\u0435\u0440\u0435\u0434 \u0441\u0430\u043c\u0456\u0442\u043e\u043c \u0411\u0430\u0439\u0434\u0435\u043d\u0430 \u0442\u0430 \u041f\u0443\u0442\u0456\u043d\u0430 \u0432 \u0416\u0435\u043d\u0435\u0432\u0456 \u0432\u0441\u0442\u0430\u043d\u043e\u0432\u0438\u043b\u0438 \u0442\u0440\u0438 \u0431\u0456\u043b\u0431\u043e\u0440\u0434\u0438 \u0437 \u043d\u0430\u043f\u0438\u0441\u0430\u043c\u0438 \u00ab\u041d\u0430\u0432\u0430\u043b\u044c\u043d\u043e\u0433\u043e \u043e\u0442\u0440\u0443\u0457\u043b\u0438 &quot;\u041d\u043e\u0432\u0456\u0447\u043a\u043e\u043c&quot;\u00bb, \u00ab\u0406 \u0434\u043e\u0441\u0456 \u043d\u0435\u043c\u0430\u0454 \u0440\u043e\u0437\u0441\u043b\u0456\u0434\u0443\u0432\u0430\u043d\u043d\u044f\u00bb, \u00ab\u042f\u043a \u0442\u0430\u043a, \u043f\u0440\u0435\u0437\u0438\u0434\u0435\u043d\u0442\u0435 \u041f\u0443\u0442\u0456\u043d?\u00bb. \u0426\u0435 \u0432\u0456\u0434\u0441\u0438\u043b\u0430\u043d\u043d\u044f \u0434\u043e \u0445\u0443\u0434\u043e\u0436\u043d\u044c\u043e\u0433\u043e \u0444\u0456\u043b\u044c\u043c\u0443 \u00ab\u0422\u0440\u0438 \u0431\u0456\u043b\u0431\u043e\u0440\u0434\u0438 \u0437\u0430 \u043c\u0435\u0436\u0430\u043c\u0438 \u0415\u0431\u0431\u0456\u043d\u0433\u0430, \u041c\u0456\u0441\u0441\u0443\u0440\u0456\u00bb<br>\u0412\u0456\u0434\u0435\u043e: Leonid Volkov <a href=\"https:\/\/t.co\/qfFnDQtCRf\">pic.twitter.com\/qfFnDQtCRf<\/a><\/p>&mdash; hromadske (@HromadskeUA) <a href=\"https:\/\/twitter.com\/HromadskeUA\/status\/1405147356698402818?ref_src=twsrc%5Etfw\">June 16, 2021<\/a><\/blockquote><script async src=\"https:\/\/platform.twitter.com\/widgets.js\" charset=\"utf-8\"><\/script>\n<\/div><\/figure>\n\n\n\n<p>Bundan ba\u015fqa, sammitin ke\u00e7irildiyi villan\u0131n qar\u015f\u0131s\u0131ndak\u0131 evd\u0259n LGBT+ birliyinin bayraqlar\u0131 as\u0131l\u0131b \u2013 g\u00f6r\u00fcn\u00fcr ki, Rusiyada LGBT n\u00fcmay\u0259nd\u0259l\u0259rinin s\u0131\u0131x\u0131\u015fd\u0131r\u0131lmas\u0131na etiraz olaraq.<\/p>\n\n\n\n<figure class=\"wp-block-image size-large\"><img loading=\"lazy\" decoding=\"async\" width=\"1024\" height=\"768\" src=\"https:\/\/jam-news.net\/app\/uploads\/2021\/06\/large-1024x768.jpeg\" alt=\"\" class=\"wp-image-48333\" srcset=\"https:\/\/jam-news.net\/app\/uploads\/2021\/06\/large-1024x768.jpeg 1024w, https:\/\/jam-news.net\/app\/uploads\/2021\/06\/large-300x225.jpeg 300w, https:\/\/jam-news.net\/app\/uploads\/2021\/06\/large-768x576.jpeg 768w, https:\/\/jam-news.net\/app\/uploads\/2021\/06\/large.jpeg 1200w\" sizes=\"auto, (max-width: 1024px) 100vw, 1024px\" \/><figcaption><em>Rusiya v\u0259 AB\u015e prezidentl\u0259ri Vladimir Putin v\u0259 Co Baydenin 2021-ci il iyunun 16-da g\u00f6r\u00fc\u00e7\u00fcn\u00fcn ke\u00e7iril\u0259c\u0259yi villan\u0131n qar\u015f\u0131s\u0131ndak\u0131 evd\u0259n as\u0131lan LGBT+ birliyinin bayraqlar\u0131. Foto: Yelena Kurenkova<\/em><\/figcaption><\/figure>\n","protected":false},"excerpt":{"rendered":"<p>Bayden Putin\u0259 kiber h\u00fccumlar\u0131n cavab\u0131n\u0131n m\u00fcmk\u00fcnl\u00fcy\u00fc haqda x\u0259b\u0259rdarl\u0131q edib, Putin Navaln\u0131n\u0131n h\u0259bsil\u0259 ba\u011fl\u0131 t\u0259nqidi r\u0259dd edib<\/p>\n","protected":false},"author":3,"featured_media":48334,"comment_status":"closed","ping_status":"closed","sticky":false,"template":"","format":"standard","meta":{"_acf_changed":false,"footnotes":""},"categories":[8,50,5,4,1],"tags":[],"formation":[],"post-author":[2888],"topic":[6055,4955,5972],"tooltip":[],"city":[],"class_list":["post-48364","post","type-post","status-publish","format-standard","has-post-thumbnail","hentry","category-dunyada-bas-vernlr","category-xbrlr","category-siyast","category-rusiya","category-uncategorized","post-author-jamnews","topic-ukraynada-munaqis","topic-rusiya","topic-ukrayna"],"acf":[],"yoast_head":"<!-- This site is optimized with the Yoast SEO plugin v24.1 - https:\/\/yoast.com\/wordpress\/plugins\/seo\/ -->\n<title>Navaln\u0131, Ukrayna, kiber-h\u00fccumlar \u2013 Bayden v\u0259 Putin ilk r\u0259smi g\u00f6r\u00fc\u015fd\u0259 n\u0259l\u0259rd\u0259n dan\u0131\u015f\u0131blar? - JAMnews<\/title>\n<meta name=\"description\" content=\"Bayden Putin\u0259 kiber h\u00fccumlar\u0131n cavab\u0131n\u0131n m\u00fcmk\u00fcnl\u00fcy\u00fc haqda x\u0259b\u0259rdarl\u0131q edib, Putin Navaln\u0131n\u0131n h\u0259bsil\u0259 ba\u011fl\u0131 t\u0259nqidi r\u0259dd edib\" \/>\n<meta name=\"robots\" content=\"index, follow, max-snippet:-1, max-image-preview:large, max-video-preview:-1\" \/>\n<link rel=\"canonical\" href=\"https:\/\/jam-news.net\/az\/navalni-ukrayna-kiber-hucumlar-bayden-v\u0259-putin-ilk-r\u0259smi-gorusd\u0259-n\u0259l\u0259rd\u0259n-danisiblar\/\" \/>\n<meta property=\"og:locale\" content=\"az_AZ\" \/>\n<meta property=\"og:type\" content=\"article\" \/>\n<meta property=\"og:title\" content=\"Navaln\u0131, Ukrayna, kiber-h\u00fccumlar \u2013 Bayden v\u0259 Putin ilk r\u0259smi g\u00f6r\u00fc\u015fd\u0259 n\u0259l\u0259rd\u0259n dan\u0131\u015f\u0131blar? - JAMnews\" \/>\n<meta property=\"og:description\" content=\"Bayden Putin\u0259 kiber h\u00fccumlar\u0131n cavab\u0131n\u0131n m\u00fcmk\u00fcnl\u00fcy\u00fc haqda x\u0259b\u0259rdarl\u0131q edib, Putin Navaln\u0131n\u0131n h\u0259bsil\u0259 ba\u011fl\u0131 t\u0259nqidi r\u0259dd edib\" \/>\n<meta property=\"og:url\" content=\"https:\/\/jam-news.net\/az\/navalni-ukrayna-kiber-hucumlar-bayden-v\u0259-putin-ilk-r\u0259smi-gorusd\u0259-n\u0259l\u0259rd\u0259n-danisiblar\/\" \/>\n<meta property=\"og:site_name\" content=\"Azerbaijani Jamnews\" \/>\n<meta property=\"article:publisher\" content=\"https:\/\/www.facebook.com\/JAMnewsInEnglish\/\" \/>\n<meta property=\"article:published_time\" content=\"2021-06-17T11:07:03+00:00\" \/>\n<meta property=\"article:modified_time\" content=\"2022-01-20T15:15:38+00:00\" \/>\n<meta property=\"og:image\" content=\"https:\/\/jam-news.net\/app\/uploads\/2021\/06\/RTXDBMPP.jpg\" \/>\n\t<meta property=\"og:image:width\" content=\"1200\" \/>\n\t<meta property=\"og:image:height\" content=\"800\" \/>\n\t<meta property=\"og:image:type\" content=\"image\/jpeg\" \/>\n<meta name=\"author\" content=\"JAMnews\" \/>\n<meta name=\"twitter:card\" content=\"summary_large_image\" \/>\n<meta name=\"twitter:creator\" content=\"@JAMnewsCaucasus\" \/>\n<meta name=\"twitter:site\" content=\"@JAMnewsCaucasus\" \/>\n<meta name=\"twitter:label1\" content=\"Written by\" \/>\n\t<meta name=\"twitter:data1\" content=\"JAMnews\" \/>\n\t<meta name=\"twitter:label2\" content=\"Est. reading time\" \/>\n\t<meta name=\"twitter:data2\" content=\"9 minutes\" \/>\n<script type=\"application\/ld+json\" class=\"yoast-schema-graph\">{\"@context\":\"https:\/\/schema.org\",\"@graph\":[{\"@type\":\"Article\",\"@id\":\"https:\/\/jam-news.net\/az\/navalni-ukrayna-kiber-hucumlar-bayden-v%c9%99-putin-ilk-r%c9%99smi-gorusd%c9%99-n%c9%99l%c9%99rd%c9%99n-danisiblar\/#article\",\"isPartOf\":{\"@id\":\"https:\/\/jam-news.net\/az\/navalni-ukrayna-kiber-hucumlar-bayden-v%c9%99-putin-ilk-r%c9%99smi-gorusd%c9%99-n%c9%99l%c9%99rd%c9%99n-danisiblar\/\"},\"author\":{\"name\":\"JAMnews\",\"@id\":\"https:\/\/jam-news.net\/az\/#\/schema\/person\/67df3bb7adb46cd513fb9c4cb02361c6\"},\"headline\":\"Navaln\u0131, Ukrayna, kiber-h\u00fccumlar \u2013 Bayden v\u0259 Putin ilk r\u0259smi g\u00f6r\u00fc\u015fd\u0259 n\u0259l\u0259rd\u0259n dan\u0131\u015f\u0131blar?\",\"datePublished\":\"2021-06-17T11:07:03+00:00\",\"dateModified\":\"2022-01-20T15:15:38+00:00\",\"mainEntityOfPage\":{\"@id\":\"https:\/\/jam-news.net\/az\/navalni-ukrayna-kiber-hucumlar-bayden-v%c9%99-putin-ilk-r%c9%99smi-gorusd%c9%99-n%c9%99l%c9%99rd%c9%99n-danisiblar\/\"},\"wordCount\":1789,\"publisher\":{\"@id\":\"https:\/\/jam-news.net\/az\/#organization\"},\"image\":{\"@id\":\"https:\/\/jam-news.net\/az\/navalni-ukrayna-kiber-hucumlar-bayden-v%c9%99-putin-ilk-r%c9%99smi-gorusd%c9%99-n%c9%99l%c9%99rd%c9%99n-danisiblar\/#primaryimage\"},\"thumbnailUrl\":\"https:\/\/jam-news.net\/app\/uploads\/2021\/06\/RTXDBMPP.jpg\",\"articleSection\":[\"From far and near\",\"News\",\"Politics\",\"Russia\",\"Uncategorized\"],\"inLanguage\":\"az\"},{\"@type\":\"WebPage\",\"@id\":\"https:\/\/jam-news.net\/az\/navalni-ukrayna-kiber-hucumlar-bayden-v%c9%99-putin-ilk-r%c9%99smi-gorusd%c9%99-n%c9%99l%c9%99rd%c9%99n-danisiblar\/\",\"url\":\"https:\/\/jam-news.net\/az\/navalni-ukrayna-kiber-hucumlar-bayden-v%c9%99-putin-ilk-r%c9%99smi-gorusd%c9%99-n%c9%99l%c9%99rd%c9%99n-danisiblar\/\",\"name\":\"Navaln\u0131, Ukrayna, kiber-h\u00fccumlar \u2013 Bayden v\u0259 Putin ilk r\u0259smi g\u00f6r\u00fc\u015fd\u0259 n\u0259l\u0259rd\u0259n dan\u0131\u015f\u0131blar? - JAMnews\",\"isPartOf\":{\"@id\":\"https:\/\/jam-news.net\/az\/#website\"},\"primaryImageOfPage\":{\"@id\":\"https:\/\/jam-news.net\/az\/navalni-ukrayna-kiber-hucumlar-bayden-v%c9%99-putin-ilk-r%c9%99smi-gorusd%c9%99-n%c9%99l%c9%99rd%c9%99n-danisiblar\/#primaryimage\"},\"image\":{\"@id\":\"https:\/\/jam-news.net\/az\/navalni-ukrayna-kiber-hucumlar-bayden-v%c9%99-putin-ilk-r%c9%99smi-gorusd%c9%99-n%c9%99l%c9%99rd%c9%99n-danisiblar\/#primaryimage\"},\"thumbnailUrl\":\"https:\/\/jam-news.net\/app\/uploads\/2021\/06\/RTXDBMPP.jpg\",\"datePublished\":\"2021-06-17T11:07:03+00:00\",\"dateModified\":\"2022-01-20T15:15:38+00:00\",\"description\":\"Bayden Putin\u0259 kiber h\u00fccumlar\u0131n cavab\u0131n\u0131n m\u00fcmk\u00fcnl\u00fcy\u00fc haqda x\u0259b\u0259rdarl\u0131q edib, Putin Navaln\u0131n\u0131n h\u0259bsil\u0259 ba\u011fl\u0131 t\u0259nqidi r\u0259dd edib\",\"breadcrumb\":{\"@id\":\"https:\/\/jam-news.net\/az\/navalni-ukrayna-kiber-hucumlar-bayden-v%c9%99-putin-ilk-r%c9%99smi-gorusd%c9%99-n%c9%99l%c9%99rd%c9%99n-danisiblar\/#breadcrumb\"},\"inLanguage\":\"az\",\"potentialAction\":[{\"@type\":\"ReadAction\",\"target\":[\"https:\/\/jam-news.net\/az\/navalni-ukrayna-kiber-hucumlar-bayden-v%c9%99-putin-ilk-r%c9%99smi-gorusd%c9%99-n%c9%99l%c9%99rd%c9%99n-danisiblar\/\"]}]},{\"@type\":\"ImageObject\",\"inLanguage\":\"az\",\"@id\":\"https:\/\/jam-news.net\/az\/navalni-ukrayna-kiber-hucumlar-bayden-v%c9%99-putin-ilk-r%c9%99smi-gorusd%c9%99-n%c9%99l%c9%99rd%c9%99n-danisiblar\/#primaryimage\",\"url\":\"https:\/\/jam-news.net\/app\/uploads\/2021\/06\/RTXDBMPP.jpg\",\"contentUrl\":\"https:\/\/jam-news.net\/app\/uploads\/2021\/06\/RTXDBMPP.jpg\",\"width\":1200,\"height\":800},{\"@type\":\"BreadcrumbList\",\"@id\":\"https:\/\/jam-news.net\/az\/navalni-ukrayna-kiber-hucumlar-bayden-v%c9%99-putin-ilk-r%c9%99smi-gorusd%c9%99-n%c9%99l%c9%99rd%c9%99n-danisiblar\/#breadcrumb\",\"itemListElement\":[{\"@type\":\"ListItem\",\"position\":1,\"name\":\"Home\",\"item\":\"https:\/\/jam-news.net\/az\/\"},{\"@type\":\"ListItem\",\"position\":2,\"name\":\"Navaln\u0131, Ukrayna, kiber-h\u00fccumlar \u2013 Bayden v\u0259 Putin ilk r\u0259smi g\u00f6r\u00fc\u015fd\u0259 n\u0259l\u0259rd\u0259n dan\u0131\u015f\u0131blar?\"}]},{\"@type\":\"WebSite\",\"@id\":\"https:\/\/jam-news.net\/az\/#website\",\"url\":\"https:\/\/jam-news.net\/az\/\",\"name\":\"Azerbaijani Jamnews\",\"description\":\"Caucasus News, Politics and Society\",\"publisher\":{\"@id\":\"https:\/\/jam-news.net\/az\/#organization\"},\"potentialAction\":[{\"@type\":\"SearchAction\",\"target\":{\"@type\":\"EntryPoint\",\"urlTemplate\":\"https:\/\/jam-news.net\/az\/?s={search_term_string}\"},\"query-input\":{\"@type\":\"PropertyValueSpecification\",\"valueRequired\":true,\"valueName\":\"search_term_string\"}}],\"inLanguage\":\"az\"},{\"@type\":\"Organization\",\"@id\":\"https:\/\/jam-news.net\/az\/#organization\",\"name\":\"JAMnews\",\"url\":\"https:\/\/jam-news.net\/az\/\",\"logo\":{\"@type\":\"ImageObject\",\"inLanguage\":\"az\",\"@id\":\"https:\/\/jam-news.net\/az\/#\/schema\/logo\/image\/\",\"url\":\"https:\/\/jam-news.net\/app\/uploads\/2020\/05\/JAM_w.jpg\",\"contentUrl\":\"https:\/\/jam-news.net\/app\/uploads\/2020\/05\/JAM_w.jpg\",\"width\":960,\"height\":960,\"caption\":\"JAMnews\"},\"image\":{\"@id\":\"https:\/\/jam-news.net\/az\/#\/schema\/logo\/image\/\"},\"sameAs\":[\"https:\/\/www.facebook.com\/JAMnewsInEnglish\/\",\"https:\/\/x.com\/JAMnewsCaucasus\",\"https:\/\/www.instagram.com\/jam_news\/\",\"https:\/\/www.youtube.com\/channel\/UCXQbUCme2pykuZYXWHx4VPg\"]},{\"@type\":\"Person\",\"@id\":\"https:\/\/jam-news.net\/az\/#\/schema\/person\/67df3bb7adb46cd513fb9c4cb02361c6\",\"name\":\"JAMnews\",\"image\":{\"@type\":\"ImageObject\",\"inLanguage\":\"az\",\"@id\":\"https:\/\/jam-news.net\/az\/#\/schema\/person\/image\/\",\"url\":\"https:\/\/secure.gravatar.com\/avatar\/e5c27593ef900c3ab3deed4ed1c653d7?s=96&d=mm&r=g\",\"contentUrl\":\"https:\/\/secure.gravatar.com\/avatar\/e5c27593ef900c3ab3deed4ed1c653d7?s=96&d=mm&r=g\",\"caption\":\"JAMnews\"},\"url\":\"https:\/\/jam-news.net\/az\/author\/margarita\/\"}]}<\/script>\n<!-- \/ Yoast SEO plugin. -->","yoast_head_json":{"title":"Navaln\u0131, Ukrayna, kiber-h\u00fccumlar \u2013 Bayden v\u0259 Putin ilk r\u0259smi g\u00f6r\u00fc\u015fd\u0259 n\u0259l\u0259rd\u0259n dan\u0131\u015f\u0131blar? - JAMnews","description":"Bayden Putin\u0259 kiber h\u00fccumlar\u0131n cavab\u0131n\u0131n m\u00fcmk\u00fcnl\u00fcy\u00fc haqda x\u0259b\u0259rdarl\u0131q edib, Putin Navaln\u0131n\u0131n h\u0259bsil\u0259 ba\u011fl\u0131 t\u0259nqidi r\u0259dd edib","robots":{"index":"index","follow":"follow","max-snippet":"max-snippet:-1","max-image-preview":"max-image-preview:large","max-video-preview":"max-video-preview:-1"},"canonical":"https:\/\/jam-news.net\/az\/navalni-ukrayna-kiber-hucumlar-bayden-v\u0259-putin-ilk-r\u0259smi-gorusd\u0259-n\u0259l\u0259rd\u0259n-danisiblar\/","og_locale":"az_AZ","og_type":"article","og_title":"Navaln\u0131, Ukrayna, kiber-h\u00fccumlar \u2013 Bayden v\u0259 Putin ilk r\u0259smi g\u00f6r\u00fc\u015fd\u0259 n\u0259l\u0259rd\u0259n dan\u0131\u015f\u0131blar? - JAMnews","og_description":"Bayden Putin\u0259 kiber h\u00fccumlar\u0131n cavab\u0131n\u0131n m\u00fcmk\u00fcnl\u00fcy\u00fc haqda x\u0259b\u0259rdarl\u0131q edib, Putin Navaln\u0131n\u0131n h\u0259bsil\u0259 ba\u011fl\u0131 t\u0259nqidi r\u0259dd edib","og_url":"https:\/\/jam-news.net\/az\/navalni-ukrayna-kiber-hucumlar-bayden-v\u0259-putin-ilk-r\u0259smi-gorusd\u0259-n\u0259l\u0259rd\u0259n-danisiblar\/","og_site_name":"Azerbaijani Jamnews","article_publisher":"https:\/\/www.facebook.com\/JAMnewsInEnglish\/","article_published_time":"2021-06-17T11:07:03+00:00","article_modified_time":"2022-01-20T15:15:38+00:00","og_image":[{"width":1200,"height":800,"url":"https:\/\/jam-news.net\/app\/uploads\/2021\/06\/RTXDBMPP.jpg","type":"image\/jpeg"}],"author":"JAMnews","twitter_card":"summary_large_image","twitter_creator":"@JAMnewsCaucasus","twitter_site":"@JAMnewsCaucasus","twitter_misc":{"Written by":"JAMnews","Est. reading time":"9 minutes"},"schema":{"@context":"https:\/\/schema.org","@graph":[{"@type":"Article","@id":"https:\/\/jam-news.net\/az\/navalni-ukrayna-kiber-hucumlar-bayden-v%c9%99-putin-ilk-r%c9%99smi-gorusd%c9%99-n%c9%99l%c9%99rd%c9%99n-danisiblar\/#article","isPartOf":{"@id":"https:\/\/jam-news.net\/az\/navalni-ukrayna-kiber-hucumlar-bayden-v%c9%99-putin-ilk-r%c9%99smi-gorusd%c9%99-n%c9%99l%c9%99rd%c9%99n-danisiblar\/"},"author":{"name":"JAMnews","@id":"https:\/\/jam-news.net\/az\/#\/schema\/person\/67df3bb7adb46cd513fb9c4cb02361c6"},"headline":"Navaln\u0131, Ukrayna, kiber-h\u00fccumlar \u2013 Bayden v\u0259 Putin ilk r\u0259smi g\u00f6r\u00fc\u015fd\u0259 n\u0259l\u0259rd\u0259n dan\u0131\u015f\u0131blar?","datePublished":"2021-06-17T11:07:03+00:00","dateModified":"2022-01-20T15:15:38+00:00","mainEntityOfPage":{"@id":"https:\/\/jam-news.net\/az\/navalni-ukrayna-kiber-hucumlar-bayden-v%c9%99-putin-ilk-r%c9%99smi-gorusd%c9%99-n%c9%99l%c9%99rd%c9%99n-danisiblar\/"},"wordCount":1789,"publisher":{"@id":"https:\/\/jam-news.net\/az\/#organization"},"image":{"@id":"https:\/\/jam-news.net\/az\/navalni-ukrayna-kiber-hucumlar-bayden-v%c9%99-putin-ilk-r%c9%99smi-gorusd%c9%99-n%c9%99l%c9%99rd%c9%99n-danisiblar\/#primaryimage"},"thumbnailUrl":"https:\/\/jam-news.net\/app\/uploads\/2021\/06\/RTXDBMPP.jpg","articleSection":["From far and near","News","Politics","Russia","Uncategorized"],"inLanguage":"az"},{"@type":"WebPage","@id":"https:\/\/jam-news.net\/az\/navalni-ukrayna-kiber-hucumlar-bayden-v%c9%99-putin-ilk-r%c9%99smi-gorusd%c9%99-n%c9%99l%c9%99rd%c9%99n-danisiblar\/","url":"https:\/\/jam-news.net\/az\/navalni-ukrayna-kiber-hucumlar-bayden-v%c9%99-putin-ilk-r%c9%99smi-gorusd%c9%99-n%c9%99l%c9%99rd%c9%99n-danisiblar\/","name":"Navaln\u0131, Ukrayna, kiber-h\u00fccumlar \u2013 Bayden v\u0259 Putin ilk r\u0259smi g\u00f6r\u00fc\u015fd\u0259 n\u0259l\u0259rd\u0259n dan\u0131\u015f\u0131blar? - JAMnews","isPartOf":{"@id":"https:\/\/jam-news.net\/az\/#website"},"primaryImageOfPage":{"@id":"https:\/\/jam-news.net\/az\/navalni-ukrayna-kiber-hucumlar-bayden-v%c9%99-putin-ilk-r%c9%99smi-gorusd%c9%99-n%c9%99l%c9%99rd%c9%99n-danisiblar\/#primaryimage"},"image":{"@id":"https:\/\/jam-news.net\/az\/navalni-ukrayna-kiber-hucumlar-bayden-v%c9%99-putin-ilk-r%c9%99smi-gorusd%c9%99-n%c9%99l%c9%99rd%c9%99n-danisiblar\/#primaryimage"},"thumbnailUrl":"https:\/\/jam-news.net\/app\/uploads\/2021\/06\/RTXDBMPP.jpg","datePublished":"2021-06-17T11:07:03+00:00","dateModified":"2022-01-20T15:15:38+00:00","description":"Bayden Putin\u0259 kiber h\u00fccumlar\u0131n cavab\u0131n\u0131n m\u00fcmk\u00fcnl\u00fcy\u00fc haqda x\u0259b\u0259rdarl\u0131q edib, Putin Navaln\u0131n\u0131n h\u0259bsil\u0259 ba\u011fl\u0131 t\u0259nqidi r\u0259dd edib","breadcrumb":{"@id":"https:\/\/jam-news.net\/az\/navalni-ukrayna-kiber-hucumlar-bayden-v%c9%99-putin-ilk-r%c9%99smi-gorusd%c9%99-n%c9%99l%c9%99rd%c9%99n-danisiblar\/#breadcrumb"},"inLanguage":"az","potentialAction":[{"@type":"ReadAction","target":["https:\/\/jam-news.net\/az\/navalni-ukrayna-kiber-hucumlar-bayden-v%c9%99-putin-ilk-r%c9%99smi-gorusd%c9%99-n%c9%99l%c9%99rd%c9%99n-danisiblar\/"]}]},{"@type":"ImageObject","inLanguage":"az","@id":"https:\/\/jam-news.net\/az\/navalni-ukrayna-kiber-hucumlar-bayden-v%c9%99-putin-ilk-r%c9%99smi-gorusd%c9%99-n%c9%99l%c9%99rd%c9%99n-danisiblar\/#primaryimage","url":"https:\/\/jam-news.net\/app\/uploads\/2021\/06\/RTXDBMPP.jpg","contentUrl":"https:\/\/jam-news.net\/app\/uploads\/2021\/06\/RTXDBMPP.jpg","width":1200,"height":800},{"@type":"BreadcrumbList","@id":"https:\/\/jam-news.net\/az\/navalni-ukrayna-kiber-hucumlar-bayden-v%c9%99-putin-ilk-r%c9%99smi-gorusd%c9%99-n%c9%99l%c9%99rd%c9%99n-danisiblar\/#breadcrumb","itemListElement":[{"@type":"ListItem","position":1,"name":"Home","item":"https:\/\/jam-news.net\/az\/"},{"@type":"ListItem","position":2,"name":"Navaln\u0131, Ukrayna, kiber-h\u00fccumlar \u2013 Bayden v\u0259 Putin ilk r\u0259smi g\u00f6r\u00fc\u015fd\u0259 n\u0259l\u0259rd\u0259n dan\u0131\u015f\u0131blar?"}]},{"@type":"WebSite","@id":"https:\/\/jam-news.net\/az\/#website","url":"https:\/\/jam-news.net\/az\/","name":"Azerbaijani Jamnews","description":"Caucasus News, Politics and Society","publisher":{"@id":"https:\/\/jam-news.net\/az\/#organization"},"potentialAction":[{"@type":"SearchAction","target":{"@type":"EntryPoint","urlTemplate":"https:\/\/jam-news.net\/az\/?s={search_term_string}"},"query-input":{"@type":"PropertyValueSpecification","valueRequired":true,"valueName":"search_term_string"}}],"inLanguage":"az"},{"@type":"Organization","@id":"https:\/\/jam-news.net\/az\/#organization","name":"JAMnews","url":"https:\/\/jam-news.net\/az\/","logo":{"@type":"ImageObject","inLanguage":"az","@id":"https:\/\/jam-news.net\/az\/#\/schema\/logo\/image\/","url":"https:\/\/jam-news.net\/app\/uploads\/2020\/05\/JAM_w.jpg","contentUrl":"https:\/\/jam-news.net\/app\/uploads\/2020\/05\/JAM_w.jpg","width":960,"height":960,"caption":"JAMnews"},"image":{"@id":"https:\/\/jam-news.net\/az\/#\/schema\/logo\/image\/"},"sameAs":["https:\/\/www.facebook.com\/JAMnewsInEnglish\/","https:\/\/x.com\/JAMnewsCaucasus","https:\/\/www.instagram.com\/jam_news\/","https:\/\/www.youtube.com\/channel\/UCXQbUCme2pykuZYXWHx4VPg"]},{"@type":"Person","@id":"https:\/\/jam-news.net\/az\/#\/schema\/person\/67df3bb7adb46cd513fb9c4cb02361c6","name":"JAMnews","image":{"@type":"ImageObject","inLanguage":"az","@id":"https:\/\/jam-news.net\/az\/#\/schema\/person\/image\/","url":"https:\/\/secure.gravatar.com\/avatar\/e5c27593ef900c3ab3deed4ed1c653d7?s=96&d=mm&r=g","contentUrl":"https:\/\/secure.gravatar.com\/avatar\/e5c27593ef900c3ab3deed4ed1c653d7?s=96&d=mm&r=g","caption":"JAMnews"},"url":"https:\/\/jam-news.net\/az\/author\/margarita\/"}]}},"_links":{"self":[{"href":"https:\/\/jam-news.net\/az\/wp-json\/wp\/v2\/posts\/48364","targetHints":{"allow":["GET"]}}],"collection":[{"href":"https:\/\/jam-news.net\/az\/wp-json\/wp\/v2\/posts"}],"about":[{"href":"https:\/\/jam-news.net\/az\/wp-json\/wp\/v2\/types\/post"}],"author":[{"embeddable":true,"href":"https:\/\/jam-news.net\/az\/wp-json\/wp\/v2\/users\/3"}],"replies":[{"embeddable":true,"href":"https:\/\/jam-news.net\/az\/wp-json\/wp\/v2\/comments?post=48364"}],"version-history":[{"count":3,"href":"https:\/\/jam-news.net\/az\/wp-json\/wp\/v2\/posts\/48364\/revisions"}],"predecessor-version":[{"id":48386,"href":"https:\/\/jam-news.net\/az\/wp-json\/wp\/v2\/posts\/48364\/revisions\/48386"}],"wp:featuredmedia":[{"embeddable":true,"href":"https:\/\/jam-news.net\/az\/wp-json\/wp\/v2\/media\/48334"}],"wp:attachment":[{"href":"https:\/\/jam-news.net\/az\/wp-json\/wp\/v2\/media?parent=48364"}],"wp:term":[{"taxonomy":"category","embeddable":true,"href":"https:\/\/jam-news.net\/az\/wp-json\/wp\/v2\/categories?post=48364"},{"taxonomy":"post_tag","embeddable":true,"href":"https:\/\/jam-news.net\/az\/wp-json\/wp\/v2\/tags?post=48364"},{"taxonomy":"formation","embeddable":true,"href":"https:\/\/jam-news.net\/az\/wp-json\/wp\/v2\/formation?post=48364"},{"taxonomy":"post-author","embeddable":true,"href":"https:\/\/jam-news.net\/az\/wp-json\/wp\/v2\/post-author?post=48364"},{"taxonomy":"topic","embeddable":true,"href":"https:\/\/jam-news.net\/az\/wp-json\/wp\/v2\/topic?post=48364"},{"taxonomy":"tooltip","embeddable":true,"href":"https:\/\/jam-news.net\/az\/wp-json\/wp\/v2\/tooltip?post=48364"},{"taxonomy":"city","embeddable":true,"href":"https:\/\/jam-news.net\/az\/wp-json\/wp\/v2\/city?post=48364"}],"curies":[{"name":"wp","href":"https:\/\/api.w.org\/{rel}","templated":true}]}}