{"id":4815,"date":"2017-02-24T00:00:00","date_gmt":"2017-02-24T00:00:00","guid":{"rendered":"http:\/\/jam-news.net\/az\/erm%c9%99nistandan-400-min%c9%99-yaxin-adam-muhacir%c9%99t-dib-secicil%c9%99rin-sayisa-235-min%c9%99d%c9%99k-artib\/"},"modified":"2020-03-18T11:04:57","modified_gmt":"2020-03-18T11:04:57","slug":"erm%c9%99nistandan-400-min%c9%99-yaxin-adam-muhacir%c9%99t-dib-secicil%c9%99rin-sayisa-235-min%c9%99d%c9%99k-artib","status":"publish","type":"post","link":"https:\/\/jam-news.net\/az\/erm%c9%99nistandan-400-min%c9%99-yaxin-adam-muhacir%c9%99t-dib-secicil%c9%99rin-sayisa-235-min%c9%99d%c9%99k-artib\/","title":{"rendered":"Erm\u0259nistandan 400 min\u0259 yax\u0131n adam m\u00fchacir\u0259t dib, se\u00e7icil\u0259rin say\u0131sa 235 min\u0259d\u0259k art\u0131b"},"content":{"rendered":"<p>2008-2017-ci ill\u0259rd\u0259 Erm\u0259nistandan 400 min insan m\u00fchacir\u0259t edib v\u0259 el\u0259 h\u0259min d\u00f6n\u0259md\u0259 se\u00e7icil\u0259rin say\u0131 235 min 503 n\u0259f\u0259r\u0259d\u0259k art\u0131b. K\u0130V bu m\u0259lumatlar \u0259sas\u0131nda bel\u0259 bir n\u0259tic\u0259y\u0259 g\u0259lib: bu ill\u0259r \u0259rzind\u0259 Erm\u0259nistan\u0131 t\u0259kc\u0259 on s\u0259kkiz ya\u015f\u0131nad\u0259k u\u015faqlar t\u0259rk edib.<\/p>\n<p>Erm\u0259nistan m\u0259tbuat\u0131nda haz\u0131rda \u00f6lk\u0259d\u0259 2 milyon 564 min 334 se\u00e7icinin olmas\u0131 bar\u0259d\u0259 yax\u0131n g\u00fcnl\u0259rd\u0259 getmi\u015f m\u0259lumat f\u0259al sur\u0259td\u0259 m\u00fczakir\u0259 olunur. Halbuki MSX-nin son m\u0259lumatlar\u0131na g\u00f6r\u0259, daimi rezidentl\u0259rin say\u0131n\u0131n 2 milyon 993 min 900 n\u0259f\u0259rdir. Y\u0259ni \u0259halinin 85%-i elektorat t\u0259\u015fkil edir, halbuki b\u00fct\u00fcn d\u00fcnyada s\u0259s h\u00fcququna t\u0259xmin\u0259n 65% rezident malikdir.<\/p>\n<p>Polis m\u0259tbuatda ged\u0259n bu m\u0259lumatlarla ba\u011fl\u0131 izahat verib: se\u00e7icil\u0259rin registri \u0259halinin d\u00f6vl\u0259t registri \u0259sas\u0131nda t\u0259rtib edilir, \u0259halinin say\u0131 bar\u0259d\u0259 Milli Statistika Xidm\u0259tinin n\u0259\u015fr etdiyi siyah\u0131yasa \u00f6lk\u0259d\u0259 bir ild\u0259n art\u0131q olmayanlar bar\u0259d\u0259 m\u0259lumat daxil deyil. Onlar da statistikaya \u0259lav\u0259 olunarsa, r\u0259q\u0259ml\u0259r d\u0259yi\u015f\u0259r.<\/p>\n<p>\u201c\u018fhalinin d\u00f6vl\u0259t registrini v\u0259 se\u00e7icil\u0259rin registrini aparan Erm\u0259nistan polisi s\u0259lahiyy\u0259tli orqan kimi \u00f6z \u015f\u0259xsi t\u0259\u015f\u0259bb\u00fcs\u00fc il\u0259 m\u00fc\u0259yy\u0259n icmada qeydiyyatdan ke\u00e7mi\u015f, amma haz\u0131rda xaricd\u0259 olan v\u0259t\u0259nda\u015flar\u0131 siyah\u0131dan \u00e7\u0131xara bilm\u0259z\u201d, &#8211; r\u0259smi x\u0259b\u0259rd\u0259 deyilir.<\/p>\n<p>V\u0259t\u0259nda\u015flar\u0131 se\u00e7icil\u0259rin siyah\u0131s\u0131ndan \u00e7\u0131xarmaq \u00fc\u00e7\u00fcn xaricd\u0259 daimi ya\u015fayanlar\u0131n \u00f6z yeni \u00fcnvanlar\u0131n\u0131 Konsulluq xidm\u0259tin\u0259 t\u0259qdim etm\u0259si laz\u0131md\u0131r. M\u0259lumatlar burdan X\u0130N-\u0259, daha sonra is\u0259 polis\u0259 \u00f6t\u00fcr\u00fcl\u0259c\u0259k.<\/p>\n","protected":false},"excerpt":{"rendered":"<p>Polis m\u0259tbuatda \u0259halinin say\u0131, m\u00fchacir\u0259tin d\u0259r\u0259c\u0259si v\u0259 se\u00e7icil\u0259rin say\u0131 il\u0259 \u0259laq\u0259dar getmi\u015f m\u0259lumatlara ayd\u0131nl\u0131q g\u0259tirib<\/p>\n","protected":false},"author":8,"featured_media":19607,"comment_status":"open","ping_status":"open","sticky":false,"template":"","format":"standard","meta":{"_acf_changed":false,"footnotes":""},"categories":[27,2,25,50],"tags":[33,29],"formation":[],"post-author":[],"topic":[],"tooltip":[],"city":[],"class_list":["post-4815","post","type-post","status-publish","format-standard","has-post-thumbnail","hentry","category-ermnistan","category-cografiya","category-cmiyyt","category-xbrlr","tag-ermnistan","tag-seckilr"],"acf":[],"yoast_head":"<!-- This site is optimized with the Yoast SEO plugin v24.1 - https:\/\/yoast.com\/wordpress\/plugins\/seo\/ -->\n<title>Erm\u0259nistandan 400 min\u0259 yax\u0131n adam m\u00fchacir\u0259t dib, se\u00e7icil\u0259rin say\u0131sa 235 min\u0259d\u0259k art\u0131b - JAMnews<\/title>\n<meta name=\"robots\" content=\"index, follow, max-snippet:-1, max-image-preview:large, max-video-preview:-1\" \/>\n<link rel=\"canonical\" href=\"https:\/\/jam-news.net\/az\/erm\u0259nistandan-400-min\u0259-yaxin-adam-muhacir\u0259t-dib-secicil\u0259rin-sayisa-235-min\u0259d\u0259k-artib\/\" \/>\n<meta property=\"og:locale\" content=\"az_AZ\" \/>\n<meta property=\"og:type\" content=\"article\" \/>\n<meta property=\"og:title\" content=\"Erm\u0259nistandan 400 min\u0259 yax\u0131n adam m\u00fchacir\u0259t dib, se\u00e7icil\u0259rin say\u0131sa 235 min\u0259d\u0259k art\u0131b - JAMnews\" \/>\n<meta property=\"og:description\" content=\"Polis m\u0259tbuatda \u0259halinin say\u0131, m\u00fchacir\u0259tin d\u0259r\u0259c\u0259si v\u0259 se\u00e7icil\u0259rin say\u0131 il\u0259 \u0259laq\u0259dar getmi\u015f m\u0259lumatlara ayd\u0131nl\u0131q g\u0259tirib\" \/>\n<meta property=\"og:url\" content=\"https:\/\/jam-news.net\/az\/erm\u0259nistandan-400-min\u0259-yaxin-adam-muhacir\u0259t-dib-secicil\u0259rin-sayisa-235-min\u0259d\u0259k-artib\/\" \/>\n<meta property=\"og:site_name\" content=\"Azerbaijani Jamnews\" \/>\n<meta property=\"article:publisher\" content=\"https:\/\/www.facebook.com\/JAMnewsInEnglish\/\" \/>\n<meta property=\"article:published_time\" content=\"2017-02-24T00:00:00+00:00\" \/>\n<meta property=\"article:modified_time\" content=\"2020-03-18T11:04:57+00:00\" \/>\n<meta property=\"og:image\" content=\"https:\/\/jam-news.net\/app\/uploads\/2020\/03\/ec-undp-jft-armenia-Support-to-the-Electoral-Process-in-Armenia-3-3.jpg\" \/>\n\t<meta property=\"og:image:width\" content=\"1080\" \/>\n\t<meta property=\"og:image:height\" content=\"1440\" \/>\n\t<meta property=\"og:image:type\" content=\"image\/jpeg\" \/>\n<meta name=\"author\" content=\"Naira Martikian\" \/>\n<meta name=\"twitter:card\" content=\"summary_large_image\" \/>\n<meta name=\"twitter:creator\" content=\"@JAMnewsCaucasus\" \/>\n<meta name=\"twitter:site\" content=\"@JAMnewsCaucasus\" \/>\n<meta name=\"twitter:label1\" content=\"Written by\" \/>\n\t<meta name=\"twitter:data1\" content=\"Naira Martikian\" \/>\n\t<meta name=\"twitter:label2\" content=\"Est. reading time\" \/>\n\t<meta name=\"twitter:data2\" content=\"2 minutes\" \/>\n<script type=\"application\/ld+json\" class=\"yoast-schema-graph\">{\"@context\":\"https:\/\/schema.org\",\"@graph\":[{\"@type\":\"Article\",\"@id\":\"https:\/\/jam-news.net\/az\/erm%c9%99nistandan-400-min%c9%99-yaxin-adam-muhacir%c9%99t-dib-secicil%c9%99rin-sayisa-235-min%c9%99d%c9%99k-artib\/#article\",\"isPartOf\":{\"@id\":\"https:\/\/jam-news.net\/az\/erm%c9%99nistandan-400-min%c9%99-yaxin-adam-muhacir%c9%99t-dib-secicil%c9%99rin-sayisa-235-min%c9%99d%c9%99k-artib\/\"},\"author\":{\"name\":\"Naira Martikian\",\"@id\":\"https:\/\/jam-news.net\/az\/#\/schema\/person\/e82f374df8fce3377c56e285e5c11387\"},\"headline\":\"Erm\u0259nistandan 400 min\u0259 yax\u0131n adam m\u00fchacir\u0259t dib, se\u00e7icil\u0259rin say\u0131sa 235 min\u0259d\u0259k art\u0131b\",\"datePublished\":\"2017-02-24T00:00:00+00:00\",\"dateModified\":\"2020-03-18T11:04:57+00:00\",\"mainEntityOfPage\":{\"@id\":\"https:\/\/jam-news.net\/az\/erm%c9%99nistandan-400-min%c9%99-yaxin-adam-muhacir%c9%99t-dib-secicil%c9%99rin-sayisa-235-min%c9%99d%c9%99k-artib\/\"},\"wordCount\":320,\"commentCount\":0,\"publisher\":{\"@id\":\"https:\/\/jam-news.net\/az\/#organization\"},\"image\":{\"@id\":\"https:\/\/jam-news.net\/az\/erm%c9%99nistandan-400-min%c9%99-yaxin-adam-muhacir%c9%99t-dib-secicil%c9%99rin-sayisa-235-min%c9%99d%c9%99k-artib\/#primaryimage\"},\"thumbnailUrl\":\"https:\/\/jam-news.net\/app\/uploads\/2020\/03\/ec-undp-jft-armenia-Support-to-the-Electoral-Process-in-Armenia-3-3.jpg\",\"keywords\":[\"Erm\u0259nistan\",\"se\u00e7kil\u0259r\"],\"articleSection\":[\"Armenia\",\"Geography\",\"Issues\",\"News\"],\"inLanguage\":\"az\"},{\"@type\":\"WebPage\",\"@id\":\"https:\/\/jam-news.net\/az\/erm%c9%99nistandan-400-min%c9%99-yaxin-adam-muhacir%c9%99t-dib-secicil%c9%99rin-sayisa-235-min%c9%99d%c9%99k-artib\/\",\"url\":\"https:\/\/jam-news.net\/az\/erm%c9%99nistandan-400-min%c9%99-yaxin-adam-muhacir%c9%99t-dib-secicil%c9%99rin-sayisa-235-min%c9%99d%c9%99k-artib\/\",\"name\":\"Erm\u0259nistandan 400 min\u0259 yax\u0131n adam m\u00fchacir\u0259t dib, se\u00e7icil\u0259rin say\u0131sa 235 min\u0259d\u0259k art\u0131b - JAMnews\",\"isPartOf\":{\"@id\":\"https:\/\/jam-news.net\/az\/#website\"},\"primaryImageOfPage\":{\"@id\":\"https:\/\/jam-news.net\/az\/erm%c9%99nistandan-400-min%c9%99-yaxin-adam-muhacir%c9%99t-dib-secicil%c9%99rin-sayisa-235-min%c9%99d%c9%99k-artib\/#primaryimage\"},\"image\":{\"@id\":\"https:\/\/jam-news.net\/az\/erm%c9%99nistandan-400-min%c9%99-yaxin-adam-muhacir%c9%99t-dib-secicil%c9%99rin-sayisa-235-min%c9%99d%c9%99k-artib\/#primaryimage\"},\"thumbnailUrl\":\"https:\/\/jam-news.net\/app\/uploads\/2020\/03\/ec-undp-jft-armenia-Support-to-the-Electoral-Process-in-Armenia-3-3.jpg\",\"datePublished\":\"2017-02-24T00:00:00+00:00\",\"dateModified\":\"2020-03-18T11:04:57+00:00\",\"breadcrumb\":{\"@id\":\"https:\/\/jam-news.net\/az\/erm%c9%99nistandan-400-min%c9%99-yaxin-adam-muhacir%c9%99t-dib-secicil%c9%99rin-sayisa-235-min%c9%99d%c9%99k-artib\/#breadcrumb\"},\"inLanguage\":\"az\",\"potentialAction\":[{\"@type\":\"ReadAction\",\"target\":[\"https:\/\/jam-news.net\/az\/erm%c9%99nistandan-400-min%c9%99-yaxin-adam-muhacir%c9%99t-dib-secicil%c9%99rin-sayisa-235-min%c9%99d%c9%99k-artib\/\"]}]},{\"@type\":\"ImageObject\",\"inLanguage\":\"az\",\"@id\":\"https:\/\/jam-news.net\/az\/erm%c9%99nistandan-400-min%c9%99-yaxin-adam-muhacir%c9%99t-dib-secicil%c9%99rin-sayisa-235-min%c9%99d%c9%99k-artib\/#primaryimage\",\"url\":\"https:\/\/jam-news.net\/app\/uploads\/2020\/03\/ec-undp-jft-armenia-Support-to-the-Electoral-Process-in-Armenia-3-3.jpg\",\"contentUrl\":\"https:\/\/jam-news.net\/app\/uploads\/2020\/03\/ec-undp-jft-armenia-Support-to-the-Electoral-Process-in-Armenia-3-3.jpg\",\"width\":1080,\"height\":1440},{\"@type\":\"BreadcrumbList\",\"@id\":\"https:\/\/jam-news.net\/az\/erm%c9%99nistandan-400-min%c9%99-yaxin-adam-muhacir%c9%99t-dib-secicil%c9%99rin-sayisa-235-min%c9%99d%c9%99k-artib\/#breadcrumb\",\"itemListElement\":[{\"@type\":\"ListItem\",\"position\":1,\"name\":\"Home\",\"item\":\"https:\/\/jam-news.net\/az\/\"},{\"@type\":\"ListItem\",\"position\":2,\"name\":\"Erm\u0259nistandan 400 min\u0259 yax\u0131n adam m\u00fchacir\u0259t dib, se\u00e7icil\u0259rin say\u0131sa 235 min\u0259d\u0259k art\u0131b\"}]},{\"@type\":\"WebSite\",\"@id\":\"https:\/\/jam-news.net\/az\/#website\",\"url\":\"https:\/\/jam-news.net\/az\/\",\"name\":\"Azerbaijani Jamnews\",\"description\":\"Caucasus News, Politics and Society\",\"publisher\":{\"@id\":\"https:\/\/jam-news.net\/az\/#organization\"},\"potentialAction\":[{\"@type\":\"SearchAction\",\"target\":{\"@type\":\"EntryPoint\",\"urlTemplate\":\"https:\/\/jam-news.net\/az\/?s={search_term_string}\"},\"query-input\":{\"@type\":\"PropertyValueSpecification\",\"valueRequired\":true,\"valueName\":\"search_term_string\"}}],\"inLanguage\":\"az\"},{\"@type\":\"Organization\",\"@id\":\"https:\/\/jam-news.net\/az\/#organization\",\"name\":\"JAMnews\",\"url\":\"https:\/\/jam-news.net\/az\/\",\"logo\":{\"@type\":\"ImageObject\",\"inLanguage\":\"az\",\"@id\":\"https:\/\/jam-news.net\/az\/#\/schema\/logo\/image\/\",\"url\":\"https:\/\/jam-news.net\/app\/uploads\/2020\/05\/JAM_w.jpg\",\"contentUrl\":\"https:\/\/jam-news.net\/app\/uploads\/2020\/05\/JAM_w.jpg\",\"width\":960,\"height\":960,\"caption\":\"JAMnews\"},\"image\":{\"@id\":\"https:\/\/jam-news.net\/az\/#\/schema\/logo\/image\/\"},\"sameAs\":[\"https:\/\/www.facebook.com\/JAMnewsInEnglish\/\",\"https:\/\/x.com\/JAMnewsCaucasus\",\"https:\/\/www.instagram.com\/jam_news\/\",\"https:\/\/www.youtube.com\/channel\/UCXQbUCme2pykuZYXWHx4VPg\"]},{\"@type\":\"Person\",\"@id\":\"https:\/\/jam-news.net\/az\/#\/schema\/person\/e82f374df8fce3377c56e285e5c11387\",\"name\":\"Naira Martikian\",\"image\":{\"@type\":\"ImageObject\",\"inLanguage\":\"az\",\"@id\":\"https:\/\/jam-news.net\/az\/#\/schema\/person\/image\/\",\"url\":\"https:\/\/secure.gravatar.com\/avatar\/0696bcd343e46256c029b752a654bade?s=96&d=mm&r=g\",\"contentUrl\":\"https:\/\/secure.gravatar.com\/avatar\/0696bcd343e46256c029b752a654bade?s=96&d=mm&r=g\",\"caption\":\"Naira Martikian\"},\"url\":\"https:\/\/jam-news.net\/az\/author\/nairama\/\"}]}<\/script>\n<!-- \/ Yoast SEO plugin. -->","yoast_head_json":{"title":"Erm\u0259nistandan 400 min\u0259 yax\u0131n adam m\u00fchacir\u0259t dib, se\u00e7icil\u0259rin say\u0131sa 235 min\u0259d\u0259k art\u0131b - JAMnews","robots":{"index":"index","follow":"follow","max-snippet":"max-snippet:-1","max-image-preview":"max-image-preview:large","max-video-preview":"max-video-preview:-1"},"canonical":"https:\/\/jam-news.net\/az\/erm\u0259nistandan-400-min\u0259-yaxin-adam-muhacir\u0259t-dib-secicil\u0259rin-sayisa-235-min\u0259d\u0259k-artib\/","og_locale":"az_AZ","og_type":"article","og_title":"Erm\u0259nistandan 400 min\u0259 yax\u0131n adam m\u00fchacir\u0259t dib, se\u00e7icil\u0259rin say\u0131sa 235 min\u0259d\u0259k art\u0131b - JAMnews","og_description":"Polis m\u0259tbuatda \u0259halinin say\u0131, m\u00fchacir\u0259tin d\u0259r\u0259c\u0259si v\u0259 se\u00e7icil\u0259rin say\u0131 il\u0259 \u0259laq\u0259dar getmi\u015f m\u0259lumatlara ayd\u0131nl\u0131q g\u0259tirib","og_url":"https:\/\/jam-news.net\/az\/erm\u0259nistandan-400-min\u0259-yaxin-adam-muhacir\u0259t-dib-secicil\u0259rin-sayisa-235-min\u0259d\u0259k-artib\/","og_site_name":"Azerbaijani Jamnews","article_publisher":"https:\/\/www.facebook.com\/JAMnewsInEnglish\/","article_published_time":"2017-02-24T00:00:00+00:00","article_modified_time":"2020-03-18T11:04:57+00:00","og_image":[{"width":1080,"height":1440,"url":"https:\/\/jam-news.net\/app\/uploads\/2020\/03\/ec-undp-jft-armenia-Support-to-the-Electoral-Process-in-Armenia-3-3.jpg","type":"image\/jpeg"}],"author":"Naira Martikian","twitter_card":"summary_large_image","twitter_creator":"@JAMnewsCaucasus","twitter_site":"@JAMnewsCaucasus","twitter_misc":{"Written by":"Naira Martikian","Est. reading time":"2 minutes"},"schema":{"@context":"https:\/\/schema.org","@graph":[{"@type":"Article","@id":"https:\/\/jam-news.net\/az\/erm%c9%99nistandan-400-min%c9%99-yaxin-adam-muhacir%c9%99t-dib-secicil%c9%99rin-sayisa-235-min%c9%99d%c9%99k-artib\/#article","isPartOf":{"@id":"https:\/\/jam-news.net\/az\/erm%c9%99nistandan-400-min%c9%99-yaxin-adam-muhacir%c9%99t-dib-secicil%c9%99rin-sayisa-235-min%c9%99d%c9%99k-artib\/"},"author":{"name":"Naira Martikian","@id":"https:\/\/jam-news.net\/az\/#\/schema\/person\/e82f374df8fce3377c56e285e5c11387"},"headline":"Erm\u0259nistandan 400 min\u0259 yax\u0131n adam m\u00fchacir\u0259t dib, se\u00e7icil\u0259rin say\u0131sa 235 min\u0259d\u0259k art\u0131b","datePublished":"2017-02-24T00:00:00+00:00","dateModified":"2020-03-18T11:04:57+00:00","mainEntityOfPage":{"@id":"https:\/\/jam-news.net\/az\/erm%c9%99nistandan-400-min%c9%99-yaxin-adam-muhacir%c9%99t-dib-secicil%c9%99rin-sayisa-235-min%c9%99d%c9%99k-artib\/"},"wordCount":320,"commentCount":0,"publisher":{"@id":"https:\/\/jam-news.net\/az\/#organization"},"image":{"@id":"https:\/\/jam-news.net\/az\/erm%c9%99nistandan-400-min%c9%99-yaxin-adam-muhacir%c9%99t-dib-secicil%c9%99rin-sayisa-235-min%c9%99d%c9%99k-artib\/#primaryimage"},"thumbnailUrl":"https:\/\/jam-news.net\/app\/uploads\/2020\/03\/ec-undp-jft-armenia-Support-to-the-Electoral-Process-in-Armenia-3-3.jpg","keywords":["Erm\u0259nistan","se\u00e7kil\u0259r"],"articleSection":["Armenia","Geography","Issues","News"],"inLanguage":"az"},{"@type":"WebPage","@id":"https:\/\/jam-news.net\/az\/erm%c9%99nistandan-400-min%c9%99-yaxin-adam-muhacir%c9%99t-dib-secicil%c9%99rin-sayisa-235-min%c9%99d%c9%99k-artib\/","url":"https:\/\/jam-news.net\/az\/erm%c9%99nistandan-400-min%c9%99-yaxin-adam-muhacir%c9%99t-dib-secicil%c9%99rin-sayisa-235-min%c9%99d%c9%99k-artib\/","name":"Erm\u0259nistandan 400 min\u0259 yax\u0131n adam m\u00fchacir\u0259t dib, se\u00e7icil\u0259rin say\u0131sa 235 min\u0259d\u0259k art\u0131b - JAMnews","isPartOf":{"@id":"https:\/\/jam-news.net\/az\/#website"},"primaryImageOfPage":{"@id":"https:\/\/jam-news.net\/az\/erm%c9%99nistandan-400-min%c9%99-yaxin-adam-muhacir%c9%99t-dib-secicil%c9%99rin-sayisa-235-min%c9%99d%c9%99k-artib\/#primaryimage"},"image":{"@id":"https:\/\/jam-news.net\/az\/erm%c9%99nistandan-400-min%c9%99-yaxin-adam-muhacir%c9%99t-dib-secicil%c9%99rin-sayisa-235-min%c9%99d%c9%99k-artib\/#primaryimage"},"thumbnailUrl":"https:\/\/jam-news.net\/app\/uploads\/2020\/03\/ec-undp-jft-armenia-Support-to-the-Electoral-Process-in-Armenia-3-3.jpg","datePublished":"2017-02-24T00:00:00+00:00","dateModified":"2020-03-18T11:04:57+00:00","breadcrumb":{"@id":"https:\/\/jam-news.net\/az\/erm%c9%99nistandan-400-min%c9%99-yaxin-adam-muhacir%c9%99t-dib-secicil%c9%99rin-sayisa-235-min%c9%99d%c9%99k-artib\/#breadcrumb"},"inLanguage":"az","potentialAction":[{"@type":"ReadAction","target":["https:\/\/jam-news.net\/az\/erm%c9%99nistandan-400-min%c9%99-yaxin-adam-muhacir%c9%99t-dib-secicil%c9%99rin-sayisa-235-min%c9%99d%c9%99k-artib\/"]}]},{"@type":"ImageObject","inLanguage":"az","@id":"https:\/\/jam-news.net\/az\/erm%c9%99nistandan-400-min%c9%99-yaxin-adam-muhacir%c9%99t-dib-secicil%c9%99rin-sayisa-235-min%c9%99d%c9%99k-artib\/#primaryimage","url":"https:\/\/jam-news.net\/app\/uploads\/2020\/03\/ec-undp-jft-armenia-Support-to-the-Electoral-Process-in-Armenia-3-3.jpg","contentUrl":"https:\/\/jam-news.net\/app\/uploads\/2020\/03\/ec-undp-jft-armenia-Support-to-the-Electoral-Process-in-Armenia-3-3.jpg","width":1080,"height":1440},{"@type":"BreadcrumbList","@id":"https:\/\/jam-news.net\/az\/erm%c9%99nistandan-400-min%c9%99-yaxin-adam-muhacir%c9%99t-dib-secicil%c9%99rin-sayisa-235-min%c9%99d%c9%99k-artib\/#breadcrumb","itemListElement":[{"@type":"ListItem","position":1,"name":"Home","item":"https:\/\/jam-news.net\/az\/"},{"@type":"ListItem","position":2,"name":"Erm\u0259nistandan 400 min\u0259 yax\u0131n adam m\u00fchacir\u0259t dib, se\u00e7icil\u0259rin say\u0131sa 235 min\u0259d\u0259k art\u0131b"}]},{"@type":"WebSite","@id":"https:\/\/jam-news.net\/az\/#website","url":"https:\/\/jam-news.net\/az\/","name":"Azerbaijani Jamnews","description":"Caucasus News, Politics and Society","publisher":{"@id":"https:\/\/jam-news.net\/az\/#organization"},"potentialAction":[{"@type":"SearchAction","target":{"@type":"EntryPoint","urlTemplate":"https:\/\/jam-news.net\/az\/?s={search_term_string}"},"query-input":{"@type":"PropertyValueSpecification","valueRequired":true,"valueName":"search_term_string"}}],"inLanguage":"az"},{"@type":"Organization","@id":"https:\/\/jam-news.net\/az\/#organization","name":"JAMnews","url":"https:\/\/jam-news.net\/az\/","logo":{"@type":"ImageObject","inLanguage":"az","@id":"https:\/\/jam-news.net\/az\/#\/schema\/logo\/image\/","url":"https:\/\/jam-news.net\/app\/uploads\/2020\/05\/JAM_w.jpg","contentUrl":"https:\/\/jam-news.net\/app\/uploads\/2020\/05\/JAM_w.jpg","width":960,"height":960,"caption":"JAMnews"},"image":{"@id":"https:\/\/jam-news.net\/az\/#\/schema\/logo\/image\/"},"sameAs":["https:\/\/www.facebook.com\/JAMnewsInEnglish\/","https:\/\/x.com\/JAMnewsCaucasus","https:\/\/www.instagram.com\/jam_news\/","https:\/\/www.youtube.com\/channel\/UCXQbUCme2pykuZYXWHx4VPg"]},{"@type":"Person","@id":"https:\/\/jam-news.net\/az\/#\/schema\/person\/e82f374df8fce3377c56e285e5c11387","name":"Naira Martikian","image":{"@type":"ImageObject","inLanguage":"az","@id":"https:\/\/jam-news.net\/az\/#\/schema\/person\/image\/","url":"https:\/\/secure.gravatar.com\/avatar\/0696bcd343e46256c029b752a654bade?s=96&d=mm&r=g","contentUrl":"https:\/\/secure.gravatar.com\/avatar\/0696bcd343e46256c029b752a654bade?s=96&d=mm&r=g","caption":"Naira Martikian"},"url":"https:\/\/jam-news.net\/az\/author\/nairama\/"}]}},"_links":{"self":[{"href":"https:\/\/jam-news.net\/az\/wp-json\/wp\/v2\/posts\/4815","targetHints":{"allow":["GET"]}}],"collection":[{"href":"https:\/\/jam-news.net\/az\/wp-json\/wp\/v2\/posts"}],"about":[{"href":"https:\/\/jam-news.net\/az\/wp-json\/wp\/v2\/types\/post"}],"author":[{"embeddable":true,"href":"https:\/\/jam-news.net\/az\/wp-json\/wp\/v2\/users\/8"}],"replies":[{"embeddable":true,"href":"https:\/\/jam-news.net\/az\/wp-json\/wp\/v2\/comments?post=4815"}],"version-history":[{"count":1,"href":"https:\/\/jam-news.net\/az\/wp-json\/wp\/v2\/posts\/4815\/revisions"}],"predecessor-version":[{"id":17711,"href":"https:\/\/jam-news.net\/az\/wp-json\/wp\/v2\/posts\/4815\/revisions\/17711"}],"wp:featuredmedia":[{"embeddable":true,"href":"https:\/\/jam-news.net\/az\/wp-json\/wp\/v2\/media\/19607"}],"wp:attachment":[{"href":"https:\/\/jam-news.net\/az\/wp-json\/wp\/v2\/media?parent=4815"}],"wp:term":[{"taxonomy":"category","embeddable":true,"href":"https:\/\/jam-news.net\/az\/wp-json\/wp\/v2\/categories?post=4815"},{"taxonomy":"post_tag","embeddable":true,"href":"https:\/\/jam-news.net\/az\/wp-json\/wp\/v2\/tags?post=4815"},{"taxonomy":"formation","embeddable":true,"href":"https:\/\/jam-news.net\/az\/wp-json\/wp\/v2\/formation?post=4815"},{"taxonomy":"post-author","embeddable":true,"href":"https:\/\/jam-news.net\/az\/wp-json\/wp\/v2\/post-author?post=4815"},{"taxonomy":"topic","embeddable":true,"href":"https:\/\/jam-news.net\/az\/wp-json\/wp\/v2\/topic?post=4815"},{"taxonomy":"tooltip","embeddable":true,"href":"https:\/\/jam-news.net\/az\/wp-json\/wp\/v2\/tooltip?post=4815"},{"taxonomy":"city","embeddable":true,"href":"https:\/\/jam-news.net\/az\/wp-json\/wp\/v2\/city?post=4815"}],"curies":[{"name":"wp","href":"https:\/\/api.w.org\/{rel}","templated":true}]}}