{"id":4751,"date":"2017-02-18T00:00:00","date_gmt":"2017-02-18T00:00:00","guid":{"rendered":"http:\/\/jam-news.net\/az\/superprezident\/"},"modified":"2021-11-06T15:45:22","modified_gmt":"2021-11-06T11:45:22","slug":"superprezident","status":"publish","type":"post","link":"https:\/\/jam-news.net\/az\/superprezident\/","title":{"rendered":"Superprezident?"},"content":{"rendered":"<p><span style=\"font-weight: 400;\">Say\u0131l\u0131 g\u00fcnl\u0259rd\u0259n sonra \u2013 fevral\u0131n 20-d\u0259 Da\u011fl\u0131q Qaraba\u011fda Konstitusiya referendumu ba\u015f tutacaq: insanlar \u00f6lk\u0259nin \u0259sas qanununun yeni konsepsiyas\u0131na ya \u201ch\u0259\u201d, ya da \u201cyox\u201d dey\u0259c\u0259kl\u0259r. Parlament v\u0259 parlamentd\u0259n k\u0259nar siyasi q\u00fcvv\u0259l\u0259r \u0259halini h\u0259lledici q\u0259rara haz\u0131rla\u015fd\u0131r\u0131r. <\/span><\/p>\n<p><span style=\"font-weight: 400;\">S\u0259n\u0259dd\u0259 n\u0259z\u0259rd\u0259 tutulan bir s\u0131ra d\u0259yi\u015fiklikl\u0259r aras\u0131nda q\u00fcvv\u0259d\u0259 olan yar\u0131prezident d\u00f6vl\u0259t idar\u0259\u00e7ilik \u00fcsulunun tam prezident idar\u0259\u00e7ilik \u00fcsuluna d\u0259yi\u015fdirilm\u0259si il\u0259 ba\u011fl\u0131 m\u00fcdd\u0259a da yer al\u0131b. <\/span><\/p>\n<p style=\"text-align: center;\"><b>Artsax\u0131n n\u00f6vb\u0259ti prezindenti &#8211; \u201csuperprezident\u201d?<\/b><\/p>\n<p><span style=\"font-weight: 400;\">Prezident idar\u0259\u00e7iliyinin t\u0259nqid\u00e7il\u0259ri t\u0259klif olunan modeli \u201csuperprezident modeli\u201d adland\u0131r\u0131rlar. Qaraba\u011f parlamentinin m\u00fcxalif\u0259t\u00e7i \u201cMilli dir\u00e7\u0259li\u015f\u201d partiyas\u0131n\u0131n lideri Ayk Hanumyan hesab edir ki, Konstitusiya \u0259slind\u0259 s\u0259lahiyy\u0259tl\u0259rin q\u00fcvv\u0259d\u0259 olan hakimiyy\u0259tin \u0259lind\u0259 c\u0259ml\u0259nm\u0259si v\u0259 onun yenid\u0259n qay\u0131tmas\u0131 \u00fc\u00e7\u00fcn d\u0259yi\u015fdirilir. Onun fikrinc\u0259, ba\u015fqa m\u0259qs\u0259d ola bilm\u0259z, ax\u0131 q\u00fcvv\u0259d\u0259 olan Konstitusiya c\u0259mi 10 il \u0259vv\u0259l q\u0259bul edilib: \u201c\u00d6lk\u0259 prezidenti Konstitusiyan\u0131 \u00f6z\u00fcn\u0259 uy\u011fun \u015f\u0259kild\u0259 d\u0259yi\u015fdirir. Kresloya yap\u0131\u015fmaq is\u0259 Artsax \u00fc\u00e7\u00fcn \u00e7ox pis n\u0259tic\u0259l\u0259r\u0259 g\u0259tirib \u00e7\u0131xara bil\u0259r\u201d. <\/span><\/p>\n<p><span style=\"font-weight: 400;\">Q\u00fcvv\u0259d\u0259 olan Konstitusiyaya g\u00f6r\u0259, prezident Bako Saakyan hakimiyy\u0259t ba\u015f\u0131nda qala bilm\u0259z. Yeni Konstitusiya layih\u0259sind\u0259 is\u0259 birm\u0259nal\u0131 olmayan m\u00fcdd\u0259a var ki, ona \u0259sas\u0259n d\u00f6vl\u0259t ba\u015f\u00e7\u0131s\u0131 2020-ci il\u0259 &#8211; y\u0259ni k\u00f6hn\u0259 qanundan t\u0259z\u0259 \u0259sas qanuna ke\u00e7id\u0259 q\u0259d\u0259r hakimiyy\u0259t ba\u015f\u0131nda qala bil\u0259r. Bundan sonra prezident yenid\u0259n 2030-cu il\u0259 q\u0259d\u0259r iki d\u0259f\u0259 se\u00e7il\u0259 bil\u0259r. <\/span><\/p>\n<p><span style=\"font-weight: 400;\">Hakimiyy\u0259t is\u0259 bildirir ki, h\u0259min m\u00fcdd\u0259a he\u00e7 d\u0259 bu m\u0259qs\u0259dl\u0259ri g\u00fcdm\u00fcr. DQ parlamentinin \u201cDemokratiya\u201d fraksiyas\u0131n\u0131n ba\u015f\u00e7\u0131s\u0131 Vardqes Baqryan\u0131n dediyin\u0259 g\u00f6r\u0259, konstitusiya islahatlar\u0131 kimins\u0259 \u015f\u0259xsi m\u0259qs\u0259dl\u0259rini g\u00fcd\u0259 bilm\u0259z, Konstitusiyani bir n\u0259f\u0259r\u0259 uy\u011fun olaraq d\u0259yi\u015fm\u0259k olmaz, h\u0259m d\u0259 Bako Saakyan ke\u00e7id d\u00f6vr\u00fcnd\u0259 r\u0259hb\u0259rlik etm\u0259k ist\u0259diyini v\u0259 ya namiz\u0259dliyini ir\u0259li s\u00fcr\u0259c\u0259yi il\u0259 ba\u011fl\u0131 h\u0259l\u0259 he\u00e7 n\u0259 dem\u0259yib. <\/span><\/p>\n<p style=\"text-align: center;\"><b>Kimin v\u0259 ya n\u0259yin namin\u0259? <\/b><\/p>\n<p><span style=\"font-weight: 400;\">Bel\u0259 olan halda niy\u0259 Qaraba\u011fda idar\u0259\u00e7ilik modelinin d\u0259yi\u015fdirilm\u0259si prosesi i\u015f\u0259 sal\u0131n\u0131b? <\/span><\/p>\n<p><span style=\"font-weight: 400;\">Da\u011fl\u0131q Qaraba\u011f\u0131n \u0259dliyy\u0259 naziri Ararat Danielyan \u0259mindir ki, t\u0259klif olunan prezident idar\u0259\u00e7iliyi modeli b\u00fct\u00fcn amill\u0259rin: \u0259halinin t\u0259hl\u00fck\u0259sizliyi v\u0259 c\u0259miyy\u0259tin \u0259hval\u0131n\u0131n maksimal \u015f\u0259kild\u0259 n\u0259z\u0259r\u0259 al\u0131nmas\u0131 il\u0259 se\u00e7ilib. Danielyan\u0131n s\u00f6zl\u0259rin\u0259 g\u00f6r\u0259, Qaraba\u011f qar\u015f\u0131s\u0131nda duran \u00e7a\u011f\u0131r\u0131\u015flar h\u0259m s\u00fclh, h\u0259m d\u0259 m\u00fcharib\u0259 \u015f\u0259raitind\u0259 \u00f6lk\u0259nin b\u00fct\u00fcn resurslar\u0131n\u0131 s\u0259f\u0259rb\u0259r ed\u0259 v\u0259 yaranm\u0131\u015f v\u0259ziyy\u0259t\u0259 operativ reaksiya ver\u0259 bil\u0259n g\u00fccl\u00fc v\u0259 h\u0259mr\u0259y icra hakimiyy\u0259tinin olmas\u0131n\u0131 t\u0259l\u0259b edir. <\/span><\/p>\n<p><span style=\"font-weight: 400;\">\u201cM\u0259n prinsipial olaraq \u201csuperprezident modeli\u201d terminin istifad\u0259sin\u0259 qar\u015f\u0131yam, \u00e7\u00fcnki biz \u0259ksin\u0259, parlament m\u0259s\u0259l\u0259sin\u0259 x\u00fcsusi diqq\u0259t veririk. B\u00fct\u00fcn instansiya hakiml\u0259rinin parlament t\u0259r\u0259find\u0259n t\u0259yin olundu\u011fu, prezidentin is\u0259 bu proses\u0259 c\u0259lb olunmayaca\u011f\u0131, Konstitusiyada n\u0259z\u0259rd\u0259 tutulan \u0259saslar\u0131n oldu\u011fu halda prezidenti istefaya g\u00f6nd\u0259ril\u0259 bil\u0259c\u0259yi, yerli \u00f6z\u00fcn\u00fcidar\u0259\u00e7iliy\u0259 z\u0259man\u0259t oldu\u011fu bir \u00f6lk\u0259ni \u201csuperprezident\u201d \u00f6lk\u0259si adland\u0131rmaq olmaz\u201d. <\/span><\/p>\n<p><span style=\"font-weight: 400;\">\u018fdliyy\u0259 naziri h\u0259m d\u0259 Bako Saakyan\u0131n hakimiyy\u0259ti \u0259lind\u0259 saxlamas\u0131 \u00fc\u00e7\u00fcn Konstitusiyan\u0131n d\u0259yi\u015fdirilm\u0259si il\u0259 ba\u011fl\u0131 fikirl\u0259 d\u0259 raz\u0131la\u015fm\u0131r. O qeyd edir ki, \u201c\u00f6lk\u0259d\u0259 hakimiyy\u0259tin irs\u0259n ke\u00e7m\u0259si v\u0259 t\u0259krar \u0259ld\u0259 qalmas\u0131 \u0259n\u0259n\u0259si yoxdur\u201d. <\/span><\/p>\n<p><span style=\"font-weight: 400;\">Politoloq Aleksandr Kananyan is\u0259 \u0259mindir ki, g\u00f6zl\u0259nil\u0259n d\u0259yi\u015fiklikl\u0259r Da\u011fl\u0131q Qaraba\u011fa m\u0259nfi t\u0259sir g\u00f6st\u0259r\u0259c\u0259k: \u201cYeni Konstitusiyan\u0131n q\u0259bulundan sonra xalq\u0131n c\u0259lb edilm\u0259sinin rolu azalacaq. Misal \u00fc\u00e7\u00fcn, referendum ke\u00e7irm\u0259k haqq\u0131 xalq\u0131n \u0259lind\u0259n al\u0131n\u0131b, parlament\u0259 veril\u0259c\u0259k. Parlamenti idar\u0259 etm\u0259k is\u0259 xalq\u0131 idar\u0259 etm\u0259kd\u0259n asand\u0131r\u201d. <\/span><\/p>\n<p><span style=\"font-weight: 400;\">Politoloqun s\u00f6zl\u0259rin\u0259 g\u00f6r\u0259 hakimiyy\u0259tin &#8211; yeni Konstitusyaya ona g\u00f6r\u0259 \u201ch\u0259\u201d dem\u0259k laz\u0131md\u0131r ki, bu Konstitusiyaya \u0259sas\u0259n Da\u011fl\u0131q Qaraba\u011f Respublikas\u0131 Artsax Respublikas\u0131 adlanacaq \u2013 kimi arqumenti yolverilm\u0259zdir: \u201cBu, xalis c\u0259f\u0259ngiyyatd\u0131r. M\u0259ni v\u0259 dig\u0259r artsaxl\u0131lar\u0131 aldatma\u011fa \u00e7al\u0131\u015f\u0131rlar ki, bu Konstitusiyada Da\u011fl\u0131q Qaraba\u011f Respublikas\u0131 v\u0259 Artsax Respublikas\u0131 b\u0259rab\u0259r olacaq, bu m\u0259ni t\u0259hqir edir\u201d.<\/span><\/p>\n<p><span style=\"font-weight: 400;\">Amma bu, hakimiyy\u0259tin yeni Konstitusiyan\u0131n q\u0259bulu \u00fc\u00e7\u00fcn g\u0259tirdiyi \u00a0yegan\u0259 arqument deyil. <\/span><\/p>\n<p><span style=\"font-weight: 400;\">DQ parlamentinin \u201cV\u0259t\u0259n\u201d fraksiyas\u0131n\u0131n ba\u015f\u00e7\u0131s\u0131 Artur Tovmasyan\u0131n bildirdiyi kimi, Konstitusiyan\u0131n 175-ci b\u0259ndi respublikan\u0131n yurisdiksiyas\u0131n\u0131n s\u0259rh\u0259dl\u0259rini m\u00fc\u0259yy\u0259n edir ki, bu da m\u00fcharib\u0259 \u015f\u0259raitind\u0259 olan \u00f6lk\u0259 \u00fc\u00e7\u00fcn vacibdir. \u201cAprel m\u00fcharib\u0259sind\u0259n sonra dan\u0131\u015f\u0131qlar prosesi dalana dir\u0259ndi. Az\u0259rbaycan m\u00fcharib\u0259y\u0259 meylini g\u00f6st\u0259rir. Bel\u0259 bir \u015f\u0259taitd\u0259 d\u0259 silahl\u0131 q\u00fcvv\u0259l\u0259rin rolu art\u0131r. \u00c7ox vacibdir ki, yeni Konstitusiyan\u0131n q\u0259bulu siyasi sistem v\u0259 ordunun effektivliyin\u0259 m\u00fcsb\u0259t t\u0259sir g\u00f6st\u0259r\u0259c\u0259k\u201d, &#8211; hakim partiyadan olan deputat vur\u011fulay\u0131r. \u00a0\u00a0<\/span><\/p>\n<p style=\"text-align: center;\"><b>\u0130ctimai fikir <\/b><\/p>\n<p><span style=\"font-weight: 400;\">Siyasi q\u00fcvv\u0259l\u0259rin \u00f6z arqumentl\u0259rini v\u0259 \u0259ks-arqumentl\u0259rini ir\u0259li s\u00fcrd\u00fcy\u00fc bir vaxtda \u0259hali b\u00fct\u00fcn bunlardan ba\u015f \u00e7\u0131xarma\u011fa \u00e7al\u0131\u015f\u0131r. Jurnalist Bella Lalayan hesab edir ki, s\u0131ravi v\u0259t\u0259nda\u015flar h\u0259l\u0259 do\u011fru-d\u00fcr\u00fcst yeni Konstitusiya il\u0259 tan\u0131\u015f ola bilm\u0259yibl\u0259r. Partiyalar\u0131n, o c\u00fcml\u0259d\u0259n d\u0259 s\u0259n\u0259din t\u0259r\u0259fdarlar\u0131n\u0131n apard\u0131\u011f\u0131 t\u0259bli\u011fat is\u0259 \u201cinsanlar\u0131n daha \u00e7ox fikrini qar\u0131\u015fd\u0131r\u0131r, n\u0259inki m\u0259lumat verir\u201d. <\/span><\/p>\n<p><span style=\"font-weight: 400;\">\u201cReferendum fevral\u0131n 20-n\u0259 t\u0259yin edilib, bu is\u0259 Artsax \u00fc\u00e7\u00fcn tarixi bir g\u00fcnd\u00fcr, dir\u00e7\u0259li\u015f g\u00fcn\u00fc say\u0131l\u0131r. M\u0259hz bu g\u00fcn Erm\u0259nistana birl\u0259\u015fm\u0259k haqq\u0131nda q\u0259rar q\u0259bul edilib. Artsaxl\u0131lar \u00fc\u00e7\u00fcn h\u0259r \u015feyd\u0259n \u0259sas m\u00fcst\u0259qillik u\u011frunda m\u00fcbariz\u0259dir. \u201cH\u0259\u201d Artsaxa\u201d \u015f\u00fcarlar\u0131, \u201cMiatsum\u201d [t\u0259rc\u00fcm\u0259si \u201cbirl\u0259\u015fm\u0259k\u201d dem\u0259kdir] n\u00fcmayi\u015finin i\u015ftirak\u00e7\u0131lar\u0131n\u0131n \u015f\u0259kill\u0259rini \u0259ks etdir\u0259n plakatlar v\u0259 flayerl\u0259r is\u0259 insanlar\u0131n fikrini qar\u0131\u015fd\u0131r\u0131r\u201d, &#8211; Bella Lalayan deyir. <\/span><\/p>\n<p><span style=\"font-weight: 400;\">Jurnalistin s\u00f6zl\u0259rin\u0259 g\u00f6r\u0259, \u0259halinin h\u0259l\u0259 fikrini m\u00fc\u0259yy\u0259nl\u0259\u015fdir\u0259 bilm\u0259y\u0259n hiss\u0259si fevral\u0131n 20-d\u0259 n\u0259y\u0259 s\u0259s ver\u0259c\u0259yini bilmir, hakimiyy\u0259tl\u0259 g\u00f6r\u00fc\u015fl\u0259rd\u0259 is\u0259 daha \u00e7ox sosial xarakterli suallar verir. \u00a0<\/span><\/p>\n<p><span style=\"font-weight: 400;\">Artsaxl\u0131lar sosial \u015f\u0259b\u0259k\u0259l\u0259rd\u0259 d\u0259 bu m\u0259s\u0259l\u0259ni m\u00fczakir\u0259 edir v\u0259 m\u00f6vqel\u0259rind\u0259n as\u0131l\u0131 olaraq, s\u0259hif\u0259l\u0259rin\u0259 \u201cH\u0259 &#8211; Artsxa\u201d v\u0259 ya \u201cM\u0259n \u0259leyhin\u0259y\u0259m\u201d \u015f\u0259kill\u0259rini yerl\u0259\u015fdirir. F\u0259rqi yoxdur, n\u0259 ba\u015f verir, \u0259sas\u0131 odur ki, pensiyalar y\u00fcks\u0259k olsun, bir d\u0259 \u00f6vladlar\u0131m\u0131z\u0131n i\u015fi olsun \u2013 dey\u0259 d\u00fc\u015f\u00fcn\u0259nl\u0259r d\u0259 var. <\/span><\/p>\n<p><span style=\"font-weight: 400;\">Qaraba\u011fda \u201cSosiometr\u201d sosioloji m\u0259rk\u0259zi t\u0259r\u0259find\u0259n apar\u0131lan yegan\u0259 sor\u011fuya \u0259sas\u0259n, \u0259hali prezident idar\u0259\u00e7iliyi \u00fcsulunu d\u0259st\u0259kl\u0259yir. 75% sor\u011fu i\u015ftirak\u00e7\u0131s\u0131 s\u0259sverm\u0259d\u0259 i\u015ftirak etm\u0259k niyy\u0259tind\u0259dir, onlardan 85%-i \u201cleyhin\u0259\u201d s\u0259s ver\u0259c\u0259k. Hakimiyy\u0259t buna \u0259mindir. Referendumun n\u0259tic\u0259l\u0259rinin hakimiyy\u0259tin xeyrin\u0259 olaca\u011f\u0131n\u0131 is\u0259 h\u0259tta konstitusiya islahatlar\u0131na qar\u015f\u0131 \u00e7\u0131xanlar da bilir.<\/span><\/p>\n<p><span style=\"color: #000080;\">M\u0259qal\u0259d\u0259 bildiril\u0259n fikirl\u0259r m\u00fc\u0259llifin n\u00f6qteyi-n\u0259z\u0259rini \u0259ks etdirir v\u0259 redaksiyan\u0131n m\u00f6vqeyi il\u0259 \u00fcst-\u00fcst\u0259 d\u00fc\u015fm\u0259y\u0259 bil\u0259r.\u00a0<\/span><\/p>\n","protected":false},"excerpt":{"rendered":"<p>Qaraba\u011f siyasi dilemma qar\u015f\u0131s\u0131nda<\/p>\n","protected":false},"author":8,"featured_media":19566,"comment_status":"open","ping_status":"open","sticky":false,"template":"","format":"standard","meta":{"_acf_changed":false,"footnotes":""},"categories":[2,38,5],"tags":[33,218,219,202],"formation":[],"post-author":[3803],"topic":[4954],"tooltip":[],"city":[],"class_list":["post-4751","post","type-post","status-publish","format-standard","has-post-thumbnail","hentry","category-cografiya","category-qarabag","category-siyast","tag-ermnistan","tag-islahatlar","tag-konstitusiya","tag-qarabag","post-author-tiqranuhi-martirosyan","topic-qarabag"],"acf":[],"yoast_head":"<!-- This site is optimized with the Yoast SEO plugin v24.1 - https:\/\/yoast.com\/wordpress\/plugins\/seo\/ -->\n<title>Superprezident? - JAMnews<\/title>\n<meta name=\"robots\" content=\"index, follow, max-snippet:-1, max-image-preview:large, max-video-preview:-1\" \/>\n<link rel=\"canonical\" href=\"https:\/\/jam-news.net\/az\/superprezident\/\" \/>\n<meta property=\"og:locale\" content=\"az_AZ\" \/>\n<meta property=\"og:type\" content=\"article\" \/>\n<meta property=\"og:title\" content=\"Superprezident? - JAMnews\" \/>\n<meta property=\"og:description\" content=\"Qaraba\u011f siyasi dilemma qar\u015f\u0131s\u0131nda\" \/>\n<meta property=\"og:url\" content=\"https:\/\/jam-news.net\/az\/superprezident\/\" \/>\n<meta property=\"og:site_name\" content=\"Azerbaijani Jamnews\" \/>\n<meta property=\"article:publisher\" content=\"https:\/\/www.facebook.com\/JAMnewsInEnglish\/\" \/>\n<meta property=\"article:published_time\" content=\"2017-02-18T00:00:00+00:00\" \/>\n<meta property=\"article:modified_time\" content=\"2021-11-06T11:45:22+00:00\" \/>\n<meta property=\"og:image\" content=\"https:\/\/jam-news.net\/app\/uploads\/2020\/03\/U5A8473-3.jpg\" \/>\n\t<meta property=\"og:image:width\" content=\"1152\" \/>\n\t<meta property=\"og:image:height\" content=\"768\" \/>\n\t<meta property=\"og:image:type\" content=\"image\/jpeg\" \/>\n<meta name=\"author\" content=\"Naira Martikian\" \/>\n<meta name=\"twitter:card\" content=\"summary_large_image\" \/>\n<meta name=\"twitter:creator\" content=\"@JAMnewsCaucasus\" \/>\n<meta name=\"twitter:site\" content=\"@JAMnewsCaucasus\" \/>\n<meta name=\"twitter:label1\" content=\"Written by\" \/>\n\t<meta name=\"twitter:data1\" content=\"Naira Martikian\" \/>\n\t<meta name=\"twitter:label2\" content=\"Est. reading time\" \/>\n\t<meta name=\"twitter:data2\" content=\"7 minutes\" \/>\n<script type=\"application\/ld+json\" class=\"yoast-schema-graph\">{\"@context\":\"https:\/\/schema.org\",\"@graph\":[{\"@type\":\"Article\",\"@id\":\"https:\/\/jam-news.net\/az\/superprezident\/#article\",\"isPartOf\":{\"@id\":\"https:\/\/jam-news.net\/az\/superprezident\/\"},\"author\":{\"name\":\"Naira Martikian\",\"@id\":\"https:\/\/jam-news.net\/az\/#\/schema\/person\/e82f374df8fce3377c56e285e5c11387\"},\"headline\":\"Superprezident?\",\"datePublished\":\"2017-02-18T00:00:00+00:00\",\"dateModified\":\"2021-11-06T11:45:22+00:00\",\"mainEntityOfPage\":{\"@id\":\"https:\/\/jam-news.net\/az\/superprezident\/\"},\"wordCount\":1339,\"commentCount\":0,\"publisher\":{\"@id\":\"https:\/\/jam-news.net\/az\/#organization\"},\"image\":{\"@id\":\"https:\/\/jam-news.net\/az\/superprezident\/#primaryimage\"},\"thumbnailUrl\":\"https:\/\/jam-news.net\/app\/uploads\/2020\/03\/U5A8473-3.jpg\",\"keywords\":[\"Erm\u0259nistan\",\"islahatlar\",\"Konstitusiya\",\"Qaraba\u011f\"],\"articleSection\":[\"Geography\",\"Nagorno-Karabakh\",\"Politics\"],\"inLanguage\":\"az\"},{\"@type\":\"WebPage\",\"@id\":\"https:\/\/jam-news.net\/az\/superprezident\/\",\"url\":\"https:\/\/jam-news.net\/az\/superprezident\/\",\"name\":\"Superprezident? - JAMnews\",\"isPartOf\":{\"@id\":\"https:\/\/jam-news.net\/az\/#website\"},\"primaryImageOfPage\":{\"@id\":\"https:\/\/jam-news.net\/az\/superprezident\/#primaryimage\"},\"image\":{\"@id\":\"https:\/\/jam-news.net\/az\/superprezident\/#primaryimage\"},\"thumbnailUrl\":\"https:\/\/jam-news.net\/app\/uploads\/2020\/03\/U5A8473-3.jpg\",\"datePublished\":\"2017-02-18T00:00:00+00:00\",\"dateModified\":\"2021-11-06T11:45:22+00:00\",\"breadcrumb\":{\"@id\":\"https:\/\/jam-news.net\/az\/superprezident\/#breadcrumb\"},\"inLanguage\":\"az\",\"potentialAction\":[{\"@type\":\"ReadAction\",\"target\":[\"https:\/\/jam-news.net\/az\/superprezident\/\"]}]},{\"@type\":\"ImageObject\",\"inLanguage\":\"az\",\"@id\":\"https:\/\/jam-news.net\/az\/superprezident\/#primaryimage\",\"url\":\"https:\/\/jam-news.net\/app\/uploads\/2020\/03\/U5A8473-3.jpg\",\"contentUrl\":\"https:\/\/jam-news.net\/app\/uploads\/2020\/03\/U5A8473-3.jpg\",\"width\":1152,\"height\":768},{\"@type\":\"BreadcrumbList\",\"@id\":\"https:\/\/jam-news.net\/az\/superprezident\/#breadcrumb\",\"itemListElement\":[{\"@type\":\"ListItem\",\"position\":1,\"name\":\"Home\",\"item\":\"https:\/\/jam-news.net\/az\/\"},{\"@type\":\"ListItem\",\"position\":2,\"name\":\"Superprezident?\"}]},{\"@type\":\"WebSite\",\"@id\":\"https:\/\/jam-news.net\/az\/#website\",\"url\":\"https:\/\/jam-news.net\/az\/\",\"name\":\"Azerbaijani Jamnews\",\"description\":\"Caucasus News, Politics and Society\",\"publisher\":{\"@id\":\"https:\/\/jam-news.net\/az\/#organization\"},\"potentialAction\":[{\"@type\":\"SearchAction\",\"target\":{\"@type\":\"EntryPoint\",\"urlTemplate\":\"https:\/\/jam-news.net\/az\/?s={search_term_string}\"},\"query-input\":{\"@type\":\"PropertyValueSpecification\",\"valueRequired\":true,\"valueName\":\"search_term_string\"}}],\"inLanguage\":\"az\"},{\"@type\":\"Organization\",\"@id\":\"https:\/\/jam-news.net\/az\/#organization\",\"name\":\"JAMnews\",\"url\":\"https:\/\/jam-news.net\/az\/\",\"logo\":{\"@type\":\"ImageObject\",\"inLanguage\":\"az\",\"@id\":\"https:\/\/jam-news.net\/az\/#\/schema\/logo\/image\/\",\"url\":\"https:\/\/jam-news.net\/app\/uploads\/2020\/05\/JAM_w.jpg\",\"contentUrl\":\"https:\/\/jam-news.net\/app\/uploads\/2020\/05\/JAM_w.jpg\",\"width\":960,\"height\":960,\"caption\":\"JAMnews\"},\"image\":{\"@id\":\"https:\/\/jam-news.net\/az\/#\/schema\/logo\/image\/\"},\"sameAs\":[\"https:\/\/www.facebook.com\/JAMnewsInEnglish\/\",\"https:\/\/x.com\/JAMnewsCaucasus\",\"https:\/\/www.instagram.com\/jam_news\/\",\"https:\/\/www.youtube.com\/channel\/UCXQbUCme2pykuZYXWHx4VPg\"]},{\"@type\":\"Person\",\"@id\":\"https:\/\/jam-news.net\/az\/#\/schema\/person\/e82f374df8fce3377c56e285e5c11387\",\"name\":\"Naira Martikian\",\"image\":{\"@type\":\"ImageObject\",\"inLanguage\":\"az\",\"@id\":\"https:\/\/jam-news.net\/az\/#\/schema\/person\/image\/\",\"url\":\"https:\/\/secure.gravatar.com\/avatar\/0696bcd343e46256c029b752a654bade?s=96&d=mm&r=g\",\"contentUrl\":\"https:\/\/secure.gravatar.com\/avatar\/0696bcd343e46256c029b752a654bade?s=96&d=mm&r=g\",\"caption\":\"Naira Martikian\"},\"url\":\"https:\/\/jam-news.net\/az\/author\/nairama\/\"}]}<\/script>\n<!-- \/ Yoast SEO plugin. -->","yoast_head_json":{"title":"Superprezident? - JAMnews","robots":{"index":"index","follow":"follow","max-snippet":"max-snippet:-1","max-image-preview":"max-image-preview:large","max-video-preview":"max-video-preview:-1"},"canonical":"https:\/\/jam-news.net\/az\/superprezident\/","og_locale":"az_AZ","og_type":"article","og_title":"Superprezident? - JAMnews","og_description":"Qaraba\u011f siyasi dilemma qar\u015f\u0131s\u0131nda","og_url":"https:\/\/jam-news.net\/az\/superprezident\/","og_site_name":"Azerbaijani Jamnews","article_publisher":"https:\/\/www.facebook.com\/JAMnewsInEnglish\/","article_published_time":"2017-02-18T00:00:00+00:00","article_modified_time":"2021-11-06T11:45:22+00:00","og_image":[{"width":1152,"height":768,"url":"https:\/\/jam-news.net\/app\/uploads\/2020\/03\/U5A8473-3.jpg","type":"image\/jpeg"}],"author":"Naira Martikian","twitter_card":"summary_large_image","twitter_creator":"@JAMnewsCaucasus","twitter_site":"@JAMnewsCaucasus","twitter_misc":{"Written by":"Naira Martikian","Est. reading time":"7 minutes"},"schema":{"@context":"https:\/\/schema.org","@graph":[{"@type":"Article","@id":"https:\/\/jam-news.net\/az\/superprezident\/#article","isPartOf":{"@id":"https:\/\/jam-news.net\/az\/superprezident\/"},"author":{"name":"Naira Martikian","@id":"https:\/\/jam-news.net\/az\/#\/schema\/person\/e82f374df8fce3377c56e285e5c11387"},"headline":"Superprezident?","datePublished":"2017-02-18T00:00:00+00:00","dateModified":"2021-11-06T11:45:22+00:00","mainEntityOfPage":{"@id":"https:\/\/jam-news.net\/az\/superprezident\/"},"wordCount":1339,"commentCount":0,"publisher":{"@id":"https:\/\/jam-news.net\/az\/#organization"},"image":{"@id":"https:\/\/jam-news.net\/az\/superprezident\/#primaryimage"},"thumbnailUrl":"https:\/\/jam-news.net\/app\/uploads\/2020\/03\/U5A8473-3.jpg","keywords":["Erm\u0259nistan","islahatlar","Konstitusiya","Qaraba\u011f"],"articleSection":["Geography","Nagorno-Karabakh","Politics"],"inLanguage":"az"},{"@type":"WebPage","@id":"https:\/\/jam-news.net\/az\/superprezident\/","url":"https:\/\/jam-news.net\/az\/superprezident\/","name":"Superprezident? - JAMnews","isPartOf":{"@id":"https:\/\/jam-news.net\/az\/#website"},"primaryImageOfPage":{"@id":"https:\/\/jam-news.net\/az\/superprezident\/#primaryimage"},"image":{"@id":"https:\/\/jam-news.net\/az\/superprezident\/#primaryimage"},"thumbnailUrl":"https:\/\/jam-news.net\/app\/uploads\/2020\/03\/U5A8473-3.jpg","datePublished":"2017-02-18T00:00:00+00:00","dateModified":"2021-11-06T11:45:22+00:00","breadcrumb":{"@id":"https:\/\/jam-news.net\/az\/superprezident\/#breadcrumb"},"inLanguage":"az","potentialAction":[{"@type":"ReadAction","target":["https:\/\/jam-news.net\/az\/superprezident\/"]}]},{"@type":"ImageObject","inLanguage":"az","@id":"https:\/\/jam-news.net\/az\/superprezident\/#primaryimage","url":"https:\/\/jam-news.net\/app\/uploads\/2020\/03\/U5A8473-3.jpg","contentUrl":"https:\/\/jam-news.net\/app\/uploads\/2020\/03\/U5A8473-3.jpg","width":1152,"height":768},{"@type":"BreadcrumbList","@id":"https:\/\/jam-news.net\/az\/superprezident\/#breadcrumb","itemListElement":[{"@type":"ListItem","position":1,"name":"Home","item":"https:\/\/jam-news.net\/az\/"},{"@type":"ListItem","position":2,"name":"Superprezident?"}]},{"@type":"WebSite","@id":"https:\/\/jam-news.net\/az\/#website","url":"https:\/\/jam-news.net\/az\/","name":"Azerbaijani Jamnews","description":"Caucasus News, Politics and Society","publisher":{"@id":"https:\/\/jam-news.net\/az\/#organization"},"potentialAction":[{"@type":"SearchAction","target":{"@type":"EntryPoint","urlTemplate":"https:\/\/jam-news.net\/az\/?s={search_term_string}"},"query-input":{"@type":"PropertyValueSpecification","valueRequired":true,"valueName":"search_term_string"}}],"inLanguage":"az"},{"@type":"Organization","@id":"https:\/\/jam-news.net\/az\/#organization","name":"JAMnews","url":"https:\/\/jam-news.net\/az\/","logo":{"@type":"ImageObject","inLanguage":"az","@id":"https:\/\/jam-news.net\/az\/#\/schema\/logo\/image\/","url":"https:\/\/jam-news.net\/app\/uploads\/2020\/05\/JAM_w.jpg","contentUrl":"https:\/\/jam-news.net\/app\/uploads\/2020\/05\/JAM_w.jpg","width":960,"height":960,"caption":"JAMnews"},"image":{"@id":"https:\/\/jam-news.net\/az\/#\/schema\/logo\/image\/"},"sameAs":["https:\/\/www.facebook.com\/JAMnewsInEnglish\/","https:\/\/x.com\/JAMnewsCaucasus","https:\/\/www.instagram.com\/jam_news\/","https:\/\/www.youtube.com\/channel\/UCXQbUCme2pykuZYXWHx4VPg"]},{"@type":"Person","@id":"https:\/\/jam-news.net\/az\/#\/schema\/person\/e82f374df8fce3377c56e285e5c11387","name":"Naira Martikian","image":{"@type":"ImageObject","inLanguage":"az","@id":"https:\/\/jam-news.net\/az\/#\/schema\/person\/image\/","url":"https:\/\/secure.gravatar.com\/avatar\/0696bcd343e46256c029b752a654bade?s=96&d=mm&r=g","contentUrl":"https:\/\/secure.gravatar.com\/avatar\/0696bcd343e46256c029b752a654bade?s=96&d=mm&r=g","caption":"Naira Martikian"},"url":"https:\/\/jam-news.net\/az\/author\/nairama\/"}]}},"_links":{"self":[{"href":"https:\/\/jam-news.net\/az\/wp-json\/wp\/v2\/posts\/4751","targetHints":{"allow":["GET"]}}],"collection":[{"href":"https:\/\/jam-news.net\/az\/wp-json\/wp\/v2\/posts"}],"about":[{"href":"https:\/\/jam-news.net\/az\/wp-json\/wp\/v2\/types\/post"}],"author":[{"embeddable":true,"href":"https:\/\/jam-news.net\/az\/wp-json\/wp\/v2\/users\/8"}],"replies":[{"embeddable":true,"href":"https:\/\/jam-news.net\/az\/wp-json\/wp\/v2\/comments?post=4751"}],"version-history":[{"count":1,"href":"https:\/\/jam-news.net\/az\/wp-json\/wp\/v2\/posts\/4751\/revisions"}],"predecessor-version":[{"id":15852,"href":"https:\/\/jam-news.net\/az\/wp-json\/wp\/v2\/posts\/4751\/revisions\/15852"}],"wp:featuredmedia":[{"embeddable":true,"href":"https:\/\/jam-news.net\/az\/wp-json\/wp\/v2\/media\/19566"}],"wp:attachment":[{"href":"https:\/\/jam-news.net\/az\/wp-json\/wp\/v2\/media?parent=4751"}],"wp:term":[{"taxonomy":"category","embeddable":true,"href":"https:\/\/jam-news.net\/az\/wp-json\/wp\/v2\/categories?post=4751"},{"taxonomy":"post_tag","embeddable":true,"href":"https:\/\/jam-news.net\/az\/wp-json\/wp\/v2\/tags?post=4751"},{"taxonomy":"formation","embeddable":true,"href":"https:\/\/jam-news.net\/az\/wp-json\/wp\/v2\/formation?post=4751"},{"taxonomy":"post-author","embeddable":true,"href":"https:\/\/jam-news.net\/az\/wp-json\/wp\/v2\/post-author?post=4751"},{"taxonomy":"topic","embeddable":true,"href":"https:\/\/jam-news.net\/az\/wp-json\/wp\/v2\/topic?post=4751"},{"taxonomy":"tooltip","embeddable":true,"href":"https:\/\/jam-news.net\/az\/wp-json\/wp\/v2\/tooltip?post=4751"},{"taxonomy":"city","embeddable":true,"href":"https:\/\/jam-news.net\/az\/wp-json\/wp\/v2\/city?post=4751"}],"curies":[{"name":"wp","href":"https:\/\/api.w.org\/{rel}","templated":true}]}}