{"id":4627,"date":"2017-01-06T00:00:00","date_gmt":"2017-01-06T00:00:00","guid":{"rendered":"http:\/\/jam-news.net\/az\/5-reasons-to-spend-holidays-in-armenia\/"},"modified":"2022-01-18T01:34:06","modified_gmt":"2022-01-17T21:34:06","slug":"5-reasons-to-spend-holidays-in-armenia","status":"publish","type":"post","link":"https:\/\/jam-news.net\/az\/5-reasons-to-spend-holidays-in-armenia\/","title":{"rendered":"Bayramlar\u0131 Erm\u0259nistanda qeyd etm\u0259k \u00fc\u00e7\u00fcn alt\u0131 s\u0259b\u0259b"},"content":{"rendered":"<p><span style=\"font-size: 12pt;\">Turistl\u0259ri Erm\u0259nistanda Yeni ili v\u0259 Milad bayram\u0131n\u0131 qeyd etm\u0259y\u0259 c\u0259lb ed\u0259n s\u0259b\u0259bl\u0259r yerli sakinl\u0259r\u0259 uy\u011fun deyil: bu s\u0259b\u0259bl\u0259r onlara yax\u015f\u0131 tan\u0131\u015fd\u0131r. Bu g\u00fcnl\u0259rd\u0259 \u00e7oxlar\u0131n\u0131 s\u0259yah\u0259td\u0259n k\u00f6hn\u0259 deyim saxlay\u0131r: Yeni ili evd\u0259 qeyd etm\u0259k laz\u0131md\u0131r. N\u0259 q\u0259d\u0259r m\u00f6vhumat\u00e7\u0131 bir deyim kimi s\u0259sl\u0259ns\u0259 d\u0259, \u00e7oxlar\u0131 bu \u0259n\u0259n\u0259y\u0259 sadiq qal\u0131r. \u00a0<\/span><\/p>\n<p><span style=\"font-size: 12pt;\">A\u015fa\u011f\u0131da is\u0259 siz\u0259 turizm agentlikl\u0259rinin \u0259cn\u0259bil\u0259r\u0259 \u00f6z evl\u0259rini qoyub, Yeni ili Erm\u0259nistanda qeyd etm\u0259l\u0259ri \u00fc\u00e7\u00fcn ir\u0259li s\u00fcrd\u00fcy\u00fc s\u0259b\u0259bl\u0259ri g\u00f6st\u0259ririk:<\/span><\/p>\n<p><span style=\"font-size: 12pt;\">1. Passiv istirah\u0259t v\u0259 dadl\u0131 yem\u0259k sev\u0259nl\u0259r\u0259 m\u00fcxt\u0259lif rayonlarda, istirah\u0259t evl\u0259rind\u0259 qal\u0131b, m\u00fcxt\u0259lif naz-nem\u0259tl\u0259rd\u0259n, q\u0131\u015f g\u00fcn\u00fcnd\u0259 \u00a0t\u0259z\u0259 meyv\u0259-t\u0259r\u0259v\u0259zd\u0259n dadmaq v\u0259 \u0259lb\u0259tt\u0259 ki, erm\u0259ni konyak\u0131dan, \u00e7ax\u0131r\u0131ndan h\u0259zz almaq m\u0259sl\u0259h\u0259t g\u00f6r\u00fcl\u00fcr. <\/span><\/p>\n<p><img loading=\"lazy\" decoding=\"async\" class=\"alignleft size-full wp-image-10233\" src=\"http:\/\/jam-news.net\/app\/uploads\/2017\/01\/2-3.jpg\" alt=\"2\" width=\"1200\" height=\"675\" \/><\/p>\n<p><span style=\"font-size: 12pt;\">2. Ruhi qida ist\u0259y\u0259nl\u0259r\u0259 Milad bayram\u0131n\u0131 xristianl\u0131\u011f\u0131 birinci q\u0259bul ed\u0259n \u00f6lk\u0259d\u0259 qeyd etm\u0259k t\u0259klif olunur. Bunun \u00fc\u00e7\u00fcn yanvar\u0131n 6-na q\u0259d\u0259r Erm\u0259nistanda qalmaq m\u0259sl\u0259h\u0259t g\u00f6r\u00fcl\u00fcr, \u00e7\u00fcnki Erm\u0259ni Apostol Kils\u0259si bu bayram\u0131 m\u0259hz bu g\u00fcn qeyd edir, Milad bayram\u0131 liturgiyas\u0131 da bu g\u00fcn olur.<\/span><\/p>\n<p><span style=\"font-size: 12pt;\">Yeni il paketl\u0259ri \u00e7\u0259r\u00e7iv\u0259sind\u0259 turizm agentlikl\u0259ri h\u0259m d\u0259 turistl\u0259r \u00fc\u00e7\u00fcn E\u00e7miadzind\u0259 yerl\u0259\u015f\u0259n Kafedral kils\u0259y\u0259 s\u0259f\u0259rl\u0259r t\u0259\u015fkil edir. \u00a0<\/span><\/p>\n<p><img loading=\"lazy\" decoding=\"async\" class=\"alignleft size-full wp-image-10234\" src=\"http:\/\/jam-news.net\/app\/uploads\/2017\/01\/3-3.jpg\" alt=\"3\" width=\"1200\" height=\"1016\" \/><\/p>\n<p>Erm\u0259nistan \u00f6lk\u0259nin h\u0259r yerin\u0259 s\u0259p\u0259l\u0259nmi\u015f \u00e7ox q\u0259dim kils\u0259l\u0259rl\u0259 z\u0259ngindir v\u0259 turistin hara s\u0259f\u0259r etm\u0259sind\u0259n as\u0131l\u0131 olmayaraq, asketik, amma tikintisind\u0259 istifad\u0259 olunan memarl\u0131q h\u0259ll\u0259ri bax\u0131m\u0131ndan \u00e7ox f\u0259rqli m\u0259b\u0259dl\u0259rl\u0259 tan\u0131\u015f olmaq imkan\u0131 olacaq.<\/p>\n<p><img loading=\"lazy\" decoding=\"async\" class=\"alignleft size-full wp-image-10235\" src=\"http:\/\/jam-news.net\/app\/uploads\/2017\/01\/4-3.jpg\" alt=\"4\" width=\"1200\" height=\"800\" \/><\/p>\n<p>&nbsp;<\/p>\n<p><img loading=\"lazy\" decoding=\"async\" class=\"alignleft size-full wp-image-10236\" src=\"http:\/\/jam-news.net\/app\/uploads\/2017\/01\/5-1.jpg\" alt=\"5\" width=\"1200\" height=\"1809\" \/><\/p>\n<p>&nbsp;<\/p>\n<p><span style=\"font-size: 12pt;\">3. Qeyri-adi istirah\u0259ti sev\u0259nl\u0259r\u0259 maraql\u0131 yeni il m\u0259rasiml\u0259rind\u0259 i\u015ftirak etm\u0259k t\u0259klif olunur. Misal \u00fc\u00e7\u00fcn, 31 dekabr gec\u0259sini nar\u0131n t\u0259qdis m\u0259rasiminin realla\u015fd\u0131\u011f\u0131 erm\u0259ni kils\u0259l\u0259rind\u0259n birind\u0259 ke\u00e7irm\u0259k olar.<\/span><\/p>\n<p><iframe loading=\"lazy\" title=\"SORT: Five reasons to spend your holidays in Armenia this year\" width=\"500\" height=\"281\" src=\"https:\/\/www.youtube.com\/embed\/t0dFVoOSxq0?feature=oembed\" frameborder=\"0\" allow=\"accelerometer; autoplay; clipboard-write; encrypted-media; gyroscope; picture-in-picture; web-share\" referrerpolicy=\"strict-origin-when-cross-origin\" allowfullscreen><\/iframe><\/p>\n<p>4. Ekstrim sev\u0259rl\u0259r\u0259 Erm\u0259nistanda qarl\u0131 da\u011flara \u00e7\u0131x\u0131b, xiz\u0259kl\u0259 s\u00fcr\u00fc\u015fm\u0259kl\u0259, snoubord s\u00fcrm\u0259kl\u0259 \u00f6z\u00fcnd\u0259 bayram \u0259hval\u0131 yaratmaq t\u0259klif olunur.<\/p>\n<p><img loading=\"lazy\" decoding=\"async\" class=\"alignleft size-full wp-image-10237\" src=\"http:\/\/jam-news.net\/app\/uploads\/2017\/01\/6-1.jpg\" alt=\"6\" width=\"1200\" height=\"776\" \/><\/p>\n<p>&nbsp;<\/p>\n<p><img loading=\"lazy\" decoding=\"async\" class=\"alignleft size-full wp-image-10238\" src=\"http:\/\/jam-news.net\/app\/uploads\/2017\/01\/7.jpg\" alt=\"7\" width=\"1200\" height=\"1797\" \/><\/p>\n<p><span style=\"font-size: 12pt;\">5. V\u0259 n\u0259hay\u0259t, b\u00fct\u00fcn qonaqlara Erm\u0259nistana xas olan qonaqp\u0259rv\u0259rlik v\u0259 isti mehriban m\u00fcnasib\u0259td\u0259n h\u0259zz almaq, t\u0259hl\u00fck\u0259sizliyind\u0259n narahat olmadan sutkan\u0131n ist\u0259nil\u0259n vaxt\u0131 g\u0259zm\u0259k v\u0259 \u0259yl\u0259nm\u0259k t\u0259klif olunur. Son zamanlar bu m\u0259s\u0259l\u0259 x\u00fcsusil\u0259 aktuald\u0131r. <\/span><\/p>\n<p><span style=\"font-size: 12pt;\">\u201cVisit Armenia\u201d turizm agentliyinin yarad\u0131c\u0131s\u0131 Vladimir Qevorkyan deyir ki, Yeni ili Erm\u0259nistanda qeyd etm\u0259y\u0259 g\u0259l\u0259n turistl\u0259rin \u0259ks\u0259r hiss\u0259si ruslard\u0131r: \u201cBu g\u00fcnl\u0259rd\u0259 \u015f\u0259h\u0259rd\u0259n k\u0259narda yerl\u0259\u015f\u0259n istirah\u0259t evl\u0259ri qiym\u0259tl\u0259ri qald\u0131r\u0131r, \u015f\u0259h\u0259rd\u0259ki mehmanxanalar is\u0259 kifay\u0259t q\u0259d\u0259r s\u0259rf\u0259li qiym\u0259tl\u0259r t\u0259klif edirl\u0259r. Rus turistl\u0259ri is\u0259 Yeni il bayramlar\u0131n\u0131 m\u0259hz Yerevanda ke\u00e7irm\u0259yi \u00fcst\u00fcn tutur\u201d. \u00a0<\/span><\/p>\n<p><img loading=\"lazy\" decoding=\"async\" class=\"alignleft size-full wp-image-10239\" src=\"http:\/\/jam-news.net\/app\/uploads\/2017\/01\/8.jpg\" alt=\"8\" width=\"1200\" height=\"561\" \/><\/p>\n<p>&nbsp;<\/p>\n","protected":false},"excerpt":{"rendered":"<p>Turizm agentlikl\u0259ri Yeni il v\u0259 Milad bayram\u0131nda n\u0259 il\u0259 m\u0259\u015f\u011ful olma\u011f\u0131 t\u0259klif edir?<\/p>\n","protected":false},"author":3,"featured_media":19490,"comment_status":"open","ping_status":"open","sticky":false,"template":"","format":"standard","meta":{"_acf_changed":false,"footnotes":""},"categories":[27,41,67,2,62,46,36,61],"tags":[33],"formation":[],"post-author":[3529],"topic":[5475],"tooltip":[],"city":[6054],"class_list":["post-4627","post","type-post","status-publish","format-standard","has-post-thumbnail","hentry","category-ermnistan","category-silsillr","category-ylnc","category-cografiya","category-lifestyle","category-fotohvalat","category-multimedia","category-syaht","tag-ermnistan","post-author-tatevik-sarqsyan","topic-qafqaza-sfrlr","city-yerevan"],"acf":[],"yoast_head":"<!-- This site is optimized with the Yoast SEO plugin v24.1 - https:\/\/yoast.com\/wordpress\/plugins\/seo\/ -->\n<title>Bayramlar\u0131 Erm\u0259nistanda qeyd etm\u0259k \u00fc\u00e7\u00fcn alt\u0131 s\u0259b\u0259b - JAMnews<\/title>\n<meta name=\"robots\" content=\"index, follow, max-snippet:-1, max-image-preview:large, max-video-preview:-1\" \/>\n<link rel=\"canonical\" href=\"https:\/\/jam-news.net\/az\/5-reasons-to-spend-holidays-in-armenia\/\" \/>\n<meta property=\"og:locale\" content=\"az_AZ\" \/>\n<meta property=\"og:type\" content=\"article\" \/>\n<meta property=\"og:title\" content=\"Bayramlar\u0131 Erm\u0259nistanda qeyd etm\u0259k \u00fc\u00e7\u00fcn alt\u0131 s\u0259b\u0259b - JAMnews\" \/>\n<meta property=\"og:description\" content=\"Turizm agentlikl\u0259ri Yeni il v\u0259 Milad bayram\u0131nda n\u0259 il\u0259 m\u0259\u015f\u011ful olma\u011f\u0131 t\u0259klif edir?\" \/>\n<meta property=\"og:url\" content=\"https:\/\/jam-news.net\/az\/5-reasons-to-spend-holidays-in-armenia\/\" \/>\n<meta property=\"og:site_name\" content=\"Azerbaijani Jamnews\" \/>\n<meta property=\"article:publisher\" content=\"https:\/\/www.facebook.com\/JAMnewsInEnglish\/\" \/>\n<meta property=\"article:published_time\" content=\"2017-01-06T00:00:00+00:00\" \/>\n<meta property=\"article:modified_time\" content=\"2022-01-17T21:34:06+00:00\" \/>\n<meta property=\"og:image\" content=\"https:\/\/jam-news.net\/app\/uploads\/2020\/03\/Original_5.jpg\" \/>\n\t<meta property=\"og:image:width\" content=\"960\" \/>\n\t<meta property=\"og:image:height\" content=\"640\" \/>\n\t<meta property=\"og:image:type\" content=\"image\/jpeg\" \/>\n<meta name=\"author\" content=\"JAMnews\" \/>\n<meta name=\"twitter:card\" content=\"summary_large_image\" \/>\n<meta name=\"twitter:creator\" content=\"@JAMnewsCaucasus\" \/>\n<meta name=\"twitter:site\" content=\"@JAMnewsCaucasus\" \/>\n<meta name=\"twitter:label1\" content=\"Written by\" \/>\n\t<meta name=\"twitter:data1\" content=\"JAMnews\" \/>\n\t<meta name=\"twitter:label2\" content=\"Est. reading time\" \/>\n\t<meta name=\"twitter:data2\" content=\"3 minutes\" \/>\n<script type=\"application\/ld+json\" class=\"yoast-schema-graph\">{\"@context\":\"https:\/\/schema.org\",\"@graph\":[{\"@type\":\"Article\",\"@id\":\"https:\/\/jam-news.net\/az\/5-reasons-to-spend-holidays-in-armenia\/#article\",\"isPartOf\":{\"@id\":\"https:\/\/jam-news.net\/az\/5-reasons-to-spend-holidays-in-armenia\/\"},\"author\":{\"name\":\"JAMnews\",\"@id\":\"https:\/\/jam-news.net\/az\/#\/schema\/person\/67df3bb7adb46cd513fb9c4cb02361c6\"},\"headline\":\"Bayramlar\u0131 Erm\u0259nistanda qeyd etm\u0259k \u00fc\u00e7\u00fcn alt\u0131 s\u0259b\u0259b\",\"datePublished\":\"2017-01-06T00:00:00+00:00\",\"dateModified\":\"2022-01-17T21:34:06+00:00\",\"mainEntityOfPage\":{\"@id\":\"https:\/\/jam-news.net\/az\/5-reasons-to-spend-holidays-in-armenia\/\"},\"wordCount\":567,\"commentCount\":0,\"publisher\":{\"@id\":\"https:\/\/jam-news.net\/az\/#organization\"},\"image\":{\"@id\":\"https:\/\/jam-news.net\/az\/5-reasons-to-spend-holidays-in-armenia\/#primaryimage\"},\"thumbnailUrl\":\"https:\/\/jam-news.net\/app\/uploads\/2020\/03\/Original_5.jpg\",\"keywords\":[\"Erm\u0259nistan\"],\"articleSection\":[\"Armenia\",\"Clusters\",\"Entertainment\",\"Geography\",\"Lifestyle\",\"Photo\",\"Photo\/Video\",\"Travel\"],\"inLanguage\":\"az\"},{\"@type\":\"WebPage\",\"@id\":\"https:\/\/jam-news.net\/az\/5-reasons-to-spend-holidays-in-armenia\/\",\"url\":\"https:\/\/jam-news.net\/az\/5-reasons-to-spend-holidays-in-armenia\/\",\"name\":\"Bayramlar\u0131 Erm\u0259nistanda qeyd etm\u0259k \u00fc\u00e7\u00fcn alt\u0131 s\u0259b\u0259b - JAMnews\",\"isPartOf\":{\"@id\":\"https:\/\/jam-news.net\/az\/#website\"},\"primaryImageOfPage\":{\"@id\":\"https:\/\/jam-news.net\/az\/5-reasons-to-spend-holidays-in-armenia\/#primaryimage\"},\"image\":{\"@id\":\"https:\/\/jam-news.net\/az\/5-reasons-to-spend-holidays-in-armenia\/#primaryimage\"},\"thumbnailUrl\":\"https:\/\/jam-news.net\/app\/uploads\/2020\/03\/Original_5.jpg\",\"datePublished\":\"2017-01-06T00:00:00+00:00\",\"dateModified\":\"2022-01-17T21:34:06+00:00\",\"breadcrumb\":{\"@id\":\"https:\/\/jam-news.net\/az\/5-reasons-to-spend-holidays-in-armenia\/#breadcrumb\"},\"inLanguage\":\"az\",\"potentialAction\":[{\"@type\":\"ReadAction\",\"target\":[\"https:\/\/jam-news.net\/az\/5-reasons-to-spend-holidays-in-armenia\/\"]}]},{\"@type\":\"ImageObject\",\"inLanguage\":\"az\",\"@id\":\"https:\/\/jam-news.net\/az\/5-reasons-to-spend-holidays-in-armenia\/#primaryimage\",\"url\":\"https:\/\/jam-news.net\/app\/uploads\/2020\/03\/Original_5.jpg\",\"contentUrl\":\"https:\/\/jam-news.net\/app\/uploads\/2020\/03\/Original_5.jpg\",\"width\":960,\"height\":640},{\"@type\":\"BreadcrumbList\",\"@id\":\"https:\/\/jam-news.net\/az\/5-reasons-to-spend-holidays-in-armenia\/#breadcrumb\",\"itemListElement\":[{\"@type\":\"ListItem\",\"position\":1,\"name\":\"Home\",\"item\":\"https:\/\/jam-news.net\/az\/\"},{\"@type\":\"ListItem\",\"position\":2,\"name\":\"Bayramlar\u0131 Erm\u0259nistanda qeyd etm\u0259k \u00fc\u00e7\u00fcn alt\u0131 s\u0259b\u0259b\"}]},{\"@type\":\"WebSite\",\"@id\":\"https:\/\/jam-news.net\/az\/#website\",\"url\":\"https:\/\/jam-news.net\/az\/\",\"name\":\"Azerbaijani Jamnews\",\"description\":\"Caucasus News, Politics and Society\",\"publisher\":{\"@id\":\"https:\/\/jam-news.net\/az\/#organization\"},\"potentialAction\":[{\"@type\":\"SearchAction\",\"target\":{\"@type\":\"EntryPoint\",\"urlTemplate\":\"https:\/\/jam-news.net\/az\/?s={search_term_string}\"},\"query-input\":{\"@type\":\"PropertyValueSpecification\",\"valueRequired\":true,\"valueName\":\"search_term_string\"}}],\"inLanguage\":\"az\"},{\"@type\":\"Organization\",\"@id\":\"https:\/\/jam-news.net\/az\/#organization\",\"name\":\"JAMnews\",\"url\":\"https:\/\/jam-news.net\/az\/\",\"logo\":{\"@type\":\"ImageObject\",\"inLanguage\":\"az\",\"@id\":\"https:\/\/jam-news.net\/az\/#\/schema\/logo\/image\/\",\"url\":\"https:\/\/jam-news.net\/app\/uploads\/2020\/05\/JAM_w.jpg\",\"contentUrl\":\"https:\/\/jam-news.net\/app\/uploads\/2020\/05\/JAM_w.jpg\",\"width\":960,\"height\":960,\"caption\":\"JAMnews\"},\"image\":{\"@id\":\"https:\/\/jam-news.net\/az\/#\/schema\/logo\/image\/\"},\"sameAs\":[\"https:\/\/www.facebook.com\/JAMnewsInEnglish\/\",\"https:\/\/x.com\/JAMnewsCaucasus\",\"https:\/\/www.instagram.com\/jam_news\/\",\"https:\/\/www.youtube.com\/channel\/UCXQbUCme2pykuZYXWHx4VPg\"]},{\"@type\":\"Person\",\"@id\":\"https:\/\/jam-news.net\/az\/#\/schema\/person\/67df3bb7adb46cd513fb9c4cb02361c6\",\"name\":\"JAMnews\",\"image\":{\"@type\":\"ImageObject\",\"inLanguage\":\"az\",\"@id\":\"https:\/\/jam-news.net\/az\/#\/schema\/person\/image\/\",\"url\":\"https:\/\/secure.gravatar.com\/avatar\/e5c27593ef900c3ab3deed4ed1c653d7?s=96&d=mm&r=g\",\"contentUrl\":\"https:\/\/secure.gravatar.com\/avatar\/e5c27593ef900c3ab3deed4ed1c653d7?s=96&d=mm&r=g\",\"caption\":\"JAMnews\"},\"url\":\"https:\/\/jam-news.net\/az\/author\/margarita\/\"}]}<\/script>\n<!-- \/ Yoast SEO plugin. -->","yoast_head_json":{"title":"Bayramlar\u0131 Erm\u0259nistanda qeyd etm\u0259k \u00fc\u00e7\u00fcn alt\u0131 s\u0259b\u0259b - JAMnews","robots":{"index":"index","follow":"follow","max-snippet":"max-snippet:-1","max-image-preview":"max-image-preview:large","max-video-preview":"max-video-preview:-1"},"canonical":"https:\/\/jam-news.net\/az\/5-reasons-to-spend-holidays-in-armenia\/","og_locale":"az_AZ","og_type":"article","og_title":"Bayramlar\u0131 Erm\u0259nistanda qeyd etm\u0259k \u00fc\u00e7\u00fcn alt\u0131 s\u0259b\u0259b - JAMnews","og_description":"Turizm agentlikl\u0259ri Yeni il v\u0259 Milad bayram\u0131nda n\u0259 il\u0259 m\u0259\u015f\u011ful olma\u011f\u0131 t\u0259klif edir?","og_url":"https:\/\/jam-news.net\/az\/5-reasons-to-spend-holidays-in-armenia\/","og_site_name":"Azerbaijani Jamnews","article_publisher":"https:\/\/www.facebook.com\/JAMnewsInEnglish\/","article_published_time":"2017-01-06T00:00:00+00:00","article_modified_time":"2022-01-17T21:34:06+00:00","og_image":[{"width":960,"height":640,"url":"https:\/\/jam-news.net\/app\/uploads\/2020\/03\/Original_5.jpg","type":"image\/jpeg"}],"author":"JAMnews","twitter_card":"summary_large_image","twitter_creator":"@JAMnewsCaucasus","twitter_site":"@JAMnewsCaucasus","twitter_misc":{"Written by":"JAMnews","Est. reading time":"3 minutes"},"schema":{"@context":"https:\/\/schema.org","@graph":[{"@type":"Article","@id":"https:\/\/jam-news.net\/az\/5-reasons-to-spend-holidays-in-armenia\/#article","isPartOf":{"@id":"https:\/\/jam-news.net\/az\/5-reasons-to-spend-holidays-in-armenia\/"},"author":{"name":"JAMnews","@id":"https:\/\/jam-news.net\/az\/#\/schema\/person\/67df3bb7adb46cd513fb9c4cb02361c6"},"headline":"Bayramlar\u0131 Erm\u0259nistanda qeyd etm\u0259k \u00fc\u00e7\u00fcn alt\u0131 s\u0259b\u0259b","datePublished":"2017-01-06T00:00:00+00:00","dateModified":"2022-01-17T21:34:06+00:00","mainEntityOfPage":{"@id":"https:\/\/jam-news.net\/az\/5-reasons-to-spend-holidays-in-armenia\/"},"wordCount":567,"commentCount":0,"publisher":{"@id":"https:\/\/jam-news.net\/az\/#organization"},"image":{"@id":"https:\/\/jam-news.net\/az\/5-reasons-to-spend-holidays-in-armenia\/#primaryimage"},"thumbnailUrl":"https:\/\/jam-news.net\/app\/uploads\/2020\/03\/Original_5.jpg","keywords":["Erm\u0259nistan"],"articleSection":["Armenia","Clusters","Entertainment","Geography","Lifestyle","Photo","Photo\/Video","Travel"],"inLanguage":"az"},{"@type":"WebPage","@id":"https:\/\/jam-news.net\/az\/5-reasons-to-spend-holidays-in-armenia\/","url":"https:\/\/jam-news.net\/az\/5-reasons-to-spend-holidays-in-armenia\/","name":"Bayramlar\u0131 Erm\u0259nistanda qeyd etm\u0259k \u00fc\u00e7\u00fcn alt\u0131 s\u0259b\u0259b - JAMnews","isPartOf":{"@id":"https:\/\/jam-news.net\/az\/#website"},"primaryImageOfPage":{"@id":"https:\/\/jam-news.net\/az\/5-reasons-to-spend-holidays-in-armenia\/#primaryimage"},"image":{"@id":"https:\/\/jam-news.net\/az\/5-reasons-to-spend-holidays-in-armenia\/#primaryimage"},"thumbnailUrl":"https:\/\/jam-news.net\/app\/uploads\/2020\/03\/Original_5.jpg","datePublished":"2017-01-06T00:00:00+00:00","dateModified":"2022-01-17T21:34:06+00:00","breadcrumb":{"@id":"https:\/\/jam-news.net\/az\/5-reasons-to-spend-holidays-in-armenia\/#breadcrumb"},"inLanguage":"az","potentialAction":[{"@type":"ReadAction","target":["https:\/\/jam-news.net\/az\/5-reasons-to-spend-holidays-in-armenia\/"]}]},{"@type":"ImageObject","inLanguage":"az","@id":"https:\/\/jam-news.net\/az\/5-reasons-to-spend-holidays-in-armenia\/#primaryimage","url":"https:\/\/jam-news.net\/app\/uploads\/2020\/03\/Original_5.jpg","contentUrl":"https:\/\/jam-news.net\/app\/uploads\/2020\/03\/Original_5.jpg","width":960,"height":640},{"@type":"BreadcrumbList","@id":"https:\/\/jam-news.net\/az\/5-reasons-to-spend-holidays-in-armenia\/#breadcrumb","itemListElement":[{"@type":"ListItem","position":1,"name":"Home","item":"https:\/\/jam-news.net\/az\/"},{"@type":"ListItem","position":2,"name":"Bayramlar\u0131 Erm\u0259nistanda qeyd etm\u0259k \u00fc\u00e7\u00fcn alt\u0131 s\u0259b\u0259b"}]},{"@type":"WebSite","@id":"https:\/\/jam-news.net\/az\/#website","url":"https:\/\/jam-news.net\/az\/","name":"Azerbaijani Jamnews","description":"Caucasus News, Politics and Society","publisher":{"@id":"https:\/\/jam-news.net\/az\/#organization"},"potentialAction":[{"@type":"SearchAction","target":{"@type":"EntryPoint","urlTemplate":"https:\/\/jam-news.net\/az\/?s={search_term_string}"},"query-input":{"@type":"PropertyValueSpecification","valueRequired":true,"valueName":"search_term_string"}}],"inLanguage":"az"},{"@type":"Organization","@id":"https:\/\/jam-news.net\/az\/#organization","name":"JAMnews","url":"https:\/\/jam-news.net\/az\/","logo":{"@type":"ImageObject","inLanguage":"az","@id":"https:\/\/jam-news.net\/az\/#\/schema\/logo\/image\/","url":"https:\/\/jam-news.net\/app\/uploads\/2020\/05\/JAM_w.jpg","contentUrl":"https:\/\/jam-news.net\/app\/uploads\/2020\/05\/JAM_w.jpg","width":960,"height":960,"caption":"JAMnews"},"image":{"@id":"https:\/\/jam-news.net\/az\/#\/schema\/logo\/image\/"},"sameAs":["https:\/\/www.facebook.com\/JAMnewsInEnglish\/","https:\/\/x.com\/JAMnewsCaucasus","https:\/\/www.instagram.com\/jam_news\/","https:\/\/www.youtube.com\/channel\/UCXQbUCme2pykuZYXWHx4VPg"]},{"@type":"Person","@id":"https:\/\/jam-news.net\/az\/#\/schema\/person\/67df3bb7adb46cd513fb9c4cb02361c6","name":"JAMnews","image":{"@type":"ImageObject","inLanguage":"az","@id":"https:\/\/jam-news.net\/az\/#\/schema\/person\/image\/","url":"https:\/\/secure.gravatar.com\/avatar\/e5c27593ef900c3ab3deed4ed1c653d7?s=96&d=mm&r=g","contentUrl":"https:\/\/secure.gravatar.com\/avatar\/e5c27593ef900c3ab3deed4ed1c653d7?s=96&d=mm&r=g","caption":"JAMnews"},"url":"https:\/\/jam-news.net\/az\/author\/margarita\/"}]}},"_links":{"self":[{"href":"https:\/\/jam-news.net\/az\/wp-json\/wp\/v2\/posts\/4627","targetHints":{"allow":["GET"]}}],"collection":[{"href":"https:\/\/jam-news.net\/az\/wp-json\/wp\/v2\/posts"}],"about":[{"href":"https:\/\/jam-news.net\/az\/wp-json\/wp\/v2\/types\/post"}],"author":[{"embeddable":true,"href":"https:\/\/jam-news.net\/az\/wp-json\/wp\/v2\/users\/3"}],"replies":[{"embeddable":true,"href":"https:\/\/jam-news.net\/az\/wp-json\/wp\/v2\/comments?post=4627"}],"version-history":[{"count":1,"href":"https:\/\/jam-news.net\/az\/wp-json\/wp\/v2\/posts\/4627\/revisions"}],"predecessor-version":[{"id":15981,"href":"https:\/\/jam-news.net\/az\/wp-json\/wp\/v2\/posts\/4627\/revisions\/15981"}],"wp:featuredmedia":[{"embeddable":true,"href":"https:\/\/jam-news.net\/az\/wp-json\/wp\/v2\/media\/19490"}],"wp:attachment":[{"href":"https:\/\/jam-news.net\/az\/wp-json\/wp\/v2\/media?parent=4627"}],"wp:term":[{"taxonomy":"category","embeddable":true,"href":"https:\/\/jam-news.net\/az\/wp-json\/wp\/v2\/categories?post=4627"},{"taxonomy":"post_tag","embeddable":true,"href":"https:\/\/jam-news.net\/az\/wp-json\/wp\/v2\/tags?post=4627"},{"taxonomy":"formation","embeddable":true,"href":"https:\/\/jam-news.net\/az\/wp-json\/wp\/v2\/formation?post=4627"},{"taxonomy":"post-author","embeddable":true,"href":"https:\/\/jam-news.net\/az\/wp-json\/wp\/v2\/post-author?post=4627"},{"taxonomy":"topic","embeddable":true,"href":"https:\/\/jam-news.net\/az\/wp-json\/wp\/v2\/topic?post=4627"},{"taxonomy":"tooltip","embeddable":true,"href":"https:\/\/jam-news.net\/az\/wp-json\/wp\/v2\/tooltip?post=4627"},{"taxonomy":"city","embeddable":true,"href":"https:\/\/jam-news.net\/az\/wp-json\/wp\/v2\/city?post=4627"}],"curies":[{"name":"wp","href":"https:\/\/api.w.org\/{rel}","templated":true}]}}