{"id":4624,"date":"2017-01-03T00:00:00","date_gmt":"2017-01-03T00:00:00","guid":{"rendered":"http:\/\/jam-news.net\/az\/abkhazia-five-major-political-events-in-2016\/"},"modified":"2022-01-18T00:39:30","modified_gmt":"2022-01-17T20:39:30","slug":"abkhazia-five-major-political-events-in-2016","status":"publish","type":"post","link":"https:\/\/jam-news.net\/az\/abkhazia-five-major-political-events-in-2016\/","title":{"rendered":"Abxaziya: 2016-c\u0131 ilin be\u015f \u0259sas siyasi hadis\u0259si"},"content":{"rendered":"<p><span style=\"font-size: 12pt;\">Abxaziyada 2016-c\u0131 ild\u0259 siyasi m\u00f6vs\u00fcm iqtidarla m\u00fcxalif\u0259tin permanent qar\u015f\u0131durmas\u0131 alt\u0131nda ke\u00e7di.<\/span><\/p>\n<p><span style=\"font-size: 12pt;\">B\u00fct\u00fcn il boyu m\u00fcxalif\u0259t q\u00fcvv\u0259l\u0259ri bloku prezident Raul Xadjimbaya dar\u0131xma\u011fa qoymurdu v\u0259 inadla k\u00f6n\u00fcll\u00fc \u015f\u0259kild\u0259 istefa verm\u0259yini t\u0259l\u0259b edirdi.<\/span><\/p>\n<p><span style=\"font-size: 12pt;\">Abxaziya r\u0259hb\u0259ri is\u0259 bunu etm\u0259y\u0259 haz\u0131rla\u015fm\u0131r v\u0259 opponentl\u0259ri il raz\u0131l\u0131\u011fa g\u0259lm\u0259y\u0259 \u00e7al\u0131\u015f\u0131rd\u0131. \u0130lin ax\u0131r\u0131na yax\u0131n kompromis tap\u0131ld\u0131.<\/span><\/p>\n<p style=\"text-align: center;\"><span style=\"color: #333399;\"><strong><span style=\"font-size: 14pt;\">Bu \u00e7\u0259ki\u015fm\u0259l\u0259rin q\u0131sa icmal\u0131:<\/span><\/strong><\/span><\/p>\n<p><span style=\"text-decoration: underline;\"><span style=\"color: #000000; text-decoration: underline;\"><strong><span style=\"font-size: 12pt;\">Epizod 1. Daxili \u0130\u015fl\u0259r Nazirliyin\u0259 h\u00fccum<\/span><\/strong><\/span><\/span><\/p>\n<p><span style=\"font-size: 12pt;\">H\u0259r \u015fey iyulun 7-d\u0259 Suxum filarmoniyas\u0131n\u0131n binas\u0131n\u0131n yax\u0131nl\u0131\u011f\u0131nda yerl\u0259\u015f\u0259n ba\u011fda ba\u015f tutan \u201cAmtsxara\u201d m\u00fcxalif\u0259t partiyas\u0131n\u0131n n\u00f6vb\u0259d\u0259nk\u0259nar qurultay\u0131ndan ba\u015flad\u0131.\u00a0<\/span><\/p>\n<p><span style=\"font-size: 12pt;\">Daha \u00e7ox mitinq\u0259 ox\u015fayan qurultay hakimiyy\u0259td\u0259n m\u00fcxalif\u0259tin \u00f6z\u00fcn\u00fcn t\u0259\u015f\u0259bb\u00fcskar\u0131 oldu\u011fu Abxaziya prezidenti Raul Xadjimbaya etimad referendumunun pay\u0131za ke\u00e7irilm\u0259sini t\u0259l\u0259b etdi.<\/span><\/p>\n<p><span style=\"font-size: 12pt;\">M\u00fcxalif\u0259t h\u0259m d\u0259 D\u0130N-nin iclaslar\u0131ndan birind\u0259 i\u015f\u00e7il\u0259rin\u0259 prezident\u0259 etimad s\u0259sverm\u0259sind\u0259 i\u015ftirak etm\u0259yi qada\u011fan ed\u0259n daxili i\u015fl\u0259r naziri Leonid Dzap\u015fban\u0131n istefas\u0131n\u0131 t\u0259l\u0259b edirdi.<\/span><\/p>\n<p><span style=\"font-size: 12pt;\">M\u00fcxalif\u0259t n\u00fcmay\u0259nd\u0259l\u0259ri d\u00f6vl\u0259t ba\u015f\u00e7\u0131s\u0131 il\u0259 g\u00f6r\u00fc\u015f\u00fcb, ona \u00f6z t\u0259l\u0259bl\u0259rini \u00e7atd\u0131rd\u0131qlar\u0131 vaxt mitinq i\u015ftirak\u00e7\u0131lar\u0131 filarmoniyadan D\u0130N-in binas\u0131na t\u0259r\u0259f g\u0259ldil\u0259r.<\/span><\/p>\n<p><span style=\"font-size: 12pt;\">Ma\u015f\u0131n v\u0259 trosun vasit\u0259siyl\u0259 darvaza da\u011f\u0131d\u0131ld\u0131 v\u0259 k\u00fctl\u0259 binaya h\u00fccum \u00e7\u0259kdi. Milis i\u015f\u00e7il\u0259ri onun qar\u015f\u0131s\u0131n\u0131 alma\u011fa \u00e7al\u0131\u015fd\u0131, amma n\u00fcmayi\u015f\u00e7il\u0259r art\u0131q da\u015f v\u0259 \u0259ll\u0259rin\u0259 ke\u00e7\u0259n h\u0259r \u015feyi atma\u011fa ba\u015flayanda, onlar geri \u00e7\u0259kilm\u0259li oldular. Bununla bel\u0259, mitinq i\u015ftirak\u00e7\u0131lar\u0131 binan\u0131n i\u00e7in\u0259 gir\u0259 bilm\u0259dil\u0259r.<\/span><\/p>\n<p><span style=\"font-size: 12pt;\">Ax\u015fam saat 11-d\u0259 nazirlik binas\u0131n\u0131n yan\u0131na vitse-prezident Vitali Qabniya g\u0259l\u0259r\u0259k, Leonid\u00a0 Dzyap\u015fban\u0131n daxili i\u015fl\u0259r naziri v\u0259zif\u0259sind\u0259n m\u00fcv\u0259qq\u0259ti uzaqla\u015fd\u0131r\u0131lmas\u0131 haqda prezidentin f\u0259rman\u0131n\u0131 oxudu. \u0130nsanlar yava\u015f-yava\u015f da\u011f\u0131l\u0131\u015fma\u011fa ba\u015flad\u0131. D\u00fczd\u00fcr, prezident Raul Xadjimba m\u00fcxalif\u0259tin referendumun pay\u0131za ke\u00e7irilm\u0259si bar\u0259d\u0259 t\u0259l\u0259bini yerin\u0259 yetirm\u0259di.\u00a0 \u00a0\u00a0<\/span><\/p>\n<p>https:\/\/youtu.be\/zlvAWbpWyeY<\/p>\n<p><span style=\"text-decoration: underline;\"><span style=\"color: #000000; text-decoration: underline;\"><strong><span style=\"font-size: 12pt;\">Epizod 2. Referendum<\/span><\/strong><\/span><\/span><\/p>\n<p><span style=\"font-size: 12pt;\">M\u00fcxalif\u0259tin Abxaziya prezidentinin referendum vaist\u0259siyl\u0259 hakimiyy\u0259td\u0259n getm\u0259si ideyas\u0131 \u0259vv\u0259lc\u0259d\u0259n utopiyan\u0131 xat\u0131rlad\u0131rd\u0131. \u018fn az\u0131 ona g\u00f6r\u0259 ki, m\u00f6vcud qanunvericiliy\u0259 g\u00f6r\u0259, d\u00f6vl\u0259t ba\u015f\u00e7\u0131s\u0131n\u0131 istefaya ancaq iki halda g\u00f6nd\u0259rm\u0259k olar \u2013 impi\u00e7ment proseduras\u0131 vasit\u0259siyl\u0259 v\u0259 ya prezidentin \u015f\u0259xs\u0259n yazd\u0131\u011f\u0131 istefa \u0259riz\u0259sini t\u0259min etm\u0259kl\u0259.<\/span><\/p>\n<p><span style=\"font-size: 12pt;\">Referendum vasit\u0259siyl\u0259 \u0259n yax\u015f\u0131 halda t\u00f6vsiy\u0259 etm\u0259k olar. Amma bu c\u00fcr \u201cm\u0259sl\u0259h\u0259t\u00e7i\u201d olmaq \u00fc\u00e7\u00fcn d\u0259 se\u00e7icil\u0259rin say\u0131 siyah\u0131 t\u0259rkibind\u0259n 50 faiz \u00fcst\u0259 g\u0259l bir s\u0259s t\u0259\u015fkil etm\u0259lidir. \u018fn b\u00f6y\u00fck problem d\u0259 m\u0259hz burada idi, c\u0259miyy\u0259tin siyasi prosesl\u0259r\u0259 v\u0259 siyas\u0259t\u00e7il\u0259r\u0259 olan tam bigan\u0259 m\u00fcnasib\u0259ti fonunda bu h\u0259ddi a\u015fmaq m\u00fcmk\u00fcn deyildi.<\/span><\/p>\n<p><span style=\"font-size: 12pt;\">\u018fslind\u0259 laz\u0131mi sayda se\u00e7icil\u0259rin s\u0259sverm\u0259 qutular\u0131na q\u0259d\u0259r g\u0259lib-g\u0259lm\u0259y\u0259c\u0259yi m\u0259s\u0259l\u0259si art\u0131q referendum \u0259r\u0259f\u0259sind\u0259 \u00f6z aktuall\u0131\u011f\u0131n\u0131 itirdi. S\u0259sverm\u0259y\u0259 bir g\u00fcn qalm\u0131\u015f m\u00fcxalif\u0259t q\u00fcvv\u0259l\u0259ri blokunun \u00f6z\u00fc referendumu boykot etdiyini bildirdi. \u018fvv\u0259l hakimiyy\u0259t referendumda maraql\u0131 deyildi, indi is\u0259 o m\u00fcxalif\u0259t\u0259 d\u0259 art\u0131q laz\u0131m olmad\u0131. Bununla bel\u0259, referendumu n\u0259 l\u0259\u011fv etdil\u0259r, n\u0259 d\u0259 t\u0259xir\u0259 sald\u0131lar, \u00e7\u00fcnki Abxaziya Konstitusiyas\u0131nda bel\u0259 bir prosedura n\u0259z\u0259rd\u0259 tutulmay\u0131b.<\/span><\/p>\n<p><span style=\"font-size: 12pt;\">N\u0259tic\u0259d\u0259 aksiyaya 9 milyon rubl x\u0259rcl\u0259ndi [t\u0259xmin\u0259n $140,000], Ginnesin rekordlar kitab\u0131nda \u201c\u018fn u\u011fursuz referendum\u201d f\u0259slind\u0259 bir s\u0259tir (1% se\u00e7ici i\u015ftirak edib) yaz\u0131ld\u0131 v\u0259 m\u0259nim absurd teatr\u0131n\u0131n banisi Semuel Bekketin bu, \u00a0abxazlar\u0131n ham\u0131l\u0131qla \u00f6z referendumlar\u0131n\u0131 boykot etdikl\u0259ri, b\u00fct\u00fcn m\u0259nalarda q\u0259rib\u0259 g\u00fcn\u0259 q\u0259d\u0259r ya\u015famamas\u0131 haqda d\u0259rin t\u0259\u0259ss\u00fcfl\u0259rim qald\u0131.\u00a0\u00a0\u00a0<\/span><\/p>\n<p><span style=\"text-decoration: underline;\"><span style=\"color: #000000; text-decoration: underline;\"><strong><span style=\"font-size: 12pt;\">Epizod 3. H\u00f6kum\u0259tin istefas\u0131<\/span><\/strong><\/span><\/span><\/p>\n<p><span style=\"font-size: 12pt;\">M\u00fcxalif\u0259tin referendumla ba\u011fl\u0131 t\u0259\u015f\u0259bb\u00fcs\u00fc u\u011fursuzluqla n\u0259tic\u0259l\u0259ns\u0259 d\u0259, prezident Raul Xadjimba \u00f6z z\u0259ifliyini hiss edirdi. Opponentl\u0259ri il\u0259 \u00fcmumi dil tapmaqla ba\u011fl\u0131 n\u00f6vb\u0259ti c\u0259hdi ona daha geni\u015f siyasi t\u0259rkibi olan yeni h\u00f6kum\u0259tin formala\u015fd\u0131r\u0131lmas\u0131n\u0131n vacibliyini anlatd\u0131.\u00a0\u00a0\u00a0<\/span><\/p>\n<p><span style=\"font-size: 12pt;\">N\u0259tic\u0259d\u0259 ba\u015f nazir Artur Mikvabiya istefaya g\u00f6nd\u0259rildi, onu \u0259v\u0259z ed\u0259n Beslal Bartsis d\u00f6vl\u0259t ba\u015f\u00e7\u0131s\u0131ndan kart-blan\u015f alaraq, Abxaziyan\u0131n m\u00fcxt\u0259lif siyasi t\u0259\u015fkilatlar\u0131, o c\u00fcml\u0259d\u0259n d\u0259 m\u00fcxalif\u0259t q\u00fcvv\u0259l\u0259rin bloku il\u0259 kuluar dan\u0131\u015f\u0131qlar\u0131na ba\u015flad\u0131.<\/span><\/p>\n<p><span style=\"font-size: 12pt;\">\u0130ki h\u0259ft\u0259d\u0259n \u00e7ox s\u00fcr\u0259n m\u0259sl\u0259h\u0259tl\u0259\u015fm\u0259l\u0259r bir n\u0259tic\u0259 verm\u0259di. M\u00fcxalif\u0259t sonda t\u0259klif olunan portfell\u0259rd\u0259n imtina etdi.<\/span><\/p>\n<p><span style=\"text-decoration: underline;\"><span style=\"color: #000000; text-decoration: underline;\"><strong><span style=\"font-size: 12pt;\">Epizod 4. M\u00fcxalif\u0259tin xalq y\u0131\u011f\u0131nca\u011f\u0131<\/span><\/strong><\/span><\/span><\/p>\n<p><span style=\"font-size: 12pt;\">Prezident Raul Xadjimba il\u0259 dil tapa bilm\u0259y\u0259n \u201cAmtsxara\u201d m\u00fcxalif\u0259t partiyas\u0131 \u00f6z\u00fcn\u00fcn n\u00f6vb\u0259d\u0259nk\u0259nar iclas\u0131nda prezidentin vaxt\u0131ndan \u0259vv\u0259l istefas\u0131n\u0131 t\u0259l\u0259b etdi. Prezidentin bu ultimatumla raz\u0131la\u015fmad\u0131\u011f\u0131 halda m\u00fcxalif\u0259t \u00fcmumxalq toplant\u0131s\u0131 ke\u00e7ir\u0259c\u0259yini dedi. Xadjimba postunu t\u0259rk etm\u0259y\u0259 raz\u0131l\u0131q verm\u0259y\u0259nd\u0259n sonra is\u0259 t\u0259dbirin vaxt\u0131 da t\u0259yin edildi \u2013 15 dekabr.<\/span><\/p>\n<p><span style=\"font-size: 12pt;\">M\u00fcxalif\u0259t \u00f6z t\u0259r\u0259fdarlar\u0131n\u0131 prezident saray\u0131ndan bir m\u0259h\u0259ll\u0259 aral\u0131da y\u0131\u011fd\u0131. Prezidentin t\u0259r\u0259fdarlar\u0131 da \u00f6z n\u00f6vb\u0259sind\u0259, Abxaziya \u00fc\u00e7\u00fcn \u00e7ox soyuq olan q\u0131\u015f havas\u0131nda d\u00f6vl\u0259t ba\u015f\u00e7\u0131s\u0131n\u0131n iqam\u0259tgah\u0131n\u0131n qar\u015f\u0131s\u0131nda topla\u015fd\u0131lar. \u0130ki mitinqin aras\u0131nda milis dayanm\u0131\u015fd\u0131, daxili i\u015fl\u0259r naziri Aslan Kobaxiya \u0259vv\u0259lc\u0259d\u0259n ona asayi\u015fi silahs\u0131z qorumaq \u0259mri vermi\u015fdi.<\/span><\/p>\n<p><span style=\"font-size: 12pt;\">Mitinql\u0259rl\u0259 eyni vaxtda \u0259vv\u0259l parlamentin, sonra da m\u00fcdafi\u0259 naziri Merab Ki\u015fmariyan\u0131n vasit\u0259\u00e7iliyi il\u0259 m\u00fcxalif\u0259t n\u00fcmay\u0259nd\u0259l\u0259ri il\u0259 prezident aras\u0131nda dan\u0131\u015f\u0131qlar ba\u015fland\u0131.<\/span><\/p>\n<p><span style=\"font-size: 12pt;\">Dan\u0131\u015f\u0131qlar bit\u0259nd\u0259n sonra m\u00fcxalif\u0259t\u00e7il\u0259r t\u0259r\u0259fdarlar\u0131n\u0131n yan\u0131na yolland\u0131lar. M\u00fcxalif\u0259t lideri Aslan Bjaniya bildirdi ki, d\u00f6vl\u0259t ba\u015f\u00e7\u0131s\u0131 m\u00fcxalif\u0259t n\u00fcmay\u0259nd\u0259l\u0259rin\u0259 ba\u015f nazirinin birinci m\u00fcavini, Ba\u015f prokuror, Konstitusiya m\u0259hk\u0259m\u0259sin\u0259 iki, MSK-n\u0131n yeni t\u0259rkibin\u0259 d\u00f6rd namiz\u0259d v\u0259zif\u0259l\u0259rini tutma\u011f\u0131 t\u0259klif edib.<\/span><\/p>\n<p><span style=\"font-size: 12pt;\">Gec\u0259 saat \u00fc\u00e7d\u0259 kompromis\u0259 g\u0259l\u0259n v\u0259 hakimiyy\u0259tin t\u0259klifi il\u0259 raz\u0131la\u015fan dram teatr\u0131n\u0131n yax\u0131nl\u0131\u011f\u0131ndak\u0131 insanlar da\u011f\u0131l\u0131\u015fma\u011fa ba\u015flad\u0131lar.<\/span><\/p>\n<p><span style=\"text-decoration: underline;\"><span style=\"color: #000000; text-decoration: underline;\"><strong><span style=\"font-size: 12pt;\">Epizod 5. Kompromis?<\/span><\/strong><\/span><\/span><\/p>\n<p><span style=\"font-size: 12pt;\">Hadis\u0259l\u0259rd\u0259n bir ne\u00e7\u0259 g\u00fcn sonra prezident Raul Xadjimba il\u0259 m\u00fcxalif\u0259t aras\u0131ndak\u0131 raz\u0131la\u015fmalar ka\u011f\u0131zda da \u00f6z \u0259ksini tapd\u0131.\u00a0<\/span><\/p>\n<p><span style=\"font-size: 12pt;\">Raz\u0131la\u015fmaya \u0259sas\u0259n, parlament art\u0131q MSK-ya m\u00fcxalif\u0259tin d\u00f6rd n\u00fcmay\u0259nd\u0259sini v\u0259 m\u00fcxalif\u0259t q\u00fcvv\u0259l\u0259ri bloku t\u0259r\u0259find\u0259n m\u0259sl\u0259h\u0259t g\u00f6r\u00fcl\u0259n iki h\u00fcquq\u015f\u00fcnas\u0131 Konstitusiya M\u0259hk\u0259m\u0259sinin hakiml\u0259ri postuna\u00a0 se\u00e7di.<\/span><\/p>\n<p><span style=\"font-size: 12pt;\">Yax\u0131n zamanlarda m\u00fcxalif\u0259tin m\u0259sl\u0259h\u0259ti il\u0259 prezident parlament\u0259 ba\u015f prokuror v\u0259zif\u0259sin\u0259 yeni namiz\u0259d t\u0259klif ed\u0259c\u0259k, h\u0259m d\u0259 m\u00fcxalif\u0259t n\u00fcmay\u0259nd\u0259l\u0259ri aras\u0131ndan yeni ba\u015f nazir t\u0259yin ed\u0259c\u0259k. Bu g\u00fcz\u0259\u015ftl\u0259rin \u0259v\u0259zind\u0259 d\u0259 m\u00fcxalif\u0259t \u00f6z \u00fcz\u0259rin\u0259 prezidentin konstitusion s\u0259lahiyy\u0259tl\u0259ri bit\u0259n\u0259 q\u0259d\u0259r onun istefas\u0131n\u0131 t\u0259l\u0259b etm\u0259m\u0259k \u00f6hd\u0259\u00e7iliyini g\u00f6t\u00fcr\u00fcr.<\/span><\/p>\n<p><span style=\"font-size: 12pt;\">D\u00fczd\u00fcr, he\u00e7 d\u0259 b\u00fct\u00fcn m\u00fcxalif\u0259t t\u0259\u015fkilatlar\u0131 bu kompromisi d\u0259st\u0259kl\u0259m\u0259di. \u201cAytayra\u201d v\u0259 \u201cQad\u0131nlar siyas\u0259td\u0259\u201d t\u0259\u015fkilatlar\u0131n\u0131n liderl\u0259ri Leonid Lakerbaya v\u0259 \u0130rina Aqrba kompromis raz\u0131la\u015fman\u0131 d\u0259st\u0259kl\u0259m\u0259kd\u0259n imtina etdil\u0259r v\u0259 dem\u0259li bundan sonra da prezidentin vaxt\u0131ndan \u0259vv\u0259l istefas\u0131n\u0131 t\u0259l\u0259b ed\u0259c\u0259kl\u0259r.<\/span><\/p>\n<p><span style=\"color: #333399; font-size: 8pt;\"><strong>M\u0259qal\u0259d\u0259 yer alan fikirl\u0259r m\u00fc\u0259llifin terminologiyas\u0131 v\u0259 bax\u0131\u015flar\u0131n\u0131 ifad\u0259 edir v\u0259 redaksiyan\u0131n m\u00f6vqeyi il\u0259 \u00fcst-\u00fcst\u0259 d\u00fc\u015fm\u0259y\u0259 bil\u0259r<\/strong><\/span><\/p>\n<p><span style=\"color: #333399; font-size: 8pt;\"><strong>D\u0259rc olunub 30.12.2016<\/strong><\/span><\/p>\n","protected":false},"excerpt":{"rendered":"<p>Be\u015fi d\u0259 m\u00fcxalif\u0259tl\u0259 prezident aras\u0131nda k\u0259skin b\u00f6hran haqq\u0131ndad\u0131r<\/p>\n","protected":false},"author":3,"featured_media":19488,"comment_status":"open","ping_status":"open","sticky":false,"template":"","format":"standard","meta":{"_acf_changed":false,"footnotes":""},"categories":[37,12,2,36,5],"tags":[13],"formation":[],"post-author":[3613],"topic":[],"tooltip":[],"city":[6047],"class_list":["post-4624","post","type-post","status-publish","format-standard","has-post-thumbnail","hentry","category-video","category-abxaziya","category-cografiya","category-multimedia","category-siyast","tag-abxaziya","post-author-inal-xasiq","city-suxum"],"acf":[],"yoast_head":"<!-- This site is optimized with the Yoast SEO plugin v24.1 - https:\/\/yoast.com\/wordpress\/plugins\/seo\/ -->\n<title>Abxaziya: 2016-c\u0131 ilin be\u015f \u0259sas siyasi hadis\u0259si - JAMnews<\/title>\n<meta name=\"robots\" content=\"index, follow, max-snippet:-1, max-image-preview:large, max-video-preview:-1\" \/>\n<link rel=\"canonical\" href=\"https:\/\/jam-news.net\/az\/abkhazia-five-major-political-events-in-2016\/\" \/>\n<meta property=\"og:locale\" content=\"az_AZ\" \/>\n<meta property=\"og:type\" content=\"article\" \/>\n<meta property=\"og:title\" content=\"Abxaziya: 2016-c\u0131 ilin be\u015f \u0259sas siyasi hadis\u0259si - JAMnews\" \/>\n<meta property=\"og:description\" content=\"Be\u015fi d\u0259 m\u00fcxalif\u0259tl\u0259 prezident aras\u0131nda k\u0259skin b\u00f6hran haqq\u0131ndad\u0131r\" \/>\n<meta property=\"og:url\" content=\"https:\/\/jam-news.net\/az\/abkhazia-five-major-political-events-in-2016\/\" \/>\n<meta property=\"og:site_name\" content=\"Azerbaijani Jamnews\" \/>\n<meta property=\"article:publisher\" content=\"https:\/\/www.facebook.com\/JAMnewsInEnglish\/\" \/>\n<meta property=\"article:published_time\" content=\"2017-01-03T00:00:00+00:00\" \/>\n<meta property=\"article:modified_time\" content=\"2022-01-17T20:39:30+00:00\" \/>\n<meta property=\"og:image\" content=\"https:\/\/jam-news.net\/app\/uploads\/2020\/03\/ibra-1.jpg\" \/>\n\t<meta property=\"og:image:width\" content=\"1080\" \/>\n\t<meta property=\"og:image:height\" content=\"720\" \/>\n\t<meta property=\"og:image:type\" content=\"image\/jpeg\" \/>\n<meta name=\"author\" content=\"JAMnews\" \/>\n<meta name=\"twitter:card\" content=\"summary_large_image\" \/>\n<meta name=\"twitter:creator\" content=\"@JAMnewsCaucasus\" \/>\n<meta name=\"twitter:site\" content=\"@JAMnewsCaucasus\" \/>\n<meta name=\"twitter:label1\" content=\"Written by\" \/>\n\t<meta name=\"twitter:data1\" content=\"JAMnews\" \/>\n\t<meta name=\"twitter:label2\" content=\"Est. reading time\" \/>\n\t<meta name=\"twitter:data2\" content=\"7 minutes\" \/>\n<script type=\"application\/ld+json\" class=\"yoast-schema-graph\">{\"@context\":\"https:\/\/schema.org\",\"@graph\":[{\"@type\":\"Article\",\"@id\":\"https:\/\/jam-news.net\/az\/abkhazia-five-major-political-events-in-2016\/#article\",\"isPartOf\":{\"@id\":\"https:\/\/jam-news.net\/az\/abkhazia-five-major-political-events-in-2016\/\"},\"author\":{\"name\":\"JAMnews\",\"@id\":\"https:\/\/jam-news.net\/az\/#\/schema\/person\/67df3bb7adb46cd513fb9c4cb02361c6\"},\"headline\":\"Abxaziya: 2016-c\u0131 ilin be\u015f \u0259sas siyasi hadis\u0259si\",\"datePublished\":\"2017-01-03T00:00:00+00:00\",\"dateModified\":\"2022-01-17T20:39:30+00:00\",\"mainEntityOfPage\":{\"@id\":\"https:\/\/jam-news.net\/az\/abkhazia-five-major-political-events-in-2016\/\"},\"wordCount\":1453,\"commentCount\":0,\"publisher\":{\"@id\":\"https:\/\/jam-news.net\/az\/#organization\"},\"image\":{\"@id\":\"https:\/\/jam-news.net\/az\/abkhazia-five-major-political-events-in-2016\/#primaryimage\"},\"thumbnailUrl\":\"https:\/\/jam-news.net\/app\/uploads\/2020\/03\/ibra-1.jpg\",\"keywords\":[\"Abxaziya\"],\"articleSection\":[\"90 seconds\",\"Abkhazia\",\"Geography\",\"Photo\/Video\",\"Politics\"],\"inLanguage\":\"az\"},{\"@type\":\"WebPage\",\"@id\":\"https:\/\/jam-news.net\/az\/abkhazia-five-major-political-events-in-2016\/\",\"url\":\"https:\/\/jam-news.net\/az\/abkhazia-five-major-political-events-in-2016\/\",\"name\":\"Abxaziya: 2016-c\u0131 ilin be\u015f \u0259sas siyasi hadis\u0259si - JAMnews\",\"isPartOf\":{\"@id\":\"https:\/\/jam-news.net\/az\/#website\"},\"primaryImageOfPage\":{\"@id\":\"https:\/\/jam-news.net\/az\/abkhazia-five-major-political-events-in-2016\/#primaryimage\"},\"image\":{\"@id\":\"https:\/\/jam-news.net\/az\/abkhazia-five-major-political-events-in-2016\/#primaryimage\"},\"thumbnailUrl\":\"https:\/\/jam-news.net\/app\/uploads\/2020\/03\/ibra-1.jpg\",\"datePublished\":\"2017-01-03T00:00:00+00:00\",\"dateModified\":\"2022-01-17T20:39:30+00:00\",\"breadcrumb\":{\"@id\":\"https:\/\/jam-news.net\/az\/abkhazia-five-major-political-events-in-2016\/#breadcrumb\"},\"inLanguage\":\"az\",\"potentialAction\":[{\"@type\":\"ReadAction\",\"target\":[\"https:\/\/jam-news.net\/az\/abkhazia-five-major-political-events-in-2016\/\"]}]},{\"@type\":\"ImageObject\",\"inLanguage\":\"az\",\"@id\":\"https:\/\/jam-news.net\/az\/abkhazia-five-major-political-events-in-2016\/#primaryimage\",\"url\":\"https:\/\/jam-news.net\/app\/uploads\/2020\/03\/ibra-1.jpg\",\"contentUrl\":\"https:\/\/jam-news.net\/app\/uploads\/2020\/03\/ibra-1.jpg\",\"width\":1080,\"height\":720},{\"@type\":\"BreadcrumbList\",\"@id\":\"https:\/\/jam-news.net\/az\/abkhazia-five-major-political-events-in-2016\/#breadcrumb\",\"itemListElement\":[{\"@type\":\"ListItem\",\"position\":1,\"name\":\"Home\",\"item\":\"https:\/\/jam-news.net\/az\/\"},{\"@type\":\"ListItem\",\"position\":2,\"name\":\"Abxaziya: 2016-c\u0131 ilin be\u015f \u0259sas siyasi hadis\u0259si\"}]},{\"@type\":\"WebSite\",\"@id\":\"https:\/\/jam-news.net\/az\/#website\",\"url\":\"https:\/\/jam-news.net\/az\/\",\"name\":\"Azerbaijani Jamnews\",\"description\":\"Caucasus News, Politics and Society\",\"publisher\":{\"@id\":\"https:\/\/jam-news.net\/az\/#organization\"},\"potentialAction\":[{\"@type\":\"SearchAction\",\"target\":{\"@type\":\"EntryPoint\",\"urlTemplate\":\"https:\/\/jam-news.net\/az\/?s={search_term_string}\"},\"query-input\":{\"@type\":\"PropertyValueSpecification\",\"valueRequired\":true,\"valueName\":\"search_term_string\"}}],\"inLanguage\":\"az\"},{\"@type\":\"Organization\",\"@id\":\"https:\/\/jam-news.net\/az\/#organization\",\"name\":\"JAMnews\",\"url\":\"https:\/\/jam-news.net\/az\/\",\"logo\":{\"@type\":\"ImageObject\",\"inLanguage\":\"az\",\"@id\":\"https:\/\/jam-news.net\/az\/#\/schema\/logo\/image\/\",\"url\":\"https:\/\/jam-news.net\/app\/uploads\/2020\/05\/JAM_w.jpg\",\"contentUrl\":\"https:\/\/jam-news.net\/app\/uploads\/2020\/05\/JAM_w.jpg\",\"width\":960,\"height\":960,\"caption\":\"JAMnews\"},\"image\":{\"@id\":\"https:\/\/jam-news.net\/az\/#\/schema\/logo\/image\/\"},\"sameAs\":[\"https:\/\/www.facebook.com\/JAMnewsInEnglish\/\",\"https:\/\/x.com\/JAMnewsCaucasus\",\"https:\/\/www.instagram.com\/jam_news\/\",\"https:\/\/www.youtube.com\/channel\/UCXQbUCme2pykuZYXWHx4VPg\"]},{\"@type\":\"Person\",\"@id\":\"https:\/\/jam-news.net\/az\/#\/schema\/person\/67df3bb7adb46cd513fb9c4cb02361c6\",\"name\":\"JAMnews\",\"image\":{\"@type\":\"ImageObject\",\"inLanguage\":\"az\",\"@id\":\"https:\/\/jam-news.net\/az\/#\/schema\/person\/image\/\",\"url\":\"https:\/\/secure.gravatar.com\/avatar\/e5c27593ef900c3ab3deed4ed1c653d7?s=96&d=mm&r=g\",\"contentUrl\":\"https:\/\/secure.gravatar.com\/avatar\/e5c27593ef900c3ab3deed4ed1c653d7?s=96&d=mm&r=g\",\"caption\":\"JAMnews\"},\"url\":\"https:\/\/jam-news.net\/az\/author\/margarita\/\"}]}<\/script>\n<!-- \/ Yoast SEO plugin. -->","yoast_head_json":{"title":"Abxaziya: 2016-c\u0131 ilin be\u015f \u0259sas siyasi hadis\u0259si - JAMnews","robots":{"index":"index","follow":"follow","max-snippet":"max-snippet:-1","max-image-preview":"max-image-preview:large","max-video-preview":"max-video-preview:-1"},"canonical":"https:\/\/jam-news.net\/az\/abkhazia-five-major-political-events-in-2016\/","og_locale":"az_AZ","og_type":"article","og_title":"Abxaziya: 2016-c\u0131 ilin be\u015f \u0259sas siyasi hadis\u0259si - JAMnews","og_description":"Be\u015fi d\u0259 m\u00fcxalif\u0259tl\u0259 prezident aras\u0131nda k\u0259skin b\u00f6hran haqq\u0131ndad\u0131r","og_url":"https:\/\/jam-news.net\/az\/abkhazia-five-major-political-events-in-2016\/","og_site_name":"Azerbaijani Jamnews","article_publisher":"https:\/\/www.facebook.com\/JAMnewsInEnglish\/","article_published_time":"2017-01-03T00:00:00+00:00","article_modified_time":"2022-01-17T20:39:30+00:00","og_image":[{"width":1080,"height":720,"url":"https:\/\/jam-news.net\/app\/uploads\/2020\/03\/ibra-1.jpg","type":"image\/jpeg"}],"author":"JAMnews","twitter_card":"summary_large_image","twitter_creator":"@JAMnewsCaucasus","twitter_site":"@JAMnewsCaucasus","twitter_misc":{"Written by":"JAMnews","Est. reading time":"7 minutes"},"schema":{"@context":"https:\/\/schema.org","@graph":[{"@type":"Article","@id":"https:\/\/jam-news.net\/az\/abkhazia-five-major-political-events-in-2016\/#article","isPartOf":{"@id":"https:\/\/jam-news.net\/az\/abkhazia-five-major-political-events-in-2016\/"},"author":{"name":"JAMnews","@id":"https:\/\/jam-news.net\/az\/#\/schema\/person\/67df3bb7adb46cd513fb9c4cb02361c6"},"headline":"Abxaziya: 2016-c\u0131 ilin be\u015f \u0259sas siyasi hadis\u0259si","datePublished":"2017-01-03T00:00:00+00:00","dateModified":"2022-01-17T20:39:30+00:00","mainEntityOfPage":{"@id":"https:\/\/jam-news.net\/az\/abkhazia-five-major-political-events-in-2016\/"},"wordCount":1453,"commentCount":0,"publisher":{"@id":"https:\/\/jam-news.net\/az\/#organization"},"image":{"@id":"https:\/\/jam-news.net\/az\/abkhazia-five-major-political-events-in-2016\/#primaryimage"},"thumbnailUrl":"https:\/\/jam-news.net\/app\/uploads\/2020\/03\/ibra-1.jpg","keywords":["Abxaziya"],"articleSection":["90 seconds","Abkhazia","Geography","Photo\/Video","Politics"],"inLanguage":"az"},{"@type":"WebPage","@id":"https:\/\/jam-news.net\/az\/abkhazia-five-major-political-events-in-2016\/","url":"https:\/\/jam-news.net\/az\/abkhazia-five-major-political-events-in-2016\/","name":"Abxaziya: 2016-c\u0131 ilin be\u015f \u0259sas siyasi hadis\u0259si - JAMnews","isPartOf":{"@id":"https:\/\/jam-news.net\/az\/#website"},"primaryImageOfPage":{"@id":"https:\/\/jam-news.net\/az\/abkhazia-five-major-political-events-in-2016\/#primaryimage"},"image":{"@id":"https:\/\/jam-news.net\/az\/abkhazia-five-major-political-events-in-2016\/#primaryimage"},"thumbnailUrl":"https:\/\/jam-news.net\/app\/uploads\/2020\/03\/ibra-1.jpg","datePublished":"2017-01-03T00:00:00+00:00","dateModified":"2022-01-17T20:39:30+00:00","breadcrumb":{"@id":"https:\/\/jam-news.net\/az\/abkhazia-five-major-political-events-in-2016\/#breadcrumb"},"inLanguage":"az","potentialAction":[{"@type":"ReadAction","target":["https:\/\/jam-news.net\/az\/abkhazia-five-major-political-events-in-2016\/"]}]},{"@type":"ImageObject","inLanguage":"az","@id":"https:\/\/jam-news.net\/az\/abkhazia-five-major-political-events-in-2016\/#primaryimage","url":"https:\/\/jam-news.net\/app\/uploads\/2020\/03\/ibra-1.jpg","contentUrl":"https:\/\/jam-news.net\/app\/uploads\/2020\/03\/ibra-1.jpg","width":1080,"height":720},{"@type":"BreadcrumbList","@id":"https:\/\/jam-news.net\/az\/abkhazia-five-major-political-events-in-2016\/#breadcrumb","itemListElement":[{"@type":"ListItem","position":1,"name":"Home","item":"https:\/\/jam-news.net\/az\/"},{"@type":"ListItem","position":2,"name":"Abxaziya: 2016-c\u0131 ilin be\u015f \u0259sas siyasi hadis\u0259si"}]},{"@type":"WebSite","@id":"https:\/\/jam-news.net\/az\/#website","url":"https:\/\/jam-news.net\/az\/","name":"Azerbaijani Jamnews","description":"Caucasus News, Politics and Society","publisher":{"@id":"https:\/\/jam-news.net\/az\/#organization"},"potentialAction":[{"@type":"SearchAction","target":{"@type":"EntryPoint","urlTemplate":"https:\/\/jam-news.net\/az\/?s={search_term_string}"},"query-input":{"@type":"PropertyValueSpecification","valueRequired":true,"valueName":"search_term_string"}}],"inLanguage":"az"},{"@type":"Organization","@id":"https:\/\/jam-news.net\/az\/#organization","name":"JAMnews","url":"https:\/\/jam-news.net\/az\/","logo":{"@type":"ImageObject","inLanguage":"az","@id":"https:\/\/jam-news.net\/az\/#\/schema\/logo\/image\/","url":"https:\/\/jam-news.net\/app\/uploads\/2020\/05\/JAM_w.jpg","contentUrl":"https:\/\/jam-news.net\/app\/uploads\/2020\/05\/JAM_w.jpg","width":960,"height":960,"caption":"JAMnews"},"image":{"@id":"https:\/\/jam-news.net\/az\/#\/schema\/logo\/image\/"},"sameAs":["https:\/\/www.facebook.com\/JAMnewsInEnglish\/","https:\/\/x.com\/JAMnewsCaucasus","https:\/\/www.instagram.com\/jam_news\/","https:\/\/www.youtube.com\/channel\/UCXQbUCme2pykuZYXWHx4VPg"]},{"@type":"Person","@id":"https:\/\/jam-news.net\/az\/#\/schema\/person\/67df3bb7adb46cd513fb9c4cb02361c6","name":"JAMnews","image":{"@type":"ImageObject","inLanguage":"az","@id":"https:\/\/jam-news.net\/az\/#\/schema\/person\/image\/","url":"https:\/\/secure.gravatar.com\/avatar\/e5c27593ef900c3ab3deed4ed1c653d7?s=96&d=mm&r=g","contentUrl":"https:\/\/secure.gravatar.com\/avatar\/e5c27593ef900c3ab3deed4ed1c653d7?s=96&d=mm&r=g","caption":"JAMnews"},"url":"https:\/\/jam-news.net\/az\/author\/margarita\/"}]}},"_links":{"self":[{"href":"https:\/\/jam-news.net\/az\/wp-json\/wp\/v2\/posts\/4624","targetHints":{"allow":["GET"]}}],"collection":[{"href":"https:\/\/jam-news.net\/az\/wp-json\/wp\/v2\/posts"}],"about":[{"href":"https:\/\/jam-news.net\/az\/wp-json\/wp\/v2\/types\/post"}],"author":[{"embeddable":true,"href":"https:\/\/jam-news.net\/az\/wp-json\/wp\/v2\/users\/3"}],"replies":[{"embeddable":true,"href":"https:\/\/jam-news.net\/az\/wp-json\/wp\/v2\/comments?post=4624"}],"version-history":[{"count":1,"href":"https:\/\/jam-news.net\/az\/wp-json\/wp\/v2\/posts\/4624\/revisions"}],"predecessor-version":[{"id":15987,"href":"https:\/\/jam-news.net\/az\/wp-json\/wp\/v2\/posts\/4624\/revisions\/15987"}],"wp:featuredmedia":[{"embeddable":true,"href":"https:\/\/jam-news.net\/az\/wp-json\/wp\/v2\/media\/19488"}],"wp:attachment":[{"href":"https:\/\/jam-news.net\/az\/wp-json\/wp\/v2\/media?parent=4624"}],"wp:term":[{"taxonomy":"category","embeddable":true,"href":"https:\/\/jam-news.net\/az\/wp-json\/wp\/v2\/categories?post=4624"},{"taxonomy":"post_tag","embeddable":true,"href":"https:\/\/jam-news.net\/az\/wp-json\/wp\/v2\/tags?post=4624"},{"taxonomy":"formation","embeddable":true,"href":"https:\/\/jam-news.net\/az\/wp-json\/wp\/v2\/formation?post=4624"},{"taxonomy":"post-author","embeddable":true,"href":"https:\/\/jam-news.net\/az\/wp-json\/wp\/v2\/post-author?post=4624"},{"taxonomy":"topic","embeddable":true,"href":"https:\/\/jam-news.net\/az\/wp-json\/wp\/v2\/topic?post=4624"},{"taxonomy":"tooltip","embeddable":true,"href":"https:\/\/jam-news.net\/az\/wp-json\/wp\/v2\/tooltip?post=4624"},{"taxonomy":"city","embeddable":true,"href":"https:\/\/jam-news.net\/az\/wp-json\/wp\/v2\/city?post=4624"}],"curies":[{"name":"wp","href":"https:\/\/api.w.org\/{rel}","templated":true}]}}