{"id":4607,"date":"2017-02-02T00:00:00","date_gmt":"2017-02-02T00:00:00","guid":{"rendered":"http:\/\/jam-news.net\/az\/martin-sonu-aprelin-%c9%99vv%c9%99lind%c9%99n-gurcustan-v%c9%99t%c9%99ndaslari-avropa-vizasiz-ged%c9%99-bil%c9%99c%c9%99kl%c9%99r\/"},"modified":"2022-01-18T01:20:13","modified_gmt":"2022-01-17T21:20:13","slug":"martin-sonu-aprelin-%c9%99vv%c9%99lind%c9%99n-gurcustan-v%c9%99t%c9%99ndaslari-avropa-vizasiz-ged%c9%99-bil%c9%99c%c9%99kl%c9%99r","status":"publish","type":"post","link":"https:\/\/jam-news.net\/az\/martin-sonu-aprelin-%c9%99vv%c9%99lind%c9%99n-gurcustan-v%c9%99t%c9%99ndaslari-avropa-vizasiz-ged%c9%99-bil%c9%99c%c9%99kl%c9%99r\/","title":{"rendered":"Mart\u0131n sonu, aprelin \u0259vv\u0259lind\u0259n G\u00fcrc\u00fcstan v\u0259t\u0259nda\u015flar\u0131 Avropaya vizas\u0131z ged\u0259 bil\u0259c\u0259kl\u0259r"},"content":{"rendered":"<p>Avropa Parlamenti 553 lehin\u0259, 66 \u0259leyhin\u0259 olmaqla G\u00fcrc\u00fcstan \u00fc\u00e7\u00fcn vizas\u0131z rejimin t\u0259tbiq olunmas\u0131 haqda q\u0259rar\u0131 d\u0259st\u0259kl\u0259yib. Bu g\u00fcn s\u0259h\u0259rd\u0259n Br\u00fcsseld\u0259 Avropa Parlamentinin plenar iclas\u0131nda G\u00fcrc\u00fcstan v\u0259t\u0259nda\u015flar\u0131 \u00fc\u00e7\u00fcn vizas\u0131z rejimin requlyasiyas\u0131n\u0131n q\u0259bulu m\u0259s\u0259l\u0259si m\u00fczakir\u0259 olunub.<\/p>\n<p>Bug\u00fcnk\u00fc s\u0259sverm\u0259 G\u00fcrc\u00fcstan \u00fc\u00e7\u00fcn viza liberalla\u015fmas\u0131 m\u0259s\u0259l\u0259si il\u0259 ba\u011fl\u0131 final s\u0259sverm\u0259 idi. Amma vizas\u0131z rejimin q\u00fcvv\u0259y\u0259 minm\u0259si \u00fc\u00e7\u00fcn bir ne\u00e7\u0259 proseduran h\u0259yata ke\u00e7irilm\u0259si laz\u0131md\u0131r. \u018fsas\u0259n d\u0259 yeni requlyasiya Avropa \u0130ttifaq\u0131 \u015euras\u0131 t\u0259r\u0259find\u0259n t\u0259sdiq edilm\u0259lidir.<\/p>\n<p>Avropa Parlamenti prezidenti v\u0259 A\u0130-nin s\u0259dr-\u00f6lk\u0259sinin X\u0130N r\u0259hb\u0259ri s\u0259n\u0259di imzalayandan sonra s\u0259n\u0259d r\u0259smi n\u0259\u015frd\u0259 d\u0259rc olunmal\u0131d\u0131r, bundan 20 g\u00fcn sonra q\u00fcvv\u0259y\u0259 min\u0259c\u0259k. G\u00fcman ki, bu proseduralar mart\u0131n sonu, aprelin \u0259vv\u0259lind\u0259 ba\u015fa \u00e7atacaq.<\/p>\n<p>Viza liberalla\u015fmas\u0131 il\u0259 ba\u011fl\u0131 G\u00fcrc\u00fcstan v\u0259 A\u0130 aras\u0131nda dan\u0131\u015f\u0131qlar 2012-ci ild\u0259n apar\u0131l\u0131r. G\u00fcrc\u00fcstan \u00fc\u00e7\u00fcn viza liberalla\u015fmas\u0131 il\u0259 ba\u011fl\u0131 m\u00fcsb\u0259t r\u0259y Avro-komissiya t\u0259r\u0259find\u0259n 2015-ci ilin dekabr\u0131nda d\u0259rc olunub. Amma q\u0259ti q\u0259rar\u0131n q\u0259bul edilm\u0259si A\u0130-nin vizas\u0131z rejimin m\u00fcv\u0259qq\u0259ti dayand\u0131r\u0131lmas\u0131 mexanizminin i\u015fl\u0259nib haz\u0131rlanmas\u0131 il\u0259 ba\u011fl\u0131 q\u0259rar\u0131 \u00fc\u00e7\u00fcnd\u0259n t\u0259xir\u0259 sal\u0131nm\u0131\u015fd\u0131.<\/p>\n<p><strong>\u00a0<\/strong><\/p>\n<p><iframe loading=\"lazy\" title=\"\u041f\u0440\u0430\u0432\u0438\u043b\u0430 \u043f\u043e\u043b\u044c\u0437\u043e\u0432\u0430\u043d\u0438\u044f \u0431\u0435\u0437\u0432\u0438\u0437\u043e\u0432\u044b\u043c \u0440\u0435\u0436\u0438\u043c\u043e\u043c \u0432 \u0415\u0432\u0440\u043e\u0441\u043e\u044e\u0437\u0435\" width=\"500\" height=\"375\" src=\"https:\/\/www.youtube.com\/embed\/2kH-YT3-GqM?feature=oembed\" frameborder=\"0\" allow=\"accelerometer; autoplay; clipboard-write; encrypted-media; gyroscope; picture-in-picture; web-share\" referrerpolicy=\"strict-origin-when-cross-origin\" allowfullscreen><\/iframe><\/p>\n<p><strong>Rejimd\u0259n kim v\u0259 nec\u0259 istifad\u0259 ed\u0259 bil\u0259c\u0259k:<\/strong><\/p>\n<ul>\n<li><strong>G\u00fcrc\u00fcstan v\u0259t\u0259nda\u015flar\u0131 \u015eenqen zonas\u0131 \u00f6lk\u0259l\u0259rind\u0259 ( h\u0259m\u00e7inin, \u015eengen zonas\u0131na daxil olma\u011fa haz\u0131rla\u015fan \u2013 Rum\u0131niya, Bolqar\u0131stan, Kipr v\u0259 Xorvatiya kimi \u00f6lk\u0259l\u0259rd\u0259) 90-180 g\u00fcn \u0259razind\u0259 vizas\u0131z qala v\u0259 bir \u00f6lk\u0259d\u0259n dig\u0259rin\u0259 s\u0259yah\u0259t ed\u0259 bil\u0259r.<\/strong><\/li>\n<\/ul>\n<ul>\n<li><strong>90 g\u00fcnd\u0259n daha \u00e7ox qald\u0131\u011f\u0131 t\u0259qdird\u0259 G\u00fcrc\u00fcstan v\u0259t\u0259nda\u015f\u0131 \u015eengen zonas\u0131 \u00f6lk\u0259l\u0259rind\u0259n \u00e7\u0131xar\u0131lacaq v\u0259 G\u00fcrc\u00fcstana deportasiya edil\u0259c\u0259k. Bu t\u0259qdird\u0259 h\u0259min v\u0259t\u0259nda\u015f 5 il m\u00fcdd\u0259tind\u0259 vizas\u0131z gedi\u015f-g\u0259li\u015f imtiyaz\u0131ndan m\u0259hrum olacaq.<\/strong><\/li>\n<\/ul>\n<ul>\n<li><strong>Vizas\u0131z s\u0259yah\u0259t etm\u0259k \u00fc\u00e7\u00fcn G\u00fcrc\u00fcstan v\u0259t\u0259nda\u015f\u0131ndan pasport, gedi\u015f \u2013d\u00f6n\u00fc\u015f bileti, \u00f6z maliyy\u0259 v\u0259ziyy\u0259tini t\u0259sdiq ed\u0259n s\u0259n\u0259d v\u0259 rezerv edilmi\u015f otell\u0259 ba\u011fl\u0131 m\u0259lumatlar t\u0259l\u0259b olunur. G\u00fcrc\u00fcstan v\u0259t\u0259nda\u015f\u0131 s\u00f6z\u00fcged\u0259n s\u0259n\u0259dl\u0259ri konsulluqda deyil, s\u0259rh\u0259dd\u0259 t\u0259qdim edir.<\/strong><\/li>\n<\/ul>\n<ul>\n<li><strong>Viza sad\u0259l\u0259\u015fdirilm\u0259sinin i\u015f v\u0259 t\u0259hsill\u0259 ba\u011fl\u0131 uzun v\u0259 q\u0131sa m\u00fcdd\u0259tli vizalara aidiyyat\u0131 yoxdur. Bu tip vizan\u0131n \u0259ld\u0259 edilm\u0259si \u00fc\u00e7\u00fcn konsullu\u011fa m\u00fcraci\u0259t etm\u0259lidirl\u0259r.<\/strong><\/li>\n<\/ul>\n<p><strong>\u00a0<\/strong><strong>Hans\u0131 halda vizas\u0131z rejim dayand\u0131r\u0131la bil\u0259r?<\/strong><\/p>\n<p><strong>\u00a0<\/strong><strong>\u018fg\u0259r G\u00fcrc\u00fcstan readmisiya m\u0259s\u0259l\u0259sind\u0259 \u0259m\u0259kda\u015fl\u0131q etm\u0259zs\u0259 (A\u0130-\u0259 G\u00fcrc\u00fcstandan g\u0259lmi\u015f v\u0259 deportasiya edilmi\u015f \u00f6z v\u0259 xarici v\u0259t\u0259nda\u015flar\u0131n q\u0259bulu). \u00a0 \u00a0\u00a0<\/strong><\/p>\n<ul>\n<li><strong>\u018fg\u0259r s\u0131\u011f\u0131nacaq axtaranlar\u0131n say\u0131 hiss olunacaq q\u0259d\u0259r artarsa<\/strong><\/li>\n<\/ul>\n<ul>\n<li><strong>A\u0130 s\u0259rh\u0259dini qeyri-leqal ke\u00e7\u0259nl\u0259rin say\u0131 k\u0259skin artarsa. \u00a0<\/strong><\/li>\n<\/ul>\n","protected":false},"excerpt":{"rendered":"<p>Avropa Parlamenti 553 lehin\u0259, 66 \u0259leyhin\u0259 olmaqla G\u00fcrc\u00fcstan \u00fc\u00e7\u00fcn vizas\u0131z rejimi d\u0259st\u0259kl\u0259yib<\/p>\n","protected":false},"author":5,"featured_media":19477,"comment_status":"open","ping_status":"open","sticky":false,"template":"","format":"standard","meta":{"_acf_changed":false,"footnotes":""},"categories":[2,3,50],"tags":[15,157],"formation":[],"post-author":[2888],"topic":[],"tooltip":[],"city":[6049],"class_list":["post-4607","post","type-post","status-publish","format-standard","has-post-thumbnail","hentry","category-cografiya","category-gurcustan","category-xbrlr","tag-gurcustan","tag-xbrlr","post-author-jamnews","city-tbilisi"],"acf":[],"yoast_head":"<!-- This site is optimized with the Yoast SEO plugin v24.1 - https:\/\/yoast.com\/wordpress\/plugins\/seo\/ -->\n<title>Mart\u0131n sonu, aprelin \u0259vv\u0259lind\u0259n G\u00fcrc\u00fcstan v\u0259t\u0259nda\u015flar\u0131 Avropaya vizas\u0131z ged\u0259 bil\u0259c\u0259kl\u0259r - JAMnews<\/title>\n<meta name=\"robots\" content=\"index, follow, max-snippet:-1, max-image-preview:large, max-video-preview:-1\" \/>\n<link rel=\"canonical\" href=\"https:\/\/jam-news.net\/az\/martin-sonu-aprelin-\u0259vv\u0259lind\u0259n-gurcustan-v\u0259t\u0259ndaslari-avropa-vizasiz-ged\u0259-bil\u0259c\u0259kl\u0259r\/\" \/>\n<meta property=\"og:locale\" content=\"az_AZ\" \/>\n<meta property=\"og:type\" content=\"article\" \/>\n<meta property=\"og:title\" content=\"Mart\u0131n sonu, aprelin \u0259vv\u0259lind\u0259n G\u00fcrc\u00fcstan v\u0259t\u0259nda\u015flar\u0131 Avropaya vizas\u0131z ged\u0259 bil\u0259c\u0259kl\u0259r - JAMnews\" \/>\n<meta property=\"og:description\" content=\"Avropa Parlamenti 553 lehin\u0259, 66 \u0259leyhin\u0259 olmaqla G\u00fcrc\u00fcstan \u00fc\u00e7\u00fcn vizas\u0131z rejimi d\u0259st\u0259kl\u0259yib\" \/>\n<meta property=\"og:url\" content=\"https:\/\/jam-news.net\/az\/martin-sonu-aprelin-\u0259vv\u0259lind\u0259n-gurcustan-v\u0259t\u0259ndaslari-avropa-vizasiz-ged\u0259-bil\u0259c\u0259kl\u0259r\/\" \/>\n<meta property=\"og:site_name\" content=\"Azerbaijani Jamnews\" \/>\n<meta property=\"article:publisher\" content=\"https:\/\/www.facebook.com\/JAMnewsInEnglish\/\" \/>\n<meta property=\"article:published_time\" content=\"2017-02-02T00:00:00+00:00\" \/>\n<meta property=\"article:modified_time\" content=\"2022-01-17T21:20:13+00:00\" \/>\n<meta property=\"og:image\" content=\"https:\/\/jam-news.net\/app\/uploads\/2020\/03\/\u10d4\u10d5\u10e0\u10dd-1-2.jpg\" \/>\n\t<meta property=\"og:image:width\" content=\"960\" \/>\n\t<meta property=\"og:image:height\" content=\"720\" \/>\n\t<meta property=\"og:image:type\" content=\"image\/jpeg\" \/>\n<meta name=\"author\" content=\"Dimitri Avaliani | Tbilisi\" \/>\n<meta name=\"twitter:card\" content=\"summary_large_image\" \/>\n<meta name=\"twitter:creator\" content=\"@JAMnewsCaucasus\" \/>\n<meta name=\"twitter:site\" content=\"@JAMnewsCaucasus\" \/>\n<meta name=\"twitter:label1\" content=\"Written by\" \/>\n\t<meta name=\"twitter:data1\" content=\"Dimitri Avaliani | Tbilisi\" \/>\n\t<meta name=\"twitter:label2\" content=\"Est. reading time\" \/>\n\t<meta name=\"twitter:data2\" content=\"3 minutes\" \/>\n<script type=\"application\/ld+json\" class=\"yoast-schema-graph\">{\"@context\":\"https:\/\/schema.org\",\"@graph\":[{\"@type\":\"Article\",\"@id\":\"https:\/\/jam-news.net\/az\/martin-sonu-aprelin-%c9%99vv%c9%99lind%c9%99n-gurcustan-v%c9%99t%c9%99ndaslari-avropa-vizasiz-ged%c9%99-bil%c9%99c%c9%99kl%c9%99r\/#article\",\"isPartOf\":{\"@id\":\"https:\/\/jam-news.net\/az\/martin-sonu-aprelin-%c9%99vv%c9%99lind%c9%99n-gurcustan-v%c9%99t%c9%99ndaslari-avropa-vizasiz-ged%c9%99-bil%c9%99c%c9%99kl%c9%99r\/\"},\"author\":{\"name\":\"Dimitri Avaliani | Tbilisi\",\"@id\":\"https:\/\/jam-news.net\/az\/#\/schema\/person\/66fc1a02aa95952cbcc920064af74ae9\"},\"headline\":\"Mart\u0131n sonu, aprelin \u0259vv\u0259lind\u0259n G\u00fcrc\u00fcstan v\u0259t\u0259nda\u015flar\u0131 Avropaya vizas\u0131z ged\u0259 bil\u0259c\u0259kl\u0259r\",\"datePublished\":\"2017-02-02T00:00:00+00:00\",\"dateModified\":\"2022-01-17T21:20:13+00:00\",\"mainEntityOfPage\":{\"@id\":\"https:\/\/jam-news.net\/az\/martin-sonu-aprelin-%c9%99vv%c9%99lind%c9%99n-gurcustan-v%c9%99t%c9%99ndaslari-avropa-vizasiz-ged%c9%99-bil%c9%99c%c9%99kl%c9%99r\/\"},\"wordCount\":585,\"commentCount\":0,\"publisher\":{\"@id\":\"https:\/\/jam-news.net\/az\/#organization\"},\"image\":{\"@id\":\"https:\/\/jam-news.net\/az\/martin-sonu-aprelin-%c9%99vv%c9%99lind%c9%99n-gurcustan-v%c9%99t%c9%99ndaslari-avropa-vizasiz-ged%c9%99-bil%c9%99c%c9%99kl%c9%99r\/#primaryimage\"},\"thumbnailUrl\":\"https:\/\/jam-news.net\/app\/uploads\/2020\/03\/\u10d4\u10d5\u10e0\u10dd-1-2.jpg\",\"keywords\":[\"G\u00fcrc\u00fcstan\",\"X\u0259b\u0259rl\u0259r\"],\"articleSection\":[\"Geography\",\"Georgia\",\"News\"],\"inLanguage\":\"az\"},{\"@type\":\"WebPage\",\"@id\":\"https:\/\/jam-news.net\/az\/martin-sonu-aprelin-%c9%99vv%c9%99lind%c9%99n-gurcustan-v%c9%99t%c9%99ndaslari-avropa-vizasiz-ged%c9%99-bil%c9%99c%c9%99kl%c9%99r\/\",\"url\":\"https:\/\/jam-news.net\/az\/martin-sonu-aprelin-%c9%99vv%c9%99lind%c9%99n-gurcustan-v%c9%99t%c9%99ndaslari-avropa-vizasiz-ged%c9%99-bil%c9%99c%c9%99kl%c9%99r\/\",\"name\":\"Mart\u0131n sonu, aprelin \u0259vv\u0259lind\u0259n G\u00fcrc\u00fcstan v\u0259t\u0259nda\u015flar\u0131 Avropaya vizas\u0131z ged\u0259 bil\u0259c\u0259kl\u0259r - JAMnews\",\"isPartOf\":{\"@id\":\"https:\/\/jam-news.net\/az\/#website\"},\"primaryImageOfPage\":{\"@id\":\"https:\/\/jam-news.net\/az\/martin-sonu-aprelin-%c9%99vv%c9%99lind%c9%99n-gurcustan-v%c9%99t%c9%99ndaslari-avropa-vizasiz-ged%c9%99-bil%c9%99c%c9%99kl%c9%99r\/#primaryimage\"},\"image\":{\"@id\":\"https:\/\/jam-news.net\/az\/martin-sonu-aprelin-%c9%99vv%c9%99lind%c9%99n-gurcustan-v%c9%99t%c9%99ndaslari-avropa-vizasiz-ged%c9%99-bil%c9%99c%c9%99kl%c9%99r\/#primaryimage\"},\"thumbnailUrl\":\"https:\/\/jam-news.net\/app\/uploads\/2020\/03\/\u10d4\u10d5\u10e0\u10dd-1-2.jpg\",\"datePublished\":\"2017-02-02T00:00:00+00:00\",\"dateModified\":\"2022-01-17T21:20:13+00:00\",\"breadcrumb\":{\"@id\":\"https:\/\/jam-news.net\/az\/martin-sonu-aprelin-%c9%99vv%c9%99lind%c9%99n-gurcustan-v%c9%99t%c9%99ndaslari-avropa-vizasiz-ged%c9%99-bil%c9%99c%c9%99kl%c9%99r\/#breadcrumb\"},\"inLanguage\":\"az\",\"potentialAction\":[{\"@type\":\"ReadAction\",\"target\":[\"https:\/\/jam-news.net\/az\/martin-sonu-aprelin-%c9%99vv%c9%99lind%c9%99n-gurcustan-v%c9%99t%c9%99ndaslari-avropa-vizasiz-ged%c9%99-bil%c9%99c%c9%99kl%c9%99r\/\"]}]},{\"@type\":\"ImageObject\",\"inLanguage\":\"az\",\"@id\":\"https:\/\/jam-news.net\/az\/martin-sonu-aprelin-%c9%99vv%c9%99lind%c9%99n-gurcustan-v%c9%99t%c9%99ndaslari-avropa-vizasiz-ged%c9%99-bil%c9%99c%c9%99kl%c9%99r\/#primaryimage\",\"url\":\"https:\/\/jam-news.net\/app\/uploads\/2020\/03\/\u10d4\u10d5\u10e0\u10dd-1-2.jpg\",\"contentUrl\":\"https:\/\/jam-news.net\/app\/uploads\/2020\/03\/\u10d4\u10d5\u10e0\u10dd-1-2.jpg\",\"width\":960,\"height\":720},{\"@type\":\"BreadcrumbList\",\"@id\":\"https:\/\/jam-news.net\/az\/martin-sonu-aprelin-%c9%99vv%c9%99lind%c9%99n-gurcustan-v%c9%99t%c9%99ndaslari-avropa-vizasiz-ged%c9%99-bil%c9%99c%c9%99kl%c9%99r\/#breadcrumb\",\"itemListElement\":[{\"@type\":\"ListItem\",\"position\":1,\"name\":\"Home\",\"item\":\"https:\/\/jam-news.net\/az\/\"},{\"@type\":\"ListItem\",\"position\":2,\"name\":\"Mart\u0131n sonu, aprelin \u0259vv\u0259lind\u0259n G\u00fcrc\u00fcstan v\u0259t\u0259nda\u015flar\u0131 Avropaya vizas\u0131z ged\u0259 bil\u0259c\u0259kl\u0259r\"}]},{\"@type\":\"WebSite\",\"@id\":\"https:\/\/jam-news.net\/az\/#website\",\"url\":\"https:\/\/jam-news.net\/az\/\",\"name\":\"Azerbaijani Jamnews\",\"description\":\"Caucasus News, Politics and Society\",\"publisher\":{\"@id\":\"https:\/\/jam-news.net\/az\/#organization\"},\"potentialAction\":[{\"@type\":\"SearchAction\",\"target\":{\"@type\":\"EntryPoint\",\"urlTemplate\":\"https:\/\/jam-news.net\/az\/?s={search_term_string}\"},\"query-input\":{\"@type\":\"PropertyValueSpecification\",\"valueRequired\":true,\"valueName\":\"search_term_string\"}}],\"inLanguage\":\"az\"},{\"@type\":\"Organization\",\"@id\":\"https:\/\/jam-news.net\/az\/#organization\",\"name\":\"JAMnews\",\"url\":\"https:\/\/jam-news.net\/az\/\",\"logo\":{\"@type\":\"ImageObject\",\"inLanguage\":\"az\",\"@id\":\"https:\/\/jam-news.net\/az\/#\/schema\/logo\/image\/\",\"url\":\"https:\/\/jam-news.net\/app\/uploads\/2020\/05\/JAM_w.jpg\",\"contentUrl\":\"https:\/\/jam-news.net\/app\/uploads\/2020\/05\/JAM_w.jpg\",\"width\":960,\"height\":960,\"caption\":\"JAMnews\"},\"image\":{\"@id\":\"https:\/\/jam-news.net\/az\/#\/schema\/logo\/image\/\"},\"sameAs\":[\"https:\/\/www.facebook.com\/JAMnewsInEnglish\/\",\"https:\/\/x.com\/JAMnewsCaucasus\",\"https:\/\/www.instagram.com\/jam_news\/\",\"https:\/\/www.youtube.com\/channel\/UCXQbUCme2pykuZYXWHx4VPg\"]},{\"@type\":\"Person\",\"@id\":\"https:\/\/jam-news.net\/az\/#\/schema\/person\/66fc1a02aa95952cbcc920064af74ae9\",\"name\":\"Dimitri Avaliani | Tbilisi\",\"image\":{\"@type\":\"ImageObject\",\"inLanguage\":\"az\",\"@id\":\"https:\/\/jam-news.net\/az\/#\/schema\/person\/image\/\",\"url\":\"https:\/\/secure.gravatar.com\/avatar\/f0cbcd87d83c22441b428238967d980a?s=96&d=mm&r=g\",\"contentUrl\":\"https:\/\/secure.gravatar.com\/avatar\/f0cbcd87d83c22441b428238967d980a?s=96&d=mm&r=g\",\"caption\":\"Dimitri Avaliani | Tbilisi\"},\"url\":\"https:\/\/jam-news.net\/az\/author\/dimaav\/\"}]}<\/script>\n<!-- \/ Yoast SEO plugin. -->","yoast_head_json":{"title":"Mart\u0131n sonu, aprelin \u0259vv\u0259lind\u0259n G\u00fcrc\u00fcstan v\u0259t\u0259nda\u015flar\u0131 Avropaya vizas\u0131z ged\u0259 bil\u0259c\u0259kl\u0259r - JAMnews","robots":{"index":"index","follow":"follow","max-snippet":"max-snippet:-1","max-image-preview":"max-image-preview:large","max-video-preview":"max-video-preview:-1"},"canonical":"https:\/\/jam-news.net\/az\/martin-sonu-aprelin-\u0259vv\u0259lind\u0259n-gurcustan-v\u0259t\u0259ndaslari-avropa-vizasiz-ged\u0259-bil\u0259c\u0259kl\u0259r\/","og_locale":"az_AZ","og_type":"article","og_title":"Mart\u0131n sonu, aprelin \u0259vv\u0259lind\u0259n G\u00fcrc\u00fcstan v\u0259t\u0259nda\u015flar\u0131 Avropaya vizas\u0131z ged\u0259 bil\u0259c\u0259kl\u0259r - JAMnews","og_description":"Avropa Parlamenti 553 lehin\u0259, 66 \u0259leyhin\u0259 olmaqla G\u00fcrc\u00fcstan \u00fc\u00e7\u00fcn vizas\u0131z rejimi d\u0259st\u0259kl\u0259yib","og_url":"https:\/\/jam-news.net\/az\/martin-sonu-aprelin-\u0259vv\u0259lind\u0259n-gurcustan-v\u0259t\u0259ndaslari-avropa-vizasiz-ged\u0259-bil\u0259c\u0259kl\u0259r\/","og_site_name":"Azerbaijani Jamnews","article_publisher":"https:\/\/www.facebook.com\/JAMnewsInEnglish\/","article_published_time":"2017-02-02T00:00:00+00:00","article_modified_time":"2022-01-17T21:20:13+00:00","og_image":[{"width":960,"height":720,"url":"https:\/\/jam-news.net\/app\/uploads\/2020\/03\/\u10d4\u10d5\u10e0\u10dd-1-2.jpg","type":"image\/jpeg"}],"author":"Dimitri Avaliani | Tbilisi","twitter_card":"summary_large_image","twitter_creator":"@JAMnewsCaucasus","twitter_site":"@JAMnewsCaucasus","twitter_misc":{"Written by":"Dimitri Avaliani | Tbilisi","Est. reading time":"3 minutes"},"schema":{"@context":"https:\/\/schema.org","@graph":[{"@type":"Article","@id":"https:\/\/jam-news.net\/az\/martin-sonu-aprelin-%c9%99vv%c9%99lind%c9%99n-gurcustan-v%c9%99t%c9%99ndaslari-avropa-vizasiz-ged%c9%99-bil%c9%99c%c9%99kl%c9%99r\/#article","isPartOf":{"@id":"https:\/\/jam-news.net\/az\/martin-sonu-aprelin-%c9%99vv%c9%99lind%c9%99n-gurcustan-v%c9%99t%c9%99ndaslari-avropa-vizasiz-ged%c9%99-bil%c9%99c%c9%99kl%c9%99r\/"},"author":{"name":"Dimitri Avaliani | Tbilisi","@id":"https:\/\/jam-news.net\/az\/#\/schema\/person\/66fc1a02aa95952cbcc920064af74ae9"},"headline":"Mart\u0131n sonu, aprelin \u0259vv\u0259lind\u0259n G\u00fcrc\u00fcstan v\u0259t\u0259nda\u015flar\u0131 Avropaya vizas\u0131z ged\u0259 bil\u0259c\u0259kl\u0259r","datePublished":"2017-02-02T00:00:00+00:00","dateModified":"2022-01-17T21:20:13+00:00","mainEntityOfPage":{"@id":"https:\/\/jam-news.net\/az\/martin-sonu-aprelin-%c9%99vv%c9%99lind%c9%99n-gurcustan-v%c9%99t%c9%99ndaslari-avropa-vizasiz-ged%c9%99-bil%c9%99c%c9%99kl%c9%99r\/"},"wordCount":585,"commentCount":0,"publisher":{"@id":"https:\/\/jam-news.net\/az\/#organization"},"image":{"@id":"https:\/\/jam-news.net\/az\/martin-sonu-aprelin-%c9%99vv%c9%99lind%c9%99n-gurcustan-v%c9%99t%c9%99ndaslari-avropa-vizasiz-ged%c9%99-bil%c9%99c%c9%99kl%c9%99r\/#primaryimage"},"thumbnailUrl":"https:\/\/jam-news.net\/app\/uploads\/2020\/03\/\u10d4\u10d5\u10e0\u10dd-1-2.jpg","keywords":["G\u00fcrc\u00fcstan","X\u0259b\u0259rl\u0259r"],"articleSection":["Geography","Georgia","News"],"inLanguage":"az"},{"@type":"WebPage","@id":"https:\/\/jam-news.net\/az\/martin-sonu-aprelin-%c9%99vv%c9%99lind%c9%99n-gurcustan-v%c9%99t%c9%99ndaslari-avropa-vizasiz-ged%c9%99-bil%c9%99c%c9%99kl%c9%99r\/","url":"https:\/\/jam-news.net\/az\/martin-sonu-aprelin-%c9%99vv%c9%99lind%c9%99n-gurcustan-v%c9%99t%c9%99ndaslari-avropa-vizasiz-ged%c9%99-bil%c9%99c%c9%99kl%c9%99r\/","name":"Mart\u0131n sonu, aprelin \u0259vv\u0259lind\u0259n G\u00fcrc\u00fcstan v\u0259t\u0259nda\u015flar\u0131 Avropaya vizas\u0131z ged\u0259 bil\u0259c\u0259kl\u0259r - JAMnews","isPartOf":{"@id":"https:\/\/jam-news.net\/az\/#website"},"primaryImageOfPage":{"@id":"https:\/\/jam-news.net\/az\/martin-sonu-aprelin-%c9%99vv%c9%99lind%c9%99n-gurcustan-v%c9%99t%c9%99ndaslari-avropa-vizasiz-ged%c9%99-bil%c9%99c%c9%99kl%c9%99r\/#primaryimage"},"image":{"@id":"https:\/\/jam-news.net\/az\/martin-sonu-aprelin-%c9%99vv%c9%99lind%c9%99n-gurcustan-v%c9%99t%c9%99ndaslari-avropa-vizasiz-ged%c9%99-bil%c9%99c%c9%99kl%c9%99r\/#primaryimage"},"thumbnailUrl":"https:\/\/jam-news.net\/app\/uploads\/2020\/03\/\u10d4\u10d5\u10e0\u10dd-1-2.jpg","datePublished":"2017-02-02T00:00:00+00:00","dateModified":"2022-01-17T21:20:13+00:00","breadcrumb":{"@id":"https:\/\/jam-news.net\/az\/martin-sonu-aprelin-%c9%99vv%c9%99lind%c9%99n-gurcustan-v%c9%99t%c9%99ndaslari-avropa-vizasiz-ged%c9%99-bil%c9%99c%c9%99kl%c9%99r\/#breadcrumb"},"inLanguage":"az","potentialAction":[{"@type":"ReadAction","target":["https:\/\/jam-news.net\/az\/martin-sonu-aprelin-%c9%99vv%c9%99lind%c9%99n-gurcustan-v%c9%99t%c9%99ndaslari-avropa-vizasiz-ged%c9%99-bil%c9%99c%c9%99kl%c9%99r\/"]}]},{"@type":"ImageObject","inLanguage":"az","@id":"https:\/\/jam-news.net\/az\/martin-sonu-aprelin-%c9%99vv%c9%99lind%c9%99n-gurcustan-v%c9%99t%c9%99ndaslari-avropa-vizasiz-ged%c9%99-bil%c9%99c%c9%99kl%c9%99r\/#primaryimage","url":"https:\/\/jam-news.net\/app\/uploads\/2020\/03\/\u10d4\u10d5\u10e0\u10dd-1-2.jpg","contentUrl":"https:\/\/jam-news.net\/app\/uploads\/2020\/03\/\u10d4\u10d5\u10e0\u10dd-1-2.jpg","width":960,"height":720},{"@type":"BreadcrumbList","@id":"https:\/\/jam-news.net\/az\/martin-sonu-aprelin-%c9%99vv%c9%99lind%c9%99n-gurcustan-v%c9%99t%c9%99ndaslari-avropa-vizasiz-ged%c9%99-bil%c9%99c%c9%99kl%c9%99r\/#breadcrumb","itemListElement":[{"@type":"ListItem","position":1,"name":"Home","item":"https:\/\/jam-news.net\/az\/"},{"@type":"ListItem","position":2,"name":"Mart\u0131n sonu, aprelin \u0259vv\u0259lind\u0259n G\u00fcrc\u00fcstan v\u0259t\u0259nda\u015flar\u0131 Avropaya vizas\u0131z ged\u0259 bil\u0259c\u0259kl\u0259r"}]},{"@type":"WebSite","@id":"https:\/\/jam-news.net\/az\/#website","url":"https:\/\/jam-news.net\/az\/","name":"Azerbaijani Jamnews","description":"Caucasus News, Politics and Society","publisher":{"@id":"https:\/\/jam-news.net\/az\/#organization"},"potentialAction":[{"@type":"SearchAction","target":{"@type":"EntryPoint","urlTemplate":"https:\/\/jam-news.net\/az\/?s={search_term_string}"},"query-input":{"@type":"PropertyValueSpecification","valueRequired":true,"valueName":"search_term_string"}}],"inLanguage":"az"},{"@type":"Organization","@id":"https:\/\/jam-news.net\/az\/#organization","name":"JAMnews","url":"https:\/\/jam-news.net\/az\/","logo":{"@type":"ImageObject","inLanguage":"az","@id":"https:\/\/jam-news.net\/az\/#\/schema\/logo\/image\/","url":"https:\/\/jam-news.net\/app\/uploads\/2020\/05\/JAM_w.jpg","contentUrl":"https:\/\/jam-news.net\/app\/uploads\/2020\/05\/JAM_w.jpg","width":960,"height":960,"caption":"JAMnews"},"image":{"@id":"https:\/\/jam-news.net\/az\/#\/schema\/logo\/image\/"},"sameAs":["https:\/\/www.facebook.com\/JAMnewsInEnglish\/","https:\/\/x.com\/JAMnewsCaucasus","https:\/\/www.instagram.com\/jam_news\/","https:\/\/www.youtube.com\/channel\/UCXQbUCme2pykuZYXWHx4VPg"]},{"@type":"Person","@id":"https:\/\/jam-news.net\/az\/#\/schema\/person\/66fc1a02aa95952cbcc920064af74ae9","name":"Dimitri Avaliani | Tbilisi","image":{"@type":"ImageObject","inLanguage":"az","@id":"https:\/\/jam-news.net\/az\/#\/schema\/person\/image\/","url":"https:\/\/secure.gravatar.com\/avatar\/f0cbcd87d83c22441b428238967d980a?s=96&d=mm&r=g","contentUrl":"https:\/\/secure.gravatar.com\/avatar\/f0cbcd87d83c22441b428238967d980a?s=96&d=mm&r=g","caption":"Dimitri Avaliani | Tbilisi"},"url":"https:\/\/jam-news.net\/az\/author\/dimaav\/"}]}},"_links":{"self":[{"href":"https:\/\/jam-news.net\/az\/wp-json\/wp\/v2\/posts\/4607","targetHints":{"allow":["GET"]}}],"collection":[{"href":"https:\/\/jam-news.net\/az\/wp-json\/wp\/v2\/posts"}],"about":[{"href":"https:\/\/jam-news.net\/az\/wp-json\/wp\/v2\/types\/post"}],"author":[{"embeddable":true,"href":"https:\/\/jam-news.net\/az\/wp-json\/wp\/v2\/users\/5"}],"replies":[{"embeddable":true,"href":"https:\/\/jam-news.net\/az\/wp-json\/wp\/v2\/comments?post=4607"}],"version-history":[{"count":1,"href":"https:\/\/jam-news.net\/az\/wp-json\/wp\/v2\/posts\/4607\/revisions"}],"predecessor-version":[{"id":15898,"href":"https:\/\/jam-news.net\/az\/wp-json\/wp\/v2\/posts\/4607\/revisions\/15898"}],"wp:featuredmedia":[{"embeddable":true,"href":"https:\/\/jam-news.net\/az\/wp-json\/wp\/v2\/media\/19477"}],"wp:attachment":[{"href":"https:\/\/jam-news.net\/az\/wp-json\/wp\/v2\/media?parent=4607"}],"wp:term":[{"taxonomy":"category","embeddable":true,"href":"https:\/\/jam-news.net\/az\/wp-json\/wp\/v2\/categories?post=4607"},{"taxonomy":"post_tag","embeddable":true,"href":"https:\/\/jam-news.net\/az\/wp-json\/wp\/v2\/tags?post=4607"},{"taxonomy":"formation","embeddable":true,"href":"https:\/\/jam-news.net\/az\/wp-json\/wp\/v2\/formation?post=4607"},{"taxonomy":"post-author","embeddable":true,"href":"https:\/\/jam-news.net\/az\/wp-json\/wp\/v2\/post-author?post=4607"},{"taxonomy":"topic","embeddable":true,"href":"https:\/\/jam-news.net\/az\/wp-json\/wp\/v2\/topic?post=4607"},{"taxonomy":"tooltip","embeddable":true,"href":"https:\/\/jam-news.net\/az\/wp-json\/wp\/v2\/tooltip?post=4607"},{"taxonomy":"city","embeddable":true,"href":"https:\/\/jam-news.net\/az\/wp-json\/wp\/v2\/city?post=4607"}],"curies":[{"name":"wp","href":"https:\/\/api.w.org\/{rel}","templated":true}]}}