{"id":4569,"date":"2017-01-27T00:00:00","date_gmt":"2017-01-27T00:00:00","guid":{"rendered":"http:\/\/jam-news.net\/az\/turkiy%c9%99-yunanistani-terrorla-mubariz%c9%99-aparmaq-ist%c9%99m%c9%99m%c9%99kd%c9%99-gunahlandirib\/"},"modified":"2020-07-31T14:16:36","modified_gmt":"2020-07-31T10:16:36","slug":"turkiy%c9%99-yunanistani-terrorla-mubariz%c9%99-aparmaq-ist%c9%99m%c9%99m%c9%99kd%c9%99-gunahlandirib","status":"publish","type":"post","link":"https:\/\/jam-news.net\/az\/turkiy%c9%99-yunanistani-terrorla-mubariz%c9%99-aparmaq-ist%c9%99m%c9%99m%c9%99kd%c9%99-gunahlandirib\/","title":{"rendered":"T\u00fcrkiy\u0259 Yunan\u0131stan\u0131 terrorla m\u00fcbariz\u0259 aparmaq ist\u0259m\u0259m\u0259kd\u0259 g\u00fcnahland\u0131r\u0131b"},"content":{"rendered":"<p>Yunan\u0131stan m\u0259hk\u0259m\u0259si \u00f6t\u0259n ilin iyulunda ba\u015f ver\u0259n h\u0259rbi \u00e7evrili\u015f c\u0259hdind\u0259n sonra qa\u00e7an t\u00fcrk h\u0259rb\u00e7il\u0259rinin ekstradisiya edilm\u0259m\u0259si haqda q\u0259rar \u00e7\u0131xarandan sonra T\u00fcrkiy\u0259 hakimiyy\u0259ti Yunan\u0131stan\u0131 terrorla m\u00fcbariz\u0259 aparmaq ist\u0259m\u0259m\u0259kd\u0259 g\u00fcnahland\u0131r\u0131b. T\u00fcrkiy\u0259 bu q\u0259rar\u0131 siyasi motivli adland\u0131r\u0131b.<\/p>\n<p>\u201cQon\u015fumuz v\u0259 t\u0259r\u0259fda\u015f\u0131m\u0131z Yunan\u0131stan n\u00f6vb\u0259ti d\u0259f\u0259 terrorla m\u00fcbariz\u0259nin \u0259saslar\u0131na zidd davran\u0131b\u201d, &#8211; T\u00fcrkiy\u0259 X\u0130N-nin b\u0259yanat\u0131nda deyilir. Ankara Afinan\u0131 h\u0259m\u00e7inin T\u00fcrkiy\u0259d\u0259 h\u0259ml\u0259l\u0259r etmi\u015f ultra-sol v\u0259 k\u00fcrd qrupla\u015fmalar\u0131n\u0131n \u00fczvl\u0259rini gizl\u0259tm\u0259kd\u0259 d\u0259 ittiham edir.<\/p>\n<p>X\u0130N b\u0259yan edib ki, T\u00fcrkiy\u0259 qiyam\u00e7\u0131lar\u0131n ekstradisiyas\u0131na v\u0259 m\u0259hk\u0259m\u0259 qar\u015f\u0131s\u0131nda cavab verm\u0259sin\u0259 nail olmaq \u00fc\u00e7\u00fcn s\u0259yl\u0259rini davam etdir\u0259c\u0259k.<\/p>\n<p>T\u00fcrkiy\u0259 hakimiyy\u0259ti h\u0259rb\u00e7il\u0259ri \u00e7evrili\u015f c\u0259hdind\u0259 i\u015ftirak etm\u0259kd\u0259 g\u00fcnahland\u0131r\u0131r v\u0259 m\u0259hk\u0259m\u0259 istintaq\u0131n\u0131n ke\u00e7irilm\u0259si \u00fc\u00e7\u00fcn \u00f6lk\u0259y\u0259 qaytar\u0131lmas\u0131n\u0131 t\u0259l\u0259b edir. Vertolyotla Yunan\u0131stana qa\u00e7m\u0131\u015f s\u0259kkiz h\u0259rb\u00e7i g\u00fcnahs\u0131z oldu\u011funu bildirir v\u0259 T\u00fcrkiy\u0259y\u0259 qay\u0131dacaqlar\u0131 t\u0259qdird\u0259 h\u0259yatlar\u0131n\u0131n t\u0259hl\u00fck\u0259d\u0259 oldu\u011funu deyirl\u0259r.<\/p>\n<p>BBC-nin x\u0259b\u0259r verdiyi kimi, hakim Giorqos Sakkas h\u00f6km\u00fc oxuyark\u0259n bildirib ki, T\u00fcrkiy\u0259d\u0259 onlar\u0131n \u0259dal\u0259tsiz m\u00fchakim\u0259 il\u0259 \u00fczl\u0259\u015f\u0259c\u0259yi ehtimal\u0131 var.<\/p>\n<p>T\u00fcrkiy\u0259d\u0259 h\u0259rbi \u00e7evrili\u015f c\u0259hdi \u00f6t\u0259n il iyulun 15-d\u0259 ba\u015f verib. Qiyam\u00e7\u0131 h\u0259rb\u00e7il\u0259r bir Ankara v\u0259 \u0130stanbulda ne\u00e7\u0259 saatl\u0131q \u0259sas k\u00fc\u00e7\u0259l\u0259ri, k\u00f6rp\u00fcl\u0259ri v\u0259 bir ne\u00e7\u0259 strateji \u0259h\u0259miyy\u0259tli binan\u0131 n\u0259zar\u0259t alt\u0131na g\u00f6t\u00fcr\u0259 bilmi\u015fdil\u0259r, amma tezlikl\u0259 qiyam yat\u0131r\u0131lm\u0131\u015f, qiyam\u00e7\u0131lar h\u0259bs edilmi\u015fdi.<\/p>\n<p>Qiyam n\u0259tic\u0259sind\u0259 y\u00fczl\u0259rl\u0259 insan h\u0259lak olmu\u015fdu.<\/p>\n<p>T\u00fcrkiy\u0259 hakimiyy\u0259ti \u00e7evrili\u015f c\u0259hdinin t\u0259\u015fkilind\u0259 haz\u0131rda AB\u015e-da ya\u015fayan din xadimi F\u0259tullah G\u00fcl\u0259ni g\u00fcnahland\u0131rd\u0131 v\u0259 onun ekstradisiyas\u0131n\u0131 t\u0259l\u0259b etdi.<\/p>\n<p>\u0130stintaq gedi\u015fat\u0131nda T\u00fcrkiy\u0259d\u0259 minl\u0259rl\u0259 insan h\u0259bs edildi. H\u0259bs olunanlar haqlar\u0131n\u0131n pozulmas\u0131ndan \u015fikay\u0259tl\u0259nir, i\u015fg\u0259nc\u0259y\u0259 m\u0259ruz qald\u0131qlar\u0131n\u0131 bildirirdil\u0259r.<\/p>\n","protected":false},"excerpt":{"rendered":"<p>Ankara Yunan\u0131stan m\u0259hk\u0259m\u0259sinin s\u0259kkiz t\u00fcrk h\u0259rb\u00e7inin ekstradisiyas\u0131n\u0131 r\u0259dd ed\u0259n q\u0259rar\u0131na etiraz edir<\/p>\n","protected":false},"author":5,"featured_media":19445,"comment_status":"open","ping_status":"open","sticky":false,"template":"","format":"standard","meta":{"_acf_changed":false,"footnotes":""},"categories":[2,50,44],"tags":[48,157],"formation":[],"post-author":[],"topic":[4957],"tooltip":[],"city":[],"class_list":["post-4569","post","type-post","status-publish","format-standard","has-post-thumbnail","hentry","category-cografiya","category-xbrlr","category-turkiy","tag-turkiy","tag-xbrlr","topic-turkiy"],"acf":[],"yoast_head":"<!-- This site is optimized with the Yoast SEO plugin v24.1 - https:\/\/yoast.com\/wordpress\/plugins\/seo\/ -->\n<title>T\u00fcrkiy\u0259 Yunan\u0131stan\u0131 terrorla m\u00fcbariz\u0259 aparmaq ist\u0259m\u0259m\u0259kd\u0259 g\u00fcnahland\u0131r\u0131b - JAMnews<\/title>\n<meta name=\"robots\" content=\"index, follow, max-snippet:-1, max-image-preview:large, max-video-preview:-1\" \/>\n<link rel=\"canonical\" href=\"https:\/\/jam-news.net\/az\/turkiy\u0259-yunanistani-terrorla-mubariz\u0259-aparmaq-ist\u0259m\u0259m\u0259kd\u0259-gunahlandirib\/\" \/>\n<meta property=\"og:locale\" content=\"az_AZ\" \/>\n<meta property=\"og:type\" content=\"article\" \/>\n<meta property=\"og:title\" content=\"T\u00fcrkiy\u0259 Yunan\u0131stan\u0131 terrorla m\u00fcbariz\u0259 aparmaq ist\u0259m\u0259m\u0259kd\u0259 g\u00fcnahland\u0131r\u0131b - JAMnews\" \/>\n<meta property=\"og:description\" content=\"Ankara Yunan\u0131stan m\u0259hk\u0259m\u0259sinin s\u0259kkiz t\u00fcrk h\u0259rb\u00e7inin ekstradisiyas\u0131n\u0131 r\u0259dd ed\u0259n q\u0259rar\u0131na etiraz edir\" \/>\n<meta property=\"og:url\" content=\"https:\/\/jam-news.net\/az\/turkiy\u0259-yunanistani-terrorla-mubariz\u0259-aparmaq-ist\u0259m\u0259m\u0259kd\u0259-gunahlandirib\/\" \/>\n<meta property=\"og:site_name\" content=\"Azerbaijani Jamnews\" \/>\n<meta property=\"article:publisher\" content=\"https:\/\/www.facebook.com\/JAMnewsInEnglish\/\" \/>\n<meta property=\"article:published_time\" content=\"2017-01-27T00:00:00+00:00\" \/>\n<meta property=\"article:modified_time\" content=\"2020-07-31T10:16:36+00:00\" \/>\n<meta property=\"og:image\" content=\"https:\/\/jam-news.net\/app\/uploads\/2020\/03\/\u10d7\u10e3\u10e0\u10e5.jpg\" \/>\n\t<meta property=\"og:image:width\" content=\"626\" \/>\n\t<meta property=\"og:image:height\" content=\"326\" \/>\n\t<meta property=\"og:image:type\" content=\"image\/jpeg\" \/>\n<meta name=\"author\" content=\"Dimitri Avaliani | Tbilisi\" \/>\n<meta name=\"twitter:card\" content=\"summary_large_image\" \/>\n<meta name=\"twitter:creator\" content=\"@JAMnewsCaucasus\" \/>\n<meta name=\"twitter:site\" content=\"@JAMnewsCaucasus\" \/>\n<meta name=\"twitter:label1\" content=\"Written by\" \/>\n\t<meta name=\"twitter:data1\" content=\"Dimitri Avaliani | Tbilisi\" \/>\n\t<meta name=\"twitter:label2\" content=\"Est. reading time\" \/>\n\t<meta name=\"twitter:data2\" content=\"2 minutes\" \/>\n<script type=\"application\/ld+json\" class=\"yoast-schema-graph\">{\"@context\":\"https:\/\/schema.org\",\"@graph\":[{\"@type\":\"Article\",\"@id\":\"https:\/\/jam-news.net\/az\/turkiy%c9%99-yunanistani-terrorla-mubariz%c9%99-aparmaq-ist%c9%99m%c9%99m%c9%99kd%c9%99-gunahlandirib\/#article\",\"isPartOf\":{\"@id\":\"https:\/\/jam-news.net\/az\/turkiy%c9%99-yunanistani-terrorla-mubariz%c9%99-aparmaq-ist%c9%99m%c9%99m%c9%99kd%c9%99-gunahlandirib\/\"},\"author\":{\"name\":\"Dimitri Avaliani | Tbilisi\",\"@id\":\"https:\/\/jam-news.net\/az\/#\/schema\/person\/66fc1a02aa95952cbcc920064af74ae9\"},\"headline\":\"T\u00fcrkiy\u0259 Yunan\u0131stan\u0131 terrorla m\u00fcbariz\u0259 aparmaq ist\u0259m\u0259m\u0259kd\u0259 g\u00fcnahland\u0131r\u0131b\",\"datePublished\":\"2017-01-27T00:00:00+00:00\",\"dateModified\":\"2020-07-31T10:16:36+00:00\",\"mainEntityOfPage\":{\"@id\":\"https:\/\/jam-news.net\/az\/turkiy%c9%99-yunanistani-terrorla-mubariz%c9%99-aparmaq-ist%c9%99m%c9%99m%c9%99kd%c9%99-gunahlandirib\/\"},\"wordCount\":427,\"commentCount\":0,\"publisher\":{\"@id\":\"https:\/\/jam-news.net\/az\/#organization\"},\"image\":{\"@id\":\"https:\/\/jam-news.net\/az\/turkiy%c9%99-yunanistani-terrorla-mubariz%c9%99-aparmaq-ist%c9%99m%c9%99m%c9%99kd%c9%99-gunahlandirib\/#primaryimage\"},\"thumbnailUrl\":\"https:\/\/jam-news.net\/app\/uploads\/2020\/03\/\u10d7\u10e3\u10e0\u10e5.jpg\",\"keywords\":[\"T\u00fcrkiy\u0259\",\"X\u0259b\u0259rl\u0259r\"],\"articleSection\":[\"Geography\",\"News\",\"Turkey\"],\"inLanguage\":\"az\"},{\"@type\":\"WebPage\",\"@id\":\"https:\/\/jam-news.net\/az\/turkiy%c9%99-yunanistani-terrorla-mubariz%c9%99-aparmaq-ist%c9%99m%c9%99m%c9%99kd%c9%99-gunahlandirib\/\",\"url\":\"https:\/\/jam-news.net\/az\/turkiy%c9%99-yunanistani-terrorla-mubariz%c9%99-aparmaq-ist%c9%99m%c9%99m%c9%99kd%c9%99-gunahlandirib\/\",\"name\":\"T\u00fcrkiy\u0259 Yunan\u0131stan\u0131 terrorla m\u00fcbariz\u0259 aparmaq ist\u0259m\u0259m\u0259kd\u0259 g\u00fcnahland\u0131r\u0131b - JAMnews\",\"isPartOf\":{\"@id\":\"https:\/\/jam-news.net\/az\/#website\"},\"primaryImageOfPage\":{\"@id\":\"https:\/\/jam-news.net\/az\/turkiy%c9%99-yunanistani-terrorla-mubariz%c9%99-aparmaq-ist%c9%99m%c9%99m%c9%99kd%c9%99-gunahlandirib\/#primaryimage\"},\"image\":{\"@id\":\"https:\/\/jam-news.net\/az\/turkiy%c9%99-yunanistani-terrorla-mubariz%c9%99-aparmaq-ist%c9%99m%c9%99m%c9%99kd%c9%99-gunahlandirib\/#primaryimage\"},\"thumbnailUrl\":\"https:\/\/jam-news.net\/app\/uploads\/2020\/03\/\u10d7\u10e3\u10e0\u10e5.jpg\",\"datePublished\":\"2017-01-27T00:00:00+00:00\",\"dateModified\":\"2020-07-31T10:16:36+00:00\",\"breadcrumb\":{\"@id\":\"https:\/\/jam-news.net\/az\/turkiy%c9%99-yunanistani-terrorla-mubariz%c9%99-aparmaq-ist%c9%99m%c9%99m%c9%99kd%c9%99-gunahlandirib\/#breadcrumb\"},\"inLanguage\":\"az\",\"potentialAction\":[{\"@type\":\"ReadAction\",\"target\":[\"https:\/\/jam-news.net\/az\/turkiy%c9%99-yunanistani-terrorla-mubariz%c9%99-aparmaq-ist%c9%99m%c9%99m%c9%99kd%c9%99-gunahlandirib\/\"]}]},{\"@type\":\"ImageObject\",\"inLanguage\":\"az\",\"@id\":\"https:\/\/jam-news.net\/az\/turkiy%c9%99-yunanistani-terrorla-mubariz%c9%99-aparmaq-ist%c9%99m%c9%99m%c9%99kd%c9%99-gunahlandirib\/#primaryimage\",\"url\":\"https:\/\/jam-news.net\/app\/uploads\/2020\/03\/\u10d7\u10e3\u10e0\u10e5.jpg\",\"contentUrl\":\"https:\/\/jam-news.net\/app\/uploads\/2020\/03\/\u10d7\u10e3\u10e0\u10e5.jpg\",\"width\":626,\"height\":326},{\"@type\":\"BreadcrumbList\",\"@id\":\"https:\/\/jam-news.net\/az\/turkiy%c9%99-yunanistani-terrorla-mubariz%c9%99-aparmaq-ist%c9%99m%c9%99m%c9%99kd%c9%99-gunahlandirib\/#breadcrumb\",\"itemListElement\":[{\"@type\":\"ListItem\",\"position\":1,\"name\":\"Home\",\"item\":\"https:\/\/jam-news.net\/az\/\"},{\"@type\":\"ListItem\",\"position\":2,\"name\":\"T\u00fcrkiy\u0259 Yunan\u0131stan\u0131 terrorla m\u00fcbariz\u0259 aparmaq ist\u0259m\u0259m\u0259kd\u0259 g\u00fcnahland\u0131r\u0131b\"}]},{\"@type\":\"WebSite\",\"@id\":\"https:\/\/jam-news.net\/az\/#website\",\"url\":\"https:\/\/jam-news.net\/az\/\",\"name\":\"Azerbaijani Jamnews\",\"description\":\"Caucasus News, Politics and Society\",\"publisher\":{\"@id\":\"https:\/\/jam-news.net\/az\/#organization\"},\"potentialAction\":[{\"@type\":\"SearchAction\",\"target\":{\"@type\":\"EntryPoint\",\"urlTemplate\":\"https:\/\/jam-news.net\/az\/?s={search_term_string}\"},\"query-input\":{\"@type\":\"PropertyValueSpecification\",\"valueRequired\":true,\"valueName\":\"search_term_string\"}}],\"inLanguage\":\"az\"},{\"@type\":\"Organization\",\"@id\":\"https:\/\/jam-news.net\/az\/#organization\",\"name\":\"JAMnews\",\"url\":\"https:\/\/jam-news.net\/az\/\",\"logo\":{\"@type\":\"ImageObject\",\"inLanguage\":\"az\",\"@id\":\"https:\/\/jam-news.net\/az\/#\/schema\/logo\/image\/\",\"url\":\"https:\/\/jam-news.net\/app\/uploads\/2020\/05\/JAM_w.jpg\",\"contentUrl\":\"https:\/\/jam-news.net\/app\/uploads\/2020\/05\/JAM_w.jpg\",\"width\":960,\"height\":960,\"caption\":\"JAMnews\"},\"image\":{\"@id\":\"https:\/\/jam-news.net\/az\/#\/schema\/logo\/image\/\"},\"sameAs\":[\"https:\/\/www.facebook.com\/JAMnewsInEnglish\/\",\"https:\/\/x.com\/JAMnewsCaucasus\",\"https:\/\/www.instagram.com\/jam_news\/\",\"https:\/\/www.youtube.com\/channel\/UCXQbUCme2pykuZYXWHx4VPg\"]},{\"@type\":\"Person\",\"@id\":\"https:\/\/jam-news.net\/az\/#\/schema\/person\/66fc1a02aa95952cbcc920064af74ae9\",\"name\":\"Dimitri Avaliani | Tbilisi\",\"image\":{\"@type\":\"ImageObject\",\"inLanguage\":\"az\",\"@id\":\"https:\/\/jam-news.net\/az\/#\/schema\/person\/image\/\",\"url\":\"https:\/\/secure.gravatar.com\/avatar\/f0cbcd87d83c22441b428238967d980a?s=96&d=mm&r=g\",\"contentUrl\":\"https:\/\/secure.gravatar.com\/avatar\/f0cbcd87d83c22441b428238967d980a?s=96&d=mm&r=g\",\"caption\":\"Dimitri Avaliani | Tbilisi\"},\"url\":\"https:\/\/jam-news.net\/az\/author\/dimaav\/\"}]}<\/script>\n<!-- \/ Yoast SEO plugin. -->","yoast_head_json":{"title":"T\u00fcrkiy\u0259 Yunan\u0131stan\u0131 terrorla m\u00fcbariz\u0259 aparmaq ist\u0259m\u0259m\u0259kd\u0259 g\u00fcnahland\u0131r\u0131b - JAMnews","robots":{"index":"index","follow":"follow","max-snippet":"max-snippet:-1","max-image-preview":"max-image-preview:large","max-video-preview":"max-video-preview:-1"},"canonical":"https:\/\/jam-news.net\/az\/turkiy\u0259-yunanistani-terrorla-mubariz\u0259-aparmaq-ist\u0259m\u0259m\u0259kd\u0259-gunahlandirib\/","og_locale":"az_AZ","og_type":"article","og_title":"T\u00fcrkiy\u0259 Yunan\u0131stan\u0131 terrorla m\u00fcbariz\u0259 aparmaq ist\u0259m\u0259m\u0259kd\u0259 g\u00fcnahland\u0131r\u0131b - JAMnews","og_description":"Ankara Yunan\u0131stan m\u0259hk\u0259m\u0259sinin s\u0259kkiz t\u00fcrk h\u0259rb\u00e7inin ekstradisiyas\u0131n\u0131 r\u0259dd ed\u0259n q\u0259rar\u0131na etiraz edir","og_url":"https:\/\/jam-news.net\/az\/turkiy\u0259-yunanistani-terrorla-mubariz\u0259-aparmaq-ist\u0259m\u0259m\u0259kd\u0259-gunahlandirib\/","og_site_name":"Azerbaijani Jamnews","article_publisher":"https:\/\/www.facebook.com\/JAMnewsInEnglish\/","article_published_time":"2017-01-27T00:00:00+00:00","article_modified_time":"2020-07-31T10:16:36+00:00","og_image":[{"width":626,"height":326,"url":"https:\/\/jam-news.net\/app\/uploads\/2020\/03\/\u10d7\u10e3\u10e0\u10e5.jpg","type":"image\/jpeg"}],"author":"Dimitri Avaliani | Tbilisi","twitter_card":"summary_large_image","twitter_creator":"@JAMnewsCaucasus","twitter_site":"@JAMnewsCaucasus","twitter_misc":{"Written by":"Dimitri Avaliani | Tbilisi","Est. reading time":"2 minutes"},"schema":{"@context":"https:\/\/schema.org","@graph":[{"@type":"Article","@id":"https:\/\/jam-news.net\/az\/turkiy%c9%99-yunanistani-terrorla-mubariz%c9%99-aparmaq-ist%c9%99m%c9%99m%c9%99kd%c9%99-gunahlandirib\/#article","isPartOf":{"@id":"https:\/\/jam-news.net\/az\/turkiy%c9%99-yunanistani-terrorla-mubariz%c9%99-aparmaq-ist%c9%99m%c9%99m%c9%99kd%c9%99-gunahlandirib\/"},"author":{"name":"Dimitri Avaliani | Tbilisi","@id":"https:\/\/jam-news.net\/az\/#\/schema\/person\/66fc1a02aa95952cbcc920064af74ae9"},"headline":"T\u00fcrkiy\u0259 Yunan\u0131stan\u0131 terrorla m\u00fcbariz\u0259 aparmaq ist\u0259m\u0259m\u0259kd\u0259 g\u00fcnahland\u0131r\u0131b","datePublished":"2017-01-27T00:00:00+00:00","dateModified":"2020-07-31T10:16:36+00:00","mainEntityOfPage":{"@id":"https:\/\/jam-news.net\/az\/turkiy%c9%99-yunanistani-terrorla-mubariz%c9%99-aparmaq-ist%c9%99m%c9%99m%c9%99kd%c9%99-gunahlandirib\/"},"wordCount":427,"commentCount":0,"publisher":{"@id":"https:\/\/jam-news.net\/az\/#organization"},"image":{"@id":"https:\/\/jam-news.net\/az\/turkiy%c9%99-yunanistani-terrorla-mubariz%c9%99-aparmaq-ist%c9%99m%c9%99m%c9%99kd%c9%99-gunahlandirib\/#primaryimage"},"thumbnailUrl":"https:\/\/jam-news.net\/app\/uploads\/2020\/03\/\u10d7\u10e3\u10e0\u10e5.jpg","keywords":["T\u00fcrkiy\u0259","X\u0259b\u0259rl\u0259r"],"articleSection":["Geography","News","Turkey"],"inLanguage":"az"},{"@type":"WebPage","@id":"https:\/\/jam-news.net\/az\/turkiy%c9%99-yunanistani-terrorla-mubariz%c9%99-aparmaq-ist%c9%99m%c9%99m%c9%99kd%c9%99-gunahlandirib\/","url":"https:\/\/jam-news.net\/az\/turkiy%c9%99-yunanistani-terrorla-mubariz%c9%99-aparmaq-ist%c9%99m%c9%99m%c9%99kd%c9%99-gunahlandirib\/","name":"T\u00fcrkiy\u0259 Yunan\u0131stan\u0131 terrorla m\u00fcbariz\u0259 aparmaq ist\u0259m\u0259m\u0259kd\u0259 g\u00fcnahland\u0131r\u0131b - JAMnews","isPartOf":{"@id":"https:\/\/jam-news.net\/az\/#website"},"primaryImageOfPage":{"@id":"https:\/\/jam-news.net\/az\/turkiy%c9%99-yunanistani-terrorla-mubariz%c9%99-aparmaq-ist%c9%99m%c9%99m%c9%99kd%c9%99-gunahlandirib\/#primaryimage"},"image":{"@id":"https:\/\/jam-news.net\/az\/turkiy%c9%99-yunanistani-terrorla-mubariz%c9%99-aparmaq-ist%c9%99m%c9%99m%c9%99kd%c9%99-gunahlandirib\/#primaryimage"},"thumbnailUrl":"https:\/\/jam-news.net\/app\/uploads\/2020\/03\/\u10d7\u10e3\u10e0\u10e5.jpg","datePublished":"2017-01-27T00:00:00+00:00","dateModified":"2020-07-31T10:16:36+00:00","breadcrumb":{"@id":"https:\/\/jam-news.net\/az\/turkiy%c9%99-yunanistani-terrorla-mubariz%c9%99-aparmaq-ist%c9%99m%c9%99m%c9%99kd%c9%99-gunahlandirib\/#breadcrumb"},"inLanguage":"az","potentialAction":[{"@type":"ReadAction","target":["https:\/\/jam-news.net\/az\/turkiy%c9%99-yunanistani-terrorla-mubariz%c9%99-aparmaq-ist%c9%99m%c9%99m%c9%99kd%c9%99-gunahlandirib\/"]}]},{"@type":"ImageObject","inLanguage":"az","@id":"https:\/\/jam-news.net\/az\/turkiy%c9%99-yunanistani-terrorla-mubariz%c9%99-aparmaq-ist%c9%99m%c9%99m%c9%99kd%c9%99-gunahlandirib\/#primaryimage","url":"https:\/\/jam-news.net\/app\/uploads\/2020\/03\/\u10d7\u10e3\u10e0\u10e5.jpg","contentUrl":"https:\/\/jam-news.net\/app\/uploads\/2020\/03\/\u10d7\u10e3\u10e0\u10e5.jpg","width":626,"height":326},{"@type":"BreadcrumbList","@id":"https:\/\/jam-news.net\/az\/turkiy%c9%99-yunanistani-terrorla-mubariz%c9%99-aparmaq-ist%c9%99m%c9%99m%c9%99kd%c9%99-gunahlandirib\/#breadcrumb","itemListElement":[{"@type":"ListItem","position":1,"name":"Home","item":"https:\/\/jam-news.net\/az\/"},{"@type":"ListItem","position":2,"name":"T\u00fcrkiy\u0259 Yunan\u0131stan\u0131 terrorla m\u00fcbariz\u0259 aparmaq ist\u0259m\u0259m\u0259kd\u0259 g\u00fcnahland\u0131r\u0131b"}]},{"@type":"WebSite","@id":"https:\/\/jam-news.net\/az\/#website","url":"https:\/\/jam-news.net\/az\/","name":"Azerbaijani Jamnews","description":"Caucasus News, Politics and Society","publisher":{"@id":"https:\/\/jam-news.net\/az\/#organization"},"potentialAction":[{"@type":"SearchAction","target":{"@type":"EntryPoint","urlTemplate":"https:\/\/jam-news.net\/az\/?s={search_term_string}"},"query-input":{"@type":"PropertyValueSpecification","valueRequired":true,"valueName":"search_term_string"}}],"inLanguage":"az"},{"@type":"Organization","@id":"https:\/\/jam-news.net\/az\/#organization","name":"JAMnews","url":"https:\/\/jam-news.net\/az\/","logo":{"@type":"ImageObject","inLanguage":"az","@id":"https:\/\/jam-news.net\/az\/#\/schema\/logo\/image\/","url":"https:\/\/jam-news.net\/app\/uploads\/2020\/05\/JAM_w.jpg","contentUrl":"https:\/\/jam-news.net\/app\/uploads\/2020\/05\/JAM_w.jpg","width":960,"height":960,"caption":"JAMnews"},"image":{"@id":"https:\/\/jam-news.net\/az\/#\/schema\/logo\/image\/"},"sameAs":["https:\/\/www.facebook.com\/JAMnewsInEnglish\/","https:\/\/x.com\/JAMnewsCaucasus","https:\/\/www.instagram.com\/jam_news\/","https:\/\/www.youtube.com\/channel\/UCXQbUCme2pykuZYXWHx4VPg"]},{"@type":"Person","@id":"https:\/\/jam-news.net\/az\/#\/schema\/person\/66fc1a02aa95952cbcc920064af74ae9","name":"Dimitri Avaliani | Tbilisi","image":{"@type":"ImageObject","inLanguage":"az","@id":"https:\/\/jam-news.net\/az\/#\/schema\/person\/image\/","url":"https:\/\/secure.gravatar.com\/avatar\/f0cbcd87d83c22441b428238967d980a?s=96&d=mm&r=g","contentUrl":"https:\/\/secure.gravatar.com\/avatar\/f0cbcd87d83c22441b428238967d980a?s=96&d=mm&r=g","caption":"Dimitri Avaliani | Tbilisi"},"url":"https:\/\/jam-news.net\/az\/author\/dimaav\/"}]}},"_links":{"self":[{"href":"https:\/\/jam-news.net\/az\/wp-json\/wp\/v2\/posts\/4569","targetHints":{"allow":["GET"]}}],"collection":[{"href":"https:\/\/jam-news.net\/az\/wp-json\/wp\/v2\/posts"}],"about":[{"href":"https:\/\/jam-news.net\/az\/wp-json\/wp\/v2\/types\/post"}],"author":[{"embeddable":true,"href":"https:\/\/jam-news.net\/az\/wp-json\/wp\/v2\/users\/5"}],"replies":[{"embeddable":true,"href":"https:\/\/jam-news.net\/az\/wp-json\/wp\/v2\/comments?post=4569"}],"version-history":[{"count":1,"href":"https:\/\/jam-news.net\/az\/wp-json\/wp\/v2\/posts\/4569\/revisions"}],"predecessor-version":[{"id":17798,"href":"https:\/\/jam-news.net\/az\/wp-json\/wp\/v2\/posts\/4569\/revisions\/17798"}],"wp:featuredmedia":[{"embeddable":true,"href":"https:\/\/jam-news.net\/az\/wp-json\/wp\/v2\/media\/19445"}],"wp:attachment":[{"href":"https:\/\/jam-news.net\/az\/wp-json\/wp\/v2\/media?parent=4569"}],"wp:term":[{"taxonomy":"category","embeddable":true,"href":"https:\/\/jam-news.net\/az\/wp-json\/wp\/v2\/categories?post=4569"},{"taxonomy":"post_tag","embeddable":true,"href":"https:\/\/jam-news.net\/az\/wp-json\/wp\/v2\/tags?post=4569"},{"taxonomy":"formation","embeddable":true,"href":"https:\/\/jam-news.net\/az\/wp-json\/wp\/v2\/formation?post=4569"},{"taxonomy":"post-author","embeddable":true,"href":"https:\/\/jam-news.net\/az\/wp-json\/wp\/v2\/post-author?post=4569"},{"taxonomy":"topic","embeddable":true,"href":"https:\/\/jam-news.net\/az\/wp-json\/wp\/v2\/topic?post=4569"},{"taxonomy":"tooltip","embeddable":true,"href":"https:\/\/jam-news.net\/az\/wp-json\/wp\/v2\/tooltip?post=4569"},{"taxonomy":"city","embeddable":true,"href":"https:\/\/jam-news.net\/az\/wp-json\/wp\/v2\/city?post=4569"}],"curies":[{"name":"wp","href":"https:\/\/api.w.org\/{rel}","templated":true}]}}