{"id":4555,"date":"2017-01-25T00:00:00","date_gmt":"2017-01-25T00:00:00","guid":{"rendered":"http:\/\/jam-news.net\/az\/aihm-tbilisinin-t%c9%99qdim-etdiyi-namiz%c9%99dl%c9%99ri-r%c9%99dd-edib\/"},"modified":"2022-01-18T01:20:41","modified_gmt":"2022-01-17T21:20:41","slug":"aihm-tbilisinin-t%c9%99qdim-etdiyi-namiz%c9%99dl%c9%99ri-r%c9%99dd-edib","status":"publish","type":"post","link":"https:\/\/jam-news.net\/az\/aihm-tbilisinin-t%c9%99qdim-etdiyi-namiz%c9%99dl%c9%99ri-r%c9%99dd-edib\/","title":{"rendered":"A\u0130HM Tbilisinin t\u0259qdim etdiyi namiz\u0259dl\u0259ri r\u0259dd edib"},"content":{"rendered":"<p>Avropa \u0130nsan Haqlar\u0131 M\u0259hk\u0259m\u0259si hakim v\u0259zif\u0259sind\u0259 Tbilisinin t\u0259qdim etdiyi namiz\u0259dl\u0259ri r\u0259dd edib. A\u0130HM-nin hakiml\u0259rin se\u00e7imi \u00fczr\u0259 Komit\u0259si \u00fc\u00e7 namiz\u0259dd\u0259n he\u00e7 birini d\u0259st\u0259kl\u0259m\u0259yib. Bu o dem\u0259kdir ki, G\u00fcrc\u00fcstanda bu v\u0259zif\u0259y\u0259 yenid\u0259n m\u00fcsabiq\u0259 ke\u00e7irilm\u0259lidir.<\/p>\n<p>M\u00fcxalif\u0259tin fikrinc\u0259, bu q\u0259rar\u0131n s\u0259b\u0259bi namiz\u0259dl\u0259rin s\u0259ri\u015ft\u0259sizliyi olub. M\u00fcxalif\u0259t\u00e7il\u0259r namiz\u0259dl\u0259rin r\u0259dd edilm\u0259sini G\u00fcrc\u00fcstan h\u00f6kum\u0259tinin m\u0259\u011flubiyy\u0259ti adland\u0131r\u0131blar. Onlar hesab edirl\u0259r ki, bu, \u00f6lk\u0259nin maraqlar\u0131na ciddi x\u0259l\u0259l g\u0259tirib.<\/p>\n<p>Hakimiyy\u0259t t\u0259msil\u00e7il\u0259ri bildirirl\u0259r ki, namiz\u0259dl\u0259rin r\u0259dd edilm\u0259si m\u0259yusedici hadis\u0259dir, amma G\u00fcrc\u00fcstan bu sar\u0131dan istisna deyil, bel\u0259 q\u0259rarlar dig\u0259r \u00f6lk\u0259l\u0259rl\u0259 ba\u011fl\u0131 da q\u0259bul edilir.<\/p>\n<p>\u018fdliyy\u0259 naziri namiz\u0259dl\u0259rin r\u0259dd edilm\u0259sind\u0259 m\u00fcxalif\u0259ti v\u0259 ombudsman\u0131 g\u00fcnahland\u0131r\u0131r.<\/p>\n<p>\u201c\u00c7ox k\u0259d\u0259rlidir ki, namiz\u0259dl\u0259r siyah\u0131s\u0131n\u0131n v\u0259t\u0259n\u0259 qaytar\u0131lmas\u0131 \u201cMilli H\u0259r\u0259kat\u201d t\u0259r\u0259find\u0259n sevincl\u0259 qar\u015f\u0131lan\u0131b. Ombudsman da bu siyah\u0131n\u0131n \u0259leyhin\u0259 f\u0259aliyy\u0259t g\u00f6st\u0259rirdi, o, bu yax\u0131nlarda Strasburqa gedib dig\u0259r \u00f6lk\u0259l\u0259ri bu siyah\u0131n\u0131 d\u0259st\u0259kl\u0259m\u0259m\u0259y\u0259 \u00e7a\u011f\u0131rm\u0131\u015fd\u0131.V\u0259kill\u0259r Assosiasiyas\u0131n\u0131n r\u0259hb\u0259ri d\u0259 bu istiqam\u0259td\u0259 \u00e7al\u0131\u015f\u0131rd\u0131\u201d, &#8211; Teya Tsulukiyani bildirib.<\/p>\n<p>Nazirin s\u00f6zl\u0259rin\u0259 g\u00f6r\u0259, o, A\u0130HM-nin hakimi v\u0259zif\u0259sin\u0259 yeni m\u00fcsabiq\u0259nin nec\u0259 haz\u0131rlanaca\u011f\u0131n\u0131 h\u0259l\u0259 ki bilmir. Namiz\u0259dl\u0259rin yeni siyah\u0131s\u0131 \u00e7ox g\u00fcman ki, bu il \u0259rzind\u0259 haz\u0131rlanacaq.<\/p>\n<p>G\u00fcrc\u00fcstandan A\u0130HM-nin hakimi v\u0259zif\u0259sin\u0259 Ali \u018fdliyy\u0259 \u015euras\u0131n\u0131n \u00fczv\u00fc Yeva Qotsiridze, \u018fdliyy\u0259 nazirinin m\u00fcavini Sandro Baramidze v\u0259 A\u0130HM-nin h\u00fcquq\u015f\u00fcnas\u0131 Georgi Bada\u015fvilinin namiz\u0259dliyi t\u0259qdim olunmu\u015fdu. Namiz\u0259dl\u0259rd\u0259n biri hakim olmal\u0131 idi.<\/p>\n<p>A\u0130HM-nin G\u00fcrc\u00fcstandan olan hakimi Nana Tsotsoriyan\u0131n s\u0259lahiyy\u0259t m\u00fcdd\u0259ti bu ay\u0131n sonunda bitir.<\/p>\n","protected":false},"excerpt":{"rendered":"<p>G\u00fcrc\u00fcstan hakim v\u0259zif\u0259sin\u0259 yeni m\u00fcsabiq\u0259 ke\u00e7irm\u0259li olacaq<\/p>\n","protected":false},"author":5,"featured_media":19432,"comment_status":"open","ping_status":"open","sticky":false,"template":"","format":"standard","meta":{"_acf_changed":false,"footnotes":""},"categories":[2,3,50],"tags":[165,157],"formation":[],"post-author":[2888],"topic":[],"tooltip":[],"city":[6049],"class_list":["post-4555","post","type-post","status-publish","format-standard","has-post-thumbnail","hentry","category-cografiya","category-gurcustan","category-xbrlr","tag-insan-huquqlari-uzr-avropa-mhkmsi","tag-xbrlr","post-author-jamnews","city-tbilisi"],"acf":[],"yoast_head":"<!-- This site is optimized with the Yoast SEO plugin v24.1 - https:\/\/yoast.com\/wordpress\/plugins\/seo\/ -->\n<title>A\u0130HM Tbilisinin t\u0259qdim etdiyi namiz\u0259dl\u0259ri r\u0259dd edib - JAMnews<\/title>\n<meta name=\"robots\" content=\"index, follow, max-snippet:-1, max-image-preview:large, max-video-preview:-1\" \/>\n<link rel=\"canonical\" href=\"https:\/\/jam-news.net\/az\/aihm-tbilisinin-t\u0259qdim-etdiyi-namiz\u0259dl\u0259ri-r\u0259dd-edib\/\" \/>\n<meta property=\"og:locale\" content=\"az_AZ\" \/>\n<meta property=\"og:type\" content=\"article\" \/>\n<meta property=\"og:title\" content=\"A\u0130HM Tbilisinin t\u0259qdim etdiyi namiz\u0259dl\u0259ri r\u0259dd edib - JAMnews\" \/>\n<meta property=\"og:description\" content=\"G\u00fcrc\u00fcstan hakim v\u0259zif\u0259sin\u0259 yeni m\u00fcsabiq\u0259 ke\u00e7irm\u0259li olacaq\" \/>\n<meta property=\"og:url\" content=\"https:\/\/jam-news.net\/az\/aihm-tbilisinin-t\u0259qdim-etdiyi-namiz\u0259dl\u0259ri-r\u0259dd-edib\/\" \/>\n<meta property=\"og:site_name\" content=\"Azerbaijani Jamnews\" \/>\n<meta property=\"article:publisher\" content=\"https:\/\/www.facebook.com\/JAMnewsInEnglish\/\" \/>\n<meta property=\"article:published_time\" content=\"2017-01-25T00:00:00+00:00\" \/>\n<meta property=\"article:modified_time\" content=\"2022-01-17T21:20:41+00:00\" \/>\n<meta property=\"og:image\" content=\"https:\/\/jam-news.net\/app\/uploads\/2020\/03\/\u0415\u0421\u041f\u0427.jpg\" \/>\n\t<meta property=\"og:image:width\" content=\"480\" \/>\n\t<meta property=\"og:image:height\" content=\"359\" \/>\n\t<meta property=\"og:image:type\" content=\"image\/jpeg\" \/>\n<meta name=\"author\" content=\"Dimitri Avaliani | Tbilisi\" \/>\n<meta name=\"twitter:card\" content=\"summary_large_image\" \/>\n<meta name=\"twitter:creator\" content=\"@JAMnewsCaucasus\" \/>\n<meta name=\"twitter:site\" content=\"@JAMnewsCaucasus\" \/>\n<meta name=\"twitter:label1\" content=\"Written by\" \/>\n\t<meta name=\"twitter:data1\" content=\"Dimitri Avaliani | Tbilisi\" \/>\n\t<meta name=\"twitter:label2\" content=\"Est. reading time\" \/>\n\t<meta name=\"twitter:data2\" content=\"2 minutes\" \/>\n<script type=\"application\/ld+json\" class=\"yoast-schema-graph\">{\"@context\":\"https:\/\/schema.org\",\"@graph\":[{\"@type\":\"Article\",\"@id\":\"https:\/\/jam-news.net\/az\/aihm-tbilisinin-t%c9%99qdim-etdiyi-namiz%c9%99dl%c9%99ri-r%c9%99dd-edib\/#article\",\"isPartOf\":{\"@id\":\"https:\/\/jam-news.net\/az\/aihm-tbilisinin-t%c9%99qdim-etdiyi-namiz%c9%99dl%c9%99ri-r%c9%99dd-edib\/\"},\"author\":{\"name\":\"Dimitri Avaliani | Tbilisi\",\"@id\":\"https:\/\/jam-news.net\/az\/#\/schema\/person\/66fc1a02aa95952cbcc920064af74ae9\"},\"headline\":\"A\u0130HM Tbilisinin t\u0259qdim etdiyi namiz\u0259dl\u0259ri r\u0259dd edib\",\"datePublished\":\"2017-01-25T00:00:00+00:00\",\"dateModified\":\"2022-01-17T21:20:41+00:00\",\"mainEntityOfPage\":{\"@id\":\"https:\/\/jam-news.net\/az\/aihm-tbilisinin-t%c9%99qdim-etdiyi-namiz%c9%99dl%c9%99ri-r%c9%99dd-edib\/\"},\"wordCount\":382,\"commentCount\":0,\"publisher\":{\"@id\":\"https:\/\/jam-news.net\/az\/#organization\"},\"image\":{\"@id\":\"https:\/\/jam-news.net\/az\/aihm-tbilisinin-t%c9%99qdim-etdiyi-namiz%c9%99dl%c9%99ri-r%c9%99dd-edib\/#primaryimage\"},\"thumbnailUrl\":\"https:\/\/jam-news.net\/app\/uploads\/2020\/03\/\u0415\u0421\u041f\u0427.jpg\",\"keywords\":[\"\u0130nsan H\u00fcquqlar\u0131 \u00fczr\u0259 Avropa M\u0259hk\u0259m\u0259si\",\"X\u0259b\u0259rl\u0259r\"],\"articleSection\":[\"Geography\",\"Georgia\",\"News\"],\"inLanguage\":\"az\"},{\"@type\":\"WebPage\",\"@id\":\"https:\/\/jam-news.net\/az\/aihm-tbilisinin-t%c9%99qdim-etdiyi-namiz%c9%99dl%c9%99ri-r%c9%99dd-edib\/\",\"url\":\"https:\/\/jam-news.net\/az\/aihm-tbilisinin-t%c9%99qdim-etdiyi-namiz%c9%99dl%c9%99ri-r%c9%99dd-edib\/\",\"name\":\"A\u0130HM Tbilisinin t\u0259qdim etdiyi namiz\u0259dl\u0259ri r\u0259dd edib - JAMnews\",\"isPartOf\":{\"@id\":\"https:\/\/jam-news.net\/az\/#website\"},\"primaryImageOfPage\":{\"@id\":\"https:\/\/jam-news.net\/az\/aihm-tbilisinin-t%c9%99qdim-etdiyi-namiz%c9%99dl%c9%99ri-r%c9%99dd-edib\/#primaryimage\"},\"image\":{\"@id\":\"https:\/\/jam-news.net\/az\/aihm-tbilisinin-t%c9%99qdim-etdiyi-namiz%c9%99dl%c9%99ri-r%c9%99dd-edib\/#primaryimage\"},\"thumbnailUrl\":\"https:\/\/jam-news.net\/app\/uploads\/2020\/03\/\u0415\u0421\u041f\u0427.jpg\",\"datePublished\":\"2017-01-25T00:00:00+00:00\",\"dateModified\":\"2022-01-17T21:20:41+00:00\",\"breadcrumb\":{\"@id\":\"https:\/\/jam-news.net\/az\/aihm-tbilisinin-t%c9%99qdim-etdiyi-namiz%c9%99dl%c9%99ri-r%c9%99dd-edib\/#breadcrumb\"},\"inLanguage\":\"az\",\"potentialAction\":[{\"@type\":\"ReadAction\",\"target\":[\"https:\/\/jam-news.net\/az\/aihm-tbilisinin-t%c9%99qdim-etdiyi-namiz%c9%99dl%c9%99ri-r%c9%99dd-edib\/\"]}]},{\"@type\":\"ImageObject\",\"inLanguage\":\"az\",\"@id\":\"https:\/\/jam-news.net\/az\/aihm-tbilisinin-t%c9%99qdim-etdiyi-namiz%c9%99dl%c9%99ri-r%c9%99dd-edib\/#primaryimage\",\"url\":\"https:\/\/jam-news.net\/app\/uploads\/2020\/03\/\u0415\u0421\u041f\u0427.jpg\",\"contentUrl\":\"https:\/\/jam-news.net\/app\/uploads\/2020\/03\/\u0415\u0421\u041f\u0427.jpg\",\"width\":480,\"height\":359},{\"@type\":\"BreadcrumbList\",\"@id\":\"https:\/\/jam-news.net\/az\/aihm-tbilisinin-t%c9%99qdim-etdiyi-namiz%c9%99dl%c9%99ri-r%c9%99dd-edib\/#breadcrumb\",\"itemListElement\":[{\"@type\":\"ListItem\",\"position\":1,\"name\":\"Home\",\"item\":\"https:\/\/jam-news.net\/az\/\"},{\"@type\":\"ListItem\",\"position\":2,\"name\":\"A\u0130HM Tbilisinin t\u0259qdim etdiyi namiz\u0259dl\u0259ri r\u0259dd edib\"}]},{\"@type\":\"WebSite\",\"@id\":\"https:\/\/jam-news.net\/az\/#website\",\"url\":\"https:\/\/jam-news.net\/az\/\",\"name\":\"Azerbaijani Jamnews\",\"description\":\"Caucasus News, Politics and Society\",\"publisher\":{\"@id\":\"https:\/\/jam-news.net\/az\/#organization\"},\"potentialAction\":[{\"@type\":\"SearchAction\",\"target\":{\"@type\":\"EntryPoint\",\"urlTemplate\":\"https:\/\/jam-news.net\/az\/?s={search_term_string}\"},\"query-input\":{\"@type\":\"PropertyValueSpecification\",\"valueRequired\":true,\"valueName\":\"search_term_string\"}}],\"inLanguage\":\"az\"},{\"@type\":\"Organization\",\"@id\":\"https:\/\/jam-news.net\/az\/#organization\",\"name\":\"JAMnews\",\"url\":\"https:\/\/jam-news.net\/az\/\",\"logo\":{\"@type\":\"ImageObject\",\"inLanguage\":\"az\",\"@id\":\"https:\/\/jam-news.net\/az\/#\/schema\/logo\/image\/\",\"url\":\"https:\/\/jam-news.net\/app\/uploads\/2020\/05\/JAM_w.jpg\",\"contentUrl\":\"https:\/\/jam-news.net\/app\/uploads\/2020\/05\/JAM_w.jpg\",\"width\":960,\"height\":960,\"caption\":\"JAMnews\"},\"image\":{\"@id\":\"https:\/\/jam-news.net\/az\/#\/schema\/logo\/image\/\"},\"sameAs\":[\"https:\/\/www.facebook.com\/JAMnewsInEnglish\/\",\"https:\/\/x.com\/JAMnewsCaucasus\",\"https:\/\/www.instagram.com\/jam_news\/\",\"https:\/\/www.youtube.com\/channel\/UCXQbUCme2pykuZYXWHx4VPg\"]},{\"@type\":\"Person\",\"@id\":\"https:\/\/jam-news.net\/az\/#\/schema\/person\/66fc1a02aa95952cbcc920064af74ae9\",\"name\":\"Dimitri Avaliani | Tbilisi\",\"image\":{\"@type\":\"ImageObject\",\"inLanguage\":\"az\",\"@id\":\"https:\/\/jam-news.net\/az\/#\/schema\/person\/image\/\",\"url\":\"https:\/\/secure.gravatar.com\/avatar\/f0cbcd87d83c22441b428238967d980a?s=96&d=mm&r=g\",\"contentUrl\":\"https:\/\/secure.gravatar.com\/avatar\/f0cbcd87d83c22441b428238967d980a?s=96&d=mm&r=g\",\"caption\":\"Dimitri Avaliani | Tbilisi\"},\"url\":\"https:\/\/jam-news.net\/az\/author\/dimaav\/\"}]}<\/script>\n<!-- \/ Yoast SEO plugin. -->","yoast_head_json":{"title":"A\u0130HM Tbilisinin t\u0259qdim etdiyi namiz\u0259dl\u0259ri r\u0259dd edib - JAMnews","robots":{"index":"index","follow":"follow","max-snippet":"max-snippet:-1","max-image-preview":"max-image-preview:large","max-video-preview":"max-video-preview:-1"},"canonical":"https:\/\/jam-news.net\/az\/aihm-tbilisinin-t\u0259qdim-etdiyi-namiz\u0259dl\u0259ri-r\u0259dd-edib\/","og_locale":"az_AZ","og_type":"article","og_title":"A\u0130HM Tbilisinin t\u0259qdim etdiyi namiz\u0259dl\u0259ri r\u0259dd edib - JAMnews","og_description":"G\u00fcrc\u00fcstan hakim v\u0259zif\u0259sin\u0259 yeni m\u00fcsabiq\u0259 ke\u00e7irm\u0259li olacaq","og_url":"https:\/\/jam-news.net\/az\/aihm-tbilisinin-t\u0259qdim-etdiyi-namiz\u0259dl\u0259ri-r\u0259dd-edib\/","og_site_name":"Azerbaijani Jamnews","article_publisher":"https:\/\/www.facebook.com\/JAMnewsInEnglish\/","article_published_time":"2017-01-25T00:00:00+00:00","article_modified_time":"2022-01-17T21:20:41+00:00","og_image":[{"width":480,"height":359,"url":"https:\/\/jam-news.net\/app\/uploads\/2020\/03\/\u0415\u0421\u041f\u0427.jpg","type":"image\/jpeg"}],"author":"Dimitri Avaliani | Tbilisi","twitter_card":"summary_large_image","twitter_creator":"@JAMnewsCaucasus","twitter_site":"@JAMnewsCaucasus","twitter_misc":{"Written by":"Dimitri Avaliani | Tbilisi","Est. reading time":"2 minutes"},"schema":{"@context":"https:\/\/schema.org","@graph":[{"@type":"Article","@id":"https:\/\/jam-news.net\/az\/aihm-tbilisinin-t%c9%99qdim-etdiyi-namiz%c9%99dl%c9%99ri-r%c9%99dd-edib\/#article","isPartOf":{"@id":"https:\/\/jam-news.net\/az\/aihm-tbilisinin-t%c9%99qdim-etdiyi-namiz%c9%99dl%c9%99ri-r%c9%99dd-edib\/"},"author":{"name":"Dimitri Avaliani | Tbilisi","@id":"https:\/\/jam-news.net\/az\/#\/schema\/person\/66fc1a02aa95952cbcc920064af74ae9"},"headline":"A\u0130HM Tbilisinin t\u0259qdim etdiyi namiz\u0259dl\u0259ri r\u0259dd edib","datePublished":"2017-01-25T00:00:00+00:00","dateModified":"2022-01-17T21:20:41+00:00","mainEntityOfPage":{"@id":"https:\/\/jam-news.net\/az\/aihm-tbilisinin-t%c9%99qdim-etdiyi-namiz%c9%99dl%c9%99ri-r%c9%99dd-edib\/"},"wordCount":382,"commentCount":0,"publisher":{"@id":"https:\/\/jam-news.net\/az\/#organization"},"image":{"@id":"https:\/\/jam-news.net\/az\/aihm-tbilisinin-t%c9%99qdim-etdiyi-namiz%c9%99dl%c9%99ri-r%c9%99dd-edib\/#primaryimage"},"thumbnailUrl":"https:\/\/jam-news.net\/app\/uploads\/2020\/03\/\u0415\u0421\u041f\u0427.jpg","keywords":["\u0130nsan H\u00fcquqlar\u0131 \u00fczr\u0259 Avropa M\u0259hk\u0259m\u0259si","X\u0259b\u0259rl\u0259r"],"articleSection":["Geography","Georgia","News"],"inLanguage":"az"},{"@type":"WebPage","@id":"https:\/\/jam-news.net\/az\/aihm-tbilisinin-t%c9%99qdim-etdiyi-namiz%c9%99dl%c9%99ri-r%c9%99dd-edib\/","url":"https:\/\/jam-news.net\/az\/aihm-tbilisinin-t%c9%99qdim-etdiyi-namiz%c9%99dl%c9%99ri-r%c9%99dd-edib\/","name":"A\u0130HM Tbilisinin t\u0259qdim etdiyi namiz\u0259dl\u0259ri r\u0259dd edib - JAMnews","isPartOf":{"@id":"https:\/\/jam-news.net\/az\/#website"},"primaryImageOfPage":{"@id":"https:\/\/jam-news.net\/az\/aihm-tbilisinin-t%c9%99qdim-etdiyi-namiz%c9%99dl%c9%99ri-r%c9%99dd-edib\/#primaryimage"},"image":{"@id":"https:\/\/jam-news.net\/az\/aihm-tbilisinin-t%c9%99qdim-etdiyi-namiz%c9%99dl%c9%99ri-r%c9%99dd-edib\/#primaryimage"},"thumbnailUrl":"https:\/\/jam-news.net\/app\/uploads\/2020\/03\/\u0415\u0421\u041f\u0427.jpg","datePublished":"2017-01-25T00:00:00+00:00","dateModified":"2022-01-17T21:20:41+00:00","breadcrumb":{"@id":"https:\/\/jam-news.net\/az\/aihm-tbilisinin-t%c9%99qdim-etdiyi-namiz%c9%99dl%c9%99ri-r%c9%99dd-edib\/#breadcrumb"},"inLanguage":"az","potentialAction":[{"@type":"ReadAction","target":["https:\/\/jam-news.net\/az\/aihm-tbilisinin-t%c9%99qdim-etdiyi-namiz%c9%99dl%c9%99ri-r%c9%99dd-edib\/"]}]},{"@type":"ImageObject","inLanguage":"az","@id":"https:\/\/jam-news.net\/az\/aihm-tbilisinin-t%c9%99qdim-etdiyi-namiz%c9%99dl%c9%99ri-r%c9%99dd-edib\/#primaryimage","url":"https:\/\/jam-news.net\/app\/uploads\/2020\/03\/\u0415\u0421\u041f\u0427.jpg","contentUrl":"https:\/\/jam-news.net\/app\/uploads\/2020\/03\/\u0415\u0421\u041f\u0427.jpg","width":480,"height":359},{"@type":"BreadcrumbList","@id":"https:\/\/jam-news.net\/az\/aihm-tbilisinin-t%c9%99qdim-etdiyi-namiz%c9%99dl%c9%99ri-r%c9%99dd-edib\/#breadcrumb","itemListElement":[{"@type":"ListItem","position":1,"name":"Home","item":"https:\/\/jam-news.net\/az\/"},{"@type":"ListItem","position":2,"name":"A\u0130HM Tbilisinin t\u0259qdim etdiyi namiz\u0259dl\u0259ri r\u0259dd edib"}]},{"@type":"WebSite","@id":"https:\/\/jam-news.net\/az\/#website","url":"https:\/\/jam-news.net\/az\/","name":"Azerbaijani Jamnews","description":"Caucasus News, Politics and Society","publisher":{"@id":"https:\/\/jam-news.net\/az\/#organization"},"potentialAction":[{"@type":"SearchAction","target":{"@type":"EntryPoint","urlTemplate":"https:\/\/jam-news.net\/az\/?s={search_term_string}"},"query-input":{"@type":"PropertyValueSpecification","valueRequired":true,"valueName":"search_term_string"}}],"inLanguage":"az"},{"@type":"Organization","@id":"https:\/\/jam-news.net\/az\/#organization","name":"JAMnews","url":"https:\/\/jam-news.net\/az\/","logo":{"@type":"ImageObject","inLanguage":"az","@id":"https:\/\/jam-news.net\/az\/#\/schema\/logo\/image\/","url":"https:\/\/jam-news.net\/app\/uploads\/2020\/05\/JAM_w.jpg","contentUrl":"https:\/\/jam-news.net\/app\/uploads\/2020\/05\/JAM_w.jpg","width":960,"height":960,"caption":"JAMnews"},"image":{"@id":"https:\/\/jam-news.net\/az\/#\/schema\/logo\/image\/"},"sameAs":["https:\/\/www.facebook.com\/JAMnewsInEnglish\/","https:\/\/x.com\/JAMnewsCaucasus","https:\/\/www.instagram.com\/jam_news\/","https:\/\/www.youtube.com\/channel\/UCXQbUCme2pykuZYXWHx4VPg"]},{"@type":"Person","@id":"https:\/\/jam-news.net\/az\/#\/schema\/person\/66fc1a02aa95952cbcc920064af74ae9","name":"Dimitri Avaliani | Tbilisi","image":{"@type":"ImageObject","inLanguage":"az","@id":"https:\/\/jam-news.net\/az\/#\/schema\/person\/image\/","url":"https:\/\/secure.gravatar.com\/avatar\/f0cbcd87d83c22441b428238967d980a?s=96&d=mm&r=g","contentUrl":"https:\/\/secure.gravatar.com\/avatar\/f0cbcd87d83c22441b428238967d980a?s=96&d=mm&r=g","caption":"Dimitri Avaliani | Tbilisi"},"url":"https:\/\/jam-news.net\/az\/author\/dimaav\/"}]}},"_links":{"self":[{"href":"https:\/\/jam-news.net\/az\/wp-json\/wp\/v2\/posts\/4555","targetHints":{"allow":["GET"]}}],"collection":[{"href":"https:\/\/jam-news.net\/az\/wp-json\/wp\/v2\/posts"}],"about":[{"href":"https:\/\/jam-news.net\/az\/wp-json\/wp\/v2\/types\/post"}],"author":[{"embeddable":true,"href":"https:\/\/jam-news.net\/az\/wp-json\/wp\/v2\/users\/5"}],"replies":[{"embeddable":true,"href":"https:\/\/jam-news.net\/az\/wp-json\/wp\/v2\/comments?post=4555"}],"version-history":[{"count":1,"href":"https:\/\/jam-news.net\/az\/wp-json\/wp\/v2\/posts\/4555\/revisions"}],"predecessor-version":[{"id":15921,"href":"https:\/\/jam-news.net\/az\/wp-json\/wp\/v2\/posts\/4555\/revisions\/15921"}],"wp:featuredmedia":[{"embeddable":true,"href":"https:\/\/jam-news.net\/az\/wp-json\/wp\/v2\/media\/19432"}],"wp:attachment":[{"href":"https:\/\/jam-news.net\/az\/wp-json\/wp\/v2\/media?parent=4555"}],"wp:term":[{"taxonomy":"category","embeddable":true,"href":"https:\/\/jam-news.net\/az\/wp-json\/wp\/v2\/categories?post=4555"},{"taxonomy":"post_tag","embeddable":true,"href":"https:\/\/jam-news.net\/az\/wp-json\/wp\/v2\/tags?post=4555"},{"taxonomy":"formation","embeddable":true,"href":"https:\/\/jam-news.net\/az\/wp-json\/wp\/v2\/formation?post=4555"},{"taxonomy":"post-author","embeddable":true,"href":"https:\/\/jam-news.net\/az\/wp-json\/wp\/v2\/post-author?post=4555"},{"taxonomy":"topic","embeddable":true,"href":"https:\/\/jam-news.net\/az\/wp-json\/wp\/v2\/topic?post=4555"},{"taxonomy":"tooltip","embeddable":true,"href":"https:\/\/jam-news.net\/az\/wp-json\/wp\/v2\/tooltip?post=4555"},{"taxonomy":"city","embeddable":true,"href":"https:\/\/jam-news.net\/az\/wp-json\/wp\/v2\/city?post=4555"}],"curies":[{"name":"wp","href":"https:\/\/api.w.org\/{rel}","templated":true}]}}