{"id":4535,"date":"2017-01-23T00:00:00","date_gmt":"2017-01-23T00:00:00","guid":{"rendered":"http:\/\/jam-news.net\/az\/fransua-fiyon-gurcustan-v%c9%99-ukrayna-ai-v%c9%99-nato-ya-daxil-olmaga-hazir-deyil\/"},"modified":"2020-03-18T11:00:27","modified_gmt":"2020-03-18T11:00:27","slug":"fransua-fiyon-gurcustan-v%c9%99-ukrayna-ai-v%c9%99-nato-ya-daxil-olmaga-hazir-deyil","status":"publish","type":"post","link":"https:\/\/jam-news.net\/az\/fransua-fiyon-gurcustan-v%c9%99-ukrayna-ai-v%c9%99-nato-ya-daxil-olmaga-hazir-deyil\/","title":{"rendered":"Fransua Fiyon: G\u00fcrc\u00fcstan v\u0259 Ukrayna A\u0130 v\u0259 NATO-ya daxil olma\u011fa haz\u0131r deyil"},"content":{"rendered":"<p>Fransan\u0131n ke\u00e7mi\u015f ba\u015f naziri, Respublika\u00e7\u0131lar Partiyas\u0131ndan prezidentliy\u0259 namiz\u0259d Fransua Fiyon yanvar\u0131n 22-d\u0259 Le Monde q\u0259zetin\u0259 m\u00fcsahib\u0259sind\u0259 Ukrayna v\u0259 G\u00fcrc\u00fcstan\u0131n A\u0130 v\u0259 NATO-ya daxil olmas\u0131 perspektivi il\u0259 ba\u011fl\u0131 b\u0259yanat s\u0259sl\u0259ndirib. Bu b\u0259yanat Rusiya, Ukrayna v\u0259 G\u00fcrc\u00fcstan medias\u0131nda b\u00f6y\u00fck rezonans do\u011furub. Sor\u011fu n\u0259tic\u0259l\u0259rin\u0259 g\u00f6r\u0259, Fiyon bu ilin aprelind\u0259 ba\u015f tutacaq prezident se\u00e7kil\u0259rind\u0259 \u0259n \u00e7ox \u015fansa malik namiz\u0259ddir.<\/p>\n<p>JAMnews\u00a0Fransua Fionun m\u00fcsahib\u0259sind\u0259n bu m\u0259s\u0259l\u0259 il\u0259 ba\u011fl\u0131 sitat\u0131 oldu\u011fu kimi t\u0259qdim edir.<\/p>\n<p>\u201cSual: Biz Putin\u0259 etibar ed\u0259 bil\u0259rik?<\/p>\n<p>Fransua Fiyon: B\u0259s biz Q\u0259rb\u0259 etibar ed\u0259 bil\u0259rik? Q\u0259rb n\u0259 vaxtsa Rusiyan\u0131 Liviyada, Kosovda, A\u0130 il\u0259 iqtisadi t\u0259r\u0259fda\u015fl\u0131qda yar\u0131 yolda qoyub? Rusiya \u00e7ox \u015fey\u0259 g\u00f6r\u0259 m\u0259suliyy\u0259t da\u015f\u0131y\u0131r, amma t\u0259k yox. G\u00fcrc\u00fcstan v\u0259 Ukraynan\u0131n NATO-da olmas\u0131n\u0131 ist\u0259y\u0259nl\u0259rin m\u0259suliyy\u0259tsiz fikirl\u0259rini siz\u0259 xat\u0131rlatmaq ist\u0259rdim.<\/p>\n<p>Sual: Hesab edirsiz ki, bu \u00f6lk\u0259l\u0259r \u201cBrejnev doktrinas\u0131na\u201d g\u00f6r\u0259 m\u0259hdud suverenliy\u0259 sahib olmal\u0131d\u0131?<\/p>\n<p>Fransua Fiyon: Yox, biz etiraf etm\u0259liyik ki, Ukrayna v\u0259 G\u00fcrc\u00fcstan A\u0130 v\u0259 NATO-ya daxil olma\u011fa haz\u0131r deyil. AB\u015e-a [h\u0259m\u00e7inin] \u00f6z s\u0259rh\u0259dl\u0259rind\u0259 aqressiv d\u00f6vl\u0259tl\u0259r laz\u0131m deyil. Hesab edir\u0259m ki, biz \u00e7ox s\u0259hvl\u0259r buraxm\u0131\u015f\u0131q v\u0259 m\u00fc\u015fahid\u0259l\u0259rim\u0259 g\u00f6r\u0259 Rusiya uzaqla\u015f\u0131r. Biz Rusiyan\u0131 daha m\u0259ntiqli m\u00f6vqey\u0259 g\u0259tir\u0259 bil\u0259rikmi? Bilmir\u0259m. Amma biz buna m\u00fctl\u0259q c\u0259hd etm\u0259liyik\u201d.<\/p>\n<p>Rusiya K\u0130V-l\u0259rinin bir qisminin yozumuna g\u00f6r\u0259, Fransua Fiyon bildirib ki, Ukrayna v\u0259 G\u00fcrc\u00fcstan A\u0130 v\u0259 NATO-ya daxil olma\u011fa yaram\u0131r.<\/p>\n","protected":false},"excerpt":{"rendered":"<p>Fransa prezidentliyin\u0259 namiz\u0259d Le Monde-a m\u00fcsahib\u0259sind\u0259 Moskva il\u0259 m\u00fcnasib\u0259tl\u0259rd\u0259n dan\u0131\u015fark\u0259n bildirib<\/p>\n","protected":false},"author":5,"featured_media":19416,"comment_status":"open","ping_status":"open","sticky":false,"template":"","format":"standard","meta":{"_acf_changed":false,"footnotes":""},"categories":[8,2,50],"tags":[157],"formation":[],"post-author":[],"topic":[],"tooltip":[],"city":[],"class_list":["post-4535","post","type-post","status-publish","format-standard","has-post-thumbnail","hentry","category-dunyada-bas-vernlr","category-cografiya","category-xbrlr","tag-xbrlr"],"acf":[],"yoast_head":"<!-- This site is optimized with the Yoast SEO plugin v24.1 - https:\/\/yoast.com\/wordpress\/plugins\/seo\/ -->\n<title>Fransua Fiyon: G\u00fcrc\u00fcstan v\u0259 Ukrayna A\u0130 v\u0259 NATO-ya daxil olma\u011fa haz\u0131r deyil - JAMnews<\/title>\n<meta name=\"robots\" content=\"index, follow, max-snippet:-1, max-image-preview:large, max-video-preview:-1\" \/>\n<link rel=\"canonical\" href=\"https:\/\/jam-news.net\/az\/fransua-fiyon-gurcustan-v\u0259-ukrayna-ai-v\u0259-nato-ya-daxil-olmaga-hazir-deyil\/\" \/>\n<meta property=\"og:locale\" content=\"az_AZ\" \/>\n<meta property=\"og:type\" content=\"article\" \/>\n<meta property=\"og:title\" content=\"Fransua Fiyon: G\u00fcrc\u00fcstan v\u0259 Ukrayna A\u0130 v\u0259 NATO-ya daxil olma\u011fa haz\u0131r deyil - JAMnews\" \/>\n<meta property=\"og:description\" content=\"Fransa prezidentliyin\u0259 namiz\u0259d Le Monde-a m\u00fcsahib\u0259sind\u0259 Moskva il\u0259 m\u00fcnasib\u0259tl\u0259rd\u0259n dan\u0131\u015fark\u0259n bildirib\" \/>\n<meta property=\"og:url\" content=\"https:\/\/jam-news.net\/az\/fransua-fiyon-gurcustan-v\u0259-ukrayna-ai-v\u0259-nato-ya-daxil-olmaga-hazir-deyil\/\" \/>\n<meta property=\"og:site_name\" content=\"Azerbaijani Jamnews\" \/>\n<meta property=\"article:publisher\" content=\"https:\/\/www.facebook.com\/JAMnewsInEnglish\/\" \/>\n<meta property=\"article:published_time\" content=\"2017-01-23T00:00:00+00:00\" \/>\n<meta property=\"article:modified_time\" content=\"2020-03-18T11:00:27+00:00\" \/>\n<meta property=\"og:image\" content=\"https:\/\/jam-news.net\/app\/uploads\/2020\/03\/fillon-1-scaled.jpg\" \/>\n\t<meta property=\"og:image:width\" content=\"2560\" \/>\n\t<meta property=\"og:image:height\" content=\"1280\" \/>\n\t<meta property=\"og:image:type\" content=\"image\/jpeg\" \/>\n<meta name=\"author\" content=\"Dimitri Avaliani | Tbilisi\" \/>\n<meta name=\"twitter:card\" content=\"summary_large_image\" \/>\n<meta name=\"twitter:creator\" content=\"@JAMnewsCaucasus\" \/>\n<meta name=\"twitter:site\" content=\"@JAMnewsCaucasus\" \/>\n<meta name=\"twitter:label1\" content=\"Written by\" \/>\n\t<meta name=\"twitter:data1\" content=\"Dimitri Avaliani | Tbilisi\" \/>\n\t<meta name=\"twitter:label2\" content=\"Est. reading time\" \/>\n\t<meta name=\"twitter:data2\" content=\"2 minutes\" \/>\n<script type=\"application\/ld+json\" class=\"yoast-schema-graph\">{\"@context\":\"https:\/\/schema.org\",\"@graph\":[{\"@type\":\"Article\",\"@id\":\"https:\/\/jam-news.net\/az\/fransua-fiyon-gurcustan-v%c9%99-ukrayna-ai-v%c9%99-nato-ya-daxil-olmaga-hazir-deyil\/#article\",\"isPartOf\":{\"@id\":\"https:\/\/jam-news.net\/az\/fransua-fiyon-gurcustan-v%c9%99-ukrayna-ai-v%c9%99-nato-ya-daxil-olmaga-hazir-deyil\/\"},\"author\":{\"name\":\"Dimitri Avaliani | Tbilisi\",\"@id\":\"https:\/\/jam-news.net\/az\/#\/schema\/person\/66fc1a02aa95952cbcc920064af74ae9\"},\"headline\":\"Fransua Fiyon: G\u00fcrc\u00fcstan v\u0259 Ukrayna A\u0130 v\u0259 NATO-ya daxil olma\u011fa haz\u0131r deyil\",\"datePublished\":\"2017-01-23T00:00:00+00:00\",\"dateModified\":\"2020-03-18T11:00:27+00:00\",\"mainEntityOfPage\":{\"@id\":\"https:\/\/jam-news.net\/az\/fransua-fiyon-gurcustan-v%c9%99-ukrayna-ai-v%c9%99-nato-ya-daxil-olmaga-hazir-deyil\/\"},\"wordCount\":326,\"commentCount\":0,\"publisher\":{\"@id\":\"https:\/\/jam-news.net\/az\/#organization\"},\"image\":{\"@id\":\"https:\/\/jam-news.net\/az\/fransua-fiyon-gurcustan-v%c9%99-ukrayna-ai-v%c9%99-nato-ya-daxil-olmaga-hazir-deyil\/#primaryimage\"},\"thumbnailUrl\":\"https:\/\/jam-news.net\/app\/uploads\/2020\/03\/fillon-1-scaled.jpg\",\"keywords\":[\"X\u0259b\u0259rl\u0259r\"],\"articleSection\":[\"From far and near\",\"Geography\",\"News\"],\"inLanguage\":\"az\"},{\"@type\":\"WebPage\",\"@id\":\"https:\/\/jam-news.net\/az\/fransua-fiyon-gurcustan-v%c9%99-ukrayna-ai-v%c9%99-nato-ya-daxil-olmaga-hazir-deyil\/\",\"url\":\"https:\/\/jam-news.net\/az\/fransua-fiyon-gurcustan-v%c9%99-ukrayna-ai-v%c9%99-nato-ya-daxil-olmaga-hazir-deyil\/\",\"name\":\"Fransua Fiyon: G\u00fcrc\u00fcstan v\u0259 Ukrayna A\u0130 v\u0259 NATO-ya daxil olma\u011fa haz\u0131r deyil - JAMnews\",\"isPartOf\":{\"@id\":\"https:\/\/jam-news.net\/az\/#website\"},\"primaryImageOfPage\":{\"@id\":\"https:\/\/jam-news.net\/az\/fransua-fiyon-gurcustan-v%c9%99-ukrayna-ai-v%c9%99-nato-ya-daxil-olmaga-hazir-deyil\/#primaryimage\"},\"image\":{\"@id\":\"https:\/\/jam-news.net\/az\/fransua-fiyon-gurcustan-v%c9%99-ukrayna-ai-v%c9%99-nato-ya-daxil-olmaga-hazir-deyil\/#primaryimage\"},\"thumbnailUrl\":\"https:\/\/jam-news.net\/app\/uploads\/2020\/03\/fillon-1-scaled.jpg\",\"datePublished\":\"2017-01-23T00:00:00+00:00\",\"dateModified\":\"2020-03-18T11:00:27+00:00\",\"breadcrumb\":{\"@id\":\"https:\/\/jam-news.net\/az\/fransua-fiyon-gurcustan-v%c9%99-ukrayna-ai-v%c9%99-nato-ya-daxil-olmaga-hazir-deyil\/#breadcrumb\"},\"inLanguage\":\"az\",\"potentialAction\":[{\"@type\":\"ReadAction\",\"target\":[\"https:\/\/jam-news.net\/az\/fransua-fiyon-gurcustan-v%c9%99-ukrayna-ai-v%c9%99-nato-ya-daxil-olmaga-hazir-deyil\/\"]}]},{\"@type\":\"ImageObject\",\"inLanguage\":\"az\",\"@id\":\"https:\/\/jam-news.net\/az\/fransua-fiyon-gurcustan-v%c9%99-ukrayna-ai-v%c9%99-nato-ya-daxil-olmaga-hazir-deyil\/#primaryimage\",\"url\":\"https:\/\/jam-news.net\/app\/uploads\/2020\/03\/fillon-1-scaled.jpg\",\"contentUrl\":\"https:\/\/jam-news.net\/app\/uploads\/2020\/03\/fillon-1-scaled.jpg\",\"width\":2560,\"height\":1280},{\"@type\":\"BreadcrumbList\",\"@id\":\"https:\/\/jam-news.net\/az\/fransua-fiyon-gurcustan-v%c9%99-ukrayna-ai-v%c9%99-nato-ya-daxil-olmaga-hazir-deyil\/#breadcrumb\",\"itemListElement\":[{\"@type\":\"ListItem\",\"position\":1,\"name\":\"Home\",\"item\":\"https:\/\/jam-news.net\/az\/\"},{\"@type\":\"ListItem\",\"position\":2,\"name\":\"Fransua Fiyon: G\u00fcrc\u00fcstan v\u0259 Ukrayna A\u0130 v\u0259 NATO-ya daxil olma\u011fa haz\u0131r deyil\"}]},{\"@type\":\"WebSite\",\"@id\":\"https:\/\/jam-news.net\/az\/#website\",\"url\":\"https:\/\/jam-news.net\/az\/\",\"name\":\"Azerbaijani Jamnews\",\"description\":\"Caucasus News, Politics and Society\",\"publisher\":{\"@id\":\"https:\/\/jam-news.net\/az\/#organization\"},\"potentialAction\":[{\"@type\":\"SearchAction\",\"target\":{\"@type\":\"EntryPoint\",\"urlTemplate\":\"https:\/\/jam-news.net\/az\/?s={search_term_string}\"},\"query-input\":{\"@type\":\"PropertyValueSpecification\",\"valueRequired\":true,\"valueName\":\"search_term_string\"}}],\"inLanguage\":\"az\"},{\"@type\":\"Organization\",\"@id\":\"https:\/\/jam-news.net\/az\/#organization\",\"name\":\"JAMnews\",\"url\":\"https:\/\/jam-news.net\/az\/\",\"logo\":{\"@type\":\"ImageObject\",\"inLanguage\":\"az\",\"@id\":\"https:\/\/jam-news.net\/az\/#\/schema\/logo\/image\/\",\"url\":\"https:\/\/jam-news.net\/app\/uploads\/2020\/05\/JAM_w.jpg\",\"contentUrl\":\"https:\/\/jam-news.net\/app\/uploads\/2020\/05\/JAM_w.jpg\",\"width\":960,\"height\":960,\"caption\":\"JAMnews\"},\"image\":{\"@id\":\"https:\/\/jam-news.net\/az\/#\/schema\/logo\/image\/\"},\"sameAs\":[\"https:\/\/www.facebook.com\/JAMnewsInEnglish\/\",\"https:\/\/x.com\/JAMnewsCaucasus\",\"https:\/\/www.instagram.com\/jam_news\/\",\"https:\/\/www.youtube.com\/channel\/UCXQbUCme2pykuZYXWHx4VPg\"]},{\"@type\":\"Person\",\"@id\":\"https:\/\/jam-news.net\/az\/#\/schema\/person\/66fc1a02aa95952cbcc920064af74ae9\",\"name\":\"Dimitri Avaliani | Tbilisi\",\"image\":{\"@type\":\"ImageObject\",\"inLanguage\":\"az\",\"@id\":\"https:\/\/jam-news.net\/az\/#\/schema\/person\/image\/\",\"url\":\"https:\/\/secure.gravatar.com\/avatar\/f0cbcd87d83c22441b428238967d980a?s=96&d=mm&r=g\",\"contentUrl\":\"https:\/\/secure.gravatar.com\/avatar\/f0cbcd87d83c22441b428238967d980a?s=96&d=mm&r=g\",\"caption\":\"Dimitri Avaliani | Tbilisi\"},\"url\":\"https:\/\/jam-news.net\/az\/author\/dimaav\/\"}]}<\/script>\n<!-- \/ Yoast SEO plugin. -->","yoast_head_json":{"title":"Fransua Fiyon: G\u00fcrc\u00fcstan v\u0259 Ukrayna A\u0130 v\u0259 NATO-ya daxil olma\u011fa haz\u0131r deyil - JAMnews","robots":{"index":"index","follow":"follow","max-snippet":"max-snippet:-1","max-image-preview":"max-image-preview:large","max-video-preview":"max-video-preview:-1"},"canonical":"https:\/\/jam-news.net\/az\/fransua-fiyon-gurcustan-v\u0259-ukrayna-ai-v\u0259-nato-ya-daxil-olmaga-hazir-deyil\/","og_locale":"az_AZ","og_type":"article","og_title":"Fransua Fiyon: G\u00fcrc\u00fcstan v\u0259 Ukrayna A\u0130 v\u0259 NATO-ya daxil olma\u011fa haz\u0131r deyil - JAMnews","og_description":"Fransa prezidentliyin\u0259 namiz\u0259d Le Monde-a m\u00fcsahib\u0259sind\u0259 Moskva il\u0259 m\u00fcnasib\u0259tl\u0259rd\u0259n dan\u0131\u015fark\u0259n bildirib","og_url":"https:\/\/jam-news.net\/az\/fransua-fiyon-gurcustan-v\u0259-ukrayna-ai-v\u0259-nato-ya-daxil-olmaga-hazir-deyil\/","og_site_name":"Azerbaijani Jamnews","article_publisher":"https:\/\/www.facebook.com\/JAMnewsInEnglish\/","article_published_time":"2017-01-23T00:00:00+00:00","article_modified_time":"2020-03-18T11:00:27+00:00","og_image":[{"width":2560,"height":1280,"url":"https:\/\/jam-news.net\/app\/uploads\/2020\/03\/fillon-1-scaled.jpg","type":"image\/jpeg"}],"author":"Dimitri Avaliani | Tbilisi","twitter_card":"summary_large_image","twitter_creator":"@JAMnewsCaucasus","twitter_site":"@JAMnewsCaucasus","twitter_misc":{"Written by":"Dimitri Avaliani | Tbilisi","Est. reading time":"2 minutes"},"schema":{"@context":"https:\/\/schema.org","@graph":[{"@type":"Article","@id":"https:\/\/jam-news.net\/az\/fransua-fiyon-gurcustan-v%c9%99-ukrayna-ai-v%c9%99-nato-ya-daxil-olmaga-hazir-deyil\/#article","isPartOf":{"@id":"https:\/\/jam-news.net\/az\/fransua-fiyon-gurcustan-v%c9%99-ukrayna-ai-v%c9%99-nato-ya-daxil-olmaga-hazir-deyil\/"},"author":{"name":"Dimitri Avaliani | Tbilisi","@id":"https:\/\/jam-news.net\/az\/#\/schema\/person\/66fc1a02aa95952cbcc920064af74ae9"},"headline":"Fransua Fiyon: G\u00fcrc\u00fcstan v\u0259 Ukrayna A\u0130 v\u0259 NATO-ya daxil olma\u011fa haz\u0131r deyil","datePublished":"2017-01-23T00:00:00+00:00","dateModified":"2020-03-18T11:00:27+00:00","mainEntityOfPage":{"@id":"https:\/\/jam-news.net\/az\/fransua-fiyon-gurcustan-v%c9%99-ukrayna-ai-v%c9%99-nato-ya-daxil-olmaga-hazir-deyil\/"},"wordCount":326,"commentCount":0,"publisher":{"@id":"https:\/\/jam-news.net\/az\/#organization"},"image":{"@id":"https:\/\/jam-news.net\/az\/fransua-fiyon-gurcustan-v%c9%99-ukrayna-ai-v%c9%99-nato-ya-daxil-olmaga-hazir-deyil\/#primaryimage"},"thumbnailUrl":"https:\/\/jam-news.net\/app\/uploads\/2020\/03\/fillon-1-scaled.jpg","keywords":["X\u0259b\u0259rl\u0259r"],"articleSection":["From far and near","Geography","News"],"inLanguage":"az"},{"@type":"WebPage","@id":"https:\/\/jam-news.net\/az\/fransua-fiyon-gurcustan-v%c9%99-ukrayna-ai-v%c9%99-nato-ya-daxil-olmaga-hazir-deyil\/","url":"https:\/\/jam-news.net\/az\/fransua-fiyon-gurcustan-v%c9%99-ukrayna-ai-v%c9%99-nato-ya-daxil-olmaga-hazir-deyil\/","name":"Fransua Fiyon: G\u00fcrc\u00fcstan v\u0259 Ukrayna A\u0130 v\u0259 NATO-ya daxil olma\u011fa haz\u0131r deyil - JAMnews","isPartOf":{"@id":"https:\/\/jam-news.net\/az\/#website"},"primaryImageOfPage":{"@id":"https:\/\/jam-news.net\/az\/fransua-fiyon-gurcustan-v%c9%99-ukrayna-ai-v%c9%99-nato-ya-daxil-olmaga-hazir-deyil\/#primaryimage"},"image":{"@id":"https:\/\/jam-news.net\/az\/fransua-fiyon-gurcustan-v%c9%99-ukrayna-ai-v%c9%99-nato-ya-daxil-olmaga-hazir-deyil\/#primaryimage"},"thumbnailUrl":"https:\/\/jam-news.net\/app\/uploads\/2020\/03\/fillon-1-scaled.jpg","datePublished":"2017-01-23T00:00:00+00:00","dateModified":"2020-03-18T11:00:27+00:00","breadcrumb":{"@id":"https:\/\/jam-news.net\/az\/fransua-fiyon-gurcustan-v%c9%99-ukrayna-ai-v%c9%99-nato-ya-daxil-olmaga-hazir-deyil\/#breadcrumb"},"inLanguage":"az","potentialAction":[{"@type":"ReadAction","target":["https:\/\/jam-news.net\/az\/fransua-fiyon-gurcustan-v%c9%99-ukrayna-ai-v%c9%99-nato-ya-daxil-olmaga-hazir-deyil\/"]}]},{"@type":"ImageObject","inLanguage":"az","@id":"https:\/\/jam-news.net\/az\/fransua-fiyon-gurcustan-v%c9%99-ukrayna-ai-v%c9%99-nato-ya-daxil-olmaga-hazir-deyil\/#primaryimage","url":"https:\/\/jam-news.net\/app\/uploads\/2020\/03\/fillon-1-scaled.jpg","contentUrl":"https:\/\/jam-news.net\/app\/uploads\/2020\/03\/fillon-1-scaled.jpg","width":2560,"height":1280},{"@type":"BreadcrumbList","@id":"https:\/\/jam-news.net\/az\/fransua-fiyon-gurcustan-v%c9%99-ukrayna-ai-v%c9%99-nato-ya-daxil-olmaga-hazir-deyil\/#breadcrumb","itemListElement":[{"@type":"ListItem","position":1,"name":"Home","item":"https:\/\/jam-news.net\/az\/"},{"@type":"ListItem","position":2,"name":"Fransua Fiyon: G\u00fcrc\u00fcstan v\u0259 Ukrayna A\u0130 v\u0259 NATO-ya daxil olma\u011fa haz\u0131r deyil"}]},{"@type":"WebSite","@id":"https:\/\/jam-news.net\/az\/#website","url":"https:\/\/jam-news.net\/az\/","name":"Azerbaijani Jamnews","description":"Caucasus News, Politics and Society","publisher":{"@id":"https:\/\/jam-news.net\/az\/#organization"},"potentialAction":[{"@type":"SearchAction","target":{"@type":"EntryPoint","urlTemplate":"https:\/\/jam-news.net\/az\/?s={search_term_string}"},"query-input":{"@type":"PropertyValueSpecification","valueRequired":true,"valueName":"search_term_string"}}],"inLanguage":"az"},{"@type":"Organization","@id":"https:\/\/jam-news.net\/az\/#organization","name":"JAMnews","url":"https:\/\/jam-news.net\/az\/","logo":{"@type":"ImageObject","inLanguage":"az","@id":"https:\/\/jam-news.net\/az\/#\/schema\/logo\/image\/","url":"https:\/\/jam-news.net\/app\/uploads\/2020\/05\/JAM_w.jpg","contentUrl":"https:\/\/jam-news.net\/app\/uploads\/2020\/05\/JAM_w.jpg","width":960,"height":960,"caption":"JAMnews"},"image":{"@id":"https:\/\/jam-news.net\/az\/#\/schema\/logo\/image\/"},"sameAs":["https:\/\/www.facebook.com\/JAMnewsInEnglish\/","https:\/\/x.com\/JAMnewsCaucasus","https:\/\/www.instagram.com\/jam_news\/","https:\/\/www.youtube.com\/channel\/UCXQbUCme2pykuZYXWHx4VPg"]},{"@type":"Person","@id":"https:\/\/jam-news.net\/az\/#\/schema\/person\/66fc1a02aa95952cbcc920064af74ae9","name":"Dimitri Avaliani | Tbilisi","image":{"@type":"ImageObject","inLanguage":"az","@id":"https:\/\/jam-news.net\/az\/#\/schema\/person\/image\/","url":"https:\/\/secure.gravatar.com\/avatar\/f0cbcd87d83c22441b428238967d980a?s=96&d=mm&r=g","contentUrl":"https:\/\/secure.gravatar.com\/avatar\/f0cbcd87d83c22441b428238967d980a?s=96&d=mm&r=g","caption":"Dimitri Avaliani | Tbilisi"},"url":"https:\/\/jam-news.net\/az\/author\/dimaav\/"}]}},"_links":{"self":[{"href":"https:\/\/jam-news.net\/az\/wp-json\/wp\/v2\/posts\/4535","targetHints":{"allow":["GET"]}}],"collection":[{"href":"https:\/\/jam-news.net\/az\/wp-json\/wp\/v2\/posts"}],"about":[{"href":"https:\/\/jam-news.net\/az\/wp-json\/wp\/v2\/types\/post"}],"author":[{"embeddable":true,"href":"https:\/\/jam-news.net\/az\/wp-json\/wp\/v2\/users\/5"}],"replies":[{"embeddable":true,"href":"https:\/\/jam-news.net\/az\/wp-json\/wp\/v2\/comments?post=4535"}],"version-history":[{"count":1,"href":"https:\/\/jam-news.net\/az\/wp-json\/wp\/v2\/posts\/4535\/revisions"}],"predecessor-version":[{"id":17814,"href":"https:\/\/jam-news.net\/az\/wp-json\/wp\/v2\/posts\/4535\/revisions\/17814"}],"wp:featuredmedia":[{"embeddable":true,"href":"https:\/\/jam-news.net\/az\/wp-json\/wp\/v2\/media\/19416"}],"wp:attachment":[{"href":"https:\/\/jam-news.net\/az\/wp-json\/wp\/v2\/media?parent=4535"}],"wp:term":[{"taxonomy":"category","embeddable":true,"href":"https:\/\/jam-news.net\/az\/wp-json\/wp\/v2\/categories?post=4535"},{"taxonomy":"post_tag","embeddable":true,"href":"https:\/\/jam-news.net\/az\/wp-json\/wp\/v2\/tags?post=4535"},{"taxonomy":"formation","embeddable":true,"href":"https:\/\/jam-news.net\/az\/wp-json\/wp\/v2\/formation?post=4535"},{"taxonomy":"post-author","embeddable":true,"href":"https:\/\/jam-news.net\/az\/wp-json\/wp\/v2\/post-author?post=4535"},{"taxonomy":"topic","embeddable":true,"href":"https:\/\/jam-news.net\/az\/wp-json\/wp\/v2\/topic?post=4535"},{"taxonomy":"tooltip","embeddable":true,"href":"https:\/\/jam-news.net\/az\/wp-json\/wp\/v2\/tooltip?post=4535"},{"taxonomy":"city","embeddable":true,"href":"https:\/\/jam-news.net\/az\/wp-json\/wp\/v2\/city?post=4535"}],"curies":[{"name":"wp","href":"https:\/\/api.w.org\/{rel}","templated":true}]}}