{"id":45129,"date":"2021-04-02T14:48:52","date_gmt":"2021-04-02T10:48:52","guid":{"rendered":"https:\/\/jam-news.net\/az\/?p=45129"},"modified":"2022-01-18T00:27:09","modified_gmt":"2022-01-17T20:27:09","slug":"susaya-atilan-isg%c9%99nd%c9%99rin-qaliqlari-bakida-numayis-olunub-foto","status":"publish","type":"post","link":"https:\/\/jam-news.net\/az\/susaya-atilan-isg%c9%99nd%c9%99rin-qaliqlari-bakida-numayis-olunub-foto\/","title":{"rendered":"\u015eu\u015faya at\u0131lan \u201c\u0130sg\u0259nd\u0259r\u201din qal\u0131qlar\u0131 Bak\u0131da n\u00fcmayi\u015f olunub &#8211; FOTO"},"content":{"rendered":"\n<p>\u0130kinci Qaraba\u011f m\u00fcharib\u0259si zaman\u0131 \u015eu\u015fa \u015f\u0259h\u0259rin\u0259 at\u0131lan \u201c\u0130sg\u0259nd\u0259r\u201d raketl\u0259rinin qal\u0131qlar\u0131 Bak\u0131da n\u00fcmayi\u015f olunub. Raket tam partlay\u0131b, amma h\u0259l\u0259lik m\u0259lum deyil ki, Erm\u0259nistan\u0131n hans\u0131 hiss\u0259sind\u0259n at\u0131l\u0131b. Az\u0259rbaycan c\u0259miyy\u0259tind\u0259 raket haqdainformasiyan\u0131n m\u0259qs\u0259d\u0259uy\u011fun olmas\u0131 haqda r\u0259yl\u0259r ziddiyy\u0259tlidir.<\/p>\n\n\n\n<hr class=\"wp-block-separator is-style-wide\"\/>\n\n\n\n<ul class=\"wp-block-list\"><li><strong><a rel=\"noreferrer noopener\" href=\"https:\/\/jam-news.net\/az\/dagliq-qarabag-munaqis%C9%99si-oz-h%C9%99llini-tapib-ilham-%C9%99liyev\/\" target=\"_blank\">\u201cDa\u011fl\u0131q Qaraba\u011f m\u00fcnaqi\u015f\u0259si \u00f6z h\u0259llini tap\u0131b\u201d \u2013 \u0130lham \u018fliyev<\/a><\/strong><\/li><li><strong><a href=\"https:\/\/jam-news.net\/az\/ikinci-qarabag-muharib%c9%99si-razilasdirilmisdi-bakidan-s%c9%99rh\/\" target=\"_blank\" rel=\"noreferrer noopener\">\u0130kinci Qaraba\u011f m\u00fcharib\u0259si \u201craz\u0131la\u015fd\u0131r\u0131lm\u0131\u015fd\u0131\u201d? \u2013 Bak\u0131dan \u015f\u0259rh<\/a><\/strong><\/li><\/ul>\n\n\n\n<hr class=\"wp-block-separator is-style-wide\"\/>\n\n\n\n<p>\u0130kinci Qaraba\u011f m\u00fcharib\u0259si zaman\u0131 \u015eu\u015fa \u015f\u0259h\u0259rin\u0259 at\u0131lan \u201c\u0130sg\u0259nd\u0259r\u201d raketinin qal\u0131qlar\u0131 Bak\u0131 m\u00fc\u0259ssis\u0259l\u0259rinin birinin \u0259razisind\u0259 n\u00fcmayi\u015f olunub.<\/p>\n\n\n\n<figure class=\"wp-block-image size-large is-style-medium-width-image\"><img loading=\"lazy\" decoding=\"async\" width=\"1024\" height=\"767\" src=\"https:\/\/jam-news.net\/app\/uploads\/2021\/04\/isk3-1024x767.jpg\" alt=\"\" class=\"wp-image-45122\" srcset=\"https:\/\/jam-news.net\/app\/uploads\/2021\/04\/isk3-1024x767.jpg 1024w, https:\/\/jam-news.net\/app\/uploads\/2021\/04\/isk3-300x225.jpg 300w, https:\/\/jam-news.net\/app\/uploads\/2021\/04\/isk3-768x575.jpg 768w, https:\/\/jam-news.net\/app\/uploads\/2021\/04\/isk3.jpg 1500w\" sizes=\"auto, (max-width: 1024px) 100vw, 1024px\" \/><\/figure>\n\n\n\n<h2 class=\"wp-block-heading\"><strong>N\u0259 ba\u015f verib?<\/strong><\/h2>\n\n\n\n<p>2021-ci il mart\u0131n 31-d\u0259 Az\u0259rbaycan \u018frazisinin Minalardan T\u0259miz\u0259nm\u0259si Agentliyind\u0259n (ANAMA) anonim m\u0259nb\u0259 <a href=\"https:\/\/caliber.az\/post\/srocno-armeniya-vse-ze-ispolzovala-protiv-azerbaidzana-rakety-iskander-foto-3723\" target=\"_blank\" rel=\"noreferrer noopener\">bildirib<\/a> ki, \u015eu\u015fada \u201c\u0130sg\u0259nd\u0259r\u201d raketinin qal\u0131qlar\u0131 a\u015fkarlan\u0131b. Qal\u0131qlar \u00fcz\u0259rind\u0259ki seriya n\u00f6mr\u0259si Rusiyada istehsal olunan bu kateqoriyaya aid raketl\u0259rin m\u0259lumatlar\u0131na uy\u011fun g\u0259lib.<\/p>\n\n\n\n<figure class=\"wp-block-image size-large is-style-medium-width-image\"><img loading=\"lazy\" decoding=\"async\" width=\"1024\" height=\"538\" src=\"https:\/\/jam-news.net\/app\/uploads\/2021\/04\/57A2CE60-8343-480F-B84E-65382A480540-1024x538.jpg\" alt=\"\" class=\"wp-image-45123\" srcset=\"https:\/\/jam-news.net\/app\/uploads\/2021\/04\/57A2CE60-8343-480F-B84E-65382A480540-1024x538.jpg 1024w, https:\/\/jam-news.net\/app\/uploads\/2021\/04\/57A2CE60-8343-480F-B84E-65382A480540-300x158.jpg 300w, https:\/\/jam-news.net\/app\/uploads\/2021\/04\/57A2CE60-8343-480F-B84E-65382A480540-768x403.jpg 768w, https:\/\/jam-news.net\/app\/uploads\/2021\/04\/57A2CE60-8343-480F-B84E-65382A480540.jpg 1200w\" sizes=\"auto, (max-width: 1024px) 100vw, 1024px\" \/><\/figure>\n\n\n\n<p>H\u0259m\u00e7inin a\u015fkarlanan qal\u0131qlar\u0131n koordinatlar\u0131 da qeyd olunub:&nbsp;39\u00b045\u201938.10\u00abN 46\u00b044\u201933.90\u00bbE v\u0259 39\u00b045\u201927.80\u00abN 46\u00b045\u201925.80\u00bbE.<\/p>\n\n\n\n<h2 class=\"wp-block-heading\"><strong>Pa\u015finyan\u0131n b\u0259yanat\u0131 v\u0259 Moskvan\u0131n q\u0259z\u0259bli reaksiyas\u0131<\/strong><\/h2>\n\n\n\n<p>Erm\u0259nistan\u0131n eks-prezidenti Serj Sarqsyan m\u00fcsahib\u0259l\u0259rinin birind\u0259 sensasiyal\u0131 b\u0259yanat s\u0259sl\u0259ndirib v\u0259 deyib ki, ikinci Qaraba\u011f m\u00fcharib\u0259sinin son g\u00fcnl\u0259rind\u0259 Erm\u0259nistan \u201c\u0130sg\u0259nd\u0259r\u201d raketind\u0259n istifad\u0259 edib.<\/p>\n\n\n\n<p>Buna cavab olaraq Erm\u0259nistan\u0131n ba\u015f naziri Nikol Pa\u015finyan q\u0259rby\u00f6nl\u00fc yerli x\u0259b\u0259r saytlar\u0131ndan birinin efirind\u0259 Rusiyan\u0131n \u201c\u0130sg\u0259nd\u0259r\u201d raket kompleksl\u0259rinin eff\u00fcktivliyi il\u0259 ba\u011fl\u0131 \u015f\u00fcbh\u0259l\u0259rini s\u0259sl\u0259ndirib. O, <a href=\"https:\/\/jam-news.net\/az\/erm%c9%99nistanin-bas-naziri-rusiya-silahini-t%c9%99nqid-edib-moskva-onu-yalanciliqda-ittiham-edib\/\" target=\"_blank\" rel=\"noreferrer noopener\">bildirib<\/a> ki, raketl\u0259r \u201cya partlamay\u0131b, ya da ancaq on faiz partlay\u0131b\u201d.<\/p>\n\n\n\n<p>Rusiya D\u00f6vl\u0259t Dumas\u0131n\u0131n M\u00fcdafi\u0259 Komit\u0259sinin s\u0259dr m\u00fcavini Viktor Zavarin onun bu s\u00f6zl\u0259rin\u0259 reaksiya verib v\u0259 Erm\u0259nistan\u0131n ba\u015f nazirini yalan\u00e7\u0131l\u0131qda g\u00fcnahland\u0131r\u0131b.<\/p>\n\n\n\n<h2 class=\"wp-block-heading\"><strong>\u0130lham \u018fliyev \u201c\u0130sg\u0259nd\u0259r\u201d at\u0131lmas\u0131 haqda m\u0259lumat\u0131 t\u0259kzib edib<\/strong><\/h2>\n\n\n\n<p>2021-ci il fevral\u0131n 26-da ke\u00e7irdiyi b\u00f6y\u00fck m\u0259tbuat konfras\u0131nda Az\u0259rbaycan prezidenti \u0130lham \u018fliyev d\u0259 Erm\u0259nistan t\u0259r\u0259finin \u201c\u0130sg\u0259nd\u0259r\u201d raketi buraxmas\u0131 haqda m\u0259lumat\u0131 \u015f\u0259rh edib.<\/p>\n\n\n\n<p><em>\u201c<\/em><em>Erm\u0259nistan\u0131n ba\u015f nazirinin \u201c\u0130sg\u0259nd\u0259r\u201d raket kompleksi il\u0259 ba\u011fl\u0131 b\u0259yanatlar\u0131na g\u0259linc\u0259, bu, bizd\u0259 d\u0259 sual do\u011furdu. M\u0259n bu m\u00f6vzuda istehza il\u0259 dan\u0131\u015fmaq ist\u0259mir\u0259m, Rusiyan\u0131n r\u0259smi \u015f\u0259xsl\u0259ri, Rusiya parlamentinin \u00fczvl\u0259ri, ekspertl\u0259r aras\u0131nda da art\u0131q kifay\u0259t q\u0259d\u0259r \u015f\u0259rhl\u0259r olub ki, raketl\u0259rin 10 faizinin partlamas\u0131 \u00fc\u00e7\u00fcn \u0259lb\u0259tt\u0259, \u00e7ox \u00e7al\u0131\u015fmaq laz\u0131md\u0131r.<\/em><\/p>\n\n\n\n<p><em>Biz \u201c\u0130sg\u0259nd\u0259r\u201d raketl\u0259rinin burax\u0131lmas\u0131n\u0131 g\u00f6rm\u0259mi\u015fik. Buna g\u00f6r\u0259 d\u0259 bu b\u0259yanat d\u00fcn\u0259n bir daha s\u0259sl\u0259n\u0259nd\u0259, biz bir daha maraqland\u0131q. Amma yox. Biz bunu g\u00f6rm\u0259mi\u015fik\u201d, &#8211; <\/em>o <a href=\"https:\/\/azertag.az\/xeber\/1722043\" target=\"_blank\" rel=\"noreferrer noopener\">qeyd edib<\/a>.<\/p>\n\n\n\n<figure class=\"wp-block-image size-large is-style-medium-width-image\"><img loading=\"lazy\" decoding=\"async\" width=\"1024\" height=\"767\" src=\"https:\/\/jam-news.net\/app\/uploads\/2021\/04\/isk7-1024x767.jpg\" alt=\"\" class=\"wp-image-45124\" srcset=\"https:\/\/jam-news.net\/app\/uploads\/2021\/04\/isk7-1024x767.jpg 1024w, https:\/\/jam-news.net\/app\/uploads\/2021\/04\/isk7-300x225.jpg 300w, https:\/\/jam-news.net\/app\/uploads\/2021\/04\/isk7-768x575.jpg 768w, https:\/\/jam-news.net\/app\/uploads\/2021\/04\/isk7.jpg 1500w\" sizes=\"auto, (max-width: 1024px) 100vw, 1024px\" \/><\/figure>\n\n\n\n<h2 class=\"wp-block-heading\"><strong>Bak\u0131da ANAMA-n\u0131n b\u0259yanat\u0131 \u0259vv\u0259lc\u0259 anla\u015f\u0131lmay\u0131b<\/strong><\/h2>\n\n\n\n<p>ANAMA-dak\u0131 m\u0259nb\u0259nin \u015eu\u015fada \u201c\u0130sg\u0259nd\u0259r\u201d raketinin qal\u0131qlar\u0131n\u0131n a\u015fkarlanmas\u0131 haqda b\u0259yanat\u0131ndan sonra Az\u0259rbaycan\u0131n ke\u00e7mi\u015f xarici i\u015fl\u0259r naziri Tofiq Z\u00fclf\u00fcqarov bu b\u0259yan\u0131 \u015f\u0259rh edib.<\/p>\n\n\n\n<p><em>\u201c<\/em><em>Erm\u0259ni \u201c\u0130sg\u0259nd\u0259rl\u0259ri\u201d il\u0259 ba\u011fl\u0131 bo\u011faza y\u0131\u011f\u0131ld\u0131\u011f\u0131m\u0131z m\u00f6vzu davam edir&#8230; H\u0259l\u0259 \u00fc\u00e7 il \u0259vv\u0259l yaz\u0131rd\u0131m ki, Erm\u0259nistana bu raketl\u0259r \u00f6t\u00fcr\u00fclm\u0259yib. Sonra bu m\u00f6vzunun davam\u0131 olaraq bildirilirdi ki, \u201c\u0130sg\u0259nd\u0259r\u201d raketl\u0259ri guya ya partlamay\u0131b, ya da, \u00fcmumiyy\u0259tl\u0259, istifad\u0259 olunmay\u0131b&#8230; \u0130ndi is\u0259 bu m\u0259s\u0259l\u0259y\u0259 ANAMA-dan bir \u201canonim\u201d qo\u015fularaq, bu raketin d\u00fc\u015fd\u00fcy\u00fc v\u0259 h\u0259rbi \u0259m\u0259liyyatlar d\u00f6vr\u00fcnd\u0259 ordumuzun n\u0259zar\u0259tind\u0259 olmayan yerin koordinatlar\u0131n\u0131 a\u00e7\u0131qlay\u0131b.<\/em><\/p>\n\n\n\n<p><em>\u0130ndi Rusiya t\u0259r\u0259finin qar\u015f\u0131s\u0131nda h\u0259llolunmaz problem dayan\u0131r \u2013 onlar ya etiraf etm\u0259lidir ki, \u201c\u0130sg\u0259nd\u0259rl\u0259rin\u201d v\u0259 \u201cSU-30\u201d-lar\u0131n ixrac edilm\u0259si m\u0259s\u0259l\u0259si sad\u0259c\u0259 bizi qorxutmaq m\u0259qs\u0259di il\u0259 ortaya at\u0131lm\u0131\u015f t\u0259bli\u011fat xarakterli uydurma idi, ya da onlar Pa\u015finyan\u0131n \u201ckeyfiyy\u0259tsiz\u201d \u201c\u0130sg\u0259nd\u0259rl\u0259r\u201dv\u0259 raketsiz SU q\u0131r\u0131c\u0131lar\u0131 haqq\u0131nda versiyas\u0131n\u0131 t\u0259sdiql\u0259m\u0259lidirl\u0259r. Maraql\u0131d\u0131r, n\u0259y\u0259 g\u00f6r\u0259 bizim ANAMA maraqlar\u0131m\u0131za he\u00e7 bir aidiyyat\u0131 olmayan m\u00f6vzular\u0131n t\u0259bli\u011fat\u0131na qo\u015fulub?<\/em><\/p>\n\n\n\n<p><em>P.S. m\u0259lumunuz olsun ki, \u0259g\u0259r vacib \u015f\u0259rhi ad\u0131n\u0131n \u00e7\u0259kilm\u0259sini ist\u0259m\u0259y\u0259n \u201canonim\u201d verirs\u0259, d\u0259qiq deyir\u0259m ki, bu, h\u0259qiq\u0259t\u0259 uy\u011fun olmayan m\u0259lumatd\u0131r&#8230;<\/em>\u201d, &#8211; Z\u00fclf\u00fcqarov Facebook s\u0259hif\u0259sind\u0259 <a href=\"https:\/\/www.facebook.com\/tofig.zulfugarov\/posts\/1140194693164998\" target=\"_blank\" rel=\"noreferrer noopener\">yaz\u0131b<\/a>.<\/p>\n\n\n\n<h2 class=\"wp-block-heading\"><strong>Qeyri-ixrac modeli?<\/strong><\/h2>\n\n\n\n<p>Bak\u0131dan veril\u0259n ekspert r\u0259yin\u0259 g\u00f6r\u0259, a\u015fkarlanan qal\u0131qlar \u201c\u0130sg\u0259nd\u0259r E\u201d ixrac modelin\u0259 aid deyil. Ba\u015fqa s\u00f6zl\u0259, \u015eu\u015faya yaln\u0131z Rusiya ordusunun s\u0259r\u0259ncam\u0131nda olan \u201c\u0130sg\u0259nd\u0259r M\u201d raketi burax\u0131l\u0131b.<\/p>\n\n\n\n<p>Az\u0259rbaycan ordusunun istefada olan mayoru \u018fdal\u0259t Verdiyevin <a href=\"https:\/\/konkret.az\/azerbaycana-iskender-m-raketi-gumrudeki-bazadan-atilib-sok-detallar\/\" target=\"_blank\" rel=\"noreferrer noopener\">s\u00f6zl\u0259rin\u0259 g\u00f6r\u0259<\/a>, burada iki variant ola bil\u0259r: ya Rusiya Erm\u0259nistana raketin qeyri-ixrac modelini verib [ixrac modelind\u0259n q\u0259t etdiyi m\u0259saf\u0259 il\u0259 f\u0259rql\u0259nir\u2014 JAMnews], ya da raket Erm\u0259nistan\u0131n G\u00fcmri \u0259yal\u0259tind\u0259ki Rusiya h\u0259rbi bazas\u0131ndan burax\u0131l\u0131b.<\/p>\n\n\n\n<figure class=\"wp-block-image size-large is-style-medium-width-image\"><img loading=\"lazy\" decoding=\"async\" width=\"1024\" height=\"538\" src=\"https:\/\/jam-news.net\/app\/uploads\/2021\/04\/1941CB68-B5DD-4BD2-A371-21C9D7AD6FEF-1024x538.jpg\" alt=\"\" class=\"wp-image-45125\" srcset=\"https:\/\/jam-news.net\/app\/uploads\/2021\/04\/1941CB68-B5DD-4BD2-A371-21C9D7AD6FEF-1024x538.jpg 1024w, https:\/\/jam-news.net\/app\/uploads\/2021\/04\/1941CB68-B5DD-4BD2-A371-21C9D7AD6FEF-300x158.jpg 300w, https:\/\/jam-news.net\/app\/uploads\/2021\/04\/1941CB68-B5DD-4BD2-A371-21C9D7AD6FEF-768x403.jpg 768w, https:\/\/jam-news.net\/app\/uploads\/2021\/04\/1941CB68-B5DD-4BD2-A371-21C9D7AD6FEF.jpg 1200w\" sizes=\"auto, (max-width: 1024px) 100vw, 1024px\" \/><\/figure>\n\n\n\n<h2 class=\"wp-block-heading\"><strong>Raket haradan burax\u0131l\u0131b?<\/strong><\/h2>\n\n\n\n<p>\u201cBizd\u0259 haz\u0131rda bu bar\u0259d\u0259 m\u0259lumat yoxdur. Raketin hans\u0131 tarixd\u0259, hans\u0131 istiqam\u0259td\u0259n at\u0131ld\u0131\u011f\u0131 biz\u0259 m\u0259lum deyil.&nbsp;<\/p>\n\n\n\n<p>ANAMA humanitar t\u0259mizl\u0259nm\u0259 \u0259m\u0259liyyatlar\u0131n\u0131 h\u0259yata ke\u00e7irir. Biz \u015eu\u015fada bir-birind\u0259n 780 metr aral\u0131qda d\u00fc\u015f\u0259n raket qal\u0131qlar\u0131 a\u015fkar etmi\u015fik. Onlardan biri \u015eimal-\u015e\u0259rq istiqam\u0259tin\u0259, dig\u0259ri is\u0259 onun \u0259ks istiqam\u0259tind\u0259 a\u015fkarlan\u0131b\u201d, &#8211; ANAMA Operativ Q\u0259rargah r\u0259isi \u0130dris \u0130smay\u0131lov yerli K\u0130V-\u0259 m\u00fcsahib\u0259sind\u0259 <a href=\"https:\/\/oxu.az\/society\/480981\" target=\"_blank\" rel=\"noreferrer noopener\">bildirib<\/a>.<\/p>\n\n\n\n<h2 class=\"wp-block-heading\"><strong>\u201c\u0130sg\u0259nd\u0259r\u201d tam partlay\u0131b<\/strong><\/h2>\n\n\n\n<p>\u201cRaketl\u0259rin qal\u0131qlar\u0131 \u015eu\u015fada iki m\u00fcxt\u0259lif \u0259razid\u0259 apar\u0131lan \u0259m\u0259liyyat t\u0259dbirl\u0259ri n\u0259tic\u0259sind\u0259 a\u015fkar edilib. M\u00fct\u0259x\u0259ssisl\u0259r t\u0259r\u0259find\u0259n \u0259razid\u0259 raket qal\u0131qlar\u0131na bax\u0131\u015f zaman\u0131 onun \u201c9M723\u201d raketi aid&nbsp;olundu\u011fu m\u00fc\u0259yy\u0259n olunub, hans\u0131 ki, bu kod&nbsp;\u201c\u0130sk\u0259nd\u0259r\u201d\u0259&nbsp;m\u0259xsusdur. Raketin uzunlu\u011fu 7 metr 23 sm, diametri is\u0259 920 mm-dir\u201d.<\/p>\n\n\n\n<p>Onun s\u00f6zl\u0259rin\u0259 g\u00f6r\u0259, raketin d\u00fc\u015fd\u00fcy\u00fc \u0259razid\u0259 haz\u0131rda da ANAMA \u0259m\u0259kda\u015flar\u0131 t\u0259r\u0259find\u0259n ara\u015fd\u0131rmalar apar\u0131l\u0131r.<\/p>\n\n\n\n<p>\u201cRaket tam olaraq partlay\u0131b, onun i\u00e7\u0259risind\u0259 he\u00e7 bir partlay\u0131c\u0131 madd\u0259 yoxdur\u201d, &#8211; o <a href=\"https:\/\/oxu.az\/society\/480974\" target=\"_blank\" rel=\"noreferrer noopener\">qeyd edib<\/a>.<\/p>\n","protected":false},"excerpt":{"rendered":"<p>\u0130kinci Qaraba\u011f m\u00fcharib\u0259si zaman\u0131 \u015eu\u015fa \u015f\u0259h\u0259rin\u0259 at\u0131lan \u201c\u0130sg\u0259nd\u0259r\u201d raketinin qal\u0131qlar\u0131 Bak\u0131da n\u00fcmayi\u015f olunub. Raket tam partlay\u0131b<\/p>\n","protected":false},"author":3,"featured_media":45121,"comment_status":"closed","ping_status":"closed","sticky":false,"template":"","format":"standard","meta":{"_acf_changed":false,"footnotes":""},"categories":[27,17,9,4043,25,38,50,49,46,5,4,1],"tags":[18,43,33,5502,5558,5249],"formation":[4037],"post-author":[2888],"topic":[4951,4952,245,4954,40],"tooltip":[],"city":[6041],"class_list":["post-45129","post","type-post","status-publish","format-standard","has-post-thumbnail","hentry","category-ermnistan","category-azrbaycan","category-munaqislr","category-explainer","category-cmiyyt","category-qarabag","category-xbrlr","category-srh","category-fotohvalat","category-siyast","category-rusiya","category-uncategorized","tag-azrbaycan","tag-dagliq-qarabag","tag-ermnistan","tag-isgndr","tag-rusiyanin-isgndri","tag-susa","formation-photo","post-author-jamnews","topic-ermnistan","topic-azrbaycan","topic-azrbaycan-v-ermnistan","topic-qarabag","topic-qarabag-munaqissi","city-baki"],"acf":[],"yoast_head":"<!-- This site is optimized with the Yoast SEO plugin v24.1 - https:\/\/yoast.com\/wordpress\/plugins\/seo\/ -->\n<title>\u015eu\u015faya at\u0131lan \u201c\u0130sg\u0259nd\u0259r\u201din qal\u0131qlar\u0131 Bak\u0131da n\u00fcmayi\u015f olunub - FOTO - JAMnews<\/title>\n<meta name=\"description\" content=\"\u0130kinci Qaraba\u011f m\u00fcharib\u0259si zaman\u0131 \u015eu\u015fa \u015f\u0259h\u0259rin\u0259 at\u0131lan \u201c\u0130sg\u0259nd\u0259r\u201d raketinin qal\u0131qlar\u0131 Bak\u0131da n\u00fcmayi\u015f olunub. Raket tam partlay\u0131b\" \/>\n<meta name=\"robots\" content=\"index, follow, max-snippet:-1, max-image-preview:large, max-video-preview:-1\" \/>\n<link rel=\"canonical\" href=\"https:\/\/jam-news.net\/az\/susaya-atilan-isg\u0259nd\u0259rin-qaliqlari-bakida-numayis-olunub-foto\/\" \/>\n<meta property=\"og:locale\" content=\"az_AZ\" \/>\n<meta property=\"og:type\" content=\"article\" \/>\n<meta property=\"og:title\" content=\"\u015eu\u015faya at\u0131lan \u201c\u0130sg\u0259nd\u0259r\u201din qal\u0131qlar\u0131 Bak\u0131da n\u00fcmayi\u015f olunub - FOTO - JAMnews\" \/>\n<meta property=\"og:description\" content=\"\u0130kinci Qaraba\u011f m\u00fcharib\u0259si zaman\u0131 \u015eu\u015fa \u015f\u0259h\u0259rin\u0259 at\u0131lan \u201c\u0130sg\u0259nd\u0259r\u201d raketinin qal\u0131qlar\u0131 Bak\u0131da n\u00fcmayi\u015f olunub. Raket tam partlay\u0131b\" \/>\n<meta property=\"og:url\" content=\"https:\/\/jam-news.net\/az\/susaya-atilan-isg\u0259nd\u0259rin-qaliqlari-bakida-numayis-olunub-foto\/\" \/>\n<meta property=\"og:site_name\" content=\"Azerbaijani Jamnews\" \/>\n<meta property=\"article:publisher\" content=\"https:\/\/www.facebook.com\/JAMnewsInEnglish\/\" \/>\n<meta property=\"article:published_time\" content=\"2021-04-02T10:48:52+00:00\" \/>\n<meta property=\"article:modified_time\" content=\"2022-01-17T20:27:09+00:00\" \/>\n<meta property=\"og:image\" content=\"https:\/\/jam-news.net\/app\/uploads\/2021\/04\/isk1.jpg\" \/>\n\t<meta property=\"og:image:width\" content=\"1000\" \/>\n\t<meta property=\"og:image:height\" content=\"623\" \/>\n\t<meta property=\"og:image:type\" content=\"image\/jpeg\" \/>\n<meta name=\"author\" content=\"JAMnews\" \/>\n<meta name=\"twitter:card\" content=\"summary_large_image\" \/>\n<meta name=\"twitter:creator\" content=\"@JAMnewsCaucasus\" \/>\n<meta name=\"twitter:site\" content=\"@JAMnewsCaucasus\" \/>\n<meta name=\"twitter:label1\" content=\"Written by\" \/>\n\t<meta name=\"twitter:data1\" content=\"JAMnews\" \/>\n\t<meta name=\"twitter:label2\" content=\"Est. reading time\" \/>\n\t<meta name=\"twitter:data2\" content=\"6 minutes\" \/>\n<script type=\"application\/ld+json\" class=\"yoast-schema-graph\">{\"@context\":\"https:\/\/schema.org\",\"@graph\":[{\"@type\":\"Article\",\"@id\":\"https:\/\/jam-news.net\/az\/susaya-atilan-isg%c9%99nd%c9%99rin-qaliqlari-bakida-numayis-olunub-foto\/#article\",\"isPartOf\":{\"@id\":\"https:\/\/jam-news.net\/az\/susaya-atilan-isg%c9%99nd%c9%99rin-qaliqlari-bakida-numayis-olunub-foto\/\"},\"author\":{\"name\":\"JAMnews\",\"@id\":\"https:\/\/jam-news.net\/az\/#\/schema\/person\/67df3bb7adb46cd513fb9c4cb02361c6\"},\"headline\":\"\u015eu\u015faya at\u0131lan \u201c\u0130sg\u0259nd\u0259r\u201din qal\u0131qlar\u0131 Bak\u0131da n\u00fcmayi\u015f olunub &#8211; FOTO\",\"datePublished\":\"2021-04-02T10:48:52+00:00\",\"dateModified\":\"2022-01-17T20:27:09+00:00\",\"mainEntityOfPage\":{\"@id\":\"https:\/\/jam-news.net\/az\/susaya-atilan-isg%c9%99nd%c9%99rin-qaliqlari-bakida-numayis-olunub-foto\/\"},\"wordCount\":1144,\"publisher\":{\"@id\":\"https:\/\/jam-news.net\/az\/#organization\"},\"image\":{\"@id\":\"https:\/\/jam-news.net\/az\/susaya-atilan-isg%c9%99nd%c9%99rin-qaliqlari-bakida-numayis-olunub-foto\/#primaryimage\"},\"thumbnailUrl\":\"https:\/\/jam-news.net\/app\/uploads\/2021\/04\/isk1.jpg\",\"keywords\":[\"Az\u0259rbaycan\",\"Da\u011fl\u0131q Qaraba\u011f\",\"Erm\u0259nistan\",\"\u0130sg\u0259nd\u0259r\",\"Rusiyan\u0131n &quot;\u0130sg\u0259nd\u0259ri&quot;\",\"\u015eu\u015fa\"],\"articleSection\":[\"Armenia\",\"Azerbaijan\",\"Conflicts\",\"Explainer\",\"Issues\",\"Nagorno-Karabakh\",\"News\",\"Opinion\",\"Photo\",\"Politics\",\"Russia\",\"Uncategorized\"],\"inLanguage\":\"az\"},{\"@type\":\"WebPage\",\"@id\":\"https:\/\/jam-news.net\/az\/susaya-atilan-isg%c9%99nd%c9%99rin-qaliqlari-bakida-numayis-olunub-foto\/\",\"url\":\"https:\/\/jam-news.net\/az\/susaya-atilan-isg%c9%99nd%c9%99rin-qaliqlari-bakida-numayis-olunub-foto\/\",\"name\":\"\u015eu\u015faya at\u0131lan \u201c\u0130sg\u0259nd\u0259r\u201din qal\u0131qlar\u0131 Bak\u0131da n\u00fcmayi\u015f olunub - FOTO - JAMnews\",\"isPartOf\":{\"@id\":\"https:\/\/jam-news.net\/az\/#website\"},\"primaryImageOfPage\":{\"@id\":\"https:\/\/jam-news.net\/az\/susaya-atilan-isg%c9%99nd%c9%99rin-qaliqlari-bakida-numayis-olunub-foto\/#primaryimage\"},\"image\":{\"@id\":\"https:\/\/jam-news.net\/az\/susaya-atilan-isg%c9%99nd%c9%99rin-qaliqlari-bakida-numayis-olunub-foto\/#primaryimage\"},\"thumbnailUrl\":\"https:\/\/jam-news.net\/app\/uploads\/2021\/04\/isk1.jpg\",\"datePublished\":\"2021-04-02T10:48:52+00:00\",\"dateModified\":\"2022-01-17T20:27:09+00:00\",\"description\":\"\u0130kinci Qaraba\u011f m\u00fcharib\u0259si zaman\u0131 \u015eu\u015fa \u015f\u0259h\u0259rin\u0259 at\u0131lan \u201c\u0130sg\u0259nd\u0259r\u201d raketinin qal\u0131qlar\u0131 Bak\u0131da n\u00fcmayi\u015f olunub. Raket tam partlay\u0131b\",\"breadcrumb\":{\"@id\":\"https:\/\/jam-news.net\/az\/susaya-atilan-isg%c9%99nd%c9%99rin-qaliqlari-bakida-numayis-olunub-foto\/#breadcrumb\"},\"inLanguage\":\"az\",\"potentialAction\":[{\"@type\":\"ReadAction\",\"target\":[\"https:\/\/jam-news.net\/az\/susaya-atilan-isg%c9%99nd%c9%99rin-qaliqlari-bakida-numayis-olunub-foto\/\"]}]},{\"@type\":\"ImageObject\",\"inLanguage\":\"az\",\"@id\":\"https:\/\/jam-news.net\/az\/susaya-atilan-isg%c9%99nd%c9%99rin-qaliqlari-bakida-numayis-olunub-foto\/#primaryimage\",\"url\":\"https:\/\/jam-news.net\/app\/uploads\/2021\/04\/isk1.jpg\",\"contentUrl\":\"https:\/\/jam-news.net\/app\/uploads\/2021\/04\/isk1.jpg\",\"width\":1000,\"height\":623},{\"@type\":\"BreadcrumbList\",\"@id\":\"https:\/\/jam-news.net\/az\/susaya-atilan-isg%c9%99nd%c9%99rin-qaliqlari-bakida-numayis-olunub-foto\/#breadcrumb\",\"itemListElement\":[{\"@type\":\"ListItem\",\"position\":1,\"name\":\"Home\",\"item\":\"https:\/\/jam-news.net\/az\/\"},{\"@type\":\"ListItem\",\"position\":2,\"name\":\"\u015eu\u015faya at\u0131lan \u201c\u0130sg\u0259nd\u0259r\u201din qal\u0131qlar\u0131 Bak\u0131da n\u00fcmayi\u015f olunub &#8211; FOTO\"}]},{\"@type\":\"WebSite\",\"@id\":\"https:\/\/jam-news.net\/az\/#website\",\"url\":\"https:\/\/jam-news.net\/az\/\",\"name\":\"Azerbaijani Jamnews\",\"description\":\"Caucasus News, Politics and Society\",\"publisher\":{\"@id\":\"https:\/\/jam-news.net\/az\/#organization\"},\"potentialAction\":[{\"@type\":\"SearchAction\",\"target\":{\"@type\":\"EntryPoint\",\"urlTemplate\":\"https:\/\/jam-news.net\/az\/?s={search_term_string}\"},\"query-input\":{\"@type\":\"PropertyValueSpecification\",\"valueRequired\":true,\"valueName\":\"search_term_string\"}}],\"inLanguage\":\"az\"},{\"@type\":\"Organization\",\"@id\":\"https:\/\/jam-news.net\/az\/#organization\",\"name\":\"JAMnews\",\"url\":\"https:\/\/jam-news.net\/az\/\",\"logo\":{\"@type\":\"ImageObject\",\"inLanguage\":\"az\",\"@id\":\"https:\/\/jam-news.net\/az\/#\/schema\/logo\/image\/\",\"url\":\"https:\/\/jam-news.net\/app\/uploads\/2020\/05\/JAM_w.jpg\",\"contentUrl\":\"https:\/\/jam-news.net\/app\/uploads\/2020\/05\/JAM_w.jpg\",\"width\":960,\"height\":960,\"caption\":\"JAMnews\"},\"image\":{\"@id\":\"https:\/\/jam-news.net\/az\/#\/schema\/logo\/image\/\"},\"sameAs\":[\"https:\/\/www.facebook.com\/JAMnewsInEnglish\/\",\"https:\/\/x.com\/JAMnewsCaucasus\",\"https:\/\/www.instagram.com\/jam_news\/\",\"https:\/\/www.youtube.com\/channel\/UCXQbUCme2pykuZYXWHx4VPg\"]},{\"@type\":\"Person\",\"@id\":\"https:\/\/jam-news.net\/az\/#\/schema\/person\/67df3bb7adb46cd513fb9c4cb02361c6\",\"name\":\"JAMnews\",\"image\":{\"@type\":\"ImageObject\",\"inLanguage\":\"az\",\"@id\":\"https:\/\/jam-news.net\/az\/#\/schema\/person\/image\/\",\"url\":\"https:\/\/secure.gravatar.com\/avatar\/e5c27593ef900c3ab3deed4ed1c653d7?s=96&d=mm&r=g\",\"contentUrl\":\"https:\/\/secure.gravatar.com\/avatar\/e5c27593ef900c3ab3deed4ed1c653d7?s=96&d=mm&r=g\",\"caption\":\"JAMnews\"},\"url\":\"https:\/\/jam-news.net\/az\/author\/margarita\/\"}]}<\/script>\n<!-- \/ Yoast SEO plugin. -->","yoast_head_json":{"title":"\u015eu\u015faya at\u0131lan \u201c\u0130sg\u0259nd\u0259r\u201din qal\u0131qlar\u0131 Bak\u0131da n\u00fcmayi\u015f olunub - FOTO - JAMnews","description":"\u0130kinci Qaraba\u011f m\u00fcharib\u0259si zaman\u0131 \u015eu\u015fa \u015f\u0259h\u0259rin\u0259 at\u0131lan \u201c\u0130sg\u0259nd\u0259r\u201d raketinin qal\u0131qlar\u0131 Bak\u0131da n\u00fcmayi\u015f olunub. Raket tam partlay\u0131b","robots":{"index":"index","follow":"follow","max-snippet":"max-snippet:-1","max-image-preview":"max-image-preview:large","max-video-preview":"max-video-preview:-1"},"canonical":"https:\/\/jam-news.net\/az\/susaya-atilan-isg\u0259nd\u0259rin-qaliqlari-bakida-numayis-olunub-foto\/","og_locale":"az_AZ","og_type":"article","og_title":"\u015eu\u015faya at\u0131lan \u201c\u0130sg\u0259nd\u0259r\u201din qal\u0131qlar\u0131 Bak\u0131da n\u00fcmayi\u015f olunub - FOTO - JAMnews","og_description":"\u0130kinci Qaraba\u011f m\u00fcharib\u0259si zaman\u0131 \u015eu\u015fa \u015f\u0259h\u0259rin\u0259 at\u0131lan \u201c\u0130sg\u0259nd\u0259r\u201d raketinin qal\u0131qlar\u0131 Bak\u0131da n\u00fcmayi\u015f olunub. Raket tam partlay\u0131b","og_url":"https:\/\/jam-news.net\/az\/susaya-atilan-isg\u0259nd\u0259rin-qaliqlari-bakida-numayis-olunub-foto\/","og_site_name":"Azerbaijani Jamnews","article_publisher":"https:\/\/www.facebook.com\/JAMnewsInEnglish\/","article_published_time":"2021-04-02T10:48:52+00:00","article_modified_time":"2022-01-17T20:27:09+00:00","og_image":[{"width":1000,"height":623,"url":"https:\/\/jam-news.net\/app\/uploads\/2021\/04\/isk1.jpg","type":"image\/jpeg"}],"author":"JAMnews","twitter_card":"summary_large_image","twitter_creator":"@JAMnewsCaucasus","twitter_site":"@JAMnewsCaucasus","twitter_misc":{"Written by":"JAMnews","Est. reading time":"6 minutes"},"schema":{"@context":"https:\/\/schema.org","@graph":[{"@type":"Article","@id":"https:\/\/jam-news.net\/az\/susaya-atilan-isg%c9%99nd%c9%99rin-qaliqlari-bakida-numayis-olunub-foto\/#article","isPartOf":{"@id":"https:\/\/jam-news.net\/az\/susaya-atilan-isg%c9%99nd%c9%99rin-qaliqlari-bakida-numayis-olunub-foto\/"},"author":{"name":"JAMnews","@id":"https:\/\/jam-news.net\/az\/#\/schema\/person\/67df3bb7adb46cd513fb9c4cb02361c6"},"headline":"\u015eu\u015faya at\u0131lan \u201c\u0130sg\u0259nd\u0259r\u201din qal\u0131qlar\u0131 Bak\u0131da n\u00fcmayi\u015f olunub &#8211; FOTO","datePublished":"2021-04-02T10:48:52+00:00","dateModified":"2022-01-17T20:27:09+00:00","mainEntityOfPage":{"@id":"https:\/\/jam-news.net\/az\/susaya-atilan-isg%c9%99nd%c9%99rin-qaliqlari-bakida-numayis-olunub-foto\/"},"wordCount":1144,"publisher":{"@id":"https:\/\/jam-news.net\/az\/#organization"},"image":{"@id":"https:\/\/jam-news.net\/az\/susaya-atilan-isg%c9%99nd%c9%99rin-qaliqlari-bakida-numayis-olunub-foto\/#primaryimage"},"thumbnailUrl":"https:\/\/jam-news.net\/app\/uploads\/2021\/04\/isk1.jpg","keywords":["Az\u0259rbaycan","Da\u011fl\u0131q Qaraba\u011f","Erm\u0259nistan","\u0130sg\u0259nd\u0259r","Rusiyan\u0131n &quot;\u0130sg\u0259nd\u0259ri&quot;","\u015eu\u015fa"],"articleSection":["Armenia","Azerbaijan","Conflicts","Explainer","Issues","Nagorno-Karabakh","News","Opinion","Photo","Politics","Russia","Uncategorized"],"inLanguage":"az"},{"@type":"WebPage","@id":"https:\/\/jam-news.net\/az\/susaya-atilan-isg%c9%99nd%c9%99rin-qaliqlari-bakida-numayis-olunub-foto\/","url":"https:\/\/jam-news.net\/az\/susaya-atilan-isg%c9%99nd%c9%99rin-qaliqlari-bakida-numayis-olunub-foto\/","name":"\u015eu\u015faya at\u0131lan \u201c\u0130sg\u0259nd\u0259r\u201din qal\u0131qlar\u0131 Bak\u0131da n\u00fcmayi\u015f olunub - FOTO - JAMnews","isPartOf":{"@id":"https:\/\/jam-news.net\/az\/#website"},"primaryImageOfPage":{"@id":"https:\/\/jam-news.net\/az\/susaya-atilan-isg%c9%99nd%c9%99rin-qaliqlari-bakida-numayis-olunub-foto\/#primaryimage"},"image":{"@id":"https:\/\/jam-news.net\/az\/susaya-atilan-isg%c9%99nd%c9%99rin-qaliqlari-bakida-numayis-olunub-foto\/#primaryimage"},"thumbnailUrl":"https:\/\/jam-news.net\/app\/uploads\/2021\/04\/isk1.jpg","datePublished":"2021-04-02T10:48:52+00:00","dateModified":"2022-01-17T20:27:09+00:00","description":"\u0130kinci Qaraba\u011f m\u00fcharib\u0259si zaman\u0131 \u015eu\u015fa \u015f\u0259h\u0259rin\u0259 at\u0131lan \u201c\u0130sg\u0259nd\u0259r\u201d raketinin qal\u0131qlar\u0131 Bak\u0131da n\u00fcmayi\u015f olunub. Raket tam partlay\u0131b","breadcrumb":{"@id":"https:\/\/jam-news.net\/az\/susaya-atilan-isg%c9%99nd%c9%99rin-qaliqlari-bakida-numayis-olunub-foto\/#breadcrumb"},"inLanguage":"az","potentialAction":[{"@type":"ReadAction","target":["https:\/\/jam-news.net\/az\/susaya-atilan-isg%c9%99nd%c9%99rin-qaliqlari-bakida-numayis-olunub-foto\/"]}]},{"@type":"ImageObject","inLanguage":"az","@id":"https:\/\/jam-news.net\/az\/susaya-atilan-isg%c9%99nd%c9%99rin-qaliqlari-bakida-numayis-olunub-foto\/#primaryimage","url":"https:\/\/jam-news.net\/app\/uploads\/2021\/04\/isk1.jpg","contentUrl":"https:\/\/jam-news.net\/app\/uploads\/2021\/04\/isk1.jpg","width":1000,"height":623},{"@type":"BreadcrumbList","@id":"https:\/\/jam-news.net\/az\/susaya-atilan-isg%c9%99nd%c9%99rin-qaliqlari-bakida-numayis-olunub-foto\/#breadcrumb","itemListElement":[{"@type":"ListItem","position":1,"name":"Home","item":"https:\/\/jam-news.net\/az\/"},{"@type":"ListItem","position":2,"name":"\u015eu\u015faya at\u0131lan \u201c\u0130sg\u0259nd\u0259r\u201din qal\u0131qlar\u0131 Bak\u0131da n\u00fcmayi\u015f olunub &#8211; FOTO"}]},{"@type":"WebSite","@id":"https:\/\/jam-news.net\/az\/#website","url":"https:\/\/jam-news.net\/az\/","name":"Azerbaijani Jamnews","description":"Caucasus News, Politics and Society","publisher":{"@id":"https:\/\/jam-news.net\/az\/#organization"},"potentialAction":[{"@type":"SearchAction","target":{"@type":"EntryPoint","urlTemplate":"https:\/\/jam-news.net\/az\/?s={search_term_string}"},"query-input":{"@type":"PropertyValueSpecification","valueRequired":true,"valueName":"search_term_string"}}],"inLanguage":"az"},{"@type":"Organization","@id":"https:\/\/jam-news.net\/az\/#organization","name":"JAMnews","url":"https:\/\/jam-news.net\/az\/","logo":{"@type":"ImageObject","inLanguage":"az","@id":"https:\/\/jam-news.net\/az\/#\/schema\/logo\/image\/","url":"https:\/\/jam-news.net\/app\/uploads\/2020\/05\/JAM_w.jpg","contentUrl":"https:\/\/jam-news.net\/app\/uploads\/2020\/05\/JAM_w.jpg","width":960,"height":960,"caption":"JAMnews"},"image":{"@id":"https:\/\/jam-news.net\/az\/#\/schema\/logo\/image\/"},"sameAs":["https:\/\/www.facebook.com\/JAMnewsInEnglish\/","https:\/\/x.com\/JAMnewsCaucasus","https:\/\/www.instagram.com\/jam_news\/","https:\/\/www.youtube.com\/channel\/UCXQbUCme2pykuZYXWHx4VPg"]},{"@type":"Person","@id":"https:\/\/jam-news.net\/az\/#\/schema\/person\/67df3bb7adb46cd513fb9c4cb02361c6","name":"JAMnews","image":{"@type":"ImageObject","inLanguage":"az","@id":"https:\/\/jam-news.net\/az\/#\/schema\/person\/image\/","url":"https:\/\/secure.gravatar.com\/avatar\/e5c27593ef900c3ab3deed4ed1c653d7?s=96&d=mm&r=g","contentUrl":"https:\/\/secure.gravatar.com\/avatar\/e5c27593ef900c3ab3deed4ed1c653d7?s=96&d=mm&r=g","caption":"JAMnews"},"url":"https:\/\/jam-news.net\/az\/author\/margarita\/"}]}},"_links":{"self":[{"href":"https:\/\/jam-news.net\/az\/wp-json\/wp\/v2\/posts\/45129","targetHints":{"allow":["GET"]}}],"collection":[{"href":"https:\/\/jam-news.net\/az\/wp-json\/wp\/v2\/posts"}],"about":[{"href":"https:\/\/jam-news.net\/az\/wp-json\/wp\/v2\/types\/post"}],"author":[{"embeddable":true,"href":"https:\/\/jam-news.net\/az\/wp-json\/wp\/v2\/users\/3"}],"replies":[{"embeddable":true,"href":"https:\/\/jam-news.net\/az\/wp-json\/wp\/v2\/comments?post=45129"}],"version-history":[{"count":3,"href":"https:\/\/jam-news.net\/az\/wp-json\/wp\/v2\/posts\/45129\/revisions"}],"predecessor-version":[{"id":45167,"href":"https:\/\/jam-news.net\/az\/wp-json\/wp\/v2\/posts\/45129\/revisions\/45167"}],"wp:featuredmedia":[{"embeddable":true,"href":"https:\/\/jam-news.net\/az\/wp-json\/wp\/v2\/media\/45121"}],"wp:attachment":[{"href":"https:\/\/jam-news.net\/az\/wp-json\/wp\/v2\/media?parent=45129"}],"wp:term":[{"taxonomy":"category","embeddable":true,"href":"https:\/\/jam-news.net\/az\/wp-json\/wp\/v2\/categories?post=45129"},{"taxonomy":"post_tag","embeddable":true,"href":"https:\/\/jam-news.net\/az\/wp-json\/wp\/v2\/tags?post=45129"},{"taxonomy":"formation","embeddable":true,"href":"https:\/\/jam-news.net\/az\/wp-json\/wp\/v2\/formation?post=45129"},{"taxonomy":"post-author","embeddable":true,"href":"https:\/\/jam-news.net\/az\/wp-json\/wp\/v2\/post-author?post=45129"},{"taxonomy":"topic","embeddable":true,"href":"https:\/\/jam-news.net\/az\/wp-json\/wp\/v2\/topic?post=45129"},{"taxonomy":"tooltip","embeddable":true,"href":"https:\/\/jam-news.net\/az\/wp-json\/wp\/v2\/tooltip?post=45129"},{"taxonomy":"city","embeddable":true,"href":"https:\/\/jam-news.net\/az\/wp-json\/wp\/v2\/city?post=45129"}],"curies":[{"name":"wp","href":"https:\/\/api.w.org\/{rel}","templated":true}]}}