{"id":4498,"date":"2017-01-20T00:00:00","date_gmt":"2017-01-20T00:00:00","guid":{"rendered":"http:\/\/jam-news.net\/az\/german-politician-says-nato-must-be-scrapped\/"},"modified":"2020-03-18T10:59:39","modified_gmt":"2020-03-18T10:59:39","slug":"german-politician-says-nato-must-be-scrapped","status":"publish","type":"post","link":"https:\/\/jam-news.net\/az\/german-politician-says-nato-must-be-scrapped\/","title":{"rendered":"Alman siyas\u0259t\u00e7i: NATO-nu l\u0259\u011fv el\u0259m\u0259k laz\u0131md\u0131r"},"content":{"rendered":"<p>Almaniya Bundestaq\u0131nda Sol partiya fraksiyas\u0131n\u0131n s\u0259dri Sara Vaqenknext NATO-nun burax\u0131lmas\u0131n\u0131 v\u0259 Avropada Rusiyan\u0131n i\u015ftirak\u0131 il\u0259 yeni alyans\u0131n yarad\u0131lmas\u0131n\u0131 t\u0259klif edib.Bununla da alman siyas\u0259t\u00e7i \u015eimal-Atlantik Alyans\u0131n \u201ck\u00f6hn\u0259ldiyini\u201d dey\u0259n yeni se\u00e7ilmi\u015f AB\u015e prezidenti Donald Tramp\u0131n s\u0259sin\u0259 s\u0259s vermi\u015f olub. \u201cNATO-nu buraxmaq v\u0259 onu Rusiyan\u0131n da daxil olaca\u011f\u0131 kollektiv t\u0259hl\u00fck\u0259sizlik sistemil\u0259 \u0259v\u0259z etm\u0259k laz\u0131md\u0131r\u201d, &#8211; Vaqenknext b\u0259yan edib.<\/p>\n<p>\u201cAlman dal\u011fas\u0131\u201dn\u0131n x\u0259b\u0259r verdiyi kimi Vaqenknext h\u0259m\u00e7inin Almaniya h\u00f6kum\u0259tini \u201cyanl\u0131\u015flarda v\u0259 u\u011fursuzluqlarda\u201d g\u00fcnahland\u0131r\u0131b.Sol partiyas\u0131n\u0131n n\u00fcmay\u0259nd\u0259l\u0259ri zaman-zaman Almaniya h\u00f6kum\u0259tinin v\u0259 A\u0130-nin RF il\u0259 ba\u011fl\u0131 siyas\u0259tini t\u0259nqid edirl\u0259r. \u018fsas\u0259n d\u0259 Moskvaya qar\u015f\u0131 t\u0259tbiq edil\u0259n sanksiyalar\u0131n \u201ct\u0259hl\u00fck\u0259li\u201d oldu\u011funu bildirirl\u0259r.Almaniyan\u0131n Bild v\u0259 Britaniyan\u0131n The Times n\u0259\u015frl\u0259rin\u0259 yanvar\u0131n 15-d\u0259 verdiyi m\u00fcsahib\u0259sind\u0259 Tramp NATO-nu k\u00f6hn\u0259lmi\u015f qurum adland\u0131r\u0131b v\u0259 b\u0259yan edib ki, alyansa daxil olan \u0259ks\u0259r \u00f6lk\u0259l\u0259rin \u201c\u00f6d\u0259m\u0259li oldu\u011funu \u00f6d\u0259m\u0259m\u0259sini\u201d AB\u015e-a qar\u015f\u0131 \u0259dal\u0259tsizlik hesab edir. H\u0259r\u00e7\u0259nd, \u201cqalan m\u0259s\u0259l\u0259l\u0259rd\u0259 NATO m\u0259nim\u00e7\u00fcn \u00f6n\u0259mlidir\u201d, &#8211; yeni se\u00e7ilmi\u015f AB\u015e prezidenti \u00a0bildirib.<\/p>\n","protected":false},"excerpt":{"rendered":"<p>Sol\u00e7ular fraksiyas\u0131n\u0131n r\u0259hb\u0259ri Rusiya il\u0259 alyans t\u0259r\u0259fdar\u0131d\u0131r<\/p>\n","protected":false},"author":23,"featured_media":19387,"comment_status":"open","ping_status":"open","sticky":false,"template":"","format":"standard","meta":{"_acf_changed":false,"footnotes":""},"categories":[8,2,50],"tags":[59,160],"formation":[],"post-author":[],"topic":[],"tooltip":[],"city":[],"class_list":["post-4498","post","type-post","status-publish","format-standard","has-post-thumbnail","hentry","category-dunyada-bas-vernlr","category-cografiya","category-xbrlr","tag-almaniya","tag-donald-trump"],"acf":[],"yoast_head":"<!-- This site is optimized with the Yoast SEO plugin v24.1 - https:\/\/yoast.com\/wordpress\/plugins\/seo\/ -->\n<title>Alman siyas\u0259t\u00e7i: NATO-nu l\u0259\u011fv el\u0259m\u0259k laz\u0131md\u0131r - JAMnews<\/title>\n<meta name=\"robots\" content=\"index, follow, max-snippet:-1, max-image-preview:large, max-video-preview:-1\" \/>\n<link rel=\"canonical\" href=\"https:\/\/jam-news.net\/az\/german-politician-says-nato-must-be-scrapped\/\" \/>\n<meta property=\"og:locale\" content=\"az_AZ\" \/>\n<meta property=\"og:type\" content=\"article\" \/>\n<meta property=\"og:title\" content=\"Alman siyas\u0259t\u00e7i: NATO-nu l\u0259\u011fv el\u0259m\u0259k laz\u0131md\u0131r - JAMnews\" \/>\n<meta property=\"og:description\" content=\"Sol\u00e7ular fraksiyas\u0131n\u0131n r\u0259hb\u0259ri Rusiya il\u0259 alyans t\u0259r\u0259fdar\u0131d\u0131r\" \/>\n<meta property=\"og:url\" content=\"https:\/\/jam-news.net\/az\/german-politician-says-nato-must-be-scrapped\/\" \/>\n<meta property=\"og:site_name\" content=\"Azerbaijani Jamnews\" \/>\n<meta property=\"article:publisher\" content=\"https:\/\/www.facebook.com\/JAMnewsInEnglish\/\" \/>\n<meta property=\"article:published_time\" content=\"2017-01-20T00:00:00+00:00\" \/>\n<meta property=\"article:modified_time\" content=\"2020-03-18T10:59:39+00:00\" \/>\n<meta property=\"og:image\" content=\"https:\/\/jam-news.net\/app\/uploads\/2020\/03\/16128751_1499600150069800_1549462822_n.jpg\" \/>\n\t<meta property=\"og:image:width\" content=\"700\" \/>\n\t<meta property=\"og:image:height\" content=\"394\" \/>\n\t<meta property=\"og:image:type\" content=\"image\/jpeg\" \/>\n<meta name=\"author\" content=\"Maia Tsiklauri\" \/>\n<meta name=\"twitter:card\" content=\"summary_large_image\" \/>\n<meta name=\"twitter:creator\" content=\"@JAMnewsCaucasus\" \/>\n<meta name=\"twitter:site\" content=\"@JAMnewsCaucasus\" \/>\n<meta name=\"twitter:label1\" content=\"Written by\" \/>\n\t<meta name=\"twitter:data1\" content=\"Maia Tsiklauri\" \/>\n\t<meta name=\"twitter:label2\" content=\"Est. reading time\" \/>\n\t<meta name=\"twitter:data2\" content=\"1 minute\" \/>\n<script type=\"application\/ld+json\" class=\"yoast-schema-graph\">{\"@context\":\"https:\/\/schema.org\",\"@graph\":[{\"@type\":\"Article\",\"@id\":\"https:\/\/jam-news.net\/az\/german-politician-says-nato-must-be-scrapped\/#article\",\"isPartOf\":{\"@id\":\"https:\/\/jam-news.net\/az\/german-politician-says-nato-must-be-scrapped\/\"},\"author\":{\"name\":\"Maia Tsiklauri\",\"@id\":\"https:\/\/jam-news.net\/az\/#\/schema\/person\/d217bee52ce9c9f692a5996db2a66315\"},\"headline\":\"Alman siyas\u0259t\u00e7i: NATO-nu l\u0259\u011fv el\u0259m\u0259k laz\u0131md\u0131r\",\"datePublished\":\"2017-01-20T00:00:00+00:00\",\"dateModified\":\"2020-03-18T10:59:39+00:00\",\"mainEntityOfPage\":{\"@id\":\"https:\/\/jam-news.net\/az\/german-politician-says-nato-must-be-scrapped\/\"},\"wordCount\":251,\"commentCount\":0,\"publisher\":{\"@id\":\"https:\/\/jam-news.net\/az\/#organization\"},\"image\":{\"@id\":\"https:\/\/jam-news.net\/az\/german-politician-says-nato-must-be-scrapped\/#primaryimage\"},\"thumbnailUrl\":\"https:\/\/jam-news.net\/app\/uploads\/2020\/03\/16128751_1499600150069800_1549462822_n.jpg\",\"keywords\":[\"Almaniya\",\"Donald Trump\"],\"articleSection\":[\"From far and near\",\"Geography\",\"News\"],\"inLanguage\":\"az\"},{\"@type\":\"WebPage\",\"@id\":\"https:\/\/jam-news.net\/az\/german-politician-says-nato-must-be-scrapped\/\",\"url\":\"https:\/\/jam-news.net\/az\/german-politician-says-nato-must-be-scrapped\/\",\"name\":\"Alman siyas\u0259t\u00e7i: NATO-nu l\u0259\u011fv el\u0259m\u0259k laz\u0131md\u0131r - JAMnews\",\"isPartOf\":{\"@id\":\"https:\/\/jam-news.net\/az\/#website\"},\"primaryImageOfPage\":{\"@id\":\"https:\/\/jam-news.net\/az\/german-politician-says-nato-must-be-scrapped\/#primaryimage\"},\"image\":{\"@id\":\"https:\/\/jam-news.net\/az\/german-politician-says-nato-must-be-scrapped\/#primaryimage\"},\"thumbnailUrl\":\"https:\/\/jam-news.net\/app\/uploads\/2020\/03\/16128751_1499600150069800_1549462822_n.jpg\",\"datePublished\":\"2017-01-20T00:00:00+00:00\",\"dateModified\":\"2020-03-18T10:59:39+00:00\",\"breadcrumb\":{\"@id\":\"https:\/\/jam-news.net\/az\/german-politician-says-nato-must-be-scrapped\/#breadcrumb\"},\"inLanguage\":\"az\",\"potentialAction\":[{\"@type\":\"ReadAction\",\"target\":[\"https:\/\/jam-news.net\/az\/german-politician-says-nato-must-be-scrapped\/\"]}]},{\"@type\":\"ImageObject\",\"inLanguage\":\"az\",\"@id\":\"https:\/\/jam-news.net\/az\/german-politician-says-nato-must-be-scrapped\/#primaryimage\",\"url\":\"https:\/\/jam-news.net\/app\/uploads\/2020\/03\/16128751_1499600150069800_1549462822_n.jpg\",\"contentUrl\":\"https:\/\/jam-news.net\/app\/uploads\/2020\/03\/16128751_1499600150069800_1549462822_n.jpg\",\"width\":700,\"height\":394},{\"@type\":\"BreadcrumbList\",\"@id\":\"https:\/\/jam-news.net\/az\/german-politician-says-nato-must-be-scrapped\/#breadcrumb\",\"itemListElement\":[{\"@type\":\"ListItem\",\"position\":1,\"name\":\"Home\",\"item\":\"https:\/\/jam-news.net\/az\/\"},{\"@type\":\"ListItem\",\"position\":2,\"name\":\"Alman siyas\u0259t\u00e7i: NATO-nu l\u0259\u011fv el\u0259m\u0259k laz\u0131md\u0131r\"}]},{\"@type\":\"WebSite\",\"@id\":\"https:\/\/jam-news.net\/az\/#website\",\"url\":\"https:\/\/jam-news.net\/az\/\",\"name\":\"Azerbaijani Jamnews\",\"description\":\"Caucasus News, Politics and Society\",\"publisher\":{\"@id\":\"https:\/\/jam-news.net\/az\/#organization\"},\"potentialAction\":[{\"@type\":\"SearchAction\",\"target\":{\"@type\":\"EntryPoint\",\"urlTemplate\":\"https:\/\/jam-news.net\/az\/?s={search_term_string}\"},\"query-input\":{\"@type\":\"PropertyValueSpecification\",\"valueRequired\":true,\"valueName\":\"search_term_string\"}}],\"inLanguage\":\"az\"},{\"@type\":\"Organization\",\"@id\":\"https:\/\/jam-news.net\/az\/#organization\",\"name\":\"JAMnews\",\"url\":\"https:\/\/jam-news.net\/az\/\",\"logo\":{\"@type\":\"ImageObject\",\"inLanguage\":\"az\",\"@id\":\"https:\/\/jam-news.net\/az\/#\/schema\/logo\/image\/\",\"url\":\"https:\/\/jam-news.net\/app\/uploads\/2020\/05\/JAM_w.jpg\",\"contentUrl\":\"https:\/\/jam-news.net\/app\/uploads\/2020\/05\/JAM_w.jpg\",\"width\":960,\"height\":960,\"caption\":\"JAMnews\"},\"image\":{\"@id\":\"https:\/\/jam-news.net\/az\/#\/schema\/logo\/image\/\"},\"sameAs\":[\"https:\/\/www.facebook.com\/JAMnewsInEnglish\/\",\"https:\/\/x.com\/JAMnewsCaucasus\",\"https:\/\/www.instagram.com\/jam_news\/\",\"https:\/\/www.youtube.com\/channel\/UCXQbUCme2pykuZYXWHx4VPg\"]},{\"@type\":\"Person\",\"@id\":\"https:\/\/jam-news.net\/az\/#\/schema\/person\/d217bee52ce9c9f692a5996db2a66315\",\"name\":\"Maia Tsiklauri\",\"image\":{\"@type\":\"ImageObject\",\"inLanguage\":\"az\",\"@id\":\"https:\/\/jam-news.net\/az\/#\/schema\/person\/image\/\",\"url\":\"https:\/\/secure.gravatar.com\/avatar\/4faa21d44ae4a1aa17e2a63048119056?s=96&d=mm&r=g\",\"contentUrl\":\"https:\/\/secure.gravatar.com\/avatar\/4faa21d44ae4a1aa17e2a63048119056?s=96&d=mm&r=g\",\"caption\":\"Maia Tsiklauri\"},\"url\":\"https:\/\/jam-news.net\/az\/author\/maokitso\/\"}]}<\/script>\n<!-- \/ Yoast SEO plugin. -->","yoast_head_json":{"title":"Alman siyas\u0259t\u00e7i: NATO-nu l\u0259\u011fv el\u0259m\u0259k laz\u0131md\u0131r - JAMnews","robots":{"index":"index","follow":"follow","max-snippet":"max-snippet:-1","max-image-preview":"max-image-preview:large","max-video-preview":"max-video-preview:-1"},"canonical":"https:\/\/jam-news.net\/az\/german-politician-says-nato-must-be-scrapped\/","og_locale":"az_AZ","og_type":"article","og_title":"Alman siyas\u0259t\u00e7i: NATO-nu l\u0259\u011fv el\u0259m\u0259k laz\u0131md\u0131r - JAMnews","og_description":"Sol\u00e7ular fraksiyas\u0131n\u0131n r\u0259hb\u0259ri Rusiya il\u0259 alyans t\u0259r\u0259fdar\u0131d\u0131r","og_url":"https:\/\/jam-news.net\/az\/german-politician-says-nato-must-be-scrapped\/","og_site_name":"Azerbaijani Jamnews","article_publisher":"https:\/\/www.facebook.com\/JAMnewsInEnglish\/","article_published_time":"2017-01-20T00:00:00+00:00","article_modified_time":"2020-03-18T10:59:39+00:00","og_image":[{"width":700,"height":394,"url":"https:\/\/jam-news.net\/app\/uploads\/2020\/03\/16128751_1499600150069800_1549462822_n.jpg","type":"image\/jpeg"}],"author":"Maia Tsiklauri","twitter_card":"summary_large_image","twitter_creator":"@JAMnewsCaucasus","twitter_site":"@JAMnewsCaucasus","twitter_misc":{"Written by":"Maia Tsiklauri","Est. reading time":"1 minute"},"schema":{"@context":"https:\/\/schema.org","@graph":[{"@type":"Article","@id":"https:\/\/jam-news.net\/az\/german-politician-says-nato-must-be-scrapped\/#article","isPartOf":{"@id":"https:\/\/jam-news.net\/az\/german-politician-says-nato-must-be-scrapped\/"},"author":{"name":"Maia Tsiklauri","@id":"https:\/\/jam-news.net\/az\/#\/schema\/person\/d217bee52ce9c9f692a5996db2a66315"},"headline":"Alman siyas\u0259t\u00e7i: NATO-nu l\u0259\u011fv el\u0259m\u0259k laz\u0131md\u0131r","datePublished":"2017-01-20T00:00:00+00:00","dateModified":"2020-03-18T10:59:39+00:00","mainEntityOfPage":{"@id":"https:\/\/jam-news.net\/az\/german-politician-says-nato-must-be-scrapped\/"},"wordCount":251,"commentCount":0,"publisher":{"@id":"https:\/\/jam-news.net\/az\/#organization"},"image":{"@id":"https:\/\/jam-news.net\/az\/german-politician-says-nato-must-be-scrapped\/#primaryimage"},"thumbnailUrl":"https:\/\/jam-news.net\/app\/uploads\/2020\/03\/16128751_1499600150069800_1549462822_n.jpg","keywords":["Almaniya","Donald Trump"],"articleSection":["From far and near","Geography","News"],"inLanguage":"az"},{"@type":"WebPage","@id":"https:\/\/jam-news.net\/az\/german-politician-says-nato-must-be-scrapped\/","url":"https:\/\/jam-news.net\/az\/german-politician-says-nato-must-be-scrapped\/","name":"Alman siyas\u0259t\u00e7i: NATO-nu l\u0259\u011fv el\u0259m\u0259k laz\u0131md\u0131r - JAMnews","isPartOf":{"@id":"https:\/\/jam-news.net\/az\/#website"},"primaryImageOfPage":{"@id":"https:\/\/jam-news.net\/az\/german-politician-says-nato-must-be-scrapped\/#primaryimage"},"image":{"@id":"https:\/\/jam-news.net\/az\/german-politician-says-nato-must-be-scrapped\/#primaryimage"},"thumbnailUrl":"https:\/\/jam-news.net\/app\/uploads\/2020\/03\/16128751_1499600150069800_1549462822_n.jpg","datePublished":"2017-01-20T00:00:00+00:00","dateModified":"2020-03-18T10:59:39+00:00","breadcrumb":{"@id":"https:\/\/jam-news.net\/az\/german-politician-says-nato-must-be-scrapped\/#breadcrumb"},"inLanguage":"az","potentialAction":[{"@type":"ReadAction","target":["https:\/\/jam-news.net\/az\/german-politician-says-nato-must-be-scrapped\/"]}]},{"@type":"ImageObject","inLanguage":"az","@id":"https:\/\/jam-news.net\/az\/german-politician-says-nato-must-be-scrapped\/#primaryimage","url":"https:\/\/jam-news.net\/app\/uploads\/2020\/03\/16128751_1499600150069800_1549462822_n.jpg","contentUrl":"https:\/\/jam-news.net\/app\/uploads\/2020\/03\/16128751_1499600150069800_1549462822_n.jpg","width":700,"height":394},{"@type":"BreadcrumbList","@id":"https:\/\/jam-news.net\/az\/german-politician-says-nato-must-be-scrapped\/#breadcrumb","itemListElement":[{"@type":"ListItem","position":1,"name":"Home","item":"https:\/\/jam-news.net\/az\/"},{"@type":"ListItem","position":2,"name":"Alman siyas\u0259t\u00e7i: NATO-nu l\u0259\u011fv el\u0259m\u0259k laz\u0131md\u0131r"}]},{"@type":"WebSite","@id":"https:\/\/jam-news.net\/az\/#website","url":"https:\/\/jam-news.net\/az\/","name":"Azerbaijani Jamnews","description":"Caucasus News, Politics and Society","publisher":{"@id":"https:\/\/jam-news.net\/az\/#organization"},"potentialAction":[{"@type":"SearchAction","target":{"@type":"EntryPoint","urlTemplate":"https:\/\/jam-news.net\/az\/?s={search_term_string}"},"query-input":{"@type":"PropertyValueSpecification","valueRequired":true,"valueName":"search_term_string"}}],"inLanguage":"az"},{"@type":"Organization","@id":"https:\/\/jam-news.net\/az\/#organization","name":"JAMnews","url":"https:\/\/jam-news.net\/az\/","logo":{"@type":"ImageObject","inLanguage":"az","@id":"https:\/\/jam-news.net\/az\/#\/schema\/logo\/image\/","url":"https:\/\/jam-news.net\/app\/uploads\/2020\/05\/JAM_w.jpg","contentUrl":"https:\/\/jam-news.net\/app\/uploads\/2020\/05\/JAM_w.jpg","width":960,"height":960,"caption":"JAMnews"},"image":{"@id":"https:\/\/jam-news.net\/az\/#\/schema\/logo\/image\/"},"sameAs":["https:\/\/www.facebook.com\/JAMnewsInEnglish\/","https:\/\/x.com\/JAMnewsCaucasus","https:\/\/www.instagram.com\/jam_news\/","https:\/\/www.youtube.com\/channel\/UCXQbUCme2pykuZYXWHx4VPg"]},{"@type":"Person","@id":"https:\/\/jam-news.net\/az\/#\/schema\/person\/d217bee52ce9c9f692a5996db2a66315","name":"Maia Tsiklauri","image":{"@type":"ImageObject","inLanguage":"az","@id":"https:\/\/jam-news.net\/az\/#\/schema\/person\/image\/","url":"https:\/\/secure.gravatar.com\/avatar\/4faa21d44ae4a1aa17e2a63048119056?s=96&d=mm&r=g","contentUrl":"https:\/\/secure.gravatar.com\/avatar\/4faa21d44ae4a1aa17e2a63048119056?s=96&d=mm&r=g","caption":"Maia Tsiklauri"},"url":"https:\/\/jam-news.net\/az\/author\/maokitso\/"}]}},"_links":{"self":[{"href":"https:\/\/jam-news.net\/az\/wp-json\/wp\/v2\/posts\/4498","targetHints":{"allow":["GET"]}}],"collection":[{"href":"https:\/\/jam-news.net\/az\/wp-json\/wp\/v2\/posts"}],"about":[{"href":"https:\/\/jam-news.net\/az\/wp-json\/wp\/v2\/types\/post"}],"author":[{"embeddable":true,"href":"https:\/\/jam-news.net\/az\/wp-json\/wp\/v2\/users\/23"}],"replies":[{"embeddable":true,"href":"https:\/\/jam-news.net\/az\/wp-json\/wp\/v2\/comments?post=4498"}],"version-history":[{"count":1,"href":"https:\/\/jam-news.net\/az\/wp-json\/wp\/v2\/posts\/4498\/revisions"}],"predecessor-version":[{"id":15938,"href":"https:\/\/jam-news.net\/az\/wp-json\/wp\/v2\/posts\/4498\/revisions\/15938"}],"wp:featuredmedia":[{"embeddable":true,"href":"https:\/\/jam-news.net\/az\/wp-json\/wp\/v2\/media\/19387"}],"wp:attachment":[{"href":"https:\/\/jam-news.net\/az\/wp-json\/wp\/v2\/media?parent=4498"}],"wp:term":[{"taxonomy":"category","embeddable":true,"href":"https:\/\/jam-news.net\/az\/wp-json\/wp\/v2\/categories?post=4498"},{"taxonomy":"post_tag","embeddable":true,"href":"https:\/\/jam-news.net\/az\/wp-json\/wp\/v2\/tags?post=4498"},{"taxonomy":"formation","embeddable":true,"href":"https:\/\/jam-news.net\/az\/wp-json\/wp\/v2\/formation?post=4498"},{"taxonomy":"post-author","embeddable":true,"href":"https:\/\/jam-news.net\/az\/wp-json\/wp\/v2\/post-author?post=4498"},{"taxonomy":"topic","embeddable":true,"href":"https:\/\/jam-news.net\/az\/wp-json\/wp\/v2\/topic?post=4498"},{"taxonomy":"tooltip","embeddable":true,"href":"https:\/\/jam-news.net\/az\/wp-json\/wp\/v2\/tooltip?post=4498"},{"taxonomy":"city","embeddable":true,"href":"https:\/\/jam-news.net\/az\/wp-json\/wp\/v2\/city?post=4498"}],"curies":[{"name":"wp","href":"https:\/\/api.w.org\/{rel}","templated":true}]}}