{"id":4460,"date":"2016-12-05T00:00:00","date_gmt":"2016-12-05T00:00:00","guid":{"rendered":"http:\/\/jam-news.net\/az\/nika-musavi-baku-4\/"},"modified":"2016-12-05T00:00:00","modified_gmt":"2016-12-05T00:00:00","slug":"nika-musavi-baku-4","status":"publish","type":"post","link":"https:\/\/jam-news.net\/az\/nika-musavi-baku-4\/","title":{"rendered":"Nika Mus\u0259vi, Bak\u0131"},"content":{"rendered":"<p>Bahal\u0131 don al\u0131b, sonra da onu bir d\u0259f\u0259 d\u0259 olsun geyinm\u0259m\u0259k tam qad\u0131nlara xas olan x\u00fcsusiyy\u0259tdir. Buna g\u00f6r\u0259 d\u0259 y\u0259qin ki, az\u0259rbaycanl\u0131 qad\u0131nlar\u0131n m\u00fcs\u0259lman \u015e\u0259rqind\u0259 ilk d\u0259f\u0259 s\u0259sverm\u0259 h\u00fcququnu al\u0131b [Az\u0259rbaycan Demokratik Respublikas\u0131n\u0131n vaxt\u0131nda, 1918-ci ild\u0259], sonradan ondan dem\u0259k olar ki istifad\u0259 etm\u0259m\u0259sind\u0259 t\u0259\u0259cc\u00fcbl\u00fc he\u00e7 n\u0259 yoxdur. \u00dcmumiyy\u0259tl\u0259 Az\u0259rbaycanda qad\u0131n haqlar\u0131 il\u0259 ba\u011fl\u0131 q\u0259rib\u0259 bir v\u0259ziyy\u0259t h\u00f6km s\u00fcr\u00fcr. Konstitusiyaya \u0259sas\u0259n, onlar ki\u015fil\u0259rl\u0259 tam b\u0259rab\u0259r h\u00fcquqludurlar. Ger\u00e7\u0259kd\u0259 is\u0259 c\u0259miyy\u0259td\u0259 yaz\u0131lmam\u0131\u015f m\u0259hdudiyy\u0259tl\u0259r siyah\u0131s\u0131 m\u00f6vcuddur, onun uzunlu\u011fu v\u0259 mahiyy\u0259ti sosial t\u0259b\u0259q\u0259d\u0259n as\u0131l\u0131 olaraq d\u0259yi\u015fir. \u201cKi\u015fi pe\u015f\u0259l\u0259ri\u201dn\u0259 vetodan tutmu\u015f m\u00fc\u015fayi\u0259tsiz evd\u0259n \u00e7\u0131xma\u011fa qada\u011faya q\u0259d\u0259r. C\u0259miyy\u0259timiz m\u00fchafiz\u0259kard\u0131r, n\u0259 ed\u0259s\u0259n?!<\/p>\n<p>Daha do\u011frusu, n\u0259s\u0259 etm\u0259k olar. H\u0259r halda \u00f6t\u0259n \u0259srin \u0259vv\u0259ll\u0259rind\u0259 v\u0259ziyy\u0259t daha ac\u0131nacaql\u0131 olanda az\u0259rbaycanl\u0131 qad\u0131nlar h\u0259tta \u00e7adralar\u0131n\u0131 da ata bilibl\u0259r. D\u00fczd\u00fcr, indi ba\u015flar\u0131na bu d\u0259f\u0259 k\u00f6n\u00fcll\u00fc \u015f\u0259kild\u0259 taxd\u0131qlar\u0131 el\u0259 h\u0259min o \u00e7adran\u0131. Amma haz\u0131rda m\u00f6vzu ba\u015fqad\u0131r. O vaxt, y\u0259ni 100 il \u0259vv\u0259l Az\u0259rbaycanda qad\u0131nlar\u0131 tamh\u00fcquqlu insan kimi q\u0259bul etdil\u0259r.<\/p>\n<p>R\u0259smi s\u0259viyy\u0259d\u0259. Qeyri-r\u0259smi s\u0259viyy\u0259d\u0259 is\u0259 indiy\u0259 q\u0259d\u0259r d\u0259 onlar\u0131n qar\u015f\u0131s\u0131nda \u00f6l\u00fcm-dirim m\u00fcbariz\u0259si \u00fc\u00e7\u00fcn geni\u015f meydan a\u00e7\u0131l\u0131r.<\/p>\n<p>Seksizml\u0259 son d\u00f6y\u00fc\u015f\u0259 \u00e7\u0131xma\u011fa haz\u0131r olan (ax\u0131 indi bu, d\u00fcnyada \u00e7ox d\u0259bd\u0259dir) az\u0259rbaycanl\u0131 amazonlar\u0131 al\u0131nan y\u00fcks\u0259klikl\u0259r v\u0259 rahat s\u0259ng\u0259rl\u0259r g\u00f6zl\u0259mir. Feminizm bu g\u00fcn d\u0259 d\u0259bd\u0259dir. Bir vaxtlar ulu n\u0259n\u0259l\u0259rimizin etdiyi kimi, v\u0259ziyy\u0259td\u0259n istifad\u0259 etm\u0259yin tam zaman\u0131d\u0131r. Amma istifad\u0259 etmirl\u0259r. Etm\u0259y\u0259c\u0259kl\u0259r d\u0259. V\u0259 Az\u0259rbaycanda cinsi b\u0259rab\u0259rlik plan\u0131nda he\u00e7 bir ciddi d\u0259yi\u015fiklik g\u00f6zl\u0259nilmir.<\/p>\n<p>\u018fn az\u0131 ona g\u00f6r\u0259 ki, qad\u0131nlar\u0131n m\u00fc\u0259yy\u0259n bir kateqoriyas\u0131na bu, \u00fcmumiyy\u0259tl\u0259 laz\u0131m deyil. Onlar b\u00f6y\u00fck h\u0259v\u0259sl\u0259 evdar xan\u0131m olur, \u00f6zl\u0259rini tam m\u0259nas\u0131yla ail\u0259l\u0259rin\u0259 h\u0259sr edir, \u0259rl\u0259rinin s\u00f6z\u00fcn\u0259 qulaq as\u0131r, h\u0259ft\u0259d\u0259 \u00fc\u00e7 d\u0259f\u0259 g\u00f6z\u0259llik salonuna ba\u015f \u00e7\u0259kir v\u0259 \u201cFacebook\u201dda \u201cM\u0259n q\u0131zam, he\u00e7 n\u0259yi h\u0259ll etm\u0259k ist\u0259mir\u0259m, don ist\u0259yir\u0259m\u201d s\u0259pkili \u015f\u0259kill\u0259r payla\u015f\u0131rlar.<\/p>\n<p>H\u0259min vaxt ikinci kateqoriya qad\u0131nlar barrikadalara \u00e7\u0131x\u0131r, n\u00f6vb\u0259ti m\u0259i\u015f\u0259t zorak\u0131l\u0131\u011f\u0131 hallar\u0131n\u0131 \u00fcz\u0259 \u00e7\u0131xar\u0131r, reabilitasiya m\u0259rk\u0259zl\u0259ri a\u00e7\u0131r, sosial aksiyalar ke\u00e7irir v\u0259 birinci kateqoriyaya art\u0131q XXI \u0259srd\u0259 ya\u015fad\u0131\u011f\u0131m\u0131z\u0131 \u00e7atd\u0131rma\u011fa \u00e7al\u0131\u015f\u0131rlar.<\/p>\n<p>\u00dc\u00e7\u00fcnc\u00fc kateqoriya is\u0259 he\u00e7 c\u00fcr q\u0259rara g\u0259l\u0259 bilmir ki, \u201cb\u0259rab\u0259rh\u00fcquqlu\u201d olma\u011f\u0131, y\u0259ni kafed\u0259 \u00f6z yerin\u0259 hesab \u00f6d\u0259m\u0259yi, qap\u0131n\u0131 \u00f6z\u00fcn\u00fcn a\u00e7ma\u011f\u0131n\u0131, s\u0259hv, m\u00fcbahis\u0259, emosional g\u0259rginlik v\u0259 s. kimi hallarda gender \u0259lam\u0259tin\u0259 g\u00f6r\u0259 onlara he\u00e7 bir b\u0259ra\u0259t v\u0259 g\u00fcz\u0259\u015ft haqq\u0131n\u0131n tan\u0131nmamas\u0131n\u0131 ist\u0259yir, ya yox. Bu qad\u0131nlara g\u00f6r\u0259, ki\u015fil\u0259rl\u0259 b\u0259rab\u0259rh\u00fcquqlu olmaq yax\u015f\u0131 \u015feydir, amma q\u0259d\u0259rind\u0259.<\/p>\n<p>Psixoloq, ezoterik v\u0259 dig\u0259r \u015famanlar\u0131n kitablar\u0131n\u0131 oxuyan d\u00f6rd\u00fcnc\u00fc kateqoriya hesab edir ki, qad\u0131n \u00fcmumiyy\u0259tl\u0259 ilah\u0259dir v\u0259 ilah\u0259y\u0259 yara\u015fan m\u00fcnasib\u0259t\u0259 layiqdir. Bu da \u00f6z-\u00f6zl\u00fcy\u00fcnd\u0259 b\u0259rab\u0259rliyi inkar edir. X\u00fcsusil\u0259 d\u0259 n\u0259z\u0259r\u0259 alsaq ki, Afroditaya ham\u0131 s\u0259cd\u0259 ets\u0259 d\u0259, onun Yunan\u0131stan\u0131n idar\u0259 olunmas\u0131 il\u0259 ba\u011fl\u0131 fikri he\u00e7 kim\u0259 maraql\u0131 deyildi.<\/p>\n<p>V\u0259 n\u0259hay\u0259t, be\u015finci kateqoriya da var ki, onun \u00fcmumiyy\u0259tl\u0259 cinsi b\u0259rab\u0259rlik, qad\u0131nlar\u0131n fikir bildirm\u0259k h\u00fcququ v\u0259 s. kimi anlay\u0131\u015flar\u0131n m\u00f6vcudlu\u011fundan x\u0259b\u0259ri bel\u0259 yoxdur (v\u0259 ya olmas\u0131n\u0131 ist\u0259mir). \u00c7\u00fcnki bu xan\u0131mlar paytaxtdan uzaqda, patriarxal \u015f\u0259raitd\u0259, dem\u0259k olar ki, informasiyadan t\u0259crid olunmu\u015f bir v\u0259ziyy\u0259td\u0259 b\u00f6y\u00fcy\u00fcbl\u0259r, ki\u015fiy\u0259 tam ita\u0259ti norma kimi q\u0259bul edirl\u0259r v\u0259 onlar \u00fc\u00e7\u00fcn az qala yegan\u0259 m\u00f6vcud etiraz formas\u0131 sevgilisin\u0259 qo\u015fulub evd\u0259n qa\u00e7maqd\u0131r.<\/p>\n<p>\u0130st\u0259nil\u0259n m\u00fcbariz\u0259nin u\u011furunun \u0259n h\u0259lledici amill\u0259rind\u0259n biri birlik oldu\u011fu \u00fc\u00e7\u00fcn yax\u0131n g\u0259l\u0259c\u0259kd\u0259 Az\u0259rbaycanda \u0259sl cinsi b\u0259rab\u0259rliyi g\u00f6zl\u0259m\u0259y\u0259 d\u0259ym\u0259z. Yeri g\u0259lmi\u015fk\u0259n, el\u0259 ulu n\u0259n\u0259l\u0259rimizin d\u0259 h\u0259min o s\u0259sverm\u0259 h\u00fcququnu qazanmaq \u00fc\u00e7\u00fcn d\u0259rid\u0259n-qab\u0131qdan \u00e7\u0131x\u0131b-\u00e7\u0131xmad\u0131\u011f\u0131 h\u0259l\u0259 d\u0259qiq deyil. B\u0259lk\u0259 d\u0259 onlar\u0131n sad\u0259c\u0259 \u201ch\u0259diyy\u0259\u201dd\u0259n imtina etm\u0259y\u0259 \u00fcz\u00fc g\u0259lm\u0259yib.<\/p>\n","protected":false},"excerpt":{"rendered":"<p>Az\u0259rbaycanda qad\u0131nlar\u0131n h\u00fcquqlar\u0131 \u2013 100 il sonra<\/p>\n","protected":false},"author":3,"featured_media":714,"comment_status":"open","ping_status":"open","sticky":false,"template":"","format":"standard","meta":{"_acf_changed":false,"footnotes":""},"categories":[17,41,53,2,49,35],"tags":[18,19,117,118,101],"formation":[],"post-author":[],"topic":[],"tooltip":[],"city":[],"class_list":["post-4460","post","type-post","status-publish","format-standard","has-post-thumbnail","hentry","category-azrbaycan","category-silsillr","category-qaygisiz-qalanlar","category-cografiya","category-srh","category-hekaylr","tag-azrbaycan","tag-insan-haqlari","tag-movqe","tag-qadinlar","tag-qafqaz"],"acf":[],"yoast_head":"<!-- This site is optimized with the Yoast SEO plugin v24.1 - https:\/\/yoast.com\/wordpress\/plugins\/seo\/ -->\n<title>Nika Mus\u0259vi, Bak\u0131 - JAMnews<\/title>\n<meta name=\"robots\" content=\"index, follow, max-snippet:-1, max-image-preview:large, max-video-preview:-1\" \/>\n<link rel=\"canonical\" href=\"https:\/\/jam-news.net\/az\/nika-musavi-baku-4\/\" \/>\n<meta property=\"og:locale\" content=\"az_AZ\" \/>\n<meta property=\"og:type\" content=\"article\" \/>\n<meta property=\"og:title\" content=\"Nika Mus\u0259vi, Bak\u0131 - JAMnews\" \/>\n<meta property=\"og:description\" content=\"Az\u0259rbaycanda qad\u0131nlar\u0131n h\u00fcquqlar\u0131 \u2013 100 il sonra\" \/>\n<meta property=\"og:url\" content=\"https:\/\/jam-news.net\/az\/nika-musavi-baku-4\/\" \/>\n<meta property=\"og:site_name\" content=\"Azerbaijani Jamnews\" \/>\n<meta property=\"article:publisher\" content=\"https:\/\/www.facebook.com\/JAMnewsInEnglish\/\" \/>\n<meta property=\"article:published_time\" content=\"2016-12-05T00:00:00+00:00\" \/>\n<meta property=\"og:image\" content=\"https:\/\/jam-news.net\/app\/uploads\/2017\/09\/2-4.jpg\" \/>\n\t<meta property=\"og:image:width\" content=\"1200\" \/>\n\t<meta property=\"og:image:height\" content=\"800\" \/>\n\t<meta property=\"og:image:type\" content=\"image\/jpeg\" \/>\n<meta name=\"author\" content=\"JAMnews\" \/>\n<meta name=\"twitter:card\" content=\"summary_large_image\" \/>\n<meta name=\"twitter:creator\" content=\"@JAMnewsCaucasus\" \/>\n<meta name=\"twitter:site\" content=\"@JAMnewsCaucasus\" \/>\n<meta name=\"twitter:label1\" content=\"Written by\" \/>\n\t<meta name=\"twitter:data1\" content=\"JAMnews\" \/>\n\t<meta name=\"twitter:label2\" content=\"Est. reading time\" \/>\n\t<meta name=\"twitter:data2\" content=\"4 minutes\" \/>\n<script type=\"application\/ld+json\" class=\"yoast-schema-graph\">{\"@context\":\"https:\/\/schema.org\",\"@graph\":[{\"@type\":\"Article\",\"@id\":\"https:\/\/jam-news.net\/az\/nika-musavi-baku-4\/#article\",\"isPartOf\":{\"@id\":\"https:\/\/jam-news.net\/az\/nika-musavi-baku-4\/\"},\"author\":{\"name\":\"JAMnews\",\"@id\":\"https:\/\/jam-news.net\/az\/#\/schema\/person\/67df3bb7adb46cd513fb9c4cb02361c6\"},\"headline\":\"Nika Mus\u0259vi, Bak\u0131\",\"datePublished\":\"2016-12-05T00:00:00+00:00\",\"dateModified\":\"2016-12-05T00:00:00+00:00\",\"mainEntityOfPage\":{\"@id\":\"https:\/\/jam-news.net\/az\/nika-musavi-baku-4\/\"},\"wordCount\":874,\"commentCount\":0,\"publisher\":{\"@id\":\"https:\/\/jam-news.net\/az\/#organization\"},\"image\":{\"@id\":\"https:\/\/jam-news.net\/az\/nika-musavi-baku-4\/#primaryimage\"},\"thumbnailUrl\":\"https:\/\/jam-news.net\/app\/uploads\/2017\/09\/2-4.jpg\",\"keywords\":[\"Az\u0259rbaycan\",\"insan haqlar\u0131\",\"m\u00f6vqe\",\"qad\u0131nlar\",\"Qafqaz\"],\"articleSection\":[\"Azerbaijan\",\"Clusters\",\"Gender and sex\",\"Geography\",\"Opinion\",\"Stories\"],\"inLanguage\":\"az\"},{\"@type\":\"WebPage\",\"@id\":\"https:\/\/jam-news.net\/az\/nika-musavi-baku-4\/\",\"url\":\"https:\/\/jam-news.net\/az\/nika-musavi-baku-4\/\",\"name\":\"Nika Mus\u0259vi, Bak\u0131 - JAMnews\",\"isPartOf\":{\"@id\":\"https:\/\/jam-news.net\/az\/#website\"},\"primaryImageOfPage\":{\"@id\":\"https:\/\/jam-news.net\/az\/nika-musavi-baku-4\/#primaryimage\"},\"image\":{\"@id\":\"https:\/\/jam-news.net\/az\/nika-musavi-baku-4\/#primaryimage\"},\"thumbnailUrl\":\"https:\/\/jam-news.net\/app\/uploads\/2017\/09\/2-4.jpg\",\"datePublished\":\"2016-12-05T00:00:00+00:00\",\"dateModified\":\"2016-12-05T00:00:00+00:00\",\"breadcrumb\":{\"@id\":\"https:\/\/jam-news.net\/az\/nika-musavi-baku-4\/#breadcrumb\"},\"inLanguage\":\"az\",\"potentialAction\":[{\"@type\":\"ReadAction\",\"target\":[\"https:\/\/jam-news.net\/az\/nika-musavi-baku-4\/\"]}]},{\"@type\":\"ImageObject\",\"inLanguage\":\"az\",\"@id\":\"https:\/\/jam-news.net\/az\/nika-musavi-baku-4\/#primaryimage\",\"url\":\"https:\/\/jam-news.net\/app\/uploads\/2017\/09\/2-4.jpg\",\"contentUrl\":\"https:\/\/jam-news.net\/app\/uploads\/2017\/09\/2-4.jpg\",\"width\":1200,\"height\":800,\"caption\":\"People raise their hands during a demonstration organised by Catalan pro-independence movements ANC (Catalan National Assembly) and Omnium Cutural, following the imprisonment of their two leaders Jordi Sanchez and Jordi Cuixart, in Barcelona, Spain, October 21, 2017. REUTERS\/Ivan Alvarado\"},{\"@type\":\"BreadcrumbList\",\"@id\":\"https:\/\/jam-news.net\/az\/nika-musavi-baku-4\/#breadcrumb\",\"itemListElement\":[{\"@type\":\"ListItem\",\"position\":1,\"name\":\"Home\",\"item\":\"https:\/\/jam-news.net\/az\/\"},{\"@type\":\"ListItem\",\"position\":2,\"name\":\"Nika Mus\u0259vi, Bak\u0131\"}]},{\"@type\":\"WebSite\",\"@id\":\"https:\/\/jam-news.net\/az\/#website\",\"url\":\"https:\/\/jam-news.net\/az\/\",\"name\":\"Azerbaijani Jamnews\",\"description\":\"Caucasus News, Politics and Society\",\"publisher\":{\"@id\":\"https:\/\/jam-news.net\/az\/#organization\"},\"potentialAction\":[{\"@type\":\"SearchAction\",\"target\":{\"@type\":\"EntryPoint\",\"urlTemplate\":\"https:\/\/jam-news.net\/az\/?s={search_term_string}\"},\"query-input\":{\"@type\":\"PropertyValueSpecification\",\"valueRequired\":true,\"valueName\":\"search_term_string\"}}],\"inLanguage\":\"az\"},{\"@type\":\"Organization\",\"@id\":\"https:\/\/jam-news.net\/az\/#organization\",\"name\":\"JAMnews\",\"url\":\"https:\/\/jam-news.net\/az\/\",\"logo\":{\"@type\":\"ImageObject\",\"inLanguage\":\"az\",\"@id\":\"https:\/\/jam-news.net\/az\/#\/schema\/logo\/image\/\",\"url\":\"https:\/\/jam-news.net\/app\/uploads\/2020\/05\/JAM_w.jpg\",\"contentUrl\":\"https:\/\/jam-news.net\/app\/uploads\/2020\/05\/JAM_w.jpg\",\"width\":960,\"height\":960,\"caption\":\"JAMnews\"},\"image\":{\"@id\":\"https:\/\/jam-news.net\/az\/#\/schema\/logo\/image\/\"},\"sameAs\":[\"https:\/\/www.facebook.com\/JAMnewsInEnglish\/\",\"https:\/\/x.com\/JAMnewsCaucasus\",\"https:\/\/www.instagram.com\/jam_news\/\",\"https:\/\/www.youtube.com\/channel\/UCXQbUCme2pykuZYXWHx4VPg\"]},{\"@type\":\"Person\",\"@id\":\"https:\/\/jam-news.net\/az\/#\/schema\/person\/67df3bb7adb46cd513fb9c4cb02361c6\",\"name\":\"JAMnews\",\"image\":{\"@type\":\"ImageObject\",\"inLanguage\":\"az\",\"@id\":\"https:\/\/jam-news.net\/az\/#\/schema\/person\/image\/\",\"url\":\"https:\/\/secure.gravatar.com\/avatar\/e5c27593ef900c3ab3deed4ed1c653d7?s=96&d=mm&r=g\",\"contentUrl\":\"https:\/\/secure.gravatar.com\/avatar\/e5c27593ef900c3ab3deed4ed1c653d7?s=96&d=mm&r=g\",\"caption\":\"JAMnews\"},\"url\":\"https:\/\/jam-news.net\/az\/author\/margarita\/\"}]}<\/script>\n<!-- \/ Yoast SEO plugin. -->","yoast_head_json":{"title":"Nika Mus\u0259vi, Bak\u0131 - JAMnews","robots":{"index":"index","follow":"follow","max-snippet":"max-snippet:-1","max-image-preview":"max-image-preview:large","max-video-preview":"max-video-preview:-1"},"canonical":"https:\/\/jam-news.net\/az\/nika-musavi-baku-4\/","og_locale":"az_AZ","og_type":"article","og_title":"Nika Mus\u0259vi, Bak\u0131 - JAMnews","og_description":"Az\u0259rbaycanda qad\u0131nlar\u0131n h\u00fcquqlar\u0131 \u2013 100 il sonra","og_url":"https:\/\/jam-news.net\/az\/nika-musavi-baku-4\/","og_site_name":"Azerbaijani Jamnews","article_publisher":"https:\/\/www.facebook.com\/JAMnewsInEnglish\/","article_published_time":"2016-12-05T00:00:00+00:00","og_image":[{"width":1200,"height":800,"url":"https:\/\/jam-news.net\/app\/uploads\/2017\/09\/2-4.jpg","type":"image\/jpeg"}],"author":"JAMnews","twitter_card":"summary_large_image","twitter_creator":"@JAMnewsCaucasus","twitter_site":"@JAMnewsCaucasus","twitter_misc":{"Written by":"JAMnews","Est. reading time":"4 minutes"},"schema":{"@context":"https:\/\/schema.org","@graph":[{"@type":"Article","@id":"https:\/\/jam-news.net\/az\/nika-musavi-baku-4\/#article","isPartOf":{"@id":"https:\/\/jam-news.net\/az\/nika-musavi-baku-4\/"},"author":{"name":"JAMnews","@id":"https:\/\/jam-news.net\/az\/#\/schema\/person\/67df3bb7adb46cd513fb9c4cb02361c6"},"headline":"Nika Mus\u0259vi, Bak\u0131","datePublished":"2016-12-05T00:00:00+00:00","dateModified":"2016-12-05T00:00:00+00:00","mainEntityOfPage":{"@id":"https:\/\/jam-news.net\/az\/nika-musavi-baku-4\/"},"wordCount":874,"commentCount":0,"publisher":{"@id":"https:\/\/jam-news.net\/az\/#organization"},"image":{"@id":"https:\/\/jam-news.net\/az\/nika-musavi-baku-4\/#primaryimage"},"thumbnailUrl":"https:\/\/jam-news.net\/app\/uploads\/2017\/09\/2-4.jpg","keywords":["Az\u0259rbaycan","insan haqlar\u0131","m\u00f6vqe","qad\u0131nlar","Qafqaz"],"articleSection":["Azerbaijan","Clusters","Gender and sex","Geography","Opinion","Stories"],"inLanguage":"az"},{"@type":"WebPage","@id":"https:\/\/jam-news.net\/az\/nika-musavi-baku-4\/","url":"https:\/\/jam-news.net\/az\/nika-musavi-baku-4\/","name":"Nika Mus\u0259vi, Bak\u0131 - JAMnews","isPartOf":{"@id":"https:\/\/jam-news.net\/az\/#website"},"primaryImageOfPage":{"@id":"https:\/\/jam-news.net\/az\/nika-musavi-baku-4\/#primaryimage"},"image":{"@id":"https:\/\/jam-news.net\/az\/nika-musavi-baku-4\/#primaryimage"},"thumbnailUrl":"https:\/\/jam-news.net\/app\/uploads\/2017\/09\/2-4.jpg","datePublished":"2016-12-05T00:00:00+00:00","dateModified":"2016-12-05T00:00:00+00:00","breadcrumb":{"@id":"https:\/\/jam-news.net\/az\/nika-musavi-baku-4\/#breadcrumb"},"inLanguage":"az","potentialAction":[{"@type":"ReadAction","target":["https:\/\/jam-news.net\/az\/nika-musavi-baku-4\/"]}]},{"@type":"ImageObject","inLanguage":"az","@id":"https:\/\/jam-news.net\/az\/nika-musavi-baku-4\/#primaryimage","url":"https:\/\/jam-news.net\/app\/uploads\/2017\/09\/2-4.jpg","contentUrl":"https:\/\/jam-news.net\/app\/uploads\/2017\/09\/2-4.jpg","width":1200,"height":800,"caption":"People raise their hands during a demonstration organised by Catalan pro-independence movements ANC (Catalan National Assembly) and Omnium Cutural, following the imprisonment of their two leaders Jordi Sanchez and Jordi Cuixart, in Barcelona, Spain, October 21, 2017. REUTERS\/Ivan Alvarado"},{"@type":"BreadcrumbList","@id":"https:\/\/jam-news.net\/az\/nika-musavi-baku-4\/#breadcrumb","itemListElement":[{"@type":"ListItem","position":1,"name":"Home","item":"https:\/\/jam-news.net\/az\/"},{"@type":"ListItem","position":2,"name":"Nika Mus\u0259vi, Bak\u0131"}]},{"@type":"WebSite","@id":"https:\/\/jam-news.net\/az\/#website","url":"https:\/\/jam-news.net\/az\/","name":"Azerbaijani Jamnews","description":"Caucasus News, Politics and Society","publisher":{"@id":"https:\/\/jam-news.net\/az\/#organization"},"potentialAction":[{"@type":"SearchAction","target":{"@type":"EntryPoint","urlTemplate":"https:\/\/jam-news.net\/az\/?s={search_term_string}"},"query-input":{"@type":"PropertyValueSpecification","valueRequired":true,"valueName":"search_term_string"}}],"inLanguage":"az"},{"@type":"Organization","@id":"https:\/\/jam-news.net\/az\/#organization","name":"JAMnews","url":"https:\/\/jam-news.net\/az\/","logo":{"@type":"ImageObject","inLanguage":"az","@id":"https:\/\/jam-news.net\/az\/#\/schema\/logo\/image\/","url":"https:\/\/jam-news.net\/app\/uploads\/2020\/05\/JAM_w.jpg","contentUrl":"https:\/\/jam-news.net\/app\/uploads\/2020\/05\/JAM_w.jpg","width":960,"height":960,"caption":"JAMnews"},"image":{"@id":"https:\/\/jam-news.net\/az\/#\/schema\/logo\/image\/"},"sameAs":["https:\/\/www.facebook.com\/JAMnewsInEnglish\/","https:\/\/x.com\/JAMnewsCaucasus","https:\/\/www.instagram.com\/jam_news\/","https:\/\/www.youtube.com\/channel\/UCXQbUCme2pykuZYXWHx4VPg"]},{"@type":"Person","@id":"https:\/\/jam-news.net\/az\/#\/schema\/person\/67df3bb7adb46cd513fb9c4cb02361c6","name":"JAMnews","image":{"@type":"ImageObject","inLanguage":"az","@id":"https:\/\/jam-news.net\/az\/#\/schema\/person\/image\/","url":"https:\/\/secure.gravatar.com\/avatar\/e5c27593ef900c3ab3deed4ed1c653d7?s=96&d=mm&r=g","contentUrl":"https:\/\/secure.gravatar.com\/avatar\/e5c27593ef900c3ab3deed4ed1c653d7?s=96&d=mm&r=g","caption":"JAMnews"},"url":"https:\/\/jam-news.net\/az\/author\/margarita\/"}]}},"_links":{"self":[{"href":"https:\/\/jam-news.net\/az\/wp-json\/wp\/v2\/posts\/4460","targetHints":{"allow":["GET"]}}],"collection":[{"href":"https:\/\/jam-news.net\/az\/wp-json\/wp\/v2\/posts"}],"about":[{"href":"https:\/\/jam-news.net\/az\/wp-json\/wp\/v2\/types\/post"}],"author":[{"embeddable":true,"href":"https:\/\/jam-news.net\/az\/wp-json\/wp\/v2\/users\/3"}],"replies":[{"embeddable":true,"href":"https:\/\/jam-news.net\/az\/wp-json\/wp\/v2\/comments?post=4460"}],"version-history":[{"count":0,"href":"https:\/\/jam-news.net\/az\/wp-json\/wp\/v2\/posts\/4460\/revisions"}],"wp:featuredmedia":[{"embeddable":true,"href":"https:\/\/jam-news.net\/az\/wp-json\/wp\/v2\/media\/714"}],"wp:attachment":[{"href":"https:\/\/jam-news.net\/az\/wp-json\/wp\/v2\/media?parent=4460"}],"wp:term":[{"taxonomy":"category","embeddable":true,"href":"https:\/\/jam-news.net\/az\/wp-json\/wp\/v2\/categories?post=4460"},{"taxonomy":"post_tag","embeddable":true,"href":"https:\/\/jam-news.net\/az\/wp-json\/wp\/v2\/tags?post=4460"},{"taxonomy":"formation","embeddable":true,"href":"https:\/\/jam-news.net\/az\/wp-json\/wp\/v2\/formation?post=4460"},{"taxonomy":"post-author","embeddable":true,"href":"https:\/\/jam-news.net\/az\/wp-json\/wp\/v2\/post-author?post=4460"},{"taxonomy":"topic","embeddable":true,"href":"https:\/\/jam-news.net\/az\/wp-json\/wp\/v2\/topic?post=4460"},{"taxonomy":"tooltip","embeddable":true,"href":"https:\/\/jam-news.net\/az\/wp-json\/wp\/v2\/tooltip?post=4460"},{"taxonomy":"city","embeddable":true,"href":"https:\/\/jam-news.net\/az\/wp-json\/wp\/v2\/city?post=4460"}],"curies":[{"name":"wp","href":"https:\/\/api.w.org\/{rel}","templated":true}]}}