{"id":44359,"date":"2021-03-15T22:18:58","date_gmt":"2021-03-15T18:18:58","guid":{"rendered":"https:\/\/jam-news.net\/az\/?p=44359"},"modified":"2021-03-17T12:40:30","modified_gmt":"2021-03-17T08:40:30","slug":"gurcustanda-covid-19-a-qarsi-vaksinasiya-baslayib","status":"publish","type":"post","link":"https:\/\/jam-news.net\/az\/gurcustanda-covid-19-a-qarsi-vaksinasiya-baslayib\/","title":{"rendered":"G\u00fcrc\u00fcstanda COVID-19-a qar\u015f\u0131 vaksinasiya ba\u015flay\u0131b"},"content":{"rendered":"\n<p><a href=\"https:\/\/jam-news.net\/az\/category\/cografiya\/gurcustan\/\" target=\"_blank\" rel=\"noreferrer noopener\">G\u00fcrc\u00fcstanda<\/a> COVID-19-a qar\u015f\u0131 vaksinasiya ba\u015flay\u0131b. \u0130lkin m\u0259rh\u0259l\u0259d\u0259 peyv\u0259ndl\u0259r tibbi hey\u0259t\u0259 vurulacaq. M\u0259\u015fhur h\u0259kiml\u0259r ham\u0131n\u0131n g\u00f6z\u00fc qar\u015f\u0131s\u0131nda, telekameralar \u00f6n\u00fcnd\u0259 canl\u0131 yay\u0131mda vaksinasiya olunublar.<\/p>\n\n\n\n<p>X\u0259st\u0259likl\u0259r\u0259 n\u0259zar\u0259t \u00fczr\u0259 milli m\u0259rk\u0259zin r\u0259hb\u0259rinin m\u00fcavini Paata \u0130mnadze bunu ed\u0259n ilk insanlardan biri olub.<\/p>\n\n\n\n<p>\u201cPeyv\u0259ndd\u0259 qorxulu he\u00e7 n\u0259 yoxdur, &#8211; vaksinasiyadan sonra Paata \u0130mnadze deyib. \u2013 Bu g\u00fcn \u00f6lk\u0259miz \u00fc\u00e7\u00fcn vacib g\u00fcnd\u00fcr. Ham\u0131 anlamal\u0131d\u0131r ki, bu vaksin \u00f6lk\u0259mizi normal h\u0259yata qaytarmaq \u00fc\u00e7\u00fcn yegan\u0259 \u00fcsuldur\u201d.<\/p>\n\n\n\n<figure class=\"wp-block-embed-youtube wp-block-embed is-type-video is-provider-youtube wp-embed-aspect-16-9 wp-has-aspect-ratio\"><div class=\"wp-block-embed__wrapper\">\n<iframe loading=\"lazy\" title=\"\u10de\u10d0\u10d0\u10e2\u10d0 \u10d8\u10db\u10dc\u10d0\u10eb\u10d4 \u10d9\u10dd\u10e0\u10dd\u10dc\u10d0\u10d5\u10d8\u10e0\u10e3\u10e1\u10d8\u10e1 \u10d5\u10d0\u10e5\u10ea\u10d8\u10dc\u10d8\u10d7 \u10de\u10d8\u10e0\u10d3\u10d0\u10de\u10d8\u10e0 \u10d4\u10d7\u10d4\u10e0\u10e8\u10d8 \u10d0\u10d8\u10ea\u10e0\u10d0\" width=\"500\" height=\"281\" src=\"https:\/\/www.youtube.com\/embed\/FS_hPkzRoAo?feature=oembed\" frameborder=\"0\" allow=\"accelerometer; autoplay; clipboard-write; encrypted-media; gyroscope; picture-in-picture; web-share\" referrerpolicy=\"strict-origin-when-cross-origin\" allowfullscreen><\/iframe>\n<\/div><figcaption>Paata \u0130mnadze canl\u0131 yay\u0131mda. Video: \u0130ctimai yay\u0131m\u00e7\u0131<\/figcaption><\/figure>\n\n\n\n<p>Peyv\u0259nd vurdurmaq v\u0259 bu yolla \u00f6z\u00fcn\u00fc v\u0259 \u00f6lk\u0259ni m\u00fcdafi\u0259 etm\u0259k \u00e7a\u011f\u0131r\u0131\u015f\u0131 il\u0259 infeksion x\u0259st\u0259xanan\u0131n direktoru Marina Ezuqbaya da \u00e7\u0131x\u0131\u015f edib:<\/p>\n\n\n\n<p>\u201c\u0130nsanlar peyv\u0259nd vurdurma\u011fa raz\u0131la\u015fa da bil\u0259rl\u0259r, raz\u0131la\u015fmaya da. Lakin vaksinasiyan\u0131n \u0259leyhin\u0259 olanlar m\u00fc\u0259yy\u0259n m\u0259\u0259nada \u00f6lk\u0259y\u0259 qar\u015f\u0131 \u00e7\u0131x\u0131rlar. M\u0259n vaksinasiya \u0259leyhdarlar\u0131n\u0131 \u00f6z qorxular\u0131n\u0131 d\u0259f etm\u0259y\u0259 v\u0259 peyv\u0259nd olunma\u011fa \u00e7a\u011f\u0131r\u0131ram, bununla onlar h\u0259m \u00f6zl\u0259rini, h\u0259m ail\u0259l\u0259rini, h\u0259m d\u0259 \u00f6lk\u0259ni qoruyarlar\u201d.<\/p>\n\n\n\n<p>Respublika x\u0259st\u0259xanas\u0131nda vaksinasiya prosesind\u0259 X\u0259st\u0259likl\u0259r\u0259 n\u0259zar\u0259t milli m\u0259rk\u0259zinin direktoru Amiran Qamkrelidze d\u0259 i\u015ftirak edib. Onun s\u00f6zl\u0259rin\u0259 g\u00f6r\u0259, vaksinasiyan\u0131n ba\u015flanmas\u0131 \u00e7ox yax\u015f\u0131d\u0131r. Lakin \u0259sas olan onun bitirilm\u0259sidir.<\/p>\n\n\n\n<p>\u201cBu il b\u00fct\u00fcn d\u00fcnyada 600-700 milyon n\u0259f\u0259r peyv\u0259nd olunmal\u0131d\u0131r. Bunu ets\u0259k. h\u0259yat\u0131n normal rotmin\u0259 qay\u0131dar\u0131q\u201d, &#8211; Qamkrelidze deyib.<\/p>\n\n\n\n<h3 class=\"has-text-align-center wp-block-heading\">\u201cAstraZeneca\u201dn\u0131n b\u0259yanat\u0131: Vaksinasiyadan trombozun inki\u015faf\u0131 riski t\u0259sdiq olunmur<\/h3>\n\n\n\n<p>Bir s\u0131ra Avropa \u00f6lk\u0259l\u0259ri b\u0259zi pasiyentl\u0259rd\u0259 peyv\u0259ndd\u0259n sonra trombozun inki\u015faf\u0131 \u00fcz\u00fcnd\u0259n \u201cAstraZeneca\u201d il\u0259 vaksinasiyan\u0131 dayand\u0131r\u0131blar.<\/p>\n\n\n\n<p>Britaniya-\u0130sve\u00e7 \u0259cza\u00e7\u0131l\u0131q \u015firk\u0259ti olan \u201cAstraZeneca\u201dn\u0131n n\u00fcmay\u0259nd\u0259l\u0259ri bildirirl\u0259r ki, A\u0130 v\u0259 B\u00f6y\u00fck Britaniyada art\u0131q 17 milyondan \u00e7ox insan vaksinasiya edilib. Onlar\u0131n v\u0259ziyy\u0259tinin monitorinqi g\u00f6st\u0259rir ki, vaksin t\u0259hl\u00fck\u0259sizdir v\u0259 trombozlar\u0131n yaranma riski he\u00e7 bir ya\u015f qrupunda t\u0259sdiq olunmur.<\/p>\n\n\n\n<p>\u015eirk\u0259t h\u0259m\u00e7inin m\u0259lumat verir ki, vaksinasiya edilmi\u015f 17 milyon n\u0259f\u0259rd\u0259n yaln\u0131z 15-n\u0259 d\u0259rin venalar\u0131n trombozu diaqnozu qoyulub v\u0259 22 n\u0259f\u0259rd\u0259 a\u011fciy\u0259r arteriyas\u0131n\u0131n emboliyas\u0131na rast g\u0259linib. Bu is\u0259 vaksinin t\u0259tbiqin\u0259 \u0259ks-g\u00f6st\u0259ri\u015f ola bilm\u0259z, \u00e7\u00fcnki tromblar\u0131n yaranmas\u0131 il\u0259 ba\u011fl\u0131 qeyd\u0259 al\u0131nm\u0131\u015f hallar\u0131n say\u0131 orta hesabla \u0259hali aras\u0131nda g\u00f6zl\u0259nil\u0259 bil\u0259n y\u00fczl\u0259rl\u0259 haldan a\u015fa\u011f\u0131d\u0131r.<\/p>\n\n\n\n<hr class=\"wp-block-separator\"\/>\n\n\n\n<ul class=\"wp-block-list\"><li><a href=\"https:\/\/jam-news.net\/az\/koronavirus-vaksinl%c9%99ri-haqda-n%c9%99-m%c9%99lumdur-pandemiya-n%c9%99-zaman-yenil%c9%99c%c9%99k-pfizer-moderna-sputnik-astrazeneca\/\"><strong>Koronavirus vaksinl\u0259ri haqda \u2013 pandemiyan\u0131 yenm\u0259k m\u00fcmk\u00fcn olacaqm\u0131 v\u0259 n\u0259 zaman?<\/strong><\/a><\/li><li><a href=\"https:\/\/jam-news.net\/az\/facebook-da-mualic%c9%99-v%c9%99-ya-gurcustanda-alternativ-s%c9%99hiyy%c9%99-sistemi-video-hekay%c9%99\/\"><strong>Facebook-da m\u00fcalic\u0259 v\u0259 ya G\u00fcrc\u00fcstanda \u201calternativ s\u0259hiyy\u0259 sistemi\u201d. Video-hekay\u0259<\/strong><\/a><\/li><\/ul>\n\n\n\n<hr class=\"wp-block-separator\"\/>\n\n\n\n<p>Mart\u0131n 13-d\u0259 G\u00fcrc\u00fcstan vaksinl\u0259rin paylanmas\u0131 \u00fczr\u0259 beyn\u0259lxalq COVAX platformas\u0131 vasit\u0259sil\u0259 43&nbsp;200 doza \u201cAstraZeneca\u201d vaksini al\u0131b. Bu vaksin C\u0259nubi Koreyan\u0131n \u201cAstraZeneca-SKBio\u201d \u015firk\u0259ti t\u0259r\u0259find\u0259n istehsal olunur.<\/p>\n\n\n\n<p>Bu, G\u00fcrc\u00fcstan\u0131n ald\u0131\u011f\u0131 ilk vaksin partiyas\u0131d\u0131r.<\/p>\n\n\n\n<p>Vaksinin al\u0131nmas\u0131nda G\u00fcrc\u00fcstan h\u00f6kum\u0259tin\u0259 BMT-nin u\u015faq fondu (UN\u0130CEF) yard\u0131m edib. G\u00fcrc\u00fcstanda vaksinasiya prosesi \u00f6lk\u0259nin 82 tibb m\u00fc\u0259ssis\u0259sind\u0259 ba\u015flayacaq.<\/p>\n","protected":false},"excerpt":{"rendered":"<p>G\u00fcrc\u00fcstanda COVID-19-a qar\u015f\u0131 peyv\u0259ndl\u0259r ilkin m\u0259r\u0259l\u0259d\u0259 tibb hey\u0259tin\u0259 vurulacaq<\/p>\n","protected":false},"author":6,"featured_media":44332,"comment_status":"closed","ping_status":"closed","sticky":false,"template":"","format":"standard","meta":{"_acf_changed":false,"footnotes":""},"categories":[3,25,50],"tags":[],"formation":[],"post-author":[],"topic":[4953],"tooltip":[],"city":[],"class_list":["post-44359","post","type-post","status-publish","format-standard","has-post-thumbnail","hentry","category-gurcustan","category-cmiyyt","category-xbrlr","topic-gurcustan"],"acf":[],"yoast_head":"<!-- This site is optimized with the Yoast SEO plugin v24.1 - https:\/\/yoast.com\/wordpress\/plugins\/seo\/ -->\n<title>G\u00fcrc\u00fcstanda COVID-19-a qar\u015f\u0131 vaksinasiya ba\u015flay\u0131b - JAMnews<\/title>\n<meta name=\"description\" content=\"G\u00fcrc\u00fcstanda COVID-19-a qar\u015f\u0131 peyv\u0259ndl\u0259r ilkin m\u0259r\u0259l\u0259d\u0259 tibb hey\u0259tin\u0259 vurulacaq\" \/>\n<meta name=\"robots\" content=\"index, follow, max-snippet:-1, max-image-preview:large, max-video-preview:-1\" \/>\n<link rel=\"canonical\" href=\"https:\/\/jam-news.net\/az\/gurcustanda-covid-19-a-qarsi-vaksinasiya-baslayib\/\" \/>\n<meta property=\"og:locale\" content=\"az_AZ\" \/>\n<meta property=\"og:type\" content=\"article\" \/>\n<meta property=\"og:title\" content=\"G\u00fcrc\u00fcstanda COVID-19-a qar\u015f\u0131 vaksinasiya ba\u015flay\u0131b - JAMnews\" \/>\n<meta property=\"og:description\" content=\"G\u00fcrc\u00fcstanda COVID-19-a qar\u015f\u0131 peyv\u0259ndl\u0259r ilkin m\u0259r\u0259l\u0259d\u0259 tibb hey\u0259tin\u0259 vurulacaq\" \/>\n<meta property=\"og:url\" content=\"https:\/\/jam-news.net\/az\/gurcustanda-covid-19-a-qarsi-vaksinasiya-baslayib\/\" \/>\n<meta property=\"og:site_name\" content=\"Azerbaijani Jamnews\" \/>\n<meta property=\"article:publisher\" content=\"https:\/\/www.facebook.com\/JAMnewsInEnglish\/\" \/>\n<meta property=\"article:published_time\" content=\"2021-03-15T18:18:58+00:00\" \/>\n<meta property=\"article:modified_time\" content=\"2021-03-17T08:40:30+00:00\" \/>\n<meta property=\"og:image\" content=\"https:\/\/jam-news.net\/app\/uploads\/2021\/03\/157476524_10222198282640263_4151749446164732548_o.jpeg\" \/>\n\t<meta property=\"og:image:width\" content=\"1200\" \/>\n\t<meta property=\"og:image:height\" content=\"675\" \/>\n\t<meta property=\"og:image:type\" content=\"image\/jpeg\" \/>\n<meta name=\"author\" content=\"Tatia nikoladze\" \/>\n<meta name=\"twitter:card\" content=\"summary_large_image\" \/>\n<meta name=\"twitter:creator\" content=\"@JAMnewsCaucasus\" \/>\n<meta name=\"twitter:site\" content=\"@JAMnewsCaucasus\" \/>\n<meta name=\"twitter:label1\" content=\"Written by\" \/>\n\t<meta name=\"twitter:data1\" content=\"Tatia nikoladze\" \/>\n\t<meta name=\"twitter:label2\" content=\"Est. reading time\" \/>\n\t<meta name=\"twitter:data2\" content=\"3 minutes\" \/>\n<script type=\"application\/ld+json\" class=\"yoast-schema-graph\">{\"@context\":\"https:\/\/schema.org\",\"@graph\":[{\"@type\":\"Article\",\"@id\":\"https:\/\/jam-news.net\/az\/gurcustanda-covid-19-a-qarsi-vaksinasiya-baslayib\/#article\",\"isPartOf\":{\"@id\":\"https:\/\/jam-news.net\/az\/gurcustanda-covid-19-a-qarsi-vaksinasiya-baslayib\/\"},\"author\":{\"name\":\"Tatia nikoladze\",\"@id\":\"https:\/\/jam-news.net\/az\/#\/schema\/person\/86c90ea4dd4c6e61e60ae51d24bc662c\"},\"headline\":\"G\u00fcrc\u00fcstanda COVID-19-a qar\u015f\u0131 vaksinasiya ba\u015flay\u0131b\",\"datePublished\":\"2021-03-15T18:18:58+00:00\",\"dateModified\":\"2021-03-17T08:40:30+00:00\",\"mainEntityOfPage\":{\"@id\":\"https:\/\/jam-news.net\/az\/gurcustanda-covid-19-a-qarsi-vaksinasiya-baslayib\/\"},\"wordCount\":596,\"publisher\":{\"@id\":\"https:\/\/jam-news.net\/az\/#organization\"},\"image\":{\"@id\":\"https:\/\/jam-news.net\/az\/gurcustanda-covid-19-a-qarsi-vaksinasiya-baslayib\/#primaryimage\"},\"thumbnailUrl\":\"https:\/\/jam-news.net\/app\/uploads\/2021\/03\/157476524_10222198282640263_4151749446164732548_o.jpeg\",\"articleSection\":[\"Georgia\",\"Issues\",\"News\"],\"inLanguage\":\"az\"},{\"@type\":\"WebPage\",\"@id\":\"https:\/\/jam-news.net\/az\/gurcustanda-covid-19-a-qarsi-vaksinasiya-baslayib\/\",\"url\":\"https:\/\/jam-news.net\/az\/gurcustanda-covid-19-a-qarsi-vaksinasiya-baslayib\/\",\"name\":\"G\u00fcrc\u00fcstanda COVID-19-a qar\u015f\u0131 vaksinasiya ba\u015flay\u0131b - JAMnews\",\"isPartOf\":{\"@id\":\"https:\/\/jam-news.net\/az\/#website\"},\"primaryImageOfPage\":{\"@id\":\"https:\/\/jam-news.net\/az\/gurcustanda-covid-19-a-qarsi-vaksinasiya-baslayib\/#primaryimage\"},\"image\":{\"@id\":\"https:\/\/jam-news.net\/az\/gurcustanda-covid-19-a-qarsi-vaksinasiya-baslayib\/#primaryimage\"},\"thumbnailUrl\":\"https:\/\/jam-news.net\/app\/uploads\/2021\/03\/157476524_10222198282640263_4151749446164732548_o.jpeg\",\"datePublished\":\"2021-03-15T18:18:58+00:00\",\"dateModified\":\"2021-03-17T08:40:30+00:00\",\"description\":\"G\u00fcrc\u00fcstanda COVID-19-a qar\u015f\u0131 peyv\u0259ndl\u0259r ilkin m\u0259r\u0259l\u0259d\u0259 tibb hey\u0259tin\u0259 vurulacaq\",\"breadcrumb\":{\"@id\":\"https:\/\/jam-news.net\/az\/gurcustanda-covid-19-a-qarsi-vaksinasiya-baslayib\/#breadcrumb\"},\"inLanguage\":\"az\",\"potentialAction\":[{\"@type\":\"ReadAction\",\"target\":[\"https:\/\/jam-news.net\/az\/gurcustanda-covid-19-a-qarsi-vaksinasiya-baslayib\/\"]}]},{\"@type\":\"ImageObject\",\"inLanguage\":\"az\",\"@id\":\"https:\/\/jam-news.net\/az\/gurcustanda-covid-19-a-qarsi-vaksinasiya-baslayib\/#primaryimage\",\"url\":\"https:\/\/jam-news.net\/app\/uploads\/2021\/03\/157476524_10222198282640263_4151749446164732548_o.jpeg\",\"contentUrl\":\"https:\/\/jam-news.net\/app\/uploads\/2021\/03\/157476524_10222198282640263_4151749446164732548_o.jpeg\",\"width\":1200,\"height\":675},{\"@type\":\"BreadcrumbList\",\"@id\":\"https:\/\/jam-news.net\/az\/gurcustanda-covid-19-a-qarsi-vaksinasiya-baslayib\/#breadcrumb\",\"itemListElement\":[{\"@type\":\"ListItem\",\"position\":1,\"name\":\"Home\",\"item\":\"https:\/\/jam-news.net\/az\/\"},{\"@type\":\"ListItem\",\"position\":2,\"name\":\"G\u00fcrc\u00fcstanda COVID-19-a qar\u015f\u0131 vaksinasiya ba\u015flay\u0131b\"}]},{\"@type\":\"WebSite\",\"@id\":\"https:\/\/jam-news.net\/az\/#website\",\"url\":\"https:\/\/jam-news.net\/az\/\",\"name\":\"Azerbaijani Jamnews\",\"description\":\"Caucasus News, Politics and Society\",\"publisher\":{\"@id\":\"https:\/\/jam-news.net\/az\/#organization\"},\"potentialAction\":[{\"@type\":\"SearchAction\",\"target\":{\"@type\":\"EntryPoint\",\"urlTemplate\":\"https:\/\/jam-news.net\/az\/?s={search_term_string}\"},\"query-input\":{\"@type\":\"PropertyValueSpecification\",\"valueRequired\":true,\"valueName\":\"search_term_string\"}}],\"inLanguage\":\"az\"},{\"@type\":\"Organization\",\"@id\":\"https:\/\/jam-news.net\/az\/#organization\",\"name\":\"JAMnews\",\"url\":\"https:\/\/jam-news.net\/az\/\",\"logo\":{\"@type\":\"ImageObject\",\"inLanguage\":\"az\",\"@id\":\"https:\/\/jam-news.net\/az\/#\/schema\/logo\/image\/\",\"url\":\"https:\/\/jam-news.net\/app\/uploads\/2020\/05\/JAM_w.jpg\",\"contentUrl\":\"https:\/\/jam-news.net\/app\/uploads\/2020\/05\/JAM_w.jpg\",\"width\":960,\"height\":960,\"caption\":\"JAMnews\"},\"image\":{\"@id\":\"https:\/\/jam-news.net\/az\/#\/schema\/logo\/image\/\"},\"sameAs\":[\"https:\/\/www.facebook.com\/JAMnewsInEnglish\/\",\"https:\/\/x.com\/JAMnewsCaucasus\",\"https:\/\/www.instagram.com\/jam_news\/\",\"https:\/\/www.youtube.com\/channel\/UCXQbUCme2pykuZYXWHx4VPg\"]},{\"@type\":\"Person\",\"@id\":\"https:\/\/jam-news.net\/az\/#\/schema\/person\/86c90ea4dd4c6e61e60ae51d24bc662c\",\"name\":\"Tatia nikoladze\",\"image\":{\"@type\":\"ImageObject\",\"inLanguage\":\"az\",\"@id\":\"https:\/\/jam-news.net\/az\/#\/schema\/person\/image\/\",\"url\":\"https:\/\/secure.gravatar.com\/avatar\/1f8b2c8ce4c25cc30806785bafe6bb03?s=96&d=mm&r=g\",\"contentUrl\":\"https:\/\/secure.gravatar.com\/avatar\/1f8b2c8ce4c25cc30806785bafe6bb03?s=96&d=mm&r=g\",\"caption\":\"Tatia nikoladze\"},\"url\":\"https:\/\/jam-news.net\/az\/author\/tatiani\/\"}]}<\/script>\n<!-- \/ Yoast SEO plugin. -->","yoast_head_json":{"title":"G\u00fcrc\u00fcstanda COVID-19-a qar\u015f\u0131 vaksinasiya ba\u015flay\u0131b - JAMnews","description":"G\u00fcrc\u00fcstanda COVID-19-a qar\u015f\u0131 peyv\u0259ndl\u0259r ilkin m\u0259r\u0259l\u0259d\u0259 tibb hey\u0259tin\u0259 vurulacaq","robots":{"index":"index","follow":"follow","max-snippet":"max-snippet:-1","max-image-preview":"max-image-preview:large","max-video-preview":"max-video-preview:-1"},"canonical":"https:\/\/jam-news.net\/az\/gurcustanda-covid-19-a-qarsi-vaksinasiya-baslayib\/","og_locale":"az_AZ","og_type":"article","og_title":"G\u00fcrc\u00fcstanda COVID-19-a qar\u015f\u0131 vaksinasiya ba\u015flay\u0131b - JAMnews","og_description":"G\u00fcrc\u00fcstanda COVID-19-a qar\u015f\u0131 peyv\u0259ndl\u0259r ilkin m\u0259r\u0259l\u0259d\u0259 tibb hey\u0259tin\u0259 vurulacaq","og_url":"https:\/\/jam-news.net\/az\/gurcustanda-covid-19-a-qarsi-vaksinasiya-baslayib\/","og_site_name":"Azerbaijani Jamnews","article_publisher":"https:\/\/www.facebook.com\/JAMnewsInEnglish\/","article_published_time":"2021-03-15T18:18:58+00:00","article_modified_time":"2021-03-17T08:40:30+00:00","og_image":[{"width":1200,"height":675,"url":"https:\/\/jam-news.net\/app\/uploads\/2021\/03\/157476524_10222198282640263_4151749446164732548_o.jpeg","type":"image\/jpeg"}],"author":"Tatia nikoladze","twitter_card":"summary_large_image","twitter_creator":"@JAMnewsCaucasus","twitter_site":"@JAMnewsCaucasus","twitter_misc":{"Written by":"Tatia nikoladze","Est. reading time":"3 minutes"},"schema":{"@context":"https:\/\/schema.org","@graph":[{"@type":"Article","@id":"https:\/\/jam-news.net\/az\/gurcustanda-covid-19-a-qarsi-vaksinasiya-baslayib\/#article","isPartOf":{"@id":"https:\/\/jam-news.net\/az\/gurcustanda-covid-19-a-qarsi-vaksinasiya-baslayib\/"},"author":{"name":"Tatia nikoladze","@id":"https:\/\/jam-news.net\/az\/#\/schema\/person\/86c90ea4dd4c6e61e60ae51d24bc662c"},"headline":"G\u00fcrc\u00fcstanda COVID-19-a qar\u015f\u0131 vaksinasiya ba\u015flay\u0131b","datePublished":"2021-03-15T18:18:58+00:00","dateModified":"2021-03-17T08:40:30+00:00","mainEntityOfPage":{"@id":"https:\/\/jam-news.net\/az\/gurcustanda-covid-19-a-qarsi-vaksinasiya-baslayib\/"},"wordCount":596,"publisher":{"@id":"https:\/\/jam-news.net\/az\/#organization"},"image":{"@id":"https:\/\/jam-news.net\/az\/gurcustanda-covid-19-a-qarsi-vaksinasiya-baslayib\/#primaryimage"},"thumbnailUrl":"https:\/\/jam-news.net\/app\/uploads\/2021\/03\/157476524_10222198282640263_4151749446164732548_o.jpeg","articleSection":["Georgia","Issues","News"],"inLanguage":"az"},{"@type":"WebPage","@id":"https:\/\/jam-news.net\/az\/gurcustanda-covid-19-a-qarsi-vaksinasiya-baslayib\/","url":"https:\/\/jam-news.net\/az\/gurcustanda-covid-19-a-qarsi-vaksinasiya-baslayib\/","name":"G\u00fcrc\u00fcstanda COVID-19-a qar\u015f\u0131 vaksinasiya ba\u015flay\u0131b - JAMnews","isPartOf":{"@id":"https:\/\/jam-news.net\/az\/#website"},"primaryImageOfPage":{"@id":"https:\/\/jam-news.net\/az\/gurcustanda-covid-19-a-qarsi-vaksinasiya-baslayib\/#primaryimage"},"image":{"@id":"https:\/\/jam-news.net\/az\/gurcustanda-covid-19-a-qarsi-vaksinasiya-baslayib\/#primaryimage"},"thumbnailUrl":"https:\/\/jam-news.net\/app\/uploads\/2021\/03\/157476524_10222198282640263_4151749446164732548_o.jpeg","datePublished":"2021-03-15T18:18:58+00:00","dateModified":"2021-03-17T08:40:30+00:00","description":"G\u00fcrc\u00fcstanda COVID-19-a qar\u015f\u0131 peyv\u0259ndl\u0259r ilkin m\u0259r\u0259l\u0259d\u0259 tibb hey\u0259tin\u0259 vurulacaq","breadcrumb":{"@id":"https:\/\/jam-news.net\/az\/gurcustanda-covid-19-a-qarsi-vaksinasiya-baslayib\/#breadcrumb"},"inLanguage":"az","potentialAction":[{"@type":"ReadAction","target":["https:\/\/jam-news.net\/az\/gurcustanda-covid-19-a-qarsi-vaksinasiya-baslayib\/"]}]},{"@type":"ImageObject","inLanguage":"az","@id":"https:\/\/jam-news.net\/az\/gurcustanda-covid-19-a-qarsi-vaksinasiya-baslayib\/#primaryimage","url":"https:\/\/jam-news.net\/app\/uploads\/2021\/03\/157476524_10222198282640263_4151749446164732548_o.jpeg","contentUrl":"https:\/\/jam-news.net\/app\/uploads\/2021\/03\/157476524_10222198282640263_4151749446164732548_o.jpeg","width":1200,"height":675},{"@type":"BreadcrumbList","@id":"https:\/\/jam-news.net\/az\/gurcustanda-covid-19-a-qarsi-vaksinasiya-baslayib\/#breadcrumb","itemListElement":[{"@type":"ListItem","position":1,"name":"Home","item":"https:\/\/jam-news.net\/az\/"},{"@type":"ListItem","position":2,"name":"G\u00fcrc\u00fcstanda COVID-19-a qar\u015f\u0131 vaksinasiya ba\u015flay\u0131b"}]},{"@type":"WebSite","@id":"https:\/\/jam-news.net\/az\/#website","url":"https:\/\/jam-news.net\/az\/","name":"Azerbaijani Jamnews","description":"Caucasus News, Politics and Society","publisher":{"@id":"https:\/\/jam-news.net\/az\/#organization"},"potentialAction":[{"@type":"SearchAction","target":{"@type":"EntryPoint","urlTemplate":"https:\/\/jam-news.net\/az\/?s={search_term_string}"},"query-input":{"@type":"PropertyValueSpecification","valueRequired":true,"valueName":"search_term_string"}}],"inLanguage":"az"},{"@type":"Organization","@id":"https:\/\/jam-news.net\/az\/#organization","name":"JAMnews","url":"https:\/\/jam-news.net\/az\/","logo":{"@type":"ImageObject","inLanguage":"az","@id":"https:\/\/jam-news.net\/az\/#\/schema\/logo\/image\/","url":"https:\/\/jam-news.net\/app\/uploads\/2020\/05\/JAM_w.jpg","contentUrl":"https:\/\/jam-news.net\/app\/uploads\/2020\/05\/JAM_w.jpg","width":960,"height":960,"caption":"JAMnews"},"image":{"@id":"https:\/\/jam-news.net\/az\/#\/schema\/logo\/image\/"},"sameAs":["https:\/\/www.facebook.com\/JAMnewsInEnglish\/","https:\/\/x.com\/JAMnewsCaucasus","https:\/\/www.instagram.com\/jam_news\/","https:\/\/www.youtube.com\/channel\/UCXQbUCme2pykuZYXWHx4VPg"]},{"@type":"Person","@id":"https:\/\/jam-news.net\/az\/#\/schema\/person\/86c90ea4dd4c6e61e60ae51d24bc662c","name":"Tatia nikoladze","image":{"@type":"ImageObject","inLanguage":"az","@id":"https:\/\/jam-news.net\/az\/#\/schema\/person\/image\/","url":"https:\/\/secure.gravatar.com\/avatar\/1f8b2c8ce4c25cc30806785bafe6bb03?s=96&d=mm&r=g","contentUrl":"https:\/\/secure.gravatar.com\/avatar\/1f8b2c8ce4c25cc30806785bafe6bb03?s=96&d=mm&r=g","caption":"Tatia nikoladze"},"url":"https:\/\/jam-news.net\/az\/author\/tatiani\/"}]}},"_links":{"self":[{"href":"https:\/\/jam-news.net\/az\/wp-json\/wp\/v2\/posts\/44359","targetHints":{"allow":["GET"]}}],"collection":[{"href":"https:\/\/jam-news.net\/az\/wp-json\/wp\/v2\/posts"}],"about":[{"href":"https:\/\/jam-news.net\/az\/wp-json\/wp\/v2\/types\/post"}],"author":[{"embeddable":true,"href":"https:\/\/jam-news.net\/az\/wp-json\/wp\/v2\/users\/6"}],"replies":[{"embeddable":true,"href":"https:\/\/jam-news.net\/az\/wp-json\/wp\/v2\/comments?post=44359"}],"version-history":[{"count":3,"href":"https:\/\/jam-news.net\/az\/wp-json\/wp\/v2\/posts\/44359\/revisions"}],"predecessor-version":[{"id":44423,"href":"https:\/\/jam-news.net\/az\/wp-json\/wp\/v2\/posts\/44359\/revisions\/44423"}],"wp:featuredmedia":[{"embeddable":true,"href":"https:\/\/jam-news.net\/az\/wp-json\/wp\/v2\/media\/44332"}],"wp:attachment":[{"href":"https:\/\/jam-news.net\/az\/wp-json\/wp\/v2\/media?parent=44359"}],"wp:term":[{"taxonomy":"category","embeddable":true,"href":"https:\/\/jam-news.net\/az\/wp-json\/wp\/v2\/categories?post=44359"},{"taxonomy":"post_tag","embeddable":true,"href":"https:\/\/jam-news.net\/az\/wp-json\/wp\/v2\/tags?post=44359"},{"taxonomy":"formation","embeddable":true,"href":"https:\/\/jam-news.net\/az\/wp-json\/wp\/v2\/formation?post=44359"},{"taxonomy":"post-author","embeddable":true,"href":"https:\/\/jam-news.net\/az\/wp-json\/wp\/v2\/post-author?post=44359"},{"taxonomy":"topic","embeddable":true,"href":"https:\/\/jam-news.net\/az\/wp-json\/wp\/v2\/topic?post=44359"},{"taxonomy":"tooltip","embeddable":true,"href":"https:\/\/jam-news.net\/az\/wp-json\/wp\/v2\/tooltip?post=44359"},{"taxonomy":"city","embeddable":true,"href":"https:\/\/jam-news.net\/az\/wp-json\/wp\/v2\/city?post=44359"}],"curies":[{"name":"wp","href":"https:\/\/api.w.org\/{rel}","templated":true}]}}