{"id":4427,"date":"2016-12-27T00:00:00","date_gmt":"2016-12-27T00:00:00","guid":{"rendered":"http:\/\/jam-news.net\/az\/the-madrid-principles-delights-and-risks\/"},"modified":"2020-07-31T14:05:28","modified_gmt":"2020-07-31T10:05:28","slug":"the-madrid-principles-delights-and-risks","status":"publish","type":"post","link":"https:\/\/jam-news.net\/az\/the-madrid-principles-delights-and-risks\/","title":{"rendered":"Status-kvo varm\u0131?"},"content":{"rendered":"<h5 style=\"text-align: left;\"><span style=\"font-size: 12pt;\">T\u0259mas x\u0259tti boyu qulaqbat\u0131ran sakitlik h\u00f6km s\u00fcr\u00fcr. Art\u0131q 30 ildir ki, Erm\u0259nistan v\u0259 Az\u0259rbaycan h\u0259rb\u00e7il\u0259rini ay\u0131ran bu bir ne\u00e7\u0259 y\u00fcz metrlik sah\u0259 bu qar\u015f\u0131durman\u0131n insani t\u0259r\u0259fin\u0259 ist\u0259nil\u0259n eyham\u0131 m\u0259hv edir.\u00a0<\/span><\/h5>\n<p><span style=\"font-size: 12pt;\">Binokldan ancaq d\u00fc\u015fm\u0259n istehkam\u0131n\u0131n yuxar\u0131 hiss\u0259sini g\u00f6rm\u0259k m\u00fcmk\u00fcnd\u00fcr. Perimetrd\u0259 ist\u0259nil\u0259n ehtiyats\u0131z h\u0259r\u0259k\u0259t an\u0131ndaca silah\u0131n h\u0259d\u0259f obyektin\u0259 \u00e7evrilir.<\/span><\/p>\n<p style=\"text-align: center;\"><span style=\"color: #800000;\"><strong><span style=\"font-size: 14pt;\">\u00c7\u0259tin ki, bu yax\u0131nlarda kims\u0259 dinc\u0259l\u0259 bilsin<\/span><\/strong><\/span><\/p>\n<p><span style=\"font-size: 12pt;\">46 ya\u015fl\u0131 polkovnik leytenant Mqer Sarkisyan ba\u015fqa c\u00fcr ola bil\u0259c\u0259yin\u0259 inanm\u0131r. H\u0259yat\u0131n\u0131n az qala yar\u0131s\u0131n\u0131 s\u0259ng\u0259rl\u0259rd\u0259 ke\u00e7irib, m\u00fcharib\u0259d\u0259n d\u0259rhal sonra burada birinci olaraq ilk taxta istehkamlar qura\u015fd\u0131ranlardan biri olub, o vaxt bu m\u0259qs\u0259dl\u0259r \u00fc\u00e7\u00fcn Bak\u0131ya q\u0259d\u0259r ged\u0259n regionun \u0259sas d\u0259mir yolunun s\u00f6k\u00fclm\u00fc\u015f \u015fpalalar\u0131n\u0131 istifad\u0259 etdil\u0259r. Sonra da torpaq s\u0259ng\u0259rl\u0259ri betonla b\u0259rkitdil\u0259r. Bu g\u00fcn Mqer b\u00fct\u00fcn t\u0259mas x\u0259tti v\u0259 ya burada dedikl\u0259ri kimi, \u201cc\u0259bh\u0259 x\u0259tti\u201d boyu uzanan 25 kilometr uzunlu\u011funda tora cavabdehdir.\u00a0<\/span><\/p>\n<p><span style=\"font-size: 12pt;\">Bu x\u0259tt Da\u011fl\u0131q Qaraba\u011fda ba\u015f ver\u0259n m\u00fcharib\u0259d\u0259n sonra, 1990-c\u0131 ill\u0259rin birinci yar\u0131s\u0131nda yaranma\u011fa ba\u015flad\u0131. O vaxt yerli k\u00f6n\u00fcll\u00fcl\u0259rd\u0259n ba\u015fqa, d\u00f6y\u00fc\u015fl\u0259rd\u0259 o vaxta q\u0259d\u0259r\u00a0 Sovet \u0130ttifaq\u0131n\u0131n t\u0259rkibind\u0259 olan, yeni yaranan iki qon\u015fu \u00f6lk\u0259rl\u0259rin \u2013 Erm\u0259nistan v\u0259 Az\u0259rbaycan\u0131n ordular\u0131 i\u015ftirak edirdi.\u00a0<\/span><\/p>\n<p><span style=\"font-size: 12pt;\">\u201cEl\u0259 bir g\u00fcn g\u0259lsin ki, buradan ham\u0131m\u0131z evimiz\u0259-e\u015fiyimiz\u0259 dinc\u0259lm\u0259y\u0259 ged\u0259k?\u201d &#8211; polkovnik leytenant g\u00fcl\u00fcms\u0259y\u0259r\u0259k deyir v\u0259 diqq\u0259tl\u0259 donmu\u015f sif\u0259tim\u0259 tu\u015flanan g\u00f6zl\u0259rind\u0259: \u201cq\u0131z\u0131m, y\u0259qin zarafat edirs\u0259n\u201d, &#8211; sual\u0131 oxunur.<\/span><\/p>\n<p><span style=\"font-size: 12pt;\">H\u0259rb\u00e7i yolda\u015flar\u0131 g\u00fccl\u0259 \u00f6zl\u0259rini g\u00fclm\u0259kd\u0259n saxlay\u0131rlar.<\/span><\/p>\n<p><span style=\"font-size: 12pt;\">\u201cBu, he\u00e7 vaxt olmayacaq!\u201d \u2013 h\u0259ms\u00f6hb\u0259tim \u0259minlikl\u0259 deyir v\u0259 \u0259lini yell\u0259y\u0259r\u0259k, h\u0259rbi istehkamlarda yolumu davam etm\u0259k \u00fc\u00e7\u00fcn hans\u0131 istiqam\u0259td\u0259 getm\u0259li oldu\u011fumu g\u00f6st\u0259rir.\u00a0<\/span><\/p>\n<p><span style=\"font-size: 12pt;\">B\u00fct\u00fcn bu m\u00fcnaqi\u015f\u0259 ill\u0259ri \u0259rzind\u0259 polkovnik leytenant Sarkisyan m\u00fcharib\u0259nin n\u0259 vaxtsa bit\u0259 bil\u0259c\u0259yi fikrini bel\u0259 \u00f6z\u00fcnd\u0259n uzaq tutur.<\/span><\/p>\n<p style=\"text-align: center;\"><span style=\"color: #800000;\"><strong><span style=\"font-size: 14pt;\">S\u0259ng\u0259r diplomatiyas\u0131<\/span><\/strong><\/span><\/p>\n<p><span style=\"font-size: 12pt;\">Son bir ne\u00e7\u0259 h\u0259ft\u0259 \u0259rzind\u0259 h\u0259r iki t\u0259r\u0259fd\u0259n h\u0259rbi m\u00f6vqel\u0259r paytaxtlardan y\u00fcks\u0259k v\u0259zif\u0259li \u015f\u0259xsl\u0259rin \u0259m\u0259lli-ba\u015fl\u0131 \u201cbasq\u0131n\u201d\u0131na m\u0259ruz qal\u0131b. H\u0259m Erm\u0259nistan\u0131n, h\u0259m d\u0259 Az\u0259rbaycan\u0131n liderl\u0259ri s\u0259ng\u0259rl\u0259r\u0259 s\u0259f\u0259rl\u0259ri birg\u0259 dan\u0131\u015f\u0131qlardan \u00fcst\u00fcn tutdular.<\/span><\/p>\n<p><span style=\"font-size: 12pt;\">\u018fvv\u0259lc\u0259 \u0130lham \u018fliyev, ondan bir ne\u00e7\u0259 h\u0259ft\u0259 sonra da Serj Sarqsyan h\u0259rbi geyimd\u0259 c\u0259bh\u0259 x\u0259ttin\u0259 yollanaraq, bir-birl\u0259rinin m\u00f6vqel\u0259rini binokldan izl\u0259dil\u0259r. Beyn\u0259lxalq vasit\u0259\u00e7il\u0259r regionun taleyin\u0259 cavabdeh olan iki lideri onlar\u0131n t\u0259klifl\u0259rini m\u00fczakir\u0259 etm\u0259k m\u0259qs\u0259diyl\u0259 bir masa arxas\u0131na oturmaq \u00fc\u00e7\u00fcn dil\u0259 tuta bilm\u0259di.<\/span><\/p>\n<h5 style=\"text-align: right;\"><img loading=\"lazy\" decoding=\"async\" class=\"wp-image-9306 size-large\" src=\"http:\/\/jam-news.net\/app\/uploads\/2016\/12\/1-10-1024x743.jpg\" alt=\"1\" width=\"785\" height=\"570\" \/>Serj Sarqsyan. Foto Erm\u0259nistan prezidentinin r\u0259smi sayt\u0131ndan g\u00f6t\u00fcr\u00fcl\u00fcb<\/h5>\n<h5 style=\"text-align: right;\"><img loading=\"lazy\" decoding=\"async\" class=\"wp-image-9307 size-large aligncenter\" src=\"http:\/\/jam-news.net\/app\/uploads\/2016\/12\/2-5-1024x682.jpg\" alt=\"2\" width=\"785\" height=\"523\" \/><\/h5>\n<h5 style=\"text-align: right;\">\u0130lham \u018fliyev. Foto Az\u0259rbaycan prezidentinin r\u0259smi sayt\u0131ndan g\u00f6t\u00fcr\u00fcl\u00fcb<\/h5>\n<p><span style=\"font-size: 12pt;\">Aprel g\u0259rginliyind\u0259n sonra AT\u018fT m\u00fc\u015fahid\u0259\u00e7il\u0259rinin missiyas\u0131n\u0131 g\u00fccl\u0259ndirm\u0259k ideyas\u0131 yarand\u0131, bunun da say\u0259sind\u0259 insidentl\u0259rin say\u0131n\u0131n v\u0259 \u00fcmumilikd\u0259 regionda g\u0259rginliyin azalmas\u0131na \u00fcmid yarana bil\u0259r. Bu ideyan\u0131n m\u00fczakir\u0259si prezidentl\u0259rin son iki g\u00f6r\u00fc\u015f\u00fc zaman\u0131 ke\u00e7irilib, amma onlar t\u0259r\u0259fd\u0259n sonda raz\u0131l\u0131q \u0259ld\u0259 olunmay\u0131b.<\/span><\/p>\n<p><span style=\"font-size: 12pt;\">M\u00f6vcud olan AT\u018fT missiyas\u0131n\u0131n m\u00fc\u015fahid\u0259\u00e7il\u0259rinin say\u0131n\u0131 art\u0131rmaq, onlara ist\u0259nil\u0259n vaxt m\u00fcnaqi\u015f\u0259 zonas\u0131nda ist\u0259nil\u0259n n\u00f6qt\u0259y\u0259 getm\u0259k imkan\u0131 verm\u0259k, h\u0259m d\u0259 onlara t\u0259r\u0259fl\u0259rin n\u00fcmay\u0259nd\u0259l\u0259ri xahi\u015fl\u0259 m\u00fcraci\u0259t etdiyi halda insidentl\u0259rin ara\u015fd\u0131r\u0131lmas\u0131n\u0131 aparmaq t\u0259klif olunurdu.<\/span><\/p>\n<p><span style=\"font-size: 12pt;\">\u00d6t\u0259n g\u00f6r\u00fc\u015fl\u0259r v\u0259 m\u00fczakir\u0259l\u0259r zaman\u0131 he\u00e7 kim bu c\u00fcr t\u0259klifd\u0259n imtina etmirdi. Amma bu t\u0259klif uzun ill\u0259r s\u00fcr\u0259n dan\u0131\u015f\u0131qlar prosesi fonunda ir\u0259li s\u00fcr\u00fclm\u00fc\u015fd\u00fc, hans\u0131 ki h\u0259r hans\u0131 bir ir\u0259lil\u0259yi\u015f g\u0259tirm\u0259mi\u015fdi v\u0259 \u00fcmumiyy\u0259tl\u0259 \u00f6z\u00fc \u00f6z\u00fcn\u00fc t\u00fck\u0259tmi\u015fdi. \u0130\u015f\u011fal olunmu\u015f \u0259razil\u0259rin azad edilm\u0259si v\u0259 ya az\u0259rbaycanl\u0131 qa\u00e7q\u0131nlar\u0131n qaytar\u0131lmas\u0131 m\u0259s\u0259l\u0259si h\u0259ll olunmam\u0131\u015f qal\u0131rd\u0131, eyn\u0259n Da\u011fl\u0131q Qaraba\u011f Respublikas\u0131n\u0131n d\u00f6vl\u0259t\u00e7iliyinin tan\u0131nmas\u0131 il\u0259 ba\u011fl\u0131 t\u0259klif kimi. Buna g\u00f6r\u0259 d\u0259 m\u00fc\u015fahid\u0259\u00e7il\u0259rin missiyas\u0131n\u0131n art\u0131r\u0131lmas\u0131 il\u0259 ba\u011fl\u0131 t\u0259klif zaman\u0131 bel\u0259 bir sual yarand\u0131: regiona m\u00fc\u015fahid\u0259\u00e7il\u0259r missiyas\u0131 g\u0259l\u0259nd\u0259n sonra n\u0259 ba\u015f ver\u0259c\u0259k? S\u00fclh prosesind\u0259 bu n\u00f6vb\u0259ti add\u0131m\u0131n nec\u0259 olmas\u0131 il\u0259 ba\u011fl\u0131 m\u0259s\u0259l\u0259d\u0259 t\u0259r\u0259fl\u0259r n\u00f6vb\u0259ti d\u0259f\u0259 d\u0259 raz\u0131l\u0131\u011fa g\u0259l\u0259 bilm\u0259dil\u0259r.<\/span><\/p>\n<p><span style=\"font-size: 12pt;\">\u0130ki \u00f6lk\u0259 liderl\u0259ri s\u0259ng\u0259rl\u0259r\u0259 ba\u015f \u00e7\u0259kdikl\u0259ri vaxt, onlar\u0131n nazirl\u0259ri diplomatik m\u00fcharib\u0259nin f\u0259al m\u0259rh\u0259l\u0259sind\u0259 idil\u0259r. AT\u018fT-\u0259 \u00fczv \u00f6lk\u0259l\u0259rin Hamburqdak\u0131 n\u00f6vb\u0259ti g\u00f6r\u00fc\u015f\u00fcnd\u0259 az\u0259rbaycanl\u0131 nazir erm\u0259ni t\u0259r\u0259fini Qaraba\u011f\u0131 Bak\u0131n\u0131n birba\u015fa n\u0259zar\u0259ti alt\u0131na qaytar\u0131lmas\u0131na deyil, status-kvonun saxlanmas\u0131na y\u00f6n\u0259l\u0259n dan\u0131\u015f\u0131q prosesini q\u0259sd\u0259n uzatmaqda ittiham etdi.\u00a0 Elmar M\u0259mm\u0259dyarov \u0259minlikl\u0259 prosesin davam\u0131n\u0131 nec\u0259 g\u00f6rd\u00fcy\u00fcn\u00fc bildirdi: Erm\u0259nistan ordusu Qaraba\u011fdan \u00e7\u0131xar\u0131l\u0131r, n\u0259qliyyat infrastrukturu b\u0259rpa olunur, qa\u00e7q\u0131nlar\u0131n qaytar\u0131lmas\u0131 prosesin\u0259 ba\u015flan\u0131l\u0131r, eyni zamanda regiona t\u0259hl\u00fck\u0259sizlikl\u0259 ba\u011fl\u0131 z\u0259man\u0259tl\u0259r verilir.<\/span><\/p>\n<p><span style=\"font-size: 12pt;\">Onun erm\u0259ni h\u0259mkar\u0131 is\u0259 \u00fcnvan\u0131na s\u0259sl\u0259ndiril\u0259n ittiham\u0131 \u201ctarakan ayaql\u0131 yalan\u201d adland\u0131rd\u0131. Edvard Nalbandyan\u0131n s\u00f6zl\u0259rin\u0259 g\u00f6r\u0259, Az\u0259rbaycan m\u00fcnaqi\u015f\u0259nin dinc yolla nizamlanmas\u0131 m\u0259nz\u0259r\u0259sini ancaq bir m\u0259qs\u0259dl\u0259 t\u0259svir edir &#8211; \u0259halini v\u0259 beyn\u0259lxalq ictimaiyy\u0259ti inand\u0131rma\u011fa \u00e7al\u0131\u015f\u0131r ki, m\u00fcharib\u0259 ehtiyatda qalan yegan\u0259 vasit\u0259dir.<\/span><\/p>\n<p><span style=\"font-size: 12pt;\">O dedi ki, n\u0259 qaraba\u011fl\u0131lar\u0131n, n\u0259 d\u0259 Erm\u0259nistan sakinl\u0259rinin Bak\u0131ya etibar\u0131 yoxdur, \u00e7\u00fcnki h\u0259tta son g\u0259rginlik zaman\u0131 erm\u0259ni \u0259sg\u0259rl\u0259ri v\u0259 yer\u015fli ya\u015fl\u0131 sakinl\u0259r\u0259 i\u015fg\u0259nc\u0259l\u0259rin verilm\u0259si, \u0259l-ayaqlar\u0131n\u0131n k\u0259silm\u0259si hallar\u0131 olub. Az\u0259rbaycan t\u0259r\u0259find\u0259n buna g\u00f6r\u0259 m\u0259suliyy\u0259t da\u015f\u0131yan olmad\u0131.<\/span><\/p>\n<p><span style=\"font-size: 12pt;\">Bu c\u00fcr a\u00e7\u0131q m\u00fcbahis\u0259d\u0259n sonra nazirl\u0259r aprel qar\u015f\u0131durmas\u0131nda n\u00f6qt\u0259 qoymadan evl\u0259rin\u0259 qay\u0131td\u0131lar.<\/span><\/p>\n<p style=\"text-align: center;\"><span style=\"color: #800000;\"><strong><span style=\"font-size: 14pt;\">\u201cNiy\u0259 siz b\u00fct\u00fcn bunlar\u0131 bitirm\u0259diz?\u201d v\u0259 ya he\u00e7 kim\u0259 laz\u0131m olmayan status-kvo<\/span><\/strong><\/span><\/p>\n<p><span style=\"font-size: 12pt;\">C\u0259bh\u0259 x\u0259ttind\u0259ki s\u0259ng\u0259rl\u0259rd\u0259n art\u0131q Qaraba\u011f g\u0259ncl\u0259rinin \u00fc\u00e7\u00fcnc\u00fc n\u0259sli ke\u00e7ir. H\u0259r bir yerli g\u0259nc o\u011flan iki il \u0259rzind\u0259 h\u0259rbi xidm\u0259td\u0259 olmal\u0131d\u0131r, burada buna m\u00fcnasib\u0259t \u00e7ox ciddidir. Onlar\u0131n \u0259ks\u0259riyy\u0259ti \u00fc\u00e7\u00fcn s\u0259ng\u0259rl\u0259rd\u0259 xidm\u0259t \u2013 onlar\u0131n h\u0259yat qanunlar\u0131n\u0131 \u00f6yr\u0259ndiyi \u0259sas, b\u0259z\u0259n d\u0259 yegan\u0259 institut olur. \u00a0<\/span><\/p>\n<p><span style=\"font-size: 12pt;\">\u00c7oxlar\u0131 \u00fc\u00e7\u00fcn aprel g\u0259rginliyi birinci \u0259sl d\u00f6y\u00fc\u015f d\u00f6vr\u00fc oldu. Bir ne\u00e7\u0259 saata m\u00f6vqel\u0259r\u0259 y\u00fczl\u0259rl\u0259 yerli ki\u015fi g\u0259ldi. H\u0259r birin\u0259 d\u0259 silah v\u0259 h\u0259rbi geyim verdil\u0259r.<\/span><\/p>\n<p><span style=\"font-size: 12pt;\">\u201cAta o\u011flu il\u0259 \u00e7iyin-\u00e7iyin\u0259 dayanm\u0131\u015fd\u0131\u201d, &#8211; polkovnik leytenant Sarkisyan dan\u0131\u015f\u0131r.<\/span><\/p>\n<p><span style=\"font-size: 12pt;\">O deyir ki, bu c\u00fcr q\u0259l\u0259b\u0259lik m\u00f6vqel\u0259rd\u0259 qar\u0131\u015f\u0131ql\u0131\u011fa s\u0259b\u0259b olmad\u0131, \u00e7\u00fcnki h\u0259r biri \u201cn\u0259 etm\u0259li oldu\u011funu v\u0259 \u0259mrin haradan g\u0259ldiyini\u201d d\u0259qiq bilirdi.<\/span><\/p>\n<p><span style=\"font-size: 12pt;\">Bu c\u00fcr d\u00f6y\u00fc\u015f \u0259hval-ruhiyy\u0259si haqq\u0131nda g\u0259lm\u0259l\u0259r\u0259 b\u00f6y\u00fck q\u00fcrurla dan\u0131\u015f\u0131rlar. Amma bu hekay\u0259nin o biri \u00fcze d\u0259 var.<\/span><\/p>\n<p><span style=\"font-size: 12pt;\">\u201cNiy\u0259 b\u00fct\u00fcn bunlar\u0131 vaxt\u0131nda bitirm\u0259diz?! Bunu biz\u0259 nec\u0259 saxlaya bildiz! \u2013 bac\u0131m\u0131n o\u011flu q\u0131\u015fq\u0131ra-q\u0131\u015fq\u0131ra m\u0259n\u0259 v\u0259 bac\u0131ma deyirdi\u201d, &#8211; yerevanl\u0131 t\u0259dqiqat\u00e7\u0131 m\u0259n\u0259 do\u011fma Qaraba\u011f diyar\u0131nda aprel hadis\u0259l\u0259rind\u0259n bir q\u0259d\u0259r sonra ba\u015f ver\u0259nl\u0259ri dan\u0131\u015f\u0131r.<\/span><\/p>\n<p><span style=\"font-size: 12pt;\">\u201cBu da h\u0259min m\u00fcharib\u0259nin o biri \u00fcz\u00fc idi. Ona dem\u0259y\u0259 s\u00f6z\u00fcm\u00fcz d\u0259 yoxuydu: m\u00fcharib\u0259nin ilk satlar\u0131nda onun \u00fc\u00e7 dostu h\u0259lak oldu\u201d.<\/span><\/p>\n<p><span style=\"font-size: 12pt;\">Bir \u00e7ox yer\u015fli sakinl\u0259r kimi bu g\u0259nc \u00fc\u00e7\u00fcn d\u0259 aprel hadis\u0259l\u0259ri uzun ill\u0259rd\u0259n sonra m\u00fcharib\u0259nin real t\u0259hdid olmas\u0131 bar\u0259d\u0259 xat\u0131rlatma oldu. 20 il\u0259 yax\u0131n nisbi s\u00fclh \u015f\u0259raitind\u0259 Qaraba\u011f art\u0131q b\u0259rpa olundu v\u0259 daha \u00e7ox de-fakto da olsa funksional, \u00f6z b\u00fcdc\u0259sinin he\u00e7 olmasa 40 faizini t\u0259min etm\u0259k imkan\u0131 olan v\u0259 yerli hakimiyy\u0259tin qollar\u0131nda islahatlar\u0131 davam etdirm\u0259k niyy\u0259tind\u0259 olan d\u00f6vl\u0259t\u0259 b\u0259nz\u0259m\u0259y\u0259 ba\u015flad\u0131.\u00a0 \u0130nsanlar\u0131n n\u0259inki ya\u015famaq \u00fc\u00e7\u00fcn pulu var, onlar h\u0259yatlar\u0131n\u0131 yenid\u0259n qurdular, biznesin inki\u015faf etdirilm\u0259si, xaricd\u0259 t\u0259hsil alma\u011f\u0131n vacibliyi v\u0259 \u00fcmumiyy\u0259tl\u0259 h\u0259rbi v\u0259ziyy\u0259t\u0259 qay\u0131td\u0131qlar\u0131 halda d\u00fc\u015f\u00fcn\u0259 bilm\u0259y\u0259c\u0259kl\u0259ri bir \u00e7ox ba\u015fqa \u015feyl\u0259r bar\u0259d\u0259 fikirl\u0259\u015fm\u0259y\u0259 ba\u015flad\u0131lar.<\/span><\/p>\n<p><span style=\"font-size: 12pt;\">S\u0259ng\u0259r h\u0259yat\u0131 yerli ya\u015fam\u0131n normas\u0131na \u00e7evrils\u0259 d\u0259, Qaraba\u011f\u0131n dinc \u015f\u0259raitd\u0259 inki\u015faf\u0131na imkan yarad\u0131rd\u0131. Yerli sakinl\u0259r \u00fc\u00e7\u00fcn m\u00fcharib\u0259 hardasa orada, m\u00f6vqel\u0259rd\u0259 gedir, yerd\u0259 qalanlar is\u0259 ya\u015fama\u011fa v\u0259 inki\u015faf etm\u0259y\u0259 davam edirdi.<\/span><\/p>\n<p><span style=\"font-size: 12pt;\">Bunun \u0259n parlaq n\u00fcmin\u0259si yerli iri fermerl\u0259 ba\u011fl\u0131 \u0259hvalat oldu, real h\u0259rbi qar\u015f\u0131durman\u0131n ba\u015flanmas\u0131n\u0131 sonuna q\u0259d\u0259r d\u0259rk ed\u0259 bilm\u0259y\u0259n fermer h\u0259rbi r\u0259hb\u0259rliyi dil\u0259 tutma\u011fa ba\u015flad\u0131 ki, tanklar\u0131n tarlalar\u0131n i\u00e7ind\u0259n ke\u00e7m\u0259sin\u0259 icaz\u0259 verm\u0259sinl\u0259r. O h\u0259l\u0259 d\u0259 s\u00fclh \u015f\u0259raitind\u0259ki Qaraba\u011fda ya\u015fay\u0131rd\u0131, apreld\u0259 is\u0259 h\u0259min yer g\u00f6zl\u0259nilm\u0259d\u0259n m\u00fcharib\u0259 meydan\u0131na \u00e7evrildi.<\/span><\/p>\n<p><span style=\"font-size: 12pt;\">Amma h\u0259ll olunmam\u0131\u015f probleml\u0259 d\u0259 burada ya\u015famaq ist\u0259y\u0259nl\u0259r azd\u0131r. \u0130ndiki Qaraba\u011f sakinl\u0259ri kimi, s\u00f6hb\u0259t etdiyim A\u011fdam qa\u00e7q\u0131n\u0131, Sankt-Peterburqda Az\u0259rbaycan \u0259silli adl\u0131-sanl\u0131 akademik \u00fc\u00e7\u00fcn d\u0259 status-kvo yolverilm\u0259zdir:\u00a0<\/span><\/p>\n<p><span style=\"font-size: 12pt;\">\u201cBu, ne\u00e7\u0259 ildir ki, bel\u0259 davam edir, b\u00f6y\u00fcy\u0259n n\u0259sil art\u0131q ev\u0259 qay\u0131tma\u011f\u0131 xahi\u015f yox, t\u0259l\u0259b edir\u201d, &#8211; Bak\u0131 r\u0259hb\u0259rliyinin davran\u0131\u015f\u0131n\u0131n s\u0259b\u0259bini o m\u0259n\u0259 bel\u0259 izah edir.<\/span><\/p>\n<p><span style=\"font-size: 12pt;\">Qaraba\u011fdan olan minl\u0259rl\u0259 qa\u00e7q\u0131n kimi o da evinin xarabal\u0131qlar\u0131n\u0131 ancaq Google Maps vasit\u0259siyl\u0259 izl\u0259y\u0259 bilirl\u0259r. Bu v\u0259ziyy\u0259tl\u0259 d\u0259 bar\u0131\u015fma\u011fa haz\u0131rla\u015fm\u0131r.<\/span><\/p>\n<p style=\"text-align: center;\"><span style=\"color: #800000;\"><strong><span style=\"font-size: 14pt;\">Q\u0131\u015f uzunlu\u011funda fasil\u0259<\/span><\/strong><\/span><\/p>\n<p><span style=\"font-size: 12pt;\">Aprel qar\u015f\u0131durmas\u0131ndan sonrak\u0131 bir il \u0259rzind\u0259 h\u0259r iki t\u0259r\u0259fd\u0259n yerli \u00f6l\u00e7\u00fcl\u0259r\u0259 g\u00f6r\u0259, b\u00f6y\u00fck miqyasl\u0131 tikinti i\u015fl\u0259ri gedirdi. K\u00f6hn\u0259 s\u0259ng\u0259rl\u0259r\u0259 yenil\u0259ri \u0259lav\u0259 olunurdu, yollar daha yax\u015f\u0131 qorunma\u011fa ba\u015fland\u0131, x\u00fcsusi izl\u0259m\u0259 texnikas\u0131 g\u0259tirildi. B\u00fct\u00fcn bunlar zaman\u0131 g\u0259l\u0259nd\u0259 qar\u015f\u0131ya qoyulan v\u0259zif\u0259ni minimal itkil\u0259rl\u0259 yerin\u0259 yetirm\u0259k \u00fc\u00e7\u00fcn edilirdi.\u00a0<\/span><\/p>\n<p><span style=\"font-size: 12pt;\">Ancaq soyuqlar d\u00fc\u015f\u0259nd\u0259n sonra m\u00f6vqel\u0259rd\u0259n a\u011f\u0131r texnikan\u0131 \u00e7\u0131xarma\u011fa ba\u015flad\u0131lar. Amma onlar\u0131 da bir an\u0131n i\u00e7ind\u0259 \u00e7\u0131xma\u011fa m\u00fcmk\u00fcn oldu\u011fu bazalara apard\u0131lar. At\u0131\u015fmalar bar\u0259d\u0259 g\u00fcnd\u0259lik x\u0259b\u0259rl\u0259rin say\u0131 da \u0259m\u0259lli-ba\u015fl\u0131 azald\u0131. Bel\u0259 al\u0131nd\u0131 ki, q\u0131\u015f soyu\u011fu \u0259n effektiv s\u00fclhm\u0259raml\u0131 rolunda \u00e7\u0131x\u0131\u015f etdi, bununla bel\u0259, yerli h\u0259rb\u00e7il\u0259r hesab edir ki, v\u0259ziyy\u0259t yaz ba\u015flayandan sonra d\u0259yi\u015f\u0259 bil\u0259r.<\/span><\/p>\n<p><span style=\"font-size: 12pt;\">S\u0259ng\u0259rin q\u0131ra\u011f\u0131nda, al\u00e7aq tavanl\u0131 tikilinin i\u00e7ind\u0259 iki yaruslu \u00e7arpay\u0131 durur. Divarlardan birin\u0259 qar\u015f\u0131durma zaman\u0131 h\u0259lak olan q\u0259hr\u0259manlar\u0131n siyah\u0131lar\u0131 vurulub. \u00dczb\u0259\u00fcz divardan Az\u0259rbaycan ordusunda m\u00fcxt\u0259lif r\u00fctb\u0259li h\u0259rb\u00e7il\u0259rin ni\u015fanlar\u0131 as\u0131l\u0131b.<\/span><\/p>\n<p><span style=\"font-size: 12pt;\">Yuxar\u0131 yarusdan qara yor\u011fan\u0131n alt\u0131ndan 18 ya\u015fl\u0131 o\u011flan\u0131n g\u00fcl\u00fcms\u0259y\u0259n yuxuli sif\u0259ti g\u00f6r\u00fcn\u00fcr, o\u011flan m\u0259n g\u0259l\u0259nd\u0259n bir az \u0259vv\u0259l gec\u0259 n\u00f6vb\u0259t\u00e7iliyind\u0259n qay\u0131d\u0131b.<\/span><\/p>\n<p><span style=\"font-size: 12pt;\">\u201cOralarda n\u0259 ba\u015f verdiyini bilirs\u0259n?\u201d \u2013 m\u0259nal\u0131 \u015f\u0259kild\u0259 barma\u011f\u0131m\u0131 tavana tu\u015flayaraq, \u0259n yuxar\u0131 r\u0259hb\u0259rliy\u0259 i\u015far\u0259 edir\u0259m.<\/span><\/p>\n<p><span style=\"font-size: 12pt;\">T\u0259b\u0259ss\u00fcm\u00fcn\u00fc gizl\u0259tm\u0259d\u0259n, ba\u015f\u0131n\u0131 yell\u0259yir, sonra da \u0259lini uzad\u0131b \u00f6z\u00fcnd\u0259n r\u00fctb\u0259c\u0259 b\u00f6y\u00fck olan\u0131n \u0259lind\u0259n pe\u00e7enye g\u00f6t\u00fcr\u00fcr.<\/span><\/p>\n<p><span style=\"font-size: 12pt;\">Bu o\u011flanlarn he\u00e7 birinin mobil telefonu v\u0259 televizoru yoxdur, buna g\u00f6r\u0259 d\u0259 siyasi b\u0259yanatlar v\u0259 diplomatik \u00e7\u0259ki\u015fm\u0259l\u0259rd\u0259n x\u0259b\u0259rl\u0259ri yoxdur.<\/span><\/p>\n<p><span style=\"font-size: 12pt;\">Ciddi n\u0259s\u0259 ba\u015flasa is\u0259 y\u0259qin ki, bundan x\u0259b\u0259r tutan birincil\u0259rd\u0259n olacaqlar. Ax\u0131 ba\u015flasa da birinci bu s\u0259ng\u0259rl\u0259rd\u0259n ba\u015flayacaq.<\/span><\/p>\n<p>&nbsp;<\/p>\n<p>&nbsp;<\/p>\n<p><span style=\"color: #800000;\"><strong><span style=\"font-size: 8pt;\">M\u0259qal\u0259d\u0259 bildiril\u0259n fikirl\u0259r m\u00fc\u0259llifin n\u00f6qteyi-n\u0259z\u0259rini \u0259ks etdirir v\u0259 redaksiyan\u0131n m\u00f6vqeyi il\u0259 \u00fcst-\u00fcst\u0259 d\u00fc\u015fm\u0259y\u0259 bil\u0259r<\/span><\/strong><\/span><\/p>\n<p><span style=\"color: #800000;\"><strong><span style=\"font-size: 8pt;\">D\u0259rc olunub: 27.12.2016<\/span><\/strong><\/span><\/p>\n","protected":false},"excerpt":{"rendered":"<p>Qaraba\u011f: m\u00fcharib\u0259 bitm\u0259y\u0259c\u0259k<\/p>\n","protected":false},"author":3,"featured_media":19338,"comment_status":"open","ping_status":"open","sticky":false,"template":"","format":"standard","meta":{"_acf_changed":false,"footnotes":""},"categories":[27,17,9,2,25,38,46,36,5,35],"tags":[],"formation":[],"post-author":[3660],"topic":[4954],"tooltip":[],"city":[],"class_list":["post-4427","post","type-post","status-publish","format-standard","has-post-thumbnail","hentry","category-ermnistan","category-azrbaycan","category-munaqislr","category-cografiya","category-cmiyyt","category-qarabag","category-fotohvalat","category-multimedia","category-siyast","category-hekaylr","post-author-olesya-vartanyan","topic-qarabag"],"acf":[],"yoast_head":"<!-- This site is optimized with the Yoast SEO plugin v24.1 - https:\/\/yoast.com\/wordpress\/plugins\/seo\/ -->\n<title>Status-kvo varm\u0131? - JAMnews<\/title>\n<meta name=\"robots\" content=\"index, follow, max-snippet:-1, max-image-preview:large, max-video-preview:-1\" \/>\n<link rel=\"canonical\" href=\"https:\/\/jam-news.net\/az\/the-madrid-principles-delights-and-risks\/\" \/>\n<meta property=\"og:locale\" content=\"az_AZ\" \/>\n<meta property=\"og:type\" content=\"article\" \/>\n<meta property=\"og:title\" content=\"Status-kvo varm\u0131? - JAMnews\" \/>\n<meta property=\"og:description\" content=\"Qaraba\u011f: m\u00fcharib\u0259 bitm\u0259y\u0259c\u0259k\" \/>\n<meta property=\"og:url\" content=\"https:\/\/jam-news.net\/az\/the-madrid-principles-delights-and-risks\/\" \/>\n<meta property=\"og:site_name\" content=\"Azerbaijani Jamnews\" \/>\n<meta property=\"article:publisher\" content=\"https:\/\/www.facebook.com\/JAMnewsInEnglish\/\" \/>\n<meta property=\"article:published_time\" content=\"2016-12-27T00:00:00+00:00\" \/>\n<meta property=\"article:modified_time\" content=\"2020-07-31T10:05:28+00:00\" \/>\n<meta property=\"og:image\" content=\"https:\/\/jam-news.net\/app\/uploads\/2020\/03\/22553690_10155757956466310_626824133_o-3.jpg\" \/>\n\t<meta property=\"og:image:width\" content=\"1200\" \/>\n\t<meta property=\"og:image:height\" content=\"800\" \/>\n\t<meta property=\"og:image:type\" content=\"image\/jpeg\" \/>\n<meta name=\"author\" content=\"JAMnews\" \/>\n<meta name=\"twitter:card\" content=\"summary_large_image\" \/>\n<meta name=\"twitter:creator\" content=\"@JAMnewsCaucasus\" \/>\n<meta name=\"twitter:site\" content=\"@JAMnewsCaucasus\" \/>\n<meta name=\"twitter:label1\" content=\"Written by\" \/>\n\t<meta name=\"twitter:data1\" content=\"JAMnews\" \/>\n\t<meta name=\"twitter:label2\" content=\"Est. reading time\" \/>\n\t<meta name=\"twitter:data2\" content=\"12 minutes\" \/>\n<script type=\"application\/ld+json\" class=\"yoast-schema-graph\">{\"@context\":\"https:\/\/schema.org\",\"@graph\":[{\"@type\":\"Article\",\"@id\":\"https:\/\/jam-news.net\/az\/the-madrid-principles-delights-and-risks\/#article\",\"isPartOf\":{\"@id\":\"https:\/\/jam-news.net\/az\/the-madrid-principles-delights-and-risks\/\"},\"author\":{\"name\":\"JAMnews\",\"@id\":\"https:\/\/jam-news.net\/az\/#\/schema\/person\/67df3bb7adb46cd513fb9c4cb02361c6\"},\"headline\":\"Status-kvo varm\u0131?\",\"datePublished\":\"2016-12-27T00:00:00+00:00\",\"dateModified\":\"2020-07-31T10:05:28+00:00\",\"mainEntityOfPage\":{\"@id\":\"https:\/\/jam-news.net\/az\/the-madrid-principles-delights-and-risks\/\"},\"wordCount\":2303,\"commentCount\":0,\"publisher\":{\"@id\":\"https:\/\/jam-news.net\/az\/#organization\"},\"image\":{\"@id\":\"https:\/\/jam-news.net\/az\/the-madrid-principles-delights-and-risks\/#primaryimage\"},\"thumbnailUrl\":\"https:\/\/jam-news.net\/app\/uploads\/2020\/03\/22553690_10155757956466310_626824133_o-3.jpg\",\"articleSection\":[\"Armenia\",\"Azerbaijan\",\"Conflicts\",\"Geography\",\"Issues\",\"Nagorno-Karabakh\",\"Photo\",\"Photo\/Video\",\"Politics\",\"Stories\"],\"inLanguage\":\"az\"},{\"@type\":\"WebPage\",\"@id\":\"https:\/\/jam-news.net\/az\/the-madrid-principles-delights-and-risks\/\",\"url\":\"https:\/\/jam-news.net\/az\/the-madrid-principles-delights-and-risks\/\",\"name\":\"Status-kvo varm\u0131? - JAMnews\",\"isPartOf\":{\"@id\":\"https:\/\/jam-news.net\/az\/#website\"},\"primaryImageOfPage\":{\"@id\":\"https:\/\/jam-news.net\/az\/the-madrid-principles-delights-and-risks\/#primaryimage\"},\"image\":{\"@id\":\"https:\/\/jam-news.net\/az\/the-madrid-principles-delights-and-risks\/#primaryimage\"},\"thumbnailUrl\":\"https:\/\/jam-news.net\/app\/uploads\/2020\/03\/22553690_10155757956466310_626824133_o-3.jpg\",\"datePublished\":\"2016-12-27T00:00:00+00:00\",\"dateModified\":\"2020-07-31T10:05:28+00:00\",\"breadcrumb\":{\"@id\":\"https:\/\/jam-news.net\/az\/the-madrid-principles-delights-and-risks\/#breadcrumb\"},\"inLanguage\":\"az\",\"potentialAction\":[{\"@type\":\"ReadAction\",\"target\":[\"https:\/\/jam-news.net\/az\/the-madrid-principles-delights-and-risks\/\"]}]},{\"@type\":\"ImageObject\",\"inLanguage\":\"az\",\"@id\":\"https:\/\/jam-news.net\/az\/the-madrid-principles-delights-and-risks\/#primaryimage\",\"url\":\"https:\/\/jam-news.net\/app\/uploads\/2020\/03\/22553690_10155757956466310_626824133_o-3.jpg\",\"contentUrl\":\"https:\/\/jam-news.net\/app\/uploads\/2020\/03\/22553690_10155757956466310_626824133_o-3.jpg\",\"width\":1200,\"height\":800},{\"@type\":\"BreadcrumbList\",\"@id\":\"https:\/\/jam-news.net\/az\/the-madrid-principles-delights-and-risks\/#breadcrumb\",\"itemListElement\":[{\"@type\":\"ListItem\",\"position\":1,\"name\":\"Home\",\"item\":\"https:\/\/jam-news.net\/az\/\"},{\"@type\":\"ListItem\",\"position\":2,\"name\":\"Status-kvo varm\u0131?\"}]},{\"@type\":\"WebSite\",\"@id\":\"https:\/\/jam-news.net\/az\/#website\",\"url\":\"https:\/\/jam-news.net\/az\/\",\"name\":\"Azerbaijani Jamnews\",\"description\":\"Caucasus News, Politics and Society\",\"publisher\":{\"@id\":\"https:\/\/jam-news.net\/az\/#organization\"},\"potentialAction\":[{\"@type\":\"SearchAction\",\"target\":{\"@type\":\"EntryPoint\",\"urlTemplate\":\"https:\/\/jam-news.net\/az\/?s={search_term_string}\"},\"query-input\":{\"@type\":\"PropertyValueSpecification\",\"valueRequired\":true,\"valueName\":\"search_term_string\"}}],\"inLanguage\":\"az\"},{\"@type\":\"Organization\",\"@id\":\"https:\/\/jam-news.net\/az\/#organization\",\"name\":\"JAMnews\",\"url\":\"https:\/\/jam-news.net\/az\/\",\"logo\":{\"@type\":\"ImageObject\",\"inLanguage\":\"az\",\"@id\":\"https:\/\/jam-news.net\/az\/#\/schema\/logo\/image\/\",\"url\":\"https:\/\/jam-news.net\/app\/uploads\/2020\/05\/JAM_w.jpg\",\"contentUrl\":\"https:\/\/jam-news.net\/app\/uploads\/2020\/05\/JAM_w.jpg\",\"width\":960,\"height\":960,\"caption\":\"JAMnews\"},\"image\":{\"@id\":\"https:\/\/jam-news.net\/az\/#\/schema\/logo\/image\/\"},\"sameAs\":[\"https:\/\/www.facebook.com\/JAMnewsInEnglish\/\",\"https:\/\/x.com\/JAMnewsCaucasus\",\"https:\/\/www.instagram.com\/jam_news\/\",\"https:\/\/www.youtube.com\/channel\/UCXQbUCme2pykuZYXWHx4VPg\"]},{\"@type\":\"Person\",\"@id\":\"https:\/\/jam-news.net\/az\/#\/schema\/person\/67df3bb7adb46cd513fb9c4cb02361c6\",\"name\":\"JAMnews\",\"image\":{\"@type\":\"ImageObject\",\"inLanguage\":\"az\",\"@id\":\"https:\/\/jam-news.net\/az\/#\/schema\/person\/image\/\",\"url\":\"https:\/\/secure.gravatar.com\/avatar\/e5c27593ef900c3ab3deed4ed1c653d7?s=96&d=mm&r=g\",\"contentUrl\":\"https:\/\/secure.gravatar.com\/avatar\/e5c27593ef900c3ab3deed4ed1c653d7?s=96&d=mm&r=g\",\"caption\":\"JAMnews\"},\"url\":\"https:\/\/jam-news.net\/az\/author\/margarita\/\"}]}<\/script>\n<!-- \/ Yoast SEO plugin. -->","yoast_head_json":{"title":"Status-kvo varm\u0131? - JAMnews","robots":{"index":"index","follow":"follow","max-snippet":"max-snippet:-1","max-image-preview":"max-image-preview:large","max-video-preview":"max-video-preview:-1"},"canonical":"https:\/\/jam-news.net\/az\/the-madrid-principles-delights-and-risks\/","og_locale":"az_AZ","og_type":"article","og_title":"Status-kvo varm\u0131? - JAMnews","og_description":"Qaraba\u011f: m\u00fcharib\u0259 bitm\u0259y\u0259c\u0259k","og_url":"https:\/\/jam-news.net\/az\/the-madrid-principles-delights-and-risks\/","og_site_name":"Azerbaijani Jamnews","article_publisher":"https:\/\/www.facebook.com\/JAMnewsInEnglish\/","article_published_time":"2016-12-27T00:00:00+00:00","article_modified_time":"2020-07-31T10:05:28+00:00","og_image":[{"width":1200,"height":800,"url":"https:\/\/jam-news.net\/app\/uploads\/2020\/03\/22553690_10155757956466310_626824133_o-3.jpg","type":"image\/jpeg"}],"author":"JAMnews","twitter_card":"summary_large_image","twitter_creator":"@JAMnewsCaucasus","twitter_site":"@JAMnewsCaucasus","twitter_misc":{"Written by":"JAMnews","Est. reading time":"12 minutes"},"schema":{"@context":"https:\/\/schema.org","@graph":[{"@type":"Article","@id":"https:\/\/jam-news.net\/az\/the-madrid-principles-delights-and-risks\/#article","isPartOf":{"@id":"https:\/\/jam-news.net\/az\/the-madrid-principles-delights-and-risks\/"},"author":{"name":"JAMnews","@id":"https:\/\/jam-news.net\/az\/#\/schema\/person\/67df3bb7adb46cd513fb9c4cb02361c6"},"headline":"Status-kvo varm\u0131?","datePublished":"2016-12-27T00:00:00+00:00","dateModified":"2020-07-31T10:05:28+00:00","mainEntityOfPage":{"@id":"https:\/\/jam-news.net\/az\/the-madrid-principles-delights-and-risks\/"},"wordCount":2303,"commentCount":0,"publisher":{"@id":"https:\/\/jam-news.net\/az\/#organization"},"image":{"@id":"https:\/\/jam-news.net\/az\/the-madrid-principles-delights-and-risks\/#primaryimage"},"thumbnailUrl":"https:\/\/jam-news.net\/app\/uploads\/2020\/03\/22553690_10155757956466310_626824133_o-3.jpg","articleSection":["Armenia","Azerbaijan","Conflicts","Geography","Issues","Nagorno-Karabakh","Photo","Photo\/Video","Politics","Stories"],"inLanguage":"az"},{"@type":"WebPage","@id":"https:\/\/jam-news.net\/az\/the-madrid-principles-delights-and-risks\/","url":"https:\/\/jam-news.net\/az\/the-madrid-principles-delights-and-risks\/","name":"Status-kvo varm\u0131? - JAMnews","isPartOf":{"@id":"https:\/\/jam-news.net\/az\/#website"},"primaryImageOfPage":{"@id":"https:\/\/jam-news.net\/az\/the-madrid-principles-delights-and-risks\/#primaryimage"},"image":{"@id":"https:\/\/jam-news.net\/az\/the-madrid-principles-delights-and-risks\/#primaryimage"},"thumbnailUrl":"https:\/\/jam-news.net\/app\/uploads\/2020\/03\/22553690_10155757956466310_626824133_o-3.jpg","datePublished":"2016-12-27T00:00:00+00:00","dateModified":"2020-07-31T10:05:28+00:00","breadcrumb":{"@id":"https:\/\/jam-news.net\/az\/the-madrid-principles-delights-and-risks\/#breadcrumb"},"inLanguage":"az","potentialAction":[{"@type":"ReadAction","target":["https:\/\/jam-news.net\/az\/the-madrid-principles-delights-and-risks\/"]}]},{"@type":"ImageObject","inLanguage":"az","@id":"https:\/\/jam-news.net\/az\/the-madrid-principles-delights-and-risks\/#primaryimage","url":"https:\/\/jam-news.net\/app\/uploads\/2020\/03\/22553690_10155757956466310_626824133_o-3.jpg","contentUrl":"https:\/\/jam-news.net\/app\/uploads\/2020\/03\/22553690_10155757956466310_626824133_o-3.jpg","width":1200,"height":800},{"@type":"BreadcrumbList","@id":"https:\/\/jam-news.net\/az\/the-madrid-principles-delights-and-risks\/#breadcrumb","itemListElement":[{"@type":"ListItem","position":1,"name":"Home","item":"https:\/\/jam-news.net\/az\/"},{"@type":"ListItem","position":2,"name":"Status-kvo varm\u0131?"}]},{"@type":"WebSite","@id":"https:\/\/jam-news.net\/az\/#website","url":"https:\/\/jam-news.net\/az\/","name":"Azerbaijani Jamnews","description":"Caucasus News, Politics and Society","publisher":{"@id":"https:\/\/jam-news.net\/az\/#organization"},"potentialAction":[{"@type":"SearchAction","target":{"@type":"EntryPoint","urlTemplate":"https:\/\/jam-news.net\/az\/?s={search_term_string}"},"query-input":{"@type":"PropertyValueSpecification","valueRequired":true,"valueName":"search_term_string"}}],"inLanguage":"az"},{"@type":"Organization","@id":"https:\/\/jam-news.net\/az\/#organization","name":"JAMnews","url":"https:\/\/jam-news.net\/az\/","logo":{"@type":"ImageObject","inLanguage":"az","@id":"https:\/\/jam-news.net\/az\/#\/schema\/logo\/image\/","url":"https:\/\/jam-news.net\/app\/uploads\/2020\/05\/JAM_w.jpg","contentUrl":"https:\/\/jam-news.net\/app\/uploads\/2020\/05\/JAM_w.jpg","width":960,"height":960,"caption":"JAMnews"},"image":{"@id":"https:\/\/jam-news.net\/az\/#\/schema\/logo\/image\/"},"sameAs":["https:\/\/www.facebook.com\/JAMnewsInEnglish\/","https:\/\/x.com\/JAMnewsCaucasus","https:\/\/www.instagram.com\/jam_news\/","https:\/\/www.youtube.com\/channel\/UCXQbUCme2pykuZYXWHx4VPg"]},{"@type":"Person","@id":"https:\/\/jam-news.net\/az\/#\/schema\/person\/67df3bb7adb46cd513fb9c4cb02361c6","name":"JAMnews","image":{"@type":"ImageObject","inLanguage":"az","@id":"https:\/\/jam-news.net\/az\/#\/schema\/person\/image\/","url":"https:\/\/secure.gravatar.com\/avatar\/e5c27593ef900c3ab3deed4ed1c653d7?s=96&d=mm&r=g","contentUrl":"https:\/\/secure.gravatar.com\/avatar\/e5c27593ef900c3ab3deed4ed1c653d7?s=96&d=mm&r=g","caption":"JAMnews"},"url":"https:\/\/jam-news.net\/az\/author\/margarita\/"}]}},"_links":{"self":[{"href":"https:\/\/jam-news.net\/az\/wp-json\/wp\/v2\/posts\/4427","targetHints":{"allow":["GET"]}}],"collection":[{"href":"https:\/\/jam-news.net\/az\/wp-json\/wp\/v2\/posts"}],"about":[{"href":"https:\/\/jam-news.net\/az\/wp-json\/wp\/v2\/types\/post"}],"author":[{"embeddable":true,"href":"https:\/\/jam-news.net\/az\/wp-json\/wp\/v2\/users\/3"}],"replies":[{"embeddable":true,"href":"https:\/\/jam-news.net\/az\/wp-json\/wp\/v2\/comments?post=4427"}],"version-history":[{"count":1,"href":"https:\/\/jam-news.net\/az\/wp-json\/wp\/v2\/posts\/4427\/revisions"}],"predecessor-version":[{"id":15997,"href":"https:\/\/jam-news.net\/az\/wp-json\/wp\/v2\/posts\/4427\/revisions\/15997"}],"wp:featuredmedia":[{"embeddable":true,"href":"https:\/\/jam-news.net\/az\/wp-json\/wp\/v2\/media\/19338"}],"wp:attachment":[{"href":"https:\/\/jam-news.net\/az\/wp-json\/wp\/v2\/media?parent=4427"}],"wp:term":[{"taxonomy":"category","embeddable":true,"href":"https:\/\/jam-news.net\/az\/wp-json\/wp\/v2\/categories?post=4427"},{"taxonomy":"post_tag","embeddable":true,"href":"https:\/\/jam-news.net\/az\/wp-json\/wp\/v2\/tags?post=4427"},{"taxonomy":"formation","embeddable":true,"href":"https:\/\/jam-news.net\/az\/wp-json\/wp\/v2\/formation?post=4427"},{"taxonomy":"post-author","embeddable":true,"href":"https:\/\/jam-news.net\/az\/wp-json\/wp\/v2\/post-author?post=4427"},{"taxonomy":"topic","embeddable":true,"href":"https:\/\/jam-news.net\/az\/wp-json\/wp\/v2\/topic?post=4427"},{"taxonomy":"tooltip","embeddable":true,"href":"https:\/\/jam-news.net\/az\/wp-json\/wp\/v2\/tooltip?post=4427"},{"taxonomy":"city","embeddable":true,"href":"https:\/\/jam-news.net\/az\/wp-json\/wp\/v2\/city?post=4427"}],"curies":[{"name":"wp","href":"https:\/\/api.w.org\/{rel}","templated":true}]}}