{"id":43594,"date":"2021-02-26T23:44:42","date_gmt":"2021-02-26T19:44:42","guid":{"rendered":"https:\/\/jam-news.net\/az\/?p=43594"},"modified":"2022-01-18T00:27:47","modified_gmt":"2022-01-17T20:27:47","slug":"muharib%c9%99nin-n%c9%99tic%c9%99l%c9%99ri-d%c9%99yism%c9%99z-qalacaq-ilham-%c9%99liyev-jurnalistl%c9%99rin-suallarina-cavab-verib","status":"publish","type":"post","link":"https:\/\/jam-news.net\/az\/muharib%c9%99nin-n%c9%99tic%c9%99l%c9%99ri-d%c9%99yism%c9%99z-qalacaq-ilham-%c9%99liyev-jurnalistl%c9%99rin-suallarina-cavab-verib\/","title":{"rendered":"\u201cM\u00fcharib\u0259nin n\u0259tic\u0259l\u0259ri d\u0259yi\u015fm\u0259z qalacaq\u201d \u2013 \u0130lham \u018fliyev jurnalistl\u0259rin suallar\u0131na cavab verib"},"content":{"rendered":"\n<p>Erm\u0259nistanda n\u0259 ba\u015f verir? 2020-ci il 10 noyabr \u00fc\u00e7t\u0259r\u0259fli b\u0259yanat\u0131n \u015f\u0259rtl\u0259rin\u0259 nec\u0259 \u0259m\u0259l olunur? Niy\u0259 Az\u0259rbaycanda \u00c7in vaksinind\u0259n istifad\u0259 edilir? Qaraba\u011fda \u0259l\u0259 ke\u00e7iril\u0259n 60 n\u0259f\u0259r Erm\u0259nistan v\u0259t\u0259nda\u015f\u0131n\u0131n aqib\u0259ti nec\u0259 olacaq? \u0130lham \u018fliyev b\u00fct\u00fcn bu suallara cavab verib.&nbsp;<\/p>\n\n\n\n<hr class=\"wp-block-separator is-style-wide\"\/>\n\n\n\n<ul class=\"wp-block-list\"><li><strong><a rel=\"noreferrer noopener\" href=\"https:\/\/jam-news.net\/az\/v%C9%99t%C9%99ndas-muharib%C9%99si-astanasinda-yerevanda-eyni-zamanda-iki-mitinq-kecirilib-muxalif%C9%99tin-v%C9%99-hakimiyy%C9%99tinf\/\" target=\"_blank\">V\u0259t\u0259nda\u015f m\u00fcharib\u0259si astanas\u0131nda? Yerevanda eyni zamanda iki mitinq ke\u00e7irilib: m\u00fcxalif\u0259tin v\u0259 hakimiyy\u0259tin<\/a><\/strong><\/li><li><strong><a href=\"https:\/\/jam-news.net\/az\/az%C9%99rbaycan-xocali-faci%C9%99si-qurbanlarinin-xatir%C9%99sini-yad-edib\/\" target=\"_blank\" rel=\"noreferrer noopener\">Az\u0259rbaycan Xocal\u0131 faci\u0259si qurbanlar\u0131n\u0131n xatir\u0259sini yad edib<\/a><\/strong><\/li><\/ul>\n\n\n\n<hr class=\"wp-block-separator is-style-wide\"\/>\n\n\n\n<p>Fevral\u0131n 26-da Az\u0259rbaycan prezidenti \u0130lham \u018fliyev yerli v\u0259 xarici media n\u00fcmay\u0259nd\u0259l\u0259ri \u00fc\u00e7\u00fcn d\u00f6rd saat davam ed\u0259n m\u0259tbuat konfrans\u0131 ke\u00e7irib.<\/p>\n\n\n\n<h2 class=\"wp-block-heading\"><strong>Erm\u0259nistandak\u0131 v\u0259ziyy\u0259t haqda<\/strong><\/h2>\n\n\n\n<p>\u201cErm\u0259nistanda ba\u015f ver\u0259n hadis\u0259l\u0259r Erm\u0259nistan\u0131n daxili i\u015fidir.<\/p>\n\n\n\n<figure class=\"wp-block-image size-large is-style-medium-width-image\"><img loading=\"lazy\" decoding=\"async\" width=\"1000\" height=\"653\" src=\"https:\/\/jam-news.net\/app\/uploads\/2021\/02\/16143400055143117801_1000x669.jpg\" alt=\"\" class=\"wp-image-43585\" srcset=\"https:\/\/jam-news.net\/app\/uploads\/2021\/02\/16143400055143117801_1000x669.jpg 1000w, https:\/\/jam-news.net\/app\/uploads\/2021\/02\/16143400055143117801_1000x669-300x196.jpg 300w, https:\/\/jam-news.net\/app\/uploads\/2021\/02\/16143400055143117801_1000x669-768x502.jpg 768w\" sizes=\"auto, (max-width: 1000px) 100vw, 1000px\" \/><\/figure>\n\n\n\n<p>&#8230;Bu g\u00fcn Erm\u0259nistan el\u0259 bir a\u011f\u0131r durumdad\u0131r ki, orada ged\u0259n prosesl\u0259r \u00f6lk\u0259nin d\u00f6vl\u0259t\u00e7ilik \u0259saslar\u0131n\u0131 b\u00f6y\u00fck d\u0259r\u0259c\u0259d\u0259 sars\u0131d\u0131r. Bunun g\u00fcnahkarlar\u0131 Erm\u0259nistan\u0131n \u0259vv\u0259lki v\u0259 indiki r\u0259hb\u0259rl\u0259ridir. \u00c7\u00fcnki iyirmi il \u0259rzind\u0259 K\u00f6\u00e7\u0259ryan-Sarkisyan xuntas\u0131 Erm\u0259nistan\u0131 faktiki olaraq u\u00e7uruma apar\u0131rd\u0131 v\u0259 b\u00f6hranl\u0131 v\u0259ziyy\u0259t\u0259 g\u0259tirib \u00e7\u0131xard\u0131\u201d, &#8211; \u018fliyev bildirib.<\/p>\n\n\n\n<p>\u201cBiz Erm\u0259nistan\u0131 ard\u0131c\u0131l olaraq b\u00fct\u00fcn beyn\u0259lxalq, regional layih\u0259l\u0259rd\u0259n t\u0259crid etmi\u015fdik. Erm\u0259nistan\u0131 iqtisadi c\u0259h\u0259td\u0259n sars\u0131tmaq, \u00e7\u00f6kd\u00fcrm\u0259k, t\u0259crid etm\u0259k bizim siyas\u0259timiz idi. M\u0259n bunu he\u00e7 vaxt gizl\u0259tmirdim v\u0259 d\u0259f\u0259l\u0259rl\u0259 a\u00e7\u0131q deyirdim, torpaqlar\u0131m\u0131z n\u0259 q\u0259d\u0259r ki, i\u015f\u011fal alt\u0131ndad\u0131r, biz bu siyas\u0259ti aparaca\u011f\u0131q\u201d, &#8211; Az\u0259rbaycan prezidenti \u0259lav\u0259 edib.<\/p>\n\n\n\n<h2 class=\"wp-block-heading\"><strong>\u00dc\u00e7t\u0259r\u0259fli b\u0259yanat\u0131n \u015f\u0259rtl\u0259rinin yerin\u0259 yetirilm\u0259si haqda<\/strong><\/h2>\n\n\n\n<p>\u201cM\u00fcharib\u0259nin n\u0259tic\u0259l\u0259ri d\u0259yi\u015fm\u0259z olaraq qal\u0131r v\u0259 qalacaq. Noyabr\u0131n 10-da imzalanm\u0131\u015f B\u0259yanat icra edilir v\u0259 tam icra edilm\u0259lidir. O B\u0259yanat\u0131n m\u00fcdd\u0259alar\u0131n\u0131n b\u00f6y\u00fck hiss\u0259si art\u0131q icra edilibdir. Ancaq el\u0259 m\u0259s\u0259l\u0259l\u0259r var ki, onlar indi m\u00fczakir\u0259 m\u00f6vzusudur.&nbsp;<\/p>\n\n\n\n<p class=\"has-background has-cyan-bluish-gray-background-color\">Rusiya v\u0259 Az\u0259rbaycan prezidentl\u0259rinin, o c\u00fcml\u0259dn d\u0259 Erm\u0259nistan\u0131n ba\u015f nazirinin 2020-ci il 10 noyabrda imzalad\u0131\u011f\u0131 \u00fc\u00e7t\u0259r\u0259fli b\u0259yanat 44 g\u00fcn davam ed\u0259n ikinci Qaraba\u011f m\u00fcharib\u0259sin\u0259 son qoyub.<\/p>\n\n\n\n<p>\u00dcmid edir\u0259m ki, Erm\u0259nistanda yaranm\u0131\u015f v\u0259ziyy\u0259t\u0259 baxmayaraq, noyabr\u0131n 10-da imzalanm\u0131\u015f B\u0259yanat icra edil\u0259c\u0259kdir. \u018fks-t\u0259qdird\u0259, Erm\u0259nistan daha da a\u011f\u0131r duruma d\u00fc\u015f\u0259c\u0259k. Y\u0259ni, Erm\u0259nistan qar\u015f\u0131s\u0131nda se\u00e7im o q\u0259d\u0259r d\u0259 b\u00f6y\u00fck deyil\u201d, &#8211; \u018fliyev b\u0259yan edib.<\/p>\n\n\n\n<h2 class=\"wp-block-heading\"><strong>Koronavirusa qar\u015f\u0131 vaksin haqda<\/strong><\/h2>\n\n\n\n<p>Az\u0259rbaycan \u0259halisinin vaksinasiyas\u0131 prosesi il\u0259 ba\u011fl\u0131 jurnalistl\u0259rin suallar\u0131na cavab ver\u0259rk\u0259n \u018fliyev deyib: &nbsp;\u201cBiz peyv\u0259ndl\u0259m\u0259y\u0259 yanvar\u0131n 18-d\u0259 ba\u015flam\u0131\u015f\u0131q, y\u0259ni Avropada peyv\u0259ndl\u0259m\u0259 ba\u015flanandan c\u0259mi bir ay sonra.<\/p>\n\n\n\n<p>Biz \u201cAstraZeneca\u201d vaksinini \u00e7oxdan almal\u0131 idik. Almam\u0131\u015f\u0131q. Art\u0131q bir ne\u00e7\u0259 ayd\u0131r ki, almam\u0131\u015f\u0131q. \u201cSputnik\u201d vaksinini d\u0259 almam\u0131\u015f\u0131q. \u201cCOVAX\u201d t\u0259\u015f\u0259bb\u00fcs\u00fc \u00fczr\u0259 \u201cPfizer\u201d v\u0259 \u201cModerna\u201d peyv\u0259ndl\u0259rini almal\u0131 idik, almam\u0131\u015f\u0131q. \u00d6z\u00fc d\u0259 biz\u0259 onlar\u0131 n\u0259 vaxt alaca\u011f\u0131m\u0131z\u0131 demirl\u0259r. Yax\u015f\u0131 ki, bizim \u00e7inli t\u0259r\u0259fda\u015flar\u0131m\u0131z \u00f6z \u00f6hd\u0259likl\u0259rini yerin\u0259 yetirirl\u0259r. Bizim bunu almaq \u00fc\u00e7\u00fcn v\u0259saitimiz var. B\u0259s, v\u0259saiti olmayanlar n\u0259 etsinl\u0259r? Bu adamlar \u00f6lm\u0259lidirl\u0259r? Dem\u0259li, varl\u0131lar \u00f6zl\u0259rini peyv\u0259ndl\u0259y\u0259c\u0259k, b\u00fct\u00fcn istehsal\u0131 \u00f6zl\u0259rin\u0259 g\u00f6t\u00fcr\u0259c\u0259k, nec\u0259 dey\u0259rl\u0259r, elementar insan davran\u0131\u015f\u0131 qaydalar\u0131na tam etinas\u0131zl\u0131q g\u00f6st\u0259r\u0259c\u0259k, yoxsul \u00f6lk\u0259l\u0259r is\u0259 \u0259ziyy\u0259t \u00e7\u0259km\u0259li olacaqlar. Biz hans\u0131 b\u0259rab\u0259rlikd\u0259n dan\u0131\u015f\u0131r\u0131q?\u201d<\/p>\n\n\n\n<p>\u201cCoronaVac\u201d peyv\u0259ndin\u0259 g\u0259ldikd\u0259 is\u0259 bu vaksinin 4 milyon dozas\u0131n\u0131n al\u0131nmas\u0131 bar\u0259d\u0259 kontrakt ba\u011flan\u0131b. M\u0259n\u0259 h\u0259r g\u00fcn m\u0259ruz\u0259 edirl\u0259r ki, b\u0259z\u0259n g\u00fcnd\u0259 15-20 min n\u0259f\u0259r vaksinl\u0259nir. Y\u0259ni, bu istiqam\u0259td\u0259 b\u00fct\u00fcn imkanlardan istifad\u0259 ed\u0259c\u0259yik. Bunun \u00fc\u00e7\u00fcn m\u00fcvafiq maliyy\u0259 v\u0259saitl\u0259ri ayr\u0131l\u0131b. Sad\u0259c\u0259, vaksinl\u0259rin istehsal\u00e7\u0131lardan g\u0259lm\u0259sini g\u00f6zl\u0259y\u0259c\u0259yik\u201d.<\/p>\n\n\n\n<h2 class=\"wp-block-heading\"><strong>Qaraba\u011fda saxlan\u0131lan 60 n\u0259f\u0259r Erm\u0259nistan v\u0259t\u0259nda\u015f\u0131 haqda<\/strong><\/h2>\n\n\n\n<p>\u201cD\u00f6y\u00fc\u015f \u0259m\u0259liyyatlar\u0131 ba\u015fa \u00e7atandan sonra, t\u0259xmin\u0259n noyabr\u0131n 20-d\u0259 Erm\u0259nistan\u0131n \u015eirak vilay\u0259tind\u0259n, G\u00fcmr\u00fc \u015f\u0259h\u0259rind\u0259n v\u0259 \u0259traf rayonlardan 60 n\u0259f\u0259rd\u0259n \u00e7ox bir d\u0259st\u0259 g\u00f6nd\u0259rilmi\u015fdi. Bu d\u0259st\u0259nin La\u00e7\u0131n d\u0259hlizind\u0259n nec\u0259 ke\u00e7m\u0259si, Az\u0259rbaycan Ordusunun n\u0259zar\u0259tind\u0259 olan \u0259razil\u0259r\u0259 nec\u0259 g\u0259lm\u0259si ayd\u0131n deyil.<\/p>\n\n\n\n<p>&#8230;M\u0259lum oldu ki, bu, h\u0259m bizim h\u0259rbi qulluq\u00e7ulara, h\u0259m d\u0259 dinc v\u0259t\u0259nda\u015flara h\u00fccumlar ed\u0259n t\u0259xribat qrupudur. Bu t\u0259xribatlar v\u0259 terror aktlar\u0131 n\u0259tic\u0259sind\u0259 bizim h\u0259rbi qulluq\u00e7ulardan d\u00f6rd n\u0259f\u0259ri v\u0259 bir n\u0259f\u0259r m\u00fclki \u015f\u0259xs \u2013 mobil operator \u015firk\u0259tinin n\u00fcmay\u0259nd\u0259si h\u0259lak olub. \u015eu\u015fa \u015f\u0259h\u0259rin\u0259 ged\u0259n h\u0259min \u015f\u0259xs pusquya d\u00fc\u015f\u00fcb v\u0259 bir ne\u00e7\u0259 n\u0259f\u0259r yaralan\u0131b.<\/p>\n\n\n\n<p>T\u0259bii ki, biz \u0259ks-terror \u0259m\u0259liyyat\u0131 apard\u0131q, n\u0259tic\u0259d\u0259 bir ne\u00e7\u0259 terror\u00e7u tamamil\u0259 z\u0259r\u0259rsizl\u0259\u015fdirildi, 60-dan \u00e7ox terror\u00e7u tutuldu. Bu g\u00fcn onlar\u0131 h\u0259rbi \u0259sirl\u0259r adland\u0131rma\u011fa \u00e7al\u0131\u015f\u0131rlar. D\u00fc\u015f\u00fcn\u00fcr\u0259m ki, m\u0259s\u0259l\u0259nin mahiyy\u0259tini q\u0259sd\u0259n t\u0259hrif edirl\u0259r. M\u00fcharib\u0259 bit\u0259nd\u0259n 20 g\u00fcn sonra h\u0259rbi \u0259sir ola bilm\u0259z. Bizd\u0259 olan h\u0259rbi \u0259sirl\u0259rin ham\u0131s\u0131n\u0131 qaytarm\u0131\u015f\u0131q. \u00d6z\u00fc d\u0259 biz onlar\u0131 bizim \u0259sirl\u0259rin qaytar\u0131lmas\u0131ndan \u0259vv\u0259l qaytarm\u0131\u015f\u0131q. Bu adamlar h\u0259min kateqoriyaya uy\u011fun g\u0259lmir. Bunlar terror\u00e7u v\u0259 t\u0259xribat\u00e7\u0131lard\u0131r. Erm\u0259nistan t\u0259r\u0259find\u0259n v\u0259 ya ba\u015fqa \u00f6lk\u0259l\u0259r t\u0259r\u0259find\u0259n h\u0259r hans\u0131 spekulyasiya yersizdir\u201d, &#8211; \u018fliyev m\u00fcharib\u0259d\u0259n sonra Qaraba\u011fdak\u0131 v\u0259ziyy\u0259t haqda suallara cavab ver\u0259rk\u0259n bildirib.<\/p>\n\n\n\n<figure class=\"wp-block-image size-large is-style-medium-width-image\"><img loading=\"lazy\" decoding=\"async\" width=\"1000\" height=\"580\" src=\"https:\/\/jam-news.net\/app\/uploads\/2021\/02\/16143356683146641299_1000x669.jpg\" alt=\"\" class=\"wp-image-43584\" srcset=\"https:\/\/jam-news.net\/app\/uploads\/2021\/02\/16143356683146641299_1000x669.jpg 1000w, https:\/\/jam-news.net\/app\/uploads\/2021\/02\/16143356683146641299_1000x669-300x174.jpg 300w, https:\/\/jam-news.net\/app\/uploads\/2021\/02\/16143356683146641299_1000x669-768x445.jpg 768w\" sizes=\"auto, (max-width: 1000px) 100vw, 1000px\" \/><figcaption>\u0130lham \u018fliyev jurnalistl\u0259rin suallar\u0131na cavab verib<\/figcaption><\/figure>\n","protected":false},"excerpt":{"rendered":"<p>Az\u0259rbaycan prezidenti d\u00f6rd saatl\u0131q m\u0259tbuat konfrans\u0131nda yerli v\u0259 xarici jurnalistl\u0259rin suallar\u0131na cavab verib<\/p>\n","protected":false},"author":3,"featured_media":43584,"comment_status":"closed","ping_status":"closed","sticky":false,"template":"","format":"standard","meta":{"_acf_changed":false,"footnotes":""},"categories":[27,17,4043,2,38,50,46,5],"tags":[],"formation":[4037],"post-author":[2888],"topic":[4952],"tooltip":[],"city":[6041],"class_list":["post-43594","post","type-post","status-publish","format-standard","has-post-thumbnail","hentry","category-ermnistan","category-azrbaycan","category-explainer","category-cografiya","category-qarabag","category-xbrlr","category-fotohvalat","category-siyast","formation-photo","post-author-jamnews","topic-azrbaycan","city-baki"],"acf":[],"yoast_head":"<!-- This site is optimized with the Yoast SEO plugin v24.1 - https:\/\/yoast.com\/wordpress\/plugins\/seo\/ -->\n<title>\u201cM\u00fcharib\u0259nin n\u0259tic\u0259l\u0259ri d\u0259yi\u015fm\u0259z qalacaq\u201d \u2013 \u0130lham \u018fliyev jurnalistl\u0259rin suallar\u0131na cavab verib - JAMnews<\/title>\n<meta name=\"description\" content=\"Az\u0259rbaycan prezidenti d\u00f6rd saatl\u0131q m\u0259tbuat konfrans\u0131nda yerli v\u0259 xarici jurnalistl\u0259rin suallar\u0131na cavab verib\" \/>\n<meta name=\"robots\" content=\"index, follow, max-snippet:-1, max-image-preview:large, max-video-preview:-1\" \/>\n<link rel=\"canonical\" href=\"https:\/\/jam-news.net\/az\/muharib\u0259nin-n\u0259tic\u0259l\u0259ri-d\u0259yism\u0259z-qalacaq-ilham-\u0259liyev-jurnalistl\u0259rin-suallarina-cavab-verib\/\" \/>\n<meta property=\"og:locale\" content=\"az_AZ\" \/>\n<meta property=\"og:type\" content=\"article\" \/>\n<meta property=\"og:title\" content=\"\u201cM\u00fcharib\u0259nin n\u0259tic\u0259l\u0259ri d\u0259yi\u015fm\u0259z qalacaq\u201d \u2013 \u0130lham \u018fliyev jurnalistl\u0259rin suallar\u0131na cavab verib - JAMnews\" \/>\n<meta property=\"og:description\" content=\"Az\u0259rbaycan prezidenti d\u00f6rd saatl\u0131q m\u0259tbuat konfrans\u0131nda yerli v\u0259 xarici jurnalistl\u0259rin suallar\u0131na cavab verib\" \/>\n<meta property=\"og:url\" content=\"https:\/\/jam-news.net\/az\/muharib\u0259nin-n\u0259tic\u0259l\u0259ri-d\u0259yism\u0259z-qalacaq-ilham-\u0259liyev-jurnalistl\u0259rin-suallarina-cavab-verib\/\" \/>\n<meta property=\"og:site_name\" content=\"Azerbaijani Jamnews\" \/>\n<meta property=\"article:publisher\" content=\"https:\/\/www.facebook.com\/JAMnewsInEnglish\/\" \/>\n<meta property=\"article:published_time\" content=\"2021-02-26T19:44:42+00:00\" \/>\n<meta property=\"article:modified_time\" content=\"2022-01-17T20:27:47+00:00\" \/>\n<meta property=\"og:image\" content=\"https:\/\/jam-news.net\/app\/uploads\/2021\/02\/16143356683146641299_1000x669.jpg\" \/>\n\t<meta property=\"og:image:width\" content=\"1000\" \/>\n\t<meta property=\"og:image:height\" content=\"580\" \/>\n\t<meta property=\"og:image:type\" content=\"image\/jpeg\" \/>\n<meta name=\"author\" content=\"JAMnews\" \/>\n<meta name=\"twitter:card\" content=\"summary_large_image\" \/>\n<meta name=\"twitter:creator\" content=\"@JAMnewsCaucasus\" \/>\n<meta name=\"twitter:site\" content=\"@JAMnewsCaucasus\" \/>\n<meta name=\"twitter:label1\" content=\"Written by\" \/>\n\t<meta name=\"twitter:data1\" content=\"JAMnews\" \/>\n\t<meta name=\"twitter:label2\" content=\"Est. reading time\" \/>\n\t<meta name=\"twitter:data2\" content=\"5 minutes\" \/>\n<script type=\"application\/ld+json\" class=\"yoast-schema-graph\">{\"@context\":\"https:\/\/schema.org\",\"@graph\":[{\"@type\":\"Article\",\"@id\":\"https:\/\/jam-news.net\/az\/muharib%c9%99nin-n%c9%99tic%c9%99l%c9%99ri-d%c9%99yism%c9%99z-qalacaq-ilham-%c9%99liyev-jurnalistl%c9%99rin-suallarina-cavab-verib\/#article\",\"isPartOf\":{\"@id\":\"https:\/\/jam-news.net\/az\/muharib%c9%99nin-n%c9%99tic%c9%99l%c9%99ri-d%c9%99yism%c9%99z-qalacaq-ilham-%c9%99liyev-jurnalistl%c9%99rin-suallarina-cavab-verib\/\"},\"author\":{\"name\":\"JAMnews\",\"@id\":\"https:\/\/jam-news.net\/az\/#\/schema\/person\/67df3bb7adb46cd513fb9c4cb02361c6\"},\"headline\":\"\u201cM\u00fcharib\u0259nin n\u0259tic\u0259l\u0259ri d\u0259yi\u015fm\u0259z qalacaq\u201d \u2013 \u0130lham \u018fliyev jurnalistl\u0259rin suallar\u0131na cavab verib\",\"datePublished\":\"2021-02-26T19:44:42+00:00\",\"dateModified\":\"2022-01-17T20:27:47+00:00\",\"mainEntityOfPage\":{\"@id\":\"https:\/\/jam-news.net\/az\/muharib%c9%99nin-n%c9%99tic%c9%99l%c9%99ri-d%c9%99yism%c9%99z-qalacaq-ilham-%c9%99liyev-jurnalistl%c9%99rin-suallarina-cavab-verib\/\"},\"wordCount\":1087,\"publisher\":{\"@id\":\"https:\/\/jam-news.net\/az\/#organization\"},\"image\":{\"@id\":\"https:\/\/jam-news.net\/az\/muharib%c9%99nin-n%c9%99tic%c9%99l%c9%99ri-d%c9%99yism%c9%99z-qalacaq-ilham-%c9%99liyev-jurnalistl%c9%99rin-suallarina-cavab-verib\/#primaryimage\"},\"thumbnailUrl\":\"https:\/\/jam-news.net\/app\/uploads\/2021\/02\/16143356683146641299_1000x669.jpg\",\"articleSection\":[\"Armenia\",\"Azerbaijan\",\"Explainer\",\"Geography\",\"Nagorno-Karabakh\",\"News\",\"Photo\",\"Politics\"],\"inLanguage\":\"az\"},{\"@type\":\"WebPage\",\"@id\":\"https:\/\/jam-news.net\/az\/muharib%c9%99nin-n%c9%99tic%c9%99l%c9%99ri-d%c9%99yism%c9%99z-qalacaq-ilham-%c9%99liyev-jurnalistl%c9%99rin-suallarina-cavab-verib\/\",\"url\":\"https:\/\/jam-news.net\/az\/muharib%c9%99nin-n%c9%99tic%c9%99l%c9%99ri-d%c9%99yism%c9%99z-qalacaq-ilham-%c9%99liyev-jurnalistl%c9%99rin-suallarina-cavab-verib\/\",\"name\":\"\u201cM\u00fcharib\u0259nin n\u0259tic\u0259l\u0259ri d\u0259yi\u015fm\u0259z qalacaq\u201d \u2013 \u0130lham \u018fliyev jurnalistl\u0259rin suallar\u0131na cavab verib - JAMnews\",\"isPartOf\":{\"@id\":\"https:\/\/jam-news.net\/az\/#website\"},\"primaryImageOfPage\":{\"@id\":\"https:\/\/jam-news.net\/az\/muharib%c9%99nin-n%c9%99tic%c9%99l%c9%99ri-d%c9%99yism%c9%99z-qalacaq-ilham-%c9%99liyev-jurnalistl%c9%99rin-suallarina-cavab-verib\/#primaryimage\"},\"image\":{\"@id\":\"https:\/\/jam-news.net\/az\/muharib%c9%99nin-n%c9%99tic%c9%99l%c9%99ri-d%c9%99yism%c9%99z-qalacaq-ilham-%c9%99liyev-jurnalistl%c9%99rin-suallarina-cavab-verib\/#primaryimage\"},\"thumbnailUrl\":\"https:\/\/jam-news.net\/app\/uploads\/2021\/02\/16143356683146641299_1000x669.jpg\",\"datePublished\":\"2021-02-26T19:44:42+00:00\",\"dateModified\":\"2022-01-17T20:27:47+00:00\",\"description\":\"Az\u0259rbaycan prezidenti d\u00f6rd saatl\u0131q m\u0259tbuat konfrans\u0131nda yerli v\u0259 xarici jurnalistl\u0259rin suallar\u0131na cavab verib\",\"breadcrumb\":{\"@id\":\"https:\/\/jam-news.net\/az\/muharib%c9%99nin-n%c9%99tic%c9%99l%c9%99ri-d%c9%99yism%c9%99z-qalacaq-ilham-%c9%99liyev-jurnalistl%c9%99rin-suallarina-cavab-verib\/#breadcrumb\"},\"inLanguage\":\"az\",\"potentialAction\":[{\"@type\":\"ReadAction\",\"target\":[\"https:\/\/jam-news.net\/az\/muharib%c9%99nin-n%c9%99tic%c9%99l%c9%99ri-d%c9%99yism%c9%99z-qalacaq-ilham-%c9%99liyev-jurnalistl%c9%99rin-suallarina-cavab-verib\/\"]}]},{\"@type\":\"ImageObject\",\"inLanguage\":\"az\",\"@id\":\"https:\/\/jam-news.net\/az\/muharib%c9%99nin-n%c9%99tic%c9%99l%c9%99ri-d%c9%99yism%c9%99z-qalacaq-ilham-%c9%99liyev-jurnalistl%c9%99rin-suallarina-cavab-verib\/#primaryimage\",\"url\":\"https:\/\/jam-news.net\/app\/uploads\/2021\/02\/16143356683146641299_1000x669.jpg\",\"contentUrl\":\"https:\/\/jam-news.net\/app\/uploads\/2021\/02\/16143356683146641299_1000x669.jpg\",\"width\":1000,\"height\":580},{\"@type\":\"BreadcrumbList\",\"@id\":\"https:\/\/jam-news.net\/az\/muharib%c9%99nin-n%c9%99tic%c9%99l%c9%99ri-d%c9%99yism%c9%99z-qalacaq-ilham-%c9%99liyev-jurnalistl%c9%99rin-suallarina-cavab-verib\/#breadcrumb\",\"itemListElement\":[{\"@type\":\"ListItem\",\"position\":1,\"name\":\"Home\",\"item\":\"https:\/\/jam-news.net\/az\/\"},{\"@type\":\"ListItem\",\"position\":2,\"name\":\"\u201cM\u00fcharib\u0259nin n\u0259tic\u0259l\u0259ri d\u0259yi\u015fm\u0259z qalacaq\u201d \u2013 \u0130lham \u018fliyev jurnalistl\u0259rin suallar\u0131na cavab verib\"}]},{\"@type\":\"WebSite\",\"@id\":\"https:\/\/jam-news.net\/az\/#website\",\"url\":\"https:\/\/jam-news.net\/az\/\",\"name\":\"Azerbaijani Jamnews\",\"description\":\"Caucasus News, Politics and Society\",\"publisher\":{\"@id\":\"https:\/\/jam-news.net\/az\/#organization\"},\"potentialAction\":[{\"@type\":\"SearchAction\",\"target\":{\"@type\":\"EntryPoint\",\"urlTemplate\":\"https:\/\/jam-news.net\/az\/?s={search_term_string}\"},\"query-input\":{\"@type\":\"PropertyValueSpecification\",\"valueRequired\":true,\"valueName\":\"search_term_string\"}}],\"inLanguage\":\"az\"},{\"@type\":\"Organization\",\"@id\":\"https:\/\/jam-news.net\/az\/#organization\",\"name\":\"JAMnews\",\"url\":\"https:\/\/jam-news.net\/az\/\",\"logo\":{\"@type\":\"ImageObject\",\"inLanguage\":\"az\",\"@id\":\"https:\/\/jam-news.net\/az\/#\/schema\/logo\/image\/\",\"url\":\"https:\/\/jam-news.net\/app\/uploads\/2020\/05\/JAM_w.jpg\",\"contentUrl\":\"https:\/\/jam-news.net\/app\/uploads\/2020\/05\/JAM_w.jpg\",\"width\":960,\"height\":960,\"caption\":\"JAMnews\"},\"image\":{\"@id\":\"https:\/\/jam-news.net\/az\/#\/schema\/logo\/image\/\"},\"sameAs\":[\"https:\/\/www.facebook.com\/JAMnewsInEnglish\/\",\"https:\/\/x.com\/JAMnewsCaucasus\",\"https:\/\/www.instagram.com\/jam_news\/\",\"https:\/\/www.youtube.com\/channel\/UCXQbUCme2pykuZYXWHx4VPg\"]},{\"@type\":\"Person\",\"@id\":\"https:\/\/jam-news.net\/az\/#\/schema\/person\/67df3bb7adb46cd513fb9c4cb02361c6\",\"name\":\"JAMnews\",\"image\":{\"@type\":\"ImageObject\",\"inLanguage\":\"az\",\"@id\":\"https:\/\/jam-news.net\/az\/#\/schema\/person\/image\/\",\"url\":\"https:\/\/secure.gravatar.com\/avatar\/e5c27593ef900c3ab3deed4ed1c653d7?s=96&d=mm&r=g\",\"contentUrl\":\"https:\/\/secure.gravatar.com\/avatar\/e5c27593ef900c3ab3deed4ed1c653d7?s=96&d=mm&r=g\",\"caption\":\"JAMnews\"},\"url\":\"https:\/\/jam-news.net\/az\/author\/margarita\/\"}]}<\/script>\n<!-- \/ Yoast SEO plugin. -->","yoast_head_json":{"title":"\u201cM\u00fcharib\u0259nin n\u0259tic\u0259l\u0259ri d\u0259yi\u015fm\u0259z qalacaq\u201d \u2013 \u0130lham \u018fliyev jurnalistl\u0259rin suallar\u0131na cavab verib - JAMnews","description":"Az\u0259rbaycan prezidenti d\u00f6rd saatl\u0131q m\u0259tbuat konfrans\u0131nda yerli v\u0259 xarici jurnalistl\u0259rin suallar\u0131na cavab verib","robots":{"index":"index","follow":"follow","max-snippet":"max-snippet:-1","max-image-preview":"max-image-preview:large","max-video-preview":"max-video-preview:-1"},"canonical":"https:\/\/jam-news.net\/az\/muharib\u0259nin-n\u0259tic\u0259l\u0259ri-d\u0259yism\u0259z-qalacaq-ilham-\u0259liyev-jurnalistl\u0259rin-suallarina-cavab-verib\/","og_locale":"az_AZ","og_type":"article","og_title":"\u201cM\u00fcharib\u0259nin n\u0259tic\u0259l\u0259ri d\u0259yi\u015fm\u0259z qalacaq\u201d \u2013 \u0130lham \u018fliyev jurnalistl\u0259rin suallar\u0131na cavab verib - JAMnews","og_description":"Az\u0259rbaycan prezidenti d\u00f6rd saatl\u0131q m\u0259tbuat konfrans\u0131nda yerli v\u0259 xarici jurnalistl\u0259rin suallar\u0131na cavab verib","og_url":"https:\/\/jam-news.net\/az\/muharib\u0259nin-n\u0259tic\u0259l\u0259ri-d\u0259yism\u0259z-qalacaq-ilham-\u0259liyev-jurnalistl\u0259rin-suallarina-cavab-verib\/","og_site_name":"Azerbaijani Jamnews","article_publisher":"https:\/\/www.facebook.com\/JAMnewsInEnglish\/","article_published_time":"2021-02-26T19:44:42+00:00","article_modified_time":"2022-01-17T20:27:47+00:00","og_image":[{"width":1000,"height":580,"url":"https:\/\/jam-news.net\/app\/uploads\/2021\/02\/16143356683146641299_1000x669.jpg","type":"image\/jpeg"}],"author":"JAMnews","twitter_card":"summary_large_image","twitter_creator":"@JAMnewsCaucasus","twitter_site":"@JAMnewsCaucasus","twitter_misc":{"Written by":"JAMnews","Est. reading time":"5 minutes"},"schema":{"@context":"https:\/\/schema.org","@graph":[{"@type":"Article","@id":"https:\/\/jam-news.net\/az\/muharib%c9%99nin-n%c9%99tic%c9%99l%c9%99ri-d%c9%99yism%c9%99z-qalacaq-ilham-%c9%99liyev-jurnalistl%c9%99rin-suallarina-cavab-verib\/#article","isPartOf":{"@id":"https:\/\/jam-news.net\/az\/muharib%c9%99nin-n%c9%99tic%c9%99l%c9%99ri-d%c9%99yism%c9%99z-qalacaq-ilham-%c9%99liyev-jurnalistl%c9%99rin-suallarina-cavab-verib\/"},"author":{"name":"JAMnews","@id":"https:\/\/jam-news.net\/az\/#\/schema\/person\/67df3bb7adb46cd513fb9c4cb02361c6"},"headline":"\u201cM\u00fcharib\u0259nin n\u0259tic\u0259l\u0259ri d\u0259yi\u015fm\u0259z qalacaq\u201d \u2013 \u0130lham \u018fliyev jurnalistl\u0259rin suallar\u0131na cavab verib","datePublished":"2021-02-26T19:44:42+00:00","dateModified":"2022-01-17T20:27:47+00:00","mainEntityOfPage":{"@id":"https:\/\/jam-news.net\/az\/muharib%c9%99nin-n%c9%99tic%c9%99l%c9%99ri-d%c9%99yism%c9%99z-qalacaq-ilham-%c9%99liyev-jurnalistl%c9%99rin-suallarina-cavab-verib\/"},"wordCount":1087,"publisher":{"@id":"https:\/\/jam-news.net\/az\/#organization"},"image":{"@id":"https:\/\/jam-news.net\/az\/muharib%c9%99nin-n%c9%99tic%c9%99l%c9%99ri-d%c9%99yism%c9%99z-qalacaq-ilham-%c9%99liyev-jurnalistl%c9%99rin-suallarina-cavab-verib\/#primaryimage"},"thumbnailUrl":"https:\/\/jam-news.net\/app\/uploads\/2021\/02\/16143356683146641299_1000x669.jpg","articleSection":["Armenia","Azerbaijan","Explainer","Geography","Nagorno-Karabakh","News","Photo","Politics"],"inLanguage":"az"},{"@type":"WebPage","@id":"https:\/\/jam-news.net\/az\/muharib%c9%99nin-n%c9%99tic%c9%99l%c9%99ri-d%c9%99yism%c9%99z-qalacaq-ilham-%c9%99liyev-jurnalistl%c9%99rin-suallarina-cavab-verib\/","url":"https:\/\/jam-news.net\/az\/muharib%c9%99nin-n%c9%99tic%c9%99l%c9%99ri-d%c9%99yism%c9%99z-qalacaq-ilham-%c9%99liyev-jurnalistl%c9%99rin-suallarina-cavab-verib\/","name":"\u201cM\u00fcharib\u0259nin n\u0259tic\u0259l\u0259ri d\u0259yi\u015fm\u0259z qalacaq\u201d \u2013 \u0130lham \u018fliyev jurnalistl\u0259rin suallar\u0131na cavab verib - JAMnews","isPartOf":{"@id":"https:\/\/jam-news.net\/az\/#website"},"primaryImageOfPage":{"@id":"https:\/\/jam-news.net\/az\/muharib%c9%99nin-n%c9%99tic%c9%99l%c9%99ri-d%c9%99yism%c9%99z-qalacaq-ilham-%c9%99liyev-jurnalistl%c9%99rin-suallarina-cavab-verib\/#primaryimage"},"image":{"@id":"https:\/\/jam-news.net\/az\/muharib%c9%99nin-n%c9%99tic%c9%99l%c9%99ri-d%c9%99yism%c9%99z-qalacaq-ilham-%c9%99liyev-jurnalistl%c9%99rin-suallarina-cavab-verib\/#primaryimage"},"thumbnailUrl":"https:\/\/jam-news.net\/app\/uploads\/2021\/02\/16143356683146641299_1000x669.jpg","datePublished":"2021-02-26T19:44:42+00:00","dateModified":"2022-01-17T20:27:47+00:00","description":"Az\u0259rbaycan prezidenti d\u00f6rd saatl\u0131q m\u0259tbuat konfrans\u0131nda yerli v\u0259 xarici jurnalistl\u0259rin suallar\u0131na cavab verib","breadcrumb":{"@id":"https:\/\/jam-news.net\/az\/muharib%c9%99nin-n%c9%99tic%c9%99l%c9%99ri-d%c9%99yism%c9%99z-qalacaq-ilham-%c9%99liyev-jurnalistl%c9%99rin-suallarina-cavab-verib\/#breadcrumb"},"inLanguage":"az","potentialAction":[{"@type":"ReadAction","target":["https:\/\/jam-news.net\/az\/muharib%c9%99nin-n%c9%99tic%c9%99l%c9%99ri-d%c9%99yism%c9%99z-qalacaq-ilham-%c9%99liyev-jurnalistl%c9%99rin-suallarina-cavab-verib\/"]}]},{"@type":"ImageObject","inLanguage":"az","@id":"https:\/\/jam-news.net\/az\/muharib%c9%99nin-n%c9%99tic%c9%99l%c9%99ri-d%c9%99yism%c9%99z-qalacaq-ilham-%c9%99liyev-jurnalistl%c9%99rin-suallarina-cavab-verib\/#primaryimage","url":"https:\/\/jam-news.net\/app\/uploads\/2021\/02\/16143356683146641299_1000x669.jpg","contentUrl":"https:\/\/jam-news.net\/app\/uploads\/2021\/02\/16143356683146641299_1000x669.jpg","width":1000,"height":580},{"@type":"BreadcrumbList","@id":"https:\/\/jam-news.net\/az\/muharib%c9%99nin-n%c9%99tic%c9%99l%c9%99ri-d%c9%99yism%c9%99z-qalacaq-ilham-%c9%99liyev-jurnalistl%c9%99rin-suallarina-cavab-verib\/#breadcrumb","itemListElement":[{"@type":"ListItem","position":1,"name":"Home","item":"https:\/\/jam-news.net\/az\/"},{"@type":"ListItem","position":2,"name":"\u201cM\u00fcharib\u0259nin n\u0259tic\u0259l\u0259ri d\u0259yi\u015fm\u0259z qalacaq\u201d \u2013 \u0130lham \u018fliyev jurnalistl\u0259rin suallar\u0131na cavab verib"}]},{"@type":"WebSite","@id":"https:\/\/jam-news.net\/az\/#website","url":"https:\/\/jam-news.net\/az\/","name":"Azerbaijani Jamnews","description":"Caucasus News, Politics and Society","publisher":{"@id":"https:\/\/jam-news.net\/az\/#organization"},"potentialAction":[{"@type":"SearchAction","target":{"@type":"EntryPoint","urlTemplate":"https:\/\/jam-news.net\/az\/?s={search_term_string}"},"query-input":{"@type":"PropertyValueSpecification","valueRequired":true,"valueName":"search_term_string"}}],"inLanguage":"az"},{"@type":"Organization","@id":"https:\/\/jam-news.net\/az\/#organization","name":"JAMnews","url":"https:\/\/jam-news.net\/az\/","logo":{"@type":"ImageObject","inLanguage":"az","@id":"https:\/\/jam-news.net\/az\/#\/schema\/logo\/image\/","url":"https:\/\/jam-news.net\/app\/uploads\/2020\/05\/JAM_w.jpg","contentUrl":"https:\/\/jam-news.net\/app\/uploads\/2020\/05\/JAM_w.jpg","width":960,"height":960,"caption":"JAMnews"},"image":{"@id":"https:\/\/jam-news.net\/az\/#\/schema\/logo\/image\/"},"sameAs":["https:\/\/www.facebook.com\/JAMnewsInEnglish\/","https:\/\/x.com\/JAMnewsCaucasus","https:\/\/www.instagram.com\/jam_news\/","https:\/\/www.youtube.com\/channel\/UCXQbUCme2pykuZYXWHx4VPg"]},{"@type":"Person","@id":"https:\/\/jam-news.net\/az\/#\/schema\/person\/67df3bb7adb46cd513fb9c4cb02361c6","name":"JAMnews","image":{"@type":"ImageObject","inLanguage":"az","@id":"https:\/\/jam-news.net\/az\/#\/schema\/person\/image\/","url":"https:\/\/secure.gravatar.com\/avatar\/e5c27593ef900c3ab3deed4ed1c653d7?s=96&d=mm&r=g","contentUrl":"https:\/\/secure.gravatar.com\/avatar\/e5c27593ef900c3ab3deed4ed1c653d7?s=96&d=mm&r=g","caption":"JAMnews"},"url":"https:\/\/jam-news.net\/az\/author\/margarita\/"}]}},"_links":{"self":[{"href":"https:\/\/jam-news.net\/az\/wp-json\/wp\/v2\/posts\/43594","targetHints":{"allow":["GET"]}}],"collection":[{"href":"https:\/\/jam-news.net\/az\/wp-json\/wp\/v2\/posts"}],"about":[{"href":"https:\/\/jam-news.net\/az\/wp-json\/wp\/v2\/types\/post"}],"author":[{"embeddable":true,"href":"https:\/\/jam-news.net\/az\/wp-json\/wp\/v2\/users\/3"}],"replies":[{"embeddable":true,"href":"https:\/\/jam-news.net\/az\/wp-json\/wp\/v2\/comments?post=43594"}],"version-history":[{"count":3,"href":"https:\/\/jam-news.net\/az\/wp-json\/wp\/v2\/posts\/43594\/revisions"}],"predecessor-version":[{"id":43632,"href":"https:\/\/jam-news.net\/az\/wp-json\/wp\/v2\/posts\/43594\/revisions\/43632"}],"wp:featuredmedia":[{"embeddable":true,"href":"https:\/\/jam-news.net\/az\/wp-json\/wp\/v2\/media\/43584"}],"wp:attachment":[{"href":"https:\/\/jam-news.net\/az\/wp-json\/wp\/v2\/media?parent=43594"}],"wp:term":[{"taxonomy":"category","embeddable":true,"href":"https:\/\/jam-news.net\/az\/wp-json\/wp\/v2\/categories?post=43594"},{"taxonomy":"post_tag","embeddable":true,"href":"https:\/\/jam-news.net\/az\/wp-json\/wp\/v2\/tags?post=43594"},{"taxonomy":"formation","embeddable":true,"href":"https:\/\/jam-news.net\/az\/wp-json\/wp\/v2\/formation?post=43594"},{"taxonomy":"post-author","embeddable":true,"href":"https:\/\/jam-news.net\/az\/wp-json\/wp\/v2\/post-author?post=43594"},{"taxonomy":"topic","embeddable":true,"href":"https:\/\/jam-news.net\/az\/wp-json\/wp\/v2\/topic?post=43594"},{"taxonomy":"tooltip","embeddable":true,"href":"https:\/\/jam-news.net\/az\/wp-json\/wp\/v2\/tooltip?post=43594"},{"taxonomy":"city","embeddable":true,"href":"https:\/\/jam-news.net\/az\/wp-json\/wp\/v2\/city?post=43594"}],"curies":[{"name":"wp","href":"https:\/\/api.w.org\/{rel}","templated":true}]}}