{"id":4316,"date":"2016-05-12T00:00:00","date_gmt":"2016-05-12T00:00:00","guid":{"rendered":"http:\/\/jam-news.net\/az\/eurovisionda-qarabagi-nec%c9%99-bolurdul%c9%99r\/"},"modified":"2020-07-31T14:06:25","modified_gmt":"2020-07-31T10:06:25","slug":"eurovisionda-qarabagi-nec%c9%99-bolurdul%c9%99r","status":"publish","type":"post","link":"https:\/\/jam-news.net\/az\/eurovisionda-qarabagi-nec%c9%99-bolurdul%c9%99r\/","title":{"rendered":"\u201cEurovision\u201dda Qaraba\u011f\u0131 nec\u0259 b\u00f6l\u00fcrd\u00fcl\u0259r"},"content":{"rendered":"<p><span style=\"color: #808080; font-size: 12pt;\">\u201cEurovision-2016 yar\u0131mfinal\u0131na bir ne\u00e7\u0259 g\u00fcn qalm\u0131\u015f Az\u0259rbaycan medias\u0131 \u015fadyanal\u0131q edir \u2013 mahn\u0131 m\u00fcsabiq\u0259sind\u0259 qondarma Da\u011fl\u0131q Qaraba\u011f Respublikas\u0131n\u0131n bayra\u011f\u0131 qada\u011fan edilib!<\/span><\/p>\n<p><span style=\"color: #808080; font-size: 12pt;\">\u0130\u015f oras\u0131ndad\u0131r ki, i\u00e7ind\u0259 DQR-n\u0131n bayra\u011f\u0131 da olan qada\u011fan olunmu\u015f simvollar\u0131n oldu\u011fu s\u0259n\u0259d <a href=\"http:\/\/www.globearenas.se\/\" target=\"_blank\" rel=\"noopener noreferrer\">Globe Arena<\/a>\u00a0v\u0259 biletl\u0259rin sat\u0131\u015f\u0131 \u00fczr\u0259 <a href=\"http:\/\/www.axs.com\/\" target=\"_blank\" rel=\"noopener noreferrer\">AXS<\/a> agentliyinin saytlar\u0131nda d\u0259rc olunub.<\/span><\/p>\n<p><span style=\"color: #808080; font-size: 12pt;\">Daha sonra Avropa Yay\u0131m \u0130ttifaq\u0131 (EBU) <a href=\"https:\/\/www.facebook.com\/EBU.HQ\/photos\/a.254249654667459.57497.226605230765235\/1038141432944940\/?type=3&amp;theater\" target=\"_blank\" rel=\"noopener noreferrer\">bildirib<\/a> ki, bu s\u0259hvdir v\u0259 s\u0259n\u0259di a\u00e7\u0131qlamaq ist\u0259mirdil\u0259r, m\u00fcsabiq\u0259 \u00fc\u00e7\u00fcn m\u0259hdudiyy\u0259tl\u0259rin daha konkret siyah\u0131s\u0131 is\u0259 bir q\u0259d\u0259r sonra d\u0259rc olunacaq. Bu m\u00f6vzu m\u0259tbuatda geni\u015f i\u015f\u0131qland\u0131r\u0131ld\u0131 v\u0259 sosial \u015f\u0259b\u0259k\u0259l\u0259rd\u0259 q\u0131z\u011f\u0131n m\u00fcbahis\u0259l\u0259r\u0259 s\u0259b\u0259b oldu. \u0130stifad\u0259\u00e7il\u0259rd\u0259n biri yazd\u0131: \u201cBu d\u0259f\u0259 onlar d\u0259qiq h\u0259min bayra\u011f\u0131 ora s\u00fcr\u00fcb aparacaqlar.<\/span><\/p>\n<p><span style=\"color: #808080; font-size: 12pt;\">May\u0131n 10-da ba\u015f tutan m\u00fcsabiq\u0259nin yar\u0131m final\u0131nda Az\u0259rbaycan\u0131 t\u0259msil ed\u0259n S\u0259mra R\u0259himli v\u0259 Erm\u0259nistanl\u0131 i\u015ftirak\u00e7\u0131 \u0130veta Muku\u00e7yan u\u011furla \u00e7\u0131x\u0131\u015f etdil\u0259r.<\/span><\/p>\n<div class=\"youtube-video-content\"><iframe loading=\"lazy\" class=\"youtube-player\" title=\"YouTube video player\" src=\"https:\/\/www.youtube.com\/embed\/fmaRaN0MbbI?enablejsapi=1&amp;origin=http%3A%2F%2Fjam-news.net&amp;widgetid=1\" width=\"100%\" height=\"500px\" frameborder=\"0\" allowfullscreen=\"allowfullscreen\" data-video-id=\"fmaRaN0MbbI\"><\/iframe><\/div>\n<p>&nbsp;<\/p>\n<div class=\"youtube-video-content\">\n<p><iframe loading=\"lazy\" class=\"youtube-player\" title=\"YouTube video player\" src=\"https:\/\/www.youtube.com\/embed\/h3KTV0jdCpQ?enablejsapi=1&amp;origin=http%3A%2F%2Fjam-news.net&amp;widgetid=1\" width=\"100%\" height=\"500px\" frameborder=\"0\" allowfullscreen=\"allowfullscreen\" data-video-id=\"h3KTV0jdCpQ\"><\/iframe><\/p>\n<\/div>\n<p><span style=\"color: #808080; font-size: 12pt;\">\u201cFacebook istifad\u0259\u00e7il\u0259ri q\u0131zlar\u0131 h\u0259v\u0259sl\u0259 m\u00fcqayis\u0259 edir, mahn\u0131lar\u0131n\u0131 v\u0259 xarici g\u00f6r\u00fcn\u00fc\u015fl\u0259rini m\u00fczakir\u0259 edirdil\u0259r. S\u0259mran\u0131n paltar\u0131n\u0131 b\u0259zil\u0259ri h\u0259dd\u0259n art\u0131q a\u00e7\u0131q-sa\u00e7\u0131q sayd\u0131: \u201cO, b\u0259d\u0259n r\u0259ngind\u0259dir, q\u0131z el\u0259 bil \u00e7\u0131lpaqd\u0131r. Amma \u0259lb\u0259tt\u0259 ki, \u0259sas sensasiya \u0130veta Muku\u00e7yan\u0131n kameralar qar\u015f\u0131s\u0131nda dal\u011faland\u0131rd\u0131\u011f\u0131 DQR-in bayra\u011f\u0131 oldu.<\/span><\/p>\n<p><span style=\"color: #808080; font-size: 12pt;\">Az\u0259rbaycan medias\u0131 ac\u0131ql\u0131 ba\u015fl\u0131qlarla dolu idi:<\/span><\/p>\n<p><span style=\"font-size: 12pt;\"><a href=\"http:\/\/haqqin.az\/news\/70208\" target=\"_blank\" rel=\"noopener noreferrer\"><span style=\"color: #808080;\">\u201cYen\u0259 d\u0259 DQR-in \u0259skisini yell\u0259tdil\u0259r&#8230;<\/span><\/a><\/span><\/p>\n<p><span style=\"font-size: 12pt;\"><a href=\"http:\/\/ru.apa.az\/news\/316164\" target=\"_blank\" rel=\"noopener noreferrer\"><span style=\"color: #808080;\">Erm\u0259nistan\u0131n n\u00fcmay\u0259nd\u0259 hey\u0259ti \u201cEurovision-2016da t\u0259xribat t\u00f6r\u0259tdi <\/span><\/a><\/span><\/p>\n<p><span style=\"font-size: 12pt;\"><a href=\"http:\/\/www.azadliqradiosu.az\/content\/eurovision-bayraq-etiraz-azerbaycan\/27728289.html\" target=\"_blank\" rel=\"noopener noreferrer\"><span style=\"color: #808080;\">\u201cErm\u0259ni ifa\u00e7\u0131s\u0131 \u201cEurovisiondan qovulmaq ist\u0259yir<\/span><\/a><\/span><\/p>\n<p><span style=\"color: #808080; font-size: 12pt;\">\u201cEurovision t\u0259\u015fkilat\u00e7\u0131lar\u0131 da ba\u015f ver\u0259nl\u0259rd\u0259n naraz\u0131 qald\u0131lar.<\/span><\/p>\n<p><span style=\"color: #808080; font-size: 12pt;\">\u201cM\u00fcsabiq\u0259nin ba\u015f prod\u00fcseri Sven Stojanovi\u015f hadis\u0259ni \u015f\u0259rh ed\u0259rk\u0259n jurnalistl\u0259r\u0259 bildirdi ki, erm\u0259ni i\u015ftirak\u00e7\u0131s\u0131 t\u0259r\u0259find\u0259n \u201cDQRn\u0131n bayra\u011f\u0131n\u0131n g\u0259tirilm\u0259si qeyri-qanunidir v\u0259 bu pozuntu il\u0259 ba\u011fl\u0131 Avropa Yay\u0131m Birliyi m\u00fcvafiq ara\u015fd\u0131rma aparacaq, &#8211; sputnik.az <a href=\"http:\/\/ru.sputnik.az\/karabakh\/20160511\/405092234.html\" target=\"_blank\" rel=\"noopener noreferrer\">yaz\u0131r<\/a><\/span><\/p>\n<p><span style=\"color: #808080; font-size: 12pt;\">\u201cBiz canl\u0131 efird\u0259 \u00e7ox m\u00fcbahis\u0259li bir \u0259razinin bayra\u011f\u0131n\u0131n peyda olmas\u0131n\u0131 \u201cEurovision mahn\u0131 m\u00fcsabiq\u0259sinin 1.2.2h qaydas\u0131n\u0131n ciddi pozuntusu kimi q\u0259bul edirik, bu qaydada deyilir ki, \u201c\u015fouda ist\u0259nil\u0259n t\u0259\u015fkilatlar\u0131n, idar\u0259l\u0259rin qaba\u011fa \u00e7\u0259kilm\u0259si, siyasi fikirl\u0259r, \u015firk\u0259t, brend, mal v\u0259 xidm\u0259tl\u0259rin reklam\u0131 qada\u011fand\u0131r, &#8211; Avropa Yay\u0131m Birliyinin b\u0259yanat\u0131nda deyilir. <\/span><\/p>\n<p><span style=\"color: #808080; font-size: 12pt;\">M\u0259tbuat konfrans\u0131 zaman\u0131 \u0130veta Muku\u00e7yan qaydalar\u0131n pozuntusu il\u0259 ba\u011fl\u0131 sual\u0131 cavabland\u0131rark\u0259n dedi ki, \u00f6z hissl\u0259rini s\u0259rb\u0259st \u015f\u0259kild\u0259 ifad\u0259 etm\u0259k, h\u0259m d\u0259 \u00f6z v\u0259t\u0259ni \u00fc\u00e7\u00fcn s\u00fclh ist\u0259yir.<\/span><\/p>\n<div class=\"youtube-video-content\"><iframe loading=\"lazy\" class=\"youtube-player\" title=\"YouTube video player\" src=\"https:\/\/www.youtube.com\/embed\/njtsbo0Srmw?enablejsapi=1&amp;origin=http%3A%2F%2Fjam-news.net&amp;widgetid=1\" width=\"100%\" height=\"500px\" frameborder=\"0\" allowfullscreen=\"allowfullscreen\" data-video-id=\"njtsbo0Srmw\"><\/iframe><\/div>\n<p><span style=\"color: #808080; font-size: 12pt;\">Sosial \u015f\u0259b\u0259k\u0259l\u0259r d\u0259 m\u0259s\u0259l\u0259d\u0259n k\u0259narda qalmad\u0131lar. \u201cEurovision h\u0259mi\u015f\u0259 Az\u0259rbaycanda v\u0259t\u0259np\u0259rv\u0259rlik ruhunu qald\u0131r\u0131r, x\u00fcsus\u0259n d\u0259 Qaraba\u011f m\u00fcnaqi\u015f\u0259si \u201cdondurulmu\u015f m\u00fcnaqi\u015f\u0259d\u0259n a\u011fr\u0131l\u0131 v\u0259 aktual m\u00f6vzuya \u00e7evril\u0259nd\u0259n sonra.<\/span><\/p>\n<p><span style=\"color: #808080; font-size: 12pt;\">Ona g\u00f6r\u0259 d\u0259 tez bir zamanda mahn\u0131lar\u0131 unudub, geosiyasi m\u00f6vzuya ke\u00e7dil\u0259r.<\/span><\/p>\n<p><span style=\"color: #808080; font-size: 12pt;\">\u201cErm\u0259ni n\u00fcmay\u0259nd\u0259 hey\u0259tin\u0259 ehtiyat truppas\u0131 olaraq Az\u0259rbaycan n\u00fcmay\u0259nd\u0259 hey\u0259tin\u0259 qat\u0131lma\u011f\u0131 t\u0259klif edir\u0259m, Az\u0259rbaycan\u0131n t\u0259rkibind\u0259 olan daha bir muxtar vilay\u0259t kimi. Ax h\u0259r \u015fey gec-tez \u00f6z yerin\u0259 qay\u0131d\u0131r.<\/span><\/p>\n<p><span style=\"color: #808080; font-size: 12pt;\">\u201cM\u0259n he\u00e7 bir bayra\u011fa qar\u015f\u0131 deyil\u0259m, amma Az\u0259rbaycan\u0131n t\u0259rkibind\u0259.<\/span><\/p>\n<p><span style=\"color: #808080; font-size: 12pt;\">\u201cAmma yen\u0259 d\u0259 t\u0259\u015fkilat\u00e7\u0131lar\u0131n n\u0259z\u0259rin\u0259 \u00e7atd\u0131rmaq laz\u0131md\u0131r ki, bu qanunsuzdur v\u0259 t\u0259xribatd\u0131r v\u0259 g\u0259l\u0259n d\u0259f\u0259 onlar\u0131n zaldan qovulmas\u0131n\u0131 t\u0259l\u0259b etm\u0259k laz\u0131md\u0131r.<\/span><\/p>\n<p><span style=\"color: #800000;\"><strong>\u00dcz s\u0259hif\u0259nin fotosu:<\/strong><\/span> <span style=\"color: #800000;\"><strong>facebook.com\/ArmeniaInEurovisionOfficial<\/strong><\/span><\/p>\n","protected":false},"excerpt":{"rendered":"<p>Bayraqla ba\u011fl\u0131 qalmaqal az\u0259rbaycanl\u0131lar\u0131 \u00f6z\u00fcnd\u0259n \u00e7\u0131xard\u0131\u00a0<\/p>\n","protected":false},"author":3,"featured_media":19296,"comment_status":"open","ping_status":"open","sticky":false,"template":"","format":"standard","meta":{"_acf_changed":false,"footnotes":""},"categories":[37,27,17,67,2,62,38,36],"tags":[],"formation":[],"post-author":[2888],"topic":[4954],"tooltip":[],"city":[],"class_list":["post-4316","post","type-post","status-publish","format-standard","has-post-thumbnail","hentry","category-video","category-ermnistan","category-azrbaycan","category-ylnc","category-cografiya","category-lifestyle","category-qarabag","category-multimedia","post-author-jamnews","topic-qarabag"],"acf":[],"yoast_head":"<!-- This site is optimized with the Yoast SEO plugin v24.1 - https:\/\/yoast.com\/wordpress\/plugins\/seo\/ -->\n<title>\u201cEurovision\u201dda Qaraba\u011f\u0131 nec\u0259 b\u00f6l\u00fcrd\u00fcl\u0259r - JAMnews<\/title>\n<meta name=\"robots\" content=\"index, follow, max-snippet:-1, max-image-preview:large, max-video-preview:-1\" \/>\n<link rel=\"canonical\" href=\"https:\/\/jam-news.net\/az\/eurovisionda-qarabagi-nec\u0259-bolurdul\u0259r\/\" \/>\n<meta property=\"og:locale\" content=\"az_AZ\" \/>\n<meta property=\"og:type\" content=\"article\" \/>\n<meta property=\"og:title\" content=\"\u201cEurovision\u201dda Qaraba\u011f\u0131 nec\u0259 b\u00f6l\u00fcrd\u00fcl\u0259r - JAMnews\" \/>\n<meta property=\"og:description\" content=\"Bayraqla ba\u011fl\u0131 qalmaqal az\u0259rbaycanl\u0131lar\u0131 \u00f6z\u00fcnd\u0259n \u00e7\u0131xard\u0131\u00a0\" \/>\n<meta property=\"og:url\" content=\"https:\/\/jam-news.net\/az\/eurovisionda-qarabagi-nec\u0259-bolurdul\u0259r\/\" \/>\n<meta property=\"og:site_name\" content=\"Azerbaijani Jamnews\" \/>\n<meta property=\"article:publisher\" content=\"https:\/\/www.facebook.com\/JAMnewsInEnglish\/\" \/>\n<meta property=\"article:published_time\" content=\"2016-05-12T00:00:00+00:00\" \/>\n<meta property=\"article:modified_time\" content=\"2020-07-31T10:06:25+00:00\" \/>\n<meta property=\"og:image\" content=\"https:\/\/jam-news.net\/app\/uploads\/2020\/03\/5652080b186086fae5fafafb1a32eeff-3.jpg\" \/>\n\t<meta property=\"og:image:width\" content=\"1100\" \/>\n\t<meta property=\"og:image:height\" content=\"825\" \/>\n\t<meta property=\"og:image:type\" content=\"image\/jpeg\" \/>\n<meta name=\"author\" content=\"JAMnews\" \/>\n<meta name=\"twitter:card\" content=\"summary_large_image\" \/>\n<meta name=\"twitter:creator\" content=\"@JAMnewsCaucasus\" \/>\n<meta name=\"twitter:site\" content=\"@JAMnewsCaucasus\" \/>\n<meta name=\"twitter:label1\" content=\"Written by\" \/>\n\t<meta name=\"twitter:data1\" content=\"JAMnews\" \/>\n\t<meta name=\"twitter:label2\" content=\"Est. reading time\" \/>\n\t<meta name=\"twitter:data2\" content=\"3 minutes\" \/>\n<script type=\"application\/ld+json\" class=\"yoast-schema-graph\">{\"@context\":\"https:\/\/schema.org\",\"@graph\":[{\"@type\":\"Article\",\"@id\":\"https:\/\/jam-news.net\/az\/eurovisionda-qarabagi-nec%c9%99-bolurdul%c9%99r\/#article\",\"isPartOf\":{\"@id\":\"https:\/\/jam-news.net\/az\/eurovisionda-qarabagi-nec%c9%99-bolurdul%c9%99r\/\"},\"author\":{\"name\":\"JAMnews\",\"@id\":\"https:\/\/jam-news.net\/az\/#\/schema\/person\/67df3bb7adb46cd513fb9c4cb02361c6\"},\"headline\":\"\u201cEurovision\u201dda Qaraba\u011f\u0131 nec\u0259 b\u00f6l\u00fcrd\u00fcl\u0259r\",\"datePublished\":\"2016-05-12T00:00:00+00:00\",\"dateModified\":\"2020-07-31T10:06:25+00:00\",\"mainEntityOfPage\":{\"@id\":\"https:\/\/jam-news.net\/az\/eurovisionda-qarabagi-nec%c9%99-bolurdul%c9%99r\/\"},\"wordCount\":676,\"commentCount\":0,\"publisher\":{\"@id\":\"https:\/\/jam-news.net\/az\/#organization\"},\"image\":{\"@id\":\"https:\/\/jam-news.net\/az\/eurovisionda-qarabagi-nec%c9%99-bolurdul%c9%99r\/#primaryimage\"},\"thumbnailUrl\":\"https:\/\/jam-news.net\/app\/uploads\/2020\/03\/5652080b186086fae5fafafb1a32eeff-3.jpg\",\"articleSection\":[\"90 seconds\",\"Armenia\",\"Azerbaijan\",\"Entertainment\",\"Geography\",\"Lifestyle\",\"Nagorno-Karabakh\",\"Photo\/Video\"],\"inLanguage\":\"az\"},{\"@type\":\"WebPage\",\"@id\":\"https:\/\/jam-news.net\/az\/eurovisionda-qarabagi-nec%c9%99-bolurdul%c9%99r\/\",\"url\":\"https:\/\/jam-news.net\/az\/eurovisionda-qarabagi-nec%c9%99-bolurdul%c9%99r\/\",\"name\":\"\u201cEurovision\u201dda Qaraba\u011f\u0131 nec\u0259 b\u00f6l\u00fcrd\u00fcl\u0259r - JAMnews\",\"isPartOf\":{\"@id\":\"https:\/\/jam-news.net\/az\/#website\"},\"primaryImageOfPage\":{\"@id\":\"https:\/\/jam-news.net\/az\/eurovisionda-qarabagi-nec%c9%99-bolurdul%c9%99r\/#primaryimage\"},\"image\":{\"@id\":\"https:\/\/jam-news.net\/az\/eurovisionda-qarabagi-nec%c9%99-bolurdul%c9%99r\/#primaryimage\"},\"thumbnailUrl\":\"https:\/\/jam-news.net\/app\/uploads\/2020\/03\/5652080b186086fae5fafafb1a32eeff-3.jpg\",\"datePublished\":\"2016-05-12T00:00:00+00:00\",\"dateModified\":\"2020-07-31T10:06:25+00:00\",\"breadcrumb\":{\"@id\":\"https:\/\/jam-news.net\/az\/eurovisionda-qarabagi-nec%c9%99-bolurdul%c9%99r\/#breadcrumb\"},\"inLanguage\":\"az\",\"potentialAction\":[{\"@type\":\"ReadAction\",\"target\":[\"https:\/\/jam-news.net\/az\/eurovisionda-qarabagi-nec%c9%99-bolurdul%c9%99r\/\"]}]},{\"@type\":\"ImageObject\",\"inLanguage\":\"az\",\"@id\":\"https:\/\/jam-news.net\/az\/eurovisionda-qarabagi-nec%c9%99-bolurdul%c9%99r\/#primaryimage\",\"url\":\"https:\/\/jam-news.net\/app\/uploads\/2020\/03\/5652080b186086fae5fafafb1a32eeff-3.jpg\",\"contentUrl\":\"https:\/\/jam-news.net\/app\/uploads\/2020\/03\/5652080b186086fae5fafafb1a32eeff-3.jpg\",\"width\":1100,\"height\":825},{\"@type\":\"BreadcrumbList\",\"@id\":\"https:\/\/jam-news.net\/az\/eurovisionda-qarabagi-nec%c9%99-bolurdul%c9%99r\/#breadcrumb\",\"itemListElement\":[{\"@type\":\"ListItem\",\"position\":1,\"name\":\"Home\",\"item\":\"https:\/\/jam-news.net\/az\/\"},{\"@type\":\"ListItem\",\"position\":2,\"name\":\"\u201cEurovision\u201dda Qaraba\u011f\u0131 nec\u0259 b\u00f6l\u00fcrd\u00fcl\u0259r\"}]},{\"@type\":\"WebSite\",\"@id\":\"https:\/\/jam-news.net\/az\/#website\",\"url\":\"https:\/\/jam-news.net\/az\/\",\"name\":\"Azerbaijani Jamnews\",\"description\":\"Caucasus News, Politics and Society\",\"publisher\":{\"@id\":\"https:\/\/jam-news.net\/az\/#organization\"},\"potentialAction\":[{\"@type\":\"SearchAction\",\"target\":{\"@type\":\"EntryPoint\",\"urlTemplate\":\"https:\/\/jam-news.net\/az\/?s={search_term_string}\"},\"query-input\":{\"@type\":\"PropertyValueSpecification\",\"valueRequired\":true,\"valueName\":\"search_term_string\"}}],\"inLanguage\":\"az\"},{\"@type\":\"Organization\",\"@id\":\"https:\/\/jam-news.net\/az\/#organization\",\"name\":\"JAMnews\",\"url\":\"https:\/\/jam-news.net\/az\/\",\"logo\":{\"@type\":\"ImageObject\",\"inLanguage\":\"az\",\"@id\":\"https:\/\/jam-news.net\/az\/#\/schema\/logo\/image\/\",\"url\":\"https:\/\/jam-news.net\/app\/uploads\/2020\/05\/JAM_w.jpg\",\"contentUrl\":\"https:\/\/jam-news.net\/app\/uploads\/2020\/05\/JAM_w.jpg\",\"width\":960,\"height\":960,\"caption\":\"JAMnews\"},\"image\":{\"@id\":\"https:\/\/jam-news.net\/az\/#\/schema\/logo\/image\/\"},\"sameAs\":[\"https:\/\/www.facebook.com\/JAMnewsInEnglish\/\",\"https:\/\/x.com\/JAMnewsCaucasus\",\"https:\/\/www.instagram.com\/jam_news\/\",\"https:\/\/www.youtube.com\/channel\/UCXQbUCme2pykuZYXWHx4VPg\"]},{\"@type\":\"Person\",\"@id\":\"https:\/\/jam-news.net\/az\/#\/schema\/person\/67df3bb7adb46cd513fb9c4cb02361c6\",\"name\":\"JAMnews\",\"image\":{\"@type\":\"ImageObject\",\"inLanguage\":\"az\",\"@id\":\"https:\/\/jam-news.net\/az\/#\/schema\/person\/image\/\",\"url\":\"https:\/\/secure.gravatar.com\/avatar\/e5c27593ef900c3ab3deed4ed1c653d7?s=96&d=mm&r=g\",\"contentUrl\":\"https:\/\/secure.gravatar.com\/avatar\/e5c27593ef900c3ab3deed4ed1c653d7?s=96&d=mm&r=g\",\"caption\":\"JAMnews\"},\"url\":\"https:\/\/jam-news.net\/az\/author\/margarita\/\"}]}<\/script>\n<!-- \/ Yoast SEO plugin. -->","yoast_head_json":{"title":"\u201cEurovision\u201dda Qaraba\u011f\u0131 nec\u0259 b\u00f6l\u00fcrd\u00fcl\u0259r - JAMnews","robots":{"index":"index","follow":"follow","max-snippet":"max-snippet:-1","max-image-preview":"max-image-preview:large","max-video-preview":"max-video-preview:-1"},"canonical":"https:\/\/jam-news.net\/az\/eurovisionda-qarabagi-nec\u0259-bolurdul\u0259r\/","og_locale":"az_AZ","og_type":"article","og_title":"\u201cEurovision\u201dda Qaraba\u011f\u0131 nec\u0259 b\u00f6l\u00fcrd\u00fcl\u0259r - JAMnews","og_description":"Bayraqla ba\u011fl\u0131 qalmaqal az\u0259rbaycanl\u0131lar\u0131 \u00f6z\u00fcnd\u0259n \u00e7\u0131xard\u0131\u00a0","og_url":"https:\/\/jam-news.net\/az\/eurovisionda-qarabagi-nec\u0259-bolurdul\u0259r\/","og_site_name":"Azerbaijani Jamnews","article_publisher":"https:\/\/www.facebook.com\/JAMnewsInEnglish\/","article_published_time":"2016-05-12T00:00:00+00:00","article_modified_time":"2020-07-31T10:06:25+00:00","og_image":[{"width":1100,"height":825,"url":"https:\/\/jam-news.net\/app\/uploads\/2020\/03\/5652080b186086fae5fafafb1a32eeff-3.jpg","type":"image\/jpeg"}],"author":"JAMnews","twitter_card":"summary_large_image","twitter_creator":"@JAMnewsCaucasus","twitter_site":"@JAMnewsCaucasus","twitter_misc":{"Written by":"JAMnews","Est. reading time":"3 minutes"},"schema":{"@context":"https:\/\/schema.org","@graph":[{"@type":"Article","@id":"https:\/\/jam-news.net\/az\/eurovisionda-qarabagi-nec%c9%99-bolurdul%c9%99r\/#article","isPartOf":{"@id":"https:\/\/jam-news.net\/az\/eurovisionda-qarabagi-nec%c9%99-bolurdul%c9%99r\/"},"author":{"name":"JAMnews","@id":"https:\/\/jam-news.net\/az\/#\/schema\/person\/67df3bb7adb46cd513fb9c4cb02361c6"},"headline":"\u201cEurovision\u201dda Qaraba\u011f\u0131 nec\u0259 b\u00f6l\u00fcrd\u00fcl\u0259r","datePublished":"2016-05-12T00:00:00+00:00","dateModified":"2020-07-31T10:06:25+00:00","mainEntityOfPage":{"@id":"https:\/\/jam-news.net\/az\/eurovisionda-qarabagi-nec%c9%99-bolurdul%c9%99r\/"},"wordCount":676,"commentCount":0,"publisher":{"@id":"https:\/\/jam-news.net\/az\/#organization"},"image":{"@id":"https:\/\/jam-news.net\/az\/eurovisionda-qarabagi-nec%c9%99-bolurdul%c9%99r\/#primaryimage"},"thumbnailUrl":"https:\/\/jam-news.net\/app\/uploads\/2020\/03\/5652080b186086fae5fafafb1a32eeff-3.jpg","articleSection":["90 seconds","Armenia","Azerbaijan","Entertainment","Geography","Lifestyle","Nagorno-Karabakh","Photo\/Video"],"inLanguage":"az"},{"@type":"WebPage","@id":"https:\/\/jam-news.net\/az\/eurovisionda-qarabagi-nec%c9%99-bolurdul%c9%99r\/","url":"https:\/\/jam-news.net\/az\/eurovisionda-qarabagi-nec%c9%99-bolurdul%c9%99r\/","name":"\u201cEurovision\u201dda Qaraba\u011f\u0131 nec\u0259 b\u00f6l\u00fcrd\u00fcl\u0259r - JAMnews","isPartOf":{"@id":"https:\/\/jam-news.net\/az\/#website"},"primaryImageOfPage":{"@id":"https:\/\/jam-news.net\/az\/eurovisionda-qarabagi-nec%c9%99-bolurdul%c9%99r\/#primaryimage"},"image":{"@id":"https:\/\/jam-news.net\/az\/eurovisionda-qarabagi-nec%c9%99-bolurdul%c9%99r\/#primaryimage"},"thumbnailUrl":"https:\/\/jam-news.net\/app\/uploads\/2020\/03\/5652080b186086fae5fafafb1a32eeff-3.jpg","datePublished":"2016-05-12T00:00:00+00:00","dateModified":"2020-07-31T10:06:25+00:00","breadcrumb":{"@id":"https:\/\/jam-news.net\/az\/eurovisionda-qarabagi-nec%c9%99-bolurdul%c9%99r\/#breadcrumb"},"inLanguage":"az","potentialAction":[{"@type":"ReadAction","target":["https:\/\/jam-news.net\/az\/eurovisionda-qarabagi-nec%c9%99-bolurdul%c9%99r\/"]}]},{"@type":"ImageObject","inLanguage":"az","@id":"https:\/\/jam-news.net\/az\/eurovisionda-qarabagi-nec%c9%99-bolurdul%c9%99r\/#primaryimage","url":"https:\/\/jam-news.net\/app\/uploads\/2020\/03\/5652080b186086fae5fafafb1a32eeff-3.jpg","contentUrl":"https:\/\/jam-news.net\/app\/uploads\/2020\/03\/5652080b186086fae5fafafb1a32eeff-3.jpg","width":1100,"height":825},{"@type":"BreadcrumbList","@id":"https:\/\/jam-news.net\/az\/eurovisionda-qarabagi-nec%c9%99-bolurdul%c9%99r\/#breadcrumb","itemListElement":[{"@type":"ListItem","position":1,"name":"Home","item":"https:\/\/jam-news.net\/az\/"},{"@type":"ListItem","position":2,"name":"\u201cEurovision\u201dda Qaraba\u011f\u0131 nec\u0259 b\u00f6l\u00fcrd\u00fcl\u0259r"}]},{"@type":"WebSite","@id":"https:\/\/jam-news.net\/az\/#website","url":"https:\/\/jam-news.net\/az\/","name":"Azerbaijani Jamnews","description":"Caucasus News, Politics and Society","publisher":{"@id":"https:\/\/jam-news.net\/az\/#organization"},"potentialAction":[{"@type":"SearchAction","target":{"@type":"EntryPoint","urlTemplate":"https:\/\/jam-news.net\/az\/?s={search_term_string}"},"query-input":{"@type":"PropertyValueSpecification","valueRequired":true,"valueName":"search_term_string"}}],"inLanguage":"az"},{"@type":"Organization","@id":"https:\/\/jam-news.net\/az\/#organization","name":"JAMnews","url":"https:\/\/jam-news.net\/az\/","logo":{"@type":"ImageObject","inLanguage":"az","@id":"https:\/\/jam-news.net\/az\/#\/schema\/logo\/image\/","url":"https:\/\/jam-news.net\/app\/uploads\/2020\/05\/JAM_w.jpg","contentUrl":"https:\/\/jam-news.net\/app\/uploads\/2020\/05\/JAM_w.jpg","width":960,"height":960,"caption":"JAMnews"},"image":{"@id":"https:\/\/jam-news.net\/az\/#\/schema\/logo\/image\/"},"sameAs":["https:\/\/www.facebook.com\/JAMnewsInEnglish\/","https:\/\/x.com\/JAMnewsCaucasus","https:\/\/www.instagram.com\/jam_news\/","https:\/\/www.youtube.com\/channel\/UCXQbUCme2pykuZYXWHx4VPg"]},{"@type":"Person","@id":"https:\/\/jam-news.net\/az\/#\/schema\/person\/67df3bb7adb46cd513fb9c4cb02361c6","name":"JAMnews","image":{"@type":"ImageObject","inLanguage":"az","@id":"https:\/\/jam-news.net\/az\/#\/schema\/person\/image\/","url":"https:\/\/secure.gravatar.com\/avatar\/e5c27593ef900c3ab3deed4ed1c653d7?s=96&d=mm&r=g","contentUrl":"https:\/\/secure.gravatar.com\/avatar\/e5c27593ef900c3ab3deed4ed1c653d7?s=96&d=mm&r=g","caption":"JAMnews"},"url":"https:\/\/jam-news.net\/az\/author\/margarita\/"}]}},"_links":{"self":[{"href":"https:\/\/jam-news.net\/az\/wp-json\/wp\/v2\/posts\/4316","targetHints":{"allow":["GET"]}}],"collection":[{"href":"https:\/\/jam-news.net\/az\/wp-json\/wp\/v2\/posts"}],"about":[{"href":"https:\/\/jam-news.net\/az\/wp-json\/wp\/v2\/types\/post"}],"author":[{"embeddable":true,"href":"https:\/\/jam-news.net\/az\/wp-json\/wp\/v2\/users\/3"}],"replies":[{"embeddable":true,"href":"https:\/\/jam-news.net\/az\/wp-json\/wp\/v2\/comments?post=4316"}],"version-history":[{"count":1,"href":"https:\/\/jam-news.net\/az\/wp-json\/wp\/v2\/posts\/4316\/revisions"}],"predecessor-version":[{"id":16305,"href":"https:\/\/jam-news.net\/az\/wp-json\/wp\/v2\/posts\/4316\/revisions\/16305"}],"wp:featuredmedia":[{"embeddable":true,"href":"https:\/\/jam-news.net\/az\/wp-json\/wp\/v2\/media\/19296"}],"wp:attachment":[{"href":"https:\/\/jam-news.net\/az\/wp-json\/wp\/v2\/media?parent=4316"}],"wp:term":[{"taxonomy":"category","embeddable":true,"href":"https:\/\/jam-news.net\/az\/wp-json\/wp\/v2\/categories?post=4316"},{"taxonomy":"post_tag","embeddable":true,"href":"https:\/\/jam-news.net\/az\/wp-json\/wp\/v2\/tags?post=4316"},{"taxonomy":"formation","embeddable":true,"href":"https:\/\/jam-news.net\/az\/wp-json\/wp\/v2\/formation?post=4316"},{"taxonomy":"post-author","embeddable":true,"href":"https:\/\/jam-news.net\/az\/wp-json\/wp\/v2\/post-author?post=4316"},{"taxonomy":"topic","embeddable":true,"href":"https:\/\/jam-news.net\/az\/wp-json\/wp\/v2\/topic?post=4316"},{"taxonomy":"tooltip","embeddable":true,"href":"https:\/\/jam-news.net\/az\/wp-json\/wp\/v2\/tooltip?post=4316"},{"taxonomy":"city","embeddable":true,"href":"https:\/\/jam-news.net\/az\/wp-json\/wp\/v2\/city?post=4316"}],"curies":[{"name":"wp","href":"https:\/\/api.w.org\/{rel}","templated":true}]}}