{"id":42214,"date":"2021-01-28T20:14:25","date_gmt":"2021-01-28T16:14:25","guid":{"rendered":"https:\/\/jam-news.net\/az\/?p=42214"},"modified":"2022-01-18T00:58:21","modified_gmt":"2022-01-17T20:58:21","slug":"robert-kocaryan-seckil%c9%99rd%c9%99-istirak-ed%c9%99c%c9%99k-erm%c9%99nistanin-eks-prezidenti-musahib%c9%99-x%c9%99b%c9%99rl%c9%99r-erm%c9%99nistan","status":"publish","type":"post","link":"https:\/\/jam-news.net\/az\/robert-kocaryan-seckil%c9%99rd%c9%99-istirak-ed%c9%99c%c9%99k-erm%c9%99nistanin-eks-prezidenti-musahib%c9%99-x%c9%99b%c9%99rl%c9%99r-erm%c9%99nistan\/","title":{"rendered":"\u201cBiz q\u0259l\u0259b\u0259 qazanaca\u011f\u0131q\u201d: Erm\u0259nistan\u0131n eks-prezidenti se\u00e7kil\u0259rd\u0259 i\u015ftirak etm\u0259k niyy\u0259tind\u0259dir"},"content":{"rendered":"\n<p>Erm\u0259nistan\u0131n eks-prezidenti Robert Ko\u00e7aryan t\u0259\u015fkil edil\u0259c\u0259yi t\u0259qdird\u0259 n\u00f6vb\u0259d\u0259nk\u0259nar se\u00e7kil\u0259rd\u0259 i\u015ftirak etm\u0259k niyy\u0259tind\u0259 oldu\u011funu elan edib.<\/p>\n\n\n\n<p>\u201c\u00d6z komandamla i\u015ftirak ed\u0259c\u0259m v\u0259 biz q\u0259l\u0259b\u0259 qazanaca\u011f\u0131q\u201d, &#8211; Erm\u0259nistan medias\u0131na m\u00fcsahib\u0259sind\u0259 o <a href=\"https:\/\/www.youtube.com\/watch?v=UJD9Fy0GMOU\" target=\"_blank\" rel=\"noreferrer noopener\">bildirib<\/a>.<\/p>\n\n\n\n<p>Bununla yana\u015f\u0131 Ko\u00e7aryan hesab edir ki, haz\u0131rk\u0131 m\u0259qamda, m\u00fcharib\u0259d\u0259n sonra \u00f6lk\u0259d\u0259 yaranm\u0131\u015f \u015f\u0259rtl\u0259r alt\u0131nda n\u00f6vb\u0259d\u0259nk\u0259nar se\u00e7kil\u0259rin ke\u00e7irilm\u0259si t\u0259hl\u00fck\u0259lidir. Ke\u00e7mi\u015f prezidentin fikrinc\u0259, ba\u015f nazir Nikol Pa\u015finyan \u00f6z\u00fc k\u00f6n\u00fcll\u00fc \u015f\u0259kild\u0259 istefaya gets\u0259, onun komandas\u0131n\u0131 is\u0259 maksimum bir iillik ke\u00e7id h\u00f6kum\u0259ti \u0259v\u0259z ets\u0259, daha yax\u015f\u0131 olar.<\/p>\n\n\n\n<p>Eks-prezidentiregionda n\u0259qliyyat kommunikasiyalar\u0131n a\u00e7\u0131lmas\u0131 v\u0259 ikinci Qaraba\u011f m\u00fcharib\u0259sind\u0259n sonra h\u0259l\u0259 d\u0259 Az\u0259rbaycanda qalan erm\u0259ni h\u0259rbi \u0259sirl\u0259rin qaytar\u0131lmas\u0131 m\u0259s\u0259l\u0259l\u0259rin\u0259 d\u0259 toxunub.<\/p>\n\n\n\n<hr class=\"wp-block-separator is-style-wide\"\/>\n\n\n\n<ul class=\"wp-block-list\"><li><a rel=\"noreferrer noopener\" href=\"https:\/\/jam-news.net\/az\/robert-kocaryanin-musahib%c9%99si-erm%c9%99nistanin-xarici-siyas%c9%99ti\/\" target=\"_blank\"><strong>Erm\u0259nistan\u0131n eks-prezidenti h\u0259bsxanadan \u00e7\u0131xandan sonra ilk m\u00fcsahib\u0259sini verib<\/strong><\/a><\/li><li><strong><a href=\"https:\/\/jam-news.net\/az\/rusiya-erm%c9%99nistanla-hava-%c9%99laq%c9%99sini-muv%c9%99qq%c9%99ti-b%c9%99rpa-edib\/\" target=\"_blank\" rel=\"noreferrer noopener\">Fevral\u0131n 1-d\u0259n Erm\u0259nistan v\u0259t\u0259nda\u015flar\u0131 m\u0259nfi n\u0259tic\u0259li koronavirus testil\u0259 Rusiyaya ged\u0259 bil\u0259c\u0259kl\u0259r<\/a><\/strong><\/li><\/ul>\n\n\n\n<hr class=\"wp-block-separator is-style-wide\"\/>\n\n\n\n<p style=\"font-size:23px\"><strong>Niy\u0259 Ko\u00e7aryan v\u0259 m\u00fcxalif\u0259t n\u00f6vb\u0259d\u0259nk\u0259nar se\u00e7kil\u0259r\u0259 qar\u015f\u0131d\u0131r?<\/strong><\/p>\n\n\n\n<p>2020-ci ilin noyabr\u0131nda Erm\u0259nistan, Az\u0259rbaycan v\u0259 Rusiya liderl\u0259ri Qaraba\u011fda at\u0259\u015fk\u0259s haqda \u00fc\u00e7t\u0259r\u0259fli b\u0259yanat imzalayandan sonra Yerevanda ba\u015f nazir Nikol Pa\u015finyan\u0131n istefas\u0131 t\u0259l\u0259bil\u0259 etiraz aksiyalar\u0131 ba\u015flay\u0131b. M\u00fcxalif\u0259t hesab edir ki, o, x\u0259yan\u0259tkar raz\u0131la\u015fmaya gedib v\u0259 Qaraba\u011fda \u0259razil\u0259ri t\u0259hvil verib.<\/p>\n\n\n\n<p>Dekabr\u0131n sonunda Pa\u015finyan \u00f6lk\u0259nin siyasi q\u00fcvv\u0259l\u0259rin\u0259 2021-ci ild\u0259 n\u00f6vb\u0259d\u0259nk\u0259nar parlament se\u00e7kil\u0259ri ke\u00e7irilm\u0259si il\u0259 ba\u011fl\u0131 m\u0259sl\u0259h\u0259tl\u0259\u015fm\u0259l\u0259r\u0259 ba\u015flama\u011f\u0131 t\u0259klif edib. Amma Erm\u0259nistan m\u00fcxalif\u0259ti bu t\u0259klifi r\u0259dd edib v\u0259 ba\u015f nazirin se\u00e7kil\u0259rd\u0259n \u0259vv\u0259l v\u0259zif\u0259sini t\u0259rk etm\u0259sini t\u0259l\u0259b edir.<\/p>\n\n\n\n<p>Eks-prezident Robert Ko\u00e7aryan da bu yana\u015fma il\u0259 raz\u0131d\u0131r. O, \u0259mindir ki, indi, \u201cziddiyy\u0259tl\u0259r, qeyri-m\u00fc\u0259yy\u0259nlik, h\u0259ssas suallara cavablar\u0131n olmad\u0131\u011f\u0131 bir atmosferd\u0259\u201d n\u00f6vb\u0259d\u0259nk\u0259nar parlament se\u00e7kil\u0259ri t\u0259\u015fkil etm\u0259k t\u0259hl\u00fck\u0259lidir:<\/p>\n\n\n\n<p>\u201cSiyasi m\u00fcbariz\u0259 \u00fc\u00e7\u00fcn bizim b\u00fct\u00fcn laz\u0131m olan al\u0259tl\u0259rimiz var, h\u0259m\u00e7inin komandam\u0131z da var. \u018fg\u0259r hakimiyy\u0259t se\u00e7kil\u0259ri daha \u0259vv\u0259l s\u0131r\u0131ya bils\u0259, onlar\u0131n is\u0259 y\u0259qin ki, parlamentd\u0259 bunun \u00fc\u00e7\u00fcn yet\u0259ri q\u0259d\u0259r s\u0259sl\u0259ri var, o zaman bu halda da, d\u00fc\u015f\u00fcn\u00fcr\u0259m ki, \u0259n do\u011frusu i\u015ftirak etm\u0259kdir. \u018fks t\u0259qdird\u0259 biz bu insanlara \u00f6z hakimiyy\u0259tl\u0259rini m\u00f6hk\u0259ml\u0259ndirm\u0259k imkan\u0131 ver\u0259c\u0259yik\u201d.<\/p>\n\n\n\n<p>Eks-prezident hesab edir ki, Erm\u0259nistan c\u0259miyy\u0259tind\u0259 200-300 min n\u0259f\u0259r\u0259 yax\u0131n insan radikal \u0259hvaldad\u0131r, amma 2018-ci il hadis\u0259l\u0259rind\u0259n c\u0259mi iki il sonra daha bir inqilab\u00f6lk\u0259 \u00fc\u00e7\u00fcn problem ola bil\u0259r. Amma yen\u0259 d\u0259 \u0259g\u0259r hakimiyy\u0259tin siyasi yolla d\u0259yi\u015fm\u0259si \u00fcmidi \u201c\u00f6ls\u0259\u201d, o zaman Ko\u00e7aryan\u0131n fikrinc\u0259, art\u0131q yazda insanlar yenid\u0259n k\u00fc\u00e7\u0259l\u0259r\u0259 \u00e7\u0131xacaq v\u0259 etirazlar\u0131n bu d\u0259f\u0259ki dal\u011fas\u0131 \u00f6t\u0259n d\u0259f\u0259kind\u0259n daha b\u00f6y\u00fck olacaq.<\/p>\n\n\n\n<p style=\"font-size:23px\"><strong>Erm\u0259ni \u0259sirl\u0259rin Az\u0259rbaycandan qaytar\u0131lmas\u0131 haqda<\/strong><\/p>\n\n\n\n<p>Robert Ko\u00e7aryan Az\u0259rbaycan\u0131n erm\u0259ni \u0259sirl\u0259rin d\u0259qiq say\u0131n\u0131 bilm\u0259diyin\u0259 inanm\u0131r. Eks-prezident \u0259mindir ki, Az\u0259rbaycan hakimiyy\u0259ti \u201cQaraba\u011f ordusunun komplektl\u0259\u015fm\u0259sin\u0259 imkan verm\u0259m\u0259k m\u0259qs\u0259di g\u00fcd\u00fcr\u201d:<\/p>\n\n\n\n<p>\u201c\u018fsirl\u0259ri saxlamaq \u00e7ox ciddi ba\u015f a\u011fr\u0131s\u0131d\u0131r. \u018fliyev haz\u0131rda \u0259sirl\u0259r\u0259 g\u00f6r\u0259 m\u00fct\u0259madi t\u0259zyiq alt\u0131ndad\u0131r, amma onun konkret m\u0259qs\u0259dl\u0259ri var \u2013 Qaraba\u011f\u0131n t\u0259hl\u00fck\u0259sizlik sistemini sars\u0131tmaq. H\u0259tta \u0259g\u0259r o, onlar\u0131 qaytarsa da, Az\u0259rbaycan SQ yeni \u0259sirl\u0259r \u0259l\u0259 ke\u00e7ir\u0259c\u0259k. Bu t\u0259cr\u00fcb\u0259 ancaq [Erm\u0259nistan] hakimiyy\u0259ti Qaraba\u011fa \u0259sg\u0259r g\u00f6nd\u0259rm\u0259y\u0259cyin\u0259 s\u00f6z verdiyi zaman dayand\u0131r\u0131lacaq\u201d.<\/p>\n\n\n\n<p style=\"font-size:23px\"><strong>Erm\u0259nistan\u0131n n\u0259qliyyat kommunikasiyalar\u0131 haqda<\/strong><\/p>\n\n\n\n<p>N\u0259qliyyat kommunikasiyalar\u0131n\u0131n a\u00e7\u0131lmas\u0131, eks-prezidentin fikrinc\u0259, \u00f6zl\u00fcy\u00fcnd\u0259 pozitiv add\u0131md\u0131r, amma Erm\u0259nistan \u00fc\u00e7\u00fcn ancaq probbleml\u0259r yaradacaq. M\u0259s\u0259l\u0259 buras\u0131ndad\u0131r ki, yolun Erm\u0259nistan \u0259razisind\u0259, Me\u011fri yax\u0131nl\u0131\u011f\u0131ndak\u0131 hiss\u0259si Rusiya s\u0259rh\u0259d\u00e7il\u0259ri t\u0259r\u0259find\u0259n n\u0259zar\u0259td\u0259 saxlan\u0131lacaq, Rusiyaya q\u0259d\u0259r uzanan t\u0259xmin\u0259n 850 kilometrlik qalan hiss\u0259sind\u0259 Erm\u0259nistan t\u0259r\u0259finin he\u00e7 bir t\u0259siri olmayacaq:<\/p>\n\n\n\n<p>\u201cBu m\u0259s\u0259l\u0259 il\u0259 ba\u011fl\u0131 t\u0259r\u0259fl\u0259rd\u0259n biri can atd\u0131\u011f\u0131 h\u0259r \u015feyi \u0259ld\u0259 edib, ikinci t\u0259r\u0259f is\u0259 sad\u0259c\u0259 \u00fcmid qazan\u0131b, amma proses\u0259 t\u0259sir imkanlar\u0131 yox\u201d.<\/p>\n\n\n\n<p>Robert Ko\u00e7aryan bildirir ki, kommunikasiyalar\u0131n a\u00e7\u0131lmas\u0131 m\u0259s\u0259l\u0259si daha \u0259vv\u0259l d\u0259 \u2013 Qaraba\u011f m\u00fcnaqi\u015f\u0259sinin b\u00fct\u00fcn h\u0259ll variantlar\u0131nda m\u00fczakir\u0259 olunub, amma \u201cson akkord qismind\u0259\u201d: <\/p>\n\n\n\n<p>\u201c\u0130ndi Az\u0259rbaycan g\u00fcc yolu il\u0259 \u0259razi m\u0259s\u0259l\u0259sini h\u0259ll etdi. Mahiyy\u0259tc\u0259 bizim \u0259limizd\u0259 \u0259v\u0259zind\u0259 Qaraba\u011f\u0131n statusunu m\u00fczakir\u0259 ed\u0259 bil\u0259c\u0259yimiz he\u00e7 n\u0259 qalmad\u0131. Bak\u0131 m\u0259s\u0259l\u0259ni h\u0259ll edilmi\u015f say\u0131r v\u0259 biz son m\u0259rh\u0259l\u0259y\u0259 girmi\u015fik. \u0130ndi Az\u0259rbaycan el\u0259 v\u0259ziyy\u0259tl\u0259r yaratma\u011fa \u00e7al\u0131\u015facaq ki, Qaraba\u011fda erm\u0259nil\u0259r qalmas\u0131n, ya da h\u0259min \u0259razid\u0259 ki\u00e7ik hiss\u0259l\u0259rl\u0259 Az\u0259rbaycan\u0131n hakimiyy\u0259ti q\u0259bul edilsin\u201d.<\/p>\n","protected":false},"excerpt":{"rendered":"<p>Amma Robert Ko\u00e7aryan hesab edir ki, haz\u0131rda n\u00f6vb\u0259d\u0259nk\u0259nar se\u00e7kil\u0259rin ke\u00e7irilm\u0259si t\u0259hl\u00fck\u0259lidir, buna g\u00f6r\u0259 d\u0259 ba\u015f nazir Nikol Pa\u015finyan k\u00f6n\u00fcll\u00fc istefa vers\u0259 daha yax\u015f\u0131 olar<\/p>\n","protected":false},"author":8,"featured_media":42203,"comment_status":"closed","ping_status":"closed","sticky":false,"template":"","format":"standard","meta":{"_acf_changed":false,"footnotes":""},"categories":[27,4043,25,38,50,5],"tags":[855,5465,415,520],"formation":[],"post-author":[2888],"topic":[4951,245,4954,40,5626,5213],"tooltip":[],"city":[6054],"class_list":["post-42214","post","type-post","status-publish","format-standard","has-post-thumbnail","hentry","category-ermnistan","category-explainer","category-cmiyyt","category-qarabag","category-xbrlr","category-siyast","tag-ermnistan-prezidenti","tag-ermnistanda-novbdnknar-secilr","tag-nikol-pasinyan","tag-robert-kocaryan","post-author-jamnews","topic-ermnistan","topic-azrbaycan-v-ermnistan","topic-qarabag","topic-qarabag-munaqissi","topic-robert-kocharyan","topic-qarabagda-hrbi-mliyyatlar-2020","city-yerevan"],"acf":[],"yoast_head":"<!-- This site is optimized with the Yoast SEO plugin v24.1 - https:\/\/yoast.com\/wordpress\/plugins\/seo\/ -->\n<title>\u201cBiz q\u0259l\u0259b\u0259 qazanaca\u011f\u0131q\u201d: Erm\u0259nistan\u0131n eks-prezidenti se\u00e7kil\u0259rd\u0259 i\u015ftirak etm\u0259k niyy\u0259tind\u0259dir - JAMnews<\/title>\n<meta name=\"description\" content=\"Amma Robert Ko\u00e7aryan hesab edir ki, haz\u0131rda n\u00f6vb\u0259d\u0259nk\u0259nar se\u00e7kil\u0259rin ke\u00e7irilm\u0259si t\u0259hl\u00fck\u0259lidir, buna g\u00f6r\u0259 d\u0259 ba\u015f nazir Nikol Pa\u015finyan k\u00f6n\u00fcll\u00fc istefa vers\u0259 daha yax\u015f\u0131 olar\" \/>\n<meta name=\"robots\" content=\"index, follow, max-snippet:-1, max-image-preview:large, max-video-preview:-1\" \/>\n<link rel=\"canonical\" href=\"https:\/\/jam-news.net\/az\/robert-kocaryan-seckil\u0259rd\u0259-istirak-ed\u0259c\u0259k-erm\u0259nistanin-eks-prezidenti-musahib\u0259-x\u0259b\u0259rl\u0259r-erm\u0259nistan\/\" \/>\n<meta property=\"og:locale\" content=\"az_AZ\" \/>\n<meta property=\"og:type\" content=\"article\" \/>\n<meta property=\"og:title\" content=\"\u201cBiz q\u0259l\u0259b\u0259 qazanaca\u011f\u0131q\u201d: Erm\u0259nistan\u0131n eks-prezidenti se\u00e7kil\u0259rd\u0259 i\u015ftirak etm\u0259k niyy\u0259tind\u0259dir - JAMnews\" \/>\n<meta property=\"og:description\" content=\"Amma Robert Ko\u00e7aryan hesab edir ki, haz\u0131rda n\u00f6vb\u0259d\u0259nk\u0259nar se\u00e7kil\u0259rin ke\u00e7irilm\u0259si t\u0259hl\u00fck\u0259lidir, buna g\u00f6r\u0259 d\u0259 ba\u015f nazir Nikol Pa\u015finyan k\u00f6n\u00fcll\u00fc istefa vers\u0259 daha yax\u015f\u0131 olar\" \/>\n<meta property=\"og:url\" content=\"https:\/\/jam-news.net\/az\/robert-kocaryan-seckil\u0259rd\u0259-istirak-ed\u0259c\u0259k-erm\u0259nistanin-eks-prezidenti-musahib\u0259-x\u0259b\u0259rl\u0259r-erm\u0259nistan\/\" \/>\n<meta property=\"og:site_name\" content=\"Azerbaijani Jamnews\" \/>\n<meta property=\"article:publisher\" content=\"https:\/\/www.facebook.com\/JAMnewsInEnglish\/\" \/>\n<meta property=\"article:published_time\" content=\"2021-01-28T16:14:25+00:00\" \/>\n<meta property=\"article:modified_time\" content=\"2022-01-17T20:58:21+00:00\" \/>\n<meta property=\"og:image\" content=\"https:\/\/jam-news.net\/app\/uploads\/2021\/01\/143384386_764875114170861_7254227249097977242_o.jpg\" \/>\n\t<meta property=\"og:image:width\" content=\"1920\" \/>\n\t<meta property=\"og:image:height\" content=\"1080\" \/>\n\t<meta property=\"og:image:type\" content=\"image\/jpeg\" \/>\n<meta name=\"author\" content=\"Naira Martikian\" \/>\n<meta name=\"twitter:card\" content=\"summary_large_image\" \/>\n<meta name=\"twitter:creator\" content=\"@JAMnewsCaucasus\" \/>\n<meta name=\"twitter:site\" content=\"@JAMnewsCaucasus\" \/>\n<meta name=\"twitter:label1\" content=\"Written by\" \/>\n\t<meta name=\"twitter:data1\" content=\"Naira Martikian\" \/>\n\t<meta name=\"twitter:label2\" content=\"Est. reading time\" \/>\n\t<meta name=\"twitter:data2\" content=\"5 minutes\" \/>\n<script type=\"application\/ld+json\" class=\"yoast-schema-graph\">{\"@context\":\"https:\/\/schema.org\",\"@graph\":[{\"@type\":\"Article\",\"@id\":\"https:\/\/jam-news.net\/az\/robert-kocaryan-seckil%c9%99rd%c9%99-istirak-ed%c9%99c%c9%99k-erm%c9%99nistanin-eks-prezidenti-musahib%c9%99-x%c9%99b%c9%99rl%c9%99r-erm%c9%99nistan\/#article\",\"isPartOf\":{\"@id\":\"https:\/\/jam-news.net\/az\/robert-kocaryan-seckil%c9%99rd%c9%99-istirak-ed%c9%99c%c9%99k-erm%c9%99nistanin-eks-prezidenti-musahib%c9%99-x%c9%99b%c9%99rl%c9%99r-erm%c9%99nistan\/\"},\"author\":{\"name\":\"Naira Martikian\",\"@id\":\"https:\/\/jam-news.net\/az\/#\/schema\/person\/e82f374df8fce3377c56e285e5c11387\"},\"headline\":\"\u201cBiz q\u0259l\u0259b\u0259 qazanaca\u011f\u0131q\u201d: Erm\u0259nistan\u0131n eks-prezidenti se\u00e7kil\u0259rd\u0259 i\u015ftirak etm\u0259k niyy\u0259tind\u0259dir\",\"datePublished\":\"2021-01-28T16:14:25+00:00\",\"dateModified\":\"2022-01-17T20:58:21+00:00\",\"mainEntityOfPage\":{\"@id\":\"https:\/\/jam-news.net\/az\/robert-kocaryan-seckil%c9%99rd%c9%99-istirak-ed%c9%99c%c9%99k-erm%c9%99nistanin-eks-prezidenti-musahib%c9%99-x%c9%99b%c9%99rl%c9%99r-erm%c9%99nistan\/\"},\"wordCount\":986,\"publisher\":{\"@id\":\"https:\/\/jam-news.net\/az\/#organization\"},\"image\":{\"@id\":\"https:\/\/jam-news.net\/az\/robert-kocaryan-seckil%c9%99rd%c9%99-istirak-ed%c9%99c%c9%99k-erm%c9%99nistanin-eks-prezidenti-musahib%c9%99-x%c9%99b%c9%99rl%c9%99r-erm%c9%99nistan\/#primaryimage\"},\"thumbnailUrl\":\"https:\/\/jam-news.net\/app\/uploads\/2021\/01\/143384386_764875114170861_7254227249097977242_o.jpg\",\"keywords\":[\"Erm\u0259nistan prezidenti\",\"Erm\u0259nistanda n\u00f6vb\u0259d\u0259nk\u0259nar se\u00e7il\u0259r\",\"Nikol Pa\u015finyan\",\"Robert Ko\u00e7aryan\"],\"articleSection\":[\"Armenia\",\"Explainer\",\"Issues\",\"Nagorno-Karabakh\",\"News\",\"Politics\"],\"inLanguage\":\"az\"},{\"@type\":\"WebPage\",\"@id\":\"https:\/\/jam-news.net\/az\/robert-kocaryan-seckil%c9%99rd%c9%99-istirak-ed%c9%99c%c9%99k-erm%c9%99nistanin-eks-prezidenti-musahib%c9%99-x%c9%99b%c9%99rl%c9%99r-erm%c9%99nistan\/\",\"url\":\"https:\/\/jam-news.net\/az\/robert-kocaryan-seckil%c9%99rd%c9%99-istirak-ed%c9%99c%c9%99k-erm%c9%99nistanin-eks-prezidenti-musahib%c9%99-x%c9%99b%c9%99rl%c9%99r-erm%c9%99nistan\/\",\"name\":\"\u201cBiz q\u0259l\u0259b\u0259 qazanaca\u011f\u0131q\u201d: Erm\u0259nistan\u0131n eks-prezidenti se\u00e7kil\u0259rd\u0259 i\u015ftirak etm\u0259k niyy\u0259tind\u0259dir - JAMnews\",\"isPartOf\":{\"@id\":\"https:\/\/jam-news.net\/az\/#website\"},\"primaryImageOfPage\":{\"@id\":\"https:\/\/jam-news.net\/az\/robert-kocaryan-seckil%c9%99rd%c9%99-istirak-ed%c9%99c%c9%99k-erm%c9%99nistanin-eks-prezidenti-musahib%c9%99-x%c9%99b%c9%99rl%c9%99r-erm%c9%99nistan\/#primaryimage\"},\"image\":{\"@id\":\"https:\/\/jam-news.net\/az\/robert-kocaryan-seckil%c9%99rd%c9%99-istirak-ed%c9%99c%c9%99k-erm%c9%99nistanin-eks-prezidenti-musahib%c9%99-x%c9%99b%c9%99rl%c9%99r-erm%c9%99nistan\/#primaryimage\"},\"thumbnailUrl\":\"https:\/\/jam-news.net\/app\/uploads\/2021\/01\/143384386_764875114170861_7254227249097977242_o.jpg\",\"datePublished\":\"2021-01-28T16:14:25+00:00\",\"dateModified\":\"2022-01-17T20:58:21+00:00\",\"description\":\"Amma Robert Ko\u00e7aryan hesab edir ki, haz\u0131rda n\u00f6vb\u0259d\u0259nk\u0259nar se\u00e7kil\u0259rin ke\u00e7irilm\u0259si t\u0259hl\u00fck\u0259lidir, buna g\u00f6r\u0259 d\u0259 ba\u015f nazir Nikol Pa\u015finyan k\u00f6n\u00fcll\u00fc istefa vers\u0259 daha yax\u015f\u0131 olar\",\"breadcrumb\":{\"@id\":\"https:\/\/jam-news.net\/az\/robert-kocaryan-seckil%c9%99rd%c9%99-istirak-ed%c9%99c%c9%99k-erm%c9%99nistanin-eks-prezidenti-musahib%c9%99-x%c9%99b%c9%99rl%c9%99r-erm%c9%99nistan\/#breadcrumb\"},\"inLanguage\":\"az\",\"potentialAction\":[{\"@type\":\"ReadAction\",\"target\":[\"https:\/\/jam-news.net\/az\/robert-kocaryan-seckil%c9%99rd%c9%99-istirak-ed%c9%99c%c9%99k-erm%c9%99nistanin-eks-prezidenti-musahib%c9%99-x%c9%99b%c9%99rl%c9%99r-erm%c9%99nistan\/\"]}]},{\"@type\":\"ImageObject\",\"inLanguage\":\"az\",\"@id\":\"https:\/\/jam-news.net\/az\/robert-kocaryan-seckil%c9%99rd%c9%99-istirak-ed%c9%99c%c9%99k-erm%c9%99nistanin-eks-prezidenti-musahib%c9%99-x%c9%99b%c9%99rl%c9%99r-erm%c9%99nistan\/#primaryimage\",\"url\":\"https:\/\/jam-news.net\/app\/uploads\/2021\/01\/143384386_764875114170861_7254227249097977242_o.jpg\",\"contentUrl\":\"https:\/\/jam-news.net\/app\/uploads\/2021\/01\/143384386_764875114170861_7254227249097977242_o.jpg\",\"width\":1920,\"height\":1080,\"caption\":\"\u201cBiz q\u0259l\u0259b\u0259 qazanaca\u011f\u0131q\u201d: Erm\u0259nistan\u0131n eks-prezidenti se\u00e7kil\u0259rd\u0259 i\u015ftirak etm\u0259k niyy\u0259tind\u0259dir\"},{\"@type\":\"BreadcrumbList\",\"@id\":\"https:\/\/jam-news.net\/az\/robert-kocaryan-seckil%c9%99rd%c9%99-istirak-ed%c9%99c%c9%99k-erm%c9%99nistanin-eks-prezidenti-musahib%c9%99-x%c9%99b%c9%99rl%c9%99r-erm%c9%99nistan\/#breadcrumb\",\"itemListElement\":[{\"@type\":\"ListItem\",\"position\":1,\"name\":\"Home\",\"item\":\"https:\/\/jam-news.net\/az\/\"},{\"@type\":\"ListItem\",\"position\":2,\"name\":\"\u201cBiz q\u0259l\u0259b\u0259 qazanaca\u011f\u0131q\u201d: Erm\u0259nistan\u0131n eks-prezidenti se\u00e7kil\u0259rd\u0259 i\u015ftirak etm\u0259k niyy\u0259tind\u0259dir\"}]},{\"@type\":\"WebSite\",\"@id\":\"https:\/\/jam-news.net\/az\/#website\",\"url\":\"https:\/\/jam-news.net\/az\/\",\"name\":\"Azerbaijani Jamnews\",\"description\":\"Caucasus News, Politics and Society\",\"publisher\":{\"@id\":\"https:\/\/jam-news.net\/az\/#organization\"},\"potentialAction\":[{\"@type\":\"SearchAction\",\"target\":{\"@type\":\"EntryPoint\",\"urlTemplate\":\"https:\/\/jam-news.net\/az\/?s={search_term_string}\"},\"query-input\":{\"@type\":\"PropertyValueSpecification\",\"valueRequired\":true,\"valueName\":\"search_term_string\"}}],\"inLanguage\":\"az\"},{\"@type\":\"Organization\",\"@id\":\"https:\/\/jam-news.net\/az\/#organization\",\"name\":\"JAMnews\",\"url\":\"https:\/\/jam-news.net\/az\/\",\"logo\":{\"@type\":\"ImageObject\",\"inLanguage\":\"az\",\"@id\":\"https:\/\/jam-news.net\/az\/#\/schema\/logo\/image\/\",\"url\":\"https:\/\/jam-news.net\/app\/uploads\/2020\/05\/JAM_w.jpg\",\"contentUrl\":\"https:\/\/jam-news.net\/app\/uploads\/2020\/05\/JAM_w.jpg\",\"width\":960,\"height\":960,\"caption\":\"JAMnews\"},\"image\":{\"@id\":\"https:\/\/jam-news.net\/az\/#\/schema\/logo\/image\/\"},\"sameAs\":[\"https:\/\/www.facebook.com\/JAMnewsInEnglish\/\",\"https:\/\/x.com\/JAMnewsCaucasus\",\"https:\/\/www.instagram.com\/jam_news\/\",\"https:\/\/www.youtube.com\/channel\/UCXQbUCme2pykuZYXWHx4VPg\"]},{\"@type\":\"Person\",\"@id\":\"https:\/\/jam-news.net\/az\/#\/schema\/person\/e82f374df8fce3377c56e285e5c11387\",\"name\":\"Naira Martikian\",\"image\":{\"@type\":\"ImageObject\",\"inLanguage\":\"az\",\"@id\":\"https:\/\/jam-news.net\/az\/#\/schema\/person\/image\/\",\"url\":\"https:\/\/secure.gravatar.com\/avatar\/0696bcd343e46256c029b752a654bade?s=96&d=mm&r=g\",\"contentUrl\":\"https:\/\/secure.gravatar.com\/avatar\/0696bcd343e46256c029b752a654bade?s=96&d=mm&r=g\",\"caption\":\"Naira Martikian\"},\"url\":\"https:\/\/jam-news.net\/az\/author\/nairama\/\"}]}<\/script>\n<!-- \/ Yoast SEO plugin. -->","yoast_head_json":{"title":"\u201cBiz q\u0259l\u0259b\u0259 qazanaca\u011f\u0131q\u201d: Erm\u0259nistan\u0131n eks-prezidenti se\u00e7kil\u0259rd\u0259 i\u015ftirak etm\u0259k niyy\u0259tind\u0259dir - JAMnews","description":"Amma Robert Ko\u00e7aryan hesab edir ki, haz\u0131rda n\u00f6vb\u0259d\u0259nk\u0259nar se\u00e7kil\u0259rin ke\u00e7irilm\u0259si t\u0259hl\u00fck\u0259lidir, buna g\u00f6r\u0259 d\u0259 ba\u015f nazir Nikol Pa\u015finyan k\u00f6n\u00fcll\u00fc istefa vers\u0259 daha yax\u015f\u0131 olar","robots":{"index":"index","follow":"follow","max-snippet":"max-snippet:-1","max-image-preview":"max-image-preview:large","max-video-preview":"max-video-preview:-1"},"canonical":"https:\/\/jam-news.net\/az\/robert-kocaryan-seckil\u0259rd\u0259-istirak-ed\u0259c\u0259k-erm\u0259nistanin-eks-prezidenti-musahib\u0259-x\u0259b\u0259rl\u0259r-erm\u0259nistan\/","og_locale":"az_AZ","og_type":"article","og_title":"\u201cBiz q\u0259l\u0259b\u0259 qazanaca\u011f\u0131q\u201d: Erm\u0259nistan\u0131n eks-prezidenti se\u00e7kil\u0259rd\u0259 i\u015ftirak etm\u0259k niyy\u0259tind\u0259dir - JAMnews","og_description":"Amma Robert Ko\u00e7aryan hesab edir ki, haz\u0131rda n\u00f6vb\u0259d\u0259nk\u0259nar se\u00e7kil\u0259rin ke\u00e7irilm\u0259si t\u0259hl\u00fck\u0259lidir, buna g\u00f6r\u0259 d\u0259 ba\u015f nazir Nikol Pa\u015finyan k\u00f6n\u00fcll\u00fc istefa vers\u0259 daha yax\u015f\u0131 olar","og_url":"https:\/\/jam-news.net\/az\/robert-kocaryan-seckil\u0259rd\u0259-istirak-ed\u0259c\u0259k-erm\u0259nistanin-eks-prezidenti-musahib\u0259-x\u0259b\u0259rl\u0259r-erm\u0259nistan\/","og_site_name":"Azerbaijani Jamnews","article_publisher":"https:\/\/www.facebook.com\/JAMnewsInEnglish\/","article_published_time":"2021-01-28T16:14:25+00:00","article_modified_time":"2022-01-17T20:58:21+00:00","og_image":[{"width":1920,"height":1080,"url":"https:\/\/jam-news.net\/app\/uploads\/2021\/01\/143384386_764875114170861_7254227249097977242_o.jpg","type":"image\/jpeg"}],"author":"Naira Martikian","twitter_card":"summary_large_image","twitter_creator":"@JAMnewsCaucasus","twitter_site":"@JAMnewsCaucasus","twitter_misc":{"Written by":"Naira Martikian","Est. reading time":"5 minutes"},"schema":{"@context":"https:\/\/schema.org","@graph":[{"@type":"Article","@id":"https:\/\/jam-news.net\/az\/robert-kocaryan-seckil%c9%99rd%c9%99-istirak-ed%c9%99c%c9%99k-erm%c9%99nistanin-eks-prezidenti-musahib%c9%99-x%c9%99b%c9%99rl%c9%99r-erm%c9%99nistan\/#article","isPartOf":{"@id":"https:\/\/jam-news.net\/az\/robert-kocaryan-seckil%c9%99rd%c9%99-istirak-ed%c9%99c%c9%99k-erm%c9%99nistanin-eks-prezidenti-musahib%c9%99-x%c9%99b%c9%99rl%c9%99r-erm%c9%99nistan\/"},"author":{"name":"Naira Martikian","@id":"https:\/\/jam-news.net\/az\/#\/schema\/person\/e82f374df8fce3377c56e285e5c11387"},"headline":"\u201cBiz q\u0259l\u0259b\u0259 qazanaca\u011f\u0131q\u201d: Erm\u0259nistan\u0131n eks-prezidenti se\u00e7kil\u0259rd\u0259 i\u015ftirak etm\u0259k niyy\u0259tind\u0259dir","datePublished":"2021-01-28T16:14:25+00:00","dateModified":"2022-01-17T20:58:21+00:00","mainEntityOfPage":{"@id":"https:\/\/jam-news.net\/az\/robert-kocaryan-seckil%c9%99rd%c9%99-istirak-ed%c9%99c%c9%99k-erm%c9%99nistanin-eks-prezidenti-musahib%c9%99-x%c9%99b%c9%99rl%c9%99r-erm%c9%99nistan\/"},"wordCount":986,"publisher":{"@id":"https:\/\/jam-news.net\/az\/#organization"},"image":{"@id":"https:\/\/jam-news.net\/az\/robert-kocaryan-seckil%c9%99rd%c9%99-istirak-ed%c9%99c%c9%99k-erm%c9%99nistanin-eks-prezidenti-musahib%c9%99-x%c9%99b%c9%99rl%c9%99r-erm%c9%99nistan\/#primaryimage"},"thumbnailUrl":"https:\/\/jam-news.net\/app\/uploads\/2021\/01\/143384386_764875114170861_7254227249097977242_o.jpg","keywords":["Erm\u0259nistan prezidenti","Erm\u0259nistanda n\u00f6vb\u0259d\u0259nk\u0259nar se\u00e7il\u0259r","Nikol Pa\u015finyan","Robert Ko\u00e7aryan"],"articleSection":["Armenia","Explainer","Issues","Nagorno-Karabakh","News","Politics"],"inLanguage":"az"},{"@type":"WebPage","@id":"https:\/\/jam-news.net\/az\/robert-kocaryan-seckil%c9%99rd%c9%99-istirak-ed%c9%99c%c9%99k-erm%c9%99nistanin-eks-prezidenti-musahib%c9%99-x%c9%99b%c9%99rl%c9%99r-erm%c9%99nistan\/","url":"https:\/\/jam-news.net\/az\/robert-kocaryan-seckil%c9%99rd%c9%99-istirak-ed%c9%99c%c9%99k-erm%c9%99nistanin-eks-prezidenti-musahib%c9%99-x%c9%99b%c9%99rl%c9%99r-erm%c9%99nistan\/","name":"\u201cBiz q\u0259l\u0259b\u0259 qazanaca\u011f\u0131q\u201d: Erm\u0259nistan\u0131n eks-prezidenti se\u00e7kil\u0259rd\u0259 i\u015ftirak etm\u0259k niyy\u0259tind\u0259dir - JAMnews","isPartOf":{"@id":"https:\/\/jam-news.net\/az\/#website"},"primaryImageOfPage":{"@id":"https:\/\/jam-news.net\/az\/robert-kocaryan-seckil%c9%99rd%c9%99-istirak-ed%c9%99c%c9%99k-erm%c9%99nistanin-eks-prezidenti-musahib%c9%99-x%c9%99b%c9%99rl%c9%99r-erm%c9%99nistan\/#primaryimage"},"image":{"@id":"https:\/\/jam-news.net\/az\/robert-kocaryan-seckil%c9%99rd%c9%99-istirak-ed%c9%99c%c9%99k-erm%c9%99nistanin-eks-prezidenti-musahib%c9%99-x%c9%99b%c9%99rl%c9%99r-erm%c9%99nistan\/#primaryimage"},"thumbnailUrl":"https:\/\/jam-news.net\/app\/uploads\/2021\/01\/143384386_764875114170861_7254227249097977242_o.jpg","datePublished":"2021-01-28T16:14:25+00:00","dateModified":"2022-01-17T20:58:21+00:00","description":"Amma Robert Ko\u00e7aryan hesab edir ki, haz\u0131rda n\u00f6vb\u0259d\u0259nk\u0259nar se\u00e7kil\u0259rin ke\u00e7irilm\u0259si t\u0259hl\u00fck\u0259lidir, buna g\u00f6r\u0259 d\u0259 ba\u015f nazir Nikol Pa\u015finyan k\u00f6n\u00fcll\u00fc istefa vers\u0259 daha yax\u015f\u0131 olar","breadcrumb":{"@id":"https:\/\/jam-news.net\/az\/robert-kocaryan-seckil%c9%99rd%c9%99-istirak-ed%c9%99c%c9%99k-erm%c9%99nistanin-eks-prezidenti-musahib%c9%99-x%c9%99b%c9%99rl%c9%99r-erm%c9%99nistan\/#breadcrumb"},"inLanguage":"az","potentialAction":[{"@type":"ReadAction","target":["https:\/\/jam-news.net\/az\/robert-kocaryan-seckil%c9%99rd%c9%99-istirak-ed%c9%99c%c9%99k-erm%c9%99nistanin-eks-prezidenti-musahib%c9%99-x%c9%99b%c9%99rl%c9%99r-erm%c9%99nistan\/"]}]},{"@type":"ImageObject","inLanguage":"az","@id":"https:\/\/jam-news.net\/az\/robert-kocaryan-seckil%c9%99rd%c9%99-istirak-ed%c9%99c%c9%99k-erm%c9%99nistanin-eks-prezidenti-musahib%c9%99-x%c9%99b%c9%99rl%c9%99r-erm%c9%99nistan\/#primaryimage","url":"https:\/\/jam-news.net\/app\/uploads\/2021\/01\/143384386_764875114170861_7254227249097977242_o.jpg","contentUrl":"https:\/\/jam-news.net\/app\/uploads\/2021\/01\/143384386_764875114170861_7254227249097977242_o.jpg","width":1920,"height":1080,"caption":"\u201cBiz q\u0259l\u0259b\u0259 qazanaca\u011f\u0131q\u201d: Erm\u0259nistan\u0131n eks-prezidenti se\u00e7kil\u0259rd\u0259 i\u015ftirak etm\u0259k niyy\u0259tind\u0259dir"},{"@type":"BreadcrumbList","@id":"https:\/\/jam-news.net\/az\/robert-kocaryan-seckil%c9%99rd%c9%99-istirak-ed%c9%99c%c9%99k-erm%c9%99nistanin-eks-prezidenti-musahib%c9%99-x%c9%99b%c9%99rl%c9%99r-erm%c9%99nistan\/#breadcrumb","itemListElement":[{"@type":"ListItem","position":1,"name":"Home","item":"https:\/\/jam-news.net\/az\/"},{"@type":"ListItem","position":2,"name":"\u201cBiz q\u0259l\u0259b\u0259 qazanaca\u011f\u0131q\u201d: Erm\u0259nistan\u0131n eks-prezidenti se\u00e7kil\u0259rd\u0259 i\u015ftirak etm\u0259k niyy\u0259tind\u0259dir"}]},{"@type":"WebSite","@id":"https:\/\/jam-news.net\/az\/#website","url":"https:\/\/jam-news.net\/az\/","name":"Azerbaijani Jamnews","description":"Caucasus News, Politics and Society","publisher":{"@id":"https:\/\/jam-news.net\/az\/#organization"},"potentialAction":[{"@type":"SearchAction","target":{"@type":"EntryPoint","urlTemplate":"https:\/\/jam-news.net\/az\/?s={search_term_string}"},"query-input":{"@type":"PropertyValueSpecification","valueRequired":true,"valueName":"search_term_string"}}],"inLanguage":"az"},{"@type":"Organization","@id":"https:\/\/jam-news.net\/az\/#organization","name":"JAMnews","url":"https:\/\/jam-news.net\/az\/","logo":{"@type":"ImageObject","inLanguage":"az","@id":"https:\/\/jam-news.net\/az\/#\/schema\/logo\/image\/","url":"https:\/\/jam-news.net\/app\/uploads\/2020\/05\/JAM_w.jpg","contentUrl":"https:\/\/jam-news.net\/app\/uploads\/2020\/05\/JAM_w.jpg","width":960,"height":960,"caption":"JAMnews"},"image":{"@id":"https:\/\/jam-news.net\/az\/#\/schema\/logo\/image\/"},"sameAs":["https:\/\/www.facebook.com\/JAMnewsInEnglish\/","https:\/\/x.com\/JAMnewsCaucasus","https:\/\/www.instagram.com\/jam_news\/","https:\/\/www.youtube.com\/channel\/UCXQbUCme2pykuZYXWHx4VPg"]},{"@type":"Person","@id":"https:\/\/jam-news.net\/az\/#\/schema\/person\/e82f374df8fce3377c56e285e5c11387","name":"Naira Martikian","image":{"@type":"ImageObject","inLanguage":"az","@id":"https:\/\/jam-news.net\/az\/#\/schema\/person\/image\/","url":"https:\/\/secure.gravatar.com\/avatar\/0696bcd343e46256c029b752a654bade?s=96&d=mm&r=g","contentUrl":"https:\/\/secure.gravatar.com\/avatar\/0696bcd343e46256c029b752a654bade?s=96&d=mm&r=g","caption":"Naira Martikian"},"url":"https:\/\/jam-news.net\/az\/author\/nairama\/"}]}},"_links":{"self":[{"href":"https:\/\/jam-news.net\/az\/wp-json\/wp\/v2\/posts\/42214","targetHints":{"allow":["GET"]}}],"collection":[{"href":"https:\/\/jam-news.net\/az\/wp-json\/wp\/v2\/posts"}],"about":[{"href":"https:\/\/jam-news.net\/az\/wp-json\/wp\/v2\/types\/post"}],"author":[{"embeddable":true,"href":"https:\/\/jam-news.net\/az\/wp-json\/wp\/v2\/users\/8"}],"replies":[{"embeddable":true,"href":"https:\/\/jam-news.net\/az\/wp-json\/wp\/v2\/comments?post=42214"}],"version-history":[{"count":3,"href":"https:\/\/jam-news.net\/az\/wp-json\/wp\/v2\/posts\/42214\/revisions"}],"predecessor-version":[{"id":42217,"href":"https:\/\/jam-news.net\/az\/wp-json\/wp\/v2\/posts\/42214\/revisions\/42217"}],"wp:featuredmedia":[{"embeddable":true,"href":"https:\/\/jam-news.net\/az\/wp-json\/wp\/v2\/media\/42203"}],"wp:attachment":[{"href":"https:\/\/jam-news.net\/az\/wp-json\/wp\/v2\/media?parent=42214"}],"wp:term":[{"taxonomy":"category","embeddable":true,"href":"https:\/\/jam-news.net\/az\/wp-json\/wp\/v2\/categories?post=42214"},{"taxonomy":"post_tag","embeddable":true,"href":"https:\/\/jam-news.net\/az\/wp-json\/wp\/v2\/tags?post=42214"},{"taxonomy":"formation","embeddable":true,"href":"https:\/\/jam-news.net\/az\/wp-json\/wp\/v2\/formation?post=42214"},{"taxonomy":"post-author","embeddable":true,"href":"https:\/\/jam-news.net\/az\/wp-json\/wp\/v2\/post-author?post=42214"},{"taxonomy":"topic","embeddable":true,"href":"https:\/\/jam-news.net\/az\/wp-json\/wp\/v2\/topic?post=42214"},{"taxonomy":"tooltip","embeddable":true,"href":"https:\/\/jam-news.net\/az\/wp-json\/wp\/v2\/tooltip?post=42214"},{"taxonomy":"city","embeddable":true,"href":"https:\/\/jam-news.net\/az\/wp-json\/wp\/v2\/city?post=42214"}],"curies":[{"name":"wp","href":"https:\/\/api.w.org\/{rel}","templated":true}]}}