{"id":4022,"date":"2016-07-27T00:00:00","date_gmt":"2016-07-27T00:00:00","guid":{"rendered":"http:\/\/jam-news.net\/az\/evl%c9%99rin-bakili-sayagi-sokulm%c9%99si\/"},"modified":"2020-03-18T10:53:29","modified_gmt":"2020-03-18T10:53:29","slug":"evl%c9%99rin-bakili-sayagi-sokulm%c9%99si","status":"publish","type":"post","link":"https:\/\/jam-news.net\/az\/evl%c9%99rin-bakili-sayagi-sokulm%c9%99si\/","title":{"rendered":"Evl\u0259rin bak\u0131l\u0131 saya\u011f\u0131 s\u00f6k\u00fclm\u0259si"},"content":{"rendered":"<p><span style=\"font-size: 12pt;\">Bulvar boyu uzanan yol altdan yuxar\u0131 qalx\u0131r. Sa\u011f t\u0259r\u0259fd\u0259 yan\u011f\u0131n s&ouml;nd&uuml;rm\u0259 stansiyas\u0131 yerl\u0259\u015fir, arxas\u0131nca y&uuml;ks\u0259l\u0259n dik yoxu\u015fun sonunda &ldquo;Bay\u0131l market adlanan ma\u011faza, onun yan\u0131nda is\u0259 ilk avtobus dayanaca\u011f\u0131 s\u0131ralan\u0131b. Daha sonra uzun v\u0259 dar Qurban Abbasov k&uuml;&ccedil;\u0259si g\u0259lir. Sa\u011fdan ona paralel olan k&uuml;&ccedil;\u0259l\u0259r pill\u0259l\u0259r kimi t\u0259p\u0259nin yamac\u0131 boyu &uuml;z&uuml; yuxar\u0131 uzan\u0131r.<\/span><\/p>\n<p><span style=\"font-size: 12pt;\">Bay\u0131l rayonu Bak\u0131n\u0131n lap m\u0259rk\u0259zi olmasa da, yax\u015f\u0131 rayonlar\u0131ndan say\u0131l\u0131rd\u0131 &ndash; m\u0259rk\u0259z\u0259 10 d\u0259qiq\u0259lik d&uuml;z yol, d\u0259niz havas\u0131, yax\u015f\u0131 infrastruktur, d\u0259niz\u0259 a&ccedil;\u0131lan \u0259n g&ouml;z\u0259l m\u0259nz\u0259r\u0259. Bunlardan \u0259lav\u0259 bulvarda apar\u0131lan \u0259sasl\u0131 yenid\u0259nqurma i\u015fl\u0259rind\u0259n sonra onun Bayraq Meydan\u0131 v\u0259 Crystal Hall konsert zal\u0131n\u0131n da daxil oldu\u011fu &ldquo;yeni hiss\u0259si indi Bay\u0131ldan bir add\u0131ml\u0131q m\u0259saf\u0259d\u0259 yerl\u0259\u015fir.<\/span><\/p>\n<p><span style=\"font-size: 12pt;\">B&uuml;t&uuml;n bunlara baxmayaraq, art\u0131q on ildir ki, rayonun yenid\u0259nqurma plan\u0131na g&ouml;r\u0259 Bay\u0131lda m\u0259nzil satmaq &ccedil;ox &ccedil;\u0259tindir. G&ouml;r&uuml;n&uuml;r, Bak\u0131n\u0131n yerli Dubaya &ccedil;evrilm\u0259si il\u0259 ba\u011fl\u0131 plan d\u0259niz\u0259 a&ccedil;\u0131lan bu t\u0259p\u0259d\u0259 k&ouml;hn\u0259 ikim\u0259rt\u0259b\u0259li evl\u0259rd\u0259n daha g&ouml;rk\u0259mli n\u0259yins\u0259 tikintisini n\u0259z\u0259rd\u0259 tutur. Buna g&ouml;r\u0259 d\u0259 k&ouml;hn\u0259 evl\u0259r s&ouml;k&uuml;l&uuml;r. Bu prosesin qalmaqalla v\u0259 ya qalmaqals\u0131z &ouml;t&uuml;\u015fm\u0259si bu i\u015fin kim\u0259 tap\u015f\u0131r\u0131lmas\u0131ndan as\u0131l\u0131d\u0131r.<\/span><\/p>\n<p><span style=\"font-size: 12pt;\">&ldquo;Bura d\u0259bd\u0259b\u0259li rayona &ccedil;evrilm\u0259lidir, otell\u0259r, bahal\u0131 evl\u0259r tikilir, buna g&ouml;r\u0259 d\u0259 evimizi s&ouml;km\u0259k ist\u0259y\u0259nl\u0259r &ccedil;oxdur. Amma buna g&ouml;r\u0259 biz\u0259 t\u0259zminat &ouml;d\u0259m\u0259k ist\u0259y\u0259n yoxdur, &#8211; Qurban Abbasov k&uuml;&ccedil;\u0259si, ev 27 &uuml;nvan\u0131nda ya\u015fayan Elnar\u0259 xan\u0131m deyir. Bura k&ouml;hn\u0259, iki m\u0259rt\u0259b\u0259li, m\u0259nzil\u0259 giri\u015fi h\u0259y\u0259td\u0259ki pill\u0259k\u0259nd\u0259n olan &ldquo;italyan h\u0259y\u0259tidir. Haz\u0131rda bu h\u0259y\u0259td\u0259 38 ail\u0259 ya\u015fay\u0131r.<\/span><\/p>\n<p><span style=\"font-size: 12pt;\">Sakinl\u0259r deyirl\u0259r ki, birinci d\u0259f\u0259 FORTIS-BAYIL MTK tikinti \u015firk\u0259tind\u0259n adamlar onlar\u0131n h\u0259y\u0259tin\u0259 iyunun 7-d\u0259 g\u0259lib, &uuml;z\u0259rind\u0259 plan yaz\u0131lan v\u0259r\u0259ql\u0259r v\u0259 v\u0259dl\u0259r paylay\u0131blar. &ldquo;Onlar biz\u0259 t\u0259zminat\u0131n &ndash; kiray\u0259 tutulan ev\u0259 \u0259\u015fyalar\u0131m\u0131z\u0131n da\u015f\u0131nmas\u0131 &uuml;&ccedil;&uuml;n pulun, kiray\u0259 haqq\u0131n\u0131n &ouml;d\u0259nil\u0259c\u0259yini v\u0259 bu evin yerind\u0259 tikil\u0259n, d\u0259niz\u0259 a&ccedil;\u0131lan m\u0259nz\u0259r\u0259si v\u0259 geni\u015f eyvan\u0131 olan yeni evd\u0259 m\u0259nzill\u0259rin veril\u0259c\u0259yini dedil\u0259r, &#8211; sakinl\u0259rd\u0259n biri &#8211; Hikm\u0259t dan\u0131\u015f\u0131r.<\/span><\/p>\n<p><span style=\"font-size: 12pt;\">Amma onun s&ouml;zl\u0259rin\u0259 g&ouml;r\u0259, t\u0259klif olunan m&uuml;qavil\u0259l\u0259rd\u0259 onlar\u0131n yeni m\u0259nzill\u0259 t\u0259min olunacaqlar\u0131 v\u0259 ya evin al\u0131nmas\u0131 &uuml;&ccedil;&uuml;n t\u0259zminat alacaqlar\u0131 bar\u0259d\u0259 bir k\u0259lm\u0259 d\u0259 yaz\u0131lmay\u0131bm\u0131\u015f. Bunu evin dig\u0259r sakinl\u0259ri d\u0259 t\u0259sdiq edirl\u0259r. Bel\u0259 &ccedil;\u0131x\u0131r ki, m\u0259nzilin sat\u0131\u015f\u0131 he&ccedil; bir s\u0259n\u0259dl\u0259 t\u0259sdiql\u0259nmir, s&ouml;hb\u0259t ancaq kiray\u0259 tutulan evd\u0259 qalmaqdan gedir.<\/span><\/p>\n<p><span style=\"font-size: 12pt;\">&ldquo;\u018fvv\u0259ll\u0259r burada 45 ail\u0259 ya\u015fay\u0131rd\u0131, amma yeddi ail\u0259ni onlar dil\u0259 tuta bildil\u0259r, bu \u015firk\u0259tin adamlar\u0131 &ccedil;ox inad etdil\u0259r, &#8211; Hikm\u0259t dan\u0131\u015f\u0131r. &ndash; Getm\u0259y\u0259 yeri olanlar k&ouml;&ccedil;d&uuml;, m\u0259s\u0259l\u0259n, t\u0259k ya\u015fayan qad\u0131n q\u0131z\u0131n\u0131n yan\u0131na getdi.<\/span><\/p>\n<p><span style=\"font-size: 12pt;\">Sakinl\u0259r bel\u0259 \u015f\u0259rtl\u0259rl\u0259 k&ouml;&ccedil;m\u0259kd\u0259n imtina ed\u0259nd\u0259n sonra onlar\u0131 &ldquo;k&uuml;&ccedil;\u0259y\u0259 atmaqla h\u0259d\u0259l\u0259m\u0259y\u0259 ba\u015flay\u0131blar v\u0259 evin q\u0259zal\u0131 v\u0259ziyy\u0259td\u0259 oldu\u011funu deyibl\u0259r. &ldquo;Evin q\u0259zal\u0131 olmas\u0131 onun s\u0259n\u0259dl\u0259rind\u0259 d\u0259 g&ouml;st\u0259rilir ki, evi satmaq m&uuml;mk&uuml;n olmas\u0131n, &#8211; Hikm\u0259t deyir, &#8211; bizim bel\u0259 bir problemimiz olmay\u0131b, b&uuml;t&uuml;n s\u0259n\u0259dl\u0259r qaydas\u0131dad\u0131r, ham\u0131n\u0131n m\u0259nzili &ouml;z\u0259ll\u0259\u015fdirilib.<\/span><\/p>\n<p><span style=\"font-size: 12pt;\">T\u0259hdidl\u0259r t\u0259sir etm\u0259y\u0259nd\u0259, evi hasara al\u0131b, m\u0259nzill\u0259ri bo\u015falan birinci m\u0259rt\u0259b\u0259nin divarlar\u0131n\u0131 da\u011f\u0131tma\u011fa ba\u015flay\u0131blar. &ldquo;Bu, t\u0259k psixoloji t\u0259sir deyil, h\u0259m d\u0259 vandalizmdir, ax\u0131 yuxar\u0131 m\u0259rt\u0259b\u0259 u&ccedil;a bil\u0259r, &#8211; evin ba\u015fqa bir sakini Vaqif deyir.<\/span><\/p>\n<p><span style=\"font-size: 12pt;\">&ldquo;M\u0259n onlar\u0131n \u015f\u0259rtl\u0259rini h&uuml;quq\u015f&uuml;nasa g&ouml;st\u0259rdim, o da onlar\u0131n &ccedil;ox \u015f&uuml;bh\u0259li oldu\u011funu dedi, &#8211; Hikm\u0259t dan\u0131\u015f\u0131r. &ndash; Orada ancaq 300 manat m\u0259bl\u0259\u011find\u0259 kiray\u0259 haqq\u0131n\u0131n &ouml;d\u0259nilm\u0259sind\u0259n dan\u0131\u015f\u0131l\u0131r, g&ouml;st\u0259ril\u0259n &ccedil;oxlu sayda \u015f\u0259rtl\u0259rl\u0259 d\u0259 \u015firk\u0259t ist\u0259nil\u0259n an biz\u0259 bu pulu &ouml;d\u0259m\u0259kd\u0259n imtina ed\u0259 bil\u0259r.<\/span><\/p>\n<p><span style=\"font-size: 12pt;\">Evin sakinl\u0259ri \u0130cra Hakimiyy\u0259ti orqanlar\u0131 v\u0259 dig\u0259r instansiyalara \u015fikay\u0259t edib. Polis\u0259 d\u0259 m&uuml;raci\u0259t edibl\u0259r, bunun da bir k&ouml;m\u0259yi olmay\u0131b.<\/span><\/p>\n<p><span style=\"font-size: 12pt;\">S\u0259bail rayonu \u0130cra Hakimiyy\u0259tinin humanitar m\u0259s\u0259l\u0259l\u0259r \u015f&ouml;b\u0259sinin r\u0259hb\u0259ri \u0130srafil K\u0259rimov deyir: &ldquo;Sakinl\u0259r\u0259 t\u0259zminat\u0131n &ouml;d\u0259nilm\u0259m\u0259si m&uuml;mk&uuml;n deyil. Onun s&ouml;zl\u0259rin\u0259 g&ouml;r\u0259, tikinti \u015firk\u0259tinin n&uuml;may\u0259nd\u0259l\u0259ri il\u0259 g&ouml;r&uuml;\u015f&uuml;b, onlar da t\u0259k evin kiray\u0259l\u0259nm\u0259sin\u0259 g&ouml;r\u0259 t\u0259zminat &ouml;d\u0259m\u0259y\u0259 deyil, h\u0259m d\u0259 sakinl\u0259r\u0259 tikil\u0259n evd\u0259 m\u0259nzil verm\u0259y\u0259 d\u0259 s&ouml;z veribl\u0259r. &ldquo;D&uuml;zd&uuml;r, sakinl\u0259r\u0259 t\u0259klif olunan m&uuml;qavil\u0259ni g&ouml;rm\u0259mi\u015f\u0259m, &#8211; dey\u0259 o bildirib.<\/span><\/p>\n<p><span style=\"font-size: 12pt;\">Bu hadis\u0259 sosial \u015f\u0259b\u0259k\u0259l\u0259rd\u0259 b&ouml;y&uuml;k s\u0259s-k&uuml;y\u0259 s\u0259b\u0259b oldu v\u0259 iyulun 11-d\u0259 sakinl\u0259r\u0259 h\u0259d\u0259-qorxu g\u0259lm\u0259y\u0259 ba\u015flad\u0131lar ki, &ouml;zl\u0259rin\u0259 diqq\u0259ti c\u0259lb etm\u0259k c\u0259hdl\u0259rini davam etdirdikl\u0259ri halda onlar\u0131 m\u0259hk\u0259m\u0259y\u0259 ver\u0259c\u0259kl\u0259r. Kims\u0259 qorxdu, amma daha f\u0259al olanlar \u0259dal\u0259tli m&uuml;qavil\u0259 ba\u011flamaq t\u0259l\u0259bind\u0259n d&ouml;nm\u0259dil\u0259r. H\u0259tta internetd\u0259 m&uuml;vafiq video da yerl\u0259\u015fdirdil\u0259r.<\/span><\/p>\n<p><span style=\"font-size: 12pt;\"><\/p>\n<div class='youtube-video-content'><iframe class='youtube-player' data-video-id='rbjcwxF-ESk' frameborder='0' allowfullscreen='1' title='YouTube video player' width='100%' height='500px' src='https:\/\/www.youtube.com\/embed\/rbjcwxF-ESk?enablejsapi=1&amp;origin=http%3A%2F%2Fjam-news.net&amp;widgetid=1'><\/iframe><\/div>\n<p><\/span><\/p>\n<p><span style=\"font-size: 12pt;\">N\u0259tic\u0259d\u0259 sakinl\u0259ri evd\u0259n k&ouml;&ccedil;&uuml;rm\u0259k c\u0259hdl\u0259rin\u0259 ancaq onlar\u0131n Prezident Aparat\u0131na m&uuml;raci\u0259tind\u0259n sonra son qoyulub. &Ouml;t\u0259n h\u0259ft\u0259 is\u0259 evd\u0259 i\u015f\u0131qlar\u0131 s&ouml;nd&uuml;r&uuml;bl\u0259r, bu zaman yax\u0131nl\u0131qdak\u0131 i\u015f\u0131qforlar da i\u015fl\u0259m\u0259yib. Bunun b\u0259d niyy\u0259t v\u0259 ya t\u0259sad&uuml;f oldu\u011funu d\u0259qiq dem\u0259k &ccedil;\u0259tindir, amma ac\u0131 t\u0259cr&uuml;b\u0259si olan sakinl\u0259r Prezident Aparat\u0131na z\u0259ng vurandan d\u0259rhal sonra i\u015f\u0131qlar yan\u0131b.<\/span><\/p>\n<p><span style=\"font-size: 12pt;\">H\u0259min k&uuml;&ccedil;\u0259d\u0259 yerl\u0259\u015f\u0259n 6 sayl\u0131 binan\u0131 t\u0259xmin\u0259n bir il \u0259vv\u0259l s&ouml;k&uuml;bl\u0259r. Bu evin sakinl\u0259rinin b\u0259xti g\u0259tirib &ndash; qar\u015f\u0131lar\u0131na &ldquo;s\u0259xav\u0259tli tikinti \u015firk\u0259ti &ccedil;\u0131x\u0131b. S\u0259id\u0259 M\u0259mm\u0259dovann dan\u0131\u015fd\u0131\u011f\u0131na g&ouml;r\u0259, h\u0259min \u015firk\u0259tl\u0259 qiym\u0259t dan\u0131\u015fmaq m&uuml;mk&uuml;n idi:<\/span><\/p>\n<p><span style=\"font-size: 12pt;\">&ldquo;Qanuna g&ouml;r\u0259, m\u0259n m\u0259nzilim\u0259 g&ouml;r\u0259 ist\u0259nil\u0259n qiym\u0259ti, lap milyon manat da t\u0259l\u0259b ed\u0259 bil\u0259r\u0259m. Amma bizd\u0259 bu, bir az ba\u015fqa c&uuml;r olur. Yan\u0131na ad\u0259t\u0259n yar\u0131mcan sovet d&ouml;vl\u0259t qurumu olan m\u0259nzil-kommunal t\u0259s\u0259rr&uuml;fat\u0131 idar\u0259sinin i\u015f&ccedil;il\u0259ri il\u0259 birlikd\u0259 &ouml;zl\u0259rini t\u0259qdim etm\u0259k ist\u0259m\u0259y\u0259n adamlar g\u0259lir. Formal olaraq s\u0259n m\u0259nzili hans\u0131sa \u015firk\u0259t\u0259 sat\u0131rsan, amma s\u0259n\u0259 \u0259vv\u0259lc\u0259d\u0259n deyirl\u0259r ki, evi d&ouml;vl\u0259t s&ouml;k&uuml;r, y\u0259ni s\u0259n raz\u0131 olsan da, olmasan da ev s&ouml;k&uuml;l\u0259c\u0259k, s\u0259n\u0259 d\u0259 bir kvadrat metr\u0259 g&ouml;r\u0259 bu m\u0259bl\u0259\u011fd\u0259 pul &ouml;d\u0259nm\u0259lidir.<\/span><\/p>\n<p><span style=\"font-size: 12pt;\">Sonra da alver &ldquo;ne&ccedil;\u0259 metr\u0259ni hesablayaq &ndash; eyvanlar\u0131, \u0259lav\u0259 tikilil\u0259ri, &uuml;mumi d\u0259hlizl\u0259ri, divarlar\u0131n enini v\u0259 s. sayaq, ya saymayaq m&uuml;st\u0259visind\u0259 apar\u0131l\u0131r. Ayd\u0131nd\u0131r ki, n\u0259 kvadrat metrl\u0259rin, n\u0259 d\u0259 m\u0259nzilin bazar qiym\u0259tl\u0259rinin he&ccedil; bir m\u0259nas\u0131 yoxdur. H\u0259r \u015fey s\u0259nin n\u0259 d\u0259r\u0259c\u0259d\u0259 inad etm\u0259yind\u0259n as\u0131l\u0131d\u0131r.<\/span><\/p>\n<p><span style=\"font-size: 12pt;\">S\u0259id\u0259nin b\u0259xti g\u0259tirib, iki otaql\u0131 t\u0259mirsiz m\u0259nzilini bazar qiym\u0259tin\u0259 sata bilib. Ax\u0131 Bay\u0131lda art\u0131q on ildir ki, he&ccedil; n\u0259 sat\u0131lm\u0131r, &ccedil;&uuml;nki burada he&ccedil; kim bilmir ki, hans\u0131 evl\u0259r bu sirli yenid\u0259nqurma plan\u0131na d&uuml;\u015f\u0259c\u0259k v\u0259 sakinl\u0259rl\u0259 6-cu binan\u0131n sakinl\u0259ri kimi insafla, yoxsa 27-ci binan\u0131n sakinl\u0259ri kimi \u0259dal\u0259tsizc\u0259 davranacaqlar.<\/span><\/p>\n<p><span style=\"font-size: 12pt;\"><\/p>\n<div><img decoding=\"async\" src=\"http:\/\/jam-news.net\/Uploads\/Publication\/1912\/ContentImages\/az-Latn-AZ\/IMG_4952.JPG\" \/><span class='post-image-caption'><\/span><\/div>\n<p><\/span><\/p>\n<p><span style=\"font-size: 12pt;\"><\/p>\n<div><img decoding=\"async\" src=\"http:\/\/jam-news.net\/Uploads\/Publication\/1912\/ContentImages\/az-Latn-AZ\/IMG_4953.JPG\" \/><span class='post-image-caption'><\/span><\/div>\n<p><\/span><\/p>\n<p><span style=\"font-size: 12pt;\"><\/p>\n<div><img decoding=\"async\" src=\"http:\/\/jam-news.net\/Uploads\/Publication\/1912\/ContentImages\/az-Latn-AZ\/IMG_4975.JPG\" \/><span class='post-image-caption'><\/span><\/div>\n<p><\/span><\/p>\n<p><span style=\"font-size: 12pt;\"><\/p>\n<div><img decoding=\"async\" src=\"http:\/\/jam-news.net\/Uploads\/Publication\/1912\/ContentImages\/az-Latn-AZ\/IMG_4980.JPG\" \/><span class='post-image-caption'><\/span><\/div>\n<p><\/span><\/p>\n<p><span style=\"font-size: 12pt;\"><\/p>\n<div><img decoding=\"async\" src=\"http:\/\/jam-news.net\/Uploads\/Publication\/1912\/ContentImages\/az-Latn-AZ\/IMG_4983-2.JPG\" \/><span class='post-image-caption'><\/span><\/div>\n<p><\/span><\/p>\n<p><span style=\"font-size: 12pt;\"><\/p>\n<div><img decoding=\"async\" src=\"http:\/\/jam-news.net\/Uploads\/Publication\/1912\/ContentImages\/az-Latn-AZ\/IMG_4992.JPG\" \/><span class='post-image-caption'><\/span><\/div>\n<p><\/span><\/p>\n<p><span style=\"font-size: 8pt; color: #800000;\"><strong>D\u0259rc edilib 26.07.2016<\/strong><\/span><\/p>\n","protected":false},"excerpt":{"rendered":"<p>B\u0259s siz d\u0259niz\u0259 a\u00e7\u0131lan m\u0259nz\u0259r\u0259 \u00fc\u00e7\u00fcn n\u0259l\u0259r\u0259 haz\u0131rs\u0131z?<\/p>\n","protected":false},"author":3,"featured_media":0,"comment_status":"open","ping_status":"open","sticky":false,"template":"","format":"standard","meta":{"_acf_changed":false,"footnotes":""},"categories":[25],"tags":[],"formation":[],"post-author":[2888],"topic":[],"tooltip":[],"city":[],"class_list":["post-4022","post","type-post","status-publish","format-standard","hentry","category-cmiyyt","post-author-jamnews"],"acf":[],"yoast_head":"<!-- This site is optimized with the Yoast SEO plugin v24.1 - https:\/\/yoast.com\/wordpress\/plugins\/seo\/ -->\n<title>Evl\u0259rin bak\u0131l\u0131 saya\u011f\u0131 s\u00f6k\u00fclm\u0259si - JAMnews<\/title>\n<meta name=\"robots\" content=\"index, follow, max-snippet:-1, max-image-preview:large, max-video-preview:-1\" \/>\n<link rel=\"canonical\" href=\"https:\/\/jam-news.net\/az\/evl\u0259rin-bakili-sayagi-sokulm\u0259si\/\" \/>\n<meta property=\"og:locale\" content=\"az_AZ\" \/>\n<meta property=\"og:type\" content=\"article\" \/>\n<meta property=\"og:title\" content=\"Evl\u0259rin bak\u0131l\u0131 saya\u011f\u0131 s\u00f6k\u00fclm\u0259si - JAMnews\" \/>\n<meta property=\"og:description\" content=\"B\u0259s siz d\u0259niz\u0259 a\u00e7\u0131lan m\u0259nz\u0259r\u0259 \u00fc\u00e7\u00fcn n\u0259l\u0259r\u0259 haz\u0131rs\u0131z?\" \/>\n<meta property=\"og:url\" content=\"https:\/\/jam-news.net\/az\/evl\u0259rin-bakili-sayagi-sokulm\u0259si\/\" \/>\n<meta property=\"og:site_name\" content=\"Azerbaijani Jamnews\" \/>\n<meta property=\"article:publisher\" content=\"https:\/\/www.facebook.com\/JAMnewsInEnglish\/\" \/>\n<meta property=\"article:published_time\" content=\"2016-07-27T00:00:00+00:00\" \/>\n<meta property=\"article:modified_time\" content=\"2020-03-18T10:53:29+00:00\" \/>\n<meta property=\"og:image\" content=\"http:\/\/jam-news.net\/Uploads\/Publication\/1912\/ContentImages\/az-Latn-AZ\/IMG_4952.JPG\" \/>\n<meta name=\"author\" content=\"JAMnews\" \/>\n<meta name=\"twitter:card\" content=\"summary_large_image\" \/>\n<meta name=\"twitter:creator\" content=\"@JAMnewsCaucasus\" \/>\n<meta name=\"twitter:site\" content=\"@JAMnewsCaucasus\" \/>\n<meta name=\"twitter:label1\" content=\"Written by\" \/>\n\t<meta name=\"twitter:data1\" content=\"JAMnews\" \/>\n\t<meta name=\"twitter:label2\" content=\"Est. reading time\" \/>\n\t<meta name=\"twitter:data2\" content=\"8 minutes\" \/>\n<script type=\"application\/ld+json\" class=\"yoast-schema-graph\">{\"@context\":\"https:\/\/schema.org\",\"@graph\":[{\"@type\":\"Article\",\"@id\":\"https:\/\/jam-news.net\/az\/evl%c9%99rin-bakili-sayagi-sokulm%c9%99si\/#article\",\"isPartOf\":{\"@id\":\"https:\/\/jam-news.net\/az\/evl%c9%99rin-bakili-sayagi-sokulm%c9%99si\/\"},\"author\":{\"name\":\"JAMnews\",\"@id\":\"https:\/\/jam-news.net\/az\/#\/schema\/person\/67df3bb7adb46cd513fb9c4cb02361c6\"},\"headline\":\"Evl\u0259rin bak\u0131l\u0131 saya\u011f\u0131 s\u00f6k\u00fclm\u0259si\",\"datePublished\":\"2016-07-27T00:00:00+00:00\",\"dateModified\":\"2020-03-18T10:53:29+00:00\",\"mainEntityOfPage\":{\"@id\":\"https:\/\/jam-news.net\/az\/evl%c9%99rin-bakili-sayagi-sokulm%c9%99si\/\"},\"wordCount\":1621,\"commentCount\":0,\"publisher\":{\"@id\":\"https:\/\/jam-news.net\/az\/#organization\"},\"image\":{\"@id\":\"https:\/\/jam-news.net\/az\/evl%c9%99rin-bakili-sayagi-sokulm%c9%99si\/#primaryimage\"},\"thumbnailUrl\":\"http:\/\/jam-news.net\/Uploads\/Publication\/1912\/ContentImages\/az-Latn-AZ\/IMG_4952.JPG\",\"articleSection\":[\"Issues\"],\"inLanguage\":\"az\"},{\"@type\":\"WebPage\",\"@id\":\"https:\/\/jam-news.net\/az\/evl%c9%99rin-bakili-sayagi-sokulm%c9%99si\/\",\"url\":\"https:\/\/jam-news.net\/az\/evl%c9%99rin-bakili-sayagi-sokulm%c9%99si\/\",\"name\":\"Evl\u0259rin bak\u0131l\u0131 saya\u011f\u0131 s\u00f6k\u00fclm\u0259si - JAMnews\",\"isPartOf\":{\"@id\":\"https:\/\/jam-news.net\/az\/#website\"},\"primaryImageOfPage\":{\"@id\":\"https:\/\/jam-news.net\/az\/evl%c9%99rin-bakili-sayagi-sokulm%c9%99si\/#primaryimage\"},\"image\":{\"@id\":\"https:\/\/jam-news.net\/az\/evl%c9%99rin-bakili-sayagi-sokulm%c9%99si\/#primaryimage\"},\"thumbnailUrl\":\"http:\/\/jam-news.net\/Uploads\/Publication\/1912\/ContentImages\/az-Latn-AZ\/IMG_4952.JPG\",\"datePublished\":\"2016-07-27T00:00:00+00:00\",\"dateModified\":\"2020-03-18T10:53:29+00:00\",\"breadcrumb\":{\"@id\":\"https:\/\/jam-news.net\/az\/evl%c9%99rin-bakili-sayagi-sokulm%c9%99si\/#breadcrumb\"},\"inLanguage\":\"az\",\"potentialAction\":[{\"@type\":\"ReadAction\",\"target\":[\"https:\/\/jam-news.net\/az\/evl%c9%99rin-bakili-sayagi-sokulm%c9%99si\/\"]}]},{\"@type\":\"ImageObject\",\"inLanguage\":\"az\",\"@id\":\"https:\/\/jam-news.net\/az\/evl%c9%99rin-bakili-sayagi-sokulm%c9%99si\/#primaryimage\",\"url\":\"http:\/\/jam-news.net\/Uploads\/Publication\/1912\/ContentImages\/az-Latn-AZ\/IMG_4952.JPG\",\"contentUrl\":\"http:\/\/jam-news.net\/Uploads\/Publication\/1912\/ContentImages\/az-Latn-AZ\/IMG_4952.JPG\"},{\"@type\":\"BreadcrumbList\",\"@id\":\"https:\/\/jam-news.net\/az\/evl%c9%99rin-bakili-sayagi-sokulm%c9%99si\/#breadcrumb\",\"itemListElement\":[{\"@type\":\"ListItem\",\"position\":1,\"name\":\"Home\",\"item\":\"https:\/\/jam-news.net\/az\/\"},{\"@type\":\"ListItem\",\"position\":2,\"name\":\"Evl\u0259rin bak\u0131l\u0131 saya\u011f\u0131 s\u00f6k\u00fclm\u0259si\"}]},{\"@type\":\"WebSite\",\"@id\":\"https:\/\/jam-news.net\/az\/#website\",\"url\":\"https:\/\/jam-news.net\/az\/\",\"name\":\"Azerbaijani Jamnews\",\"description\":\"Caucasus News, Politics and Society\",\"publisher\":{\"@id\":\"https:\/\/jam-news.net\/az\/#organization\"},\"potentialAction\":[{\"@type\":\"SearchAction\",\"target\":{\"@type\":\"EntryPoint\",\"urlTemplate\":\"https:\/\/jam-news.net\/az\/?s={search_term_string}\"},\"query-input\":{\"@type\":\"PropertyValueSpecification\",\"valueRequired\":true,\"valueName\":\"search_term_string\"}}],\"inLanguage\":\"az\"},{\"@type\":\"Organization\",\"@id\":\"https:\/\/jam-news.net\/az\/#organization\",\"name\":\"JAMnews\",\"url\":\"https:\/\/jam-news.net\/az\/\",\"logo\":{\"@type\":\"ImageObject\",\"inLanguage\":\"az\",\"@id\":\"https:\/\/jam-news.net\/az\/#\/schema\/logo\/image\/\",\"url\":\"https:\/\/jam-news.net\/app\/uploads\/2020\/05\/JAM_w.jpg\",\"contentUrl\":\"https:\/\/jam-news.net\/app\/uploads\/2020\/05\/JAM_w.jpg\",\"width\":960,\"height\":960,\"caption\":\"JAMnews\"},\"image\":{\"@id\":\"https:\/\/jam-news.net\/az\/#\/schema\/logo\/image\/\"},\"sameAs\":[\"https:\/\/www.facebook.com\/JAMnewsInEnglish\/\",\"https:\/\/x.com\/JAMnewsCaucasus\",\"https:\/\/www.instagram.com\/jam_news\/\",\"https:\/\/www.youtube.com\/channel\/UCXQbUCme2pykuZYXWHx4VPg\"]},{\"@type\":\"Person\",\"@id\":\"https:\/\/jam-news.net\/az\/#\/schema\/person\/67df3bb7adb46cd513fb9c4cb02361c6\",\"name\":\"JAMnews\",\"image\":{\"@type\":\"ImageObject\",\"inLanguage\":\"az\",\"@id\":\"https:\/\/jam-news.net\/az\/#\/schema\/person\/image\/\",\"url\":\"https:\/\/secure.gravatar.com\/avatar\/e5c27593ef900c3ab3deed4ed1c653d7?s=96&d=mm&r=g\",\"contentUrl\":\"https:\/\/secure.gravatar.com\/avatar\/e5c27593ef900c3ab3deed4ed1c653d7?s=96&d=mm&r=g\",\"caption\":\"JAMnews\"},\"url\":\"https:\/\/jam-news.net\/az\/author\/margarita\/\"}]}<\/script>\n<!-- \/ Yoast SEO plugin. -->","yoast_head_json":{"title":"Evl\u0259rin bak\u0131l\u0131 saya\u011f\u0131 s\u00f6k\u00fclm\u0259si - JAMnews","robots":{"index":"index","follow":"follow","max-snippet":"max-snippet:-1","max-image-preview":"max-image-preview:large","max-video-preview":"max-video-preview:-1"},"canonical":"https:\/\/jam-news.net\/az\/evl\u0259rin-bakili-sayagi-sokulm\u0259si\/","og_locale":"az_AZ","og_type":"article","og_title":"Evl\u0259rin bak\u0131l\u0131 saya\u011f\u0131 s\u00f6k\u00fclm\u0259si - JAMnews","og_description":"B\u0259s siz d\u0259niz\u0259 a\u00e7\u0131lan m\u0259nz\u0259r\u0259 \u00fc\u00e7\u00fcn n\u0259l\u0259r\u0259 haz\u0131rs\u0131z?","og_url":"https:\/\/jam-news.net\/az\/evl\u0259rin-bakili-sayagi-sokulm\u0259si\/","og_site_name":"Azerbaijani Jamnews","article_publisher":"https:\/\/www.facebook.com\/JAMnewsInEnglish\/","article_published_time":"2016-07-27T00:00:00+00:00","article_modified_time":"2020-03-18T10:53:29+00:00","og_image":[{"url":"http:\/\/jam-news.net\/Uploads\/Publication\/1912\/ContentImages\/az-Latn-AZ\/IMG_4952.JPG","type":"","width":"","height":""}],"author":"JAMnews","twitter_card":"summary_large_image","twitter_creator":"@JAMnewsCaucasus","twitter_site":"@JAMnewsCaucasus","twitter_misc":{"Written by":"JAMnews","Est. reading time":"8 minutes"},"schema":{"@context":"https:\/\/schema.org","@graph":[{"@type":"Article","@id":"https:\/\/jam-news.net\/az\/evl%c9%99rin-bakili-sayagi-sokulm%c9%99si\/#article","isPartOf":{"@id":"https:\/\/jam-news.net\/az\/evl%c9%99rin-bakili-sayagi-sokulm%c9%99si\/"},"author":{"name":"JAMnews","@id":"https:\/\/jam-news.net\/az\/#\/schema\/person\/67df3bb7adb46cd513fb9c4cb02361c6"},"headline":"Evl\u0259rin bak\u0131l\u0131 saya\u011f\u0131 s\u00f6k\u00fclm\u0259si","datePublished":"2016-07-27T00:00:00+00:00","dateModified":"2020-03-18T10:53:29+00:00","mainEntityOfPage":{"@id":"https:\/\/jam-news.net\/az\/evl%c9%99rin-bakili-sayagi-sokulm%c9%99si\/"},"wordCount":1621,"commentCount":0,"publisher":{"@id":"https:\/\/jam-news.net\/az\/#organization"},"image":{"@id":"https:\/\/jam-news.net\/az\/evl%c9%99rin-bakili-sayagi-sokulm%c9%99si\/#primaryimage"},"thumbnailUrl":"http:\/\/jam-news.net\/Uploads\/Publication\/1912\/ContentImages\/az-Latn-AZ\/IMG_4952.JPG","articleSection":["Issues"],"inLanguage":"az"},{"@type":"WebPage","@id":"https:\/\/jam-news.net\/az\/evl%c9%99rin-bakili-sayagi-sokulm%c9%99si\/","url":"https:\/\/jam-news.net\/az\/evl%c9%99rin-bakili-sayagi-sokulm%c9%99si\/","name":"Evl\u0259rin bak\u0131l\u0131 saya\u011f\u0131 s\u00f6k\u00fclm\u0259si - JAMnews","isPartOf":{"@id":"https:\/\/jam-news.net\/az\/#website"},"primaryImageOfPage":{"@id":"https:\/\/jam-news.net\/az\/evl%c9%99rin-bakili-sayagi-sokulm%c9%99si\/#primaryimage"},"image":{"@id":"https:\/\/jam-news.net\/az\/evl%c9%99rin-bakili-sayagi-sokulm%c9%99si\/#primaryimage"},"thumbnailUrl":"http:\/\/jam-news.net\/Uploads\/Publication\/1912\/ContentImages\/az-Latn-AZ\/IMG_4952.JPG","datePublished":"2016-07-27T00:00:00+00:00","dateModified":"2020-03-18T10:53:29+00:00","breadcrumb":{"@id":"https:\/\/jam-news.net\/az\/evl%c9%99rin-bakili-sayagi-sokulm%c9%99si\/#breadcrumb"},"inLanguage":"az","potentialAction":[{"@type":"ReadAction","target":["https:\/\/jam-news.net\/az\/evl%c9%99rin-bakili-sayagi-sokulm%c9%99si\/"]}]},{"@type":"ImageObject","inLanguage":"az","@id":"https:\/\/jam-news.net\/az\/evl%c9%99rin-bakili-sayagi-sokulm%c9%99si\/#primaryimage","url":"http:\/\/jam-news.net\/Uploads\/Publication\/1912\/ContentImages\/az-Latn-AZ\/IMG_4952.JPG","contentUrl":"http:\/\/jam-news.net\/Uploads\/Publication\/1912\/ContentImages\/az-Latn-AZ\/IMG_4952.JPG"},{"@type":"BreadcrumbList","@id":"https:\/\/jam-news.net\/az\/evl%c9%99rin-bakili-sayagi-sokulm%c9%99si\/#breadcrumb","itemListElement":[{"@type":"ListItem","position":1,"name":"Home","item":"https:\/\/jam-news.net\/az\/"},{"@type":"ListItem","position":2,"name":"Evl\u0259rin bak\u0131l\u0131 saya\u011f\u0131 s\u00f6k\u00fclm\u0259si"}]},{"@type":"WebSite","@id":"https:\/\/jam-news.net\/az\/#website","url":"https:\/\/jam-news.net\/az\/","name":"Azerbaijani Jamnews","description":"Caucasus News, Politics and Society","publisher":{"@id":"https:\/\/jam-news.net\/az\/#organization"},"potentialAction":[{"@type":"SearchAction","target":{"@type":"EntryPoint","urlTemplate":"https:\/\/jam-news.net\/az\/?s={search_term_string}"},"query-input":{"@type":"PropertyValueSpecification","valueRequired":true,"valueName":"search_term_string"}}],"inLanguage":"az"},{"@type":"Organization","@id":"https:\/\/jam-news.net\/az\/#organization","name":"JAMnews","url":"https:\/\/jam-news.net\/az\/","logo":{"@type":"ImageObject","inLanguage":"az","@id":"https:\/\/jam-news.net\/az\/#\/schema\/logo\/image\/","url":"https:\/\/jam-news.net\/app\/uploads\/2020\/05\/JAM_w.jpg","contentUrl":"https:\/\/jam-news.net\/app\/uploads\/2020\/05\/JAM_w.jpg","width":960,"height":960,"caption":"JAMnews"},"image":{"@id":"https:\/\/jam-news.net\/az\/#\/schema\/logo\/image\/"},"sameAs":["https:\/\/www.facebook.com\/JAMnewsInEnglish\/","https:\/\/x.com\/JAMnewsCaucasus","https:\/\/www.instagram.com\/jam_news\/","https:\/\/www.youtube.com\/channel\/UCXQbUCme2pykuZYXWHx4VPg"]},{"@type":"Person","@id":"https:\/\/jam-news.net\/az\/#\/schema\/person\/67df3bb7adb46cd513fb9c4cb02361c6","name":"JAMnews","image":{"@type":"ImageObject","inLanguage":"az","@id":"https:\/\/jam-news.net\/az\/#\/schema\/person\/image\/","url":"https:\/\/secure.gravatar.com\/avatar\/e5c27593ef900c3ab3deed4ed1c653d7?s=96&d=mm&r=g","contentUrl":"https:\/\/secure.gravatar.com\/avatar\/e5c27593ef900c3ab3deed4ed1c653d7?s=96&d=mm&r=g","caption":"JAMnews"},"url":"https:\/\/jam-news.net\/az\/author\/margarita\/"}]}},"_links":{"self":[{"href":"https:\/\/jam-news.net\/az\/wp-json\/wp\/v2\/posts\/4022","targetHints":{"allow":["GET"]}}],"collection":[{"href":"https:\/\/jam-news.net\/az\/wp-json\/wp\/v2\/posts"}],"about":[{"href":"https:\/\/jam-news.net\/az\/wp-json\/wp\/v2\/types\/post"}],"author":[{"embeddable":true,"href":"https:\/\/jam-news.net\/az\/wp-json\/wp\/v2\/users\/3"}],"replies":[{"embeddable":true,"href":"https:\/\/jam-news.net\/az\/wp-json\/wp\/v2\/comments?post=4022"}],"version-history":[{"count":1,"href":"https:\/\/jam-news.net\/az\/wp-json\/wp\/v2\/posts\/4022\/revisions"}],"predecessor-version":[{"id":16186,"href":"https:\/\/jam-news.net\/az\/wp-json\/wp\/v2\/posts\/4022\/revisions\/16186"}],"wp:attachment":[{"href":"https:\/\/jam-news.net\/az\/wp-json\/wp\/v2\/media?parent=4022"}],"wp:term":[{"taxonomy":"category","embeddable":true,"href":"https:\/\/jam-news.net\/az\/wp-json\/wp\/v2\/categories?post=4022"},{"taxonomy":"post_tag","embeddable":true,"href":"https:\/\/jam-news.net\/az\/wp-json\/wp\/v2\/tags?post=4022"},{"taxonomy":"formation","embeddable":true,"href":"https:\/\/jam-news.net\/az\/wp-json\/wp\/v2\/formation?post=4022"},{"taxonomy":"post-author","embeddable":true,"href":"https:\/\/jam-news.net\/az\/wp-json\/wp\/v2\/post-author?post=4022"},{"taxonomy":"topic","embeddable":true,"href":"https:\/\/jam-news.net\/az\/wp-json\/wp\/v2\/topic?post=4022"},{"taxonomy":"tooltip","embeddable":true,"href":"https:\/\/jam-news.net\/az\/wp-json\/wp\/v2\/tooltip?post=4022"},{"taxonomy":"city","embeddable":true,"href":"https:\/\/jam-news.net\/az\/wp-json\/wp\/v2\/city?post=4022"}],"curies":[{"name":"wp","href":"https:\/\/api.w.org\/{rel}","templated":true}]}}