{"id":4007,"date":"2018-07-14T00:00:00","date_gmt":"2018-07-13T20:00:00","guid":{"rendered":"http:\/\/jam-news.net\/az\/yeni-abxaz-kinosu\/"},"modified":"2021-11-06T13:12:49","modified_gmt":"2021-11-06T09:12:49","slug":"yeni-abxaz-kinosu","status":"publish","type":"post","link":"https:\/\/jam-news.net\/az\/yeni-abxaz-kinosu\/","title":{"rendered":"M\u00fcharib\u0259 haqda abxaz filmi &#8211; icmal"},"content":{"rendered":"<p><figure id=\"attachment_112876\" aria-describedby=\"caption-attachment-112876\" style=\"width: 1200px\" class=\"wp-caption aligncenter\"><img loading=\"lazy\" decoding=\"async\" class=\"wp-image-112876 size-full\" src=\"http:\/\/jam-news.net\/app\/uploads\/2017\/09\/36685987_2074861532824643_3026153675232903168_n-copy.jpg\" alt=\"\" width=\"1200\" height=\"800\" \/><figcaption id=\"caption-attachment-112876\" class=\"wp-caption-text\"><em><span style=\"color: #808080;\">Suxumda Rus Dram Teatr\u0131 qar\u015f\u0131s\u0131ndak\u0131 fontan. Foto: Sergey Demyanov, JAMnews<\/span><\/em><\/figcaption><\/figure><\/p>\n<p>Abxaziyada iyirmi ild\u0259n \u00e7oxdur ki, yerli rejissorlardan he\u00e7 kim m\u00fcharib\u0259 v\u0259 post-m\u00fcharib\u0259 m\u00f6vzusunda psixoloji kino \u00e7\u0259kmir. M\u0259s\u0259l\u0259 he\u00e7 d\u0259 maliyy\u0259 \u00e7at\u0131\u015fmazl\u0131\u011f\u0131nda deyil. Rejissorlar d\u0259f\u0259l\u0259rl\u0259 bildiribl\u0259r ki, bu m\u00f6vzuya m\u00fcraci\u0259t etm\u0259k \u00fc\u00e7\u00fcn zaman laz\u0131md\u0131r, m\u00fcharib\u0259nin h\u0259mi\u015f\u0259 s\u0259b\u0259b oldu\u011fu sars\u0131nt\u0131n\u0131 d\u0259rk etm\u0259k g\u0259r\u0259kdir.<\/p>\n<p>Amma son bir ne\u00e7\u0259 ild\u0259 Abxaziyada bel\u0259 filml\u0259r \u0259rs\u0259y\u0259 g\u0259lm\u0259y\u0259 ba\u015flay\u0131b. Biz onlardan bir ne\u00e7\u0259sinin icmal\u0131n\u0131 t\u0259qdim edirik.<\/p>\n<p><div class=\"su-divider su-divider-style-default\" style=\"margin:15px 0;border-width:3px;border-color:#999999\"><a href=\"#\" style=\"color:#999999\">Go to top<\/a><\/div> <\/p>\n<p><span style=\"font-size: 12pt;\"> <span class=\"su-dropcap su-dropcap-style-default\" style=\"font-size:1.5em\"> A <\/span><\/span><\/p>\n<p><span style=\"font-size: 12pt;\">bxaziyada ilk bel\u0259 c\u0259hd 2013-c\u00fc ild\u0259 olub, bu zaman rejissor Ada Kviraya m\u00fcharib\u0259d\u0259n sonra real h\u0259yata qay\u0131da bilm\u0259y\u0259nl\u0259r haqq\u0131nda \u201cK\u00fcr\u0259nin \u00fcst\u00fcnd\u0259ki q\u0131z&#8221; s\u0259n\u0259dli filmini \u00e7\u0259kdi.<\/span><\/p>\n<p><figure id=\"attachment_112858\" aria-describedby=\"caption-attachment-112858\" style=\"width: 500px\" class=\"wp-caption alignright\"><img loading=\"lazy\" decoding=\"async\" class=\"wp-image-112858\" src=\"http:\/\/jam-news.net\/app\/uploads\/2017\/09\/70AB953E-FE47-483B-AE13-37219663B6B2_cx0_cy10_cw0_w1023_r1_s-300x169.jpg\" alt=\"\" width=\"500\" height=\"281\" \/><figcaption id=\"caption-attachment-112858\" class=\"wp-caption-text\"><em><span style=\"color: #808080;\">Ada Kviraya m\u0259rk\u0259zd\u0259, ondan solda aktyor Nodar Tsivijba<\/span><\/em><\/figcaption><\/figure><\/p>\n<p>&nbsp;<\/p>\n<p><em>&#8220;\u015ear \u00fcz\u0259rind\u0259 q\u0131z&#8221; filmi 2013-c\u00fc ild\u0259 ekranlara \u00e7\u0131x\u0131b, m\u00fcharib\u0259d\u0259n sonra adi h\u0259yatda rastla\u015fa bilm\u0259y\u0259n insanlardan b\u0259hs edir. B\u00fct\u00fcn film bel\u0259c\u0259 d\u0259 qurulub &#8211; \u00e7ox sayda q\u0259hr\u0259man var, d\u0259qiq s\u00fcjet x\u0259tti is\u0259 yoxdur, sad\u0259c\u0259 Suxumun sahilyan\u0131 \u0259razisind\u0259 ba\u015f ver\u0259n m\u00fcxt\u0259lif hekay\u0259l\u0259rin bir-birinin ard\u0131nca d\u00fcz\u00fclm\u0259sind\u0259n ibar\u0259tdir.<\/em><\/p>\n<p>&nbsp;<\/p>\n<p><div class=\"su-divider su-divider-style-default\" style=\"margin:15px 0;border-width:3px;border-color:#999999\"><a href=\"#\" style=\"color:#999999\">Go to top<\/a><\/div> <\/p>\n<p><span style=\"font-size: 12pt;\"> <span class=\"su-dropcap su-dropcap-style-default\" style=\"font-size:1.5em\"> N <\/span><\/span><\/p>\n<p><span style=\"font-size: 12pt;\">\u00f6vb\u0259ti il is\u0259 g\u0259nc rejissor \u0130lona Xvartskiya q\u0131sametrajl\u0131 \u201cZ\u0259f\u0259r&#8221; b\u0259dii filmini \u00e7\u0259kdi.<\/span><\/p>\n<p><span style=\"font-size: 12pt;\">Filmd\u0259 1992-1993-c\u00fc ill\u0259rd\u0259 G\u00fcrc\u00fcstan-Abxaziya m\u00fcharib\u0259sinin ilk g\u00fcnl\u0259rind\u0259n b\u0259hs edilir.<\/span><\/p>\n<p style=\"padding-left: 30px;\"><span style=\"font-size: 12pt;\"><em><span style=\"color: #000000;\">Filmin ba\u015f q\u0259hr\u0259man\u0131 Z\u0259f\u0259rin yegan\u0259 o\u011flu h\u0259bsxanadad\u0131r. He\u00e7 kimin ona u\u015fa\u011f\u0131n\u0131 c\u0259zadan xilas etm\u0259y\u0259, ya da he\u00e7 olmasa c\u0259zas\u0131n\u0131 yum\u015faltma\u011fa k\u00f6m\u0259k etm\u0259diyi \u00fc\u00e7\u00fcn h\u0259r k\u0259s\u0259 k\u00fcsk\u00fcnl\u00fcy\u00fc Z\u0259f\u0259ri \u00e7ox b\u0259db\u0259xt, h\u0259yat\u0131n\u0131n son g\u00fcnl\u0259rini b\u00fct\u00fcn d\u00fcnyaya qar\u015f\u0131 q\u0259z\u0259b v\u0259 nifr\u0259tl\u0259 ya\u015fayan qocaya \u00e7evirib.\u00a0\u00a0<\/span><\/em><\/span><\/p>\n<p style=\"padding-left: 30px;\"><span style=\"font-size: 12pt;\"><em><span style=\"color: #000000;\">T\u0259k qalan Z\u0259f\u0259r h\u0259r g\u00fcn qon\u015fuluqdak\u0131 b\u00f6y\u00fck ail\u0259nin xo\u015fb\u0259xt h\u0259yat\u0131n\u0131 m\u00fc\u015fahid\u0259 edir. G\u00fcrc\u00fc qo\u015funlar\u0131 k\u0259nd\u0259 gir\u0259n\u0259 q\u0259d\u0259r qon\u015fusu ail\u0259si il\u0259 birlikd\u0259 Suxuma gedir, evinin a\u00e7ar\u0131n\u0131 is\u0259 Z\u0259f\u0259r\u0259 verir. Tamam t\u0259nhala\u015fan Z\u0259f\u0259r qon\u015fu ev\u0259 gir\u0259r\u0259k, buradak\u0131 \u0259\u015fyalar\u0131 uzun-uzad\u0131 n\u0259z\u0259rd\u0259n ke\u00e7irir, onlara toxunur, qon\u015funun penc\u0259yini geyinir, \u00f6zg\u0259nin bo\u015fqab\u0131ndan yem\u0259k yeyir, \u00e7ax\u0131r\u0131n\u0131 i\u00e7ir. Uzun m\u00fcdd\u0259t i\u00e7ind\u0259 saxlad\u0131\u011f\u0131 qibt\u0259 hissi n\u0259hay\u0259t ki, \u00fcz\u0259 \u00e7\u0131x\u0131r.<\/span><\/em><\/span><\/p>\n<p style=\"padding-left: 30px;\"><span style=\"font-size: 12pt;\"><em><span style=\"color: #000000;\">Sonra is\u0259 Z\u0259f\u0259r t\u0259sad\u00fcf\u0259n tapd\u0131\u011f\u0131 m\u0259ktubdan \u00f6yr\u0259nir ki, s\u0259n dem\u0259, qon\u015fusu onun o\u011flunun i\u015fi il\u0259 ba\u011fl\u0131 maraqlan\u0131b, h\u0259tta prokurora r\u00fc\u015fv\u0259t d\u0259 g\u00f6nd\u0259rib, amma nam\u0259lum s\u0259b\u0259b \u00fcz\u00fcnd\u0259n m\u0259s\u0259l\u0259ni h\u0259ll etm\u0259k m\u00fcmk\u00fcn olmay\u0131b. Bu \u00f6yr\u0259ndikl\u0259ri Z\u0259f\u0259r \u00fc\u00e7\u00fcn tam g\u00f6zl\u0259nilm\u0259z olur. Ax\u0131 bu vaxta q\u0259d\u0259r o b\u00fct\u00fcn d\u00fcnyada he\u00e7 kimin onun faci\u0259si il\u0259 maraqlanmad\u0131\u011f\u0131n\u0131 d\u00fc\u015f\u00fcn\u00fcrd\u00fc. Bu m\u0259ktub is\u0259 h\u0259r \u015feyi d\u0259yi\u015fdi. Bir q\u0259d\u0259r sonra iki g\u0259nc qvardiya\u00e7\u0131 h\u0259min qon\u015fu ev\u0259 soxulanda, Z\u0259f\u0259r onlar\u0131n \u0259mlak\u0131n\u0131 qorumaq ist\u0259yir v\u0259 k\u00fcr\u0259yind\u0259n g\u00fcll\u0259l\u0259nir.<\/span><\/em><\/span><\/p>\n<p><span style=\"font-size: 12pt;\">\u201cZ\u0259f\u0259r kinosu Suxumda ke\u00e7iril\u0259n kino festivalda (m\u00fcharib\u0259 m\u00f6vzusunda \u00e7oxsayda dig\u0259r kinolar aras\u0131nda) qran-pri m\u00fckafat\u0131na layiq g\u00f6r\u00fcl\u00fcr, bir q\u0259d\u0259r sonra da Sardiniyadak\u0131 \u201cSGUARDI VISIONI STORIE 2014&#8243; kino festival\u0131n\u0131n laureat\u0131 olur.<\/span><\/p>\n<p><img loading=\"lazy\" decoding=\"async\" class=\"alignleft wp-image-112871\" src=\"http:\/\/jam-news.net\/app\/uploads\/2017\/09\/2-\u0418\u043b\u043e\u043d\u0430-\u0425\u0432\u0430\u0440\u0446\u043a\u0438\u044f-\u043f\u0440\u0438\u043d\u0438\u043c\u0430\u0435\u0442-\u043f\u043e\u0437\u0434\u0440\u0430\u0432\u043b\u0435\u043d\u0438\u044f-\u043e\u0442-\u0438\u0437\u0432\u0435\u0441\u0442\u043d\u043e\u0433\u043e-\u0430\u0431\u0445\u0430\u0437\u0441\u043a\u043e\u0433\u043e-\u0440\u0435\u0436\u0438\u0441\u0441\u0435\u0440\u0430-\u0412\u044f\u0447\u0435\u0441\u043b\u0430\u0432\u0430-\u0410\u0431\u043b\u043e\u0442\u0438\u044f-300x200.jpg\" alt=\"\" width=\"500\" height=\"333\" \/><\/p>\n<p>&nbsp;<\/p>\n<p>&nbsp;<\/p>\n<p><em><strong>\u0130lona Xvarskayan\u0131 tan\u0131nm\u0131\u015f abxaz rejissoru Vya\u00e7eslav Ablotiya t\u0259brik edir<\/strong><\/em><\/p>\n<p>&nbsp;<\/p>\n<p><div class=\"su-divider su-divider-style-default\" style=\"margin:15px 0;border-width:3px;border-color:#999999\"><a href=\"#\" style=\"color:#999999\">Go to top<\/a><\/div> <\/p>\n<p><span style=\"font-size: 12pt;\"> <span class=\"su-dropcap su-dropcap-style-default\" style=\"font-size:1.5em\"> D <\/span><\/span><\/p>\n<p><span style=\"font-size: 12pt;\">ig\u0259r bir abxaz rejissoru Naur Qarmeliyan\u0131n \u201cK\u00f6rp\u00fc&#8221; deb\u00fct \u00a0filmi m\u00fcharib\u0259d\u0259n sonrak\u0131 ilk ill\u0259rd\u0259 bo\u015f qalm\u0131\u015f abxaz k\u0259ndind\u0259 ata v\u0259 azya\u015fl\u0131 u\u015faqdan ibar\u0259t ail\u0259nin h\u0259yat hekay\u0259sind\u0259n b\u0259hs edir.<\/span><\/p>\n<p><span style=\"font-size: 12pt;\"><strong>Filmin s\u00fcjeti bel\u0259dir:<\/strong><\/span><\/p>\n<p style=\"padding-left: 30px;\"><span style=\"font-size: 12pt;\"><em><span style=\"color: #000000;\">Ata t\u0259kba\u015f\u0131na azya\u015fl\u0131 o\u011flunu b\u00f6y\u00fcd\u00fcr. Onlar torpaq sah\u0259sind\u0259 i\u015fl\u0259yir, mal-qara saxlay\u0131rlar. Vaxta\u015f\u0131r\u0131 o\u011flan Suxumdak\u0131 bazara pendir apar\u0131b, alver\u00e7il\u0259r\u0259 sat\u0131r. <\/span><\/em><\/span><\/p>\n<p style=\"padding-left: 30px;\"><span style=\"font-size: 12pt;\"><em><span style=\"color: #000000;\">Paytaxta aparan yol mac\u0259ralarla doludur, bunlardan biri d\u0259 s\u0131n\u0131q-salxaq asma k\u00f6rp\u00fcd\u0259n ke\u00e7m\u0259kdir. \u015e\u0259h\u0259r\u0259 n\u00f6vb\u0259ti s\u0259f\u0259rind\u0259n qay\u0131danda o\u011flan \u00fcr\u0259k tutmas\u0131ndan v\u0259fat ed\u0259n atas\u0131n\u0131n meyitini tap\u0131r. B\u00fct\u00fcn gec\u0259ni o\u011flan atas\u0131n\u0131n meyitini k\u0259ndd\u0259ki at\u0131lm\u0131\u015f feld\u015fer m\u0259nt\u0259q\u0259sin\u0259 s\u00fcr\u00fcy\u00fcb g\u0259tirm\u0259y\u0259 \u00e7al\u0131\u015f\u0131r. <\/span><\/em><\/span><\/p>\n<p>Resenziyalarda yaz\u0131ld\u0131\u011f\u0131na g\u00f6r\u0259, bu o\u011flan m\u00fcharib\u0259d\u0259n sonrak\u0131 ilk ill\u0259rd\u0259 Abxaziyadak\u0131 maddi v\u0259 mental da\u011f\u0131nt\u0131lar fonunda yegan\u0259 pozitivdir.<\/p>\n<p><figure id=\"attachment_112873\" aria-describedby=\"caption-attachment-112873\" style=\"width: 500px\" class=\"wp-caption alignright\"><img loading=\"lazy\" decoding=\"async\" class=\"wp-image-112873\" src=\"http:\/\/jam-news.net\/app\/uploads\/2017\/09\/6-\u0420\u0435\u0436\u0438\u0441\u0441\u0435\u0440-\u0438-\u0433\u043b\u0430\u0432\u043d\u044b\u0438\u0306-\u0433\u0435\u0440\u043e\u0438\u0306-\u0444\u0438\u043b\u044c\u043c\u0430-\u041c\u043e\u0441\u0442-300x200.jpg\" alt=\"\" width=\"500\" height=\"333\" \/><figcaption id=\"caption-attachment-112873\" class=\"wp-caption-text\">Naur Qarmeliya v\u0259 filmin ba\u015f rol ifa\u00e7\u0131s\u0131 Aslan Xiba<\/figcaption><\/figure><\/p>\n<p>&nbsp;<\/p>\n<p>&nbsp;<\/p>\n<p>\u201cK\u00f6rp\u00fc&#8221; filmi art\u0131q Xant\u0131-Mansiyskd\u0259 ke\u00e7iril\u0259n \u201cTunc tayqa kino deb\u00fctl\u0259ri&#8221; festival\u0131nda m\u00fckafata layiq g\u00f6r\u00fcl\u00fcb. Bu tammetrajl\u0131 film \u201cLenfilm&#8221; kinostudiyas\u0131nda \u00e7\u0259kilib.<\/p>\n<p><div class=\"su-divider su-divider-style-default\" style=\"margin:15px 0;border-width:3px;border-color:#999999\"><a href=\"#\" style=\"color:#999999\">Go to top<\/a><\/div> <\/p>\n<p><span class=\"su-dropcap su-dropcap-style-default\" style=\"font-size:1.5em\"> M <\/span><\/p>\n<p>\u00fcharib\u0259d\u0259n sonrak\u0131 h\u0259yat haqda daha bir hekay\u0259 &#8211; Sankt-Peterburq Kino v\u0259 Televiziya UUniverssitetinin m\u0259zunu <strong>\u0130nara Narmaniyan\u0131n<\/strong> diplom isi. Film <em>&#8220;Orada Mi\u015fa uzan\u0131b&#8221;<\/em> adlan\u0131r.<\/p>\n<p>Bu, 1991-1992-ci ill\u0259r g\u00fcrc\u00fc-abxaz m\u00fcnaqi\u015f\u0259si zaman\u0131 iki od aras\u0131nda qalan Suxum yunan\u0131 haqda hekay\u0259dir.<\/p>\n<div class=\"youtube-video-content\"><iframe loading=\"lazy\" class=\"youtube-player\" title=\"YouTube video player\" src=\"https:\/\/www.youtube.com\/embed\/pPF6PLwV4b8?enablejsapi=1&amp;origin=http%3A%2F%2Fjam-news.net&amp;widgetid=1\" width=\"100%\" height=\"500px\" frameborder=\"0\" allowfullscreen=\"allowfullscreen\" data-video-id=\"pPF6PLwV4b8\"><\/iframe><\/div>\n<p>2016-c\u0131 ild\u0259 filmi Suxumda t\u0259qdim ed\u0259n zaman Narmaniya bildirib ki, bu hekay\u0259 tam m\u00fc\u0259llif hekay\u0259sir v\u0259 q\u0259hr\u0259man\u0131n he\u00e7 bir prototipi yoxdur, amma film bir \u00e7ox insanlar\u0131n ba\u015f\u0131na g\u0259l\u0259nl\u0259rd\u0259n, o c\u00fcml\u0259d\u0259n d\u0259 hadis\u0259l\u0259rin basq\u0131s\u0131 alt\u0131nda onlar\u0131n xarakterl\u0259rinin nec\u0259 d\u0259yi\u015fm\u0259si, m\u00fcharib\u0259d\u0259n uzaqla\u015fma haqda b\u0259hs edir.<\/p>\n<p><div class=\"su-divider su-divider-style-default\" style=\"margin:15px 0;border-width:3px;border-color:#999999\"><a href=\"#\" style=\"color:#999999\">Go to top<\/a><\/div> <\/p>\n<h5><strong><span style=\"color: #000080;\"><em>M\u00fc\u0259llifin t\u0259klif etdiyi terminl\u0259r, toponiml\u0259r, fikirl\u0259r v\u0259 ideyalar onun \u00f6z\u00fcn\u0259 m\u0259xsusdir, JAMnews-un v\u0259 ya onun ayr\u0131-ayr\u0131 \u0259m\u0259kda\u015flar\u0131n\u0131n fikirl\u0259ri v\u0259 ideyalar\u0131 il\u0259 \u00fcst-\u00fcst\u0259 d\u00fc\u015fm\u0259y\u0259 bil\u0259r. JAMnews materiala yaz\u0131lan t\u0259hqir, t\u0259hdid, zorak\u0131l\u0131\u011fa \u00e7a\u011f\u0131r\u0131\u015f kimi qiym\u0259tl\u0259ndiril\u0259 bil\u0259n v\u0259 ya ba\u015fqa s\u0259b\u0259bl\u0259rd\u0259n etik say\u0131lmayan \u015f\u0259rhl\u0259ri silm\u0259k haqq\u0131n\u0131 \u00f6z\u00fcnd\u0259 saxlay\u0131r<\/em><\/span><\/strong><\/h5>\n<p><div class=\"su-divider su-divider-style-default\" style=\"margin:15px 0;border-width:3px;border-color:#999999\"><a href=\"#\" style=\"color:#999999\">Go to top<\/a><\/div> <\/p>\n<p><\/p>\n","protected":false},"excerpt":{"rendered":"<p>Abxaziyada 1990-c\u0131 ill\u0259rin \u0259vv\u0259lind\u0259 ba\u015f ver\u0259n g\u00fcrc\u00fc-abxaz m\u00fcharib\u0259sini d\u0259rk etm\u0259y\u0259 y\u00f6n\u0259lmi\u015f psixoloji filml\u0259r yenic\u0259 \u00e7\u0259kilm\u0259y\u0259 ba\u015flaylb<\/p>\n","protected":false},"author":3,"featured_media":19162,"comment_status":"closed","ping_status":"closed","sticky":false,"template":"","format":"standard","meta":{"_acf_changed":false,"footnotes":""},"categories":[12,63,9,2,62,35],"tags":[],"formation":[],"post-author":[3772],"topic":[],"tooltip":[],"city":[],"class_list":["post-4007","post","type-post","status-publish","format-standard","has-post-thumbnail","hentry","category-abxaziya","category-dbiyyat-v-incsnt","category-munaqislr","category-cografiya","category-lifestyle","category-hekaylr","post-author-rozita-qerman"],"acf":[],"yoast_head":"<!-- This site is optimized with the Yoast SEO plugin v24.1 - https:\/\/yoast.com\/wordpress\/plugins\/seo\/ -->\n<title>M\u00fcharib\u0259 haqda abxaz filmi - icmal - JAMnews<\/title>\n<meta name=\"robots\" content=\"index, follow, max-snippet:-1, max-image-preview:large, max-video-preview:-1\" \/>\n<link rel=\"canonical\" href=\"https:\/\/jam-news.net\/az\/yeni-abxaz-kinosu\/\" \/>\n<meta property=\"og:locale\" content=\"az_AZ\" \/>\n<meta property=\"og:type\" content=\"article\" \/>\n<meta property=\"og:title\" content=\"M\u00fcharib\u0259 haqda abxaz filmi - icmal - JAMnews\" \/>\n<meta property=\"og:description\" content=\"Abxaziyada 1990-c\u0131 ill\u0259rin \u0259vv\u0259lind\u0259 ba\u015f ver\u0259n g\u00fcrc\u00fc-abxaz m\u00fcharib\u0259sini d\u0259rk etm\u0259y\u0259 y\u00f6n\u0259lmi\u015f psixoloji filml\u0259r yenic\u0259 \u00e7\u0259kilm\u0259y\u0259 ba\u015flaylb\" \/>\n<meta property=\"og:url\" content=\"https:\/\/jam-news.net\/az\/yeni-abxaz-kinosu\/\" \/>\n<meta property=\"og:site_name\" content=\"Azerbaijani Jamnews\" \/>\n<meta property=\"article:publisher\" content=\"https:\/\/www.facebook.com\/JAMnewsInEnglish\/\" \/>\n<meta property=\"article:published_time\" content=\"2018-07-13T20:00:00+00:00\" \/>\n<meta property=\"article:modified_time\" content=\"2021-11-06T09:12:49+00:00\" \/>\n<meta property=\"og:image\" content=\"https:\/\/jam-news.net\/app\/uploads\/2020\/03\/36685987_2074861532824643_3026153675232903168_n-copy.jpg\" \/>\n\t<meta property=\"og:image:width\" content=\"1200\" \/>\n\t<meta property=\"og:image:height\" content=\"800\" \/>\n\t<meta property=\"og:image:type\" content=\"image\/jpeg\" \/>\n<meta name=\"author\" content=\"JAMnews\" \/>\n<meta name=\"twitter:card\" content=\"summary_large_image\" \/>\n<meta name=\"twitter:creator\" content=\"@JAMnewsCaucasus\" \/>\n<meta name=\"twitter:site\" content=\"@JAMnewsCaucasus\" \/>\n<meta name=\"twitter:label1\" content=\"Written by\" \/>\n\t<meta name=\"twitter:data1\" content=\"JAMnews\" \/>\n\t<meta name=\"twitter:label2\" content=\"Est. reading time\" \/>\n\t<meta name=\"twitter:data2\" content=\"6 minutes\" \/>\n<script type=\"application\/ld+json\" class=\"yoast-schema-graph\">{\"@context\":\"https:\/\/schema.org\",\"@graph\":[{\"@type\":\"Article\",\"@id\":\"https:\/\/jam-news.net\/az\/yeni-abxaz-kinosu\/#article\",\"isPartOf\":{\"@id\":\"https:\/\/jam-news.net\/az\/yeni-abxaz-kinosu\/\"},\"author\":{\"name\":\"JAMnews\",\"@id\":\"https:\/\/jam-news.net\/az\/#\/schema\/person\/67df3bb7adb46cd513fb9c4cb02361c6\"},\"headline\":\"M\u00fcharib\u0259 haqda abxaz filmi &#8211; icmal\",\"datePublished\":\"2018-07-13T20:00:00+00:00\",\"dateModified\":\"2021-11-06T09:12:49+00:00\",\"mainEntityOfPage\":{\"@id\":\"https:\/\/jam-news.net\/az\/yeni-abxaz-kinosu\/\"},\"wordCount\":1190,\"publisher\":{\"@id\":\"https:\/\/jam-news.net\/az\/#organization\"},\"image\":{\"@id\":\"https:\/\/jam-news.net\/az\/yeni-abxaz-kinosu\/#primaryimage\"},\"thumbnailUrl\":\"https:\/\/jam-news.net\/app\/uploads\/2020\/03\/36685987_2074861532824643_3026153675232903168_n-copy.jpg\",\"articleSection\":[\"Abkhazia\",\"Art and Books\",\"Conflicts\",\"Geography\",\"Lifestyle\",\"Stories\"],\"inLanguage\":\"az\"},{\"@type\":\"WebPage\",\"@id\":\"https:\/\/jam-news.net\/az\/yeni-abxaz-kinosu\/\",\"url\":\"https:\/\/jam-news.net\/az\/yeni-abxaz-kinosu\/\",\"name\":\"M\u00fcharib\u0259 haqda abxaz filmi - icmal - JAMnews\",\"isPartOf\":{\"@id\":\"https:\/\/jam-news.net\/az\/#website\"},\"primaryImageOfPage\":{\"@id\":\"https:\/\/jam-news.net\/az\/yeni-abxaz-kinosu\/#primaryimage\"},\"image\":{\"@id\":\"https:\/\/jam-news.net\/az\/yeni-abxaz-kinosu\/#primaryimage\"},\"thumbnailUrl\":\"https:\/\/jam-news.net\/app\/uploads\/2020\/03\/36685987_2074861532824643_3026153675232903168_n-copy.jpg\",\"datePublished\":\"2018-07-13T20:00:00+00:00\",\"dateModified\":\"2021-11-06T09:12:49+00:00\",\"breadcrumb\":{\"@id\":\"https:\/\/jam-news.net\/az\/yeni-abxaz-kinosu\/#breadcrumb\"},\"inLanguage\":\"az\",\"potentialAction\":[{\"@type\":\"ReadAction\",\"target\":[\"https:\/\/jam-news.net\/az\/yeni-abxaz-kinosu\/\"]}]},{\"@type\":\"ImageObject\",\"inLanguage\":\"az\",\"@id\":\"https:\/\/jam-news.net\/az\/yeni-abxaz-kinosu\/#primaryimage\",\"url\":\"https:\/\/jam-news.net\/app\/uploads\/2020\/03\/36685987_2074861532824643_3026153675232903168_n-copy.jpg\",\"contentUrl\":\"https:\/\/jam-news.net\/app\/uploads\/2020\/03\/36685987_2074861532824643_3026153675232903168_n-copy.jpg\",\"width\":1200,\"height\":800},{\"@type\":\"BreadcrumbList\",\"@id\":\"https:\/\/jam-news.net\/az\/yeni-abxaz-kinosu\/#breadcrumb\",\"itemListElement\":[{\"@type\":\"ListItem\",\"position\":1,\"name\":\"Home\",\"item\":\"https:\/\/jam-news.net\/az\/\"},{\"@type\":\"ListItem\",\"position\":2,\"name\":\"M\u00fcharib\u0259 haqda abxaz filmi &#8211; icmal\"}]},{\"@type\":\"WebSite\",\"@id\":\"https:\/\/jam-news.net\/az\/#website\",\"url\":\"https:\/\/jam-news.net\/az\/\",\"name\":\"Azerbaijani Jamnews\",\"description\":\"Caucasus News, Politics and Society\",\"publisher\":{\"@id\":\"https:\/\/jam-news.net\/az\/#organization\"},\"potentialAction\":[{\"@type\":\"SearchAction\",\"target\":{\"@type\":\"EntryPoint\",\"urlTemplate\":\"https:\/\/jam-news.net\/az\/?s={search_term_string}\"},\"query-input\":{\"@type\":\"PropertyValueSpecification\",\"valueRequired\":true,\"valueName\":\"search_term_string\"}}],\"inLanguage\":\"az\"},{\"@type\":\"Organization\",\"@id\":\"https:\/\/jam-news.net\/az\/#organization\",\"name\":\"JAMnews\",\"url\":\"https:\/\/jam-news.net\/az\/\",\"logo\":{\"@type\":\"ImageObject\",\"inLanguage\":\"az\",\"@id\":\"https:\/\/jam-news.net\/az\/#\/schema\/logo\/image\/\",\"url\":\"https:\/\/jam-news.net\/app\/uploads\/2020\/05\/JAM_w.jpg\",\"contentUrl\":\"https:\/\/jam-news.net\/app\/uploads\/2020\/05\/JAM_w.jpg\",\"width\":960,\"height\":960,\"caption\":\"JAMnews\"},\"image\":{\"@id\":\"https:\/\/jam-news.net\/az\/#\/schema\/logo\/image\/\"},\"sameAs\":[\"https:\/\/www.facebook.com\/JAMnewsInEnglish\/\",\"https:\/\/x.com\/JAMnewsCaucasus\",\"https:\/\/www.instagram.com\/jam_news\/\",\"https:\/\/www.youtube.com\/channel\/UCXQbUCme2pykuZYXWHx4VPg\"]},{\"@type\":\"Person\",\"@id\":\"https:\/\/jam-news.net\/az\/#\/schema\/person\/67df3bb7adb46cd513fb9c4cb02361c6\",\"name\":\"JAMnews\",\"image\":{\"@type\":\"ImageObject\",\"inLanguage\":\"az\",\"@id\":\"https:\/\/jam-news.net\/az\/#\/schema\/person\/image\/\",\"url\":\"https:\/\/secure.gravatar.com\/avatar\/e5c27593ef900c3ab3deed4ed1c653d7?s=96&d=mm&r=g\",\"contentUrl\":\"https:\/\/secure.gravatar.com\/avatar\/e5c27593ef900c3ab3deed4ed1c653d7?s=96&d=mm&r=g\",\"caption\":\"JAMnews\"},\"url\":\"https:\/\/jam-news.net\/az\/author\/margarita\/\"}]}<\/script>\n<!-- \/ Yoast SEO plugin. -->","yoast_head_json":{"title":"M\u00fcharib\u0259 haqda abxaz filmi - icmal - JAMnews","robots":{"index":"index","follow":"follow","max-snippet":"max-snippet:-1","max-image-preview":"max-image-preview:large","max-video-preview":"max-video-preview:-1"},"canonical":"https:\/\/jam-news.net\/az\/yeni-abxaz-kinosu\/","og_locale":"az_AZ","og_type":"article","og_title":"M\u00fcharib\u0259 haqda abxaz filmi - icmal - JAMnews","og_description":"Abxaziyada 1990-c\u0131 ill\u0259rin \u0259vv\u0259lind\u0259 ba\u015f ver\u0259n g\u00fcrc\u00fc-abxaz m\u00fcharib\u0259sini d\u0259rk etm\u0259y\u0259 y\u00f6n\u0259lmi\u015f psixoloji filml\u0259r yenic\u0259 \u00e7\u0259kilm\u0259y\u0259 ba\u015flaylb","og_url":"https:\/\/jam-news.net\/az\/yeni-abxaz-kinosu\/","og_site_name":"Azerbaijani Jamnews","article_publisher":"https:\/\/www.facebook.com\/JAMnewsInEnglish\/","article_published_time":"2018-07-13T20:00:00+00:00","article_modified_time":"2021-11-06T09:12:49+00:00","og_image":[{"width":1200,"height":800,"url":"https:\/\/jam-news.net\/app\/uploads\/2020\/03\/36685987_2074861532824643_3026153675232903168_n-copy.jpg","type":"image\/jpeg"}],"author":"JAMnews","twitter_card":"summary_large_image","twitter_creator":"@JAMnewsCaucasus","twitter_site":"@JAMnewsCaucasus","twitter_misc":{"Written by":"JAMnews","Est. reading time":"6 minutes"},"schema":{"@context":"https:\/\/schema.org","@graph":[{"@type":"Article","@id":"https:\/\/jam-news.net\/az\/yeni-abxaz-kinosu\/#article","isPartOf":{"@id":"https:\/\/jam-news.net\/az\/yeni-abxaz-kinosu\/"},"author":{"name":"JAMnews","@id":"https:\/\/jam-news.net\/az\/#\/schema\/person\/67df3bb7adb46cd513fb9c4cb02361c6"},"headline":"M\u00fcharib\u0259 haqda abxaz filmi &#8211; icmal","datePublished":"2018-07-13T20:00:00+00:00","dateModified":"2021-11-06T09:12:49+00:00","mainEntityOfPage":{"@id":"https:\/\/jam-news.net\/az\/yeni-abxaz-kinosu\/"},"wordCount":1190,"publisher":{"@id":"https:\/\/jam-news.net\/az\/#organization"},"image":{"@id":"https:\/\/jam-news.net\/az\/yeni-abxaz-kinosu\/#primaryimage"},"thumbnailUrl":"https:\/\/jam-news.net\/app\/uploads\/2020\/03\/36685987_2074861532824643_3026153675232903168_n-copy.jpg","articleSection":["Abkhazia","Art and Books","Conflicts","Geography","Lifestyle","Stories"],"inLanguage":"az"},{"@type":"WebPage","@id":"https:\/\/jam-news.net\/az\/yeni-abxaz-kinosu\/","url":"https:\/\/jam-news.net\/az\/yeni-abxaz-kinosu\/","name":"M\u00fcharib\u0259 haqda abxaz filmi - icmal - JAMnews","isPartOf":{"@id":"https:\/\/jam-news.net\/az\/#website"},"primaryImageOfPage":{"@id":"https:\/\/jam-news.net\/az\/yeni-abxaz-kinosu\/#primaryimage"},"image":{"@id":"https:\/\/jam-news.net\/az\/yeni-abxaz-kinosu\/#primaryimage"},"thumbnailUrl":"https:\/\/jam-news.net\/app\/uploads\/2020\/03\/36685987_2074861532824643_3026153675232903168_n-copy.jpg","datePublished":"2018-07-13T20:00:00+00:00","dateModified":"2021-11-06T09:12:49+00:00","breadcrumb":{"@id":"https:\/\/jam-news.net\/az\/yeni-abxaz-kinosu\/#breadcrumb"},"inLanguage":"az","potentialAction":[{"@type":"ReadAction","target":["https:\/\/jam-news.net\/az\/yeni-abxaz-kinosu\/"]}]},{"@type":"ImageObject","inLanguage":"az","@id":"https:\/\/jam-news.net\/az\/yeni-abxaz-kinosu\/#primaryimage","url":"https:\/\/jam-news.net\/app\/uploads\/2020\/03\/36685987_2074861532824643_3026153675232903168_n-copy.jpg","contentUrl":"https:\/\/jam-news.net\/app\/uploads\/2020\/03\/36685987_2074861532824643_3026153675232903168_n-copy.jpg","width":1200,"height":800},{"@type":"BreadcrumbList","@id":"https:\/\/jam-news.net\/az\/yeni-abxaz-kinosu\/#breadcrumb","itemListElement":[{"@type":"ListItem","position":1,"name":"Home","item":"https:\/\/jam-news.net\/az\/"},{"@type":"ListItem","position":2,"name":"M\u00fcharib\u0259 haqda abxaz filmi &#8211; icmal"}]},{"@type":"WebSite","@id":"https:\/\/jam-news.net\/az\/#website","url":"https:\/\/jam-news.net\/az\/","name":"Azerbaijani Jamnews","description":"Caucasus News, Politics and Society","publisher":{"@id":"https:\/\/jam-news.net\/az\/#organization"},"potentialAction":[{"@type":"SearchAction","target":{"@type":"EntryPoint","urlTemplate":"https:\/\/jam-news.net\/az\/?s={search_term_string}"},"query-input":{"@type":"PropertyValueSpecification","valueRequired":true,"valueName":"search_term_string"}}],"inLanguage":"az"},{"@type":"Organization","@id":"https:\/\/jam-news.net\/az\/#organization","name":"JAMnews","url":"https:\/\/jam-news.net\/az\/","logo":{"@type":"ImageObject","inLanguage":"az","@id":"https:\/\/jam-news.net\/az\/#\/schema\/logo\/image\/","url":"https:\/\/jam-news.net\/app\/uploads\/2020\/05\/JAM_w.jpg","contentUrl":"https:\/\/jam-news.net\/app\/uploads\/2020\/05\/JAM_w.jpg","width":960,"height":960,"caption":"JAMnews"},"image":{"@id":"https:\/\/jam-news.net\/az\/#\/schema\/logo\/image\/"},"sameAs":["https:\/\/www.facebook.com\/JAMnewsInEnglish\/","https:\/\/x.com\/JAMnewsCaucasus","https:\/\/www.instagram.com\/jam_news\/","https:\/\/www.youtube.com\/channel\/UCXQbUCme2pykuZYXWHx4VPg"]},{"@type":"Person","@id":"https:\/\/jam-news.net\/az\/#\/schema\/person\/67df3bb7adb46cd513fb9c4cb02361c6","name":"JAMnews","image":{"@type":"ImageObject","inLanguage":"az","@id":"https:\/\/jam-news.net\/az\/#\/schema\/person\/image\/","url":"https:\/\/secure.gravatar.com\/avatar\/e5c27593ef900c3ab3deed4ed1c653d7?s=96&d=mm&r=g","contentUrl":"https:\/\/secure.gravatar.com\/avatar\/e5c27593ef900c3ab3deed4ed1c653d7?s=96&d=mm&r=g","caption":"JAMnews"},"url":"https:\/\/jam-news.net\/az\/author\/margarita\/"}]}},"_links":{"self":[{"href":"https:\/\/jam-news.net\/az\/wp-json\/wp\/v2\/posts\/4007","targetHints":{"allow":["GET"]}}],"collection":[{"href":"https:\/\/jam-news.net\/az\/wp-json\/wp\/v2\/posts"}],"about":[{"href":"https:\/\/jam-news.net\/az\/wp-json\/wp\/v2\/types\/post"}],"author":[{"embeddable":true,"href":"https:\/\/jam-news.net\/az\/wp-json\/wp\/v2\/users\/3"}],"replies":[{"embeddable":true,"href":"https:\/\/jam-news.net\/az\/wp-json\/wp\/v2\/comments?post=4007"}],"version-history":[{"count":1,"href":"https:\/\/jam-news.net\/az\/wp-json\/wp\/v2\/posts\/4007\/revisions"}],"predecessor-version":[{"id":14504,"href":"https:\/\/jam-news.net\/az\/wp-json\/wp\/v2\/posts\/4007\/revisions\/14504"}],"wp:featuredmedia":[{"embeddable":true,"href":"https:\/\/jam-news.net\/az\/wp-json\/wp\/v2\/media\/19162"}],"wp:attachment":[{"href":"https:\/\/jam-news.net\/az\/wp-json\/wp\/v2\/media?parent=4007"}],"wp:term":[{"taxonomy":"category","embeddable":true,"href":"https:\/\/jam-news.net\/az\/wp-json\/wp\/v2\/categories?post=4007"},{"taxonomy":"post_tag","embeddable":true,"href":"https:\/\/jam-news.net\/az\/wp-json\/wp\/v2\/tags?post=4007"},{"taxonomy":"formation","embeddable":true,"href":"https:\/\/jam-news.net\/az\/wp-json\/wp\/v2\/formation?post=4007"},{"taxonomy":"post-author","embeddable":true,"href":"https:\/\/jam-news.net\/az\/wp-json\/wp\/v2\/post-author?post=4007"},{"taxonomy":"topic","embeddable":true,"href":"https:\/\/jam-news.net\/az\/wp-json\/wp\/v2\/topic?post=4007"},{"taxonomy":"tooltip","embeddable":true,"href":"https:\/\/jam-news.net\/az\/wp-json\/wp\/v2\/tooltip?post=4007"},{"taxonomy":"city","embeddable":true,"href":"https:\/\/jam-news.net\/az\/wp-json\/wp\/v2\/city?post=4007"}],"curies":[{"name":"wp","href":"https:\/\/api.w.org\/{rel}","templated":true}]}}