{"id":3986,"date":"2016-07-01T00:00:00","date_gmt":"2016-07-01T00:00:00","guid":{"rendered":"http:\/\/jam-news.net\/az\/insanlar-etiraz-edir-v%c9%99ssalam\/"},"modified":"2020-03-18T10:53:01","modified_gmt":"2020-03-18T10:53:01","slug":"insanlar-etiraz-edir-v%c9%99ssalam","status":"publish","type":"post","link":"https:\/\/jam-news.net\/az\/insanlar-etiraz-edir-v%c9%99ssalam\/","title":{"rendered":"\u0130nsanlar etiraz edir! V\u0259ssalam"},"content":{"rendered":"<p style=\"text-align: center;\"><span style=\"color: #993300;\"><strong><span style=\"font-size: 14pt;\">Tavu\u015flular n\u0259yi ist\u0259mir?<\/span><\/strong><\/span><\/p>\n<p><span style=\"font-size: 12pt;\">Art\u0131q bir h\u0259ft\u0259dir ki, Tavu\u015f sakinl\u0259ri icmalar\u0131n birl\u0259\u015fdirilm\u0259sin\u0259 qar\u015f\u0131 etiraz aksiyas\u0131na ba\u015flay\u0131blar. H\u0259tta gah \u0259razi idar\u0259\u00e7iliyi nazirinin rayona gir\u0259 bilm\u0259m\u0259si \u00fc\u00e7\u00fcn, gah da el\u0259 h\u0259min nazir v\u0259 qubernatorla g\u00f6r\u00fc\u015f t\u0259l\u0259bi il\u0259 magistral yolu ba\u011flay\u0131blar da.<\/span><\/p>\n<p><span style=\"font-size: 12pt;\">\u00d6t\u0259n h\u0259ft\u0259 b\u0259zi deputatlar\u0131n 118 \u015f\u0259h\u0259r v\u0259 k\u0259ndin taleyi il\u0259 ba\u011fl\u0131 olan paketin m\u00fczakir\u0259sini t\u0259xir\u0259 salmaqla ba\u011fl\u0131 xahi\u015fl\u0259rin\u0259 baxmayaraq, icmalar\u0131n birl\u0259\u015fdirilm\u0259si haqq\u0131nda qanun layih\u0259si parlament t\u0259r\u0259find\u0259n ilk oxunu\u015fdan q\u0259bul olundu. Onlar birl\u0259\u015fm\u0259li olan icma sakinl\u0259ri kimi indiki m\u0259rh\u0259l\u0259d\u0259 bunun \u0259sass\u0131z add\u0131m oldu\u011funu hesab edirl\u0259r.<\/span><\/p>\n<p style=\"text-align: center;\"><span style=\"font-size: 14pt; color: #993300;\"><strong>Yaranan v\u0259ziyy\u0259t bir k\u0259ndin misal\u0131nda<\/strong><\/span><\/p>\n<p><span style=\"font-size: 12pt;\">Da\u011flar aras\u0131ndak\u0131 vadid\u0259 gizl\u0259n\u0259n Barekamavan k\u0259ndi \u0259vv\u0259ll\u0259r el\u0259 bu c\u00fcr d\u0259 adlan\u0131rd\u0131 \u2013 Taknaq\u00fch (\u201cgizl\u0259n\u0259n k\u0259nd). Barekamavan Tavu\u015f rayonunun s\u0259rh\u0259dyan\u0131 k\u0259ndl\u0259rind\u0259n biridir. O, rayon m\u0259rk\u0259zind\u0259n 48 kilometr aral\u0131da yerl\u0259\u015fir, s\u0259rh\u0259dyan\u0131 regionun arxa c\u0259bh\u0259sini qoruyur \u2013 Voskepar da\u011f silsil\u0259sinin o t\u0259r\u0259find\u0259 Az\u0259rbaycan k\u0259ndl\u0259ri yerl\u0259\u015fir.<\/span><\/p>\n<div><img decoding=\"async\" src=\"http:\/\/jam-news.net\/Uploads\/Publication\/1850\/ContentImages\/az-Latn-AZ\/Barek_verevic.jpg\" \/><\/div>\n<p><span style=\"font-size: 12pt;\">2011-ci ill\u0259 m\u00fcqayis\u0259d\u0259 Barekamavan\u0131n \u0259halisi 120 n\u0259f\u0259r\u0259 q\u0259d\u0259r azald\u0131. Haz\u0131rda k\u0259ndd\u0259 180 sakin ya\u015fay\u0131r. Onlardan 25 n\u0259f\u0259ri m\u0259kt\u0259b\u0259 q\u0259d\u0259r ya\u015fda u\u015faqlar, 30 n\u0259f\u0259ri orta ya\u015fl\u0131, qalanlar\u0131 ya\u015fl\u0131 n\u0259slin n\u00fcmay\u0259nd\u0259l\u0259ridir. Birl\u0259\u015fdirm\u0259 proqram\u0131na g\u00f6r\u0259 is\u0259 daha \u00e7ox adam k\u0259ndi t\u0259rk ed\u0259c\u0259k, art\u0131q 8 ildir ki, k\u0259nd\u0259 ba\u015f\u00e7\u0131l\u0131q ed\u0259n Qarik Abazyan bel\u0259 hesab edir.<\/span><\/p>\n<p><span style=\"font-size: 12pt;\">\u201cBirl\u0259\u015fdirm\u0259 k\u0259ndl\u0259rin, x\u00fcsus\u0259n d\u0259 s\u0259rh\u0259dyan\u0131 k\u0259ndl\u0259rin bo\u015falmas\u0131na g\u0259tirib \u00e7\u0131xaracaq. \u018fn az\u0131 s\u0259rh\u0259dyan\u0131 k\u0259ndl\u0259r\u0259 x\u00fcsusi status verib, onlar\u0131 birl\u0259\u015f\u0259n icmalar siyah\u0131s\u0131na salmamaq laz\u0131m\u0131yd\u0131.<\/span><\/p>\n<div><img decoding=\"async\" src=\"http:\/\/jam-news.net\/Uploads\/Publication\/1850\/ContentImages\/az-Latn-AZ\/Barek_ded.jpg\" \/><\/div>\n<p><span style=\"font-size: 12pt;\">\u0130cmalar\u0131n birl\u0259\u015fdirilm\u0259si proqram\u0131 n\u0259inki s\u0259rh\u0259dyan\u0131 Barekamavanda, h\u0259m d\u0259 qon\u015fu k\u0259ndl\u0259rd\u0259 etiraz dal\u011fas\u0131na s\u0259b\u0259b oldu. Sakinl\u0259r \u201cK\u0259ndimiz el\u0259 k\u0259nd olaraq da qalacaq \u015f\u00fcar\u0131 il\u0259 aya\u011fa qalxd\u0131lar.<\/span><\/p>\n<p style=\"text-align: center;\"><span style=\"font-size: 14pt; color: #993300;\"><strong>Etiraz\u0131n s\u0259b\u0259bi bir insan\u0131n misal\u0131nda<\/strong><\/span><\/p>\n<p><span style=\"font-size: 12pt;\">68 ya\u015fl\u0131 Qra\u00e7ik Karake\u015fi\u015fyan \u0259sl\u0259n Barekamavandand\u0131r. Deyir ki, ail\u0259sinin be\u015f \u00fczv\u00fcn\u00fcn ham\u0131s\u0131 birl\u0259\u015fm\u0259y\u0259 qar\u015f\u0131d\u0131r v\u0259 bunun \u00e7ox sad\u0259 s\u0259b\u0259bi var:<\/span><\/p>\n<p><span style=\"font-size: 12pt;\">\u201c\u00d6t\u0259n ay Noemberyana getmi\u015fdim. Q\u0131za dedim: m\u0259n Barekamavandanam, xahi\u015f edir\u0259m, m\u0259nim m\u0259s\u0259l\u0259l\u0259rimi tez h\u0259ll edin ki, ev\u0259 ged\u0259 bilim. V\u0259r\u0259qd\u0259 n\u0259s\u0259 yazd\u0131, \u0259lim\u0259 verdi, deyir ki, n\u00f6vb\u0259d\u0259 51-ci adams\u0131z, g\u00f6zl\u0259yin. V\u0259 h\u0259r d\u0259f\u0259 d\u0259 bel\u0259 t\u0259krar olunacaq? M\u0259n bu ya\u015fda h\u0259r m\u0259s\u0259l\u0259 il\u0259 ba\u011fl\u0131 Noemberyana getm\u0259liy\u0259m? Bu, n\u0259 d\u0259r\u0259c\u0259d\u0259 d\u00fczg\u00fcnd\u00fcr?<\/span><\/p>\n<p><span style=\"font-size: 12pt;\">Bu birl\u0259\u015fm\u0259nin n\u0259s\u0259 m\u00fcsb\u0259t bir \u015fey ver\u0259c\u0259yini dey\u0259 bilm\u0259r\u0259m. Amma deyin g\u00f6r\u00fcm, bu normald\u0131r ki, m\u0259n h\u0259r d\u0259f\u0259 Noyemberyana getm\u0259li olacam, taksiy\u0259 d\u0259 5000 dram (10 dollardan \u00e7ox) verm\u0259li olacam, pensiyam is\u0259 c\u0259mi 28 min dramd\u0131r (60 dollardan az), h\u0259yat yolda\u015f\u0131m t\u0259xmin\u0259n bu q\u0259d\u0259r al\u0131r, he\u00e7 br yard\u0131m-filan da alm\u0131r\u0131q. Bu, n\u0259y\u0259 laz\u0131md\u0131r?<\/span><\/p>\n<div><\/div>\n<p><img loading=\"lazy\" decoding=\"async\" class=\"alignnone wp-image-42940 size-full\" src=\"http:\/\/jam-news.net\/app\/uploads\/2016\/07\/Barek_Hrachik-Gharaqeshishyan.jpg\" width=\"1000\" height=\"563\" \/><\/p>\n<p><span style=\"font-size: 12pt;\">Barekamavan icmas\u0131n\u0131n n\u0259qliyyat\u0131 yoxdur. Noyemberyanla \u0259laq\u0259ni ancaq bir n\u0259qliyyat vasit\u0259si &#8211; \u00e7\u00f6r\u0259k g\u0259tir\u0259n ma\u015f\u0131n t\u0259min edir ki, bu ma\u015f\u0131nda da ancaq bir s\u0259rni\u015fin \u00fc\u00e7\u00fcn yer var. Barekamavanl\u0131lar deyir ki, s\u00fcr\u00fcc\u00fc \u00e7ox xeyirxah adamd\u0131r. Onun s\u0259rni\u015fin da\u015f\u0131maq icaz\u0259si olmasa da, h\u0259mi\u015f\u0259 kimis\u0259 Noyemberyana, \u00f6z\u00fc d\u0259 pulsuz aparma\u011fa raz\u0131l\u0131q verir.<\/span><\/p>\n<p style=\"text-align: center;\"><span style=\"font-size: 14pt; color: #993300;\"><strong>Bir az Barekamavan haqq\u0131nda<\/strong><\/span><\/p>\n<p><span style=\"font-size: 12pt;\">Barekamavan k\u0259ndinin b\u00fcdc\u0259si 6 milyon 500 min dram (14 min dollara yax\u0131n) t\u0259\u015fkil edir. \u018flav\u0259 3 milyon 600 min dram\u0131 (7500 dollar) k\u0259nd\u0259 M\u00fcdafi\u0259 Nazirliyi verir v\u0259 b\u00fct\u00fcn bu v\u0259sait \u0259laq\u0259 v\u0259 elektrik enerjisin\u0259 x\u0259rcl\u0259nir. B\u00fcdc\u0259 v\u0259saiti il\u0259 is\u0259 ancaq k\u0259nd administrasiyas\u0131ndak\u0131 be\u015f i\u015f yeri t\u0259min olunur. Ba\u015fqa h\u0259r hans\u0131 m\u0259qs\u0259d\u0259 v\u0259sait \u00e7atm\u0131r.<\/span><\/p>\n<div><img decoding=\"async\" src=\"http:\/\/jam-news.net\/Uploads\/Publication\/1850\/ContentImages\/az-Latn-AZ\/Barek_bolorov_nstatz.jpg\" \/><\/div>\n<p><span style=\"font-size: 12pt;\">K\u0259ndin b\u00fct\u00fcn var-d\u00f6vl\u0259ti irad\u0259li sakinl\u0259rdir. K\u0259ndd\u0259 ba\u015fqa he\u00e7 n\u0259 yoxdur: n\u0259 \u015fadl\u0131q evi, n\u0259 kitabxana, n\u0259 u\u015faq ba\u011f\u00e7as\u0131. H\u0259tta k\u0259nd administrasiyas\u0131n\u0131n balaca binas\u0131 ac\u0131nacaql\u0131 v\u0259ziyy\u0259td\u0259dir v\u0259 t\u0259mir\u0259 ehtiyac\u0131 var.<\/span><\/p>\n<p><span style=\"font-size: 12pt;\">\u201cS\u0259kkiz illik t\u0259cr\u00fcb\u0259m onu g\u00f6st\u0259rir ki, yerli \u00f6z\u00fcn\u00fcidar\u0259etm\u0259 k\u0259ndin rolunu art\u0131r\u0131r, \u00e7\u00fcnki biz \u00f6z\u00fcm\u00fcz nazirlikl\u0259rin qar\u015f\u0131s\u0131nda probleml\u0259rimizi qald\u0131r\u0131r\u0131q v\u0259 m\u00fcsb\u0259t n\u0259tic\u0259l\u0259r \u0259ld\u0259 edirik. Misal \u00fc\u00e7\u00fcn, sovet ill\u0259rind\u0259 k\u0259nd\u0259 qaz \u00e7\u0259kilm\u0259mi\u015fdi, indi is\u0259 qaz\u0131n \u00e7\u0259kilm\u0259si ba\u015fa \u00e7at\u0131b.<\/span><\/p>\n<p><span style=\"font-size: 12pt;\">Birl\u0259\u015fdirm\u0259 ba\u015f verdiyi halda d\u00fc\u015f\u00fcn\u00fcr\u0259m ki, iri icman\u0131n t\u0259rkibind\u0259 x\u0131rdalar\u0131n \u00e7\u0259tin ki, a\u011fsaqallar \u015furas\u0131nda \u00f6z n\u00fcmay\u0259nd\u0259l\u0259ri olsun, \u00e7\u00fcnki bizim c\u0259mi 10 se\u00e7icimiz var, birliyin dig\u0259r hiss\u0259l\u0259rind\u0259, misal \u00fc\u00e7\u00fcn, Noyemberyanda 3000-d\u0259n \u00e7ox, Berdavan icmas\u0131nda 2000-d\u0259n \u00e7ox se\u00e7ici var, &#8211; Barekamavan\u0131n r\u0259hb\u0259ri Qarik Abazyan deyir.<\/span><\/p>\n<div><img loading=\"lazy\" decoding=\"async\" class=\"alignnone wp-image-42941 size-full\" src=\"http:\/\/jam-news.net\/app\/uploads\/2016\/07\/Barek_Garik-Abazyan.jpg\" width=\"1000\" height=\"563\" \/><\/div>\n<p style=\"text-align: center;\"><span style=\"font-size: 14pt; color: #993300;\"><strong>Ke\u00e7mi\u015f ac\u0131 t\u0259cr\u00fcb\u0259<\/strong><\/span><\/p>\n<p><span style=\"font-size: 12pt;\">Barekamavan icmas\u0131n\u0131n ke\u00e7mi\u015fd\u0259 art\u0131q birl\u0259\u015fm\u0259 t\u0259cr\u00fcb\u0259si olub. H\u0259l\u0259 60-c\u0131 ill\u0259rd\u0259 k\u0259nd Koti icmas\u0131na birl\u0259\u015fdirilib. Sakinl\u0259r deyir ki, bu birl\u0259\u015fm\u0259 he\u00e7 bir yax\u015f\u0131 n\u0259tic\u0259 verm\u0259di.<\/span><\/p>\n<p><span style=\"font-size: 12pt;\">M\u0259hz buna g\u00f6r\u0259 d\u0259 barekamavanl\u0131lar bir ne\u00e7\u0259 g\u00fcn bundan \u0259vv\u0259l Noyemberyanda ke\u00e7\u0259n birl\u0259\u015fm\u0259y\u0259 qar\u015f\u0131 etiraz aksiyas\u0131nda f\u0259al i\u015ftirak etdil\u0259r. Aksiya i\u015ftirak\u00e7\u0131lar\u0131 aras\u0131nda Barekamavan r\u0259hb\u0259rinin m\u00fcavini Conik Mikaelyan da vard\u0131:<\/span><\/p>\n<p><span style=\"font-size: 12pt;\">\u201cBunun faydas\u0131 o m\u0259nada yox idi ki, k\u0259nd sakinl\u0259ri \u0259ziyy\u0259t \u00e7\u0259kirdi. Koti bizd\u0259n 10 kilometr aral\u0131da yerl\u0259\u015fir v\u0259 biz b\u00fct\u00fcn m\u0259s\u0259l\u0259l\u0259r\u0259 g\u00f6r\u0259 Kotiy\u0259 gedirdik, bu \u00e7\u0259tin idi. \u0130ndi d\u0259 eyni \u015fey ba\u015f verir, amma probleml\u0259r bir az da artacaq.<\/span><\/p>\n<p style=\"text-align: center;\"><span style=\"font-size: 14pt; color: #993300;\"><strong>Konstitusiya pozulur<\/strong><\/span><\/p>\n<p><span style=\"font-size: 12pt;\">\u00d6lk\u0259 Konstitusiyas\u0131n\u0131n 190-c\u0131 madd\u0259sind\u0259 (Yeli \u00f6z\u00fcn\u00fcidar\u0259etm\u0259, 9-cu f\u0259sil, icmalar\u0131n birl\u0259\u015fdirilm\u0259si v\u0259 b\u00f6l\u00fcnm\u0259si) qeyd edilir: ictimai maraqlardan \u00e7\u0131x\u0131\u015f ed\u0259r\u0259k, icmalar qanuna uy\u011fun olaraq, birl\u0259\u015fdiril\u0259 v\u0259 ayr\u0131la bil\u0259r. Milli y\u0131\u011f\u0131ncaq m\u00fcvafiq qanunu q\u0259bul ed\u0259rk\u0259n, h\u0259min icmalar\u0131n fikrini n\u0259z\u0259r\u0259 almal\u0131d\u0131r.<\/span><\/p>\n<p><span style=\"font-size: 12pt;\">Barekamavan\u0131n \u0259ks\u0259r sakinl\u0259rinin konstitusiyan\u0131n bu b\u0259ndind\u0259n x\u0259b\u0259ri var. Qanunun bu m\u00fcdd\u0259as\u0131 pozulub, \u00e7\u00fcnki Barekamavan sakinl\u0259ri, birincisi, h\u0259min q\u0259rar bar\u0259d\u0259 m\u0259lumatland\u0131r\u0131lmay\u0131b, ikincisi, onlar\u0131n fikrini n\u0259inki n\u0259z\u0259r\u0259 almay\u0131blar, onlardan he\u00e7 x\u0259b\u0259r alan da olmay\u0131b.<\/span><\/p>\n<p><span style=\"font-size: 12pt;\">\u201cOla bilsin, birl\u0259\u015fdirm\u0259 yax\u015f\u0131d\u0131r, bilmir\u0259m, biz\u0259 konkret m\u0259lumat verm\u0259yibl\u0259r, he\u00e7 bir informas\u0131yam\u0131z yoxdur. Haz\u0131rda sakinl\u0259r k\u0259ndd\u0259 imza toplay\u0131rlar, baxaq g\u00f6r\u0259k kim lehin\u0259dir, kim \u0259leyhin\u0259, sonras\u0131 nec\u0259 olacaq.<\/span><\/p>\n<p><span style=\"font-size: 12pt;\">Bu imzalar\u0131 biz prezident Serj Sarqsyana g\u00f6nd\u0259r\u0259c\u0259yik. D\u00fc\u015f\u00fcn\u00fcr\u00fck ki, fikrimizi n\u0259z\u0259r\u0259 alacaqlar. \u0130lk n\u00f6vb\u0259d\u0259, fikrimizin, xalq\u0131n fikrinin n\u0259z\u0259r\u0259 al\u0131nmas\u0131n\u0131 ist\u0259yirik. Burada ya\u015fayan bizik, n\u0259yin bizim \u00fc\u00e7\u00fcn yax\u015f\u0131, n\u0259yin pis oldu\u011funu biz daha yax\u015f\u0131 bilirik. Xahi\u015f edirik bizim, x\u00fcsus\u0259n d\u0259 s\u0259rh\u0259dyan\u0131 statusumuzla ba\u011fl\u0131 olaraq, yana\u015fmam\u0131z\u0131 n\u0259z\u0259r\u0259 als\u0131nlar, &#8211; k\u0259nd r\u0259hb\u0259rinin m\u00fcavini Conik Mikaelyan deyir.<\/span><\/p>\n<p><img loading=\"lazy\" decoding=\"async\" class=\"alignnone wp-image-42942 size-full\" src=\"http:\/\/jam-news.net\/app\/uploads\/2016\/07\/Barek_Jonik-Miqayelyan.jpg\" width=\"1000\" height=\"563\" \/><\/p>\n<p><span style=\"font-size: 12pt;\">Barekamavan sakini Qrant Abazyan deyir ki, onun \u00f6z\u00fcn\u00fc v\u0259 b\u00fct\u00fcn k\u0259ndlil\u0259ri daha \u00e7ox informasiyan\u0131n olmamas\u0131 fakt\u0131 \u0259s\u0259bil\u0259\u015fdirir:<\/span><\/p>\n<p><span style=\"font-size: 12pt;\">\u201cOla bilsin, bu yax\u015f\u0131 proqramd\u0131r, amma k\u0259ndlil\u0259r kifay\u0259t q\u0259d\u0259r m\u0259lumatland\u0131r\u0131lmay\u0131b. Layih\u0259y\u0259 ba\u015flamazdan \u0259vv\u0259l ciddi m\u00fct\u0259x\u0259ssisl\u0259ri haz\u0131rlaya, k\u0259nd\u0259 g\u00f6nd\u0259r\u0259, b\u00fct\u00fcn m\u0259nfi v\u0259 m\u00fcsb\u0259t t\u0259r\u0259fl\u0259r haqq\u0131nda dan\u0131\u015fa bil\u0259rdil\u0259r, bundan da \u00e7\u0131x\u0131\u015f ed\u0259r\u0259k, insanlar q\u0259rar ver\u0259rdil\u0259r. B\u0259lk\u0259 k\u00f6n\u00fcll\u00fc \u015f\u0259kild\u0259 birl\u0259\u015fm\u0259y\u0259 d\u0259 raz\u0131l\u0131q ver\u0259rdil\u0259r. El\u0259 deyil ki, h\u00f6kum\u0259t bizim yax\u015f\u0131l\u0131\u011f\u0131m\u0131z\u0131 ist\u0259yir, bizs\u0259 yox. \u0130lk n\u00f6vb\u0259d\u0259, biz \u00f6z yax\u015f\u0131l\u0131\u011f\u0131m\u0131z\u0131 ist\u0259yirik, sonra da onlar.<\/span><\/p>\n<p><span style=\"font-size: 12pt;\">Qrant Abazyan deyir ki, bir ne\u00e7\u0259 g\u00fcn bundan \u0259vv\u0259l k\u0259nd sakinl\u0259ri \u0259razi idar\u0259etm\u0259si v\u0259 inki\u015faf\u0131 naziri David Lokyanla g\u00f6r\u00fc\u015f zaman\u0131 ona b\u00fct\u00fcn iradlar\u0131n\u0131 v\u0259 suallar\u0131n\u0131 veribl\u0259r. Amma ist\u0259dikl\u0259ri cavab\u0131 almay\u0131blar.<\/span><\/p>\n<p><span style=\"font-size: 12pt;\">\u201cYuxar\u0131dan g\u0259l\u0259n h\u0259r bir adam onlar\u0131n adam\u0131d\u0131r. Ax\u0131 o dey\u0259n deyil ki, b\u0259li, proqram pisdir. \u018fksin\u0259, onlar \u00f6zl\u0259rin\u0259 b\u0259ra\u0259t qazand\u0131racaq, h\u0259r bir x\u0131rda \u015feyi b\u0259z\u0259y\u0259c\u0259k \u2013 \u00f6z\u00fc d\u0259 ancaq m\u00fcsb\u0259t t\u0259r\u0259fd\u0259n, \u0259slind\u0259 oldu\u011fu kimi yox. Bununla bel\u0259, xalq inanm\u0131r, kimd\u0259n ist\u0259s\u0259z soru\u015fun, &#8211; Barekamavan sakini Qrant Abazyan deyir.<\/span><\/p>\n<p style=\"text-align: center;\"><span style=\"font-size: 14pt; color: #993300;\"><strong>Qon\u015fular da etiraz edir<\/strong><\/span><\/p>\n<p><span style=\"font-size: 12pt;\">\u0130mza toplanmas\u0131 ancaq Barekamavanda deyil, Tavu\u015f rayonunun dig\u0259r icmalar\u0131nda da apar\u0131l\u0131r.<\/span><\/p>\n<div><img decoding=\"async\" src=\"http:\/\/jam-news.net\/Uploads\/Publication\/1850\/ContentImages\/az-Latn-AZ\/Barek_storagrahavaq.jpg\" \/><\/div>\n<p><span style=\"font-size: 12pt;\">Barekamavan k\u0259nd r\u0259hb\u0259ri Qarik Abazyan qeyd edir ki, bu m\u0259s\u0259l\u0259 bel\u0259 q\u0259fild\u0259n qald\u0131r\u0131lmasayd\u0131, bu q\u0259d\u0259r s\u0259s-k\u00fcy\u0259 s\u0259b\u0259b olmazd\u0131:<\/span><\/p>\n<p><span style=\"font-size: 12pt;\">\u201cBel\u0259 \u00e7\u0131x\u0131r ki, insan s\u0259h\u0259r yuxudan oyan\u0131b, art\u0131q ba\u015fqa icmada ya\u015fad\u0131\u011f\u0131n\u0131 \u00f6yr\u0259nir? \u0130ndi faktiki olaraq el\u0259 bel\u0259 d\u0259 al\u0131n\u0131r. Yerli \u00f6z\u00fcn\u00fcidaretm\u0259 bizim icmam\u0131z kimi icmalar\u0131 g\u00fccl\u0259ndirir, birl\u0259\u015fdirm\u0259 is\u0259 z\u0259ifl\u0259dir.<\/span><\/p>\n<p><span style=\"font-size: 12pt;\">S\u0259lahiyy\u0259tli n\u00fcmay\u0259nd\u0259nin hans\u0131 h\u00fcquqlar\u0131 var? Onlar y\u00fcz faiz se\u00e7il\u0259n k\u0259nd r\u0259hb\u0259rind\u0259ki kimi olmayacaq. Bizim icmam\u0131z kimi icmalarda r\u0259hb\u0259rl\u0259r v\u0259zif\u0259l\u0259ri \u00e7\u0259r\u00e7iv\u0259sind\u0259n \u00e7\u0131xan bir \u00e7ox i\u015fl\u0259r g\u00f6r\u00fcr. Misal \u00fc\u00e7\u00fcn, icma r\u0259hb\u0259ri h\u0259r ail\u0259 \u00fc\u00e7\u00fcn s\u0259hiyy\u0259 m\u0259s\u0259l\u0259l\u0259rini h\u0259ll edir. O, bir sakinin i\u015fi il\u0259 ba\u011fl\u0131 Yerevana bir-iki g\u00fcnl\u00fck s\u0259hiyy\u0259 probleml\u0259rini, yard\u0131m\u0131n verilm\u0259si m\u0259s\u0259l\u0259l\u0259rini h\u0259ll etm\u0259k \u00fc\u00e7\u00fcn ged\u0259 bil\u0259r v\u0259 s.<\/span><\/p>\n<p><span style=\"font-size: 12pt;\">Demir\u0259m ki, birl\u0259\u015fmi\u015f icma r\u0259hb\u0259ri bunlar\u0131 etm\u0259y\u0259c\u0259k v\u0259 ya pis olacaq. Sad\u0259c\u0259 onun fiziki olaraq, h\u0259dd\u0259n art\u0131q i\u015fl\u0259 y\u00fckl\u0259ndiyi \u00fc\u00e7\u00fcn bununla m\u0259\u015f\u011ful olmaq imkan\u0131 olmayacaq. Burada v\u0259zif\u0259 u\u011frunda deyil, icman\u0131n rahat ya\u015fay\u0131\u015f\u0131 u\u011frunda m\u00fcbariz\u0259 gedir.<\/span><\/p>\n<div><\/div>\n<p><span style=\"font-size: 10pt; color: #993300;\"><strong>D\u0259rc edilib: 01.07.2016<\/strong><\/span><\/p>\n","protected":false},"excerpt":{"rendered":"<p>He\u00e7 kim bir k\u0259ndd\u0259 yat\u0131b, ba\u015fqa k\u0259ndd\u0259 oyanmaq ist\u0259mir<\/p>\n","protected":false},"author":3,"featured_media":19153,"comment_status":"open","ping_status":"open","sticky":false,"template":"","format":"standard","meta":{"_acf_changed":false,"footnotes":""},"categories":[27,2,25,62,46,36],"tags":[],"formation":[],"post-author":[3741],"topic":[],"tooltip":[],"city":[],"class_list":["post-3986","post","type-post","status-publish","format-standard","has-post-thumbnail","hentry","category-ermnistan","category-cografiya","category-cmiyyt","category-lifestyle","category-fotohvalat","category-multimedia","post-author-emma-petrosyan"],"acf":[],"yoast_head":"<!-- This site is optimized with the Yoast SEO plugin v24.1 - https:\/\/yoast.com\/wordpress\/plugins\/seo\/ -->\n<title>\u0130nsanlar etiraz edir! V\u0259ssalam - JAMnews<\/title>\n<meta name=\"robots\" content=\"index, follow, max-snippet:-1, max-image-preview:large, max-video-preview:-1\" \/>\n<link rel=\"canonical\" href=\"https:\/\/jam-news.net\/az\/insanlar-etiraz-edir-v\u0259ssalam\/\" \/>\n<meta property=\"og:locale\" content=\"az_AZ\" \/>\n<meta property=\"og:type\" content=\"article\" \/>\n<meta property=\"og:title\" content=\"\u0130nsanlar etiraz edir! V\u0259ssalam - JAMnews\" \/>\n<meta property=\"og:description\" content=\"He\u00e7 kim bir k\u0259ndd\u0259 yat\u0131b, ba\u015fqa k\u0259ndd\u0259 oyanmaq ist\u0259mir\" \/>\n<meta property=\"og:url\" content=\"https:\/\/jam-news.net\/az\/insanlar-etiraz-edir-v\u0259ssalam\/\" \/>\n<meta property=\"og:site_name\" content=\"Azerbaijani Jamnews\" \/>\n<meta property=\"article:publisher\" content=\"https:\/\/www.facebook.com\/JAMnewsInEnglish\/\" \/>\n<meta property=\"article:published_time\" content=\"2016-07-01T00:00:00+00:00\" \/>\n<meta property=\"article:modified_time\" content=\"2020-03-18T10:53:01+00:00\" \/>\n<meta property=\"og:image\" content=\"https:\/\/jam-news.net\/app\/uploads\/2020\/03\/Barek_exit-3.jpg\" \/>\n\t<meta property=\"og:image:width\" content=\"1000\" \/>\n\t<meta property=\"og:image:height\" content=\"563\" \/>\n\t<meta property=\"og:image:type\" content=\"image\/jpeg\" \/>\n<meta name=\"author\" content=\"JAMnews\" \/>\n<meta name=\"twitter:card\" content=\"summary_large_image\" \/>\n<meta name=\"twitter:creator\" content=\"@JAMnewsCaucasus\" \/>\n<meta name=\"twitter:site\" content=\"@JAMnewsCaucasus\" \/>\n<meta name=\"twitter:label1\" content=\"Written by\" \/>\n\t<meta name=\"twitter:data1\" content=\"JAMnews\" \/>\n\t<meta name=\"twitter:label2\" content=\"Est. reading time\" \/>\n\t<meta name=\"twitter:data2\" content=\"9 minutes\" \/>\n<script type=\"application\/ld+json\" class=\"yoast-schema-graph\">{\"@context\":\"https:\/\/schema.org\",\"@graph\":[{\"@type\":\"Article\",\"@id\":\"https:\/\/jam-news.net\/az\/insanlar-etiraz-edir-v%c9%99ssalam\/#article\",\"isPartOf\":{\"@id\":\"https:\/\/jam-news.net\/az\/insanlar-etiraz-edir-v%c9%99ssalam\/\"},\"author\":{\"name\":\"JAMnews\",\"@id\":\"https:\/\/jam-news.net\/az\/#\/schema\/person\/67df3bb7adb46cd513fb9c4cb02361c6\"},\"headline\":\"\u0130nsanlar etiraz edir! V\u0259ssalam\",\"datePublished\":\"2016-07-01T00:00:00+00:00\",\"dateModified\":\"2020-03-18T10:53:01+00:00\",\"mainEntityOfPage\":{\"@id\":\"https:\/\/jam-news.net\/az\/insanlar-etiraz-edir-v%c9%99ssalam\/\"},\"wordCount\":1888,\"commentCount\":0,\"publisher\":{\"@id\":\"https:\/\/jam-news.net\/az\/#organization\"},\"image\":{\"@id\":\"https:\/\/jam-news.net\/az\/insanlar-etiraz-edir-v%c9%99ssalam\/#primaryimage\"},\"thumbnailUrl\":\"https:\/\/jam-news.net\/app\/uploads\/2020\/03\/Barek_exit-3.jpg\",\"articleSection\":[\"Armenia\",\"Geography\",\"Issues\",\"Lifestyle\",\"Photo\",\"Photo\/Video\"],\"inLanguage\":\"az\"},{\"@type\":\"WebPage\",\"@id\":\"https:\/\/jam-news.net\/az\/insanlar-etiraz-edir-v%c9%99ssalam\/\",\"url\":\"https:\/\/jam-news.net\/az\/insanlar-etiraz-edir-v%c9%99ssalam\/\",\"name\":\"\u0130nsanlar etiraz edir! V\u0259ssalam - JAMnews\",\"isPartOf\":{\"@id\":\"https:\/\/jam-news.net\/az\/#website\"},\"primaryImageOfPage\":{\"@id\":\"https:\/\/jam-news.net\/az\/insanlar-etiraz-edir-v%c9%99ssalam\/#primaryimage\"},\"image\":{\"@id\":\"https:\/\/jam-news.net\/az\/insanlar-etiraz-edir-v%c9%99ssalam\/#primaryimage\"},\"thumbnailUrl\":\"https:\/\/jam-news.net\/app\/uploads\/2020\/03\/Barek_exit-3.jpg\",\"datePublished\":\"2016-07-01T00:00:00+00:00\",\"dateModified\":\"2020-03-18T10:53:01+00:00\",\"breadcrumb\":{\"@id\":\"https:\/\/jam-news.net\/az\/insanlar-etiraz-edir-v%c9%99ssalam\/#breadcrumb\"},\"inLanguage\":\"az\",\"potentialAction\":[{\"@type\":\"ReadAction\",\"target\":[\"https:\/\/jam-news.net\/az\/insanlar-etiraz-edir-v%c9%99ssalam\/\"]}]},{\"@type\":\"ImageObject\",\"inLanguage\":\"az\",\"@id\":\"https:\/\/jam-news.net\/az\/insanlar-etiraz-edir-v%c9%99ssalam\/#primaryimage\",\"url\":\"https:\/\/jam-news.net\/app\/uploads\/2020\/03\/Barek_exit-3.jpg\",\"contentUrl\":\"https:\/\/jam-news.net\/app\/uploads\/2020\/03\/Barek_exit-3.jpg\",\"width\":1000,\"height\":563},{\"@type\":\"BreadcrumbList\",\"@id\":\"https:\/\/jam-news.net\/az\/insanlar-etiraz-edir-v%c9%99ssalam\/#breadcrumb\",\"itemListElement\":[{\"@type\":\"ListItem\",\"position\":1,\"name\":\"Home\",\"item\":\"https:\/\/jam-news.net\/az\/\"},{\"@type\":\"ListItem\",\"position\":2,\"name\":\"\u0130nsanlar etiraz edir! V\u0259ssalam\"}]},{\"@type\":\"WebSite\",\"@id\":\"https:\/\/jam-news.net\/az\/#website\",\"url\":\"https:\/\/jam-news.net\/az\/\",\"name\":\"Azerbaijani Jamnews\",\"description\":\"Caucasus News, Politics and Society\",\"publisher\":{\"@id\":\"https:\/\/jam-news.net\/az\/#organization\"},\"potentialAction\":[{\"@type\":\"SearchAction\",\"target\":{\"@type\":\"EntryPoint\",\"urlTemplate\":\"https:\/\/jam-news.net\/az\/?s={search_term_string}\"},\"query-input\":{\"@type\":\"PropertyValueSpecification\",\"valueRequired\":true,\"valueName\":\"search_term_string\"}}],\"inLanguage\":\"az\"},{\"@type\":\"Organization\",\"@id\":\"https:\/\/jam-news.net\/az\/#organization\",\"name\":\"JAMnews\",\"url\":\"https:\/\/jam-news.net\/az\/\",\"logo\":{\"@type\":\"ImageObject\",\"inLanguage\":\"az\",\"@id\":\"https:\/\/jam-news.net\/az\/#\/schema\/logo\/image\/\",\"url\":\"https:\/\/jam-news.net\/app\/uploads\/2020\/05\/JAM_w.jpg\",\"contentUrl\":\"https:\/\/jam-news.net\/app\/uploads\/2020\/05\/JAM_w.jpg\",\"width\":960,\"height\":960,\"caption\":\"JAMnews\"},\"image\":{\"@id\":\"https:\/\/jam-news.net\/az\/#\/schema\/logo\/image\/\"},\"sameAs\":[\"https:\/\/www.facebook.com\/JAMnewsInEnglish\/\",\"https:\/\/x.com\/JAMnewsCaucasus\",\"https:\/\/www.instagram.com\/jam_news\/\",\"https:\/\/www.youtube.com\/channel\/UCXQbUCme2pykuZYXWHx4VPg\"]},{\"@type\":\"Person\",\"@id\":\"https:\/\/jam-news.net\/az\/#\/schema\/person\/67df3bb7adb46cd513fb9c4cb02361c6\",\"name\":\"JAMnews\",\"image\":{\"@type\":\"ImageObject\",\"inLanguage\":\"az\",\"@id\":\"https:\/\/jam-news.net\/az\/#\/schema\/person\/image\/\",\"url\":\"https:\/\/secure.gravatar.com\/avatar\/e5c27593ef900c3ab3deed4ed1c653d7?s=96&d=mm&r=g\",\"contentUrl\":\"https:\/\/secure.gravatar.com\/avatar\/e5c27593ef900c3ab3deed4ed1c653d7?s=96&d=mm&r=g\",\"caption\":\"JAMnews\"},\"url\":\"https:\/\/jam-news.net\/az\/author\/margarita\/\"}]}<\/script>\n<!-- \/ Yoast SEO plugin. -->","yoast_head_json":{"title":"\u0130nsanlar etiraz edir! V\u0259ssalam - JAMnews","robots":{"index":"index","follow":"follow","max-snippet":"max-snippet:-1","max-image-preview":"max-image-preview:large","max-video-preview":"max-video-preview:-1"},"canonical":"https:\/\/jam-news.net\/az\/insanlar-etiraz-edir-v\u0259ssalam\/","og_locale":"az_AZ","og_type":"article","og_title":"\u0130nsanlar etiraz edir! V\u0259ssalam - JAMnews","og_description":"He\u00e7 kim bir k\u0259ndd\u0259 yat\u0131b, ba\u015fqa k\u0259ndd\u0259 oyanmaq ist\u0259mir","og_url":"https:\/\/jam-news.net\/az\/insanlar-etiraz-edir-v\u0259ssalam\/","og_site_name":"Azerbaijani Jamnews","article_publisher":"https:\/\/www.facebook.com\/JAMnewsInEnglish\/","article_published_time":"2016-07-01T00:00:00+00:00","article_modified_time":"2020-03-18T10:53:01+00:00","og_image":[{"width":1000,"height":563,"url":"https:\/\/jam-news.net\/app\/uploads\/2020\/03\/Barek_exit-3.jpg","type":"image\/jpeg"}],"author":"JAMnews","twitter_card":"summary_large_image","twitter_creator":"@JAMnewsCaucasus","twitter_site":"@JAMnewsCaucasus","twitter_misc":{"Written by":"JAMnews","Est. reading time":"9 minutes"},"schema":{"@context":"https:\/\/schema.org","@graph":[{"@type":"Article","@id":"https:\/\/jam-news.net\/az\/insanlar-etiraz-edir-v%c9%99ssalam\/#article","isPartOf":{"@id":"https:\/\/jam-news.net\/az\/insanlar-etiraz-edir-v%c9%99ssalam\/"},"author":{"name":"JAMnews","@id":"https:\/\/jam-news.net\/az\/#\/schema\/person\/67df3bb7adb46cd513fb9c4cb02361c6"},"headline":"\u0130nsanlar etiraz edir! V\u0259ssalam","datePublished":"2016-07-01T00:00:00+00:00","dateModified":"2020-03-18T10:53:01+00:00","mainEntityOfPage":{"@id":"https:\/\/jam-news.net\/az\/insanlar-etiraz-edir-v%c9%99ssalam\/"},"wordCount":1888,"commentCount":0,"publisher":{"@id":"https:\/\/jam-news.net\/az\/#organization"},"image":{"@id":"https:\/\/jam-news.net\/az\/insanlar-etiraz-edir-v%c9%99ssalam\/#primaryimage"},"thumbnailUrl":"https:\/\/jam-news.net\/app\/uploads\/2020\/03\/Barek_exit-3.jpg","articleSection":["Armenia","Geography","Issues","Lifestyle","Photo","Photo\/Video"],"inLanguage":"az"},{"@type":"WebPage","@id":"https:\/\/jam-news.net\/az\/insanlar-etiraz-edir-v%c9%99ssalam\/","url":"https:\/\/jam-news.net\/az\/insanlar-etiraz-edir-v%c9%99ssalam\/","name":"\u0130nsanlar etiraz edir! V\u0259ssalam - JAMnews","isPartOf":{"@id":"https:\/\/jam-news.net\/az\/#website"},"primaryImageOfPage":{"@id":"https:\/\/jam-news.net\/az\/insanlar-etiraz-edir-v%c9%99ssalam\/#primaryimage"},"image":{"@id":"https:\/\/jam-news.net\/az\/insanlar-etiraz-edir-v%c9%99ssalam\/#primaryimage"},"thumbnailUrl":"https:\/\/jam-news.net\/app\/uploads\/2020\/03\/Barek_exit-3.jpg","datePublished":"2016-07-01T00:00:00+00:00","dateModified":"2020-03-18T10:53:01+00:00","breadcrumb":{"@id":"https:\/\/jam-news.net\/az\/insanlar-etiraz-edir-v%c9%99ssalam\/#breadcrumb"},"inLanguage":"az","potentialAction":[{"@type":"ReadAction","target":["https:\/\/jam-news.net\/az\/insanlar-etiraz-edir-v%c9%99ssalam\/"]}]},{"@type":"ImageObject","inLanguage":"az","@id":"https:\/\/jam-news.net\/az\/insanlar-etiraz-edir-v%c9%99ssalam\/#primaryimage","url":"https:\/\/jam-news.net\/app\/uploads\/2020\/03\/Barek_exit-3.jpg","contentUrl":"https:\/\/jam-news.net\/app\/uploads\/2020\/03\/Barek_exit-3.jpg","width":1000,"height":563},{"@type":"BreadcrumbList","@id":"https:\/\/jam-news.net\/az\/insanlar-etiraz-edir-v%c9%99ssalam\/#breadcrumb","itemListElement":[{"@type":"ListItem","position":1,"name":"Home","item":"https:\/\/jam-news.net\/az\/"},{"@type":"ListItem","position":2,"name":"\u0130nsanlar etiraz edir! V\u0259ssalam"}]},{"@type":"WebSite","@id":"https:\/\/jam-news.net\/az\/#website","url":"https:\/\/jam-news.net\/az\/","name":"Azerbaijani Jamnews","description":"Caucasus News, Politics and Society","publisher":{"@id":"https:\/\/jam-news.net\/az\/#organization"},"potentialAction":[{"@type":"SearchAction","target":{"@type":"EntryPoint","urlTemplate":"https:\/\/jam-news.net\/az\/?s={search_term_string}"},"query-input":{"@type":"PropertyValueSpecification","valueRequired":true,"valueName":"search_term_string"}}],"inLanguage":"az"},{"@type":"Organization","@id":"https:\/\/jam-news.net\/az\/#organization","name":"JAMnews","url":"https:\/\/jam-news.net\/az\/","logo":{"@type":"ImageObject","inLanguage":"az","@id":"https:\/\/jam-news.net\/az\/#\/schema\/logo\/image\/","url":"https:\/\/jam-news.net\/app\/uploads\/2020\/05\/JAM_w.jpg","contentUrl":"https:\/\/jam-news.net\/app\/uploads\/2020\/05\/JAM_w.jpg","width":960,"height":960,"caption":"JAMnews"},"image":{"@id":"https:\/\/jam-news.net\/az\/#\/schema\/logo\/image\/"},"sameAs":["https:\/\/www.facebook.com\/JAMnewsInEnglish\/","https:\/\/x.com\/JAMnewsCaucasus","https:\/\/www.instagram.com\/jam_news\/","https:\/\/www.youtube.com\/channel\/UCXQbUCme2pykuZYXWHx4VPg"]},{"@type":"Person","@id":"https:\/\/jam-news.net\/az\/#\/schema\/person\/67df3bb7adb46cd513fb9c4cb02361c6","name":"JAMnews","image":{"@type":"ImageObject","inLanguage":"az","@id":"https:\/\/jam-news.net\/az\/#\/schema\/person\/image\/","url":"https:\/\/secure.gravatar.com\/avatar\/e5c27593ef900c3ab3deed4ed1c653d7?s=96&d=mm&r=g","contentUrl":"https:\/\/secure.gravatar.com\/avatar\/e5c27593ef900c3ab3deed4ed1c653d7?s=96&d=mm&r=g","caption":"JAMnews"},"url":"https:\/\/jam-news.net\/az\/author\/margarita\/"}]}},"_links":{"self":[{"href":"https:\/\/jam-news.net\/az\/wp-json\/wp\/v2\/posts\/3986","targetHints":{"allow":["GET"]}}],"collection":[{"href":"https:\/\/jam-news.net\/az\/wp-json\/wp\/v2\/posts"}],"about":[{"href":"https:\/\/jam-news.net\/az\/wp-json\/wp\/v2\/types\/post"}],"author":[{"embeddable":true,"href":"https:\/\/jam-news.net\/az\/wp-json\/wp\/v2\/users\/3"}],"replies":[{"embeddable":true,"href":"https:\/\/jam-news.net\/az\/wp-json\/wp\/v2\/comments?post=3986"}],"version-history":[{"count":1,"href":"https:\/\/jam-news.net\/az\/wp-json\/wp\/v2\/posts\/3986\/revisions"}],"predecessor-version":[{"id":16225,"href":"https:\/\/jam-news.net\/az\/wp-json\/wp\/v2\/posts\/3986\/revisions\/16225"}],"wp:featuredmedia":[{"embeddable":true,"href":"https:\/\/jam-news.net\/az\/wp-json\/wp\/v2\/media\/19153"}],"wp:attachment":[{"href":"https:\/\/jam-news.net\/az\/wp-json\/wp\/v2\/media?parent=3986"}],"wp:term":[{"taxonomy":"category","embeddable":true,"href":"https:\/\/jam-news.net\/az\/wp-json\/wp\/v2\/categories?post=3986"},{"taxonomy":"post_tag","embeddable":true,"href":"https:\/\/jam-news.net\/az\/wp-json\/wp\/v2\/tags?post=3986"},{"taxonomy":"formation","embeddable":true,"href":"https:\/\/jam-news.net\/az\/wp-json\/wp\/v2\/formation?post=3986"},{"taxonomy":"post-author","embeddable":true,"href":"https:\/\/jam-news.net\/az\/wp-json\/wp\/v2\/post-author?post=3986"},{"taxonomy":"topic","embeddable":true,"href":"https:\/\/jam-news.net\/az\/wp-json\/wp\/v2\/topic?post=3986"},{"taxonomy":"tooltip","embeddable":true,"href":"https:\/\/jam-news.net\/az\/wp-json\/wp\/v2\/tooltip?post=3986"},{"taxonomy":"city","embeddable":true,"href":"https:\/\/jam-news.net\/az\/wp-json\/wp\/v2\/city?post=3986"}],"curies":[{"name":"wp","href":"https:\/\/api.w.org\/{rel}","templated":true}]}}