{"id":3970,"date":"2016-06-25T00:00:00","date_gmt":"2016-06-25T00:00:00","guid":{"rendered":"http:\/\/jam-news.net\/az\/roma-papasi-erm%c9%99nistanda\/"},"modified":"2020-03-18T10:52:53","modified_gmt":"2020-03-18T10:52:53","slug":"roma-papasi-erm%c9%99nistanda","status":"publish","type":"post","link":"https:\/\/jam-news.net\/az\/roma-papasi-erm%c9%99nistanda\/","title":{"rendered":"Roma Papas\u0131 Erm\u0259nistanda"},"content":{"rendered":"<p><span style=\"font-size: 10pt; color: #800000;\"><strong>25.06.2016 \u00a0 \u00a0 19:00<\/strong><\/span><\/p>\n<p style=\"text-align: center;\"><span style=\"font-size: 10pt; color: #800000;\"><strong><span style=\"font-size: 12pt;\">Yerevanda Respublika Meydan\u0131nda ekumenik m\u0259rasim v\u0259 s\u00fclh \u00fc\u00e7\u00fcn dua<\/span><\/strong><\/span><\/p>\n<div><img decoding=\"async\" src=\"http:\/\/jam-news.net\/Uploads\/Publication\/1828\/ContentImages\/az-Latn-AZ\/Pap_Garegin_ancum.jpg\" \/><\/div>\n<div><img decoding=\"async\" src=\"http:\/\/jam-news.net\/Uploads\/Publication\/1828\/ContentImages\/az-Latn-AZ\/Pap_plakat.jpg\" \/><\/div>\n<div><img decoding=\"async\" src=\"http:\/\/jam-news.net\/Uploads\/Publication\/1828\/ContentImages\/az-Latn-AZ\/Pap_bem.jpg\" \/><\/div>\n<div><img decoding=\"async\" src=\"http:\/\/jam-news.net\/Uploads\/Publication\/1828\/ContentImages\/az-Latn-AZ\/Pap_aghotk.jpg\" \/><\/div>\n<div><img decoding=\"async\" src=\"http:\/\/jam-news.net\/Uploads\/Publication\/1828\/ContentImages\/az-Latn-AZ\/Pap_mardik.jpg\" \/><\/div>\n<div><img decoding=\"async\" src=\"http:\/\/jam-news.net\/Uploads\/Publication\/1828\/ContentImages\/az-Latn-AZ\/Pap_hugs.jpg\" \/><\/div>\n<div>\n<hr \/>\n<\/div>\n<p><span style=\"font-size: 10pt; color: #800000;\"><strong>25.06.2016 \u00a0 \u00a0 17:00<\/strong><\/span><\/p>\n<p style=\"text-align: center;\"><span style=\"font-size: 12pt; color: #800000;\"><strong>Roma Papas\u0131 G\u00fcmr\u00fcd\u0259ki<\/strong><\/span><\/p>\n<div><img decoding=\"async\" src=\"http:\/\/jam-news.net\/Uploads\/Publication\/1828\/ContentImages\/az-Latn-AZ\/LUS_Pope_edit.jpg\" \/><\/div>\n<div><img decoding=\"async\" src=\"http:\/\/jam-news.net\/Uploads\/Publication\/1828\/ContentImages\/az-Latn-AZ\/LUS_Gyumri_girl_edit.jpg\" \/><\/div>\n<div><img decoding=\"async\" src=\"http:\/\/jam-news.net\/Uploads\/Publication\/1828\/ContentImages\/az-Latn-AZ\/LUS_Pope_Katolikos_edit.jpg\" \/><\/div>\n<div><img decoding=\"async\" src=\"http:\/\/jam-news.net\/Uploads\/Publication\/1828\/ContentImages\/az-Latn-AZ\/LUS_Pope_people_edit.jpg\" \/><\/div>\n<div><img decoding=\"async\" src=\"http:\/\/jam-news.net\/Uploads\/Publication\/1828\/ContentImages\/az-Latn-AZ\/LUS_monashka_edit.jpg\" \/><\/div>\n<p>&nbsp;<\/p>\n<hr \/>\n<p style=\"text-align: left;\"><span style=\"font-size: 10pt; color: #800000;\"><strong>25.06.2016 \u00a0 \u00a0 09:00<\/strong><\/span><\/p>\n<p style=\"text-align: center;\"><span style=\"font-size: 12pt; color: #800000;\"><strong>Roma Papas\u0131 erm\u0259ni soyq\u0131r\u0131m\u0131 qurbanlar\u0131n\u0131n xatir\u0259sin\u0259 ucald\u0131lan <\/strong><\/span><\/p>\n<p style=\"text-align: center;\"><span style=\"font-size: 12pt; color: #800000;\"><strong>Tsisernakaberd memorial kompleksin\u0259 ba\u015f \u00e7\u0259kib<\/strong><\/span><\/p>\n<div><img decoding=\"async\" src=\"http:\/\/jam-news.net\/Uploads\/Publication\/1828\/ContentImages\/az-Latn-AZ\/_MG_9752.JPG\" \/><\/div>\n<div><img decoding=\"async\" src=\"http:\/\/jam-news.net\/Uploads\/Publication\/1828\/ContentImages\/az-Latn-AZ\/_MG_9880.JPG\" \/><\/div>\n<div><img decoding=\"async\" src=\"http:\/\/jam-news.net\/Uploads\/Publication\/1828\/ContentImages\/az-Latn-AZ\/IMG_6418.JPG\" \/><\/div>\n<div><img decoding=\"async\" src=\"http:\/\/jam-news.net\/Uploads\/Publication\/1828\/ContentImages\/az-Latn-AZ\/IMG_6123_edit.jpg\" \/><\/div>\n<div><img decoding=\"async\" src=\"http:\/\/jam-news.net\/Uploads\/Publication\/1828\/ContentImages\/az-Latn-AZ\/IMG_6154.JPG\" \/><\/div>\n<div><img decoding=\"async\" src=\"http:\/\/jam-news.net\/Uploads\/Publication\/1828\/ContentImages\/az-Latn-AZ\/IMG_6071.JPG\" \/><\/div>\n<div><img decoding=\"async\" src=\"http:\/\/jam-news.net\/Uploads\/Publication\/1828\/ContentImages\/az-Latn-AZ\/IMG_6243.JPG\" \/><\/div>\n<div><img decoding=\"async\" src=\"http:\/\/jam-news.net\/Uploads\/Publication\/1828\/ContentImages\/az-Latn-AZ\/IMG_6300.JPG\" \/><\/div>\n<div><img decoding=\"async\" src=\"http:\/\/jam-news.net\/Uploads\/Publication\/1828\/ContentImages\/az-Latn-AZ\/_MG_9865.JPG\" \/><\/div>\n<div><img decoding=\"async\" src=\"http:\/\/jam-news.net\/Uploads\/Publication\/1828\/ContentImages\/az-Latn-AZ\/_MG_9798.JPG\" \/><\/div>\n<p>&nbsp;<\/p>\n<hr \/>\n<p><span style=\"font-size: 10pt; color: #800000;\"><strong>24.06.2016 \u00a0 \u00a020:00<\/strong><\/span><\/p>\n<p><span style=\"font-size: 12pt;\">Bu g\u00fcn Roma papas\u0131 Fransisk prezident iqam\u0259tgah\u0131ndak\u0131 <a href=\"http:\/\/www.yerkir.am\/news\/view\/109293.html%20\" target=\"_blank\" rel=\"noopener noreferrer\">\u00e7\u0131x\u0131\u015f\u0131<\/a> zaman\u0131 erm\u0259nil\u0259rin Osmanl\u0131 T\u00fcrkiy\u0259sind\u0259 1915-ci ild\u0259 t\u00f6r\u0259dil\u0259n k\u00fctl\u0259vi q\u0131r\u011f\u0131n\u0131n\u0131 xarakteriz\u0259 ed\u0259rk\u0259n, nitqind\u0259 yaz\u0131lm\u0131\u015f \u201cfaci\u0259 \u0259v\u0259zin\u0259 \u201csoyq\u0131r\u0131m\u0131 s\u00f6z\u00fcn\u00fc i\u015fl\u0259dib.<\/span><\/p>\n<p><span style=\"font-size: 12pt;\">Erm\u0259nistan medias\u0131 <a href=\"http:\/\/www.yerkir.am\/news\/view\/109293.html\" target=\"_blank\" rel=\"noopener noreferrer\">x\u0259b\u0259r verir ki,<\/a> New York Times da bu haqda informasiyan\u0131 <a href=\"http:\/\/www.nytimes.com\/aponline\/2016\/06\/24\/world\/europe\/ap-eu-rel-armenia-pope.html?ref=world&amp;_r=0%20\" target=\"_blank\" rel=\"noopener noreferrer\">d\u0259rc ed\u0259r\u0259k<\/a> qeyd edib ki, pontifik bununla da ehtiyatl\u0131 diplomatik \u00e7\u0131x\u0131\u015fdan imtina edib.\u00a0<\/span><\/p>\n<hr \/>\n<p>&nbsp;<\/p>\n<div><img decoding=\"async\" src=\"http:\/\/jam-news.net\/Uploads\/Publication\/1828\/ContentImages\/az-Latn-AZ\/airplan.jpg\" \/><\/div>\n<div><img decoding=\"async\" src=\"http:\/\/jam-news.net\/Uploads\/Publication\/1828\/ContentImages\/az-Latn-AZ\/Pap_all.jpg\" \/><\/div>\n<div><img decoding=\"async\" src=\"http:\/\/jam-news.net\/Uploads\/Publication\/1828\/ContentImages\/az-Latn-AZ\/Pap_soldiers.jpg\" \/><\/div>\n<div><img decoding=\"async\" src=\"http:\/\/jam-news.net\/Uploads\/Publication\/1828\/ContentImages\/az-Latn-AZ\/Pap.jpg\" \/><\/div>\n<div><img decoding=\"async\" src=\"http:\/\/jam-news.net\/Uploads\/Publication\/1828\/ContentImages\/az-Latn-AZ\/Monaxini.jpg\" \/><\/div>\n<p><span style=\"font-size: 12pt;\">Bu g\u00fcn iyunun 24-d\u0259 Roma Papas\u0131 Fransiskin Erm\u0259nistana s\u0259f\u0259ri ba\u015flay\u0131r. S\u0259f\u0259rin devizi \u201c\u0130lk xristian \u00f6lk\u0259sin\u0259 ziyar\u0259tdir. Roma katolik kils\u0259sinin ba\u015f\u00e7\u0131s\u0131 Erm\u0259nistanda iyunun 26-na q\u0259d\u0259r olacaq. S\u0259f\u0259ri 600-\u0259 yax\u0131n jurnalist, o c\u00fcml\u0259d\u0259n d\u0259 bizim iki m\u00fcxbirimiz i\u015f\u0131qland\u0131racaq.<\/span><\/p>\n<p><span style=\"font-size: 12pt;\">S\u0259f\u0259rd\u0259n \u00f6nc\u0259 pontifik erm\u0259ni xalq\u0131na m\u00fcraci\u0259t edib:<\/span><\/p>\n<p><span style=\"font-size: 12pt;\">\u201c\u018fziz bac\u0131 v\u0259 qarda\u015flar\u0131m! Tanr\u0131n\u0131n k\u00f6m\u0259yi il\u0259 \u0130lk xristian \u00f6lk\u0259sin\u0259 s\u0259f\u0259r etm\u0259k \u00fc\u00e7\u00fcn sizin yan\u0131n\u0131za g\u0259lir\u0259m. M\u0259n z\u0259vvar kimi bu yubiley ilind\u0259 [Erm\u0259nistan xristianl\u0131\u011f\u0131 301-ci ild\u0259 &#8211; 1715 il \u0259vv\u0259l q\u0259bul edib] xalq\u0131n\u0131z\u0131n q\u0259dim m\u00fcdrikliyin\u0259 ba\u015f vurmaq v\u0259 dininizin sizin qaya kimi m\u00f6hk\u0259m m\u0259\u015fhur, oyulmu\u015f xa\u00e7karlar\u0131n\u0131za b\u0259nz\u0259r m\u0259nb\u0259yi qar\u015f\u0131s\u0131nda ba\u015f \u0259ym\u0259k \u00fc\u00e7\u00fcn sizin yan\u0131n\u0131za g\u0259lir\u0259m.<\/span><\/p>\n<p><span style=\"font-size: 12pt;\">M\u0259n Erm\u0259nistan\u0131n sehrli zirv\u0259l\u0259rin\u0259 sizin qarda\u015f\u0131n\u0131z kimi, sizin \u00fczl\u0259rinizi g\u00f6rm\u0259k, sizinl\u0259 birlikd\u0259 ibad\u0259t etm\u0259k v\u0259 dostluq \u0259nam\u0131n\u0131 b\u00f6l\u00fc\u015fm\u0259k \u00fc\u00e7\u00fcn g\u0259l\u0259c\u0259m.<\/span><\/p>\n<p><span style=\"font-size: 12pt;\">Tarixiniz v\u0259 xalq\u0131n\u0131z\u0131n ba\u015f\u0131na g\u0259l\u0259n hadis\u0259l\u0259r m\u0259nd\u0259 heyranl\u0131q v\u0259 k\u0259d\u0259r hisl\u0259ri oyad\u0131r. Heyranl\u0131q ona g\u00f6r\u0259 ki, \u0130san\u0131n xa\u00e7\u0131nda v\u0259 istedadl\u0131 d\u00fc\u015f\u00fcnc\u0259nizd\u0259 siz b\u0259\u015f\u0259r tarixin\u0259<\/span><\/p>\n<p><span style=\"font-size: 12pt;\"> m\u0259lum olan \u0259n d\u0259h\u015f\u0259tli iztirablardan sonra yenid\u0259n aya\u011fa qalxmaq \u00fc\u00e7\u00fcn g\u00fcc tapa bildiz. Atalar\u0131n\u0131z\u0131n ya\u015fad\u0131\u011f\u0131 h\u0259min faci\u0259y\u0259 g\u00f6r\u0259 d\u0259 k\u0259d\u0259r hissini ke\u00e7irir\u0259m.<\/span><\/p>\n<p><span style=\"font-size: 12pt;\">\u0130ncilin b\u0259nd\u0259si v\u0259 s\u00fclh car\u00e7\u0131s\u0131 kimi sizin aran\u0131zda olmaq, s\u00fclh yolunda g\u00f6st\u0259ril\u0259n h\u0259r bir c\u0259hd\u0259 d\u0259st\u0259k olmaq v\u0259 sizinl\u0259 birlikd\u0259 \u00fcmid yaradan bar\u0131\u015f\u0131q yolu il\u0259 getm\u0259k ist\u0259yir\u0259m.<\/span><\/p>\n<div><img decoding=\"async\" src=\"http:\/\/jam-news.net\/Uploads\/Publication\/1828\/ContentImages\/az-Latn-AZ\/Pap_Echmiadzin.jpg\" \/><\/div>\n<div><img decoding=\"async\" src=\"http:\/\/jam-news.net\/Uploads\/Publication\/1828\/ContentImages\/az-Latn-AZ\/Pap_read.jpg\" \/><\/div>\n<div><img decoding=\"async\" src=\"http:\/\/jam-news.net\/Uploads\/Publication\/1828\/ContentImages\/az-Latn-AZ\/Pap_Garegin.jpg\" \/><\/div>\n<div><img decoding=\"async\" src=\"http:\/\/jam-news.net\/Uploads\/Publication\/1828\/ContentImages\/az-Latn-AZ\/Pap_Garegin_hug.jpg\" \/><\/div>\n<p><span style=\"font-size: 12pt;\">S\u0259f\u0259rin t\u0259f\u0259rr\u00fcatlar\u0131 bar\u0259d\u0259 d\u0259 m\u0259lumat ver\u0259c\u0259yik.<\/span><\/p>\n<p><span style=\"font-size: 10pt;\"><span style=\"color: #800000;\"><strong>2015-ci ild\u0259 Roma Papas\u0131 Fransisk 1915-ci ild\u0259, Osmanl\u0131 imperiyas\u0131nda erm\u0259nil\u0259rin k\u00fctl\u0259vi q\u0131r\u011f\u0131n\u0131n\u0131 &#8220;soyq\u0131r\u0131m&#8221; adland\u0131rd\u0131. Aprelin 12-d\u0259 M\u00fcq\u0259dd\u0259s Pyotr m\u0259b\u0259dind\u0259 Roma Papas\u0131 soyq\u0131r\u0131m qurbanlar\u0131n\u0131n xatir\u0259sin\u0259 <a href=\"http:\/\/jam-news.net\/Publication\/Get\/en-%20US\/437\" target=\"_blank\" rel=\"noopener noreferrer\">messa<\/a> ke\u00e7irdi. <\/strong><\/span><span style=\"color: #800000;\"><strong>Bundan \u0259lav\u0259, pontifik X \u0259sr erm\u0259ni filosofu, ilahiyyat\u00e7\u0131 v\u0259 \u015fairi, \u201cK\u0259d\u0259rli dini n\u0259\u011fm\u0259l\u0259r kitab\u0131n\u0131n m\u00fc\u0259llifi Qriqori Narekatsini \u00f6vliyalar s\u0131ras\u0131na daxil etdi v\u0259 ona Kils\u0259 m\u00fc\u0259llimi ad\u0131n\u0131 verdi.<\/strong><\/span><\/span><\/p>\n<p><span style=\"font-size: 8pt;\"><span style=\"color: #800000;\"><strong>M\u0259qal\u0259d\u0259ki fikirl\u0259r m\u00fc\u0259llifin n\u00f6qteyi-n\u0259z\u0259rini \u0259ks etdirir v\u0259 redaksiyan\u0131n m\u00f6vqeyi il\u0259 \u00fcst-\u00fcst\u0259 d\u00fc\u015fm\u0259y\u0259 bil\u0259r.<\/strong><\/span><\/span><\/p>\n<p><span style=\"color: #800000; font-size: 8pt;\"><strong>D\u0259rc edilib: 24.06.2016<\/strong><\/span><\/p>\n","protected":false},"excerpt":{"rendered":"<p>\u0130lk xristian \u00f6lk\u0259sin\u0259 ziyar\u0259t<\/p>\n","protected":false},"author":3,"featured_media":0,"comment_status":"open","ping_status":"open","sticky":false,"template":"","format":"standard","meta":{"_acf_changed":false,"footnotes":""},"categories":[37,27,2,25,36],"tags":[],"formation":[],"post-author":[2888],"topic":[],"tooltip":[],"city":[],"class_list":["post-3970","post","type-post","status-publish","format-standard","hentry","category-video","category-ermnistan","category-cografiya","category-cmiyyt","category-multimedia","post-author-jamnews"],"acf":[],"yoast_head":"<!-- This site is optimized with the Yoast SEO plugin v24.1 - https:\/\/yoast.com\/wordpress\/plugins\/seo\/ -->\n<title>Roma Papas\u0131 Erm\u0259nistanda - JAMnews<\/title>\n<meta name=\"robots\" content=\"index, follow, max-snippet:-1, max-image-preview:large, max-video-preview:-1\" \/>\n<link rel=\"canonical\" href=\"https:\/\/jam-news.net\/az\/roma-papasi-erm\u0259nistanda\/\" \/>\n<meta property=\"og:locale\" content=\"az_AZ\" \/>\n<meta property=\"og:type\" content=\"article\" \/>\n<meta property=\"og:title\" content=\"Roma Papas\u0131 Erm\u0259nistanda - JAMnews\" \/>\n<meta property=\"og:description\" content=\"\u0130lk xristian \u00f6lk\u0259sin\u0259 ziyar\u0259t\" \/>\n<meta property=\"og:url\" content=\"https:\/\/jam-news.net\/az\/roma-papasi-erm\u0259nistanda\/\" \/>\n<meta property=\"og:site_name\" content=\"Azerbaijani Jamnews\" \/>\n<meta property=\"article:publisher\" content=\"https:\/\/www.facebook.com\/JAMnewsInEnglish\/\" \/>\n<meta property=\"article:published_time\" content=\"2016-06-25T00:00:00+00:00\" \/>\n<meta property=\"article:modified_time\" content=\"2020-03-18T10:52:53+00:00\" \/>\n<meta property=\"og:image\" content=\"http:\/\/jam-news.net\/Uploads\/Publication\/1828\/ContentImages\/az-Latn-AZ\/Pap_Garegin_ancum.jpg\" \/>\n<meta name=\"author\" content=\"JAMnews\" \/>\n<meta name=\"twitter:card\" content=\"summary_large_image\" \/>\n<meta name=\"twitter:creator\" content=\"@JAMnewsCaucasus\" \/>\n<meta name=\"twitter:site\" content=\"@JAMnewsCaucasus\" \/>\n<meta name=\"twitter:label1\" content=\"Written by\" \/>\n\t<meta name=\"twitter:data1\" content=\"JAMnews\" \/>\n\t<meta name=\"twitter:label2\" content=\"Est. reading time\" \/>\n\t<meta name=\"twitter:data2\" content=\"3 minutes\" \/>\n<script type=\"application\/ld+json\" class=\"yoast-schema-graph\">{\"@context\":\"https:\/\/schema.org\",\"@graph\":[{\"@type\":\"Article\",\"@id\":\"https:\/\/jam-news.net\/az\/roma-papasi-erm%c9%99nistanda\/#article\",\"isPartOf\":{\"@id\":\"https:\/\/jam-news.net\/az\/roma-papasi-erm%c9%99nistanda\/\"},\"author\":{\"name\":\"JAMnews\",\"@id\":\"https:\/\/jam-news.net\/az\/#\/schema\/person\/67df3bb7adb46cd513fb9c4cb02361c6\"},\"headline\":\"Roma Papas\u0131 Erm\u0259nistanda\",\"datePublished\":\"2016-06-25T00:00:00+00:00\",\"dateModified\":\"2020-03-18T10:52:53+00:00\",\"mainEntityOfPage\":{\"@id\":\"https:\/\/jam-news.net\/az\/roma-papasi-erm%c9%99nistanda\/\"},\"wordCount\":596,\"commentCount\":0,\"publisher\":{\"@id\":\"https:\/\/jam-news.net\/az\/#organization\"},\"image\":{\"@id\":\"https:\/\/jam-news.net\/az\/roma-papasi-erm%c9%99nistanda\/#primaryimage\"},\"thumbnailUrl\":\"http:\/\/jam-news.net\/Uploads\/Publication\/1828\/ContentImages\/az-Latn-AZ\/Pap_Garegin_ancum.jpg\",\"articleSection\":[\"90 seconds\",\"Armenia\",\"Geography\",\"Issues\",\"Photo\/Video\"],\"inLanguage\":\"az\"},{\"@type\":\"WebPage\",\"@id\":\"https:\/\/jam-news.net\/az\/roma-papasi-erm%c9%99nistanda\/\",\"url\":\"https:\/\/jam-news.net\/az\/roma-papasi-erm%c9%99nistanda\/\",\"name\":\"Roma Papas\u0131 Erm\u0259nistanda - JAMnews\",\"isPartOf\":{\"@id\":\"https:\/\/jam-news.net\/az\/#website\"},\"primaryImageOfPage\":{\"@id\":\"https:\/\/jam-news.net\/az\/roma-papasi-erm%c9%99nistanda\/#primaryimage\"},\"image\":{\"@id\":\"https:\/\/jam-news.net\/az\/roma-papasi-erm%c9%99nistanda\/#primaryimage\"},\"thumbnailUrl\":\"http:\/\/jam-news.net\/Uploads\/Publication\/1828\/ContentImages\/az-Latn-AZ\/Pap_Garegin_ancum.jpg\",\"datePublished\":\"2016-06-25T00:00:00+00:00\",\"dateModified\":\"2020-03-18T10:52:53+00:00\",\"breadcrumb\":{\"@id\":\"https:\/\/jam-news.net\/az\/roma-papasi-erm%c9%99nistanda\/#breadcrumb\"},\"inLanguage\":\"az\",\"potentialAction\":[{\"@type\":\"ReadAction\",\"target\":[\"https:\/\/jam-news.net\/az\/roma-papasi-erm%c9%99nistanda\/\"]}]},{\"@type\":\"ImageObject\",\"inLanguage\":\"az\",\"@id\":\"https:\/\/jam-news.net\/az\/roma-papasi-erm%c9%99nistanda\/#primaryimage\",\"url\":\"http:\/\/jam-news.net\/Uploads\/Publication\/1828\/ContentImages\/az-Latn-AZ\/Pap_Garegin_ancum.jpg\",\"contentUrl\":\"http:\/\/jam-news.net\/Uploads\/Publication\/1828\/ContentImages\/az-Latn-AZ\/Pap_Garegin_ancum.jpg\"},{\"@type\":\"BreadcrumbList\",\"@id\":\"https:\/\/jam-news.net\/az\/roma-papasi-erm%c9%99nistanda\/#breadcrumb\",\"itemListElement\":[{\"@type\":\"ListItem\",\"position\":1,\"name\":\"Home\",\"item\":\"https:\/\/jam-news.net\/az\/\"},{\"@type\":\"ListItem\",\"position\":2,\"name\":\"Roma Papas\u0131 Erm\u0259nistanda\"}]},{\"@type\":\"WebSite\",\"@id\":\"https:\/\/jam-news.net\/az\/#website\",\"url\":\"https:\/\/jam-news.net\/az\/\",\"name\":\"Azerbaijani Jamnews\",\"description\":\"Caucasus News, Politics and Society\",\"publisher\":{\"@id\":\"https:\/\/jam-news.net\/az\/#organization\"},\"potentialAction\":[{\"@type\":\"SearchAction\",\"target\":{\"@type\":\"EntryPoint\",\"urlTemplate\":\"https:\/\/jam-news.net\/az\/?s={search_term_string}\"},\"query-input\":{\"@type\":\"PropertyValueSpecification\",\"valueRequired\":true,\"valueName\":\"search_term_string\"}}],\"inLanguage\":\"az\"},{\"@type\":\"Organization\",\"@id\":\"https:\/\/jam-news.net\/az\/#organization\",\"name\":\"JAMnews\",\"url\":\"https:\/\/jam-news.net\/az\/\",\"logo\":{\"@type\":\"ImageObject\",\"inLanguage\":\"az\",\"@id\":\"https:\/\/jam-news.net\/az\/#\/schema\/logo\/image\/\",\"url\":\"https:\/\/jam-news.net\/app\/uploads\/2020\/05\/JAM_w.jpg\",\"contentUrl\":\"https:\/\/jam-news.net\/app\/uploads\/2020\/05\/JAM_w.jpg\",\"width\":960,\"height\":960,\"caption\":\"JAMnews\"},\"image\":{\"@id\":\"https:\/\/jam-news.net\/az\/#\/schema\/logo\/image\/\"},\"sameAs\":[\"https:\/\/www.facebook.com\/JAMnewsInEnglish\/\",\"https:\/\/x.com\/JAMnewsCaucasus\",\"https:\/\/www.instagram.com\/jam_news\/\",\"https:\/\/www.youtube.com\/channel\/UCXQbUCme2pykuZYXWHx4VPg\"]},{\"@type\":\"Person\",\"@id\":\"https:\/\/jam-news.net\/az\/#\/schema\/person\/67df3bb7adb46cd513fb9c4cb02361c6\",\"name\":\"JAMnews\",\"image\":{\"@type\":\"ImageObject\",\"inLanguage\":\"az\",\"@id\":\"https:\/\/jam-news.net\/az\/#\/schema\/person\/image\/\",\"url\":\"https:\/\/secure.gravatar.com\/avatar\/e5c27593ef900c3ab3deed4ed1c653d7?s=96&d=mm&r=g\",\"contentUrl\":\"https:\/\/secure.gravatar.com\/avatar\/e5c27593ef900c3ab3deed4ed1c653d7?s=96&d=mm&r=g\",\"caption\":\"JAMnews\"},\"url\":\"https:\/\/jam-news.net\/az\/author\/margarita\/\"}]}<\/script>\n<!-- \/ Yoast SEO plugin. -->","yoast_head_json":{"title":"Roma Papas\u0131 Erm\u0259nistanda - JAMnews","robots":{"index":"index","follow":"follow","max-snippet":"max-snippet:-1","max-image-preview":"max-image-preview:large","max-video-preview":"max-video-preview:-1"},"canonical":"https:\/\/jam-news.net\/az\/roma-papasi-erm\u0259nistanda\/","og_locale":"az_AZ","og_type":"article","og_title":"Roma Papas\u0131 Erm\u0259nistanda - JAMnews","og_description":"\u0130lk xristian \u00f6lk\u0259sin\u0259 ziyar\u0259t","og_url":"https:\/\/jam-news.net\/az\/roma-papasi-erm\u0259nistanda\/","og_site_name":"Azerbaijani Jamnews","article_publisher":"https:\/\/www.facebook.com\/JAMnewsInEnglish\/","article_published_time":"2016-06-25T00:00:00+00:00","article_modified_time":"2020-03-18T10:52:53+00:00","og_image":[{"url":"http:\/\/jam-news.net\/Uploads\/Publication\/1828\/ContentImages\/az-Latn-AZ\/Pap_Garegin_ancum.jpg","type":"","width":"","height":""}],"author":"JAMnews","twitter_card":"summary_large_image","twitter_creator":"@JAMnewsCaucasus","twitter_site":"@JAMnewsCaucasus","twitter_misc":{"Written by":"JAMnews","Est. reading time":"3 minutes"},"schema":{"@context":"https:\/\/schema.org","@graph":[{"@type":"Article","@id":"https:\/\/jam-news.net\/az\/roma-papasi-erm%c9%99nistanda\/#article","isPartOf":{"@id":"https:\/\/jam-news.net\/az\/roma-papasi-erm%c9%99nistanda\/"},"author":{"name":"JAMnews","@id":"https:\/\/jam-news.net\/az\/#\/schema\/person\/67df3bb7adb46cd513fb9c4cb02361c6"},"headline":"Roma Papas\u0131 Erm\u0259nistanda","datePublished":"2016-06-25T00:00:00+00:00","dateModified":"2020-03-18T10:52:53+00:00","mainEntityOfPage":{"@id":"https:\/\/jam-news.net\/az\/roma-papasi-erm%c9%99nistanda\/"},"wordCount":596,"commentCount":0,"publisher":{"@id":"https:\/\/jam-news.net\/az\/#organization"},"image":{"@id":"https:\/\/jam-news.net\/az\/roma-papasi-erm%c9%99nistanda\/#primaryimage"},"thumbnailUrl":"http:\/\/jam-news.net\/Uploads\/Publication\/1828\/ContentImages\/az-Latn-AZ\/Pap_Garegin_ancum.jpg","articleSection":["90 seconds","Armenia","Geography","Issues","Photo\/Video"],"inLanguage":"az"},{"@type":"WebPage","@id":"https:\/\/jam-news.net\/az\/roma-papasi-erm%c9%99nistanda\/","url":"https:\/\/jam-news.net\/az\/roma-papasi-erm%c9%99nistanda\/","name":"Roma Papas\u0131 Erm\u0259nistanda - JAMnews","isPartOf":{"@id":"https:\/\/jam-news.net\/az\/#website"},"primaryImageOfPage":{"@id":"https:\/\/jam-news.net\/az\/roma-papasi-erm%c9%99nistanda\/#primaryimage"},"image":{"@id":"https:\/\/jam-news.net\/az\/roma-papasi-erm%c9%99nistanda\/#primaryimage"},"thumbnailUrl":"http:\/\/jam-news.net\/Uploads\/Publication\/1828\/ContentImages\/az-Latn-AZ\/Pap_Garegin_ancum.jpg","datePublished":"2016-06-25T00:00:00+00:00","dateModified":"2020-03-18T10:52:53+00:00","breadcrumb":{"@id":"https:\/\/jam-news.net\/az\/roma-papasi-erm%c9%99nistanda\/#breadcrumb"},"inLanguage":"az","potentialAction":[{"@type":"ReadAction","target":["https:\/\/jam-news.net\/az\/roma-papasi-erm%c9%99nistanda\/"]}]},{"@type":"ImageObject","inLanguage":"az","@id":"https:\/\/jam-news.net\/az\/roma-papasi-erm%c9%99nistanda\/#primaryimage","url":"http:\/\/jam-news.net\/Uploads\/Publication\/1828\/ContentImages\/az-Latn-AZ\/Pap_Garegin_ancum.jpg","contentUrl":"http:\/\/jam-news.net\/Uploads\/Publication\/1828\/ContentImages\/az-Latn-AZ\/Pap_Garegin_ancum.jpg"},{"@type":"BreadcrumbList","@id":"https:\/\/jam-news.net\/az\/roma-papasi-erm%c9%99nistanda\/#breadcrumb","itemListElement":[{"@type":"ListItem","position":1,"name":"Home","item":"https:\/\/jam-news.net\/az\/"},{"@type":"ListItem","position":2,"name":"Roma Papas\u0131 Erm\u0259nistanda"}]},{"@type":"WebSite","@id":"https:\/\/jam-news.net\/az\/#website","url":"https:\/\/jam-news.net\/az\/","name":"Azerbaijani Jamnews","description":"Caucasus News, Politics and Society","publisher":{"@id":"https:\/\/jam-news.net\/az\/#organization"},"potentialAction":[{"@type":"SearchAction","target":{"@type":"EntryPoint","urlTemplate":"https:\/\/jam-news.net\/az\/?s={search_term_string}"},"query-input":{"@type":"PropertyValueSpecification","valueRequired":true,"valueName":"search_term_string"}}],"inLanguage":"az"},{"@type":"Organization","@id":"https:\/\/jam-news.net\/az\/#organization","name":"JAMnews","url":"https:\/\/jam-news.net\/az\/","logo":{"@type":"ImageObject","inLanguage":"az","@id":"https:\/\/jam-news.net\/az\/#\/schema\/logo\/image\/","url":"https:\/\/jam-news.net\/app\/uploads\/2020\/05\/JAM_w.jpg","contentUrl":"https:\/\/jam-news.net\/app\/uploads\/2020\/05\/JAM_w.jpg","width":960,"height":960,"caption":"JAMnews"},"image":{"@id":"https:\/\/jam-news.net\/az\/#\/schema\/logo\/image\/"},"sameAs":["https:\/\/www.facebook.com\/JAMnewsInEnglish\/","https:\/\/x.com\/JAMnewsCaucasus","https:\/\/www.instagram.com\/jam_news\/","https:\/\/www.youtube.com\/channel\/UCXQbUCme2pykuZYXWHx4VPg"]},{"@type":"Person","@id":"https:\/\/jam-news.net\/az\/#\/schema\/person\/67df3bb7adb46cd513fb9c4cb02361c6","name":"JAMnews","image":{"@type":"ImageObject","inLanguage":"az","@id":"https:\/\/jam-news.net\/az\/#\/schema\/person\/image\/","url":"https:\/\/secure.gravatar.com\/avatar\/e5c27593ef900c3ab3deed4ed1c653d7?s=96&d=mm&r=g","contentUrl":"https:\/\/secure.gravatar.com\/avatar\/e5c27593ef900c3ab3deed4ed1c653d7?s=96&d=mm&r=g","caption":"JAMnews"},"url":"https:\/\/jam-news.net\/az\/author\/margarita\/"}]}},"_links":{"self":[{"href":"https:\/\/jam-news.net\/az\/wp-json\/wp\/v2\/posts\/3970","targetHints":{"allow":["GET"]}}],"collection":[{"href":"https:\/\/jam-news.net\/az\/wp-json\/wp\/v2\/posts"}],"about":[{"href":"https:\/\/jam-news.net\/az\/wp-json\/wp\/v2\/types\/post"}],"author":[{"embeddable":true,"href":"https:\/\/jam-news.net\/az\/wp-json\/wp\/v2\/users\/3"}],"replies":[{"embeddable":true,"href":"https:\/\/jam-news.net\/az\/wp-json\/wp\/v2\/comments?post=3970"}],"version-history":[{"count":1,"href":"https:\/\/jam-news.net\/az\/wp-json\/wp\/v2\/posts\/3970\/revisions"}],"predecessor-version":[{"id":16236,"href":"https:\/\/jam-news.net\/az\/wp-json\/wp\/v2\/posts\/3970\/revisions\/16236"}],"wp:attachment":[{"href":"https:\/\/jam-news.net\/az\/wp-json\/wp\/v2\/media?parent=3970"}],"wp:term":[{"taxonomy":"category","embeddable":true,"href":"https:\/\/jam-news.net\/az\/wp-json\/wp\/v2\/categories?post=3970"},{"taxonomy":"post_tag","embeddable":true,"href":"https:\/\/jam-news.net\/az\/wp-json\/wp\/v2\/tags?post=3970"},{"taxonomy":"formation","embeddable":true,"href":"https:\/\/jam-news.net\/az\/wp-json\/wp\/v2\/formation?post=3970"},{"taxonomy":"post-author","embeddable":true,"href":"https:\/\/jam-news.net\/az\/wp-json\/wp\/v2\/post-author?post=3970"},{"taxonomy":"topic","embeddable":true,"href":"https:\/\/jam-news.net\/az\/wp-json\/wp\/v2\/topic?post=3970"},{"taxonomy":"tooltip","embeddable":true,"href":"https:\/\/jam-news.net\/az\/wp-json\/wp\/v2\/tooltip?post=3970"},{"taxonomy":"city","embeddable":true,"href":"https:\/\/jam-news.net\/az\/wp-json\/wp\/v2\/city?post=3970"}],"curies":[{"name":"wp","href":"https:\/\/api.w.org\/{rel}","templated":true}]}}