{"id":39658,"date":"2020-12-01T16:01:18","date_gmt":"2020-12-01T12:01:18","guid":{"rendered":"http:\/\/jam-news.net\/az\/?p=39658"},"modified":"2022-01-18T00:59:11","modified_gmt":"2022-01-17T20:59:11","slug":"muxalif%c9%99tcil%c9%99r-acligi-dayandiriblar-gegam-manukyan","status":"publish","type":"post","link":"https:\/\/jam-news.net\/az\/muxalif%c9%99tcil%c9%99r-acligi-dayandiriblar-gegam-manukyan\/","title":{"rendered":"M\u00fcxalif\u0259t\u00e7i b\u00fct\u00fcn erm\u0259nil\u0259rin Katolikosu il\u0259 g\u00f6r\u00fc\u015f\u0259nd\u0259n sonra acl\u0131\u011f\u0131 dayand\u0131r\u0131b"},"content":{"rendered":"\n<p>E\u0130F \u201cDa\u015fnaks\u00fctun\u201d partiyas\u0131n\u0131n n\u00fcmay\u0259nd\u0259si Ge\u011fam Manukyan doqquzuncu g\u00fcnd\u0259 acl\u0131\u011f\u0131 dayand\u0131r\u0131b. O, noyabr\u0131n 23-d\u0259 Erm\u0259nistan\u0131n ba\u015f nazirinin istefas\u0131 t\u0259l\u0259bi il\u0259 acl\u0131q aksiyas\u0131na ba\u015flam\u0131\u015fd\u0131. M\u00fcxalif\u0259t\u00e7i <a rel=\"noreferrer noopener\" href=\"https:\/\/www.facebook.com\/gegham.manukyan.16\/posts\/10220863509429854\" target=\"_blank\">bildirib<\/a> ki, bu m\u00fcbariz\u0259 \u00fcsulunun se\u00e7ilm\u0259si \u201cDa\u015fnaks\u00fctun\u201d partiyas\u0131n\u0131n yox, onun \u015f\u0259xsi q\u0259rar\u0131d\u0131r.<\/p>\n\n\n\n<p>Erm\u0259nistanda minl\u0259rl\u0259 insan v\u0259 m\u00fcxalif partiyalar noyabr\u0131n 10-dan \u2013 Qaraba\u011fda at\u0259\u015fin dayand\u0131r\u0131lmas\u0131 haqda \u00fc\u00e7t\u0259r\u0259fli s\u0259n\u0259d imzalanandan d\u0259rhal sonra Nikol Pa\u015finyan\u0131n istefas\u0131n\u0131 t\u0259l\u0259b edirl\u0259r. Onlar hesab edirl\u0259r ki, ba\u015f nazir Qaraba\u011f \u0259razil\u0259rinin Az\u0259rbaycana k\u00f6n\u00fcll\u00fc t\u0259hvil verilm\u0259si haqda \u201cx\u0259yan\u0259tkar raz\u0131la\u015fma\u201d imzalay\u0131b.<\/p>\n\n\n\n<p>Dekabr\u0131n 1-d\u0259 \u201cDa\u015fnaks\u00fctun\u201d partiyas\u0131n\u0131n n\u00fcmay\u0259nd\u0259si <a href=\"https:\/\/www.facebook.com\/gegham.manukyan.16\/posts\/10220909581461626\" target=\"_blank\" rel=\"noreferrer noopener\">bild<\/a><a rel=\"noreferrer noopener\" href=\"https:\/\/www.facebook.com\/gegham.manukyan.16\/posts\/10220909581461626\" target=\"_blank\">i<\/a><a href=\"https:\/\/www.facebook.com\/gegham.manukyan.16\/posts\/10220909581461626\">rib<\/a> ki, b\u00fct\u00fcn erm\u0259nil\u0259rin Katolikosu II Qaragin onu ziyar\u0259t edib v\u0259 acl\u0131\u011f\u0131 dayand\u0131rma\u011fa \u00e7a\u011f\u0131r\u0131b, \u201c\u00e7\u00fcnki siyasi m\u00fcbariz\u0259nin ba\u015fqa metodlar\u0131 da var\u201d.<\/p>\n\n\n\n<p>\u201cKatolikosun \u00e7a\u011f\u0131r\u0131\u015f\u0131n\u0131 r\u0259dd etm\u0259k \u00e7\u0259tindir. Bug\u00fcnd\u0259n biz t\u0259r\u0259fda\u015flar\u0131m\u0131zla birlikd\u0259 [Manukyan\u0131n aksiyas\u0131na dostlar\u0131 da qo\u015fulub] acl\u0131\u011f\u0131 dayand\u0131r\u0131r\u0131q v\u0259 m\u00fcbariz\u0259y\u0259 davam edirik. Yeni g\u00fcn, yeni m\u00fcbariz\u0259\u201d, &#8211; Ge\u011fam Manukyan Facebook s\u0259hif\u0259sind\u0259 yaz\u0131b.<\/p>\n\n\n\n<p>M\u00fcxalif\u0259t\u00e7i g\u0259l\u0259c\u0259k add\u0131mlar\u0131 haqda daha sonra m\u0259lumat ver\u0259c\u0259yini v\u0259d edib.<\/p>\n\n\n\n<hr class=\"wp-block-separator is-style-wide\"\/>\n\n\n\n<ul class=\"wp-block-list\"><li><a href=\"https:\/\/jam-news.net\/ru\/%d1%81%d0%be%d0%b3%d0%bb%d0%b0%d1%88%d0%b5%d0%bd%d0%b8%d0%b5-%d0%bf%d0%be-%d0%ba%d0%b0%d1%80%d0%b0%d0%b1%d0%b0%d1%85%d1%83-%d0%bc%d0%bd%d0%b5%d0%bd%d0%b8%d0%b5-%d0%b0%d1%80%d0%bc%d1%8f%d0%bd%d1%81\/\"><strong>\u015e\u0259rh: Kim <\/strong><\/a><strong><a href=\"https:\/\/jam-news.net\/ru\/%d1%81%d0%be%d0%b3%d0%bb%d0%b0%d1%88%d0%b5%d0%bd%d0%b8%d0%b5-%d0%bf%d0%be-%d0%ba%d0%b0%d1%80%d0%b0%d0%b1%d0%b0%d1%85%d1%83-%d0%bc%d0%bd%d0%b5%d0%bd%d0%b8%d0%b5-%d0%b0%d1%80%d0%bc%d1%8f%d0%bd%d1%81\/\" target=\"_blank\" rel=\"noreferrer noopener\">g<\/a><\/strong><a href=\"https:\/\/jam-news.net\/ru\/%d1%81%d0%be%d0%b3%d0%bb%d0%b0%d1%88%d0%b5%d0%bd%d0%b8%d0%b5-%d0%bf%d0%be-%d0%ba%d0%b0%d1%80%d0%b0%d0%b1%d0%b0%d1%85%d1%83-%d0%bc%d0%bd%d0%b5%d0%bd%d0%b8%d0%b5-%d0%b0%d1%80%d0%bc%d1%8f%d0%bd%d1%81\/\"><strong>\u00fcnahkard\u0131r v\u0259 n\u0259 etm\u0259li? Ekspertl\u0259r Erm\u0259nistandak\u0131 b\u00f6hran haqda<\/strong><\/a><\/li><\/ul>\n","protected":false},"excerpt":{"rendered":"<p>9 g\u00fcn \u0259vv\u0259l o, Qaraba\u011fda \u0259razil\u0259rin t\u0259hvil verilm\u0259si haqda onun fikrinc\u0259, \u201cx\u0259yan\u0259tkar raz\u0131la\u015fman\u0131\u201d imzalayan Erm\u0259nistan\u0131n ba\u015f nazirinin istefas\u0131 t\u0259l\u0259bi il\u0259 acl\u0131q elan etmi\u015fdi<\/p>\n","protected":false},"author":8,"featured_media":39656,"comment_status":"closed","ping_status":"closed","sticky":false,"template":"","format":"standard","meta":{"_acf_changed":false,"footnotes":""},"categories":[27,50,5],"tags":[5278,5327,415,5312],"formation":[],"post-author":[2888],"topic":[4951,413],"tooltip":[],"city":[6054],"class_list":["post-39658","post","type-post","status-publish","format-standard","has-post-thumbnail","hentry","category-ermnistan","category-xbrlr","category-siyast","tag-bas-nazirin-istefasi","tag-gegam-manukyan","tag-nikol-pasinyan","tag-xbrlr-ermnistan","post-author-jamnews","topic-ermnistan","topic-nikol-pasinyan","city-yerevan"],"acf":[],"yoast_head":"<!-- This site is optimized with the Yoast SEO plugin v24.1 - https:\/\/yoast.com\/wordpress\/plugins\/seo\/ -->\n<title>M\u00fcxalif\u0259t\u00e7i b\u00fct\u00fcn erm\u0259nil\u0259rin Katolikosu il\u0259 g\u00f6r\u00fc\u015f\u0259nd\u0259n sonra acl\u0131\u011f\u0131 dayand\u0131r\u0131b - JAMnews<\/title>\n<meta name=\"description\" content=\"9 g\u00fcn \u0259vv\u0259l o, Qaraba\u011fda \u0259razil\u0259rin t\u0259hvil verilm\u0259si haqda onun fikrinc\u0259, \u201cx\u0259yan\u0259tkar raz\u0131la\u015fman\u0131\u201d imzalayan Erm\u0259nistan\u0131n ba\u015f nazirinin istefas\u0131 t\u0259l\u0259bi il\u0259 acl\u0131q elan etmi\u015fdi\" \/>\n<meta name=\"robots\" content=\"index, follow, max-snippet:-1, max-image-preview:large, max-video-preview:-1\" \/>\n<link rel=\"canonical\" href=\"https:\/\/jam-news.net\/az\/muxalif\u0259tcil\u0259r-acligi-dayandiriblar-gegam-manukyan\/\" \/>\n<meta property=\"og:locale\" content=\"az_AZ\" \/>\n<meta property=\"og:type\" content=\"article\" \/>\n<meta property=\"og:title\" content=\"M\u00fcxalif\u0259t\u00e7i b\u00fct\u00fcn erm\u0259nil\u0259rin Katolikosu il\u0259 g\u00f6r\u00fc\u015f\u0259nd\u0259n sonra acl\u0131\u011f\u0131 dayand\u0131r\u0131b - JAMnews\" \/>\n<meta property=\"og:description\" content=\"9 g\u00fcn \u0259vv\u0259l o, Qaraba\u011fda \u0259razil\u0259rin t\u0259hvil verilm\u0259si haqda onun fikrinc\u0259, \u201cx\u0259yan\u0259tkar raz\u0131la\u015fman\u0131\u201d imzalayan Erm\u0259nistan\u0131n ba\u015f nazirinin istefas\u0131 t\u0259l\u0259bi il\u0259 acl\u0131q elan etmi\u015fdi\" \/>\n<meta property=\"og:url\" content=\"https:\/\/jam-news.net\/az\/muxalif\u0259tcil\u0259r-acligi-dayandiriblar-gegam-manukyan\/\" \/>\n<meta property=\"og:site_name\" content=\"Azerbaijani Jamnews\" \/>\n<meta property=\"article:publisher\" content=\"https:\/\/www.facebook.com\/JAMnewsInEnglish\/\" \/>\n<meta property=\"article:published_time\" content=\"2020-12-01T12:01:18+00:00\" \/>\n<meta property=\"article:modified_time\" content=\"2022-01-17T20:59:11+00:00\" \/>\n<meta property=\"og:image\" content=\"https:\/\/jam-news.net\/app\/uploads\/2020\/12\/128641383_10220909579461576_2667254758780118859_o.jpg\" \/>\n\t<meta property=\"og:image:width\" content=\"1677\" \/>\n\t<meta property=\"og:image:height\" content=\"945\" \/>\n\t<meta property=\"og:image:type\" content=\"image\/jpeg\" \/>\n<meta name=\"author\" content=\"Naira Martikian\" \/>\n<meta name=\"twitter:card\" content=\"summary_large_image\" \/>\n<meta name=\"twitter:creator\" content=\"@JAMnewsCaucasus\" \/>\n<meta name=\"twitter:site\" content=\"@JAMnewsCaucasus\" \/>\n<meta name=\"twitter:label1\" content=\"Written by\" \/>\n\t<meta name=\"twitter:data1\" content=\"Naira Martikian\" \/>\n\t<meta name=\"twitter:label2\" content=\"Est. reading time\" \/>\n\t<meta name=\"twitter:data2\" content=\"1 minute\" \/>\n<script type=\"application\/ld+json\" class=\"yoast-schema-graph\">{\"@context\":\"https:\/\/schema.org\",\"@graph\":[{\"@type\":\"Article\",\"@id\":\"https:\/\/jam-news.net\/az\/muxalif%c9%99tcil%c9%99r-acligi-dayandiriblar-gegam-manukyan\/#article\",\"isPartOf\":{\"@id\":\"https:\/\/jam-news.net\/az\/muxalif%c9%99tcil%c9%99r-acligi-dayandiriblar-gegam-manukyan\/\"},\"author\":{\"name\":\"Naira Martikian\",\"@id\":\"https:\/\/jam-news.net\/az\/#\/schema\/person\/e82f374df8fce3377c56e285e5c11387\"},\"headline\":\"M\u00fcxalif\u0259t\u00e7i b\u00fct\u00fcn erm\u0259nil\u0259rin Katolikosu il\u0259 g\u00f6r\u00fc\u015f\u0259nd\u0259n sonra acl\u0131\u011f\u0131 dayand\u0131r\u0131b\",\"datePublished\":\"2020-12-01T12:01:18+00:00\",\"dateModified\":\"2022-01-17T20:59:11+00:00\",\"mainEntityOfPage\":{\"@id\":\"https:\/\/jam-news.net\/az\/muxalif%c9%99tcil%c9%99r-acligi-dayandiriblar-gegam-manukyan\/\"},\"wordCount\":299,\"publisher\":{\"@id\":\"https:\/\/jam-news.net\/az\/#organization\"},\"image\":{\"@id\":\"https:\/\/jam-news.net\/az\/muxalif%c9%99tcil%c9%99r-acligi-dayandiriblar-gegam-manukyan\/#primaryimage\"},\"thumbnailUrl\":\"https:\/\/jam-news.net\/app\/uploads\/2020\/12\/128641383_10220909579461576_2667254758780118859_o.jpg\",\"keywords\":[\"ba\u015f nazirin istefas\u0131\",\"Ge\u011fam Manukyan\",\"Nikol Pa\u015finyan\",\"x\u0259b\u0259rl\u0259r Erm\u0259nistan\"],\"articleSection\":[\"Armenia\",\"News\",\"Politics\"],\"inLanguage\":\"az\"},{\"@type\":\"WebPage\",\"@id\":\"https:\/\/jam-news.net\/az\/muxalif%c9%99tcil%c9%99r-acligi-dayandiriblar-gegam-manukyan\/\",\"url\":\"https:\/\/jam-news.net\/az\/muxalif%c9%99tcil%c9%99r-acligi-dayandiriblar-gegam-manukyan\/\",\"name\":\"M\u00fcxalif\u0259t\u00e7i b\u00fct\u00fcn erm\u0259nil\u0259rin Katolikosu il\u0259 g\u00f6r\u00fc\u015f\u0259nd\u0259n sonra acl\u0131\u011f\u0131 dayand\u0131r\u0131b - JAMnews\",\"isPartOf\":{\"@id\":\"https:\/\/jam-news.net\/az\/#website\"},\"primaryImageOfPage\":{\"@id\":\"https:\/\/jam-news.net\/az\/muxalif%c9%99tcil%c9%99r-acligi-dayandiriblar-gegam-manukyan\/#primaryimage\"},\"image\":{\"@id\":\"https:\/\/jam-news.net\/az\/muxalif%c9%99tcil%c9%99r-acligi-dayandiriblar-gegam-manukyan\/#primaryimage\"},\"thumbnailUrl\":\"https:\/\/jam-news.net\/app\/uploads\/2020\/12\/128641383_10220909579461576_2667254758780118859_o.jpg\",\"datePublished\":\"2020-12-01T12:01:18+00:00\",\"dateModified\":\"2022-01-17T20:59:11+00:00\",\"description\":\"9 g\u00fcn \u0259vv\u0259l o, Qaraba\u011fda \u0259razil\u0259rin t\u0259hvil verilm\u0259si haqda onun fikrinc\u0259, \u201cx\u0259yan\u0259tkar raz\u0131la\u015fman\u0131\u201d imzalayan Erm\u0259nistan\u0131n ba\u015f nazirinin istefas\u0131 t\u0259l\u0259bi il\u0259 acl\u0131q elan etmi\u015fdi\",\"breadcrumb\":{\"@id\":\"https:\/\/jam-news.net\/az\/muxalif%c9%99tcil%c9%99r-acligi-dayandiriblar-gegam-manukyan\/#breadcrumb\"},\"inLanguage\":\"az\",\"potentialAction\":[{\"@type\":\"ReadAction\",\"target\":[\"https:\/\/jam-news.net\/az\/muxalif%c9%99tcil%c9%99r-acligi-dayandiriblar-gegam-manukyan\/\"]}]},{\"@type\":\"ImageObject\",\"inLanguage\":\"az\",\"@id\":\"https:\/\/jam-news.net\/az\/muxalif%c9%99tcil%c9%99r-acligi-dayandiriblar-gegam-manukyan\/#primaryimage\",\"url\":\"https:\/\/jam-news.net\/app\/uploads\/2020\/12\/128641383_10220909579461576_2667254758780118859_o.jpg\",\"contentUrl\":\"https:\/\/jam-news.net\/app\/uploads\/2020\/12\/128641383_10220909579461576_2667254758780118859_o.jpg\",\"width\":1677,\"height\":945},{\"@type\":\"BreadcrumbList\",\"@id\":\"https:\/\/jam-news.net\/az\/muxalif%c9%99tcil%c9%99r-acligi-dayandiriblar-gegam-manukyan\/#breadcrumb\",\"itemListElement\":[{\"@type\":\"ListItem\",\"position\":1,\"name\":\"Home\",\"item\":\"https:\/\/jam-news.net\/az\/\"},{\"@type\":\"ListItem\",\"position\":2,\"name\":\"M\u00fcxalif\u0259t\u00e7i b\u00fct\u00fcn erm\u0259nil\u0259rin Katolikosu il\u0259 g\u00f6r\u00fc\u015f\u0259nd\u0259n sonra acl\u0131\u011f\u0131 dayand\u0131r\u0131b\"}]},{\"@type\":\"WebSite\",\"@id\":\"https:\/\/jam-news.net\/az\/#website\",\"url\":\"https:\/\/jam-news.net\/az\/\",\"name\":\"Azerbaijani Jamnews\",\"description\":\"Caucasus News, Politics and Society\",\"publisher\":{\"@id\":\"https:\/\/jam-news.net\/az\/#organization\"},\"potentialAction\":[{\"@type\":\"SearchAction\",\"target\":{\"@type\":\"EntryPoint\",\"urlTemplate\":\"https:\/\/jam-news.net\/az\/?s={search_term_string}\"},\"query-input\":{\"@type\":\"PropertyValueSpecification\",\"valueRequired\":true,\"valueName\":\"search_term_string\"}}],\"inLanguage\":\"az\"},{\"@type\":\"Organization\",\"@id\":\"https:\/\/jam-news.net\/az\/#organization\",\"name\":\"JAMnews\",\"url\":\"https:\/\/jam-news.net\/az\/\",\"logo\":{\"@type\":\"ImageObject\",\"inLanguage\":\"az\",\"@id\":\"https:\/\/jam-news.net\/az\/#\/schema\/logo\/image\/\",\"url\":\"https:\/\/jam-news.net\/app\/uploads\/2020\/05\/JAM_w.jpg\",\"contentUrl\":\"https:\/\/jam-news.net\/app\/uploads\/2020\/05\/JAM_w.jpg\",\"width\":960,\"height\":960,\"caption\":\"JAMnews\"},\"image\":{\"@id\":\"https:\/\/jam-news.net\/az\/#\/schema\/logo\/image\/\"},\"sameAs\":[\"https:\/\/www.facebook.com\/JAMnewsInEnglish\/\",\"https:\/\/x.com\/JAMnewsCaucasus\",\"https:\/\/www.instagram.com\/jam_news\/\",\"https:\/\/www.youtube.com\/channel\/UCXQbUCme2pykuZYXWHx4VPg\"]},{\"@type\":\"Person\",\"@id\":\"https:\/\/jam-news.net\/az\/#\/schema\/person\/e82f374df8fce3377c56e285e5c11387\",\"name\":\"Naira Martikian\",\"image\":{\"@type\":\"ImageObject\",\"inLanguage\":\"az\",\"@id\":\"https:\/\/jam-news.net\/az\/#\/schema\/person\/image\/\",\"url\":\"https:\/\/secure.gravatar.com\/avatar\/0696bcd343e46256c029b752a654bade?s=96&d=mm&r=g\",\"contentUrl\":\"https:\/\/secure.gravatar.com\/avatar\/0696bcd343e46256c029b752a654bade?s=96&d=mm&r=g\",\"caption\":\"Naira Martikian\"},\"url\":\"https:\/\/jam-news.net\/az\/author\/nairama\/\"}]}<\/script>\n<!-- \/ Yoast SEO plugin. -->","yoast_head_json":{"title":"M\u00fcxalif\u0259t\u00e7i b\u00fct\u00fcn erm\u0259nil\u0259rin Katolikosu il\u0259 g\u00f6r\u00fc\u015f\u0259nd\u0259n sonra acl\u0131\u011f\u0131 dayand\u0131r\u0131b - JAMnews","description":"9 g\u00fcn \u0259vv\u0259l o, Qaraba\u011fda \u0259razil\u0259rin t\u0259hvil verilm\u0259si haqda onun fikrinc\u0259, \u201cx\u0259yan\u0259tkar raz\u0131la\u015fman\u0131\u201d imzalayan Erm\u0259nistan\u0131n ba\u015f nazirinin istefas\u0131 t\u0259l\u0259bi il\u0259 acl\u0131q elan etmi\u015fdi","robots":{"index":"index","follow":"follow","max-snippet":"max-snippet:-1","max-image-preview":"max-image-preview:large","max-video-preview":"max-video-preview:-1"},"canonical":"https:\/\/jam-news.net\/az\/muxalif\u0259tcil\u0259r-acligi-dayandiriblar-gegam-manukyan\/","og_locale":"az_AZ","og_type":"article","og_title":"M\u00fcxalif\u0259t\u00e7i b\u00fct\u00fcn erm\u0259nil\u0259rin Katolikosu il\u0259 g\u00f6r\u00fc\u015f\u0259nd\u0259n sonra acl\u0131\u011f\u0131 dayand\u0131r\u0131b - JAMnews","og_description":"9 g\u00fcn \u0259vv\u0259l o, Qaraba\u011fda \u0259razil\u0259rin t\u0259hvil verilm\u0259si haqda onun fikrinc\u0259, \u201cx\u0259yan\u0259tkar raz\u0131la\u015fman\u0131\u201d imzalayan Erm\u0259nistan\u0131n ba\u015f nazirinin istefas\u0131 t\u0259l\u0259bi il\u0259 acl\u0131q elan etmi\u015fdi","og_url":"https:\/\/jam-news.net\/az\/muxalif\u0259tcil\u0259r-acligi-dayandiriblar-gegam-manukyan\/","og_site_name":"Azerbaijani Jamnews","article_publisher":"https:\/\/www.facebook.com\/JAMnewsInEnglish\/","article_published_time":"2020-12-01T12:01:18+00:00","article_modified_time":"2022-01-17T20:59:11+00:00","og_image":[{"width":1677,"height":945,"url":"https:\/\/jam-news.net\/app\/uploads\/2020\/12\/128641383_10220909579461576_2667254758780118859_o.jpg","type":"image\/jpeg"}],"author":"Naira Martikian","twitter_card":"summary_large_image","twitter_creator":"@JAMnewsCaucasus","twitter_site":"@JAMnewsCaucasus","twitter_misc":{"Written by":"Naira Martikian","Est. reading time":"1 minute"},"schema":{"@context":"https:\/\/schema.org","@graph":[{"@type":"Article","@id":"https:\/\/jam-news.net\/az\/muxalif%c9%99tcil%c9%99r-acligi-dayandiriblar-gegam-manukyan\/#article","isPartOf":{"@id":"https:\/\/jam-news.net\/az\/muxalif%c9%99tcil%c9%99r-acligi-dayandiriblar-gegam-manukyan\/"},"author":{"name":"Naira Martikian","@id":"https:\/\/jam-news.net\/az\/#\/schema\/person\/e82f374df8fce3377c56e285e5c11387"},"headline":"M\u00fcxalif\u0259t\u00e7i b\u00fct\u00fcn erm\u0259nil\u0259rin Katolikosu il\u0259 g\u00f6r\u00fc\u015f\u0259nd\u0259n sonra acl\u0131\u011f\u0131 dayand\u0131r\u0131b","datePublished":"2020-12-01T12:01:18+00:00","dateModified":"2022-01-17T20:59:11+00:00","mainEntityOfPage":{"@id":"https:\/\/jam-news.net\/az\/muxalif%c9%99tcil%c9%99r-acligi-dayandiriblar-gegam-manukyan\/"},"wordCount":299,"publisher":{"@id":"https:\/\/jam-news.net\/az\/#organization"},"image":{"@id":"https:\/\/jam-news.net\/az\/muxalif%c9%99tcil%c9%99r-acligi-dayandiriblar-gegam-manukyan\/#primaryimage"},"thumbnailUrl":"https:\/\/jam-news.net\/app\/uploads\/2020\/12\/128641383_10220909579461576_2667254758780118859_o.jpg","keywords":["ba\u015f nazirin istefas\u0131","Ge\u011fam Manukyan","Nikol Pa\u015finyan","x\u0259b\u0259rl\u0259r Erm\u0259nistan"],"articleSection":["Armenia","News","Politics"],"inLanguage":"az"},{"@type":"WebPage","@id":"https:\/\/jam-news.net\/az\/muxalif%c9%99tcil%c9%99r-acligi-dayandiriblar-gegam-manukyan\/","url":"https:\/\/jam-news.net\/az\/muxalif%c9%99tcil%c9%99r-acligi-dayandiriblar-gegam-manukyan\/","name":"M\u00fcxalif\u0259t\u00e7i b\u00fct\u00fcn erm\u0259nil\u0259rin Katolikosu il\u0259 g\u00f6r\u00fc\u015f\u0259nd\u0259n sonra acl\u0131\u011f\u0131 dayand\u0131r\u0131b - JAMnews","isPartOf":{"@id":"https:\/\/jam-news.net\/az\/#website"},"primaryImageOfPage":{"@id":"https:\/\/jam-news.net\/az\/muxalif%c9%99tcil%c9%99r-acligi-dayandiriblar-gegam-manukyan\/#primaryimage"},"image":{"@id":"https:\/\/jam-news.net\/az\/muxalif%c9%99tcil%c9%99r-acligi-dayandiriblar-gegam-manukyan\/#primaryimage"},"thumbnailUrl":"https:\/\/jam-news.net\/app\/uploads\/2020\/12\/128641383_10220909579461576_2667254758780118859_o.jpg","datePublished":"2020-12-01T12:01:18+00:00","dateModified":"2022-01-17T20:59:11+00:00","description":"9 g\u00fcn \u0259vv\u0259l o, Qaraba\u011fda \u0259razil\u0259rin t\u0259hvil verilm\u0259si haqda onun fikrinc\u0259, \u201cx\u0259yan\u0259tkar raz\u0131la\u015fman\u0131\u201d imzalayan Erm\u0259nistan\u0131n ba\u015f nazirinin istefas\u0131 t\u0259l\u0259bi il\u0259 acl\u0131q elan etmi\u015fdi","breadcrumb":{"@id":"https:\/\/jam-news.net\/az\/muxalif%c9%99tcil%c9%99r-acligi-dayandiriblar-gegam-manukyan\/#breadcrumb"},"inLanguage":"az","potentialAction":[{"@type":"ReadAction","target":["https:\/\/jam-news.net\/az\/muxalif%c9%99tcil%c9%99r-acligi-dayandiriblar-gegam-manukyan\/"]}]},{"@type":"ImageObject","inLanguage":"az","@id":"https:\/\/jam-news.net\/az\/muxalif%c9%99tcil%c9%99r-acligi-dayandiriblar-gegam-manukyan\/#primaryimage","url":"https:\/\/jam-news.net\/app\/uploads\/2020\/12\/128641383_10220909579461576_2667254758780118859_o.jpg","contentUrl":"https:\/\/jam-news.net\/app\/uploads\/2020\/12\/128641383_10220909579461576_2667254758780118859_o.jpg","width":1677,"height":945},{"@type":"BreadcrumbList","@id":"https:\/\/jam-news.net\/az\/muxalif%c9%99tcil%c9%99r-acligi-dayandiriblar-gegam-manukyan\/#breadcrumb","itemListElement":[{"@type":"ListItem","position":1,"name":"Home","item":"https:\/\/jam-news.net\/az\/"},{"@type":"ListItem","position":2,"name":"M\u00fcxalif\u0259t\u00e7i b\u00fct\u00fcn erm\u0259nil\u0259rin Katolikosu il\u0259 g\u00f6r\u00fc\u015f\u0259nd\u0259n sonra acl\u0131\u011f\u0131 dayand\u0131r\u0131b"}]},{"@type":"WebSite","@id":"https:\/\/jam-news.net\/az\/#website","url":"https:\/\/jam-news.net\/az\/","name":"Azerbaijani Jamnews","description":"Caucasus News, Politics and Society","publisher":{"@id":"https:\/\/jam-news.net\/az\/#organization"},"potentialAction":[{"@type":"SearchAction","target":{"@type":"EntryPoint","urlTemplate":"https:\/\/jam-news.net\/az\/?s={search_term_string}"},"query-input":{"@type":"PropertyValueSpecification","valueRequired":true,"valueName":"search_term_string"}}],"inLanguage":"az"},{"@type":"Organization","@id":"https:\/\/jam-news.net\/az\/#organization","name":"JAMnews","url":"https:\/\/jam-news.net\/az\/","logo":{"@type":"ImageObject","inLanguage":"az","@id":"https:\/\/jam-news.net\/az\/#\/schema\/logo\/image\/","url":"https:\/\/jam-news.net\/app\/uploads\/2020\/05\/JAM_w.jpg","contentUrl":"https:\/\/jam-news.net\/app\/uploads\/2020\/05\/JAM_w.jpg","width":960,"height":960,"caption":"JAMnews"},"image":{"@id":"https:\/\/jam-news.net\/az\/#\/schema\/logo\/image\/"},"sameAs":["https:\/\/www.facebook.com\/JAMnewsInEnglish\/","https:\/\/x.com\/JAMnewsCaucasus","https:\/\/www.instagram.com\/jam_news\/","https:\/\/www.youtube.com\/channel\/UCXQbUCme2pykuZYXWHx4VPg"]},{"@type":"Person","@id":"https:\/\/jam-news.net\/az\/#\/schema\/person\/e82f374df8fce3377c56e285e5c11387","name":"Naira Martikian","image":{"@type":"ImageObject","inLanguage":"az","@id":"https:\/\/jam-news.net\/az\/#\/schema\/person\/image\/","url":"https:\/\/secure.gravatar.com\/avatar\/0696bcd343e46256c029b752a654bade?s=96&d=mm&r=g","contentUrl":"https:\/\/secure.gravatar.com\/avatar\/0696bcd343e46256c029b752a654bade?s=96&d=mm&r=g","caption":"Naira Martikian"},"url":"https:\/\/jam-news.net\/az\/author\/nairama\/"}]}},"_links":{"self":[{"href":"https:\/\/jam-news.net\/az\/wp-json\/wp\/v2\/posts\/39658","targetHints":{"allow":["GET"]}}],"collection":[{"href":"https:\/\/jam-news.net\/az\/wp-json\/wp\/v2\/posts"}],"about":[{"href":"https:\/\/jam-news.net\/az\/wp-json\/wp\/v2\/types\/post"}],"author":[{"embeddable":true,"href":"https:\/\/jam-news.net\/az\/wp-json\/wp\/v2\/users\/8"}],"replies":[{"embeddable":true,"href":"https:\/\/jam-news.net\/az\/wp-json\/wp\/v2\/comments?post=39658"}],"version-history":[{"count":3,"href":"https:\/\/jam-news.net\/az\/wp-json\/wp\/v2\/posts\/39658\/revisions"}],"predecessor-version":[{"id":39693,"href":"https:\/\/jam-news.net\/az\/wp-json\/wp\/v2\/posts\/39658\/revisions\/39693"}],"wp:featuredmedia":[{"embeddable":true,"href":"https:\/\/jam-news.net\/az\/wp-json\/wp\/v2\/media\/39656"}],"wp:attachment":[{"href":"https:\/\/jam-news.net\/az\/wp-json\/wp\/v2\/media?parent=39658"}],"wp:term":[{"taxonomy":"category","embeddable":true,"href":"https:\/\/jam-news.net\/az\/wp-json\/wp\/v2\/categories?post=39658"},{"taxonomy":"post_tag","embeddable":true,"href":"https:\/\/jam-news.net\/az\/wp-json\/wp\/v2\/tags?post=39658"},{"taxonomy":"formation","embeddable":true,"href":"https:\/\/jam-news.net\/az\/wp-json\/wp\/v2\/formation?post=39658"},{"taxonomy":"post-author","embeddable":true,"href":"https:\/\/jam-news.net\/az\/wp-json\/wp\/v2\/post-author?post=39658"},{"taxonomy":"topic","embeddable":true,"href":"https:\/\/jam-news.net\/az\/wp-json\/wp\/v2\/topic?post=39658"},{"taxonomy":"tooltip","embeddable":true,"href":"https:\/\/jam-news.net\/az\/wp-json\/wp\/v2\/tooltip?post=39658"},{"taxonomy":"city","embeddable":true,"href":"https:\/\/jam-news.net\/az\/wp-json\/wp\/v2\/city?post=39658"}],"curies":[{"name":"wp","href":"https:\/\/api.w.org\/{rel}","templated":true}]}}