{"id":3944,"date":"2016-06-13T00:00:00","date_gmt":"2016-06-13T00:00:00","guid":{"rendered":"http:\/\/jam-news.net\/az\/gurcustan-baxmagi-t%c9%99klif-edir\/"},"modified":"2020-03-18T10:52:36","modified_gmt":"2020-03-18T10:52:36","slug":"gurcustan-baxmagi-t%c9%99klif-edir","status":"publish","type":"post","link":"https:\/\/jam-news.net\/az\/gurcustan-baxmagi-t%c9%99klif-edir\/","title":{"rendered":"G\u00fcrc\u00fcstan baxma\u011f\u0131 t\u0259klif edir"},"content":{"rendered":"<p><span style=\"font-size: 12pt;\">Abxaziya sakinl\u0259ri bu g&uuml;nl\u0259rd\u0259 adi antenal\u0131 televizorlar\u0131 quranda bel\u0259, ad\u0259t etdikl\u0259ri kanallar siyah\u0131s\u0131na eyni zamanda 20 g&uuml;rc&uuml; kanal\u0131n\u0131n d\u0259 \u0259lav\u0259 olundu\u011funu g&ouml;r&uuml;rl\u0259r. &ldquo;\u042d\u0445\u043e \u041a\u0430\u0432\u043a\u0430\u0437\u0430 <a href=\"http:\/\/www.ekhokavkaza.com\/a\/27757303.html\" target=\"_blank\" rel=\"noopener noreferrer\">sayt\u0131n\u0131n<\/a> yazd\u0131\u011f\u0131na g&ouml;r\u0259, yay\u0131m\u0131 g&uuml;rc&uuml; \u015firk\u0259ti &ldquo;Stereo+ t\u0259min ed<\/span><span style=\"font-size: 12pt;\">ib.<\/span><\/p>\n<p><span style=\"font-size: 12pt;\">\u015eirk\u0259tin yarad\u0131c\u0131s\u0131 <strong><span style=\"color: #000000;\">David Zilpimianinin<\/span><\/strong> s&ouml;zl\u0259rin\u0259 g&ouml;r\u0259, &ldquo;Stereo+ tenderi udub v\u0259 G&uuml;rc&uuml;stan\u0131n r\u0259q\u0259msal televiziyaya ke&ccedil;idi layih\u0259si &uuml;z\u0259rind\u0259 i\u015fl\u0259yib. Layih\u0259 Avropa Yenid\u0259nqurma v\u0259 \u0130nki\u015faf Bank\u0131 t\u0259r\u0259find\u0259n d\u0259st\u0259kl\u0259nib v\u0259 18 milyon avro d\u0259y\u0259rind\u0259 olub. Amma Abxaziya v\u0259 C\u0259nubi Osetiya \u0259razisind\u0259 yay\u0131m layih\u0259y\u0259 daxil deyildi v\u0259 bu, &ldquo;Stereo+un birt\u0259r\u0259fli xo\u015f niyy\u0259tli jestidir, &ccedil;&uuml;nki \u015firk\u0259tin d&ouml;vl\u0259t qar\u015f\u0131s\u0131nda [bel\u0259 bir] &ouml;hd\u0259liyi yoxdur.<\/span><\/p>\n<p><span style=\"font-size: 12pt;\">\u018fvv\u0259ll\u0259r ancaq Abxaziyan\u0131n \u015f\u0259rqind\u0259ki bir ne&ccedil;\u0259 k\u0259nd\u0259 g&uuml;rc&uuml; kanallar\u0131n\u0131n z\u0259if siqnal\u0131 &ccedil;at\u0131rd\u0131. Haz\u0131rda is\u0259 Zuqdidi rayonunda g&uuml;rc&uuml; retranslyasiya stansiyas\u0131 qura\u015fd\u0131r\u0131l\u0131b, onun da siqnal\u0131 O&ccedil;am&ccedil;ira rayonunu b&uuml;t&uuml;n \u0259razisini, eyni zamanda Tkvar&ccedil;eli v\u0259 Qulrip\u015f rayonlar\u0131n\u0131n Dranda k\u0259ndin\u0259 q\u0259d\u0259r sah\u0259sinin bir hiss\u0259sini \u0259hat\u0259 edir.<\/span><\/p>\n<p><span style=\"font-size: 12pt;\">Abxaziya sakinl\u0259ri Abxaziyan\u0131n efirind\u0259 g&uuml;rc&uuml; kanallar\u0131n\u0131n peyda olunmas\u0131n\u0131 f\u0259rqli \u015f\u0259kild\u0259 d\u0259y\u0259rl\u0259ndirirl\u0259r.<\/span><\/p>\n<p><span style=\"font-size: 12pt;\">Jurnalist v\u0259 ictimai xadim <strong><span style=\"color: #000000;\">Nadejda Venidiktova<\/span><\/strong> bunu m\u0259nas\u0131z say\u0131r:<\/span><\/p>\n<p><span style=\"font-size: 12pt;\">&ldquo;G&uuml;rc&uuml; kanallar\u0131na baxmaq ist\u0259y\u0259nl\u0259r bunu internet vasit\u0259siyl\u0259 d\u0259 ed\u0259 bil\u0259rl\u0259r. \u0130st\u0259m\u0259y\u0259nl\u0259r is\u0259 bunu adi antena il\u0259 d\u0259 etm\u0259y\u0259c\u0259kl\u0259r. Bu, G&uuml;rc&uuml;stan t\u0259r\u0259find\u0259n edil\u0259n tamamiyl\u0259 m\u0259nas\u0131z bir t\u0259\u015f\u0259bb&uuml;sd&uuml;r.<\/span><\/p>\n<p><span style=\"font-size: 12pt;\">Jurnalist <strong><span style=\"color: #000000;\">Roin Aqrba<\/span><\/strong> hesab edir ki, h\u0259min kanallar Qal rayonunun sakinl\u0259rind\u0259n ba\u015fqa he&ccedil; kim\u0259 laz\u0131m deyil.<\/span><\/p>\n<p><span style=\"font-size: 12pt;\">&ldquo;Ax\u0131 dig\u0259rl\u0259ri sad\u0259c\u0259 dili bilmirl\u0259r. M\u0259n bu kanallara baxm\u0131\u015fam. H\u0259tta d\u0259mir \u0259s\u0259bl\u0259ri v\u0259 kifay\u0259t q\u0259d\u0259r tolerant insan olan m\u0259ni bel\u0259 bu g&ouml;r&uuml;nt&uuml; &ouml;z&uuml;nd\u0259n &ccedil;\u0131xar\u0131rd\u0131. Buna g&ouml;r\u0259 d\u0259 m\u0259n sad\u0259c\u0259 peyk antenas\u0131n\u0131 s&ouml;nd&uuml;rm\u0259k q\u0259rar\u0131na g\u0259ldim.<\/span><\/p>\n<p><span style=\"color: #000000;\"><strong><span style=\"font-size: 12pt;\">Madlena Xuro\u015fvili:<\/span><\/strong><\/span><\/p>\n<p><span style=\"font-size: 12pt;\">&ldquo;Bu \u0259lad\u0131r, \u0259sas\u0131 odur ki, he&ccedil; kim g&uuml;rc&uuml; kanallar\u0131n\u0131 Abxaziyaya qar\u015f\u0131 hibrid m&uuml;bariz\u0259sinin al\u0259ti adland\u0131r\u0131b, onlar\u0131 s&ouml;nd&uuml;rm\u0259yi t\u0259klif etm\u0259sin. Evimizd\u0259 peyk antenas\u0131 g&uuml;rc&uuml; kanal\u0131n\u0131 tutur, dili bilm\u0259diyim &uuml;&ccedil;&uuml;n baxm\u0131ram, amma t\u0259rc&uuml;m\u0259 olsayd\u0131, b\u0259lk\u0259 d\u0259 baxard\u0131m. Amma unutmaq laz\u0131m deyil ki, \u0259ks\u0259r ya\u015fl\u0131 n\u0259slin n&uuml;may\u0259nd\u0259l\u0259ri g&uuml;rc&uuml; dilini ba\u015fa d&uuml;\u015f&uuml;rl\u0259r. <\/span><br \/><span style=\"font-size: 12pt;\">&laquo;\u042d\u0442\u043e \u0437\u0434\u043e\u0440\u043e\u0432\u043e, \u0433\u043b\u0430\u0432\u043d\u043e\u0435, \u0447\u0442\u043e\u0431\u044b \u043d\u0438\u043a\u0442\u043e \u043d\u0435 \u043d\u0430\u0437\u0432\u0430\u043b \u0433\u0440\u0443\u0437\u0438\u043d\u0441\u043a\u0438\u0435<\/span><\/p>\n<p><span style=\"color: #000000;\"><strong><span style=\"font-size: 12pt;\">Alxas &Ccedil;kotua:<\/span><\/strong><\/span><\/p>\n<p><span style=\"font-size: 12pt;\">&ldquo;\u018fg\u0259r bu kanallarda \u0259sas fikir ondan ibar\u0259t olacaq ki, Abxaziyada h\u0259r \u015fey pis, G&uuml;rc&uuml;standa is\u0259 h\u0259r \u015fey yax\u015f\u0131d\u0131r v\u0259 Abxaziya m&uuml;tl\u0259q G&uuml;rc&uuml;stan\u0131n t\u0259rkibin\u0259 ke&ccedil;m\u0259lidir, onda bu kanallar m\u0259nas\u0131zd\u0131r. Yox, \u0259g\u0259r bu kanallar G&uuml;rc&uuml;standa insanlar\u0131n h\u0259yat\u0131, hans\u0131sa maraql\u0131 hadis\u0259l\u0259r bar\u0259d\u0259 dan\u0131\u015facaqsa, onda niy\u0259 onlara baxmayaq ki? M&uuml;xt\u0259lif fikirl\u0259rin say\u0259sind\u0259 bizim &ouml;z, obyektiv yana\u015fmam\u0131z formala\u015f\u0131r. Burada t\u0259hl&uuml;k\u0259li he&ccedil; n\u0259 g&ouml;rm&uuml;r\u0259m.<\/span><\/p>\n<p><span style=\"color: #000000;\"><strong><span style=\"font-size: 12pt;\">Marianna A&ccedil;ba:<\/span><\/strong><\/span><\/p>\n<p><span style=\"font-size: 12pt;\">&ldquo;Abxaziya r\u0259hb\u0259rliyi bizim iki kanal\u0131n da G&uuml;rc&uuml;standa yay\u0131mlanmas\u0131 bar\u0259d\u0259 d&uuml;\u015f&uuml;n\u0259 bil\u0259rdi. Niy\u0259 d\u0259 ki yox? Qoy bu da xo\u015f niyy\u0259t jesti olsun.<\/span><\/p>\n<p><span style=\"color: #000000;\"><strong><span style=\"font-size: 12pt;\">Aditsa Samandjiya:<\/span><\/strong><\/span><\/p>\n<p><span style=\"font-size: 12pt;\">&ldquo;Onlar\u0131n haqq\u0131nda n\u0259 g&ouml;rm\u0259k, n\u0259 d\u0259 e\u015fitm\u0259k ist\u0259yir\u0259m. Onlar\u0131n xo\u015f niyy\u0259ti art\u0131q 1992-1993-c&uuml; ill\u0259rd\u0259 olub.<\/span><\/p>\n<p><span style=\"font-size: 12pt;\"><span style=\"color: #000000;\"><strong>Alla &Ccedil;akryan<\/strong><\/span> (Dranda k\u0259nd sakini):<\/span><\/p>\n<p><span style=\"font-size: 12pt;\">&ldquo;Bu kanallar\u0131n olub-olmama\u011f\u0131 m\u0259n\u0259 maraql\u0131 deyil. M\u0259n\u0259 mane olmurlar onlar.<\/span><\/p>\n<p><span style=\"color: #000000;\"><strong><span style=\"font-size: 12pt;\">Mziya Mukba:<\/span><\/strong><\/span><\/p>\n<p><span style=\"font-size: 12pt;\">&ldquo;M\u0259n d\u0259qiq baxmayaca\u011fam. \u018flb\u0259tt\u0259 ki, onlar\u0131n yay\u0131m\u0131n\u0131 s\u0259rh\u0259di ba\u011flad\u0131\u011f\u0131m\u0131z kimi ba\u011flamaq laz\u0131md\u0131r. Onlar\u0131n kanallar\u0131 siyasil\u0259\u015fdirilmi\u015f olmasalar bel\u0259 baxmaq ist\u0259mir\u0259m, onlarsa m&uuml;tl\u0259q siyasil\u0259\u015fdirilmi\u015f olacaq, yoxsa bu add\u0131m\u0131 bo\u015f yer\u0259 atmay\u0131blar ki.<\/span><\/p>\n<p><span style=\"font-size: 12pt;\">Abxaziya D&ouml;vl\u0259t Teleradio \u015eirk\u0259tinin ba\u015f direktoru <span style=\"color: #000000;\"><strong>Leonid Yenik<\/strong><\/span> Abxaziyada iyirmi g&uuml;rc&uuml; kanal\u0131n\u0131n olmas\u0131 x\u0259b\u0259rini t\u0259\u0259cc&uuml;bl\u0259 qar\u015f\u0131lad\u0131:<\/span><\/p>\n<p><span style=\"font-size: 12pt;\">&ldquo;Abxaziyada g&uuml;rc&uuml; kanallar\u0131n\u0131n yay\u0131mlanaca\u011f\u0131n\u0131 ilk d\u0259f\u0259dir e\u015fidir\u0259m. Qal rayonunda b\u0259zi g&uuml;rc&uuml; kanallar\u0131n\u0131n yay\u0131mland\u0131\u011f\u0131n\u0131 v\u0259 sakinl\u0259rin onlar\u0131 m\u0259mnuniyy\u0259tl\u0259 baxd\u0131\u011f\u0131n\u0131 bilir\u0259m. Bir vaxtlar burada he&ccedil; bir g&uuml;rc&uuml; kanal\u0131n\u0131n yay\u0131mlanmamas\u0131 &uuml;&ccedil;&uuml;n blok qoymaq ist\u0259yirdil\u0259r. Amma kanallar\u0131n s&ouml;nd&uuml;r&uuml;lm\u0259si m\u0259s\u0259l\u0259si bizim s\u0259lahiyy\u0259timizd\u0259 deyil, bu m\u0259s\u0259l\u0259l\u0259r d&ouml;vl\u0259t s\u0259viyy\u0259sind\u0259 h\u0259ll olunur.<\/span><\/p>\n<p><span style=\"font-size: 12pt;\">Haz\u0131rda Abxaziya \u0259razisind\u0259 18 g&uuml;rc&uuml; kanal\u0131n\u0131 izl\u0259m\u0259k olar. \u0130kisi m&uuml;v\u0259qq\u0259ti olaraq ba\u011flan\u0131b.<\/span><\/p>\n<ul>\n<li><span style=\"font-size: 12pt;\">IMEDI&nbsp;<\/span><\/li>\n<li><span style=\"font-size: 12pt;\">GDS<\/span><\/li>\n<li><span style=\"font-size: 12pt;\">RUSTAVI-2<\/span><\/li>\n<li><span style=\"font-size: 12pt;\">MARAO TV (\u0259yl\u0259nc\u0259)<\/span><\/li>\n<li><span style=\"font-size: 12pt;\">TABULA&nbsp;<\/span><\/li>\n<li><span style=\"font-size: 12pt;\">COMEDI TV &ndash; (\u0259yl\u0259nc\u0259)&nbsp;<\/span><\/li>\n<li><span style=\"font-size: 12pt;\">OBIEQTIVI (m&uuml;zakir\u0259)<\/span><\/li>\n<li><span style=\"font-size: 12pt;\">PALITRA NEWS<\/span><\/li>\n<li><span style=\"font-size: 12pt;\">1-\u0439 \u0259yl\u0259nc\u0259<\/span><\/li>\n<li><span style=\"font-size: 12pt;\">\u0418\u041c\u0415\u0414\u0418+ (\u0259yl\u0259nc\u0259)<\/span><\/li>\n<li><span style=\"font-size: 12pt;\">MAESTRO TV&nbsp;<\/span><\/li>\n<li><span style=\"font-size: 12pt;\">IBERIA<\/span><\/li>\n<li><span style=\"font-size: 12pt;\">SILK UNIVERSAL (\u0259yl\u0259nc\u0259-idman)<\/span><\/li>\n<li><span style=\"font-size: 12pt;\">Stereo+ (musiqi)<\/span><\/li>\n<li><span style=\"font-size: 12pt;\">Georgian TV (\u0259yl\u0259nc\u0259)<\/span><\/li>\n<li><span style=\"font-size: 12pt;\">TV-1 (\u0259yl\u0259nc\u0259)<\/span><\/li>\n<li><span style=\"font-size: 12pt;\">\u0421\u0442\u0435\u0440\u0435\u043e-1 (\u0259yl\u0259nc\u0259)<\/span><\/li>\n<li><span style=\"font-size: 12pt;\">Pravoslav telekanal\u0131<\/span><\/li>\n<\/ul>\n<p>&nbsp;<\/p>\n<p><span style=\"font-size: 12pt;\">[Image_27f8df557de7411a805a612d48352ac0]<\/span><\/p>\n<p>&nbsp;<\/p>\n<p><span style=\"color: #800000;\"><strong><span style=\"font-size: 8pt;\">M\u0259qal\u0259d\u0259ki fikirl\u0259r m&uuml;\u0259llifin n&ouml;qteyi-n\u0259z\u0259rini \u0259ks etdirir v\u0259 redaksiyan\u0131n m&ouml;vqeyi il\u0259 &uuml;st-&uuml;st\u0259 d&uuml;\u015fm\u0259y\u0259 bil\u0259r.<\/span><\/strong><\/span><\/p>\n<p><span style=\"color: #800000;\"><strong><span style=\"font-size: 8pt;\">D\u0259rc edilib: 13.05.2016<\/span><\/strong><\/span><\/p>\n","protected":false},"excerpt":{"rendered":"<p>Abxaziya sakinl\u0259ri \u00e7oxsayl\u0131 g\u00fcrc\u00fc kanallar\u0131na baxa bilirl\u0259r<\/p>\n","protected":false},"author":3,"featured_media":0,"comment_status":"open","ping_status":"open","sticky":false,"template":"","format":"standard","meta":{"_acf_changed":false,"footnotes":""},"categories":[25],"tags":[],"formation":[],"post-author":[2951],"topic":[],"tooltip":[],"city":[],"class_list":["post-3944","post","type-post","status-publish","format-standard","hentry","category-cmiyyt","post-author-stella-adleyba"],"acf":[],"yoast_head":"<!-- This site is optimized with the Yoast SEO plugin v24.1 - https:\/\/yoast.com\/wordpress\/plugins\/seo\/ -->\n<title>G\u00fcrc\u00fcstan baxma\u011f\u0131 t\u0259klif edir - JAMnews<\/title>\n<meta name=\"robots\" content=\"index, follow, max-snippet:-1, max-image-preview:large, max-video-preview:-1\" \/>\n<link rel=\"canonical\" href=\"https:\/\/jam-news.net\/az\/gurcustan-baxmagi-t\u0259klif-edir\/\" \/>\n<meta property=\"og:locale\" content=\"az_AZ\" \/>\n<meta property=\"og:type\" content=\"article\" \/>\n<meta property=\"og:title\" content=\"G\u00fcrc\u00fcstan baxma\u011f\u0131 t\u0259klif edir - JAMnews\" \/>\n<meta property=\"og:description\" content=\"Abxaziya sakinl\u0259ri \u00e7oxsayl\u0131 g\u00fcrc\u00fc kanallar\u0131na baxa bilirl\u0259r\" \/>\n<meta property=\"og:url\" content=\"https:\/\/jam-news.net\/az\/gurcustan-baxmagi-t\u0259klif-edir\/\" \/>\n<meta property=\"og:site_name\" content=\"Azerbaijani Jamnews\" \/>\n<meta property=\"article:publisher\" content=\"https:\/\/www.facebook.com\/JAMnewsInEnglish\/\" \/>\n<meta property=\"article:published_time\" content=\"2016-06-13T00:00:00+00:00\" \/>\n<meta property=\"article:modified_time\" content=\"2020-03-18T10:52:36+00:00\" \/>\n<meta name=\"author\" content=\"JAMnews\" \/>\n<meta name=\"twitter:card\" content=\"summary_large_image\" \/>\n<meta name=\"twitter:creator\" content=\"@JAMnewsCaucasus\" \/>\n<meta name=\"twitter:site\" content=\"@JAMnewsCaucasus\" \/>\n<meta name=\"twitter:label1\" content=\"Written by\" \/>\n\t<meta name=\"twitter:data1\" content=\"JAMnews\" \/>\n\t<meta name=\"twitter:label2\" content=\"Est. reading time\" \/>\n\t<meta name=\"twitter:data2\" content=\"5 minutes\" \/>\n<script type=\"application\/ld+json\" class=\"yoast-schema-graph\">{\"@context\":\"https:\/\/schema.org\",\"@graph\":[{\"@type\":\"Article\",\"@id\":\"https:\/\/jam-news.net\/az\/gurcustan-baxmagi-t%c9%99klif-edir\/#article\",\"isPartOf\":{\"@id\":\"https:\/\/jam-news.net\/az\/gurcustan-baxmagi-t%c9%99klif-edir\/\"},\"author\":{\"name\":\"JAMnews\",\"@id\":\"https:\/\/jam-news.net\/az\/#\/schema\/person\/67df3bb7adb46cd513fb9c4cb02361c6\"},\"headline\":\"G\u00fcrc\u00fcstan baxma\u011f\u0131 t\u0259klif edir\",\"datePublished\":\"2016-06-13T00:00:00+00:00\",\"dateModified\":\"2020-03-18T10:52:36+00:00\",\"mainEntityOfPage\":{\"@id\":\"https:\/\/jam-news.net\/az\/gurcustan-baxmagi-t%c9%99klif-edir\/\"},\"wordCount\":1244,\"commentCount\":0,\"publisher\":{\"@id\":\"https:\/\/jam-news.net\/az\/#organization\"},\"articleSection\":[\"Issues\"],\"inLanguage\":\"az\"},{\"@type\":\"WebPage\",\"@id\":\"https:\/\/jam-news.net\/az\/gurcustan-baxmagi-t%c9%99klif-edir\/\",\"url\":\"https:\/\/jam-news.net\/az\/gurcustan-baxmagi-t%c9%99klif-edir\/\",\"name\":\"G\u00fcrc\u00fcstan baxma\u011f\u0131 t\u0259klif edir - JAMnews\",\"isPartOf\":{\"@id\":\"https:\/\/jam-news.net\/az\/#website\"},\"datePublished\":\"2016-06-13T00:00:00+00:00\",\"dateModified\":\"2020-03-18T10:52:36+00:00\",\"breadcrumb\":{\"@id\":\"https:\/\/jam-news.net\/az\/gurcustan-baxmagi-t%c9%99klif-edir\/#breadcrumb\"},\"inLanguage\":\"az\",\"potentialAction\":[{\"@type\":\"ReadAction\",\"target\":[\"https:\/\/jam-news.net\/az\/gurcustan-baxmagi-t%c9%99klif-edir\/\"]}]},{\"@type\":\"BreadcrumbList\",\"@id\":\"https:\/\/jam-news.net\/az\/gurcustan-baxmagi-t%c9%99klif-edir\/#breadcrumb\",\"itemListElement\":[{\"@type\":\"ListItem\",\"position\":1,\"name\":\"Home\",\"item\":\"https:\/\/jam-news.net\/az\/\"},{\"@type\":\"ListItem\",\"position\":2,\"name\":\"G\u00fcrc\u00fcstan baxma\u011f\u0131 t\u0259klif edir\"}]},{\"@type\":\"WebSite\",\"@id\":\"https:\/\/jam-news.net\/az\/#website\",\"url\":\"https:\/\/jam-news.net\/az\/\",\"name\":\"Azerbaijani Jamnews\",\"description\":\"Caucasus News, Politics and Society\",\"publisher\":{\"@id\":\"https:\/\/jam-news.net\/az\/#organization\"},\"potentialAction\":[{\"@type\":\"SearchAction\",\"target\":{\"@type\":\"EntryPoint\",\"urlTemplate\":\"https:\/\/jam-news.net\/az\/?s={search_term_string}\"},\"query-input\":{\"@type\":\"PropertyValueSpecification\",\"valueRequired\":true,\"valueName\":\"search_term_string\"}}],\"inLanguage\":\"az\"},{\"@type\":\"Organization\",\"@id\":\"https:\/\/jam-news.net\/az\/#organization\",\"name\":\"JAMnews\",\"url\":\"https:\/\/jam-news.net\/az\/\",\"logo\":{\"@type\":\"ImageObject\",\"inLanguage\":\"az\",\"@id\":\"https:\/\/jam-news.net\/az\/#\/schema\/logo\/image\/\",\"url\":\"https:\/\/jam-news.net\/app\/uploads\/2020\/05\/JAM_w.jpg\",\"contentUrl\":\"https:\/\/jam-news.net\/app\/uploads\/2020\/05\/JAM_w.jpg\",\"width\":960,\"height\":960,\"caption\":\"JAMnews\"},\"image\":{\"@id\":\"https:\/\/jam-news.net\/az\/#\/schema\/logo\/image\/\"},\"sameAs\":[\"https:\/\/www.facebook.com\/JAMnewsInEnglish\/\",\"https:\/\/x.com\/JAMnewsCaucasus\",\"https:\/\/www.instagram.com\/jam_news\/\",\"https:\/\/www.youtube.com\/channel\/UCXQbUCme2pykuZYXWHx4VPg\"]},{\"@type\":\"Person\",\"@id\":\"https:\/\/jam-news.net\/az\/#\/schema\/person\/67df3bb7adb46cd513fb9c4cb02361c6\",\"name\":\"JAMnews\",\"image\":{\"@type\":\"ImageObject\",\"inLanguage\":\"az\",\"@id\":\"https:\/\/jam-news.net\/az\/#\/schema\/person\/image\/\",\"url\":\"https:\/\/secure.gravatar.com\/avatar\/e5c27593ef900c3ab3deed4ed1c653d7?s=96&d=mm&r=g\",\"contentUrl\":\"https:\/\/secure.gravatar.com\/avatar\/e5c27593ef900c3ab3deed4ed1c653d7?s=96&d=mm&r=g\",\"caption\":\"JAMnews\"},\"url\":\"https:\/\/jam-news.net\/az\/author\/margarita\/\"}]}<\/script>\n<!-- \/ Yoast SEO plugin. -->","yoast_head_json":{"title":"G\u00fcrc\u00fcstan baxma\u011f\u0131 t\u0259klif edir - JAMnews","robots":{"index":"index","follow":"follow","max-snippet":"max-snippet:-1","max-image-preview":"max-image-preview:large","max-video-preview":"max-video-preview:-1"},"canonical":"https:\/\/jam-news.net\/az\/gurcustan-baxmagi-t\u0259klif-edir\/","og_locale":"az_AZ","og_type":"article","og_title":"G\u00fcrc\u00fcstan baxma\u011f\u0131 t\u0259klif edir - JAMnews","og_description":"Abxaziya sakinl\u0259ri \u00e7oxsayl\u0131 g\u00fcrc\u00fc kanallar\u0131na baxa bilirl\u0259r","og_url":"https:\/\/jam-news.net\/az\/gurcustan-baxmagi-t\u0259klif-edir\/","og_site_name":"Azerbaijani Jamnews","article_publisher":"https:\/\/www.facebook.com\/JAMnewsInEnglish\/","article_published_time":"2016-06-13T00:00:00+00:00","article_modified_time":"2020-03-18T10:52:36+00:00","author":"JAMnews","twitter_card":"summary_large_image","twitter_creator":"@JAMnewsCaucasus","twitter_site":"@JAMnewsCaucasus","twitter_misc":{"Written by":"JAMnews","Est. reading time":"5 minutes"},"schema":{"@context":"https:\/\/schema.org","@graph":[{"@type":"Article","@id":"https:\/\/jam-news.net\/az\/gurcustan-baxmagi-t%c9%99klif-edir\/#article","isPartOf":{"@id":"https:\/\/jam-news.net\/az\/gurcustan-baxmagi-t%c9%99klif-edir\/"},"author":{"name":"JAMnews","@id":"https:\/\/jam-news.net\/az\/#\/schema\/person\/67df3bb7adb46cd513fb9c4cb02361c6"},"headline":"G\u00fcrc\u00fcstan baxma\u011f\u0131 t\u0259klif edir","datePublished":"2016-06-13T00:00:00+00:00","dateModified":"2020-03-18T10:52:36+00:00","mainEntityOfPage":{"@id":"https:\/\/jam-news.net\/az\/gurcustan-baxmagi-t%c9%99klif-edir\/"},"wordCount":1244,"commentCount":0,"publisher":{"@id":"https:\/\/jam-news.net\/az\/#organization"},"articleSection":["Issues"],"inLanguage":"az"},{"@type":"WebPage","@id":"https:\/\/jam-news.net\/az\/gurcustan-baxmagi-t%c9%99klif-edir\/","url":"https:\/\/jam-news.net\/az\/gurcustan-baxmagi-t%c9%99klif-edir\/","name":"G\u00fcrc\u00fcstan baxma\u011f\u0131 t\u0259klif edir - JAMnews","isPartOf":{"@id":"https:\/\/jam-news.net\/az\/#website"},"datePublished":"2016-06-13T00:00:00+00:00","dateModified":"2020-03-18T10:52:36+00:00","breadcrumb":{"@id":"https:\/\/jam-news.net\/az\/gurcustan-baxmagi-t%c9%99klif-edir\/#breadcrumb"},"inLanguage":"az","potentialAction":[{"@type":"ReadAction","target":["https:\/\/jam-news.net\/az\/gurcustan-baxmagi-t%c9%99klif-edir\/"]}]},{"@type":"BreadcrumbList","@id":"https:\/\/jam-news.net\/az\/gurcustan-baxmagi-t%c9%99klif-edir\/#breadcrumb","itemListElement":[{"@type":"ListItem","position":1,"name":"Home","item":"https:\/\/jam-news.net\/az\/"},{"@type":"ListItem","position":2,"name":"G\u00fcrc\u00fcstan baxma\u011f\u0131 t\u0259klif edir"}]},{"@type":"WebSite","@id":"https:\/\/jam-news.net\/az\/#website","url":"https:\/\/jam-news.net\/az\/","name":"Azerbaijani Jamnews","description":"Caucasus News, Politics and Society","publisher":{"@id":"https:\/\/jam-news.net\/az\/#organization"},"potentialAction":[{"@type":"SearchAction","target":{"@type":"EntryPoint","urlTemplate":"https:\/\/jam-news.net\/az\/?s={search_term_string}"},"query-input":{"@type":"PropertyValueSpecification","valueRequired":true,"valueName":"search_term_string"}}],"inLanguage":"az"},{"@type":"Organization","@id":"https:\/\/jam-news.net\/az\/#organization","name":"JAMnews","url":"https:\/\/jam-news.net\/az\/","logo":{"@type":"ImageObject","inLanguage":"az","@id":"https:\/\/jam-news.net\/az\/#\/schema\/logo\/image\/","url":"https:\/\/jam-news.net\/app\/uploads\/2020\/05\/JAM_w.jpg","contentUrl":"https:\/\/jam-news.net\/app\/uploads\/2020\/05\/JAM_w.jpg","width":960,"height":960,"caption":"JAMnews"},"image":{"@id":"https:\/\/jam-news.net\/az\/#\/schema\/logo\/image\/"},"sameAs":["https:\/\/www.facebook.com\/JAMnewsInEnglish\/","https:\/\/x.com\/JAMnewsCaucasus","https:\/\/www.instagram.com\/jam_news\/","https:\/\/www.youtube.com\/channel\/UCXQbUCme2pykuZYXWHx4VPg"]},{"@type":"Person","@id":"https:\/\/jam-news.net\/az\/#\/schema\/person\/67df3bb7adb46cd513fb9c4cb02361c6","name":"JAMnews","image":{"@type":"ImageObject","inLanguage":"az","@id":"https:\/\/jam-news.net\/az\/#\/schema\/person\/image\/","url":"https:\/\/secure.gravatar.com\/avatar\/e5c27593ef900c3ab3deed4ed1c653d7?s=96&d=mm&r=g","contentUrl":"https:\/\/secure.gravatar.com\/avatar\/e5c27593ef900c3ab3deed4ed1c653d7?s=96&d=mm&r=g","caption":"JAMnews"},"url":"https:\/\/jam-news.net\/az\/author\/margarita\/"}]}},"_links":{"self":[{"href":"https:\/\/jam-news.net\/az\/wp-json\/wp\/v2\/posts\/3944","targetHints":{"allow":["GET"]}}],"collection":[{"href":"https:\/\/jam-news.net\/az\/wp-json\/wp\/v2\/posts"}],"about":[{"href":"https:\/\/jam-news.net\/az\/wp-json\/wp\/v2\/types\/post"}],"author":[{"embeddable":true,"href":"https:\/\/jam-news.net\/az\/wp-json\/wp\/v2\/users\/3"}],"replies":[{"embeddable":true,"href":"https:\/\/jam-news.net\/az\/wp-json\/wp\/v2\/comments?post=3944"}],"version-history":[{"count":1,"href":"https:\/\/jam-news.net\/az\/wp-json\/wp\/v2\/posts\/3944\/revisions"}],"predecessor-version":[{"id":16254,"href":"https:\/\/jam-news.net\/az\/wp-json\/wp\/v2\/posts\/3944\/revisions\/16254"}],"wp:attachment":[{"href":"https:\/\/jam-news.net\/az\/wp-json\/wp\/v2\/media?parent=3944"}],"wp:term":[{"taxonomy":"category","embeddable":true,"href":"https:\/\/jam-news.net\/az\/wp-json\/wp\/v2\/categories?post=3944"},{"taxonomy":"post_tag","embeddable":true,"href":"https:\/\/jam-news.net\/az\/wp-json\/wp\/v2\/tags?post=3944"},{"taxonomy":"formation","embeddable":true,"href":"https:\/\/jam-news.net\/az\/wp-json\/wp\/v2\/formation?post=3944"},{"taxonomy":"post-author","embeddable":true,"href":"https:\/\/jam-news.net\/az\/wp-json\/wp\/v2\/post-author?post=3944"},{"taxonomy":"topic","embeddable":true,"href":"https:\/\/jam-news.net\/az\/wp-json\/wp\/v2\/topic?post=3944"},{"taxonomy":"tooltip","embeddable":true,"href":"https:\/\/jam-news.net\/az\/wp-json\/wp\/v2\/tooltip?post=3944"},{"taxonomy":"city","embeddable":true,"href":"https:\/\/jam-news.net\/az\/wp-json\/wp\/v2\/city?post=3944"}],"curies":[{"name":"wp","href":"https:\/\/api.w.org\/{rel}","templated":true}]}}