{"id":3942,"date":"2016-06-08T00:00:00","date_gmt":"2016-06-08T00:00:00","guid":{"rendered":"http:\/\/jam-news.net\/az\/mus%c9%99lman-qadin-abxaziyada\/"},"modified":"2020-03-18T10:52:34","modified_gmt":"2020-03-18T10:52:34","slug":"mus%c9%99lman-qadin-abxaziyada","status":"publish","type":"post","link":"https:\/\/jam-news.net\/az\/mus%c9%99lman-qadin-abxaziyada\/","title":{"rendered":"M\u00fcs\u0259lman qad\u0131n Abxaziyada"},"content":{"rendered":"<p style=\"text-align: center;\"><span style=\"font-size: 14pt; color: #800000;\"><strong>Suriyadak\u0131 v\u0259 Abxaziyadak\u0131 h\u0259yat haqq\u0131nda<\/strong><\/span><\/p>\n<p><span style=\"font-size: 12pt;\">Ad\u0131m Natalya Kombard\u0131, 23 ya\u015f\u0131m var, Suriyadan g\u0259lmi\u015f\u0259m. Oradak\u0131 h\u0259yat\u0131m \u00e7ox yax\u015f\u0131 idi, amma m\u00fcharib\u0259 ba\u015flayana q\u0259d\u0259r. Burada art\u0131q \u00fc\u00e7 ildir ki, ya\u015fay\u0131r\u0131q.<\/span><\/p>\n<p><span style=\"font-size: 12pt;\">Burada \u00f6z\u00fcm\u0259 dostlar tapd\u0131m. Burada \u00e7ox sayda abxaz q\u0131zla m\u0259scid\u0259 gedir, onlarla tez-tez s\u00f6hb\u0259t edirik. Amma burada xristian dostlar\u0131m da var.<\/span><\/p>\n<p><span style=\"font-size: 12pt;\">Anam Abxaziyada do\u011fulub, ona g\u00f6r\u0259 d\u0259 biz bura g\u0259ldik. Anam rusdur, onun babas\u0131 is\u0259 Qabliya soyadl\u0131 abxaz idi. Atamsa \u0259r\u0259bdir. N\u0259n\u0259m h\u0259mi\u015f\u0259 burada, O\u00e7am\u00e7irada ya\u015fay\u0131b.<\/span><\/p>\n<p><span style=\"font-size: 12pt;\">Abxaziyadak\u0131 g\u0259ncl\u0259r eyn\u0259n Suriyadak\u0131 kimi sosial \u015f\u0259b\u0259k\u0259l\u0259rd\u0259 oturur, el\u0259 burada da tan\u0131\u015f olurlar. Biz, repatriantlar aras\u0131nda WhatsApp \u00e7ox populyard\u0131, dem\u0259k olar ki, ham\u0131da var, informasiya, bir d\u0259 qeyb\u0259t m\u0259nb\u0259yi kimi istifad\u0259 olunur. <\/span><br \/>\n<span style=\"font-size: 12pt;\">Bundan \u0259lav\u0259 Abxaziyada ham\u0131 \u201cVkontakte v\u0259 \u201cFacebookdan istifad\u0259 edir.<\/span><\/p>\n<p><span style=\"font-size: 12pt;\">\u00dczm\u0259yi \u00e7ox sevir\u0259m. Suriyada qad\u0131nlar ki\u015fil\u0259r\u0259 giri\u015f qada\u011fan olan qad\u0131nlar \u00fc\u00e7\u00fcn x\u00fcsusi hovuzlara gedirdil\u0259r. Abxaziyada bel\u0259 \u015fey yoxdur, m\u0259n az adam\u0131n oldu\u011fu \u00e7im\u0259rlikl\u0259r\u0259 getm\u0259yi \u00fcst\u00fcn tuturam. \u018flb\u0259tt\u0259 ki, biz paltarl\u0131 \u00e7imirik.<\/span><\/p>\n<p><span style=\"font-size: 12pt;\">M\u0259nd\u0259n soru\u015fanda \u2013 hara yax\u015f\u0131d\u0131r, Abxaziya yoxsa Suriya, h\u0259mi\u015f\u0259 cavab verm\u0259kd\u0259 \u00e7\u0259tinlik \u00e7\u0259kir\u0259m. Suriyada h\u0259yat Abxaziyadak\u0131ndan daha sivil idi. Amma Abxaziyan\u0131n t\u0259bi\u0259ti Suriyaya nisb\u0259t\u0259n daha qeyri-adi v\u0259 g\u00f6z\u0259ldir.<\/span><\/p>\n<p><span style=\"font-size: 12pt;\">O\u00e7am\u00e7iraya tez-tez gedir\u0259m. Orada \u00e7ox az adam ya\u015fay\u0131r, dem\u0259k olar ki, he\u00e7 kim yoxdur, \u00e7im\u0259rlikl\u0259r bo\u015fdur v\u0259 orada \u00fczm\u0259yi \u00e7ox sevir\u0259m.<\/span><\/p>\n<p style=\"text-align: center;\"><span style=\"color: #800000;\"><strong><span style=\"font-size: 14pt;\">H\u0259yat yolda\u015f\u0131m haqq\u0131nda<\/span><\/strong><\/span><\/p>\n<p><span style=\"font-size: 12pt;\">Bel\u0259 bir fikir var ki, m\u00fcs\u0259lman q\u0131zlar\u0131n \u00fcmumiyy\u0259tl\u0259 haqlar\u0131 yoxdur. Bu, bel\u0259 deyil. H\u0259r ail\u0259d\u0259 bir c\u00fcrd\u00fcr. El\u0259 ail\u0259l\u0259r var ki, orada \u0259r\u0259 getm\u0259y\u0259 m\u0259cbur edirl\u0259r, amma m\u00fcst\u0259qil q\u0259rar ver\u0259nl\u0259r d\u0259 var.<\/span><\/p>\n<p><span style=\"font-size: 12pt;\">Ancaq bir \u015f\u0259rtl\u0259: q\u0131z m\u00fcs\u0259lmand\u0131rsa, ancaq m\u00fcs\u0259lmana \u0259r\u0259 ged\u0259 bil\u0259r. Amma m\u0259n m\u00fcs\u0259lman olmayanla ail\u0259 quran\u0131 da pisl\u0259mir\u0259m.<\/span><\/p>\n<p><span style=\"font-size: 12pt;\">Haz\u0131rk\u0131 h\u0259yat yolda\u015f\u0131mla qon\u015fu idik, o milliy\u0259tc\u0259 \u0259r\u0259bdir. Bir-birimizi b\u0259y\u0259ndik v\u0259 onun valideynl\u0259ri bizim ev\u0259 el\u00e7i g\u0259ldil\u0259r. <\/span><br \/>\n<span style=\"font-size: 12pt;\">Ni\u015fanlanana q\u0259d\u0259r biz birlikd\u0259 k\u00fc\u00e7\u0259y\u0259 \u00e7\u0131xa bilmirdik, bu ay\u0131b say\u0131l\u0131r. Amma ni\u015fandan sonra o art\u0131q evimiz\u0259 g\u0259l\u0259 bilirdi, birlikd\u0259 g\u0259zirdik, h\u0259tta \u0259l-\u0259l\u0259 d\u0259 tuturduq.<\/span><\/p>\n<p><span style=\"font-size: 12pt;\">M\u0259n universitetin filologiya fak\u00fclt\u0259sind\u0259, frans\u0131z dili b\u00f6lm\u0259sind\u0259 oxuyurdum. Yolda\u015f\u0131m el\u0259 h\u0259min fak\u00fclt\u0259ni, amma ingilis dili b\u00f6lm\u0259sini bitirmi\u015fdi. M\u0259ns\u0259 ancaq bir il oxuya bildim, sonra da m\u00fcharib\u0259 ba\u015flad\u0131.<\/span><\/p>\n<p><span style=\"font-size: 12pt;\">M\u0259n ail\u0259ml\u0259 birlikd\u0259 Abxaziyaya g\u0259ldim, yolda\u015f\u0131m\u0131n ail\u0259si il\u0259 Bel\u00e7ikaya getdi. \u0130ndi o bura, m\u0259nim yan\u0131ma g\u0259l\u0259 bilmir. Yol ancaq Rusiyadan ke\u00e7ir, Rusiyadan is\u0259 ona viza vermirl\u0259r, \u0259r\u0259b oldu\u011funa g\u00f6r\u0259.<\/span><\/p>\n<p><span style=\"font-size: 12pt;\">H\u0259rd\u0259n m\u0259n\u0259 el\u0259 g\u0259lir ki, onu bir \u0259srdir g\u00f6rm\u00fcr\u0259m. \u018flaq\u0259 saxlay\u0131r\u0131q, balaca q\u0131z\u0131m\u0131z var.<\/span><\/p>\n<p><span style=\"font-size: 12pt;\">Abxaziyada repatriantlara \u00e7ox yax\u015f\u0131 m\u00fcnasib\u0259t var. Repatriasiya \u00fczr\u0259 komit\u0259 h\u0259tta bizim kiray\u0259 pulumuzu da \u00f6d\u0259yir.<\/span><\/p>\n<p><span style=\"font-size: 12pt;\">Amma g\u0259l\u0259c\u0259k taleyimizin nec\u0259 olaca\u011f\u0131n\u0131 bilmir\u0259m, Suriyaya qay\u0131daca\u011f\u0131q, yoxsa ba\u015fqa bir yerd\u0259 ya\u015fayaca\u011f\u0131q. Suriyada h\u0259r \u015feyimizi itirdik \u2013 evimizi, biznesimizi. Yolda\u015f\u0131m\u0131n ail\u0259si kifay\u0259t q\u0259d\u0259r imkanl\u0131 idi, onlar\u0131n \u00f6z anbarlar\u0131 vard\u0131, indi is\u0259 bunlar\u0131n he\u00e7 biri yoxdur.<\/span><\/p>\n<p><span style=\"font-size: 12pt;\">Ail\u0259d\u0259 ancaq valideynl\u0259rimiz i\u015fl\u0259yir, m\u0259ns\u0259 u\u015faqla evd\u0259 otururam. Ki\u00e7ik bac\u0131m m\u0259kt\u0259bi bitirdi, amma o da i\u015fl\u0259mir. Sonras\u0131 nec\u0259 olacaq, he\u00e7 kim bilmir.<\/span><\/p>\n<p style=\"text-align: center;\"><span style=\"color: #800000;\"><strong><span style=\"font-size: 14pt;\">\u0130slam haqq\u0131nda<\/span><\/strong><\/span><\/p>\n<p><span style=\"font-size: 12pt;\">Abxaziyaya \u00e7oxlu turist g\u0259lir v\u0259 onlar \u0259ks\u0259r vaxtlarda a\u00e7\u0131q-sa\u00e7\u0131q paltarda g\u0259zir, amma buna m\u00fcnasib\u0259tim tolerantd\u0131r. M\u00fcs\u0259lman dini he\u00e7 kimi m\u00fchakim\u0259 ed\u0259 bilm\u0259z, onlar\u0131 Allah m\u00fchakim\u0259 ed\u0259c\u0259k. \u0130slam ad\u0131 il\u0259 ba\u015fqalar\u0131n\u0131 ittiham ed\u0259nl\u0259r \u0259sl m\u00fcs\u0259lman deyill\u0259r.<\/span><\/p>\n<p><span style=\"font-size: 12pt;\">M\u0259n \u00e7ox dindar adamam, amma fanatik deyil\u0259m. Oruc tuturam, g\u00fcnd\u0259 be\u015f d\u0259f\u0259 namaz q\u0131l\u0131ram \u2013 bu el\u0259 d\u0259 \u00e7\u0259tin i\u015f deyil. Amma m\u0259scid\u0259 az-az gedir\u0259m, ad\u0259t\u0259n evd\u0259 namaz q\u0131l\u0131ram.<\/span><\/p>\n<p style=\"text-align: center;\"><span style=\"color: #800000;\"><strong><span style=\"font-size: 14pt;\">Hicab haqq\u0131nda<\/span><\/strong><\/span><\/p>\n<p><span style=\"font-size: 12pt;\">Xristian dostlar\u0131m m\u0259nd\u0259n niy\u0259 hicab geyindiyimi soru\u015furlar. H\u0259r d\u0259f\u0259 d\u0259 cavab verir\u0259m ki, onu geyinm\u0259kd\u0259n xo\u015fum g\u0259lir.<\/span><\/p>\n<p><span style=\"font-size: 12pt;\">Dinimiz ba\u015f\u0131 ba\u011fl\u0131 g\u0259zm\u0259li oldu\u011fumuzu deyir, amma ondan istifad\u0259 etm\u0259y\u0259 m\u0259cbur etmir, indi bir \u00e7ox m\u00fcs\u0259lman xan\u0131m ba\u015f \u00f6rt\u00fcy\u00fc olmadan g\u0259zir. Abxaz qad\u0131nlar aras\u0131nda bu x\u00fcsusil\u0259 yay\u0131l\u0131b.<\/span><\/p>\n<p><span style=\"font-size: 12pt;\">Abxaziyadak\u0131 adamlar bizim hicabda g\u0259zm\u0259yimizi normal qar\u015f\u0131lay\u0131rlar, bununla ba\u011fl\u0131 he\u00e7 bir problem yoxdur. H\u0259tta m\u0259n\u0259 tez-tez ba\u015f \u00f6rt\u00fcy\u00fcn\u00fcn m\u0259n\u0259 yara\u015fd\u0131\u011f\u0131n\u0131 deyirl\u0259r.<\/span><\/p>\n<p><span style=\"font-size: 12pt;\">Evd\u0259 ondan istifad\u0259 etmir\u0259m, ancaq yad adam g\u0259l\u0259nd\u0259 geyinir\u0259m. M\u0259n\u0259 ba\u015f\u0131m\u0131 ba\u011flamaq v\u0259 makiyaj etm\u0259k \u00fc\u00e7\u00fcn 10-15 d\u0259qiq\u0259 kifay\u0259t edir. \u00d6rt\u00fcks\u00fcz he\u00e7 vaxt evd\u0259n \u00e7\u0131xm\u0131ram.<\/span><\/p>\n<p><span style=\"font-size: 12pt;\">\u00d6rp\u0259yi m\u0259n indi ba\u011flayan kimi taxmaq d\u0259bd\u0259dir. Bu, t\u00fcrk \u00fcslubu adlan\u0131r. \u018fvv\u0259ll\u0259r onu ba\u015fqa c\u00fcr ba\u011flay\u0131rd\u0131m.<\/span><\/p>\n<p><span style=\"font-size: 12pt;\">Abxaziyada m\u00fcs\u0259lman qad\u0131nlar\u0131 \u00fc\u00e7\u00fcn x\u00fcsusi paltar x\u00fcsusi ma\u011fazalar\u0131 yoxdur, buna g\u00f6r\u0259 d\u0259 geyim se\u00e7m\u0259k \u00e7\u0259tindir. Abxaziyada d\u0259b d\u0259 f\u0259rqlidir. Suriyadak\u0131ndan f\u0259rql\u0259nir.<\/span><\/p>\n<p style=\"text-align: center;\"><span style=\"color: #800000;\"><strong><span style=\"font-size: 14pt;\">G\u0259l\u0259c\u0259kd\u0259 bizi n\u0259 g\u00f6zl\u0259yir<\/span><\/strong><\/span><\/p>\n<p><span style=\"font-size: 12pt;\">Bilirsiz, \u0259rim yan\u0131mda olsayd\u0131 v\u0259 i\u015f tapsayd\u0131m m\u0259mnuniyy\u0259tl\u0259 \u00f6m\u00fcr boyu Abxaziyada ya\u015fayard\u0131m. Amma Abxaziyada i\u015f tapmaq \u00e7\u0259tindir, i\u015fsiz d\u0259 nec\u0259 ya\u015fayasan, ax\u0131 ail\u0259ni doland\u0131rmaq laz\u0131md\u0131r.<\/span><\/p>\n<p><span style=\"font-size: 12pt;\">M\u0259nim h\u0259yat hekay\u0259m ancaq m\u0259nim h\u0259yat hekay\u0259mdir. M\u0259n minl\u0259rl\u0259 ba\u015fqa insan kimi h\u0259l\u0259 d\u0259 d\u00fc\u015fd\u00fcy\u00fcm \u00e7\u0259tin v\u0259ziyy\u0259td\u0259n \u00e7\u0131x\u0131\u015f yolu axtar\u0131ram.<\/span><\/p>\n<p><div class=\"su-divider su-divider-style-default\" style=\"margin:15px 0;border-width:3px;border-color:#999999\"><a href=\"#\" style=\"color:#999999\">Go to top<\/a><\/div> <\/p>\n<p><span style=\"font-size: 12pt;\"><span style=\"color: #800000;\"><strong><span style=\"font-size: 8pt;\">M\u0259qal\u0259d\u0259 bildiril\u0259n fikirl\u0259r m\u00fc\u0259llifin n\u00f6qteyi-n\u0259z\u0259rini \u0259ks etdirir v\u0259 redaksiyan\u0131n m\u00f6vqeyi il\u0259 \u00fcst-\u00fcst\u0259 d\u00fc\u015fm\u0259y\u0259 bil\u0259r.<\/span><\/strong><\/span><br \/>\n<\/span><\/p>\n<div><\/div>\n","protected":false},"excerpt":{"rendered":"<p>Suriyadan repatriant olan Natalya Kombar\u0131n h\u0259yat hekay\u0259si<\/p>\n","protected":false},"author":3,"featured_media":19136,"comment_status":"open","ping_status":"open","sticky":false,"template":"","format":"standard","meta":{"_acf_changed":false,"footnotes":""},"categories":[12,41,53,2,35],"tags":[],"formation":[],"post-author":[2951],"topic":[],"tooltip":[],"city":[],"class_list":["post-3942","post","type-post","status-publish","format-standard","has-post-thumbnail","hentry","category-abxaziya","category-silsillr","category-qaygisiz-qalanlar","category-cografiya","category-hekaylr","post-author-stella-adleyba"],"acf":[],"yoast_head":"<!-- This site is optimized with the Yoast SEO plugin v24.1 - https:\/\/yoast.com\/wordpress\/plugins\/seo\/ -->\n<title>M\u00fcs\u0259lman qad\u0131n Abxaziyada - JAMnews<\/title>\n<meta name=\"robots\" content=\"index, follow, max-snippet:-1, max-image-preview:large, max-video-preview:-1\" \/>\n<link rel=\"canonical\" href=\"https:\/\/jam-news.net\/az\/mus\u0259lman-qadin-abxaziyada\/\" \/>\n<meta property=\"og:locale\" content=\"az_AZ\" \/>\n<meta property=\"og:type\" content=\"article\" \/>\n<meta property=\"og:title\" content=\"M\u00fcs\u0259lman qad\u0131n Abxaziyada - JAMnews\" \/>\n<meta property=\"og:description\" content=\"Suriyadan repatriant olan Natalya Kombar\u0131n h\u0259yat hekay\u0259si\" \/>\n<meta property=\"og:url\" content=\"https:\/\/jam-news.net\/az\/mus\u0259lman-qadin-abxaziyada\/\" \/>\n<meta property=\"og:site_name\" content=\"Azerbaijani Jamnews\" \/>\n<meta property=\"article:publisher\" content=\"https:\/\/www.facebook.com\/JAMnewsInEnglish\/\" \/>\n<meta property=\"article:published_time\" content=\"2016-06-08T00:00:00+00:00\" \/>\n<meta property=\"article:modified_time\" content=\"2020-03-18T10:52:34+00:00\" \/>\n<meta property=\"og:image\" content=\"https:\/\/jam-news.net\/app\/uploads\/2020\/03\/1-copy-2.png\" \/>\n\t<meta property=\"og:image:width\" content=\"1000\" \/>\n\t<meta property=\"og:image:height\" content=\"669\" \/>\n\t<meta property=\"og:image:type\" content=\"image\/png\" \/>\n<meta name=\"author\" content=\"JAMnews\" \/>\n<meta name=\"twitter:card\" content=\"summary_large_image\" \/>\n<meta name=\"twitter:creator\" content=\"@JAMnewsCaucasus\" \/>\n<meta name=\"twitter:site\" content=\"@JAMnewsCaucasus\" \/>\n<meta name=\"twitter:label1\" content=\"Written by\" \/>\n\t<meta name=\"twitter:data1\" content=\"JAMnews\" \/>\n\t<meta name=\"twitter:label2\" content=\"Est. reading time\" \/>\n\t<meta name=\"twitter:data2\" content=\"5 minutes\" \/>\n<script type=\"application\/ld+json\" class=\"yoast-schema-graph\">{\"@context\":\"https:\/\/schema.org\",\"@graph\":[{\"@type\":\"Article\",\"@id\":\"https:\/\/jam-news.net\/az\/mus%c9%99lman-qadin-abxaziyada\/#article\",\"isPartOf\":{\"@id\":\"https:\/\/jam-news.net\/az\/mus%c9%99lman-qadin-abxaziyada\/\"},\"author\":{\"name\":\"JAMnews\",\"@id\":\"https:\/\/jam-news.net\/az\/#\/schema\/person\/67df3bb7adb46cd513fb9c4cb02361c6\"},\"headline\":\"M\u00fcs\u0259lman qad\u0131n Abxaziyada\",\"datePublished\":\"2016-06-08T00:00:00+00:00\",\"dateModified\":\"2020-03-18T10:52:34+00:00\",\"mainEntityOfPage\":{\"@id\":\"https:\/\/jam-news.net\/az\/mus%c9%99lman-qadin-abxaziyada\/\"},\"wordCount\":1089,\"commentCount\":0,\"publisher\":{\"@id\":\"https:\/\/jam-news.net\/az\/#organization\"},\"image\":{\"@id\":\"https:\/\/jam-news.net\/az\/mus%c9%99lman-qadin-abxaziyada\/#primaryimage\"},\"thumbnailUrl\":\"https:\/\/jam-news.net\/app\/uploads\/2020\/03\/1-copy-2.png\",\"articleSection\":[\"Abkhazia\",\"Clusters\",\"Gender and sex\",\"Geography\",\"Stories\"],\"inLanguage\":\"az\"},{\"@type\":\"WebPage\",\"@id\":\"https:\/\/jam-news.net\/az\/mus%c9%99lman-qadin-abxaziyada\/\",\"url\":\"https:\/\/jam-news.net\/az\/mus%c9%99lman-qadin-abxaziyada\/\",\"name\":\"M\u00fcs\u0259lman qad\u0131n Abxaziyada - JAMnews\",\"isPartOf\":{\"@id\":\"https:\/\/jam-news.net\/az\/#website\"},\"primaryImageOfPage\":{\"@id\":\"https:\/\/jam-news.net\/az\/mus%c9%99lman-qadin-abxaziyada\/#primaryimage\"},\"image\":{\"@id\":\"https:\/\/jam-news.net\/az\/mus%c9%99lman-qadin-abxaziyada\/#primaryimage\"},\"thumbnailUrl\":\"https:\/\/jam-news.net\/app\/uploads\/2020\/03\/1-copy-2.png\",\"datePublished\":\"2016-06-08T00:00:00+00:00\",\"dateModified\":\"2020-03-18T10:52:34+00:00\",\"breadcrumb\":{\"@id\":\"https:\/\/jam-news.net\/az\/mus%c9%99lman-qadin-abxaziyada\/#breadcrumb\"},\"inLanguage\":\"az\",\"potentialAction\":[{\"@type\":\"ReadAction\",\"target\":[\"https:\/\/jam-news.net\/az\/mus%c9%99lman-qadin-abxaziyada\/\"]}]},{\"@type\":\"ImageObject\",\"inLanguage\":\"az\",\"@id\":\"https:\/\/jam-news.net\/az\/mus%c9%99lman-qadin-abxaziyada\/#primaryimage\",\"url\":\"https:\/\/jam-news.net\/app\/uploads\/2020\/03\/1-copy-2.png\",\"contentUrl\":\"https:\/\/jam-news.net\/app\/uploads\/2020\/03\/1-copy-2.png\",\"width\":1000,\"height\":669},{\"@type\":\"BreadcrumbList\",\"@id\":\"https:\/\/jam-news.net\/az\/mus%c9%99lman-qadin-abxaziyada\/#breadcrumb\",\"itemListElement\":[{\"@type\":\"ListItem\",\"position\":1,\"name\":\"Home\",\"item\":\"https:\/\/jam-news.net\/az\/\"},{\"@type\":\"ListItem\",\"position\":2,\"name\":\"M\u00fcs\u0259lman qad\u0131n Abxaziyada\"}]},{\"@type\":\"WebSite\",\"@id\":\"https:\/\/jam-news.net\/az\/#website\",\"url\":\"https:\/\/jam-news.net\/az\/\",\"name\":\"Azerbaijani Jamnews\",\"description\":\"Caucasus News, Politics and Society\",\"publisher\":{\"@id\":\"https:\/\/jam-news.net\/az\/#organization\"},\"potentialAction\":[{\"@type\":\"SearchAction\",\"target\":{\"@type\":\"EntryPoint\",\"urlTemplate\":\"https:\/\/jam-news.net\/az\/?s={search_term_string}\"},\"query-input\":{\"@type\":\"PropertyValueSpecification\",\"valueRequired\":true,\"valueName\":\"search_term_string\"}}],\"inLanguage\":\"az\"},{\"@type\":\"Organization\",\"@id\":\"https:\/\/jam-news.net\/az\/#organization\",\"name\":\"JAMnews\",\"url\":\"https:\/\/jam-news.net\/az\/\",\"logo\":{\"@type\":\"ImageObject\",\"inLanguage\":\"az\",\"@id\":\"https:\/\/jam-news.net\/az\/#\/schema\/logo\/image\/\",\"url\":\"https:\/\/jam-news.net\/app\/uploads\/2020\/05\/JAM_w.jpg\",\"contentUrl\":\"https:\/\/jam-news.net\/app\/uploads\/2020\/05\/JAM_w.jpg\",\"width\":960,\"height\":960,\"caption\":\"JAMnews\"},\"image\":{\"@id\":\"https:\/\/jam-news.net\/az\/#\/schema\/logo\/image\/\"},\"sameAs\":[\"https:\/\/www.facebook.com\/JAMnewsInEnglish\/\",\"https:\/\/x.com\/JAMnewsCaucasus\",\"https:\/\/www.instagram.com\/jam_news\/\",\"https:\/\/www.youtube.com\/channel\/UCXQbUCme2pykuZYXWHx4VPg\"]},{\"@type\":\"Person\",\"@id\":\"https:\/\/jam-news.net\/az\/#\/schema\/person\/67df3bb7adb46cd513fb9c4cb02361c6\",\"name\":\"JAMnews\",\"image\":{\"@type\":\"ImageObject\",\"inLanguage\":\"az\",\"@id\":\"https:\/\/jam-news.net\/az\/#\/schema\/person\/image\/\",\"url\":\"https:\/\/secure.gravatar.com\/avatar\/e5c27593ef900c3ab3deed4ed1c653d7?s=96&d=mm&r=g\",\"contentUrl\":\"https:\/\/secure.gravatar.com\/avatar\/e5c27593ef900c3ab3deed4ed1c653d7?s=96&d=mm&r=g\",\"caption\":\"JAMnews\"},\"url\":\"https:\/\/jam-news.net\/az\/author\/margarita\/\"}]}<\/script>\n<!-- \/ Yoast SEO plugin. -->","yoast_head_json":{"title":"M\u00fcs\u0259lman qad\u0131n Abxaziyada - JAMnews","robots":{"index":"index","follow":"follow","max-snippet":"max-snippet:-1","max-image-preview":"max-image-preview:large","max-video-preview":"max-video-preview:-1"},"canonical":"https:\/\/jam-news.net\/az\/mus\u0259lman-qadin-abxaziyada\/","og_locale":"az_AZ","og_type":"article","og_title":"M\u00fcs\u0259lman qad\u0131n Abxaziyada - JAMnews","og_description":"Suriyadan repatriant olan Natalya Kombar\u0131n h\u0259yat hekay\u0259si","og_url":"https:\/\/jam-news.net\/az\/mus\u0259lman-qadin-abxaziyada\/","og_site_name":"Azerbaijani Jamnews","article_publisher":"https:\/\/www.facebook.com\/JAMnewsInEnglish\/","article_published_time":"2016-06-08T00:00:00+00:00","article_modified_time":"2020-03-18T10:52:34+00:00","og_image":[{"width":1000,"height":669,"url":"https:\/\/jam-news.net\/app\/uploads\/2020\/03\/1-copy-2.png","type":"image\/png"}],"author":"JAMnews","twitter_card":"summary_large_image","twitter_creator":"@JAMnewsCaucasus","twitter_site":"@JAMnewsCaucasus","twitter_misc":{"Written by":"JAMnews","Est. reading time":"5 minutes"},"schema":{"@context":"https:\/\/schema.org","@graph":[{"@type":"Article","@id":"https:\/\/jam-news.net\/az\/mus%c9%99lman-qadin-abxaziyada\/#article","isPartOf":{"@id":"https:\/\/jam-news.net\/az\/mus%c9%99lman-qadin-abxaziyada\/"},"author":{"name":"JAMnews","@id":"https:\/\/jam-news.net\/az\/#\/schema\/person\/67df3bb7adb46cd513fb9c4cb02361c6"},"headline":"M\u00fcs\u0259lman qad\u0131n Abxaziyada","datePublished":"2016-06-08T00:00:00+00:00","dateModified":"2020-03-18T10:52:34+00:00","mainEntityOfPage":{"@id":"https:\/\/jam-news.net\/az\/mus%c9%99lman-qadin-abxaziyada\/"},"wordCount":1089,"commentCount":0,"publisher":{"@id":"https:\/\/jam-news.net\/az\/#organization"},"image":{"@id":"https:\/\/jam-news.net\/az\/mus%c9%99lman-qadin-abxaziyada\/#primaryimage"},"thumbnailUrl":"https:\/\/jam-news.net\/app\/uploads\/2020\/03\/1-copy-2.png","articleSection":["Abkhazia","Clusters","Gender and sex","Geography","Stories"],"inLanguage":"az"},{"@type":"WebPage","@id":"https:\/\/jam-news.net\/az\/mus%c9%99lman-qadin-abxaziyada\/","url":"https:\/\/jam-news.net\/az\/mus%c9%99lman-qadin-abxaziyada\/","name":"M\u00fcs\u0259lman qad\u0131n Abxaziyada - JAMnews","isPartOf":{"@id":"https:\/\/jam-news.net\/az\/#website"},"primaryImageOfPage":{"@id":"https:\/\/jam-news.net\/az\/mus%c9%99lman-qadin-abxaziyada\/#primaryimage"},"image":{"@id":"https:\/\/jam-news.net\/az\/mus%c9%99lman-qadin-abxaziyada\/#primaryimage"},"thumbnailUrl":"https:\/\/jam-news.net\/app\/uploads\/2020\/03\/1-copy-2.png","datePublished":"2016-06-08T00:00:00+00:00","dateModified":"2020-03-18T10:52:34+00:00","breadcrumb":{"@id":"https:\/\/jam-news.net\/az\/mus%c9%99lman-qadin-abxaziyada\/#breadcrumb"},"inLanguage":"az","potentialAction":[{"@type":"ReadAction","target":["https:\/\/jam-news.net\/az\/mus%c9%99lman-qadin-abxaziyada\/"]}]},{"@type":"ImageObject","inLanguage":"az","@id":"https:\/\/jam-news.net\/az\/mus%c9%99lman-qadin-abxaziyada\/#primaryimage","url":"https:\/\/jam-news.net\/app\/uploads\/2020\/03\/1-copy-2.png","contentUrl":"https:\/\/jam-news.net\/app\/uploads\/2020\/03\/1-copy-2.png","width":1000,"height":669},{"@type":"BreadcrumbList","@id":"https:\/\/jam-news.net\/az\/mus%c9%99lman-qadin-abxaziyada\/#breadcrumb","itemListElement":[{"@type":"ListItem","position":1,"name":"Home","item":"https:\/\/jam-news.net\/az\/"},{"@type":"ListItem","position":2,"name":"M\u00fcs\u0259lman qad\u0131n Abxaziyada"}]},{"@type":"WebSite","@id":"https:\/\/jam-news.net\/az\/#website","url":"https:\/\/jam-news.net\/az\/","name":"Azerbaijani Jamnews","description":"Caucasus News, Politics and Society","publisher":{"@id":"https:\/\/jam-news.net\/az\/#organization"},"potentialAction":[{"@type":"SearchAction","target":{"@type":"EntryPoint","urlTemplate":"https:\/\/jam-news.net\/az\/?s={search_term_string}"},"query-input":{"@type":"PropertyValueSpecification","valueRequired":true,"valueName":"search_term_string"}}],"inLanguage":"az"},{"@type":"Organization","@id":"https:\/\/jam-news.net\/az\/#organization","name":"JAMnews","url":"https:\/\/jam-news.net\/az\/","logo":{"@type":"ImageObject","inLanguage":"az","@id":"https:\/\/jam-news.net\/az\/#\/schema\/logo\/image\/","url":"https:\/\/jam-news.net\/app\/uploads\/2020\/05\/JAM_w.jpg","contentUrl":"https:\/\/jam-news.net\/app\/uploads\/2020\/05\/JAM_w.jpg","width":960,"height":960,"caption":"JAMnews"},"image":{"@id":"https:\/\/jam-news.net\/az\/#\/schema\/logo\/image\/"},"sameAs":["https:\/\/www.facebook.com\/JAMnewsInEnglish\/","https:\/\/x.com\/JAMnewsCaucasus","https:\/\/www.instagram.com\/jam_news\/","https:\/\/www.youtube.com\/channel\/UCXQbUCme2pykuZYXWHx4VPg"]},{"@type":"Person","@id":"https:\/\/jam-news.net\/az\/#\/schema\/person\/67df3bb7adb46cd513fb9c4cb02361c6","name":"JAMnews","image":{"@type":"ImageObject","inLanguage":"az","@id":"https:\/\/jam-news.net\/az\/#\/schema\/person\/image\/","url":"https:\/\/secure.gravatar.com\/avatar\/e5c27593ef900c3ab3deed4ed1c653d7?s=96&d=mm&r=g","contentUrl":"https:\/\/secure.gravatar.com\/avatar\/e5c27593ef900c3ab3deed4ed1c653d7?s=96&d=mm&r=g","caption":"JAMnews"},"url":"https:\/\/jam-news.net\/az\/author\/margarita\/"}]}},"_links":{"self":[{"href":"https:\/\/jam-news.net\/az\/wp-json\/wp\/v2\/posts\/3942","targetHints":{"allow":["GET"]}}],"collection":[{"href":"https:\/\/jam-news.net\/az\/wp-json\/wp\/v2\/posts"}],"about":[{"href":"https:\/\/jam-news.net\/az\/wp-json\/wp\/v2\/types\/post"}],"author":[{"embeddable":true,"href":"https:\/\/jam-news.net\/az\/wp-json\/wp\/v2\/users\/3"}],"replies":[{"embeddable":true,"href":"https:\/\/jam-news.net\/az\/wp-json\/wp\/v2\/comments?post=3942"}],"version-history":[{"count":1,"href":"https:\/\/jam-news.net\/az\/wp-json\/wp\/v2\/posts\/3942\/revisions"}],"predecessor-version":[{"id":16259,"href":"https:\/\/jam-news.net\/az\/wp-json\/wp\/v2\/posts\/3942\/revisions\/16259"}],"wp:featuredmedia":[{"embeddable":true,"href":"https:\/\/jam-news.net\/az\/wp-json\/wp\/v2\/media\/19136"}],"wp:attachment":[{"href":"https:\/\/jam-news.net\/az\/wp-json\/wp\/v2\/media?parent=3942"}],"wp:term":[{"taxonomy":"category","embeddable":true,"href":"https:\/\/jam-news.net\/az\/wp-json\/wp\/v2\/categories?post=3942"},{"taxonomy":"post_tag","embeddable":true,"href":"https:\/\/jam-news.net\/az\/wp-json\/wp\/v2\/tags?post=3942"},{"taxonomy":"formation","embeddable":true,"href":"https:\/\/jam-news.net\/az\/wp-json\/wp\/v2\/formation?post=3942"},{"taxonomy":"post-author","embeddable":true,"href":"https:\/\/jam-news.net\/az\/wp-json\/wp\/v2\/post-author?post=3942"},{"taxonomy":"topic","embeddable":true,"href":"https:\/\/jam-news.net\/az\/wp-json\/wp\/v2\/topic?post=3942"},{"taxonomy":"tooltip","embeddable":true,"href":"https:\/\/jam-news.net\/az\/wp-json\/wp\/v2\/tooltip?post=3942"},{"taxonomy":"city","embeddable":true,"href":"https:\/\/jam-news.net\/az\/wp-json\/wp\/v2\/city?post=3942"}],"curies":[{"name":"wp","href":"https:\/\/api.w.org\/{rel}","templated":true}]}}