{"id":39332,"date":"2020-11-23T19:16:35","date_gmt":"2020-11-23T15:16:35","guid":{"rendered":"http:\/\/jam-news.net\/az\/?p=39332"},"modified":"2022-01-18T00:59:43","modified_gmt":"2022-01-17T20:59:43","slug":"muxalif%c9%99tci-acliq-elan-edib-dasnak-geqam-manukyan-bas-nazir-pasinyanin-istefa-t%c9%99l%c9%99bi-x%c9%99b%c9%99rl%c9%99r-erm%c9%99nistan","status":"publish","type":"post","link":"https:\/\/jam-news.net\/az\/muxalif%c9%99tci-acliq-elan-edib-dasnak-geqam-manukyan-bas-nazir-pasinyanin-istefa-t%c9%99l%c9%99bi-x%c9%99b%c9%99rl%c9%99r-erm%c9%99nistan\/","title":{"rendered":"Erm\u0259nistanda m\u00fcxalif\u0259t\u00e7i ba\u015f nazir Pa\u015finyan\u0131n istefas\u0131 t\u0259l\u0259bi il\u0259 acl\u0131q elan edib"},"content":{"rendered":"\n<p>Erm\u0259nistanda m\u00fcxalif ERF \u201cDa\u015fnaks\u00fctun\u201d partiyas\u0131n\u0131n n\u00fcmay\u0259nd\u0259si, \u201cYektir-Media\u201d tele\u015firk\u0259tinin informasiya proqramlar\u0131 direktoru Geqam Manukyan m\u00fcdd\u0259tsiz acl\u0131q elan edib. O, ba\u015f nazir Nikol Pa\u015finyan\u0131n istefas\u0131n\u0131 t\u0259l\u0259b edir.<\/p>\n\n\n\n<p>\u201cErm\u0259nistan Respublikas\u0131 hakimiyy\u0259tinin v\u0259 x\u00fcsus\u0259n d\u0259 ba\u015f nazir Pa\u00e7inyan\u0131n s\u0259ri\u015ft\u0259siz v\u0259 destruktiv f\u0259aliyy\u0259ti n\u0259tic\u0259sind\u0259 V\u0259t\u0259nin m\u00fch\u00fcm hiss\u0259sinin \u015f\u0259xsi v\u0259 milli faci\u0259 kimi ya\u015fay\u0131ram\u201d, &#8211; m\u00fcxalif\u0259t\u00e7i <a href=\"https:\/\/www.facebook.com\/photo.php?fbid=10220863508749837&amp;set=a.10200979612224851&amp;type=3\" target=\"_blank\" rel=\"noreferrer noopener\">Facebook<\/a>-da yaz\u0131b.<\/p>\n\n\n\n<p>S\u00f6hb\u0259t Qaraba\u011fda h\u0259rbi \u0259m\u0259liyyatlar\u0131n dayand\u0131r\u0131lmas\u0131 haqda \u00fc\u00e7t\u0259r\u0259fli b\u0259yanat imzalanandan sonra \u0259razil\u0259rin Az\u0259rbaycana t\u0259hvil verilm\u0259sind\u0259n gedir.<\/p>\n\n\n\n<p>Geqan Manukyan bu add\u0131m\u0131 atmaq q\u0259rar\u0131n\u0131 acl\u0131\u011f\u0131n beyn\u0259lxalq ictimaiyy\u0259td\u0259 etiraz vasit\u0259si kimi q\u0259bul olunmas\u0131 il\u0259 izah edib:<\/p>\n\n\n\n<p>\u201c\u0130rlandiyal\u0131lar britaniyal\u0131lar\u0131n n\u0259zar\u0259tin\u0259 etiraz ed\u0259r\u0259k 50 g\u00fcn, k\u00fcrdl\u0259r t\u00fcrkl\u0259rin n\u0259zar\u0259tin\u0259 etiraz ed\u0259r\u0259k 64 g\u00fcn acl\u0131q edib. M\u0259n \u00e7ox t\u0259\u0259ss\u00fcf edir\u0259m ki, bu yolla m\u0259n xarici t\u0259sir\u0259 yox, \u00f6z ba\u015f nazirim\u0259 qar\u015f\u0131 m\u00fcbariz\u0259 aparmaq m\u0259cburiyy\u0259tind\u0259y\u0259m. Bu, m\u0259nim \u00fc\u00e7\u00fcn son m\u00fcbariz\u0259 vasit\u0259sidir. M\u0259n ilk d\u0259f\u0259 bu add\u0131m\u0131 at\u0131ram\u201d.<\/p>\n\n\n\n<p>H\u00fcquq m\u00fcdafi\u0259\u00e7isi Avetik \u0130\u015fxanyan jurnalistl\u0259r\u0259 bildirib ki, onu bu add\u0131mdan \u00e7\u0259kindirm\u0259y\u0259 \u00e7al\u0131\u015f\u0131b:<\/p>\n\n\n\n<p>\u201cNikol Pa\u015finyan\u0131n vicdan\u0131 yoxdur, Manukyan h\u0259dd\u0259n art\u0131q t\u00fck\u0259ns\u0259, o, daha da xo\u015fb\u0259xt olacaq. Biz ham\u0131m\u0131z q\u0259ddar insanla \u00fcz-\u00fcz\u0259yik, onun \u00fc\u00e7\u00fcn insan h\u0259yat\u0131n\u0131n m\u0259nas\u0131 yoxdur\u201d.<\/p>\n\n\n\n<p>Geqam Manukyan bildirib ki, \u00f6z q\u0259rar\u0131ndan geri \u00e7\u0259kilm\u0259k niyy\u0259tind\u0259 deyil. O, jurnalistl\u0259rl\u0259 birlikd\u0259 h\u00f6kum\u0259t binas\u0131 qar\u015f\u0131s\u0131na g\u0259lib v\u0259 acl\u0131q aksiyas\u0131n\u0131 orada ke\u00e7irm\u0259k ist\u0259yib, amma polis ona \u0259razidd\u0259 yerl\u0259\u015fm\u0259y\u0259 imkan verm\u0259yib.<\/p>\n","protected":false},"excerpt":{"rendered":"<p>ERF \u201cDa\u015fnaks\u00fctun\u201d partiyas\u0131n\u0131n n\u00fcmay\u0259nd\u0259si Geqam Manukyan \u201cbu yolla xarici t\u0259sir\u0259 qar\u015f\u0131 yox, \u00f6z ba\u015f nazirin\u0259 qar\u015f\u0131 m\u00fcbariz\u0259 aparma\u011fa m\u0259cbur olsu\u011fu \u00fc\u00e7\u00fcn\u201d m\u0259yus oldu\u011funu bildirib<\/p>\n","protected":false},"author":8,"featured_media":39313,"comment_status":"closed","ping_status":"closed","sticky":false,"template":"","format":"standard","meta":{"_acf_changed":false,"footnotes":""},"categories":[27,50,5],"tags":[],"formation":[],"post-author":[2888],"topic":[4951,413],"tooltip":[],"city":[6054],"class_list":["post-39332","post","type-post","status-publish","format-standard","has-post-thumbnail","hentry","category-ermnistan","category-xbrlr","category-siyast","post-author-jamnews","topic-ermnistan","topic-nikol-pasinyan","city-yerevan"],"acf":[],"yoast_head":"<!-- This site is optimized with the Yoast SEO plugin v24.1 - https:\/\/yoast.com\/wordpress\/plugins\/seo\/ -->\n<title>Erm\u0259nistanda m\u00fcxalif\u0259t\u00e7i ba\u015f nazir Pa\u015finyan\u0131n istefas\u0131 t\u0259l\u0259bi il\u0259 acl\u0131q elan edib - JAMnews<\/title>\n<meta name=\"description\" content=\"ERF \u201cDa\u015fnaks\u00fctun\u201d partiyas\u0131n\u0131n n\u00fcmay\u0259nd\u0259si Geqam Manukyan \u201cbu yolla xarici t\u0259sir\u0259 qar\u015f\u0131 yox, \u00f6z ba\u015f nazirin\u0259 qar\u015f\u0131 m\u00fcbariz\u0259 aparma\u011fa m\u0259cbur olsu\u011fu \u00fc\u00e7\u00fcn\u201d m\u0259yus oldu\u011funu bildirib\" \/>\n<meta name=\"robots\" content=\"index, follow, max-snippet:-1, max-image-preview:large, max-video-preview:-1\" \/>\n<link rel=\"canonical\" href=\"https:\/\/jam-news.net\/az\/muxalif\u0259tci-acliq-elan-edib-dasnak-geqam-manukyan-bas-nazir-pasinyanin-istefa-t\u0259l\u0259bi-x\u0259b\u0259rl\u0259r-erm\u0259nistan\/\" \/>\n<meta property=\"og:locale\" content=\"az_AZ\" \/>\n<meta property=\"og:type\" content=\"article\" \/>\n<meta property=\"og:title\" content=\"Erm\u0259nistanda m\u00fcxalif\u0259t\u00e7i ba\u015f nazir Pa\u015finyan\u0131n istefas\u0131 t\u0259l\u0259bi il\u0259 acl\u0131q elan edib - JAMnews\" \/>\n<meta property=\"og:description\" content=\"ERF \u201cDa\u015fnaks\u00fctun\u201d partiyas\u0131n\u0131n n\u00fcmay\u0259nd\u0259si Geqam Manukyan \u201cbu yolla xarici t\u0259sir\u0259 qar\u015f\u0131 yox, \u00f6z ba\u015f nazirin\u0259 qar\u015f\u0131 m\u00fcbariz\u0259 aparma\u011fa m\u0259cbur olsu\u011fu \u00fc\u00e7\u00fcn\u201d m\u0259yus oldu\u011funu bildirib\" \/>\n<meta property=\"og:url\" content=\"https:\/\/jam-news.net\/az\/muxalif\u0259tci-acliq-elan-edib-dasnak-geqam-manukyan-bas-nazir-pasinyanin-istefa-t\u0259l\u0259bi-x\u0259b\u0259rl\u0259r-erm\u0259nistan\/\" \/>\n<meta property=\"og:site_name\" content=\"Azerbaijani Jamnews\" \/>\n<meta property=\"article:publisher\" content=\"https:\/\/www.facebook.com\/JAMnewsInEnglish\/\" \/>\n<meta property=\"article:published_time\" content=\"2020-11-23T15:16:35+00:00\" \/>\n<meta property=\"article:modified_time\" content=\"2022-01-17T20:59:43+00:00\" \/>\n<meta property=\"og:image\" content=\"https:\/\/jam-news.net\/app\/uploads\/2020\/11\/Gegham_Manukyan.jpg\" \/>\n\t<meta property=\"og:image:width\" content=\"900\" \/>\n\t<meta property=\"og:image:height\" content=\"600\" \/>\n\t<meta property=\"og:image:type\" content=\"image\/jpeg\" \/>\n<meta name=\"author\" content=\"Naira Martikian\" \/>\n<meta name=\"twitter:card\" content=\"summary_large_image\" \/>\n<meta name=\"twitter:creator\" content=\"@JAMnewsCaucasus\" \/>\n<meta name=\"twitter:site\" content=\"@JAMnewsCaucasus\" \/>\n<meta name=\"twitter:label1\" content=\"Written by\" \/>\n\t<meta name=\"twitter:data1\" content=\"Naira Martikian\" \/>\n\t<meta name=\"twitter:label2\" content=\"Est. reading time\" \/>\n\t<meta name=\"twitter:data2\" content=\"2 minutes\" \/>\n<script type=\"application\/ld+json\" class=\"yoast-schema-graph\">{\"@context\":\"https:\/\/schema.org\",\"@graph\":[{\"@type\":\"Article\",\"@id\":\"https:\/\/jam-news.net\/az\/muxalif%c9%99tci-acliq-elan-edib-dasnak-geqam-manukyan-bas-nazir-pasinyanin-istefa-t%c9%99l%c9%99bi-x%c9%99b%c9%99rl%c9%99r-erm%c9%99nistan\/#article\",\"isPartOf\":{\"@id\":\"https:\/\/jam-news.net\/az\/muxalif%c9%99tci-acliq-elan-edib-dasnak-geqam-manukyan-bas-nazir-pasinyanin-istefa-t%c9%99l%c9%99bi-x%c9%99b%c9%99rl%c9%99r-erm%c9%99nistan\/\"},\"author\":{\"name\":\"Naira Martikian\",\"@id\":\"https:\/\/jam-news.net\/az\/#\/schema\/person\/e82f374df8fce3377c56e285e5c11387\"},\"headline\":\"Erm\u0259nistanda m\u00fcxalif\u0259t\u00e7i ba\u015f nazir Pa\u015finyan\u0131n istefas\u0131 t\u0259l\u0259bi il\u0259 acl\u0131q elan edib\",\"datePublished\":\"2020-11-23T15:16:35+00:00\",\"dateModified\":\"2022-01-17T20:59:43+00:00\",\"mainEntityOfPage\":{\"@id\":\"https:\/\/jam-news.net\/az\/muxalif%c9%99tci-acliq-elan-edib-dasnak-geqam-manukyan-bas-nazir-pasinyanin-istefa-t%c9%99l%c9%99bi-x%c9%99b%c9%99rl%c9%99r-erm%c9%99nistan\/\"},\"wordCount\":360,\"publisher\":{\"@id\":\"https:\/\/jam-news.net\/az\/#organization\"},\"image\":{\"@id\":\"https:\/\/jam-news.net\/az\/muxalif%c9%99tci-acliq-elan-edib-dasnak-geqam-manukyan-bas-nazir-pasinyanin-istefa-t%c9%99l%c9%99bi-x%c9%99b%c9%99rl%c9%99r-erm%c9%99nistan\/#primaryimage\"},\"thumbnailUrl\":\"https:\/\/jam-news.net\/app\/uploads\/2020\/11\/Gegham_Manukyan.jpg\",\"articleSection\":[\"Armenia\",\"News\",\"Politics\"],\"inLanguage\":\"az\"},{\"@type\":\"WebPage\",\"@id\":\"https:\/\/jam-news.net\/az\/muxalif%c9%99tci-acliq-elan-edib-dasnak-geqam-manukyan-bas-nazir-pasinyanin-istefa-t%c9%99l%c9%99bi-x%c9%99b%c9%99rl%c9%99r-erm%c9%99nistan\/\",\"url\":\"https:\/\/jam-news.net\/az\/muxalif%c9%99tci-acliq-elan-edib-dasnak-geqam-manukyan-bas-nazir-pasinyanin-istefa-t%c9%99l%c9%99bi-x%c9%99b%c9%99rl%c9%99r-erm%c9%99nistan\/\",\"name\":\"Erm\u0259nistanda m\u00fcxalif\u0259t\u00e7i ba\u015f nazir Pa\u015finyan\u0131n istefas\u0131 t\u0259l\u0259bi il\u0259 acl\u0131q elan edib - JAMnews\",\"isPartOf\":{\"@id\":\"https:\/\/jam-news.net\/az\/#website\"},\"primaryImageOfPage\":{\"@id\":\"https:\/\/jam-news.net\/az\/muxalif%c9%99tci-acliq-elan-edib-dasnak-geqam-manukyan-bas-nazir-pasinyanin-istefa-t%c9%99l%c9%99bi-x%c9%99b%c9%99rl%c9%99r-erm%c9%99nistan\/#primaryimage\"},\"image\":{\"@id\":\"https:\/\/jam-news.net\/az\/muxalif%c9%99tci-acliq-elan-edib-dasnak-geqam-manukyan-bas-nazir-pasinyanin-istefa-t%c9%99l%c9%99bi-x%c9%99b%c9%99rl%c9%99r-erm%c9%99nistan\/#primaryimage\"},\"thumbnailUrl\":\"https:\/\/jam-news.net\/app\/uploads\/2020\/11\/Gegham_Manukyan.jpg\",\"datePublished\":\"2020-11-23T15:16:35+00:00\",\"dateModified\":\"2022-01-17T20:59:43+00:00\",\"description\":\"ERF \u201cDa\u015fnaks\u00fctun\u201d partiyas\u0131n\u0131n n\u00fcmay\u0259nd\u0259si Geqam Manukyan \u201cbu yolla xarici t\u0259sir\u0259 qar\u015f\u0131 yox, \u00f6z ba\u015f nazirin\u0259 qar\u015f\u0131 m\u00fcbariz\u0259 aparma\u011fa m\u0259cbur olsu\u011fu \u00fc\u00e7\u00fcn\u201d m\u0259yus oldu\u011funu bildirib\",\"breadcrumb\":{\"@id\":\"https:\/\/jam-news.net\/az\/muxalif%c9%99tci-acliq-elan-edib-dasnak-geqam-manukyan-bas-nazir-pasinyanin-istefa-t%c9%99l%c9%99bi-x%c9%99b%c9%99rl%c9%99r-erm%c9%99nistan\/#breadcrumb\"},\"inLanguage\":\"az\",\"potentialAction\":[{\"@type\":\"ReadAction\",\"target\":[\"https:\/\/jam-news.net\/az\/muxalif%c9%99tci-acliq-elan-edib-dasnak-geqam-manukyan-bas-nazir-pasinyanin-istefa-t%c9%99l%c9%99bi-x%c9%99b%c9%99rl%c9%99r-erm%c9%99nistan\/\"]}]},{\"@type\":\"ImageObject\",\"inLanguage\":\"az\",\"@id\":\"https:\/\/jam-news.net\/az\/muxalif%c9%99tci-acliq-elan-edib-dasnak-geqam-manukyan-bas-nazir-pasinyanin-istefa-t%c9%99l%c9%99bi-x%c9%99b%c9%99rl%c9%99r-erm%c9%99nistan\/#primaryimage\",\"url\":\"https:\/\/jam-news.net\/app\/uploads\/2020\/11\/Gegham_Manukyan.jpg\",\"contentUrl\":\"https:\/\/jam-news.net\/app\/uploads\/2020\/11\/Gegham_Manukyan.jpg\",\"width\":900,\"height\":600},{\"@type\":\"BreadcrumbList\",\"@id\":\"https:\/\/jam-news.net\/az\/muxalif%c9%99tci-acliq-elan-edib-dasnak-geqam-manukyan-bas-nazir-pasinyanin-istefa-t%c9%99l%c9%99bi-x%c9%99b%c9%99rl%c9%99r-erm%c9%99nistan\/#breadcrumb\",\"itemListElement\":[{\"@type\":\"ListItem\",\"position\":1,\"name\":\"Home\",\"item\":\"https:\/\/jam-news.net\/az\/\"},{\"@type\":\"ListItem\",\"position\":2,\"name\":\"Erm\u0259nistanda m\u00fcxalif\u0259t\u00e7i ba\u015f nazir Pa\u015finyan\u0131n istefas\u0131 t\u0259l\u0259bi il\u0259 acl\u0131q elan edib\"}]},{\"@type\":\"WebSite\",\"@id\":\"https:\/\/jam-news.net\/az\/#website\",\"url\":\"https:\/\/jam-news.net\/az\/\",\"name\":\"Azerbaijani Jamnews\",\"description\":\"Caucasus News, Politics and Society\",\"publisher\":{\"@id\":\"https:\/\/jam-news.net\/az\/#organization\"},\"potentialAction\":[{\"@type\":\"SearchAction\",\"target\":{\"@type\":\"EntryPoint\",\"urlTemplate\":\"https:\/\/jam-news.net\/az\/?s={search_term_string}\"},\"query-input\":{\"@type\":\"PropertyValueSpecification\",\"valueRequired\":true,\"valueName\":\"search_term_string\"}}],\"inLanguage\":\"az\"},{\"@type\":\"Organization\",\"@id\":\"https:\/\/jam-news.net\/az\/#organization\",\"name\":\"JAMnews\",\"url\":\"https:\/\/jam-news.net\/az\/\",\"logo\":{\"@type\":\"ImageObject\",\"inLanguage\":\"az\",\"@id\":\"https:\/\/jam-news.net\/az\/#\/schema\/logo\/image\/\",\"url\":\"https:\/\/jam-news.net\/app\/uploads\/2020\/05\/JAM_w.jpg\",\"contentUrl\":\"https:\/\/jam-news.net\/app\/uploads\/2020\/05\/JAM_w.jpg\",\"width\":960,\"height\":960,\"caption\":\"JAMnews\"},\"image\":{\"@id\":\"https:\/\/jam-news.net\/az\/#\/schema\/logo\/image\/\"},\"sameAs\":[\"https:\/\/www.facebook.com\/JAMnewsInEnglish\/\",\"https:\/\/x.com\/JAMnewsCaucasus\",\"https:\/\/www.instagram.com\/jam_news\/\",\"https:\/\/www.youtube.com\/channel\/UCXQbUCme2pykuZYXWHx4VPg\"]},{\"@type\":\"Person\",\"@id\":\"https:\/\/jam-news.net\/az\/#\/schema\/person\/e82f374df8fce3377c56e285e5c11387\",\"name\":\"Naira Martikian\",\"image\":{\"@type\":\"ImageObject\",\"inLanguage\":\"az\",\"@id\":\"https:\/\/jam-news.net\/az\/#\/schema\/person\/image\/\",\"url\":\"https:\/\/secure.gravatar.com\/avatar\/0696bcd343e46256c029b752a654bade?s=96&d=mm&r=g\",\"contentUrl\":\"https:\/\/secure.gravatar.com\/avatar\/0696bcd343e46256c029b752a654bade?s=96&d=mm&r=g\",\"caption\":\"Naira Martikian\"},\"url\":\"https:\/\/jam-news.net\/az\/author\/nairama\/\"}]}<\/script>\n<!-- \/ Yoast SEO plugin. -->","yoast_head_json":{"title":"Erm\u0259nistanda m\u00fcxalif\u0259t\u00e7i ba\u015f nazir Pa\u015finyan\u0131n istefas\u0131 t\u0259l\u0259bi il\u0259 acl\u0131q elan edib - JAMnews","description":"ERF \u201cDa\u015fnaks\u00fctun\u201d partiyas\u0131n\u0131n n\u00fcmay\u0259nd\u0259si Geqam Manukyan \u201cbu yolla xarici t\u0259sir\u0259 qar\u015f\u0131 yox, \u00f6z ba\u015f nazirin\u0259 qar\u015f\u0131 m\u00fcbariz\u0259 aparma\u011fa m\u0259cbur olsu\u011fu \u00fc\u00e7\u00fcn\u201d m\u0259yus oldu\u011funu bildirib","robots":{"index":"index","follow":"follow","max-snippet":"max-snippet:-1","max-image-preview":"max-image-preview:large","max-video-preview":"max-video-preview:-1"},"canonical":"https:\/\/jam-news.net\/az\/muxalif\u0259tci-acliq-elan-edib-dasnak-geqam-manukyan-bas-nazir-pasinyanin-istefa-t\u0259l\u0259bi-x\u0259b\u0259rl\u0259r-erm\u0259nistan\/","og_locale":"az_AZ","og_type":"article","og_title":"Erm\u0259nistanda m\u00fcxalif\u0259t\u00e7i ba\u015f nazir Pa\u015finyan\u0131n istefas\u0131 t\u0259l\u0259bi il\u0259 acl\u0131q elan edib - JAMnews","og_description":"ERF \u201cDa\u015fnaks\u00fctun\u201d partiyas\u0131n\u0131n n\u00fcmay\u0259nd\u0259si Geqam Manukyan \u201cbu yolla xarici t\u0259sir\u0259 qar\u015f\u0131 yox, \u00f6z ba\u015f nazirin\u0259 qar\u015f\u0131 m\u00fcbariz\u0259 aparma\u011fa m\u0259cbur olsu\u011fu \u00fc\u00e7\u00fcn\u201d m\u0259yus oldu\u011funu bildirib","og_url":"https:\/\/jam-news.net\/az\/muxalif\u0259tci-acliq-elan-edib-dasnak-geqam-manukyan-bas-nazir-pasinyanin-istefa-t\u0259l\u0259bi-x\u0259b\u0259rl\u0259r-erm\u0259nistan\/","og_site_name":"Azerbaijani Jamnews","article_publisher":"https:\/\/www.facebook.com\/JAMnewsInEnglish\/","article_published_time":"2020-11-23T15:16:35+00:00","article_modified_time":"2022-01-17T20:59:43+00:00","og_image":[{"width":900,"height":600,"url":"https:\/\/jam-news.net\/app\/uploads\/2020\/11\/Gegham_Manukyan.jpg","type":"image\/jpeg"}],"author":"Naira Martikian","twitter_card":"summary_large_image","twitter_creator":"@JAMnewsCaucasus","twitter_site":"@JAMnewsCaucasus","twitter_misc":{"Written by":"Naira Martikian","Est. reading time":"2 minutes"},"schema":{"@context":"https:\/\/schema.org","@graph":[{"@type":"Article","@id":"https:\/\/jam-news.net\/az\/muxalif%c9%99tci-acliq-elan-edib-dasnak-geqam-manukyan-bas-nazir-pasinyanin-istefa-t%c9%99l%c9%99bi-x%c9%99b%c9%99rl%c9%99r-erm%c9%99nistan\/#article","isPartOf":{"@id":"https:\/\/jam-news.net\/az\/muxalif%c9%99tci-acliq-elan-edib-dasnak-geqam-manukyan-bas-nazir-pasinyanin-istefa-t%c9%99l%c9%99bi-x%c9%99b%c9%99rl%c9%99r-erm%c9%99nistan\/"},"author":{"name":"Naira Martikian","@id":"https:\/\/jam-news.net\/az\/#\/schema\/person\/e82f374df8fce3377c56e285e5c11387"},"headline":"Erm\u0259nistanda m\u00fcxalif\u0259t\u00e7i ba\u015f nazir Pa\u015finyan\u0131n istefas\u0131 t\u0259l\u0259bi il\u0259 acl\u0131q elan edib","datePublished":"2020-11-23T15:16:35+00:00","dateModified":"2022-01-17T20:59:43+00:00","mainEntityOfPage":{"@id":"https:\/\/jam-news.net\/az\/muxalif%c9%99tci-acliq-elan-edib-dasnak-geqam-manukyan-bas-nazir-pasinyanin-istefa-t%c9%99l%c9%99bi-x%c9%99b%c9%99rl%c9%99r-erm%c9%99nistan\/"},"wordCount":360,"publisher":{"@id":"https:\/\/jam-news.net\/az\/#organization"},"image":{"@id":"https:\/\/jam-news.net\/az\/muxalif%c9%99tci-acliq-elan-edib-dasnak-geqam-manukyan-bas-nazir-pasinyanin-istefa-t%c9%99l%c9%99bi-x%c9%99b%c9%99rl%c9%99r-erm%c9%99nistan\/#primaryimage"},"thumbnailUrl":"https:\/\/jam-news.net\/app\/uploads\/2020\/11\/Gegham_Manukyan.jpg","articleSection":["Armenia","News","Politics"],"inLanguage":"az"},{"@type":"WebPage","@id":"https:\/\/jam-news.net\/az\/muxalif%c9%99tci-acliq-elan-edib-dasnak-geqam-manukyan-bas-nazir-pasinyanin-istefa-t%c9%99l%c9%99bi-x%c9%99b%c9%99rl%c9%99r-erm%c9%99nistan\/","url":"https:\/\/jam-news.net\/az\/muxalif%c9%99tci-acliq-elan-edib-dasnak-geqam-manukyan-bas-nazir-pasinyanin-istefa-t%c9%99l%c9%99bi-x%c9%99b%c9%99rl%c9%99r-erm%c9%99nistan\/","name":"Erm\u0259nistanda m\u00fcxalif\u0259t\u00e7i ba\u015f nazir Pa\u015finyan\u0131n istefas\u0131 t\u0259l\u0259bi il\u0259 acl\u0131q elan edib - JAMnews","isPartOf":{"@id":"https:\/\/jam-news.net\/az\/#website"},"primaryImageOfPage":{"@id":"https:\/\/jam-news.net\/az\/muxalif%c9%99tci-acliq-elan-edib-dasnak-geqam-manukyan-bas-nazir-pasinyanin-istefa-t%c9%99l%c9%99bi-x%c9%99b%c9%99rl%c9%99r-erm%c9%99nistan\/#primaryimage"},"image":{"@id":"https:\/\/jam-news.net\/az\/muxalif%c9%99tci-acliq-elan-edib-dasnak-geqam-manukyan-bas-nazir-pasinyanin-istefa-t%c9%99l%c9%99bi-x%c9%99b%c9%99rl%c9%99r-erm%c9%99nistan\/#primaryimage"},"thumbnailUrl":"https:\/\/jam-news.net\/app\/uploads\/2020\/11\/Gegham_Manukyan.jpg","datePublished":"2020-11-23T15:16:35+00:00","dateModified":"2022-01-17T20:59:43+00:00","description":"ERF \u201cDa\u015fnaks\u00fctun\u201d partiyas\u0131n\u0131n n\u00fcmay\u0259nd\u0259si Geqam Manukyan \u201cbu yolla xarici t\u0259sir\u0259 qar\u015f\u0131 yox, \u00f6z ba\u015f nazirin\u0259 qar\u015f\u0131 m\u00fcbariz\u0259 aparma\u011fa m\u0259cbur olsu\u011fu \u00fc\u00e7\u00fcn\u201d m\u0259yus oldu\u011funu bildirib","breadcrumb":{"@id":"https:\/\/jam-news.net\/az\/muxalif%c9%99tci-acliq-elan-edib-dasnak-geqam-manukyan-bas-nazir-pasinyanin-istefa-t%c9%99l%c9%99bi-x%c9%99b%c9%99rl%c9%99r-erm%c9%99nistan\/#breadcrumb"},"inLanguage":"az","potentialAction":[{"@type":"ReadAction","target":["https:\/\/jam-news.net\/az\/muxalif%c9%99tci-acliq-elan-edib-dasnak-geqam-manukyan-bas-nazir-pasinyanin-istefa-t%c9%99l%c9%99bi-x%c9%99b%c9%99rl%c9%99r-erm%c9%99nistan\/"]}]},{"@type":"ImageObject","inLanguage":"az","@id":"https:\/\/jam-news.net\/az\/muxalif%c9%99tci-acliq-elan-edib-dasnak-geqam-manukyan-bas-nazir-pasinyanin-istefa-t%c9%99l%c9%99bi-x%c9%99b%c9%99rl%c9%99r-erm%c9%99nistan\/#primaryimage","url":"https:\/\/jam-news.net\/app\/uploads\/2020\/11\/Gegham_Manukyan.jpg","contentUrl":"https:\/\/jam-news.net\/app\/uploads\/2020\/11\/Gegham_Manukyan.jpg","width":900,"height":600},{"@type":"BreadcrumbList","@id":"https:\/\/jam-news.net\/az\/muxalif%c9%99tci-acliq-elan-edib-dasnak-geqam-manukyan-bas-nazir-pasinyanin-istefa-t%c9%99l%c9%99bi-x%c9%99b%c9%99rl%c9%99r-erm%c9%99nistan\/#breadcrumb","itemListElement":[{"@type":"ListItem","position":1,"name":"Home","item":"https:\/\/jam-news.net\/az\/"},{"@type":"ListItem","position":2,"name":"Erm\u0259nistanda m\u00fcxalif\u0259t\u00e7i ba\u015f nazir Pa\u015finyan\u0131n istefas\u0131 t\u0259l\u0259bi il\u0259 acl\u0131q elan edib"}]},{"@type":"WebSite","@id":"https:\/\/jam-news.net\/az\/#website","url":"https:\/\/jam-news.net\/az\/","name":"Azerbaijani Jamnews","description":"Caucasus News, Politics and Society","publisher":{"@id":"https:\/\/jam-news.net\/az\/#organization"},"potentialAction":[{"@type":"SearchAction","target":{"@type":"EntryPoint","urlTemplate":"https:\/\/jam-news.net\/az\/?s={search_term_string}"},"query-input":{"@type":"PropertyValueSpecification","valueRequired":true,"valueName":"search_term_string"}}],"inLanguage":"az"},{"@type":"Organization","@id":"https:\/\/jam-news.net\/az\/#organization","name":"JAMnews","url":"https:\/\/jam-news.net\/az\/","logo":{"@type":"ImageObject","inLanguage":"az","@id":"https:\/\/jam-news.net\/az\/#\/schema\/logo\/image\/","url":"https:\/\/jam-news.net\/app\/uploads\/2020\/05\/JAM_w.jpg","contentUrl":"https:\/\/jam-news.net\/app\/uploads\/2020\/05\/JAM_w.jpg","width":960,"height":960,"caption":"JAMnews"},"image":{"@id":"https:\/\/jam-news.net\/az\/#\/schema\/logo\/image\/"},"sameAs":["https:\/\/www.facebook.com\/JAMnewsInEnglish\/","https:\/\/x.com\/JAMnewsCaucasus","https:\/\/www.instagram.com\/jam_news\/","https:\/\/www.youtube.com\/channel\/UCXQbUCme2pykuZYXWHx4VPg"]},{"@type":"Person","@id":"https:\/\/jam-news.net\/az\/#\/schema\/person\/e82f374df8fce3377c56e285e5c11387","name":"Naira Martikian","image":{"@type":"ImageObject","inLanguage":"az","@id":"https:\/\/jam-news.net\/az\/#\/schema\/person\/image\/","url":"https:\/\/secure.gravatar.com\/avatar\/0696bcd343e46256c029b752a654bade?s=96&d=mm&r=g","contentUrl":"https:\/\/secure.gravatar.com\/avatar\/0696bcd343e46256c029b752a654bade?s=96&d=mm&r=g","caption":"Naira Martikian"},"url":"https:\/\/jam-news.net\/az\/author\/nairama\/"}]}},"_links":{"self":[{"href":"https:\/\/jam-news.net\/az\/wp-json\/wp\/v2\/posts\/39332","targetHints":{"allow":["GET"]}}],"collection":[{"href":"https:\/\/jam-news.net\/az\/wp-json\/wp\/v2\/posts"}],"about":[{"href":"https:\/\/jam-news.net\/az\/wp-json\/wp\/v2\/types\/post"}],"author":[{"embeddable":true,"href":"https:\/\/jam-news.net\/az\/wp-json\/wp\/v2\/users\/8"}],"replies":[{"embeddable":true,"href":"https:\/\/jam-news.net\/az\/wp-json\/wp\/v2\/comments?post=39332"}],"version-history":[{"count":3,"href":"https:\/\/jam-news.net\/az\/wp-json\/wp\/v2\/posts\/39332\/revisions"}],"predecessor-version":[{"id":39351,"href":"https:\/\/jam-news.net\/az\/wp-json\/wp\/v2\/posts\/39332\/revisions\/39351"}],"wp:featuredmedia":[{"embeddable":true,"href":"https:\/\/jam-news.net\/az\/wp-json\/wp\/v2\/media\/39313"}],"wp:attachment":[{"href":"https:\/\/jam-news.net\/az\/wp-json\/wp\/v2\/media?parent=39332"}],"wp:term":[{"taxonomy":"category","embeddable":true,"href":"https:\/\/jam-news.net\/az\/wp-json\/wp\/v2\/categories?post=39332"},{"taxonomy":"post_tag","embeddable":true,"href":"https:\/\/jam-news.net\/az\/wp-json\/wp\/v2\/tags?post=39332"},{"taxonomy":"formation","embeddable":true,"href":"https:\/\/jam-news.net\/az\/wp-json\/wp\/v2\/formation?post=39332"},{"taxonomy":"post-author","embeddable":true,"href":"https:\/\/jam-news.net\/az\/wp-json\/wp\/v2\/post-author?post=39332"},{"taxonomy":"topic","embeddable":true,"href":"https:\/\/jam-news.net\/az\/wp-json\/wp\/v2\/topic?post=39332"},{"taxonomy":"tooltip","embeddable":true,"href":"https:\/\/jam-news.net\/az\/wp-json\/wp\/v2\/tooltip?post=39332"},{"taxonomy":"city","embeddable":true,"href":"https:\/\/jam-news.net\/az\/wp-json\/wp\/v2\/city?post=39332"}],"curies":[{"name":"wp","href":"https:\/\/api.w.org\/{rel}","templated":true}]}}