{"id":3927,"date":"2019-02-16T00:00:00","date_gmt":"2019-02-16T00:00:00","guid":{"rendered":"http:\/\/jam-news.net\/az\/eyvansiz-ev-olar\/"},"modified":"2021-02-09T11:52:29","modified_gmt":"2021-02-09T07:52:29","slug":"eyvansiz-ev-olar","status":"publish","type":"post","link":"https:\/\/jam-news.net\/az\/eyvansiz-ev-olar\/","title":{"rendered":"Erm\u0259nistanda malikan\u0259l\u0259r \u015f\u0259h\u0259ri &#8211; Qoris fotolarda"},"content":{"rendered":"<p><span style=\"font-size: 12pt;\">Qoris m\u00fcxt\u0259lif insanlara m\u0259xsus olan, amma vahid \u00fcslubda tikil\u0259n malikan\u0259l\u0259r, f\u0259rdi evl\u0259r \u015f\u0259h\u0259ri say\u0131l\u0131r. Bu, Erm\u0259nistan\u0131n c\u0259nub hiss\u0259sind\u0259 yerl\u0259\u015f\u0259n \u015f\u0259h\u0259rin x\u00fcsusiyy\u0259tl\u0259rind\u0259n biridir.<\/span><\/p>\n<div><\/div>\n<div><img decoding=\"async\" class=\"aligncenter\" src=\"http:\/\/jam-news.net\/Uploads\/Publication\/1754\/ContentImages\/az-Latn-AZ\/Goris_2.jpg\" \/><\/div>\n<p><span style=\"font-size: 12pt;\">Qorisd\u0259 tikinti XIX \u0259srin 30-cu ill\u0259rind\u0259 ba\u015flamas\u0131na baxmayaraq, onun \u0259sas\u0131n\u0131n qoyuldu\u011fu tarix 1870-ci il say\u0131l\u0131r.<\/span><\/p>\n<div><\/div>\n<div><img decoding=\"async\" class=\"aligncenter\" src=\"http:\/\/jam-news.net\/Uploads\/Publication\/1754\/ContentImages\/az-Latn-AZ\/Goris_13.jpg\" \/><\/div>\n<p><span style=\"font-size: 12pt;\">1870-ci ild\u0259 Qoris \u00e7ar Rusiyas\u0131n\u0131n Yelizavetopol quberniyas\u0131n\u0131n Z\u0259ng\u0259zur q\u0259zas\u0131n\u0131n m\u0259rk\u0259zi statusunu al\u0131r. Bu yerl\u0259rin bir \u00e7ox sakinl\u0259ri burada \u00f6zl\u0259ri \u00fc\u00e7\u00fcn malikan\u0259l\u0259r tikm\u0259y\u0259 ba\u015flad\u0131lar.<\/span><\/p>\n<div><img decoding=\"async\" src=\"http:\/\/jam-news.net\/Uploads\/Publication\/1754\/ContentImages\/az-Latn-AZ\/Goris_3.jpg\" \/><\/div>\n<p><span style=\"font-size: 12pt;\">Bu evl\u0259r bu g\u00fcn\u0259 q\u0259d\u0259r d\u0259 \u00f6z ilkin g\u00f6r\u00fcn\u00fc\u015fl\u0259rini saxlaya bilibl\u0259r. Qoris sakinl\u0259ri is\u0259 onlar\u0131 h\u0259l\u0259 d\u0259 k\u00f6hn\u0259 sahibl\u0259rinin ad\u0131 il\u0259 \u00e7a\u011f\u0131r\u0131r, misal \u00fc\u00e7\u00fcn, M\u0259lik H\u00fcsenyan\u0131n, Qalust Badiryan\u0131n, Yolyanovun evi&#8230;<\/span><\/p>\n<div><img decoding=\"async\" src=\"http:\/\/jam-news.net\/Uploads\/Publication\/1754\/ContentImages\/az-Latn-AZ\/Goris_8.jpg\" \/><\/div>\n<p><span style=\"font-size: 12pt;\">Bu binalarda diqq\u0259ti c\u0259lb ed\u0259n is\u0259 eyvanlard\u0131r. Bu, Qorisd\u0259 bu g\u00fcn d\u0259 tikil\u0259n binalar \u00fc\u00e7\u00fcn \u201cm\u00fctl\u0259q \u015ftrixdir.<\/span><\/p>\n<div><img decoding=\"async\" src=\"http:\/\/jam-news.net\/Uploads\/Publication\/1754\/ContentImages\/az-Latn-AZ\/Goris_7_all.jpg\" \/><\/div>\n<p><span style=\"font-size: 12pt;\">B\u0259zi sakinl\u0259r \u00f6z k\u00f6hn\u0259 eyvanlar\u0131n\u0131 b\u0259rpa ed\u0259rk\u0259n, s\u00fcrahinin XIX \u0259srd\u0259 d\u0259bd\u0259 olan Z\u0259ng\u0259zur taxta dekorunu saxlay\u0131rlar.<\/span><\/p>\n<div><img decoding=\"async\" src=\"http:\/\/jam-news.net\/Uploads\/Publication\/1754\/ContentImages\/az-Latn-AZ\/Goris_12.jpg\" \/><\/div>\n<p><span style=\"font-size: 12pt;\">H\u0259y\u0259t t\u0259r\u0259fd\u0259n d\u0259 eyvanlar var. Meriya m\u0259murlar\u0131n\u0131n bildirdiyin\u0259 g\u00f6r\u0259, Qoris evl\u0259rinin b\u00fct\u00fcn eyvanlar\u0131 onlar\u0131n diqq\u0259tind\u0259dir v\u0259 n\u0259yin bahas\u0131na olursa olsun onlar\u0131 qoruyub saxlayacaqlar.<\/span><\/p>\n<div><img decoding=\"async\" src=\"http:\/\/jam-news.net\/Uploads\/Publication\/1754\/ContentImages\/az-Latn-AZ\/Goris_9.jpg\" \/><\/div>\n<p><span style=\"font-size: 12pt;\">Qoris meriyas\u0131n\u0131n \u015f\u0259h\u0259rsalma v\u0259 kommunal t\u0259s\u0259rr\u00fcfat \u015f\u00f6b\u0259sinin r\u0259isi olan memar Qareqin Parsyan\u0131n s\u00f6zl\u0259rin\u0259 g\u00f6r\u0259, yax\u0131n g\u0259l\u0259c\u0259kd\u0259 \u015f\u0259h\u0259rin tarixi m\u0259rk\u0259zinin b\u00fct\u00fcn eyvanlar\u0131, f\u0259rdi evl\u0259rin fasadlar\u0131, s\u0259kil\u0259ri il\u0259 birlikd\u0259 yenid\u0259n tikilm\u0259si planla\u015fd\u0131r\u0131l\u0131r, \u0259sas\u0131 is\u0259 odur ki, bu zaman \u015f\u0259h\u0259rin k\u00f6hn\u0259 g\u00f6r\u00fcn\u00fc\u015f\u00fc d\u0259qiqliyi is\u0259 saxlan\u0131lacaq. Bu, sistematik sur\u0259td\u0259 b\u00fct\u00fcn k\u00f6hn\u0259 binalar\u0131n s\u00f6k\u00fcld\u00fcy\u00fc Yerevan \u00fc\u00e7\u00fcn \u0259la n\u00fcmun\u0259dir.<\/span><\/p>\n<div><img decoding=\"async\" src=\"http:\/\/jam-news.net\/Uploads\/Publication\/1754\/ContentImages\/az-Latn-AZ\/Goris_10.jpg\" \/><\/div>\n<div><div class=\"su-divider su-divider-style-default\" style=\"margin:15px 0;border-width:3px;border-color:#999999\"><a href=\"#\" style=\"color:#999999\">Go to top<\/a><\/div> <\/div>\n<div><img decoding=\"async\" src=\"http:\/\/jam-news.net\/Uploads\/Publication\/1754\/ContentImages\/az-Latn-AZ\/Goris_5.jpg\" \/><\/div>\n<p><div class=\"su-divider su-divider-style-default\" style=\"margin:15px 0;border-width:3px;border-color:#999999\"><a href=\"#\" style=\"color:#999999\">Go to top<\/a><\/div> <\/p>\n<p><\/p>\n","protected":false},"excerpt":{"rendered":"<p>Burada b\u00fct\u00fcn binalar\u0131n \u0259sas b\u0259z\u0259yi eyvand\u0131r. Bu element q\u0259dim zamanlarda m\u00fctl\u0259q idi, el\u0259 indi d\u0259 laz\u0131ml\u0131 say\u0131l\u0131r<\/p>\n","protected":false},"author":3,"featured_media":19129,"comment_status":"open","ping_status":"open","sticky":false,"template":"","format":"standard","meta":{"_acf_changed":false,"footnotes":""},"categories":[27,2,46,36,35],"tags":[33],"formation":[],"post-author":[3691],"topic":[],"tooltip":[],"city":[],"class_list":["post-3927","post","type-post","status-publish","format-standard","has-post-thumbnail","hentry","category-ermnistan","category-cografiya","category-fotohvalat","category-multimedia","category-hekaylr","tag-ermnistan","post-author-anahit-baqdasaryan-qoris"],"acf":[],"yoast_head":"<!-- This site is optimized with the Yoast SEO plugin v24.1 - https:\/\/yoast.com\/wordpress\/plugins\/seo\/ -->\n<title>Erm\u0259nistanda malikan\u0259l\u0259r \u015f\u0259h\u0259ri - Qoris fotolarda - JAMnews<\/title>\n<meta name=\"robots\" content=\"index, follow, max-snippet:-1, max-image-preview:large, max-video-preview:-1\" \/>\n<link rel=\"canonical\" href=\"https:\/\/jam-news.net\/az\/eyvansiz-ev-olar\/\" \/>\n<meta property=\"og:locale\" content=\"az_AZ\" \/>\n<meta property=\"og:type\" content=\"article\" \/>\n<meta property=\"og:title\" content=\"Erm\u0259nistanda malikan\u0259l\u0259r \u015f\u0259h\u0259ri - Qoris fotolarda - JAMnews\" \/>\n<meta property=\"og:description\" content=\"Burada b\u00fct\u00fcn binalar\u0131n \u0259sas b\u0259z\u0259yi eyvand\u0131r. Bu element q\u0259dim zamanlarda m\u00fctl\u0259q idi, el\u0259 indi d\u0259 laz\u0131ml\u0131 say\u0131l\u0131r\" \/>\n<meta property=\"og:url\" content=\"https:\/\/jam-news.net\/az\/eyvansiz-ev-olar\/\" \/>\n<meta property=\"og:site_name\" content=\"Azerbaijani Jamnews\" \/>\n<meta property=\"article:publisher\" content=\"https:\/\/www.facebook.com\/JAMnewsInEnglish\/\" \/>\n<meta property=\"article:published_time\" content=\"2019-02-16T00:00:00+00:00\" \/>\n<meta property=\"article:modified_time\" content=\"2021-02-09T07:52:29+00:00\" \/>\n<meta property=\"og:image\" content=\"https:\/\/jam-news.net\/app\/uploads\/2020\/03\/Goris_1-1.jpg\" \/>\n\t<meta property=\"og:image:width\" content=\"1000\" \/>\n\t<meta property=\"og:image:height\" content=\"685\" \/>\n\t<meta property=\"og:image:type\" content=\"image\/jpeg\" \/>\n<meta name=\"author\" content=\"JAMnews\" \/>\n<meta name=\"twitter:card\" content=\"summary_large_image\" \/>\n<meta name=\"twitter:creator\" content=\"@JAMnewsCaucasus\" \/>\n<meta name=\"twitter:site\" content=\"@JAMnewsCaucasus\" \/>\n<meta name=\"twitter:label1\" content=\"Written by\" \/>\n\t<meta name=\"twitter:data1\" content=\"JAMnews\" \/>\n\t<meta name=\"twitter:label2\" content=\"Est. reading time\" \/>\n\t<meta name=\"twitter:data2\" content=\"2 minutes\" \/>\n<script type=\"application\/ld+json\" class=\"yoast-schema-graph\">{\"@context\":\"https:\/\/schema.org\",\"@graph\":[{\"@type\":\"Article\",\"@id\":\"https:\/\/jam-news.net\/az\/eyvansiz-ev-olar\/#article\",\"isPartOf\":{\"@id\":\"https:\/\/jam-news.net\/az\/eyvansiz-ev-olar\/\"},\"author\":{\"name\":\"JAMnews\",\"@id\":\"https:\/\/jam-news.net\/az\/#\/schema\/person\/67df3bb7adb46cd513fb9c4cb02361c6\"},\"headline\":\"Erm\u0259nistanda malikan\u0259l\u0259r \u015f\u0259h\u0259ri &#8211; Qoris fotolarda\",\"datePublished\":\"2019-02-16T00:00:00+00:00\",\"dateModified\":\"2021-02-09T07:52:29+00:00\",\"mainEntityOfPage\":{\"@id\":\"https:\/\/jam-news.net\/az\/eyvansiz-ev-olar\/\"},\"wordCount\":382,\"commentCount\":0,\"publisher\":{\"@id\":\"https:\/\/jam-news.net\/az\/#organization\"},\"image\":{\"@id\":\"https:\/\/jam-news.net\/az\/eyvansiz-ev-olar\/#primaryimage\"},\"thumbnailUrl\":\"https:\/\/jam-news.net\/app\/uploads\/2020\/03\/Goris_1-1.jpg\",\"keywords\":[\"Erm\u0259nistan\"],\"articleSection\":[\"Armenia\",\"Geography\",\"Photo\",\"Photo\/Video\",\"Stories\"],\"inLanguage\":\"az\"},{\"@type\":\"WebPage\",\"@id\":\"https:\/\/jam-news.net\/az\/eyvansiz-ev-olar\/\",\"url\":\"https:\/\/jam-news.net\/az\/eyvansiz-ev-olar\/\",\"name\":\"Erm\u0259nistanda malikan\u0259l\u0259r \u015f\u0259h\u0259ri - Qoris fotolarda - JAMnews\",\"isPartOf\":{\"@id\":\"https:\/\/jam-news.net\/az\/#website\"},\"primaryImageOfPage\":{\"@id\":\"https:\/\/jam-news.net\/az\/eyvansiz-ev-olar\/#primaryimage\"},\"image\":{\"@id\":\"https:\/\/jam-news.net\/az\/eyvansiz-ev-olar\/#primaryimage\"},\"thumbnailUrl\":\"https:\/\/jam-news.net\/app\/uploads\/2020\/03\/Goris_1-1.jpg\",\"datePublished\":\"2019-02-16T00:00:00+00:00\",\"dateModified\":\"2021-02-09T07:52:29+00:00\",\"breadcrumb\":{\"@id\":\"https:\/\/jam-news.net\/az\/eyvansiz-ev-olar\/#breadcrumb\"},\"inLanguage\":\"az\",\"potentialAction\":[{\"@type\":\"ReadAction\",\"target\":[\"https:\/\/jam-news.net\/az\/eyvansiz-ev-olar\/\"]}]},{\"@type\":\"ImageObject\",\"inLanguage\":\"az\",\"@id\":\"https:\/\/jam-news.net\/az\/eyvansiz-ev-olar\/#primaryimage\",\"url\":\"https:\/\/jam-news.net\/app\/uploads\/2020\/03\/Goris_1-1.jpg\",\"contentUrl\":\"https:\/\/jam-news.net\/app\/uploads\/2020\/03\/Goris_1-1.jpg\",\"width\":1000,\"height\":685},{\"@type\":\"BreadcrumbList\",\"@id\":\"https:\/\/jam-news.net\/az\/eyvansiz-ev-olar\/#breadcrumb\",\"itemListElement\":[{\"@type\":\"ListItem\",\"position\":1,\"name\":\"Home\",\"item\":\"https:\/\/jam-news.net\/az\/\"},{\"@type\":\"ListItem\",\"position\":2,\"name\":\"Erm\u0259nistanda malikan\u0259l\u0259r \u015f\u0259h\u0259ri &#8211; Qoris fotolarda\"}]},{\"@type\":\"WebSite\",\"@id\":\"https:\/\/jam-news.net\/az\/#website\",\"url\":\"https:\/\/jam-news.net\/az\/\",\"name\":\"Azerbaijani Jamnews\",\"description\":\"Caucasus News, Politics and Society\",\"publisher\":{\"@id\":\"https:\/\/jam-news.net\/az\/#organization\"},\"potentialAction\":[{\"@type\":\"SearchAction\",\"target\":{\"@type\":\"EntryPoint\",\"urlTemplate\":\"https:\/\/jam-news.net\/az\/?s={search_term_string}\"},\"query-input\":{\"@type\":\"PropertyValueSpecification\",\"valueRequired\":true,\"valueName\":\"search_term_string\"}}],\"inLanguage\":\"az\"},{\"@type\":\"Organization\",\"@id\":\"https:\/\/jam-news.net\/az\/#organization\",\"name\":\"JAMnews\",\"url\":\"https:\/\/jam-news.net\/az\/\",\"logo\":{\"@type\":\"ImageObject\",\"inLanguage\":\"az\",\"@id\":\"https:\/\/jam-news.net\/az\/#\/schema\/logo\/image\/\",\"url\":\"https:\/\/jam-news.net\/app\/uploads\/2020\/05\/JAM_w.jpg\",\"contentUrl\":\"https:\/\/jam-news.net\/app\/uploads\/2020\/05\/JAM_w.jpg\",\"width\":960,\"height\":960,\"caption\":\"JAMnews\"},\"image\":{\"@id\":\"https:\/\/jam-news.net\/az\/#\/schema\/logo\/image\/\"},\"sameAs\":[\"https:\/\/www.facebook.com\/JAMnewsInEnglish\/\",\"https:\/\/x.com\/JAMnewsCaucasus\",\"https:\/\/www.instagram.com\/jam_news\/\",\"https:\/\/www.youtube.com\/channel\/UCXQbUCme2pykuZYXWHx4VPg\"]},{\"@type\":\"Person\",\"@id\":\"https:\/\/jam-news.net\/az\/#\/schema\/person\/67df3bb7adb46cd513fb9c4cb02361c6\",\"name\":\"JAMnews\",\"image\":{\"@type\":\"ImageObject\",\"inLanguage\":\"az\",\"@id\":\"https:\/\/jam-news.net\/az\/#\/schema\/person\/image\/\",\"url\":\"https:\/\/secure.gravatar.com\/avatar\/e5c27593ef900c3ab3deed4ed1c653d7?s=96&d=mm&r=g\",\"contentUrl\":\"https:\/\/secure.gravatar.com\/avatar\/e5c27593ef900c3ab3deed4ed1c653d7?s=96&d=mm&r=g\",\"caption\":\"JAMnews\"},\"url\":\"https:\/\/jam-news.net\/az\/author\/margarita\/\"}]}<\/script>\n<!-- \/ Yoast SEO plugin. -->","yoast_head_json":{"title":"Erm\u0259nistanda malikan\u0259l\u0259r \u015f\u0259h\u0259ri - Qoris fotolarda - JAMnews","robots":{"index":"index","follow":"follow","max-snippet":"max-snippet:-1","max-image-preview":"max-image-preview:large","max-video-preview":"max-video-preview:-1"},"canonical":"https:\/\/jam-news.net\/az\/eyvansiz-ev-olar\/","og_locale":"az_AZ","og_type":"article","og_title":"Erm\u0259nistanda malikan\u0259l\u0259r \u015f\u0259h\u0259ri - Qoris fotolarda - JAMnews","og_description":"Burada b\u00fct\u00fcn binalar\u0131n \u0259sas b\u0259z\u0259yi eyvand\u0131r. Bu element q\u0259dim zamanlarda m\u00fctl\u0259q idi, el\u0259 indi d\u0259 laz\u0131ml\u0131 say\u0131l\u0131r","og_url":"https:\/\/jam-news.net\/az\/eyvansiz-ev-olar\/","og_site_name":"Azerbaijani Jamnews","article_publisher":"https:\/\/www.facebook.com\/JAMnewsInEnglish\/","article_published_time":"2019-02-16T00:00:00+00:00","article_modified_time":"2021-02-09T07:52:29+00:00","og_image":[{"width":1000,"height":685,"url":"https:\/\/jam-news.net\/app\/uploads\/2020\/03\/Goris_1-1.jpg","type":"image\/jpeg"}],"author":"JAMnews","twitter_card":"summary_large_image","twitter_creator":"@JAMnewsCaucasus","twitter_site":"@JAMnewsCaucasus","twitter_misc":{"Written by":"JAMnews","Est. reading time":"2 minutes"},"schema":{"@context":"https:\/\/schema.org","@graph":[{"@type":"Article","@id":"https:\/\/jam-news.net\/az\/eyvansiz-ev-olar\/#article","isPartOf":{"@id":"https:\/\/jam-news.net\/az\/eyvansiz-ev-olar\/"},"author":{"name":"JAMnews","@id":"https:\/\/jam-news.net\/az\/#\/schema\/person\/67df3bb7adb46cd513fb9c4cb02361c6"},"headline":"Erm\u0259nistanda malikan\u0259l\u0259r \u015f\u0259h\u0259ri &#8211; Qoris fotolarda","datePublished":"2019-02-16T00:00:00+00:00","dateModified":"2021-02-09T07:52:29+00:00","mainEntityOfPage":{"@id":"https:\/\/jam-news.net\/az\/eyvansiz-ev-olar\/"},"wordCount":382,"commentCount":0,"publisher":{"@id":"https:\/\/jam-news.net\/az\/#organization"},"image":{"@id":"https:\/\/jam-news.net\/az\/eyvansiz-ev-olar\/#primaryimage"},"thumbnailUrl":"https:\/\/jam-news.net\/app\/uploads\/2020\/03\/Goris_1-1.jpg","keywords":["Erm\u0259nistan"],"articleSection":["Armenia","Geography","Photo","Photo\/Video","Stories"],"inLanguage":"az"},{"@type":"WebPage","@id":"https:\/\/jam-news.net\/az\/eyvansiz-ev-olar\/","url":"https:\/\/jam-news.net\/az\/eyvansiz-ev-olar\/","name":"Erm\u0259nistanda malikan\u0259l\u0259r \u015f\u0259h\u0259ri - Qoris fotolarda - JAMnews","isPartOf":{"@id":"https:\/\/jam-news.net\/az\/#website"},"primaryImageOfPage":{"@id":"https:\/\/jam-news.net\/az\/eyvansiz-ev-olar\/#primaryimage"},"image":{"@id":"https:\/\/jam-news.net\/az\/eyvansiz-ev-olar\/#primaryimage"},"thumbnailUrl":"https:\/\/jam-news.net\/app\/uploads\/2020\/03\/Goris_1-1.jpg","datePublished":"2019-02-16T00:00:00+00:00","dateModified":"2021-02-09T07:52:29+00:00","breadcrumb":{"@id":"https:\/\/jam-news.net\/az\/eyvansiz-ev-olar\/#breadcrumb"},"inLanguage":"az","potentialAction":[{"@type":"ReadAction","target":["https:\/\/jam-news.net\/az\/eyvansiz-ev-olar\/"]}]},{"@type":"ImageObject","inLanguage":"az","@id":"https:\/\/jam-news.net\/az\/eyvansiz-ev-olar\/#primaryimage","url":"https:\/\/jam-news.net\/app\/uploads\/2020\/03\/Goris_1-1.jpg","contentUrl":"https:\/\/jam-news.net\/app\/uploads\/2020\/03\/Goris_1-1.jpg","width":1000,"height":685},{"@type":"BreadcrumbList","@id":"https:\/\/jam-news.net\/az\/eyvansiz-ev-olar\/#breadcrumb","itemListElement":[{"@type":"ListItem","position":1,"name":"Home","item":"https:\/\/jam-news.net\/az\/"},{"@type":"ListItem","position":2,"name":"Erm\u0259nistanda malikan\u0259l\u0259r \u015f\u0259h\u0259ri &#8211; Qoris fotolarda"}]},{"@type":"WebSite","@id":"https:\/\/jam-news.net\/az\/#website","url":"https:\/\/jam-news.net\/az\/","name":"Azerbaijani Jamnews","description":"Caucasus News, Politics and Society","publisher":{"@id":"https:\/\/jam-news.net\/az\/#organization"},"potentialAction":[{"@type":"SearchAction","target":{"@type":"EntryPoint","urlTemplate":"https:\/\/jam-news.net\/az\/?s={search_term_string}"},"query-input":{"@type":"PropertyValueSpecification","valueRequired":true,"valueName":"search_term_string"}}],"inLanguage":"az"},{"@type":"Organization","@id":"https:\/\/jam-news.net\/az\/#organization","name":"JAMnews","url":"https:\/\/jam-news.net\/az\/","logo":{"@type":"ImageObject","inLanguage":"az","@id":"https:\/\/jam-news.net\/az\/#\/schema\/logo\/image\/","url":"https:\/\/jam-news.net\/app\/uploads\/2020\/05\/JAM_w.jpg","contentUrl":"https:\/\/jam-news.net\/app\/uploads\/2020\/05\/JAM_w.jpg","width":960,"height":960,"caption":"JAMnews"},"image":{"@id":"https:\/\/jam-news.net\/az\/#\/schema\/logo\/image\/"},"sameAs":["https:\/\/www.facebook.com\/JAMnewsInEnglish\/","https:\/\/x.com\/JAMnewsCaucasus","https:\/\/www.instagram.com\/jam_news\/","https:\/\/www.youtube.com\/channel\/UCXQbUCme2pykuZYXWHx4VPg"]},{"@type":"Person","@id":"https:\/\/jam-news.net\/az\/#\/schema\/person\/67df3bb7adb46cd513fb9c4cb02361c6","name":"JAMnews","image":{"@type":"ImageObject","inLanguage":"az","@id":"https:\/\/jam-news.net\/az\/#\/schema\/person\/image\/","url":"https:\/\/secure.gravatar.com\/avatar\/e5c27593ef900c3ab3deed4ed1c653d7?s=96&d=mm&r=g","contentUrl":"https:\/\/secure.gravatar.com\/avatar\/e5c27593ef900c3ab3deed4ed1c653d7?s=96&d=mm&r=g","caption":"JAMnews"},"url":"https:\/\/jam-news.net\/az\/author\/margarita\/"}]}},"_links":{"self":[{"href":"https:\/\/jam-news.net\/az\/wp-json\/wp\/v2\/posts\/3927","targetHints":{"allow":["GET"]}}],"collection":[{"href":"https:\/\/jam-news.net\/az\/wp-json\/wp\/v2\/posts"}],"about":[{"href":"https:\/\/jam-news.net\/az\/wp-json\/wp\/v2\/types\/post"}],"author":[{"embeddable":true,"href":"https:\/\/jam-news.net\/az\/wp-json\/wp\/v2\/users\/3"}],"replies":[{"embeddable":true,"href":"https:\/\/jam-news.net\/az\/wp-json\/wp\/v2\/comments?post=3927"}],"version-history":[{"count":1,"href":"https:\/\/jam-news.net\/az\/wp-json\/wp\/v2\/posts\/3927\/revisions"}],"predecessor-version":[{"id":14119,"href":"https:\/\/jam-news.net\/az\/wp-json\/wp\/v2\/posts\/3927\/revisions\/14119"}],"wp:featuredmedia":[{"embeddable":true,"href":"https:\/\/jam-news.net\/az\/wp-json\/wp\/v2\/media\/19129"}],"wp:attachment":[{"href":"https:\/\/jam-news.net\/az\/wp-json\/wp\/v2\/media?parent=3927"}],"wp:term":[{"taxonomy":"category","embeddable":true,"href":"https:\/\/jam-news.net\/az\/wp-json\/wp\/v2\/categories?post=3927"},{"taxonomy":"post_tag","embeddable":true,"href":"https:\/\/jam-news.net\/az\/wp-json\/wp\/v2\/tags?post=3927"},{"taxonomy":"formation","embeddable":true,"href":"https:\/\/jam-news.net\/az\/wp-json\/wp\/v2\/formation?post=3927"},{"taxonomy":"post-author","embeddable":true,"href":"https:\/\/jam-news.net\/az\/wp-json\/wp\/v2\/post-author?post=3927"},{"taxonomy":"topic","embeddable":true,"href":"https:\/\/jam-news.net\/az\/wp-json\/wp\/v2\/topic?post=3927"},{"taxonomy":"tooltip","embeddable":true,"href":"https:\/\/jam-news.net\/az\/wp-json\/wp\/v2\/tooltip?post=3927"},{"taxonomy":"city","embeddable":true,"href":"https:\/\/jam-news.net\/az\/wp-json\/wp\/v2\/city?post=3927"}],"curies":[{"name":"wp","href":"https:\/\/api.w.org\/{rel}","templated":true}]}}