{"id":39176,"date":"2020-11-19T20:24:02","date_gmt":"2020-11-19T16:24:02","guid":{"rendered":"http:\/\/jam-news.net\/az\/?p=39176"},"modified":"2022-01-18T00:32:03","modified_gmt":"2022-01-17T20:32:03","slug":"rusiya-turkiy%c9%99-c%c9%99nubi-qafqaz-qarabag-az%c9%99rbaycan-sahin-c%c9%99f%c9%99rli-s%c9%99rh","status":"publish","type":"post","link":"https:\/\/jam-news.net\/az\/rusiya-turkiy%c9%99-c%c9%99nubi-qafqaz-qarabag-az%c9%99rbaycan-sahin-c%c9%99f%c9%99rli-s%c9%99rh\/","title":{"rendered":"\u015e\u0259rh: \u201cRusiya-T\u00fcrkiy\u0259: geosiyasi sava\u015f, yoxsa r\u0259qab\u0259tli t\u0259r\u0259fda\u015fl\u0131q?\u201d"},"content":{"rendered":"\n<p>Rusiya v\u0259 T\u00fcrkiy\u0259 ikinci Qaraba\u011f m\u00fcharib\u0259si zaman\u0131 \u0259n f\u0259al xarici aktorlar oldu. Bu \u00f6lk\u0259l\u0259rin prezidentl\u0259ri v\u0259 X\u0130N r\u0259hb\u0259rl\u0259ri aras\u0131nda \u00e7oxsayl\u0131 dan\u0131\u015f\u0131qlar, h\u0259r iki d\u00f6vl\u0259tin h\u0259rb\u00e7il\u0259rinin Monitorinq M\u0259rk\u0259zind\u0259 i\u015ftirak\u0131 bu fikri bir daha t\u0259sdiql\u0259yir.<\/p>\n\n\n\n<p>Bu v\u0259ziyy\u0259t m\u00fcnaqi\u015f\u0259 zonas\u0131nda h\u0259ssas s\u00fclh\u00fcn as\u0131l\u0131 oldu\u011fu Rusiya v\u0259 T\u00fcrkiy\u0259 aras\u0131nda m\u00fcnasib\u0259tl\u0259rin g\u0259l\u0259c\u0259yini t\u0259xmin etm\u0259y\u0259 \u00e7al\u0131\u015fan siyasi \u015f\u0259rh\u00e7il\u0259r \u00fc\u00e7\u00fcn xeyli s\u0259b\u0259b yarad\u0131r.<\/p>\n\n\n\n<hr class=\"wp-block-separator is-style-wide\"\/>\n\n\n\n<ul class=\"wp-block-list\"><li><a rel=\"noreferrer noopener\" href=\"https:\/\/jam-news.net\/az\/putin-dagliq-qarabag-az%c9%99rbaycan-erm%c9%99nistan-muharib%c9%99-musahib%c9%99-x%c9%99b%c9%99rl%c9%99r\/\" target=\"_blank\"><strong>Putin: \u201c\u018fg\u0259r Erm\u0259nistan Qaraba\u011f \u00fczr\u0259 raz\u0131la\u015fmadan imtina ed\u0259rs\u0259, bu, intihar olar\u201d<\/strong><\/a><\/li><\/ul>\n\n\n\n<hr class=\"wp-block-separator is-style-wide\"\/>\n\n\n\n<p>\u201c\u0130ki d\u00f6vl\u0259tin maraqlar\u0131 C\u0259nubi Qafqaz da daxil olmaqla, bir \u00e7ox regionda toqqu\u015fur. Amma \u00f6n\u0259mli bir detal da var ki, bunu n\u0259z\u0259rd\u0259n qa\u00e7\u0131rmaq yanl\u0131\u015f q\u0259na\u0259t v\u0259 t\u0259hlill\u0259r\u0259 s\u0259b\u0259b olur: liderl\u0259rin \u2013 Putin v\u0259 \u018frdo\u011fan\u0131n qlobal vizyonu \u00fcst-\u00fcst\u0259 d\u00fc\u015f\u00fcr\u201d, &#8211; az\u0259rbaycanl\u0131 politoloq \u015eahin C\u0259f\u0259rli qeyd edib.<\/p>\n\n\n\n<p>Onun fikrinc\u0259, T\u00fcrkiy\u0259 v\u0259 Rusiya prezidentl\u0259rini d\u00fcnya d\u00fcz\u0259nin\u0259 revizionist m\u00fcnasib\u0259t birl\u0259\u015fdirir: \u201cOnlar\u0131n h\u0259r ikisini m\u00f6vcud d\u00fcnya d\u00fcz\u0259nin\u0259 revizionist yana\u015fma birl\u0259\u015fdirir. D\u00f6vl\u0259tl\u0259rinin imperial ke\u00e7mi\u015fini sahibl\u0259n\u0259n h\u0259r iki lider Rusiya v\u0259 Osmanl\u0131 imperiyalar\u0131n\u0131n vaxtil\u0259 h\u00f6km etdiyi co\u011frafiyada yen\u0259 s\u00f6z sahibi olub, \u00e7oxq\u00fctbl\u00fc qlobal sistemin formala\u015fmas\u0131na v\u0259 orada \u00f6z yerl\u0259rini alma\u011fa \u00e7al\u0131\u015f\u0131rlar\u201d.&nbsp;<\/p>\n\n\n\n<p>\u201cBu bax\u0131mdan \u018frdo\u011fan Rusiyada n\u0259 q\u0259d\u0259r q\u0131c\u0131q do\u011fursa da, Putin \u00fc\u00e7\u00fcn qiym\u0259tli t\u0259r\u0259fda\u015fd\u0131r. M\u0259s\u0259l\u0259n, \u018frdo\u011fan haz\u0131rk\u0131 siyas\u0259tini AB\u015e v\u0259 NATO il\u0259 b\u0259rab\u0259r yerits\u0259ydi, Putinin reaksiyas\u0131 tamam f\u0259rqli olard\u0131 (Rusiya t\u0259yyar\u0259sinin vurulmas\u0131ndan sonra ba\u015f ver\u0259nl\u0259ri xat\u0131rlay\u0131n), amma Putin \u018frdo\u011fan\u0131n m\u00fcst\u0259qil h\u0259r\u0259k\u0259t etdiyini bildiyi \u00fc\u00e7\u00fcn ona h\u00f6rm\u0259tl\u0259 yana\u015f\u0131r, h\u0259tta Rusiyan\u0131n maraqlar\u0131na qar\u015f\u0131 y\u00f6n\u0259lmi\u015f add\u0131mlar\u0131na da d\u00f6z\u00fcm g\u00f6st\u0259rir.&nbsp;<\/p>\n\n\n\n<p>Lavrov \u00f6t\u0259n g\u00fcnl\u0259rd\u0259 demi\u015fdi ki, bir d\u00f6vl\u0259t (AB\u015e) min kilometrl\u0259rl\u0259 uzaqdan g\u0259lib burada maraqlar\u0131n\u0131 t\u0259min etm\u0259y\u0259 c\u0259hd g\u00f6st\u0259rirs\u0259, b\u00f6lg\u0259 \u00f6lk\u0259si olan T\u00fcrkiy\u0259 niy\u0259 etm\u0259sin?<\/p>\n\n\n\n<p>NATO \u00fczv\u00fc olmas\u0131na v\u0259 Q\u0259rbl\u0259 siyasi, iqtisadi, h\u0259rbi inteqrasiyaya getm\u0259sin\u0259 baxmayaraq, T\u00fcrkiy\u0259nin d\u0259rin d\u00f6vl\u0259t qatlar\u0131nda v\u0259 toplumunda h\u0259r zaman bir Avrasiya vizyonu da olub. (Bu, \u018frdo\u011fanla ba\u015flayan bir m\u0259s\u0259l\u0259 deyil.) X\u00fcsus\u0259n 2016-c\u0131 il 15 iyul hadis\u0259sind\u0259n b\u0259ri avrasiya\u00e7\u0131 x\u0259ttin d\u00f6vl\u0259t i\u00e7\u0259risind\u0259 g\u00fcc qazand\u0131\u011f\u0131 m\u0259lumdur. Cari m\u0259rh\u0259l\u0259d\u0259 m\u00f6vcud T\u00fcrkiy\u0259 iqtidar\u0131 bu amild\u0259n daha \u00e7ox Q\u0259rb\u0259 qar\u015f\u0131 t\u0259zyiq kimi istifad\u0259 edir, \u201cmaraqlar\u0131m\u0131 n\u0259z\u0259r\u0259 almasan\u0131z, alternativim var\u201d, deyir.&nbsp;<\/p>\n\n\n\n<p>&#8230;\u0130ndiki m\u0259rh\u0259l\u0259d\u0259 \u018frdo\u011fan bu q\u0131r\u0131lman\u0131n ba\u015f verm\u0259sin\u0259 \u00e7al\u0131\u015fm\u0131r v\u0259 NATO-dan ayr\u0131lma\u011f\u0131 d\u00fc\u015f\u00fcnm\u00fcr. H\u0259l\u0259 ki T\u00fcrkiy\u0259 bel\u0259 bir geosiyasi z\u0259lz\u0259l\u0259y\u0259 davam g\u0259tir\u0259c\u0259k durumda deyil. (Demokratik se\u00e7ki institutu olmasa, b\u0259lk\u0259 bu tip riskli q\u0259rarlar\u0131 daha rahat verm\u0259k olard\u0131.)<\/p>\n\n\n\n<p>Dem\u0259k ist\u0259diyim odur ki, T\u00fcrkiy\u0259 ordusunun g\u0259lib burada Rusiyan\u0131n qar\u015f\u0131s\u0131n\u0131 k\u0259s\u0259c\u0259yi, onu Qafqazdan s\u0131x\u0131\u015fd\u0131r\u0131b \u00e7\u0131xaraca\u011f\u0131 \u015f\u0259klind\u0259 radikal g\u00f6zl\u0259ntil\u0259r m\u00f6vcud ger\u00e7\u0259klikl\u0259r\u0259 uy\u011fun g\u0259lmir. B\u0259li, aralar\u0131nda r\u0259qab\u0259t var, b\u00f6lg\u0259d\u0259ki maraqlar\u0131 toqqu\u015fur, amma h\u0259r iki lider praqmatik siyas\u0259t\u00e7idir v\u0259 haraya q\u0259d\u0259r getm\u0259k, harada dayan\u0131b, dig\u0259rin\u0259 yol verm\u0259k laz\u0131m oldu\u011funu yax\u015f\u0131 bilir.<\/p>\n\n\n\n<p>Fakt odur ki, T\u00fcrkiy\u0259nin Az\u0259rbaycanda \u0259n g\u00fccl\u00fc oldu\u011fu, bura h\u0259rbi q\u00fcvv\u0259 yerl\u0259\u015fdirdiyi, Bak\u0131n\u0131n q\u0259rarlar\u0131na ciddi t\u0259sir imkanlar\u0131 \u0259ld\u0259 etdiyi bir d\u00f6n\u0259md\u0259 Rusiya ordusu yenid\u0259n \u00f6lk\u0259miz\u0259 (Qaraba\u011fa) qay\u0131td\u0131. Biz bu r\u0259qab\u0259tli t\u0259rfda\u015fl\u0131qdan \u0259vv\u0259lc\u0259 faydaland\u0131q v\u0259 \u0259razil\u0259rimizin b\u00f6y\u00fck hiss\u0259sini geri qaytard\u0131q, amma yekunda problemi qeyri-m\u00fc\u0259yy\u0259n m\u00fcdd\u0259t\u0259 yenid\u0259n donduran v\u0259 Rusiyan\u0131n b\u00f6lg\u0259 maraqlar\u0131n\u0131 daha \u00e7ox t\u0259min ed\u0259n m\u0259lum s\u0259n\u0259di imzalad\u0131q.<\/p>\n\n\n\n<p>\u0130ndi g\u00f6r\u00fcn\u0259n odur ki, h\u0259m T\u00fcrkiy\u0259nin, h\u0259m d\u0259 Az\u0259rbaycan\u0131n Rusiya il\u0259 qurdu\u011fu bu h\u0259ssas d\u0259ng\u0259l\u0259r da\u011f\u0131lmad\u0131\u011f\u0131 v\u0259 m\u00fcnasib\u0259tl\u0259rd\u0259 ciddi probleml\u0259r yaranmad\u0131\u011f\u0131 t\u0259qdird\u0259, Moskva burada b\u0259dnam Abxaziya, C\u0259nubi Osetiya modelini t\u0259krarlama\u011fa ehtiyac duymayacaq. \u018fksi olsa, tutaq ki, biz Rusiyan\u0131 onun irad\u0259si ziddin\u0259 buradan \u00e7\u0131xarma\u011fa c\u0259hd ets\u0259k, onda h\u0259min t\u0259hl\u00fck\u0259 reald\u0131r (Moskva art\u0131q m\u00fcvafiq z\u0259min haz\u0131rlay\u0131r), h\u0259tta T\u00fcrkiy\u0259 d\u0259 bunun qar\u015f\u0131s\u0131n\u0131 ala bilm\u0259z. 10 noyabrdan sonrak\u0131 yeni status-kvo Putin, \u018frdo\u011fan v\u0259 \u018fliyev d\u00f6vr\u00fcnd\u0259 pozulmayacaq.<\/p>\n\n\n\n<p>Putinin dediyi kimi, m\u0259s\u0259l\u0259nin yekun h\u0259lli g\u0259l\u0259c\u0259y\u0259 v\u0259 g\u0259l\u0259c\u0259k r\u0259hb\u0259rl\u0259rin \u00f6hd\u0259sin\u0259 burax\u0131l\u0131r\u201d, &#8211; \u015eahin C\u0259f\u0259rli Facebook s\u0259hif\u0259sind\u0259 <a href=\"https:\/\/www.facebook.com\/shahin.caferli\/posts\/3924934134203065\" target=\"_blank\" rel=\"noreferrer noopener\">yaz\u0131b<\/a>.<\/p>\n","protected":false},"excerpt":{"rendered":"<p>Rusiya v\u0259 T\u00fcrkiy\u0259 ikinci Qaraba\u011f m\u00fcharib\u0259si zaman\u0131 \u0259n f\u0259al xarici aktorlar oldu, regionda r\u0259qib olan bu \u00f6lk\u0259l\u0259rin liderl\u0259rini n\u0259 birl\u0259\u015fdirir?<\/p>\n","protected":false},"author":3,"featured_media":39167,"comment_status":"closed","ping_status":"closed","sticky":false,"template":"","format":"standard","meta":{"_acf_changed":false,"footnotes":""},"categories":[17,38,50,49,5,4,44],"tags":[],"formation":[],"post-author":[2888],"topic":[5213],"tooltip":[],"city":[6041],"class_list":["post-39176","post","type-post","status-publish","format-standard","has-post-thumbnail","hentry","category-azrbaycan","category-qarabag","category-xbrlr","category-srh","category-siyast","category-rusiya","category-turkiy","post-author-jamnews","topic-qarabagda-hrbi-mliyyatlar-2020","city-baki"],"acf":[],"yoast_head":"<!-- This site is optimized with the Yoast SEO plugin v24.1 - https:\/\/yoast.com\/wordpress\/plugins\/seo\/ -->\n<title>\u015e\u0259rh: \u201cRusiya-T\u00fcrkiy\u0259: geosiyasi sava\u015f, yoxsa r\u0259qab\u0259tli t\u0259r\u0259fda\u015fl\u0131q?\u201d - JAMnews<\/title>\n<meta name=\"description\" content=\"Rusiya v\u0259 T\u00fcrkiy\u0259 ikinci Qaraba\u011f m\u00fcharib\u0259si zaman\u0131 \u0259n f\u0259al xarici aktorlar oldu, regionda r\u0259qib olan bu \u00f6lk\u0259l\u0259rin liderl\u0259rini n\u0259 birl\u0259\u015fdirir?\" \/>\n<meta name=\"robots\" content=\"index, follow, max-snippet:-1, max-image-preview:large, max-video-preview:-1\" \/>\n<link rel=\"canonical\" href=\"https:\/\/jam-news.net\/az\/rusiya-turkiy\u0259-c\u0259nubi-qafqaz-qarabag-az\u0259rbaycan-sahin-c\u0259f\u0259rli-s\u0259rh\/\" \/>\n<meta property=\"og:locale\" content=\"az_AZ\" \/>\n<meta property=\"og:type\" content=\"article\" \/>\n<meta property=\"og:title\" content=\"\u015e\u0259rh: \u201cRusiya-T\u00fcrkiy\u0259: geosiyasi sava\u015f, yoxsa r\u0259qab\u0259tli t\u0259r\u0259fda\u015fl\u0131q?\u201d - JAMnews\" \/>\n<meta property=\"og:description\" content=\"Rusiya v\u0259 T\u00fcrkiy\u0259 ikinci Qaraba\u011f m\u00fcharib\u0259si zaman\u0131 \u0259n f\u0259al xarici aktorlar oldu, regionda r\u0259qib olan bu \u00f6lk\u0259l\u0259rin liderl\u0259rini n\u0259 birl\u0259\u015fdirir?\" \/>\n<meta property=\"og:url\" content=\"https:\/\/jam-news.net\/az\/rusiya-turkiy\u0259-c\u0259nubi-qafqaz-qarabag-az\u0259rbaycan-sahin-c\u0259f\u0259rli-s\u0259rh\/\" \/>\n<meta property=\"og:site_name\" content=\"Azerbaijani Jamnews\" \/>\n<meta property=\"article:publisher\" content=\"https:\/\/www.facebook.com\/JAMnewsInEnglish\/\" \/>\n<meta property=\"article:published_time\" content=\"2020-11-19T16:24:02+00:00\" \/>\n<meta property=\"article:modified_time\" content=\"2022-01-17T20:32:03+00:00\" \/>\n<meta property=\"og:image\" content=\"https:\/\/jam-news.net\/app\/uploads\/2020\/11\/regnum_picture_157169508772743_normal.jpg\" \/>\n\t<meta property=\"og:image:width\" content=\"940\" \/>\n\t<meta property=\"og:image:height\" content=\"580\" \/>\n\t<meta property=\"og:image:type\" content=\"image\/jpeg\" \/>\n<meta name=\"author\" content=\"JAMnews\" \/>\n<meta name=\"twitter:card\" content=\"summary_large_image\" \/>\n<meta name=\"twitter:creator\" content=\"@JAMnewsCaucasus\" \/>\n<meta name=\"twitter:site\" content=\"@JAMnewsCaucasus\" \/>\n<meta name=\"twitter:label1\" content=\"Written by\" \/>\n\t<meta name=\"twitter:data1\" content=\"JAMnews\" \/>\n\t<meta name=\"twitter:label2\" content=\"Est. reading time\" \/>\n\t<meta name=\"twitter:data2\" content=\"5 minutes\" \/>\n<script type=\"application\/ld+json\" class=\"yoast-schema-graph\">{\"@context\":\"https:\/\/schema.org\",\"@graph\":[{\"@type\":\"Article\",\"@id\":\"https:\/\/jam-news.net\/az\/rusiya-turkiy%c9%99-c%c9%99nubi-qafqaz-qarabag-az%c9%99rbaycan-sahin-c%c9%99f%c9%99rli-s%c9%99rh\/#article\",\"isPartOf\":{\"@id\":\"https:\/\/jam-news.net\/az\/rusiya-turkiy%c9%99-c%c9%99nubi-qafqaz-qarabag-az%c9%99rbaycan-sahin-c%c9%99f%c9%99rli-s%c9%99rh\/\"},\"author\":{\"name\":\"JAMnews\",\"@id\":\"https:\/\/jam-news.net\/az\/#\/schema\/person\/67df3bb7adb46cd513fb9c4cb02361c6\"},\"headline\":\"\u015e\u0259rh: \u201cRusiya-T\u00fcrkiy\u0259: geosiyasi sava\u015f, yoxsa r\u0259qab\u0259tli t\u0259r\u0259fda\u015fl\u0131q?\u201d\",\"datePublished\":\"2020-11-19T16:24:02+00:00\",\"dateModified\":\"2022-01-17T20:32:03+00:00\",\"mainEntityOfPage\":{\"@id\":\"https:\/\/jam-news.net\/az\/rusiya-turkiy%c9%99-c%c9%99nubi-qafqaz-qarabag-az%c9%99rbaycan-sahin-c%c9%99f%c9%99rli-s%c9%99rh\/\"},\"wordCount\":944,\"publisher\":{\"@id\":\"https:\/\/jam-news.net\/az\/#organization\"},\"image\":{\"@id\":\"https:\/\/jam-news.net\/az\/rusiya-turkiy%c9%99-c%c9%99nubi-qafqaz-qarabag-az%c9%99rbaycan-sahin-c%c9%99f%c9%99rli-s%c9%99rh\/#primaryimage\"},\"thumbnailUrl\":\"https:\/\/jam-news.net\/app\/uploads\/2020\/11\/regnum_picture_157169508772743_normal.jpg\",\"articleSection\":[\"Azerbaijan\",\"Nagorno-Karabakh\",\"News\",\"Opinion\",\"Politics\",\"Russia\",\"Turkey\"],\"inLanguage\":\"az\"},{\"@type\":\"WebPage\",\"@id\":\"https:\/\/jam-news.net\/az\/rusiya-turkiy%c9%99-c%c9%99nubi-qafqaz-qarabag-az%c9%99rbaycan-sahin-c%c9%99f%c9%99rli-s%c9%99rh\/\",\"url\":\"https:\/\/jam-news.net\/az\/rusiya-turkiy%c9%99-c%c9%99nubi-qafqaz-qarabag-az%c9%99rbaycan-sahin-c%c9%99f%c9%99rli-s%c9%99rh\/\",\"name\":\"\u015e\u0259rh: \u201cRusiya-T\u00fcrkiy\u0259: geosiyasi sava\u015f, yoxsa r\u0259qab\u0259tli t\u0259r\u0259fda\u015fl\u0131q?\u201d - JAMnews\",\"isPartOf\":{\"@id\":\"https:\/\/jam-news.net\/az\/#website\"},\"primaryImageOfPage\":{\"@id\":\"https:\/\/jam-news.net\/az\/rusiya-turkiy%c9%99-c%c9%99nubi-qafqaz-qarabag-az%c9%99rbaycan-sahin-c%c9%99f%c9%99rli-s%c9%99rh\/#primaryimage\"},\"image\":{\"@id\":\"https:\/\/jam-news.net\/az\/rusiya-turkiy%c9%99-c%c9%99nubi-qafqaz-qarabag-az%c9%99rbaycan-sahin-c%c9%99f%c9%99rli-s%c9%99rh\/#primaryimage\"},\"thumbnailUrl\":\"https:\/\/jam-news.net\/app\/uploads\/2020\/11\/regnum_picture_157169508772743_normal.jpg\",\"datePublished\":\"2020-11-19T16:24:02+00:00\",\"dateModified\":\"2022-01-17T20:32:03+00:00\",\"description\":\"Rusiya v\u0259 T\u00fcrkiy\u0259 ikinci Qaraba\u011f m\u00fcharib\u0259si zaman\u0131 \u0259n f\u0259al xarici aktorlar oldu, regionda r\u0259qib olan bu \u00f6lk\u0259l\u0259rin liderl\u0259rini n\u0259 birl\u0259\u015fdirir?\",\"breadcrumb\":{\"@id\":\"https:\/\/jam-news.net\/az\/rusiya-turkiy%c9%99-c%c9%99nubi-qafqaz-qarabag-az%c9%99rbaycan-sahin-c%c9%99f%c9%99rli-s%c9%99rh\/#breadcrumb\"},\"inLanguage\":\"az\",\"potentialAction\":[{\"@type\":\"ReadAction\",\"target\":[\"https:\/\/jam-news.net\/az\/rusiya-turkiy%c9%99-c%c9%99nubi-qafqaz-qarabag-az%c9%99rbaycan-sahin-c%c9%99f%c9%99rli-s%c9%99rh\/\"]}]},{\"@type\":\"ImageObject\",\"inLanguage\":\"az\",\"@id\":\"https:\/\/jam-news.net\/az\/rusiya-turkiy%c9%99-c%c9%99nubi-qafqaz-qarabag-az%c9%99rbaycan-sahin-c%c9%99f%c9%99rli-s%c9%99rh\/#primaryimage\",\"url\":\"https:\/\/jam-news.net\/app\/uploads\/2020\/11\/regnum_picture_157169508772743_normal.jpg\",\"contentUrl\":\"https:\/\/jam-news.net\/app\/uploads\/2020\/11\/regnum_picture_157169508772743_normal.jpg\",\"width\":940,\"height\":580},{\"@type\":\"BreadcrumbList\",\"@id\":\"https:\/\/jam-news.net\/az\/rusiya-turkiy%c9%99-c%c9%99nubi-qafqaz-qarabag-az%c9%99rbaycan-sahin-c%c9%99f%c9%99rli-s%c9%99rh\/#breadcrumb\",\"itemListElement\":[{\"@type\":\"ListItem\",\"position\":1,\"name\":\"Home\",\"item\":\"https:\/\/jam-news.net\/az\/\"},{\"@type\":\"ListItem\",\"position\":2,\"name\":\"\u015e\u0259rh: \u201cRusiya-T\u00fcrkiy\u0259: geosiyasi sava\u015f, yoxsa r\u0259qab\u0259tli t\u0259r\u0259fda\u015fl\u0131q?\u201d\"}]},{\"@type\":\"WebSite\",\"@id\":\"https:\/\/jam-news.net\/az\/#website\",\"url\":\"https:\/\/jam-news.net\/az\/\",\"name\":\"Azerbaijani Jamnews\",\"description\":\"Caucasus News, Politics and Society\",\"publisher\":{\"@id\":\"https:\/\/jam-news.net\/az\/#organization\"},\"potentialAction\":[{\"@type\":\"SearchAction\",\"target\":{\"@type\":\"EntryPoint\",\"urlTemplate\":\"https:\/\/jam-news.net\/az\/?s={search_term_string}\"},\"query-input\":{\"@type\":\"PropertyValueSpecification\",\"valueRequired\":true,\"valueName\":\"search_term_string\"}}],\"inLanguage\":\"az\"},{\"@type\":\"Organization\",\"@id\":\"https:\/\/jam-news.net\/az\/#organization\",\"name\":\"JAMnews\",\"url\":\"https:\/\/jam-news.net\/az\/\",\"logo\":{\"@type\":\"ImageObject\",\"inLanguage\":\"az\",\"@id\":\"https:\/\/jam-news.net\/az\/#\/schema\/logo\/image\/\",\"url\":\"https:\/\/jam-news.net\/app\/uploads\/2020\/05\/JAM_w.jpg\",\"contentUrl\":\"https:\/\/jam-news.net\/app\/uploads\/2020\/05\/JAM_w.jpg\",\"width\":960,\"height\":960,\"caption\":\"JAMnews\"},\"image\":{\"@id\":\"https:\/\/jam-news.net\/az\/#\/schema\/logo\/image\/\"},\"sameAs\":[\"https:\/\/www.facebook.com\/JAMnewsInEnglish\/\",\"https:\/\/x.com\/JAMnewsCaucasus\",\"https:\/\/www.instagram.com\/jam_news\/\",\"https:\/\/www.youtube.com\/channel\/UCXQbUCme2pykuZYXWHx4VPg\"]},{\"@type\":\"Person\",\"@id\":\"https:\/\/jam-news.net\/az\/#\/schema\/person\/67df3bb7adb46cd513fb9c4cb02361c6\",\"name\":\"JAMnews\",\"image\":{\"@type\":\"ImageObject\",\"inLanguage\":\"az\",\"@id\":\"https:\/\/jam-news.net\/az\/#\/schema\/person\/image\/\",\"url\":\"https:\/\/secure.gravatar.com\/avatar\/e5c27593ef900c3ab3deed4ed1c653d7?s=96&d=mm&r=g\",\"contentUrl\":\"https:\/\/secure.gravatar.com\/avatar\/e5c27593ef900c3ab3deed4ed1c653d7?s=96&d=mm&r=g\",\"caption\":\"JAMnews\"},\"url\":\"https:\/\/jam-news.net\/az\/author\/margarita\/\"}]}<\/script>\n<!-- \/ Yoast SEO plugin. -->","yoast_head_json":{"title":"\u015e\u0259rh: \u201cRusiya-T\u00fcrkiy\u0259: geosiyasi sava\u015f, yoxsa r\u0259qab\u0259tli t\u0259r\u0259fda\u015fl\u0131q?\u201d - JAMnews","description":"Rusiya v\u0259 T\u00fcrkiy\u0259 ikinci Qaraba\u011f m\u00fcharib\u0259si zaman\u0131 \u0259n f\u0259al xarici aktorlar oldu, regionda r\u0259qib olan bu \u00f6lk\u0259l\u0259rin liderl\u0259rini n\u0259 birl\u0259\u015fdirir?","robots":{"index":"index","follow":"follow","max-snippet":"max-snippet:-1","max-image-preview":"max-image-preview:large","max-video-preview":"max-video-preview:-1"},"canonical":"https:\/\/jam-news.net\/az\/rusiya-turkiy\u0259-c\u0259nubi-qafqaz-qarabag-az\u0259rbaycan-sahin-c\u0259f\u0259rli-s\u0259rh\/","og_locale":"az_AZ","og_type":"article","og_title":"\u015e\u0259rh: \u201cRusiya-T\u00fcrkiy\u0259: geosiyasi sava\u015f, yoxsa r\u0259qab\u0259tli t\u0259r\u0259fda\u015fl\u0131q?\u201d - JAMnews","og_description":"Rusiya v\u0259 T\u00fcrkiy\u0259 ikinci Qaraba\u011f m\u00fcharib\u0259si zaman\u0131 \u0259n f\u0259al xarici aktorlar oldu, regionda r\u0259qib olan bu \u00f6lk\u0259l\u0259rin liderl\u0259rini n\u0259 birl\u0259\u015fdirir?","og_url":"https:\/\/jam-news.net\/az\/rusiya-turkiy\u0259-c\u0259nubi-qafqaz-qarabag-az\u0259rbaycan-sahin-c\u0259f\u0259rli-s\u0259rh\/","og_site_name":"Azerbaijani Jamnews","article_publisher":"https:\/\/www.facebook.com\/JAMnewsInEnglish\/","article_published_time":"2020-11-19T16:24:02+00:00","article_modified_time":"2022-01-17T20:32:03+00:00","og_image":[{"width":940,"height":580,"url":"https:\/\/jam-news.net\/app\/uploads\/2020\/11\/regnum_picture_157169508772743_normal.jpg","type":"image\/jpeg"}],"author":"JAMnews","twitter_card":"summary_large_image","twitter_creator":"@JAMnewsCaucasus","twitter_site":"@JAMnewsCaucasus","twitter_misc":{"Written by":"JAMnews","Est. reading time":"5 minutes"},"schema":{"@context":"https:\/\/schema.org","@graph":[{"@type":"Article","@id":"https:\/\/jam-news.net\/az\/rusiya-turkiy%c9%99-c%c9%99nubi-qafqaz-qarabag-az%c9%99rbaycan-sahin-c%c9%99f%c9%99rli-s%c9%99rh\/#article","isPartOf":{"@id":"https:\/\/jam-news.net\/az\/rusiya-turkiy%c9%99-c%c9%99nubi-qafqaz-qarabag-az%c9%99rbaycan-sahin-c%c9%99f%c9%99rli-s%c9%99rh\/"},"author":{"name":"JAMnews","@id":"https:\/\/jam-news.net\/az\/#\/schema\/person\/67df3bb7adb46cd513fb9c4cb02361c6"},"headline":"\u015e\u0259rh: \u201cRusiya-T\u00fcrkiy\u0259: geosiyasi sava\u015f, yoxsa r\u0259qab\u0259tli t\u0259r\u0259fda\u015fl\u0131q?\u201d","datePublished":"2020-11-19T16:24:02+00:00","dateModified":"2022-01-17T20:32:03+00:00","mainEntityOfPage":{"@id":"https:\/\/jam-news.net\/az\/rusiya-turkiy%c9%99-c%c9%99nubi-qafqaz-qarabag-az%c9%99rbaycan-sahin-c%c9%99f%c9%99rli-s%c9%99rh\/"},"wordCount":944,"publisher":{"@id":"https:\/\/jam-news.net\/az\/#organization"},"image":{"@id":"https:\/\/jam-news.net\/az\/rusiya-turkiy%c9%99-c%c9%99nubi-qafqaz-qarabag-az%c9%99rbaycan-sahin-c%c9%99f%c9%99rli-s%c9%99rh\/#primaryimage"},"thumbnailUrl":"https:\/\/jam-news.net\/app\/uploads\/2020\/11\/regnum_picture_157169508772743_normal.jpg","articleSection":["Azerbaijan","Nagorno-Karabakh","News","Opinion","Politics","Russia","Turkey"],"inLanguage":"az"},{"@type":"WebPage","@id":"https:\/\/jam-news.net\/az\/rusiya-turkiy%c9%99-c%c9%99nubi-qafqaz-qarabag-az%c9%99rbaycan-sahin-c%c9%99f%c9%99rli-s%c9%99rh\/","url":"https:\/\/jam-news.net\/az\/rusiya-turkiy%c9%99-c%c9%99nubi-qafqaz-qarabag-az%c9%99rbaycan-sahin-c%c9%99f%c9%99rli-s%c9%99rh\/","name":"\u015e\u0259rh: \u201cRusiya-T\u00fcrkiy\u0259: geosiyasi sava\u015f, yoxsa r\u0259qab\u0259tli t\u0259r\u0259fda\u015fl\u0131q?\u201d - JAMnews","isPartOf":{"@id":"https:\/\/jam-news.net\/az\/#website"},"primaryImageOfPage":{"@id":"https:\/\/jam-news.net\/az\/rusiya-turkiy%c9%99-c%c9%99nubi-qafqaz-qarabag-az%c9%99rbaycan-sahin-c%c9%99f%c9%99rli-s%c9%99rh\/#primaryimage"},"image":{"@id":"https:\/\/jam-news.net\/az\/rusiya-turkiy%c9%99-c%c9%99nubi-qafqaz-qarabag-az%c9%99rbaycan-sahin-c%c9%99f%c9%99rli-s%c9%99rh\/#primaryimage"},"thumbnailUrl":"https:\/\/jam-news.net\/app\/uploads\/2020\/11\/regnum_picture_157169508772743_normal.jpg","datePublished":"2020-11-19T16:24:02+00:00","dateModified":"2022-01-17T20:32:03+00:00","description":"Rusiya v\u0259 T\u00fcrkiy\u0259 ikinci Qaraba\u011f m\u00fcharib\u0259si zaman\u0131 \u0259n f\u0259al xarici aktorlar oldu, regionda r\u0259qib olan bu \u00f6lk\u0259l\u0259rin liderl\u0259rini n\u0259 birl\u0259\u015fdirir?","breadcrumb":{"@id":"https:\/\/jam-news.net\/az\/rusiya-turkiy%c9%99-c%c9%99nubi-qafqaz-qarabag-az%c9%99rbaycan-sahin-c%c9%99f%c9%99rli-s%c9%99rh\/#breadcrumb"},"inLanguage":"az","potentialAction":[{"@type":"ReadAction","target":["https:\/\/jam-news.net\/az\/rusiya-turkiy%c9%99-c%c9%99nubi-qafqaz-qarabag-az%c9%99rbaycan-sahin-c%c9%99f%c9%99rli-s%c9%99rh\/"]}]},{"@type":"ImageObject","inLanguage":"az","@id":"https:\/\/jam-news.net\/az\/rusiya-turkiy%c9%99-c%c9%99nubi-qafqaz-qarabag-az%c9%99rbaycan-sahin-c%c9%99f%c9%99rli-s%c9%99rh\/#primaryimage","url":"https:\/\/jam-news.net\/app\/uploads\/2020\/11\/regnum_picture_157169508772743_normal.jpg","contentUrl":"https:\/\/jam-news.net\/app\/uploads\/2020\/11\/regnum_picture_157169508772743_normal.jpg","width":940,"height":580},{"@type":"BreadcrumbList","@id":"https:\/\/jam-news.net\/az\/rusiya-turkiy%c9%99-c%c9%99nubi-qafqaz-qarabag-az%c9%99rbaycan-sahin-c%c9%99f%c9%99rli-s%c9%99rh\/#breadcrumb","itemListElement":[{"@type":"ListItem","position":1,"name":"Home","item":"https:\/\/jam-news.net\/az\/"},{"@type":"ListItem","position":2,"name":"\u015e\u0259rh: \u201cRusiya-T\u00fcrkiy\u0259: geosiyasi sava\u015f, yoxsa r\u0259qab\u0259tli t\u0259r\u0259fda\u015fl\u0131q?\u201d"}]},{"@type":"WebSite","@id":"https:\/\/jam-news.net\/az\/#website","url":"https:\/\/jam-news.net\/az\/","name":"Azerbaijani Jamnews","description":"Caucasus News, Politics and Society","publisher":{"@id":"https:\/\/jam-news.net\/az\/#organization"},"potentialAction":[{"@type":"SearchAction","target":{"@type":"EntryPoint","urlTemplate":"https:\/\/jam-news.net\/az\/?s={search_term_string}"},"query-input":{"@type":"PropertyValueSpecification","valueRequired":true,"valueName":"search_term_string"}}],"inLanguage":"az"},{"@type":"Organization","@id":"https:\/\/jam-news.net\/az\/#organization","name":"JAMnews","url":"https:\/\/jam-news.net\/az\/","logo":{"@type":"ImageObject","inLanguage":"az","@id":"https:\/\/jam-news.net\/az\/#\/schema\/logo\/image\/","url":"https:\/\/jam-news.net\/app\/uploads\/2020\/05\/JAM_w.jpg","contentUrl":"https:\/\/jam-news.net\/app\/uploads\/2020\/05\/JAM_w.jpg","width":960,"height":960,"caption":"JAMnews"},"image":{"@id":"https:\/\/jam-news.net\/az\/#\/schema\/logo\/image\/"},"sameAs":["https:\/\/www.facebook.com\/JAMnewsInEnglish\/","https:\/\/x.com\/JAMnewsCaucasus","https:\/\/www.instagram.com\/jam_news\/","https:\/\/www.youtube.com\/channel\/UCXQbUCme2pykuZYXWHx4VPg"]},{"@type":"Person","@id":"https:\/\/jam-news.net\/az\/#\/schema\/person\/67df3bb7adb46cd513fb9c4cb02361c6","name":"JAMnews","image":{"@type":"ImageObject","inLanguage":"az","@id":"https:\/\/jam-news.net\/az\/#\/schema\/person\/image\/","url":"https:\/\/secure.gravatar.com\/avatar\/e5c27593ef900c3ab3deed4ed1c653d7?s=96&d=mm&r=g","contentUrl":"https:\/\/secure.gravatar.com\/avatar\/e5c27593ef900c3ab3deed4ed1c653d7?s=96&d=mm&r=g","caption":"JAMnews"},"url":"https:\/\/jam-news.net\/az\/author\/margarita\/"}]}},"_links":{"self":[{"href":"https:\/\/jam-news.net\/az\/wp-json\/wp\/v2\/posts\/39176","targetHints":{"allow":["GET"]}}],"collection":[{"href":"https:\/\/jam-news.net\/az\/wp-json\/wp\/v2\/posts"}],"about":[{"href":"https:\/\/jam-news.net\/az\/wp-json\/wp\/v2\/types\/post"}],"author":[{"embeddable":true,"href":"https:\/\/jam-news.net\/az\/wp-json\/wp\/v2\/users\/3"}],"replies":[{"embeddable":true,"href":"https:\/\/jam-news.net\/az\/wp-json\/wp\/v2\/comments?post=39176"}],"version-history":[{"count":3,"href":"https:\/\/jam-news.net\/az\/wp-json\/wp\/v2\/posts\/39176\/revisions"}],"predecessor-version":[{"id":39180,"href":"https:\/\/jam-news.net\/az\/wp-json\/wp\/v2\/posts\/39176\/revisions\/39180"}],"wp:featuredmedia":[{"embeddable":true,"href":"https:\/\/jam-news.net\/az\/wp-json\/wp\/v2\/media\/39167"}],"wp:attachment":[{"href":"https:\/\/jam-news.net\/az\/wp-json\/wp\/v2\/media?parent=39176"}],"wp:term":[{"taxonomy":"category","embeddable":true,"href":"https:\/\/jam-news.net\/az\/wp-json\/wp\/v2\/categories?post=39176"},{"taxonomy":"post_tag","embeddable":true,"href":"https:\/\/jam-news.net\/az\/wp-json\/wp\/v2\/tags?post=39176"},{"taxonomy":"formation","embeddable":true,"href":"https:\/\/jam-news.net\/az\/wp-json\/wp\/v2\/formation?post=39176"},{"taxonomy":"post-author","embeddable":true,"href":"https:\/\/jam-news.net\/az\/wp-json\/wp\/v2\/post-author?post=39176"},{"taxonomy":"topic","embeddable":true,"href":"https:\/\/jam-news.net\/az\/wp-json\/wp\/v2\/topic?post=39176"},{"taxonomy":"tooltip","embeddable":true,"href":"https:\/\/jam-news.net\/az\/wp-json\/wp\/v2\/tooltip?post=39176"},{"taxonomy":"city","embeddable":true,"href":"https:\/\/jam-news.net\/az\/wp-json\/wp\/v2\/city?post=39176"}],"curies":[{"name":"wp","href":"https:\/\/api.w.org\/{rel}","templated":true}]}}