{"id":3915,"date":"2016-08-11T00:00:00","date_gmt":"2016-08-10T20:00:00","guid":{"rendered":"http:\/\/jam-news.net\/az\/qurban-rolundan-imtina\/"},"modified":"2021-02-09T11:59:42","modified_gmt":"2021-02-09T07:59:42","slug":"qurban-rolundan-imtina","status":"publish","type":"post","link":"https:\/\/jam-news.net\/az\/qurban-rolundan-imtina\/","title":{"rendered":"Qurban rolundan imtina"},"content":{"rendered":"<h6 style=\"text-align: left;\"><span style=\"color: #800000;\"><strong>foto:\u00a0Qevorg Kazaryan<\/strong><\/span><\/h6>\n<p style=\"text-align: center;\"><span style=\"color: #800000;\"><strong><span style=\"font-size: 12pt;\">Xo\u015fb\u0259xt sonluqlu k\u0259d\u0259rli hekay\u0259<\/span><\/strong><\/span><\/p>\n<p><span style=\"font-size: 12pt;\">Asmik Xa\u00e7atryan f\u0259rdi sahibkard\u0131r. O, Erm\u0259nistan\u0131n Qeqarqunink vilay\u0259ti \u00fc\u00e7\u00fcn \u0259n\u0259n\u0259vi paxlava n\u00f6v\u00fc haz\u0131rlay\u0131b, ma\u011fazalara t\u0259hvil verir. Onun i\u015f g\u00fcn\u00fc s\u0259h\u0259r saat 10-da ba\u015flay\u0131r v\u0259 ax\u015fam saat 10-da qurtar\u0131r.<\/span><\/p>\n<div><img decoding=\"async\" src=\"http:\/\/jam-news.net\/Uploads\/Publication\/1722\/ContentImages\/az-Latn-AZ\/Hasmik.jpg\" \/><\/div>\n<p><span style=\"font-size: 12pt;\">Asmikin g\u00fcn \u0259rzind\u0259 \u0259n vacib i\u015fi q\u0131z\u0131 Varseniki m\u0259kt\u0259b\u0259 aparmaqd\u0131r. Sonra o bazara gedib, paxlava \u00fc\u00e7\u00fcn un, ya\u011f v\u0259 dig\u0259r \u0259rzaqlar al\u0131r. Asmik deyir ki, b\u00fct\u00fcn g\u00fcn\u00fc i\u015fl\u0259 ba\u011fl\u0131 qa\u00e7aqa\u00e7da ke\u00e7ir, amma b\u0259z\u0259n b\u00fct\u00fcn i\u015fl\u0259rini at\u0131b, evd\u0259 qal\u0131r \u2013 \u00f6z\u00fcn\u00fc, davran\u0131\u015f\u0131n\u0131 t\u0259hlil edir, sonrak\u0131 add\u0131mlar\u0131n\u0131 planla\u015fd\u0131r\u0131r.<\/span><\/p>\n<p><span style=\"font-size: 12pt;\">S\u0259rb\u0259st \u015f\u0259kild\u0259 q\u0259rar q\u0259bul etm\u0259k v\u0259 \u00f6z h\u0259yat\u0131n\u0131 idar\u0259 etm\u0259k imkan\u0131n\u0131 Asmik Xa\u00e7atryan son iki ild\u0259 qazan\u0131b. Buna q\u0259d\u0259r, 9 il s\u00fcr\u0259n ail\u0259 h\u0259yat\u0131 boyu o, \u0259ri v\u0259 onun ail\u0259si t\u0259r\u0259find\u0259n i\u015fg\u0259nc\u0259 v\u0259 zorak\u0131l\u0131\u011fa m\u0259ruz qal\u0131b. Bir gec\u0259 n\u00f6vb\u0259ti d\u0259f\u0259 amans\u0131zcas\u0131na d\u00f6y\u00fcld\u00fcy\u00fc vaxt Asmik evd\u0259n qa\u00e7a bilib. Deyir ki, qa\u00e7masayd\u0131 sa\u011f qalmazd\u0131.<\/span><\/p>\n<p><span style=\"font-size: 12pt;\">S\u0259h\u0259r\u0259 q\u0259d\u0259r qad\u0131n ayaqyal\u0131n v\u0259 c\u0131r\u0131q paltarda k\u0259nd bataql\u0131\u011f\u0131n\u0131n yan\u0131nda gizl\u0259nib. K\u00fc\u00e7\u0259y\u0259 \u00e7\u0131xma\u011fa v\u0259 ya valideynl\u0259rinin yan\u0131na getm\u0259y\u0259 \u00fcr\u0259k el\u0259mirdi: k\u0259ndin h\u0259r yerind\u0259 onu ma\u015f\u0131nla axtaran \u0259ri tap\u0131b \u00f6ld\u00fcr\u0259c\u0259yiyl\u0259 h\u0259d\u0259l\u0259yirdi.<\/span><\/p>\n<p><span style=\"font-size: 12pt;\">S\u0259h\u0259r Asmiki valideynl\u0259ri tapd\u0131 v\u0259 d\u0259rhal Qavar vilay\u0259tinin Qandzak k\u0259ndind\u0259n Yerevan x\u0259st\u0259xanas\u0131na \u00e7atd\u0131rd\u0131lar. Asmik \u201cQad\u0131nlara d\u0259st\u0259k m\u0259rk\u0259zi ictimai t\u0259\u015fkilat\u0131na m\u00fcraci\u0259t edir. Burada onu m\u00fcv\u0259qq\u0259ti m\u0259nzill\u0259 t\u0259min etdil\u0259r, h\u0259m d\u0259 psixoloji v\u0259 h\u00fcquqi yard\u0131m g\u00f6st\u0259rdil\u0259r.<\/span><\/p>\n<p><span style=\"font-size: 12pt;\">Bir q\u0259d\u0259r sonra m\u0259hk\u0259m\u0259d\u0259 onun h\u0259yat yolda\u015f\u0131 Sarqis Akopyana qar\u015f\u0131 Erm\u0259nistan CM-nin 199-cu madd\u0259si il\u0259 (x\u00fcsusi q\u0259ddarl\u0131qla i\u015fg\u0259nc\u0259 verm\u0259) ittiham ir\u0259li s\u00fcr\u00fcl\u00fcb, bu ittihama g\u00f6r\u0259 3 ild\u0259n 7 il\u0259 q\u0259d\u0259r azadl\u0131qdan m\u0259hrum etm\u0259 c\u0259zas\u0131 n\u0259z\u0259rd\u0259 tutulur.<\/span><\/p>\n<div><img decoding=\"async\" src=\"http:\/\/jam-news.net\/Uploads\/Publication\/1722\/ContentImages\/az-Latn-AZ\/Sargis.jpg\" \/><span style=\"font-size: 8pt; color: #800000;\"><strong>Sarqis Akopyan<\/strong><\/span><\/div>\n<p><span style=\"font-size: 12pt;\">Amma t\u0259xmin\u0259n bir il s\u00fcr\u0259n m\u0259hk\u0259m\u0259 prosesinin n\u0259tic\u0259sind\u0259 Sarqis\u0259 qar\u015f\u0131 ir\u0259li s\u00fcr\u00fcl\u0259n ittiham sa\u011flaml\u0131\u011fa q\u0259sd\u0259n y\u00fcng\u00fcl z\u0259r\u0259rin yetirilm\u0259si madd\u0259sin\u0259 d\u0259yi\u015fdirildi. O, 1,5 il m\u00fcdd\u0259tin\u0259 azadl\u0131qdan m\u0259hrum edilm\u0259 c\u0259zas\u0131 ald\u0131 v\u0259 amnistiya il\u0259 d\u00fcz m\u0259hk\u0259m\u0259 zal\u0131ndan azadl\u0131\u011fa burax\u0131ld\u0131.<\/span><\/p>\n<div><img decoding=\"async\" src=\"http:\/\/jam-news.net\/Uploads\/Publication\/1722\/ContentImages\/az-Latn-AZ\/Datavor.jpg\" \/><span style=\"font-size: 8pt; color: #800000;\"><strong>H\u0259min q\u0259rar\u0131 \u00e7\u0131xaran hakim Aqvan Petrosyan<\/strong><\/span><\/div>\n<p><span style=\"font-size: 12pt;\">Asmik Xa\u00e7atryan deyir ki, ke\u00e7mi\u015f qaynanas\u0131 Erm\u0259nistanda m\u0259\u015fhur fal\u00e7\u0131d\u0131r, h\u0259mi\u015f\u0259 h\u00fcquq-m\u00fchafiz\u0259 v\u0259 m\u0259hk\u0259m\u0259 orqanlar\u0131na b\u00f6y\u00fck m\u0259bl\u0259\u011fd\u0259 r\u00fc\u015fv\u0259t verirdi v\u0259 bu proses d\u0259 istisna olmad\u0131.<\/span><\/p>\n<p><span style=\"font-size: 12pt;\">Azadl\u0131\u011fa \u00e7\u0131xan Sarqis Akopyan v\u0259rdi\u015fin\u0259 sadiq qal\u0131b, bu d\u0259f\u0259 d\u0259 b\u00fct\u00fcn aqressiyas\u0131n\u0131 \u00f6z valideynl\u0259rin\u0259 qar\u015f\u0131 y\u00f6n\u0259ltdi. Valideynl\u0259rini d\u00f6yd\u00fcy\u00fcn\u0259, onlardan zor g\u00fcc\u00fcn\u0259 pul ald\u0131\u011f\u0131na v\u0259 evi yand\u0131rmaq c\u0259hdin\u0259 g\u00f6r\u0259 \u00f6t\u0259n il Akopyana qar\u015f\u0131 ittiham ir\u0259li s\u00fcr\u00fcld\u00fc v\u0259 m\u00fcst\u0259ntiq onun iki ay m\u00fcdd\u0259tin\u0259 h\u0259bs edilm\u0259si il\u0259 ba\u011fl\u0131 q\u0259rar \u00e7\u0131xard\u0131. Amma istintaqla ba\u011fl\u0131 m\u0259hk\u0259m\u0259 prosesi ke\u00e7irilm\u0259di.<\/span><\/p>\n<p><span style=\"font-size: 12pt;\">Haz\u0131rda o, azadl\u0131qdad\u0131r v\u0259 h\u0259yat yolda\u015f\u0131 v\u0259 ail\u0259nin dig\u0259r \u00fczvl\u0259rin\u0259 qar\u015f\u0131 zorak\u0131l\u0131\u011fa g\u00f6r\u0259 he\u00e7 bir m\u0259suliyy\u0259t\u0259 c\u0259lb olunmay\u0131b. <\/span><\/p>\n<p><span style=\"font-size: 12pt;\">Yeri g\u0259lmi\u015fk\u0259n, Akopyan \u00f6z m\u0259\u015fuq\u0259si il\u0259 d\u0259 \u00e7ox q\u0259ddar davran\u0131rd\u0131 v\u0259 o can\u0131n\u0131 onun \u0259lind\u0259n qurtarmaq \u00fc\u00e7\u00fcn Rusiyaya qa\u00e7d\u0131. Asmik Xa\u00e7atryan\u0131n prosesi zaman\u0131 Vika Torosyan \u00f6z\u00fc Rusiyadan m\u0259hk\u0259m\u0259 prosesini i\u015f\u0131qland\u0131ran jurnalistl\u0259r\u0259 <a href=\"http:\/\/hetq.am\/arm\/news\/31277\/bakhtagushak-varsiki-erkrord-harsy-evs-khoshtangumneri-e-entarkvel.html\" target=\"_blank\" rel=\"noopener noreferrer\">z\u0259ng ed\u0259r\u0259k<\/a>, \u00f6z\u00fcn\u00fcn ikinci qurban oldu\u011funu bildirdi.\u00a0<\/span><\/p>\n<p><span style=\"font-size: 12pt;\">Onun s\u00f6zl\u0259rin\u0259 g\u00f6r\u0259, Sarqis iki il \u0259rzind\u0259 onu t\u0259hqir edir, d\u00f6y\u00fcr v\u0259 i\u015fg\u0259nc\u0259 verirdi \u2013 onun burnu s\u0131nm\u0131\u015fd\u0131, hamil\u0259liyinin be\u015finci ay\u0131nda u\u015fa\u011f\u0131 salandan sonra is\u0259 o polis\u0259 m\u00fcraci\u0259t etdi. Amma Akopyan\u0131n t\u0259hdidl\u0259rind\u0259n sonra \u0259riz\u0259sini geri g\u00f6t\u00fcr\u00fcb, \u00f6lk\u0259ni t\u0259rk etdi.<\/span><\/p>\n<p style=\"text-align: center;\"><span style=\"color: #800000;\"><strong><span style=\"font-size: 12pt;\">M\u0259i\u015f\u0259t zorak\u0131l\u0131\u011f\u0131 haqda qanunun olmamas\u0131<\/span><\/strong><\/span><\/p>\n<p><span style=\"font-size: 12pt;\">Erm\u0259nistan\u0131n h\u00fcquq-m\u00fchafiz\u0259 orqanlar\u0131 m\u0259i\u015f\u0259t zorak\u0131l\u0131\u011f\u0131n\u0131 cinay\u0259t kimi deyil, s\u0131rf ail\u0259 daxili i\u015f kimi n\u0259z\u0259rd\u0259n ke\u00e7irirl\u0259r. Ad\u0259t\u0259n polis\u0259 m\u00fcraci\u0259t ed\u0259n qad\u0131nlar\u0131 el\u0259 b\u00f6lm\u0259d\u0259c\u0259 \u0259riz\u0259sini geri g\u00f6t\u00fcrm\u0259k \u00fc\u00e7\u00fcn dil\u0259 tuturlar, deyirl\u0259r ki, erm\u0259ni qad\u0131n\u0131na \u0259rind\u0259n \u015fikay\u0259t etm\u0259k yara\u015fmaz. M\u0259hk\u0259m\u0259y\u0259 q\u0259d\u0259r g\u0259lib \u00e7atan qad\u0131nlar is\u0259 Asmik Xa\u00e7atryan kimi eyni s\u0259rt reall\u0131qla \u00fczl\u0259\u015firl\u0259r.<\/span><\/p>\n<p><span style=\"font-size: 12pt;\">Bu yax\u0131nlarda Ararat v\u0259 Vayo\u00e7 Dzor rayonlar\u0131n\u0131n \u00fcmumi m\u0259hk\u0259m\u0259 hakimi Qaqik Sarqsyan 35 ya\u015fl\u0131 h\u0259yat yolda\u015f\u0131 Diana Naapetyan\u0131 q\u0259tl\u0259 yetir\u0259n 51 ya\u015fl\u0131 Volodya Muradyana 3,5 il m\u00fcdd\u0259tin\u0259 azadl\u0131qdan m\u0259hrum etm\u0259 c\u0259zas\u0131 verdi, bu hadis\u0259 b\u00f6y\u00fck s\u0259s-k\u00fcy\u0259 s\u0259b\u0259b oldu. Ki\u015fi yetkinlik ya\u015f\u0131na \u00e7atmayan u\u015faqlar\u0131n\u0131n qar\u015f\u0131s\u0131nda xan\u0131m\u0131na 21 b\u0131\u00e7aq z\u0259rb\u0259si endirib.<\/span><\/p>\n<p><span style=\"font-size: 12pt;\">Ba\u015fqa bir hadis\u0259d\u0259 el\u0259 h\u0259min m\u0259hk\u0259m\u0259nin hakimi Tatul Poqosyan 11 il \u0259rzind\u0259 \u00f6z h\u0259yat yolda\u015f\u0131 Narine Zoqrabyana i\u015fg\u0259nc\u0259 ver\u0259n Vardan Camalyana 50 min dram (100 avroya yax\u0131n) m\u0259bl\u0259\u011find\u0259 c\u0259rim\u0259 k\u0259sir.<\/span><\/p>\n<p><span style=\"font-size: 12pt;\">H\u00fcquq-m\u00fchafiz\u0259 orqanlar\u0131na m\u00fcraci\u0259t ed\u0259n qad\u0131nlar n\u0259inki haqlar\u0131n\u0131 t\u0259l\u0259b ed\u0259 bilmir, h\u0259tta psixoloji t\u0259zyiq\u0259 m\u0259ruz qal\u0131rlar. H\u0259m h\u00fcquq-m\u00fchafiz\u0259 orqanlar\u0131nda, h\u0259m d\u0259 c\u0259miyy\u0259td\u0259 onlar\u0131 \u201ci\u015f ver\u0259n kimi q\u0259bul edirl\u0259r.<\/span><\/p>\n<p style=\"text-align: center;\"><span style=\"color: #800000;\"><strong><span style=\"font-size: 12pt;\">\u0130taliyal\u0131 \u201ci\u015f ver\u0259n<\/span><\/strong><\/span><\/p>\n<p><span style=\"font-size: 12pt;\">\u0130taliyal\u0131 qad\u0131n Ester Violante Yerevanda ya\u015fay\u0131r v\u0259 i\u015fl\u0259yir, k\u00f6n\u00fcll\u00fcd\u00fcr. Onun Yerevandak\u0131 h\u0259yat\u0131 qon\u015fu m\u0259nzild\u0259n g\u0259l\u0259n dava s\u0259sini e\u015fidib, polis\u0259 z\u0259ng vurdu\u011fu an d\u0259yi\u015fdi.<\/span><\/p>\n<div><img decoding=\"async\" src=\"http:\/\/jam-news.net\/Uploads\/Publication\/1722\/ContentImages\/az-Latn-AZ\/Italian.jpg\" \/><span style=\"font-size: 8pt; color: #800000;\"><strong>Foto: Narek Aleksanyan<\/strong><\/span><\/div>\n<p><span style=\"font-size: 12pt;\">Polisl\u0259r hadis\u0259 yerin\u0259 g\u0259lib, h\u0259yat yolda\u015f\u0131n\u0131 d\u00f6y\u0259n ki\u015fi il\u0259 s\u00f6hb\u0259t etdil\u0259r, sonra da Ester\u0259 h\u0259r \u015feyin qaydas\u0131nda oldu\u011funu deyib, getdil\u0259r.<\/span><\/p>\n<p><span style=\"font-size: 12pt;\">Onlar ged\u0259nd\u0259n bir ne\u00e7\u0259 d\u0259qiq\u0259 sonra Esterin qap\u0131s\u0131n\u0131 ba\u015fqa qon\u015fu qad\u0131n d\u00f6y\u0259r\u0259k, ba\u015fqalar\u0131n\u0131n i\u015fin\u0259 qar\u0131\u015fmama\u011f\u0131 v\u0259 binalar\u0131n\u0131n \u00fcnvan\u0131na daha polis \u00e7a\u011f\u0131rmama\u011f\u0131 m\u0259sl\u0259h\u0259t g\u00f6rd\u00fc.<\/span><\/p>\n<p><span style=\"font-size: 12pt;\">H\u0259min g\u00fcnd\u0259n italiyal\u0131 qad\u0131n\u0131 binada \u201ci\u015f ver\u0259n kimi tan\u0131y\u0131rlar v\u0259 ona psixoloji t\u0259zyiq g\u00f6st\u0259rm\u0259k \u00fc\u00e7\u00fcn qon\u015fular bir g\u00fcn onun qap\u0131s\u0131n\u0131n a\u011fz\u0131na n\u0259cis atd\u0131lar. \u201c\u018fmin\u0259m ki, polis qon\u015fuya onlar\u0131 \u201ckimin satd\u0131\u011f\u0131n\u0131 dedi. Qon\u015fum m\u0259n\u0259 dedi ki, Erm\u0259nistanda ki\u015finin xan\u0131m\u0131n\u0131 d\u00f6ym\u0259si normald\u0131r. M\u0259ns\u0259 d\u0259f\u0259l\u0259rl\u0259 onlara ba\u015fa salm\u0131\u015fam ki, onlar \u00fc\u00e7\u00fcn zorak\u0131l\u0131q normal hald\u0131rsa, m\u0259nim \u00fc\u00e7\u00fcn bu bel\u0259 deyil. Erm\u0259nistan m\u0259i\u015f\u0259t zorak\u0131l\u0131\u011f\u0131n\u0131n m\u00f6vcud oldu\u011fu t\u0259k \u00f6lk\u0259 deyil, amma ilk d\u0259f\u0259dir g\u00f6r\u00fcr\u0259m ki, h\u00fcquq-m\u00fchafiz\u0259 orqanlar\u0131n\u0131n qanuni \u015f\u0259kild\u0259 m\u0259lumatland\u0131r\u0131lmas\u0131 c\u0259miyy\u0259td\u0259 cinay\u0259t say\u0131ls\u0131n, &#8211; Ester deyir.<\/span><\/p>\n<p style=\"text-align: center;\"><span style=\"color: #800000;\"><strong><span style=\"font-size: 12pt;\">Qrant varsa, qanun da var<\/span><\/strong><\/span><\/p>\n<p><span style=\"font-size: 12pt;\">2016-c\u0131 ild\u0259 Avropa \u0130ttifaq\u0131 Erm\u0259nistana b\u00fcdc\u0259 yard\u0131m\u0131 \u00e7\u0259r\u00e7iv\u0259sind\u0259 insan haqlar\u0131 sah\u0259sind\u0259 islahatlar\u0131n h\u0259yata ke\u00e7irilm\u0259si \u00fc\u00e7\u00fcn 11 milyon avro ay\u0131racaq. \u018fv\u0259zind\u0259 A\u0130 Erm\u0259nistandan Avropa \u015euras\u0131n\u0131n qad\u0131nlara m\u00fcnasib\u0259td\u0259 zorak\u0131l\u0131q v\u0259 m\u0259i\u015f\u0259t zorak\u0131l\u0131\u011f\u0131n\u0131n qar\u015f\u0131s\u0131n\u0131n al\u0131nmas\u0131 v\u0259 onunla m\u00fcbariz\u0259 haqda Konvensiyas\u0131na qo\u015fulma\u011f\u0131, bundan ba\u015fqa \u201cM\u0259i\u015f\u0259t zorak\u0131l\u0131\u011f\u0131 haqq\u0131nda qanunun q\u0259bul edilm\u0259sini g\u00f6zl\u0259yir.<\/span><\/p>\n<p><span style=\"font-size: 12pt;\">Xat\u0131rladaq ki, son \u00fc\u00e7 il \u0259rzind\u0259 qad\u0131n h\u00fcquqlar\u0131 il\u0259 m\u0259\u015f\u011ful olan ictimai t\u0259\u015fkilatlar Erm\u0259nistan hakimiyy\u0259ti il\u0259 daimi dan\u0131\u015f\u0131qlar apararaq, m\u0259i\u015f\u0259t zorak\u0131l\u0131\u011f\u0131 haqda qanunu q\u0259bul etm\u0259y\u0259 \u00e7a\u011f\u0131r\u0131rd\u0131lar. Bu dan\u0131\u015f\u0131qlar Avropa \u0130ttifaq\u0131 qrant\u0131n verildiyini bildir\u0259n\u0259 q\u0259d\u0259r dalana dir\u0259nirdi.<\/span><\/p>\n<p><span style=\"font-size: 12pt;\">Bir ne\u00e7\u0259 g\u00fcn \u0259vv\u0259l \u018fdliyy\u0259 Nazirliyinin apar\u0131c\u0131 eksperti Alen Mkrt\u00e7yan qeyd edib ki, m\u0259i\u015f\u0259t zorak\u0131l\u0131\u011f\u0131 haqq\u0131nda qanun 2016-c\u0131 ilin 4-c\u00fc dekadas\u0131 \u0259rzind\u0259 q\u0259bul edil\u0259c\u0259k. Bu haqda o, hakimiyy\u0259t, parlament, polis, beyn\u0259lxalq v\u0259 ictimai t\u0259\u015fkilat n\u00fcmay\u0259nd\u0259l\u0259rinin i\u015ftirak etdiyi \u201cAil\u0259 zorak\u0131l\u0131\u011f\u0131n\u0131n profilaktikas\u0131 haqda qanunvericilik insan haqlar\u0131n\u0131n m\u00fcdafi\u0259sinin ilkin \u015f\u0259rti kimi m\u00f6vzusunda ke\u00e7iril\u0259n d\u0259yirmi masa zaman\u0131 bildirib.<\/span><\/p>\n<p><span style=\"font-size: 12pt;\">Qanun layih\u0259sinin i\u015fl\u0259nib haz\u0131rlanmas\u0131nda i\u015ftirak ed\u0259n \u201cQad\u0131nlara m\u00fcnasib\u0259td\u0259 zorak\u0131l\u0131\u011fa qar\u015f\u0131 koalisiyalar\u0131n h\u00fcquq\u015f\u00fcnas\u0131 Nonna Qalstyan biziml\u0259 s\u00f6hb\u0259t zaman\u0131 bildirib ki, \u0259sas diqq\u0259t profilaktik t\u0259dbirl\u0259r\u0259 y\u00f6n\u0259ldilib.<\/span><\/p>\n<p><span style=\"font-size: 12pt;\">\u201c\u018fvv\u0259lc\u0259 qanunu pozan polisd\u0259n r\u0259smi yaz\u0131l\u0131 x\u0259b\u0259rdarl\u0131q alacaq. Bu, zorak\u0131l\u0131\u011f\u0131n ilk d\u0259f\u0259 ba\u015f verdiyi, cinay\u0259t t\u0259rkibinin, y\u0259ni fiziki g\u00fcc\u00fcn t\u0259tbiq edilm\u0259si v\u0259 i\u015fg\u0259nc\u0259 hallar\u0131 olmad\u0131\u011f\u0131 halda olacaq. Zorak\u0131l\u0131q t\u0259krar olunarsa v\u0259 ya cinay\u0259t t\u0259rkibinin \u0259lam\u0259tl\u0259ri olarsa, polis t\u0259r\u0259find\u0259n t\u0259cili m\u00fcdaxil\u0259 haqda q\u0259rar veril\u0259c\u0259k.<\/span><\/p>\n<p><span style=\"font-size: 12pt;\">T\u0259cili m\u00fcdaxil\u0259 qanunu pozan\u0131n qurbana 100 metrd\u0259n \u00e7ox yax\u0131nla\u015fmama\u011f\u0131n\u0131, ona z\u0259ng etm\u0259m\u0259yini, narahat etm\u0259m\u0259yini v\u0259 haqq\u0131nda m\u0259lumat toplamama\u011f\u0131n\u0131 n\u0259z\u0259rd\u0259 tutur. Sonra m\u0259hk\u0259m\u0259 q\u0259rar\u0131na \u0259sas\u0259n t\u0259tbiq edil\u0259n r\u0259smi q\u0259rar m\u0259rh\u0259l\u0259si ba\u015flay\u0131r. Burada el\u0259 h\u0259min m\u0259hdudiyy\u0259tl\u0259r qoyulub, birc\u0259 f\u0259rql\u0259 ki, qanunu pozan\u0131 onun h\u0259min m\u0259nzilin sahibi olub-olmamas\u0131ndan as\u0131l\u0131 olmayaraq, ya\u015fay\u0131\u015f yerind\u0259n k\u00f6\u00e7\u00fcr\u0259 bil\u0259rl\u0259r, &#8211; Nonna Qalstyan izah edir.<\/span><\/p>\n<p><span style=\"font-size: 12pt;\">Qanunun \u0259vv\u0259ll\u0259r q\u0259bul olunmamas\u0131n\u0131n \u0259sas s\u0259b\u0259bi kimi d\u00f6vl\u0259t orqanlar\u0131 resurslar\u0131n olmamas\u0131n\u0131 g\u00f6st\u0259rirl\u0259r. \u0130ndi Avropa \u0130ttifaq\u0131n\u0131n d\u0259st\u0259yi il\u0259 qurbanlar v\u0259 zorak\u0131l\u0131q t\u00f6r\u0259d\u0259nl\u0259rin \u00f6zl\u0259ri \u00fc\u00e7\u00fcn s\u0131\u011f\u0131nacaq v\u0259 psixoloji yard\u0131n m\u0259rk\u0259zl\u0259rinin yarad\u0131lmas\u0131 planla\u015fd\u0131r\u0131l\u0131r.<\/span><\/p>\n<div><img decoding=\"async\" src=\"http:\/\/jam-news.net\/Uploads\/Publication\/1722\/ContentImages\/az-Latn-AZ\/Lusi_Sargsyan.jpg\" \/><span style=\"font-size: 8pt; color: #800000;\"><strong>Foto: Lusi Sargsyan<\/strong><\/span><\/div>\n<p><span style=\"font-size: 12pt;\">Haz\u0131rda Erm\u0259nistanda zorak\u0131l\u0131q akt\u0131 t\u00f6r\u0259d\u0259nl\u0259rl\u0259 i\u015fl\u0259y\u0259n bir d\u0259n\u0259 d\u0259 olsun t\u0259\u015fkilat yoxdur.<\/span><\/p>\n<p style=\"text-align: center;\"><span style=\"color: #800000;\"><strong><span style=\"font-size: 12pt;\">M\u0259i\u015f\u0259t zorak\u0131l\u0131\u011f\u0131n\u0131n qurbanlar\u0131na ictimai t\u0259\u015fkilatlar k\u00f6m\u0259k edir<\/span><\/strong><\/span><\/p>\n<p><span style=\"font-size: 12pt;\">M\u0259i\u015f\u0259t zorak\u0131l\u0131\u011f\u0131n\u0131n qurban\u0131 olan qad\u0131nlar \u00fc\u00e7\u00fcn qaynar x\u0259tt i\u015fl\u0259yir. Burada z\u0259ngd\u0259n sonra onlara m\u00fcraci\u0259t ed\u0259n qad\u0131n\u0131n v\u0259ziyy\u0259tinin qiym\u0259tl\u0259ndirilm\u0259si h\u0259yata ke\u00e7irilir. \u018fg\u0259r ona \u0259ri il\u0259 bir evd\u0259 qalmaq t\u0259hl\u00fck\u0259lidirs\u0259, qad\u0131n\u0131 m\u0259i\u015f\u0259t zorak\u0131l\u0131\u011f\u0131n\u0131n qurbanlar\u0131 \u00fc\u00e7\u00fcn x\u00fcsusi s\u0131\u011f\u0131naca\u011fa k\u00f6\u00e7\u00fcr\u00fcrl\u0259r. Yerevanda o c\u00fcml\u0259d\u0259n diaspordan olan filantrop Ceyms Tufenkyan\u0131n v\u0259saiti hesab\u0131na yarad\u0131lan \u201cQad\u0131nlara d\u0259st\u0259k m\u0259rk\u0259zi t\u0259\u015fkilat\u0131n\u0131n s\u0131\u011f\u0131naca\u011f\u0131 f\u0259aliyy\u0259t g\u00f6st\u0259rir.<\/span><\/p>\n<p><span style=\"font-size: 12pt;\">Burada 2016-c\u0131 ilin yanvar ay\u0131ndan bu g\u00fcn\u0259 q\u0259d\u0259r 26 n\u0259f\u0259r \u2013 qad\u0131nlar v\u0259 onlar\u0131n u\u015faqlar\u0131 s\u0131\u011f\u0131n\u0131b. Amma v\u0259sait azl\u0131\u011f\u0131na g\u00f6r\u0259 bu s\u0131\u011f\u0131nacaq ona ehtiyac\u0131 olanlar\u0131n he\u00e7 d\u0259 ham\u0131s\u0131n\u0131 q\u0259bul ed\u0259 bilmir. Qaynar x\u0259tt v\u0259 s\u0131\u011f\u0131nacaq haqda qad\u0131nlar rayon v\u0259 k\u0259nd administrasiyalar\u0131nda v\u0259 polis b\u00f6lm\u0259l\u0259rind\u0259 yay\u0131lan v\u0259r\u0259q\u0259l\u0259rd\u0259n bilirl\u0259r. Bundan \u0259lav\u0259, \u201cQad\u0131nlara d\u0259st\u0259k m\u0259rk\u0259zinin qaynar x\u0259ttinin n\u00f6mr\u0259si metro vaqonlar\u0131nda, ya\u015fay\u0131\u015f evl\u0259rinin liftl\u0259rind\u0259 as\u0131l\u0131r.<\/span><\/p>\n<p><span style=\"font-size: 12pt;\">\u201cQad\u0131nlara d\u0259st\u0259k m\u0259rk\u0259zinin \u0259laq\u0259l\u0259ndiricisi Asmik Qevorkyan deyir ki, m\u0259i\u015f\u0259t zorak\u0131l\u0131\u011f\u0131 haqda qanunun olmamas\u0131 s\u0131\u011f\u0131nacaqlar\u0131n i\u015fi \u00fc\u00e7\u00fcn \u0259sas mane\u0259dir. S\u0131\u011f\u0131nacaqlar\u0131n f\u0259aliyy\u0259tinin \u0259n vacib prinsipl\u0259rind\u0259n biri odur ki, he\u00e7 kim onlar\u0131n harada yerl\u0259\u015fdiyini bilm\u0259m\u0259lidir, \u00e7\u00fcnki \u0259rl\u0259r ad\u0259t\u0259n ke\u00e7mi\u015f h\u0259yat yolda\u015flar\u0131 il\u0259 \u201chesab\u0131 \u00e7\u00fcr\u00fctm\u0259k \u00fc\u00e7\u00fcn onlar\u0131 axtar\u0131rlar.<\/span><\/p>\n<p><span style=\"font-size: 12pt;\">\u201cM\u0259kan\u0131n axtar\u0131\u015f\u0131 problemdir, \u00e7\u00fcnki sahibl\u0259r h\u0259mi\u015f\u0259 onlar\u0131n kimin \u00fc\u00e7\u00fcn icar\u0259 olundu\u011funu x\u0259b\u0259r al\u0131rlar, bizs\u0259 bu suala cavab ver\u0259 bilmirik. Sah\u0259 m\u00fcv\u0259kkili g\u0259lib bizim kim oldu\u011fumuzu v\u0259 yerin kim t\u0259r\u0259find\u0259n icar\u0259y\u0259 g\u00f6t\u00fcr\u00fcld\u00fcy\u00fcn\u00fc x\u0259b\u0259r al\u0131r. Bel\u0259 g\u0259rgin bir v\u0259ziyy\u0259td\u0259 n\u0259 q\u0259d\u0259r ya\u015famaq v\u0259 ev sahibl\u0259rini dil\u0259 tutmaq olar! D\u00fc\u015f\u00fcn\u00fcr\u0259m ki, qanun olsa, biz daha rahat i\u015fl\u0259y\u0259rik, \u00e7\u00fcnki d\u00f6vl\u0259t m\u00fcdafi\u0259si olacaq, &#8211; Asmik Qevorkyan deyir.<\/span><\/p>\n<p><span style=\"font-size: 12pt;\">\u201cQad\u0131nlara d\u0259st\u0259k m\u0259rk\u0259zinin s\u0131\u011f\u0131naca\u011f\u0131n\u0131n yeri h\u0259l\u0259 he\u00e7 vaxt a\u015fkar edilm\u0259yib, amma el\u0259 hallar olub ki, sosial i\u015f\u00e7il\u0259r sakinl\u0259rin t\u0259hl\u00fck\u0259sizliyini t\u0259min etm\u0259k \u00fc\u00e7\u00fcn m\u00fcv\u0259qq\u0259ti olaraq onlar\u0131 oradan k\u00f6\u00e7\u00fcrm\u0259li olublar.<\/span><\/p>\n<p><span style=\"font-size: 12pt;\">Bundan \u0259lav\u0259, b\u00fct\u00fcn s\u0131\u011f\u0131naca\u011fa d\u00fc\u015f\u0259n qad\u0131nlar\u0131n z\u0259d\u0259l\u0259ri olur v\u0259 onlar\u0131n tibbi yard\u0131ma ehtiyaclar\u0131 olur. V\u0259 \u201cQad\u0131nlara d\u0259st\u0259k m\u0259rk\u0259zin\u0259 bunun \u00fc\u00e7\u00fcn \u0259lav\u0259 v\u0259sait laz\u0131md\u0131r.<\/span><\/p>\n<p><span style=\"font-size: 12pt;\">\u201cStatistikaya n\u0259z\u0259r yetirs\u0259k, m\u0259rk\u0259z\u0259 \u00fcz tutanlar\u0131n \u0259ks\u0259riyy\u0259tinin burun nahiy\u0259sind\u0259 s\u0131n\u0131qlar\u0131 olur. Onlar\u0131n u\u015faqlar\u0131 yar\u0131ac v\u0259ziyy\u0259td\u0259 olublar, onlar\u0131n ham\u0131s\u0131 a\u011f\u0131r psixoloji durumda olurlar, &#8211; Asmik Qevorkya deyir.<\/span><\/p>\n<p><span style=\"font-size: 12pt;\">\u201cQad\u0131nlara d\u0259st\u0259k m\u0259rk\u0259zi proqramlar\u0131n\u0131n \u0259laq\u0259l\u0259ndiricisi onu da qeyd edir ki, m\u0259i\u015f\u0259t zorak\u0131l\u0131\u011f\u0131na m\u0259ruz qalan qad\u0131nlar\u0131n \u0259ks\u0259riyy\u0259ti ciddi psixoloji travmalardan \u0259ziyy\u0259t \u00e7\u0259kirl\u0259r, amma psixoloq yan\u0131nda m\u00fcalic\u0259 d\u0259 Erm\u0259nistanda normal say\u0131lm\u0131r.<\/span><\/p>\n<p><span style=\"font-size: 12pt;\">\u201cBundan ba\u015fqa, qad\u0131n ruhi dispanserd\u0259 qeydiyyatda olarsa, h\u00fcquqi v\u0259 m\u0259hk\u0259m\u0259 prosesl\u0259rind\u0259 q\u0259rarlar\u0131n q\u0259bul edilm\u0259si zaman\u0131 bu, qad\u0131na qar\u015f\u0131 istifad\u0259 oluna bil\u0259r. M\u00fcst\u0259ntiq dey\u0259 bil\u0259r ki, qad\u0131n h\u0259mi\u015f\u0259kind\u0259n daha asta dan\u0131\u015f\u0131r, amma bu zaman onun ba\u015f\u0131ndan ne\u00e7\u0259 d\u0259n\u0259 z\u0259rb\u0259 almas\u0131 v\u0259 bunun s\u0259b\u0259bl\u0259ri he\u00e7 kimi maraqland\u0131rm\u0131r. H\u0259m d\u0259 t\u0259hsil v\u0259 s\u0259hiyy\u0259 nazirlikl\u0259ri il\u0259 d\u0259 s\u0131x \u0259m\u0259kda\u015fl\u0131\u011fa ehtiyac var ki, bu sah\u0259nin i\u015f\u00e7il\u0259ri daha yax\u015f\u0131 m\u0259lumatland\u0131r\u0131ls\u0131nlar\u00bb, &#8211; Asmik Qevorkyan deyir.<\/span><\/p>\n<p style=\"text-align: center;\"><span style=\"color: #800000;\"><strong><span style=\"font-size: 12pt;\">M\u00fcbariz\u0259 davam edir<\/span><\/strong><\/span><\/p>\n<p><span style=\"font-size: 12pt;\">1,5 il davam ed\u0259n m\u0259hk\u0259m\u0259 prosesind\u0259n sonra n\u0259hay\u0259t ki, \u0259rinin t\u0259zyiqind\u0259n can\u0131n\u0131 qurtaran Asmik Xa\u00e7atryan Erm\u0259nistanda m\u0259i\u015f\u0259t zorak\u0131l\u0131\u011f\u0131na qar\u015f\u0131 m\u00fcbariz\u0259 n\u00fcmun\u0259sin\u0259 \u00e7evrilib. \u00d6t\u0259n il ke\u00e7iril\u0259n insan haqlar\u0131n\u0131n m\u00fcdafi\u0259sin\u0259 h\u0259sr olunan illik m\u00fckafatland\u0131rma m\u0259rasimi zaman\u0131 o, Avropa \u0130ttifaq\u0131n\u0131n \u201cM\u0259rd qad\u0131n m\u00fckafat\u0131na layiq g\u00f6r\u00fcl\u00fcb.<\/span><\/p>\n<p><span style=\"font-size: 12pt;\">Amma onun m\u00fcbariz\u0259si davam edir. Asmik paxlava haz\u0131rlay\u0131r v\u0259 s\u00fcbut etm\u0259kd\u0259 davam edir ki, bo\u015fanm\u0131\u015f qad\u0131n da \u015f\u0259xsi biznesini yaratmaq, u\u015fa\u011f\u0131n\u0131 b\u00f6y\u00fctm\u0259k v\u0259 l\u0259yaq\u0259tl\u0259 ya\u015fama\u011fa qadirdir.<\/span><\/p>\n<div><img decoding=\"async\" src=\"http:\/\/jam-news.net\/Uploads\/Publication\/1722\/ContentImages\/az-Latn-AZ\/Hasmik1.jpg\" \/><\/div>\n<p><span style=\"font-size: 12pt;\">\u201cBazarda bir m\u00fcdd\u0259t b\u0259s etsin dey\u0259, b\u00f6y\u00fck un torbas\u0131 v\u0259 b\u00f6y\u00fck ya\u011f kanistri al\u0131ram. Bir d\u0259f\u0259 bazardan b\u00f6y\u00fck un torbas\u0131 ald\u0131m v\u0259 onu taksiy\u0259 qoyma\u011fa \u00e7al\u0131\u015fd\u0131m, s\u00fcr\u00fcc\u00fc is\u0259 m\u0259n\u0259 dedi: \u201cTorban\u0131 ma\u015f\u0131na aparmayaca\u011fam. S\u0259n\u0259 k\u00f6m\u0259k ed\u0259c\u0259k ki\u015fi yan\u0131nda yoxdur? Dedim ki, torban\u0131 \u00f6z\u00fcm da\u015f\u0131yacam, o is\u0259 cavab verdi ki, ma\u015f\u0131n\u0131 un da\u015f\u0131maq \u00fc\u00e7\u00fcn deyil. Bel\u0259 ba\u015fa d\u00fc\u015fd\u00fcm ki, s\u00fcr\u00fcc\u00fc yan\u0131mda ki\u015fi olmad\u0131\u011f\u0131 \u00fc\u00e7\u00fcn m\u0259n\u0259 k\u00f6m\u0259k etm\u0259k ist\u0259mirdi. T\u0259bii ki, m\u0259n ev\u0259 ba\u015fqa taksi il\u0259 getdim, sat\u0131c\u0131lar da torban\u0131 aparma\u011fa k\u00f6m\u0259k etdil\u0259r, amma m\u0259nim m\u00fcbariz\u0259m h\u0259r g\u00fcn davam edir, &#8211; Asmik deyir.<\/span><\/p>\n<p><span style=\"font-size: 8pt; color: #800000;\"><strong>D\u0259rc edilib: 13.05.2016<\/strong><\/span><\/p>\n","protected":false},"excerpt":{"rendered":"<p>Erm\u0259nistanda m\u0259i\u015f\u0259t zorak\u0131l\u0131\u011f\u0131ndan imtina ilin ax\u0131r\u0131na q\u0259d\u0259r q\u0259bul olunacaq<\/p>\n","protected":false},"author":3,"featured_media":19125,"comment_status":"closed","ping_status":"closed","sticky":false,"template":"","format":"standard","meta":{"_acf_changed":false,"footnotes":""},"categories":[27,2,25,35],"tags":[],"formation":[],"post-author":[3799],"topic":[],"tooltip":[],"city":[],"class_list":["post-3915","post","type-post","status-publish","format-standard","has-post-thumbnail","hentry","category-ermnistan","category-cografiya","category-cmiyyt","category-hekaylr","post-author-ani-hovhannesyan"],"acf":[],"yoast_head":"<!-- This site is optimized with the Yoast SEO plugin v24.1 - https:\/\/yoast.com\/wordpress\/plugins\/seo\/ -->\n<title>Qurban rolundan imtina - JAMnews<\/title>\n<meta name=\"robots\" content=\"index, follow, max-snippet:-1, max-image-preview:large, max-video-preview:-1\" \/>\n<link rel=\"canonical\" href=\"https:\/\/jam-news.net\/az\/qurban-rolundan-imtina\/\" \/>\n<meta property=\"og:locale\" content=\"az_AZ\" \/>\n<meta property=\"og:type\" content=\"article\" \/>\n<meta property=\"og:title\" content=\"Qurban rolundan imtina - JAMnews\" \/>\n<meta property=\"og:description\" content=\"Erm\u0259nistanda m\u0259i\u015f\u0259t zorak\u0131l\u0131\u011f\u0131ndan imtina ilin ax\u0131r\u0131na q\u0259d\u0259r q\u0259bul olunacaq\" \/>\n<meta property=\"og:url\" content=\"https:\/\/jam-news.net\/az\/qurban-rolundan-imtina\/\" \/>\n<meta property=\"og:site_name\" content=\"Azerbaijani Jamnews\" \/>\n<meta property=\"article:publisher\" content=\"https:\/\/www.facebook.com\/JAMnewsInEnglish\/\" \/>\n<meta property=\"article:published_time\" content=\"2016-08-10T20:00:00+00:00\" \/>\n<meta property=\"article:modified_time\" content=\"2021-02-09T07:59:42+00:00\" \/>\n<meta property=\"og:image\" content=\"https:\/\/jam-news.net\/app\/uploads\/2020\/03\/Original_police_edit-3.jpg\" \/>\n\t<meta property=\"og:image:width\" content=\"1000\" \/>\n\t<meta property=\"og:image:height\" content=\"667\" \/>\n\t<meta property=\"og:image:type\" content=\"image\/jpeg\" \/>\n<meta name=\"author\" content=\"JAMnews\" \/>\n<meta name=\"twitter:card\" content=\"summary_large_image\" \/>\n<meta name=\"twitter:creator\" content=\"@JAMnewsCaucasus\" \/>\n<meta name=\"twitter:site\" content=\"@JAMnewsCaucasus\" \/>\n<meta name=\"twitter:label1\" content=\"Written by\" \/>\n\t<meta name=\"twitter:data1\" content=\"JAMnews\" \/>\n\t<meta name=\"twitter:label2\" content=\"Est. reading time\" \/>\n\t<meta name=\"twitter:data2\" content=\"14 minutes\" \/>\n<script type=\"application\/ld+json\" class=\"yoast-schema-graph\">{\"@context\":\"https:\/\/schema.org\",\"@graph\":[{\"@type\":\"Article\",\"@id\":\"https:\/\/jam-news.net\/az\/qurban-rolundan-imtina\/#article\",\"isPartOf\":{\"@id\":\"https:\/\/jam-news.net\/az\/qurban-rolundan-imtina\/\"},\"author\":{\"name\":\"JAMnews\",\"@id\":\"https:\/\/jam-news.net\/az\/#\/schema\/person\/67df3bb7adb46cd513fb9c4cb02361c6\"},\"headline\":\"Qurban rolundan imtina\",\"datePublished\":\"2016-08-10T20:00:00+00:00\",\"dateModified\":\"2021-02-09T07:59:42+00:00\",\"mainEntityOfPage\":{\"@id\":\"https:\/\/jam-news.net\/az\/qurban-rolundan-imtina\/\"},\"wordCount\":2890,\"publisher\":{\"@id\":\"https:\/\/jam-news.net\/az\/#organization\"},\"image\":{\"@id\":\"https:\/\/jam-news.net\/az\/qurban-rolundan-imtina\/#primaryimage\"},\"thumbnailUrl\":\"https:\/\/jam-news.net\/app\/uploads\/2020\/03\/Original_police_edit-3.jpg\",\"articleSection\":[\"Armenia\",\"Geography\",\"Issues\",\"Stories\"],\"inLanguage\":\"az\"},{\"@type\":\"WebPage\",\"@id\":\"https:\/\/jam-news.net\/az\/qurban-rolundan-imtina\/\",\"url\":\"https:\/\/jam-news.net\/az\/qurban-rolundan-imtina\/\",\"name\":\"Qurban rolundan imtina - JAMnews\",\"isPartOf\":{\"@id\":\"https:\/\/jam-news.net\/az\/#website\"},\"primaryImageOfPage\":{\"@id\":\"https:\/\/jam-news.net\/az\/qurban-rolundan-imtina\/#primaryimage\"},\"image\":{\"@id\":\"https:\/\/jam-news.net\/az\/qurban-rolundan-imtina\/#primaryimage\"},\"thumbnailUrl\":\"https:\/\/jam-news.net\/app\/uploads\/2020\/03\/Original_police_edit-3.jpg\",\"datePublished\":\"2016-08-10T20:00:00+00:00\",\"dateModified\":\"2021-02-09T07:59:42+00:00\",\"breadcrumb\":{\"@id\":\"https:\/\/jam-news.net\/az\/qurban-rolundan-imtina\/#breadcrumb\"},\"inLanguage\":\"az\",\"potentialAction\":[{\"@type\":\"ReadAction\",\"target\":[\"https:\/\/jam-news.net\/az\/qurban-rolundan-imtina\/\"]}]},{\"@type\":\"ImageObject\",\"inLanguage\":\"az\",\"@id\":\"https:\/\/jam-news.net\/az\/qurban-rolundan-imtina\/#primaryimage\",\"url\":\"https:\/\/jam-news.net\/app\/uploads\/2020\/03\/Original_police_edit-3.jpg\",\"contentUrl\":\"https:\/\/jam-news.net\/app\/uploads\/2020\/03\/Original_police_edit-3.jpg\",\"width\":1000,\"height\":667},{\"@type\":\"BreadcrumbList\",\"@id\":\"https:\/\/jam-news.net\/az\/qurban-rolundan-imtina\/#breadcrumb\",\"itemListElement\":[{\"@type\":\"ListItem\",\"position\":1,\"name\":\"Home\",\"item\":\"https:\/\/jam-news.net\/az\/\"},{\"@type\":\"ListItem\",\"position\":2,\"name\":\"Qurban rolundan imtina\"}]},{\"@type\":\"WebSite\",\"@id\":\"https:\/\/jam-news.net\/az\/#website\",\"url\":\"https:\/\/jam-news.net\/az\/\",\"name\":\"Azerbaijani Jamnews\",\"description\":\"Caucasus News, Politics and Society\",\"publisher\":{\"@id\":\"https:\/\/jam-news.net\/az\/#organization\"},\"potentialAction\":[{\"@type\":\"SearchAction\",\"target\":{\"@type\":\"EntryPoint\",\"urlTemplate\":\"https:\/\/jam-news.net\/az\/?s={search_term_string}\"},\"query-input\":{\"@type\":\"PropertyValueSpecification\",\"valueRequired\":true,\"valueName\":\"search_term_string\"}}],\"inLanguage\":\"az\"},{\"@type\":\"Organization\",\"@id\":\"https:\/\/jam-news.net\/az\/#organization\",\"name\":\"JAMnews\",\"url\":\"https:\/\/jam-news.net\/az\/\",\"logo\":{\"@type\":\"ImageObject\",\"inLanguage\":\"az\",\"@id\":\"https:\/\/jam-news.net\/az\/#\/schema\/logo\/image\/\",\"url\":\"https:\/\/jam-news.net\/app\/uploads\/2020\/05\/JAM_w.jpg\",\"contentUrl\":\"https:\/\/jam-news.net\/app\/uploads\/2020\/05\/JAM_w.jpg\",\"width\":960,\"height\":960,\"caption\":\"JAMnews\"},\"image\":{\"@id\":\"https:\/\/jam-news.net\/az\/#\/schema\/logo\/image\/\"},\"sameAs\":[\"https:\/\/www.facebook.com\/JAMnewsInEnglish\/\",\"https:\/\/x.com\/JAMnewsCaucasus\",\"https:\/\/www.instagram.com\/jam_news\/\",\"https:\/\/www.youtube.com\/channel\/UCXQbUCme2pykuZYXWHx4VPg\"]},{\"@type\":\"Person\",\"@id\":\"https:\/\/jam-news.net\/az\/#\/schema\/person\/67df3bb7adb46cd513fb9c4cb02361c6\",\"name\":\"JAMnews\",\"image\":{\"@type\":\"ImageObject\",\"inLanguage\":\"az\",\"@id\":\"https:\/\/jam-news.net\/az\/#\/schema\/person\/image\/\",\"url\":\"https:\/\/secure.gravatar.com\/avatar\/e5c27593ef900c3ab3deed4ed1c653d7?s=96&d=mm&r=g\",\"contentUrl\":\"https:\/\/secure.gravatar.com\/avatar\/e5c27593ef900c3ab3deed4ed1c653d7?s=96&d=mm&r=g\",\"caption\":\"JAMnews\"},\"url\":\"https:\/\/jam-news.net\/az\/author\/margarita\/\"}]}<\/script>\n<!-- \/ Yoast SEO plugin. -->","yoast_head_json":{"title":"Qurban rolundan imtina - JAMnews","robots":{"index":"index","follow":"follow","max-snippet":"max-snippet:-1","max-image-preview":"max-image-preview:large","max-video-preview":"max-video-preview:-1"},"canonical":"https:\/\/jam-news.net\/az\/qurban-rolundan-imtina\/","og_locale":"az_AZ","og_type":"article","og_title":"Qurban rolundan imtina - JAMnews","og_description":"Erm\u0259nistanda m\u0259i\u015f\u0259t zorak\u0131l\u0131\u011f\u0131ndan imtina ilin ax\u0131r\u0131na q\u0259d\u0259r q\u0259bul olunacaq","og_url":"https:\/\/jam-news.net\/az\/qurban-rolundan-imtina\/","og_site_name":"Azerbaijani Jamnews","article_publisher":"https:\/\/www.facebook.com\/JAMnewsInEnglish\/","article_published_time":"2016-08-10T20:00:00+00:00","article_modified_time":"2021-02-09T07:59:42+00:00","og_image":[{"width":1000,"height":667,"url":"https:\/\/jam-news.net\/app\/uploads\/2020\/03\/Original_police_edit-3.jpg","type":"image\/jpeg"}],"author":"JAMnews","twitter_card":"summary_large_image","twitter_creator":"@JAMnewsCaucasus","twitter_site":"@JAMnewsCaucasus","twitter_misc":{"Written by":"JAMnews","Est. reading time":"14 minutes"},"schema":{"@context":"https:\/\/schema.org","@graph":[{"@type":"Article","@id":"https:\/\/jam-news.net\/az\/qurban-rolundan-imtina\/#article","isPartOf":{"@id":"https:\/\/jam-news.net\/az\/qurban-rolundan-imtina\/"},"author":{"name":"JAMnews","@id":"https:\/\/jam-news.net\/az\/#\/schema\/person\/67df3bb7adb46cd513fb9c4cb02361c6"},"headline":"Qurban rolundan imtina","datePublished":"2016-08-10T20:00:00+00:00","dateModified":"2021-02-09T07:59:42+00:00","mainEntityOfPage":{"@id":"https:\/\/jam-news.net\/az\/qurban-rolundan-imtina\/"},"wordCount":2890,"publisher":{"@id":"https:\/\/jam-news.net\/az\/#organization"},"image":{"@id":"https:\/\/jam-news.net\/az\/qurban-rolundan-imtina\/#primaryimage"},"thumbnailUrl":"https:\/\/jam-news.net\/app\/uploads\/2020\/03\/Original_police_edit-3.jpg","articleSection":["Armenia","Geography","Issues","Stories"],"inLanguage":"az"},{"@type":"WebPage","@id":"https:\/\/jam-news.net\/az\/qurban-rolundan-imtina\/","url":"https:\/\/jam-news.net\/az\/qurban-rolundan-imtina\/","name":"Qurban rolundan imtina - JAMnews","isPartOf":{"@id":"https:\/\/jam-news.net\/az\/#website"},"primaryImageOfPage":{"@id":"https:\/\/jam-news.net\/az\/qurban-rolundan-imtina\/#primaryimage"},"image":{"@id":"https:\/\/jam-news.net\/az\/qurban-rolundan-imtina\/#primaryimage"},"thumbnailUrl":"https:\/\/jam-news.net\/app\/uploads\/2020\/03\/Original_police_edit-3.jpg","datePublished":"2016-08-10T20:00:00+00:00","dateModified":"2021-02-09T07:59:42+00:00","breadcrumb":{"@id":"https:\/\/jam-news.net\/az\/qurban-rolundan-imtina\/#breadcrumb"},"inLanguage":"az","potentialAction":[{"@type":"ReadAction","target":["https:\/\/jam-news.net\/az\/qurban-rolundan-imtina\/"]}]},{"@type":"ImageObject","inLanguage":"az","@id":"https:\/\/jam-news.net\/az\/qurban-rolundan-imtina\/#primaryimage","url":"https:\/\/jam-news.net\/app\/uploads\/2020\/03\/Original_police_edit-3.jpg","contentUrl":"https:\/\/jam-news.net\/app\/uploads\/2020\/03\/Original_police_edit-3.jpg","width":1000,"height":667},{"@type":"BreadcrumbList","@id":"https:\/\/jam-news.net\/az\/qurban-rolundan-imtina\/#breadcrumb","itemListElement":[{"@type":"ListItem","position":1,"name":"Home","item":"https:\/\/jam-news.net\/az\/"},{"@type":"ListItem","position":2,"name":"Qurban rolundan imtina"}]},{"@type":"WebSite","@id":"https:\/\/jam-news.net\/az\/#website","url":"https:\/\/jam-news.net\/az\/","name":"Azerbaijani Jamnews","description":"Caucasus News, Politics and Society","publisher":{"@id":"https:\/\/jam-news.net\/az\/#organization"},"potentialAction":[{"@type":"SearchAction","target":{"@type":"EntryPoint","urlTemplate":"https:\/\/jam-news.net\/az\/?s={search_term_string}"},"query-input":{"@type":"PropertyValueSpecification","valueRequired":true,"valueName":"search_term_string"}}],"inLanguage":"az"},{"@type":"Organization","@id":"https:\/\/jam-news.net\/az\/#organization","name":"JAMnews","url":"https:\/\/jam-news.net\/az\/","logo":{"@type":"ImageObject","inLanguage":"az","@id":"https:\/\/jam-news.net\/az\/#\/schema\/logo\/image\/","url":"https:\/\/jam-news.net\/app\/uploads\/2020\/05\/JAM_w.jpg","contentUrl":"https:\/\/jam-news.net\/app\/uploads\/2020\/05\/JAM_w.jpg","width":960,"height":960,"caption":"JAMnews"},"image":{"@id":"https:\/\/jam-news.net\/az\/#\/schema\/logo\/image\/"},"sameAs":["https:\/\/www.facebook.com\/JAMnewsInEnglish\/","https:\/\/x.com\/JAMnewsCaucasus","https:\/\/www.instagram.com\/jam_news\/","https:\/\/www.youtube.com\/channel\/UCXQbUCme2pykuZYXWHx4VPg"]},{"@type":"Person","@id":"https:\/\/jam-news.net\/az\/#\/schema\/person\/67df3bb7adb46cd513fb9c4cb02361c6","name":"JAMnews","image":{"@type":"ImageObject","inLanguage":"az","@id":"https:\/\/jam-news.net\/az\/#\/schema\/person\/image\/","url":"https:\/\/secure.gravatar.com\/avatar\/e5c27593ef900c3ab3deed4ed1c653d7?s=96&d=mm&r=g","contentUrl":"https:\/\/secure.gravatar.com\/avatar\/e5c27593ef900c3ab3deed4ed1c653d7?s=96&d=mm&r=g","caption":"JAMnews"},"url":"https:\/\/jam-news.net\/az\/author\/margarita\/"}]}},"_links":{"self":[{"href":"https:\/\/jam-news.net\/az\/wp-json\/wp\/v2\/posts\/3915","targetHints":{"allow":["GET"]}}],"collection":[{"href":"https:\/\/jam-news.net\/az\/wp-json\/wp\/v2\/posts"}],"about":[{"href":"https:\/\/jam-news.net\/az\/wp-json\/wp\/v2\/types\/post"}],"author":[{"embeddable":true,"href":"https:\/\/jam-news.net\/az\/wp-json\/wp\/v2\/users\/3"}],"replies":[{"embeddable":true,"href":"https:\/\/jam-news.net\/az\/wp-json\/wp\/v2\/comments?post=3915"}],"version-history":[{"count":1,"href":"https:\/\/jam-news.net\/az\/wp-json\/wp\/v2\/posts\/3915\/revisions"}],"predecessor-version":[{"id":16166,"href":"https:\/\/jam-news.net\/az\/wp-json\/wp\/v2\/posts\/3915\/revisions\/16166"}],"wp:featuredmedia":[{"embeddable":true,"href":"https:\/\/jam-news.net\/az\/wp-json\/wp\/v2\/media\/19125"}],"wp:attachment":[{"href":"https:\/\/jam-news.net\/az\/wp-json\/wp\/v2\/media?parent=3915"}],"wp:term":[{"taxonomy":"category","embeddable":true,"href":"https:\/\/jam-news.net\/az\/wp-json\/wp\/v2\/categories?post=3915"},{"taxonomy":"post_tag","embeddable":true,"href":"https:\/\/jam-news.net\/az\/wp-json\/wp\/v2\/tags?post=3915"},{"taxonomy":"formation","embeddable":true,"href":"https:\/\/jam-news.net\/az\/wp-json\/wp\/v2\/formation?post=3915"},{"taxonomy":"post-author","embeddable":true,"href":"https:\/\/jam-news.net\/az\/wp-json\/wp\/v2\/post-author?post=3915"},{"taxonomy":"topic","embeddable":true,"href":"https:\/\/jam-news.net\/az\/wp-json\/wp\/v2\/topic?post=3915"},{"taxonomy":"tooltip","embeddable":true,"href":"https:\/\/jam-news.net\/az\/wp-json\/wp\/v2\/tooltip?post=3915"},{"taxonomy":"city","embeddable":true,"href":"https:\/\/jam-news.net\/az\/wp-json\/wp\/v2\/city?post=3915"}],"curies":[{"name":"wp","href":"https:\/\/api.w.org\/{rel}","templated":true}]}}