{"id":39107,"date":"2020-11-18T17:32:35","date_gmt":"2020-11-18T13:32:35","guid":{"rendered":"http:\/\/jam-news.net\/az\/?p=39107"},"modified":"2022-01-18T00:32:05","modified_gmt":"2022-01-17T20:32:05","slug":"putin-qarabag-sulhm%c9%99ramlilar-az%c9%99rbaycan-natiq-c%c9%99f%c9%99rli-s%c9%99rh","status":"publish","type":"post","link":"https:\/\/jam-news.net\/az\/putin-qarabag-sulhm%c9%99ramlilar-az%c9%99rbaycan-natiq-c%c9%99f%c9%99rli-s%c9%99rh\/","title":{"rendered":"\u201cStatus s\u00f6hb\u0259ti ed\u0259c\u0259kl\u0259rs\u0259, Rusiya s\u00fclhm\u0259raml\u0131lar\u0131 m\u00fcnaqi\u015f\u0259 zonas\u0131ndan \u00e7\u0131xmal\u0131d\u0131r\u201d \u2013 Bak\u0131dan \u015f\u0259rh"},"content":{"rendered":"\n<p>Rusiya prezidenti Vladimir Putin m\u0259tbuat\u0131n suallar\u0131na cavab ver\u0259rk\u0259n Da\u011fl\u0131q Qaraba\u011fda h\u0259rbi \u0259m\u0259liyyatlar zaman\u0131 Az\u0259rbaycan v\u0259 Erm\u0259nistan liderl\u0259ri il\u0259 apar\u0131lan dan\u0131\u015f\u0131qlar haqda dan\u0131\u015f\u0131b v\u0259 qeyd edib ki, m\u00fcnaqi\u015f\u0259 zonas\u0131n\u0131n statusu g\u0259l\u0259c\u0259yin m\u0259s\u0259l\u0259sidir. Rusiya liderinin s\u00f6zl\u0259ri Az\u0259rbaycan\u0131n siyasi \u00e7evr\u0259l\u0259rind\u0259 birm\u0259nal\u0131 qar\u015f\u0131lanmay\u0131b.<\/p>\n\n\n\n<hr class=\"wp-block-separator is-style-wide\"\/>\n\n\n\n<ul class=\"wp-block-list\"><li><strong><a href=\"https:\/\/jam-news.net\/az\/putin-dagliq-qarabag-az%c9%99rbaycan-erm%c9%99nistan-muharib%c9%99-musahib%c9%99-x%c9%99b%c9%99rl%c9%99r\/\" target=\"_blank\" rel=\"noreferrer noopener\">Putin: \u201c\u018fg\u0259r Erm\u0259nistan Qaraba\u011f \u00fczr\u0259 raz\u0131la\u015fmadan imtina ed\u0259rs\u0259, bu, intihar olar\u201d<\/a><\/strong><\/li><li><strong><a href=\"https:\/\/jam-news.net\/az\/ilham%c9%99liyev-fuzuli-c%c9%99brayil-dagliq-qarabag-status-yeni-yol-az%c9%99rbaycan-x%c9%99b%c9%99rl%c9%99r\/\" target=\"_blank\" rel=\"noreferrer noopener\">\u201cHe\u00e7 bir status haqda s\u00f6hb\u0259t ged\u0259 bilm\u0259z\u201d \u2013 \u0130lham \u018fliyev<\/a><\/strong><\/li><\/ul>\n\n\n\n<hr class=\"wp-block-separator is-style-wide\"\/>\n\n\n\n<p>\u201cPutinin dedikl\u0259rind\u0259n \u0259n vac piib m\u0259qamlar:<\/p>\n\n\n\n<p>1. \u015eu\u015fa s\u00f6hb\u0259ti masada he\u00e7 vaxt olmay\u0131b, Ordumuz Ali Ba\u015f Komandan\u0131n \u0259mrini v\u0259 xalq\u0131m\u0131z\u0131n \u015eu\u015fa arzusunu b\u00fct\u00fcn mane\u0259l\u0259r\u0259 r\u0259\u011fm\u0259n can\u0131-qan\u0131 hesab\u0131na h\u0259yata ke\u00e7irib, i\u015f\u011fala son qoyub;<\/p>\n\n\n\n<p>2. Putin m\u00fcnaqi\u015f\u0259n\u0131n ba\u015flamas\u0131 haqda ya m\u0259lumatl\u0131 deyil (buna inanm\u0131ram), ya da q\u0259sd\u0259n t\u0259hrif edir &#8211; Sumqay\u0131t s\u0259b\u0259b deyildi, n\u0259tic\u0259 idi, \u00f6z\u00fc d\u0259 &#8220;KQB&#8221;-n\u0131n yaratd\u0131\u011f\u0131 n\u0259tic\u0259;<\/p>\n\n\n\n<p>3. S\u00f6z\u00fcnd\u0259n bel\u0259 \u00e7\u0131xd\u0131 ki, Erm\u0259nistan Qaraba\u011f\u0131 tan\u0131y\u0131b \u00f6z\u00fcn\u0259 qatsa idi, Rusiya Az\u0259rbaycana qar\u015f\u0131 qo\u015fun \u00e7\u0259k\u0259 bil\u0259rmi\u015f;<\/p>\n\n\n\n<p>4. Pa\u015finyan\u0131 \u00e7ox t\u0259rifl\u0259di, \u00e7ox g\u00fcman, onu m\u00fcv\u0259qq\u0259ti saxlay\u0131b, sazi\u015fi yerin\u0259 yetirm\u0259k \u00fc\u00e7\u00fcn;<\/p>\n\n\n\n<p>5. Erm\u0259nistana daha yax\u0131n v\u0259 isti mesajlar verdi &#8211; orada c\u0259miyy\u0259ti itirdiyinin f\u0259rqind\u0259dir;<\/p>\n\n\n\n<p>6. Az\u0259rbaycana da b\u0259zi pozitiv mesajlar verdi &#8211; m\u00fcharib\u0259ni \u00f6z suveren \u0259razimizd\u0259 apard\u0131\u011f\u0131m\u0131z\u0131 t\u0259sbit etdi;<\/p>\n\n\n\n<p>7. Abxaziya v\u0259 Osetiya misal\u0131 x\u0259b\u0259rdarl\u0131q idi: Biz\u0259 dedi ki, onlara at\u0259\u015f a\u00e7saz, Qaraba\u011f\u0131 tan\u0131yar\u0131q, Erm\u0259nistana dedi ki, s\u00f6z\u00fcm\u00fcz\u0259 baxmasaz, Qaraba\u011f\u0131 bird\u0259f\u0259lik unudun;<\/p>\n\n\n\n<p>8. V\u0259 \u0259n vacibi: Dediyind\u0259n bel\u0259 \u00e7\u0131xd\u0131 ki, h\u0259l\u0259 statusla ba\u011fl\u0131 ba\u015f\u0131m\u0131z \u00e7ox a\u011fr\u0131yacaq, status m\u0259s\u0259l\u0259sini masaya da\u015f\u0131yacaqlar v\u0259 bunu da Minsk Qrupu \u00e7\u0259r\u00e7iv\u0259sind\u0259 ed\u0259c\u0259kl\u0259r.<\/p>\n\n\n\n<p>\u018fg\u0259r bel\u0259dirs\u0259, \u0259g\u0259r Minsk Qrupu masaya d\u00f6n\u00fcb bu g\u00fcn \u018fsg\u0259rimizin yaratd\u0131\u011f\u0131 yeni, biz\u0259 daha \u00fcst\u00fcnl\u00fck ver\u0259n reall\u0131qla &#8220;status&#8221; s\u00f6hb\u0259tin\u0259 ba\u015flayacaqsa, o zaman MQ-nun ba\u015fqa kriterl\u0259ri d\u0259 g\u00fcnd\u0259m\u0259 g\u0259lm\u0259lidir: H\u0259ms\u0259dr \u00f6lk\u0259l\u0259rin ordusu s\u00fclhm\u0259raml\u0131 ola bilm\u0259z!<\/p>\n\n\n\n<p>H\u0259tta qon\u015fu \u00f6lk\u0259l\u0259rin \u0259sg\u0259rl\u0259ri d\u0259 bu missiyada yer almamal\u0131d\u0131r &#8211; Rusiya h\u0259r 2 kriteri il\u0259 s\u00fclhm\u0259raml\u0131 roluna iddia ed\u0259 bilm\u0259z. \u018fg\u0259r status s\u00f6hb\u0259ti ed\u0259c\u0259kl\u0259rs\u0259, Rusiya s\u00fclhm\u0259raml\u0131lar\u0131 \u00e7\u0131xmal\u0131d\u0131 &#8211; yox \u0259g\u0259r qal\u0131rsa, status s\u00f6hb\u0259ti ba\u011flanmal\u0131d\u0131r!\u201d \u2013 Az\u0259rbaycan\u0131n m\u00fcxalif Respublika\u00e7\u0131 Alternativ Partiyas\u0131n\u0131n liderl\u0259rind\u0259n biri Natiq C\u0259f\u0259rli Facebook s\u0259hif\u0259sind\u0259 yaz\u0131b.<\/p>\n","protected":false},"excerpt":{"rendered":"<p>Rusiya prezidenti Vladimir Putinin Qaraba\u011f m\u00fcnaqi\u015f\u0259si haqda s\u00f6zl\u0259ri Az\u0259rbaycan\u0131n siyasi \u00e7evr\u0259l\u0259rind\u0259 birm\u0259nal\u0131 qar\u015f\u0131lanmay\u0131b<\/p>\n","protected":false},"author":3,"featured_media":39102,"comment_status":"closed","ping_status":"closed","sticky":false,"template":"","format":"standard","meta":{"_acf_changed":false,"footnotes":""},"categories":[27,17,9,50,5,4],"tags":[],"formation":[],"post-author":[2888],"topic":[5213],"tooltip":[],"city":[6041],"class_list":["post-39107","post","type-post","status-publish","format-standard","has-post-thumbnail","hentry","category-ermnistan","category-azrbaycan","category-munaqislr","category-xbrlr","category-siyast","category-rusiya","post-author-jamnews","topic-qarabagda-hrbi-mliyyatlar-2020","city-baki"],"acf":[],"yoast_head":"<!-- This site is optimized with the Yoast SEO plugin v24.1 - https:\/\/yoast.com\/wordpress\/plugins\/seo\/ -->\n<title>\u201cStatus s\u00f6hb\u0259ti ed\u0259c\u0259kl\u0259rs\u0259, Rusiya s\u00fclhm\u0259raml\u0131lar\u0131 m\u00fcnaqi\u015f\u0259 zonas\u0131ndan \u00e7\u0131xmal\u0131d\u0131r\u201d \u2013 Bak\u0131dan \u015f\u0259rh - JAMnews<\/title>\n<meta name=\"description\" content=\"Rusiya prezidenti Vladimir Putinin Qaraba\u011f m\u00fcnaqi\u015f\u0259si haqda s\u00f6zl\u0259ri Az\u0259rbaycan\u0131n siyasi \u00e7evr\u0259l\u0259rind\u0259 birm\u0259nal\u0131 qar\u015f\u0131lanmay\u0131b\" \/>\n<meta name=\"robots\" content=\"index, follow, max-snippet:-1, max-image-preview:large, max-video-preview:-1\" \/>\n<link rel=\"canonical\" href=\"https:\/\/jam-news.net\/az\/putin-qarabag-sulhm\u0259ramlilar-az\u0259rbaycan-natiq-c\u0259f\u0259rli-s\u0259rh\/\" \/>\n<meta property=\"og:locale\" content=\"az_AZ\" \/>\n<meta property=\"og:type\" content=\"article\" \/>\n<meta property=\"og:title\" content=\"\u201cStatus s\u00f6hb\u0259ti ed\u0259c\u0259kl\u0259rs\u0259, Rusiya s\u00fclhm\u0259raml\u0131lar\u0131 m\u00fcnaqi\u015f\u0259 zonas\u0131ndan \u00e7\u0131xmal\u0131d\u0131r\u201d \u2013 Bak\u0131dan \u015f\u0259rh - JAMnews\" \/>\n<meta property=\"og:description\" content=\"Rusiya prezidenti Vladimir Putinin Qaraba\u011f m\u00fcnaqi\u015f\u0259si haqda s\u00f6zl\u0259ri Az\u0259rbaycan\u0131n siyasi \u00e7evr\u0259l\u0259rind\u0259 birm\u0259nal\u0131 qar\u015f\u0131lanmay\u0131b\" \/>\n<meta property=\"og:url\" content=\"https:\/\/jam-news.net\/az\/putin-qarabag-sulhm\u0259ramlilar-az\u0259rbaycan-natiq-c\u0259f\u0259rli-s\u0259rh\/\" \/>\n<meta property=\"og:site_name\" content=\"Azerbaijani Jamnews\" \/>\n<meta property=\"article:publisher\" content=\"https:\/\/www.facebook.com\/JAMnewsInEnglish\/\" \/>\n<meta property=\"article:published_time\" content=\"2020-11-18T13:32:35+00:00\" \/>\n<meta property=\"article:modified_time\" content=\"2022-01-17T20:32:05+00:00\" \/>\n<meta property=\"og:image\" content=\"https:\/\/jam-news.net\/app\/uploads\/2020\/11\/upload-RIAN_6381238.HR-pic4_zoom-1500x1500-30504.jpg\" \/>\n\t<meta property=\"og:image:width\" content=\"1000\" \/>\n\t<meta property=\"og:image:height\" content=\"562\" \/>\n\t<meta property=\"og:image:type\" content=\"image\/jpeg\" \/>\n<meta name=\"author\" content=\"JAMnews\" \/>\n<meta name=\"twitter:card\" content=\"summary_large_image\" \/>\n<meta name=\"twitter:creator\" content=\"@JAMnewsCaucasus\" \/>\n<meta name=\"twitter:site\" content=\"@JAMnewsCaucasus\" \/>\n<meta name=\"twitter:label1\" content=\"Written by\" \/>\n\t<meta name=\"twitter:data1\" content=\"JAMnews\" \/>\n\t<meta name=\"twitter:label2\" content=\"Est. reading time\" \/>\n\t<meta name=\"twitter:data2\" content=\"3 minutes\" \/>\n<script type=\"application\/ld+json\" class=\"yoast-schema-graph\">{\"@context\":\"https:\/\/schema.org\",\"@graph\":[{\"@type\":\"Article\",\"@id\":\"https:\/\/jam-news.net\/az\/putin-qarabag-sulhm%c9%99ramlilar-az%c9%99rbaycan-natiq-c%c9%99f%c9%99rli-s%c9%99rh\/#article\",\"isPartOf\":{\"@id\":\"https:\/\/jam-news.net\/az\/putin-qarabag-sulhm%c9%99ramlilar-az%c9%99rbaycan-natiq-c%c9%99f%c9%99rli-s%c9%99rh\/\"},\"author\":{\"name\":\"JAMnews\",\"@id\":\"https:\/\/jam-news.net\/az\/#\/schema\/person\/67df3bb7adb46cd513fb9c4cb02361c6\"},\"headline\":\"\u201cStatus s\u00f6hb\u0259ti ed\u0259c\u0259kl\u0259rs\u0259, Rusiya s\u00fclhm\u0259raml\u0131lar\u0131 m\u00fcnaqi\u015f\u0259 zonas\u0131ndan \u00e7\u0131xmal\u0131d\u0131r\u201d \u2013 Bak\u0131dan \u015f\u0259rh\",\"datePublished\":\"2020-11-18T13:32:35+00:00\",\"dateModified\":\"2022-01-17T20:32:05+00:00\",\"mainEntityOfPage\":{\"@id\":\"https:\/\/jam-news.net\/az\/putin-qarabag-sulhm%c9%99ramlilar-az%c9%99rbaycan-natiq-c%c9%99f%c9%99rli-s%c9%99rh\/\"},\"wordCount\":527,\"publisher\":{\"@id\":\"https:\/\/jam-news.net\/az\/#organization\"},\"image\":{\"@id\":\"https:\/\/jam-news.net\/az\/putin-qarabag-sulhm%c9%99ramlilar-az%c9%99rbaycan-natiq-c%c9%99f%c9%99rli-s%c9%99rh\/#primaryimage\"},\"thumbnailUrl\":\"https:\/\/jam-news.net\/app\/uploads\/2020\/11\/upload-RIAN_6381238.HR-pic4_zoom-1500x1500-30504.jpg\",\"articleSection\":[\"Armenia\",\"Azerbaijan\",\"Conflicts\",\"News\",\"Politics\",\"Russia\"],\"inLanguage\":\"az\"},{\"@type\":\"WebPage\",\"@id\":\"https:\/\/jam-news.net\/az\/putin-qarabag-sulhm%c9%99ramlilar-az%c9%99rbaycan-natiq-c%c9%99f%c9%99rli-s%c9%99rh\/\",\"url\":\"https:\/\/jam-news.net\/az\/putin-qarabag-sulhm%c9%99ramlilar-az%c9%99rbaycan-natiq-c%c9%99f%c9%99rli-s%c9%99rh\/\",\"name\":\"\u201cStatus s\u00f6hb\u0259ti ed\u0259c\u0259kl\u0259rs\u0259, Rusiya s\u00fclhm\u0259raml\u0131lar\u0131 m\u00fcnaqi\u015f\u0259 zonas\u0131ndan \u00e7\u0131xmal\u0131d\u0131r\u201d \u2013 Bak\u0131dan \u015f\u0259rh - JAMnews\",\"isPartOf\":{\"@id\":\"https:\/\/jam-news.net\/az\/#website\"},\"primaryImageOfPage\":{\"@id\":\"https:\/\/jam-news.net\/az\/putin-qarabag-sulhm%c9%99ramlilar-az%c9%99rbaycan-natiq-c%c9%99f%c9%99rli-s%c9%99rh\/#primaryimage\"},\"image\":{\"@id\":\"https:\/\/jam-news.net\/az\/putin-qarabag-sulhm%c9%99ramlilar-az%c9%99rbaycan-natiq-c%c9%99f%c9%99rli-s%c9%99rh\/#primaryimage\"},\"thumbnailUrl\":\"https:\/\/jam-news.net\/app\/uploads\/2020\/11\/upload-RIAN_6381238.HR-pic4_zoom-1500x1500-30504.jpg\",\"datePublished\":\"2020-11-18T13:32:35+00:00\",\"dateModified\":\"2022-01-17T20:32:05+00:00\",\"description\":\"Rusiya prezidenti Vladimir Putinin Qaraba\u011f m\u00fcnaqi\u015f\u0259si haqda s\u00f6zl\u0259ri Az\u0259rbaycan\u0131n siyasi \u00e7evr\u0259l\u0259rind\u0259 birm\u0259nal\u0131 qar\u015f\u0131lanmay\u0131b\",\"breadcrumb\":{\"@id\":\"https:\/\/jam-news.net\/az\/putin-qarabag-sulhm%c9%99ramlilar-az%c9%99rbaycan-natiq-c%c9%99f%c9%99rli-s%c9%99rh\/#breadcrumb\"},\"inLanguage\":\"az\",\"potentialAction\":[{\"@type\":\"ReadAction\",\"target\":[\"https:\/\/jam-news.net\/az\/putin-qarabag-sulhm%c9%99ramlilar-az%c9%99rbaycan-natiq-c%c9%99f%c9%99rli-s%c9%99rh\/\"]}]},{\"@type\":\"ImageObject\",\"inLanguage\":\"az\",\"@id\":\"https:\/\/jam-news.net\/az\/putin-qarabag-sulhm%c9%99ramlilar-az%c9%99rbaycan-natiq-c%c9%99f%c9%99rli-s%c9%99rh\/#primaryimage\",\"url\":\"https:\/\/jam-news.net\/app\/uploads\/2020\/11\/upload-RIAN_6381238.HR-pic4_zoom-1500x1500-30504.jpg\",\"contentUrl\":\"https:\/\/jam-news.net\/app\/uploads\/2020\/11\/upload-RIAN_6381238.HR-pic4_zoom-1500x1500-30504.jpg\",\"width\":1000,\"height\":562},{\"@type\":\"BreadcrumbList\",\"@id\":\"https:\/\/jam-news.net\/az\/putin-qarabag-sulhm%c9%99ramlilar-az%c9%99rbaycan-natiq-c%c9%99f%c9%99rli-s%c9%99rh\/#breadcrumb\",\"itemListElement\":[{\"@type\":\"ListItem\",\"position\":1,\"name\":\"Home\",\"item\":\"https:\/\/jam-news.net\/az\/\"},{\"@type\":\"ListItem\",\"position\":2,\"name\":\"\u201cStatus s\u00f6hb\u0259ti ed\u0259c\u0259kl\u0259rs\u0259, Rusiya s\u00fclhm\u0259raml\u0131lar\u0131 m\u00fcnaqi\u015f\u0259 zonas\u0131ndan \u00e7\u0131xmal\u0131d\u0131r\u201d \u2013 Bak\u0131dan \u015f\u0259rh\"}]},{\"@type\":\"WebSite\",\"@id\":\"https:\/\/jam-news.net\/az\/#website\",\"url\":\"https:\/\/jam-news.net\/az\/\",\"name\":\"Azerbaijani Jamnews\",\"description\":\"Caucasus News, Politics and Society\",\"publisher\":{\"@id\":\"https:\/\/jam-news.net\/az\/#organization\"},\"potentialAction\":[{\"@type\":\"SearchAction\",\"target\":{\"@type\":\"EntryPoint\",\"urlTemplate\":\"https:\/\/jam-news.net\/az\/?s={search_term_string}\"},\"query-input\":{\"@type\":\"PropertyValueSpecification\",\"valueRequired\":true,\"valueName\":\"search_term_string\"}}],\"inLanguage\":\"az\"},{\"@type\":\"Organization\",\"@id\":\"https:\/\/jam-news.net\/az\/#organization\",\"name\":\"JAMnews\",\"url\":\"https:\/\/jam-news.net\/az\/\",\"logo\":{\"@type\":\"ImageObject\",\"inLanguage\":\"az\",\"@id\":\"https:\/\/jam-news.net\/az\/#\/schema\/logo\/image\/\",\"url\":\"https:\/\/jam-news.net\/app\/uploads\/2020\/05\/JAM_w.jpg\",\"contentUrl\":\"https:\/\/jam-news.net\/app\/uploads\/2020\/05\/JAM_w.jpg\",\"width\":960,\"height\":960,\"caption\":\"JAMnews\"},\"image\":{\"@id\":\"https:\/\/jam-news.net\/az\/#\/schema\/logo\/image\/\"},\"sameAs\":[\"https:\/\/www.facebook.com\/JAMnewsInEnglish\/\",\"https:\/\/x.com\/JAMnewsCaucasus\",\"https:\/\/www.instagram.com\/jam_news\/\",\"https:\/\/www.youtube.com\/channel\/UCXQbUCme2pykuZYXWHx4VPg\"]},{\"@type\":\"Person\",\"@id\":\"https:\/\/jam-news.net\/az\/#\/schema\/person\/67df3bb7adb46cd513fb9c4cb02361c6\",\"name\":\"JAMnews\",\"image\":{\"@type\":\"ImageObject\",\"inLanguage\":\"az\",\"@id\":\"https:\/\/jam-news.net\/az\/#\/schema\/person\/image\/\",\"url\":\"https:\/\/secure.gravatar.com\/avatar\/e5c27593ef900c3ab3deed4ed1c653d7?s=96&d=mm&r=g\",\"contentUrl\":\"https:\/\/secure.gravatar.com\/avatar\/e5c27593ef900c3ab3deed4ed1c653d7?s=96&d=mm&r=g\",\"caption\":\"JAMnews\"},\"url\":\"https:\/\/jam-news.net\/az\/author\/margarita\/\"}]}<\/script>\n<!-- \/ Yoast SEO plugin. -->","yoast_head_json":{"title":"\u201cStatus s\u00f6hb\u0259ti ed\u0259c\u0259kl\u0259rs\u0259, Rusiya s\u00fclhm\u0259raml\u0131lar\u0131 m\u00fcnaqi\u015f\u0259 zonas\u0131ndan \u00e7\u0131xmal\u0131d\u0131r\u201d \u2013 Bak\u0131dan \u015f\u0259rh - JAMnews","description":"Rusiya prezidenti Vladimir Putinin Qaraba\u011f m\u00fcnaqi\u015f\u0259si haqda s\u00f6zl\u0259ri Az\u0259rbaycan\u0131n siyasi \u00e7evr\u0259l\u0259rind\u0259 birm\u0259nal\u0131 qar\u015f\u0131lanmay\u0131b","robots":{"index":"index","follow":"follow","max-snippet":"max-snippet:-1","max-image-preview":"max-image-preview:large","max-video-preview":"max-video-preview:-1"},"canonical":"https:\/\/jam-news.net\/az\/putin-qarabag-sulhm\u0259ramlilar-az\u0259rbaycan-natiq-c\u0259f\u0259rli-s\u0259rh\/","og_locale":"az_AZ","og_type":"article","og_title":"\u201cStatus s\u00f6hb\u0259ti ed\u0259c\u0259kl\u0259rs\u0259, Rusiya s\u00fclhm\u0259raml\u0131lar\u0131 m\u00fcnaqi\u015f\u0259 zonas\u0131ndan \u00e7\u0131xmal\u0131d\u0131r\u201d \u2013 Bak\u0131dan \u015f\u0259rh - JAMnews","og_description":"Rusiya prezidenti Vladimir Putinin Qaraba\u011f m\u00fcnaqi\u015f\u0259si haqda s\u00f6zl\u0259ri Az\u0259rbaycan\u0131n siyasi \u00e7evr\u0259l\u0259rind\u0259 birm\u0259nal\u0131 qar\u015f\u0131lanmay\u0131b","og_url":"https:\/\/jam-news.net\/az\/putin-qarabag-sulhm\u0259ramlilar-az\u0259rbaycan-natiq-c\u0259f\u0259rli-s\u0259rh\/","og_site_name":"Azerbaijani Jamnews","article_publisher":"https:\/\/www.facebook.com\/JAMnewsInEnglish\/","article_published_time":"2020-11-18T13:32:35+00:00","article_modified_time":"2022-01-17T20:32:05+00:00","og_image":[{"width":1000,"height":562,"url":"https:\/\/jam-news.net\/app\/uploads\/2020\/11\/upload-RIAN_6381238.HR-pic4_zoom-1500x1500-30504.jpg","type":"image\/jpeg"}],"author":"JAMnews","twitter_card":"summary_large_image","twitter_creator":"@JAMnewsCaucasus","twitter_site":"@JAMnewsCaucasus","twitter_misc":{"Written by":"JAMnews","Est. reading time":"3 minutes"},"schema":{"@context":"https:\/\/schema.org","@graph":[{"@type":"Article","@id":"https:\/\/jam-news.net\/az\/putin-qarabag-sulhm%c9%99ramlilar-az%c9%99rbaycan-natiq-c%c9%99f%c9%99rli-s%c9%99rh\/#article","isPartOf":{"@id":"https:\/\/jam-news.net\/az\/putin-qarabag-sulhm%c9%99ramlilar-az%c9%99rbaycan-natiq-c%c9%99f%c9%99rli-s%c9%99rh\/"},"author":{"name":"JAMnews","@id":"https:\/\/jam-news.net\/az\/#\/schema\/person\/67df3bb7adb46cd513fb9c4cb02361c6"},"headline":"\u201cStatus s\u00f6hb\u0259ti ed\u0259c\u0259kl\u0259rs\u0259, Rusiya s\u00fclhm\u0259raml\u0131lar\u0131 m\u00fcnaqi\u015f\u0259 zonas\u0131ndan \u00e7\u0131xmal\u0131d\u0131r\u201d \u2013 Bak\u0131dan \u015f\u0259rh","datePublished":"2020-11-18T13:32:35+00:00","dateModified":"2022-01-17T20:32:05+00:00","mainEntityOfPage":{"@id":"https:\/\/jam-news.net\/az\/putin-qarabag-sulhm%c9%99ramlilar-az%c9%99rbaycan-natiq-c%c9%99f%c9%99rli-s%c9%99rh\/"},"wordCount":527,"publisher":{"@id":"https:\/\/jam-news.net\/az\/#organization"},"image":{"@id":"https:\/\/jam-news.net\/az\/putin-qarabag-sulhm%c9%99ramlilar-az%c9%99rbaycan-natiq-c%c9%99f%c9%99rli-s%c9%99rh\/#primaryimage"},"thumbnailUrl":"https:\/\/jam-news.net\/app\/uploads\/2020\/11\/upload-RIAN_6381238.HR-pic4_zoom-1500x1500-30504.jpg","articleSection":["Armenia","Azerbaijan","Conflicts","News","Politics","Russia"],"inLanguage":"az"},{"@type":"WebPage","@id":"https:\/\/jam-news.net\/az\/putin-qarabag-sulhm%c9%99ramlilar-az%c9%99rbaycan-natiq-c%c9%99f%c9%99rli-s%c9%99rh\/","url":"https:\/\/jam-news.net\/az\/putin-qarabag-sulhm%c9%99ramlilar-az%c9%99rbaycan-natiq-c%c9%99f%c9%99rli-s%c9%99rh\/","name":"\u201cStatus s\u00f6hb\u0259ti ed\u0259c\u0259kl\u0259rs\u0259, Rusiya s\u00fclhm\u0259raml\u0131lar\u0131 m\u00fcnaqi\u015f\u0259 zonas\u0131ndan \u00e7\u0131xmal\u0131d\u0131r\u201d \u2013 Bak\u0131dan \u015f\u0259rh - JAMnews","isPartOf":{"@id":"https:\/\/jam-news.net\/az\/#website"},"primaryImageOfPage":{"@id":"https:\/\/jam-news.net\/az\/putin-qarabag-sulhm%c9%99ramlilar-az%c9%99rbaycan-natiq-c%c9%99f%c9%99rli-s%c9%99rh\/#primaryimage"},"image":{"@id":"https:\/\/jam-news.net\/az\/putin-qarabag-sulhm%c9%99ramlilar-az%c9%99rbaycan-natiq-c%c9%99f%c9%99rli-s%c9%99rh\/#primaryimage"},"thumbnailUrl":"https:\/\/jam-news.net\/app\/uploads\/2020\/11\/upload-RIAN_6381238.HR-pic4_zoom-1500x1500-30504.jpg","datePublished":"2020-11-18T13:32:35+00:00","dateModified":"2022-01-17T20:32:05+00:00","description":"Rusiya prezidenti Vladimir Putinin Qaraba\u011f m\u00fcnaqi\u015f\u0259si haqda s\u00f6zl\u0259ri Az\u0259rbaycan\u0131n siyasi \u00e7evr\u0259l\u0259rind\u0259 birm\u0259nal\u0131 qar\u015f\u0131lanmay\u0131b","breadcrumb":{"@id":"https:\/\/jam-news.net\/az\/putin-qarabag-sulhm%c9%99ramlilar-az%c9%99rbaycan-natiq-c%c9%99f%c9%99rli-s%c9%99rh\/#breadcrumb"},"inLanguage":"az","potentialAction":[{"@type":"ReadAction","target":["https:\/\/jam-news.net\/az\/putin-qarabag-sulhm%c9%99ramlilar-az%c9%99rbaycan-natiq-c%c9%99f%c9%99rli-s%c9%99rh\/"]}]},{"@type":"ImageObject","inLanguage":"az","@id":"https:\/\/jam-news.net\/az\/putin-qarabag-sulhm%c9%99ramlilar-az%c9%99rbaycan-natiq-c%c9%99f%c9%99rli-s%c9%99rh\/#primaryimage","url":"https:\/\/jam-news.net\/app\/uploads\/2020\/11\/upload-RIAN_6381238.HR-pic4_zoom-1500x1500-30504.jpg","contentUrl":"https:\/\/jam-news.net\/app\/uploads\/2020\/11\/upload-RIAN_6381238.HR-pic4_zoom-1500x1500-30504.jpg","width":1000,"height":562},{"@type":"BreadcrumbList","@id":"https:\/\/jam-news.net\/az\/putin-qarabag-sulhm%c9%99ramlilar-az%c9%99rbaycan-natiq-c%c9%99f%c9%99rli-s%c9%99rh\/#breadcrumb","itemListElement":[{"@type":"ListItem","position":1,"name":"Home","item":"https:\/\/jam-news.net\/az\/"},{"@type":"ListItem","position":2,"name":"\u201cStatus s\u00f6hb\u0259ti ed\u0259c\u0259kl\u0259rs\u0259, Rusiya s\u00fclhm\u0259raml\u0131lar\u0131 m\u00fcnaqi\u015f\u0259 zonas\u0131ndan \u00e7\u0131xmal\u0131d\u0131r\u201d \u2013 Bak\u0131dan \u015f\u0259rh"}]},{"@type":"WebSite","@id":"https:\/\/jam-news.net\/az\/#website","url":"https:\/\/jam-news.net\/az\/","name":"Azerbaijani Jamnews","description":"Caucasus News, Politics and Society","publisher":{"@id":"https:\/\/jam-news.net\/az\/#organization"},"potentialAction":[{"@type":"SearchAction","target":{"@type":"EntryPoint","urlTemplate":"https:\/\/jam-news.net\/az\/?s={search_term_string}"},"query-input":{"@type":"PropertyValueSpecification","valueRequired":true,"valueName":"search_term_string"}}],"inLanguage":"az"},{"@type":"Organization","@id":"https:\/\/jam-news.net\/az\/#organization","name":"JAMnews","url":"https:\/\/jam-news.net\/az\/","logo":{"@type":"ImageObject","inLanguage":"az","@id":"https:\/\/jam-news.net\/az\/#\/schema\/logo\/image\/","url":"https:\/\/jam-news.net\/app\/uploads\/2020\/05\/JAM_w.jpg","contentUrl":"https:\/\/jam-news.net\/app\/uploads\/2020\/05\/JAM_w.jpg","width":960,"height":960,"caption":"JAMnews"},"image":{"@id":"https:\/\/jam-news.net\/az\/#\/schema\/logo\/image\/"},"sameAs":["https:\/\/www.facebook.com\/JAMnewsInEnglish\/","https:\/\/x.com\/JAMnewsCaucasus","https:\/\/www.instagram.com\/jam_news\/","https:\/\/www.youtube.com\/channel\/UCXQbUCme2pykuZYXWHx4VPg"]},{"@type":"Person","@id":"https:\/\/jam-news.net\/az\/#\/schema\/person\/67df3bb7adb46cd513fb9c4cb02361c6","name":"JAMnews","image":{"@type":"ImageObject","inLanguage":"az","@id":"https:\/\/jam-news.net\/az\/#\/schema\/person\/image\/","url":"https:\/\/secure.gravatar.com\/avatar\/e5c27593ef900c3ab3deed4ed1c653d7?s=96&d=mm&r=g","contentUrl":"https:\/\/secure.gravatar.com\/avatar\/e5c27593ef900c3ab3deed4ed1c653d7?s=96&d=mm&r=g","caption":"JAMnews"},"url":"https:\/\/jam-news.net\/az\/author\/margarita\/"}]}},"_links":{"self":[{"href":"https:\/\/jam-news.net\/az\/wp-json\/wp\/v2\/posts\/39107","targetHints":{"allow":["GET"]}}],"collection":[{"href":"https:\/\/jam-news.net\/az\/wp-json\/wp\/v2\/posts"}],"about":[{"href":"https:\/\/jam-news.net\/az\/wp-json\/wp\/v2\/types\/post"}],"author":[{"embeddable":true,"href":"https:\/\/jam-news.net\/az\/wp-json\/wp\/v2\/users\/3"}],"replies":[{"embeddable":true,"href":"https:\/\/jam-news.net\/az\/wp-json\/wp\/v2\/comments?post=39107"}],"version-history":[{"count":2,"href":"https:\/\/jam-news.net\/az\/wp-json\/wp\/v2\/posts\/39107\/revisions"}],"predecessor-version":[{"id":39138,"href":"https:\/\/jam-news.net\/az\/wp-json\/wp\/v2\/posts\/39107\/revisions\/39138"}],"wp:featuredmedia":[{"embeddable":true,"href":"https:\/\/jam-news.net\/az\/wp-json\/wp\/v2\/media\/39102"}],"wp:attachment":[{"href":"https:\/\/jam-news.net\/az\/wp-json\/wp\/v2\/media?parent=39107"}],"wp:term":[{"taxonomy":"category","embeddable":true,"href":"https:\/\/jam-news.net\/az\/wp-json\/wp\/v2\/categories?post=39107"},{"taxonomy":"post_tag","embeddable":true,"href":"https:\/\/jam-news.net\/az\/wp-json\/wp\/v2\/tags?post=39107"},{"taxonomy":"formation","embeddable":true,"href":"https:\/\/jam-news.net\/az\/wp-json\/wp\/v2\/formation?post=39107"},{"taxonomy":"post-author","embeddable":true,"href":"https:\/\/jam-news.net\/az\/wp-json\/wp\/v2\/post-author?post=39107"},{"taxonomy":"topic","embeddable":true,"href":"https:\/\/jam-news.net\/az\/wp-json\/wp\/v2\/topic?post=39107"},{"taxonomy":"tooltip","embeddable":true,"href":"https:\/\/jam-news.net\/az\/wp-json\/wp\/v2\/tooltip?post=39107"},{"taxonomy":"city","embeddable":true,"href":"https:\/\/jam-news.net\/az\/wp-json\/wp\/v2\/city?post=39107"}],"curies":[{"name":"wp","href":"https:\/\/api.w.org\/{rel}","templated":true}]}}