{"id":3905,"date":"2016-04-29T00:00:00","date_gmt":"2016-04-29T00:00:00","guid":{"rendered":"http:\/\/jam-news.net\/az\/sevgi-nifr%c9%99t%c9%99-qalib-g%c9%99ldi\/"},"modified":"2021-11-06T15:45:23","modified_gmt":"2021-11-06T11:45:23","slug":"sevgi-nifr%c9%99t%c9%99-qalib-g%c9%99ldi","status":"publish","type":"post","link":"https:\/\/jam-news.net\/az\/sevgi-nifr%c9%99t%c9%99-qalib-g%c9%99ldi\/","title":{"rendered":"Sevgi nifr\u0259t\u0259 qalib g\u0259ldi"},"content":{"rendered":"<p style=\"text-align: center;\"><span style=\"color: #800000;\"><strong><span style=\"font-size: 12pt;\">Kluninin \u201cAvrora il\u0259 n\u0259 \u0259laq\u0259si var?<\/span><\/strong><\/span><\/p>\n<p><span style=\"font-size: 12pt;\">Yax\u0131nlarda Yerevan\u0131n k\u00fc\u00e7\u0259l\u0259rind\u0259 peyda olan \u201cM\u0259ni \u201cAvrora q\u0259hr\u0259man\u0131 xilas edib yaz\u0131l\u0131 plakatlar\u0131 he\u00e7 kim n\u0259 c\u0131r\u0131r, n\u0259 d\u0259 \u00fcz\u0259rind\u0259 \u015f\u0259kil \u00e7\u0259kir, amma bigan\u0259likd\u0259n deyil. Plakatlar\u0131 ancaq turistl\u0259r anlam\u0131r, yerlil\u0259r is\u0259 h\u0259v\u0259sl\u0259 ba\u015fa sal\u0131rlar: \u201cAvrora m\u00fckafatd\u0131r. Onlar\u0131 h\u0259m d\u0259 m\u0259\u015fhur Hollivud ulduzu Corc Kluninin g\u00f6zl\u0259nil\u0259n s\u0259f\u0259ri sevindirir. M\u0259hz o, \u015f\u0259xs\u0259n \u201cAvrora m\u00fckafat\u0131n\u0131 laureata t\u0259qdim etm\u0259lidi.<\/span><\/p>\n<div><img decoding=\"async\" class=\"aligncenter\" src=\"http:\/\/jam-news.net\/Uploads\/Publication\/1687\/ContentImages\/az-Latn-AZ\/Avrora1.jpg\" \/><\/div>\n<p style=\"text-align: center;\"><span style=\"color: #800000;\"><strong><span style=\"font-size: 12pt;\">\u201cAvrora m\u00fckafat\u0131 haqq\u0131nda<\/span><\/strong><\/span><\/p>\n<p><span style=\"font-size: 12pt;\">\u201cAvrora m\u00fckafat\u0131 \u0259sas\u0131n\u0131 erm\u0259ni soyq\u0131r\u0131m\u0131 t\u0259\u015fkil ed\u0259n \u00fcmumd\u00fcnya <a href=\"https:\/\/auroraprize.com\/en\/about\" target=\"_blank\" rel=\"noopener noreferrer\">100 LIVES<\/a>\u00a0t\u0259\u015f\u0259bb\u00fcs\u00fc \u00e7\u0259r\u00e7iv\u0259sind\u0259 t\u0259sis edilib. Erm\u0259nil\u0259rin Osmanl\u0131 T\u00fcrkiy\u0259sind\u0259n deportasiyas\u0131 zaman\u0131, 1915-ci ild\u0259 1.5 milyon n\u0259f\u0259r h\u0259lak olub, ancaq az sayda insan sa\u011f qala bilib, bu da c\u0259sar\u0259t n\u00fcmayi\u015f etdirib, onlar\u0131 xilas ed\u0259n ayr\u0131-ayr\u0131 insanlar\u0131n v\u0259 humanitar missiyalar\u0131n say\u0259sind\u0259 m\u00fcmk\u00fcn olub.<\/span><\/p>\n<p><span style=\"font-size: 12pt;\">\u201cAvrora ad\u0131 t\u0259sad\u00fcfi deyil. Bu, 1951-ci il hadis\u0259l\u0259rini ya\u015fayanlardan birinin ad\u0131d\u0131r. <a href=\"http:\/\/www.genocide-museum.am\/rus\/online_exhibition_6.php\" target=\"_blank\" rel=\"noopener noreferrer\">Ar\u015faluys (Avrore) Martikyan<\/a> xilas ola bilib, bundan sonra da o ya\u015fad\u0131qlar\u0131 haqq\u0131nda \u201cPar\u00e7alanm\u0131\u015f Erm\u0259nistan kitab\u0131n\u0131 yaz\u0131b v\u0259 \u00f6z kitab\u0131 \u0259sas\u0131nda \u00e7\u0259kilmi\u015f filmd\u0259 ba\u015f rolda oynay\u0131b. Filmin n\u00fcmayi\u015find\u0259n y\u0131\u011f\u0131lan b\u00fct\u00fcn v\u0259sait (30 milyon dollar) Yax\u0131n \u015e\u0259rqd\u0259 yetim qalan 60000 erm\u0259ni u\u015fa\u011f\u0131na yard\u0131m \u00fc\u00e7\u00fcn g\u00f6nd\u0259rilib.<\/span><\/p>\n<p><span style=\"font-size: 12pt;\">Y\u00fcz il \u0259vv\u0259l ba\u015f vermi\u015f cinay\u0259ti Erm\u0259nistanda unutmay\u0131blar. D\u00fcnyada erm\u0259nil\u0259r haqq\u0131nda h\u0259m d\u0259 soyq\u0131r\u0131m zaman\u0131 sa\u011f qalanlar\u0131n say\u0259sind\u0259 bilirl\u0259r. Yeni n\u0259sill\u0259r \u0259cdadlar\u0131n\u0131n ba\u015f\u0131na g\u0259l\u0259nl\u0259ri unutmur, Erm\u0259nistan hakimiyy\u0259ti d\u00fcnyan\u0131n erm\u0259ni soyq\u0131r\u0131m\u0131n\u0131 tan\u0131mas\u0131n\u0131 t\u0259l\u0259b edir, t\u00fcrk d\u00f6vl\u0259ti is\u0259 Osmanl\u0131 d\u00f6vl\u0259tind\u0259 t\u00f6r\u0259dil\u0259n cinay\u0259tin i\u015ftirak\u00e7\u0131s\u0131 olmamaq \u00fc\u00e7\u00fcn reall\u0131\u011f\u0131 inkar etm\u0259kd\u0259n \u0259l \u00e7\u0259kib.<\/span><\/p>\n<div><img decoding=\"async\" src=\"http:\/\/jam-news.net\/Uploads\/Publication\/1687\/ContentImages\/az-Latn-AZ\/Avrora2.jpg\" \/><\/div>\n<p style=\"text-align: center;\"><span style=\"color: #800000;\"><strong><span style=\"font-size: 12pt;\"> \u201cAvroran\u0131n \u0259sas\u0131n\u0131 kim v\u0259 niy\u0259 qoyub?<\/span><\/strong><\/span><\/p>\n<div><img decoding=\"async\" src=\"http:\/\/jam-news.net\/Uploads\/Publication\/1687\/ContentImages\/az-Latn-AZ\/Avrora3.jpg\" \/><span style=\"color: #800000; font-size: 8pt;\"><strong>Ruben Vardanyan<\/strong><\/span><\/div>\n<p><span style=\"font-size: 12pt;\">B\u0259\u015f\u0259riyy\u0259t\u0259 qar\u015f\u0131 cinay\u0259tin qurban\u0131 olan Erm\u0259nistan ke\u00e7mi\u015f cinay\u0259tl\u0259rin a\u00e7\u0131lmas\u0131 v\u0259 pisl\u0259nm\u0259si yolu il\u0259 yeni faci\u0259l\u0259rin qar\u015f\u0131s\u0131n\u0131 alma\u011fa \u00e7a\u011f\u0131r\u0131r. 100 LIVES t\u0259\u015f\u0259bb\u00fcs\u00fcn\u00fcn m\u00fc\u0259llifl\u0259ri olan sahibkarlar Ruben Vardanyan, Nubar Afeyan v\u0259 Nyu-Yorkdak\u0131 Karneqi korporasiyas\u0131n\u0131n s\u0259dri Vartan Qreqoryan onun \u0259sas\u0131na m\u0259hz bu ideyan\u0131 qoyublar.<\/span><\/p>\n<div><img decoding=\"async\" src=\"http:\/\/jam-news.net\/Uploads\/Publication\/1687\/ContentImages\/az-Latn-AZ\/Avrora4.jpg\" \/><span style=\"color: #800000; font-size: 8pt;\"><strong>Nubar Afeyan<\/strong><\/span><\/div>\n<p><span style=\"font-size: 12pt;\">\u201cAvrora m\u00fckafat\u0131n\u0131 t\u0259sis etm\u0259kl\u0259 onlar soyq\u0131r\u0131m\u0131 ya\u015fayan erm\u0259nil\u0259rin ad\u0131ndan \u00f6z h\u0259yatlar\u0131 bahas\u0131na erm\u0259nil\u0259ri xilas ed\u0259nl\u0259r\u0259 minn\u0259tdarl\u0131qlar\u0131n\u0131 bildirirl\u0259r. Amma \u201cAvrora erm\u0259ni faci\u0259si il\u0259 kifay\u0259tl\u0259nmir, onun m\u0259qs\u0259di bu g\u00fcn d\u00fcnyada ba\u015f ver\u0259n v\u0259h\u015filikl\u0259r bar\u0259d\u0259 dan\u0131\u015fmaq v\u0259 onlarla m\u00fcbariz\u0259d\u0259 \u0259h\u0259miyy\u0259tli rol oynayan insanlar\u0131 m\u00fckafatland\u0131rmaqd\u0131r.<\/span><\/p>\n<div style=\"text-align: center;\"><img decoding=\"async\" class=\"aligncenter\" src=\"http:\/\/jam-news.net\/Uploads\/Publication\/1687\/ContentImages\/az-Latn-AZ\/Avrora5.jpg\" \/><span style=\"color: #800000; font-size: 8pt;\"><strong>Vartan Qreqoryan<\/strong><\/span><\/div>\n<p style=\"text-align: center;\"><span style=\"color: #800000;\"><strong><span style=\"font-size: 12pt;\">\u201cAvroran\u0131n nominantlar\u0131 v\u0259 se\u00e7im m\u0259rh\u0259l\u0259sinin m\u00fcnsifl\u0259r hey\u0259ti<\/span><\/strong><\/span><\/p>\n<p><span style=\"font-size: 12pt;\">\u201cAvrora m\u00fckafat\u0131na namiz\u0259dl\u0259r aras\u0131nda se\u00e7imi 9 n\u0259f\u0259rd\u0259n ibar\u0259t m\u00fcnsifl\u0259r hey\u0259ti etm\u0259liydi. Se\u00e7im m\u0259rh\u0259l\u0259sinin m\u00fcnsifl\u0259r hey\u0259ti \u00fczvl\u0259ri aras\u0131nda aktyor Corc Kluni, Nobel laureat\u0131, \u201cEl Vizel humanitar fondunun ba\u015f\u00e7\u0131s\u0131 El Vizel, BMT ba\u015f katibinin insan haqlar\u0131n\u0131n m\u00fchafiz\u0259si sah\u0259sind\u0259 ke\u00e7mi\u015f x\u00fcsusi n\u00fcmay\u0259nd\u0259si Xina Cilani vard\u0131.<\/span><\/p>\n<p><span style=\"font-size: 12pt;\">Onlar a\u015fa\u011f\u0131dak\u0131 namiz\u0259dl\u0259r aras\u0131nda se\u00e7im etm\u0259li idil\u0259r:<\/span><\/p>\n<ul>\n<li><span style=\"font-size: 12pt;\">Doktor Tom Katena, Sudandak\u0131 Nubiya da\u011flar\u0131nda, k\u0259sm\u0259y\u0259n at\u0259\u015f s\u0259sl\u0259ri alt\u0131nda 500\u00a0000 insan\u0131n sa\u011flaml\u0131\u011f\u0131na g\u00f6r\u0259 cavabdeh olan yegan\u0259 h\u0259kim;\u00a0<\/span><\/li>\n<li><span style=\"font-size: 12pt;\">S\u0259id\u0259 Qulam Fatim\u0259, Pakistan\u0131n minl\u0259rl\u0259 sakinini, o c\u00fcml\u0259d\u0259n d\u0259 borcu \u00f6d\u0259m\u0259k \u00fc\u00e7\u00fcn k\u0259rpic zavodunda i\u015fl\u0259m\u0259y\u0259 m\u0259cbur edil\u0259n u\u015faqlar\u0131 xilas edib, buna g\u00f6r\u0259 d\u0259 bir ne\u00e7\u0259 d\u0259f\u0259 h\u0259yat\u0131na sui-q\u0259sd edilib;\u00a0<\/span><\/li>\n<li><span style=\"font-size: 12pt;\">Bir-birin\u0259 qar\u015f\u0131 duran \u00fcsyan\u00e7\u0131 \u201cSeleka qrupla\u015fmas\u0131 v\u0259 \u201cAntibalaka xristian silahl\u0131 birl\u0259\u015fm\u0259sinin n\u00fcmay\u0259nd\u0259l\u0259rin\u0259 s\u0131\u011f\u0131nacaq ver\u0259n v\u0259 tibbi yard\u0131m g\u00f6st\u0259r\u0259n katolik ke\u015fi\u015fi Bernar Kinvi;; \u00a0<\/span><\/li>\n<li><span style=\"font-size: 12pt;\">Burundid\u0259 30\u00a0000 u\u015fa\u011f\u0131 xilas ed\u0259n v\u0259 onlar \u00fc\u00e7\u00fcn s\u0131\u011f\u0131nacaq yaradan Marqerit Barankits.\u00a0<\/span><\/li>\n<\/ul>\n<p style=\"text-align: center;\"><span style=\"color: #800000;\"><strong><span style=\"font-size: 12pt;\">\u201cAvrora mikafat\u0131n\u0131 kim ald\u0131<\/span><\/strong><\/span><\/p>\n<p><span style=\"font-size: 12pt;\"> \u201cSevgi nifr\u0259t\u0259 qalib g\u0259ldi \u2013 bu s\u00f6zl\u0259rl\u0259 <a href=\"http:\/\/auroraprizemedia.com\/2016-aurora-prize-laureate\/\">Marqerit Barankits<\/a> \u00f6z s\u0259daq\u0259ti, \u015f\u00fcca\u0259ti v\u0259 \u0259h\u0259miyy\u0259tli f\u0259aliyy\u0259tin\u0259 g\u00f6r\u0259 ald\u0131\u011f\u0131 \u201cAvrora m\u00fckafat\u0131n\u0131 Corc Kluninin \u0259lind\u0259n q\u0259bul etdi.<\/span><\/p>\n<p><span style=\"font-size: 12pt;\">Barankits (Marguerite Barankitse) 1990-c\u0131 ill\u0259rd\u0259 Burundi, Ruanda v\u0259 Konqo Demokratik Respublikas\u0131nda ba\u015f ver\u0259n etnik t\u0259mizl\u0259m\u0259 zaman\u0131 yetim qalan 30 min u\u015faq \u00fc\u00e7\u00fcn \u201c\u015ealom evi s\u0131\u011f\u0131naca\u011f\u0131n\u0131 yarad\u0131b.<\/span><\/p>\n<div><img decoding=\"async\" class=\"aligncenter\" src=\"http:\/\/jam-news.net\/Uploads\/Publication\/1687\/ContentImages\/az-Latn-AZ\/Avrora6.jpg\" \/><\/div>\n<p><span style=\"font-size: 12pt;\">D\u00fcz bir il \u0259vv\u0259l, aprelin 24-d\u0259 o siyasi repressiyalara m\u0259ruz qald\u0131\u011f\u0131 \u00fc\u00e7\u00fcn Burundid\u0259n qa\u00e7mal\u0131 olub. \u0130ndi o, m\u00fckafat\u0131n zorak\u0131l\u0131q z\u0259ncirini q\u0131ra bil\u0259c\u0259yin\u0259 \u0259mindir.<\/span><\/p>\n<p><span style=\"font-size: 12pt;\">\u201cAvrora ad\u0131ndan humanitar f\u0259aliyy\u0259tin davam etdirilm\u0259si \u00fc\u00e7\u00fcn o, pul m\u00fckafat\u0131 \u015f\u0259klind\u0259 100 min dollar da al\u0131b, bu pulu o ehtiyac\u0131 olan u\u015faqlara k\u00f6m\u0259k \u00fc\u00e7\u00fcn onunla i\u015fl\u0259y\u0259n adamlara ver\u0259c\u0259k.<\/span><\/p>\n<p><span style=\"font-size: 12pt;\">Humanitar estafetin davam etdirilm\u0259si \u00fc\u00e7\u00fcn is\u0259 Barankits 1 milyon dollar h\u0259cmind\u0259 qrant alacaq v\u0259 bu v\u0259saiti humanitar f\u0259aliyy\u0259tl\u0259 m\u0259\u015f\u011ful olan t\u0259\u015fkilatlara ver\u0259c\u0259k.<\/span><\/p>\n<div><img decoding=\"async\" src=\"http:\/\/jam-news.net\/Uploads\/Publication\/1687\/ContentImages\/az-Latn-AZ\/Avrora7.jpg\" \/><\/div>\n<p><span style=\"font-size: 12pt;\">\u201cM\u0259nim \u00fc\u00e7\u00fcn bu m\u00fckafat ilk n\u00f6vb\u0259d\u0259, Burundinin siyasi xadiml\u0259rinin f\u0259aliyy\u0259tini \u015f\u00fcbh\u0259 alt\u0131na qoymaq imkan\u0131d\u0131r. Bu onlar\u0131 insanlar\u0131 qovma\u011f\u0131n, analar\u0131, qad\u0131nlar\u0131 s\u00fcrg\u00fcn etm\u0259yin d\u00fczg\u00fcn olmad\u0131\u011f\u0131 bar\u0259d\u0259 d\u00fc\u015f\u00fcnm\u0259y\u0259 m\u0259cbur ed\u0259c\u0259k. B\u00fct\u00fcn cinay\u0259tkarlar \u00f6zl\u0259rin\u0259 sual verm\u0259lidirl\u0259r ki, onlar d\u00fczm\u00fc h\u0259r\u0259k\u0259t edirl\u0259r? \u0130\u00e7imd\u0259 n\u0259 q\u0259tll\u0259r t\u00f6r\u0259d\u0259n Burundi prezidentin\u0259, n\u0259 d\u0259 dig\u0259r cinay\u0259tkarlara qar\u015f\u0131 nifr\u0259t yoxdur. Onlara yaz\u0131\u011f\u0131m g\u0259lir, &#8211; dey\u0259 m\u00fckafat laureat\u0131 vur\u011fulay\u0131b.<\/span><\/p>\n<p><span style=\"font-size: 12pt;\">Marqerit Barankitsin f\u0259aliyy\u0259tini se\u00e7im komissiyas\u0131 t\u0259hl\u00fck\u0259li v\u0259 eyni zamanda m\u00fcst\u0259sna \u0259h\u0259miyy\u0259ti v\u0259 t\u0259siri olan bir f\u0259aliyy\u0259t kimi qiym\u0259tl\u0259ndirib.<\/span><\/p>\n<p><span style=\"font-size: 12pt;\">Corc Kluninin t\u0259dbird\u0259 qeyd etdiyi kimi, \u201cAvrora m\u00fckafat\u0131na namiz\u0259dl\u0259rd\u0259n he\u00e7 biri q\u0259hr\u0259manl\u0131q m\u0259kt\u0259bini bitirm\u0259yib: onlar sad\u0259c\u0259 onlara ehtiyac oldu\u011funu anlay\u0131b, k\u00f6m\u0259y\u0259 t\u0259l\u0259sibl\u0259r.<\/span><\/p>\n<div><img decoding=\"async\" src=\"http:\/\/jam-news.net\/Uploads\/Publication\/1687\/ContentImages\/az-Latn-AZ\/Avrora8.jpg\" \/><\/div>\n<p><span style=\"font-size: 12pt;\">\u201cBu g\u00fcn biz onlara ehtiram\u0131m\u0131z\u0131 bildiririk, bundan \u0259lav\u0259, 101 il bundan \u0259vv\u0259l yoxa \u00e7\u0131xan 1,5 milyon h\u0259yat\u0131 yad edirik. Yad ed\u0259r\u0259k h\u0259r \u015feyi \u00f6z ad\u0131 il\u0259 \u00e7a\u011f\u0131r\u0131r\u0131q \u2013 soyq\u0131r\u0131m, erm\u0259ni soyq\u0131r\u0131m\u0131. Hitlerin bir d\u0259f\u0259 &#8211; indi erm\u0259nil\u0259ri kimi xat\u0131rlay\u0131r ki? \u2013 dediyini bilirik. Cavab bel\u0259dir \u2013 b\u00fct\u00fcn d\u00fcnya, &#8211; aktyor deyib.<\/span><\/p>\n<p><img loading=\"lazy\" decoding=\"async\" class=\"alignnone wp-image-40579 size-full\" src=\"http:\/\/jam-news.net\/app\/uploads\/2016\/04\/Avrora_Aznavur_Kluni.jpg\" width=\"800\" height=\"533\" \/><\/p>\n<p><span style=\"font-size: 12pt;\">Kluni vur\u011fulay\u0131b ki, g\u0259l\u0259c\u0259kd\u0259 b\u0259\u015f\u0259riyy\u0259t\u0259 qar\u015f\u0131 cinay\u0259tl\u0259rin qar\u015f\u0131s\u0131 al\u0131nmal\u0131d\u0131r. \u201cErm\u0259ni xalq\u0131n\u0131n ba\u015f\u0131na bu, 101 il \u0259vv\u0259l g\u0259tirilib, amma sonradan biz bunun d\u00fcnyan\u0131n m\u00fcxt\u0259lif yerl\u0259rind\u0259: Almaniyada, Kambocada, Bosniyada, Ruandada t\u0259krar olundu\u011funu g\u00f6r\u00fcr\u00fck. Amma m\u0259n nifr\u0259td\u0259n xeyli daha g\u00fccl\u00fc olan \u015feyl\u0259r d\u0259 g\u00f6rm\u00fc\u015f\u0259m. M\u0259n c\u0259sar\u0259ti, xeyirxahl\u0131\u011f\u0131, qeyri-adi sevgi t\u0259c\u0259ss\u00fcml\u0259rini d\u0259 g\u00f6rm\u00fc\u015f\u0259m. Bu g\u00fcn biz bunun \u0259n g\u00f6z\u0259l n\u00fcmun\u0259l\u0259rini qeyd edirik, &#8211; dey\u0259 Hollivud aktyoru bildirib.<\/span><\/p>\n<div><img decoding=\"async\" src=\"http:\/\/jam-news.net\/Uploads\/Publication\/1687\/ContentImages\/az-Latn-AZ\/Avrora9.jpg\" \/><\/div>\n<p><span style=\"font-size: 12pt;\">Marqerit Barankits bir \u015fey arzulad\u0131\u011f\u0131n\u0131 etiraf etdi: s\u0131\u011f\u0131naca\u011f\u0131ndak\u0131 u\u015faqlar\u0131 d\u00fcnyan\u0131n \u0259n m\u00fcxt\u0259lif yerl\u0259rin\u0259 \u201cdaha he\u00e7 vaxt missiyas\u0131 il\u0259 g\u00f6nd\u0259rm\u0259k. \u201cU\u015faqlar\u0131m\u0131 d\u00fcnyada ba\u015f ver\u0259nl\u0259ri g\u00f6rm\u0259k \u00fc\u00e7\u00fcn m\u00fcxt\u0259lif \u00f6lk\u0259l\u0259r\u0259 g\u00f6nd\u0259r\u0259 bils\u0259m, ola bilsin onlar n\u00f6vb\u0259ti faci\u0259nin qar\u015f\u0131s\u0131n\u0131 ala bil\u0259rl\u0259r, \u00e7\u00fcnki \u201cdaha he\u00e7 vaxt &#8211; dem\u0259k kifay\u0259t etmir \u2013 soyq\u0131r\u0131mlar davam edir, cinay\u0259tl\u0259r yen\u0259 d\u0259 t\u00f6r\u0259dilir, &#8211; dey\u0259 Marqerit Barankits bildirib.<\/span><\/p>\n<p><span style=\"color: #800000; font-size: 8pt;\"><strong>auroraprizemedia.com fotosu<\/strong><\/span><\/p>\n<p><span style=\"color: #800000; font-size: 8pt;\"><strong>M\u0259qal\u0259d\u0259 yer alan fikirl\u0259r m\u00fc\u0259llifin terminologiyas\u0131 v\u0259 bax\u0131\u015flar\u0131n\u0131 ifad\u0259 edir v\u0259 redaksiyan\u0131n m\u00f6vqeyi il\u0259 \u00fcst-\u00fcst\u0259 d\u00fc\u015fm\u0259y\u0259 bil\u0259r.<\/strong><\/span><\/p>\n<p><span style=\"color: #800000; font-size: 8pt;\"><strong>D\u0259rc edilib: 29.04.2016<\/strong><\/span><\/p>\n","protected":false},"excerpt":{"rendered":"<p>\u201cAvrora\u201d m\u00fckafat\u0131 laureat\u0131 \u00f6z humanitar f\u0259aliyy\u0259tini davam etdir\u0259c\u0259k<\/p>\n","protected":false},"author":3,"featured_media":0,"comment_status":"open","ping_status":"open","sticky":false,"template":"","format":"standard","meta":{"_acf_changed":false,"footnotes":""},"categories":[27,8,2,25,46,36,35],"tags":[],"formation":[],"post-author":[3803],"topic":[],"tooltip":[],"city":[],"class_list":["post-3905","post","type-post","status-publish","format-standard","hentry","category-ermnistan","category-dunyada-bas-vernlr","category-cografiya","category-cmiyyt","category-fotohvalat","category-multimedia","category-hekaylr","post-author-tiqranuhi-martirosyan"],"acf":[],"yoast_head":"<!-- This site is optimized with the Yoast SEO plugin v24.1 - https:\/\/yoast.com\/wordpress\/plugins\/seo\/ -->\n<title>Sevgi nifr\u0259t\u0259 qalib g\u0259ldi - JAMnews<\/title>\n<meta name=\"robots\" content=\"index, follow, max-snippet:-1, max-image-preview:large, max-video-preview:-1\" \/>\n<link rel=\"canonical\" href=\"https:\/\/jam-news.net\/az\/sevgi-nifr\u0259t\u0259-qalib-g\u0259ldi\/\" \/>\n<meta property=\"og:locale\" content=\"az_AZ\" \/>\n<meta property=\"og:type\" content=\"article\" \/>\n<meta property=\"og:title\" content=\"Sevgi nifr\u0259t\u0259 qalib g\u0259ldi - JAMnews\" \/>\n<meta property=\"og:description\" content=\"\u201cAvrora\u201d m\u00fckafat\u0131 laureat\u0131 \u00f6z humanitar f\u0259aliyy\u0259tini davam etdir\u0259c\u0259k\" \/>\n<meta property=\"og:url\" content=\"https:\/\/jam-news.net\/az\/sevgi-nifr\u0259t\u0259-qalib-g\u0259ldi\/\" \/>\n<meta property=\"og:site_name\" content=\"Azerbaijani Jamnews\" \/>\n<meta property=\"article:publisher\" content=\"https:\/\/www.facebook.com\/JAMnewsInEnglish\/\" \/>\n<meta property=\"article:published_time\" content=\"2016-04-29T00:00:00+00:00\" \/>\n<meta property=\"article:modified_time\" content=\"2021-11-06T11:45:23+00:00\" \/>\n<meta property=\"og:image\" content=\"http:\/\/jam-news.net\/Uploads\/Publication\/1687\/ContentImages\/az-Latn-AZ\/Avrora1.jpg\" \/>\n<meta name=\"author\" content=\"JAMnews\" \/>\n<meta name=\"twitter:card\" content=\"summary_large_image\" \/>\n<meta name=\"twitter:creator\" content=\"@JAMnewsCaucasus\" \/>\n<meta name=\"twitter:site\" content=\"@JAMnewsCaucasus\" \/>\n<meta name=\"twitter:label1\" content=\"Written by\" \/>\n\t<meta name=\"twitter:data1\" content=\"JAMnews\" \/>\n\t<meta name=\"twitter:label2\" content=\"Est. reading time\" \/>\n\t<meta name=\"twitter:data2\" content=\"7 minutes\" \/>\n<script type=\"application\/ld+json\" class=\"yoast-schema-graph\">{\"@context\":\"https:\/\/schema.org\",\"@graph\":[{\"@type\":\"Article\",\"@id\":\"https:\/\/jam-news.net\/az\/sevgi-nifr%c9%99t%c9%99-qalib-g%c9%99ldi\/#article\",\"isPartOf\":{\"@id\":\"https:\/\/jam-news.net\/az\/sevgi-nifr%c9%99t%c9%99-qalib-g%c9%99ldi\/\"},\"author\":{\"name\":\"JAMnews\",\"@id\":\"https:\/\/jam-news.net\/az\/#\/schema\/person\/67df3bb7adb46cd513fb9c4cb02361c6\"},\"headline\":\"Sevgi nifr\u0259t\u0259 qalib g\u0259ldi\",\"datePublished\":\"2016-04-29T00:00:00+00:00\",\"dateModified\":\"2021-11-06T11:45:23+00:00\",\"mainEntityOfPage\":{\"@id\":\"https:\/\/jam-news.net\/az\/sevgi-nifr%c9%99t%c9%99-qalib-g%c9%99ldi\/\"},\"wordCount\":1446,\"commentCount\":0,\"publisher\":{\"@id\":\"https:\/\/jam-news.net\/az\/#organization\"},\"image\":{\"@id\":\"https:\/\/jam-news.net\/az\/sevgi-nifr%c9%99t%c9%99-qalib-g%c9%99ldi\/#primaryimage\"},\"thumbnailUrl\":\"http:\/\/jam-news.net\/Uploads\/Publication\/1687\/ContentImages\/az-Latn-AZ\/Avrora1.jpg\",\"articleSection\":[\"Armenia\",\"From far and near\",\"Geography\",\"Issues\",\"Photo\",\"Photo\/Video\",\"Stories\"],\"inLanguage\":\"az\"},{\"@type\":\"WebPage\",\"@id\":\"https:\/\/jam-news.net\/az\/sevgi-nifr%c9%99t%c9%99-qalib-g%c9%99ldi\/\",\"url\":\"https:\/\/jam-news.net\/az\/sevgi-nifr%c9%99t%c9%99-qalib-g%c9%99ldi\/\",\"name\":\"Sevgi nifr\u0259t\u0259 qalib g\u0259ldi - JAMnews\",\"isPartOf\":{\"@id\":\"https:\/\/jam-news.net\/az\/#website\"},\"primaryImageOfPage\":{\"@id\":\"https:\/\/jam-news.net\/az\/sevgi-nifr%c9%99t%c9%99-qalib-g%c9%99ldi\/#primaryimage\"},\"image\":{\"@id\":\"https:\/\/jam-news.net\/az\/sevgi-nifr%c9%99t%c9%99-qalib-g%c9%99ldi\/#primaryimage\"},\"thumbnailUrl\":\"http:\/\/jam-news.net\/Uploads\/Publication\/1687\/ContentImages\/az-Latn-AZ\/Avrora1.jpg\",\"datePublished\":\"2016-04-29T00:00:00+00:00\",\"dateModified\":\"2021-11-06T11:45:23+00:00\",\"breadcrumb\":{\"@id\":\"https:\/\/jam-news.net\/az\/sevgi-nifr%c9%99t%c9%99-qalib-g%c9%99ldi\/#breadcrumb\"},\"inLanguage\":\"az\",\"potentialAction\":[{\"@type\":\"ReadAction\",\"target\":[\"https:\/\/jam-news.net\/az\/sevgi-nifr%c9%99t%c9%99-qalib-g%c9%99ldi\/\"]}]},{\"@type\":\"ImageObject\",\"inLanguage\":\"az\",\"@id\":\"https:\/\/jam-news.net\/az\/sevgi-nifr%c9%99t%c9%99-qalib-g%c9%99ldi\/#primaryimage\",\"url\":\"http:\/\/jam-news.net\/Uploads\/Publication\/1687\/ContentImages\/az-Latn-AZ\/Avrora1.jpg\",\"contentUrl\":\"http:\/\/jam-news.net\/Uploads\/Publication\/1687\/ContentImages\/az-Latn-AZ\/Avrora1.jpg\"},{\"@type\":\"BreadcrumbList\",\"@id\":\"https:\/\/jam-news.net\/az\/sevgi-nifr%c9%99t%c9%99-qalib-g%c9%99ldi\/#breadcrumb\",\"itemListElement\":[{\"@type\":\"ListItem\",\"position\":1,\"name\":\"Home\",\"item\":\"https:\/\/jam-news.net\/az\/\"},{\"@type\":\"ListItem\",\"position\":2,\"name\":\"Sevgi nifr\u0259t\u0259 qalib g\u0259ldi\"}]},{\"@type\":\"WebSite\",\"@id\":\"https:\/\/jam-news.net\/az\/#website\",\"url\":\"https:\/\/jam-news.net\/az\/\",\"name\":\"Azerbaijani Jamnews\",\"description\":\"Caucasus News, Politics and Society\",\"publisher\":{\"@id\":\"https:\/\/jam-news.net\/az\/#organization\"},\"potentialAction\":[{\"@type\":\"SearchAction\",\"target\":{\"@type\":\"EntryPoint\",\"urlTemplate\":\"https:\/\/jam-news.net\/az\/?s={search_term_string}\"},\"query-input\":{\"@type\":\"PropertyValueSpecification\",\"valueRequired\":true,\"valueName\":\"search_term_string\"}}],\"inLanguage\":\"az\"},{\"@type\":\"Organization\",\"@id\":\"https:\/\/jam-news.net\/az\/#organization\",\"name\":\"JAMnews\",\"url\":\"https:\/\/jam-news.net\/az\/\",\"logo\":{\"@type\":\"ImageObject\",\"inLanguage\":\"az\",\"@id\":\"https:\/\/jam-news.net\/az\/#\/schema\/logo\/image\/\",\"url\":\"https:\/\/jam-news.net\/app\/uploads\/2020\/05\/JAM_w.jpg\",\"contentUrl\":\"https:\/\/jam-news.net\/app\/uploads\/2020\/05\/JAM_w.jpg\",\"width\":960,\"height\":960,\"caption\":\"JAMnews\"},\"image\":{\"@id\":\"https:\/\/jam-news.net\/az\/#\/schema\/logo\/image\/\"},\"sameAs\":[\"https:\/\/www.facebook.com\/JAMnewsInEnglish\/\",\"https:\/\/x.com\/JAMnewsCaucasus\",\"https:\/\/www.instagram.com\/jam_news\/\",\"https:\/\/www.youtube.com\/channel\/UCXQbUCme2pykuZYXWHx4VPg\"]},{\"@type\":\"Person\",\"@id\":\"https:\/\/jam-news.net\/az\/#\/schema\/person\/67df3bb7adb46cd513fb9c4cb02361c6\",\"name\":\"JAMnews\",\"image\":{\"@type\":\"ImageObject\",\"inLanguage\":\"az\",\"@id\":\"https:\/\/jam-news.net\/az\/#\/schema\/person\/image\/\",\"url\":\"https:\/\/secure.gravatar.com\/avatar\/e5c27593ef900c3ab3deed4ed1c653d7?s=96&d=mm&r=g\",\"contentUrl\":\"https:\/\/secure.gravatar.com\/avatar\/e5c27593ef900c3ab3deed4ed1c653d7?s=96&d=mm&r=g\",\"caption\":\"JAMnews\"},\"url\":\"https:\/\/jam-news.net\/az\/author\/margarita\/\"}]}<\/script>\n<!-- \/ Yoast SEO plugin. -->","yoast_head_json":{"title":"Sevgi nifr\u0259t\u0259 qalib g\u0259ldi - JAMnews","robots":{"index":"index","follow":"follow","max-snippet":"max-snippet:-1","max-image-preview":"max-image-preview:large","max-video-preview":"max-video-preview:-1"},"canonical":"https:\/\/jam-news.net\/az\/sevgi-nifr\u0259t\u0259-qalib-g\u0259ldi\/","og_locale":"az_AZ","og_type":"article","og_title":"Sevgi nifr\u0259t\u0259 qalib g\u0259ldi - JAMnews","og_description":"\u201cAvrora\u201d m\u00fckafat\u0131 laureat\u0131 \u00f6z humanitar f\u0259aliyy\u0259tini davam etdir\u0259c\u0259k","og_url":"https:\/\/jam-news.net\/az\/sevgi-nifr\u0259t\u0259-qalib-g\u0259ldi\/","og_site_name":"Azerbaijani Jamnews","article_publisher":"https:\/\/www.facebook.com\/JAMnewsInEnglish\/","article_published_time":"2016-04-29T00:00:00+00:00","article_modified_time":"2021-11-06T11:45:23+00:00","og_image":[{"url":"http:\/\/jam-news.net\/Uploads\/Publication\/1687\/ContentImages\/az-Latn-AZ\/Avrora1.jpg","type":"","width":"","height":""}],"author":"JAMnews","twitter_card":"summary_large_image","twitter_creator":"@JAMnewsCaucasus","twitter_site":"@JAMnewsCaucasus","twitter_misc":{"Written by":"JAMnews","Est. reading time":"7 minutes"},"schema":{"@context":"https:\/\/schema.org","@graph":[{"@type":"Article","@id":"https:\/\/jam-news.net\/az\/sevgi-nifr%c9%99t%c9%99-qalib-g%c9%99ldi\/#article","isPartOf":{"@id":"https:\/\/jam-news.net\/az\/sevgi-nifr%c9%99t%c9%99-qalib-g%c9%99ldi\/"},"author":{"name":"JAMnews","@id":"https:\/\/jam-news.net\/az\/#\/schema\/person\/67df3bb7adb46cd513fb9c4cb02361c6"},"headline":"Sevgi nifr\u0259t\u0259 qalib g\u0259ldi","datePublished":"2016-04-29T00:00:00+00:00","dateModified":"2021-11-06T11:45:23+00:00","mainEntityOfPage":{"@id":"https:\/\/jam-news.net\/az\/sevgi-nifr%c9%99t%c9%99-qalib-g%c9%99ldi\/"},"wordCount":1446,"commentCount":0,"publisher":{"@id":"https:\/\/jam-news.net\/az\/#organization"},"image":{"@id":"https:\/\/jam-news.net\/az\/sevgi-nifr%c9%99t%c9%99-qalib-g%c9%99ldi\/#primaryimage"},"thumbnailUrl":"http:\/\/jam-news.net\/Uploads\/Publication\/1687\/ContentImages\/az-Latn-AZ\/Avrora1.jpg","articleSection":["Armenia","From far and near","Geography","Issues","Photo","Photo\/Video","Stories"],"inLanguage":"az"},{"@type":"WebPage","@id":"https:\/\/jam-news.net\/az\/sevgi-nifr%c9%99t%c9%99-qalib-g%c9%99ldi\/","url":"https:\/\/jam-news.net\/az\/sevgi-nifr%c9%99t%c9%99-qalib-g%c9%99ldi\/","name":"Sevgi nifr\u0259t\u0259 qalib g\u0259ldi - JAMnews","isPartOf":{"@id":"https:\/\/jam-news.net\/az\/#website"},"primaryImageOfPage":{"@id":"https:\/\/jam-news.net\/az\/sevgi-nifr%c9%99t%c9%99-qalib-g%c9%99ldi\/#primaryimage"},"image":{"@id":"https:\/\/jam-news.net\/az\/sevgi-nifr%c9%99t%c9%99-qalib-g%c9%99ldi\/#primaryimage"},"thumbnailUrl":"http:\/\/jam-news.net\/Uploads\/Publication\/1687\/ContentImages\/az-Latn-AZ\/Avrora1.jpg","datePublished":"2016-04-29T00:00:00+00:00","dateModified":"2021-11-06T11:45:23+00:00","breadcrumb":{"@id":"https:\/\/jam-news.net\/az\/sevgi-nifr%c9%99t%c9%99-qalib-g%c9%99ldi\/#breadcrumb"},"inLanguage":"az","potentialAction":[{"@type":"ReadAction","target":["https:\/\/jam-news.net\/az\/sevgi-nifr%c9%99t%c9%99-qalib-g%c9%99ldi\/"]}]},{"@type":"ImageObject","inLanguage":"az","@id":"https:\/\/jam-news.net\/az\/sevgi-nifr%c9%99t%c9%99-qalib-g%c9%99ldi\/#primaryimage","url":"http:\/\/jam-news.net\/Uploads\/Publication\/1687\/ContentImages\/az-Latn-AZ\/Avrora1.jpg","contentUrl":"http:\/\/jam-news.net\/Uploads\/Publication\/1687\/ContentImages\/az-Latn-AZ\/Avrora1.jpg"},{"@type":"BreadcrumbList","@id":"https:\/\/jam-news.net\/az\/sevgi-nifr%c9%99t%c9%99-qalib-g%c9%99ldi\/#breadcrumb","itemListElement":[{"@type":"ListItem","position":1,"name":"Home","item":"https:\/\/jam-news.net\/az\/"},{"@type":"ListItem","position":2,"name":"Sevgi nifr\u0259t\u0259 qalib g\u0259ldi"}]},{"@type":"WebSite","@id":"https:\/\/jam-news.net\/az\/#website","url":"https:\/\/jam-news.net\/az\/","name":"Azerbaijani Jamnews","description":"Caucasus News, Politics and Society","publisher":{"@id":"https:\/\/jam-news.net\/az\/#organization"},"potentialAction":[{"@type":"SearchAction","target":{"@type":"EntryPoint","urlTemplate":"https:\/\/jam-news.net\/az\/?s={search_term_string}"},"query-input":{"@type":"PropertyValueSpecification","valueRequired":true,"valueName":"search_term_string"}}],"inLanguage":"az"},{"@type":"Organization","@id":"https:\/\/jam-news.net\/az\/#organization","name":"JAMnews","url":"https:\/\/jam-news.net\/az\/","logo":{"@type":"ImageObject","inLanguage":"az","@id":"https:\/\/jam-news.net\/az\/#\/schema\/logo\/image\/","url":"https:\/\/jam-news.net\/app\/uploads\/2020\/05\/JAM_w.jpg","contentUrl":"https:\/\/jam-news.net\/app\/uploads\/2020\/05\/JAM_w.jpg","width":960,"height":960,"caption":"JAMnews"},"image":{"@id":"https:\/\/jam-news.net\/az\/#\/schema\/logo\/image\/"},"sameAs":["https:\/\/www.facebook.com\/JAMnewsInEnglish\/","https:\/\/x.com\/JAMnewsCaucasus","https:\/\/www.instagram.com\/jam_news\/","https:\/\/www.youtube.com\/channel\/UCXQbUCme2pykuZYXWHx4VPg"]},{"@type":"Person","@id":"https:\/\/jam-news.net\/az\/#\/schema\/person\/67df3bb7adb46cd513fb9c4cb02361c6","name":"JAMnews","image":{"@type":"ImageObject","inLanguage":"az","@id":"https:\/\/jam-news.net\/az\/#\/schema\/person\/image\/","url":"https:\/\/secure.gravatar.com\/avatar\/e5c27593ef900c3ab3deed4ed1c653d7?s=96&d=mm&r=g","contentUrl":"https:\/\/secure.gravatar.com\/avatar\/e5c27593ef900c3ab3deed4ed1c653d7?s=96&d=mm&r=g","caption":"JAMnews"},"url":"https:\/\/jam-news.net\/az\/author\/margarita\/"}]}},"_links":{"self":[{"href":"https:\/\/jam-news.net\/az\/wp-json\/wp\/v2\/posts\/3905","targetHints":{"allow":["GET"]}}],"collection":[{"href":"https:\/\/jam-news.net\/az\/wp-json\/wp\/v2\/posts"}],"about":[{"href":"https:\/\/jam-news.net\/az\/wp-json\/wp\/v2\/types\/post"}],"author":[{"embeddable":true,"href":"https:\/\/jam-news.net\/az\/wp-json\/wp\/v2\/users\/3"}],"replies":[{"embeddable":true,"href":"https:\/\/jam-news.net\/az\/wp-json\/wp\/v2\/comments?post=3905"}],"version-history":[{"count":1,"href":"https:\/\/jam-news.net\/az\/wp-json\/wp\/v2\/posts\/3905\/revisions"}],"predecessor-version":[{"id":16317,"href":"https:\/\/jam-news.net\/az\/wp-json\/wp\/v2\/posts\/3905\/revisions\/16317"}],"wp:attachment":[{"href":"https:\/\/jam-news.net\/az\/wp-json\/wp\/v2\/media?parent=3905"}],"wp:term":[{"taxonomy":"category","embeddable":true,"href":"https:\/\/jam-news.net\/az\/wp-json\/wp\/v2\/categories?post=3905"},{"taxonomy":"post_tag","embeddable":true,"href":"https:\/\/jam-news.net\/az\/wp-json\/wp\/v2\/tags?post=3905"},{"taxonomy":"formation","embeddable":true,"href":"https:\/\/jam-news.net\/az\/wp-json\/wp\/v2\/formation?post=3905"},{"taxonomy":"post-author","embeddable":true,"href":"https:\/\/jam-news.net\/az\/wp-json\/wp\/v2\/post-author?post=3905"},{"taxonomy":"topic","embeddable":true,"href":"https:\/\/jam-news.net\/az\/wp-json\/wp\/v2\/topic?post=3905"},{"taxonomy":"tooltip","embeddable":true,"href":"https:\/\/jam-news.net\/az\/wp-json\/wp\/v2\/tooltip?post=3905"},{"taxonomy":"city","embeddable":true,"href":"https:\/\/jam-news.net\/az\/wp-json\/wp\/v2\/city?post=3905"}],"curies":[{"name":"wp","href":"https:\/\/api.w.org\/{rel}","templated":true}]}}