{"id":3803,"date":"2016-01-09T00:00:00","date_gmt":"2016-01-09T00:00:00","guid":{"rendered":"http:\/\/jam-news.net\/az\/alovla-mubariz%c9%99-aparanlarin-yeni-ili\/"},"modified":"2020-03-18T10:51:07","modified_gmt":"2020-03-18T10:51:07","slug":"alovla-mubariz%c9%99-aparanlarin-yeni-ili","status":"publish","type":"post","link":"https:\/\/jam-news.net\/az\/alovla-mubariz%c9%99-aparanlarin-yeni-ili\/","title":{"rendered":"Alovla m\u00fcbariz\u0259 aparanlar\u0131n Yeni ili"},"content":{"rendered":"<p><span style='font-size: 12pt;'>N\u0259 vaxtsa fikirl\u0259\u015fmisiz, sutkal\u0131q n&ouml;vb\u0259t&ccedil;ilikd\u0259 olan adamlar Yeni ili nec\u0259 qeyd edirl\u0259r? Dekabr\u0131n 31-i gec\u0259 ham\u0131n\u0131n bayram s&uuml;fr\u0259si arxas\u0131nda \u015f\u0259nl\u0259ndiyi vaxt, misal &uuml;&ccedil;&uuml;n, yan\u011f\u0131n s&ouml;nd&uuml;r\u0259nl\u0259r i\u015f ba\u015f\u0131nda olur v\u0259 h\u0259r an k&ouml;m\u0259y\u0259 g\u0259lm\u0259y\u0259 haz\u0131rd\u0131lar.<\/span><\/p>\n<p><span style='font-size: 12pt;'>H\u0259yat\u0131nda he&ccedil; olmasa bir d\u0259f\u0259 bunlar\u0131n &ccedil;iyinl\u0259rind\u0259 g\u0259zdirdiyi y&uuml;k&uuml; &ouml;z &uuml;z\u0259rind\u0259 hiss etm\u0259k laz\u0131md\u0131r. Biz bu il\u0259 24 saat \u0259rzind\u0259 yan\u011f\u0131n s&ouml;nd&uuml;r\u0259nl\u0259rl\u0259 n&ouml;vb\u0259t&ccedil;ilik &ccedil;\u0259km\u0259kl\u0259 ba\u015flad\u0131q. H\u0259l\u0259 ki, &ccedil;a\u011f\u0131r\u0131\u015f yoxuydu Yerevan\u0131n Xilasetm\u0259 \u0130dar\u0259sinin Erebuni \u015f&ouml;b\u0259sinin &Uuml;&ccedil;&uuml;nc&uuml; Yan\u011f\u0131ndan M&uuml;hafiz\u0259 D\u0259st\u0259sinin i\u015f&ccedil;il\u0259ri &ouml;t\u0259n illl\u0259rin Yeni il xatir\u0259l\u0259ri il\u0259 b&ouml;l&uuml;\u015f&uuml;rd&uuml;l\u0259r. <\/span><\/p>\n<p><span style='color: #ff6600;'><strong><span style='font-size: 12pt;'>Kapitan Qarnik Papoyan<\/span><\/strong><\/span><\/p>\n<p><span style='color: #ff6600;'><strong><span style='font-size: 12pt;'><\/p>\n<div><img decoding=\"async\" src=\"http:\/\/jam-news.net\/Uploads\/Publication\/459\/ContentImages\/az-Latn-AZ\/Garnik Papoyan.JPG\" \/><span class='post-image-caption'><\/span><\/div>\n<p><\/span><\/strong><\/span><\/p>\n<p><span style='font-size: 12pt;'>&ldquo;Biz h\u0259l\u0259 bir ne&ccedil;\u0259 ay qalm\u0131\u015f bu g&uuml;n n&ouml;vb\u0259t&ccedil;ilik edib-etm\u0259y\u0259c\u0259yimizi &ouml;yr\u0259nirik. 2002-ci ild\u0259n xidm\u0259t edir\u0259m, bu 13 il \u0259rzind\u0259 7 d\u0259f\u0259 Yeni ili n&ouml;vb\u0259t&ccedil;ilikd\u0259 qar\u015f\u0131lam\u0131\u015fam.<\/span><\/p>\n<p><span style='color: #ff6600;'><strong><span style='font-size: 12pt;'>&Ccedil;avu\u015f Oqanes Qevorkyan<\/span><\/strong><\/span><\/p>\n<p><span style='color: #ff6600;'><strong><span style='font-size: 12pt;'><\/p>\n<div><img decoding=\"async\" src=\"http:\/\/jam-news.net\/Uploads\/Publication\/459\/ContentImages\/az-Latn-AZ\/Hovhannes Gevorgyan.JPG\" \/><span class='post-image-caption'><\/span><\/div>\n<p><\/span><\/strong><\/span><\/p>\n<p><span style='font-size: 12pt;'>&ldquo;Bu g&uuml;n\u0259 biz nec\u0259 laz\u0131md\u0131r, haz\u0131rla\u015f\u0131r\u0131q: yolkan\u0131 b\u0259z\u0259yirik, \u0259razini b\u0259z\u0259yirik, bayram yem\u0259kl\u0259ri haz\u0131rlay\u0131b, g\u0259tiririk. Burada da ev ab-havas\u0131 yaratmaq ist\u0259yirik, ax\u0131 ilin m&uuml;\u0259yy\u0259n hiss\u0259sini biz xidm\u0259td\u0259, bax bu otaqlarda ke&ccedil;iririk. Amma bayram &ouml;z yerind\u0259, xidm\u0259t &ouml;z yerind\u0259. Yeni il ab-havas\u0131 biz\u0259 say\u0131ql\u0131\u011f\u0131m\u0131z\u0131 \u0259ld\u0259n verm\u0259y\u0259 mane olmur.<\/span><\/p>\n<p style='text-align: center;'><span style='font-size: 12pt;'><\/p>\n<div><img decoding=\"async\" src=\"http:\/\/jam-news.net\/Uploads\/Publication\/459\/ContentImages\/az-Latn-AZ\/firemen_tree1.jpg\" \/><span class='post-image-caption'><\/span><\/div>\n<p><\/span><\/p>\n<p><span style='color: #ff6600;'><strong><span style='font-size: 12pt;'>&Ccedil;avu\u015f Ayk Mardanyan<\/span><\/strong><\/span><\/p>\n<p><span style='font-size: 12pt;'>&ldquo;Ail\u0259m h\u0259mi\u015f\u0259 ist\u0259yir ki, m\u0259n bu g&uuml;n&uuml; onlarla ke&ccedil;irim, amma onlar i\u015fimin nec\u0259 vacid oldu\u011funu g&ouml;z\u0259l ba\u015fa d&uuml;\u015f&uuml;rl\u0259r, m\u0259nim pe\u015f\u0259m\u0259 h&ouml;rm\u0259tl\u0259 yana\u015f\u0131rlar. Saat 12-ni vuranda m\u0259n &uuml;r\u0259yimd\u0259 arzu tuturam ki, n&ouml;vb\u0259t&ccedil;ilik hadis\u0259siz ke&ccedil;sin, insanlar Yeni ili &ouml;zl\u0259rinin isti rahat evl\u0259rind\u0259 problemsiz ke&ccedil;irsinl\u0259r. Ax\u0131 bizim d\u0259 evimiz, ail\u0259miz, u\u015faqlar\u0131m\u0131z var.<\/span><\/p>\n<p><span style='color: #ff6600;'><strong><span style='font-size: 12pt;'>Kapitan Qarnik Papoyan <\/span><\/strong><\/span><\/p>\n<p><span style='font-size: 12pt;'>&ldquo;Bir ne&ccedil;\u0259 il \u0259vv\u0259l, gec\u0259 saat 12-ni vurandan bir ne&ccedil;\u0259 d\u0259qiq\u0259 sonra biz m\u0259lumat ald\u0131q ki, evl\u0259rd\u0259n birind\u0259 yan\u011f\u0131n ba\u015flay\u0131b. Hadis\u0259 yerin\u0259 getdik, m\u0259lum oldu ki, eyvanda kabab bi\u015firirl\u0259rmi\u015f, qon\u015fular da el\u0259 bilib ki, yan\u011f\u0131nd\u0131 v\u0259 qorxuya d&uuml;\u015f&uuml;bl\u0259r.<\/span><\/p>\n<p><span style='font-size: 12pt;'><\/p>\n<div><img decoding=\"async\" src=\"http:\/\/jam-news.net\/Uploads\/Publication\/459\/ContentImages\/az-Latn-AZ\/IMG_4557.JPG\" \/><span class='post-image-caption'><\/span><\/div>\n<p><\/span><\/p>\n<p><span style='color: #ff6600;'><strong><span style='font-size: 12pt;'>&Ccedil;avu\u015f Ayk Mardanyan <\/span><\/strong><\/span><\/p>\n<p><span style='font-size: 12pt;'>&ldquo;Bu g&uuml;nl\u0259rd\u0259 insanlar h\u0259mi\u015f\u0259kind\u0259n daha diqq\u0259tsiz olurlar, yan\u011f\u0131nla r\u0259ftar qaydalar\u0131na riay\u0259t etmirl\u0259r. Hadis\u0259 yerin\u0259 g\u0259lib &ccedil;\u0131x\u0131r\u0131q, m\u0259lum olur ki, art\u0131q kefl\u0259n\u0259n ev sahibl\u0259ri q\u0131zd\u0131r\u0131c\u0131 cihaz\u0131 yan\u0131l\u0131 qoyublar, naqill\u0259r b\u0259rk q\u0131z\u0131b, bundan da q\u0131sa qapanma, dal\u0131nca da yan\u011f\u0131n ba\u015f verib.<\/span><\/p>\n<p><span style='color: #ff6600;'><strong><span style='font-size: 12pt;'>&Ccedil;avu\u015f Artur Martirosyan <\/span><\/strong><\/span><\/p>\n<p><span style='font-size: 12pt;'><\/p>\n<div><img decoding=\"async\" src=\"http:\/\/jam-news.net\/Uploads\/Publication\/459\/ContentImages\/az-Latn-AZ\/Artur Martirosyan.JPG\" \/><span class='post-image-caption'><\/span><\/div>\n<p><\/span><\/p>\n<p><span style='font-size: 12pt;'>&ldquo;Bu hadis\u0259 iki il \u0259vv\u0259l olub, biz yen\u0259 d\u0259 Yeni il gec\u0259sind\u0259 n&ouml;vb\u0259 &ccedil;\u0259kirdik. Gec\u0259 yar\u0131ya bir az qalm\u0131\u015f m\u0259lumat ald\u0131q ki, Razdan d\u0259r\u0259sind\u0259ki &ldquo;Parvana restoran\u0131nda yan\u011f\u0131n ba\u015flay\u0131b. Hadis\u0259 yerin\u0259 getdik, &ccedil;ox b&ouml;y&uuml;k yan\u011f\u0131n\u0131yd\u0131, bir &ccedil;ox Yerevan d\u0259st\u0259l\u0259ri art\u0131q ordayd\u0131. Ancaq bir ne&ccedil;\u0259 saatdan sonra qay\u0131da bildik, t\u0259p\u0259d\u0259n d\u0131rna\u011fa q\u0259d\u0259r islanm\u0131\u015fd\u0131q. Bu m\u0259nim &uuml;&ccedil;&uuml;n \u0259n yadda qalan Yeni il oldu.<\/span><\/p>\n<p><span style='color: #ff6600;'><strong><span style='font-size: 12pt;'>Gizir Aram Petrosyan<\/span><\/strong><\/span><\/p>\n<p><span style='font-size: 12pt;'><\/p>\n<div><img decoding=\"async\" src=\"http:\/\/jam-news.net\/Uploads\/Publication\/459\/ContentImages\/az-Latn-AZ\/Aram Petrosyan.JPG\" \/><span class='post-image-caption'><\/span><\/div>\n<p><\/span><\/p>\n<p><span style='font-size: 12pt;'>&ldquo;D\u0259st\u0259mizd\u0259 Yeni ill\u0259 ba\u011fl\u0131 bir \u0259n\u0259n\u0259 var. Yanvar\u0131n biri s\u0259h\u0259r, n&ouml;vb\u0259t&ccedil;iliyi t\u0259hvil ver\u0259nd\u0259n sonra n&ouml;vb\u0259 il\u0259 d\u0259st\u0259mizin b&uuml;t&uuml;n &uuml;zvl\u0259rinin evin\u0259 bir-bir gedirik. Kimins\u0259 b\u0259xti g\u0259tirmir, &ccedil;&uuml;nki onun evin\u0259 \u0259n ax\u0131r\u0131nc\u0131 gedib &ccedil;\u0131x\u0131r\u0131q, y\u0259ni o evin\u0259 \u0259n ax\u0131r\u0131nc\u0131 g\u0259lir. F&ouml;vq\u0259lad\u0259 \u015f\u0259raitd\u0259 xidm\u0259t bizi bir-birimiz\u0259 &ccedil;ox yax\u0131nla\u015fd\u0131r\u0131r, birl\u0259\u015fdirir, biz ist\u0259nil\u0259n anda insanlar\u0131n k&ouml;m\u0259yin\u0259 g\u0259lm\u0259y\u0259 haz\u0131r olan bir ail\u0259y\u0259, komandaya &ccedil;evrilirik.<\/span><\/p>\n<p><span style='color: #ff6600;'><strong><span style='font-size: 12pt;'>Kapitan Qarnik Papoyan <\/span><\/strong><\/span><\/p>\n<p><span style='font-size: 12pt;'>&ldquo;Bir hadis\u0259 d\u0259 yad\u0131ma d&uuml;\u015fd&uuml;. Yeni il n&ouml;vb\u0259t&ccedil;iliyi vaxt\u0131, gec\u0259 saat 12-d\u0259n sonra &ccedil;a\u011f\u0131r\u0131\u015f oldu. Bir ne&ccedil;\u0259 d\u0259qiq\u0259 ke&ccedil;\u0259nd\u0259n sonra biz art\u0131q hadis\u0259 yerind\u0259dik. Dem\u0259, &ccedil;a\u011f\u0131r\u0131\u015f yanl\u0131\u015f\u0131yd\u0131, he&ccedil; n\u0259 ba\u015f verm\u0259mi\u015fdi! Bizi &ccedil;a\u011f\u0131ran adam &ccedil;ox ciddi bir ifad\u0259yl\u0259 m\u0259nim &uuml;z&uuml;m\u0259 baxaraq, soru\u015fdu: &ldquo;Qarda\u015f, sizin yan\u011f\u0131n s&ouml;nd&uuml;rm\u0259 ma\u015f\u0131n\u0131nda ehtiyatda araq \u015f&uuml;\u015f\u0259si yoxdur ki? Onu g&ouml;t&uuml;r&uuml;b, yan\u0131ma qalx\u0131n, xahi\u015f edir\u0259m. Bilmirdik, g&uuml;l\u0259k ya a\u011flayaq. T\u0259brik edib, &ccedil;\u0131xd\u0131q. H\u0259qiq\u0259t\u0259n d\u0259 yan\u011f\u0131n, b\u0259db\u0259xt hadis\u0259l\u0259r, qurbanlar olmaqdansa, bel\u0259 hadis\u0259l\u0259r yax\u015f\u0131d\u0131r.<\/span><\/p>\n<p><span style='font-size: 12pt;'><\/p>\n<div><img decoding=\"async\" src=\"http:\/\/jam-news.net\/Uploads\/Publication\/459\/ContentImages\/az-Latn-AZ\/IMG_4560.JPG\" \/><span class='post-image-caption'><\/span><\/div>\n<p><\/span><\/p>\n<p><span style='font-size: 12pt;'>&Ccedil;avu\u015f Mardanyan\u0131n arzusu yerin\u0259 yetdi, bu Yeni il hadis\u0259siz &ouml;t&uuml;\u015fd&uuml;. T\u0259bii ki, biz d\u0259 yan\u011f\u0131n s&ouml;nd&uuml;r\u0259nl\u0259ri i\u015f ba\u015f\u0131nda g&ouml;rm\u0259dik. D&uuml;zd&uuml;r, bu &ccedil;ox maraql\u0131 ola bil\u0259rdi, amma n&ouml;vb\u0259t&ccedil;iliyin sakit ke&ccedil;diyin\u0259 d\u0259 sevindik. Kapitan Papoyan\u0131n komandas\u0131 n&ouml;vb\u0259ni t\u0259hvil verib, h\u0259r il t\u0259krarlanan rituala ke&ccedil;\u0259r\u0259k, qrup &uuml;zvl\u0259rinin evl\u0259rini bir-bir g\u0259zm\u0259y\u0259 getdi.<\/span><\/p>\n","protected":false},"excerpt":{"rendered":"<p>\u201cGec\u0259 saat 12-ni vuranda, \u00fcr\u0259yimd\u0259 arzu tuturam ki, n\u00f6vb\u0259t\u00e7ilik hadis\u0259siz ke\u00e7sin\u201d<\/p>\n","protected":false},"author":3,"featured_media":0,"comment_status":"open","ping_status":"open","sticky":false,"template":"","format":"standard","meta":{"_acf_changed":false,"footnotes":""},"categories":[25],"tags":[],"formation":[],"post-author":[3800],"topic":[],"tooltip":[],"city":[],"class_list":["post-3803","post","type-post","status-publish","format-standard","hentry","category-cmiyyt","post-author-suren-stepanyan"],"acf":[],"yoast_head":"<!-- This site is optimized with the Yoast SEO plugin v24.1 - https:\/\/yoast.com\/wordpress\/plugins\/seo\/ -->\n<title>Alovla m\u00fcbariz\u0259 aparanlar\u0131n Yeni ili - JAMnews<\/title>\n<meta name=\"robots\" content=\"index, follow, max-snippet:-1, max-image-preview:large, max-video-preview:-1\" \/>\n<link rel=\"canonical\" href=\"https:\/\/jam-news.net\/az\/alovla-mubariz\u0259-aparanlarin-yeni-ili\/\" \/>\n<meta property=\"og:locale\" content=\"az_AZ\" \/>\n<meta property=\"og:type\" content=\"article\" \/>\n<meta property=\"og:title\" content=\"Alovla m\u00fcbariz\u0259 aparanlar\u0131n Yeni ili - JAMnews\" \/>\n<meta property=\"og:description\" content=\"\u201cGec\u0259 saat 12-ni vuranda, \u00fcr\u0259yimd\u0259 arzu tuturam ki, n\u00f6vb\u0259t\u00e7ilik hadis\u0259siz ke\u00e7sin\u201d\" \/>\n<meta property=\"og:url\" content=\"https:\/\/jam-news.net\/az\/alovla-mubariz\u0259-aparanlarin-yeni-ili\/\" \/>\n<meta property=\"og:site_name\" content=\"Azerbaijani Jamnews\" \/>\n<meta property=\"article:publisher\" content=\"https:\/\/www.facebook.com\/JAMnewsInEnglish\/\" \/>\n<meta property=\"article:published_time\" content=\"2016-01-09T00:00:00+00:00\" \/>\n<meta property=\"article:modified_time\" content=\"2020-03-18T10:51:07+00:00\" \/>\n<meta property=\"og:image\" content=\"http:\/\/jam-news.net\/Uploads\/Publication\/459\/ContentImages\/az-Latn-AZ\/firemen_tree1.jpg\" \/>\n<meta name=\"author\" content=\"JAMnews\" \/>\n<meta name=\"twitter:card\" content=\"summary_large_image\" \/>\n<meta name=\"twitter:creator\" content=\"@JAMnewsCaucasus\" \/>\n<meta name=\"twitter:site\" content=\"@JAMnewsCaucasus\" \/>\n<meta name=\"twitter:label1\" content=\"Written by\" \/>\n\t<meta name=\"twitter:data1\" content=\"JAMnews\" \/>\n\t<meta name=\"twitter:label2\" content=\"Est. reading time\" \/>\n\t<meta name=\"twitter:data2\" content=\"5 minutes\" \/>\n<script type=\"application\/ld+json\" class=\"yoast-schema-graph\">{\"@context\":\"https:\/\/schema.org\",\"@graph\":[{\"@type\":\"Article\",\"@id\":\"https:\/\/jam-news.net\/az\/alovla-mubariz%c9%99-aparanlarin-yeni-ili\/#article\",\"isPartOf\":{\"@id\":\"https:\/\/jam-news.net\/az\/alovla-mubariz%c9%99-aparanlarin-yeni-ili\/\"},\"author\":{\"name\":\"JAMnews\",\"@id\":\"https:\/\/jam-news.net\/az\/#\/schema\/person\/67df3bb7adb46cd513fb9c4cb02361c6\"},\"headline\":\"Alovla m\u00fcbariz\u0259 aparanlar\u0131n Yeni ili\",\"datePublished\":\"2016-01-09T00:00:00+00:00\",\"dateModified\":\"2020-03-18T10:51:07+00:00\",\"mainEntityOfPage\":{\"@id\":\"https:\/\/jam-news.net\/az\/alovla-mubariz%c9%99-aparanlarin-yeni-ili\/\"},\"wordCount\":1033,\"commentCount\":0,\"publisher\":{\"@id\":\"https:\/\/jam-news.net\/az\/#organization\"},\"image\":{\"@id\":\"https:\/\/jam-news.net\/az\/alovla-mubariz%c9%99-aparanlarin-yeni-ili\/#primaryimage\"},\"thumbnailUrl\":\"http:\/\/jam-news.net\/Uploads\/Publication\/459\/ContentImages\/az-Latn-AZ\/firemen_tree1.jpg\",\"articleSection\":[\"Issues\"],\"inLanguage\":\"az\"},{\"@type\":\"WebPage\",\"@id\":\"https:\/\/jam-news.net\/az\/alovla-mubariz%c9%99-aparanlarin-yeni-ili\/\",\"url\":\"https:\/\/jam-news.net\/az\/alovla-mubariz%c9%99-aparanlarin-yeni-ili\/\",\"name\":\"Alovla m\u00fcbariz\u0259 aparanlar\u0131n Yeni ili - JAMnews\",\"isPartOf\":{\"@id\":\"https:\/\/jam-news.net\/az\/#website\"},\"primaryImageOfPage\":{\"@id\":\"https:\/\/jam-news.net\/az\/alovla-mubariz%c9%99-aparanlarin-yeni-ili\/#primaryimage\"},\"image\":{\"@id\":\"https:\/\/jam-news.net\/az\/alovla-mubariz%c9%99-aparanlarin-yeni-ili\/#primaryimage\"},\"thumbnailUrl\":\"http:\/\/jam-news.net\/Uploads\/Publication\/459\/ContentImages\/az-Latn-AZ\/firemen_tree1.jpg\",\"datePublished\":\"2016-01-09T00:00:00+00:00\",\"dateModified\":\"2020-03-18T10:51:07+00:00\",\"breadcrumb\":{\"@id\":\"https:\/\/jam-news.net\/az\/alovla-mubariz%c9%99-aparanlarin-yeni-ili\/#breadcrumb\"},\"inLanguage\":\"az\",\"potentialAction\":[{\"@type\":\"ReadAction\",\"target\":[\"https:\/\/jam-news.net\/az\/alovla-mubariz%c9%99-aparanlarin-yeni-ili\/\"]}]},{\"@type\":\"ImageObject\",\"inLanguage\":\"az\",\"@id\":\"https:\/\/jam-news.net\/az\/alovla-mubariz%c9%99-aparanlarin-yeni-ili\/#primaryimage\",\"url\":\"http:\/\/jam-news.net\/Uploads\/Publication\/459\/ContentImages\/az-Latn-AZ\/firemen_tree1.jpg\",\"contentUrl\":\"http:\/\/jam-news.net\/Uploads\/Publication\/459\/ContentImages\/az-Latn-AZ\/firemen_tree1.jpg\"},{\"@type\":\"BreadcrumbList\",\"@id\":\"https:\/\/jam-news.net\/az\/alovla-mubariz%c9%99-aparanlarin-yeni-ili\/#breadcrumb\",\"itemListElement\":[{\"@type\":\"ListItem\",\"position\":1,\"name\":\"Home\",\"item\":\"https:\/\/jam-news.net\/az\/\"},{\"@type\":\"ListItem\",\"position\":2,\"name\":\"Alovla m\u00fcbariz\u0259 aparanlar\u0131n Yeni ili\"}]},{\"@type\":\"WebSite\",\"@id\":\"https:\/\/jam-news.net\/az\/#website\",\"url\":\"https:\/\/jam-news.net\/az\/\",\"name\":\"Azerbaijani Jamnews\",\"description\":\"Caucasus News, Politics and Society\",\"publisher\":{\"@id\":\"https:\/\/jam-news.net\/az\/#organization\"},\"potentialAction\":[{\"@type\":\"SearchAction\",\"target\":{\"@type\":\"EntryPoint\",\"urlTemplate\":\"https:\/\/jam-news.net\/az\/?s={search_term_string}\"},\"query-input\":{\"@type\":\"PropertyValueSpecification\",\"valueRequired\":true,\"valueName\":\"search_term_string\"}}],\"inLanguage\":\"az\"},{\"@type\":\"Organization\",\"@id\":\"https:\/\/jam-news.net\/az\/#organization\",\"name\":\"JAMnews\",\"url\":\"https:\/\/jam-news.net\/az\/\",\"logo\":{\"@type\":\"ImageObject\",\"inLanguage\":\"az\",\"@id\":\"https:\/\/jam-news.net\/az\/#\/schema\/logo\/image\/\",\"url\":\"https:\/\/jam-news.net\/app\/uploads\/2020\/05\/JAM_w.jpg\",\"contentUrl\":\"https:\/\/jam-news.net\/app\/uploads\/2020\/05\/JAM_w.jpg\",\"width\":960,\"height\":960,\"caption\":\"JAMnews\"},\"image\":{\"@id\":\"https:\/\/jam-news.net\/az\/#\/schema\/logo\/image\/\"},\"sameAs\":[\"https:\/\/www.facebook.com\/JAMnewsInEnglish\/\",\"https:\/\/x.com\/JAMnewsCaucasus\",\"https:\/\/www.instagram.com\/jam_news\/\",\"https:\/\/www.youtube.com\/channel\/UCXQbUCme2pykuZYXWHx4VPg\"]},{\"@type\":\"Person\",\"@id\":\"https:\/\/jam-news.net\/az\/#\/schema\/person\/67df3bb7adb46cd513fb9c4cb02361c6\",\"name\":\"JAMnews\",\"image\":{\"@type\":\"ImageObject\",\"inLanguage\":\"az\",\"@id\":\"https:\/\/jam-news.net\/az\/#\/schema\/person\/image\/\",\"url\":\"https:\/\/secure.gravatar.com\/avatar\/e5c27593ef900c3ab3deed4ed1c653d7?s=96&d=mm&r=g\",\"contentUrl\":\"https:\/\/secure.gravatar.com\/avatar\/e5c27593ef900c3ab3deed4ed1c653d7?s=96&d=mm&r=g\",\"caption\":\"JAMnews\"},\"url\":\"https:\/\/jam-news.net\/az\/author\/margarita\/\"}]}<\/script>\n<!-- \/ Yoast SEO plugin. -->","yoast_head_json":{"title":"Alovla m\u00fcbariz\u0259 aparanlar\u0131n Yeni ili - JAMnews","robots":{"index":"index","follow":"follow","max-snippet":"max-snippet:-1","max-image-preview":"max-image-preview:large","max-video-preview":"max-video-preview:-1"},"canonical":"https:\/\/jam-news.net\/az\/alovla-mubariz\u0259-aparanlarin-yeni-ili\/","og_locale":"az_AZ","og_type":"article","og_title":"Alovla m\u00fcbariz\u0259 aparanlar\u0131n Yeni ili - JAMnews","og_description":"\u201cGec\u0259 saat 12-ni vuranda, \u00fcr\u0259yimd\u0259 arzu tuturam ki, n\u00f6vb\u0259t\u00e7ilik hadis\u0259siz ke\u00e7sin\u201d","og_url":"https:\/\/jam-news.net\/az\/alovla-mubariz\u0259-aparanlarin-yeni-ili\/","og_site_name":"Azerbaijani Jamnews","article_publisher":"https:\/\/www.facebook.com\/JAMnewsInEnglish\/","article_published_time":"2016-01-09T00:00:00+00:00","article_modified_time":"2020-03-18T10:51:07+00:00","og_image":[{"url":"http:\/\/jam-news.net\/Uploads\/Publication\/459\/ContentImages\/az-Latn-AZ\/firemen_tree1.jpg","type":"","width":"","height":""}],"author":"JAMnews","twitter_card":"summary_large_image","twitter_creator":"@JAMnewsCaucasus","twitter_site":"@JAMnewsCaucasus","twitter_misc":{"Written by":"JAMnews","Est. reading time":"5 minutes"},"schema":{"@context":"https:\/\/schema.org","@graph":[{"@type":"Article","@id":"https:\/\/jam-news.net\/az\/alovla-mubariz%c9%99-aparanlarin-yeni-ili\/#article","isPartOf":{"@id":"https:\/\/jam-news.net\/az\/alovla-mubariz%c9%99-aparanlarin-yeni-ili\/"},"author":{"name":"JAMnews","@id":"https:\/\/jam-news.net\/az\/#\/schema\/person\/67df3bb7adb46cd513fb9c4cb02361c6"},"headline":"Alovla m\u00fcbariz\u0259 aparanlar\u0131n Yeni ili","datePublished":"2016-01-09T00:00:00+00:00","dateModified":"2020-03-18T10:51:07+00:00","mainEntityOfPage":{"@id":"https:\/\/jam-news.net\/az\/alovla-mubariz%c9%99-aparanlarin-yeni-ili\/"},"wordCount":1033,"commentCount":0,"publisher":{"@id":"https:\/\/jam-news.net\/az\/#organization"},"image":{"@id":"https:\/\/jam-news.net\/az\/alovla-mubariz%c9%99-aparanlarin-yeni-ili\/#primaryimage"},"thumbnailUrl":"http:\/\/jam-news.net\/Uploads\/Publication\/459\/ContentImages\/az-Latn-AZ\/firemen_tree1.jpg","articleSection":["Issues"],"inLanguage":"az"},{"@type":"WebPage","@id":"https:\/\/jam-news.net\/az\/alovla-mubariz%c9%99-aparanlarin-yeni-ili\/","url":"https:\/\/jam-news.net\/az\/alovla-mubariz%c9%99-aparanlarin-yeni-ili\/","name":"Alovla m\u00fcbariz\u0259 aparanlar\u0131n Yeni ili - JAMnews","isPartOf":{"@id":"https:\/\/jam-news.net\/az\/#website"},"primaryImageOfPage":{"@id":"https:\/\/jam-news.net\/az\/alovla-mubariz%c9%99-aparanlarin-yeni-ili\/#primaryimage"},"image":{"@id":"https:\/\/jam-news.net\/az\/alovla-mubariz%c9%99-aparanlarin-yeni-ili\/#primaryimage"},"thumbnailUrl":"http:\/\/jam-news.net\/Uploads\/Publication\/459\/ContentImages\/az-Latn-AZ\/firemen_tree1.jpg","datePublished":"2016-01-09T00:00:00+00:00","dateModified":"2020-03-18T10:51:07+00:00","breadcrumb":{"@id":"https:\/\/jam-news.net\/az\/alovla-mubariz%c9%99-aparanlarin-yeni-ili\/#breadcrumb"},"inLanguage":"az","potentialAction":[{"@type":"ReadAction","target":["https:\/\/jam-news.net\/az\/alovla-mubariz%c9%99-aparanlarin-yeni-ili\/"]}]},{"@type":"ImageObject","inLanguage":"az","@id":"https:\/\/jam-news.net\/az\/alovla-mubariz%c9%99-aparanlarin-yeni-ili\/#primaryimage","url":"http:\/\/jam-news.net\/Uploads\/Publication\/459\/ContentImages\/az-Latn-AZ\/firemen_tree1.jpg","contentUrl":"http:\/\/jam-news.net\/Uploads\/Publication\/459\/ContentImages\/az-Latn-AZ\/firemen_tree1.jpg"},{"@type":"BreadcrumbList","@id":"https:\/\/jam-news.net\/az\/alovla-mubariz%c9%99-aparanlarin-yeni-ili\/#breadcrumb","itemListElement":[{"@type":"ListItem","position":1,"name":"Home","item":"https:\/\/jam-news.net\/az\/"},{"@type":"ListItem","position":2,"name":"Alovla m\u00fcbariz\u0259 aparanlar\u0131n Yeni ili"}]},{"@type":"WebSite","@id":"https:\/\/jam-news.net\/az\/#website","url":"https:\/\/jam-news.net\/az\/","name":"Azerbaijani Jamnews","description":"Caucasus News, Politics and Society","publisher":{"@id":"https:\/\/jam-news.net\/az\/#organization"},"potentialAction":[{"@type":"SearchAction","target":{"@type":"EntryPoint","urlTemplate":"https:\/\/jam-news.net\/az\/?s={search_term_string}"},"query-input":{"@type":"PropertyValueSpecification","valueRequired":true,"valueName":"search_term_string"}}],"inLanguage":"az"},{"@type":"Organization","@id":"https:\/\/jam-news.net\/az\/#organization","name":"JAMnews","url":"https:\/\/jam-news.net\/az\/","logo":{"@type":"ImageObject","inLanguage":"az","@id":"https:\/\/jam-news.net\/az\/#\/schema\/logo\/image\/","url":"https:\/\/jam-news.net\/app\/uploads\/2020\/05\/JAM_w.jpg","contentUrl":"https:\/\/jam-news.net\/app\/uploads\/2020\/05\/JAM_w.jpg","width":960,"height":960,"caption":"JAMnews"},"image":{"@id":"https:\/\/jam-news.net\/az\/#\/schema\/logo\/image\/"},"sameAs":["https:\/\/www.facebook.com\/JAMnewsInEnglish\/","https:\/\/x.com\/JAMnewsCaucasus","https:\/\/www.instagram.com\/jam_news\/","https:\/\/www.youtube.com\/channel\/UCXQbUCme2pykuZYXWHx4VPg"]},{"@type":"Person","@id":"https:\/\/jam-news.net\/az\/#\/schema\/person\/67df3bb7adb46cd513fb9c4cb02361c6","name":"JAMnews","image":{"@type":"ImageObject","inLanguage":"az","@id":"https:\/\/jam-news.net\/az\/#\/schema\/person\/image\/","url":"https:\/\/secure.gravatar.com\/avatar\/e5c27593ef900c3ab3deed4ed1c653d7?s=96&d=mm&r=g","contentUrl":"https:\/\/secure.gravatar.com\/avatar\/e5c27593ef900c3ab3deed4ed1c653d7?s=96&d=mm&r=g","caption":"JAMnews"},"url":"https:\/\/jam-news.net\/az\/author\/margarita\/"}]}},"_links":{"self":[{"href":"https:\/\/jam-news.net\/az\/wp-json\/wp\/v2\/posts\/3803","targetHints":{"allow":["GET"]}}],"collection":[{"href":"https:\/\/jam-news.net\/az\/wp-json\/wp\/v2\/posts"}],"about":[{"href":"https:\/\/jam-news.net\/az\/wp-json\/wp\/v2\/types\/post"}],"author":[{"embeddable":true,"href":"https:\/\/jam-news.net\/az\/wp-json\/wp\/v2\/users\/3"}],"replies":[{"embeddable":true,"href":"https:\/\/jam-news.net\/az\/wp-json\/wp\/v2\/comments?post=3803"}],"version-history":[{"count":1,"href":"https:\/\/jam-news.net\/az\/wp-json\/wp\/v2\/posts\/3803\/revisions"}],"predecessor-version":[{"id":16475,"href":"https:\/\/jam-news.net\/az\/wp-json\/wp\/v2\/posts\/3803\/revisions\/16475"}],"wp:attachment":[{"href":"https:\/\/jam-news.net\/az\/wp-json\/wp\/v2\/media?parent=3803"}],"wp:term":[{"taxonomy":"category","embeddable":true,"href":"https:\/\/jam-news.net\/az\/wp-json\/wp\/v2\/categories?post=3803"},{"taxonomy":"post_tag","embeddable":true,"href":"https:\/\/jam-news.net\/az\/wp-json\/wp\/v2\/tags?post=3803"},{"taxonomy":"formation","embeddable":true,"href":"https:\/\/jam-news.net\/az\/wp-json\/wp\/v2\/formation?post=3803"},{"taxonomy":"post-author","embeddable":true,"href":"https:\/\/jam-news.net\/az\/wp-json\/wp\/v2\/post-author?post=3803"},{"taxonomy":"topic","embeddable":true,"href":"https:\/\/jam-news.net\/az\/wp-json\/wp\/v2\/topic?post=3803"},{"taxonomy":"tooltip","embeddable":true,"href":"https:\/\/jam-news.net\/az\/wp-json\/wp\/v2\/tooltip?post=3803"},{"taxonomy":"city","embeddable":true,"href":"https:\/\/jam-news.net\/az\/wp-json\/wp\/v2\/city?post=3803"}],"curies":[{"name":"wp","href":"https:\/\/api.w.org\/{rel}","templated":true}]}}