{"id":3613,"date":"2016-06-30T00:00:00","date_gmt":"2016-06-30T00:00:00","guid":{"rendered":"http:\/\/jam-news.net\/az\/armen-sarqsyan-yerevan-2\/"},"modified":"2016-06-30T00:00:00","modified_gmt":"2016-06-30T00:00:00","slug":"armen-sarqsyan-yerevan-2","status":"publish","type":"post","link":"https:\/\/jam-news.net\/az\/armen-sarqsyan-yerevan-2\/","title":{"rendered":"Armen Sarqsyan, Yerevan"},"content":{"rendered":"<p><span style=\"font-size: 12pt;\">Erm\u0259ni m\u0259tbuat\u0131nda bu yax\u0131nlarda Mendeleyev c\u0259dv\u0259lin\u0259 daha d\u00f6rd yeni elementin daxil edilm\u0259si haqda m\u0259lumat yay\u0131ld\u0131. Bu elementl\u0259r Rusiyada Flerova ad\u0131na Birl\u0259\u015fmi\u015f N\u00fcv\u0259 T\u0259dqiqatlar\u0131 \u0130nstitutunda AB\u015e v\u0259 Yaponiyan\u0131n \u0259m\u0259kda\u015fl\u0131\u011f\u0131 il\u0259 k\u0259\u015ff edilib.<\/span><\/p>\n<p><span style=\"font-size: 12pt;\">Elementl\u0259r \u015f\u0259rti olaraq AB\u015e-dak\u0131 Tennesi \u015ftat\u0131 (Tn &#8211; tennessine), Yaponiya (Nh &#8211; nihonium), Moskva (Ms &#8211; moscovium) v\u0259 bir akademikin \u015f\u0259r\u0259fin\u0259 (Og &#8211; oganesson) adland\u0131r\u0131l\u0131b.<\/span><\/p>\n<p><span style=\"font-size: 12pt;\">Bu siyah\u0131da erm\u0259nil\u0259ri daha \u00e7ox Og- ohanesson maraqland\u0131r\u0131b, \u00e7\u00fcnki laboratoriya r\u0259hb\u0259ri akademik Yuri Ohanesyan\u0131n \u015f\u0259r\u0259fin\u0259 adland\u0131r\u0131l\u0131b.<\/span><\/p>\n<p><img loading=\"lazy\" decoding=\"async\" class=\"aligncenter wp-image-42982 size-full\" src=\"http:\/\/jam-news.net\/app\/uploads\/2016\/06\/1og.jpg\" width=\"452\" height=\"302\" \/><\/p>\n<div><\/div>\n<p style=\"text-align: center;\"><span style=\"font-size: 8pt; color: #800000;\"><strong>Yuri Tsolakovi\u00e7 Ohanesyan, foto: \u0130tar-Tass<\/strong><\/span><\/p>\n<p><span style=\"font-size: 12pt;\">Ohanesson olmasayd\u0131, bizi bu m\u0259lumat \u00e7\u0259tin maraqland\u0131rard\u0131. Daha \u00e7ox c\u0259dv\u0259lin yeni \u201csakinl\u0259ri m\u0259kt\u0259b \u015fagirdl\u0259rini m\u0259yus ed\u0259c\u0259k: \u0259zb\u0259rl\u0259n\u0259si az \u015fey varm\u0131\u015f kimi. Bu yeni elementl\u0259rin daha kimin g\u0259r\u0259yin\u0259 laz\u0131m ola bilm\u0259si bizi az maraqland\u0131r\u0131r.<\/span><\/p>\n<p><span style=\"font-size: 12pt;\">S\u00f6z\u00fcn d\u00fcz\u00fc, bunda bizim g\u00fcnah\u0131m\u0131z yoxdur. T\u0259s\u0259vv\u00fcr edin ki, hans\u0131sa alim siz\u0259 i\u015f\u0131\u011f\u0131n atom buxarlar\u0131nda informasiyan\u0131 nec\u0259 saxlamas\u0131 v\u0259 \u00f6t\u00fcrm\u0259si bar\u0259d\u0259 dan\u0131\u015f\u0131r. N\u0259 olsun ki? Bu, kim\u0259 maraql\u0131 ola bil\u0259r? Ancaq ba\u015fqa alim\u0259.<\/span><\/p>\n<p><span style=\"font-size: 12pt;\">Ancaq bu t\u0259cr\u00fcb\u0259d\u0259n 35 il sonra hans\u0131sa LCD-televizor yarad\u0131lsa (\u0259slind\u0259 bel\u0259 d\u0259 olub), biz t\u0259miz vicdanla onun yax\u015f\u0131 keyfiyy\u0259tind\u0259n h\u0259zz alaca\u011f\u0131q. H\u0259min aliml\u0259 bu haqda dan\u0131\u015fma\u011fa \u00e7al\u0131\u015fsaq, art\u0131q o dey\u0259c\u0259k ki, n\u0259 olsun ki? Alim \u00fc\u00e7\u00fcn bu, fokus\u00e7unun i\u015fin\u0259 onun k\u00fcr\u0259yinin arxas\u0131ndan baxma\u011fa b\u0259nz\u0259yir.<\/span><\/p>\n<p><span style=\"font-size: 12pt;\">Misal \u00fc\u00e7\u00fcn, xinidind\u0259n xinolun sintezi bizd\u0259 x\u00fcsusi bir emosiya yaratm\u0131r.<\/span><\/p>\n<div style=\"text-align: center;\"><img decoding=\"async\" class=\"aligncenter\" src=\"http:\/\/jam-news.net\/Uploads\/Publication\/1817\/ContentImages\/az-Latn-AZ\/2.png\" \/><span style=\"font-size: 8pt; color: #800000;\"><strong>Xinol k\u00fcr\u0259cikl\u0259ri 3D-d\u0259, foto: Vikipediya<\/strong><\/span><\/div>\n<p style=\"text-align: left;\"><span style=\"font-size: 12pt;\">1886-c\u0131 ild\u0259 bu t\u0259cr\u00fcb\u0259ni ilk d\u0259f\u0259 Cakomo Luici \u00c7ami\u00e7yan ke\u00e7irib. Bununla da o fotokimyan\u0131n atas\u0131, b\u0259rpa olunan enerjinin xa\u00e7 atas\u0131 v\u0259 n\u0259hay\u0259t, g\u00fcn\u0259\u015f enerjisinin babas\u0131 oldu. \u0130ndi d\u0259 bu, bizi \u00e7ox maraqland\u0131r\u0131r. \u00c7\u00fcnki m\u0259hz erm\u0259ni \u0259silli alim Cakomo \u00c7ami\u00e7yan 1912-ci ild\u0259 d\u00fcnya elmi v\u0259 iqtisadiyyat\u0131nda inqilab yarad\u0131b.<\/span><\/p>\n<div style=\"text-align: center;\"><img decoding=\"async\" class=\"aligncenter\" src=\"http:\/\/jam-news.net\/Uploads\/Publication\/1817\/ContentImages\/az-Latn-AZ\/3_edit.jpg\" \/><span style=\"font-size: 8pt; color: #800000;\"><strong>Cakomo (Akop) \u00c7ami\u00e7yan 1857-1922, foto: Vikipediya<\/strong><\/span><\/div>\n<p><span style=\"font-size: 12pt;\">\u00c7ami\u00e7yan s\u00fcbut edib ki, g\u0259l\u0259c\u0259kd\u0259 (y\u0259ni indi) g\u00fcn\u0259\u015f enerjisind\u0259n istifad\u0259 etm\u0259k m\u00fcmk\u00fcn olacaq. D\u00fcnyada \u201cya\u015f\u0131l kimyan\u0131n m\u0259rk\u0259zi hesab olunan Bolon universitetinin kimya fak\u00fclt\u0259si bu g\u00fcn d\u00fcnya s\u0259viyy\u0259li alim Cakomo Luici \u00c7ami\u00e7yan\u0131n ad\u0131n\u0131 da\u015f\u0131y\u0131r.<\/span><\/p>\n<p><span style=\"font-size: 12pt;\">O, v\u0259fat ed\u0259nd\u0259 universitet t\u0259l\u0259b\u0259l\u0259ri v\u0259 m\u00fc\u0259lliml\u0259ri alimin c\u0259naz\u0259sini \u00f6z \u00e7iyinl\u0259rind\u0259 b\u00fct\u00fcn \u015f\u0259h\u0259rin i\u00e7i il\u0259 apar\u0131blar. M\u0259rasimin ke\u00e7diyi k\u00fc\u00e7\u0259l\u0259rd\u0259n biri \u00c7ami\u00e7yan\u0131n \u015f\u0259r\u0259fin\u0259 adland\u0131r\u0131l\u0131b. \u00c7ami\u00e7yan ad\u0131na k\u00fc\u00e7\u0259l\u0259r \u0130taliyan\u0131n 4 \u015f\u0259h\u0259rind\u0259 &#8211; Paduya, Triest, Roma v\u0259 Bolonyeda var.<\/span><\/p>\n<div><img decoding=\"async\" src=\"http:\/\/jam-news.net\/Uploads\/Publication\/1817\/ContentImages\/az-Latn-AZ\/4_edit.jpg\" \/><span style=\"font-size: 8pt; color: #800000;\"><strong>\u00c7ami\u00e7yan k\u00fc\u00e7\u0259si v\u0259 Bolonyed\u0259 kimya fak\u00fclt\u0259si, foto: google map<\/strong><\/span><\/div>\n<p><span style=\"font-size: 12pt;\">Biz \u0259lb\u0259tt\u0259 ki, g\u00fcn\u0259\u015f enerjisinin xa\u00e7 atas\u0131n\u0131n erm\u0259ni \u0259silliyi il\u0259 f\u0259xr edir, amma Rusiya qaz\u0131n\u0131 a\u011flas\u0131\u011fmaz qiym\u0259tl\u0259 almaqda davam edir, neftin qiym\u0259tini izl\u0259yir v\u0259 valyuta m\u0259z\u0259nn\u0259sinin t\u0259r\u0259dd\u00fcdl\u0259rin\u0259 g\u00f6r\u0259 narahat oluruq. Narahat olur, ah \u00e7\u0259kir v\u0259 yolumuza davam edirik.<\/span><\/p>\n<p><span style=\"font-size: 12pt;\">D\u00fcnya \u015f\u00f6hr\u0259tli aliml\u0259r \u00f6z t\u0259rc\u00fcmeyi-hallar\u0131nda h\u0259mi\u015f\u0259 \u00f6z ilham\u00e7\u0131lar\u0131n\u0131n adlar\u0131n\u0131 qeyd edirl\u0259r. Kosmos, Zaman v\u0259 B\u00f6y\u00fck Partlay\u0131\u015f m\u0259s\u0259l\u0259l\u0259ri \u00fczr\u0259 n\u0259z\u0259riyy\u0259\u00e7i Stiven Xokinq \u00f6z\u00fcn\u00fcn m\u0259kt\u0259bd\u0259ki riyaziyyat m\u00fc\u0259llimi Dikran Tatan\u0131n \u2013 Tiqran Tatabrunyan\u0131n ad\u0131n\u0131 \u00e7\u0259kib.<\/span><\/p>\n<div><img decoding=\"async\" src=\"http:\/\/jam-news.net\/Uploads\/Publication\/1817\/ContentImages\/az-Latn-AZ\/5_edit.jpg\" \/><span style=\"font-size: 8pt; color: #800000;\"><strong>Stiven Xokinq kosmik \u201cekskursiyada, foto: Vikipediya<\/strong><\/span><\/div>\n<p><span style=\"font-size: 12pt;\">\u201cDikran Tatan\u0131n say\u0259sind\u0259 m\u0259n Kembric universitetind\u0259 riyaziyyat \u00fczr\u0259 professor oldum. Bu v\u0259zif\u0259ni bir vaxtlar \u0130saak Nyuton tuturdu.<\/span><\/p>\n<p><span style=\"font-size: 12pt;\">1958-ci ild\u0259 Dikran Tata s\u0131nd\u0131r\u0131lm\u0131\u015f saat v\u0259 k\u00f6hn\u0259 telefonun siferblat\u0131ndan \u00f6z \u015fagirdi \u00fc\u015f\u00fcn komp\u00fcter d\u00fcz\u0259ltdi. Xokinq onda ilk d\u0259f\u0259 d\u00fc\u015f\u00fcnd\u00fc ki, Kainat\u0131n nec\u0259 yarand\u0131\u011f\u0131n\u0131 izl\u0259m\u0259k \u00fc\u00e7\u00fcn Zaman\u0131 \u201cs\u00f6km\u0259k v\u0259 y\u0131\u011fmaq m\u00fcmk\u00fcnd\u00fcr. D\u0259rin\u0259 getm\u0259y\u0259k. G\u00f6rd\u00fcy\u00fcn\u00fcz kimi, \u015f\u0259rait x\u00fcsusi rol oynam\u0131rd\u0131 \u2013 fiziki kosmologiyan\u0131 s\u0131nm\u0131\u015f telefonda da \u00f6yr\u0259nm\u0259k olard\u0131.<\/span><\/p>\n<p><span style=\"font-size: 12pt;\">A\u015ftarakda yerl\u0259\u015f\u0259n Fiziki T\u0259dqiqatlar \u0130nstitutunun direktoru Aram Papoyan bir d\u0259f\u0259 m\u0259n\u0259 qaranl\u0131q v\u0259 soyuq 90-larda, Erm\u0259nistanda enerji b\u00f6hran\u0131 oldu\u011fu zaman, q\u0131\u015fda otaq temperaturunda madd\u0259nin s\u0259rfi \u00fczr\u0259 t\u0259cr\u00fcb\u0259 apard\u0131\u011f\u0131n\u0131 dan\u0131\u015fd\u0131, bu t\u0259cr\u00fcb\u0259nin n\u0259tic\u0259l\u0259rini d\u0259 o, Parisd\u0259 t\u0259qdim etdi.<\/span><\/p>\n<p><span style=\"font-size: 12pt;\">He\u00e7 kim onun t\u0259cr\u00fcb\u0259sinin n\u0259tic\u0259l\u0259rin\u0259 inanmad\u0131. Avropal\u0131 aliml\u0259r otaqda, y\u0259ni 21 d\u0259r\u0259c\u0259 temperaturda s\u0259rfin bu q\u0259d\u0259r asta ged\u0259 bil\u0259c\u0259yini m\u00fcmk\u00fcns\u00fcz sayd\u0131lar. Aram Papoyan fizikan\u0131 bir k\u0259nara qoyub, ki\u00e7ik bir \u201ctarixi ekskurs ed\u0259r\u0259k, izah etm\u0259li olub ki, bizd\u0259 b\u00f6hrand\u0131r \u2013 evl\u0259rd\u0259 v\u0259 i\u015f yerl\u0259rind\u0259 n\u0259 qaz, n\u0259 d\u0259 i\u015f\u0131q yoxdur, otaqlar\u0131m\u0131zdak\u0131 temperatur da onlarda oldu\u011fu kimi 21 d\u0259r\u0259c\u0259 deyil, 0 d\u0259r\u0259c\u0259dir v\u0259 bel\u0259 bir \u015f\u0259raitd\u0259 biz ya\u015famal\u0131 v\u0259 i\u015fl\u0259m\u0259li oluruq. Bu, avropal\u0131lar\u0131 t\u0259cr\u00fcb\u0259nin n\u0259tic\u0259l\u0259rind\u0259n daha \u00e7ox t\u0259\u0259cc\u00fcbl\u0259ndirdi.<\/span><\/p>\n<p><span style=\"font-size: 12pt;\">Bilmir\u0259m, bu t\u0259cr\u00fcb\u0259nin n\u0259tic\u0259l\u0259rini \u00fcmumiyy\u0259tl\u0259 anlaya bil\u0259rikmi. Aram Papoyan tez-tez m\u0259n\u0259 izah edirdi ki, bu t\u0259cr\u00fcb\u0259 al\u0131nsa, b\u00fct\u00fcn rentgen aparatlar\u0131 \u201claz\u0131ms\u0131z oyuncaqlara \u00e7evril\u0259c\u0259k.<\/span><\/p>\n<p><img loading=\"lazy\" decoding=\"async\" class=\"aligncenter wp-image-42984 size-full\" src=\"http:\/\/jam-news.net\/app\/uploads\/2016\/06\/Aram.jpg\" width=\"768\" height=\"386\" \/><\/p>\n<div><\/div>\n<p style=\"text-align: center;\"><span style=\"font-size: 8pt; color: #800000;\"><strong>Aram Papoyan, foto: boon.am<\/strong><\/span><\/p>\n<p><span style=\"font-size: 12pt;\">Bu haqda o m\u0259n\u0259 iyulda institutun \u0259rik ba\u011f\u0131nda dan\u0131\u015f\u0131b, havada \u0259sl \u201ckosmik \u0259tir yay\u0131lm\u0131\u015fd\u0131. Bizd\u0259n bir ne\u00e7\u0259 add\u0131m aral\u0131da kristallar\u0131n fizika laboratoriyas\u0131nda i\u015f\u0131\u011f\u0131n istiqam\u0259tini d\u0259yi\u015fm\u0259si \u00fczr\u0259 t\u0259cr\u00fcb\u0259l\u0259rin ke\u00e7irildiyi inan\u0131lmaz g\u00f6r\u00fcn\u00fcrd\u00fc. \u0130ndi d\u0259 m\u0259n ohanesson, xinol v\u0259 ya\u015f\u0131l kimya bar\u0259d\u0259 e\u015fid\u0259nd\u0259, \u00f6z\u00fcm\u00fc&#8230; A\u015ftarakdak\u0131 \u0259rik ba\u011f\u0131nda hiss edir\u0259m.<\/span><\/p>\n<p><span style=\"font-size: 8pt; color: #800000;\"><strong>D\u0259rc edilib: 29.06.2016<\/strong><\/span><\/p>\n","protected":false},"excerpt":{"rendered":"<p>Ohanesson, Xinol v\u0259 A\u015ftarak\u0131n \u0259rik ba\u011f\u0131nda B\u00f6y\u00fck Partlay\u0131\u015f<\/p>\n","protected":false},"author":3,"featured_media":3603,"comment_status":"open","ping_status":"open","sticky":false,"template":"","format":"standard","meta":{"_acf_changed":false,"footnotes":""},"categories":[27,8,2,49],"tags":[],"formation":[],"post-author":[],"topic":[],"tooltip":[],"city":[],"class_list":["post-3613","post","type-post","status-publish","format-standard","has-post-thumbnail","hentry","category-ermnistan","category-dunyada-bas-vernlr","category-cografiya","category-srh"],"acf":[],"yoast_head":"<!-- This site is optimized with the Yoast SEO plugin v24.1 - https:\/\/yoast.com\/wordpress\/plugins\/seo\/ -->\n<title>Armen Sarqsyan, Yerevan - JAMnews<\/title>\n<meta name=\"robots\" content=\"index, follow, max-snippet:-1, max-image-preview:large, max-video-preview:-1\" \/>\n<link rel=\"canonical\" href=\"https:\/\/jam-news.net\/az\/armen-sarqsyan-yerevan-2\/\" \/>\n<meta property=\"og:locale\" content=\"az_AZ\" \/>\n<meta property=\"og:type\" content=\"article\" \/>\n<meta property=\"og:title\" content=\"Armen Sarqsyan, Yerevan - JAMnews\" \/>\n<meta property=\"og:description\" content=\"Ohanesson, Xinol v\u0259 A\u015ftarak\u0131n \u0259rik ba\u011f\u0131nda B\u00f6y\u00fck Partlay\u0131\u015f\" \/>\n<meta property=\"og:url\" content=\"https:\/\/jam-news.net\/az\/armen-sarqsyan-yerevan-2\/\" \/>\n<meta property=\"og:site_name\" content=\"Azerbaijani Jamnews\" \/>\n<meta property=\"article:publisher\" content=\"https:\/\/www.facebook.com\/JAMnewsInEnglish\/\" \/>\n<meta property=\"article:published_time\" content=\"2016-06-30T00:00:00+00:00\" \/>\n<meta property=\"og:image\" content=\"https:\/\/jam-news.net\/app\/uploads\/2020\/03\/270x162_armen.jpg\" \/>\n\t<meta property=\"og:image:width\" content=\"270\" \/>\n\t<meta property=\"og:image:height\" content=\"162\" \/>\n\t<meta property=\"og:image:type\" content=\"image\/jpeg\" \/>\n<meta name=\"author\" content=\"JAMnews\" \/>\n<meta name=\"twitter:card\" content=\"summary_large_image\" \/>\n<meta name=\"twitter:creator\" content=\"@JAMnewsCaucasus\" \/>\n<meta name=\"twitter:site\" content=\"@JAMnewsCaucasus\" \/>\n<meta name=\"twitter:label1\" content=\"Written by\" \/>\n\t<meta name=\"twitter:data1\" content=\"JAMnews\" \/>\n\t<meta name=\"twitter:label2\" content=\"Est. reading time\" \/>\n\t<meta name=\"twitter:data2\" content=\"5 minutes\" \/>\n<script type=\"application\/ld+json\" class=\"yoast-schema-graph\">{\"@context\":\"https:\/\/schema.org\",\"@graph\":[{\"@type\":\"Article\",\"@id\":\"https:\/\/jam-news.net\/az\/armen-sarqsyan-yerevan-2\/#article\",\"isPartOf\":{\"@id\":\"https:\/\/jam-news.net\/az\/armen-sarqsyan-yerevan-2\/\"},\"author\":{\"name\":\"JAMnews\",\"@id\":\"https:\/\/jam-news.net\/az\/#\/schema\/person\/67df3bb7adb46cd513fb9c4cb02361c6\"},\"headline\":\"Armen Sarqsyan, Yerevan\",\"datePublished\":\"2016-06-30T00:00:00+00:00\",\"dateModified\":\"2016-06-30T00:00:00+00:00\",\"mainEntityOfPage\":{\"@id\":\"https:\/\/jam-news.net\/az\/armen-sarqsyan-yerevan-2\/\"},\"wordCount\":1064,\"commentCount\":0,\"publisher\":{\"@id\":\"https:\/\/jam-news.net\/az\/#organization\"},\"image\":{\"@id\":\"https:\/\/jam-news.net\/az\/armen-sarqsyan-yerevan-2\/#primaryimage\"},\"thumbnailUrl\":\"https:\/\/jam-news.net\/app\/uploads\/2020\/03\/270x162_armen.jpg\",\"articleSection\":[\"Armenia\",\"From far and near\",\"Geography\",\"Opinion\"],\"inLanguage\":\"az\"},{\"@type\":\"WebPage\",\"@id\":\"https:\/\/jam-news.net\/az\/armen-sarqsyan-yerevan-2\/\",\"url\":\"https:\/\/jam-news.net\/az\/armen-sarqsyan-yerevan-2\/\",\"name\":\"Armen Sarqsyan, Yerevan - JAMnews\",\"isPartOf\":{\"@id\":\"https:\/\/jam-news.net\/az\/#website\"},\"primaryImageOfPage\":{\"@id\":\"https:\/\/jam-news.net\/az\/armen-sarqsyan-yerevan-2\/#primaryimage\"},\"image\":{\"@id\":\"https:\/\/jam-news.net\/az\/armen-sarqsyan-yerevan-2\/#primaryimage\"},\"thumbnailUrl\":\"https:\/\/jam-news.net\/app\/uploads\/2020\/03\/270x162_armen.jpg\",\"datePublished\":\"2016-06-30T00:00:00+00:00\",\"dateModified\":\"2016-06-30T00:00:00+00:00\",\"breadcrumb\":{\"@id\":\"https:\/\/jam-news.net\/az\/armen-sarqsyan-yerevan-2\/#breadcrumb\"},\"inLanguage\":\"az\",\"potentialAction\":[{\"@type\":\"ReadAction\",\"target\":[\"https:\/\/jam-news.net\/az\/armen-sarqsyan-yerevan-2\/\"]}]},{\"@type\":\"ImageObject\",\"inLanguage\":\"az\",\"@id\":\"https:\/\/jam-news.net\/az\/armen-sarqsyan-yerevan-2\/#primaryimage\",\"url\":\"https:\/\/jam-news.net\/app\/uploads\/2020\/03\/270x162_armen.jpg\",\"contentUrl\":\"https:\/\/jam-news.net\/app\/uploads\/2020\/03\/270x162_armen.jpg\",\"width\":270,\"height\":162},{\"@type\":\"BreadcrumbList\",\"@id\":\"https:\/\/jam-news.net\/az\/armen-sarqsyan-yerevan-2\/#breadcrumb\",\"itemListElement\":[{\"@type\":\"ListItem\",\"position\":1,\"name\":\"Home\",\"item\":\"https:\/\/jam-news.net\/az\/\"},{\"@type\":\"ListItem\",\"position\":2,\"name\":\"Armen Sarqsyan, Yerevan\"}]},{\"@type\":\"WebSite\",\"@id\":\"https:\/\/jam-news.net\/az\/#website\",\"url\":\"https:\/\/jam-news.net\/az\/\",\"name\":\"Azerbaijani Jamnews\",\"description\":\"Caucasus News, Politics and Society\",\"publisher\":{\"@id\":\"https:\/\/jam-news.net\/az\/#organization\"},\"potentialAction\":[{\"@type\":\"SearchAction\",\"target\":{\"@type\":\"EntryPoint\",\"urlTemplate\":\"https:\/\/jam-news.net\/az\/?s={search_term_string}\"},\"query-input\":{\"@type\":\"PropertyValueSpecification\",\"valueRequired\":true,\"valueName\":\"search_term_string\"}}],\"inLanguage\":\"az\"},{\"@type\":\"Organization\",\"@id\":\"https:\/\/jam-news.net\/az\/#organization\",\"name\":\"JAMnews\",\"url\":\"https:\/\/jam-news.net\/az\/\",\"logo\":{\"@type\":\"ImageObject\",\"inLanguage\":\"az\",\"@id\":\"https:\/\/jam-news.net\/az\/#\/schema\/logo\/image\/\",\"url\":\"https:\/\/jam-news.net\/app\/uploads\/2020\/05\/JAM_w.jpg\",\"contentUrl\":\"https:\/\/jam-news.net\/app\/uploads\/2020\/05\/JAM_w.jpg\",\"width\":960,\"height\":960,\"caption\":\"JAMnews\"},\"image\":{\"@id\":\"https:\/\/jam-news.net\/az\/#\/schema\/logo\/image\/\"},\"sameAs\":[\"https:\/\/www.facebook.com\/JAMnewsInEnglish\/\",\"https:\/\/x.com\/JAMnewsCaucasus\",\"https:\/\/www.instagram.com\/jam_news\/\",\"https:\/\/www.youtube.com\/channel\/UCXQbUCme2pykuZYXWHx4VPg\"]},{\"@type\":\"Person\",\"@id\":\"https:\/\/jam-news.net\/az\/#\/schema\/person\/67df3bb7adb46cd513fb9c4cb02361c6\",\"name\":\"JAMnews\",\"image\":{\"@type\":\"ImageObject\",\"inLanguage\":\"az\",\"@id\":\"https:\/\/jam-news.net\/az\/#\/schema\/person\/image\/\",\"url\":\"https:\/\/secure.gravatar.com\/avatar\/e5c27593ef900c3ab3deed4ed1c653d7?s=96&d=mm&r=g\",\"contentUrl\":\"https:\/\/secure.gravatar.com\/avatar\/e5c27593ef900c3ab3deed4ed1c653d7?s=96&d=mm&r=g\",\"caption\":\"JAMnews\"},\"url\":\"https:\/\/jam-news.net\/az\/author\/margarita\/\"}]}<\/script>\n<!-- \/ Yoast SEO plugin. -->","yoast_head_json":{"title":"Armen Sarqsyan, Yerevan - JAMnews","robots":{"index":"index","follow":"follow","max-snippet":"max-snippet:-1","max-image-preview":"max-image-preview:large","max-video-preview":"max-video-preview:-1"},"canonical":"https:\/\/jam-news.net\/az\/armen-sarqsyan-yerevan-2\/","og_locale":"az_AZ","og_type":"article","og_title":"Armen Sarqsyan, Yerevan - JAMnews","og_description":"Ohanesson, Xinol v\u0259 A\u015ftarak\u0131n \u0259rik ba\u011f\u0131nda B\u00f6y\u00fck Partlay\u0131\u015f","og_url":"https:\/\/jam-news.net\/az\/armen-sarqsyan-yerevan-2\/","og_site_name":"Azerbaijani Jamnews","article_publisher":"https:\/\/www.facebook.com\/JAMnewsInEnglish\/","article_published_time":"2016-06-30T00:00:00+00:00","og_image":[{"width":270,"height":162,"url":"https:\/\/jam-news.net\/app\/uploads\/2020\/03\/270x162_armen.jpg","type":"image\/jpeg"}],"author":"JAMnews","twitter_card":"summary_large_image","twitter_creator":"@JAMnewsCaucasus","twitter_site":"@JAMnewsCaucasus","twitter_misc":{"Written by":"JAMnews","Est. reading time":"5 minutes"},"schema":{"@context":"https:\/\/schema.org","@graph":[{"@type":"Article","@id":"https:\/\/jam-news.net\/az\/armen-sarqsyan-yerevan-2\/#article","isPartOf":{"@id":"https:\/\/jam-news.net\/az\/armen-sarqsyan-yerevan-2\/"},"author":{"name":"JAMnews","@id":"https:\/\/jam-news.net\/az\/#\/schema\/person\/67df3bb7adb46cd513fb9c4cb02361c6"},"headline":"Armen Sarqsyan, Yerevan","datePublished":"2016-06-30T00:00:00+00:00","dateModified":"2016-06-30T00:00:00+00:00","mainEntityOfPage":{"@id":"https:\/\/jam-news.net\/az\/armen-sarqsyan-yerevan-2\/"},"wordCount":1064,"commentCount":0,"publisher":{"@id":"https:\/\/jam-news.net\/az\/#organization"},"image":{"@id":"https:\/\/jam-news.net\/az\/armen-sarqsyan-yerevan-2\/#primaryimage"},"thumbnailUrl":"https:\/\/jam-news.net\/app\/uploads\/2020\/03\/270x162_armen.jpg","articleSection":["Armenia","From far and near","Geography","Opinion"],"inLanguage":"az"},{"@type":"WebPage","@id":"https:\/\/jam-news.net\/az\/armen-sarqsyan-yerevan-2\/","url":"https:\/\/jam-news.net\/az\/armen-sarqsyan-yerevan-2\/","name":"Armen Sarqsyan, Yerevan - JAMnews","isPartOf":{"@id":"https:\/\/jam-news.net\/az\/#website"},"primaryImageOfPage":{"@id":"https:\/\/jam-news.net\/az\/armen-sarqsyan-yerevan-2\/#primaryimage"},"image":{"@id":"https:\/\/jam-news.net\/az\/armen-sarqsyan-yerevan-2\/#primaryimage"},"thumbnailUrl":"https:\/\/jam-news.net\/app\/uploads\/2020\/03\/270x162_armen.jpg","datePublished":"2016-06-30T00:00:00+00:00","dateModified":"2016-06-30T00:00:00+00:00","breadcrumb":{"@id":"https:\/\/jam-news.net\/az\/armen-sarqsyan-yerevan-2\/#breadcrumb"},"inLanguage":"az","potentialAction":[{"@type":"ReadAction","target":["https:\/\/jam-news.net\/az\/armen-sarqsyan-yerevan-2\/"]}]},{"@type":"ImageObject","inLanguage":"az","@id":"https:\/\/jam-news.net\/az\/armen-sarqsyan-yerevan-2\/#primaryimage","url":"https:\/\/jam-news.net\/app\/uploads\/2020\/03\/270x162_armen.jpg","contentUrl":"https:\/\/jam-news.net\/app\/uploads\/2020\/03\/270x162_armen.jpg","width":270,"height":162},{"@type":"BreadcrumbList","@id":"https:\/\/jam-news.net\/az\/armen-sarqsyan-yerevan-2\/#breadcrumb","itemListElement":[{"@type":"ListItem","position":1,"name":"Home","item":"https:\/\/jam-news.net\/az\/"},{"@type":"ListItem","position":2,"name":"Armen Sarqsyan, Yerevan"}]},{"@type":"WebSite","@id":"https:\/\/jam-news.net\/az\/#website","url":"https:\/\/jam-news.net\/az\/","name":"Azerbaijani Jamnews","description":"Caucasus News, Politics and Society","publisher":{"@id":"https:\/\/jam-news.net\/az\/#organization"},"potentialAction":[{"@type":"SearchAction","target":{"@type":"EntryPoint","urlTemplate":"https:\/\/jam-news.net\/az\/?s={search_term_string}"},"query-input":{"@type":"PropertyValueSpecification","valueRequired":true,"valueName":"search_term_string"}}],"inLanguage":"az"},{"@type":"Organization","@id":"https:\/\/jam-news.net\/az\/#organization","name":"JAMnews","url":"https:\/\/jam-news.net\/az\/","logo":{"@type":"ImageObject","inLanguage":"az","@id":"https:\/\/jam-news.net\/az\/#\/schema\/logo\/image\/","url":"https:\/\/jam-news.net\/app\/uploads\/2020\/05\/JAM_w.jpg","contentUrl":"https:\/\/jam-news.net\/app\/uploads\/2020\/05\/JAM_w.jpg","width":960,"height":960,"caption":"JAMnews"},"image":{"@id":"https:\/\/jam-news.net\/az\/#\/schema\/logo\/image\/"},"sameAs":["https:\/\/www.facebook.com\/JAMnewsInEnglish\/","https:\/\/x.com\/JAMnewsCaucasus","https:\/\/www.instagram.com\/jam_news\/","https:\/\/www.youtube.com\/channel\/UCXQbUCme2pykuZYXWHx4VPg"]},{"@type":"Person","@id":"https:\/\/jam-news.net\/az\/#\/schema\/person\/67df3bb7adb46cd513fb9c4cb02361c6","name":"JAMnews","image":{"@type":"ImageObject","inLanguage":"az","@id":"https:\/\/jam-news.net\/az\/#\/schema\/person\/image\/","url":"https:\/\/secure.gravatar.com\/avatar\/e5c27593ef900c3ab3deed4ed1c653d7?s=96&d=mm&r=g","contentUrl":"https:\/\/secure.gravatar.com\/avatar\/e5c27593ef900c3ab3deed4ed1c653d7?s=96&d=mm&r=g","caption":"JAMnews"},"url":"https:\/\/jam-news.net\/az\/author\/margarita\/"}]}},"_links":{"self":[{"href":"https:\/\/jam-news.net\/az\/wp-json\/wp\/v2\/posts\/3613","targetHints":{"allow":["GET"]}}],"collection":[{"href":"https:\/\/jam-news.net\/az\/wp-json\/wp\/v2\/posts"}],"about":[{"href":"https:\/\/jam-news.net\/az\/wp-json\/wp\/v2\/types\/post"}],"author":[{"embeddable":true,"href":"https:\/\/jam-news.net\/az\/wp-json\/wp\/v2\/users\/3"}],"replies":[{"embeddable":true,"href":"https:\/\/jam-news.net\/az\/wp-json\/wp\/v2\/comments?post=3613"}],"version-history":[{"count":0,"href":"https:\/\/jam-news.net\/az\/wp-json\/wp\/v2\/posts\/3613\/revisions"}],"wp:featuredmedia":[{"embeddable":true,"href":"https:\/\/jam-news.net\/az\/wp-json\/wp\/v2\/media\/3603"}],"wp:attachment":[{"href":"https:\/\/jam-news.net\/az\/wp-json\/wp\/v2\/media?parent=3613"}],"wp:term":[{"taxonomy":"category","embeddable":true,"href":"https:\/\/jam-news.net\/az\/wp-json\/wp\/v2\/categories?post=3613"},{"taxonomy":"post_tag","embeddable":true,"href":"https:\/\/jam-news.net\/az\/wp-json\/wp\/v2\/tags?post=3613"},{"taxonomy":"formation","embeddable":true,"href":"https:\/\/jam-news.net\/az\/wp-json\/wp\/v2\/formation?post=3613"},{"taxonomy":"post-author","embeddable":true,"href":"https:\/\/jam-news.net\/az\/wp-json\/wp\/v2\/post-author?post=3613"},{"taxonomy":"topic","embeddable":true,"href":"https:\/\/jam-news.net\/az\/wp-json\/wp\/v2\/topic?post=3613"},{"taxonomy":"tooltip","embeddable":true,"href":"https:\/\/jam-news.net\/az\/wp-json\/wp\/v2\/tooltip?post=3613"},{"taxonomy":"city","embeddable":true,"href":"https:\/\/jam-news.net\/az\/wp-json\/wp\/v2\/city?post=3613"}],"curies":[{"name":"wp","href":"https:\/\/api.w.org\/{rel}","templated":true}]}}