{"id":3591,"date":"2016-05-03T00:00:00","date_gmt":"2016-05-03T00:00:00","guid":{"rendered":"http:\/\/jam-news.net\/az\/armen-sargsyan-yerevan\/"},"modified":"2020-03-18T10:48:55","modified_gmt":"2020-03-18T10:48:55","slug":"armen-sargsyan-yerevan","status":"publish","type":"post","link":"https:\/\/jam-news.net\/az\/armen-sargsyan-yerevan\/","title":{"rendered":"Armen Sargsyan, Yerevan"},"content":{"rendered":"<p><span style=\"font-size: 12pt;\">\u0130nsanlar telefonla musiqiy\u0259 qulaq as\u0131r, kitab oxuyur, x\u0259b\u0259r al\u0131r, \u00f6t\u00fcr\u00fcr, oynay\u0131r, b\u0259z\u0259n film \u00e7\u0259kir&#8230; D\u00fczd\u00fcr, h\u0259rd\u0259n d\u0259 z\u0259ng edirl\u0259r. Telefon bizi z\u0259ngli saat, layla il\u0259 t\u0259min edir, xatir\u0259l\u0259rimizi saxlay\u0131r, emosiyalar\u0131m\u0131z\u0131 gizl\u0259tm\u0259y\u0259 v\u0259 ya ifad\u0259 etm\u0259y\u0259 k\u00f6m\u0259k edir.<\/span><\/p>\n<p><span style=\"font-size: 12pt;\">Yeni n\u0259sil \u00fc\u00e7\u00fcn telefon texniki \u0259lav\u0259d\u0259n b\u0259d\u0259n \u00fczv\u00fcn\u0259 \u00e7evrilib ki, bu da \u00f6z f\u0259sadlar\u0131n\u0131 g\u00f6st\u0259rir. 2013-c\u00fc ild\u0259 Amerika Psixologiya Assosiyasiyas\u0131 illik soraq kitab\u00e7as\u0131na yeni \u0259qli pozuntular b\u00f6lm\u0259si \u0259lav\u0259 edib.<\/span><\/p>\n<p><span style=\"font-size: 12pt;\">Psixoloqlar yeni m\u00fcasir fobiya n\u00f6v\u00fcn\u00fc \u201ca\u015fkarlay\u0131b, ona nomofobiya (nomophobia) ad\u0131 veribl\u0259r \u2013 bu, ingilisc\u0259 \u201cno mobile phone phobia (mobil telefonun olmamas\u0131 qorxusu) ifad\u0259sinin q\u0131sald\u0131lm\u0131\u015f formas\u0131d\u0131r. Yeni fobiyan\u0131n art\u0131q r\u0259smi q\u0131sa t\u0259rifi d\u0259 var:<\/span><\/p>\n<p><strong><span style=\"font-size: 12pt;\">Nomofobiya (isim) \u2013 mobil telefon vasit\u0259sil\u0259 \u0259laq\u0259 yaratmaq m\u00fcmk\u00fcn olmad\u0131\u011f\u0131 halda yaranan anormal, irrasional v\u0259ziyy\u0259t v\u0259 telefon \u015f\u0259b\u0259k\u0259 xidm\u0259ti xaricind\u0259 olark\u0259n narahatl\u0131q hissi.<\/span><\/strong><\/p>\n<p><span style=\"font-size: 12pt;\">Nomofobiya terminini m\u0259n ilk d\u0259f\u0259 2015-ci ild\u0259 Moskvada e\u015fitdim. Mediasavad \u00fczr\u0259 elmi konfrans zaman\u0131 ispan professoru \u00c7aro Sabada bildirdi ki, smartfondan as\u0131l\u0131l\u0131\u011f\u0131n art\u0131q r\u0259smi ad\u0131 var: nomofobiya.<\/span><\/p>\n<p><span style=\"font-size: 12pt;\">Fasil\u0259 vaxt\u0131 m\u0259n yeni fobiyan\u0131n hans\u0131 simptomlarla m\u00fc\u015fayi\u0259t olundu\u011funu \u00f6yr\u0259nm\u0259k \u00fc\u00e7\u00fcn Navvara universitetinin kommunikasiya v\u0259 yeni media fak\u00fclt\u0259sinin m\u00fc\u0259llimini q\u0259hv\u0259y\u0259 d\u0259v\u0259t etdim. \u00c7aro Sabada m\u0259n\u0259 \u0259n yeni \u0259qli pozuntunun d\u00f6rd simptomunu sadalad\u0131:<\/span><\/p>\n<div><img decoding=\"async\" class=\"alignleft\" src=\"http:\/\/jam-news.net\/Uploads\/Publication\/1690\/ContentImages\/az-Latn-AZ\/Photo_1.jpg\" \/><\/div>\n<p style=\"text-align: center;\"><span style=\"color: #800000; font-size: 10pt;\"><strong>\u00c7aro Sabada, Navvara universitetinin m\u00fc\u0259llimi, foto universitetin sayt\u0131ndan g\u00f6t\u00fcr\u00fcl\u00fcb<\/strong><\/span><\/p>\n<p><span style=\"font-size: 12pt;\">&#8211; telefonu h\u0259tta bir ne\u00e7\u0259 d\u0259qiq\u0259lik s\u00f6nd\u00fcrm\u0259kd\u0259n imtina; <\/span><br \/>\n<span style=\"font-size: 12pt;\">&#8211; burax\u0131lan z\u0259ngl\u0259ri g\u00f6rm\u0259m\u0259kl\u0259 ba\u011fl\u0131 narahatl\u0131q; <\/span><br \/>\n<span style=\"font-size: 12pt;\">&#8211; akkumulyatorun dolma s\u0259viyy\u0259sini daimi izl\u0259m\u0259k ist\u0259yi.<\/span><\/p>\n<p><span style=\"font-size: 12pt;\">D\u00f6rd\u00fcnc\u00fc simptomu xan\u0131m Sabada q\u0259mgin t\u0259b\u0259ss\u00fcml\u0259 deyir \u2013 telefonu m\u00fctl\u0259q qaydada \u00f6z\u00fcnl\u0259 ayaqyoluna g\u00f6t\u00fcrm\u0259k v\u0259rdi\u015fi. 2013-c\u00fc ilin aprel ay\u0131nda, nomofobiyan\u0131n h\u0259l\u0259 x\u0259st\u0259lik kimi r\u0259smi qeydiyyatdan ke\u00e7irilm\u0259diyi vaxtlarda, C\u0259nubi Koreyada bu simptomlarla ilk pasient x\u0259st\u0259xanaya d\u00fc\u015fd\u00fc \u2013 19 ya\u015fl\u0131 Emma Yun (ad d\u0259yi\u015fdirilib). Q\u0131z\u0131n valideynl\u0259ri \u015fikay\u0259t edirdil\u0259r ki, q\u0131z \u201cm\u0259kt\u0259bi, d\u0259rsl\u0259ri at\u0131b, yem\u0259yi telefona \u00e7\u0259km\u0259mi\u015f yey\u0259 bilmir&#8230;<\/span><\/p>\n<p><span style=\"font-size: 12pt;\">BBC yaz\u0131r ki, g\u0259nc q\u0131z \u00f6z v\u0259ziyy\u0259tini bel\u0259 t\u0259svir edib: \u201cH\u0259r d\u0259f\u0259 telefonu unudanda \u00fcr\u0259yim b\u0259rk d\u00f6y\u00fcnm\u0259y\u0259 ba\u015flay\u0131r, ovcumun i\u00e7i t\u0259rl\u0259yirdi.<\/span><\/p>\n<div style=\"text-align: center;\"><img decoding=\"async\" class=\"aligncenter\" src=\"http:\/\/jam-news.net\/Uploads\/Publication\/1690\/ContentImages\/az-Latn-AZ\/Photo_2.png\" \/><span style=\"font-size: 10pt; color: #800000;\"><strong>C\u0259nubi Koreyada smartfonlar\u0131n istifad\u0259si m\u00f6vzusunda karikatura. M\u0259nb\u0259: BBC, m\u00fc\u0259llif: Qo Uey \u00c7un<\/strong><\/span><\/div>\n<p><span style=\"font-size: 12pt;\">Bu zaman telefonu itirm\u0259k qorxusu il\u0259 unutmaq qorxusunu f\u0259rql\u0259ndirm\u0259k laz\u0131md\u0131r. Telefonu itirm\u0259k qorxusu tamamil\u0259 anla\u015f\u0131lan bir hissidir, x\u00fcsus\u0259n d\u0259 Erm\u0259nistanda, ax\u0131 \u00e7ox g\u00fcman ki, o kreditl\u0259 al\u0131n\u0131r v\u0259 dem\u0259li, \u201cr\u0259smi olaraq h\u0259l\u0259 ki, tam s\u0259n\u0259 m\u0259xsus deyil.<\/span><\/p>\n<p><span style=\"font-size: 12pt;\">Telefonla ba\u011fl\u0131 daha bir \u201cerm\u0259ni saya\u011f\u0131 qorxu var. Bu da \u201ckontursuz qalmaq qorxusudur, h\u0259min qorxu g\u0259l\u0259c\u0259yin nomofoblar\u0131n\u0131 d\u00fcnya, valideynl\u0259r v\u0259 ya r\u0259fiq\u0259nl\u0259 \u0259laq\u0259 saxlamaq \u00fc\u00e7\u00fcn he\u00e7 olmasa birc\u0259 \u201c\u00e7a\u011f\u0131r\u0131\u015f \u00fc\u00e7\u00fcn kifay\u0259t ed\u0259n m\u0259bl\u0259\u011fi saxlama\u011fa vadar edir.<\/span><\/p>\n<p><span style=\"font-size: 12pt;\">\u00d6z\u00fcnd\u0259 nomofobiya simptomlar\u0131n\u0131 hiss ed\u0259nl\u0259r\u0259 a\u015fa\u011f\u0131dak\u0131 onlayn-testd\u0259n ke\u00e7m\u0259yi t\u0259klif edirik:<\/span><\/p>\n<div><img decoding=\"async\" class=\"aligncenter\" src=\"http:\/\/jam-news.net\/Uploads\/Publication\/1690\/ContentImages\/az-Latn-AZ\/Photo_3.png\" \/><\/div>\n<p style=\"text-align: center;\"><span style=\"font-size: 12pt;\"><span style=\"font-size: 10pt; color: #800000;\"><strong>Nomofobiyan\u0131n olub-olmad\u0131\u011f\u0131n\u0131 yoxlayan <\/strong><\/span><span style=\"color: #800000;\"><span style=\"font-size: 12pt;\"><strong><a href=\"http:\/\/www.nomophobia.com\/nomo-test0914\/\" target=\"_blank\" rel=\"noopener noreferrer\"><span style=\"color: #800000;\">onlayn-test<\/span><\/a><\/strong><\/span>\u00a0<\/span><\/span><\/p>\n<p><span style=\"font-size: 12pt;\">Nomofobiyaya h\u0259sr edil\u0259n saytda c\u0259mi bir ne\u00e7\u0259 d\u0259qiq\u0259 ke\u00e7irm\u0259k kifay\u0259tdir ki, XXI \u0259srin \u0259n g\u0259nc x\u0259st\u0259liyin\u0259 yoluxub-yoluxmad\u0131\u011f\u0131n\u0131z\u0131 bil\u0259siz.<\/span><\/p>\n<p><span style=\"font-size: 8pt; color: #800000;\"><strong>D\u0259rc edilib: 02.05.2016<\/strong><\/span><\/p>\n","protected":false},"excerpt":{"rendered":"<p>Yeni n\u0259slin qorxular\u0131:<\/p>\n<p>&#8220;M\u0259n bird\u0259n mobil telefonsuz qalsam n\u0259 el\u0259y\u0259c\u0259m?&#8221;<\/p>\n","protected":false},"author":3,"featured_media":19018,"comment_status":"open","ping_status":"open","sticky":false,"template":"","format":"standard","meta":{"_acf_changed":false,"footnotes":""},"categories":[27,8,2,62,49],"tags":[],"formation":[],"post-author":[],"topic":[],"tooltip":[],"city":[],"class_list":["post-3591","post","type-post","status-publish","format-standard","has-post-thumbnail","hentry","category-ermnistan","category-dunyada-bas-vernlr","category-cografiya","category-lifestyle","category-srh"],"acf":[],"yoast_head":"<!-- This site is optimized with the Yoast SEO plugin v24.1 - https:\/\/yoast.com\/wordpress\/plugins\/seo\/ -->\n<title>Armen Sargsyan, Yerevan - JAMnews<\/title>\n<meta name=\"robots\" content=\"index, follow, max-snippet:-1, max-image-preview:large, max-video-preview:-1\" \/>\n<link rel=\"canonical\" href=\"https:\/\/jam-news.net\/az\/armen-sargsyan-yerevan\/\" \/>\n<meta property=\"og:locale\" content=\"az_AZ\" \/>\n<meta property=\"og:type\" content=\"article\" \/>\n<meta property=\"og:title\" content=\"Armen Sargsyan, Yerevan - JAMnews\" \/>\n<meta property=\"og:description\" content=\"Yeni n\u0259slin qorxular\u0131: &quot;M\u0259n bird\u0259n mobil telefonsuz qalsam n\u0259 el\u0259y\u0259c\u0259m?&quot;\" \/>\n<meta property=\"og:url\" content=\"https:\/\/jam-news.net\/az\/armen-sargsyan-yerevan\/\" \/>\n<meta property=\"og:site_name\" content=\"Azerbaijani Jamnews\" \/>\n<meta property=\"article:publisher\" content=\"https:\/\/www.facebook.com\/JAMnewsInEnglish\/\" \/>\n<meta property=\"article:published_time\" content=\"2016-05-03T00:00:00+00:00\" \/>\n<meta property=\"article:modified_time\" content=\"2020-03-18T10:48:55+00:00\" \/>\n<meta property=\"og:image\" content=\"https:\/\/jam-news.net\/app\/uploads\/2020\/03\/Armen-2.jpg\" \/>\n\t<meta property=\"og:image:width\" content=\"1000\" \/>\n\t<meta property=\"og:image:height\" content=\"751\" \/>\n\t<meta property=\"og:image:type\" content=\"image\/jpeg\" \/>\n<meta name=\"author\" content=\"JAMnews\" \/>\n<meta name=\"twitter:card\" content=\"summary_large_image\" \/>\n<meta name=\"twitter:creator\" content=\"@JAMnewsCaucasus\" \/>\n<meta name=\"twitter:site\" content=\"@JAMnewsCaucasus\" \/>\n<meta name=\"twitter:label1\" content=\"Written by\" \/>\n\t<meta name=\"twitter:data1\" content=\"JAMnews\" \/>\n\t<meta name=\"twitter:label2\" content=\"Est. reading time\" \/>\n\t<meta name=\"twitter:data2\" content=\"3 minutes\" \/>\n<script type=\"application\/ld+json\" class=\"yoast-schema-graph\">{\"@context\":\"https:\/\/schema.org\",\"@graph\":[{\"@type\":\"Article\",\"@id\":\"https:\/\/jam-news.net\/az\/armen-sargsyan-yerevan\/#article\",\"isPartOf\":{\"@id\":\"https:\/\/jam-news.net\/az\/armen-sargsyan-yerevan\/\"},\"author\":{\"name\":\"JAMnews\",\"@id\":\"https:\/\/jam-news.net\/az\/#\/schema\/person\/67df3bb7adb46cd513fb9c4cb02361c6\"},\"headline\":\"Armen Sargsyan, Yerevan\",\"datePublished\":\"2016-05-03T00:00:00+00:00\",\"dateModified\":\"2020-03-18T10:48:55+00:00\",\"mainEntityOfPage\":{\"@id\":\"https:\/\/jam-news.net\/az\/armen-sargsyan-yerevan\/\"},\"wordCount\":650,\"commentCount\":0,\"publisher\":{\"@id\":\"https:\/\/jam-news.net\/az\/#organization\"},\"image\":{\"@id\":\"https:\/\/jam-news.net\/az\/armen-sargsyan-yerevan\/#primaryimage\"},\"thumbnailUrl\":\"https:\/\/jam-news.net\/app\/uploads\/2020\/03\/Armen-2.jpg\",\"articleSection\":[\"Armenia\",\"From far and near\",\"Geography\",\"Lifestyle\",\"Opinion\"],\"inLanguage\":\"az\"},{\"@type\":\"WebPage\",\"@id\":\"https:\/\/jam-news.net\/az\/armen-sargsyan-yerevan\/\",\"url\":\"https:\/\/jam-news.net\/az\/armen-sargsyan-yerevan\/\",\"name\":\"Armen Sargsyan, Yerevan - JAMnews\",\"isPartOf\":{\"@id\":\"https:\/\/jam-news.net\/az\/#website\"},\"primaryImageOfPage\":{\"@id\":\"https:\/\/jam-news.net\/az\/armen-sargsyan-yerevan\/#primaryimage\"},\"image\":{\"@id\":\"https:\/\/jam-news.net\/az\/armen-sargsyan-yerevan\/#primaryimage\"},\"thumbnailUrl\":\"https:\/\/jam-news.net\/app\/uploads\/2020\/03\/Armen-2.jpg\",\"datePublished\":\"2016-05-03T00:00:00+00:00\",\"dateModified\":\"2020-03-18T10:48:55+00:00\",\"breadcrumb\":{\"@id\":\"https:\/\/jam-news.net\/az\/armen-sargsyan-yerevan\/#breadcrumb\"},\"inLanguage\":\"az\",\"potentialAction\":[{\"@type\":\"ReadAction\",\"target\":[\"https:\/\/jam-news.net\/az\/armen-sargsyan-yerevan\/\"]}]},{\"@type\":\"ImageObject\",\"inLanguage\":\"az\",\"@id\":\"https:\/\/jam-news.net\/az\/armen-sargsyan-yerevan\/#primaryimage\",\"url\":\"https:\/\/jam-news.net\/app\/uploads\/2020\/03\/Armen-2.jpg\",\"contentUrl\":\"https:\/\/jam-news.net\/app\/uploads\/2020\/03\/Armen-2.jpg\",\"width\":1000,\"height\":751},{\"@type\":\"BreadcrumbList\",\"@id\":\"https:\/\/jam-news.net\/az\/armen-sargsyan-yerevan\/#breadcrumb\",\"itemListElement\":[{\"@type\":\"ListItem\",\"position\":1,\"name\":\"Home\",\"item\":\"https:\/\/jam-news.net\/az\/\"},{\"@type\":\"ListItem\",\"position\":2,\"name\":\"Armen Sargsyan, Yerevan\"}]},{\"@type\":\"WebSite\",\"@id\":\"https:\/\/jam-news.net\/az\/#website\",\"url\":\"https:\/\/jam-news.net\/az\/\",\"name\":\"Azerbaijani Jamnews\",\"description\":\"Caucasus News, Politics and Society\",\"publisher\":{\"@id\":\"https:\/\/jam-news.net\/az\/#organization\"},\"potentialAction\":[{\"@type\":\"SearchAction\",\"target\":{\"@type\":\"EntryPoint\",\"urlTemplate\":\"https:\/\/jam-news.net\/az\/?s={search_term_string}\"},\"query-input\":{\"@type\":\"PropertyValueSpecification\",\"valueRequired\":true,\"valueName\":\"search_term_string\"}}],\"inLanguage\":\"az\"},{\"@type\":\"Organization\",\"@id\":\"https:\/\/jam-news.net\/az\/#organization\",\"name\":\"JAMnews\",\"url\":\"https:\/\/jam-news.net\/az\/\",\"logo\":{\"@type\":\"ImageObject\",\"inLanguage\":\"az\",\"@id\":\"https:\/\/jam-news.net\/az\/#\/schema\/logo\/image\/\",\"url\":\"https:\/\/jam-news.net\/app\/uploads\/2020\/05\/JAM_w.jpg\",\"contentUrl\":\"https:\/\/jam-news.net\/app\/uploads\/2020\/05\/JAM_w.jpg\",\"width\":960,\"height\":960,\"caption\":\"JAMnews\"},\"image\":{\"@id\":\"https:\/\/jam-news.net\/az\/#\/schema\/logo\/image\/\"},\"sameAs\":[\"https:\/\/www.facebook.com\/JAMnewsInEnglish\/\",\"https:\/\/x.com\/JAMnewsCaucasus\",\"https:\/\/www.instagram.com\/jam_news\/\",\"https:\/\/www.youtube.com\/channel\/UCXQbUCme2pykuZYXWHx4VPg\"]},{\"@type\":\"Person\",\"@id\":\"https:\/\/jam-news.net\/az\/#\/schema\/person\/67df3bb7adb46cd513fb9c4cb02361c6\",\"name\":\"JAMnews\",\"image\":{\"@type\":\"ImageObject\",\"inLanguage\":\"az\",\"@id\":\"https:\/\/jam-news.net\/az\/#\/schema\/person\/image\/\",\"url\":\"https:\/\/secure.gravatar.com\/avatar\/e5c27593ef900c3ab3deed4ed1c653d7?s=96&d=mm&r=g\",\"contentUrl\":\"https:\/\/secure.gravatar.com\/avatar\/e5c27593ef900c3ab3deed4ed1c653d7?s=96&d=mm&r=g\",\"caption\":\"JAMnews\"},\"url\":\"https:\/\/jam-news.net\/az\/author\/margarita\/\"}]}<\/script>\n<!-- \/ Yoast SEO plugin. -->","yoast_head_json":{"title":"Armen Sargsyan, Yerevan - JAMnews","robots":{"index":"index","follow":"follow","max-snippet":"max-snippet:-1","max-image-preview":"max-image-preview:large","max-video-preview":"max-video-preview:-1"},"canonical":"https:\/\/jam-news.net\/az\/armen-sargsyan-yerevan\/","og_locale":"az_AZ","og_type":"article","og_title":"Armen Sargsyan, Yerevan - JAMnews","og_description":"Yeni n\u0259slin qorxular\u0131: \"M\u0259n bird\u0259n mobil telefonsuz qalsam n\u0259 el\u0259y\u0259c\u0259m?\"","og_url":"https:\/\/jam-news.net\/az\/armen-sargsyan-yerevan\/","og_site_name":"Azerbaijani Jamnews","article_publisher":"https:\/\/www.facebook.com\/JAMnewsInEnglish\/","article_published_time":"2016-05-03T00:00:00+00:00","article_modified_time":"2020-03-18T10:48:55+00:00","og_image":[{"width":1000,"height":751,"url":"https:\/\/jam-news.net\/app\/uploads\/2020\/03\/Armen-2.jpg","type":"image\/jpeg"}],"author":"JAMnews","twitter_card":"summary_large_image","twitter_creator":"@JAMnewsCaucasus","twitter_site":"@JAMnewsCaucasus","twitter_misc":{"Written by":"JAMnews","Est. reading time":"3 minutes"},"schema":{"@context":"https:\/\/schema.org","@graph":[{"@type":"Article","@id":"https:\/\/jam-news.net\/az\/armen-sargsyan-yerevan\/#article","isPartOf":{"@id":"https:\/\/jam-news.net\/az\/armen-sargsyan-yerevan\/"},"author":{"name":"JAMnews","@id":"https:\/\/jam-news.net\/az\/#\/schema\/person\/67df3bb7adb46cd513fb9c4cb02361c6"},"headline":"Armen Sargsyan, Yerevan","datePublished":"2016-05-03T00:00:00+00:00","dateModified":"2020-03-18T10:48:55+00:00","mainEntityOfPage":{"@id":"https:\/\/jam-news.net\/az\/armen-sargsyan-yerevan\/"},"wordCount":650,"commentCount":0,"publisher":{"@id":"https:\/\/jam-news.net\/az\/#organization"},"image":{"@id":"https:\/\/jam-news.net\/az\/armen-sargsyan-yerevan\/#primaryimage"},"thumbnailUrl":"https:\/\/jam-news.net\/app\/uploads\/2020\/03\/Armen-2.jpg","articleSection":["Armenia","From far and near","Geography","Lifestyle","Opinion"],"inLanguage":"az"},{"@type":"WebPage","@id":"https:\/\/jam-news.net\/az\/armen-sargsyan-yerevan\/","url":"https:\/\/jam-news.net\/az\/armen-sargsyan-yerevan\/","name":"Armen Sargsyan, Yerevan - JAMnews","isPartOf":{"@id":"https:\/\/jam-news.net\/az\/#website"},"primaryImageOfPage":{"@id":"https:\/\/jam-news.net\/az\/armen-sargsyan-yerevan\/#primaryimage"},"image":{"@id":"https:\/\/jam-news.net\/az\/armen-sargsyan-yerevan\/#primaryimage"},"thumbnailUrl":"https:\/\/jam-news.net\/app\/uploads\/2020\/03\/Armen-2.jpg","datePublished":"2016-05-03T00:00:00+00:00","dateModified":"2020-03-18T10:48:55+00:00","breadcrumb":{"@id":"https:\/\/jam-news.net\/az\/armen-sargsyan-yerevan\/#breadcrumb"},"inLanguage":"az","potentialAction":[{"@type":"ReadAction","target":["https:\/\/jam-news.net\/az\/armen-sargsyan-yerevan\/"]}]},{"@type":"ImageObject","inLanguage":"az","@id":"https:\/\/jam-news.net\/az\/armen-sargsyan-yerevan\/#primaryimage","url":"https:\/\/jam-news.net\/app\/uploads\/2020\/03\/Armen-2.jpg","contentUrl":"https:\/\/jam-news.net\/app\/uploads\/2020\/03\/Armen-2.jpg","width":1000,"height":751},{"@type":"BreadcrumbList","@id":"https:\/\/jam-news.net\/az\/armen-sargsyan-yerevan\/#breadcrumb","itemListElement":[{"@type":"ListItem","position":1,"name":"Home","item":"https:\/\/jam-news.net\/az\/"},{"@type":"ListItem","position":2,"name":"Armen Sargsyan, Yerevan"}]},{"@type":"WebSite","@id":"https:\/\/jam-news.net\/az\/#website","url":"https:\/\/jam-news.net\/az\/","name":"Azerbaijani Jamnews","description":"Caucasus News, Politics and Society","publisher":{"@id":"https:\/\/jam-news.net\/az\/#organization"},"potentialAction":[{"@type":"SearchAction","target":{"@type":"EntryPoint","urlTemplate":"https:\/\/jam-news.net\/az\/?s={search_term_string}"},"query-input":{"@type":"PropertyValueSpecification","valueRequired":true,"valueName":"search_term_string"}}],"inLanguage":"az"},{"@type":"Organization","@id":"https:\/\/jam-news.net\/az\/#organization","name":"JAMnews","url":"https:\/\/jam-news.net\/az\/","logo":{"@type":"ImageObject","inLanguage":"az","@id":"https:\/\/jam-news.net\/az\/#\/schema\/logo\/image\/","url":"https:\/\/jam-news.net\/app\/uploads\/2020\/05\/JAM_w.jpg","contentUrl":"https:\/\/jam-news.net\/app\/uploads\/2020\/05\/JAM_w.jpg","width":960,"height":960,"caption":"JAMnews"},"image":{"@id":"https:\/\/jam-news.net\/az\/#\/schema\/logo\/image\/"},"sameAs":["https:\/\/www.facebook.com\/JAMnewsInEnglish\/","https:\/\/x.com\/JAMnewsCaucasus","https:\/\/www.instagram.com\/jam_news\/","https:\/\/www.youtube.com\/channel\/UCXQbUCme2pykuZYXWHx4VPg"]},{"@type":"Person","@id":"https:\/\/jam-news.net\/az\/#\/schema\/person\/67df3bb7adb46cd513fb9c4cb02361c6","name":"JAMnews","image":{"@type":"ImageObject","inLanguage":"az","@id":"https:\/\/jam-news.net\/az\/#\/schema\/person\/image\/","url":"https:\/\/secure.gravatar.com\/avatar\/e5c27593ef900c3ab3deed4ed1c653d7?s=96&d=mm&r=g","contentUrl":"https:\/\/secure.gravatar.com\/avatar\/e5c27593ef900c3ab3deed4ed1c653d7?s=96&d=mm&r=g","caption":"JAMnews"},"url":"https:\/\/jam-news.net\/az\/author\/margarita\/"}]}},"_links":{"self":[{"href":"https:\/\/jam-news.net\/az\/wp-json\/wp\/v2\/posts\/3591","targetHints":{"allow":["GET"]}}],"collection":[{"href":"https:\/\/jam-news.net\/az\/wp-json\/wp\/v2\/posts"}],"about":[{"href":"https:\/\/jam-news.net\/az\/wp-json\/wp\/v2\/types\/post"}],"author":[{"embeddable":true,"href":"https:\/\/jam-news.net\/az\/wp-json\/wp\/v2\/users\/3"}],"replies":[{"embeddable":true,"href":"https:\/\/jam-news.net\/az\/wp-json\/wp\/v2\/comments?post=3591"}],"version-history":[{"count":1,"href":"https:\/\/jam-news.net\/az\/wp-json\/wp\/v2\/posts\/3591\/revisions"}],"predecessor-version":[{"id":16026,"href":"https:\/\/jam-news.net\/az\/wp-json\/wp\/v2\/posts\/3591\/revisions\/16026"}],"wp:featuredmedia":[{"embeddable":true,"href":"https:\/\/jam-news.net\/az\/wp-json\/wp\/v2\/media\/19018"}],"wp:attachment":[{"href":"https:\/\/jam-news.net\/az\/wp-json\/wp\/v2\/media?parent=3591"}],"wp:term":[{"taxonomy":"category","embeddable":true,"href":"https:\/\/jam-news.net\/az\/wp-json\/wp\/v2\/categories?post=3591"},{"taxonomy":"post_tag","embeddable":true,"href":"https:\/\/jam-news.net\/az\/wp-json\/wp\/v2\/tags?post=3591"},{"taxonomy":"formation","embeddable":true,"href":"https:\/\/jam-news.net\/az\/wp-json\/wp\/v2\/formation?post=3591"},{"taxonomy":"post-author","embeddable":true,"href":"https:\/\/jam-news.net\/az\/wp-json\/wp\/v2\/post-author?post=3591"},{"taxonomy":"topic","embeddable":true,"href":"https:\/\/jam-news.net\/az\/wp-json\/wp\/v2\/topic?post=3591"},{"taxonomy":"tooltip","embeddable":true,"href":"https:\/\/jam-news.net\/az\/wp-json\/wp\/v2\/tooltip?post=3591"},{"taxonomy":"city","embeddable":true,"href":"https:\/\/jam-news.net\/az\/wp-json\/wp\/v2\/city?post=3591"}],"curies":[{"name":"wp","href":"https:\/\/api.w.org\/{rel}","templated":true}]}}