{"id":35689,"date":"2020-10-02T12:01:49","date_gmt":"2020-10-02T08:01:49","guid":{"rendered":"http:\/\/jam-news.net\/az\/?p=35689"},"modified":"2020-10-02T12:09:58","modified_gmt":"2020-10-02T08:09:58","slug":"donald-v%c9%99-melaniya-tramp-uzun-mudd%c9%99t-inkar-etdikl%c9%99ri-covid-19-virusuna-yoluxublar","status":"publish","type":"post","link":"https:\/\/jam-news.net\/az\/donald-v%c9%99-melaniya-tramp-uzun-mudd%c9%99t-inkar-etdikl%c9%99ri-covid-19-virusuna-yoluxublar\/","title":{"rendered":"Donald v\u0259 Melaniya Tramp uzun m\u00fcdd\u0259t inkar etdikl\u0259ri Covid-19 virusuna yoluxublar"},"content":{"rendered":"\n<p>73 ya\u015fl\u0131 Donald Tramp Twitter hesab\u0131nda onun v\u0259 Melaniya Tramp\u0131n koronavirus testl\u0259rinin m\u00fcsb\u0259t n\u0259tic\u0259 verdiyini a\u00e7\u0131qlay\u0131b. Bununla \u0259laq\u0259dar olaraq prezident v\u0259 h\u0259yat yolda\u015f\u0131 karantin\u0259 qapan\u0131blar.<\/p>\n\n\n\n<p><em>\u201cBiz bundan birlikd\u0259 ke\u00e7\u0259c\u0259yik\u201d,<\/em> &#8211; o yaz\u0131b.<\/p>\n\n\n\n<figure class=\"wp-block-image size-large\"><img loading=\"lazy\" decoding=\"async\" width=\"1024\" height=\"456\" src=\"https:\/\/jam-news.net\/app\/uploads\/2020\/10\/Screen-Shot-2020-10-02-at-10.27.32-1024x456.png\" alt=\"\" class=\"wp-image-35670\" srcset=\"https:\/\/jam-news.net\/app\/uploads\/2020\/10\/Screen-Shot-2020-10-02-at-10.27.32-1024x456.png 1024w, https:\/\/jam-news.net\/app\/uploads\/2020\/10\/Screen-Shot-2020-10-02-at-10.27.32-300x134.png 300w, https:\/\/jam-news.net\/app\/uploads\/2020\/10\/Screen-Shot-2020-10-02-at-10.27.32-768x342.png 768w, https:\/\/jam-news.net\/app\/uploads\/2020\/10\/Screen-Shot-2020-10-02-at-10.27.32.png 1216w\" sizes=\"auto, (max-width: 1024px) 100vw, 1024px\" \/><\/figure>\n\n\n\n<p>Ba\u015f ver\u0259nl\u0259rin g\u00fcnahkar\u0131n\u0131n Tramp\u0131n yax\u0131n k\u00f6m\u0259k\u00e7isi 31 ya\u015fl\u0131 Houp Hiks oldu\u011fu ehtimal edilir. O, AB\u015e prezidentinin \u00e7evr\u0259sind\u0259n koronavirus testi m\u00fcsb\u0259t \u00e7\u0131xan yegan\u0259 \u015f\u0259xsdir.<\/p>\n\n\n\n<p>Bu yax\u0131nlarda Tramp v\u0259 Hiks Ohayo \u015ftat\u0131na se\u00e7kiqaba\u011f\u0131 mitinq\u0259 yolland\u0131qlar\u0131 zaman birlikd\u0259 prezident t\u0259yyar\u0259sinin g\u00f6y\u0259rt\u0259sind\u0259 olublar. H\u0259r ikisi prinsipial olaraq maska taxmaqdan imtina edib.<\/p>\n\n\n\n<p>\u00dcmumiyy\u0259tl\u0259 b\u00fct\u00fcn pandemiya d\u00f6vr\u00fcnd\u0259 Donald Tramp koronavirus t\u0259hl\u00fck\u0259sinin \u015fi\u015firdildiyini bildirir, onunla m\u00fcbariz\u0259 t\u0259dbirl\u0259rini is\u0259 laz\u0131ms\u0131z adland\u0131r\u0131rd\u0131.<\/p>\n\n\n\n<p>M\u00fct\u0259x\u0259ssisl\u0259r hesab edirl\u0259r ki, Tramp\u0131n m\u0259hz bu c\u00fcr m\u0259suliyy\u0259tsiz v\u0259 elm\u0259 zidd yana\u015fmas\u0131 AB\u015e-\u0131n inki\u015faf etmi\u015f \u00f6lk\u0259l\u0259r aras\u0131nda a\u011f\u0131r x\u0259st\u0259lik say\u0131na g\u00f6r\u0259 liderlik etm\u0259sin\u0259 s\u0259b\u0259b olub.<\/p>\n\n\n\n<hr class=\"wp-block-separator\"\/>\n\n\n\n<p><strong>\u2022 <a href=\"https:\/\/jam-news.net\/az\/tramp-bayden-abs-prezidentliyin%c9%99-namiz%c9%99dl%c9%99r-debatlar-qisqiriblar-bir-birini-yalanci-adlandiriblar-bir-birinin-ail%c9%99si-haqda-r%c9%99zil-s%c9%99rhl%c9%99r\/\" target=\"_blank\" rel=\"noreferrer noopener\">\u201cK\u0259s s\u0259sini!\u201d \u2013 Tramp v\u0259 Baydenin ilk teledebat\u0131. Video<\/a><\/strong><\/p>\n\n\n\n<p><strong>\u2022 <a href=\"https:\/\/jam-news.net\/az\/memuarlar-bolton-putin-trampdan-istifad%c9%99-edir-abs-ifsa\/\" target=\"_blank\" rel=\"noreferrer noopener\">\u015e\u0259rh: Putin Trampdan istifad\u0259 edir, Avropa say\u0131q olmal\u0131d\u0131r<\/a><\/strong><\/p>\n\n\n\n<hr class=\"wp-block-separator\"\/>\n\n\n\n<p>AB\u015e prezidentinin \u015f\u0259xsi h\u0259kimi bildirib ki, haz\u0131rda prezident v\u0259 h\u0259yyat yolda\u015f\u0131 \u00f6zl\u0259rini yax\u015f\u0131 hiss edirl\u0259r v\u0259 x\u0259st\u0259lik Trampa v\u0259zif\u0259sini icra etm\u0259y\u0259 mane olmayacaq.<\/p>\n\n\n\n<p>Amma b\u00fct\u00fcn Amerika medias\u0131 bu hadis\u0259nin 2020-ci il noyabr\u0131n 3-d\u0259 ke\u00e7iril\u0259c\u0259k prezident se\u00e7kil\u0259rind\u0259 Tramp\u0131n se\u00e7kiqaba\u011f\u0131 kampaniyas\u0131na ciddi z\u0259rb\u0259 vuraca\u011f\u0131 fikrind\u0259 uzla\u015f\u0131r.<\/p>\n\n\n\n<p>Onun g\u00fccl\u00fc t\u0259r\u0259fi se\u00e7kiqaba\u011f\u0131 mitinql\u0259rd\u0259 canl\u0131 \u00e7\u0131x\u0131\u015flar\u0131d\u0131r, bu g\u00f6r\u00fc\u015fl\u0259r is\u0259 art\u0131q Tramp \u00fc\u00e7\u00fcn m\u00fcmk\u00fcns\u00fczd\u00fcr.<\/p>\n\n\n\n<figure class=\"wp-block-image size-large\"><img loading=\"lazy\" decoding=\"async\" width=\"1024\" height=\"683\" src=\"https:\/\/jam-news.net\/app\/uploads\/2020\/10\/RTX7ZF1R-1024x683.jpg\" alt=\"\" class=\"wp-image-35671\" srcset=\"https:\/\/jam-news.net\/app\/uploads\/2020\/10\/RTX7ZF1R-1024x683.jpg 1024w, https:\/\/jam-news.net\/app\/uploads\/2020\/10\/RTX7ZF1R-300x200.jpg 300w, https:\/\/jam-news.net\/app\/uploads\/2020\/10\/RTX7ZF1R-768x512.jpg 768w, https:\/\/jam-news.net\/app\/uploads\/2020\/10\/RTX7ZF1R.jpg 1200w\" sizes=\"auto, (max-width: 1024px) 100vw, 1024px\" \/><figcaption>Prezident Donald Tramp v\u0259 xan\u0131m\u0131 Melaniya Tramp. 29 sentyabr, 2020. REUTERS\/Carlos Barria<\/figcaption><\/figure>\n","protected":false},"excerpt":{"rendered":"<p>Donald v\u0259 Melaniya Tramp koronavirusa yoluxub. Noyabr\u0131n 3-d\u0259 ke\u00e7iril\u0259c\u0259k prezident se\u00e7kil\u0259ri \u0259r\u0259f\u0259sind\u0259 73 ya\u015fl\u0131 AB\u015e prezidentinin se\u00e7kiqaba\u011f\u0131 kampaniyas\u0131 t\u0259hl\u00fck\u0259 alt\u0131ndad\u0131r<\/p>\n","protected":false},"author":3,"featured_media":35671,"comment_status":"closed","ping_status":"closed","sticky":false,"template":"","format":"standard","meta":{"_acf_changed":false,"footnotes":""},"categories":[4043,8,2,25],"tags":[],"formation":[],"post-author":[2888],"topic":[4646],"tooltip":[],"city":[],"class_list":["post-35689","post","type-post","status-publish","format-standard","has-post-thumbnail","hentry","category-explainer","category-dunyada-bas-vernlr","category-cografiya","category-cmiyyt","post-author-jamnews","topic-donald-tramp"],"acf":[],"yoast_head":"<!-- This site is optimized with the Yoast SEO plugin v24.1 - https:\/\/yoast.com\/wordpress\/plugins\/seo\/ -->\n<title>Donald v\u0259 Melaniya Tramp uzun m\u00fcdd\u0259t inkar etdikl\u0259ri Covid-19 virusuna yoluxublar - JAMnews<\/title>\n<meta name=\"robots\" content=\"index, follow, max-snippet:-1, max-image-preview:large, max-video-preview:-1\" \/>\n<link rel=\"canonical\" href=\"https:\/\/jam-news.net\/az\/donald-v\u0259-melaniya-tramp-uzun-mudd\u0259t-inkar-etdikl\u0259ri-covid-19-virusuna-yoluxublar\/\" \/>\n<meta property=\"og:locale\" content=\"az_AZ\" \/>\n<meta property=\"og:type\" content=\"article\" \/>\n<meta property=\"og:title\" content=\"Donald v\u0259 Melaniya Tramp uzun m\u00fcdd\u0259t inkar etdikl\u0259ri Covid-19 virusuna yoluxublar - JAMnews\" \/>\n<meta property=\"og:description\" content=\"Donald v\u0259 Melaniya Tramp koronavirusa yoluxub. Noyabr\u0131n 3-d\u0259 ke\u00e7iril\u0259c\u0259k prezident se\u00e7kil\u0259ri \u0259r\u0259f\u0259sind\u0259 73 ya\u015fl\u0131 AB\u015e prezidentinin se\u00e7kiqaba\u011f\u0131 kampaniyas\u0131 t\u0259hl\u00fck\u0259 alt\u0131ndad\u0131r\" \/>\n<meta property=\"og:url\" content=\"https:\/\/jam-news.net\/az\/donald-v\u0259-melaniya-tramp-uzun-mudd\u0259t-inkar-etdikl\u0259ri-covid-19-virusuna-yoluxublar\/\" \/>\n<meta property=\"og:site_name\" content=\"Azerbaijani Jamnews\" \/>\n<meta property=\"article:publisher\" content=\"https:\/\/www.facebook.com\/JAMnewsInEnglish\/\" \/>\n<meta property=\"article:published_time\" content=\"2020-10-02T08:01:49+00:00\" \/>\n<meta property=\"article:modified_time\" content=\"2020-10-02T08:09:58+00:00\" \/>\n<meta property=\"og:image\" content=\"https:\/\/jam-news.net\/app\/uploads\/2020\/10\/RTX7ZF1R.jpg\" \/>\n\t<meta property=\"og:image:width\" content=\"1200\" \/>\n\t<meta property=\"og:image:height\" content=\"800\" \/>\n\t<meta property=\"og:image:type\" content=\"image\/jpeg\" \/>\n<meta name=\"author\" content=\"JAMnews\" \/>\n<meta name=\"twitter:card\" content=\"summary_large_image\" \/>\n<meta name=\"twitter:creator\" content=\"@JAMnewsCaucasus\" \/>\n<meta name=\"twitter:site\" content=\"@JAMnewsCaucasus\" \/>\n<meta name=\"twitter:label1\" content=\"Written by\" \/>\n\t<meta name=\"twitter:data1\" content=\"JAMnews\" \/>\n\t<meta name=\"twitter:label2\" content=\"Est. reading time\" \/>\n\t<meta name=\"twitter:data2\" content=\"2 minutes\" \/>\n<script type=\"application\/ld+json\" class=\"yoast-schema-graph\">{\"@context\":\"https:\/\/schema.org\",\"@graph\":[{\"@type\":\"Article\",\"@id\":\"https:\/\/jam-news.net\/az\/donald-v%c9%99-melaniya-tramp-uzun-mudd%c9%99t-inkar-etdikl%c9%99ri-covid-19-virusuna-yoluxublar\/#article\",\"isPartOf\":{\"@id\":\"https:\/\/jam-news.net\/az\/donald-v%c9%99-melaniya-tramp-uzun-mudd%c9%99t-inkar-etdikl%c9%99ri-covid-19-virusuna-yoluxublar\/\"},\"author\":{\"name\":\"JAMnews\",\"@id\":\"https:\/\/jam-news.net\/az\/#\/schema\/person\/67df3bb7adb46cd513fb9c4cb02361c6\"},\"headline\":\"Donald v\u0259 Melaniya Tramp uzun m\u00fcdd\u0259t inkar etdikl\u0259ri Covid-19 virusuna yoluxublar\",\"datePublished\":\"2020-10-02T08:01:49+00:00\",\"dateModified\":\"2020-10-02T08:09:58+00:00\",\"mainEntityOfPage\":{\"@id\":\"https:\/\/jam-news.net\/az\/donald-v%c9%99-melaniya-tramp-uzun-mudd%c9%99t-inkar-etdikl%c9%99ri-covid-19-virusuna-yoluxublar\/\"},\"wordCount\":346,\"publisher\":{\"@id\":\"https:\/\/jam-news.net\/az\/#organization\"},\"image\":{\"@id\":\"https:\/\/jam-news.net\/az\/donald-v%c9%99-melaniya-tramp-uzun-mudd%c9%99t-inkar-etdikl%c9%99ri-covid-19-virusuna-yoluxublar\/#primaryimage\"},\"thumbnailUrl\":\"https:\/\/jam-news.net\/app\/uploads\/2020\/10\/RTX7ZF1R.jpg\",\"articleSection\":[\"Explainer\",\"From far and near\",\"Geography\",\"Issues\"],\"inLanguage\":\"az\"},{\"@type\":\"WebPage\",\"@id\":\"https:\/\/jam-news.net\/az\/donald-v%c9%99-melaniya-tramp-uzun-mudd%c9%99t-inkar-etdikl%c9%99ri-covid-19-virusuna-yoluxublar\/\",\"url\":\"https:\/\/jam-news.net\/az\/donald-v%c9%99-melaniya-tramp-uzun-mudd%c9%99t-inkar-etdikl%c9%99ri-covid-19-virusuna-yoluxublar\/\",\"name\":\"Donald v\u0259 Melaniya Tramp uzun m\u00fcdd\u0259t inkar etdikl\u0259ri Covid-19 virusuna yoluxublar - JAMnews\",\"isPartOf\":{\"@id\":\"https:\/\/jam-news.net\/az\/#website\"},\"primaryImageOfPage\":{\"@id\":\"https:\/\/jam-news.net\/az\/donald-v%c9%99-melaniya-tramp-uzun-mudd%c9%99t-inkar-etdikl%c9%99ri-covid-19-virusuna-yoluxublar\/#primaryimage\"},\"image\":{\"@id\":\"https:\/\/jam-news.net\/az\/donald-v%c9%99-melaniya-tramp-uzun-mudd%c9%99t-inkar-etdikl%c9%99ri-covid-19-virusuna-yoluxublar\/#primaryimage\"},\"thumbnailUrl\":\"https:\/\/jam-news.net\/app\/uploads\/2020\/10\/RTX7ZF1R.jpg\",\"datePublished\":\"2020-10-02T08:01:49+00:00\",\"dateModified\":\"2020-10-02T08:09:58+00:00\",\"breadcrumb\":{\"@id\":\"https:\/\/jam-news.net\/az\/donald-v%c9%99-melaniya-tramp-uzun-mudd%c9%99t-inkar-etdikl%c9%99ri-covid-19-virusuna-yoluxublar\/#breadcrumb\"},\"inLanguage\":\"az\",\"potentialAction\":[{\"@type\":\"ReadAction\",\"target\":[\"https:\/\/jam-news.net\/az\/donald-v%c9%99-melaniya-tramp-uzun-mudd%c9%99t-inkar-etdikl%c9%99ri-covid-19-virusuna-yoluxublar\/\"]}]},{\"@type\":\"ImageObject\",\"inLanguage\":\"az\",\"@id\":\"https:\/\/jam-news.net\/az\/donald-v%c9%99-melaniya-tramp-uzun-mudd%c9%99t-inkar-etdikl%c9%99ri-covid-19-virusuna-yoluxublar\/#primaryimage\",\"url\":\"https:\/\/jam-news.net\/app\/uploads\/2020\/10\/RTX7ZF1R.jpg\",\"contentUrl\":\"https:\/\/jam-news.net\/app\/uploads\/2020\/10\/RTX7ZF1R.jpg\",\"width\":1200,\"height\":800},{\"@type\":\"BreadcrumbList\",\"@id\":\"https:\/\/jam-news.net\/az\/donald-v%c9%99-melaniya-tramp-uzun-mudd%c9%99t-inkar-etdikl%c9%99ri-covid-19-virusuna-yoluxublar\/#breadcrumb\",\"itemListElement\":[{\"@type\":\"ListItem\",\"position\":1,\"name\":\"Home\",\"item\":\"https:\/\/jam-news.net\/az\/\"},{\"@type\":\"ListItem\",\"position\":2,\"name\":\"Donald v\u0259 Melaniya Tramp uzun m\u00fcdd\u0259t inkar etdikl\u0259ri Covid-19 virusuna yoluxublar\"}]},{\"@type\":\"WebSite\",\"@id\":\"https:\/\/jam-news.net\/az\/#website\",\"url\":\"https:\/\/jam-news.net\/az\/\",\"name\":\"Azerbaijani Jamnews\",\"description\":\"Caucasus News, Politics and Society\",\"publisher\":{\"@id\":\"https:\/\/jam-news.net\/az\/#organization\"},\"potentialAction\":[{\"@type\":\"SearchAction\",\"target\":{\"@type\":\"EntryPoint\",\"urlTemplate\":\"https:\/\/jam-news.net\/az\/?s={search_term_string}\"},\"query-input\":{\"@type\":\"PropertyValueSpecification\",\"valueRequired\":true,\"valueName\":\"search_term_string\"}}],\"inLanguage\":\"az\"},{\"@type\":\"Organization\",\"@id\":\"https:\/\/jam-news.net\/az\/#organization\",\"name\":\"JAMnews\",\"url\":\"https:\/\/jam-news.net\/az\/\",\"logo\":{\"@type\":\"ImageObject\",\"inLanguage\":\"az\",\"@id\":\"https:\/\/jam-news.net\/az\/#\/schema\/logo\/image\/\",\"url\":\"https:\/\/jam-news.net\/app\/uploads\/2020\/05\/JAM_w.jpg\",\"contentUrl\":\"https:\/\/jam-news.net\/app\/uploads\/2020\/05\/JAM_w.jpg\",\"width\":960,\"height\":960,\"caption\":\"JAMnews\"},\"image\":{\"@id\":\"https:\/\/jam-news.net\/az\/#\/schema\/logo\/image\/\"},\"sameAs\":[\"https:\/\/www.facebook.com\/JAMnewsInEnglish\/\",\"https:\/\/x.com\/JAMnewsCaucasus\",\"https:\/\/www.instagram.com\/jam_news\/\",\"https:\/\/www.youtube.com\/channel\/UCXQbUCme2pykuZYXWHx4VPg\"]},{\"@type\":\"Person\",\"@id\":\"https:\/\/jam-news.net\/az\/#\/schema\/person\/67df3bb7adb46cd513fb9c4cb02361c6\",\"name\":\"JAMnews\",\"image\":{\"@type\":\"ImageObject\",\"inLanguage\":\"az\",\"@id\":\"https:\/\/jam-news.net\/az\/#\/schema\/person\/image\/\",\"url\":\"https:\/\/secure.gravatar.com\/avatar\/e5c27593ef900c3ab3deed4ed1c653d7?s=96&d=mm&r=g\",\"contentUrl\":\"https:\/\/secure.gravatar.com\/avatar\/e5c27593ef900c3ab3deed4ed1c653d7?s=96&d=mm&r=g\",\"caption\":\"JAMnews\"},\"url\":\"https:\/\/jam-news.net\/az\/author\/margarita\/\"}]}<\/script>\n<!-- \/ Yoast SEO plugin. -->","yoast_head_json":{"title":"Donald v\u0259 Melaniya Tramp uzun m\u00fcdd\u0259t inkar etdikl\u0259ri Covid-19 virusuna yoluxublar - JAMnews","robots":{"index":"index","follow":"follow","max-snippet":"max-snippet:-1","max-image-preview":"max-image-preview:large","max-video-preview":"max-video-preview:-1"},"canonical":"https:\/\/jam-news.net\/az\/donald-v\u0259-melaniya-tramp-uzun-mudd\u0259t-inkar-etdikl\u0259ri-covid-19-virusuna-yoluxublar\/","og_locale":"az_AZ","og_type":"article","og_title":"Donald v\u0259 Melaniya Tramp uzun m\u00fcdd\u0259t inkar etdikl\u0259ri Covid-19 virusuna yoluxublar - JAMnews","og_description":"Donald v\u0259 Melaniya Tramp koronavirusa yoluxub. Noyabr\u0131n 3-d\u0259 ke\u00e7iril\u0259c\u0259k prezident se\u00e7kil\u0259ri \u0259r\u0259f\u0259sind\u0259 73 ya\u015fl\u0131 AB\u015e prezidentinin se\u00e7kiqaba\u011f\u0131 kampaniyas\u0131 t\u0259hl\u00fck\u0259 alt\u0131ndad\u0131r","og_url":"https:\/\/jam-news.net\/az\/donald-v\u0259-melaniya-tramp-uzun-mudd\u0259t-inkar-etdikl\u0259ri-covid-19-virusuna-yoluxublar\/","og_site_name":"Azerbaijani Jamnews","article_publisher":"https:\/\/www.facebook.com\/JAMnewsInEnglish\/","article_published_time":"2020-10-02T08:01:49+00:00","article_modified_time":"2020-10-02T08:09:58+00:00","og_image":[{"width":1200,"height":800,"url":"https:\/\/jam-news.net\/app\/uploads\/2020\/10\/RTX7ZF1R.jpg","type":"image\/jpeg"}],"author":"JAMnews","twitter_card":"summary_large_image","twitter_creator":"@JAMnewsCaucasus","twitter_site":"@JAMnewsCaucasus","twitter_misc":{"Written by":"JAMnews","Est. reading time":"2 minutes"},"schema":{"@context":"https:\/\/schema.org","@graph":[{"@type":"Article","@id":"https:\/\/jam-news.net\/az\/donald-v%c9%99-melaniya-tramp-uzun-mudd%c9%99t-inkar-etdikl%c9%99ri-covid-19-virusuna-yoluxublar\/#article","isPartOf":{"@id":"https:\/\/jam-news.net\/az\/donald-v%c9%99-melaniya-tramp-uzun-mudd%c9%99t-inkar-etdikl%c9%99ri-covid-19-virusuna-yoluxublar\/"},"author":{"name":"JAMnews","@id":"https:\/\/jam-news.net\/az\/#\/schema\/person\/67df3bb7adb46cd513fb9c4cb02361c6"},"headline":"Donald v\u0259 Melaniya Tramp uzun m\u00fcdd\u0259t inkar etdikl\u0259ri Covid-19 virusuna yoluxublar","datePublished":"2020-10-02T08:01:49+00:00","dateModified":"2020-10-02T08:09:58+00:00","mainEntityOfPage":{"@id":"https:\/\/jam-news.net\/az\/donald-v%c9%99-melaniya-tramp-uzun-mudd%c9%99t-inkar-etdikl%c9%99ri-covid-19-virusuna-yoluxublar\/"},"wordCount":346,"publisher":{"@id":"https:\/\/jam-news.net\/az\/#organization"},"image":{"@id":"https:\/\/jam-news.net\/az\/donald-v%c9%99-melaniya-tramp-uzun-mudd%c9%99t-inkar-etdikl%c9%99ri-covid-19-virusuna-yoluxublar\/#primaryimage"},"thumbnailUrl":"https:\/\/jam-news.net\/app\/uploads\/2020\/10\/RTX7ZF1R.jpg","articleSection":["Explainer","From far and near","Geography","Issues"],"inLanguage":"az"},{"@type":"WebPage","@id":"https:\/\/jam-news.net\/az\/donald-v%c9%99-melaniya-tramp-uzun-mudd%c9%99t-inkar-etdikl%c9%99ri-covid-19-virusuna-yoluxublar\/","url":"https:\/\/jam-news.net\/az\/donald-v%c9%99-melaniya-tramp-uzun-mudd%c9%99t-inkar-etdikl%c9%99ri-covid-19-virusuna-yoluxublar\/","name":"Donald v\u0259 Melaniya Tramp uzun m\u00fcdd\u0259t inkar etdikl\u0259ri Covid-19 virusuna yoluxublar - JAMnews","isPartOf":{"@id":"https:\/\/jam-news.net\/az\/#website"},"primaryImageOfPage":{"@id":"https:\/\/jam-news.net\/az\/donald-v%c9%99-melaniya-tramp-uzun-mudd%c9%99t-inkar-etdikl%c9%99ri-covid-19-virusuna-yoluxublar\/#primaryimage"},"image":{"@id":"https:\/\/jam-news.net\/az\/donald-v%c9%99-melaniya-tramp-uzun-mudd%c9%99t-inkar-etdikl%c9%99ri-covid-19-virusuna-yoluxublar\/#primaryimage"},"thumbnailUrl":"https:\/\/jam-news.net\/app\/uploads\/2020\/10\/RTX7ZF1R.jpg","datePublished":"2020-10-02T08:01:49+00:00","dateModified":"2020-10-02T08:09:58+00:00","breadcrumb":{"@id":"https:\/\/jam-news.net\/az\/donald-v%c9%99-melaniya-tramp-uzun-mudd%c9%99t-inkar-etdikl%c9%99ri-covid-19-virusuna-yoluxublar\/#breadcrumb"},"inLanguage":"az","potentialAction":[{"@type":"ReadAction","target":["https:\/\/jam-news.net\/az\/donald-v%c9%99-melaniya-tramp-uzun-mudd%c9%99t-inkar-etdikl%c9%99ri-covid-19-virusuna-yoluxublar\/"]}]},{"@type":"ImageObject","inLanguage":"az","@id":"https:\/\/jam-news.net\/az\/donald-v%c9%99-melaniya-tramp-uzun-mudd%c9%99t-inkar-etdikl%c9%99ri-covid-19-virusuna-yoluxublar\/#primaryimage","url":"https:\/\/jam-news.net\/app\/uploads\/2020\/10\/RTX7ZF1R.jpg","contentUrl":"https:\/\/jam-news.net\/app\/uploads\/2020\/10\/RTX7ZF1R.jpg","width":1200,"height":800},{"@type":"BreadcrumbList","@id":"https:\/\/jam-news.net\/az\/donald-v%c9%99-melaniya-tramp-uzun-mudd%c9%99t-inkar-etdikl%c9%99ri-covid-19-virusuna-yoluxublar\/#breadcrumb","itemListElement":[{"@type":"ListItem","position":1,"name":"Home","item":"https:\/\/jam-news.net\/az\/"},{"@type":"ListItem","position":2,"name":"Donald v\u0259 Melaniya Tramp uzun m\u00fcdd\u0259t inkar etdikl\u0259ri Covid-19 virusuna yoluxublar"}]},{"@type":"WebSite","@id":"https:\/\/jam-news.net\/az\/#website","url":"https:\/\/jam-news.net\/az\/","name":"Azerbaijani Jamnews","description":"Caucasus News, Politics and Society","publisher":{"@id":"https:\/\/jam-news.net\/az\/#organization"},"potentialAction":[{"@type":"SearchAction","target":{"@type":"EntryPoint","urlTemplate":"https:\/\/jam-news.net\/az\/?s={search_term_string}"},"query-input":{"@type":"PropertyValueSpecification","valueRequired":true,"valueName":"search_term_string"}}],"inLanguage":"az"},{"@type":"Organization","@id":"https:\/\/jam-news.net\/az\/#organization","name":"JAMnews","url":"https:\/\/jam-news.net\/az\/","logo":{"@type":"ImageObject","inLanguage":"az","@id":"https:\/\/jam-news.net\/az\/#\/schema\/logo\/image\/","url":"https:\/\/jam-news.net\/app\/uploads\/2020\/05\/JAM_w.jpg","contentUrl":"https:\/\/jam-news.net\/app\/uploads\/2020\/05\/JAM_w.jpg","width":960,"height":960,"caption":"JAMnews"},"image":{"@id":"https:\/\/jam-news.net\/az\/#\/schema\/logo\/image\/"},"sameAs":["https:\/\/www.facebook.com\/JAMnewsInEnglish\/","https:\/\/x.com\/JAMnewsCaucasus","https:\/\/www.instagram.com\/jam_news\/","https:\/\/www.youtube.com\/channel\/UCXQbUCme2pykuZYXWHx4VPg"]},{"@type":"Person","@id":"https:\/\/jam-news.net\/az\/#\/schema\/person\/67df3bb7adb46cd513fb9c4cb02361c6","name":"JAMnews","image":{"@type":"ImageObject","inLanguage":"az","@id":"https:\/\/jam-news.net\/az\/#\/schema\/person\/image\/","url":"https:\/\/secure.gravatar.com\/avatar\/e5c27593ef900c3ab3deed4ed1c653d7?s=96&d=mm&r=g","contentUrl":"https:\/\/secure.gravatar.com\/avatar\/e5c27593ef900c3ab3deed4ed1c653d7?s=96&d=mm&r=g","caption":"JAMnews"},"url":"https:\/\/jam-news.net\/az\/author\/margarita\/"}]}},"_links":{"self":[{"href":"https:\/\/jam-news.net\/az\/wp-json\/wp\/v2\/posts\/35689","targetHints":{"allow":["GET"]}}],"collection":[{"href":"https:\/\/jam-news.net\/az\/wp-json\/wp\/v2\/posts"}],"about":[{"href":"https:\/\/jam-news.net\/az\/wp-json\/wp\/v2\/types\/post"}],"author":[{"embeddable":true,"href":"https:\/\/jam-news.net\/az\/wp-json\/wp\/v2\/users\/3"}],"replies":[{"embeddable":true,"href":"https:\/\/jam-news.net\/az\/wp-json\/wp\/v2\/comments?post=35689"}],"version-history":[{"count":3,"href":"https:\/\/jam-news.net\/az\/wp-json\/wp\/v2\/posts\/35689\/revisions"}],"predecessor-version":[{"id":35695,"href":"https:\/\/jam-news.net\/az\/wp-json\/wp\/v2\/posts\/35689\/revisions\/35695"}],"wp:featuredmedia":[{"embeddable":true,"href":"https:\/\/jam-news.net\/az\/wp-json\/wp\/v2\/media\/35671"}],"wp:attachment":[{"href":"https:\/\/jam-news.net\/az\/wp-json\/wp\/v2\/media?parent=35689"}],"wp:term":[{"taxonomy":"category","embeddable":true,"href":"https:\/\/jam-news.net\/az\/wp-json\/wp\/v2\/categories?post=35689"},{"taxonomy":"post_tag","embeddable":true,"href":"https:\/\/jam-news.net\/az\/wp-json\/wp\/v2\/tags?post=35689"},{"taxonomy":"formation","embeddable":true,"href":"https:\/\/jam-news.net\/az\/wp-json\/wp\/v2\/formation?post=35689"},{"taxonomy":"post-author","embeddable":true,"href":"https:\/\/jam-news.net\/az\/wp-json\/wp\/v2\/post-author?post=35689"},{"taxonomy":"topic","embeddable":true,"href":"https:\/\/jam-news.net\/az\/wp-json\/wp\/v2\/topic?post=35689"},{"taxonomy":"tooltip","embeddable":true,"href":"https:\/\/jam-news.net\/az\/wp-json\/wp\/v2\/tooltip?post=35689"},{"taxonomy":"city","embeddable":true,"href":"https:\/\/jam-news.net\/az\/wp-json\/wp\/v2\/city?post=35689"}],"curies":[{"name":"wp","href":"https:\/\/api.w.org\/{rel}","templated":true}]}}