{"id":3481,"date":"2016-11-09T00:00:00","date_gmt":"2016-11-09T00:00:00","guid":{"rendered":"http:\/\/jam-news.net\/az\/donald-tramp-qalib-g%c9%99ldi-bundan-sonra-abs-i-n%c9%99yin-gozl%c9%99diyi-aydin-deyil\/"},"modified":"2020-03-18T10:47:47","modified_gmt":"2020-03-18T10:47:47","slug":"donald-tramp-qalib-g%c9%99ldi-bundan-sonra-abs-i-n%c9%99yin-gozl%c9%99diyi-aydin-deyil","status":"publish","type":"post","link":"https:\/\/jam-news.net\/az\/donald-tramp-qalib-g%c9%99ldi-bundan-sonra-abs-i-n%c9%99yin-gozl%c9%99diyi-aydin-deyil\/","title":{"rendered":"Donald Tramp qalib g\u0259ldi, bundan sonra AB\u015e-\u0131 n\u0259yin g\u00f6zl\u0259diyi ayd\u0131n deyil"},"content":{"rendered":"<p><strong><span style=\"font-size: 14pt;\">The Guardian<\/span><\/strong><\/p>\n<p><span style=\"font-size: 12pt;\">&Ccedil;\u0259r\u015f\u0259nb\u0259 ax\u015fam\u0131 noyabr\u0131n 9-da se&ccedil;ki m\u0259nt\u0259q\u0259l\u0259ri ba\u011flananda sonra Donald Tramp\u0131n q\u0259l\u0259b\u0259sinin elan olunmas\u0131 bir &ccedil;ox &uuml;midl\u0259ri pu&ccedil; etdi v\u0259 amerikal\u0131 se&ccedil;icil\u0259r aras\u0131nda d\u0259rin anti-nomenklatur meyll\u0259ri &uuml;z\u0259 &ccedil;\u0131xard\u0131.<\/span><\/p>\n<p><span style=\"font-size: 12pt;\">D&uuml;nya siyasi qeyri-m&uuml;\u0259yy\u0259nlikl\u0259 &uuml;z-&uuml;z\u0259 qald\u0131.<\/span><\/p>\n<p><span style=\"font-size: 12pt;\">Respublika&ccedil;\u0131lar Partiyas\u0131ndan olan namiz\u0259d ist\u0259nil\u0259n ba\u015fqa namiz\u0259di asanl\u0131qla m\u0259hv ed\u0259 bil\u0259c\u0259k bir s\u0131ra qalmaqallar\u0131n ortas\u0131nda qalmas\u0131na r\u0259\u011fm\u0259n AB\u015e-\u0131n m&uuml;asir tarixind\u0259 \u0259n a\u011flas\u0131\u011fmaz siyasi q\u0259l\u0259b\u0259l\u0259rd\u0259n birin\u0259 nail oldu.<\/span><\/p>\n<p><span style=\"font-size: 12pt;\">T\u0259\u0259cc&uuml;bl&uuml; d\u0259 olsa, h\u0259m respublika&ccedil;\u0131lar\u0131n, h\u0259m d\u0259 demokratlar\u0131n t\u0259nqidin\u0259 s\u0259b\u0259b olan ekstremal siyasi b\u0259yanatlar\u0131 da ona mane olmad\u0131.<\/span><\/p>\n<p><span style=\"font-size: 12pt;\">\u0130rq&ccedil;i b\u0259yanatlar\u0131 v\u0259 seksist davran\u0131\u015f\u0131 da, \u0259n\u0259n\u0259vi siyasi t\u0259cr&uuml;b\u0259sinin olmamas\u0131 da onun q\u0259l\u0259b\u0259sin\u0259 t\u0259sir etm\u0259di.<\/span><\/p>\n<p><span style=\"font-size: 12pt;\">\u018fvv\u0259lc\u0259 o, Florida, \u015eimali Karolina v\u0259 Ohayoda s\u0259sverm\u0259nin ilkin n\u0259tic\u0259l\u0259rin\u0259 g&ouml;r\u0259 g&ouml;zl\u0259nilm\u0259z&nbsp;q\u0259l\u0259b\u0259 qazand\u0131. Daha sonra AB\u015e-\u0131n q\u0259rbind\u0259 &#8211; s\u0259naye qur\u015fa\u011f\u0131ndak\u0131 \u015ftatlar\u0131nda onun sars\u0131d\u0131c\u0131 q\u0259l\u0259b\u0259sini t\u0259sdiql\u0259m\u0259yin vaxt\u0131 &ccedil;atd\u0131.<\/span><\/p>\n<p><span style=\"font-size: 12pt;\">Se&ccedil;kil\u0259r \u0259r\u0259f\u0259sind\u0259 Viskonsin v\u0259 Mi&ccedil;iqan \u015ftatlar\u0131nda i\u015f yerl\u0259rinin k&uuml;tl\u0259vi ixtisar\u0131 ba\u015f vermi\u015fdi v\u0259 bu, Trampa h\u0259min \u015ftatlarda q\u0259tiyy\u0259tl\u0259 liderlik etm\u0259y\u0259 imkan verdi. Vaxtil\u0259 Hillari Klinton m\u0259hz burada partiyada\u015f\u0131 Berni Sanders\u0259 uduzmu\u015fdu. &nbsp;<\/span><\/p>\n<p><span style=\"font-size: 12pt;\">Se&ccedil;ki g&uuml;n&uuml;n&uuml;n sonuna do\u011fru &ldquo;Associated Press agentliyi Tramp\u0131n Viskonsin \u015ftat\u0131nda, h\u0259m&ccedil;inin &uuml;mumilikd\u0259 prezident se&ccedil;kil\u0259rind\u0259 q\u0259l\u0259b\u0259sini proqnozla\u015fd\u0131rd\u0131, &ccedil;&uuml;nki o, lab&uuml;d olan se&ccedil;icil\u0259r kollegiyas\u0131n\u0131n 270 s\u0259sini toplaya bilmi\u015fdi.<\/span><\/p>\n<p><span style=\"font-size: 12pt;\">Bir q\u0259d\u0259r sonra Klinton Trampa z\u0259ng ed\u0259r\u0259k, &ouml;z m\u0259\u011flubiyy\u0259tini etiraf etdi, baxmayaraq ki, o h\u0259l\u0259 ictimai b\u0259yanatla &ccedil;\u0131x\u0131\u015f etm\u0259mi\u015fdi.<\/span><\/p>\n<p><span style=\"font-size: 12pt;\"><\/p>\n<div><img decoding=\"async\" src=\"http:\/\/jam-news.net\/Uploads\/Publication\/3102\/ContentImages\/az-Latn-AZ\/1.png\" \/><span class='post-image-caption'><\/span><\/div>\n<p><\/span><\/p>\n<p><span style=\"font-size: 12pt;\">Daha sonra Tramp Tauer-i t\u0259rk ed\u0259n Donald Tramp &ldquo;Hilton Midtowna yolland\u0131. Burada art\u0131q se&ccedil;ilmi\u015f prezident kimi s\u0259hn\u0259y\u0259 &ccedil;\u0131xd\u0131 v\u0259 t\u0259r\u0259fdarlar\u0131na m&uuml;raci\u0259tind\u0259 \u0259minlikl\u0259 bildirdi ki, &ldquo;ham\u0131ya qar\u015f\u0131 \u0259dal\u0259tli davranacaq.<\/span><\/p>\n<p><span style=\"font-size: 12pt;\">&ldquo;Ba\u011f\u0131\u015flay\u0131n ki, sizi g&ouml;zl\u0259tm\u0259li oldum. &Ccedil;\u0259tin zamand\u0131r, &ccedil;ox &ccedil;\u0259tin, &#8211; Tramp &ouml;z b\u0259yanat\u0131na ba\u015flad\u0131. Onun h\u0259y\u0259canl\u0131 t\u0259r\u0259fdarlar\u0131 &ldquo;A-B-\u015e, A-B-\u015e dey\u0259 q\u0131\u015fq\u0131r\u0131rd\u0131.&nbsp;<\/span><\/p>\n<p><span style=\"font-size: 12pt;\">&ldquo;El\u0259 indic\u0259 m\u0259n\u0259 d&ouml;vl\u0259t katibi Klinton z\u0259ng vurdu, &ndash; Tramp s&ouml;z&uuml;n\u0259 davam etdi. &ndash; &ldquo;Bizi t\u0259brik etdi &ndash; s&ouml;hb\u0259t is\u0259 m\u0259hz bizd\u0259n v\u0259 bizim q\u0259l\u0259b\u0259mizd\u0259n gedir. M\u0259n d\u0259 &ouml;z n&ouml;vb\u0259md\u0259, onu &ccedil;\u0259tin se&ccedil;kiqaba\u011f\u0131 m&uuml;bariz\u0259d\u0259n \u015f\u0259r\u0259fl\u0259 &nbsp;ke&ccedil;m\u0259si m&uuml;nasib\u0259til\u0259 t\u0259brik etdim.<\/span><\/p>\n<p><span style=\"font-size: 12pt;\">&ldquo;\u0130ndi is\u0259 biz &ndash; Amerika v\u0259t\u0259nda\u015flar\u0131 &ccedil;\u0259ki\u015fm\u0259 v\u0259 ziddiyy\u0259tl\u0259rin a&ccedil;d\u0131\u011f\u0131 yaralar\u0131 sa\u011faltmal\u0131y\u0131q. Birl\u0259\u015f\u0259r\u0259k &ouml;z&uuml;m&uuml;z&uuml; vahid xalq kimi hiss etm\u0259k zaman\u0131d\u0131r&#8230; &Ouml;lk\u0259mizin h\u0259r bir sakinin\u0259 s&ouml;z verm\u0259k ist\u0259yir\u0259m ki, h\u0259r bir amerikal\u0131n\u0131n prezidenti olacam.<\/span><\/p>\n<p><span style=\"font-size: 12pt;\">Bundan bir q\u0259d\u0259r \u0259vv\u0259l Klintonun se&ccedil;kiqaba\u011f\u0131 q\u0259rargah\u0131n\u0131n r\u0259hb\u0259ri Con Podesta h\u0259dsiz p\u0259ri\u015fan k&uuml;tl\u0259 qar\u015f\u0131s\u0131nda &ccedil;\u0131x\u0131\u015f edirdi. O bildirdi ki, Klinton m\u0259\u011flubiyy\u0259tini etiraf ed\u0259n nitql\u0259 &ccedil;\u0131x\u0131\u015f etm\u0259y\u0259c\u0259k v\u0259 opponentini q\u0259l\u0259b\u0259 m&uuml;nasib\u0259til\u0259 ham\u0131 qar\u015f\u0131s\u0131nda t\u0259brik etm\u0259y\u0259c\u0259k.<\/span><\/p>\n<p><span style=\"font-size: 12pt;\">&ldquo;Evl\u0259riniz\u0259 gedin, &#8211; Podesta t\u0259r\u0259fdarlara m&uuml;raci\u0259tl\u0259 dedi. &ndash; &ldquo;Yat\u0131b dinc\u0259lin. Sabah h\u0259l\u0259 dem\u0259y\u0259 s&ouml;z&uuml;m&uuml;z olacaq.&nbsp;<\/span><\/p>\n<p><span style=\"font-size: 12pt;\">&ldquo;Uzun bir gec\u0259 v\u0259 se&ccedil;kiqaba\u011f\u0131 kampaniyan\u0131 arxada qoyduq. M\u0259g\u0259r bir az da g&ouml;zl\u0259y\u0259 bilm\u0259rik? S\u0259sl\u0259rin hesablanmas\u0131 h\u0259l\u0259 d\u0259 davam edir v\u0259 h\u0259r bir s\u0259s &ouml;n\u0259mlidir. B\u0259zi \u015ftatlarda h\u0259l\u0259 ki n\u0259tic\u0259l\u0259r bar\u0259d\u0259 \u0259vv\u0259lc\u0259d\u0259n dan\u0131\u015fmaq &ccedil;ox &ccedil;\u0259tindir, buna g&ouml;r\u0259 d\u0259 bu g&uuml;nl&uuml;k dey\u0259c\u0259k bir s&ouml;z&uuml;m&uuml;z qalmay\u0131b.<\/span><\/p>\n<p><span style=\"font-size: 12pt;\">Tramp\u0131n ofisind\u0259n veril\u0259n m\u0259lumata g&ouml;r\u0259, Klinton ona t\u0259qrib\u0259n bu \u0259r\u0259f\u0259d\u0259 z\u0259ng vurub v\u0259 Tramp ona deyib: &ldquo;Siz &ccedil;ox a\u011f\u0131ll\u0131s\u0131n\u0131z, siz m&ouml;ht\u0259\u015f\u0259m se&ccedil;kiqaba\u011f\u0131 kampaniya ke&ccedil;irdiniz. Z\u0259nginiz\u0259 g&ouml;r\u0259 minn\u0259tdaram v\u0259 siz\u0259 b&ouml;y&uuml;k h&ouml;rm\u0259tim var.<\/span><\/p>\n<p><span style=\"font-size: 12pt;\">Tramp h\u0259m&ccedil;inin Barak Obama il\u0259 telefonda dan\u0131\u015f\u0131b. Sonuncu da ona se&ccedil;kid\u0259 qazand\u0131\u011f\u0131 q\u0259l\u0259b\u0259 m&uuml;nasib\u0259til\u0259 t\u0259brik etm\u0259k &uuml;&ccedil;&uuml;n z\u0259ng vurub. Obama Tramp\u0131 c&uuml;m\u0259 ax\u015fam\u0131 g&uuml;n&uuml; A\u011f Ev\u0259 d\u0259v\u0259t edib.<\/span><\/p>\n<p><span style=\"font-size: 12pt;\">Respublika&ccedil;\u0131lar h\u0259m&ccedil;inin N&uuml;may\u0259nd\u0259l\u0259r Palatas\u0131nda v\u0259 Senatda &ccedil;oxlu\u011fa nail oldular, bundan ba\u015fqa Ali M\u0259hk\u0259m\u0259nin s\u0259dri v\u0259zif\u0259sin\u0259 &ccedil;ox g&uuml;man ki be\u015finci m&uuml;dd\u0259t\u0259 se&ccedil;il\u0259c\u0259k namiz\u0259dl\u0259ri d\u0259 var. Bu o dem\u0259kdir ki, yeni prezidentin f\u0259aliyy\u0259ti &uuml;z\u0259rind\u0259ki t\u0259nqidi n\u0259zar\u0259t minimuma endirilib.<\/span><\/p>\n<p><span style=\"font-size: 12pt;\"><\/p>\n<div class='youtube-video-content'><iframe class='youtube-player' data-video-id='eKA6L6a5Mgo' frameborder='0' allowfullscreen='1' title='YouTube video player' width='100%' height='500px' src='https:\/\/www.youtube.com\/embed\/eKA6L6a5Mgo?enablejsapi=1&amp;origin=http%3A%2F%2Fjam-news.net&amp;widgetid=1'><\/iframe><\/div>\n<p><\/span><\/p>\n<p><span style=\"font-size: 12pt;\">D&uuml;nyan\u0131n maliyy\u0259 strukturlar\u0131 bu se&ccedil;kil\u0259rin n\u0259tic\u0259l\u0259rini qorxu il\u0259 m&uuml;\u015fahid\u0259 edirl\u0259r. Dow Jones-un s\u0259naye indeksi indid\u0259n \u0259n az\u0131 600 b\u0259nd a\u015fa\u011f\u0131 d&uuml;\u015f&uuml;b.<\/span><\/p>\n<p><span style=\"font-size: 12pt;\">S\u0259sverm\u0259nin n\u0259tic\u0259l\u0259ri m\u0259lum olma\u011fa ba\u015flayan vaxt Amerikan\u0131n g\u0259l\u0259c\u0259yin\u0259 dair f\u0259rqli bax\u0131\u015flar\u0131 olan iki namiz\u0259d bir-birinin iki add\u0131ml\u0131\u011f\u0131nda televizora bax\u0131rd\u0131lar: Klinton &ouml;z komandas\u0131 il\u0259 Manhettenin m\u0259rk\u0259zind\u0259 yerl\u0259\u015f\u0259n &ldquo;Peninsula otelind\u0259, respublika&ccedil;\u0131lar is\u0259 Trump Tower-d\u0259.&nbsp;<\/span><\/p>\n<p><span style=\"font-size: 12pt;\">Tramp\u0131n d&uuml;\u015f\u0259rg\u0259sind\u0259 \u0259hval-ruhiyy\u0259 xeyli \u0259vv\u0259l &#8211; Floridada s\u0259sverm\u0259 n\u0259tic\u0259l\u0259rinin onlar\u0131n xeyrin\u0259 oldu\u011fu haqda x\u0259b\u0259rl\u0259r yay\u0131landa y&uuml;ks\u0259lmi\u015fdi. Klintonun t\u0259r\u0259fdarlar\u0131 is\u0259 bu n\u0259tic\u0259l\u0259rin n\u0259y\u0259 g\u0259tirib &ccedil;\u0131xaraca\u011f\u0131n\u0131 bir q\u0259d\u0259r sonra d\u0259rk etm\u0259y\u0259 ba\u015flad\u0131lar. Hadis\u0259l\u0259rin bu gedi\u015fat\u0131n\u0131 az adam t\u0259xmin edirdi.<\/span><\/p>\n<p><span style=\"font-size: 12pt;\">Peninsula otelinin \u015f&uuml;\u015f\u0259 tavan\u0131 &ldquo;Klintonun q\u0259l\u0259b\u0259si \u015f\u0259r\u0259fin\u0259 veril\u0259c\u0259k ziyaf\u0259td\u0259 vacib rol oynamal\u0131 idi. O, b&uuml;t&uuml;n gender mane\u0259l\u0259rini bir k\u0259nara atan tarixi gec\u0259nin epik simvolu olmal\u0131 idi. Amma zalda dilxorluq h&ouml;km s&uuml;r&uuml;rd&uuml;.&nbsp;<\/span><\/p>\n<p><span style=\"font-size: 12pt;\">Manhetten m\u0259rk\u0259zinin dig\u0259r hiss\u0259sind\u0259 &ldquo;Jacob Javits konfrans zal\u0131na, h\u0259m&ccedil;inin &ccedil;&ouml;ld\u0259 topla\u015fan minl\u0259rl\u0259 insan\u0131n g&ouml;zl\u0259ri televizor ekranlar\u0131na dikilmi\u015fdi. Diktorlar \u015eimali Karolinada Tramp\u0131n q\u0259l\u0259b\u0259 &ccedil;ald\u0131\u011f\u0131n\u0131 elan ed\u0259nd\u0259 k&uuml;tl\u0259 aras\u0131ndak\u0131 bir qad\u0131n qulaqlar\u0131na v\u0259 g&ouml;zl\u0259rin\u0259 inanm\u0131rm\u0131\u015f kimi heyr\u0259t i&ccedil;ind\u0259 \u0259ll\u0259ril\u0259 &uuml;z&uuml;n&uuml; qapatd\u0131.<\/span><\/p>\n<p><span style=\"font-size: 12pt;\">S\u0259sverm\u0259nin n\u0259tic\u0259l\u0259ri haqq\u0131nda yeni m\u0259lumatlar g\u0259ldikc\u0259 insanlar\u0131n \u0259hval\u0131 bir az da pozulurdu: Ohayo, Florida, \u015eimali Karolina, ham\u0131 Trampa s\u0259s verirdi. K&uuml;&ccedil;\u0259d\u0259 bir ki\u015fi il\u0259 qad\u0131n qucaqla\u015fm\u0131\u015fd\u0131, qad\u0131n yanaqlar\u0131n\u0131 isladan g&ouml;z ya\u015flar\u0131n\u0131 silir, ki\u015fi is\u0259 onun sa&ccedil;lar\u0131n\u0131 s\u0131\u011fallay\u0131rd\u0131.&nbsp; &nbsp;<\/span><\/p>\n<p><span style=\"font-size: 12pt;\">G\u0259rgin halda ekrana baxanlardan biri ad\u0131n\u0131n Teo oldu\u011funu dedi v\u0259 bildirdi ki, &nbsp;&ldquo;bu, qorxunc v\u0259 t\u0259hl&uuml;k\u0259li n\u0259tic\u0259dir. &ldquo;Biz d&uuml;\u015f&uuml;nm&uuml;rd&uuml;k ki, bu &ouml;lk\u0259d\u0259 bu q\u0259d\u0259r nifr\u0259t ola bil\u0259r. M\u0259lum oldu ki, varm\u0131\u015f, &#8211; o dedi.<\/span><\/p>\n<p><span style=\"font-size: 12pt;\">Podestin &ccedil;\u0131x\u0131\u015f\u0131ndan sonra &ccedil;oxu partiyan\u0131n r\u0259mzi r\u0259ngind\u0259 olan \u015falvarl\u0131 kostyum geyinmi\u015f demokratlar yor\u011fun u\u015faqlar\u0131n\u0131 arxalar\u0131nca apararaq v\u0259 g&ouml;z ya\u015flar\u0131n\u0131 sil\u0259r\u0259k binan\u0131 t\u0259rk edirdil\u0259r.<\/span><\/p>\n<p><span style=\"font-size: 12pt;\">&ldquo;Biz ax\u0131 n\u0259 i\u015f g&ouml;rd&uuml;k? &ndash; Qvatemaladan olan o\u011flan u\u015fa\u011f\u0131n\u0131 &ouml;vladl\u0131\u011fa g&ouml;t&uuml;rm&uuml;\u015f Qloriya Louell sual edirdi.<\/span><\/p>\n<p><span style=\"font-size: 12pt;\">Se&ccedil;kiqaba\u011f\u0131 q\u0259rargah\u0131n &uuml;zvl\u0259ri d\u0259 bir-birini qucaqlay\u0131b, g&ouml;z ya\u015flar\u0131n\u0131 silirdil\u0259r. Onlar bel\u0259 bir n\u0259tic\u0259ni t\u0259xmin edirdil\u0259r, amma h\u0259qiqi m\u0259nada buna inanm\u0131rd\u0131lar.&nbsp;<\/span><\/p>\n<p><span style=\"font-size: 12pt;\">Syuzi \u015eennon x&uuml;susi olaraq Kaliforniyadan g\u0259lib ki, &ccedil;\u0259r\u015f\u0259nb\u0259 ax\u015fam\u0131 &ldquo;Javits Centerd\u0259 olsun v\u0259 onun s\u0259kkiz ya\u015fl\u0131 q\u0131z\u0131 Qreys Hillar\u0131 Klintonun prezident se&ccedil;ildiyi g&uuml;n orada oldu\u011funu sonralar dan\u0131\u015fa bilsin.&nbsp;<\/span><\/p>\n<p><span style=\"font-size: 12pt;\">Onlar m\u0259rk\u0259zi &ccedil;\u0259r\u015f\u0259nb\u0259 g&uuml;n&uuml; s\u0259h\u0259r tezd\u0259n h\u0259dd\u0259n art\u0131q m\u0259yus halda t\u0259rk etdil\u0259r.<\/span><\/p>\n<p><span style=\"font-size: 12pt;\">&ldquo;Bu gec\u0259 burada olmaq &uuml;&ccedil;&uuml;n bir ne&ccedil;\u0259 saat g&ouml;zl\u0259m\u0259li olduq, &#8211; o, q\u0131z\u0131n\u0131n \u0259lind\u0259n tutmu\u015fdu, &ccedil;ox sars\u0131lm\u0131\u015f g&ouml;r&uuml;n&uuml;rd&uuml;. &ndash; \u0130st\u0259rdim ki, Klinton &ouml;z&uuml; &ccedil;\u0131x\u0131b, biz\u0259 m&uuml;raci\u0259t etsin. Onu e\u015fitm\u0259k yax\u015f\u0131 olard\u0131.<\/span><\/p>\n<p><span style=\"font-size: 12pt;\">H\u0259min vaxt &ldquo;Hilton Midtownda Tramp\u0131n q\u0259bulunda olan izdiham getdikc\u0259 daha &ccedil;ox co\u015furdu. H\u0259r d\u0259f\u0259 Florida v\u0259 Ohayoda s\u0259sverm\u0259nin n&ouml;vb\u0259ti n\u0259tic\u0259l\u0259ri bar\u0259d\u0259 televiziya ekranlar\u0131nda m\u0259lumat g&ouml;r&uuml;n\u0259nd\u0259 gurultulu alq\u0131\u015flar e\u015fidilirdi. \u018fhval-ruhiyy\u0259 daha da nikbinl\u0259\u015firdi. \u018fll\u0259rind\u0259 i&ccedil;kil\u0259ri v\u0259 mobil telefonlar\u0131 olan insanlar h\u0259y\u0259canla televizorlar\u0131n \u0259traf\u0131nda var-g\u0259l edirdil\u0259r.<\/span><\/p>\n<p><span style=\"font-size: 12pt;\">H\u0259r d\u0259f\u0259 Klintonun ad\u0131 &ccedil;\u0259kil\u0259nd\u0259 &ccedil;oxlar\u0131 q\u0131\u015fq\u0131r\u0131rd\u0131: &ldquo;At\u0131n onu zindana! v\u0259 jurnalistl\u0259ri s\u0259sverm\u0259nin n\u0259tic\u0259l\u0259ri bar\u0259d\u0259 m\u0259lumatlar\u0131 qeyri-operativ verm\u0259kd\u0259 g&uuml;nahland\u0131r\u0131rd\u0131lar.<\/span><\/p>\n<p><span style=\"font-size: 12pt;\">Rusiya prezidenti Vladimir Putin Trampa t\u0259brik teleqram\u0131 g&ouml;nd\u0259rib. Almaniya kansleri Anqela Merkel Tramp\u0131 t\u0259brik etm\u0259yib, amma AB\u015e-la s\u0131x \u0259m\u0259kda\u015fl\u0131\u011fa &uuml;mid etdiyini bildirib, &ldquo;&ccedil;&uuml;nki Almaniya v\u0259 Amerikan\u0131 milli m\u0259nsubiyy\u0259tind\u0259n, d\u0259risinin r\u0259ngind\u0259n, dinind\u0259n, cinsind\u0259n, seksual arientasiyas\u0131ndan v\u0259 siyasi meyll\u0259rind\u0259n as\u0131l\u0131 olmayaraq insanlar\u0131n b\u0259rab\u0259r olmas\u0131 kimi &uuml;mumi d\u0259y\u0259rl\u0259r birl\u0259\u015fdirir.<\/span><\/p>\n<p><span style=\"background-color: #ffffff; color: #993300;\"><strong><span style=\"font-size: 10pt;\">D\u0259rc olunub 09.11.2016<\/span><\/strong><\/span><\/p>\n<p><span style=\"font-size: 12pt;\">&nbsp;<\/span><\/p>\n","protected":false},"excerpt":{"rendered":"<p>Bu a\u011flas\u0131\u011fmaz siyasi se\u00e7im\u0259 Amerikan\u0131 anti-nomenklatur meyll\u0259r g\u0259tirib \u00e7\u0131xard\u0131<\/p>\n","protected":false},"author":3,"featured_media":0,"comment_status":"open","ping_status":"open","sticky":false,"template":"","format":"standard","meta":{"_acf_changed":false,"footnotes":""},"categories":[1],"tags":[],"formation":[],"post-author":[],"topic":[4646],"tooltip":[],"city":[],"class_list":["post-3481","post","type-post","status-publish","format-standard","hentry","category-uncategorized","topic-donald-tramp"],"acf":[],"yoast_head":"<!-- This site is optimized with the Yoast SEO plugin v24.1 - https:\/\/yoast.com\/wordpress\/plugins\/seo\/ -->\n<title>Donald Tramp qalib g\u0259ldi, bundan sonra AB\u015e-\u0131 n\u0259yin g\u00f6zl\u0259diyi ayd\u0131n deyil - JAMnews<\/title>\n<meta name=\"robots\" content=\"index, follow, max-snippet:-1, max-image-preview:large, max-video-preview:-1\" \/>\n<link rel=\"canonical\" href=\"https:\/\/jam-news.net\/az\/donald-tramp-qalib-g\u0259ldi-bundan-sonra-abs-i-n\u0259yin-gozl\u0259diyi-aydin-deyil\/\" \/>\n<meta property=\"og:locale\" content=\"az_AZ\" \/>\n<meta property=\"og:type\" content=\"article\" \/>\n<meta property=\"og:title\" content=\"Donald Tramp qalib g\u0259ldi, bundan sonra AB\u015e-\u0131 n\u0259yin g\u00f6zl\u0259diyi ayd\u0131n deyil - JAMnews\" \/>\n<meta property=\"og:description\" content=\"Bu a\u011flas\u0131\u011fmaz siyasi se\u00e7im\u0259 Amerikan\u0131 anti-nomenklatur meyll\u0259r g\u0259tirib \u00e7\u0131xard\u0131\" \/>\n<meta property=\"og:url\" content=\"https:\/\/jam-news.net\/az\/donald-tramp-qalib-g\u0259ldi-bundan-sonra-abs-i-n\u0259yin-gozl\u0259diyi-aydin-deyil\/\" \/>\n<meta property=\"og:site_name\" content=\"Azerbaijani Jamnews\" \/>\n<meta property=\"article:publisher\" content=\"https:\/\/www.facebook.com\/JAMnewsInEnglish\/\" \/>\n<meta property=\"article:published_time\" content=\"2016-11-09T00:00:00+00:00\" \/>\n<meta property=\"article:modified_time\" content=\"2020-03-18T10:47:47+00:00\" \/>\n<meta property=\"og:image\" content=\"http:\/\/jam-news.net\/Uploads\/Publication\/3102\/ContentImages\/az-Latn-AZ\/1.png\" \/>\n<meta name=\"author\" content=\"JAMnews\" \/>\n<meta name=\"twitter:card\" content=\"summary_large_image\" \/>\n<meta name=\"twitter:creator\" content=\"@JAMnewsCaucasus\" \/>\n<meta name=\"twitter:site\" content=\"@JAMnewsCaucasus\" \/>\n<meta name=\"twitter:label1\" content=\"Written by\" \/>\n\t<meta name=\"twitter:data1\" content=\"JAMnews\" \/>\n\t<meta name=\"twitter:label2\" content=\"Est. reading time\" \/>\n\t<meta name=\"twitter:data2\" content=\"10 minutes\" \/>\n<script type=\"application\/ld+json\" class=\"yoast-schema-graph\">{\"@context\":\"https:\/\/schema.org\",\"@graph\":[{\"@type\":\"Article\",\"@id\":\"https:\/\/jam-news.net\/az\/donald-tramp-qalib-g%c9%99ldi-bundan-sonra-abs-i-n%c9%99yin-gozl%c9%99diyi-aydin-deyil\/#article\",\"isPartOf\":{\"@id\":\"https:\/\/jam-news.net\/az\/donald-tramp-qalib-g%c9%99ldi-bundan-sonra-abs-i-n%c9%99yin-gozl%c9%99diyi-aydin-deyil\/\"},\"author\":{\"name\":\"JAMnews\",\"@id\":\"https:\/\/jam-news.net\/az\/#\/schema\/person\/67df3bb7adb46cd513fb9c4cb02361c6\"},\"headline\":\"Donald Tramp qalib g\u0259ldi, bundan sonra AB\u015e-\u0131 n\u0259yin g\u00f6zl\u0259diyi ayd\u0131n deyil\",\"datePublished\":\"2016-11-09T00:00:00+00:00\",\"dateModified\":\"2020-03-18T10:47:47+00:00\",\"mainEntityOfPage\":{\"@id\":\"https:\/\/jam-news.net\/az\/donald-tramp-qalib-g%c9%99ldi-bundan-sonra-abs-i-n%c9%99yin-gozl%c9%99diyi-aydin-deyil\/\"},\"wordCount\":1932,\"commentCount\":0,\"publisher\":{\"@id\":\"https:\/\/jam-news.net\/az\/#organization\"},\"image\":{\"@id\":\"https:\/\/jam-news.net\/az\/donald-tramp-qalib-g%c9%99ldi-bundan-sonra-abs-i-n%c9%99yin-gozl%c9%99diyi-aydin-deyil\/#primaryimage\"},\"thumbnailUrl\":\"http:\/\/jam-news.net\/Uploads\/Publication\/3102\/ContentImages\/az-Latn-AZ\/1.png\",\"articleSection\":[\"Uncategorized\"],\"inLanguage\":\"az\"},{\"@type\":\"WebPage\",\"@id\":\"https:\/\/jam-news.net\/az\/donald-tramp-qalib-g%c9%99ldi-bundan-sonra-abs-i-n%c9%99yin-gozl%c9%99diyi-aydin-deyil\/\",\"url\":\"https:\/\/jam-news.net\/az\/donald-tramp-qalib-g%c9%99ldi-bundan-sonra-abs-i-n%c9%99yin-gozl%c9%99diyi-aydin-deyil\/\",\"name\":\"Donald Tramp qalib g\u0259ldi, bundan sonra AB\u015e-\u0131 n\u0259yin g\u00f6zl\u0259diyi ayd\u0131n deyil - JAMnews\",\"isPartOf\":{\"@id\":\"https:\/\/jam-news.net\/az\/#website\"},\"primaryImageOfPage\":{\"@id\":\"https:\/\/jam-news.net\/az\/donald-tramp-qalib-g%c9%99ldi-bundan-sonra-abs-i-n%c9%99yin-gozl%c9%99diyi-aydin-deyil\/#primaryimage\"},\"image\":{\"@id\":\"https:\/\/jam-news.net\/az\/donald-tramp-qalib-g%c9%99ldi-bundan-sonra-abs-i-n%c9%99yin-gozl%c9%99diyi-aydin-deyil\/#primaryimage\"},\"thumbnailUrl\":\"http:\/\/jam-news.net\/Uploads\/Publication\/3102\/ContentImages\/az-Latn-AZ\/1.png\",\"datePublished\":\"2016-11-09T00:00:00+00:00\",\"dateModified\":\"2020-03-18T10:47:47+00:00\",\"breadcrumb\":{\"@id\":\"https:\/\/jam-news.net\/az\/donald-tramp-qalib-g%c9%99ldi-bundan-sonra-abs-i-n%c9%99yin-gozl%c9%99diyi-aydin-deyil\/#breadcrumb\"},\"inLanguage\":\"az\",\"potentialAction\":[{\"@type\":\"ReadAction\",\"target\":[\"https:\/\/jam-news.net\/az\/donald-tramp-qalib-g%c9%99ldi-bundan-sonra-abs-i-n%c9%99yin-gozl%c9%99diyi-aydin-deyil\/\"]}]},{\"@type\":\"ImageObject\",\"inLanguage\":\"az\",\"@id\":\"https:\/\/jam-news.net\/az\/donald-tramp-qalib-g%c9%99ldi-bundan-sonra-abs-i-n%c9%99yin-gozl%c9%99diyi-aydin-deyil\/#primaryimage\",\"url\":\"http:\/\/jam-news.net\/Uploads\/Publication\/3102\/ContentImages\/az-Latn-AZ\/1.png\",\"contentUrl\":\"http:\/\/jam-news.net\/Uploads\/Publication\/3102\/ContentImages\/az-Latn-AZ\/1.png\"},{\"@type\":\"BreadcrumbList\",\"@id\":\"https:\/\/jam-news.net\/az\/donald-tramp-qalib-g%c9%99ldi-bundan-sonra-abs-i-n%c9%99yin-gozl%c9%99diyi-aydin-deyil\/#breadcrumb\",\"itemListElement\":[{\"@type\":\"ListItem\",\"position\":1,\"name\":\"Home\",\"item\":\"https:\/\/jam-news.net\/az\/\"},{\"@type\":\"ListItem\",\"position\":2,\"name\":\"Donald Tramp qalib g\u0259ldi, bundan sonra AB\u015e-\u0131 n\u0259yin g\u00f6zl\u0259diyi ayd\u0131n deyil\"}]},{\"@type\":\"WebSite\",\"@id\":\"https:\/\/jam-news.net\/az\/#website\",\"url\":\"https:\/\/jam-news.net\/az\/\",\"name\":\"Azerbaijani Jamnews\",\"description\":\"Caucasus News, Politics and Society\",\"publisher\":{\"@id\":\"https:\/\/jam-news.net\/az\/#organization\"},\"potentialAction\":[{\"@type\":\"SearchAction\",\"target\":{\"@type\":\"EntryPoint\",\"urlTemplate\":\"https:\/\/jam-news.net\/az\/?s={search_term_string}\"},\"query-input\":{\"@type\":\"PropertyValueSpecification\",\"valueRequired\":true,\"valueName\":\"search_term_string\"}}],\"inLanguage\":\"az\"},{\"@type\":\"Organization\",\"@id\":\"https:\/\/jam-news.net\/az\/#organization\",\"name\":\"JAMnews\",\"url\":\"https:\/\/jam-news.net\/az\/\",\"logo\":{\"@type\":\"ImageObject\",\"inLanguage\":\"az\",\"@id\":\"https:\/\/jam-news.net\/az\/#\/schema\/logo\/image\/\",\"url\":\"https:\/\/jam-news.net\/app\/uploads\/2020\/05\/JAM_w.jpg\",\"contentUrl\":\"https:\/\/jam-news.net\/app\/uploads\/2020\/05\/JAM_w.jpg\",\"width\":960,\"height\":960,\"caption\":\"JAMnews\"},\"image\":{\"@id\":\"https:\/\/jam-news.net\/az\/#\/schema\/logo\/image\/\"},\"sameAs\":[\"https:\/\/www.facebook.com\/JAMnewsInEnglish\/\",\"https:\/\/x.com\/JAMnewsCaucasus\",\"https:\/\/www.instagram.com\/jam_news\/\",\"https:\/\/www.youtube.com\/channel\/UCXQbUCme2pykuZYXWHx4VPg\"]},{\"@type\":\"Person\",\"@id\":\"https:\/\/jam-news.net\/az\/#\/schema\/person\/67df3bb7adb46cd513fb9c4cb02361c6\",\"name\":\"JAMnews\",\"image\":{\"@type\":\"ImageObject\",\"inLanguage\":\"az\",\"@id\":\"https:\/\/jam-news.net\/az\/#\/schema\/person\/image\/\",\"url\":\"https:\/\/secure.gravatar.com\/avatar\/e5c27593ef900c3ab3deed4ed1c653d7?s=96&d=mm&r=g\",\"contentUrl\":\"https:\/\/secure.gravatar.com\/avatar\/e5c27593ef900c3ab3deed4ed1c653d7?s=96&d=mm&r=g\",\"caption\":\"JAMnews\"},\"url\":\"https:\/\/jam-news.net\/az\/author\/margarita\/\"}]}<\/script>\n<!-- \/ Yoast SEO plugin. -->","yoast_head_json":{"title":"Donald Tramp qalib g\u0259ldi, bundan sonra AB\u015e-\u0131 n\u0259yin g\u00f6zl\u0259diyi ayd\u0131n deyil - JAMnews","robots":{"index":"index","follow":"follow","max-snippet":"max-snippet:-1","max-image-preview":"max-image-preview:large","max-video-preview":"max-video-preview:-1"},"canonical":"https:\/\/jam-news.net\/az\/donald-tramp-qalib-g\u0259ldi-bundan-sonra-abs-i-n\u0259yin-gozl\u0259diyi-aydin-deyil\/","og_locale":"az_AZ","og_type":"article","og_title":"Donald Tramp qalib g\u0259ldi, bundan sonra AB\u015e-\u0131 n\u0259yin g\u00f6zl\u0259diyi ayd\u0131n deyil - JAMnews","og_description":"Bu a\u011flas\u0131\u011fmaz siyasi se\u00e7im\u0259 Amerikan\u0131 anti-nomenklatur meyll\u0259r g\u0259tirib \u00e7\u0131xard\u0131","og_url":"https:\/\/jam-news.net\/az\/donald-tramp-qalib-g\u0259ldi-bundan-sonra-abs-i-n\u0259yin-gozl\u0259diyi-aydin-deyil\/","og_site_name":"Azerbaijani Jamnews","article_publisher":"https:\/\/www.facebook.com\/JAMnewsInEnglish\/","article_published_time":"2016-11-09T00:00:00+00:00","article_modified_time":"2020-03-18T10:47:47+00:00","og_image":[{"url":"http:\/\/jam-news.net\/Uploads\/Publication\/3102\/ContentImages\/az-Latn-AZ\/1.png","type":"","width":"","height":""}],"author":"JAMnews","twitter_card":"summary_large_image","twitter_creator":"@JAMnewsCaucasus","twitter_site":"@JAMnewsCaucasus","twitter_misc":{"Written by":"JAMnews","Est. reading time":"10 minutes"},"schema":{"@context":"https:\/\/schema.org","@graph":[{"@type":"Article","@id":"https:\/\/jam-news.net\/az\/donald-tramp-qalib-g%c9%99ldi-bundan-sonra-abs-i-n%c9%99yin-gozl%c9%99diyi-aydin-deyil\/#article","isPartOf":{"@id":"https:\/\/jam-news.net\/az\/donald-tramp-qalib-g%c9%99ldi-bundan-sonra-abs-i-n%c9%99yin-gozl%c9%99diyi-aydin-deyil\/"},"author":{"name":"JAMnews","@id":"https:\/\/jam-news.net\/az\/#\/schema\/person\/67df3bb7adb46cd513fb9c4cb02361c6"},"headline":"Donald Tramp qalib g\u0259ldi, bundan sonra AB\u015e-\u0131 n\u0259yin g\u00f6zl\u0259diyi ayd\u0131n deyil","datePublished":"2016-11-09T00:00:00+00:00","dateModified":"2020-03-18T10:47:47+00:00","mainEntityOfPage":{"@id":"https:\/\/jam-news.net\/az\/donald-tramp-qalib-g%c9%99ldi-bundan-sonra-abs-i-n%c9%99yin-gozl%c9%99diyi-aydin-deyil\/"},"wordCount":1932,"commentCount":0,"publisher":{"@id":"https:\/\/jam-news.net\/az\/#organization"},"image":{"@id":"https:\/\/jam-news.net\/az\/donald-tramp-qalib-g%c9%99ldi-bundan-sonra-abs-i-n%c9%99yin-gozl%c9%99diyi-aydin-deyil\/#primaryimage"},"thumbnailUrl":"http:\/\/jam-news.net\/Uploads\/Publication\/3102\/ContentImages\/az-Latn-AZ\/1.png","articleSection":["Uncategorized"],"inLanguage":"az"},{"@type":"WebPage","@id":"https:\/\/jam-news.net\/az\/donald-tramp-qalib-g%c9%99ldi-bundan-sonra-abs-i-n%c9%99yin-gozl%c9%99diyi-aydin-deyil\/","url":"https:\/\/jam-news.net\/az\/donald-tramp-qalib-g%c9%99ldi-bundan-sonra-abs-i-n%c9%99yin-gozl%c9%99diyi-aydin-deyil\/","name":"Donald Tramp qalib g\u0259ldi, bundan sonra AB\u015e-\u0131 n\u0259yin g\u00f6zl\u0259diyi ayd\u0131n deyil - JAMnews","isPartOf":{"@id":"https:\/\/jam-news.net\/az\/#website"},"primaryImageOfPage":{"@id":"https:\/\/jam-news.net\/az\/donald-tramp-qalib-g%c9%99ldi-bundan-sonra-abs-i-n%c9%99yin-gozl%c9%99diyi-aydin-deyil\/#primaryimage"},"image":{"@id":"https:\/\/jam-news.net\/az\/donald-tramp-qalib-g%c9%99ldi-bundan-sonra-abs-i-n%c9%99yin-gozl%c9%99diyi-aydin-deyil\/#primaryimage"},"thumbnailUrl":"http:\/\/jam-news.net\/Uploads\/Publication\/3102\/ContentImages\/az-Latn-AZ\/1.png","datePublished":"2016-11-09T00:00:00+00:00","dateModified":"2020-03-18T10:47:47+00:00","breadcrumb":{"@id":"https:\/\/jam-news.net\/az\/donald-tramp-qalib-g%c9%99ldi-bundan-sonra-abs-i-n%c9%99yin-gozl%c9%99diyi-aydin-deyil\/#breadcrumb"},"inLanguage":"az","potentialAction":[{"@type":"ReadAction","target":["https:\/\/jam-news.net\/az\/donald-tramp-qalib-g%c9%99ldi-bundan-sonra-abs-i-n%c9%99yin-gozl%c9%99diyi-aydin-deyil\/"]}]},{"@type":"ImageObject","inLanguage":"az","@id":"https:\/\/jam-news.net\/az\/donald-tramp-qalib-g%c9%99ldi-bundan-sonra-abs-i-n%c9%99yin-gozl%c9%99diyi-aydin-deyil\/#primaryimage","url":"http:\/\/jam-news.net\/Uploads\/Publication\/3102\/ContentImages\/az-Latn-AZ\/1.png","contentUrl":"http:\/\/jam-news.net\/Uploads\/Publication\/3102\/ContentImages\/az-Latn-AZ\/1.png"},{"@type":"BreadcrumbList","@id":"https:\/\/jam-news.net\/az\/donald-tramp-qalib-g%c9%99ldi-bundan-sonra-abs-i-n%c9%99yin-gozl%c9%99diyi-aydin-deyil\/#breadcrumb","itemListElement":[{"@type":"ListItem","position":1,"name":"Home","item":"https:\/\/jam-news.net\/az\/"},{"@type":"ListItem","position":2,"name":"Donald Tramp qalib g\u0259ldi, bundan sonra AB\u015e-\u0131 n\u0259yin g\u00f6zl\u0259diyi ayd\u0131n deyil"}]},{"@type":"WebSite","@id":"https:\/\/jam-news.net\/az\/#website","url":"https:\/\/jam-news.net\/az\/","name":"Azerbaijani Jamnews","description":"Caucasus News, Politics and Society","publisher":{"@id":"https:\/\/jam-news.net\/az\/#organization"},"potentialAction":[{"@type":"SearchAction","target":{"@type":"EntryPoint","urlTemplate":"https:\/\/jam-news.net\/az\/?s={search_term_string}"},"query-input":{"@type":"PropertyValueSpecification","valueRequired":true,"valueName":"search_term_string"}}],"inLanguage":"az"},{"@type":"Organization","@id":"https:\/\/jam-news.net\/az\/#organization","name":"JAMnews","url":"https:\/\/jam-news.net\/az\/","logo":{"@type":"ImageObject","inLanguage":"az","@id":"https:\/\/jam-news.net\/az\/#\/schema\/logo\/image\/","url":"https:\/\/jam-news.net\/app\/uploads\/2020\/05\/JAM_w.jpg","contentUrl":"https:\/\/jam-news.net\/app\/uploads\/2020\/05\/JAM_w.jpg","width":960,"height":960,"caption":"JAMnews"},"image":{"@id":"https:\/\/jam-news.net\/az\/#\/schema\/logo\/image\/"},"sameAs":["https:\/\/www.facebook.com\/JAMnewsInEnglish\/","https:\/\/x.com\/JAMnewsCaucasus","https:\/\/www.instagram.com\/jam_news\/","https:\/\/www.youtube.com\/channel\/UCXQbUCme2pykuZYXWHx4VPg"]},{"@type":"Person","@id":"https:\/\/jam-news.net\/az\/#\/schema\/person\/67df3bb7adb46cd513fb9c4cb02361c6","name":"JAMnews","image":{"@type":"ImageObject","inLanguage":"az","@id":"https:\/\/jam-news.net\/az\/#\/schema\/person\/image\/","url":"https:\/\/secure.gravatar.com\/avatar\/e5c27593ef900c3ab3deed4ed1c653d7?s=96&d=mm&r=g","contentUrl":"https:\/\/secure.gravatar.com\/avatar\/e5c27593ef900c3ab3deed4ed1c653d7?s=96&d=mm&r=g","caption":"JAMnews"},"url":"https:\/\/jam-news.net\/az\/author\/margarita\/"}]}},"_links":{"self":[{"href":"https:\/\/jam-news.net\/az\/wp-json\/wp\/v2\/posts\/3481","targetHints":{"allow":["GET"]}}],"collection":[{"href":"https:\/\/jam-news.net\/az\/wp-json\/wp\/v2\/posts"}],"about":[{"href":"https:\/\/jam-news.net\/az\/wp-json\/wp\/v2\/types\/post"}],"author":[{"embeddable":true,"href":"https:\/\/jam-news.net\/az\/wp-json\/wp\/v2\/users\/3"}],"replies":[{"embeddable":true,"href":"https:\/\/jam-news.net\/az\/wp-json\/wp\/v2\/comments?post=3481"}],"version-history":[{"count":1,"href":"https:\/\/jam-news.net\/az\/wp-json\/wp\/v2\/posts\/3481\/revisions"}],"predecessor-version":[{"id":17828,"href":"https:\/\/jam-news.net\/az\/wp-json\/wp\/v2\/posts\/3481\/revisions\/17828"}],"wp:attachment":[{"href":"https:\/\/jam-news.net\/az\/wp-json\/wp\/v2\/media?parent=3481"}],"wp:term":[{"taxonomy":"category","embeddable":true,"href":"https:\/\/jam-news.net\/az\/wp-json\/wp\/v2\/categories?post=3481"},{"taxonomy":"post_tag","embeddable":true,"href":"https:\/\/jam-news.net\/az\/wp-json\/wp\/v2\/tags?post=3481"},{"taxonomy":"formation","embeddable":true,"href":"https:\/\/jam-news.net\/az\/wp-json\/wp\/v2\/formation?post=3481"},{"taxonomy":"post-author","embeddable":true,"href":"https:\/\/jam-news.net\/az\/wp-json\/wp\/v2\/post-author?post=3481"},{"taxonomy":"topic","embeddable":true,"href":"https:\/\/jam-news.net\/az\/wp-json\/wp\/v2\/topic?post=3481"},{"taxonomy":"tooltip","embeddable":true,"href":"https:\/\/jam-news.net\/az\/wp-json\/wp\/v2\/tooltip?post=3481"},{"taxonomy":"city","embeddable":true,"href":"https:\/\/jam-news.net\/az\/wp-json\/wp\/v2\/city?post=3481"}],"curies":[{"name":"wp","href":"https:\/\/api.w.org\/{rel}","templated":true}]}}