{"id":3477,"date":"2016-10-29T00:00:00","date_gmt":"2016-10-28T20:00:00","guid":{"rendered":"http:\/\/jam-news.net\/az\/moldovaya-sahmatci-basciliq-ed%c9%99c%c9%99k\/"},"modified":"2021-11-06T15:04:42","modified_gmt":"2021-11-06T11:04:42","slug":"moldovaya-sahmatci-basciliq-ed%c9%99c%c9%99k","status":"publish","type":"post","link":"https:\/\/jam-news.net\/az\/moldovaya-sahmatci-basciliq-ed%c9%99c%c9%99k\/","title":{"rendered":"Moldovaya \u015fahmat\u00e7\u0131 ba\u015f\u00e7\u0131l\u0131q ed\u0259c\u0259k?"},"content":{"rendered":"<p><span style=\"font-size: 12pt;\">Oktyabr\u0131n 30-da Moldovada prezident se&ccedil;kil\u0259ri ke&ccedil;iril\u0259c\u0259k. Ya birinci, ya da ikinci turda qalib g\u0259l\u0259c\u0259k favorit Sosialistl\u0259r Partiyas\u0131 t\u0259r\u0259find\u0259n d\u0259st\u0259kl\u0259n\u0259n \u0130qor Dodondur.<\/span><\/p>\n<p><span style=\"font-size: 12pt;\">O, kimdir? V\u0259 qalib g\u0259l\u0259c\u0259yi halda &ouml;lk\u0259ni hara aparacaq?<\/span><\/p>\n<p><span style=\"font-size: 12pt;\"><\/p>\n<div><img decoding=\"async\" src=\"http:\/\/jam-news.net\/Uploads\/Publication\/3090\/ContentImages\/az-Latn-AZ\/DSC_0102.JPG\" \/><span class='post-image-caption'>\u00a0\u0130qor Dodon<\/span><\/div>\n<p><\/span><\/p>\n<p style=\"text-align: center;\"><span style=\"font-size: 14pt; color: #800000;\"><strong>D\u0259yi\u015f\u0259n bax\u0131\u015flar<\/strong><\/span><\/p>\n<p><span style=\"font-size: 12pt;\">Sosialistl\u0259rin lideri olan \u0130qor Dodon siyasi &ccedil;evikliyi il\u0259 se&ccedil;ilir. 2008-ci ilin iyun ay\u0131nda ba\u015f nazirin birinci m&uuml;avini v\u0259 iqtisadiyyat v\u0259 ticar\u0259t naziri v\u0259zif\u0259sind\u0259 olark\u0259n, o bildirib ki, &ldquo;\u0259lb\u0259tt\u0259 ki, Avropaya inteqrasiya Moldova Respublikas\u0131 &uuml;&ccedil;&uuml;n prioritetdir, amma A\u0130-y\u0259 daxil olmaq bar\u0259d\u0259 dan\u0131\u015fmazdan \u0259vv\u0259l Avropa standartlar\u0131 v\u0259 islahatlar\u0131n\u0131 h\u0259yata ke&ccedil;irm\u0259k&nbsp; laz\u0131md\u0131r.<\/span><\/p>\n<p><span style=\"font-size: 12pt;\">Qanunverici olandan sonra is\u0259 Dodonun m&ouml;vqeyi d\u0259yi\u015fdi. 2011-ci ilin aprel ay\u0131nda niy\u0259 Ki\u015finyov meri v\u0259zif\u0259sin\u0259 &ouml;z namiz\u0259dliyini ir\u0259li s&uuml;rm\u0259k q\u0259rar\u0131n\u0131 verib &#8211; sual\u0131na o a\u015fa\u011f\u0131dak\u0131 cavab\u0131 verib: &ldquo;Parlamentd\u0259 rahat deyil\u0259m, siyas\u0259t m\u0259nim &uuml;&ccedil;&uuml;n deyil, m\u0259n konkret m\u0259qs\u0259d v\u0259 q\u0259rarlar\u0131 se&ccedil;ir\u0259m.<\/span><\/p>\n<p><span style=\"font-size: 12pt;\">&ldquo;&Uuml;mumi s\u0259rh\u0259d olmadan G&ouml;mr&uuml;k \u0130ttifaq\u0131n\u0131n hiss\u0259si olmaqla ba\u011fl\u0131 s&ouml;hb\u0259tl\u0259r utopiyad\u0131r, &#8211; Dodon 2011-ci ild\u0259 deyir. \u0130ki il sonra o art\u0131q Rusiya, Belarus v\u0259 Qazax\u0131stan\u0131n G&ouml;mr&uuml;k \u0130ttifaq\u0131na daxil olma\u011f\u0131 t\u0259bli\u011f edir: &ldquo;Avropaya inteqrasiya yax\u015f\u0131 s\u0259sl\u0259nir, amma pis g&ouml;r&uuml;n&uuml;r. A\u0130 il\u0259 assosiasiya sazi\u015fi xaos, rabit\u0259sizlik v\u0259 d&ouml;vl\u0259t&ccedil;iliyin itirilm\u0259sin\u0259 g\u0259tirib &ccedil;\u0131xaracaq. Moldovaya ba\u015fqa yol laz\u0131md\u0131r. G&ouml;mr&uuml;k \u0130ttifaq\u0131 Moldova Respublikas\u0131n\u0131n stabil sosial-iqtisadi inki\u015faf\u0131n\u0131 t\u0259min ed\u0259c\u0259k.<\/span><\/p>\n<p><span style=\"font-size: 12pt;\">30 noyabr 2014-c&uuml; il se&ccedil;kil\u0259rind\u0259n sonra Dodon bildirdi: &ldquo;Biz Pridnestrovye v\u0259 Qaqauziya il\u0259 G&ouml;mr&uuml;k \u0130ttifaq\u0131na daxil olacaq federativ d&ouml;vl\u0259tin yarad\u0131lmas\u0131 haqda raz\u0131l\u0131\u011fa g\u0259l\u0259 bil\u0259rik.<\/span><\/p>\n<p><span style=\"font-size: 12pt;\">Se&ccedil;kiqaba\u011f\u0131 proqram &ccedil;\u0259r&ccedil;iv\u0259sind\u0259 Dodon deyir ki, Rusiya il\u0259 strateji t\u0259r\u0259fda\u015fl\u0131\u011f\u0131 b\u0259rpa ed\u0259c\u0259k, prezident kimi ilk s\u0259f\u0259ri is\u0259 Moskvaya olacaq. Bununla bel\u0259, G&ouml;mr&uuml;k \u0130ttifaq\u0131na &uuml;zv olmaq bar\u0259d\u0259 art\u0131q dan\u0131\u015fm\u0131r.<\/span><\/p>\n<p><span style=\"font-size: 12pt;\">V\u0259ziyy\u0259ti ne&ccedil;\u0259 add\u0131m qaba\u011fa hesablaya bildiyi bar\u0259d\u0259 suala prezidentlik u\u011frunda m&uuml;bariz\u0259nin favoriti bel\u0259 cavab verir: &ldquo;M\u0259n Moldova \u015eahmat Federasiyas\u0131n\u0131n prezidentiy\u0259m.&nbsp;<\/span><\/p>\n<p style=\"text-align: center;\"><span style=\"font-size: 14pt; color: #800000;\"><strong>M&uuml;xalif\u0259t varland\u0131r\u0131r<\/strong><\/span><\/p>\n<p><span style=\"font-size: 12pt;\">Sosialistl\u0259r Partiyas\u0131n\u0131n d&ouml;vl\u0259t ba\u015f&ccedil;\u0131s\u0131 kreslosuna namiz\u0259di olan \u0130qor Dodon ail\u0259sinin ayl\u0131q g\u0259lirinin yar\u0131s\u0131ndan &ccedil;oxunu 2013-c&uuml; ild\u0259 paytaxt\u0131n Buyukan rayonunda d\u0259bd\u0259b\u0259li evin al\u0131nmas\u0131na 1,47 milyon ley h\u0259cmind\u0259 g&ouml;t&uuml;rd&uuml;y&uuml; kreditin &ouml;d\u0259nilm\u0259sin\u0259 x\u0259rcl\u0259yir.<\/span><\/p>\n<p><span style=\"font-size: 12pt;\">N\u0259 &ouml;z&uuml;, n\u0259 d\u0259 xan\u0131m\u0131 kommersiya \u015firk\u0259tl\u0259rin\u0259 sahib olmasalar da, namiz\u0259d Dodonun ad\u0131 m&uuml;xt\u0259lif vasit\u0259&ccedil;il\u0259r, o c&uuml;ml\u0259d\u0259n d\u0259 yax\u0131n qohumlar vasit\u0259siyl\u0259 milyonluq biznes sahibl\u0259rinin aras\u0131nda &ccedil;\u0259kilir. Misal &uuml;&ccedil;&uuml;n, onun bald\u0131z\u0131n\u0131n idar\u0259 etdiyi MMC son ill\u0259r \u0259rzind\u0259 1,5 milyon ley h\u0259cmind\u0259 50-y\u0259 yax\u0131n d&ouml;vl\u0259t auksionunu udub. Onun ilk bax\u0131\u015fdan&nbsp; kas\u0131b olar qohumlar\u0131, dostlar\u0131 v\u0259 partiya &uuml;zr\u0259 \u0259m\u0259kda\u015flar\u0131 &ccedil;i&ccedil;\u0259kl\u0259n\u0259n biznesi inki\u015faf etdir\u0259n \u015firk\u0259tl\u0259r\u0259 sahibdirl\u0259r.&nbsp;&nbsp; &nbsp;<\/span><\/p>\n<p><span style=\"font-size: 12pt;\">Onlar\u0131n t\u0259qdim etdiyi s\u0259n\u0259dl\u0259r\u0259 g&ouml;r\u0259, Dodonun ail\u0259sinin g&uuml;z\u0259ran\u0131 onun&nbsp; hakimiyy\u0259td\u0259 v\u0259zif\u0259 tutdu\u011fu vaxtlarda deyil, m&uuml;xalif\u0259t\u0259 ged\u0259nd\u0259n sonra yax\u015f\u0131la\u015fd\u0131.&nbsp;<\/span><\/p>\n<p style=\"text-align: center;\"><span style=\"font-size: 14pt; color: #800000;\"><strong>Kr\u0131m kimindir?<\/strong><\/span><\/p>\n<p><span style=\"font-size: 12pt;\">\u0130qor Dodonun bu yax\u0131nlarda Kr\u0131m\u0131n m\u0259nsubiyy\u0259ti bar\u0259d\u0259 s\u0259sl\u0259ndirdiyi b\u0259yanat daha b&ouml;y&uuml;k diqq\u0259t c\u0259lb etdi. <a href=\"https:\/\/www.youtube.com\/watch?v=MOHsfUufRO0\" target=\"_blank\" rel=\"noopener noreferrer\">&ldquo;RTR Moldova<\/a>n\u0131n efirind\u0259 o q\u0259tiyy\u0259tl\u0259 &ldquo;Rusiya Federasiyas\u0131na &ndash; cavab\u0131n\u0131 verib.<\/span><span style=\"font-size: 12pt;\"> <a href=\"http:\/\/kommersant.ru\/doc\/3126145\" target=\"_blank\" rel=\"noopener noreferrer\">&ldquo;Kommersant<\/a> q\u0259zetin\u0259 m&uuml;sahib\u0259sind\u0259 is\u0259 o, Kr\u0131m\u0131n RF t\u0259rkibind\u0259 h&uuml;quqi c\u0259h\u0259td\u0259n tan\u0131nmas\u0131 proseduras\u0131 m\u0259s\u0259l\u0259sini qald\u0131rmaq ist\u0259m\u0259diyini bel\u0259 izah etdi: &ldquo;Biz Kr\u0131m\u0131 tan\u0131saq, bu kiml\u0259rs\u0259 t\u0259r\u0259find\u0259n Pridnestrovyenin tan\u0131nmas\u0131na g\u0259tirib &ccedil;\u0131xarmayacaqm\u0131? M\u0259ni narahat ed\u0259n budur. Bizd\u0259 d\u0259 Pridnestrovye il\u0259 ba\u011fl\u0131 eyni \u015feyl\u0259r ba\u015f verm\u0259sin. G\u0259lin bel\u0259 dan\u0131\u015faq: siyas\u0259t&ccedil;i \u0130qor Dodon Kr\u0131m\u0131 de-fakto Rusiyan\u0131n say\u0131r. Oktyabr\u0131n 31-d\u0259n sonra s&ouml;hb\u0259t ed\u0259rik.&nbsp;<\/span><\/p>\n<p><span style=\"color: #800000;\"><strong><span style=\"font-size: 8pt;\">D\u0259rc edilib: 29.10.2016&nbsp;<\/span><\/strong><\/span><\/p>\n","protected":false},"excerpt":{"rendered":"<p>Moldovada prezidentlik u\u011frunda m\u00fcbariz\u0259nin favoritinin portreti<\/p>\n","protected":false},"author":3,"featured_media":0,"comment_status":"closed","ping_status":"closed","sticky":false,"template":"","format":"standard","meta":{"_acf_changed":false,"footnotes":""},"categories":[1],"tags":[],"formation":[],"post-author":[2951],"topic":[],"tooltip":[],"city":[],"class_list":["post-3477","post","type-post","status-publish","format-standard","hentry","category-uncategorized","post-author-stella-adleyba"],"acf":[],"yoast_head":"<!-- This site is optimized with the Yoast SEO plugin v24.1 - https:\/\/yoast.com\/wordpress\/plugins\/seo\/ -->\n<title>Moldovaya \u015fahmat\u00e7\u0131 ba\u015f\u00e7\u0131l\u0131q ed\u0259c\u0259k? - JAMnews<\/title>\n<meta name=\"robots\" content=\"index, follow, max-snippet:-1, max-image-preview:large, max-video-preview:-1\" \/>\n<link rel=\"canonical\" href=\"https:\/\/jam-news.net\/az\/moldovaya-sahmatci-basciliq-ed\u0259c\u0259k\/\" \/>\n<meta property=\"og:locale\" content=\"az_AZ\" \/>\n<meta property=\"og:type\" content=\"article\" \/>\n<meta property=\"og:title\" content=\"Moldovaya \u015fahmat\u00e7\u0131 ba\u015f\u00e7\u0131l\u0131q ed\u0259c\u0259k? - JAMnews\" \/>\n<meta property=\"og:description\" content=\"Moldovada prezidentlik u\u011frunda m\u00fcbariz\u0259nin favoritinin portreti\" \/>\n<meta property=\"og:url\" content=\"https:\/\/jam-news.net\/az\/moldovaya-sahmatci-basciliq-ed\u0259c\u0259k\/\" \/>\n<meta property=\"og:site_name\" content=\"Azerbaijani Jamnews\" \/>\n<meta property=\"article:publisher\" content=\"https:\/\/www.facebook.com\/JAMnewsInEnglish\/\" \/>\n<meta property=\"article:published_time\" content=\"2016-10-28T20:00:00+00:00\" \/>\n<meta property=\"article:modified_time\" content=\"2021-11-06T11:04:42+00:00\" \/>\n<meta property=\"og:image\" content=\"http:\/\/jam-news.net\/Uploads\/Publication\/3090\/ContentImages\/az-Latn-AZ\/DSC_0102.JPG\" \/>\n<meta name=\"author\" content=\"JAMnews\" \/>\n<meta name=\"twitter:card\" content=\"summary_large_image\" \/>\n<meta name=\"twitter:creator\" content=\"@JAMnewsCaucasus\" \/>\n<meta name=\"twitter:site\" content=\"@JAMnewsCaucasus\" \/>\n<meta name=\"twitter:label1\" content=\"Written by\" \/>\n\t<meta name=\"twitter:data1\" content=\"JAMnews\" \/>\n\t<meta name=\"twitter:label2\" content=\"Est. reading time\" \/>\n\t<meta name=\"twitter:data2\" content=\"4 minutes\" \/>\n<script type=\"application\/ld+json\" class=\"yoast-schema-graph\">{\"@context\":\"https:\/\/schema.org\",\"@graph\":[{\"@type\":\"Article\",\"@id\":\"https:\/\/jam-news.net\/az\/moldovaya-sahmatci-basciliq-ed%c9%99c%c9%99k\/#article\",\"isPartOf\":{\"@id\":\"https:\/\/jam-news.net\/az\/moldovaya-sahmatci-basciliq-ed%c9%99c%c9%99k\/\"},\"author\":{\"name\":\"JAMnews\",\"@id\":\"https:\/\/jam-news.net\/az\/#\/schema\/person\/67df3bb7adb46cd513fb9c4cb02361c6\"},\"headline\":\"Moldovaya \u015fahmat\u00e7\u0131 ba\u015f\u00e7\u0131l\u0131q ed\u0259c\u0259k?\",\"datePublished\":\"2016-10-28T20:00:00+00:00\",\"dateModified\":\"2021-11-06T11:04:42+00:00\",\"mainEntityOfPage\":{\"@id\":\"https:\/\/jam-news.net\/az\/moldovaya-sahmatci-basciliq-ed%c9%99c%c9%99k\/\"},\"wordCount\":854,\"publisher\":{\"@id\":\"https:\/\/jam-news.net\/az\/#organization\"},\"image\":{\"@id\":\"https:\/\/jam-news.net\/az\/moldovaya-sahmatci-basciliq-ed%c9%99c%c9%99k\/#primaryimage\"},\"thumbnailUrl\":\"http:\/\/jam-news.net\/Uploads\/Publication\/3090\/ContentImages\/az-Latn-AZ\/DSC_0102.JPG\",\"articleSection\":[\"Uncategorized\"],\"inLanguage\":\"az\"},{\"@type\":\"WebPage\",\"@id\":\"https:\/\/jam-news.net\/az\/moldovaya-sahmatci-basciliq-ed%c9%99c%c9%99k\/\",\"url\":\"https:\/\/jam-news.net\/az\/moldovaya-sahmatci-basciliq-ed%c9%99c%c9%99k\/\",\"name\":\"Moldovaya \u015fahmat\u00e7\u0131 ba\u015f\u00e7\u0131l\u0131q ed\u0259c\u0259k? - JAMnews\",\"isPartOf\":{\"@id\":\"https:\/\/jam-news.net\/az\/#website\"},\"primaryImageOfPage\":{\"@id\":\"https:\/\/jam-news.net\/az\/moldovaya-sahmatci-basciliq-ed%c9%99c%c9%99k\/#primaryimage\"},\"image\":{\"@id\":\"https:\/\/jam-news.net\/az\/moldovaya-sahmatci-basciliq-ed%c9%99c%c9%99k\/#primaryimage\"},\"thumbnailUrl\":\"http:\/\/jam-news.net\/Uploads\/Publication\/3090\/ContentImages\/az-Latn-AZ\/DSC_0102.JPG\",\"datePublished\":\"2016-10-28T20:00:00+00:00\",\"dateModified\":\"2021-11-06T11:04:42+00:00\",\"breadcrumb\":{\"@id\":\"https:\/\/jam-news.net\/az\/moldovaya-sahmatci-basciliq-ed%c9%99c%c9%99k\/#breadcrumb\"},\"inLanguage\":\"az\",\"potentialAction\":[{\"@type\":\"ReadAction\",\"target\":[\"https:\/\/jam-news.net\/az\/moldovaya-sahmatci-basciliq-ed%c9%99c%c9%99k\/\"]}]},{\"@type\":\"ImageObject\",\"inLanguage\":\"az\",\"@id\":\"https:\/\/jam-news.net\/az\/moldovaya-sahmatci-basciliq-ed%c9%99c%c9%99k\/#primaryimage\",\"url\":\"http:\/\/jam-news.net\/Uploads\/Publication\/3090\/ContentImages\/az-Latn-AZ\/DSC_0102.JPG\",\"contentUrl\":\"http:\/\/jam-news.net\/Uploads\/Publication\/3090\/ContentImages\/az-Latn-AZ\/DSC_0102.JPG\"},{\"@type\":\"BreadcrumbList\",\"@id\":\"https:\/\/jam-news.net\/az\/moldovaya-sahmatci-basciliq-ed%c9%99c%c9%99k\/#breadcrumb\",\"itemListElement\":[{\"@type\":\"ListItem\",\"position\":1,\"name\":\"Home\",\"item\":\"https:\/\/jam-news.net\/az\/\"},{\"@type\":\"ListItem\",\"position\":2,\"name\":\"Moldovaya \u015fahmat\u00e7\u0131 ba\u015f\u00e7\u0131l\u0131q ed\u0259c\u0259k?\"}]},{\"@type\":\"WebSite\",\"@id\":\"https:\/\/jam-news.net\/az\/#website\",\"url\":\"https:\/\/jam-news.net\/az\/\",\"name\":\"Azerbaijani Jamnews\",\"description\":\"Caucasus News, Politics and Society\",\"publisher\":{\"@id\":\"https:\/\/jam-news.net\/az\/#organization\"},\"potentialAction\":[{\"@type\":\"SearchAction\",\"target\":{\"@type\":\"EntryPoint\",\"urlTemplate\":\"https:\/\/jam-news.net\/az\/?s={search_term_string}\"},\"query-input\":{\"@type\":\"PropertyValueSpecification\",\"valueRequired\":true,\"valueName\":\"search_term_string\"}}],\"inLanguage\":\"az\"},{\"@type\":\"Organization\",\"@id\":\"https:\/\/jam-news.net\/az\/#organization\",\"name\":\"JAMnews\",\"url\":\"https:\/\/jam-news.net\/az\/\",\"logo\":{\"@type\":\"ImageObject\",\"inLanguage\":\"az\",\"@id\":\"https:\/\/jam-news.net\/az\/#\/schema\/logo\/image\/\",\"url\":\"https:\/\/jam-news.net\/app\/uploads\/2020\/05\/JAM_w.jpg\",\"contentUrl\":\"https:\/\/jam-news.net\/app\/uploads\/2020\/05\/JAM_w.jpg\",\"width\":960,\"height\":960,\"caption\":\"JAMnews\"},\"image\":{\"@id\":\"https:\/\/jam-news.net\/az\/#\/schema\/logo\/image\/\"},\"sameAs\":[\"https:\/\/www.facebook.com\/JAMnewsInEnglish\/\",\"https:\/\/x.com\/JAMnewsCaucasus\",\"https:\/\/www.instagram.com\/jam_news\/\",\"https:\/\/www.youtube.com\/channel\/UCXQbUCme2pykuZYXWHx4VPg\"]},{\"@type\":\"Person\",\"@id\":\"https:\/\/jam-news.net\/az\/#\/schema\/person\/67df3bb7adb46cd513fb9c4cb02361c6\",\"name\":\"JAMnews\",\"image\":{\"@type\":\"ImageObject\",\"inLanguage\":\"az\",\"@id\":\"https:\/\/jam-news.net\/az\/#\/schema\/person\/image\/\",\"url\":\"https:\/\/secure.gravatar.com\/avatar\/e5c27593ef900c3ab3deed4ed1c653d7?s=96&d=mm&r=g\",\"contentUrl\":\"https:\/\/secure.gravatar.com\/avatar\/e5c27593ef900c3ab3deed4ed1c653d7?s=96&d=mm&r=g\",\"caption\":\"JAMnews\"},\"url\":\"https:\/\/jam-news.net\/az\/author\/margarita\/\"}]}<\/script>\n<!-- \/ Yoast SEO plugin. -->","yoast_head_json":{"title":"Moldovaya \u015fahmat\u00e7\u0131 ba\u015f\u00e7\u0131l\u0131q ed\u0259c\u0259k? - JAMnews","robots":{"index":"index","follow":"follow","max-snippet":"max-snippet:-1","max-image-preview":"max-image-preview:large","max-video-preview":"max-video-preview:-1"},"canonical":"https:\/\/jam-news.net\/az\/moldovaya-sahmatci-basciliq-ed\u0259c\u0259k\/","og_locale":"az_AZ","og_type":"article","og_title":"Moldovaya \u015fahmat\u00e7\u0131 ba\u015f\u00e7\u0131l\u0131q ed\u0259c\u0259k? - JAMnews","og_description":"Moldovada prezidentlik u\u011frunda m\u00fcbariz\u0259nin favoritinin portreti","og_url":"https:\/\/jam-news.net\/az\/moldovaya-sahmatci-basciliq-ed\u0259c\u0259k\/","og_site_name":"Azerbaijani Jamnews","article_publisher":"https:\/\/www.facebook.com\/JAMnewsInEnglish\/","article_published_time":"2016-10-28T20:00:00+00:00","article_modified_time":"2021-11-06T11:04:42+00:00","og_image":[{"url":"http:\/\/jam-news.net\/Uploads\/Publication\/3090\/ContentImages\/az-Latn-AZ\/DSC_0102.JPG","type":"","width":"","height":""}],"author":"JAMnews","twitter_card":"summary_large_image","twitter_creator":"@JAMnewsCaucasus","twitter_site":"@JAMnewsCaucasus","twitter_misc":{"Written by":"JAMnews","Est. reading time":"4 minutes"},"schema":{"@context":"https:\/\/schema.org","@graph":[{"@type":"Article","@id":"https:\/\/jam-news.net\/az\/moldovaya-sahmatci-basciliq-ed%c9%99c%c9%99k\/#article","isPartOf":{"@id":"https:\/\/jam-news.net\/az\/moldovaya-sahmatci-basciliq-ed%c9%99c%c9%99k\/"},"author":{"name":"JAMnews","@id":"https:\/\/jam-news.net\/az\/#\/schema\/person\/67df3bb7adb46cd513fb9c4cb02361c6"},"headline":"Moldovaya \u015fahmat\u00e7\u0131 ba\u015f\u00e7\u0131l\u0131q ed\u0259c\u0259k?","datePublished":"2016-10-28T20:00:00+00:00","dateModified":"2021-11-06T11:04:42+00:00","mainEntityOfPage":{"@id":"https:\/\/jam-news.net\/az\/moldovaya-sahmatci-basciliq-ed%c9%99c%c9%99k\/"},"wordCount":854,"publisher":{"@id":"https:\/\/jam-news.net\/az\/#organization"},"image":{"@id":"https:\/\/jam-news.net\/az\/moldovaya-sahmatci-basciliq-ed%c9%99c%c9%99k\/#primaryimage"},"thumbnailUrl":"http:\/\/jam-news.net\/Uploads\/Publication\/3090\/ContentImages\/az-Latn-AZ\/DSC_0102.JPG","articleSection":["Uncategorized"],"inLanguage":"az"},{"@type":"WebPage","@id":"https:\/\/jam-news.net\/az\/moldovaya-sahmatci-basciliq-ed%c9%99c%c9%99k\/","url":"https:\/\/jam-news.net\/az\/moldovaya-sahmatci-basciliq-ed%c9%99c%c9%99k\/","name":"Moldovaya \u015fahmat\u00e7\u0131 ba\u015f\u00e7\u0131l\u0131q ed\u0259c\u0259k? - JAMnews","isPartOf":{"@id":"https:\/\/jam-news.net\/az\/#website"},"primaryImageOfPage":{"@id":"https:\/\/jam-news.net\/az\/moldovaya-sahmatci-basciliq-ed%c9%99c%c9%99k\/#primaryimage"},"image":{"@id":"https:\/\/jam-news.net\/az\/moldovaya-sahmatci-basciliq-ed%c9%99c%c9%99k\/#primaryimage"},"thumbnailUrl":"http:\/\/jam-news.net\/Uploads\/Publication\/3090\/ContentImages\/az-Latn-AZ\/DSC_0102.JPG","datePublished":"2016-10-28T20:00:00+00:00","dateModified":"2021-11-06T11:04:42+00:00","breadcrumb":{"@id":"https:\/\/jam-news.net\/az\/moldovaya-sahmatci-basciliq-ed%c9%99c%c9%99k\/#breadcrumb"},"inLanguage":"az","potentialAction":[{"@type":"ReadAction","target":["https:\/\/jam-news.net\/az\/moldovaya-sahmatci-basciliq-ed%c9%99c%c9%99k\/"]}]},{"@type":"ImageObject","inLanguage":"az","@id":"https:\/\/jam-news.net\/az\/moldovaya-sahmatci-basciliq-ed%c9%99c%c9%99k\/#primaryimage","url":"http:\/\/jam-news.net\/Uploads\/Publication\/3090\/ContentImages\/az-Latn-AZ\/DSC_0102.JPG","contentUrl":"http:\/\/jam-news.net\/Uploads\/Publication\/3090\/ContentImages\/az-Latn-AZ\/DSC_0102.JPG"},{"@type":"BreadcrumbList","@id":"https:\/\/jam-news.net\/az\/moldovaya-sahmatci-basciliq-ed%c9%99c%c9%99k\/#breadcrumb","itemListElement":[{"@type":"ListItem","position":1,"name":"Home","item":"https:\/\/jam-news.net\/az\/"},{"@type":"ListItem","position":2,"name":"Moldovaya \u015fahmat\u00e7\u0131 ba\u015f\u00e7\u0131l\u0131q ed\u0259c\u0259k?"}]},{"@type":"WebSite","@id":"https:\/\/jam-news.net\/az\/#website","url":"https:\/\/jam-news.net\/az\/","name":"Azerbaijani Jamnews","description":"Caucasus News, Politics and Society","publisher":{"@id":"https:\/\/jam-news.net\/az\/#organization"},"potentialAction":[{"@type":"SearchAction","target":{"@type":"EntryPoint","urlTemplate":"https:\/\/jam-news.net\/az\/?s={search_term_string}"},"query-input":{"@type":"PropertyValueSpecification","valueRequired":true,"valueName":"search_term_string"}}],"inLanguage":"az"},{"@type":"Organization","@id":"https:\/\/jam-news.net\/az\/#organization","name":"JAMnews","url":"https:\/\/jam-news.net\/az\/","logo":{"@type":"ImageObject","inLanguage":"az","@id":"https:\/\/jam-news.net\/az\/#\/schema\/logo\/image\/","url":"https:\/\/jam-news.net\/app\/uploads\/2020\/05\/JAM_w.jpg","contentUrl":"https:\/\/jam-news.net\/app\/uploads\/2020\/05\/JAM_w.jpg","width":960,"height":960,"caption":"JAMnews"},"image":{"@id":"https:\/\/jam-news.net\/az\/#\/schema\/logo\/image\/"},"sameAs":["https:\/\/www.facebook.com\/JAMnewsInEnglish\/","https:\/\/x.com\/JAMnewsCaucasus","https:\/\/www.instagram.com\/jam_news\/","https:\/\/www.youtube.com\/channel\/UCXQbUCme2pykuZYXWHx4VPg"]},{"@type":"Person","@id":"https:\/\/jam-news.net\/az\/#\/schema\/person\/67df3bb7adb46cd513fb9c4cb02361c6","name":"JAMnews","image":{"@type":"ImageObject","inLanguage":"az","@id":"https:\/\/jam-news.net\/az\/#\/schema\/person\/image\/","url":"https:\/\/secure.gravatar.com\/avatar\/e5c27593ef900c3ab3deed4ed1c653d7?s=96&d=mm&r=g","contentUrl":"https:\/\/secure.gravatar.com\/avatar\/e5c27593ef900c3ab3deed4ed1c653d7?s=96&d=mm&r=g","caption":"JAMnews"},"url":"https:\/\/jam-news.net\/az\/author\/margarita\/"}]}},"_links":{"self":[{"href":"https:\/\/jam-news.net\/az\/wp-json\/wp\/v2\/posts\/3477","targetHints":{"allow":["GET"]}}],"collection":[{"href":"https:\/\/jam-news.net\/az\/wp-json\/wp\/v2\/posts"}],"about":[{"href":"https:\/\/jam-news.net\/az\/wp-json\/wp\/v2\/types\/post"}],"author":[{"embeddable":true,"href":"https:\/\/jam-news.net\/az\/wp-json\/wp\/v2\/users\/3"}],"replies":[{"embeddable":true,"href":"https:\/\/jam-news.net\/az\/wp-json\/wp\/v2\/comments?post=3477"}],"version-history":[{"count":1,"href":"https:\/\/jam-news.net\/az\/wp-json\/wp\/v2\/posts\/3477\/revisions"}],"predecessor-version":[{"id":16069,"href":"https:\/\/jam-news.net\/az\/wp-json\/wp\/v2\/posts\/3477\/revisions\/16069"}],"wp:attachment":[{"href":"https:\/\/jam-news.net\/az\/wp-json\/wp\/v2\/media?parent=3477"}],"wp:term":[{"taxonomy":"category","embeddable":true,"href":"https:\/\/jam-news.net\/az\/wp-json\/wp\/v2\/categories?post=3477"},{"taxonomy":"post_tag","embeddable":true,"href":"https:\/\/jam-news.net\/az\/wp-json\/wp\/v2\/tags?post=3477"},{"taxonomy":"formation","embeddable":true,"href":"https:\/\/jam-news.net\/az\/wp-json\/wp\/v2\/formation?post=3477"},{"taxonomy":"post-author","embeddable":true,"href":"https:\/\/jam-news.net\/az\/wp-json\/wp\/v2\/post-author?post=3477"},{"taxonomy":"topic","embeddable":true,"href":"https:\/\/jam-news.net\/az\/wp-json\/wp\/v2\/topic?post=3477"},{"taxonomy":"tooltip","embeddable":true,"href":"https:\/\/jam-news.net\/az\/wp-json\/wp\/v2\/tooltip?post=3477"},{"taxonomy":"city","embeddable":true,"href":"https:\/\/jam-news.net\/az\/wp-json\/wp\/v2\/city?post=3477"}],"curies":[{"name":"wp","href":"https:\/\/api.w.org\/{rel}","templated":true}]}}