{"id":3441,"date":"2016-09-19T00:00:00","date_gmt":"2016-09-19T00:00:00","guid":{"rendered":"http:\/\/jam-news.net\/az\/suxumda-ayilar\/"},"modified":"2021-11-05T16:03:46","modified_gmt":"2021-11-05T12:03:46","slug":"suxumda-ayilar","status":"publish","type":"post","link":"https:\/\/jam-news.net\/az\/suxumda-ayilar\/","title":{"rendered":"Suxumda ay\u0131lar"},"content":{"rendered":"<p><span style=\"font-size: 12pt;\">Rusiyada D&ouml;vl\u0259t Dumas\u0131na se&ccedil;kil\u0259r ke&ccedil;irilib. &Uuml;mumilikd\u0259 s\u0259sverm\u0259d\u0259 111,6 n\u0259f\u0259r i\u015ftirak ed\u0259 bil\u0259rdi. RF M\u0259rk\u0259zi Se&ccedil;ki Komissiyas\u0131n\u0131n m\u0259lumat\u0131na g&ouml;r\u0259, se&ccedil;icil\u0259rin i\u015ftirak\u0131 47.81% (ancaq Moskvada is\u0259 28,62%) t\u0259\u015fkil edib. 2011-ci ild\u0259 is\u0259&nbsp; 51,7% olub.<\/span><\/p>\n<p><span style=\"font-size: 12pt;\">\u0130lkin m\u0259lumatlara g&ouml;r\u0259, se&ccedil;kil\u0259rin n\u0259tic\u0259l\u0259rind\u0259 he&ccedil; bir s&uuml;rpriz yoxdur: lider iqtidar y&ouml;nl&uuml; &ldquo;Vahid Rusiyad\u0131r.&nbsp;<\/span><\/p>\n<p><span style=\"font-size: 12pt;\">Amma bizim hekay\u0259miz bir az ba\u015fqa m&ouml;vzu haqq\u0131ndad\u0131r. \u0130kili &ndash; h\u0259m Rusiya, h\u0259m d\u0259 Abxaziya &#8211; v\u0259t\u0259nda\u015fl\u0131\u011f\u0131 olan v\u0259 dem\u0259li, Rusiya D&ouml;vl\u0259t Dumas\u0131na ke&ccedil;iril\u0259n se&ccedil;kil\u0259rd\u0259 i\u015ftirak ed\u0259 bil\u0259n 90 min\u0259 yax\u0131n sakini olan Abxaziya haqq\u0131ndad\u0131r.<\/span><\/p>\n<p><span style=\"font-size: 12pt;\">Proqnoz var\u0131yd\u0131 &ndash; onlardan he&ccedil; biri s\u0259sverm\u0259y\u0259 getm\u0259y\u0259c\u0259k. Amma n\u0259 q\u0259d\u0259r t\u0259\u0259cc&uuml;bl&uuml; olsa da, se&ccedil;kil\u0259r\u0259 20,335 n\u0259f\u0259r g\u0259ldi. &Uuml;mumilikd\u0259 9 se&ccedil;ki m\u0259nt\u0259q\u0259si i\u015fl\u0259yib: Suxum, Qaqra, Pitsunda, O&ccedil;am&ccedil;ira, Tkuar&ccedil;al, Bambora q\u0259s\u0259b\u0259si v\u0259 Qalda. H\u0259tta b\u0259zil\u0259rind\u0259 n&ouml;vb\u0259 d\u0259 m&uuml;\u015fahid\u0259 olunub.<\/span><\/p>\n<p><span style=\"font-size: 12pt;\"><\/p>\n<div class='youtube-video-content'><iframe class='youtube-player' data-video-id='kYT0x857DZ8' frameborder='0' allowfullscreen='1' title='YouTube video player' width='100%' height='500px' src='https:\/\/www.youtube.com\/embed\/kYT0x857DZ8?enablejsapi=1&amp;origin=http%3A%2F%2Fjam-news.net&amp;widgetid=1'><\/iframe><\/div>\n<p><\/span><\/p>\n<p><span style=\"font-size: 12pt;\">Art\u0131q s\u0259h\u0259r saat 9.30-da prezident Raul Xadjimba s\u0259s ver\u0259r\u0259k, yol&uuml;st&uuml; proqram b\u0259yanat\u0131 il\u0259 d\u0259 &ccedil;\u0131x\u0131\u015f etdi.<\/span><\/p>\n<p><span style=\"font-size: 12pt;\"><\/p>\n<div class='youtube-video-content'><iframe class='youtube-player' data-video-id='KDNxp2rC4nI' frameborder='0' allowfullscreen='1' title='YouTube video player' width='100%' height='500px' src='https:\/\/www.youtube.com\/embed\/KDNxp2rC4nI?enablejsapi=1&amp;origin=http%3A%2F%2Fjam-news.net&amp;widgetid=1'><\/iframe><\/div>\n<p><\/span><\/p>\n<p><span style=\"font-size: 12pt;\">M&uuml;\u0259yy\u0259n m\u0259nada bu c&uuml;r y&uuml;ks\u0259k i\u015ftirak faizini onunla izah etm\u0259k olar ki, adamlar\u0131 se&ccedil;ki m\u0259nt\u0259q\u0259l\u0259rin\u0259, o c&uuml;ml\u0259d\u0259n d\u0259 b&uuml;t&uuml;n k\u0259ndl\u0259rd\u0259n onlarla avtobus g\u0259tirib. B&uuml;t&uuml;n bunlar\u0131 t\u0259\u015fkil ed\u0259n v\u0259 maliyy\u0259l\u0259\u015fdir\u0259n is\u0259 Abxaziyadak\u0131 Rusiya s\u0259firliyi oldu.<\/span><\/p>\n<p><span style=\"font-size: 12pt;\"><\/p>\n<div><img decoding=\"async\" src=\"http:\/\/jam-news.net\/Uploads\/Publication\/2015\/ContentImages\/az-Latn-AZ\/1.JPG\" \/><span class='post-image-caption'><\/span><\/div>\n<p><\/span><\/p>\n<p><span style=\"font-size: 12pt;\">Qalima Pojidayeva Suxumun q\u0131ra\u011f\u0131nda ya\u015fay\u0131r v\u0259 h\u0259v\u0259sl\u0259 m&uuml;sahib\u0259 verirdi: &ldquo;M\u0259ni aeroportdan [Suxumun rayonu] avtobusla g\u0259tirdil\u0259r. X&uuml;susi olaraq, se&ccedil;kil\u0259r\u0259 g&ouml;r\u0259, Putin\u0259 s\u0259s verm\u0259k &uuml;&ccedil;&uuml;n g\u0259lmi\u015f\u0259m. Hesab edir\u0259m ki, D&ouml;vl\u0259t Dumas\u0131na se&ccedil;kil\u0259r biz\u0259 art\u0131q &ccedil;ox \u015fey verib, misal &uuml;&ccedil;&uuml;n, yax\u015f\u0131 t\u0259qa&uuml;d. Bizim avtobusda ham\u0131 &ldquo;Vahid Rusiyaya s\u0259s verir!<\/span><\/p>\n<p><span style=\"font-size: 12pt;\">Se&ccedil;ki m\u0259nt\u0259q\u0259sind\u0259n &ccedil;\u0131xan v\u0259 &ouml;z&uuml;n&uuml; Marina Tarba kimi t\u0259qdim ed\u0259n daha bir ya\u015fl\u0131 qad\u0131n dedi: &ldquo;Q\u0131z\u0131m, Putin\u0259 s\u0259s verdim! Amma bunu y\u0259qin ki, yazmaq laz\u0131m deyil.<\/span><\/p>\n<p><span style=\"font-size: 12pt;\">Bel\u0259 bir t\u0259\u0259ss&uuml;rat yaran\u0131rd\u0131 ki, g\u0259l\u0259nl\u0259rin \u0259ks\u0259riyy\u0259ti hans\u0131sa siyasi partiya v\u0259 istiqam\u0259t\u0259 deyil, m\u0259hz Putin\u0259 s\u0259s verirdil\u0259r.<\/span><\/p>\n<p><span style=\"font-size: 12pt;\">Suxum sakini Lidiya Korolyova hesab edir ki, &ldquo;D&ouml;vl\u0259t Dumas\u0131na se&ccedil;kil\u0259r xalq\u0131n birliyini g&ouml;st\u0259r\u0259c\u0259k, y\u0259qin bu zaman o Abxaziya il\u0259 Rusiyan\u0131 n\u0259z\u0259rd\u0259 tuturdu. &ldquo;\u015e\u0259xs\u0259n m\u0259n Medvedev\u0259, daha do\u011frusu, &ldquo;Vahid Rusiyaya s\u0259s vermi\u015f\u0259m. O bizim ay\u0131m\u0131zd\u0131r, biz d\u0259 ay\u0131 balalar\u0131. Rusiyada h\u0259r \u015fey yax\u015f\u0131 olsa bizd\u0259 d\u0259 yax\u015f\u0131 olacaq.<\/span><\/p>\n<p><span style=\"font-size: 12pt;\"><\/p>\n<div class='youtube-video-content'><iframe class='youtube-player' data-video-id='WBt21ODfxj8' frameborder='0' allowfullscreen='1' title='YouTube video player' width='100%' height='500px' src='https:\/\/www.youtube.com\/embed\/WBt21ODfxj8?enablejsapi=1&amp;origin=http%3A%2F%2Fjam-news.net&amp;widgetid=1'><\/iframe><\/div>\n<p><\/span><\/p>\n<p><span style=\"font-size: 12pt;\">Se&ccedil;icil\u0259rin \u0259ks\u0259riyy\u0259ti ya\u015fl\u0131 n\u0259slin n&uuml;may\u0259nd\u0259l\u0259ridir. Se&ccedil;ki m\u0259nt\u0259q\u0259l\u0259rind\u0259 g\u0259ncl\u0259r az-az g&ouml;z\u0259 d\u0259yir. Onlar yan\u0131m\u0131zdan &ouml;t&uuml;b ke&ccedil;ir v\u0259 h\u0259v\u0259ssiz suallar\u0131m\u0131za cavab verirdil\u0259r.&nbsp;<\/span><\/p>\n<p><span style=\"font-size: 12pt;\">Amanda: &ldquo;M\u0259n he&ccedil; bilmirdim bu g&uuml;n se&ccedil;kil\u0259rin ke&ccedil;irildiyini. N\u0259 se&ccedil;ki?<\/span><\/p>\n<p><span style=\"font-size: 12pt;\">\u0130nna: &ldquo;Se&ccedil;kil\u0259r\u0259 getm\u0259din. El\u0259 bil bizim deyil.<\/span><\/p>\n<p><span style=\"font-size: 12pt;\">Valeri Qoqua: &ldquo;S\u0259sverm\u0259y\u0259 getm\u0259dim, m\u0259n Rusiya v\u0259t\u0259nda\u015f\u0131 oldu\u011fumuzu hesab etmir\u0259m. &Uuml;mumiyy\u0259tl\u0259 inteqrasiya s&ouml;hb\u0259ti m\u0259ni \u0259s\u0259bil\u0259\u015fdirdi, buna g&ouml;r\u0259 d\u0259 se&ccedil;kil\u0259r\u0259 getm\u0259dim.<\/span><\/p>\n<p><span style=\"font-size: 12pt;\">Rimma Ardz\u0131nba: &ldquo;&Uuml;mumiyy\u0259tl\u0259 se&ccedil;kil\u0259r\u0259 he&ccedil; vaxt getmir\u0259m. N\u0259 m\u0259nas\u0131 var ki? Onsuz da bizim \u0259v\u0259zimiz\u0259 h\u0259r \u015fey h\u0259ll olunub. He&ccedil; bizim se&ccedil;kil\u0259r\u0259 getmir\u0259m, o da ola Rusiyan\u0131n. H\u0259m d\u0259 niy\u0259 onlar\u0131n deputatlar\u0131na s\u0259s verm\u0259liyik ki, bizim &ouml;z deputatlar\u0131m\u0131z var.<\/span><\/p>\n<p><span style=\"font-size: 12pt;\">\u0130rakli: &ldquo;Ba\u015fa d&uuml;\u015fd&uuml;m ki, D&ouml;vl\u0259t Dumas\u0131na se&ccedil;kil\u0259r ke&ccedil;irilir. B\u0259s abxaz deputatlar\u0131ndan kim namiz\u0259dliyini ir\u0259li s&uuml;r&uuml;b?<\/span><\/p>\n<p><span style=\"font-size: 12pt;\">Svetlana Xodjava: &ldquo;Oy, bu g&uuml;n s\u0259s verm\u0259k laz\u0131md\u0131r? Unutmu\u015fam. \u0130ndi gedib, t\u0259qa&uuml;d&ccedil;&uuml;l\u0259r partiyas\u0131na s\u0259s ver\u0259c\u0259m.<\/span><\/p>\n<p><span style=\"font-size: 12pt;\">Yeri g\u0259lmi\u015fk\u0259n, t\u0259qa&uuml;d&ccedil;&uuml;l\u0259r haqq\u0131nda.<\/span><\/p>\n<p><span style=\"font-size: 12pt;\">Suxumun se&ccedil;ki m\u0259nt\u0259q\u0259l\u0259rind\u0259n bir q\u0259d\u0259r aral\u0131da yerl\u0259\u015f\u0259n skamyada n\u0259n\u0259 v\u0259 baban\u0131n s&ouml;hb\u0259ti.<\/span><\/p>\n<p><span style=\"font-size: 12pt;\">&#8211; Putin\u0259 s\u0259s verm\u0259k laz\u0131md\u0131r. Ba\u015fqa kim var ki! &ndash; n\u0259n\u0259 deyir.<\/span><\/p>\n<p><span style=\"font-size: 12pt;\">&#8211; S\u0259n n\u0259 dan\u0131\u015f\u0131rsan?! M\u0259n kommunistl\u0259r\u0259 s\u0259s ver\u0259c\u0259m! N\u0259yim\u0259 laz\u0131md\u0131r s\u0259nin Putinin? &ndash; ba\u015f\u0131nda &ldquo;\u018fdal\u0259t namin\u0259 yaz\u0131l\u0131 kepka olan baba ona cavab verir.<\/span><\/p>\n<p><span style=\"font-size: 8pt;\"><strong><span style=\"color: #800000;\">M\u0259qal\u0259d\u0259 bildiril\u0259n fikirl\u0259r m&uuml;\u0259llifin n&ouml;qteyi-n\u0259z\u0259rini \u0259ks etdirir v\u0259 redaksiyan\u0131n m&ouml;vqeyi il\u0259 &uuml;st-&uuml;st\u0259 d&uuml;\u015fm\u0259y\u0259 bil\u0259r.<\/span><\/strong><\/span><\/p>\n<p><span style=\"font-size: 8pt;\"><strong><span style=\"color: #800000;\">D\u0259rc olunub 19.09.2016<\/span><\/strong><\/span><\/p>\n<p><span style=\"font-size: 12pt;\">&nbsp;<\/span><\/p>\n","protected":false},"excerpt":{"rendered":"<p>Abxaziyada Rusiya Dumas\u0131na se\u00e7kil\u0259rin nec\u0259 ke\u00e7m\u0259si bar\u0259d\u0259 hekay\u0259. Video v\u0259 foto<\/p>\n","protected":false},"author":3,"featured_media":0,"comment_status":"open","ping_status":"open","sticky":false,"template":"","format":"standard","meta":{"_acf_changed":false,"footnotes":""},"categories":[1],"tags":[],"formation":[],"post-author":[3613],"topic":[],"tooltip":[],"city":[],"class_list":["post-3441","post","type-post","status-publish","format-standard","hentry","category-uncategorized","post-author-inal-xasiq"],"acf":[],"yoast_head":"<!-- This site is optimized with the Yoast SEO plugin v24.1 - https:\/\/yoast.com\/wordpress\/plugins\/seo\/ -->\n<title>Suxumda ay\u0131lar - JAMnews<\/title>\n<meta name=\"robots\" content=\"index, follow, max-snippet:-1, max-image-preview:large, max-video-preview:-1\" \/>\n<link rel=\"canonical\" href=\"https:\/\/jam-news.net\/az\/suxumda-ayilar\/\" \/>\n<meta property=\"og:locale\" content=\"az_AZ\" \/>\n<meta property=\"og:type\" content=\"article\" \/>\n<meta property=\"og:title\" content=\"Suxumda ay\u0131lar - JAMnews\" \/>\n<meta property=\"og:description\" content=\"Abxaziyada Rusiya Dumas\u0131na se\u00e7kil\u0259rin nec\u0259 ke\u00e7m\u0259si bar\u0259d\u0259 hekay\u0259. Video v\u0259 foto\" \/>\n<meta property=\"og:url\" content=\"https:\/\/jam-news.net\/az\/suxumda-ayilar\/\" \/>\n<meta property=\"og:site_name\" content=\"Azerbaijani Jamnews\" \/>\n<meta property=\"article:publisher\" content=\"https:\/\/www.facebook.com\/JAMnewsInEnglish\/\" \/>\n<meta property=\"article:published_time\" content=\"2016-09-19T00:00:00+00:00\" \/>\n<meta property=\"article:modified_time\" content=\"2021-11-05T12:03:46+00:00\" \/>\n<meta property=\"og:image\" content=\"http:\/\/jam-news.net\/Uploads\/Publication\/2015\/ContentImages\/az-Latn-AZ\/1.JPG\" \/>\n<meta name=\"author\" content=\"JAMnews\" \/>\n<meta name=\"twitter:card\" content=\"summary_large_image\" \/>\n<meta name=\"twitter:creator\" content=\"@JAMnewsCaucasus\" \/>\n<meta name=\"twitter:site\" content=\"@JAMnewsCaucasus\" \/>\n<meta name=\"twitter:label1\" content=\"Written by\" \/>\n\t<meta name=\"twitter:data1\" content=\"JAMnews\" \/>\n\t<meta name=\"twitter:label2\" content=\"Est. reading time\" \/>\n\t<meta name=\"twitter:data2\" content=\"5 minutes\" \/>\n<script type=\"application\/ld+json\" class=\"yoast-schema-graph\">{\"@context\":\"https:\/\/schema.org\",\"@graph\":[{\"@type\":\"Article\",\"@id\":\"https:\/\/jam-news.net\/az\/suxumda-ayilar\/#article\",\"isPartOf\":{\"@id\":\"https:\/\/jam-news.net\/az\/suxumda-ayilar\/\"},\"author\":{\"name\":\"JAMnews\",\"@id\":\"https:\/\/jam-news.net\/az\/#\/schema\/person\/67df3bb7adb46cd513fb9c4cb02361c6\"},\"headline\":\"Suxumda ay\u0131lar\",\"datePublished\":\"2016-09-19T00:00:00+00:00\",\"dateModified\":\"2021-11-05T12:03:46+00:00\",\"mainEntityOfPage\":{\"@id\":\"https:\/\/jam-news.net\/az\/suxumda-ayilar\/\"},\"wordCount\":986,\"commentCount\":0,\"publisher\":{\"@id\":\"https:\/\/jam-news.net\/az\/#organization\"},\"image\":{\"@id\":\"https:\/\/jam-news.net\/az\/suxumda-ayilar\/#primaryimage\"},\"thumbnailUrl\":\"http:\/\/jam-news.net\/Uploads\/Publication\/2015\/ContentImages\/az-Latn-AZ\/1.JPG\",\"articleSection\":[\"Uncategorized\"],\"inLanguage\":\"az\"},{\"@type\":\"WebPage\",\"@id\":\"https:\/\/jam-news.net\/az\/suxumda-ayilar\/\",\"url\":\"https:\/\/jam-news.net\/az\/suxumda-ayilar\/\",\"name\":\"Suxumda ay\u0131lar - JAMnews\",\"isPartOf\":{\"@id\":\"https:\/\/jam-news.net\/az\/#website\"},\"primaryImageOfPage\":{\"@id\":\"https:\/\/jam-news.net\/az\/suxumda-ayilar\/#primaryimage\"},\"image\":{\"@id\":\"https:\/\/jam-news.net\/az\/suxumda-ayilar\/#primaryimage\"},\"thumbnailUrl\":\"http:\/\/jam-news.net\/Uploads\/Publication\/2015\/ContentImages\/az-Latn-AZ\/1.JPG\",\"datePublished\":\"2016-09-19T00:00:00+00:00\",\"dateModified\":\"2021-11-05T12:03:46+00:00\",\"breadcrumb\":{\"@id\":\"https:\/\/jam-news.net\/az\/suxumda-ayilar\/#breadcrumb\"},\"inLanguage\":\"az\",\"potentialAction\":[{\"@type\":\"ReadAction\",\"target\":[\"https:\/\/jam-news.net\/az\/suxumda-ayilar\/\"]}]},{\"@type\":\"ImageObject\",\"inLanguage\":\"az\",\"@id\":\"https:\/\/jam-news.net\/az\/suxumda-ayilar\/#primaryimage\",\"url\":\"http:\/\/jam-news.net\/Uploads\/Publication\/2015\/ContentImages\/az-Latn-AZ\/1.JPG\",\"contentUrl\":\"http:\/\/jam-news.net\/Uploads\/Publication\/2015\/ContentImages\/az-Latn-AZ\/1.JPG\"},{\"@type\":\"BreadcrumbList\",\"@id\":\"https:\/\/jam-news.net\/az\/suxumda-ayilar\/#breadcrumb\",\"itemListElement\":[{\"@type\":\"ListItem\",\"position\":1,\"name\":\"Home\",\"item\":\"https:\/\/jam-news.net\/az\/\"},{\"@type\":\"ListItem\",\"position\":2,\"name\":\"Suxumda ay\u0131lar\"}]},{\"@type\":\"WebSite\",\"@id\":\"https:\/\/jam-news.net\/az\/#website\",\"url\":\"https:\/\/jam-news.net\/az\/\",\"name\":\"Azerbaijani Jamnews\",\"description\":\"Caucasus News, Politics and Society\",\"publisher\":{\"@id\":\"https:\/\/jam-news.net\/az\/#organization\"},\"potentialAction\":[{\"@type\":\"SearchAction\",\"target\":{\"@type\":\"EntryPoint\",\"urlTemplate\":\"https:\/\/jam-news.net\/az\/?s={search_term_string}\"},\"query-input\":{\"@type\":\"PropertyValueSpecification\",\"valueRequired\":true,\"valueName\":\"search_term_string\"}}],\"inLanguage\":\"az\"},{\"@type\":\"Organization\",\"@id\":\"https:\/\/jam-news.net\/az\/#organization\",\"name\":\"JAMnews\",\"url\":\"https:\/\/jam-news.net\/az\/\",\"logo\":{\"@type\":\"ImageObject\",\"inLanguage\":\"az\",\"@id\":\"https:\/\/jam-news.net\/az\/#\/schema\/logo\/image\/\",\"url\":\"https:\/\/jam-news.net\/app\/uploads\/2020\/05\/JAM_w.jpg\",\"contentUrl\":\"https:\/\/jam-news.net\/app\/uploads\/2020\/05\/JAM_w.jpg\",\"width\":960,\"height\":960,\"caption\":\"JAMnews\"},\"image\":{\"@id\":\"https:\/\/jam-news.net\/az\/#\/schema\/logo\/image\/\"},\"sameAs\":[\"https:\/\/www.facebook.com\/JAMnewsInEnglish\/\",\"https:\/\/x.com\/JAMnewsCaucasus\",\"https:\/\/www.instagram.com\/jam_news\/\",\"https:\/\/www.youtube.com\/channel\/UCXQbUCme2pykuZYXWHx4VPg\"]},{\"@type\":\"Person\",\"@id\":\"https:\/\/jam-news.net\/az\/#\/schema\/person\/67df3bb7adb46cd513fb9c4cb02361c6\",\"name\":\"JAMnews\",\"image\":{\"@type\":\"ImageObject\",\"inLanguage\":\"az\",\"@id\":\"https:\/\/jam-news.net\/az\/#\/schema\/person\/image\/\",\"url\":\"https:\/\/secure.gravatar.com\/avatar\/e5c27593ef900c3ab3deed4ed1c653d7?s=96&d=mm&r=g\",\"contentUrl\":\"https:\/\/secure.gravatar.com\/avatar\/e5c27593ef900c3ab3deed4ed1c653d7?s=96&d=mm&r=g\",\"caption\":\"JAMnews\"},\"url\":\"https:\/\/jam-news.net\/az\/author\/margarita\/\"}]}<\/script>\n<!-- \/ Yoast SEO plugin. -->","yoast_head_json":{"title":"Suxumda ay\u0131lar - JAMnews","robots":{"index":"index","follow":"follow","max-snippet":"max-snippet:-1","max-image-preview":"max-image-preview:large","max-video-preview":"max-video-preview:-1"},"canonical":"https:\/\/jam-news.net\/az\/suxumda-ayilar\/","og_locale":"az_AZ","og_type":"article","og_title":"Suxumda ay\u0131lar - JAMnews","og_description":"Abxaziyada Rusiya Dumas\u0131na se\u00e7kil\u0259rin nec\u0259 ke\u00e7m\u0259si bar\u0259d\u0259 hekay\u0259. Video v\u0259 foto","og_url":"https:\/\/jam-news.net\/az\/suxumda-ayilar\/","og_site_name":"Azerbaijani Jamnews","article_publisher":"https:\/\/www.facebook.com\/JAMnewsInEnglish\/","article_published_time":"2016-09-19T00:00:00+00:00","article_modified_time":"2021-11-05T12:03:46+00:00","og_image":[{"url":"http:\/\/jam-news.net\/Uploads\/Publication\/2015\/ContentImages\/az-Latn-AZ\/1.JPG","type":"","width":"","height":""}],"author":"JAMnews","twitter_card":"summary_large_image","twitter_creator":"@JAMnewsCaucasus","twitter_site":"@JAMnewsCaucasus","twitter_misc":{"Written by":"JAMnews","Est. reading time":"5 minutes"},"schema":{"@context":"https:\/\/schema.org","@graph":[{"@type":"Article","@id":"https:\/\/jam-news.net\/az\/suxumda-ayilar\/#article","isPartOf":{"@id":"https:\/\/jam-news.net\/az\/suxumda-ayilar\/"},"author":{"name":"JAMnews","@id":"https:\/\/jam-news.net\/az\/#\/schema\/person\/67df3bb7adb46cd513fb9c4cb02361c6"},"headline":"Suxumda ay\u0131lar","datePublished":"2016-09-19T00:00:00+00:00","dateModified":"2021-11-05T12:03:46+00:00","mainEntityOfPage":{"@id":"https:\/\/jam-news.net\/az\/suxumda-ayilar\/"},"wordCount":986,"commentCount":0,"publisher":{"@id":"https:\/\/jam-news.net\/az\/#organization"},"image":{"@id":"https:\/\/jam-news.net\/az\/suxumda-ayilar\/#primaryimage"},"thumbnailUrl":"http:\/\/jam-news.net\/Uploads\/Publication\/2015\/ContentImages\/az-Latn-AZ\/1.JPG","articleSection":["Uncategorized"],"inLanguage":"az"},{"@type":"WebPage","@id":"https:\/\/jam-news.net\/az\/suxumda-ayilar\/","url":"https:\/\/jam-news.net\/az\/suxumda-ayilar\/","name":"Suxumda ay\u0131lar - JAMnews","isPartOf":{"@id":"https:\/\/jam-news.net\/az\/#website"},"primaryImageOfPage":{"@id":"https:\/\/jam-news.net\/az\/suxumda-ayilar\/#primaryimage"},"image":{"@id":"https:\/\/jam-news.net\/az\/suxumda-ayilar\/#primaryimage"},"thumbnailUrl":"http:\/\/jam-news.net\/Uploads\/Publication\/2015\/ContentImages\/az-Latn-AZ\/1.JPG","datePublished":"2016-09-19T00:00:00+00:00","dateModified":"2021-11-05T12:03:46+00:00","breadcrumb":{"@id":"https:\/\/jam-news.net\/az\/suxumda-ayilar\/#breadcrumb"},"inLanguage":"az","potentialAction":[{"@type":"ReadAction","target":["https:\/\/jam-news.net\/az\/suxumda-ayilar\/"]}]},{"@type":"ImageObject","inLanguage":"az","@id":"https:\/\/jam-news.net\/az\/suxumda-ayilar\/#primaryimage","url":"http:\/\/jam-news.net\/Uploads\/Publication\/2015\/ContentImages\/az-Latn-AZ\/1.JPG","contentUrl":"http:\/\/jam-news.net\/Uploads\/Publication\/2015\/ContentImages\/az-Latn-AZ\/1.JPG"},{"@type":"BreadcrumbList","@id":"https:\/\/jam-news.net\/az\/suxumda-ayilar\/#breadcrumb","itemListElement":[{"@type":"ListItem","position":1,"name":"Home","item":"https:\/\/jam-news.net\/az\/"},{"@type":"ListItem","position":2,"name":"Suxumda ay\u0131lar"}]},{"@type":"WebSite","@id":"https:\/\/jam-news.net\/az\/#website","url":"https:\/\/jam-news.net\/az\/","name":"Azerbaijani Jamnews","description":"Caucasus News, Politics and Society","publisher":{"@id":"https:\/\/jam-news.net\/az\/#organization"},"potentialAction":[{"@type":"SearchAction","target":{"@type":"EntryPoint","urlTemplate":"https:\/\/jam-news.net\/az\/?s={search_term_string}"},"query-input":{"@type":"PropertyValueSpecification","valueRequired":true,"valueName":"search_term_string"}}],"inLanguage":"az"},{"@type":"Organization","@id":"https:\/\/jam-news.net\/az\/#organization","name":"JAMnews","url":"https:\/\/jam-news.net\/az\/","logo":{"@type":"ImageObject","inLanguage":"az","@id":"https:\/\/jam-news.net\/az\/#\/schema\/logo\/image\/","url":"https:\/\/jam-news.net\/app\/uploads\/2020\/05\/JAM_w.jpg","contentUrl":"https:\/\/jam-news.net\/app\/uploads\/2020\/05\/JAM_w.jpg","width":960,"height":960,"caption":"JAMnews"},"image":{"@id":"https:\/\/jam-news.net\/az\/#\/schema\/logo\/image\/"},"sameAs":["https:\/\/www.facebook.com\/JAMnewsInEnglish\/","https:\/\/x.com\/JAMnewsCaucasus","https:\/\/www.instagram.com\/jam_news\/","https:\/\/www.youtube.com\/channel\/UCXQbUCme2pykuZYXWHx4VPg"]},{"@type":"Person","@id":"https:\/\/jam-news.net\/az\/#\/schema\/person\/67df3bb7adb46cd513fb9c4cb02361c6","name":"JAMnews","image":{"@type":"ImageObject","inLanguage":"az","@id":"https:\/\/jam-news.net\/az\/#\/schema\/person\/image\/","url":"https:\/\/secure.gravatar.com\/avatar\/e5c27593ef900c3ab3deed4ed1c653d7?s=96&d=mm&r=g","contentUrl":"https:\/\/secure.gravatar.com\/avatar\/e5c27593ef900c3ab3deed4ed1c653d7?s=96&d=mm&r=g","caption":"JAMnews"},"url":"https:\/\/jam-news.net\/az\/author\/margarita\/"}]}},"_links":{"self":[{"href":"https:\/\/jam-news.net\/az\/wp-json\/wp\/v2\/posts\/3441","targetHints":{"allow":["GET"]}}],"collection":[{"href":"https:\/\/jam-news.net\/az\/wp-json\/wp\/v2\/posts"}],"about":[{"href":"https:\/\/jam-news.net\/az\/wp-json\/wp\/v2\/types\/post"}],"author":[{"embeddable":true,"href":"https:\/\/jam-news.net\/az\/wp-json\/wp\/v2\/users\/3"}],"replies":[{"embeddable":true,"href":"https:\/\/jam-news.net\/az\/wp-json\/wp\/v2\/comments?post=3441"}],"version-history":[{"count":1,"href":"https:\/\/jam-news.net\/az\/wp-json\/wp\/v2\/posts\/3441\/revisions"}],"predecessor-version":[{"id":16127,"href":"https:\/\/jam-news.net\/az\/wp-json\/wp\/v2\/posts\/3441\/revisions\/16127"}],"wp:attachment":[{"href":"https:\/\/jam-news.net\/az\/wp-json\/wp\/v2\/media?parent=3441"}],"wp:term":[{"taxonomy":"category","embeddable":true,"href":"https:\/\/jam-news.net\/az\/wp-json\/wp\/v2\/categories?post=3441"},{"taxonomy":"post_tag","embeddable":true,"href":"https:\/\/jam-news.net\/az\/wp-json\/wp\/v2\/tags?post=3441"},{"taxonomy":"formation","embeddable":true,"href":"https:\/\/jam-news.net\/az\/wp-json\/wp\/v2\/formation?post=3441"},{"taxonomy":"post-author","embeddable":true,"href":"https:\/\/jam-news.net\/az\/wp-json\/wp\/v2\/post-author?post=3441"},{"taxonomy":"topic","embeddable":true,"href":"https:\/\/jam-news.net\/az\/wp-json\/wp\/v2\/topic?post=3441"},{"taxonomy":"tooltip","embeddable":true,"href":"https:\/\/jam-news.net\/az\/wp-json\/wp\/v2\/tooltip?post=3441"},{"taxonomy":"city","embeddable":true,"href":"https:\/\/jam-news.net\/az\/wp-json\/wp\/v2\/city?post=3441"}],"curies":[{"name":"wp","href":"https:\/\/api.w.org\/{rel}","templated":true}]}}