{"id":34279,"date":"2020-09-09T20:23:43","date_gmt":"2020-09-09T16:23:43","guid":{"rendered":"http:\/\/jam-news.net\/az\/?p=34279"},"modified":"2022-01-18T01:01:14","modified_gmt":"2022-01-17T21:01:14","slug":"geyim-idxalcilarinin-etiraz-aksiyasi","status":"publish","type":"post","link":"https:\/\/jam-news.net\/az\/geyim-idxalcilarinin-etiraz-aksiyasi\/","title":{"rendered":"Erm\u0259nistanda ticar\u0259t sah\u0259sin\u0259 m\u00fcdaxil\u0259l\u0259r: Yeni qaydalar etirazlara s\u0259b\u0259b olub"},"content":{"rendered":"\n<p>Sentyabr\u0131n 9-u Erm\u0259nistanda mallar\u0131n\u0131 idxal ed\u0259n sahibkarlar etiraz aksiyas\u0131 ke\u00e7irib. Onlar\u0131n naraz\u0131l\u0131\u011f\u0131 sentyabr\u0131n 1-i q\u00fcvv\u0259y\u0259 min\u0259n yeni g\u00f6mr\u00fck qaydalar\u0131 il\u0259 \u0259laq\u0259dard\u0131r. \u0130ndi idxal\u00e7\u0131lar g\u00f6mr\u00fck \u0259m\u0259liyyatlar\u0131n\u0131 beyn\u0259lxalq standartlara uy\u011fun aparmal\u0131 olacaq. Bu o dem\u0259kdir ki, bundan sonra h\u0259r bir mal ayr\u0131l\u0131qda deklarasiya olunmal\u0131d\u0131r, son m\u0259bl\u0259\u011f is\u0259 mal\u0131n \u00f6z\u00fcn\u00fcn qiym\u0259tind\u0259n as\u0131l\u0131 olacaq.<\/p>\n\n\n\n<p>Bundan ba\u015fqa, sentyab\u0131r\u0131n 9-dan Yerevanda k\u00fc\u00e7\u0259 ticar\u0259ti \u00fc\u00e7\u00fcn yeni qayda v\u0259 m\u0259hdudiyy\u0259tl\u0259r qoyulub.&nbsp;<\/p>\n\n\n\n<p>\u00abM\u0259nim kimil\u0259r buralar\u0131 t\u0259rk etm\u0259s\u0259, Erm\u0259nistan\u0131n regionlar\u0131 inki\u015faf ed\u0259c\u0259k\u00bb<\/p>\n\n\n\n<p>B\u00f6hrana baxmayaraq, Erm\u0259nistan\u0131n Maa\u015f Fondu son il \u0259rzind\u0259 art\u0131b<\/p>\n\n\n\n<p style=\"font-size:25px\"><strong>\u0130dxal\u00e7\u0131lar n\u0259d\u0259n naraz\u0131d\u0131r&nbsp;<\/strong><\/p>\n\n\n\n<p>\u0130dxal\u00e7\u0131lar\u0131n naraz\u0131l\u0131\u011f\u0131 g\u00f6mr\u00fck \u0259m\u0259liyyatlar\u0131 prosesind\u0259 \u0259m\u0259l olunas\u0131 yeni qaydalarla ba\u011fl\u0131d\u0131r. \u018fg\u0259r \u0259vv\u0259ll\u0259r idxal\u00e7\u0131lar paltar idxal edib, h\u0259r kiloqram\u0131na g\u00f6r\u0259 4 dollar \u00f6d\u0259yirdil\u0259rs\u0259, indi onlar h\u0259r mala g\u00f6r\u0259 ayr\u0131l\u0131qda g\u00f6mr\u00fck \u0259m\u0259liyyat\u0131 aparmal\u0131 olacaq. Yekun m\u0259bl\u0259\u011f mal\u0131n \u00f6z d\u0259y\u0259rind\u0259n as\u0131l\u0131 olacaq.\u00a0<\/p>\n\n\n\n<p>Aksiya zaman\u0131 sahibkarlar yeni qaydalara g\u00f6r\u0259 g\u00f6mr\u00fcy\u0259 6 d\u0259f\u0259 \u00e7ox \u00f6d\u0259m\u0259li olacaqlar\u0131n\u0131 v\u0259 bunun da \u00f6z n\u00f6vb\u0259sind\u0259 bazarda qiym\u0259tl\u0259rin artmas\u0131 il\u0259 n\u0259tic\u0259l\u0259n\u0259c\u0259yini qeyd edibl\u0259r.&nbsp;<\/p>\n\n\n\n<p>Aksiya i\u015ftirak\u00e7\u0131lar\u0131ndan biri \u00f6z mal\u0131n\u0131 Erm\u0259nistana g\u0259tirib, g\u00f6mr\u00fckd\u0259 saxlad\u0131\u011f\u0131n\u0131 deyib:&nbsp;<\/p>\n\n\n\n<p>\u00ab\u018fg\u0259r avqustun 31-i g\u00f6mr\u00fck r\u00fcsumu 54 min drama ba\u015fa g\u0259l\u0259c\u0259kdis\u0259 (t\u0259xmin\u0259n 110 dollar), indi bu \u0259m\u0259liyyat 6 d\u0259f\u0259 baha &#8211; 316 min drama (t\u0259xmin\u0259n 700 dollar) ba\u015fa g\u0259l\u0259c\u0259k. \u00c7oxlar\u0131 q\u0259sd\u0259n \u00f6z mallar\u0131n\u0131 g\u00f6mr\u00fckd\u0259n ke\u00e7irm\u0259yib, \u00e7\u00fcnki biz q\u00fcvv\u0259d\u0259 olan qanunun l\u0259\u011fv edilm\u0259sini g\u00f6zl\u0259yirik\u00bb, &#8211; sahibkar deyir.<\/p>\n\n\n\n<p>N\u0259tic\u0259d\u0259 aksiya i\u015ftirak\u00e7\u0131lar\u0131n\u0131n qar\u015f\u0131s\u0131na h\u00f6kum\u0259t n\u00fcmay\u0259nd\u0259l\u0259rind\u0259n he\u00e7 kim \u00e7\u0131xmad\u0131. Onlar da D\u00f6vl\u0259t G\u0259lirl\u0259r Komit\u0259si binas\u0131n\u0259n qar\u015f\u0131s\u0131na gedibl\u0259r.&nbsp;&nbsp;<\/p>\n\n\n\n<p>Sahibkarlar etiraz aksiyas\u0131 ke\u00e7irdiyi vaxtda, D\u00f6vl\u0259t G\u0259lirl\u0259r Komit\u0259si b\u0259yanatla \u00e7\u0131x\u0131\u015f edib, b\u0259yanatda o c\u00fcml\u0259d\u0259n deyilir ki, bu yax\u0131nlarda h\u0259r iki t\u0259r\u0259fin n\u00fcmay\u0259nd\u0259l\u0259ri g\u00f6r\u00fc\u015f ke\u00e7irib:<\/p>\n\n\n\n<p>\u00abN\u00f6vb\u0259ti g\u00fcn Ararat g\u00f6mr\u00fcy\u00fcn\u00fcn r\u0259hb\u0259rliyi il\u0259 b\u00fct\u00fcn m\u0259s\u0259l\u0259l\u0259rin iclasda m\u00fczakir\u0259 olunaca\u011f\u0131na dair raz\u0131l\u0131q \u0259ld\u0259 edilib.&nbsp;<\/p>\n\n\n\n<p>Ancaq v\u0259t\u0259nda\u015flar bir m\u00fcdd\u0259t sonra i\u015fg\u00fczar g\u00f6r\u00fc\u015fd\u0259n imtina edib, h\u00f6kum\u0259t binas\u0131 \u00f6n\u00fcnd\u0259 etiraz aksiyas\u0131 t\u0259\u015fkil ed\u0259c\u0259kl\u0259rini qeyd edibl\u0259r\u201d, &#8211; DGK b\u0259y\u0259nat\u0131nda deyilir.<\/p>\n\n\n\n<p style=\"font-size:25px\"><strong>K\u00fc\u00e7\u0259 alver\u00e7il\u0259rinin i\u015find\u0259 hans\u0131 m\u0259hdudiyy\u0259tl\u0259r qoyulub&nbsp;<\/strong><\/p>\n\n\n\n<p>1 yanvar 2021-ci il tarixind\u0259n Yerevanda k\u00fc\u00e7\u0259 ticar\u0259ti m\u00fc\u0259yy\u0259n t\u0259l\u0259bl\u0259r v\u0259 m\u0259hdudiyy\u0259tl\u0259rl\u0259 h\u0259yata ke\u00e7iril\u0259c\u0259k. Bu q\u0259rar sentyabr\u0131n 9-u ba\u015f tutmu\u015f Yerevan A\u011fsaqqallar \u015euras\u0131n\u0131n iclas\u0131nda q\u0259bul edilib.&nbsp;<\/p>\n\n\n\n<p>\u0130ndi k\u00fc\u00e7\u0259 ticar\u0259ti ancaq \u0259ld\u0259n-\u0259l\u0259 h\u0259yata ke\u00e7irilm\u0259lidir, mal\u0131 yer\u0259 d\u00fczm\u0259k olmaz. Pi\u015ftaxta, araba v\u0259 m\u0259hsulu n\u00fcmayi\u015f etdirm\u0259k \u00fc\u00e7\u00fcn ba\u015fqa vasit\u0259l\u0259rin istifad\u0259si&nbsp; qada\u011fand\u0131r.&nbsp;<\/p>\n\n\n\n<p>Onun yerin\u0259 sat\u0131c\u0131lar\u0131n kassa aparat\u0131 v\u0259 ba\u015fqa laz\u0131m\u0131 s\u0259n\u0259dl\u0259ri olmal\u0131d\u0131r.&nbsp;<\/p>\n\n\n\n<p>Yeni qaydalar\u0131n\u0131n t\u0259tbiqinin meriyan\u0131n xidm\u0259t v\u0259 ticar\u0259t aparat\u0131n\u0131n r\u0259hb\u0259ri Ovik Safaryan k\u00fc\u00e7\u0259 ticar\u0259tinin daha sivil yolla t\u0259\u015fkil olunmas\u0131, qanun \u00e7\u0259r\u00e7iv\u0259sin\u0259 sal\u0131nmas\u0131 \u00fc\u00e7\u00fcn bir vasit\u0259 oldu\u011funu bildirib.&nbsp;<\/p>\n\n\n\n<p>Amma bu izah A\u011fsaqqallar \u015euras\u0131nda m\u00fcxalif \u201cLuys\u201d fraksiyas\u0131n\u0131 o q\u0259d\u0259r d\u0259 qane etm\u0259yib.&nbsp;<\/p>\n\n\n\n<p>\u00ab\u0130nsan bu c\u00fcr \u015f\u0259rtl\u0259rl\u0259 nec\u0259 i\u015fl\u0259m\u0259lidir? Siz dem\u0259k ist\u0259yirsiniz ki, onun \u0259lind\u0259 10-15 hava \u015far\u0131, kassa aparat\u0131, s\u0259n\u0259dl\u0259r v\u0259 pul kis\u0259si olmal\u0131d\u0131r v\u0259 buna baxmayaraq, o mal\u0131 yer\u0259 qoya bilm\u0259z. M\u0259n bu c\u00fcr i\u015fl\u0259m\u0259yi nec\u0259 t\u0259ss\u0259v\u00fcr ed\u0259c\u0259yinizi anlama\u011fa \u00e7al\u0131\u015f\u0131ram\u00bb, &#8211; fraksiya \u00fczv\u00fc Texmina Vardanyan deyib. .<\/p>\n\n\n\n<p>K\u00fc\u00e7\u0259 ticar\u0259t\u00e7il\u0259r \u00f6zl\u0259ri yeni qaydalar\u0131 birm\u0259nal\u0131 qar\u015f\u0131lamay\u0131blar. B\u0259zil\u0259ri kassa aparat\u0131 alma\u011fa haz\u0131rd\u0131r, yet\u0259r ki onlar\u0131 meriya i\u015f\u00e7il\u0259ri qovmas\u0131n, ba\u015fqalar\u0131 is\u0259 h\u0259r \u015feyi \u201cboyunlar\u0131nda da\u015f\u0131yacaqlar\u0131ndan\u201d \u015fikay\u0259t edir.&nbsp;<\/p>\n\n\n\n<p style=\"font-size:25px\"><strong>Sosial \u015f\u0259b\u0259k\u0259l\u0259rd\u0259 n\u0259 yaz\u0131rlar<\/strong><\/p>\n\n\n\n<p>Erm\u0259nistan\u0131n Facebook seqmetinin istifad\u0259\u00e7il\u0259rinin fikirl\u0259ri ayr\u0131l\u0131b.&nbsp;<\/p>\n\n\n\n<p>B\u0259zil\u0259ri sahibkarlar v\u0259 sat\u0131c\u0131lar\u0131 d\u0259st\u0259kl\u0259yir, b\u0259zil\u0259ri is\u0259 \u0259ksin\u0259 h\u00f6kum\u0259tin d\u00fczg\u00fcn q\u0259rar verdiyini d\u00fc\u015f\u00fcn\u00fcr.&nbsp;<\/p>\n\n\n\n<p>B\u0259zi \u015f\u0259rhl\u0259r:<\/p>\n\n\n\n<p>\u00ab\u00d6z t\u0259cr\u00fcb\u0259mi deyim: \u00c7arbaxda yerl\u0259\u015f\u0259n \u201cKARQO\u201d ofisin\u0259 getdim, s\u0259n\u0259dl\u0259ri verdim, ordan Ararat g\u00f6mr\u00fcy\u00fcn\u0259 getdim. Oradan m\u0259ni yenid\u0259n \u00c7arbaxa g\u00f6nd\u0259rdil\u0259r. Orada az qala h\u0259r \u0259skinin bir-bir qiym\u0259tini yoxlayaraq, ke\u00e7irdil\u0259r. Bu, \u00fcmumilikd\u0259 d\u00f6rd saat vaxt\u0131m\u0131 ald\u0131. \u00c7ox \u0259s\u0259b v\u0259 benzin s\u0259rf etdim. Sonda 60 kilo mal\u0131m\u0131 sad\u0259c\u0259 tullamaq ist\u0259yirdim!\u00bb<\/p>\n\n\n\n<p>\u00abAdam kredit g\u00f6t\u00fcr\u00fcb, mal g\u0259tirib v\u0259 indi o mal\u0131 baha satmal\u0131d\u0131r \u2013 \u0259lb\u0259tt\u0259 sata bilm\u0259y\u0259c\u0259k. V\u0259 bundan sonra krediyi nec\u0259 ba\u011flas\u0131n?\u00bb<\/p>\n\n\n\n<p>\u00abO ma\u011fazalara gedib, c\u00fczi endirim ist\u0259y\u0259nd\u0259, \u00f6l\u0259rl\u0259r, amma q\u0259pikl\u0259rind\u0259n ke\u00e7m\u0259zl\u0259r. Amma indi, s\u0259n dem\u0259 d\u00f6vl\u0259t bunlara g\u00fcz\u0259\u015ft\u0259 getm\u0259lidir!\u00bb<\/p>\n\n\n\n<p>\u00abG\u00f6mr\u00fck r\u00fcsumunun \u00fc\u00e7 d\u0259f\u0259 art\u0131r\u0131lmas\u0131 soy\u011fun\u00e7uluqdur!\u00bb<\/p>\n","protected":false},"excerpt":{"rendered":"<p>Mal idxal ed\u0259n sahibkarlar daha \u00e7ox vergi r\u00fcsumu \u00f6d\u0259m\u0259li olacaq, k\u00fc\u00e7\u0259 alver\u00e7il\u0259ri is\u0259 bir s\u0131ra m\u0259hdudiyy\u0259tl\u0259r\u0259 \u0259m\u0259l etm\u0259li olacaq <\/p>\n","protected":false},"author":8,"featured_media":34275,"comment_status":"closed","ping_status":"closed","sticky":false,"template":"","format":"standard","meta":{"_acf_changed":false,"footnotes":""},"categories":[27,22,4043,50,5],"tags":[33,84,54,138,139,140,55,141,142,143,144,129,5133,56,101,146,147,148,96,152,153,57,58,154,155,157,158,5134],"formation":[],"post-author":[2888],"topic":[4951,2002],"tooltip":[],"city":[6054],"class_list":["post-34279","post","type-post","status-publish","format-standard","has-post-thumbnail","hentry","category-ermnistan","category-iqtisadiyyat","category-explainer","category-xbrlr","category-siyast","tag-ermnistan","tag-ermnistan-bu-gun","tag-ermnistan-cmiyyti","tag-ermnistan-trafinda-xbrlr","tag-ermnistan-hokumti","tag-ermnistan-xbrlri","tag-ermnistanda-hyat","tag-ermnistanda-n-bas-verir","tag-ermnistanda-vziyyt","tag-ermnistandan-hekaylr","tag-ermnistandan-xbrlr","tag-gomruk","tag-idxalcilar","tag-post-sovet-ermnistani","tag-qafqaz","tag-qafqaz-bu-gun","tag-qafqaz-cmiyyti","tag-qafqaz-trafinda-xbrlr","tag-qafqaz-iqtisadiyyati","tag-qafqaz-xbrlri","tag-qafqazda-hyat","tag-qafqazda-siyast","tag-qafqazdaki-munaqislr","tag-qafqazin-tarixi","tag-rngli-qafqaz","tag-xbrlr","tag-yerevan","tag-yerevanda-dovlt-glirlri-komitsi","post-author-jamnews","topic-ermnistan","topic-koronavirus","city-yerevan"],"acf":[],"yoast_head":"<!-- This site is optimized with the Yoast SEO plugin v24.1 - https:\/\/yoast.com\/wordpress\/plugins\/seo\/ -->\n<title>Erm\u0259nistanda ticar\u0259t sah\u0259sin\u0259 m\u00fcdaxil\u0259l\u0259r: Yeni qaydalar etirazlara s\u0259b\u0259b olub - JAMnews<\/title>\n<meta name=\"description\" content=\"Mal idxal ed\u0259n sahibkarlar daha \u00e7ox vergi r\u00fcsumu \u00f6d\u0259m\u0259li olacaq, k\u00fc\u00e7\u0259 alver\u00e7il\u0259ri is\u0259 bir s\u0131ra m\u0259hdudiyy\u0259tl\u0259r\u0259 \u0259m\u0259l etm\u0259li olacaq\" \/>\n<meta name=\"robots\" content=\"index, follow, max-snippet:-1, max-image-preview:large, max-video-preview:-1\" \/>\n<link rel=\"canonical\" href=\"https:\/\/jam-news.net\/az\/geyim-idxalcilarinin-etiraz-aksiyasi\/\" \/>\n<meta property=\"og:locale\" content=\"az_AZ\" \/>\n<meta property=\"og:type\" content=\"article\" \/>\n<meta property=\"og:title\" content=\"Erm\u0259nistanda ticar\u0259t sah\u0259sin\u0259 m\u00fcdaxil\u0259l\u0259r: Yeni qaydalar etirazlara s\u0259b\u0259b olub - JAMnews\" \/>\n<meta property=\"og:description\" content=\"Mal idxal ed\u0259n sahibkarlar daha \u00e7ox vergi r\u00fcsumu \u00f6d\u0259m\u0259li olacaq, k\u00fc\u00e7\u0259 alver\u00e7il\u0259ri is\u0259 bir s\u0131ra m\u0259hdudiyy\u0259tl\u0259r\u0259 \u0259m\u0259l etm\u0259li olacaq\" \/>\n<meta property=\"og:url\" content=\"https:\/\/jam-news.net\/az\/geyim-idxalcilarinin-etiraz-aksiyasi\/\" \/>\n<meta property=\"og:site_name\" content=\"Azerbaijani Jamnews\" \/>\n<meta property=\"article:publisher\" content=\"https:\/\/www.facebook.com\/JAMnewsInEnglish\/\" \/>\n<meta property=\"article:published_time\" content=\"2020-09-09T16:23:43+00:00\" \/>\n<meta property=\"article:modified_time\" content=\"2022-01-17T21:01:14+00:00\" \/>\n<meta property=\"og:image\" content=\"https:\/\/jam-news.net\/app\/uploads\/2020\/09\/alfkj.thumb_.jpg\" \/>\n\t<meta property=\"og:image:width\" content=\"790\" \/>\n\t<meta property=\"og:image:height\" content=\"443\" \/>\n\t<meta property=\"og:image:type\" content=\"image\/jpeg\" \/>\n<meta name=\"author\" content=\"Naira Martikian\" \/>\n<meta name=\"twitter:card\" content=\"summary_large_image\" \/>\n<meta name=\"twitter:creator\" content=\"@JAMnewsCaucasus\" \/>\n<meta name=\"twitter:site\" content=\"@JAMnewsCaucasus\" \/>\n<meta name=\"twitter:label1\" content=\"Written by\" \/>\n\t<meta name=\"twitter:data1\" content=\"Naira Martikian\" \/>\n\t<meta name=\"twitter:label2\" content=\"Est. reading time\" \/>\n\t<meta name=\"twitter:data2\" content=\"5 minutes\" \/>\n<script type=\"application\/ld+json\" class=\"yoast-schema-graph\">{\"@context\":\"https:\/\/schema.org\",\"@graph\":[{\"@type\":\"Article\",\"@id\":\"https:\/\/jam-news.net\/az\/geyim-idxalcilarinin-etiraz-aksiyasi\/#article\",\"isPartOf\":{\"@id\":\"https:\/\/jam-news.net\/az\/geyim-idxalcilarinin-etiraz-aksiyasi\/\"},\"author\":{\"name\":\"Naira Martikian\",\"@id\":\"https:\/\/jam-news.net\/az\/#\/schema\/person\/e82f374df8fce3377c56e285e5c11387\"},\"headline\":\"Erm\u0259nistanda ticar\u0259t sah\u0259sin\u0259 m\u00fcdaxil\u0259l\u0259r: Yeni qaydalar etirazlara s\u0259b\u0259b olub\",\"datePublished\":\"2020-09-09T16:23:43+00:00\",\"dateModified\":\"2022-01-17T21:01:14+00:00\",\"mainEntityOfPage\":{\"@id\":\"https:\/\/jam-news.net\/az\/geyim-idxalcilarinin-etiraz-aksiyasi\/\"},\"wordCount\":1049,\"publisher\":{\"@id\":\"https:\/\/jam-news.net\/az\/#organization\"},\"image\":{\"@id\":\"https:\/\/jam-news.net\/az\/geyim-idxalcilarinin-etiraz-aksiyasi\/#primaryimage\"},\"thumbnailUrl\":\"https:\/\/jam-news.net\/app\/uploads\/2020\/09\/alfkj.thumb_.jpg\",\"keywords\":[\"Erm\u0259nistan\",\"Erm\u0259nistan bu g\u00fcn\",\"Erm\u0259nistan c\u0259miyy\u0259ti\",\"Erm\u0259nistan \u0259traf\u0131nda x\u0259b\u0259rl\u0259r\",\"Erm\u0259nistan h\u00f6kum\u0259ti\",\"Erm\u0259nistan x\u0259b\u0259rl\u0259ri\",\"Erm\u0259nistanda h\u0259yat\",\"Erm\u0259nistanda n\u0259 ba\u015f verir\",\"Erm\u0259nistanda v\u0259ziyy\u0259t\",\"Erm\u0259nistandan hekay\u0259l\u0259r\",\"Erm\u0259nistandan x\u0259b\u0259rl\u0259r\",\"g\u00f6mr\u00fck\",\"idxal\u00e7\u0131lar\",\"post-sovet Erm\u0259nistan\u0131\",\"Qafqaz\",\"Qafqaz bu g\u00fcn\",\"Qafqaz c\u0259miyy\u0259ti\",\"Qafqaz \u0259traf\u0131nda x\u0259b\u0259rl\u0259r\",\"Qafqaz iqtisadiyyat\u0131\",\"Qafqaz x\u0259b\u0259rl\u0259ri\",\"Qafqazda h\u0259yat\",\"Qafqazda siyas\u0259t\",\"Qafqazdak\u0131 m\u00fcnaqi\u015f\u0259l\u0259r\",\"Qafqaz\u0131n tarixi\",\"r\u0259ngli Qafqaz\",\"X\u0259b\u0259rl\u0259r\",\"Yerevan\",\"Yerevanda d\u00f6vl\u0259t g\u0259lirl\u0259ri komit\u0259si\"],\"articleSection\":[\"Armenia\",\"Economics\",\"Explainer\",\"News\",\"Politics\"],\"inLanguage\":\"az\"},{\"@type\":\"WebPage\",\"@id\":\"https:\/\/jam-news.net\/az\/geyim-idxalcilarinin-etiraz-aksiyasi\/\",\"url\":\"https:\/\/jam-news.net\/az\/geyim-idxalcilarinin-etiraz-aksiyasi\/\",\"name\":\"Erm\u0259nistanda ticar\u0259t sah\u0259sin\u0259 m\u00fcdaxil\u0259l\u0259r: Yeni qaydalar etirazlara s\u0259b\u0259b olub - JAMnews\",\"isPartOf\":{\"@id\":\"https:\/\/jam-news.net\/az\/#website\"},\"primaryImageOfPage\":{\"@id\":\"https:\/\/jam-news.net\/az\/geyim-idxalcilarinin-etiraz-aksiyasi\/#primaryimage\"},\"image\":{\"@id\":\"https:\/\/jam-news.net\/az\/geyim-idxalcilarinin-etiraz-aksiyasi\/#primaryimage\"},\"thumbnailUrl\":\"https:\/\/jam-news.net\/app\/uploads\/2020\/09\/alfkj.thumb_.jpg\",\"datePublished\":\"2020-09-09T16:23:43+00:00\",\"dateModified\":\"2022-01-17T21:01:14+00:00\",\"description\":\"Mal idxal ed\u0259n sahibkarlar daha \u00e7ox vergi r\u00fcsumu \u00f6d\u0259m\u0259li olacaq, k\u00fc\u00e7\u0259 alver\u00e7il\u0259ri is\u0259 bir s\u0131ra m\u0259hdudiyy\u0259tl\u0259r\u0259 \u0259m\u0259l etm\u0259li olacaq\",\"breadcrumb\":{\"@id\":\"https:\/\/jam-news.net\/az\/geyim-idxalcilarinin-etiraz-aksiyasi\/#breadcrumb\"},\"inLanguage\":\"az\",\"potentialAction\":[{\"@type\":\"ReadAction\",\"target\":[\"https:\/\/jam-news.net\/az\/geyim-idxalcilarinin-etiraz-aksiyasi\/\"]}]},{\"@type\":\"ImageObject\",\"inLanguage\":\"az\",\"@id\":\"https:\/\/jam-news.net\/az\/geyim-idxalcilarinin-etiraz-aksiyasi\/#primaryimage\",\"url\":\"https:\/\/jam-news.net\/app\/uploads\/2020\/09\/alfkj.thumb_.jpg\",\"contentUrl\":\"https:\/\/jam-news.net\/app\/uploads\/2020\/09\/alfkj.thumb_.jpg\",\"width\":790,\"height\":443,\"caption\":\"g\u00f6mr\u00fck, idxal\u00e7\u0131lar, Yerevanda d\u00f6vl\u0259t g\u0259lirl\u0259ri komit\u0259si\"},{\"@type\":\"BreadcrumbList\",\"@id\":\"https:\/\/jam-news.net\/az\/geyim-idxalcilarinin-etiraz-aksiyasi\/#breadcrumb\",\"itemListElement\":[{\"@type\":\"ListItem\",\"position\":1,\"name\":\"Home\",\"item\":\"https:\/\/jam-news.net\/az\/\"},{\"@type\":\"ListItem\",\"position\":2,\"name\":\"Erm\u0259nistanda ticar\u0259t sah\u0259sin\u0259 m\u00fcdaxil\u0259l\u0259r: Yeni qaydalar etirazlara s\u0259b\u0259b olub\"}]},{\"@type\":\"WebSite\",\"@id\":\"https:\/\/jam-news.net\/az\/#website\",\"url\":\"https:\/\/jam-news.net\/az\/\",\"name\":\"Azerbaijani Jamnews\",\"description\":\"Caucasus News, Politics and Society\",\"publisher\":{\"@id\":\"https:\/\/jam-news.net\/az\/#organization\"},\"potentialAction\":[{\"@type\":\"SearchAction\",\"target\":{\"@type\":\"EntryPoint\",\"urlTemplate\":\"https:\/\/jam-news.net\/az\/?s={search_term_string}\"},\"query-input\":{\"@type\":\"PropertyValueSpecification\",\"valueRequired\":true,\"valueName\":\"search_term_string\"}}],\"inLanguage\":\"az\"},{\"@type\":\"Organization\",\"@id\":\"https:\/\/jam-news.net\/az\/#organization\",\"name\":\"JAMnews\",\"url\":\"https:\/\/jam-news.net\/az\/\",\"logo\":{\"@type\":\"ImageObject\",\"inLanguage\":\"az\",\"@id\":\"https:\/\/jam-news.net\/az\/#\/schema\/logo\/image\/\",\"url\":\"https:\/\/jam-news.net\/app\/uploads\/2020\/05\/JAM_w.jpg\",\"contentUrl\":\"https:\/\/jam-news.net\/app\/uploads\/2020\/05\/JAM_w.jpg\",\"width\":960,\"height\":960,\"caption\":\"JAMnews\"},\"image\":{\"@id\":\"https:\/\/jam-news.net\/az\/#\/schema\/logo\/image\/\"},\"sameAs\":[\"https:\/\/www.facebook.com\/JAMnewsInEnglish\/\",\"https:\/\/x.com\/JAMnewsCaucasus\",\"https:\/\/www.instagram.com\/jam_news\/\",\"https:\/\/www.youtube.com\/channel\/UCXQbUCme2pykuZYXWHx4VPg\"]},{\"@type\":\"Person\",\"@id\":\"https:\/\/jam-news.net\/az\/#\/schema\/person\/e82f374df8fce3377c56e285e5c11387\",\"name\":\"Naira Martikian\",\"image\":{\"@type\":\"ImageObject\",\"inLanguage\":\"az\",\"@id\":\"https:\/\/jam-news.net\/az\/#\/schema\/person\/image\/\",\"url\":\"https:\/\/secure.gravatar.com\/avatar\/0696bcd343e46256c029b752a654bade?s=96&d=mm&r=g\",\"contentUrl\":\"https:\/\/secure.gravatar.com\/avatar\/0696bcd343e46256c029b752a654bade?s=96&d=mm&r=g\",\"caption\":\"Naira Martikian\"},\"url\":\"https:\/\/jam-news.net\/az\/author\/nairama\/\"}]}<\/script>\n<!-- \/ Yoast SEO plugin. -->","yoast_head_json":{"title":"Erm\u0259nistanda ticar\u0259t sah\u0259sin\u0259 m\u00fcdaxil\u0259l\u0259r: Yeni qaydalar etirazlara s\u0259b\u0259b olub - JAMnews","description":"Mal idxal ed\u0259n sahibkarlar daha \u00e7ox vergi r\u00fcsumu \u00f6d\u0259m\u0259li olacaq, k\u00fc\u00e7\u0259 alver\u00e7il\u0259ri is\u0259 bir s\u0131ra m\u0259hdudiyy\u0259tl\u0259r\u0259 \u0259m\u0259l etm\u0259li olacaq","robots":{"index":"index","follow":"follow","max-snippet":"max-snippet:-1","max-image-preview":"max-image-preview:large","max-video-preview":"max-video-preview:-1"},"canonical":"https:\/\/jam-news.net\/az\/geyim-idxalcilarinin-etiraz-aksiyasi\/","og_locale":"az_AZ","og_type":"article","og_title":"Erm\u0259nistanda ticar\u0259t sah\u0259sin\u0259 m\u00fcdaxil\u0259l\u0259r: Yeni qaydalar etirazlara s\u0259b\u0259b olub - JAMnews","og_description":"Mal idxal ed\u0259n sahibkarlar daha \u00e7ox vergi r\u00fcsumu \u00f6d\u0259m\u0259li olacaq, k\u00fc\u00e7\u0259 alver\u00e7il\u0259ri is\u0259 bir s\u0131ra m\u0259hdudiyy\u0259tl\u0259r\u0259 \u0259m\u0259l etm\u0259li olacaq","og_url":"https:\/\/jam-news.net\/az\/geyim-idxalcilarinin-etiraz-aksiyasi\/","og_site_name":"Azerbaijani Jamnews","article_publisher":"https:\/\/www.facebook.com\/JAMnewsInEnglish\/","article_published_time":"2020-09-09T16:23:43+00:00","article_modified_time":"2022-01-17T21:01:14+00:00","og_image":[{"width":790,"height":443,"url":"https:\/\/jam-news.net\/app\/uploads\/2020\/09\/alfkj.thumb_.jpg","type":"image\/jpeg"}],"author":"Naira Martikian","twitter_card":"summary_large_image","twitter_creator":"@JAMnewsCaucasus","twitter_site":"@JAMnewsCaucasus","twitter_misc":{"Written by":"Naira Martikian","Est. reading time":"5 minutes"},"schema":{"@context":"https:\/\/schema.org","@graph":[{"@type":"Article","@id":"https:\/\/jam-news.net\/az\/geyim-idxalcilarinin-etiraz-aksiyasi\/#article","isPartOf":{"@id":"https:\/\/jam-news.net\/az\/geyim-idxalcilarinin-etiraz-aksiyasi\/"},"author":{"name":"Naira Martikian","@id":"https:\/\/jam-news.net\/az\/#\/schema\/person\/e82f374df8fce3377c56e285e5c11387"},"headline":"Erm\u0259nistanda ticar\u0259t sah\u0259sin\u0259 m\u00fcdaxil\u0259l\u0259r: Yeni qaydalar etirazlara s\u0259b\u0259b olub","datePublished":"2020-09-09T16:23:43+00:00","dateModified":"2022-01-17T21:01:14+00:00","mainEntityOfPage":{"@id":"https:\/\/jam-news.net\/az\/geyim-idxalcilarinin-etiraz-aksiyasi\/"},"wordCount":1049,"publisher":{"@id":"https:\/\/jam-news.net\/az\/#organization"},"image":{"@id":"https:\/\/jam-news.net\/az\/geyim-idxalcilarinin-etiraz-aksiyasi\/#primaryimage"},"thumbnailUrl":"https:\/\/jam-news.net\/app\/uploads\/2020\/09\/alfkj.thumb_.jpg","keywords":["Erm\u0259nistan","Erm\u0259nistan bu g\u00fcn","Erm\u0259nistan c\u0259miyy\u0259ti","Erm\u0259nistan \u0259traf\u0131nda x\u0259b\u0259rl\u0259r","Erm\u0259nistan h\u00f6kum\u0259ti","Erm\u0259nistan x\u0259b\u0259rl\u0259ri","Erm\u0259nistanda h\u0259yat","Erm\u0259nistanda n\u0259 ba\u015f verir","Erm\u0259nistanda v\u0259ziyy\u0259t","Erm\u0259nistandan hekay\u0259l\u0259r","Erm\u0259nistandan x\u0259b\u0259rl\u0259r","g\u00f6mr\u00fck","idxal\u00e7\u0131lar","post-sovet Erm\u0259nistan\u0131","Qafqaz","Qafqaz bu g\u00fcn","Qafqaz c\u0259miyy\u0259ti","Qafqaz \u0259traf\u0131nda x\u0259b\u0259rl\u0259r","Qafqaz iqtisadiyyat\u0131","Qafqaz x\u0259b\u0259rl\u0259ri","Qafqazda h\u0259yat","Qafqazda siyas\u0259t","Qafqazdak\u0131 m\u00fcnaqi\u015f\u0259l\u0259r","Qafqaz\u0131n tarixi","r\u0259ngli Qafqaz","X\u0259b\u0259rl\u0259r","Yerevan","Yerevanda d\u00f6vl\u0259t g\u0259lirl\u0259ri komit\u0259si"],"articleSection":["Armenia","Economics","Explainer","News","Politics"],"inLanguage":"az"},{"@type":"WebPage","@id":"https:\/\/jam-news.net\/az\/geyim-idxalcilarinin-etiraz-aksiyasi\/","url":"https:\/\/jam-news.net\/az\/geyim-idxalcilarinin-etiraz-aksiyasi\/","name":"Erm\u0259nistanda ticar\u0259t sah\u0259sin\u0259 m\u00fcdaxil\u0259l\u0259r: Yeni qaydalar etirazlara s\u0259b\u0259b olub - JAMnews","isPartOf":{"@id":"https:\/\/jam-news.net\/az\/#website"},"primaryImageOfPage":{"@id":"https:\/\/jam-news.net\/az\/geyim-idxalcilarinin-etiraz-aksiyasi\/#primaryimage"},"image":{"@id":"https:\/\/jam-news.net\/az\/geyim-idxalcilarinin-etiraz-aksiyasi\/#primaryimage"},"thumbnailUrl":"https:\/\/jam-news.net\/app\/uploads\/2020\/09\/alfkj.thumb_.jpg","datePublished":"2020-09-09T16:23:43+00:00","dateModified":"2022-01-17T21:01:14+00:00","description":"Mal idxal ed\u0259n sahibkarlar daha \u00e7ox vergi r\u00fcsumu \u00f6d\u0259m\u0259li olacaq, k\u00fc\u00e7\u0259 alver\u00e7il\u0259ri is\u0259 bir s\u0131ra m\u0259hdudiyy\u0259tl\u0259r\u0259 \u0259m\u0259l etm\u0259li olacaq","breadcrumb":{"@id":"https:\/\/jam-news.net\/az\/geyim-idxalcilarinin-etiraz-aksiyasi\/#breadcrumb"},"inLanguage":"az","potentialAction":[{"@type":"ReadAction","target":["https:\/\/jam-news.net\/az\/geyim-idxalcilarinin-etiraz-aksiyasi\/"]}]},{"@type":"ImageObject","inLanguage":"az","@id":"https:\/\/jam-news.net\/az\/geyim-idxalcilarinin-etiraz-aksiyasi\/#primaryimage","url":"https:\/\/jam-news.net\/app\/uploads\/2020\/09\/alfkj.thumb_.jpg","contentUrl":"https:\/\/jam-news.net\/app\/uploads\/2020\/09\/alfkj.thumb_.jpg","width":790,"height":443,"caption":"g\u00f6mr\u00fck, idxal\u00e7\u0131lar, Yerevanda d\u00f6vl\u0259t g\u0259lirl\u0259ri komit\u0259si"},{"@type":"BreadcrumbList","@id":"https:\/\/jam-news.net\/az\/geyim-idxalcilarinin-etiraz-aksiyasi\/#breadcrumb","itemListElement":[{"@type":"ListItem","position":1,"name":"Home","item":"https:\/\/jam-news.net\/az\/"},{"@type":"ListItem","position":2,"name":"Erm\u0259nistanda ticar\u0259t sah\u0259sin\u0259 m\u00fcdaxil\u0259l\u0259r: Yeni qaydalar etirazlara s\u0259b\u0259b olub"}]},{"@type":"WebSite","@id":"https:\/\/jam-news.net\/az\/#website","url":"https:\/\/jam-news.net\/az\/","name":"Azerbaijani Jamnews","description":"Caucasus News, Politics and Society","publisher":{"@id":"https:\/\/jam-news.net\/az\/#organization"},"potentialAction":[{"@type":"SearchAction","target":{"@type":"EntryPoint","urlTemplate":"https:\/\/jam-news.net\/az\/?s={search_term_string}"},"query-input":{"@type":"PropertyValueSpecification","valueRequired":true,"valueName":"search_term_string"}}],"inLanguage":"az"},{"@type":"Organization","@id":"https:\/\/jam-news.net\/az\/#organization","name":"JAMnews","url":"https:\/\/jam-news.net\/az\/","logo":{"@type":"ImageObject","inLanguage":"az","@id":"https:\/\/jam-news.net\/az\/#\/schema\/logo\/image\/","url":"https:\/\/jam-news.net\/app\/uploads\/2020\/05\/JAM_w.jpg","contentUrl":"https:\/\/jam-news.net\/app\/uploads\/2020\/05\/JAM_w.jpg","width":960,"height":960,"caption":"JAMnews"},"image":{"@id":"https:\/\/jam-news.net\/az\/#\/schema\/logo\/image\/"},"sameAs":["https:\/\/www.facebook.com\/JAMnewsInEnglish\/","https:\/\/x.com\/JAMnewsCaucasus","https:\/\/www.instagram.com\/jam_news\/","https:\/\/www.youtube.com\/channel\/UCXQbUCme2pykuZYXWHx4VPg"]},{"@type":"Person","@id":"https:\/\/jam-news.net\/az\/#\/schema\/person\/e82f374df8fce3377c56e285e5c11387","name":"Naira Martikian","image":{"@type":"ImageObject","inLanguage":"az","@id":"https:\/\/jam-news.net\/az\/#\/schema\/person\/image\/","url":"https:\/\/secure.gravatar.com\/avatar\/0696bcd343e46256c029b752a654bade?s=96&d=mm&r=g","contentUrl":"https:\/\/secure.gravatar.com\/avatar\/0696bcd343e46256c029b752a654bade?s=96&d=mm&r=g","caption":"Naira Martikian"},"url":"https:\/\/jam-news.net\/az\/author\/nairama\/"}]}},"_links":{"self":[{"href":"https:\/\/jam-news.net\/az\/wp-json\/wp\/v2\/posts\/34279","targetHints":{"allow":["GET"]}}],"collection":[{"href":"https:\/\/jam-news.net\/az\/wp-json\/wp\/v2\/posts"}],"about":[{"href":"https:\/\/jam-news.net\/az\/wp-json\/wp\/v2\/types\/post"}],"author":[{"embeddable":true,"href":"https:\/\/jam-news.net\/az\/wp-json\/wp\/v2\/users\/8"}],"replies":[{"embeddable":true,"href":"https:\/\/jam-news.net\/az\/wp-json\/wp\/v2\/comments?post=34279"}],"version-history":[{"count":3,"href":"https:\/\/jam-news.net\/az\/wp-json\/wp\/v2\/posts\/34279\/revisions"}],"predecessor-version":[{"id":34287,"href":"https:\/\/jam-news.net\/az\/wp-json\/wp\/v2\/posts\/34279\/revisions\/34287"}],"wp:featuredmedia":[{"embeddable":true,"href":"https:\/\/jam-news.net\/az\/wp-json\/wp\/v2\/media\/34275"}],"wp:attachment":[{"href":"https:\/\/jam-news.net\/az\/wp-json\/wp\/v2\/media?parent=34279"}],"wp:term":[{"taxonomy":"category","embeddable":true,"href":"https:\/\/jam-news.net\/az\/wp-json\/wp\/v2\/categories?post=34279"},{"taxonomy":"post_tag","embeddable":true,"href":"https:\/\/jam-news.net\/az\/wp-json\/wp\/v2\/tags?post=34279"},{"taxonomy":"formation","embeddable":true,"href":"https:\/\/jam-news.net\/az\/wp-json\/wp\/v2\/formation?post=34279"},{"taxonomy":"post-author","embeddable":true,"href":"https:\/\/jam-news.net\/az\/wp-json\/wp\/v2\/post-author?post=34279"},{"taxonomy":"topic","embeddable":true,"href":"https:\/\/jam-news.net\/az\/wp-json\/wp\/v2\/topic?post=34279"},{"taxonomy":"tooltip","embeddable":true,"href":"https:\/\/jam-news.net\/az\/wp-json\/wp\/v2\/tooltip?post=34279"},{"taxonomy":"city","embeddable":true,"href":"https:\/\/jam-news.net\/az\/wp-json\/wp\/v2\/city?post=34279"}],"curies":[{"name":"wp","href":"https:\/\/api.w.org\/{rel}","templated":true}]}}