{"id":33978,"date":"2020-09-03T15:21:12","date_gmt":"2020-09-03T11:21:12","guid":{"rendered":"http:\/\/jam-news.net\/az\/?p=33978"},"modified":"2022-01-18T00:34:48","modified_gmt":"2022-01-17T20:34:48","slug":"tofiq-yaqublu-m%c9%99hk%c9%99m%c9%99-q%c9%99rari-x%c9%99b%c9%99rl%c9%99r-az%c9%99rbaycan","status":"publish","type":"post","link":"https:\/\/jam-news.net\/az\/tofiq-yaqublu-m%c9%99hk%c9%99m%c9%99-q%c9%99rari-x%c9%99b%c9%99rl%c9%99r-az%c9%99rbaycan\/","title":{"rendered":"Az\u0259rbaycanda tan\u0131nm\u0131\u015f m\u00fcxalif\u0259t\u00e7i n\u00f6vb\u0259ti d\u0259f\u0259 a\u011f\u0131r c\u0259zaya m\u0259hkum olunub"},"content":{"rendered":"\n<p>Bak\u0131 \u015f\u0259h\u0259ri Nizami rayon m\u0259hk\u0259m\u0259sinin q\u0259rar\u0131 il\u0259 m\u00fcxalif Milli \u015euran\u0131n \u00fczv\u00fc Tofiq Yaqublu ciddi rejimli islah m\u00fc\u0259ssis\u0259sind\u0259 saxlanmaqla 4 il v\u0259 3 ay m\u00fcdd\u0259tin\u0259 azadl\u0131qdan m\u0259hrum edilib. M\u00fcxalif\u0259t hesab edir ki, bu q\u0259rar \u0259dal\u0259tsiz v\u0259 siyasi motivlidir. Yaqublunun \u00f6z\u00fc acl\u0131q aksiyas\u0131na ba\u015flay\u0131b.<\/p>\n\n\n\n<hr class=\"wp-block-separator is-style-wide\"\/>\n\n\n\n<p><strong>\u2022&nbsp;<\/strong><a href=\"https:\/\/jam-news.net\/az\/az%c9%99rbaycan-polisd%c9%99-saxlanilanlarin-isg%c9%99nc%c9%99-fotolari-yayimlanib-din-t%c9%99kzib-bloqerl%c9%99r-subut-edir\/\"><strong>Az\u0259rbaycanda polis idar\u0259sind\u0259 saxlan\u0131lanlara qar\u015f\u0131 zorak\u0131l\u0131\u011f\u0131 \u0259ks etdir\u0259n fot<\/strong><\/a><strong>o<\/strong><a href=\"https:\/\/jam-news.net\/az\/az%c9%99rbaycan-polisd%c9%99-saxlanilanlarin-isg%c9%99nc%c9%99-fotolari-yayimlanib-din-t%c9%99kzib-bloqerl%c9%99r-subut-edir\/\" target=\"_blank\" rel=\"noreferrer noopener\"><strong>lar yay\u0131l\u0131b. D\u0130N inkar, blogerl\u0259r s\u00fcbut edir<\/strong><\/a><\/p>\n\n\n\n<p>\u2022&nbsp;<a href=\"https:\/\/jam-news.net\/az\/f%c9%99allarin-t%c9%99qibi-az%c9%99rbaycan\/\" target=\"_blank\" rel=\"noreferrer noopener\"><strong>Az\u0259rbaycanl\u0131 f\u0259allar hakimiyy\u0259tin \u015fantaj v\u0259 t\u0259qibind\u0259n \u015fikay\u0259tl\u0259nirl\u0259r<\/strong><\/a><\/p>\n\n\n\n<hr class=\"wp-block-separator is-style-wide\"\/>\n\n\n\n<p>Tofiq Yaqublu 2020-ci il mart\u0131n 22-d\u0259 xuliqanl\u0131qda <a href=\"https:\/\/jam-news.net\/az\/m%c9%99hk%c9%99m%c9%99-tofiq-yaqublu-m%c9%99kt%c9%99bli-v%c9%99-s%c9%99xsiyy%c9%99ti-mu%c9%99yy%c9%99n-edilm%c9%99y%c9%99n-s%c9%99xs\/\" target=\"_blank\" rel=\"noreferrer noopener\">ittiham olunaraq<\/a> h\u0259bs edilib. Cinay\u0259t i\u015finin materiallar\u0131na \u0259sas\u0259n, o, avtomobili il\u0259 q\u0259za t\u00f6r\u0259dib v\u0259 dig\u0259r ma\u015f\u0131nda olan evli c\u00fctl\u00fcy\u00fc d\u00f6y\u00fcb.<\/p>\n\n\n\n<p>M\u0259hk\u0259m\u0259 prosesinin sonunda prokuror Yaqublunun 4 il 6 ay azadl\u0131qdan m\u0259hrum edilm\u0259sini t\u0259l\u0259b edib. Hakim \u00f6z q\u0259rar\u0131 il\u0259 bu m\u00fcdd\u0259ti 3 ay azaltm\u0131\u015f olub. Koronavirus epidemiyas\u0131na g\u00f6r\u0259 elan olunmu\u015f karantin rejimi s\u0259b\u0259bil\u0259 m\u0259hk\u0259m\u0259 prosesi qapal\u0131 ke\u00e7irilib \u2013 jurnalistl\u0259r iclas zal\u0131na burax\u0131lmay\u0131b.<\/p>\n\n\n\n<p>H\u00f6km oxunark\u0259n m\u0259hk\u0259m\u0259 zal\u0131n\u0131n \u0259traf\u0131nda y\u00fczl\u0259rl\u0259 m\u00fcxalif\u0259t\u00e7i v\u0259 Tofiq Yaqublunun t\u0259r\u0259fdarlar\u0131 topla\u015f\u0131b. Onlar\u0131n aras\u0131nda m\u00fcxalif \u201cM\u00fcsavat\u201d v\u0259 Az\u0259rbaycan Xalq C\u0259bh\u0259si partiyalar\u0131n\u0131n liderl\u0259ri Arif Hac\u0131l\u0131 v\u0259 \u018fli K\u0259rimli d\u0259 olub. Jurnalistl\u0259r\u0259 verdikl\u0259ri a\u00e7\u0131qlamalarda onlar m\u0259hk\u0259m\u0259 q\u0259rar\u0131n\u0131 siyasi sifari\u015f adland\u0131r\u0131b v\u0259 Tofiq Yaqublunun tezlikl\u0259 azad edil\u0259c\u0259yin\u0259 \u0259minlik ifad\u0259 edibl\u0259r.<\/p>\n\n\n\n<p>M\u00fchaki\u0259 olunmu\u015f m\u00fcxalif\u0259t\u00e7i \u0259dal\u0259tsizliy\u0259 etiraz \u0259lam\u0259ti olaraq acl\u0131q aksiyas\u0131na ba\u015flay\u0131b. Bu haqda onun v\u0259kili Aqil Lay\u0131c <a href=\"https:\/\/www.facebook.com\/aqil.layic\/posts\/10159347569144276\" target=\"_blank\" rel=\"noreferrer noopener\">bildirib<\/a>.<\/p>\n\n\n\n<p>Yaqublu 2014-2016-c\u0131 ill\u0259rd\u0259 k\u00fctl\u0259vi i\u011fti\u015fa\u015flar\u0131n t\u0259\u015fkili ittiham\u0131 il\u0259 h\u0259bsd\u0259 olub. Daha sonra 2019-cu il oktyabr\u0131n 19-da m\u00fcxalif\u0259tin Bak\u0131da ke\u00e7irdiyi k\u00fctl\u0259vi etiraz aksiyas\u0131nda i\u015ftirak\u0131na g\u00f6r\u0259 30 sutka inzibati h\u0259bs c\u0259zas\u0131 al\u0131b.<\/p>\n\n\n\n<p><strong>Sosial \u015f\u0259b\u0259k\u0259 istifad\u0259\u00e7il\u0259ri m\u0259hk\u0259m\u0259 h\u00f6km\u00fc il\u0259 ba\u011fl\u0131 q\u0259z\u0259bl\u0259rini ifad\u0259 edibl\u0259r. Bir ne\u00e7\u0259 xarakterik \u015f\u0259rh:<\/strong><\/p>\n\n\n\n<p><em>\u201cBu g\u00fcn vicdan\u0131 olan h\u0259r k\u0259s 4 il 3 ay azadl\u0131qdan m\u0259hrum edilib\u201d.<\/em><\/p>\n\n\n\n<p><em>\u201cBu q\u0259rar \u0259dal\u0259tli deyil v\u0259 bu, he\u00e7 n\u0259yi d\u0259yi\u015fm\u0259y\u0259c\u0259k\u201d.<\/em><\/p>\n\n\n\n<p><em>\u201cM\u0259hk\u0259m\u0259 q\u0259rar\u0131ndan daha \u00e7ox Tofiq Yaqubluya qar\u015f\u0131 t\u0259qibl\u0259rin miqyas\u0131 t\u0259\u0259cc\u00fcbl\u0259ndirir\u201d.<\/em><\/p>\n","protected":false},"excerpt":{"rendered":"<p>Tofiq Yaqublu ciddi rejimli islah m\u00fc\u0259ssis\u0259sind\u0259 saxlanmaqla 4 il v\u0259 3 ay azadl\u0131qdan m\u0259hrumetm\u0259 c\u0259zas\u0131 al\u0131b, o, acl\u0131q aksiyas\u0131na ba\u015flay\u0131b<\/p>\n","protected":false},"author":3,"featured_media":33973,"comment_status":"closed","ping_status":"closed","sticky":false,"template":"","format":"standard","meta":{"_acf_changed":false,"footnotes":""},"categories":[17,50,5],"tags":[],"formation":[],"post-author":[2888],"topic":[4952,51],"tooltip":[],"city":[6041],"class_list":["post-33978","post","type-post","status-publish","format-standard","has-post-thumbnail","hentry","category-azrbaycan","category-xbrlr","category-siyast","post-author-jamnews","topic-azrbaycan","topic-azrbaycanda-muxalift","city-baki"],"acf":[],"yoast_head":"<!-- This site is optimized with the Yoast SEO plugin v24.1 - https:\/\/yoast.com\/wordpress\/plugins\/seo\/ -->\n<title>Az\u0259rbaycanda tan\u0131nm\u0131\u015f m\u00fcxalif\u0259t\u00e7i n\u00f6vb\u0259ti d\u0259f\u0259 a\u011f\u0131r c\u0259zaya m\u0259hkum olunub - JAMnews<\/title>\n<meta name=\"description\" content=\"Tofiq Yaqublu ciddi rejimli islah m\u00fc\u0259ssis\u0259sind\u0259 saxlanmaqla 4 il v\u0259 3 ay azadl\u0131qdan m\u0259hrumetm\u0259 c\u0259zas\u0131 al\u0131b, o, acl\u0131q aksiyas\u0131na ba\u015flay\u0131b\" \/>\n<meta name=\"robots\" content=\"index, follow, max-snippet:-1, max-image-preview:large, max-video-preview:-1\" \/>\n<link rel=\"canonical\" href=\"https:\/\/jam-news.net\/az\/tofiq-yaqublu-m\u0259hk\u0259m\u0259-q\u0259rari-x\u0259b\u0259rl\u0259r-az\u0259rbaycan\/\" \/>\n<meta property=\"og:locale\" content=\"az_AZ\" \/>\n<meta property=\"og:type\" content=\"article\" \/>\n<meta property=\"og:title\" content=\"Az\u0259rbaycanda tan\u0131nm\u0131\u015f m\u00fcxalif\u0259t\u00e7i n\u00f6vb\u0259ti d\u0259f\u0259 a\u011f\u0131r c\u0259zaya m\u0259hkum olunub - JAMnews\" \/>\n<meta property=\"og:description\" content=\"Tofiq Yaqublu ciddi rejimli islah m\u00fc\u0259ssis\u0259sind\u0259 saxlanmaqla 4 il v\u0259 3 ay azadl\u0131qdan m\u0259hrumetm\u0259 c\u0259zas\u0131 al\u0131b, o, acl\u0131q aksiyas\u0131na ba\u015flay\u0131b\" \/>\n<meta property=\"og:url\" content=\"https:\/\/jam-news.net\/az\/tofiq-yaqublu-m\u0259hk\u0259m\u0259-q\u0259rari-x\u0259b\u0259rl\u0259r-az\u0259rbaycan\/\" \/>\n<meta property=\"og:site_name\" content=\"Azerbaijani Jamnews\" \/>\n<meta property=\"article:publisher\" content=\"https:\/\/www.facebook.com\/JAMnewsInEnglish\/\" \/>\n<meta property=\"article:published_time\" content=\"2020-09-03T11:21:12+00:00\" \/>\n<meta property=\"article:modified_time\" content=\"2022-01-17T20:34:48+00:00\" \/>\n<meta property=\"og:image\" content=\"https:\/\/jam-news.net\/app\/uploads\/2020\/09\/118764442_122491779569822_5021094644937663275_o.jpg\" \/>\n\t<meta property=\"og:image:width\" content=\"1000\" \/>\n\t<meta property=\"og:image:height\" content=\"750\" \/>\n\t<meta property=\"og:image:type\" content=\"image\/jpeg\" \/>\n<meta name=\"author\" content=\"JAMnews\" \/>\n<meta name=\"twitter:card\" content=\"summary_large_image\" \/>\n<meta name=\"twitter:creator\" content=\"@JAMnewsCaucasus\" \/>\n<meta name=\"twitter:site\" content=\"@JAMnewsCaucasus\" \/>\n<meta name=\"twitter:label1\" content=\"Written by\" \/>\n\t<meta name=\"twitter:data1\" content=\"JAMnews\" \/>\n\t<meta name=\"twitter:label2\" content=\"Est. reading time\" \/>\n\t<meta name=\"twitter:data2\" content=\"2 minutes\" \/>\n<script type=\"application\/ld+json\" class=\"yoast-schema-graph\">{\"@context\":\"https:\/\/schema.org\",\"@graph\":[{\"@type\":\"Article\",\"@id\":\"https:\/\/jam-news.net\/az\/tofiq-yaqublu-m%c9%99hk%c9%99m%c9%99-q%c9%99rari-x%c9%99b%c9%99rl%c9%99r-az%c9%99rbaycan\/#article\",\"isPartOf\":{\"@id\":\"https:\/\/jam-news.net\/az\/tofiq-yaqublu-m%c9%99hk%c9%99m%c9%99-q%c9%99rari-x%c9%99b%c9%99rl%c9%99r-az%c9%99rbaycan\/\"},\"author\":{\"name\":\"JAMnews\",\"@id\":\"https:\/\/jam-news.net\/az\/#\/schema\/person\/67df3bb7adb46cd513fb9c4cb02361c6\"},\"headline\":\"Az\u0259rbaycanda tan\u0131nm\u0131\u015f m\u00fcxalif\u0259t\u00e7i n\u00f6vb\u0259ti d\u0259f\u0259 a\u011f\u0131r c\u0259zaya m\u0259hkum olunub\",\"datePublished\":\"2020-09-03T11:21:12+00:00\",\"dateModified\":\"2022-01-17T20:34:48+00:00\",\"mainEntityOfPage\":{\"@id\":\"https:\/\/jam-news.net\/az\/tofiq-yaqublu-m%c9%99hk%c9%99m%c9%99-q%c9%99rari-x%c9%99b%c9%99rl%c9%99r-az%c9%99rbaycan\/\"},\"wordCount\":471,\"publisher\":{\"@id\":\"https:\/\/jam-news.net\/az\/#organization\"},\"image\":{\"@id\":\"https:\/\/jam-news.net\/az\/tofiq-yaqublu-m%c9%99hk%c9%99m%c9%99-q%c9%99rari-x%c9%99b%c9%99rl%c9%99r-az%c9%99rbaycan\/#primaryimage\"},\"thumbnailUrl\":\"https:\/\/jam-news.net\/app\/uploads\/2020\/09\/118764442_122491779569822_5021094644937663275_o.jpg\",\"articleSection\":[\"Azerbaijan\",\"News\",\"Politics\"],\"inLanguage\":\"az\"},{\"@type\":\"WebPage\",\"@id\":\"https:\/\/jam-news.net\/az\/tofiq-yaqublu-m%c9%99hk%c9%99m%c9%99-q%c9%99rari-x%c9%99b%c9%99rl%c9%99r-az%c9%99rbaycan\/\",\"url\":\"https:\/\/jam-news.net\/az\/tofiq-yaqublu-m%c9%99hk%c9%99m%c9%99-q%c9%99rari-x%c9%99b%c9%99rl%c9%99r-az%c9%99rbaycan\/\",\"name\":\"Az\u0259rbaycanda tan\u0131nm\u0131\u015f m\u00fcxalif\u0259t\u00e7i n\u00f6vb\u0259ti d\u0259f\u0259 a\u011f\u0131r c\u0259zaya m\u0259hkum olunub - JAMnews\",\"isPartOf\":{\"@id\":\"https:\/\/jam-news.net\/az\/#website\"},\"primaryImageOfPage\":{\"@id\":\"https:\/\/jam-news.net\/az\/tofiq-yaqublu-m%c9%99hk%c9%99m%c9%99-q%c9%99rari-x%c9%99b%c9%99rl%c9%99r-az%c9%99rbaycan\/#primaryimage\"},\"image\":{\"@id\":\"https:\/\/jam-news.net\/az\/tofiq-yaqublu-m%c9%99hk%c9%99m%c9%99-q%c9%99rari-x%c9%99b%c9%99rl%c9%99r-az%c9%99rbaycan\/#primaryimage\"},\"thumbnailUrl\":\"https:\/\/jam-news.net\/app\/uploads\/2020\/09\/118764442_122491779569822_5021094644937663275_o.jpg\",\"datePublished\":\"2020-09-03T11:21:12+00:00\",\"dateModified\":\"2022-01-17T20:34:48+00:00\",\"description\":\"Tofiq Yaqublu ciddi rejimli islah m\u00fc\u0259ssis\u0259sind\u0259 saxlanmaqla 4 il v\u0259 3 ay azadl\u0131qdan m\u0259hrumetm\u0259 c\u0259zas\u0131 al\u0131b, o, acl\u0131q aksiyas\u0131na ba\u015flay\u0131b\",\"breadcrumb\":{\"@id\":\"https:\/\/jam-news.net\/az\/tofiq-yaqublu-m%c9%99hk%c9%99m%c9%99-q%c9%99rari-x%c9%99b%c9%99rl%c9%99r-az%c9%99rbaycan\/#breadcrumb\"},\"inLanguage\":\"az\",\"potentialAction\":[{\"@type\":\"ReadAction\",\"target\":[\"https:\/\/jam-news.net\/az\/tofiq-yaqublu-m%c9%99hk%c9%99m%c9%99-q%c9%99rari-x%c9%99b%c9%99rl%c9%99r-az%c9%99rbaycan\/\"]}]},{\"@type\":\"ImageObject\",\"inLanguage\":\"az\",\"@id\":\"https:\/\/jam-news.net\/az\/tofiq-yaqublu-m%c9%99hk%c9%99m%c9%99-q%c9%99rari-x%c9%99b%c9%99rl%c9%99r-az%c9%99rbaycan\/#primaryimage\",\"url\":\"https:\/\/jam-news.net\/app\/uploads\/2020\/09\/118764442_122491779569822_5021094644937663275_o.jpg\",\"contentUrl\":\"https:\/\/jam-news.net\/app\/uploads\/2020\/09\/118764442_122491779569822_5021094644937663275_o.jpg\",\"width\":1000,\"height\":750},{\"@type\":\"BreadcrumbList\",\"@id\":\"https:\/\/jam-news.net\/az\/tofiq-yaqublu-m%c9%99hk%c9%99m%c9%99-q%c9%99rari-x%c9%99b%c9%99rl%c9%99r-az%c9%99rbaycan\/#breadcrumb\",\"itemListElement\":[{\"@type\":\"ListItem\",\"position\":1,\"name\":\"Home\",\"item\":\"https:\/\/jam-news.net\/az\/\"},{\"@type\":\"ListItem\",\"position\":2,\"name\":\"Az\u0259rbaycanda tan\u0131nm\u0131\u015f m\u00fcxalif\u0259t\u00e7i n\u00f6vb\u0259ti d\u0259f\u0259 a\u011f\u0131r c\u0259zaya m\u0259hkum olunub\"}]},{\"@type\":\"WebSite\",\"@id\":\"https:\/\/jam-news.net\/az\/#website\",\"url\":\"https:\/\/jam-news.net\/az\/\",\"name\":\"Azerbaijani Jamnews\",\"description\":\"Caucasus News, Politics and Society\",\"publisher\":{\"@id\":\"https:\/\/jam-news.net\/az\/#organization\"},\"potentialAction\":[{\"@type\":\"SearchAction\",\"target\":{\"@type\":\"EntryPoint\",\"urlTemplate\":\"https:\/\/jam-news.net\/az\/?s={search_term_string}\"},\"query-input\":{\"@type\":\"PropertyValueSpecification\",\"valueRequired\":true,\"valueName\":\"search_term_string\"}}],\"inLanguage\":\"az\"},{\"@type\":\"Organization\",\"@id\":\"https:\/\/jam-news.net\/az\/#organization\",\"name\":\"JAMnews\",\"url\":\"https:\/\/jam-news.net\/az\/\",\"logo\":{\"@type\":\"ImageObject\",\"inLanguage\":\"az\",\"@id\":\"https:\/\/jam-news.net\/az\/#\/schema\/logo\/image\/\",\"url\":\"https:\/\/jam-news.net\/app\/uploads\/2020\/05\/JAM_w.jpg\",\"contentUrl\":\"https:\/\/jam-news.net\/app\/uploads\/2020\/05\/JAM_w.jpg\",\"width\":960,\"height\":960,\"caption\":\"JAMnews\"},\"image\":{\"@id\":\"https:\/\/jam-news.net\/az\/#\/schema\/logo\/image\/\"},\"sameAs\":[\"https:\/\/www.facebook.com\/JAMnewsInEnglish\/\",\"https:\/\/x.com\/JAMnewsCaucasus\",\"https:\/\/www.instagram.com\/jam_news\/\",\"https:\/\/www.youtube.com\/channel\/UCXQbUCme2pykuZYXWHx4VPg\"]},{\"@type\":\"Person\",\"@id\":\"https:\/\/jam-news.net\/az\/#\/schema\/person\/67df3bb7adb46cd513fb9c4cb02361c6\",\"name\":\"JAMnews\",\"image\":{\"@type\":\"ImageObject\",\"inLanguage\":\"az\",\"@id\":\"https:\/\/jam-news.net\/az\/#\/schema\/person\/image\/\",\"url\":\"https:\/\/secure.gravatar.com\/avatar\/e5c27593ef900c3ab3deed4ed1c653d7?s=96&d=mm&r=g\",\"contentUrl\":\"https:\/\/secure.gravatar.com\/avatar\/e5c27593ef900c3ab3deed4ed1c653d7?s=96&d=mm&r=g\",\"caption\":\"JAMnews\"},\"url\":\"https:\/\/jam-news.net\/az\/author\/margarita\/\"}]}<\/script>\n<!-- \/ Yoast SEO plugin. -->","yoast_head_json":{"title":"Az\u0259rbaycanda tan\u0131nm\u0131\u015f m\u00fcxalif\u0259t\u00e7i n\u00f6vb\u0259ti d\u0259f\u0259 a\u011f\u0131r c\u0259zaya m\u0259hkum olunub - JAMnews","description":"Tofiq Yaqublu ciddi rejimli islah m\u00fc\u0259ssis\u0259sind\u0259 saxlanmaqla 4 il v\u0259 3 ay azadl\u0131qdan m\u0259hrumetm\u0259 c\u0259zas\u0131 al\u0131b, o, acl\u0131q aksiyas\u0131na ba\u015flay\u0131b","robots":{"index":"index","follow":"follow","max-snippet":"max-snippet:-1","max-image-preview":"max-image-preview:large","max-video-preview":"max-video-preview:-1"},"canonical":"https:\/\/jam-news.net\/az\/tofiq-yaqublu-m\u0259hk\u0259m\u0259-q\u0259rari-x\u0259b\u0259rl\u0259r-az\u0259rbaycan\/","og_locale":"az_AZ","og_type":"article","og_title":"Az\u0259rbaycanda tan\u0131nm\u0131\u015f m\u00fcxalif\u0259t\u00e7i n\u00f6vb\u0259ti d\u0259f\u0259 a\u011f\u0131r c\u0259zaya m\u0259hkum olunub - JAMnews","og_description":"Tofiq Yaqublu ciddi rejimli islah m\u00fc\u0259ssis\u0259sind\u0259 saxlanmaqla 4 il v\u0259 3 ay azadl\u0131qdan m\u0259hrumetm\u0259 c\u0259zas\u0131 al\u0131b, o, acl\u0131q aksiyas\u0131na ba\u015flay\u0131b","og_url":"https:\/\/jam-news.net\/az\/tofiq-yaqublu-m\u0259hk\u0259m\u0259-q\u0259rari-x\u0259b\u0259rl\u0259r-az\u0259rbaycan\/","og_site_name":"Azerbaijani Jamnews","article_publisher":"https:\/\/www.facebook.com\/JAMnewsInEnglish\/","article_published_time":"2020-09-03T11:21:12+00:00","article_modified_time":"2022-01-17T20:34:48+00:00","og_image":[{"width":1000,"height":750,"url":"https:\/\/jam-news.net\/app\/uploads\/2020\/09\/118764442_122491779569822_5021094644937663275_o.jpg","type":"image\/jpeg"}],"author":"JAMnews","twitter_card":"summary_large_image","twitter_creator":"@JAMnewsCaucasus","twitter_site":"@JAMnewsCaucasus","twitter_misc":{"Written by":"JAMnews","Est. reading time":"2 minutes"},"schema":{"@context":"https:\/\/schema.org","@graph":[{"@type":"Article","@id":"https:\/\/jam-news.net\/az\/tofiq-yaqublu-m%c9%99hk%c9%99m%c9%99-q%c9%99rari-x%c9%99b%c9%99rl%c9%99r-az%c9%99rbaycan\/#article","isPartOf":{"@id":"https:\/\/jam-news.net\/az\/tofiq-yaqublu-m%c9%99hk%c9%99m%c9%99-q%c9%99rari-x%c9%99b%c9%99rl%c9%99r-az%c9%99rbaycan\/"},"author":{"name":"JAMnews","@id":"https:\/\/jam-news.net\/az\/#\/schema\/person\/67df3bb7adb46cd513fb9c4cb02361c6"},"headline":"Az\u0259rbaycanda tan\u0131nm\u0131\u015f m\u00fcxalif\u0259t\u00e7i n\u00f6vb\u0259ti d\u0259f\u0259 a\u011f\u0131r c\u0259zaya m\u0259hkum olunub","datePublished":"2020-09-03T11:21:12+00:00","dateModified":"2022-01-17T20:34:48+00:00","mainEntityOfPage":{"@id":"https:\/\/jam-news.net\/az\/tofiq-yaqublu-m%c9%99hk%c9%99m%c9%99-q%c9%99rari-x%c9%99b%c9%99rl%c9%99r-az%c9%99rbaycan\/"},"wordCount":471,"publisher":{"@id":"https:\/\/jam-news.net\/az\/#organization"},"image":{"@id":"https:\/\/jam-news.net\/az\/tofiq-yaqublu-m%c9%99hk%c9%99m%c9%99-q%c9%99rari-x%c9%99b%c9%99rl%c9%99r-az%c9%99rbaycan\/#primaryimage"},"thumbnailUrl":"https:\/\/jam-news.net\/app\/uploads\/2020\/09\/118764442_122491779569822_5021094644937663275_o.jpg","articleSection":["Azerbaijan","News","Politics"],"inLanguage":"az"},{"@type":"WebPage","@id":"https:\/\/jam-news.net\/az\/tofiq-yaqublu-m%c9%99hk%c9%99m%c9%99-q%c9%99rari-x%c9%99b%c9%99rl%c9%99r-az%c9%99rbaycan\/","url":"https:\/\/jam-news.net\/az\/tofiq-yaqublu-m%c9%99hk%c9%99m%c9%99-q%c9%99rari-x%c9%99b%c9%99rl%c9%99r-az%c9%99rbaycan\/","name":"Az\u0259rbaycanda tan\u0131nm\u0131\u015f m\u00fcxalif\u0259t\u00e7i n\u00f6vb\u0259ti d\u0259f\u0259 a\u011f\u0131r c\u0259zaya m\u0259hkum olunub - JAMnews","isPartOf":{"@id":"https:\/\/jam-news.net\/az\/#website"},"primaryImageOfPage":{"@id":"https:\/\/jam-news.net\/az\/tofiq-yaqublu-m%c9%99hk%c9%99m%c9%99-q%c9%99rari-x%c9%99b%c9%99rl%c9%99r-az%c9%99rbaycan\/#primaryimage"},"image":{"@id":"https:\/\/jam-news.net\/az\/tofiq-yaqublu-m%c9%99hk%c9%99m%c9%99-q%c9%99rari-x%c9%99b%c9%99rl%c9%99r-az%c9%99rbaycan\/#primaryimage"},"thumbnailUrl":"https:\/\/jam-news.net\/app\/uploads\/2020\/09\/118764442_122491779569822_5021094644937663275_o.jpg","datePublished":"2020-09-03T11:21:12+00:00","dateModified":"2022-01-17T20:34:48+00:00","description":"Tofiq Yaqublu ciddi rejimli islah m\u00fc\u0259ssis\u0259sind\u0259 saxlanmaqla 4 il v\u0259 3 ay azadl\u0131qdan m\u0259hrumetm\u0259 c\u0259zas\u0131 al\u0131b, o, acl\u0131q aksiyas\u0131na ba\u015flay\u0131b","breadcrumb":{"@id":"https:\/\/jam-news.net\/az\/tofiq-yaqublu-m%c9%99hk%c9%99m%c9%99-q%c9%99rari-x%c9%99b%c9%99rl%c9%99r-az%c9%99rbaycan\/#breadcrumb"},"inLanguage":"az","potentialAction":[{"@type":"ReadAction","target":["https:\/\/jam-news.net\/az\/tofiq-yaqublu-m%c9%99hk%c9%99m%c9%99-q%c9%99rari-x%c9%99b%c9%99rl%c9%99r-az%c9%99rbaycan\/"]}]},{"@type":"ImageObject","inLanguage":"az","@id":"https:\/\/jam-news.net\/az\/tofiq-yaqublu-m%c9%99hk%c9%99m%c9%99-q%c9%99rari-x%c9%99b%c9%99rl%c9%99r-az%c9%99rbaycan\/#primaryimage","url":"https:\/\/jam-news.net\/app\/uploads\/2020\/09\/118764442_122491779569822_5021094644937663275_o.jpg","contentUrl":"https:\/\/jam-news.net\/app\/uploads\/2020\/09\/118764442_122491779569822_5021094644937663275_o.jpg","width":1000,"height":750},{"@type":"BreadcrumbList","@id":"https:\/\/jam-news.net\/az\/tofiq-yaqublu-m%c9%99hk%c9%99m%c9%99-q%c9%99rari-x%c9%99b%c9%99rl%c9%99r-az%c9%99rbaycan\/#breadcrumb","itemListElement":[{"@type":"ListItem","position":1,"name":"Home","item":"https:\/\/jam-news.net\/az\/"},{"@type":"ListItem","position":2,"name":"Az\u0259rbaycanda tan\u0131nm\u0131\u015f m\u00fcxalif\u0259t\u00e7i n\u00f6vb\u0259ti d\u0259f\u0259 a\u011f\u0131r c\u0259zaya m\u0259hkum olunub"}]},{"@type":"WebSite","@id":"https:\/\/jam-news.net\/az\/#website","url":"https:\/\/jam-news.net\/az\/","name":"Azerbaijani Jamnews","description":"Caucasus News, Politics and Society","publisher":{"@id":"https:\/\/jam-news.net\/az\/#organization"},"potentialAction":[{"@type":"SearchAction","target":{"@type":"EntryPoint","urlTemplate":"https:\/\/jam-news.net\/az\/?s={search_term_string}"},"query-input":{"@type":"PropertyValueSpecification","valueRequired":true,"valueName":"search_term_string"}}],"inLanguage":"az"},{"@type":"Organization","@id":"https:\/\/jam-news.net\/az\/#organization","name":"JAMnews","url":"https:\/\/jam-news.net\/az\/","logo":{"@type":"ImageObject","inLanguage":"az","@id":"https:\/\/jam-news.net\/az\/#\/schema\/logo\/image\/","url":"https:\/\/jam-news.net\/app\/uploads\/2020\/05\/JAM_w.jpg","contentUrl":"https:\/\/jam-news.net\/app\/uploads\/2020\/05\/JAM_w.jpg","width":960,"height":960,"caption":"JAMnews"},"image":{"@id":"https:\/\/jam-news.net\/az\/#\/schema\/logo\/image\/"},"sameAs":["https:\/\/www.facebook.com\/JAMnewsInEnglish\/","https:\/\/x.com\/JAMnewsCaucasus","https:\/\/www.instagram.com\/jam_news\/","https:\/\/www.youtube.com\/channel\/UCXQbUCme2pykuZYXWHx4VPg"]},{"@type":"Person","@id":"https:\/\/jam-news.net\/az\/#\/schema\/person\/67df3bb7adb46cd513fb9c4cb02361c6","name":"JAMnews","image":{"@type":"ImageObject","inLanguage":"az","@id":"https:\/\/jam-news.net\/az\/#\/schema\/person\/image\/","url":"https:\/\/secure.gravatar.com\/avatar\/e5c27593ef900c3ab3deed4ed1c653d7?s=96&d=mm&r=g","contentUrl":"https:\/\/secure.gravatar.com\/avatar\/e5c27593ef900c3ab3deed4ed1c653d7?s=96&d=mm&r=g","caption":"JAMnews"},"url":"https:\/\/jam-news.net\/az\/author\/margarita\/"}]}},"_links":{"self":[{"href":"https:\/\/jam-news.net\/az\/wp-json\/wp\/v2\/posts\/33978","targetHints":{"allow":["GET"]}}],"collection":[{"href":"https:\/\/jam-news.net\/az\/wp-json\/wp\/v2\/posts"}],"about":[{"href":"https:\/\/jam-news.net\/az\/wp-json\/wp\/v2\/types\/post"}],"author":[{"embeddable":true,"href":"https:\/\/jam-news.net\/az\/wp-json\/wp\/v2\/users\/3"}],"replies":[{"embeddable":true,"href":"https:\/\/jam-news.net\/az\/wp-json\/wp\/v2\/comments?post=33978"}],"version-history":[{"count":2,"href":"https:\/\/jam-news.net\/az\/wp-json\/wp\/v2\/posts\/33978\/revisions"}],"predecessor-version":[{"id":33990,"href":"https:\/\/jam-news.net\/az\/wp-json\/wp\/v2\/posts\/33978\/revisions\/33990"}],"wp:featuredmedia":[{"embeddable":true,"href":"https:\/\/jam-news.net\/az\/wp-json\/wp\/v2\/media\/33973"}],"wp:attachment":[{"href":"https:\/\/jam-news.net\/az\/wp-json\/wp\/v2\/media?parent=33978"}],"wp:term":[{"taxonomy":"category","embeddable":true,"href":"https:\/\/jam-news.net\/az\/wp-json\/wp\/v2\/categories?post=33978"},{"taxonomy":"post_tag","embeddable":true,"href":"https:\/\/jam-news.net\/az\/wp-json\/wp\/v2\/tags?post=33978"},{"taxonomy":"formation","embeddable":true,"href":"https:\/\/jam-news.net\/az\/wp-json\/wp\/v2\/formation?post=33978"},{"taxonomy":"post-author","embeddable":true,"href":"https:\/\/jam-news.net\/az\/wp-json\/wp\/v2\/post-author?post=33978"},{"taxonomy":"topic","embeddable":true,"href":"https:\/\/jam-news.net\/az\/wp-json\/wp\/v2\/topic?post=33978"},{"taxonomy":"tooltip","embeddable":true,"href":"https:\/\/jam-news.net\/az\/wp-json\/wp\/v2\/tooltip?post=33978"},{"taxonomy":"city","embeddable":true,"href":"https:\/\/jam-news.net\/az\/wp-json\/wp\/v2\/city?post=33978"}],"curies":[{"name":"wp","href":"https:\/\/api.w.org\/{rel}","templated":true}]}}