{"id":3385,"date":"2016-06-24T00:00:00","date_gmt":"2016-06-24T00:00:00","guid":{"rendered":"http:\/\/jam-news.net\/az\/breksit-gurcustanin-reaksiyasi\/"},"modified":"2022-01-18T01:21:27","modified_gmt":"2022-01-17T21:21:27","slug":"breksit-gurcustanin-reaksiyasi","status":"publish","type":"post","link":"https:\/\/jam-news.net\/az\/breksit-gurcustanin-reaksiyasi\/","title":{"rendered":"Breksit: G\u00fcrc\u00fcstan\u0131n reaksiyas\u0131"},"content":{"rendered":"<p>&nbsp;<\/p>\n<p><span style=\"font-size: 12pt;\">Yax\u0131n zamanlarda Avropa \u0130ttifaq\u0131ndan vizas\u0131z rejiml\u0259 ba\u011fl\u0131 cavab g&ouml;zl\u0259y\u0259n G&uuml;rc&uuml;stan &uuml;&ccedil;&uuml;n B&ouml;y&uuml;k Britaniyan\u0131n Avropa \u0130ttifaq\u0131n\u0131 t\u0259rk etm\u0259k haqda q\u0259rar\u0131 x&uuml;susil\u0259 aktuald\u0131r. \u0130yunun 23-d\u0259 ke&ccedil;iril\u0259n referendum zaman\u0131 britaniyal\u0131lar A\u0130-d\u0259n &ccedil;\u0131xma\u011f\u0131n leyhin\u0259 s\u0259s verdil\u0259r. <\/span><\/p>\n<p><span style=\"font-size: 12pt;\">Tbilisid\u0259 bu haqda n\u0259 deyirl\u0259r? <\/p>\n<p><\/span><span style=\"font-size: 12pt;\"><span style=\"color: #993300;\"><strong><span style=\"font-size: 14pt;\">Eksperl\u0259rin v\u0259 siyas\u0259t&ccedil;il\u0259rin fikri<\/span> <\/strong><\/span><\/p>\n<p><\/span><span style=\"font-size: 12pt;\"><span style=\"font-size: 14pt;\"><strong><span style=\"color: #000000;\">\u2028\u2028Qiya Nodia, politoloq:<br \/><\/span><\/strong><\/span><br \/>Q\u0131sa m&uuml;dd\u0259tli perspektivd\u0259 Britaniya referendumunun n\u0259tic\u0259l\u0259ri G&uuml;rc&uuml;stan &uuml;&ccedil;&uuml;n arzu edil\u0259n deyil: Avropa \u0130ttifaq\u0131 \u015fok v\u0259ziyy\u0259tind\u0259dir v\u0259 indi ba\u015fqalar\u0131na s\u0259rf etm\u0259y\u0259 vaxt\u0131 yoxdur.<br \/><\/span><\/p>\n<p><span style=\"font-size: 12pt;\">G&uuml;rc&uuml;stan B&ouml;y&uuml;k Britaniyadan f\u0259rqli olaraq (amma dig\u0259r qit\u0259 mill\u0259tl\u0259ri kimi), avroskeptik ilk n&ouml;vb\u0259d\u0259 Rusiya t\u0259r\u0259fdar\u0131d\u0131r, buna g&ouml;r\u0259 d\u0259 sonuncular\u0131n \u0259lin\u0259 m&ouml;vzu d&uuml;\u015f\u0259c\u0259k. Bundan ba\u015fqa, q\u0131sa m&uuml;dd\u0259tli perspektivd\u0259 Rusiya udu\u015fdad\u0131r, &ccedil;&uuml;nki Avropa \u0130ttifaq\u0131n\u0131n z\u0259ifl\u0259m\u0259si avtomatik Rusiyan\u0131n xeyrin\u0259 oynay\u0131r (onu uzun m&uuml;dd\u0259tli perspektivd\u0259 m&ouml;hk\u0259ml\u0259ndirib-m&ouml;hk\u0259ml\u0259ndirm\u0259m\u0259si is\u0259 ba\u015fqa m\u0259s\u0259l\u0259dir).<\/span><\/p>\n<p><span style=\"font-size: 12pt;\">Amma buna daha geni\u015f v\u0259 f\u0259ls\u0259fi n\u0259z\u0259r yetirs\u0259k g&ouml;r\u0259rik ki, bu, k&uuml;tl\u0259l\u0259rin elitalar &uuml;z\u0259rind\u0259 b&ouml;y&uuml;k q\u0259l\u0259b\u0259sidir: Brexit Britaniya elitalar\u0131n\u0131n konsensusu il\u0259 m&uuml;bariz\u0259d\u0259 udub. Eyni tendensiya Atlantika okean\u0131n\u0131n h\u0259r iki sahilind\u0259, apar\u0131c\u0131 Q\u0259rb demokratiyalar\u0131nda m&uuml;\u015fahid\u0259 olunur (misal &uuml;&ccedil;&uuml;n, Tramp v\u0259 Sanders fenomenl\u0259ri d\u0259 k&uuml;tl\u0259 qiyam\u0131n\u0131n ifad\u0259sidir). M\u0259hz buna g&ouml;r\u0259 d\u0259 b&uuml;t&uuml;n bunlar Avropa \u0130ttifaq\u0131 layih\u0259si &uuml;&ccedil;&uuml;n t\u0259hl&uuml;k\u0259dir, &ccedil;&uuml;nki bu layih\u0259 \u0259vv\u0259lc\u0259d\u0259n h\u0259min elitalar\u0131n k&uuml;tl\u0259l\u0259r\u0259 qar\u015f\u0131 layih\u0259sidir.<\/span><\/p>\n<p><span style=\"font-size: 14pt;\"><strong><span style=\"color: #000000;\">Salome Zurabi\u015fvili, G&uuml;rc&uuml;stan\u0131n ke&ccedil;mi\u015f xarici i\u015fl\u0259r naziri:<\/span><\/strong><\/span><\/p>\n<p><span style=\"font-size: 12pt;\">B&ouml;y&uuml;k Britaniya Avropan\u0131 t\u0259rk edir! Maliyy\u0259 itkisi g&ouml;z qaba\u011f\u0131ndad\u0131r. Amma \u0259sas olan ba\u015fqa \u015feydir: bu, eqoizm, d&uuml;\u015f&uuml;nc\u0259sizlik, m\u0259hdud t\u0259f\u0259kk&uuml;r, qorxu v\u0259 d&ouml;z&uuml;ms&uuml;zl&uuml;y&uuml;n q\u0259l\u0259b\u0259sidir&#8230; Ke&ccedil;mi\u015f\u0259 qay\u0131tmaqla, g\u0259l\u0259c\u0259yin &ccedil;a\u011f\u0131r\u0131\u015flar\u0131na g&ouml;z yummaqla v\u0259 oz&uuml;n&uuml; h\u0259r \u015feyd\u0259n t\u0259crid etm\u0259kl\u0259 qlobal t\u0259hdidl\u0259rd\u0259n qorunma\u011f\u0131n m&uuml;mk&uuml;n oldu\u011funu d&uuml;\u015f&uuml;n\u0259nl\u0259rin q\u0259l\u0259b\u0259sidir. Onlar b&ouml;y&uuml;k s\u0259hv\u0259 yol verirl\u0259r. Bu g&uuml;n B&ouml;y&uuml;k Britaniya g\u0259l\u0259c\u0259yin &ldquo;g&ouml;zl\u0259rinin i&ccedil;in\u0259 baxma\u011f\u0131 bacarmay\u0131b, g\u0259l\u0259c\u0259kd\u0259n imtina etdi. B&ouml;y&uuml;k Britaniya yenid\u0259n adaya d&ouml;nd&uuml;.&nbsp;<\/span><\/p>\n<p><span style=\"font-size: 14pt;\"><strong><span style=\"color: #000000;\">Elene Xo\u015ftariya, &ldquo;Vahid milli h\u0259r\u0259kat:<\/span><\/strong><\/span><\/p>\n<p><span style=\"font-size: 12pt;\">\u015e&uuml;bh\u0259siz ki, Brexit konkret v\u0259 &ccedil;ox g&uuml;man ki, xo\u015f olmayan d\u0259yi\u015fiklikl\u0259r\u0259 s\u0259b\u0259b olacaq, Rusiya da ba\u015f ver\u0259nl\u0259ri Avropan\u0131n z\u0259ifliyi kimi q\u0259l\u0259m\u0259 verm\u0259y\u0259 &ccedil;al\u0131\u015facaq.<\/span><\/p>\n<p><span style=\"font-size: 12pt;\">Mill\u0259t&ccedil;il\u0259rin d\u0259 bundan istifad\u0259 ed\u0259c\u0259yi ayd\u0131nd\u0131r. <br \/><\/span><br \/><span style=\"font-size: 12pt;\">Amma:<br \/><\/span><\/p>\n<ul>\n<li><span style=\"font-size: 12pt;\">B&ouml;y&uuml;k Britaniya Avropa \u0130ttifaq\u0131 tarixind\u0259 spesifik bir hald\u0131r. O, ancaq 1973-c&uuml; ild\u0259 bu quruma &uuml;zv olub v\u0259 bir s\u0131ra inteqrasiya prosesl\u0259rind\u0259 i\u015ftirak etm\u0259yib (vahid valyutan\u0131 q\u0259bul etm\u0259yib v\u0259 \u015eengen zonas\u0131na daxil olmay\u0131b).<\/span>&nbsp;\n<\/li>\n<li><span style=\"font-size: 12pt;\">Brexit-i arxas\u0131nda radikal mill\u0259t&ccedil;il\u0259rin durdu\u011fu \u015f&uuml;ursuz anti-Avropa prosesi hesab etm\u0259k olmaz. Bu, apar\u0131c\u0131 partiya v\u0259 siyas\u0259t&ccedil;il\u0259rin iqtisadiyyat, s\u0259rmay\u0259l\u0259r, miqrasiya kimi &ccedil;ox praqmatik m\u0259s\u0259l\u0259l\u0259r &uuml;zr\u0259 ciddi m&uuml;zakir\u0259l\u0259rinin n\u0259tic\u0259sidir.<\/span>&nbsp;\n<\/li>\n<li><span style=\"font-size: 12pt;\">Avropa \u0130ttifaq\u0131ndan &ccedil;\u0131xmaqla ba\u011fl\u0131 q\u0259rar q\u0259bul etm\u0259kl\u0259 B&ouml;y&uuml;k Britaniya Avropa d\u0259y\u0259rl\u0259rini sual alt\u0131na qoymur v\u0259 Rusiyaya qar\u015f\u0131 m&uuml;nasib\u0259tini d\u0259yi\u015fm\u0259y\u0259 can atm\u0131r (Fransa v\u0259 Avropan\u0131n dig\u0259r &ouml;lk\u0259l\u0259rind\u0259 b\u0259zi milli meyilli q&uuml;vv\u0259l\u0259rd\u0259 oldu\u011fu kimi).<br \/><\/span><\/li>\n<li><span style=\"font-size: 12pt;\">&nbsp;<\/span><span style=\"font-size: 12pt;\">Avropa \u0130ttifaq\u0131 &uuml;&ccedil;&uuml;n B&ouml;y&uuml;k Britan\u0131yan\u0131n &ccedil;\u0131xmas\u0131 h\u0259dd\u0259n ziyad\u0259 b&uuml;rokratiya v\u0259 requlyasiyalarla ba\u011fl\u0131 siqnal olmal\u0131d\u0131r.<\/span><\/li>\n<\/ul>\n<p><span style=\"font-size: 14pt;\">&nbsp;<strong><span style=\"color: #000000;\">G&uuml;rc&uuml;stan\u0131n B&ouml;y&uuml;k Britaniyada ke&ccedil;mi\u015f s\u0259firi Giorgi Badridze:<\/span><\/strong><\/span><\/p>\n<p><span style=\"font-size: 12pt;\">He&ccedil; bir z\u0259man\u0259t yoxdur ki, Avropa \u0130ttifaq\u0131ndan &ccedil;\u0131xmaqla v\u0259 Avropa requlyasiyalar\u0131ndan imtina etm\u0259kl\u0259, B&ouml;y&uuml;k Britaniya &uuml;mid etdiyi &uuml;st&uuml;nl&uuml;kl\u0259ri ala bil\u0259c\u0259k. <br \/><\/span><br \/><span style=\"font-size: 12pt;\">Avropa \u0130ttifaq\u0131na g\u0259linc\u0259, probleml\u0259r h\u0259mi\u015f\u0259 oldu\u011fu kimi, &ouml;zl\u0259ri il\u0259 konkret imkanlar da g\u0259tirir v\u0259 A\u0130-nin onlardan istifad\u0259 etm\u0259k \u015fans\u0131 var. Avropa \u0130ttifaq\u0131 bunu islahatlara ba\u015flamaq &uuml;&ccedil;&uuml;n ciddi siqnal kimi q\u0259bul ed\u0259 bil\u0259r. \u018fks halda A\u0130 Britaniyas\u0131z xeyli daha z\u0259if olacaq. V\u0259 radikal islahatlara getm\u0259s\u0259, bundan udan yegan\u0259 t\u0259r\u0259f Rusiya olacaq. Rusiyaya indi z\u0259if B&ouml;y&uuml;k Britaniya v\u0259 z\u0259if Avropa \u0130ttifaq\u0131 &ccedil;ox laz\u0131md\u0131r. <\/span><br \/><span style=\"font-size: 12pt;\">G&uuml;rc&uuml;stana g\u0259linc\u0259, Britaniyan\u0131n A\u0130-d\u0259n &ccedil;\u0131xmas\u0131 il\u0259 G&uuml;rc&uuml;stan bu qurumdak\u0131 vacib t\u0259r\u0259fdar\u0131n\u0131 itirdi.<\/span><\/p>\n<p style=\"text-align: center;\"><span style=\"color: #800000;\">&nbsp;<strong><span style=\"font-size: 14pt;\">&ldquo;Facebookda bu haqda n\u0259 deyirl\u0259r?<\/span><\/strong><\/span><\/p>\n<p><span style=\"font-size: 12pt;\">&nbsp;&ldquo;Biz ba\u015fqa bir d&ouml;vrd\u0259 oyand\u0131q, &ndash; bu g&uuml;n g&uuml;rc&uuml; &ldquo;Facebookunda yaz\u0131rlar.<\/span><\/p>\n<p><span style=\"font-size: 12pt;\">&nbsp;#brexit he\u015fteqi g&uuml;rc&uuml; sosial \u015f\u0259b\u0259k\u0259l\u0259rind\u0259 g&ouml;zl\u0259nil\u0259n \u015f\u0259kild\u0259 populyar oldu.<\/span><\/p>\n<p style=\"text-align: center;\">&nbsp;<br \/><span style=\"color: #800000;\"><strong><span style=\"font-size: 14pt;\">Birinci trend: &ldquo;B\u0259lk\u0259 he&ccedil; olmasa indi Avropa a\u011fl\u0131n\u0131 ba\u015f\u0131na y\u0131\u011fd\u0131<\/span><\/strong><\/span><\/p>\n<p><span style=\"font-size: 12pt;\">&nbsp;&ldquo;Bu, Merkel v\u0259 Avropa m\u0259murlar\u0131 &#8211; Avropa \u0130ttifaq\u0131 ideyas\u0131na, qurumun qat\u0131 d&uuml;\u015fm\u0259nl\u0259rind\u0259n daha &ccedil;ox z\u0259r\u0259r yetir\u0259n har\u0131nlam\u0131\u015f b&uuml;rokratlar &uuml;&ccedil;&uuml;n soyuq du\u015fdur.<\/span><\/p>\n<p><span style=\"font-size: 12pt;\">&ldquo;Bu c&uuml;r siyas\u0259t v\u0259 b&uuml;rokratiya il\u0259 Avropa \u0130ttifaq\u0131n\u0131n onsuz da perspektivi yoxuydu. &Uuml;mid edir\u0259m ki, indi a\u011f\u0131llar\u0131n\u0131 ba\u015flar\u0131na y\u0131\u011f\u0131b, n\u0259l\u0259ris\u0259 d\u0259yi\u015fm\u0259y\u0259 &ccedil;al\u0131\u015facaqlar.&nbsp;<\/span><\/p>\n<p><span style=\"font-size: 12pt;\">&ldquo;Buna pozitiv yana\u015faq, b\u0259lk\u0259 Avropa \u0130ttifaq\u0131nda bir m&uuml;dd\u0259tlik d\u0259 olsa xiyar\u0131n &ouml;l&ccedil;&uuml;l\u0259rinin requlyasiya m\u0259s\u0259l\u0259sini unutsunlar.<\/span><\/p>\n<p><span style=\"font-size: 12pt;\">&ldquo;Biz Avropa \u0130ttifaq\u0131na &uuml;zv olana q\u0259d\u0259r orada ancaq Moldova v\u0259 Ukrayna qalacaq. El\u0259 bir-birimiz\u0259 d\u0259 vizas\u0131z qonaq ged\u0259rik.&nbsp;<\/span><\/p>\n<p><span style=\"font-size: 12pt;\">&ldquo;Avropa \u0130ttifaq\u0131 b&uuml;rokratiyad\u0131r!<br \/><\/span><br \/><span style=\"font-size: 12pt;\">&ldquo;Britaniyal\u0131lar d&uuml;nya bazar iqtisadiyyat\u0131n\u0131n banil\u0259ridir. Buna g&ouml;r\u0259 d\u0259 burada avropal\u0131lar\u0131n b&uuml;rokratik sosial sistemi ya\u015famad\u0131. <br \/><\/span><br \/><span style=\"font-size: 12pt;\">&ldquo;Avropa, &ouml;z&uuml;n\u0259 g\u0259l! Bel\u0259 Avropa \u0130ttifaq\u0131n\u0131n bu siyas\u0259ti il\u0259 Rusiya asanl\u0131qla G&uuml;rc&uuml;stan v\u0259 Ukraynan\u0131 udacaq, T&uuml;rkiy\u0259 is\u0259 islam d&ouml;vl\u0259tin\u0259 &ccedil;evril\u0259c\u0259k. <\/span><\/p>\n<p style=\"text-align: center;\"><strong><span style=\"font-size: 12pt; color: #800000;\"><span style=\"font-size: 14pt;\">\u0130kinci trend: &ldquo;Avroskeptikl\u0259rin say\u0131 artacaq, bundan udan is\u0259 Rusiya olacaq<\/span><\/span><\/strong><\/p>\n<p><span style=\"font-size: 12pt;\">&nbsp;&ldquo;Bax, indi Avropa \u0130ttifaq\u0131nda uzun m&uuml;dd\u0259t G&uuml;rc&uuml;stan kimi &ouml;lk\u0259l\u0259r olmayacaq. Onlara \u015fokdan ay\u0131lmaq &uuml;&ccedil;&uuml;n h\u0259l\u0259 ill\u0259r laz\u0131md\u0131r.&nbsp;<\/span><\/p>\n<p><span style=\"font-size: 12pt;\">&ldquo;\u0130ndi ba\u015flanacaq: budur sizin Avropa \u0130ttifaq\u0131n\u0131z? O h\u0259tta britaniyal\u0131lara da laz\u0131m deyil&#8230;<\/span><\/p>\n<p><span style=\"font-size: 12pt;\">&nbsp;&ldquo;\u0130ndi Rusiya &ouml;z&uuml;n&uuml; daha da \u0259min hiss ed\u0259c\u0259k. Bu is\u0259 &ccedil;ox t\u0259hl&uuml;k\u0259lidir &ndash; h\u0259m G&uuml;rc&uuml;stan, h\u0259m d\u0259 b&uuml;t&uuml;n d&uuml;nya &uuml;&ccedil;&uuml;n.&nbsp;<\/span><\/p>\n<p><span style=\"font-size: 12pt;\">&ldquo;Rusiya medias\u0131 &ouml;z h\u0259mi\u015f\u0259ki stilind\u0259dir: britaniyal\u0131lar\u0131n Avropa \u0130ttifaq\u0131ndan &ccedil;\u0131x\u0131\u015f\u0131na a&ccedil;\u0131q-a\u015fkar sevinir. D&uuml;\u015fm\u0259n\u0259 sonradan asanl\u0131qla qalib g\u0259lm\u0259k &uuml;&ccedil;&uuml;n onu ay\u0131rmaq h\u0259mi\u015f\u0259 bu median\u0131n (v\u0259 t\u0259bii ki, &ouml;lk\u0259sinin hakimiyy\u0259tinin) &uuml;lvi arzusu olub.<\/span> <\/p>\n<p><strong><span style=\"font-size: 8pt; color: #993300;\">D\u0259rc olunub 24.06.2016<\/span><\/strong><\/p>\n","protected":false},"excerpt":{"rendered":"<p>Avropa, ay\u0131l!<\/p>\n","protected":false},"author":3,"featured_media":0,"comment_status":"open","ping_status":"open","sticky":false,"template":"","format":"standard","meta":{"_acf_changed":false,"footnotes":""},"categories":[1],"tags":[],"formation":[],"post-author":[2888],"topic":[],"tooltip":[],"city":[6049],"class_list":["post-3385","post","type-post","status-publish","format-standard","hentry","category-uncategorized","post-author-jamnews","city-tbilisi"],"acf":[],"yoast_head":"<!-- This site is optimized with the Yoast SEO plugin v24.1 - https:\/\/yoast.com\/wordpress\/plugins\/seo\/ -->\n<title>Breksit: G\u00fcrc\u00fcstan\u0131n reaksiyas\u0131 - JAMnews<\/title>\n<meta name=\"robots\" content=\"index, follow, max-snippet:-1, max-image-preview:large, max-video-preview:-1\" \/>\n<link rel=\"canonical\" href=\"https:\/\/jam-news.net\/az\/breksit-gurcustanin-reaksiyasi\/\" \/>\n<meta property=\"og:locale\" content=\"az_AZ\" \/>\n<meta property=\"og:type\" content=\"article\" \/>\n<meta property=\"og:title\" content=\"Breksit: G\u00fcrc\u00fcstan\u0131n reaksiyas\u0131 - JAMnews\" \/>\n<meta property=\"og:description\" content=\"Avropa, ay\u0131l!\" \/>\n<meta property=\"og:url\" content=\"https:\/\/jam-news.net\/az\/breksit-gurcustanin-reaksiyasi\/\" \/>\n<meta property=\"og:site_name\" content=\"Azerbaijani Jamnews\" \/>\n<meta property=\"article:publisher\" content=\"https:\/\/www.facebook.com\/JAMnewsInEnglish\/\" \/>\n<meta property=\"article:published_time\" content=\"2016-06-24T00:00:00+00:00\" \/>\n<meta property=\"article:modified_time\" content=\"2022-01-17T21:21:27+00:00\" \/>\n<meta name=\"author\" content=\"JAMnews\" \/>\n<meta name=\"twitter:card\" content=\"summary_large_image\" \/>\n<meta name=\"twitter:creator\" content=\"@JAMnewsCaucasus\" \/>\n<meta name=\"twitter:site\" content=\"@JAMnewsCaucasus\" \/>\n<meta name=\"twitter:label1\" content=\"Written by\" \/>\n\t<meta name=\"twitter:data1\" content=\"JAMnews\" \/>\n\t<meta name=\"twitter:label2\" content=\"Est. reading time\" \/>\n\t<meta name=\"twitter:data2\" content=\"7 minutes\" \/>\n<script type=\"application\/ld+json\" class=\"yoast-schema-graph\">{\"@context\":\"https:\/\/schema.org\",\"@graph\":[{\"@type\":\"Article\",\"@id\":\"https:\/\/jam-news.net\/az\/breksit-gurcustanin-reaksiyasi\/#article\",\"isPartOf\":{\"@id\":\"https:\/\/jam-news.net\/az\/breksit-gurcustanin-reaksiyasi\/\"},\"author\":{\"name\":\"JAMnews\",\"@id\":\"https:\/\/jam-news.net\/az\/#\/schema\/person\/67df3bb7adb46cd513fb9c4cb02361c6\"},\"headline\":\"Breksit: G\u00fcrc\u00fcstan\u0131n reaksiyas\u0131\",\"datePublished\":\"2016-06-24T00:00:00+00:00\",\"dateModified\":\"2022-01-17T21:21:27+00:00\",\"mainEntityOfPage\":{\"@id\":\"https:\/\/jam-news.net\/az\/breksit-gurcustanin-reaksiyasi\/\"},\"wordCount\":1479,\"commentCount\":0,\"publisher\":{\"@id\":\"https:\/\/jam-news.net\/az\/#organization\"},\"articleSection\":[\"Uncategorized\"],\"inLanguage\":\"az\"},{\"@type\":\"WebPage\",\"@id\":\"https:\/\/jam-news.net\/az\/breksit-gurcustanin-reaksiyasi\/\",\"url\":\"https:\/\/jam-news.net\/az\/breksit-gurcustanin-reaksiyasi\/\",\"name\":\"Breksit: G\u00fcrc\u00fcstan\u0131n reaksiyas\u0131 - JAMnews\",\"isPartOf\":{\"@id\":\"https:\/\/jam-news.net\/az\/#website\"},\"datePublished\":\"2016-06-24T00:00:00+00:00\",\"dateModified\":\"2022-01-17T21:21:27+00:00\",\"breadcrumb\":{\"@id\":\"https:\/\/jam-news.net\/az\/breksit-gurcustanin-reaksiyasi\/#breadcrumb\"},\"inLanguage\":\"az\",\"potentialAction\":[{\"@type\":\"ReadAction\",\"target\":[\"https:\/\/jam-news.net\/az\/breksit-gurcustanin-reaksiyasi\/\"]}]},{\"@type\":\"BreadcrumbList\",\"@id\":\"https:\/\/jam-news.net\/az\/breksit-gurcustanin-reaksiyasi\/#breadcrumb\",\"itemListElement\":[{\"@type\":\"ListItem\",\"position\":1,\"name\":\"Home\",\"item\":\"https:\/\/jam-news.net\/az\/\"},{\"@type\":\"ListItem\",\"position\":2,\"name\":\"Breksit: G\u00fcrc\u00fcstan\u0131n reaksiyas\u0131\"}]},{\"@type\":\"WebSite\",\"@id\":\"https:\/\/jam-news.net\/az\/#website\",\"url\":\"https:\/\/jam-news.net\/az\/\",\"name\":\"Azerbaijani Jamnews\",\"description\":\"Caucasus News, Politics and Society\",\"publisher\":{\"@id\":\"https:\/\/jam-news.net\/az\/#organization\"},\"potentialAction\":[{\"@type\":\"SearchAction\",\"target\":{\"@type\":\"EntryPoint\",\"urlTemplate\":\"https:\/\/jam-news.net\/az\/?s={search_term_string}\"},\"query-input\":{\"@type\":\"PropertyValueSpecification\",\"valueRequired\":true,\"valueName\":\"search_term_string\"}}],\"inLanguage\":\"az\"},{\"@type\":\"Organization\",\"@id\":\"https:\/\/jam-news.net\/az\/#organization\",\"name\":\"JAMnews\",\"url\":\"https:\/\/jam-news.net\/az\/\",\"logo\":{\"@type\":\"ImageObject\",\"inLanguage\":\"az\",\"@id\":\"https:\/\/jam-news.net\/az\/#\/schema\/logo\/image\/\",\"url\":\"https:\/\/jam-news.net\/app\/uploads\/2020\/05\/JAM_w.jpg\",\"contentUrl\":\"https:\/\/jam-news.net\/app\/uploads\/2020\/05\/JAM_w.jpg\",\"width\":960,\"height\":960,\"caption\":\"JAMnews\"},\"image\":{\"@id\":\"https:\/\/jam-news.net\/az\/#\/schema\/logo\/image\/\"},\"sameAs\":[\"https:\/\/www.facebook.com\/JAMnewsInEnglish\/\",\"https:\/\/x.com\/JAMnewsCaucasus\",\"https:\/\/www.instagram.com\/jam_news\/\",\"https:\/\/www.youtube.com\/channel\/UCXQbUCme2pykuZYXWHx4VPg\"]},{\"@type\":\"Person\",\"@id\":\"https:\/\/jam-news.net\/az\/#\/schema\/person\/67df3bb7adb46cd513fb9c4cb02361c6\",\"name\":\"JAMnews\",\"image\":{\"@type\":\"ImageObject\",\"inLanguage\":\"az\",\"@id\":\"https:\/\/jam-news.net\/az\/#\/schema\/person\/image\/\",\"url\":\"https:\/\/secure.gravatar.com\/avatar\/e5c27593ef900c3ab3deed4ed1c653d7?s=96&d=mm&r=g\",\"contentUrl\":\"https:\/\/secure.gravatar.com\/avatar\/e5c27593ef900c3ab3deed4ed1c653d7?s=96&d=mm&r=g\",\"caption\":\"JAMnews\"},\"url\":\"https:\/\/jam-news.net\/az\/author\/margarita\/\"}]}<\/script>\n<!-- \/ Yoast SEO plugin. -->","yoast_head_json":{"title":"Breksit: G\u00fcrc\u00fcstan\u0131n reaksiyas\u0131 - JAMnews","robots":{"index":"index","follow":"follow","max-snippet":"max-snippet:-1","max-image-preview":"max-image-preview:large","max-video-preview":"max-video-preview:-1"},"canonical":"https:\/\/jam-news.net\/az\/breksit-gurcustanin-reaksiyasi\/","og_locale":"az_AZ","og_type":"article","og_title":"Breksit: G\u00fcrc\u00fcstan\u0131n reaksiyas\u0131 - JAMnews","og_description":"Avropa, ay\u0131l!","og_url":"https:\/\/jam-news.net\/az\/breksit-gurcustanin-reaksiyasi\/","og_site_name":"Azerbaijani Jamnews","article_publisher":"https:\/\/www.facebook.com\/JAMnewsInEnglish\/","article_published_time":"2016-06-24T00:00:00+00:00","article_modified_time":"2022-01-17T21:21:27+00:00","author":"JAMnews","twitter_card":"summary_large_image","twitter_creator":"@JAMnewsCaucasus","twitter_site":"@JAMnewsCaucasus","twitter_misc":{"Written by":"JAMnews","Est. reading time":"7 minutes"},"schema":{"@context":"https:\/\/schema.org","@graph":[{"@type":"Article","@id":"https:\/\/jam-news.net\/az\/breksit-gurcustanin-reaksiyasi\/#article","isPartOf":{"@id":"https:\/\/jam-news.net\/az\/breksit-gurcustanin-reaksiyasi\/"},"author":{"name":"JAMnews","@id":"https:\/\/jam-news.net\/az\/#\/schema\/person\/67df3bb7adb46cd513fb9c4cb02361c6"},"headline":"Breksit: G\u00fcrc\u00fcstan\u0131n reaksiyas\u0131","datePublished":"2016-06-24T00:00:00+00:00","dateModified":"2022-01-17T21:21:27+00:00","mainEntityOfPage":{"@id":"https:\/\/jam-news.net\/az\/breksit-gurcustanin-reaksiyasi\/"},"wordCount":1479,"commentCount":0,"publisher":{"@id":"https:\/\/jam-news.net\/az\/#organization"},"articleSection":["Uncategorized"],"inLanguage":"az"},{"@type":"WebPage","@id":"https:\/\/jam-news.net\/az\/breksit-gurcustanin-reaksiyasi\/","url":"https:\/\/jam-news.net\/az\/breksit-gurcustanin-reaksiyasi\/","name":"Breksit: G\u00fcrc\u00fcstan\u0131n reaksiyas\u0131 - JAMnews","isPartOf":{"@id":"https:\/\/jam-news.net\/az\/#website"},"datePublished":"2016-06-24T00:00:00+00:00","dateModified":"2022-01-17T21:21:27+00:00","breadcrumb":{"@id":"https:\/\/jam-news.net\/az\/breksit-gurcustanin-reaksiyasi\/#breadcrumb"},"inLanguage":"az","potentialAction":[{"@type":"ReadAction","target":["https:\/\/jam-news.net\/az\/breksit-gurcustanin-reaksiyasi\/"]}]},{"@type":"BreadcrumbList","@id":"https:\/\/jam-news.net\/az\/breksit-gurcustanin-reaksiyasi\/#breadcrumb","itemListElement":[{"@type":"ListItem","position":1,"name":"Home","item":"https:\/\/jam-news.net\/az\/"},{"@type":"ListItem","position":2,"name":"Breksit: G\u00fcrc\u00fcstan\u0131n reaksiyas\u0131"}]},{"@type":"WebSite","@id":"https:\/\/jam-news.net\/az\/#website","url":"https:\/\/jam-news.net\/az\/","name":"Azerbaijani Jamnews","description":"Caucasus News, Politics and Society","publisher":{"@id":"https:\/\/jam-news.net\/az\/#organization"},"potentialAction":[{"@type":"SearchAction","target":{"@type":"EntryPoint","urlTemplate":"https:\/\/jam-news.net\/az\/?s={search_term_string}"},"query-input":{"@type":"PropertyValueSpecification","valueRequired":true,"valueName":"search_term_string"}}],"inLanguage":"az"},{"@type":"Organization","@id":"https:\/\/jam-news.net\/az\/#organization","name":"JAMnews","url":"https:\/\/jam-news.net\/az\/","logo":{"@type":"ImageObject","inLanguage":"az","@id":"https:\/\/jam-news.net\/az\/#\/schema\/logo\/image\/","url":"https:\/\/jam-news.net\/app\/uploads\/2020\/05\/JAM_w.jpg","contentUrl":"https:\/\/jam-news.net\/app\/uploads\/2020\/05\/JAM_w.jpg","width":960,"height":960,"caption":"JAMnews"},"image":{"@id":"https:\/\/jam-news.net\/az\/#\/schema\/logo\/image\/"},"sameAs":["https:\/\/www.facebook.com\/JAMnewsInEnglish\/","https:\/\/x.com\/JAMnewsCaucasus","https:\/\/www.instagram.com\/jam_news\/","https:\/\/www.youtube.com\/channel\/UCXQbUCme2pykuZYXWHx4VPg"]},{"@type":"Person","@id":"https:\/\/jam-news.net\/az\/#\/schema\/person\/67df3bb7adb46cd513fb9c4cb02361c6","name":"JAMnews","image":{"@type":"ImageObject","inLanguage":"az","@id":"https:\/\/jam-news.net\/az\/#\/schema\/person\/image\/","url":"https:\/\/secure.gravatar.com\/avatar\/e5c27593ef900c3ab3deed4ed1c653d7?s=96&d=mm&r=g","contentUrl":"https:\/\/secure.gravatar.com\/avatar\/e5c27593ef900c3ab3deed4ed1c653d7?s=96&d=mm&r=g","caption":"JAMnews"},"url":"https:\/\/jam-news.net\/az\/author\/margarita\/"}]}},"_links":{"self":[{"href":"https:\/\/jam-news.net\/az\/wp-json\/wp\/v2\/posts\/3385","targetHints":{"allow":["GET"]}}],"collection":[{"href":"https:\/\/jam-news.net\/az\/wp-json\/wp\/v2\/posts"}],"about":[{"href":"https:\/\/jam-news.net\/az\/wp-json\/wp\/v2\/types\/post"}],"author":[{"embeddable":true,"href":"https:\/\/jam-news.net\/az\/wp-json\/wp\/v2\/users\/3"}],"replies":[{"embeddable":true,"href":"https:\/\/jam-news.net\/az\/wp-json\/wp\/v2\/comments?post=3385"}],"version-history":[{"count":1,"href":"https:\/\/jam-news.net\/az\/wp-json\/wp\/v2\/posts\/3385\/revisions"}],"predecessor-version":[{"id":16239,"href":"https:\/\/jam-news.net\/az\/wp-json\/wp\/v2\/posts\/3385\/revisions\/16239"}],"wp:attachment":[{"href":"https:\/\/jam-news.net\/az\/wp-json\/wp\/v2\/media?parent=3385"}],"wp:term":[{"taxonomy":"category","embeddable":true,"href":"https:\/\/jam-news.net\/az\/wp-json\/wp\/v2\/categories?post=3385"},{"taxonomy":"post_tag","embeddable":true,"href":"https:\/\/jam-news.net\/az\/wp-json\/wp\/v2\/tags?post=3385"},{"taxonomy":"formation","embeddable":true,"href":"https:\/\/jam-news.net\/az\/wp-json\/wp\/v2\/formation?post=3385"},{"taxonomy":"post-author","embeddable":true,"href":"https:\/\/jam-news.net\/az\/wp-json\/wp\/v2\/post-author?post=3385"},{"taxonomy":"topic","embeddable":true,"href":"https:\/\/jam-news.net\/az\/wp-json\/wp\/v2\/topic?post=3385"},{"taxonomy":"tooltip","embeddable":true,"href":"https:\/\/jam-news.net\/az\/wp-json\/wp\/v2\/tooltip?post=3385"},{"taxonomy":"city","embeddable":true,"href":"https:\/\/jam-news.net\/az\/wp-json\/wp\/v2\/city?post=3385"}],"curies":[{"name":"wp","href":"https:\/\/api.w.org\/{rel}","templated":true}]}}