{"id":3329,"date":"2016-04-09T00:00:00","date_gmt":"2016-04-09T00:00:00","guid":{"rendered":"http:\/\/jam-news.net\/az\/referendum-kecirm%c9%99k-olmaz-l%c9%99gv-etm%c9%99k\/"},"modified":"2021-11-05T16:02:25","modified_gmt":"2021-11-05T12:02:25","slug":"referendum-kecirm%c9%99k-olmaz-l%c9%99gv-etm%c9%99k","status":"publish","type":"post","link":"https:\/\/jam-news.net\/az\/referendum-kecirm%c9%99k-olmaz-l%c9%99gv-etm%c9%99k\/","title":{"rendered":"Referendum: ke\u00e7irm\u0259k olmaz l\u0259\u011fv etm\u0259k"},"content":{"rendered":"<p><span style=\"font-size: 12pt;\">M\u0259rk\u0259zi Se&ccedil;ki Komissiyas\u0131 abxaz m&uuml;xalif\u0259tin\u0259 prezident Raul Xadjimbaya impi&ccedil;mentl\u0259 ba\u011fl\u0131 referendumun ke&ccedil;irilm\u0259si &uuml;&ccedil;&uuml;n imza toplama\u011fa ba\u015flama\u011fa icaz\u0259 verib. Aksiya t\u0259\u015f\u0259bb&uuml;skarlar\u0131n\u0131n bildirdiyin\u0259 g&ouml;r\u0259, aprelin 1-n\u0259 q\u0259d\u0259r art\u0131q 14 mind\u0259n &ccedil;ox imza toplan\u0131b, m&uuml;tl\u0259q minimum 10 mindir. M&uuml;xalif\u0259t is\u0259 referendumun ke&ccedil;irilm\u0259si &uuml;&ccedil;&uuml;n imza toplama\u011f\u0131 dayand\u0131rma\u011fa haz\u0131rla\u015fm\u0131r. <\/span><\/p>\n<p><span style=\"font-size: 12pt;\">Qanunla bu prosedura iki ay vaxt verilir. Sonra daha iki h\u0259ft\u0259 \u0259rzind\u0259 MSK al\u0131nan materiallar\u0131 ara\u015fd\u0131racaq v\u0259 m&uuml;sb\u0259t n\u0259tic\u0259nin \u0259ld\u0259 olundu\u011fu halda referendumun ke&ccedil;iril\u0259c\u0259yi tarixin t\u0259yin edildiyi bar\u0259d\u0259 bildir\u0259c\u0259k. Referendum &uuml;&ccedil; ay \u0259rzind\u0259 ke&ccedil;irilm\u0259lidir. Q&uuml;vv\u0259d\u0259 olan qanunvericiliy\u0259 g&ouml;r\u0259, referendumun ba\u015f tutmas\u0131 &uuml;&ccedil;&uuml;n se&ccedil;ki qutular\u0131na \u0259n az\u0131 50 faiz v\u0259 s\u0259sverm\u0259 h&uuml;ququ olan &ouml;lk\u0259 v\u0259t\u0259nda\u015flar\u0131n\u0131n siyah\u0131 t\u0259rkibind\u0259n 1 se&ccedil;ici &ouml;z b&uuml;lletenl\u0259rini atmal\u0131d\u0131r. <\/span><\/p>\n<p style=\"text-align: center;\"><span style=\"color: #000000;\"><strong><span style=\"font-size: 14pt;\">Prezident Xadjimbaya impi&ccedil;ment elan etm\u0259yin t\u0259r\u0259fdarlar\u0131n\u0131n arqumentl\u0259ri <\/span><\/strong><\/span><\/p>\n<p style=\"text-align: left;\"><span style=\"font-size: 12pt;\">\u0130mza toplama &uuml;zr\u0259 i\u015f Abxaziyan\u0131n Qaldan ba\u015fqa, b&uuml;t&uuml;n dig\u0259r rayonlar\u0131nda apar\u0131l\u0131r. <\/span><\/p>\n<p style=\"text-align: left;\"><span style=\"font-size: 12pt;\">&ldquo;Biz Qal rayonunu k\u0259narla\u015fd\u0131rd\u0131q, &ccedil;&uuml;nki haz\u0131rda orada kimin v\u0259t\u0259nda\u015fl\u0131\u011f\u0131n\u0131n qal\u0131b-qalmad\u0131\u011f\u0131n\u0131 anlamaq &ccedil;\u0259tindir. Biz bil\u0259r\u0259kd\u0259n bu regionu &ccedil;\u0131xard\u0131q ki, sonra qar\u0131\u015f\u0131ql\u0131q, \u0259lav\u0259 suallar yaranmas\u0131n, &#8211; referendumun ke&ccedil;irilm\u0259si &uuml;zr\u0259 t\u0259\u015f\u0259bb&uuml;s qrupunun r\u0259hb\u0259ri Daur Taniya bildirdi. <\/span><\/p>\n<p style=\"text-align: left;\"><span style=\"font-size: 12pt;\">M&uuml;xalif\u0259t hesab edir ki, Raul Xadjimba vaxt\u0131ndan \u0259vv\u0259l prezident v\u0259zif\u0259sind\u0259n getm\u0259lidir, &ccedil;&uuml;nki &ouml;z&uuml;n&uuml;n se&ccedil;kiqaba\u011f\u0131 v\u0259dl\u0259rini yerin\u0259 yetirm\u0259yib. <\/span><\/p>\n<p style=\"text-align: left;\"><span style=\"font-size: 12pt;\">\u018fsas arqumentl\u0259ri m&uuml;xalif\u0259t blokuna daxil olan d&ouml;rd t\u0259\u015fkilatdan biri &ndash; &ldquo;Apra Sosial-\u0130qtisadi v\u0259 Siyasi T\u0259dqiqatlar Fondunun r\u0259hb\u0259ri Aslan Bjaniya t\u0259qdim edir. Aslan Bjaniya 2014-c&uuml; ilin avqust ay\u0131nda ba\u015f tutan son prezident se&ccedil;kil\u0259rind\u0259 indiki prezidentin \u0259sas opponenti olub. <\/span><\/p>\n<p style=\"text-align: left;\"><span style=\"font-size: 12pt;\">&ldquo;Hakimiyy\u0259t ba\u015f\u0131na g\u0259l\u0259n c\u0259nablar se&ccedil;kiqaba\u011f\u0131 kampaniya zaman\u0131 &ouml;z v\u0259dl\u0259rini konkret vaxta ba\u011flay\u0131rd\u0131lar. Misal &uuml;&ccedil;&uuml;n, c\u0259nab Xadjimban\u0131n komandas\u0131 abxaz t\u0259qa&uuml;d&ccedil;&uuml;l\u0259rin\u0259 15 min rubl h\u0259cmind\u0259 t\u0259qa&uuml;d s&ouml;z vermi\u015fdi. Amma bu ba\u015f verm\u0259di. Buna cavab olaraq &ouml;lk\u0259d\u0259 v\u0259 onun \u0259traf\u0131nda iqtisadi v\u0259ziyy\u0259tin pisl\u0259\u015fdiyini dey\u0259 bil\u0259rl\u0259r. Amma bu vaxt \u0259rzind\u0259 g&ouml;r&uuml;lm\u0259li olan v\u0259 iqtisadiyyatla he&ccedil; bir ba\u011fl\u0131l\u0131\u011f\u0131 olmayan i\u015fl\u0259r vard\u0131, &#8211; Aslan Bjaniya deyir. <\/span><\/p>\n<p style=\"text-align: left;\"><span style=\"font-size: 12pt;\">Aslan Bjaniya h\u0259m d\u0259 o vaxtk\u0131 prezident postuna namiz\u0259d Xadjimban\u0131n t\u0259\u015f\u0259bb&uuml;s&uuml; il\u0259 imzalanan raz\u0131la\u015fman\u0131 da xat\u0131rlatd\u0131, bu raz\u0131la\u015fmaya \u0259sas\u0259n, Abxaziya h&ouml;kum\u0259ti formala\u015fmal\u0131 idi. &ldquo;O hakimiyy\u0259t\u0259 g\u0259l\u0259nd\u0259n sonra iki h&ouml;kum\u0259t formala\u015f\u0131b, bu raz\u0131la\u015fman\u0131 is\u0259 o vaxt da, indi d\u0259 iqnor edirl\u0259r. <\/span><\/p>\n<p style=\"text-align: left;\"><span style=\"font-size: 12pt;\">&ldquo;Ya da misal &uuml;&ccedil;&uuml;n, prezidentliy\u0259 namiz\u0259d olark\u0259n Xadjimba deyirdi ki, rusiyal\u0131lara m\u0259nzill\u0259rin sat\u0131\u015f\u0131 d&ouml;vl\u0259timizi m\u0259hv ed\u0259c\u0259k, amma hakimiyy\u0259t\u0259 g\u0259l\u0259nd\u0259n sonra o bunun tam \u0259ksini deyir?<\/span><\/p>\n<p style=\"text-align: left;\"><span style=\"font-size: 12pt;\">&ldquo;C\u0259nab prezident m&uuml;xalif\u0259td\u0259 olark\u0259n deyirdi ki, Rusiyadan 2011-ci ild\u0259 bank sistemin\u0259 d\u0259st\u0259k &uuml;&ccedil;&uuml;n 700 milyon rubl h\u0259cmind\u0259 kreditin al\u0131nmas\u0131 d&uuml;z deyildi, pul o\u011furlan\u0131b v\u0259 faydas\u0131 olmay\u0131b. \u0130ndi is\u0259 o h\u0259min bu kreditl\u0259 i\u015f\u0259 sal\u0131nan &ldquo;APRA &ouml;d\u0259ni\u015f sistemini t\u0259rifl\u0259yir v\u0259 deyir ki, bu sistemi geni\u015fl\u0259ndirm\u0259k laz\u0131md\u0131r. <\/span><\/p>\n<p style=\"text-align: center;\"><span style=\"color: #000000;\"><strong><span style=\"font-size: 14pt;\">Xadjimbaya qar\u015f\u0131 impi&ccedil;ment elan olunmas\u0131na qar\u015f\u0131 &ccedil;\u0131xanlar\u0131n d\u0259lill\u0259ri <\/span><\/strong><\/span><\/p>\n<p style=\"text-align: left;\"><span style=\"font-size: 12pt;\">&ldquo;Raul Xadjimba &ouml;z g&uuml;c&uuml;n\u0259 &ouml;lk\u0259ni a\u011f\u0131r iqtisadi v\u0259ziyy\u0259td\u0259n &ccedil;\u0131xarmaq &uuml;&ccedil;&uuml;n c\u0259hdl\u0259r etdi. Rusiya Abxaziyaya maliyy\u0259 d\u0259st\u0259yi v\u0259d etmi\u015fdi, amma &ouml;t\u0259n il biz bu d\u0259st\u0259yi almad\u0131q. Bununla bel\u0259, hakimiyy\u0259t bu &ccedil;\u0259tin v\u0259ziyy\u0259td\u0259n &ccedil;\u0131xa bildi. Son ill\u0259rd\u0259 ilk d\u0259f\u0259 olaraq, avtonom m&ouml;vcud olma\u011fa v\u0259 daxili ehtiyatlar\u0131 axtarma\u011fa c\u0259hd edilib. Bunu g&ouml;rm\u0259m\u0259k m&uuml;mk&uuml;n deyil, &#8211; parlament deputat\u0131 Valeri Kvar&ccedil;iya deyir. <\/span><\/p>\n<p style=\"text-align: left;\"><span style=\"font-size: 12pt;\">&#8220;Prezident Raul Xadjimba respublika konstitusiyas\u0131n\u0131n bir b\u0259ndini bel\u0259 pozmay\u0131b v\u0259 dem\u0259li, referendum ke&ccedil;irm\u0259y\u0259 he&ccedil; bir s\u0259b\u0259b yoxdur&#8221;, &#8211; prezidenty&ouml;nl&uuml; &ldquo;Abxaziyan\u0131n xalq h\u0259mr\u0259yliyi forumu partiyas\u0131n\u0131n liderl\u0259rind\u0259n biri olan Aslan Kobahiya deyir. <\/span><\/p>\n<p style=\"text-align: left;\"><span style=\"font-size: 12pt;\">&ldquo;Prezidentin h&uuml;quq v\u0259 v\u0259zif\u0259l\u0259rini d\u0259qiq g&ouml;st\u0259r\u0259n, b&uuml;t&ouml;vl&uuml;kd\u0259 26 b\u0259ndlik Abxaziya konstitusiyas\u0131 var. Haz\u0131rda m&uuml;xalif\u0259tin \u0259sas h&uuml;quq\u015f&uuml;naslar\u0131 olan iki ke&ccedil;mi\u015f ba\u015f prokuror prezidentin &ouml;z f\u0259aliyy\u0259tind\u0259 hans\u0131 pozuntulara yol verdiyini el\u0259 d\u0259 a\u015fkar ed\u0259 bilm\u0259dil\u0259r. Onlar referendumun ke&ccedil;irilm\u0259si &uuml;&ccedil;&uuml;n b\u0259han\u0259 uydurdular, &ccedil;&uuml;nki &ouml;zl\u0259ri m&uuml;mk&uuml;n q\u0259d\u0259r tez hakimiyy\u0259t ba\u015f\u0131na g\u0259lm\u0259k ist\u0259yirl\u0259r, &#8211; Kobaxiya \u0259lav\u0259 edir. <\/span><\/p>\n<p style=\"text-align: center;\"><span style=\"font-size: 18.6667px;\"><strong>T\u0259r\u0259dd&uuml;d ed\u0259nl\u0259r<\/strong><\/span><\/p>\n<p style=\"text-align: left;\"><span style=\"font-size: 12pt;\">Abxaz qanunvericiliyi bu m\u0259s\u0259l\u0259d\u0259 h\u0259qiq\u0259t\u0259n d\u0259 m&uuml;k\u0259mm\u0259l deyil v\u0259 burada kifay\u0259t q\u0259d\u0259r bo\u015fluqlar var. <\/span><\/p>\n<p style=\"text-align: left;\"><span style=\"font-size: 12pt;\">Misal &uuml;&ccedil;&uuml;n, prezident\u0259 inams\u0131zl\u0131qla ba\u011fl\u0131 m\u0259s\u0259l\u0259 &ldquo;Referendum haqq\u0131nda qanunda g&ouml;st\u0259rilir, bu qanuna \u0259sas\u0259n, plebisit &uuml;&ccedil;&uuml;n qada\u011fa olunmu\u015f m&ouml;vzular &ldquo;Abxaziya Respublikas\u0131n\u0131n d&ouml;vl\u0259t suverenliyinin l\u0259\u011fv edilm\u0259si, onun d&ouml;vl\u0259t s\u0259rh\u0259dl\u0259ri v\u0259 \u0259razi b&uuml;t&ouml;vl&uuml;y&uuml;n&uuml;n d\u0259yi\u015fdirilm\u0259si, Abxaziya Respublikas\u0131n\u0131n Konstitusiyas\u0131 il\u0259 t\u0259sbit olunmu\u015f \u0259sas insan h&uuml;quq v\u0259 azadl\u0131qlar\u0131n\u0131n m\u0259hdudla\u015fd\u0131r\u0131lmas\u0131 m\u0259s\u0259l\u0259l\u0259ridir. <\/span><\/p>\n<p style=\"text-align: left;\"><span style=\"font-size: 12pt;\">Amma referendum ba\u015f tutsa v\u0259 elektorat\u0131n \u0259ks\u0259r hiss\u0259si d&ouml;vl\u0259t ba\u015f&ccedil;\u0131s\u0131na impi&ccedil;ment elan ets\u0259 bel\u0259, bu, prezident &uuml;&ccedil;&uuml;n el\u0259 d\u0259 \u0259h\u0259miyy\u0259tli deyil. Y\u0259ni prezident n\u0259 ed\u0259c\u0259yini &ndash; istefa ver\u0259c\u0259yini v\u0259 ya &ouml;z v\u0259zif\u0259sind\u0259 qalaca\u011f\u0131n\u0131 &ouml;z&uuml; se&ccedil;ir. &Ccedil;&uuml;nki konstitusiyaya g&ouml;r\u0259 o, be\u015f il m&uuml;dd\u0259tin\u0259 se&ccedil;ilir v\u0259 a\u011f\u0131r cinay\u0259tl\u0259r t&ouml;r\u0259tm\u0259diyi v\u0259 ya i\u015f qabiliyy\u0259tini itirm\u0259diyi t\u0259qdird\u0259 prezident sahib oldu\u011fu h&uuml;quqa \u0259sas\u0259n ancaq &ouml;z ist\u0259yil\u0259 v\u0259zif\u0259sind\u0259n vaxt\u0131ndan \u0259vv\u0259l ged\u0259 bil\u0259r. <\/span><\/p>\n<p style=\"text-align: left;\"><span style=\"font-size: 12pt;\">\u0130mpi&ccedil;ment proseduru da sonuna q\u0259d\u0259r i\u015fl\u0259nib haz\u0131rlanmay\u0131b. Amma elektorat\u0131 narahat ed\u0259n ancaq qanunvericilikd\u0259ki bo\u015fluqlar deyil. <\/span><\/p>\n<p style=\"text-align: left;\"><span style=\"font-size: 12pt;\">Bu g&uuml;nl\u0259rd\u0259 politoloq Rustam An\u015fban\u0131n qap\u0131s\u0131n\u0131 imza toplayanlar d&ouml;yd&uuml;l\u0259r. &ldquo;\u018fslind\u0259 m\u0259n referendumun lehin\u0259 olsam da, indi \u0259leyhin\u0259y\u0259m, &#8211; An\u015fba ikiba\u015fl\u0131 cavab verdi. Sonra da &ouml;z m&ouml;vqeyini \u0259trafl\u0131 izah etdi. <\/span><\/p>\n<p style=\"text-align: left;\"><span style=\"font-size: 12pt;\">&ldquo;Birincisi, referendum ke&ccedil;iril\u0259rs\u0259 v\u0259 h\u0259tta onun n\u0259tic\u0259l\u0259rini b&uuml;t&uuml;n t\u0259r\u0259fl\u0259r tan\u0131sa da bu, se&ccedil;ki sistemin\u0259 z\u0259rb\u0259 endir\u0259c\u0259k. \u0130st\u0259nil\u0259n plandan k\u0259nar se&ccedil;kil\u0259r se&ccedil;ki sisteminin g\u0259l\u0259c\u0259kd\u0259 da\u011f\u0131lmas\u0131na v\u0259 idar\u0259etm\u0259 aparat\u0131n\u0131n tam kollaps\u0131na g\u0259tirib &ccedil;\u0131xaracaq. <\/span><\/p>\n<p style=\"text-align: left;\"><span style=\"font-size: 12pt;\">&ldquo;Referendumun ke&ccedil;irilm\u0259si ideyas\u0131na qar\u015f\u0131 ikinci d\u0259lil yeni siyas\u0259t&ccedil;il\u0259rin &ccedil;at\u0131\u015fmazl\u0131\u011f\u0131d\u0131r. Biz ham\u0131m\u0131z xat\u0131rlay\u0131r\u0131q ki, toplananlar\u0131n yerini d\u0259yi\u015f\u0259nd\u0259 c\u0259m d\u0259yi\u015fmir. H\u0259m daxili, h\u0259m d\u0259 xarici inki\u015faf kursu \u0259n az\u0131 yax\u0131n 10 il &uuml;&ccedil;&uuml;n m&uuml;\u0259yy\u0259n edilib. <\/span><\/p>\n<p style=\"text-align: left;\"><span style=\"font-size: 12pt;\">Bununla bel\u0259, referendumun ke&ccedil;irilm\u0259si ideyas\u0131n\u0131n m&uuml;zakir\u0259si c\u0259miyy\u0259ti o d\u0259r\u0259c\u0259d\u0259 par&ccedil;alay\u0131b ki, publisist \u0130brahim &Ccedil;kaduan\u0131n zarafatla dediyi kimi, referendum ideyas\u0131n\u0131 m\u0259ntiqi sonuca g\u0259tirib &ccedil;\u0131xarmaq &uuml;&ccedil;&uuml;n referendumun l\u0259\u011fv edilm\u0259si &uuml;&ccedil;&uuml;n d\u0259 imza toplama\u011fa ba\u015flamaq laz\u0131md\u0131r. <\/span><\/p>\n<p style=\"text-align: left;\"><span style=\"font-size: 12pt;\">&ldquo;Bu t\u0259\u015f\u0259bb&uuml;s h&uuml;quq\u015f&uuml;naslar t\u0259r\u0259find\u0259n nec\u0259 q\u0259bul olunacaq, x&uuml;sus\u0259n d\u0259 Konstitusiya M\u0259hk\u0259m\u0259sinin olmad\u0131\u011f\u0131 bir halda? Kazuistika v\u0259 sofizmin tam zaman\u0131d\u0131r. Bir &ccedil;ox insanlar eyni zamanda h\u0259m lehin\u0259, h\u0259m d\u0259 \u0259leyhin\u0259 s\u0259s vers\u0259l\u0259r \u015f\u0259xs\u0259n m\u0259n t\u0259\u0259cc&uuml;bl\u0259nm\u0259r\u0259m. <\/span><\/p>\n<p style=\"text-align: left;\">\n<div><img decoding=\"async\" src=\"http:\/\/jam-news.net\/Uploads\/Publication\/1639\/ContentImages\/az-Latn-AZ\/1 copy.JPG\" \/><span class='post-image-caption'><\/span><\/div>\n<\/p>\n<p style=\"text-align: left;\"><span style=\"color: #800000;\"><strong><span style=\"font-size: 8pt;\">M\u0259qal\u0259d\u0259 yer alan fikirl\u0259r m&uuml;\u0259llifin terminologiyas\u0131 v\u0259 bax\u0131\u015flar\u0131n\u0131 ifad\u0259 edir v\u0259 redaksiyan\u0131n m&ouml;vqeyi il\u0259 &uuml;st-&uuml;st\u0259 d&uuml;\u015fm\u0259y\u0259 bil\u0259r.<\/span><\/strong><\/span><\/p>\n<p style=\"text-align: left;\"><strong><span style=\"font-size: 8pt; color: #800000;\">D\u0259rc edilib: 08.04.2016<\/span><\/strong><\/p>\n","protected":false},"excerpt":{"rendered":"<p>Abxaziya sakinl\u0259ri prezident Xadjimbaya etibar etm\u0259lidir, ya yox?<\/p>\n","protected":false},"author":3,"featured_media":0,"comment_status":"open","ping_status":"open","sticky":false,"template":"","format":"standard","meta":{"_acf_changed":false,"footnotes":""},"categories":[1],"tags":[],"formation":[],"post-author":[3613],"topic":[],"tooltip":[],"city":[],"class_list":["post-3329","post","type-post","status-publish","format-standard","hentry","category-uncategorized","post-author-inal-xasiq"],"acf":[],"yoast_head":"<!-- This site is optimized with the Yoast SEO plugin v24.1 - https:\/\/yoast.com\/wordpress\/plugins\/seo\/ -->\n<title>Referendum: ke\u00e7irm\u0259k olmaz l\u0259\u011fv etm\u0259k - JAMnews<\/title>\n<meta name=\"robots\" content=\"index, follow, max-snippet:-1, max-image-preview:large, max-video-preview:-1\" \/>\n<link rel=\"canonical\" href=\"https:\/\/jam-news.net\/az\/referendum-kecirm\u0259k-olmaz-l\u0259gv-etm\u0259k\/\" \/>\n<meta property=\"og:locale\" content=\"az_AZ\" \/>\n<meta property=\"og:type\" content=\"article\" \/>\n<meta property=\"og:title\" content=\"Referendum: ke\u00e7irm\u0259k olmaz l\u0259\u011fv etm\u0259k - JAMnews\" \/>\n<meta property=\"og:description\" content=\"Abxaziya sakinl\u0259ri prezident Xadjimbaya etibar etm\u0259lidir, ya yox?\" \/>\n<meta property=\"og:url\" content=\"https:\/\/jam-news.net\/az\/referendum-kecirm\u0259k-olmaz-l\u0259gv-etm\u0259k\/\" \/>\n<meta property=\"og:site_name\" content=\"Azerbaijani Jamnews\" \/>\n<meta property=\"article:publisher\" content=\"https:\/\/www.facebook.com\/JAMnewsInEnglish\/\" \/>\n<meta property=\"article:published_time\" content=\"2016-04-09T00:00:00+00:00\" \/>\n<meta property=\"article:modified_time\" content=\"2021-11-05T12:02:25+00:00\" \/>\n<meta name=\"author\" content=\"JAMnews\" \/>\n<meta name=\"twitter:card\" content=\"summary_large_image\" \/>\n<meta name=\"twitter:creator\" content=\"@JAMnewsCaucasus\" \/>\n<meta name=\"twitter:site\" content=\"@JAMnewsCaucasus\" \/>\n<meta name=\"twitter:label1\" content=\"Written by\" \/>\n\t<meta name=\"twitter:data1\" content=\"JAMnews\" \/>\n\t<meta name=\"twitter:label2\" content=\"Est. reading time\" \/>\n\t<meta name=\"twitter:data2\" content=\"8 minutes\" \/>\n<script type=\"application\/ld+json\" class=\"yoast-schema-graph\">{\"@context\":\"https:\/\/schema.org\",\"@graph\":[{\"@type\":\"Article\",\"@id\":\"https:\/\/jam-news.net\/az\/referendum-kecirm%c9%99k-olmaz-l%c9%99gv-etm%c9%99k\/#article\",\"isPartOf\":{\"@id\":\"https:\/\/jam-news.net\/az\/referendum-kecirm%c9%99k-olmaz-l%c9%99gv-etm%c9%99k\/\"},\"author\":{\"name\":\"JAMnews\",\"@id\":\"https:\/\/jam-news.net\/az\/#\/schema\/person\/67df3bb7adb46cd513fb9c4cb02361c6\"},\"headline\":\"Referendum: ke\u00e7irm\u0259k olmaz l\u0259\u011fv etm\u0259k\",\"datePublished\":\"2016-04-09T00:00:00+00:00\",\"dateModified\":\"2021-11-05T12:02:25+00:00\",\"mainEntityOfPage\":{\"@id\":\"https:\/\/jam-news.net\/az\/referendum-kecirm%c9%99k-olmaz-l%c9%99gv-etm%c9%99k\/\"},\"wordCount\":1642,\"commentCount\":0,\"publisher\":{\"@id\":\"https:\/\/jam-news.net\/az\/#organization\"},\"articleSection\":[\"Uncategorized\"],\"inLanguage\":\"az\"},{\"@type\":\"WebPage\",\"@id\":\"https:\/\/jam-news.net\/az\/referendum-kecirm%c9%99k-olmaz-l%c9%99gv-etm%c9%99k\/\",\"url\":\"https:\/\/jam-news.net\/az\/referendum-kecirm%c9%99k-olmaz-l%c9%99gv-etm%c9%99k\/\",\"name\":\"Referendum: ke\u00e7irm\u0259k olmaz l\u0259\u011fv etm\u0259k - JAMnews\",\"isPartOf\":{\"@id\":\"https:\/\/jam-news.net\/az\/#website\"},\"datePublished\":\"2016-04-09T00:00:00+00:00\",\"dateModified\":\"2021-11-05T12:02:25+00:00\",\"breadcrumb\":{\"@id\":\"https:\/\/jam-news.net\/az\/referendum-kecirm%c9%99k-olmaz-l%c9%99gv-etm%c9%99k\/#breadcrumb\"},\"inLanguage\":\"az\",\"potentialAction\":[{\"@type\":\"ReadAction\",\"target\":[\"https:\/\/jam-news.net\/az\/referendum-kecirm%c9%99k-olmaz-l%c9%99gv-etm%c9%99k\/\"]}]},{\"@type\":\"BreadcrumbList\",\"@id\":\"https:\/\/jam-news.net\/az\/referendum-kecirm%c9%99k-olmaz-l%c9%99gv-etm%c9%99k\/#breadcrumb\",\"itemListElement\":[{\"@type\":\"ListItem\",\"position\":1,\"name\":\"Home\",\"item\":\"https:\/\/jam-news.net\/az\/\"},{\"@type\":\"ListItem\",\"position\":2,\"name\":\"Referendum: ke\u00e7irm\u0259k olmaz l\u0259\u011fv etm\u0259k\"}]},{\"@type\":\"WebSite\",\"@id\":\"https:\/\/jam-news.net\/az\/#website\",\"url\":\"https:\/\/jam-news.net\/az\/\",\"name\":\"Azerbaijani Jamnews\",\"description\":\"Caucasus News, Politics and Society\",\"publisher\":{\"@id\":\"https:\/\/jam-news.net\/az\/#organization\"},\"potentialAction\":[{\"@type\":\"SearchAction\",\"target\":{\"@type\":\"EntryPoint\",\"urlTemplate\":\"https:\/\/jam-news.net\/az\/?s={search_term_string}\"},\"query-input\":{\"@type\":\"PropertyValueSpecification\",\"valueRequired\":true,\"valueName\":\"search_term_string\"}}],\"inLanguage\":\"az\"},{\"@type\":\"Organization\",\"@id\":\"https:\/\/jam-news.net\/az\/#organization\",\"name\":\"JAMnews\",\"url\":\"https:\/\/jam-news.net\/az\/\",\"logo\":{\"@type\":\"ImageObject\",\"inLanguage\":\"az\",\"@id\":\"https:\/\/jam-news.net\/az\/#\/schema\/logo\/image\/\",\"url\":\"https:\/\/jam-news.net\/app\/uploads\/2020\/05\/JAM_w.jpg\",\"contentUrl\":\"https:\/\/jam-news.net\/app\/uploads\/2020\/05\/JAM_w.jpg\",\"width\":960,\"height\":960,\"caption\":\"JAMnews\"},\"image\":{\"@id\":\"https:\/\/jam-news.net\/az\/#\/schema\/logo\/image\/\"},\"sameAs\":[\"https:\/\/www.facebook.com\/JAMnewsInEnglish\/\",\"https:\/\/x.com\/JAMnewsCaucasus\",\"https:\/\/www.instagram.com\/jam_news\/\",\"https:\/\/www.youtube.com\/channel\/UCXQbUCme2pykuZYXWHx4VPg\"]},{\"@type\":\"Person\",\"@id\":\"https:\/\/jam-news.net\/az\/#\/schema\/person\/67df3bb7adb46cd513fb9c4cb02361c6\",\"name\":\"JAMnews\",\"image\":{\"@type\":\"ImageObject\",\"inLanguage\":\"az\",\"@id\":\"https:\/\/jam-news.net\/az\/#\/schema\/person\/image\/\",\"url\":\"https:\/\/secure.gravatar.com\/avatar\/e5c27593ef900c3ab3deed4ed1c653d7?s=96&d=mm&r=g\",\"contentUrl\":\"https:\/\/secure.gravatar.com\/avatar\/e5c27593ef900c3ab3deed4ed1c653d7?s=96&d=mm&r=g\",\"caption\":\"JAMnews\"},\"url\":\"https:\/\/jam-news.net\/az\/author\/margarita\/\"}]}<\/script>\n<!-- \/ Yoast SEO plugin. -->","yoast_head_json":{"title":"Referendum: ke\u00e7irm\u0259k olmaz l\u0259\u011fv etm\u0259k - JAMnews","robots":{"index":"index","follow":"follow","max-snippet":"max-snippet:-1","max-image-preview":"max-image-preview:large","max-video-preview":"max-video-preview:-1"},"canonical":"https:\/\/jam-news.net\/az\/referendum-kecirm\u0259k-olmaz-l\u0259gv-etm\u0259k\/","og_locale":"az_AZ","og_type":"article","og_title":"Referendum: ke\u00e7irm\u0259k olmaz l\u0259\u011fv etm\u0259k - JAMnews","og_description":"Abxaziya sakinl\u0259ri prezident Xadjimbaya etibar etm\u0259lidir, ya yox?","og_url":"https:\/\/jam-news.net\/az\/referendum-kecirm\u0259k-olmaz-l\u0259gv-etm\u0259k\/","og_site_name":"Azerbaijani Jamnews","article_publisher":"https:\/\/www.facebook.com\/JAMnewsInEnglish\/","article_published_time":"2016-04-09T00:00:00+00:00","article_modified_time":"2021-11-05T12:02:25+00:00","author":"JAMnews","twitter_card":"summary_large_image","twitter_creator":"@JAMnewsCaucasus","twitter_site":"@JAMnewsCaucasus","twitter_misc":{"Written by":"JAMnews","Est. reading time":"8 minutes"},"schema":{"@context":"https:\/\/schema.org","@graph":[{"@type":"Article","@id":"https:\/\/jam-news.net\/az\/referendum-kecirm%c9%99k-olmaz-l%c9%99gv-etm%c9%99k\/#article","isPartOf":{"@id":"https:\/\/jam-news.net\/az\/referendum-kecirm%c9%99k-olmaz-l%c9%99gv-etm%c9%99k\/"},"author":{"name":"JAMnews","@id":"https:\/\/jam-news.net\/az\/#\/schema\/person\/67df3bb7adb46cd513fb9c4cb02361c6"},"headline":"Referendum: ke\u00e7irm\u0259k olmaz l\u0259\u011fv etm\u0259k","datePublished":"2016-04-09T00:00:00+00:00","dateModified":"2021-11-05T12:02:25+00:00","mainEntityOfPage":{"@id":"https:\/\/jam-news.net\/az\/referendum-kecirm%c9%99k-olmaz-l%c9%99gv-etm%c9%99k\/"},"wordCount":1642,"commentCount":0,"publisher":{"@id":"https:\/\/jam-news.net\/az\/#organization"},"articleSection":["Uncategorized"],"inLanguage":"az"},{"@type":"WebPage","@id":"https:\/\/jam-news.net\/az\/referendum-kecirm%c9%99k-olmaz-l%c9%99gv-etm%c9%99k\/","url":"https:\/\/jam-news.net\/az\/referendum-kecirm%c9%99k-olmaz-l%c9%99gv-etm%c9%99k\/","name":"Referendum: ke\u00e7irm\u0259k olmaz l\u0259\u011fv etm\u0259k - JAMnews","isPartOf":{"@id":"https:\/\/jam-news.net\/az\/#website"},"datePublished":"2016-04-09T00:00:00+00:00","dateModified":"2021-11-05T12:02:25+00:00","breadcrumb":{"@id":"https:\/\/jam-news.net\/az\/referendum-kecirm%c9%99k-olmaz-l%c9%99gv-etm%c9%99k\/#breadcrumb"},"inLanguage":"az","potentialAction":[{"@type":"ReadAction","target":["https:\/\/jam-news.net\/az\/referendum-kecirm%c9%99k-olmaz-l%c9%99gv-etm%c9%99k\/"]}]},{"@type":"BreadcrumbList","@id":"https:\/\/jam-news.net\/az\/referendum-kecirm%c9%99k-olmaz-l%c9%99gv-etm%c9%99k\/#breadcrumb","itemListElement":[{"@type":"ListItem","position":1,"name":"Home","item":"https:\/\/jam-news.net\/az\/"},{"@type":"ListItem","position":2,"name":"Referendum: ke\u00e7irm\u0259k olmaz l\u0259\u011fv etm\u0259k"}]},{"@type":"WebSite","@id":"https:\/\/jam-news.net\/az\/#website","url":"https:\/\/jam-news.net\/az\/","name":"Azerbaijani Jamnews","description":"Caucasus News, Politics and Society","publisher":{"@id":"https:\/\/jam-news.net\/az\/#organization"},"potentialAction":[{"@type":"SearchAction","target":{"@type":"EntryPoint","urlTemplate":"https:\/\/jam-news.net\/az\/?s={search_term_string}"},"query-input":{"@type":"PropertyValueSpecification","valueRequired":true,"valueName":"search_term_string"}}],"inLanguage":"az"},{"@type":"Organization","@id":"https:\/\/jam-news.net\/az\/#organization","name":"JAMnews","url":"https:\/\/jam-news.net\/az\/","logo":{"@type":"ImageObject","inLanguage":"az","@id":"https:\/\/jam-news.net\/az\/#\/schema\/logo\/image\/","url":"https:\/\/jam-news.net\/app\/uploads\/2020\/05\/JAM_w.jpg","contentUrl":"https:\/\/jam-news.net\/app\/uploads\/2020\/05\/JAM_w.jpg","width":960,"height":960,"caption":"JAMnews"},"image":{"@id":"https:\/\/jam-news.net\/az\/#\/schema\/logo\/image\/"},"sameAs":["https:\/\/www.facebook.com\/JAMnewsInEnglish\/","https:\/\/x.com\/JAMnewsCaucasus","https:\/\/www.instagram.com\/jam_news\/","https:\/\/www.youtube.com\/channel\/UCXQbUCme2pykuZYXWHx4VPg"]},{"@type":"Person","@id":"https:\/\/jam-news.net\/az\/#\/schema\/person\/67df3bb7adb46cd513fb9c4cb02361c6","name":"JAMnews","image":{"@type":"ImageObject","inLanguage":"az","@id":"https:\/\/jam-news.net\/az\/#\/schema\/person\/image\/","url":"https:\/\/secure.gravatar.com\/avatar\/e5c27593ef900c3ab3deed4ed1c653d7?s=96&d=mm&r=g","contentUrl":"https:\/\/secure.gravatar.com\/avatar\/e5c27593ef900c3ab3deed4ed1c653d7?s=96&d=mm&r=g","caption":"JAMnews"},"url":"https:\/\/jam-news.net\/az\/author\/margarita\/"}]}},"_links":{"self":[{"href":"https:\/\/jam-news.net\/az\/wp-json\/wp\/v2\/posts\/3329","targetHints":{"allow":["GET"]}}],"collection":[{"href":"https:\/\/jam-news.net\/az\/wp-json\/wp\/v2\/posts"}],"about":[{"href":"https:\/\/jam-news.net\/az\/wp-json\/wp\/v2\/types\/post"}],"author":[{"embeddable":true,"href":"https:\/\/jam-news.net\/az\/wp-json\/wp\/v2\/users\/3"}],"replies":[{"embeddable":true,"href":"https:\/\/jam-news.net\/az\/wp-json\/wp\/v2\/comments?post=3329"}],"version-history":[{"count":1,"href":"https:\/\/jam-news.net\/az\/wp-json\/wp\/v2\/posts\/3329\/revisions"}],"predecessor-version":[{"id":16355,"href":"https:\/\/jam-news.net\/az\/wp-json\/wp\/v2\/posts\/3329\/revisions\/16355"}],"wp:attachment":[{"href":"https:\/\/jam-news.net\/az\/wp-json\/wp\/v2\/media?parent=3329"}],"wp:term":[{"taxonomy":"category","embeddable":true,"href":"https:\/\/jam-news.net\/az\/wp-json\/wp\/v2\/categories?post=3329"},{"taxonomy":"post_tag","embeddable":true,"href":"https:\/\/jam-news.net\/az\/wp-json\/wp\/v2\/tags?post=3329"},{"taxonomy":"formation","embeddable":true,"href":"https:\/\/jam-news.net\/az\/wp-json\/wp\/v2\/formation?post=3329"},{"taxonomy":"post-author","embeddable":true,"href":"https:\/\/jam-news.net\/az\/wp-json\/wp\/v2\/post-author?post=3329"},{"taxonomy":"topic","embeddable":true,"href":"https:\/\/jam-news.net\/az\/wp-json\/wp\/v2\/topic?post=3329"},{"taxonomy":"tooltip","embeddable":true,"href":"https:\/\/jam-news.net\/az\/wp-json\/wp\/v2\/tooltip?post=3329"},{"taxonomy":"city","embeddable":true,"href":"https:\/\/jam-news.net\/az\/wp-json\/wp\/v2\/city?post=3329"}],"curies":[{"name":"wp","href":"https:\/\/api.w.org\/{rel}","templated":true}]}}