{"id":3302,"date":"2016-03-22T00:00:00","date_gmt":"2016-03-22T00:00:00","guid":{"rendered":"http:\/\/jam-news.net\/az\/kim-muhakim%c9%99-ed%c9%99c%c9%99k\/"},"modified":"2022-01-18T01:21:52","modified_gmt":"2022-01-17T21:21:52","slug":"kim-muhakim%c9%99-ed%c9%99c%c9%99k","status":"publish","type":"post","link":"https:\/\/jam-news.net\/az\/kim-muhakim%c9%99-ed%c9%99c%c9%99k\/","title":{"rendered":"Kim m\u00fchakim\u0259 ed\u0259c\u0259k?"},"content":{"rendered":"<p><span style='font-size: 12pt;'>C\u0259nubi Osetiyada <a href='http:\/\/presidentruo.org\/category\/respublika\/konstituciya\/' target='_blank' rel=\"noopener noreferrer\">Konstitusiya<\/a> M\u0259hk\u0259m\u0259sinin yarad\u0131lmas\u0131 haqq\u0131nda ilk d\u0259f\u0259 15 il \u0259vv\u0259l, 2001-ci ilin avqust ay\u0131nda C\u0259nubi Osetiyan\u0131n Konstitusiyas\u0131&nbsp;q\u0259bul edil\u0259n zaman dan\u0131\u015fma\u011fa ba\u015flad\u0131lar, burada &ldquo;C\u0259nubi Osetiya Respublikas\u0131n\u0131n Konstitusiya M\u0259hk\u0259m\u0259si haqq\u0131nda 8-ci madd\u0259 d\u0259 var.<\/span><\/p>\n<p><span style='font-size: 12pt;'>Amma bu qurumun real olaraq yarad\u0131lmas\u0131 m\u0259s\u0259l\u0259si h\u0259l\u0259 indi g&uuml;nd\u0259m\u0259 g\u0259ldi. Bu g&uuml;nl\u0259rd\u0259 C\u0259nubi Osetiyan\u0131n prezidenti Leonid Tibilov &ldquo;C\u0259nubi Osetiya Respublikas\u0131n\u0131n Konstitusiya m\u0259hk\u0259m\u0259sinin f\u0259aliyy\u0259t\u0259 ba\u015flamas\u0131n\u0131n t\u0259min edilm\u0259si &uuml;&ccedil;&uuml;n t\u0259dbir g&ouml;r&uuml;lm\u0259si haqda s\u0259r\u0259ncam imzalad\u0131.<\/span><\/p>\n<p><span style='font-size: 12pt;'>Bu add\u0131m\u0131 prezidentin h\u0259m siyasi opponentl\u0259ri, h\u0259m d\u0259 onun m\u0259sl\u0259kda\u015flar\u0131 d\u0259st\u0259kl\u0259dil\u0259r. O c&uuml;ml\u0259d\u0259n, birincil\u0259r\u0259 aid parlament s\u0259dri Anatoli Bibilov bildirdi ki, respublikada &ldquo;siyasi m\u0259nada z\u0259ruri olan \u0259n \u0259sas m\u0259hk\u0259m\u0259 yarad\u0131l\u0131b. \u0130kincil\u0259r\u0259 aid olan &ldquo;N\u0131xas partiyas\u0131ndan olan parlament deputat\u0131 Zita Besayeva is\u0259 bildirdi ki, &ldquo;Leonid Tibilov &ouml;z&uuml;n&uuml;n se&ccedil;kiqaba\u011f\u0131 kampaniyas\u0131 zaman\u0131 Konstitusiya m\u0259hk\u0259m\u0259sinin i\u015f\u0259 ba\u015flayaca\u011f\u0131 il\u0259 ba\u011fl\u0131 s&ouml;z vermi\u015fdi v\u0259 &ouml;z s&ouml;z&uuml;n&uuml; tutdu. <\/span><\/p>\n<p><span style='font-size: 12pt;'>Konstitusiya m\u0259hk\u0259m\u0259sinin konkret olaraq n\u0259 vaxt i\u015f\u0259 ba\u015flayaca\u011f\u0131 v\u0259 harada yerl\u0259\u015f\u0259c\u0259yi bar\u0259d\u0259 h\u0259l\u0259 he&ccedil; n\u0259 m\u0259lum deyil. Onun real f\u0259aliyy\u0259ti il\u0259 ba\u011fl\u0131 bir &ccedil;ox suallar da h\u0259l\u0259 qaranl\u0131q qal\u0131r. Suallar is\u0259 &ccedil;oxdur &ndash; Konstitusiya M\u0259hk\u0259m\u0259sinin s\u0259lahiyy\u0259tl\u0259rinin m&uuml;\u0259yy\u0259n edilm\u0259sind\u0259n tutmu\u015f onun i\u015f&ccedil;i hey\u0259tinin se&ccedil;ilm\u0259sin\u0259 q\u0259d\u0259r. <\/span><\/p>\n<p><span style='font-size: 12pt;'>B&uuml;t&uuml;n bu suallarla ba\u011fl\u0131 c\u0259miyy\u0259td\u0259 &ccedil;oxlu sayda t&ouml;vsiyy\u0259 v\u0259 \u015f&uuml;bh\u0259l\u0259r d\u0259 s\u0259sl\u0259nir. <\/span><\/p>\n<p style='text-align: center;'><strong><span style='font-size: 14pt;'>Maliyy\u0259 <\/span><\/strong><\/p>\n<p style='text-align: left;'><strong><span style='font-size: 12pt;'>Zita Besayeva:<\/span><\/strong><\/p>\n<p style='text-align: left;'><span style='font-size: 12pt;'>&ldquo;Konstitusiya m\u0259hk\u0259m\u0259sin\u0259 ehtiyac h\u0259mi\u015f\u0259 olub, sad\u0259c\u0259 imkan olmay\u0131b &ndash; ax\u0131 ba\u015fa d&uuml;\u015fm\u0259k laz\u0131md\u0131r ki, onun f\u0259aliyy\u0259ti &uuml;&ccedil;&uuml;n kadrlar, bina, i\u015f&ccedil;il\u0259rin maa\u015f\u0131 olmal\u0131d\u0131r. Leonid Tibilov ancaq Rusiyadan maliyy\u0259l\u0259\u015fdirm\u0259 il\u0259 ba\u011fl\u0131 raz\u0131l\u0131q alandan sonra Konstitusiya m\u0259hk\u0259m\u0259si haqq\u0131nda f\u0259rman\u0131 imzalad\u0131. <\/span><\/p>\n<p style='text-align: center;'><strong><span style='font-size: 14pt;'>S\u0259lahiyy\u0259tl\u0259r <\/span><\/strong><\/p>\n<p style='text-align: left;'><strong><span style='font-size: 12pt;'>Anatoli Bibilov:<\/span><\/strong><\/p>\n<p style='text-align: left;'><span style='font-size: 12pt;'>&ldquo;Bu, m\u0259hk\u0259m\u0259 islahat\u0131n\u0131n sonu deyil. Hans\u0131 i\u015fl\u0259r\u0259 Konstitusiya, hans\u0131lara Ali m\u0259hk\u0259m\u0259 t\u0259r\u0259find\u0259n bax\u0131laca\u011f\u0131 il\u0259 ba\u011fl\u0131 qayda-qanun yarad\u0131lmal\u0131d\u0131r. <\/span><\/p>\n<p style='text-align: left;'><strong><span style='font-size: 12pt;'>Timur Tsxurbat\u0131, politoloq:<\/span><\/strong><\/p>\n<p style='text-align: left;'><span style='font-size: 12pt;'>&ldquo;&Ouml;lk\u0259nin siyasi sistemini Konstitusiya M\u0259hk\u0259m\u0259si qurur. \u0130ndi, art\u0131q bizim Konstitusiya M\u0259hk\u0259m\u0259miz olandan sonra &uuml;mid etm\u0259k olar ki, tezlikl\u0259 C\u0259nubi Osetiya h\u0259yat s\u0259viyy\u0259sin\u0259 g&ouml;r\u0259 AB\u015e-\u0131 qabaqlay\u0131b ke&ccedil;\u0259c\u0259k. <\/span><\/p>\n<p style='text-align: left;'>\n<div class='youtube-video-content'><iframe class='youtube-player' data-video-id='IMQVXzWNDN8' frameborder='0' allowfullscreen='1' title='YouTube video player' width='100%' height='500px' src='https:\/\/www.youtube.com\/embed\/IMQVXzWNDN8?enablejsapi=1&amp;origin=http%3A%2F%2Fjam-news.net&amp;widgetid=1'><\/iframe><\/div>\n<\/p>\n<p style='text-align: left;'><strong><span style='font-size: 12pt;'>&#8216;M\u0259n h&uuml;quq\u015f&uuml;nas, bu sah\u0259d\u0259 d\u0259 b&ouml;y&uuml;k m&uuml;t\u0259x\u0259ssis deyil\u0259m, amma y&uuml;ks\u0259k h\u0259yat s\u0259viyy\u0259si v\u0259 &ouml;z \u0259halisinin firavan ya\u015famas\u0131 il\u0259 &ouml;y&uuml;n\u0259 bil\u0259n h\u0259r bir &ouml;lk\u0259d\u0259 Konstitusiya m\u0259hk\u0259m\u0259si var.<\/span><\/strong><\/p>\n<p style='text-align: left;'><strong><span style='font-size: 12pt;'>Onun olmamas\u0131 bizi d&uuml;nya ictimaiyy\u0259ti qar\u015f\u0131s\u0131nda n&uuml;fuzdan sald\u0131. Buna g&ouml;r\u0259 d\u0259 m\u0259n bunun m&uuml;sb\u0259t add\u0131m oldu\u011funu d&uuml;\u015f&uuml;n&uuml;r\u0259m v\u0259 &uuml;mid edir\u0259m ki, &ouml;z rolunu oynayacaq. <\/span><\/strong><\/p>\n<p style='text-align: left;'><strong><span style='font-size: 12pt;'>Bax, m\u0259nim &uuml;&ccedil;&uuml;n s\u0259ciyy\u0259vi olan n\u0259dir, n\u0259 dey\u0259 bil\u0259r\u0259m&#8230; Biz haz\u0131rda Birl\u0259\u015fmi\u015f \u015etatlara yax\u015f\u0131 m&uuml;nasib\u0259t d\u0259 b\u0259sl\u0259y\u0259 bil\u0259rik, pis m&uuml;nasib\u0259t d\u0259, amma bu fakt olaraq qal\u0131r ki, Amerika Birl\u0259\u015fmi\u015f \u015etatlar\u0131 d&uuml;nyan\u0131n apar\u0131c\u0131 d&ouml;vl\u0259tidir. <\/span><\/strong><\/p>\n<p style='text-align: left;'><strong><span style='font-size: 12pt;'>Biz ikiq&uuml;tbl&uuml; d&uuml;nya, n\u0259 bilim n\u0259l\u0259r haqq\u0131nda dan\u0131\u015fa bil\u0259rik, amma o ist\u0259nil\u0259n halda birq&uuml;tbl&uuml;d&uuml;r v\u0259 Birl\u0259\u015fmi\u015f \u015etatlar burada ba\u015f&ccedil;\u0131l\u0131q edir v\u0259 Birl\u0259\u015fmi\u015f \u015etatlar\u0131n siyasi sistemini m\u0259hz Konstitusiya M\u0259hk\u0259m\u0259si formala\u015fd\u0131r\u0131b. <\/span><\/strong><\/p>\n<p style='text-align: left;'><strong><span style='font-size: 12pt;'>Ora se&ccedil;ilmi\u015f insanlar g\u0259lirdi, onlar\u0131 yenid\u0259n se&ccedil;m\u0259k m&uuml;mk&uuml;n deyildi, onlar m&uuml;vafiq qanunlar yarad\u0131rd\u0131 v\u0259 biz bu &ouml;lk\u0259nin &ccedil;i&ccedil;\u0259kl\u0259ndiyini g&ouml;r&uuml;r&uuml;k. <\/span><\/strong><\/p>\n<p style='text-align: left;'><strong><span style='font-size: 12pt;'>&Uuml;mid edir\u0259m ki, tezlikl\u0259 C\u0259nubi Osetiya h\u0259yat s\u0259viyy\u0259sin\u0259 g&ouml;r\u0259 Birl\u0259\u015fmi\u015f \u015etatlar\u0131 qabaqlay\u0131b ke&ccedil;\u0259c\u0259k&#8217;.<\/span><\/strong><\/p>\n<p style='text-align: left;'><span style='font-size: 12pt;'><strong>Politoloq Timur Tsxurbat\u0131 dan\u0131\u015f\u0131r <\/strong><\/span><\/p>\n<p style='text-align: center;'><strong><span style='font-size: 14pt;'>Pe\u015f\u0259kar i\u015f&ccedil;il\u0259r <\/span><\/strong><\/p>\n<p style='text-align: left;'><span style='font-size: 12pt;'>Konstitusiya m\u0259hk\u0259m\u0259sinin t\u0259rkibind\u0259 be\u015f hakim olur v\u0259 onlar 10 il m&uuml;dd\u0259tin\u0259 se&ccedil;ilir. <\/span><\/p>\n<p style='text-align: left;'><span style='font-size: 12pt;'>Prezident iki namiz\u0259di \u015f\u0259xs\u0259n t\u0259yin edir v\u0259 &uuml;&ccedil;&uuml;nc&uuml; namiz\u0259di parlamentin m&uuml;zakir\u0259sin\u0259 t\u0259qdim edir. Daha iki namiz\u0259di Konstitusiya M\u0259hk\u0259m\u0259sin\u0259 parlament g&ouml;nd\u0259rir. <\/span><\/p>\n<p style='text-align: left;'><strong><span style='font-size: 12pt;'>Alan Cussoyev, &ldquo;Bizim se&ccedil;imimiz Osetiyad\u0131r ictimai-siyasi h\u0259r\u0259kat\u0131n\u0131n lideri:<\/span><\/strong><\/p>\n<p style='text-align: left;'><span style='font-size: 12pt;'>&ldquo;Haz\u0131rda idar\u0259l\u0259raras\u0131 m&uuml;qavil\u0259l\u0259r haqq\u0131nda &ccedil;oxlu s&ouml;hb\u0259tl\u0259r gedir. Konstitusiya M\u0259hk\u0259m\u0259si b&uuml;t&uuml;n bu s\u0259n\u0259dl\u0259r\u0259 qiym\u0259t ver\u0259c\u0259k, bundan ba\u015fqa da, RF v\u0259 dig\u0259r &ouml;lk\u0259l\u0259rl\u0259 m&uuml;qavil\u0259 bazas\u0131n\u0131n konstitusiyaya n\u0259 d\u0259r\u0259c\u0259d\u0259 uy\u011fun olmas\u0131 m\u0259s\u0259l\u0259sin\u0259. M\u0259murlar\u0131m\u0131z \u0259n az\u0131 daha savadl\u0131 v\u0259 daha m\u0259suliyy\u0259tli olmal\u0131d\u0131rlar, bu ilk n&ouml;vb\u0259d\u0259 D\u0130N, prokurorluq, istintaq orqanlar\u0131 v\u0259 yerli administrasiyalara aiddir. <\/span><\/p>\n<p style='text-align: left;'><strong><span style='font-size: 12pt;'>Zita Besayeva:<\/span><\/strong><\/p>\n<p style='text-align: left;'><span style='font-size: 12pt;'>&ldquo;Hesab edir\u0259m ki, bu g&uuml;n biz ali m\u0259kt\u0259bi bitir\u0259nd\u0259n sonra yax\u015f\u0131 t\u0259cr&uuml;b\u0259si olan 35 v\u0259 ondan yuxar\u0131 ya\u015f\u0131 olan h&uuml;quq\u015f&uuml;naslara &uuml;mid ed\u0259 bil\u0259rik. <\/span><\/p>\n<p style='text-align: left;'><span style='font-size: 12pt;'><strong>Sosial \u015f\u0259b\u0259k\u0259l\u0259rd\u0259ki m&uuml;zakir\u0259l\u0259rd\u0259n: <\/strong><\/span><\/p>\n<p style='text-align: left;'><span style='font-size: 12pt;'>&ldquo;K&ouml;hn\u0259, \u0259ld\u0259n d&uuml;\u015fm&uuml;\u015f kadrlar\u0131 yeni yerl\u0259r\u0259 yerl\u0259\u015fdir\u0259c\u0259kl\u0259r. \u018fslind\u0259 is\u0259 Konstitusiya M\u0259hk\u0259m\u0259sinin g\u0259l\u0259c\u0259k &uuml;zvl\u0259rinin bilik s\u0259viyy\u0259sinin yoxlan\u0131lmas\u0131 &uuml;&ccedil;&uuml;n yeni y&uuml;ks\u0259k ixtisasl\u0131 kollegiya yaratmaq v\u0259 bu kollegiyan\u0131 televiziyan\u0131n da i\u015ftirak\u0131 il\u0259 a&ccedil;\u0131q proses etm\u0259k laz\u0131md\u0131r. Bel\u0259 bir m\u0259hk\u0259m\u0259nin yarad\u0131lmas\u0131n\u0131n ad\u0259t\u0259n oldu\u011fu kimi bo\u015f bir yerd\u0259 lov\u011fal\u0131l\u0131q deyil, pe\u015f\u0259karl\u0131\u011f\u0131n oldu\u011fu halda bir m\u0259nas\u0131 var. <\/span><\/p>\n<p style='text-align: left;'><span style='color: #800000;'><strong><span style='font-size: 8pt;'>M\u0259qal\u0259d\u0259 yer alan fikirl\u0259r m&uuml;\u0259llifin terminologiyas\u0131 v\u0259 bax\u0131\u015flar\u0131n\u0131 ifad\u0259 edir v\u0259 redaksiyan\u0131n m&ouml;vqeyi il\u0259 &uuml;st-&uuml;st\u0259 d&uuml;\u015fm\u0259y\u0259 bil\u0259r.<\/span><\/strong><\/span><\/p>\n<p style='text-align: left;'><span style='color: #800000;'><strong><span style='font-size: 8pt;'>D\u0259rc edilib: 22.03.2016<\/span><\/strong><\/span><\/p>\n<p>&nbsp;<\/p>\n","protected":false},"excerpt":{"rendered":"<p>C\u0259nubi Osetiyada Konstitusiya m\u0259hk\u0259m\u0259si yarad\u0131ld\u0131 v\u0259 onun \u0259traf\u0131nda suallar bir az da artd\u0131<\/p>\n","protected":false},"author":3,"featured_media":0,"comment_status":"open","ping_status":"open","sticky":false,"template":"","format":"standard","meta":{"_acf_changed":false,"footnotes":""},"categories":[1],"tags":[],"formation":[],"post-author":[2888],"topic":[],"tooltip":[],"city":[6049],"class_list":["post-3302","post","type-post","status-publish","format-standard","hentry","category-uncategorized","post-author-jamnews","city-tbilisi"],"acf":[],"yoast_head":"<!-- This site is optimized with the Yoast SEO plugin v24.1 - https:\/\/yoast.com\/wordpress\/plugins\/seo\/ -->\n<title>Kim m\u00fchakim\u0259 ed\u0259c\u0259k? - JAMnews<\/title>\n<meta name=\"robots\" content=\"index, follow, max-snippet:-1, max-image-preview:large, max-video-preview:-1\" \/>\n<link rel=\"canonical\" href=\"https:\/\/jam-news.net\/az\/kim-muhakim\u0259-ed\u0259c\u0259k\/\" \/>\n<meta property=\"og:locale\" content=\"az_AZ\" \/>\n<meta property=\"og:type\" content=\"article\" \/>\n<meta property=\"og:title\" content=\"Kim m\u00fchakim\u0259 ed\u0259c\u0259k? - JAMnews\" \/>\n<meta property=\"og:description\" content=\"C\u0259nubi Osetiyada Konstitusiya m\u0259hk\u0259m\u0259si yarad\u0131ld\u0131 v\u0259 onun \u0259traf\u0131nda suallar bir az da artd\u0131\" \/>\n<meta property=\"og:url\" content=\"https:\/\/jam-news.net\/az\/kim-muhakim\u0259-ed\u0259c\u0259k\/\" \/>\n<meta property=\"og:site_name\" content=\"Azerbaijani Jamnews\" \/>\n<meta property=\"article:publisher\" content=\"https:\/\/www.facebook.com\/JAMnewsInEnglish\/\" \/>\n<meta property=\"article:published_time\" content=\"2016-03-22T00:00:00+00:00\" \/>\n<meta property=\"article:modified_time\" content=\"2022-01-17T21:21:52+00:00\" \/>\n<meta name=\"author\" content=\"JAMnews\" \/>\n<meta name=\"twitter:card\" content=\"summary_large_image\" \/>\n<meta name=\"twitter:creator\" content=\"@JAMnewsCaucasus\" \/>\n<meta name=\"twitter:site\" content=\"@JAMnewsCaucasus\" \/>\n<meta name=\"twitter:label1\" content=\"Written by\" \/>\n\t<meta name=\"twitter:data1\" content=\"JAMnews\" \/>\n\t<meta name=\"twitter:label2\" content=\"Est. reading time\" \/>\n\t<meta name=\"twitter:data2\" content=\"6 minutes\" \/>\n<script type=\"application\/ld+json\" class=\"yoast-schema-graph\">{\"@context\":\"https:\/\/schema.org\",\"@graph\":[{\"@type\":\"Article\",\"@id\":\"https:\/\/jam-news.net\/az\/kim-muhakim%c9%99-ed%c9%99c%c9%99k\/#article\",\"isPartOf\":{\"@id\":\"https:\/\/jam-news.net\/az\/kim-muhakim%c9%99-ed%c9%99c%c9%99k\/\"},\"author\":{\"name\":\"JAMnews\",\"@id\":\"https:\/\/jam-news.net\/az\/#\/schema\/person\/67df3bb7adb46cd513fb9c4cb02361c6\"},\"headline\":\"Kim m\u00fchakim\u0259 ed\u0259c\u0259k?\",\"datePublished\":\"2016-03-22T00:00:00+00:00\",\"dateModified\":\"2022-01-17T21:21:52+00:00\",\"mainEntityOfPage\":{\"@id\":\"https:\/\/jam-news.net\/az\/kim-muhakim%c9%99-ed%c9%99c%c9%99k\/\"},\"wordCount\":1206,\"commentCount\":0,\"publisher\":{\"@id\":\"https:\/\/jam-news.net\/az\/#organization\"},\"articleSection\":[\"Uncategorized\"],\"inLanguage\":\"az\"},{\"@type\":\"WebPage\",\"@id\":\"https:\/\/jam-news.net\/az\/kim-muhakim%c9%99-ed%c9%99c%c9%99k\/\",\"url\":\"https:\/\/jam-news.net\/az\/kim-muhakim%c9%99-ed%c9%99c%c9%99k\/\",\"name\":\"Kim m\u00fchakim\u0259 ed\u0259c\u0259k? - JAMnews\",\"isPartOf\":{\"@id\":\"https:\/\/jam-news.net\/az\/#website\"},\"datePublished\":\"2016-03-22T00:00:00+00:00\",\"dateModified\":\"2022-01-17T21:21:52+00:00\",\"breadcrumb\":{\"@id\":\"https:\/\/jam-news.net\/az\/kim-muhakim%c9%99-ed%c9%99c%c9%99k\/#breadcrumb\"},\"inLanguage\":\"az\",\"potentialAction\":[{\"@type\":\"ReadAction\",\"target\":[\"https:\/\/jam-news.net\/az\/kim-muhakim%c9%99-ed%c9%99c%c9%99k\/\"]}]},{\"@type\":\"BreadcrumbList\",\"@id\":\"https:\/\/jam-news.net\/az\/kim-muhakim%c9%99-ed%c9%99c%c9%99k\/#breadcrumb\",\"itemListElement\":[{\"@type\":\"ListItem\",\"position\":1,\"name\":\"Home\",\"item\":\"https:\/\/jam-news.net\/az\/\"},{\"@type\":\"ListItem\",\"position\":2,\"name\":\"Kim m\u00fchakim\u0259 ed\u0259c\u0259k?\"}]},{\"@type\":\"WebSite\",\"@id\":\"https:\/\/jam-news.net\/az\/#website\",\"url\":\"https:\/\/jam-news.net\/az\/\",\"name\":\"Azerbaijani Jamnews\",\"description\":\"Caucasus News, Politics and Society\",\"publisher\":{\"@id\":\"https:\/\/jam-news.net\/az\/#organization\"},\"potentialAction\":[{\"@type\":\"SearchAction\",\"target\":{\"@type\":\"EntryPoint\",\"urlTemplate\":\"https:\/\/jam-news.net\/az\/?s={search_term_string}\"},\"query-input\":{\"@type\":\"PropertyValueSpecification\",\"valueRequired\":true,\"valueName\":\"search_term_string\"}}],\"inLanguage\":\"az\"},{\"@type\":\"Organization\",\"@id\":\"https:\/\/jam-news.net\/az\/#organization\",\"name\":\"JAMnews\",\"url\":\"https:\/\/jam-news.net\/az\/\",\"logo\":{\"@type\":\"ImageObject\",\"inLanguage\":\"az\",\"@id\":\"https:\/\/jam-news.net\/az\/#\/schema\/logo\/image\/\",\"url\":\"https:\/\/jam-news.net\/app\/uploads\/2020\/05\/JAM_w.jpg\",\"contentUrl\":\"https:\/\/jam-news.net\/app\/uploads\/2020\/05\/JAM_w.jpg\",\"width\":960,\"height\":960,\"caption\":\"JAMnews\"},\"image\":{\"@id\":\"https:\/\/jam-news.net\/az\/#\/schema\/logo\/image\/\"},\"sameAs\":[\"https:\/\/www.facebook.com\/JAMnewsInEnglish\/\",\"https:\/\/x.com\/JAMnewsCaucasus\",\"https:\/\/www.instagram.com\/jam_news\/\",\"https:\/\/www.youtube.com\/channel\/UCXQbUCme2pykuZYXWHx4VPg\"]},{\"@type\":\"Person\",\"@id\":\"https:\/\/jam-news.net\/az\/#\/schema\/person\/67df3bb7adb46cd513fb9c4cb02361c6\",\"name\":\"JAMnews\",\"image\":{\"@type\":\"ImageObject\",\"inLanguage\":\"az\",\"@id\":\"https:\/\/jam-news.net\/az\/#\/schema\/person\/image\/\",\"url\":\"https:\/\/secure.gravatar.com\/avatar\/e5c27593ef900c3ab3deed4ed1c653d7?s=96&d=mm&r=g\",\"contentUrl\":\"https:\/\/secure.gravatar.com\/avatar\/e5c27593ef900c3ab3deed4ed1c653d7?s=96&d=mm&r=g\",\"caption\":\"JAMnews\"},\"url\":\"https:\/\/jam-news.net\/az\/author\/margarita\/\"}]}<\/script>\n<!-- \/ Yoast SEO plugin. -->","yoast_head_json":{"title":"Kim m\u00fchakim\u0259 ed\u0259c\u0259k? - JAMnews","robots":{"index":"index","follow":"follow","max-snippet":"max-snippet:-1","max-image-preview":"max-image-preview:large","max-video-preview":"max-video-preview:-1"},"canonical":"https:\/\/jam-news.net\/az\/kim-muhakim\u0259-ed\u0259c\u0259k\/","og_locale":"az_AZ","og_type":"article","og_title":"Kim m\u00fchakim\u0259 ed\u0259c\u0259k? - JAMnews","og_description":"C\u0259nubi Osetiyada Konstitusiya m\u0259hk\u0259m\u0259si yarad\u0131ld\u0131 v\u0259 onun \u0259traf\u0131nda suallar bir az da artd\u0131","og_url":"https:\/\/jam-news.net\/az\/kim-muhakim\u0259-ed\u0259c\u0259k\/","og_site_name":"Azerbaijani Jamnews","article_publisher":"https:\/\/www.facebook.com\/JAMnewsInEnglish\/","article_published_time":"2016-03-22T00:00:00+00:00","article_modified_time":"2022-01-17T21:21:52+00:00","author":"JAMnews","twitter_card":"summary_large_image","twitter_creator":"@JAMnewsCaucasus","twitter_site":"@JAMnewsCaucasus","twitter_misc":{"Written by":"JAMnews","Est. reading time":"6 minutes"},"schema":{"@context":"https:\/\/schema.org","@graph":[{"@type":"Article","@id":"https:\/\/jam-news.net\/az\/kim-muhakim%c9%99-ed%c9%99c%c9%99k\/#article","isPartOf":{"@id":"https:\/\/jam-news.net\/az\/kim-muhakim%c9%99-ed%c9%99c%c9%99k\/"},"author":{"name":"JAMnews","@id":"https:\/\/jam-news.net\/az\/#\/schema\/person\/67df3bb7adb46cd513fb9c4cb02361c6"},"headline":"Kim m\u00fchakim\u0259 ed\u0259c\u0259k?","datePublished":"2016-03-22T00:00:00+00:00","dateModified":"2022-01-17T21:21:52+00:00","mainEntityOfPage":{"@id":"https:\/\/jam-news.net\/az\/kim-muhakim%c9%99-ed%c9%99c%c9%99k\/"},"wordCount":1206,"commentCount":0,"publisher":{"@id":"https:\/\/jam-news.net\/az\/#organization"},"articleSection":["Uncategorized"],"inLanguage":"az"},{"@type":"WebPage","@id":"https:\/\/jam-news.net\/az\/kim-muhakim%c9%99-ed%c9%99c%c9%99k\/","url":"https:\/\/jam-news.net\/az\/kim-muhakim%c9%99-ed%c9%99c%c9%99k\/","name":"Kim m\u00fchakim\u0259 ed\u0259c\u0259k? - JAMnews","isPartOf":{"@id":"https:\/\/jam-news.net\/az\/#website"},"datePublished":"2016-03-22T00:00:00+00:00","dateModified":"2022-01-17T21:21:52+00:00","breadcrumb":{"@id":"https:\/\/jam-news.net\/az\/kim-muhakim%c9%99-ed%c9%99c%c9%99k\/#breadcrumb"},"inLanguage":"az","potentialAction":[{"@type":"ReadAction","target":["https:\/\/jam-news.net\/az\/kim-muhakim%c9%99-ed%c9%99c%c9%99k\/"]}]},{"@type":"BreadcrumbList","@id":"https:\/\/jam-news.net\/az\/kim-muhakim%c9%99-ed%c9%99c%c9%99k\/#breadcrumb","itemListElement":[{"@type":"ListItem","position":1,"name":"Home","item":"https:\/\/jam-news.net\/az\/"},{"@type":"ListItem","position":2,"name":"Kim m\u00fchakim\u0259 ed\u0259c\u0259k?"}]},{"@type":"WebSite","@id":"https:\/\/jam-news.net\/az\/#website","url":"https:\/\/jam-news.net\/az\/","name":"Azerbaijani Jamnews","description":"Caucasus News, Politics and Society","publisher":{"@id":"https:\/\/jam-news.net\/az\/#organization"},"potentialAction":[{"@type":"SearchAction","target":{"@type":"EntryPoint","urlTemplate":"https:\/\/jam-news.net\/az\/?s={search_term_string}"},"query-input":{"@type":"PropertyValueSpecification","valueRequired":true,"valueName":"search_term_string"}}],"inLanguage":"az"},{"@type":"Organization","@id":"https:\/\/jam-news.net\/az\/#organization","name":"JAMnews","url":"https:\/\/jam-news.net\/az\/","logo":{"@type":"ImageObject","inLanguage":"az","@id":"https:\/\/jam-news.net\/az\/#\/schema\/logo\/image\/","url":"https:\/\/jam-news.net\/app\/uploads\/2020\/05\/JAM_w.jpg","contentUrl":"https:\/\/jam-news.net\/app\/uploads\/2020\/05\/JAM_w.jpg","width":960,"height":960,"caption":"JAMnews"},"image":{"@id":"https:\/\/jam-news.net\/az\/#\/schema\/logo\/image\/"},"sameAs":["https:\/\/www.facebook.com\/JAMnewsInEnglish\/","https:\/\/x.com\/JAMnewsCaucasus","https:\/\/www.instagram.com\/jam_news\/","https:\/\/www.youtube.com\/channel\/UCXQbUCme2pykuZYXWHx4VPg"]},{"@type":"Person","@id":"https:\/\/jam-news.net\/az\/#\/schema\/person\/67df3bb7adb46cd513fb9c4cb02361c6","name":"JAMnews","image":{"@type":"ImageObject","inLanguage":"az","@id":"https:\/\/jam-news.net\/az\/#\/schema\/person\/image\/","url":"https:\/\/secure.gravatar.com\/avatar\/e5c27593ef900c3ab3deed4ed1c653d7?s=96&d=mm&r=g","contentUrl":"https:\/\/secure.gravatar.com\/avatar\/e5c27593ef900c3ab3deed4ed1c653d7?s=96&d=mm&r=g","caption":"JAMnews"},"url":"https:\/\/jam-news.net\/az\/author\/margarita\/"}]}},"_links":{"self":[{"href":"https:\/\/jam-news.net\/az\/wp-json\/wp\/v2\/posts\/3302","targetHints":{"allow":["GET"]}}],"collection":[{"href":"https:\/\/jam-news.net\/az\/wp-json\/wp\/v2\/posts"}],"about":[{"href":"https:\/\/jam-news.net\/az\/wp-json\/wp\/v2\/types\/post"}],"author":[{"embeddable":true,"href":"https:\/\/jam-news.net\/az\/wp-json\/wp\/v2\/users\/3"}],"replies":[{"embeddable":true,"href":"https:\/\/jam-news.net\/az\/wp-json\/wp\/v2\/comments?post=3302"}],"version-history":[{"count":1,"href":"https:\/\/jam-news.net\/az\/wp-json\/wp\/v2\/posts\/3302\/revisions"}],"predecessor-version":[{"id":16389,"href":"https:\/\/jam-news.net\/az\/wp-json\/wp\/v2\/posts\/3302\/revisions\/16389"}],"wp:attachment":[{"href":"https:\/\/jam-news.net\/az\/wp-json\/wp\/v2\/media?parent=3302"}],"wp:term":[{"taxonomy":"category","embeddable":true,"href":"https:\/\/jam-news.net\/az\/wp-json\/wp\/v2\/categories?post=3302"},{"taxonomy":"post_tag","embeddable":true,"href":"https:\/\/jam-news.net\/az\/wp-json\/wp\/v2\/tags?post=3302"},{"taxonomy":"formation","embeddable":true,"href":"https:\/\/jam-news.net\/az\/wp-json\/wp\/v2\/formation?post=3302"},{"taxonomy":"post-author","embeddable":true,"href":"https:\/\/jam-news.net\/az\/wp-json\/wp\/v2\/post-author?post=3302"},{"taxonomy":"topic","embeddable":true,"href":"https:\/\/jam-news.net\/az\/wp-json\/wp\/v2\/topic?post=3302"},{"taxonomy":"tooltip","embeddable":true,"href":"https:\/\/jam-news.net\/az\/wp-json\/wp\/v2\/tooltip?post=3302"},{"taxonomy":"city","embeddable":true,"href":"https:\/\/jam-news.net\/az\/wp-json\/wp\/v2\/city?post=3302"}],"curies":[{"name":"wp","href":"https:\/\/api.w.org\/{rel}","templated":true}]}}