{"id":3299,"date":"2016-03-19T00:00:00","date_gmt":"2016-03-19T00:00:00","guid":{"rendered":"http:\/\/jam-news.net\/az\/bu-s%c9%99n%c9%99-aiddir\/"},"modified":"2020-03-18T10:46:30","modified_gmt":"2020-03-18T10:46:30","slug":"bu-s%c9%99n%c9%99-aiddir","status":"publish","type":"post","link":"https:\/\/jam-news.net\/az\/bu-s%c9%99n%c9%99-aiddir\/","title":{"rendered":"&#8220;Bu, s\u0259n\u0259 aiddir&#8221;"},"content":{"rendered":"<p><span style='font-size: 12pt;'>&ldquo;Bu, s\u0259n\u0259 aiddir h\u0259r\u0259kat\u0131 etiraz aksiyas\u0131 ke&ccedil;irir. Qeyri-h&ouml;kum\u0259t t\u0259\u015fkilatlar\u0131 t\u0259r\u0259find\u0259n ba\u015flan\u0131lan birg\u0259 &ldquo;Bu, s\u0259n\u0259 aiddir kampaniyas\u0131 v\u0259t\u0259nda\u015flar\u0131n \u015f\u0259xsi h\u0259yat\u0131na aid materiallar\u0131n qeyri-qanuni dinl\u0259nm\u0259si v\u0259 yay\u0131lmas\u0131na qar\u015f\u0131 etiraz edir. Kampaniya i\u015ftirak&ccedil;\u0131lar\u0131 t&ouml;r\u0259dil\u0259n cinay\u0259tl\u0259rin operativ v\u0259 h\u0259rt\u0259r\u0259fli ara\u015fd\u0131r\u0131lmas\u0131n\u0131 t\u0259l\u0259b edir.<\/span><\/p>\n<p><span style='font-size: 12pt;'>Aksiya i\u015ftirak&ccedil;\u0131lar\u0131 filarmoniyan\u0131n konsert zal\u0131n\u0131n binas\u0131 qar\u015f\u0131s\u0131nda 13:00-da y\u0131\u011f\u0131\u015fma\u011fa ba\u015flay\u0131blar.<\/span><\/p>\n<p><span style='font-size: 12pt;'>&ldquo;Bizim s\u0259simizi e\u015fidin, x\u0259lv\u0259tc\u0259 dinl\u0259m\u0259yin<\/span><\/p>\n<p><span style='font-size: 12pt;'>&ldquo;Ba\u015fqalar\u0131n\u0131n \u015f\u0259xsi h\u0259yat\u0131 m\u0259ni maraqland\u0131rm\u0131r, amma m\u0259nim reaksiyamla ba\u015fqalar\u0131n\u0131n h\u0259d\u0259l\u0259nm\u0259sinin m\u0259n\u0259 d\u0259xli var<\/span><\/p>\n<p><span style='font-size: 12pt;'>&ldquo;Qeyri-qanuni gizli dinl\u0259m\u0259 qanunil\u0259\u015fdirilib &ndash; aksiya i\u015ftirak&ccedil;\u0131lar\u0131 bu m\u0259zmunlu plakatlarla hakimiyy\u0259tin d\u0259ft\u0259rxana binas\u0131n\u0131n qar\u015f\u0131s\u0131na y&uuml;r&uuml;\u015f edibl\u0259r.<\/span><\/p>\n<p><span style='font-size: 12pt;'><\/p>\n<div class='youtube-video-content'><iframe class='youtube-player' data-video-id='RrT6EMdFG7w' frameborder='0' allowfullscreen='1' title='YouTube video player' width='100%' height='500px' src='https:\/\/www.youtube.com\/embed\/RrT6EMdFG7w?enablejsapi=1&amp;origin=http%3A%2F%2Fjam-news.net&amp;widgetid=1'><\/iframe><\/div>\n<p><\/span><\/p>\n<p><span style='font-size: 12pt;'>Qeyri-h&ouml;kum\u0259t t\u0259\u015fkilatlar\u0131 h\u0259m d\u0259 hakimiyy\u0259td\u0259n qanunvericiliy\u0259 m&uuml;vafiq d&uuml;z\u0259li\u015fl\u0259r etm\u0259yi t\u0259l\u0259b edibl\u0259r:<\/span><\/p>\n<p><span style='font-size: 12pt;'>&ldquo;Bu, s\u0259n\u0259 aiddir h\u0259r\u0259kat\u0131n\u0131n &uuml;zvl\u0259ri h&uuml;quq-m&uuml;hafiz\u0259 orqanlar\u0131na v\u0259t\u0259nda\u015flar\u0131 n\u0259zar\u0259tsiz izl\u0259m\u0259k h&uuml;ququ ver\u0259n qanuna d\u0259yi\u015fiklikl\u0259r edilm\u0259sini ist\u0259yir. <\/span><br \/><span style='font-size: 12pt;'>\u0130kinci t\u0259l\u0259b &ndash; effektiv ara\u015fd\u0131rman\u0131n apar\u0131lmas\u0131 v\u0259 ona beyn\u0259lxalq ekspertl\u0259rin c\u0259lb edilm\u0259si. <\/span><br \/><span style='font-size: 12pt;'>&Uuml;&ccedil;&uuml;nc&uuml; t\u0259l\u0259b &ndash; h&uuml;quq-m&uuml;hafiz\u0259 orqanlar\u0131 t\u0259r\u0259find\u0259n c\u0259zas\u0131zl\u0131q sindromunun k&ouml;k&uuml;n&uuml;n k\u0259silm\u0259si m\u0259qs\u0259dil\u0259 t&ouml;r\u0259dil\u0259n qanun pozuntular\u0131n\u0131n ara\u015fd\u0131r\u0131lmas\u0131 &uuml;&ccedil;&uuml;n m&uuml;st\u0259qil istintaq orqan\u0131n\u0131n yarad\u0131lmas\u0131.<\/span><\/p>\n<p><span style='font-size: 12pt;'>Aksiya sosial \u015f\u0259b\u0259k\u0259l\u0259rd\u0259 planla\u015fd\u0131r\u0131l\u0131b v\u0259 aksiyada v\u0259t\u0259nda\u015f sektorunun n&uuml;may\u0259nd\u0259l\u0259ri il\u0259 birlikd\u0259 aktyorlar, m&uuml;\u011f\u0259nnil\u0259r, idman&ccedil;\u0131lar v\u0259 s\u0131ravi v\u0259t\u0259nda\u015flar i\u015ftirak edibl\u0259r.<\/span><\/p>\n<p><span style='font-size: 12pt;'><\/p>\n<div class='youtube-video-content'><iframe class='youtube-player' data-video-id='z1wzgRpX43M' frameborder='0' allowfullscreen='1' title='YouTube video player' width='100%' height='500px' src='https:\/\/www.youtube.com\/embed\/z1wzgRpX43M?enablejsapi=1&amp;origin=http%3A%2F%2Fjam-news.net&amp;widgetid=1'><\/iframe><\/div>\n<p><\/span><\/p>\n<p><span style='font-size: 12pt;'>&ldquo;Biz burada \u015f\u0259xsi h\u0259yata m&uuml;daxil\u0259, izl\u0259m\u0259, gizli dinl\u0259m\u0259y\u0259 qar\u015f\u0131 etiraz etm\u0259k &uuml;&ccedil;&uuml;n y\u0131\u011f\u0131\u015fm\u0131\u015f\u0131q, y\u0259ni ke&ccedil;mi\u015f hakimiyy\u0259tin vaxt\u0131nda m&ouml;vcud olan, indiki hakimiyy\u0259tin d\u0259 bu problemin h\u0259lli &uuml;&ccedil;&uuml;n m&uuml;vafiq t\u0259dbirl\u0259r g&ouml;rm\u0259diyi praktikaya qar\u015f\u0131.&nbsp;<\/span><\/p>\n<p><span style='font-size: 12pt;'>&ldquo;He&ccedil; kimin bizi yataq otaqlar\u0131m\u0131zda izl\u0259m\u0259k v\u0259 he&ccedil; kimin bizi \u015f\u0259xsi h\u0259yat\u0131m\u0131zla ba\u011fl\u0131 \u015fantaj etm\u0259y\u0259 ixtiyar\u0131 yoxdur.<\/span><\/p>\n<p><span style='font-size: 12pt;'>&nbsp;&ldquo;Biz se&ccedil;im etm\u0259liyik &ndash; ya demokratik d\u0259y\u0259rl\u0259ri olan sivil d&uuml;nyada ya\u015famaq, ya da sovet ke&ccedil;mi\u015fimizl\u0259 ya\u015famaqda davam etm\u0259k.<\/span><\/p>\n<p><span style='font-size: 12pt;'>&nbsp;&ldquo;\u015e\u0259xs\u0259n m\u0259n hesab edir\u0259m ki, hakimiyy\u0259t t\u0259r\u0259find\u0259n m&uuml;vafiq ciddi t\u0259dbirl\u0259r g&ouml;r&uuml;lm\u0259s\u0259, g\u0259l\u0259c\u0259kd\u0259 kadrlar\u0131n davam\u0131 da g\u0259l\u0259c\u0259k.<\/span><\/p>\n<p><span style='font-size: 12pt;'>&ldquo;B&uuml;t&uuml;n bunlar &ccedil;ox xo\u015fdur v\u0259 c\u0259miyy\u0259timizin y&uuml;ks\u0259k s\u0259viyy\u0259d\u0259 olmas\u0131ndan x\u0259b\u0259r verir. Bu aksiyada m\u0259n s\u0131ravi v\u0259t\u0259nda\u015f, jurnalist kimi i\u015ftirak edir\u0259m. B&uuml;t&uuml;n bunlar m\u0259n\u0259 d\u0259 aiddir. M\u0259n s&ouml;z verdim ki, &ouml;z t\u0259r\u0259fimd\u0259n bu x\u0259st\u0259 manyaklar\u0131n kim oldu\u011funu m&uuml;\u0259yy\u0259n etm\u0259k &uuml;&ccedil;&uuml;n \u0259limd\u0259n g\u0259l\u0259ni ed\u0259c\u0259m v\u0259 bu insanlar\u0131n h\u0259bs\u0259 at\u0131lmas\u0131 &uuml;&ccedil;&uuml;n b&uuml;t&uuml;n g&uuml;c&uuml;m&uuml; v\u0259 enerjimi s\u0259rf ed\u0259c\u0259m.<\/span><\/p>\n<p><span style='font-size: 12pt;'>&nbsp; &ldquo;&Ouml;lk\u0259d\u0259 bu c&uuml;r hadis\u0259l\u0259rin ba\u015f verdiyi zaman evd\u0259 oturmaq olmaz. Bizim ham\u0131m\u0131z ba\u015f ver\u0259nl\u0259r\u0259 qar\u015f\u0131 etiraz etm\u0259liyik. Biz ilk n&ouml;vb\u0259d\u0259 bunu ed\u0259nl\u0259r\u0259 qar\u015f\u0131 &ouml;z etiraz s\u0259simizi ucaltmal\u0131y\u0131q.<\/span><\/p>\n<p><span style='font-size: 12pt;'>&nbsp; &ldquo;B&uuml;t&uuml;n m\u0259suliyy\u0259t \u0259lb\u0259tt\u0259 ki, hakimiyy\u0259tin &uuml;z\u0259rin\u0259 d&uuml;\u015f&uuml;r. B\u0259lk\u0259 ba\u015fqalar\u0131n\u0131n da m\u0259suliyy\u0259ti var, amma biz onlar\u0131 tan\u0131m\u0131r\u0131q, hakimiyy\u0259t ba\u015f\u0131nda olanlar\u0131 is\u0259 tan\u0131y\u0131r\u0131q.<\/span><\/p>\n<p><span style='font-size: 12pt;'>&nbsp; &ldquo;Bu, ham\u0131ya aiddir. Bu, biz\u0259 aiddir. Bu, s\u0259n\u0259 aiddir &ndash; dem\u0259li, bizim yerimiz burdad\u0131r. Biz &ouml;z v\u0259t\u0259nda\u015flar\u0131m\u0131za qar\u015f\u0131 m\u0259n\u0259vi terrora bir d\u0259f\u0259lik son qoymaq &uuml;&ccedil;&uuml;n h\u0259mr\u0259y olmal\u0131y\u0131q.<\/span><\/p>\n<p><span style='font-size: 12pt;'>&nbsp; &ldquo;Biz \u0259vv\u0259l-ax\u0131r \u015f\u0259xsi h\u0259yat\u0131n sad\u0259c\u0259 \u015f\u0259xsi h\u0259yat oldu\u011funu anlayaca\u011f\u0131q v\u0259 \u0259g\u0259r kimins\u0259 kim\u0259s\u0259 qar\u015f\u0131 \u015f\u0259xsi \u0259dav\u0259ti varsa, bunun d&uuml;zg&uuml;n m&uuml;bariz\u0259 &uuml;sullar\u0131 se&ccedil;ilm\u0259lidir. Bu c&uuml;r &ccedil;irkin yollarla siyasi xal toplamaq olmaz.<\/span><\/p>\n<p><span style='font-size: 12pt;'>&ldquo;Biz hakimiyy\u0259timiz\u0259 anla\u015f\u0131ql\u0131 dild\u0259 ba\u015fa salmal\u0131y\u0131q ki, ke&ccedil;ilm\u0259li olmayan q\u0131rm\u0131z\u0131 x\u0259tt, h\u0259dd var.<\/span><\/p>\n<p><span style='font-size: 12pt;'>&nbsp;&ldquo;Biz b&uuml;t&uuml;n bunlar\u0131n qurban\u0131 olanlarla h\u0259mr\u0259yik.<\/span><\/p>\n<p><span style='font-size: 12pt;'>&nbsp;&ldquo;Bu, ictimai etiraz c\u0259miyy\u0259t &uuml;&ccedil;&uuml;n &ccedil;ox vacibdir. Y\u0259qin ki, ist\u0259nil\u0259n c\u0259miyy\u0259t bu c&uuml;r inki\u015faf edir.<\/span><\/p>\n<p>&nbsp;<\/p>\n<p>Tbilisid\u0259n ba\u015fqa, kampaniya &ccedil;\u0259r&ccedil;iv\u0259sind\u0259 aksiyalar h\u0259m d\u0259 Telavi, Batumi, Zuqdidi v\u0259 Qorid\u0259 ke&ccedil;irilib.<\/p>\n<p>&nbsp;<\/p>\n<p><span style='color: #993300; font-size: 8pt;'>D\u0259rc edilib: 19.03.2016<\/span><\/p>\n<p>&nbsp;<\/p>\n","protected":false},"excerpt":{"rendered":"<p>Gizli video-yaz\u0131lar\u0131n yay\u0131lmas\u0131na qar\u015f\u0131 etiraz aksiyas\u0131 ke\u00e7irilib<\/p>\n","protected":false},"author":3,"featured_media":0,"comment_status":"open","ping_status":"open","sticky":false,"template":"","format":"standard","meta":{"_acf_changed":false,"footnotes":""},"categories":[1],"tags":[],"formation":[],"post-author":[2888],"topic":[],"tooltip":[],"city":[],"class_list":["post-3299","post","type-post","status-publish","format-standard","hentry","category-uncategorized","post-author-jamnews"],"acf":[],"yoast_head":"<!-- This site is optimized with the Yoast SEO plugin v24.1 - https:\/\/yoast.com\/wordpress\/plugins\/seo\/ -->\n<title>&quot;Bu, s\u0259n\u0259 aiddir&quot; - JAMnews<\/title>\n<meta name=\"robots\" content=\"index, follow, max-snippet:-1, max-image-preview:large, max-video-preview:-1\" \/>\n<link rel=\"canonical\" href=\"https:\/\/jam-news.net\/az\/bu-s\u0259n\u0259-aiddir\/\" \/>\n<meta property=\"og:locale\" content=\"az_AZ\" \/>\n<meta property=\"og:type\" content=\"article\" \/>\n<meta property=\"og:title\" content=\"&quot;Bu, s\u0259n\u0259 aiddir&quot; - JAMnews\" \/>\n<meta property=\"og:description\" content=\"Gizli video-yaz\u0131lar\u0131n yay\u0131lmas\u0131na qar\u015f\u0131 etiraz aksiyas\u0131 ke\u00e7irilib\" \/>\n<meta property=\"og:url\" content=\"https:\/\/jam-news.net\/az\/bu-s\u0259n\u0259-aiddir\/\" \/>\n<meta property=\"og:site_name\" content=\"Azerbaijani Jamnews\" \/>\n<meta property=\"article:publisher\" content=\"https:\/\/www.facebook.com\/JAMnewsInEnglish\/\" \/>\n<meta property=\"article:published_time\" content=\"2016-03-19T00:00:00+00:00\" \/>\n<meta property=\"article:modified_time\" content=\"2020-03-18T10:46:30+00:00\" \/>\n<meta name=\"author\" content=\"JAMnews\" \/>\n<meta name=\"twitter:card\" content=\"summary_large_image\" \/>\n<meta name=\"twitter:creator\" content=\"@JAMnewsCaucasus\" \/>\n<meta name=\"twitter:site\" content=\"@JAMnewsCaucasus\" \/>\n<meta name=\"twitter:label1\" content=\"Written by\" \/>\n\t<meta name=\"twitter:data1\" content=\"JAMnews\" \/>\n\t<meta name=\"twitter:label2\" content=\"Est. reading time\" \/>\n\t<meta name=\"twitter:data2\" content=\"5 minutes\" \/>\n<script type=\"application\/ld+json\" class=\"yoast-schema-graph\">{\"@context\":\"https:\/\/schema.org\",\"@graph\":[{\"@type\":\"Article\",\"@id\":\"https:\/\/jam-news.net\/az\/bu-s%c9%99n%c9%99-aiddir\/#article\",\"isPartOf\":{\"@id\":\"https:\/\/jam-news.net\/az\/bu-s%c9%99n%c9%99-aiddir\/\"},\"author\":{\"name\":\"JAMnews\",\"@id\":\"https:\/\/jam-news.net\/az\/#\/schema\/person\/67df3bb7adb46cd513fb9c4cb02361c6\"},\"headline\":\"&#8220;Bu, s\u0259n\u0259 aiddir&#8221;\",\"datePublished\":\"2016-03-19T00:00:00+00:00\",\"dateModified\":\"2020-03-18T10:46:30+00:00\",\"mainEntityOfPage\":{\"@id\":\"https:\/\/jam-news.net\/az\/bu-s%c9%99n%c9%99-aiddir\/\"},\"wordCount\":985,\"commentCount\":0,\"publisher\":{\"@id\":\"https:\/\/jam-news.net\/az\/#organization\"},\"articleSection\":[\"Uncategorized\"],\"inLanguage\":\"az\"},{\"@type\":\"WebPage\",\"@id\":\"https:\/\/jam-news.net\/az\/bu-s%c9%99n%c9%99-aiddir\/\",\"url\":\"https:\/\/jam-news.net\/az\/bu-s%c9%99n%c9%99-aiddir\/\",\"name\":\"\\\"Bu, s\u0259n\u0259 aiddir\\\" - JAMnews\",\"isPartOf\":{\"@id\":\"https:\/\/jam-news.net\/az\/#website\"},\"datePublished\":\"2016-03-19T00:00:00+00:00\",\"dateModified\":\"2020-03-18T10:46:30+00:00\",\"breadcrumb\":{\"@id\":\"https:\/\/jam-news.net\/az\/bu-s%c9%99n%c9%99-aiddir\/#breadcrumb\"},\"inLanguage\":\"az\",\"potentialAction\":[{\"@type\":\"ReadAction\",\"target\":[\"https:\/\/jam-news.net\/az\/bu-s%c9%99n%c9%99-aiddir\/\"]}]},{\"@type\":\"BreadcrumbList\",\"@id\":\"https:\/\/jam-news.net\/az\/bu-s%c9%99n%c9%99-aiddir\/#breadcrumb\",\"itemListElement\":[{\"@type\":\"ListItem\",\"position\":1,\"name\":\"Home\",\"item\":\"https:\/\/jam-news.net\/az\/\"},{\"@type\":\"ListItem\",\"position\":2,\"name\":\"&#8220;Bu, s\u0259n\u0259 aiddir&#8221;\"}]},{\"@type\":\"WebSite\",\"@id\":\"https:\/\/jam-news.net\/az\/#website\",\"url\":\"https:\/\/jam-news.net\/az\/\",\"name\":\"Azerbaijani Jamnews\",\"description\":\"Caucasus News, Politics and Society\",\"publisher\":{\"@id\":\"https:\/\/jam-news.net\/az\/#organization\"},\"potentialAction\":[{\"@type\":\"SearchAction\",\"target\":{\"@type\":\"EntryPoint\",\"urlTemplate\":\"https:\/\/jam-news.net\/az\/?s={search_term_string}\"},\"query-input\":{\"@type\":\"PropertyValueSpecification\",\"valueRequired\":true,\"valueName\":\"search_term_string\"}}],\"inLanguage\":\"az\"},{\"@type\":\"Organization\",\"@id\":\"https:\/\/jam-news.net\/az\/#organization\",\"name\":\"JAMnews\",\"url\":\"https:\/\/jam-news.net\/az\/\",\"logo\":{\"@type\":\"ImageObject\",\"inLanguage\":\"az\",\"@id\":\"https:\/\/jam-news.net\/az\/#\/schema\/logo\/image\/\",\"url\":\"https:\/\/jam-news.net\/app\/uploads\/2020\/05\/JAM_w.jpg\",\"contentUrl\":\"https:\/\/jam-news.net\/app\/uploads\/2020\/05\/JAM_w.jpg\",\"width\":960,\"height\":960,\"caption\":\"JAMnews\"},\"image\":{\"@id\":\"https:\/\/jam-news.net\/az\/#\/schema\/logo\/image\/\"},\"sameAs\":[\"https:\/\/www.facebook.com\/JAMnewsInEnglish\/\",\"https:\/\/x.com\/JAMnewsCaucasus\",\"https:\/\/www.instagram.com\/jam_news\/\",\"https:\/\/www.youtube.com\/channel\/UCXQbUCme2pykuZYXWHx4VPg\"]},{\"@type\":\"Person\",\"@id\":\"https:\/\/jam-news.net\/az\/#\/schema\/person\/67df3bb7adb46cd513fb9c4cb02361c6\",\"name\":\"JAMnews\",\"image\":{\"@type\":\"ImageObject\",\"inLanguage\":\"az\",\"@id\":\"https:\/\/jam-news.net\/az\/#\/schema\/person\/image\/\",\"url\":\"https:\/\/secure.gravatar.com\/avatar\/e5c27593ef900c3ab3deed4ed1c653d7?s=96&d=mm&r=g\",\"contentUrl\":\"https:\/\/secure.gravatar.com\/avatar\/e5c27593ef900c3ab3deed4ed1c653d7?s=96&d=mm&r=g\",\"caption\":\"JAMnews\"},\"url\":\"https:\/\/jam-news.net\/az\/author\/margarita\/\"}]}<\/script>\n<!-- \/ Yoast SEO plugin. -->","yoast_head_json":{"title":"\"Bu, s\u0259n\u0259 aiddir\" - JAMnews","robots":{"index":"index","follow":"follow","max-snippet":"max-snippet:-1","max-image-preview":"max-image-preview:large","max-video-preview":"max-video-preview:-1"},"canonical":"https:\/\/jam-news.net\/az\/bu-s\u0259n\u0259-aiddir\/","og_locale":"az_AZ","og_type":"article","og_title":"\"Bu, s\u0259n\u0259 aiddir\" - JAMnews","og_description":"Gizli video-yaz\u0131lar\u0131n yay\u0131lmas\u0131na qar\u015f\u0131 etiraz aksiyas\u0131 ke\u00e7irilib","og_url":"https:\/\/jam-news.net\/az\/bu-s\u0259n\u0259-aiddir\/","og_site_name":"Azerbaijani Jamnews","article_publisher":"https:\/\/www.facebook.com\/JAMnewsInEnglish\/","article_published_time":"2016-03-19T00:00:00+00:00","article_modified_time":"2020-03-18T10:46:30+00:00","author":"JAMnews","twitter_card":"summary_large_image","twitter_creator":"@JAMnewsCaucasus","twitter_site":"@JAMnewsCaucasus","twitter_misc":{"Written by":"JAMnews","Est. reading time":"5 minutes"},"schema":{"@context":"https:\/\/schema.org","@graph":[{"@type":"Article","@id":"https:\/\/jam-news.net\/az\/bu-s%c9%99n%c9%99-aiddir\/#article","isPartOf":{"@id":"https:\/\/jam-news.net\/az\/bu-s%c9%99n%c9%99-aiddir\/"},"author":{"name":"JAMnews","@id":"https:\/\/jam-news.net\/az\/#\/schema\/person\/67df3bb7adb46cd513fb9c4cb02361c6"},"headline":"&#8220;Bu, s\u0259n\u0259 aiddir&#8221;","datePublished":"2016-03-19T00:00:00+00:00","dateModified":"2020-03-18T10:46:30+00:00","mainEntityOfPage":{"@id":"https:\/\/jam-news.net\/az\/bu-s%c9%99n%c9%99-aiddir\/"},"wordCount":985,"commentCount":0,"publisher":{"@id":"https:\/\/jam-news.net\/az\/#organization"},"articleSection":["Uncategorized"],"inLanguage":"az"},{"@type":"WebPage","@id":"https:\/\/jam-news.net\/az\/bu-s%c9%99n%c9%99-aiddir\/","url":"https:\/\/jam-news.net\/az\/bu-s%c9%99n%c9%99-aiddir\/","name":"\"Bu, s\u0259n\u0259 aiddir\" - JAMnews","isPartOf":{"@id":"https:\/\/jam-news.net\/az\/#website"},"datePublished":"2016-03-19T00:00:00+00:00","dateModified":"2020-03-18T10:46:30+00:00","breadcrumb":{"@id":"https:\/\/jam-news.net\/az\/bu-s%c9%99n%c9%99-aiddir\/#breadcrumb"},"inLanguage":"az","potentialAction":[{"@type":"ReadAction","target":["https:\/\/jam-news.net\/az\/bu-s%c9%99n%c9%99-aiddir\/"]}]},{"@type":"BreadcrumbList","@id":"https:\/\/jam-news.net\/az\/bu-s%c9%99n%c9%99-aiddir\/#breadcrumb","itemListElement":[{"@type":"ListItem","position":1,"name":"Home","item":"https:\/\/jam-news.net\/az\/"},{"@type":"ListItem","position":2,"name":"&#8220;Bu, s\u0259n\u0259 aiddir&#8221;"}]},{"@type":"WebSite","@id":"https:\/\/jam-news.net\/az\/#website","url":"https:\/\/jam-news.net\/az\/","name":"Azerbaijani Jamnews","description":"Caucasus News, Politics and Society","publisher":{"@id":"https:\/\/jam-news.net\/az\/#organization"},"potentialAction":[{"@type":"SearchAction","target":{"@type":"EntryPoint","urlTemplate":"https:\/\/jam-news.net\/az\/?s={search_term_string}"},"query-input":{"@type":"PropertyValueSpecification","valueRequired":true,"valueName":"search_term_string"}}],"inLanguage":"az"},{"@type":"Organization","@id":"https:\/\/jam-news.net\/az\/#organization","name":"JAMnews","url":"https:\/\/jam-news.net\/az\/","logo":{"@type":"ImageObject","inLanguage":"az","@id":"https:\/\/jam-news.net\/az\/#\/schema\/logo\/image\/","url":"https:\/\/jam-news.net\/app\/uploads\/2020\/05\/JAM_w.jpg","contentUrl":"https:\/\/jam-news.net\/app\/uploads\/2020\/05\/JAM_w.jpg","width":960,"height":960,"caption":"JAMnews"},"image":{"@id":"https:\/\/jam-news.net\/az\/#\/schema\/logo\/image\/"},"sameAs":["https:\/\/www.facebook.com\/JAMnewsInEnglish\/","https:\/\/x.com\/JAMnewsCaucasus","https:\/\/www.instagram.com\/jam_news\/","https:\/\/www.youtube.com\/channel\/UCXQbUCme2pykuZYXWHx4VPg"]},{"@type":"Person","@id":"https:\/\/jam-news.net\/az\/#\/schema\/person\/67df3bb7adb46cd513fb9c4cb02361c6","name":"JAMnews","image":{"@type":"ImageObject","inLanguage":"az","@id":"https:\/\/jam-news.net\/az\/#\/schema\/person\/image\/","url":"https:\/\/secure.gravatar.com\/avatar\/e5c27593ef900c3ab3deed4ed1c653d7?s=96&d=mm&r=g","contentUrl":"https:\/\/secure.gravatar.com\/avatar\/e5c27593ef900c3ab3deed4ed1c653d7?s=96&d=mm&r=g","caption":"JAMnews"},"url":"https:\/\/jam-news.net\/az\/author\/margarita\/"}]}},"_links":{"self":[{"href":"https:\/\/jam-news.net\/az\/wp-json\/wp\/v2\/posts\/3299","targetHints":{"allow":["GET"]}}],"collection":[{"href":"https:\/\/jam-news.net\/az\/wp-json\/wp\/v2\/posts"}],"about":[{"href":"https:\/\/jam-news.net\/az\/wp-json\/wp\/v2\/types\/post"}],"author":[{"embeddable":true,"href":"https:\/\/jam-news.net\/az\/wp-json\/wp\/v2\/users\/3"}],"replies":[{"embeddable":true,"href":"https:\/\/jam-news.net\/az\/wp-json\/wp\/v2\/comments?post=3299"}],"version-history":[{"count":1,"href":"https:\/\/jam-news.net\/az\/wp-json\/wp\/v2\/posts\/3299\/revisions"}],"predecessor-version":[{"id":16393,"href":"https:\/\/jam-news.net\/az\/wp-json\/wp\/v2\/posts\/3299\/revisions\/16393"}],"wp:attachment":[{"href":"https:\/\/jam-news.net\/az\/wp-json\/wp\/v2\/media?parent=3299"}],"wp:term":[{"taxonomy":"category","embeddable":true,"href":"https:\/\/jam-news.net\/az\/wp-json\/wp\/v2\/categories?post=3299"},{"taxonomy":"post_tag","embeddable":true,"href":"https:\/\/jam-news.net\/az\/wp-json\/wp\/v2\/tags?post=3299"},{"taxonomy":"formation","embeddable":true,"href":"https:\/\/jam-news.net\/az\/wp-json\/wp\/v2\/formation?post=3299"},{"taxonomy":"post-author","embeddable":true,"href":"https:\/\/jam-news.net\/az\/wp-json\/wp\/v2\/post-author?post=3299"},{"taxonomy":"topic","embeddable":true,"href":"https:\/\/jam-news.net\/az\/wp-json\/wp\/v2\/topic?post=3299"},{"taxonomy":"tooltip","embeddable":true,"href":"https:\/\/jam-news.net\/az\/wp-json\/wp\/v2\/tooltip?post=3299"},{"taxonomy":"city","embeddable":true,"href":"https:\/\/jam-news.net\/az\/wp-json\/wp\/v2\/city?post=3299"}],"curies":[{"name":"wp","href":"https:\/\/api.w.org\/{rel}","templated":true}]}}