{"id":32371,"date":"2020-07-29T22:23:18","date_gmt":"2020-07-29T18:23:18","guid":{"rendered":"http:\/\/jam-news.net\/az\/?p=32371"},"modified":"2022-01-18T00:36:48","modified_gmt":"2022-01-17T20:36:48","slug":"hekay%c9%99l%c9%99r-az%c9%99rbaycanlilar-xaricd%c9%99-karantin","status":"publish","type":"post","link":"https:\/\/jam-news.net\/az\/hekay%c9%99l%c9%99r-az%c9%99rbaycanlilar-xaricd%c9%99-karantin\/","title":{"rendered":"Pandemiya zaman\u0131 Az\u0259rbaycana qay\u0131da bilm\u0259y\u0259nl\u0259r \u2013 bu, yax\u015f\u0131d\u0131r, ya pis?"},"content":{"rendered":"\n<p>Koronavirus pandemiyas\u0131 bir \u00e7ox az\u0259rbaycanl\u0131lar\u0131 \u00f6lk\u0259 h\u00fcdudlar\u0131ndan k\u0259narda yaxalay\u0131b. Kims\u0259 xaricd\u0259 i\u015fl\u0259yir, kims\u0259 t\u0259hsil al\u0131r. S\u0259rh\u0259dl\u0259r q\u0259fil ba\u011fland\u0131\u011f\u0131 \u00fc\u00e7\u00fcn \u00e7oxlar\u0131 ev\u0259 qay\u0131da bilm\u0259yib.<\/p>\n\n\n\n<p><strong><a href=\"https:\/\/jam-news.net\/az\/category\/cografiya\/az%c9%99rbaycan\/\" target=\"_blank\" rel=\"noreferrer noopener\"><em>Az\u0259rbaycanda<\/em><\/a><\/strong> s\u0259rt karantinin ilkin m\u0259rh\u0259l\u0259sind\u0259n sonra s\u0259rh\u0259dl\u0259rin a\u00e7\u0131lmas\u0131 haqda dan\u0131\u015fma\u011fa ba\u015flad\u0131lar, amma koronavirusla ba\u011fl\u0131 v\u0259ziyy\u0259t o q\u0259d\u0259r pisl\u0259\u015fdi ki, \u00f6lk\u0259ni yenid\u0259n \u201cqapatmaq\u201d laz\u0131m g\u0259ldi.<\/p>\n\n\n\n<hr class=\"wp-block-separator\" \/>\n\n\n\n<ul class=\"wp-block-list\"><li><a href=\"https:\/\/jam-news.net\/az\/biznes-karantin-az%c9%99rbaycan-musiqicinin-hekay%c9%99si\/\" target=\"_blank\" rel=\"noreferrer noopener\"><strong>\u201cBilmir\u0259m ind\u0259n bel\u0259 nec\u0259 olacaq\u201d. Bak\u0131dan musiqi, biznes v\u0259 koronavirus haqda hekay\u0259<\/strong><\/a><\/li><li><a href=\"https:\/\/jam-news.net\/az\/art-%c9%99yal%c9%99t-g%c9%99ncl%c9%99r-az%c9%99rbaycanin-regionlarinda-m%c9%99d%c9%99ni-h%c9%99yati-nec%c9%99-inkisaf-etdirir\/\" target=\"_blank\" rel=\"noreferrer noopener\"><strong>Art-\u0259yal\u0259t: G\u0259ncl\u0259r Az\u0259rbaycan\u0131n regionlar\u0131nda m\u0259d\u0259ni h\u0259yat\u0131 nec\u0259 inki\u015faf etdirirl\u0259r?<\/strong><\/a><\/li><li><a href=\"https:\/\/jam-news.net\/az\/koronavirus-toy-industriyasinda-calisan-yuzl%c9%99rl%c9%99-insani-issiz-qoyub\/\" target=\"_blank\" rel=\"noreferrer noopener\"><strong>G\u00fcrc\u00fcstan\u0131n Marneuli \u015f\u0259h\u0259rind\u0259 1000 qonaql\u0131q toysuz h\u0259yat<\/strong><\/a><\/li><\/ul>\n\n\n\n<hr class=\"wp-block-separator\" \/>\n\n\n\n<p>Pandemiyan\u0131 evind\u0259 ke\u00e7irm\u0259y\u0259nl\u0259r nec\u0259 ya\u015fay\u0131r v\u0259 onlar qay\u0131tmaq haqda n\u0259 d\u00fc\u015f\u00fcn\u00fcrl\u0259r?<\/p>\n\n\n\n<p style=\"font-size:25px\"><strong>Kamil. Rusiyada karantin<\/strong><\/p>\n\n\n\n<div class=\"wp-block-image is-style-rounded\"><figure class=\"alignleft size-thumbnail\"><img loading=\"lazy\" decoding=\"async\" width=\"150\" height=\"150\" src=\"https:\/\/jam-news.net\/app\/uploads\/2020\/07\/115823500_1215765588758440_1196605583917898278_n-150x150.jpg\" alt=\"\" class=\"wp-image-32237\" srcset=\"https:\/\/jam-news.net\/app\/uploads\/2020\/07\/115823500_1215765588758440_1196605583917898278_n-150x150.jpg 150w, https:\/\/jam-news.net\/app\/uploads\/2020\/07\/115823500_1215765588758440_1196605583917898278_n-300x300.jpg 300w, https:\/\/jam-news.net\/app\/uploads\/2020\/07\/115823500_1215765588758440_1196605583917898278_n-1024x1022.jpg 1024w, https:\/\/jam-news.net\/app\/uploads\/2020\/07\/115823500_1215765588758440_1196605583917898278_n-768x767.jpg 768w, https:\/\/jam-news.net\/app\/uploads\/2020\/07\/115823500_1215765588758440_1196605583917898278_n.jpg 1080w\" sizes=\"auto, (max-width: 150px) 100vw, 150px\" \/><\/figure><\/div>\n\n\n\n<p>Kamil Rusiyada ya\u015fay\u0131r, <strong><a href=\"https:\/\/jam-news.net\/az\/category\/cografiya\/rusiya\/\" target=\"_blank\" rel=\"noreferrer noopener\"><em>Rusiyaya<\/em><\/a><\/strong> t\u0259hsil alma\u011fa gedib. H\u0259\u015ft\u0259rxan Universitetinin Tarix Fak\u00fclt\u0259sini bitirib v\u0259 bu yax\u0131nlarda diplom m\u00fcdafi\u0259 edib. Diplom m\u00fcdafi\u0259si, diplom praktikas\u0131 \u0259r\u0259f\u0259sind\u0259 oldu\u011fu \u00fc\u00e7\u00fcn Az\u0259rbaycana qay\u0131tmay\u0131b, \u00fcst\u0259lik d\u0259 Moskvada magistraturaya q\u0259bul olma\u011fa haz\u0131rla\u015f\u0131r.<\/p>\n\n\n\n<p><em>\u201c\u018fvv\u0259lc\u0259 biz\u0259 g\u00fcnd\u0259 iki saat verirdil\u0259r ki, \u0259rzaq alma\u011fa ged\u0259k. Yataqxanadan \u00e7\u0131xd\u0131\u011f\u0131m\u0131z zaman&nbsp; x\u00fcsusi jurnalda ad\u0131m\u0131z\u0131, soyad\u0131m\u0131z\u0131, ota\u011f\u0131m\u0131z\u0131, \u00e7\u0131x\u0131\u015f v\u0259 qay\u0131d\u0131\u015f vaxt\u0131n\u0131 qeyd edirdil\u0259r. Sonra vaxt\u0131 bir saata q\u0259d\u0259r azaltd\u0131lar. \u0130zdiham i\u00e7in\u0259 \u00e7\u0131xmaq kimi bir ist\u0259yim d\u0259 yoxdur, anlay\u0131r\u0131q ki, v\u0259ziyy\u0259t t\u0259hl\u00fck\u0259lidir. Sonra ma\u011fazaya getm\u0259y\u0259 d\u0259 icaz\u0259 verm\u0259dil\u0259r\u201d.<\/em><\/p>\n\n\n\n<p>Pandemiya ba\u015flayanda yataqxanadak\u0131 yerli t\u0259l\u0259b\u0259l\u0259r evl\u0259rin\u0259 da\u011f\u0131l\u0131\u015f\u0131blar, \u00e7\u00fcnki onsuz da t\u0259dris \u0259yanid\u0259n distant rejim\u0259 ke\u00e7irilib. \u018fsas\u0259n \u0259cnabil\u0259r \u2013 T\u00fcrkm\u0259nistan, Qazax\u0131standan olan t\u0259l\u0259b\u0259l\u0259r v\u0259 Az\u0259rbaycandan bir ne\u00e7\u0259 n\u0259f\u0259r qal\u0131b.<\/p>\n\n\n\n<p>2020-ci il iyulun sonunda Rusiya <strong><a href=\"https:\/\/jam-news.net\/az\/topic\/koronavirus\/\" target=\"_blank\" rel=\"noreferrer noopener\">COVID-19<\/a><\/strong> virusuna yoluxanlar\u0131n say\u0131na g\u00f6r\u0259 d\u00fcnyada d\u00f6rd\u00fcnc\u00fc yeri tutub. Burada \u0259n ba\u015f\u0131ndan karantin s\u0259rt olub. H\u0259\u015ft\u0259rxanda x\u00fcsusi burax\u0131l\u0131\u015f olmadan yaln\u0131z ma\u011fazaya v\u0259 aptek\u0259 getm\u0259k m\u00fcmk\u00fcn idi, qayda pozucular\u0131 c\u0259rim\u0259l\u0259nirdi.<\/p>\n\n\n\n<p>\u0130yunun sonunda karantin \u015f\u0259rtl\u0259ri yum\u015fald\u0131lma\u011fa ba\u015flay\u0131b. Kamilin s\u00f6zl\u0259rin\u0259 g\u00f6r\u0259, t\u0259l\u0259b\u0259 yataqxanalar\u0131nda t\u0259crid qaydalar\u0131 davam edib: t\u0259l\u0259b\u0259l\u0259r yaln\u0131z k\u00f6n\u00fcll\u00fc \u201cf\u0259allar\u0131n\u201d m\u00fc\u015fayi\u0259ti il\u0259 v\u0259 yaln\u0131z h\u0259yati vacib m\u0259s\u0259l\u0259l\u0259r\u0259 g\u00f6r\u0259 k\u00fc\u00e7\u0259y\u0259 \u00e7\u0131xa bilirdil\u0259r.<\/p>\n\n\n\n<p><em>\u201cKimin dost kompaniyas\u0131 vard\u0131sa, onlara yax\u015f\u0131d\u0131r, onlar birlikd\u0259 olurlar. M\u0259nim dostlar\u0131m yoxdur, buna g\u00f6r\u0259 d\u0259 h\u0259r g\u00fcn\u00fcm sad\u0259c\u0259 n\u00f6vb\u0259ti g\u00fcn\u00fc g\u00f6zl\u0259m\u0259kl\u0259 ke\u00e7ir. M\u0259nim iki qon\u015fum vard\u0131, biri Az\u0259rbaycana qay\u0131td\u0131, ikincisi, Y\u0259m\u0259n v\u0259t\u0259nda\u015f\u0131 burada qald\u0131. Bildiyim q\u0259d\u0259rinc\u0259, Y\u0259m\u0259n h\u00f6kum\u0259ti \u00f6z t\u0259l\u0259b\u0259l\u0259rin\u0259 t\u0259qa\u00fcd g\u00f6nd\u0259rir, bizim hesab\u0131m\u0131za g\u00f6r\u0259 az m\u0259bl\u0259\u011f deyil \u2013 600 dollar. M\u0259n\u0259 is\u0259 valideynl\u0259rim pul g\u00f6nd\u0259rirl\u0259r.<\/em><\/p>\n\n\n\n<figure class=\"wp-block-image size-large\"><img loading=\"lazy\" decoding=\"async\" width=\"960\" height=\"540\" src=\"https:\/\/jam-news.net\/app\/uploads\/2020\/07\/109810162_2903289956465672_1550230951573075285_n.jpg\" alt=\"\" class=\"wp-image-32238\" srcset=\"https:\/\/jam-news.net\/app\/uploads\/2020\/07\/109810162_2903289956465672_1550230951573075285_n.jpg 960w, https:\/\/jam-news.net\/app\/uploads\/2020\/07\/109810162_2903289956465672_1550230951573075285_n-300x169.jpg 300w, https:\/\/jam-news.net\/app\/uploads\/2020\/07\/109810162_2903289956465672_1550230951573075285_n-768x432.jpg 768w\" sizes=\"auto, (max-width: 960px) 100vw, 960px\" \/><\/figure>\n\n\n\n<p><em>\u018fsas\u0259n film izl\u0259m\u0259y\u0259, diplom i\u015fimi yazma\u011fa \u00e7al\u0131\u015f\u0131rd\u0131m. Bel\u0259 h\u0259yat t\u0259rzi il\u0259 \u00e7\u0259tin oldu, amma se\u00e7im yoxdu.<\/em><\/p>\n\n\n\n<p><em>Karantind\u0259 \u00f6z\u00fcm\u0259 harmonika ald\u0131m. \u00c7ox dar\u0131xd\u0131r\u0131c\u0131 idi v\u0259 h\u0259r hans\u0131 musiqi al\u0259tind\u0259 \u00e7almaq ist\u0259yirdim. \u00d6yr\u0259nm\u0259k \u00fc\u00e7\u00fcn \u0259n asan\u0131 m\u0259hz harmonika g\u00f6r\u00fcnd\u00fc, bir d\u0259 ki, m\u0259n bl\u00fcz\u00fc sevir\u0259m. T\u0259\u0259ss\u00fcf ki, sonra onu bir az z\u0259b\u0259l\u0259dim\u201d.<\/em><\/p>\n\n\n\n<p>Kamil diplom i\u015fini bitirib, u\u011furla m\u00fcdafi\u0259 edib v\u0259 magistraturaya q\u0259bula haz\u0131rla\u015f\u0131r. H\u0259l\u0259lik el\u0259 h\u0259min yataqxanada qal\u0131r.<\/p>\n\n\n\n<p><em>\u201c\u018flb\u0259tt\u0259, m\u0259n H\u0259\u015ft\u0259rxandan Moskvaya plaskart vaqonda getm\u0259y\u0259 qorxuram \u2013 at arabas\u0131nda bel\u0259 daha t\u0259hl\u00fck\u0259siz olard\u0131. Orada ya\u015fayan v\u0259 g\u00f6r\u00fc\u015fm\u0259li olaca\u011f\u0131m babam\u0131 yoluxdurmaqdan qorxuram\u201d.<\/em><\/p>\n\n\n\n<p>Kamil Bak\u0131 \u00fc\u00e7\u00fcn dar\u0131xsa da, orada v\u0259ziyy\u0259tin Rusiyadan daha t\u0259hl\u00fck\u0259siz oldu\u011funu d\u00fc\u015f\u00fcnm\u00fcr.<\/p>\n\n\n\n<blockquote class=\"wp-block-quote is-layout-flow wp-block-quote-is-layout-flow\"><p><em>\u201cBak\u0131n\u0131n istisi v\u0259 il\u0131q r\u00fctub\u0259tli k\u00fcl\u0259yi \u00fc\u00e7\u00fcn h\u0259rd\u0259n dar\u0131x\u0131ram. H\u0259\u015ft\u0259rxanda k\u00fcl\u0259k nadir hadis\u0259dir.<\/em><\/p><p><em>M\u0259n Az\u0259rbaycandak\u0131 pandemiya il\u0259 m\u00fcbariz\u0259 metodlar\u0131 v\u0259 m\u0259murlar\u0131n m\u0259suliyy\u0259tsizliyind\u0259n d\u0259h\u015f\u0259t\u0259 g\u0259lir\u0259m. Ayd\u0131n m\u0259s\u0259l\u0259dir ki, insanlar m\u0259nas\u0131z t\u0259dbirl\u0259rd\u0259n bezibl\u0259r v\u0259 h\u0259r k\u0259s bacard\u0131\u011f\u0131 kimi v\u0259ziyy\u0259td\u0259n \u00e7\u0131x\u0131r, amma m\u0259s\u0259l\u0259 h\u0259min bu virusa inanmama\u011fa v\u0259 \u201chakimiyy\u0259t sahibl\u0259rinin oyunu\u201d versiyas\u0131na g\u0259l\u0259nd\u0259, bu, \u00e7ox m\u0259yus edir.<\/em><\/p><p><em>H\u0259tta burada, bizim yataqxanada da yerlil\u0259rim var ki, sui-q\u0259sd n\u0259z\u0259riyy\u0259si t\u0259r\u0259fdarlar\u0131d\u0131r. Onlara izah etm\u0259y\u0259 v\u0259 maarifl\u0259ndirm\u0259y\u0259 art\u0131q g\u00fcc\u00fcm \u00e7atm\u0131r, el\u0259 bil da\u015fa-divara dan\u0131\u015f\u0131rsan\u201d.<\/em><\/p><\/blockquote>\n\n\n\n<hr class=\"wp-block-separator\" \/>\n\n\n\n<p style=\"font-size:25px\"><strong>Az\u0259rbaycana nec\u0259 qay\u0131tmal\u0131?<\/strong><\/p>\n\n\n\n<p>\u0130ndi Az\u0259rbaycanda s\u0259rt karantin rejimi q\u00fcvv\u0259d\u0259dir \u2013 g\u00fcn \u0259rzind\u0259 insanlara sms icaz\u0259 alandan sonra \u00fc\u00e7 saat \u00e7\u0131xma\u011fa icaz\u0259 verilir. H\u0259m quru, h\u0259m hava s\u0259rh\u0259dl\u0259ri r\u0259sm\u0259n avqustun 31-\u0259 q\u0259d\u0259r ba\u011fl\u0131 olacaq, amma \u0130stanbul, Berlin v\u0259 Londona \u201cx\u00fcsusi reysl\u0259r\u201d h\u0259yata ke\u00e7irilir. Bu u\u00e7u\u015flar\u0131 Az\u0259rbaycan\u0131n d\u00f6vl\u0259t \u015firk\u0259ti \u2013 AZAL realla\u015fd\u0131r\u0131r (Belavia avia\u015firk\u0259tinin Bak\u0131-Minsk-Bak\u0131 reysi d\u0259 m\u00f6vcuddur).<\/p>\n\n\n\n<p>Y\u0259ni xaricd\u0259 \u201cili\u015fib qalan\u201d az\u0259rbaycanl\u0131lar qay\u0131da bil\u0259rl\u0259r, amma AZAL-\u0131n reysl\u0259rin\u0259 onlar yaln\u0131z koronavirus testind\u0259n ke\u00e7\u0259nd\u0259n v\u0259 m\u0259nfi n\u0259tic\u0259 \u0259ld\u0259 ed\u0259nd\u0259n sonra burax\u0131l\u0131rlar. Daha sonra onlar\u0131n iki h\u0259ft\u0259 t\u0259crid v\u0259ziyy\u0259tind\u0259 olacaqlar\u0131 yerin \u00fcnvan\u0131 g\u00f6t\u00fcr\u00fcl\u00fcr \u2013 y\u0259ni onlar evd\u0259n \u00e7\u0131xamaq \u00fc\u00e7\u00fcn \u00fc\u00e7 saatl\u0131q sms icaz\u0259d\u0259n istifad\u0259 ed\u0259 bilm\u0259y\u0259c\u0259kl\u0259r.&nbsp;<\/p>\n\n\n\n<p>X\u0259st\u0259l\u0259ri Az\u0259rbaycan \u00f6lk\u0259y\u0259 q\u0259bul etmir.<\/p>\n\n\n\n<p>Karantin rejiminin ilk m\u0259rh\u0259l\u0259sind\u0259, h\u0259l\u0259 yaz aylar\u0131nda evin\u0259 qay\u0131dan yerli v\u0259t\u0259nda\u015flar x\u0259st\u0259xanalarda v\u0259 mehmanxanalarda t\u0259crid rejimin\u0259 yerl\u0259\u015fdirilirdi v\u0259 \u0259n az\u0131 iki d\u0259f\u0259 testd\u0259n ke\u00e7irilirdi.<\/p>\n\n\n\n<p style=\"font-size:25px\"><strong>N\u0259rgiz. Fransada karantin<\/strong><\/p>\n\n\n\n<div class=\"wp-block-image is-style-rounded\"><figure class=\"alignleft size-thumbnail\"><img loading=\"lazy\" decoding=\"async\" width=\"150\" height=\"150\" src=\"https:\/\/jam-news.net\/app\/uploads\/2020\/07\/114413753_295372128461916_6150865528039048320_n-150x150.jpg\" alt=\"\" class=\"wp-image-32239\" \/><\/figure><\/div>\n\n\n\n<p><em>N\u0259rgiz Fransada Paris Nanter Universitetinin T\u0259\u015fkilati Psixologiya Fak\u00fclt\u0259sinin birinci kursunda t\u0259hsil al\u0131r.<\/em><\/p>\n\n\n\n<p><em>\u201cEv\u0259 qay\u0131tmad\u0131m, \u00e7\u00fcnki sonra i\u015fl\u0259rimin dal\u0131nca Fransaya qay\u0131tmal\u0131 olsam, s\u0259rh\u0259dl\u0259r ba\u011fl\u0131 oldu\u011fu \u00fc\u00e7\u00fcn ged\u0259 bilm\u0259y\u0259c\u0259yimd\u0259n qorxdum. M\u0259n h\u0259l\u0259 burada staj ke\u00e7m\u0259liy\u0259m v\u0259 vizan\u0131n uzad\u0131lmas\u0131 \u00fc\u00e7\u00fcn m\u00fcraci\u0259t etm\u0259liy\u0259m, odur ki, h\u0259l\u0259 buradayam\u201d.<\/em><\/p>\n\n\n\n<p>Fransada karantin mart\u0131n 17-d\u0259n ba\u015flay\u0131b v\u0259 may\u0131n 11-\u0259 q\u0259d\u0259r davam edib. Bu m\u00fcdd\u0259td\u0259 yaln\u0131z aptekl\u0259r, marketl\u0259r v\u0259 banklar i\u015fl\u0259yirdi. \u0130yulun sonunda Fransada g\u00fcnd\u0259lik yoluxma hallar\u0131n\u0131n art\u0131m\u0131n\u0131 saxlamaq v\u0259 COVID-19 x\u0259st\u0259l\u0259rinin \u00fcmumi say\u0131n\u0131 t\u0259xmin\u0259n 70 min n\u0259f\u0259rd\u0259 sabitl\u0259\u015fdirm\u0259k m\u00fcmk\u00fcn olub.<\/p>\n\n\n\n<p><em>\u201cBiz \u201cattestation de d\u00e9placement\u201d yazaraq v\u0259 evd\u0259n \u00e7\u0131x\u0131\u015f s\u0259b\u0259bini (t\u0259klif olunanlardan: ilk ehtiyac \u0259rzaqlar\u0131n\u0131 almaq \u00fc\u00e7\u00fcn market\u0259 getm\u0259k, ail\u0259vi m\u0259s\u0259l\u0259l\u0259r\u0259 g\u00f6r\u0259, evin 1 kilometrliyind\u0259 fiziki avtivlik), \u00e7\u0131x\u0131\u015f saat\u0131n\u0131 v\u0259 \u00fcnvan\u0131 g\u00f6st\u0259r\u0259r\u0259k evd\u0259n \u00e7\u0131xa bilirdik.<\/em><\/p>\n\n\n\n<p><em>H\u0259r g\u00fcn ax\u015fam saat 8-d\u0259 insanlar p\u0259nc\u0259r\u0259l\u0259r\u0259, balkonlara \u00e7\u0131x\u0131rd\u0131, tibb i\u015f\u00e7il\u0259rini alq\u0131\u015flay\u0131rd\u0131\u201d.<\/em><\/p>\n\n\n\n<p>N\u0259rgiz t\u0259k olmad\u0131\u011f\u0131 \u00fc\u00e7\u00fcn sevinir. O, r\u0259fiq\u0259l\u0259ri il\u0259 birlikd\u0259 ya\u015fay\u0131r. H\u0259tta ad g\u00fcn\u00fcn\u00fc d\u0259 \u201cb\u00fct\u00fcn qaydalara uyun\u201d qeyd ed\u0259 bilib.<\/p>\n\n\n\n<p><em>\u201c\u018fn\u0259n\u0259y\u0259 uy\u011fun olaraq gec\u0259yar\u0131s\u0131 ail\u0259m m\u0259n\u0259 z\u0259ng vurub, t\u0259brik etdi, ax\u015fam is\u0259 b\u0259z\u0259ndik, s\u00fcfr\u0259 a\u00e7d\u0131q, musiqi qo\u015fduq. Q\u0131zlar m\u0259n\u0259 tort, \u015fampan \u015f\u0259rab\u0131, Normand \u015firniyyat\u0131 h\u0259diyy\u0259 etdil\u0259r. M\u0259n onlara Az\u0259rbaycan v\u0259 rus sa\u011fl\u0131qlar\u0131 \u00f6yr\u0259tdim. H\u0259r \u015feyin t\u0259crid \u015f\u0259raitind\u0259 ke\u00e7m\u0259sin\u0259 baxmayaraq, \u00e7ox \u0259yl\u0259ndik, ax\u0131 yax\u0131n insanlar yan\u0131mda idi.<\/em><\/p>\n\n\n\n<figure class=\"wp-block-image size-full is-style-default\"><img loading=\"lazy\" decoding=\"async\" width=\"900\" height=\"979\" src=\"https:\/\/jam-news.net\/app\/uploads\/2020\/07\/cake-Nargiz.jpg\" alt=\"\" class=\"wp-image-32244\" srcset=\"https:\/\/jam-news.net\/app\/uploads\/2020\/07\/cake-Nargiz.jpg 900w, https:\/\/jam-news.net\/app\/uploads\/2020\/07\/cake-Nargiz-276x300.jpg 276w, https:\/\/jam-news.net\/app\/uploads\/2020\/07\/cake-Nargiz-768x835.jpg 768w\" sizes=\"auto, (max-width: 900px) 100vw, 900px\" \/><\/figure>\n\n\n\n<p><em>\u00c7oxlar\u0131 karantind\u0259 idmanla, daha d\u0259qiqi qa\u00e7\u0131\u015fla m\u0259\u015f\u011ful olma\u011fa ba\u015flad\u0131, o c\u00fcml\u0259d\u0259n d\u0259 m\u0259nim ev yolda\u015flar\u0131m. Distant rejimd\u0259 oxuyur v\u0259 i\u015fl\u0259yirdik. Semestrin qalan hiss\u0259sini onlayn oxudum, bel\u0259c\u0259 imtahanlar\u0131 da verdim.<\/em><\/p>\n\n\n\n<p><em>May\u0131n 11-d\u0259 is\u0259 karantini m\u0259rh\u0259l\u0259li \u015f\u0259kild\u0259 l\u0259\u011fv etm\u0259y\u0259 ba\u015flad\u0131lar.<\/em><\/p>\n\n\n\n<blockquote class=\"wp-block-quote is-layout-flow wp-block-quote-is-layout-flow\"><p><em>\u00c7ox \u00fcmid edir\u0259m ki, Az\u0259rbaycanda v\u0259ziyy\u0259t, m\u0259s\u0259l\u0259n, Fransada oldu\u011fu h\u0259dd\u0259 \u00e7atmayacaq. Sosial \u015f\u0259b\u0259k\u0259l\u0259rd\u0259 m\u00fct\u0259madi olaraq karantin\u0259 r\u0259\u011fm\u0259n bir yerd\u0259 topla\u015fan, g\u0259zm\u0259y\u0259 \u00e7\u0131xan insanlar\u0131 g\u00f6r\u00fcr\u0259m.<\/em><\/p><p><em>Az\u0259rbaycandak\u0131 ail\u0259m v\u0259 yax\u0131nlar\u0131m \u00fc\u00e7\u00fcn narahat oluram, amma d\u00fc\u015f\u00fcn\u00fcr\u0259m ki, orada olmad\u0131\u011f\u0131m \u00fc\u00e7\u00fcn b\u0259xtim g\u0259tirib.<\/em><\/p><p><em>Dig\u0259r t\u0259r\u0259fd\u0259n is\u0259 h\u0259l\u0259 d\u0259 \u00fcmid edir\u0259m ki, avqustda bir ne\u00e7\u0259 h\u0259ft\u0259lik Bak\u0131ya g\u0259l\u0259 bil\u0259c\u0259m, h\u0259tta t\u0259crid rejimind\u0259 qalmaq laz\u0131m olsa da, \u00e7\u00fcnki ail\u0259mi g\u00f6rm\u0259k ist\u0259yir\u0259m\u201d.<\/em><\/p><\/blockquote>\n\n\n\n<p style=\"font-size:25px\"><strong>\u201cQay\u0131d\u0131\u015f\u201d \u0259m\u0259liyyat\u0131 nec\u0259 ke\u00e7ir?<\/strong><\/p>\n\n\n\n<p>Xaricd\u0259 qalan b\u00fct\u00fcn Az\u0259rbaycan v\u0259t\u0259nda\u015flar\u0131n\u0131 \u201cgeri toplamaq \u00fc\u00e7\u00fcn\u201d \u201c<a rel=\"noreferrer noopener\" href=\"https:\/\/www.evegedirem.info\/az\" target=\"_blank\"><strong>\u0415v\u0259 gedir\u0259m<\/strong><\/a>\u201d x\u00fcsusi portal\u0131 yarad\u0131l\u0131b. Burada qeydiyyatdan ke\u00e7ib, yard\u0131m g\u00f6zl\u0259m\u0259k m\u00fcmk\u00fcnd\u00fcr \u2013 amma bu, h\u0259l\u0259lik sad\u0259c\u0259 m\u00fct\u0259madi reysl\u0259rin olmad\u0131\u011f\u0131 Rusiyada qalanlar \u00fc\u00e7\u00fcnd\u00fcr, oradan insanlar\u0131 vaxta\u015f\u0131r\u0131 \u00e7arter reysl\u0259ri il\u0259 da\u015f\u0131y\u0131rlar.<\/p>\n\n\n\n<p>Saytdak\u0131 statistikaya \u0259sas\u0259n, bu yolla art\u0131q 500 n\u0259f\u0259r ev\u0259 qay\u0131d\u0131b, daha 500 n\u0259f\u0259r \u00f6z n\u00f6vb\u0259sini g\u00f6zl\u0259yir.<\/p>\n\n\n\n<p>H\u0259l\u0259 aprel ay\u0131nda, \u201cilk karantin\u201d zaman\u0131 m\u00fcxt\u0259lif \u00f6lk\u0259l\u0259rd\u0259n minl\u0259rl\u0259 insan \u00e7arter reysl\u0259ri il\u0259 v\u0259t\u0259n\u0259 g\u0259tirilib.<\/p>\n\n\n\n<p>Amma Az\u0259rbaycan v\u0259t\u0259nda\u015flar\u0131n\u0131n T\u00fcrkiy\u0259 v\u0259 Rusiyadak\u0131 q\u0259d\u0259r \u00e7ox olmad\u0131\u011f\u0131 \u00f6lk\u0259l\u0259rd\u0259n bir \u00e7oxlar\u0131 he\u00e7 kimin k\u00f6m\u0259yi olmadan m\u00fcst\u0259qil \u015f\u0259kild\u0259 v\u0259t\u0259n\u0259 qay\u0131tmal\u0131 olublar. Bu, \u00e7ox vaxt bahal\u0131 biletl\u0259rin t\u0259krar al\u0131nmas\u0131 v\u0259 reysl\u0259rin q\u0259fil t\u0259xir\u0259 sal\u0131nmas\u0131 riski hesab\u0131na ba\u015fa g\u0259lib. Amma yen\u0259 d\u0259 v\u0259t\u0259n\u0259 qay\u0131tmaq q\u0259rar\u0131na g\u0259l\u0259nl\u0259r karantini oldu\u011fu \u00f6lk\u0259d\u0259 ke\u00e7irm\u0259yi \u00fcst\u00fcn tutanlardan qat-qat daha \u00e7ox olub.<\/p>\n","protected":false},"excerpt":{"rendered":"<p>\u201cB\u0259xtim g\u0259tirdi ki, orda olmad\u0131m vs \u201cil\u0131q r\u00fctub\u0259tli k\u00fcl\u0259k \u00fc\u00e7\u00fcn dar\u0131x\u0131ram\u201d<\/p>\n","protected":false},"author":3,"featured_media":32248,"comment_status":"closed","ping_status":"closed","sticky":false,"template":"","format":"standard","meta":{"_acf_changed":false,"footnotes":""},"categories":[17,25,35],"tags":[2068,18,3866,4939,3919,4937,4940,4935,534,4013,1708,21,4936,4938],"formation":[4037],"post-author":[2904],"topic":[4952,2002],"tooltip":[],"city":[6041],"class_list":["post-32371","post","type-post","status-publish","format-standard","has-post-thumbnail","hentry","category-azrbaycan","category-cmiyyt","category-hekaylr","tag-azal","tag-azrbaycan","tag-azrbaycanda-koronavirus","tag-belavia","tag-covid-19","tag-fransa","tag-fransada-koronavirus","tag-hstrxan","tag-moskva","tag-pandemiya","tag-paris","tag-rusiya","tag-rusiyada-karantin","tag-rusiyada-koronavirus","formation-photo","post-author-bsir-kitacayev-baki","topic-azrbaycan","topic-koronavirus","city-baki"],"acf":[],"yoast_head":"<!-- This site is optimized with the Yoast SEO plugin v24.1 - https:\/\/yoast.com\/wordpress\/plugins\/seo\/ -->\n<title>Pandemiya zaman\u0131 Az\u0259rbaycana qay\u0131da bilm\u0259y\u0259nl\u0259r \u2013 bu, yax\u015f\u0131d\u0131r, ya pis? - JAMnews<\/title>\n<meta name=\"description\" content=\"Koronavirus pandemiyas\u0131n\u0131 ba\u015fqa \u00f6lk\u0259l\u0259rd\u0259 - Rusiya v\u0259 Fransada ke\u00e7ir\u0259n az\u0259rbaycanl\u0131lar\u0131n hekay\u0259l\u0259ri\" \/>\n<meta name=\"robots\" content=\"index, follow, max-snippet:-1, max-image-preview:large, max-video-preview:-1\" \/>\n<link rel=\"canonical\" href=\"https:\/\/jam-news.net\/az\/hekay\u0259l\u0259r-az\u0259rbaycanlilar-xaricd\u0259-karantin\/\" \/>\n<meta property=\"og:locale\" content=\"az_AZ\" \/>\n<meta property=\"og:type\" content=\"article\" \/>\n<meta property=\"og:title\" content=\"Pandemiya zaman\u0131 Az\u0259rbaycana qay\u0131da bilm\u0259y\u0259nl\u0259r \u2013 bu, yax\u015f\u0131d\u0131r, ya pis? - JAMnews\" \/>\n<meta property=\"og:description\" content=\"Koronavirus pandemiyas\u0131n\u0131 ba\u015fqa \u00f6lk\u0259l\u0259rd\u0259 - Rusiya v\u0259 Fransada ke\u00e7ir\u0259n az\u0259rbaycanl\u0131lar\u0131n hekay\u0259l\u0259ri\" \/>\n<meta property=\"og:url\" content=\"https:\/\/jam-news.net\/az\/hekay\u0259l\u0259r-az\u0259rbaycanlilar-xaricd\u0259-karantin\/\" \/>\n<meta property=\"og:site_name\" content=\"Azerbaijani Jamnews\" \/>\n<meta property=\"article:publisher\" content=\"https:\/\/www.facebook.com\/JAMnewsInEnglish\/\" \/>\n<meta property=\"article:published_time\" content=\"2020-07-29T18:23:18+00:00\" \/>\n<meta property=\"article:modified_time\" content=\"2022-01-17T20:36:48+00:00\" \/>\n<meta property=\"og:image\" content=\"https:\/\/jam-news.net\/app\/uploads\/2020\/07\/flag-Azerbaijan-house.jpg\" \/>\n\t<meta property=\"og:image:width\" content=\"1200\" \/>\n\t<meta property=\"og:image:height\" content=\"705\" \/>\n\t<meta property=\"og:image:type\" content=\"image\/jpeg\" \/>\n<meta name=\"author\" content=\"JAMnews\" \/>\n<meta name=\"twitter:card\" content=\"summary_large_image\" \/>\n<meta name=\"twitter:creator\" content=\"@JAMnewsCaucasus\" \/>\n<meta name=\"twitter:site\" content=\"@JAMnewsCaucasus\" \/>\n<meta name=\"twitter:label1\" content=\"Written by\" \/>\n\t<meta name=\"twitter:data1\" content=\"JAMnews\" \/>\n\t<meta name=\"twitter:label2\" content=\"Est. reading time\" \/>\n\t<meta name=\"twitter:data2\" content=\"9 minutes\" \/>\n<script type=\"application\/ld+json\" class=\"yoast-schema-graph\">{\"@context\":\"https:\/\/schema.org\",\"@graph\":[{\"@type\":\"Article\",\"@id\":\"https:\/\/jam-news.net\/az\/hekay%c9%99l%c9%99r-az%c9%99rbaycanlilar-xaricd%c9%99-karantin\/#article\",\"isPartOf\":{\"@id\":\"https:\/\/jam-news.net\/az\/hekay%c9%99l%c9%99r-az%c9%99rbaycanlilar-xaricd%c9%99-karantin\/\"},\"author\":{\"name\":\"JAMnews\",\"@id\":\"https:\/\/jam-news.net\/az\/#\/schema\/person\/67df3bb7adb46cd513fb9c4cb02361c6\"},\"headline\":\"Pandemiya zaman\u0131 Az\u0259rbaycana qay\u0131da bilm\u0259y\u0259nl\u0259r \u2013 bu, yax\u015f\u0131d\u0131r, ya pis?\",\"datePublished\":\"2020-07-29T18:23:18+00:00\",\"dateModified\":\"2022-01-17T20:36:48+00:00\",\"mainEntityOfPage\":{\"@id\":\"https:\/\/jam-news.net\/az\/hekay%c9%99l%c9%99r-az%c9%99rbaycanlilar-xaricd%c9%99-karantin\/\"},\"wordCount\":2184,\"publisher\":{\"@id\":\"https:\/\/jam-news.net\/az\/#organization\"},\"image\":{\"@id\":\"https:\/\/jam-news.net\/az\/hekay%c9%99l%c9%99r-az%c9%99rbaycanlilar-xaricd%c9%99-karantin\/#primaryimage\"},\"thumbnailUrl\":\"https:\/\/jam-news.net\/app\/uploads\/2020\/07\/flag-Azerbaijan-house.jpg\",\"keywords\":[\"AZAL\",\"Az\u0259rbaycan\",\"Az\u0259rbaycanda koronavirus\",\"Belavia\",\"COVID-19\",\"Fransa\",\"Fransada koronavirus\",\"H\u0259\u015ft\u0259rxan\",\"Moskva\",\"pandemiya\",\"Paris\",\"Rusiya\",\"Rusiyada karantin\",\"Rusiyada koronavirus\"],\"articleSection\":[\"Azerbaijan\",\"Issues\",\"Stories\"],\"inLanguage\":\"az\"},{\"@type\":\"WebPage\",\"@id\":\"https:\/\/jam-news.net\/az\/hekay%c9%99l%c9%99r-az%c9%99rbaycanlilar-xaricd%c9%99-karantin\/\",\"url\":\"https:\/\/jam-news.net\/az\/hekay%c9%99l%c9%99r-az%c9%99rbaycanlilar-xaricd%c9%99-karantin\/\",\"name\":\"Pandemiya zaman\u0131 Az\u0259rbaycana qay\u0131da bilm\u0259y\u0259nl\u0259r \u2013 bu, yax\u015f\u0131d\u0131r, ya pis? - JAMnews\",\"isPartOf\":{\"@id\":\"https:\/\/jam-news.net\/az\/#website\"},\"primaryImageOfPage\":{\"@id\":\"https:\/\/jam-news.net\/az\/hekay%c9%99l%c9%99r-az%c9%99rbaycanlilar-xaricd%c9%99-karantin\/#primaryimage\"},\"image\":{\"@id\":\"https:\/\/jam-news.net\/az\/hekay%c9%99l%c9%99r-az%c9%99rbaycanlilar-xaricd%c9%99-karantin\/#primaryimage\"},\"thumbnailUrl\":\"https:\/\/jam-news.net\/app\/uploads\/2020\/07\/flag-Azerbaijan-house.jpg\",\"datePublished\":\"2020-07-29T18:23:18+00:00\",\"dateModified\":\"2022-01-17T20:36:48+00:00\",\"description\":\"Koronavirus pandemiyas\u0131n\u0131 ba\u015fqa \u00f6lk\u0259l\u0259rd\u0259 - Rusiya v\u0259 Fransada ke\u00e7ir\u0259n az\u0259rbaycanl\u0131lar\u0131n hekay\u0259l\u0259ri\",\"breadcrumb\":{\"@id\":\"https:\/\/jam-news.net\/az\/hekay%c9%99l%c9%99r-az%c9%99rbaycanlilar-xaricd%c9%99-karantin\/#breadcrumb\"},\"inLanguage\":\"az\",\"potentialAction\":[{\"@type\":\"ReadAction\",\"target\":[\"https:\/\/jam-news.net\/az\/hekay%c9%99l%c9%99r-az%c9%99rbaycanlilar-xaricd%c9%99-karantin\/\"]}]},{\"@type\":\"ImageObject\",\"inLanguage\":\"az\",\"@id\":\"https:\/\/jam-news.net\/az\/hekay%c9%99l%c9%99r-az%c9%99rbaycanlilar-xaricd%c9%99-karantin\/#primaryimage\",\"url\":\"https:\/\/jam-news.net\/app\/uploads\/2020\/07\/flag-Azerbaijan-house.jpg\",\"contentUrl\":\"https:\/\/jam-news.net\/app\/uploads\/2020\/07\/flag-Azerbaijan-house.jpg\",\"width\":1200,\"height\":705},{\"@type\":\"BreadcrumbList\",\"@id\":\"https:\/\/jam-news.net\/az\/hekay%c9%99l%c9%99r-az%c9%99rbaycanlilar-xaricd%c9%99-karantin\/#breadcrumb\",\"itemListElement\":[{\"@type\":\"ListItem\",\"position\":1,\"name\":\"Home\",\"item\":\"https:\/\/jam-news.net\/az\/\"},{\"@type\":\"ListItem\",\"position\":2,\"name\":\"Pandemiya zaman\u0131 Az\u0259rbaycana qay\u0131da bilm\u0259y\u0259nl\u0259r \u2013 bu, yax\u015f\u0131d\u0131r, ya pis?\"}]},{\"@type\":\"WebSite\",\"@id\":\"https:\/\/jam-news.net\/az\/#website\",\"url\":\"https:\/\/jam-news.net\/az\/\",\"name\":\"Azerbaijani Jamnews\",\"description\":\"Caucasus News, Politics and Society\",\"publisher\":{\"@id\":\"https:\/\/jam-news.net\/az\/#organization\"},\"potentialAction\":[{\"@type\":\"SearchAction\",\"target\":{\"@type\":\"EntryPoint\",\"urlTemplate\":\"https:\/\/jam-news.net\/az\/?s={search_term_string}\"},\"query-input\":{\"@type\":\"PropertyValueSpecification\",\"valueRequired\":true,\"valueName\":\"search_term_string\"}}],\"inLanguage\":\"az\"},{\"@type\":\"Organization\",\"@id\":\"https:\/\/jam-news.net\/az\/#organization\",\"name\":\"JAMnews\",\"url\":\"https:\/\/jam-news.net\/az\/\",\"logo\":{\"@type\":\"ImageObject\",\"inLanguage\":\"az\",\"@id\":\"https:\/\/jam-news.net\/az\/#\/schema\/logo\/image\/\",\"url\":\"https:\/\/jam-news.net\/app\/uploads\/2020\/05\/JAM_w.jpg\",\"contentUrl\":\"https:\/\/jam-news.net\/app\/uploads\/2020\/05\/JAM_w.jpg\",\"width\":960,\"height\":960,\"caption\":\"JAMnews\"},\"image\":{\"@id\":\"https:\/\/jam-news.net\/az\/#\/schema\/logo\/image\/\"},\"sameAs\":[\"https:\/\/www.facebook.com\/JAMnewsInEnglish\/\",\"https:\/\/x.com\/JAMnewsCaucasus\",\"https:\/\/www.instagram.com\/jam_news\/\",\"https:\/\/www.youtube.com\/channel\/UCXQbUCme2pykuZYXWHx4VPg\"]},{\"@type\":\"Person\",\"@id\":\"https:\/\/jam-news.net\/az\/#\/schema\/person\/67df3bb7adb46cd513fb9c4cb02361c6\",\"name\":\"JAMnews\",\"image\":{\"@type\":\"ImageObject\",\"inLanguage\":\"az\",\"@id\":\"https:\/\/jam-news.net\/az\/#\/schema\/person\/image\/\",\"url\":\"https:\/\/secure.gravatar.com\/avatar\/e5c27593ef900c3ab3deed4ed1c653d7?s=96&d=mm&r=g\",\"contentUrl\":\"https:\/\/secure.gravatar.com\/avatar\/e5c27593ef900c3ab3deed4ed1c653d7?s=96&d=mm&r=g\",\"caption\":\"JAMnews\"},\"url\":\"https:\/\/jam-news.net\/az\/author\/margarita\/\"}]}<\/script>\n<!-- \/ Yoast SEO plugin. -->","yoast_head_json":{"title":"Pandemiya zaman\u0131 Az\u0259rbaycana qay\u0131da bilm\u0259y\u0259nl\u0259r \u2013 bu, yax\u015f\u0131d\u0131r, ya pis? - JAMnews","description":"Koronavirus pandemiyas\u0131n\u0131 ba\u015fqa \u00f6lk\u0259l\u0259rd\u0259 - Rusiya v\u0259 Fransada ke\u00e7ir\u0259n az\u0259rbaycanl\u0131lar\u0131n hekay\u0259l\u0259ri","robots":{"index":"index","follow":"follow","max-snippet":"max-snippet:-1","max-image-preview":"max-image-preview:large","max-video-preview":"max-video-preview:-1"},"canonical":"https:\/\/jam-news.net\/az\/hekay\u0259l\u0259r-az\u0259rbaycanlilar-xaricd\u0259-karantin\/","og_locale":"az_AZ","og_type":"article","og_title":"Pandemiya zaman\u0131 Az\u0259rbaycana qay\u0131da bilm\u0259y\u0259nl\u0259r \u2013 bu, yax\u015f\u0131d\u0131r, ya pis? - JAMnews","og_description":"Koronavirus pandemiyas\u0131n\u0131 ba\u015fqa \u00f6lk\u0259l\u0259rd\u0259 - Rusiya v\u0259 Fransada ke\u00e7ir\u0259n az\u0259rbaycanl\u0131lar\u0131n hekay\u0259l\u0259ri","og_url":"https:\/\/jam-news.net\/az\/hekay\u0259l\u0259r-az\u0259rbaycanlilar-xaricd\u0259-karantin\/","og_site_name":"Azerbaijani Jamnews","article_publisher":"https:\/\/www.facebook.com\/JAMnewsInEnglish\/","article_published_time":"2020-07-29T18:23:18+00:00","article_modified_time":"2022-01-17T20:36:48+00:00","og_image":[{"width":1200,"height":705,"url":"https:\/\/jam-news.net\/app\/uploads\/2020\/07\/flag-Azerbaijan-house.jpg","type":"image\/jpeg"}],"author":"JAMnews","twitter_card":"summary_large_image","twitter_creator":"@JAMnewsCaucasus","twitter_site":"@JAMnewsCaucasus","twitter_misc":{"Written by":"JAMnews","Est. reading time":"9 minutes"},"schema":{"@context":"https:\/\/schema.org","@graph":[{"@type":"Article","@id":"https:\/\/jam-news.net\/az\/hekay%c9%99l%c9%99r-az%c9%99rbaycanlilar-xaricd%c9%99-karantin\/#article","isPartOf":{"@id":"https:\/\/jam-news.net\/az\/hekay%c9%99l%c9%99r-az%c9%99rbaycanlilar-xaricd%c9%99-karantin\/"},"author":{"name":"JAMnews","@id":"https:\/\/jam-news.net\/az\/#\/schema\/person\/67df3bb7adb46cd513fb9c4cb02361c6"},"headline":"Pandemiya zaman\u0131 Az\u0259rbaycana qay\u0131da bilm\u0259y\u0259nl\u0259r \u2013 bu, yax\u015f\u0131d\u0131r, ya pis?","datePublished":"2020-07-29T18:23:18+00:00","dateModified":"2022-01-17T20:36:48+00:00","mainEntityOfPage":{"@id":"https:\/\/jam-news.net\/az\/hekay%c9%99l%c9%99r-az%c9%99rbaycanlilar-xaricd%c9%99-karantin\/"},"wordCount":2184,"publisher":{"@id":"https:\/\/jam-news.net\/az\/#organization"},"image":{"@id":"https:\/\/jam-news.net\/az\/hekay%c9%99l%c9%99r-az%c9%99rbaycanlilar-xaricd%c9%99-karantin\/#primaryimage"},"thumbnailUrl":"https:\/\/jam-news.net\/app\/uploads\/2020\/07\/flag-Azerbaijan-house.jpg","keywords":["AZAL","Az\u0259rbaycan","Az\u0259rbaycanda koronavirus","Belavia","COVID-19","Fransa","Fransada koronavirus","H\u0259\u015ft\u0259rxan","Moskva","pandemiya","Paris","Rusiya","Rusiyada karantin","Rusiyada koronavirus"],"articleSection":["Azerbaijan","Issues","Stories"],"inLanguage":"az"},{"@type":"WebPage","@id":"https:\/\/jam-news.net\/az\/hekay%c9%99l%c9%99r-az%c9%99rbaycanlilar-xaricd%c9%99-karantin\/","url":"https:\/\/jam-news.net\/az\/hekay%c9%99l%c9%99r-az%c9%99rbaycanlilar-xaricd%c9%99-karantin\/","name":"Pandemiya zaman\u0131 Az\u0259rbaycana qay\u0131da bilm\u0259y\u0259nl\u0259r \u2013 bu, yax\u015f\u0131d\u0131r, ya pis? - JAMnews","isPartOf":{"@id":"https:\/\/jam-news.net\/az\/#website"},"primaryImageOfPage":{"@id":"https:\/\/jam-news.net\/az\/hekay%c9%99l%c9%99r-az%c9%99rbaycanlilar-xaricd%c9%99-karantin\/#primaryimage"},"image":{"@id":"https:\/\/jam-news.net\/az\/hekay%c9%99l%c9%99r-az%c9%99rbaycanlilar-xaricd%c9%99-karantin\/#primaryimage"},"thumbnailUrl":"https:\/\/jam-news.net\/app\/uploads\/2020\/07\/flag-Azerbaijan-house.jpg","datePublished":"2020-07-29T18:23:18+00:00","dateModified":"2022-01-17T20:36:48+00:00","description":"Koronavirus pandemiyas\u0131n\u0131 ba\u015fqa \u00f6lk\u0259l\u0259rd\u0259 - Rusiya v\u0259 Fransada ke\u00e7ir\u0259n az\u0259rbaycanl\u0131lar\u0131n hekay\u0259l\u0259ri","breadcrumb":{"@id":"https:\/\/jam-news.net\/az\/hekay%c9%99l%c9%99r-az%c9%99rbaycanlilar-xaricd%c9%99-karantin\/#breadcrumb"},"inLanguage":"az","potentialAction":[{"@type":"ReadAction","target":["https:\/\/jam-news.net\/az\/hekay%c9%99l%c9%99r-az%c9%99rbaycanlilar-xaricd%c9%99-karantin\/"]}]},{"@type":"ImageObject","inLanguage":"az","@id":"https:\/\/jam-news.net\/az\/hekay%c9%99l%c9%99r-az%c9%99rbaycanlilar-xaricd%c9%99-karantin\/#primaryimage","url":"https:\/\/jam-news.net\/app\/uploads\/2020\/07\/flag-Azerbaijan-house.jpg","contentUrl":"https:\/\/jam-news.net\/app\/uploads\/2020\/07\/flag-Azerbaijan-house.jpg","width":1200,"height":705},{"@type":"BreadcrumbList","@id":"https:\/\/jam-news.net\/az\/hekay%c9%99l%c9%99r-az%c9%99rbaycanlilar-xaricd%c9%99-karantin\/#breadcrumb","itemListElement":[{"@type":"ListItem","position":1,"name":"Home","item":"https:\/\/jam-news.net\/az\/"},{"@type":"ListItem","position":2,"name":"Pandemiya zaman\u0131 Az\u0259rbaycana qay\u0131da bilm\u0259y\u0259nl\u0259r \u2013 bu, yax\u015f\u0131d\u0131r, ya pis?"}]},{"@type":"WebSite","@id":"https:\/\/jam-news.net\/az\/#website","url":"https:\/\/jam-news.net\/az\/","name":"Azerbaijani Jamnews","description":"Caucasus News, Politics and Society","publisher":{"@id":"https:\/\/jam-news.net\/az\/#organization"},"potentialAction":[{"@type":"SearchAction","target":{"@type":"EntryPoint","urlTemplate":"https:\/\/jam-news.net\/az\/?s={search_term_string}"},"query-input":{"@type":"PropertyValueSpecification","valueRequired":true,"valueName":"search_term_string"}}],"inLanguage":"az"},{"@type":"Organization","@id":"https:\/\/jam-news.net\/az\/#organization","name":"JAMnews","url":"https:\/\/jam-news.net\/az\/","logo":{"@type":"ImageObject","inLanguage":"az","@id":"https:\/\/jam-news.net\/az\/#\/schema\/logo\/image\/","url":"https:\/\/jam-news.net\/app\/uploads\/2020\/05\/JAM_w.jpg","contentUrl":"https:\/\/jam-news.net\/app\/uploads\/2020\/05\/JAM_w.jpg","width":960,"height":960,"caption":"JAMnews"},"image":{"@id":"https:\/\/jam-news.net\/az\/#\/schema\/logo\/image\/"},"sameAs":["https:\/\/www.facebook.com\/JAMnewsInEnglish\/","https:\/\/x.com\/JAMnewsCaucasus","https:\/\/www.instagram.com\/jam_news\/","https:\/\/www.youtube.com\/channel\/UCXQbUCme2pykuZYXWHx4VPg"]},{"@type":"Person","@id":"https:\/\/jam-news.net\/az\/#\/schema\/person\/67df3bb7adb46cd513fb9c4cb02361c6","name":"JAMnews","image":{"@type":"ImageObject","inLanguage":"az","@id":"https:\/\/jam-news.net\/az\/#\/schema\/person\/image\/","url":"https:\/\/secure.gravatar.com\/avatar\/e5c27593ef900c3ab3deed4ed1c653d7?s=96&d=mm&r=g","contentUrl":"https:\/\/secure.gravatar.com\/avatar\/e5c27593ef900c3ab3deed4ed1c653d7?s=96&d=mm&r=g","caption":"JAMnews"},"url":"https:\/\/jam-news.net\/az\/author\/margarita\/"}]}},"_links":{"self":[{"href":"https:\/\/jam-news.net\/az\/wp-json\/wp\/v2\/posts\/32371","targetHints":{"allow":["GET"]}}],"collection":[{"href":"https:\/\/jam-news.net\/az\/wp-json\/wp\/v2\/posts"}],"about":[{"href":"https:\/\/jam-news.net\/az\/wp-json\/wp\/v2\/types\/post"}],"author":[{"embeddable":true,"href":"https:\/\/jam-news.net\/az\/wp-json\/wp\/v2\/users\/3"}],"replies":[{"embeddable":true,"href":"https:\/\/jam-news.net\/az\/wp-json\/wp\/v2\/comments?post=32371"}],"version-history":[{"count":3,"href":"https:\/\/jam-news.net\/az\/wp-json\/wp\/v2\/posts\/32371\/revisions"}],"predecessor-version":[{"id":32465,"href":"https:\/\/jam-news.net\/az\/wp-json\/wp\/v2\/posts\/32371\/revisions\/32465"}],"wp:featuredmedia":[{"embeddable":true,"href":"https:\/\/jam-news.net\/az\/wp-json\/wp\/v2\/media\/32248"}],"wp:attachment":[{"href":"https:\/\/jam-news.net\/az\/wp-json\/wp\/v2\/media?parent=32371"}],"wp:term":[{"taxonomy":"category","embeddable":true,"href":"https:\/\/jam-news.net\/az\/wp-json\/wp\/v2\/categories?post=32371"},{"taxonomy":"post_tag","embeddable":true,"href":"https:\/\/jam-news.net\/az\/wp-json\/wp\/v2\/tags?post=32371"},{"taxonomy":"formation","embeddable":true,"href":"https:\/\/jam-news.net\/az\/wp-json\/wp\/v2\/formation?post=32371"},{"taxonomy":"post-author","embeddable":true,"href":"https:\/\/jam-news.net\/az\/wp-json\/wp\/v2\/post-author?post=32371"},{"taxonomy":"topic","embeddable":true,"href":"https:\/\/jam-news.net\/az\/wp-json\/wp\/v2\/topic?post=32371"},{"taxonomy":"tooltip","embeddable":true,"href":"https:\/\/jam-news.net\/az\/wp-json\/wp\/v2\/tooltip?post=32371"},{"taxonomy":"city","embeddable":true,"href":"https:\/\/jam-news.net\/az\/wp-json\/wp\/v2\/city?post=32371"}],"curies":[{"name":"wp","href":"https:\/\/api.w.org\/{rel}","templated":true}]}}