{"id":3222,"date":"2015-12-04T00:00:00","date_gmt":"2015-12-04T00:00:00","guid":{"rendered":"http:\/\/jam-news.net\/az\/prezident-dar-c%c9%99rciv%c9%99d%c9%99-danisdi\/"},"modified":"2020-03-18T10:46:02","modified_gmt":"2020-03-18T10:46:02","slug":"prezident-dar-c%c9%99rciv%c9%99d%c9%99-danisdi","status":"publish","type":"post","link":"https:\/\/jam-news.net\/az\/prezident-dar-c%c9%99rciv%c9%99d%c9%99-danisdi\/","title":{"rendered":"Prezident dar \u00e7\u0259r\u00e7iv\u0259d\u0259 dan\u0131\u015fd\u0131"},"content":{"rendered":"<p><span style='font-size: 12pt;'>\u018fvv\u0259lc\u0259 bir ne&ccedil;\u0259 tele\u015firk\u0259t x\u0259b\u0259r efirind\u0259 prezidentin dekabr\u0131n 6-da &ouml;lk\u0259d\u0259 referendum ke&ccedil;iril\u0259c\u0259k kostitusion d\u0259yi\u015fiklikl\u0259rl\u0259 ba\u011fl\u0131 fikir s&ouml;yl\u0259diyini bildirdi. Bu dekabr\u0131n 2-si ax\u015fam oldu. N&ouml;vb\u0259ti g&uuml;n telekanallar r\u0259smi x\u0259b\u0259r &ccedil;\u0131xana q\u0259d\u0259r susqunlu\u011funu davam etdil\u0259r, d&ouml;vl\u0259t ba\u015f&ccedil;\u0131s\u0131n\u0131n jurnalistl\u0259rl\u0259 s&ouml;hb\u0259tinin video-yaz\u0131s\u0131 v\u0259 b&uuml;t&ouml;v &ccedil;\u0131x\u0131\u015f <a href='http:\/\/www.president.am\/hy\/interviews-and-press-conferences\/item\/2015\/12\/03\/President-Serzh-Sargsyan-interview\/'>president.am<\/a> sayt\u0131ndad\u0131r.<\/span><\/p>\n<p><span style='font-size: 12pt;'>D\u0259rhal bununla ba\u011fl\u0131 \u015f\u0259rhl\u0259r onlayn-n\u0259\u015frl\u0259rd\u0259 verildi. Media T\u0259\u015f\u0259bb&uuml;s M\u0259rk\u0259zinin sayt\u0131 olan <a href='http:\/\/media.am\/Interview-of-Serzh-Sargsyan'>media.am<\/a> bu v\u0259ziyy\u0259t haqq\u0131nda birinci yazd\u0131: &ldquo;Bel\u0259 bir \u015f&uuml;bh\u0259 yaran\u0131r ki, b&uuml;t&uuml;n orada olanlar &ldquo;m&ouml;t\u0259b\u0259r K\u0130V n&uuml;may\u0259nd\u0259l\u0259ri oldu\u011fu halda bel\u0259, senzura problemi m&ouml;vcuddur. Bir az da ir\u0259li ged\u0259n \u015f&uuml;bh\u0259l\u0259r d\u0259 yaran\u0131r: biz\u0259 eyni yerd\u0259 montaj edil\u0259n, amma bir-birind\u0259n bir q\u0259d\u0259r f\u0259rql\u0259n\u0259n s&uuml;jetl\u0259r g&ouml;st\u0259rm\u0259y\u0259c\u0259kl\u0259r ki.<\/span><\/p>\n<p><span style='font-size: 12pt;'>Daha bir \u015f\u0259b\u0259k\u0259 n\u0259\u015fri &ldquo;<a href='http:\/\/civilnet.am\/2015\/12\/03\/voices-mher-arshakyan-17\/#.VmFBo3YrL4a'>Civilnet<\/a> sual etdi: &ldquo;D&uuml;nyan\u0131n hans\u0131 &ouml;lk\u0259sind\u0259 biz bel\u0259 bir \u015feyin \u015fahidi olmu\u015fuq ki, 8 telekanaldan olan 12 jurnalistin i\u015ftirak etdiyi m\u0259tbuat konfrans\u0131 ancaq bir telekanal\u0131n kameras\u0131 t\u0259r\u0259find\u0259n &ccedil;\u0259kilsin? Onda niy\u0259 dig\u0259rl\u0259ri bu q\u0259d\u0259r tezlik tutur?<\/span><\/p>\n<p><span style='font-size: 12pt;'>M\u0259tbuat konfrans\u0131n\u0131n &ouml;z&uuml;n\u0259 g\u0259linc\u0259, Serj Sarqsyan konstitusion d\u0259yi\u015fiklikl\u0259rl\u0259 ba\u011fl\u0131 referendumun vacibliyi bar\u0259d\u0259 fikir bildirdi v\u0259 izah etdi ki, niy\u0259 onun fikrinc\u0259 onlar &ouml;lk\u0259y\u0259 laz\u0131md\u0131r v\u0259 niy\u0259 o bu proses\u0259 ba\u015flay\u0131b:<\/span><\/p>\n<p><span style='font-size: 12pt;'>&ldquo;M\u0259n q&uuml;vv\u0259d\u0259 olan Konstitusiyan\u0131n konkret t\u0259nziml\u0259m\u0259l\u0259rind\u0259 t\u0259hl&uuml;k\u0259 g&ouml;r&uuml;r\u0259n v\u0259 bu fakt\u0131 qeyd etm\u0259yi &ouml;z&uuml;m\u0259 borc bilir\u0259m. Sakitc\u0259 v\u0259 s\u0259ssizc\u0259 oturub g&ouml;zl\u0259y\u0259 v\u0259 dey\u0259 bilm\u0259r\u0259m ki, m\u0259n bu t\u0259hl&uuml;k\u0259ni g&ouml;r&uuml;r\u0259m, amma b\u0259zi adamlar deyir ki, indi vaxt\u0131 deyil v\u0259 c\u0259miyy\u0259t t\u0259r\u0259find\u0259n t\u0259l\u0259b yoxdur, ona g&ouml;r\u0259 d\u0259 m\u0259n susacam.<\/span><\/p>\n<p><span style='font-size: 12pt;'><\/p>\n<div><img decoding=\"async\" src=\"http:\/\/jam-news.net\/Uploads\/Publication\/342\/ContentImages\/az-Latn-AZ\/P1270034.JPG\" \/><span class='post-image-caption'><\/span><\/div>\n<p><\/span><\/p>\n<p><span style='font-size: 12pt;'>Sarqsyan\u0131n fikrinc\u0259, ilk v\u0259 \u0259sas t\u0259hl&uuml;k\u0259 &ouml;lk\u0259nin q&uuml;vv\u0259d\u0259 olan Konstitusiyas\u0131 il\u0259 t\u0259sbit olunan d&ouml;vl\u0259tin yar\u0131prezident idar\u0259&ccedil;iliyi formas\u0131nda prezidentin h&uuml;quq v\u0259 m\u0259suliyy\u0259ti aras\u0131ndak\u0131 uy\u011funsuzluqla ba\u011fl\u0131d\u0131r. S&ouml;hb\u0259t d&ouml;vl\u0259t ba\u015f&ccedil;\u0131s\u0131n\u0131n &ouml;lk\u0259nin m&uuml;st\u0259qilliyi, \u0259razi b&uuml;t&ouml;vl&uuml;y&uuml; v\u0259 t\u0259hl&uuml;k\u0259sizliyin\u0259 g&ouml;r\u0259 m\u0259suliyy\u0259tind\u0259n gedir ki, bu zaman o m&uuml;dafi\u0259 sah\u0259sind\u0259 d&ouml;vl\u0259t orqanlar\u0131n\u0131n f\u0259aliyy\u0259tin\u0259 &ldquo;r\u0259hb\u0259rlik etm\u0259k deyil, yaln\u0131z onlar\u0131n i\u015fini &ldquo;koordinasiya etm\u0259k h&uuml;ququna malikdir.<\/span><\/p>\n<p><span style='font-size: 12pt;'>Prezidentin s&ouml;zl\u0259rin\u0259 g&ouml;r\u0259, ikinci t\u0259hl&uuml;k\u0259 onunla ba\u011fl\u0131d\u0131r ki, q&uuml;vv\u0259d\u0259 olan Konstitusiyaya g&ouml;r\u0259, d&ouml;vl\u0259t ba\u015f&ccedil;\u0131s\u0131 iqtisadi v\u0259ziyy\u0259t\u0259 g&ouml;r\u0259 d\u0259 m\u0259suliyy\u0259t da\u015f\u0131m\u0131r.<\/span><\/p>\n<p><span style='font-size: 12pt;'>&Uuml;&ccedil;&uuml;nc&uuml; t\u0259hl&uuml;k\u0259 is\u0259 &ldquo;m\u0259hk\u0259m\u0259 sisteminin daxili v\u0259 xarici m&uuml;st\u0259qilliyi il\u0259 ba\u011fl\u0131d\u0131r. Serj Sarqsyan m\u0259tbuat konfrans\u0131 i\u015ftirak&ccedil;\u0131lar\u0131na m&uuml;raci\u0259t etdi: &ldquo;D&uuml;\u015f&uuml;n&uuml;r\u0259m, he&ccedil; biriniz inkar etm\u0259y\u0259c\u0259ksiz ki, c\u0259miyy\u0259timizd\u0259 bel\u0259 bir fikir yay\u0131l\u0131b ki, b&uuml;t&uuml;n h&ouml;kml\u0259r, onlar m\u0259hkm\u0259d\u0259 elan edil\u0259n\u0259 q\u0259d\u0259r Baqramyan 26-dan (prezident q\u0259rargah\u0131n\u0131n &uuml;nvan\u0131 &mdash; JAMnews) ke&ccedil;ir. \u0130ndi hakiml\u0259ri prezident t\u0259yin edir. Konstitusiyaya d\u0259yi\u015fiklikl\u0259r layih\u0259sind\u0259 is\u0259, &ldquo;\u0259ks\u0259r m&uuml;t\u0259x\u0259ssisl\u0259rin fikrinc\u0259, bu m\u0259s\u0259l\u0259 d\u0259 h\u0259ll olunur, &#8211; Sarqsyan \u0259min etdi.<\/span><\/p>\n<p style='text-align: center;'><span style='font-size: 12pt;'><\/p>\n<div><img decoding=\"async\" src=\"http:\/\/jam-news.net\/Uploads\/Publication\/342\/ContentImages\/az-Latn-AZ\/Serzh.jpg\" \/><span class='post-image-caption'><\/span><\/div>\n<p><\/span><\/p>\n<p><span style='font-size: 12pt;'>Prezidentin n&ouml;vb\u0259ti b\u0259yanat\u0131 daha b&ouml;y&uuml;k mara\u011fa s\u0259b\u0259b oldu: &ldquo;Tam s\u0259mimiyy\u0259tl\u0259 deyir\u0259m ki, &ouml;lk\u0259mizd\u0259 m&uuml;tl\u0259q prezident idar\u0259&ccedil;iliyi sistemi m&ouml;vcud olsayd\u0131, ola bilsin, m\u0259n bu islahatlara getm\u0259zdim, &ccedil;&uuml;nki parlament sisteminin &ouml;z, prezident sisteminin d\u0259 &ouml;z &uuml;st&uuml;nl&uuml;kl\u0259ri var. Misal &uuml;&ccedil;&uuml;n, m&uuml;harib\u0259 v\u0259ziyy\u0259tind\u0259 prezident sistemi tamamil\u0259 m\u0259qbul say\u0131la bil\u0259r, onda he&ccedil; bir t\u0259hl&uuml;k\u0259 yoxdur, amma dem\u0259k olmaz ki, m&uuml;harib\u0259 vaxt\u0131 parlament sistemi h\u0259yat qabiliyy\u0259tli deyil. Bax yar\u0131prezident sistemi h\u0259yat qabiliyy\u0259t\u015fli deyil.<\/span><\/p>\n<p><span style='font-size: 12pt;'>T\u0259\u0259ss&uuml;f ki, m\u0259tbuat konfrans\u0131nda i\u015ftirak ed\u0259n he&ccedil; bir jurnalist x\u0259b\u0259r almad\u0131 ki, niy\u0259 bel\u0259 olan halda prezident 100 faiz prezident idar\u0259&ccedil;iliyi deyil, parlament sistemin\u0259 do\u011fru yolu se&ccedil;di. B\u0259lk\u0259 d\u0259 x\u0259b\u0259r ald\u0131lar, amma biz bunu n\u0259 g&ouml;rd&uuml;k, n\u0259 d\u0259 ki e\u015fitdik.<\/span><\/p>\n","protected":false},"excerpt":{"rendered":"<p>Erm\u0259nistan\u0131n 8 tele\u015firk\u0259ti m\u0259tbuat konfrans\u0131 haqq\u0131nda informasiya prezidentin r\u0259smi sayt\u0131nda d\u0259cr olunana q\u0259d\u0259r g\u00f6zl\u0259di<\/p>\n","protected":false},"author":3,"featured_media":0,"comment_status":"open","ping_status":"open","sticky":false,"template":"","format":"standard","meta":{"_acf_changed":false,"footnotes":""},"categories":[5],"tags":[],"formation":[],"post-author":[2888],"topic":[],"tooltip":[],"city":[],"class_list":["post-3222","post","type-post","status-publish","format-standard","hentry","category-siyast","post-author-jamnews"],"acf":[],"yoast_head":"<!-- This site is optimized with the Yoast SEO plugin v24.1 - https:\/\/yoast.com\/wordpress\/plugins\/seo\/ -->\n<title>Prezident dar \u00e7\u0259r\u00e7iv\u0259d\u0259 dan\u0131\u015fd\u0131 - JAMnews<\/title>\n<meta name=\"robots\" content=\"index, follow, max-snippet:-1, max-image-preview:large, max-video-preview:-1\" \/>\n<link rel=\"canonical\" href=\"https:\/\/jam-news.net\/az\/prezident-dar-c\u0259rciv\u0259d\u0259-danisdi\/\" \/>\n<meta property=\"og:locale\" content=\"az_AZ\" \/>\n<meta property=\"og:type\" content=\"article\" \/>\n<meta property=\"og:title\" content=\"Prezident dar \u00e7\u0259r\u00e7iv\u0259d\u0259 dan\u0131\u015fd\u0131 - JAMnews\" \/>\n<meta property=\"og:description\" content=\"Erm\u0259nistan\u0131n 8 tele\u015firk\u0259ti m\u0259tbuat konfrans\u0131 haqq\u0131nda informasiya prezidentin r\u0259smi sayt\u0131nda d\u0259cr olunana q\u0259d\u0259r g\u00f6zl\u0259di\" \/>\n<meta property=\"og:url\" content=\"https:\/\/jam-news.net\/az\/prezident-dar-c\u0259rciv\u0259d\u0259-danisdi\/\" \/>\n<meta property=\"og:site_name\" content=\"Azerbaijani Jamnews\" \/>\n<meta property=\"article:publisher\" content=\"https:\/\/www.facebook.com\/JAMnewsInEnglish\/\" \/>\n<meta property=\"article:published_time\" content=\"2015-12-04T00:00:00+00:00\" \/>\n<meta property=\"article:modified_time\" content=\"2020-03-18T10:46:02+00:00\" \/>\n<meta property=\"og:image\" content=\"http:\/\/jam-news.net\/Uploads\/Publication\/342\/ContentImages\/az-Latn-AZ\/P1270034.JPG\" \/>\n<meta name=\"author\" content=\"JAMnews\" \/>\n<meta name=\"twitter:card\" content=\"summary_large_image\" \/>\n<meta name=\"twitter:creator\" content=\"@JAMnewsCaucasus\" \/>\n<meta name=\"twitter:site\" content=\"@JAMnewsCaucasus\" \/>\n<meta name=\"twitter:label1\" content=\"Written by\" \/>\n\t<meta name=\"twitter:data1\" content=\"JAMnews\" \/>\n\t<meta name=\"twitter:label2\" content=\"Est. reading time\" \/>\n\t<meta name=\"twitter:data2\" content=\"5 minutes\" \/>\n<script type=\"application\/ld+json\" class=\"yoast-schema-graph\">{\"@context\":\"https:\/\/schema.org\",\"@graph\":[{\"@type\":\"Article\",\"@id\":\"https:\/\/jam-news.net\/az\/prezident-dar-c%c9%99rciv%c9%99d%c9%99-danisdi\/#article\",\"isPartOf\":{\"@id\":\"https:\/\/jam-news.net\/az\/prezident-dar-c%c9%99rciv%c9%99d%c9%99-danisdi\/\"},\"author\":{\"name\":\"JAMnews\",\"@id\":\"https:\/\/jam-news.net\/az\/#\/schema\/person\/67df3bb7adb46cd513fb9c4cb02361c6\"},\"headline\":\"Prezident dar \u00e7\u0259r\u00e7iv\u0259d\u0259 dan\u0131\u015fd\u0131\",\"datePublished\":\"2015-12-04T00:00:00+00:00\",\"dateModified\":\"2020-03-18T10:46:02+00:00\",\"mainEntityOfPage\":{\"@id\":\"https:\/\/jam-news.net\/az\/prezident-dar-c%c9%99rciv%c9%99d%c9%99-danisdi\/\"},\"wordCount\":931,\"commentCount\":0,\"publisher\":{\"@id\":\"https:\/\/jam-news.net\/az\/#organization\"},\"image\":{\"@id\":\"https:\/\/jam-news.net\/az\/prezident-dar-c%c9%99rciv%c9%99d%c9%99-danisdi\/#primaryimage\"},\"thumbnailUrl\":\"http:\/\/jam-news.net\/Uploads\/Publication\/342\/ContentImages\/az-Latn-AZ\/P1270034.JPG\",\"articleSection\":[\"Politics\"],\"inLanguage\":\"az\"},{\"@type\":\"WebPage\",\"@id\":\"https:\/\/jam-news.net\/az\/prezident-dar-c%c9%99rciv%c9%99d%c9%99-danisdi\/\",\"url\":\"https:\/\/jam-news.net\/az\/prezident-dar-c%c9%99rciv%c9%99d%c9%99-danisdi\/\",\"name\":\"Prezident dar \u00e7\u0259r\u00e7iv\u0259d\u0259 dan\u0131\u015fd\u0131 - JAMnews\",\"isPartOf\":{\"@id\":\"https:\/\/jam-news.net\/az\/#website\"},\"primaryImageOfPage\":{\"@id\":\"https:\/\/jam-news.net\/az\/prezident-dar-c%c9%99rciv%c9%99d%c9%99-danisdi\/#primaryimage\"},\"image\":{\"@id\":\"https:\/\/jam-news.net\/az\/prezident-dar-c%c9%99rciv%c9%99d%c9%99-danisdi\/#primaryimage\"},\"thumbnailUrl\":\"http:\/\/jam-news.net\/Uploads\/Publication\/342\/ContentImages\/az-Latn-AZ\/P1270034.JPG\",\"datePublished\":\"2015-12-04T00:00:00+00:00\",\"dateModified\":\"2020-03-18T10:46:02+00:00\",\"breadcrumb\":{\"@id\":\"https:\/\/jam-news.net\/az\/prezident-dar-c%c9%99rciv%c9%99d%c9%99-danisdi\/#breadcrumb\"},\"inLanguage\":\"az\",\"potentialAction\":[{\"@type\":\"ReadAction\",\"target\":[\"https:\/\/jam-news.net\/az\/prezident-dar-c%c9%99rciv%c9%99d%c9%99-danisdi\/\"]}]},{\"@type\":\"ImageObject\",\"inLanguage\":\"az\",\"@id\":\"https:\/\/jam-news.net\/az\/prezident-dar-c%c9%99rciv%c9%99d%c9%99-danisdi\/#primaryimage\",\"url\":\"http:\/\/jam-news.net\/Uploads\/Publication\/342\/ContentImages\/az-Latn-AZ\/P1270034.JPG\",\"contentUrl\":\"http:\/\/jam-news.net\/Uploads\/Publication\/342\/ContentImages\/az-Latn-AZ\/P1270034.JPG\"},{\"@type\":\"BreadcrumbList\",\"@id\":\"https:\/\/jam-news.net\/az\/prezident-dar-c%c9%99rciv%c9%99d%c9%99-danisdi\/#breadcrumb\",\"itemListElement\":[{\"@type\":\"ListItem\",\"position\":1,\"name\":\"Home\",\"item\":\"https:\/\/jam-news.net\/az\/\"},{\"@type\":\"ListItem\",\"position\":2,\"name\":\"Prezident dar \u00e7\u0259r\u00e7iv\u0259d\u0259 dan\u0131\u015fd\u0131\"}]},{\"@type\":\"WebSite\",\"@id\":\"https:\/\/jam-news.net\/az\/#website\",\"url\":\"https:\/\/jam-news.net\/az\/\",\"name\":\"Azerbaijani Jamnews\",\"description\":\"Caucasus News, Politics and Society\",\"publisher\":{\"@id\":\"https:\/\/jam-news.net\/az\/#organization\"},\"potentialAction\":[{\"@type\":\"SearchAction\",\"target\":{\"@type\":\"EntryPoint\",\"urlTemplate\":\"https:\/\/jam-news.net\/az\/?s={search_term_string}\"},\"query-input\":{\"@type\":\"PropertyValueSpecification\",\"valueRequired\":true,\"valueName\":\"search_term_string\"}}],\"inLanguage\":\"az\"},{\"@type\":\"Organization\",\"@id\":\"https:\/\/jam-news.net\/az\/#organization\",\"name\":\"JAMnews\",\"url\":\"https:\/\/jam-news.net\/az\/\",\"logo\":{\"@type\":\"ImageObject\",\"inLanguage\":\"az\",\"@id\":\"https:\/\/jam-news.net\/az\/#\/schema\/logo\/image\/\",\"url\":\"https:\/\/jam-news.net\/app\/uploads\/2020\/05\/JAM_w.jpg\",\"contentUrl\":\"https:\/\/jam-news.net\/app\/uploads\/2020\/05\/JAM_w.jpg\",\"width\":960,\"height\":960,\"caption\":\"JAMnews\"},\"image\":{\"@id\":\"https:\/\/jam-news.net\/az\/#\/schema\/logo\/image\/\"},\"sameAs\":[\"https:\/\/www.facebook.com\/JAMnewsInEnglish\/\",\"https:\/\/x.com\/JAMnewsCaucasus\",\"https:\/\/www.instagram.com\/jam_news\/\",\"https:\/\/www.youtube.com\/channel\/UCXQbUCme2pykuZYXWHx4VPg\"]},{\"@type\":\"Person\",\"@id\":\"https:\/\/jam-news.net\/az\/#\/schema\/person\/67df3bb7adb46cd513fb9c4cb02361c6\",\"name\":\"JAMnews\",\"image\":{\"@type\":\"ImageObject\",\"inLanguage\":\"az\",\"@id\":\"https:\/\/jam-news.net\/az\/#\/schema\/person\/image\/\",\"url\":\"https:\/\/secure.gravatar.com\/avatar\/e5c27593ef900c3ab3deed4ed1c653d7?s=96&d=mm&r=g\",\"contentUrl\":\"https:\/\/secure.gravatar.com\/avatar\/e5c27593ef900c3ab3deed4ed1c653d7?s=96&d=mm&r=g\",\"caption\":\"JAMnews\"},\"url\":\"https:\/\/jam-news.net\/az\/author\/margarita\/\"}]}<\/script>\n<!-- \/ Yoast SEO plugin. -->","yoast_head_json":{"title":"Prezident dar \u00e7\u0259r\u00e7iv\u0259d\u0259 dan\u0131\u015fd\u0131 - JAMnews","robots":{"index":"index","follow":"follow","max-snippet":"max-snippet:-1","max-image-preview":"max-image-preview:large","max-video-preview":"max-video-preview:-1"},"canonical":"https:\/\/jam-news.net\/az\/prezident-dar-c\u0259rciv\u0259d\u0259-danisdi\/","og_locale":"az_AZ","og_type":"article","og_title":"Prezident dar \u00e7\u0259r\u00e7iv\u0259d\u0259 dan\u0131\u015fd\u0131 - JAMnews","og_description":"Erm\u0259nistan\u0131n 8 tele\u015firk\u0259ti m\u0259tbuat konfrans\u0131 haqq\u0131nda informasiya prezidentin r\u0259smi sayt\u0131nda d\u0259cr olunana q\u0259d\u0259r g\u00f6zl\u0259di","og_url":"https:\/\/jam-news.net\/az\/prezident-dar-c\u0259rciv\u0259d\u0259-danisdi\/","og_site_name":"Azerbaijani Jamnews","article_publisher":"https:\/\/www.facebook.com\/JAMnewsInEnglish\/","article_published_time":"2015-12-04T00:00:00+00:00","article_modified_time":"2020-03-18T10:46:02+00:00","og_image":[{"url":"http:\/\/jam-news.net\/Uploads\/Publication\/342\/ContentImages\/az-Latn-AZ\/P1270034.JPG","type":"","width":"","height":""}],"author":"JAMnews","twitter_card":"summary_large_image","twitter_creator":"@JAMnewsCaucasus","twitter_site":"@JAMnewsCaucasus","twitter_misc":{"Written by":"JAMnews","Est. reading time":"5 minutes"},"schema":{"@context":"https:\/\/schema.org","@graph":[{"@type":"Article","@id":"https:\/\/jam-news.net\/az\/prezident-dar-c%c9%99rciv%c9%99d%c9%99-danisdi\/#article","isPartOf":{"@id":"https:\/\/jam-news.net\/az\/prezident-dar-c%c9%99rciv%c9%99d%c9%99-danisdi\/"},"author":{"name":"JAMnews","@id":"https:\/\/jam-news.net\/az\/#\/schema\/person\/67df3bb7adb46cd513fb9c4cb02361c6"},"headline":"Prezident dar \u00e7\u0259r\u00e7iv\u0259d\u0259 dan\u0131\u015fd\u0131","datePublished":"2015-12-04T00:00:00+00:00","dateModified":"2020-03-18T10:46:02+00:00","mainEntityOfPage":{"@id":"https:\/\/jam-news.net\/az\/prezident-dar-c%c9%99rciv%c9%99d%c9%99-danisdi\/"},"wordCount":931,"commentCount":0,"publisher":{"@id":"https:\/\/jam-news.net\/az\/#organization"},"image":{"@id":"https:\/\/jam-news.net\/az\/prezident-dar-c%c9%99rciv%c9%99d%c9%99-danisdi\/#primaryimage"},"thumbnailUrl":"http:\/\/jam-news.net\/Uploads\/Publication\/342\/ContentImages\/az-Latn-AZ\/P1270034.JPG","articleSection":["Politics"],"inLanguage":"az"},{"@type":"WebPage","@id":"https:\/\/jam-news.net\/az\/prezident-dar-c%c9%99rciv%c9%99d%c9%99-danisdi\/","url":"https:\/\/jam-news.net\/az\/prezident-dar-c%c9%99rciv%c9%99d%c9%99-danisdi\/","name":"Prezident dar \u00e7\u0259r\u00e7iv\u0259d\u0259 dan\u0131\u015fd\u0131 - JAMnews","isPartOf":{"@id":"https:\/\/jam-news.net\/az\/#website"},"primaryImageOfPage":{"@id":"https:\/\/jam-news.net\/az\/prezident-dar-c%c9%99rciv%c9%99d%c9%99-danisdi\/#primaryimage"},"image":{"@id":"https:\/\/jam-news.net\/az\/prezident-dar-c%c9%99rciv%c9%99d%c9%99-danisdi\/#primaryimage"},"thumbnailUrl":"http:\/\/jam-news.net\/Uploads\/Publication\/342\/ContentImages\/az-Latn-AZ\/P1270034.JPG","datePublished":"2015-12-04T00:00:00+00:00","dateModified":"2020-03-18T10:46:02+00:00","breadcrumb":{"@id":"https:\/\/jam-news.net\/az\/prezident-dar-c%c9%99rciv%c9%99d%c9%99-danisdi\/#breadcrumb"},"inLanguage":"az","potentialAction":[{"@type":"ReadAction","target":["https:\/\/jam-news.net\/az\/prezident-dar-c%c9%99rciv%c9%99d%c9%99-danisdi\/"]}]},{"@type":"ImageObject","inLanguage":"az","@id":"https:\/\/jam-news.net\/az\/prezident-dar-c%c9%99rciv%c9%99d%c9%99-danisdi\/#primaryimage","url":"http:\/\/jam-news.net\/Uploads\/Publication\/342\/ContentImages\/az-Latn-AZ\/P1270034.JPG","contentUrl":"http:\/\/jam-news.net\/Uploads\/Publication\/342\/ContentImages\/az-Latn-AZ\/P1270034.JPG"},{"@type":"BreadcrumbList","@id":"https:\/\/jam-news.net\/az\/prezident-dar-c%c9%99rciv%c9%99d%c9%99-danisdi\/#breadcrumb","itemListElement":[{"@type":"ListItem","position":1,"name":"Home","item":"https:\/\/jam-news.net\/az\/"},{"@type":"ListItem","position":2,"name":"Prezident dar \u00e7\u0259r\u00e7iv\u0259d\u0259 dan\u0131\u015fd\u0131"}]},{"@type":"WebSite","@id":"https:\/\/jam-news.net\/az\/#website","url":"https:\/\/jam-news.net\/az\/","name":"Azerbaijani Jamnews","description":"Caucasus News, Politics and Society","publisher":{"@id":"https:\/\/jam-news.net\/az\/#organization"},"potentialAction":[{"@type":"SearchAction","target":{"@type":"EntryPoint","urlTemplate":"https:\/\/jam-news.net\/az\/?s={search_term_string}"},"query-input":{"@type":"PropertyValueSpecification","valueRequired":true,"valueName":"search_term_string"}}],"inLanguage":"az"},{"@type":"Organization","@id":"https:\/\/jam-news.net\/az\/#organization","name":"JAMnews","url":"https:\/\/jam-news.net\/az\/","logo":{"@type":"ImageObject","inLanguage":"az","@id":"https:\/\/jam-news.net\/az\/#\/schema\/logo\/image\/","url":"https:\/\/jam-news.net\/app\/uploads\/2020\/05\/JAM_w.jpg","contentUrl":"https:\/\/jam-news.net\/app\/uploads\/2020\/05\/JAM_w.jpg","width":960,"height":960,"caption":"JAMnews"},"image":{"@id":"https:\/\/jam-news.net\/az\/#\/schema\/logo\/image\/"},"sameAs":["https:\/\/www.facebook.com\/JAMnewsInEnglish\/","https:\/\/x.com\/JAMnewsCaucasus","https:\/\/www.instagram.com\/jam_news\/","https:\/\/www.youtube.com\/channel\/UCXQbUCme2pykuZYXWHx4VPg"]},{"@type":"Person","@id":"https:\/\/jam-news.net\/az\/#\/schema\/person\/67df3bb7adb46cd513fb9c4cb02361c6","name":"JAMnews","image":{"@type":"ImageObject","inLanguage":"az","@id":"https:\/\/jam-news.net\/az\/#\/schema\/person\/image\/","url":"https:\/\/secure.gravatar.com\/avatar\/e5c27593ef900c3ab3deed4ed1c653d7?s=96&d=mm&r=g","contentUrl":"https:\/\/secure.gravatar.com\/avatar\/e5c27593ef900c3ab3deed4ed1c653d7?s=96&d=mm&r=g","caption":"JAMnews"},"url":"https:\/\/jam-news.net\/az\/author\/margarita\/"}]}},"_links":{"self":[{"href":"https:\/\/jam-news.net\/az\/wp-json\/wp\/v2\/posts\/3222","targetHints":{"allow":["GET"]}}],"collection":[{"href":"https:\/\/jam-news.net\/az\/wp-json\/wp\/v2\/posts"}],"about":[{"href":"https:\/\/jam-news.net\/az\/wp-json\/wp\/v2\/types\/post"}],"author":[{"embeddable":true,"href":"https:\/\/jam-news.net\/az\/wp-json\/wp\/v2\/users\/3"}],"replies":[{"embeddable":true,"href":"https:\/\/jam-news.net\/az\/wp-json\/wp\/v2\/comments?post=3222"}],"version-history":[{"count":1,"href":"https:\/\/jam-news.net\/az\/wp-json\/wp\/v2\/posts\/3222\/revisions"}],"predecessor-version":[{"id":16540,"href":"https:\/\/jam-news.net\/az\/wp-json\/wp\/v2\/posts\/3222\/revisions\/16540"}],"wp:attachment":[{"href":"https:\/\/jam-news.net\/az\/wp-json\/wp\/v2\/media?parent=3222"}],"wp:term":[{"taxonomy":"category","embeddable":true,"href":"https:\/\/jam-news.net\/az\/wp-json\/wp\/v2\/categories?post=3222"},{"taxonomy":"post_tag","embeddable":true,"href":"https:\/\/jam-news.net\/az\/wp-json\/wp\/v2\/tags?post=3222"},{"taxonomy":"formation","embeddable":true,"href":"https:\/\/jam-news.net\/az\/wp-json\/wp\/v2\/formation?post=3222"},{"taxonomy":"post-author","embeddable":true,"href":"https:\/\/jam-news.net\/az\/wp-json\/wp\/v2\/post-author?post=3222"},{"taxonomy":"topic","embeddable":true,"href":"https:\/\/jam-news.net\/az\/wp-json\/wp\/v2\/topic?post=3222"},{"taxonomy":"tooltip","embeddable":true,"href":"https:\/\/jam-news.net\/az\/wp-json\/wp\/v2\/tooltip?post=3222"},{"taxonomy":"city","embeddable":true,"href":"https:\/\/jam-news.net\/az\/wp-json\/wp\/v2\/city?post=3222"}],"curies":[{"name":"wp","href":"https:\/\/api.w.org\/{rel}","templated":true}]}}