{"id":30393,"date":"2020-06-27T20:55:31","date_gmt":"2020-06-27T16:55:31","guid":{"rendered":"http:\/\/jam-news.net\/az\/?p=30393"},"modified":"2020-07-31T13:47:23","modified_gmt":"2020-07-31T09:47:23","slug":"isgal-avroatlantik-inteqrasiya-pandemiya-gurcustanin-bas-naziri-illik-hesabatla-cixis-edib","status":"publish","type":"post","link":"https:\/\/jam-news.net\/az\/isgal-avroatlantik-inteqrasiya-pandemiya-gurcustanin-bas-naziri-illik-hesabatla-cixis-edib\/","title":{"rendered":"\u0130\u015f\u011fal, Avroatlantik inteqrasiya, pandemiya \u2013 G\u00fcrc\u00fcstan\u0131n ba\u015f naziri illik hesabatla \u00e7\u0131x\u0131\u015f edib"},"content":{"rendered":"\n<p><a href=\"https:\/\/jam-news.net\/az\/category\/cografiya\/gurcustan\/\" target=\"_blank\" rel=\"noreferrer noopener\">G\u00fcrc\u00fcstan\u0131n<\/a> ba\u015f naziri Giorgi Qaxariya G\u00fcrc\u00fcstan parlamentin\u0259 2019-cu il \u00fczr\u0259 illik hesabat\u0131 t\u0259qdim edib v\u0259 \u00f6lk\u0259nin \u0259razi b\u00fct\u00f6vl\u00fcy\u00fcn\u00fcn b\u0259rpas\u0131n\u0131 v\u0259 Avroatlantin inteqasiyan\u0131 \u0259sas v\u0259zif\u0259 adland\u0131r\u0131b.<\/p>\n\n\n\n<p>M\u00fcxalif\u0259t ba\u015f nazirin 2019-cu ilin yay\u0131nda etiraz aksiyas\u0131n\u0131n qanl\u0131 da\u011f\u0131d\u0131lmas\u0131n\u0131 haqda \u00fcmumiyy\u0259tl\u0259 b\u0259hs etm\u0259diyi \u00fc\u00e7\u00fcn q\u0259z\u0259bl\u0259nib.<\/p>\n\n\n\n<p><strong>Hesabat\u0131n \u0259sas m\u00fcdd\u0259alar\u0131<\/strong><\/p>\n\n\n\n<hr class=\"wp-block-separator is-style-wide\" \/>\n\n\n\n<p><a href=\"https:\/\/jam-news.net\/az\/gurcustani-qeyri-formal-idar%c9%99-ed%c9%99n-bidzina-ivanisvili-amerikali-konqresmenl%c9%99rin-hesabatinda-putinin-yaxin-mutt%c9%99fiqi-adlandirilib\/\" target=\"_blank\" rel=\"noreferrer noopener\">\u2022&nbsp;<strong>G\u00fcrc\u00fcstan\u0131n qeyri-formal lideri Bidzina \u0130vani\u015fvili Amerika konqresmenl\u0259rinin hesabat\u0131nda \u201cPutinin yax\u0131n m\u00fctt\u0259fiqi\u201d adland\u0131r\u0131l\u0131b<\/strong><\/a><\/p>\n\n\n\n<p><a href=\"https:\/\/jam-news.net\/az\/tbilisid%c9%99-amansizliqla-dagidilan-etirazlardan-bir-il-otdu-20-iyun-tarix%c9%99-nec%c9%99-v%c9%99-niy%c9%99-daxil-olub\/\" target=\"_blank\" rel=\"noreferrer noopener\">\u2022&nbsp;<strong>Tbilisid\u0259 aksiyan\u0131n qanl\u0131 da\u011f\u0131lmas\u0131ndan bir il \u00f6t\u00fcr \u2013 20 iyun nec\u0259 v\u0259 niy\u0259 tarix\u0259 d\u00fc\u015f\u00fcb?<\/strong><\/a><\/p>\n\n\n\n<hr class=\"wp-block-separator is-style-wide\" \/>\n\n\n\n<h3 class=\"has-text-align-center wp-block-heading\"><strong>\u0130\u015f\u011fal v\u0259 \u0259razi b\u00fct\u00f6vl\u00fcy\u00fc<\/strong><\/h3>\n\n\n\n<p>Ba\u015f nazirin s\u00f6zl\u0259rin\u0259 g\u00f6r\u0259, G\u00fcrc\u00fcstan\u0131n suverenliyinin m\u00f6hk\u0259ml\u0259nm\u0259si v\u0259 \u0259razi b\u00fct\u00f6vl\u00fcy\u00fcn\u00fcn t\u0259min edilm\u0259si G\u00fcrc\u00fcstan\u0131n xarici siyas\u0259tinin prioritetidir.<\/p>\n\n\n\n<p>Giorgi Qaxariyan\u0131n s\u00f6zl\u0259rin\u0259 gr\u0259, \u201c\u0259razi b\u00fct\u00f6vl\u00fcy\u00fcn\u00fcn b\u0259rpa olunmas\u0131n\u0131n yegan\u0259 yolu s\u00fclh yoludur v\u0259 bu yol bizim strateji t\u0259r\u0259fda\u015flar\u0131m\u0131zdan, onlar\u0131n bu prosesl\u0259rd\u0259 f\u0259al i\u015ftirak\u0131ndan ke\u00e7ir\u201d.<\/p>\n\n\n\n<p>Ba\u015f nazir bildirib ki, Rusiya i\u015f\u011fal\u0131 milli t\u0259hl\u00fck\u0259sizliyin \u0259sas problemi olaraq qal\u0131r v\u0259 Rusiya Federasiyas\u0131 effektiv n\u0259zar\u0259t h\u0259yata ke\u00e7ir\u0259n d\u00f6vl\u0259t kimi i\u015f\u011fal olunmu\u015f \u0259razil\u0259rd\u0259 b\u00fct\u00fcn fundamental insan haqlar\u0131n\u0131n pozulmas\u0131na g\u00f6r\u0259 m\u0259suliyy\u0259t da\u015f\u0131y\u0131r.<\/p>\n\n\n\n<h3 class=\"has-text-align-center wp-block-heading\"><strong>Avroatlantik inteqrasiya<\/strong><\/h3>\n\n\n\n<p>Qaxariya bildirib ki, Avropa v\u0259 Avroatlantik inteqrasiya \u00f6lk\u0259 \u00fc\u00e7\u00fcn d\u00f6nm\u0259z, m\u00fch\u00fcm strateji istiqam\u0259tdir v\u0259 G\u00fcrc\u00fcstan h\u00f6kum\u0259tinin \u0259n vacib v\u0259zif\u0259si avropal\u0131 t\u0259r\u0259fda\u015flar qar\u015f\u0131s\u0131nda g\u00f6t\u00fcr\u00fcl\u0259n b\u00fct\u00fcn \u00f6hd\u0259likl\u0259rin yerin\u0259\u0259 yetirilm\u0259sidir, bunun \u00fc\u00e7\u00fcn d\u0259 h\u00f6kum\u0259tkonkret add\u0131mlar atacaq.<\/p>\n\n\n\n<p>Qaxariya qeyd edib ki, \u201c\u00f6lk\u0259nin NATO-da tamh\u00fcquqlu \u00fczvl\u00fcy\u00fc d\u0259yi\u015fm\u0259z h\u0259d\u0259fdir\u201d.<\/p>\n\n\n\n<p>O, h\u0259m\u00e7inin AB\u015e-la strateji m\u00fctt\u0259fiq qismind\u0259 m\u00fcnasib\u0259tl\u0259rin vacibliyini vur\u011fulay\u0131b.<\/p>\n\n\n\n<p>Qaxariya avropal\u0131 v\u0259 amerikal\u0131 t\u0259r\u0259fda\u015flar\u0131 koronavirus pandemiyas\u0131 il\u0259 m\u00fcbariz\u0259d\u0259 G\u00fcrc\u00fcstana g\u00f6st\u0259rdikl\u0259ri yard\u0131ma g\u00f6r\u0259 minn\u0259tdarl\u0131q bildirib.<\/p>\n\n\n\n<h3 class=\"has-text-align-center wp-block-heading\"><strong>Konstitusiya d\u0131yi\u015fiklikl\u0259ri<\/strong><\/h3>\n\n\n\n<p>\u201c\u00d6lk\u0259s\u0259 ba\u015f ver\u0259n \u0259n vacib proses konstitusiyaya se\u00e7ki sistemi il\u0259 \u0259laq\u0259dar d\u0259yi\u015fiklikl\u0259rin edilm\u0259sidir ki, bunlar art\u0131q iki oxunu\u015fda q\u0259bul edilib, parlamentd\u0259 \u00fc\u00e7\u00fcnc\u00fc oxunu\u015f bazar ert\u0259si ba\u015f tutacaq.<\/p>\n\n\n\n<p>S\u0259sverm\u0259 29 iyunda olacaq v\u0259 proporsional se\u00e7ki sistemin\u0259 \u0259saslanan parlament demokratiyas\u0131 b\u0259rq\u0259rar olacaq\u201d, &#8211; Qaxariya deyib.<\/p>\n\n\n\n<h3 class=\"has-text-align-center wp-block-heading\"><strong>Koronavirus pandemiyas\u0131<\/strong><\/h3>\n\n\n\n<p>Ba\u015f nazir koronavirus pandemiyas\u0131 il\u0259 \u0259laq\u0259dar yaranm\u0131\u015f v\u0259ziyy\u0259t\u0259 d\u0259 toxunub v\u0259 qeyd edib ki, G\u00fcrc\u00fcstanda koronavirusa yoluxan b\u00fct\u00fcn insanlar stasionar m\u00fcalic\u0259 ke\u00e7ib v\u0259 he\u00e7 kim tibbi xidm\u0259td\u0259n k\u0259nar qalmay\u0131b.<\/p>\n\n\n\n<h3 class=\"has-text-align-center wp-block-heading\"><strong>B\u00f6hrandan sonrak\u0131 m\u0259rh\u0259l\u0259<\/strong><\/h3>\n\n\n\n<p>Ba\u015f nazirin s\u00f6zl\u0259rin\u0259 g\u00f6r\u0259, G\u00fcrc\u00fcstan h\u00f6kum\u0259ti beyn\u0259lxalq t\u0259r\u0259fda\u015flarla v\u0259 b\u00f6y\u00fck beyn\u0259lxalq konsultativ qruplarla i\u015fl\u0259yir ki, b\u00f6hrandon sonrak\u0131 iqtisadi b\u0259rpa plan\u0131n\u0131 realistik v\u0259 s\u0259m\u0259r\u0259li ed\u0259 bilsin.<\/p>\n\n\n\n<blockquote class=\"wp-block-quote is-layout-flow wp-block-quote-is-layout-flow\"><p>\u201cBiz b\u00f6hran\u0131, pandemiyan\u0131 \u00f6lk\u0259miz \u00fc\u00e7\u00fcn iqtisadi imkanlara \u00e7evirm\u0259liyik. Bug\u00fcn d\u00fcnya iqtisadiyyat\u0131 d\u0259yi\u015fir, buna g\u00f6r\u0259 d\u0259 bizim G\u00fcrc\u00fcstan iqtisadiyyat\u0131n\u0131 \u0259ng\u0259ll\u0259r iqtisadiyyat\u0131ndan imkanlar iqtisadiyyat\u0131na \u00e7evir\u0259 bil\u0259rik\u201d, &#8211; Qaxariya deyib.<\/p><\/blockquote>\n\n\n\n<h3 class=\"has-text-align-center wp-block-heading\"><strong>\u0130nfrastruktur layih\u0259l\u0259ri<\/strong><\/h3>\n\n\n\n<p>Ba\u015f nazirin s\u00f6zl\u0259rin\u0259 g\u00f6r\u0259, haz\u0131rda beyn\u0259lxalq \u0259h\u0259miyy\u0259tli 140 kilometrlik yeni avtomobil yollar\u0131 in\u015fa edilir. Bu yollar\u0131n \u00fcmumilikd\u0259 70 kilometri 2020-ci ilin sonuna q\u0259d\u0259r a\u00e7\u0131lacaq. Bu s\u0131raya Kutaisiy\u0259 ged\u0259n alternativ yolub \u0259lav\u0259 iki zola\u011f\u0131, Xa\u015furi k\u0259nar yolu v\u0259 Samtredia-Qriqoleti yolunun Capana-Lan\u00e7xuti hiss\u0259si d\u0259 daxildir.<\/p>\n\n\n\n<p>Qaxariyan\u0131n s\u00f6zl\u0259rin\u0259 g\u00f6r\u0259, 2019-cu ild\u0259 t\u0259xmin\u0259n 400 k\u0259ndd\u0259 ambulatoriya tikilib, o c\u00fcml\u0259d\u0259n d\u0259 41 yeni t\u0259cili yard\u0131m m\u0259rk\u0259zi yarad\u0131l\u0131b.<\/p>\n\n\n\n<p>\u00d6t\u0259n il Ureki, Mestiya, Anakliya, Xobi v\u0259 Kaspid\u0259 24 saatl\u0131q su t\u0259chizat\u0131 layih\u0259si ba\u015fa \u00e7atd\u0131r\u0131l\u0131b v\u0259 ilin sonuna q\u0259d\u0259r 300 min n\u0259f\u0259r G\u00fcrc\u00fcstan v\u0259t\u0259nda\u015f b\u00fct\u00fcn sutka fasil\u0259siz su il\u0259 t\u0259min olunacaq.<\/p>\n\n\n\n<p>2020-ci ilin \u0259n b\u00f6y\u00fck nailiyy\u0259tl\u0259rind\u0259n biri Kutaisi Beyn\u0259lxalq Universitetinin a\u00e7\u0131lmas\u0131d\u0131r. Ba\u015f nazir \u00fcmid edir ki, yeni universitet \u00f6lk\u0259d\u0259 ali t\u0259hsiyin y\u00fcks\u0259k standart\u0131n\u0131 m\u00fc\u0259yy\u0259n ed\u0259c\u0259k.<\/p>\n\n\n\n<h3 class=\"has-text-align-center wp-block-heading\"><strong>M\u00fcxalif\u0259tin d\u0259y\u0259rl\u0259ndirm\u0259si<\/strong><\/h3>\n\n\n\n<p>M\u00fcxalif\u0259t d\u0259 Giorgi Qaxariyan\u0131n prezentasiyas\u0131nda i\u015ftirak edib v\u0259 ba\u015f nazirin 2019-cu il 20 iyun hadis\u0259l\u0259ri haqda b\u0259hs etm\u0259m\u0259sind\u0259n q\u0259z\u0259bl\u0259nib. H\u0259min vaxt hakimiyy\u0259t Rusiya D\u00f6vl\u0259t Dumas\u0131n\u0131n deputat\u0131n\u0131n G\u00fcrc\u00fcstan parlamentind\u0259 \u00e7\u0131x\u0131\u015f\u0131na qar\u015f\u0131 etiraz ed\u0259nl\u0259ri t\u0259zyiqli su v\u0259 rezin g\u00fcll\u0259d\u0259n t\u0259tbiq etm\u0259kl\u0259 da\u011f\u0131d\u0131b.<\/p>\n\n\n\n<blockquote class=\"wp-block-quote is-layout-flow wp-block-quote-is-layout-flow\"><p>\u201cSiz hesabat\u0131n\u0131z\u0131 t\u0259qdim ed\u0259rk\u0259n 20 iyun haqda xat\u0131rlamad\u0131n\u0131z, siz niy\u0259 bu g\u00fcn\u00fc unutmusuz? Siz bu g\u00fcn\u00fc hafiz\u0259nizd\u0259n, yoxsa t\u0259qvimd\u0259n silmisiz? M\u0259g\u0259r bu hadis\u0259l\u0259r 2019-cu ild\u0259 ba\u015f verm\u0259yib?\u201d, &#8211; \u201cAvropa G\u00fcrc\u00fcstan\u0131\u201d fraksiyas\u0131n\u0131n \u00fczv\u00fc Otar Kaxidze ba\u015f nazir\u0259 m\u00fcraci\u0259t edib.<\/p><\/blockquote>\n\n\n\n<p>Kaxidze h\u00f6kum\u0259t ba\u015f\u00e7\u0131s\u0131na \u00f6t\u0259n ilin 20 iyun hadis\u0259sinin xronologiyas\u0131n\u0131 xat\u0131rlad\u0131b v\u0259 soru\u015fub ki, h\u0259min hadis\u0259l\u0259r\u0259 g\u00f6r\u0259 ba\u015f nazir \u00f6z\u00fcn\u00fc m\u0259sul hiss edirmi?<\/p>\n\n\n\n<p>\u201cVahid Milli H\u0259r\u0259kat\u201d fraksiyas\u0131 ba\u015f nazir\u0259 xat\u0131rlad\u0131b ki, <a href=\"https:\/\/jam-news.net\/az\/topic\/anaklia\/\">Anakliyada<\/a> liman in\u015fas\u0131 layih\u0259sinin u\u011fursuzlu\u011fu, o c\u00fcml\u0259d\u0259n d\u0259 koronavirus pandemiyas\u0131na g\u00f6r\u0259 ziyan \u00e7\u0259k\u0259n v\u0259 k\u00f6m\u0259ksiz qalan v\u0259t\u0259nda\u015flar haqda xat\u0131rlad\u0131b.<\/p>\n\n\n\n<p><em>\u201cD\u00fcn\u0259n b\u00fcdc\u0259 t\u0259sdiql\u0259nib, bu g\u00fcn is\u0259 o \u00f6l\u00fcd\u00fcr, \u00e7\u00fcnki kompensasiya (pandemiyadan ziyan \u00e7\u0259k\u0259nl\u0259r \u00fc\u00e7\u00fcn) 500 milyon lariy\u0259 [160 milyon] yax\u0131n t\u0259\u015fkil etm\u0259li idi, amma bunu almal\u0131 olanlardan yar\u0131s\u0131 he\u00e7 n\u0259 almay\u0131b\u201d, &#8211;<\/em> \u201cVahid Milli H\u0259r\u0259kat\u201d\u0131n liderl\u0259rind\u0259n biri Roman Qotsiridze deyib.<\/p>\n\n\n\n<p><em>\u201cBa\u015f nazir Anakliya v\u0259 Poti limanlar\u0131n\u0131 xat\u0131rlad\u0131b. O qeyd edib ki, Qara d\u0259niz\u0259 m\u00fcmk\u00fcn q\u0259d\u0259r \u00e7ox Amerika g\u0259misi daxil olmal\u0131d\u0131r.<\/em><\/p>\n","protected":false},"excerpt":{"rendered":"<p>S\u0259n\u0259dd\u0259 20 iyun mitinqinin xat\u0131rlanmamas\u0131 m\u00fcxalif\u0259ti q\u0259z\u0259bl\u0259ndirib<\/p>\n","protected":false},"author":6,"featured_media":30324,"comment_status":"closed","ping_status":"closed","sticky":false,"template":"","format":"standard","meta":{"_acf_changed":false,"footnotes":""},"categories":[3,50,5],"tags":[],"formation":[],"post-author":[],"topic":[4953,4645],"tooltip":[],"city":[],"class_list":["post-30393","post","type-post","status-publish","format-standard","has-post-thumbnail","hentry","category-gurcustan","category-xbrlr","category-siyast","topic-gurcustan","topic-giorgi-qaxariya"],"acf":[],"yoast_head":"<!-- This site is optimized with the Yoast SEO plugin v24.1 - https:\/\/yoast.com\/wordpress\/plugins\/seo\/ -->\n<title>\u0130\u015f\u011fal, Avroatlantik inteqrasiya, pandemiya \u2013 G\u00fcrc\u00fcstan\u0131n ba\u015f naziri illik hesabatla \u00e7\u0131x\u0131\u015f edib - JAMnews<\/title>\n<meta name=\"description\" content=\"S\u0259n\u0259dd\u0259 20 iyun mitinqinin xat\u0131rlanmamas\u0131 m\u00fcxalif\u0259ti q\u0259z\u0259bl\u0259ndirib\" \/>\n<meta name=\"robots\" content=\"index, follow, max-snippet:-1, max-image-preview:large, max-video-preview:-1\" \/>\n<link rel=\"canonical\" href=\"https:\/\/jam-news.net\/az\/isgal-avroatlantik-inteqrasiya-pandemiya-gurcustanin-bas-naziri-illik-hesabatla-cixis-edib\/\" \/>\n<meta property=\"og:locale\" content=\"az_AZ\" \/>\n<meta property=\"og:type\" content=\"article\" \/>\n<meta property=\"og:title\" content=\"\u0130\u015f\u011fal, Avroatlantik inteqrasiya, pandemiya \u2013 G\u00fcrc\u00fcstan\u0131n ba\u015f naziri illik hesabatla \u00e7\u0131x\u0131\u015f edib - JAMnews\" \/>\n<meta property=\"og:description\" content=\"S\u0259n\u0259dd\u0259 20 iyun mitinqinin xat\u0131rlanmamas\u0131 m\u00fcxalif\u0259ti q\u0259z\u0259bl\u0259ndirib\" \/>\n<meta property=\"og:url\" content=\"https:\/\/jam-news.net\/az\/isgal-avroatlantik-inteqrasiya-pandemiya-gurcustanin-bas-naziri-illik-hesabatla-cixis-edib\/\" \/>\n<meta property=\"og:site_name\" content=\"Azerbaijani Jamnews\" \/>\n<meta property=\"article:publisher\" content=\"https:\/\/www.facebook.com\/JAMnewsInEnglish\/\" \/>\n<meta property=\"article:published_time\" content=\"2020-06-27T16:55:31+00:00\" \/>\n<meta property=\"article:modified_time\" content=\"2020-07-31T09:47:23+00:00\" \/>\n<meta property=\"og:image\" content=\"https:\/\/jam-news.net\/app\/uploads\/2020\/06\/1593172954-\u10d2\u10d0\u10ee\u10d0\u10e0\u10d8\u10d09989-1024x659-1.jpg\" \/>\n\t<meta property=\"og:image:width\" content=\"1024\" \/>\n\t<meta property=\"og:image:height\" content=\"659\" \/>\n\t<meta property=\"og:image:type\" content=\"image\/jpeg\" \/>\n<meta name=\"author\" content=\"Tatia nikoladze\" \/>\n<meta name=\"twitter:card\" content=\"summary_large_image\" \/>\n<meta name=\"twitter:creator\" content=\"@JAMnewsCaucasus\" \/>\n<meta name=\"twitter:site\" content=\"@JAMnewsCaucasus\" \/>\n<meta name=\"twitter:label1\" content=\"Written by\" \/>\n\t<meta name=\"twitter:data1\" content=\"Tatia nikoladze\" \/>\n\t<meta name=\"twitter:label2\" content=\"Est. reading time\" \/>\n\t<meta name=\"twitter:data2\" content=\"6 minutes\" \/>\n<script type=\"application\/ld+json\" class=\"yoast-schema-graph\">{\"@context\":\"https:\/\/schema.org\",\"@graph\":[{\"@type\":\"Article\",\"@id\":\"https:\/\/jam-news.net\/az\/isgal-avroatlantik-inteqrasiya-pandemiya-gurcustanin-bas-naziri-illik-hesabatla-cixis-edib\/#article\",\"isPartOf\":{\"@id\":\"https:\/\/jam-news.net\/az\/isgal-avroatlantik-inteqrasiya-pandemiya-gurcustanin-bas-naziri-illik-hesabatla-cixis-edib\/\"},\"author\":{\"name\":\"Tatia nikoladze\",\"@id\":\"https:\/\/jam-news.net\/az\/#\/schema\/person\/86c90ea4dd4c6e61e60ae51d24bc662c\"},\"headline\":\"\u0130\u015f\u011fal, Avroatlantik inteqrasiya, pandemiya \u2013 G\u00fcrc\u00fcstan\u0131n ba\u015f naziri illik hesabatla \u00e7\u0131x\u0131\u015f edib\",\"datePublished\":\"2020-06-27T16:55:31+00:00\",\"dateModified\":\"2020-07-31T09:47:23+00:00\",\"mainEntityOfPage\":{\"@id\":\"https:\/\/jam-news.net\/az\/isgal-avroatlantik-inteqrasiya-pandemiya-gurcustanin-bas-naziri-illik-hesabatla-cixis-edib\/\"},\"wordCount\":1120,\"publisher\":{\"@id\":\"https:\/\/jam-news.net\/az\/#organization\"},\"image\":{\"@id\":\"https:\/\/jam-news.net\/az\/isgal-avroatlantik-inteqrasiya-pandemiya-gurcustanin-bas-naziri-illik-hesabatla-cixis-edib\/#primaryimage\"},\"thumbnailUrl\":\"https:\/\/jam-news.net\/app\/uploads\/2020\/06\/1593172954-\u10d2\u10d0\u10ee\u10d0\u10e0\u10d8\u10d09989-1024x659-1.jpg\",\"articleSection\":[\"Georgia\",\"News\",\"Politics\"],\"inLanguage\":\"az\"},{\"@type\":\"WebPage\",\"@id\":\"https:\/\/jam-news.net\/az\/isgal-avroatlantik-inteqrasiya-pandemiya-gurcustanin-bas-naziri-illik-hesabatla-cixis-edib\/\",\"url\":\"https:\/\/jam-news.net\/az\/isgal-avroatlantik-inteqrasiya-pandemiya-gurcustanin-bas-naziri-illik-hesabatla-cixis-edib\/\",\"name\":\"\u0130\u015f\u011fal, Avroatlantik inteqrasiya, pandemiya \u2013 G\u00fcrc\u00fcstan\u0131n ba\u015f naziri illik hesabatla \u00e7\u0131x\u0131\u015f edib - JAMnews\",\"isPartOf\":{\"@id\":\"https:\/\/jam-news.net\/az\/#website\"},\"primaryImageOfPage\":{\"@id\":\"https:\/\/jam-news.net\/az\/isgal-avroatlantik-inteqrasiya-pandemiya-gurcustanin-bas-naziri-illik-hesabatla-cixis-edib\/#primaryimage\"},\"image\":{\"@id\":\"https:\/\/jam-news.net\/az\/isgal-avroatlantik-inteqrasiya-pandemiya-gurcustanin-bas-naziri-illik-hesabatla-cixis-edib\/#primaryimage\"},\"thumbnailUrl\":\"https:\/\/jam-news.net\/app\/uploads\/2020\/06\/1593172954-\u10d2\u10d0\u10ee\u10d0\u10e0\u10d8\u10d09989-1024x659-1.jpg\",\"datePublished\":\"2020-06-27T16:55:31+00:00\",\"dateModified\":\"2020-07-31T09:47:23+00:00\",\"description\":\"S\u0259n\u0259dd\u0259 20 iyun mitinqinin xat\u0131rlanmamas\u0131 m\u00fcxalif\u0259ti q\u0259z\u0259bl\u0259ndirib\",\"breadcrumb\":{\"@id\":\"https:\/\/jam-news.net\/az\/isgal-avroatlantik-inteqrasiya-pandemiya-gurcustanin-bas-naziri-illik-hesabatla-cixis-edib\/#breadcrumb\"},\"inLanguage\":\"az\",\"potentialAction\":[{\"@type\":\"ReadAction\",\"target\":[\"https:\/\/jam-news.net\/az\/isgal-avroatlantik-inteqrasiya-pandemiya-gurcustanin-bas-naziri-illik-hesabatla-cixis-edib\/\"]}]},{\"@type\":\"ImageObject\",\"inLanguage\":\"az\",\"@id\":\"https:\/\/jam-news.net\/az\/isgal-avroatlantik-inteqrasiya-pandemiya-gurcustanin-bas-naziri-illik-hesabatla-cixis-edib\/#primaryimage\",\"url\":\"https:\/\/jam-news.net\/app\/uploads\/2020\/06\/1593172954-\u10d2\u10d0\u10ee\u10d0\u10e0\u10d8\u10d09989-1024x659-1.jpg\",\"contentUrl\":\"https:\/\/jam-news.net\/app\/uploads\/2020\/06\/1593172954-\u10d2\u10d0\u10ee\u10d0\u10e0\u10d8\u10d09989-1024x659-1.jpg\",\"width\":1024,\"height\":659},{\"@type\":\"BreadcrumbList\",\"@id\":\"https:\/\/jam-news.net\/az\/isgal-avroatlantik-inteqrasiya-pandemiya-gurcustanin-bas-naziri-illik-hesabatla-cixis-edib\/#breadcrumb\",\"itemListElement\":[{\"@type\":\"ListItem\",\"position\":1,\"name\":\"Home\",\"item\":\"https:\/\/jam-news.net\/az\/\"},{\"@type\":\"ListItem\",\"position\":2,\"name\":\"\u0130\u015f\u011fal, Avroatlantik inteqrasiya, pandemiya \u2013 G\u00fcrc\u00fcstan\u0131n ba\u015f naziri illik hesabatla \u00e7\u0131x\u0131\u015f edib\"}]},{\"@type\":\"WebSite\",\"@id\":\"https:\/\/jam-news.net\/az\/#website\",\"url\":\"https:\/\/jam-news.net\/az\/\",\"name\":\"Azerbaijani Jamnews\",\"description\":\"Caucasus News, Politics and Society\",\"publisher\":{\"@id\":\"https:\/\/jam-news.net\/az\/#organization\"},\"potentialAction\":[{\"@type\":\"SearchAction\",\"target\":{\"@type\":\"EntryPoint\",\"urlTemplate\":\"https:\/\/jam-news.net\/az\/?s={search_term_string}\"},\"query-input\":{\"@type\":\"PropertyValueSpecification\",\"valueRequired\":true,\"valueName\":\"search_term_string\"}}],\"inLanguage\":\"az\"},{\"@type\":\"Organization\",\"@id\":\"https:\/\/jam-news.net\/az\/#organization\",\"name\":\"JAMnews\",\"url\":\"https:\/\/jam-news.net\/az\/\",\"logo\":{\"@type\":\"ImageObject\",\"inLanguage\":\"az\",\"@id\":\"https:\/\/jam-news.net\/az\/#\/schema\/logo\/image\/\",\"url\":\"https:\/\/jam-news.net\/app\/uploads\/2020\/05\/JAM_w.jpg\",\"contentUrl\":\"https:\/\/jam-news.net\/app\/uploads\/2020\/05\/JAM_w.jpg\",\"width\":960,\"height\":960,\"caption\":\"JAMnews\"},\"image\":{\"@id\":\"https:\/\/jam-news.net\/az\/#\/schema\/logo\/image\/\"},\"sameAs\":[\"https:\/\/www.facebook.com\/JAMnewsInEnglish\/\",\"https:\/\/x.com\/JAMnewsCaucasus\",\"https:\/\/www.instagram.com\/jam_news\/\",\"https:\/\/www.youtube.com\/channel\/UCXQbUCme2pykuZYXWHx4VPg\"]},{\"@type\":\"Person\",\"@id\":\"https:\/\/jam-news.net\/az\/#\/schema\/person\/86c90ea4dd4c6e61e60ae51d24bc662c\",\"name\":\"Tatia nikoladze\",\"image\":{\"@type\":\"ImageObject\",\"inLanguage\":\"az\",\"@id\":\"https:\/\/jam-news.net\/az\/#\/schema\/person\/image\/\",\"url\":\"https:\/\/secure.gravatar.com\/avatar\/1f8b2c8ce4c25cc30806785bafe6bb03?s=96&d=mm&r=g\",\"contentUrl\":\"https:\/\/secure.gravatar.com\/avatar\/1f8b2c8ce4c25cc30806785bafe6bb03?s=96&d=mm&r=g\",\"caption\":\"Tatia nikoladze\"},\"url\":\"https:\/\/jam-news.net\/az\/author\/tatiani\/\"}]}<\/script>\n<!-- \/ Yoast SEO plugin. -->","yoast_head_json":{"title":"\u0130\u015f\u011fal, Avroatlantik inteqrasiya, pandemiya \u2013 G\u00fcrc\u00fcstan\u0131n ba\u015f naziri illik hesabatla \u00e7\u0131x\u0131\u015f edib - JAMnews","description":"S\u0259n\u0259dd\u0259 20 iyun mitinqinin xat\u0131rlanmamas\u0131 m\u00fcxalif\u0259ti q\u0259z\u0259bl\u0259ndirib","robots":{"index":"index","follow":"follow","max-snippet":"max-snippet:-1","max-image-preview":"max-image-preview:large","max-video-preview":"max-video-preview:-1"},"canonical":"https:\/\/jam-news.net\/az\/isgal-avroatlantik-inteqrasiya-pandemiya-gurcustanin-bas-naziri-illik-hesabatla-cixis-edib\/","og_locale":"az_AZ","og_type":"article","og_title":"\u0130\u015f\u011fal, Avroatlantik inteqrasiya, pandemiya \u2013 G\u00fcrc\u00fcstan\u0131n ba\u015f naziri illik hesabatla \u00e7\u0131x\u0131\u015f edib - JAMnews","og_description":"S\u0259n\u0259dd\u0259 20 iyun mitinqinin xat\u0131rlanmamas\u0131 m\u00fcxalif\u0259ti q\u0259z\u0259bl\u0259ndirib","og_url":"https:\/\/jam-news.net\/az\/isgal-avroatlantik-inteqrasiya-pandemiya-gurcustanin-bas-naziri-illik-hesabatla-cixis-edib\/","og_site_name":"Azerbaijani Jamnews","article_publisher":"https:\/\/www.facebook.com\/JAMnewsInEnglish\/","article_published_time":"2020-06-27T16:55:31+00:00","article_modified_time":"2020-07-31T09:47:23+00:00","og_image":[{"width":1024,"height":659,"url":"https:\/\/jam-news.net\/app\/uploads\/2020\/06\/1593172954-\u10d2\u10d0\u10ee\u10d0\u10e0\u10d8\u10d09989-1024x659-1.jpg","type":"image\/jpeg"}],"author":"Tatia nikoladze","twitter_card":"summary_large_image","twitter_creator":"@JAMnewsCaucasus","twitter_site":"@JAMnewsCaucasus","twitter_misc":{"Written by":"Tatia nikoladze","Est. reading time":"6 minutes"},"schema":{"@context":"https:\/\/schema.org","@graph":[{"@type":"Article","@id":"https:\/\/jam-news.net\/az\/isgal-avroatlantik-inteqrasiya-pandemiya-gurcustanin-bas-naziri-illik-hesabatla-cixis-edib\/#article","isPartOf":{"@id":"https:\/\/jam-news.net\/az\/isgal-avroatlantik-inteqrasiya-pandemiya-gurcustanin-bas-naziri-illik-hesabatla-cixis-edib\/"},"author":{"name":"Tatia nikoladze","@id":"https:\/\/jam-news.net\/az\/#\/schema\/person\/86c90ea4dd4c6e61e60ae51d24bc662c"},"headline":"\u0130\u015f\u011fal, Avroatlantik inteqrasiya, pandemiya \u2013 G\u00fcrc\u00fcstan\u0131n ba\u015f naziri illik hesabatla \u00e7\u0131x\u0131\u015f edib","datePublished":"2020-06-27T16:55:31+00:00","dateModified":"2020-07-31T09:47:23+00:00","mainEntityOfPage":{"@id":"https:\/\/jam-news.net\/az\/isgal-avroatlantik-inteqrasiya-pandemiya-gurcustanin-bas-naziri-illik-hesabatla-cixis-edib\/"},"wordCount":1120,"publisher":{"@id":"https:\/\/jam-news.net\/az\/#organization"},"image":{"@id":"https:\/\/jam-news.net\/az\/isgal-avroatlantik-inteqrasiya-pandemiya-gurcustanin-bas-naziri-illik-hesabatla-cixis-edib\/#primaryimage"},"thumbnailUrl":"https:\/\/jam-news.net\/app\/uploads\/2020\/06\/1593172954-\u10d2\u10d0\u10ee\u10d0\u10e0\u10d8\u10d09989-1024x659-1.jpg","articleSection":["Georgia","News","Politics"],"inLanguage":"az"},{"@type":"WebPage","@id":"https:\/\/jam-news.net\/az\/isgal-avroatlantik-inteqrasiya-pandemiya-gurcustanin-bas-naziri-illik-hesabatla-cixis-edib\/","url":"https:\/\/jam-news.net\/az\/isgal-avroatlantik-inteqrasiya-pandemiya-gurcustanin-bas-naziri-illik-hesabatla-cixis-edib\/","name":"\u0130\u015f\u011fal, Avroatlantik inteqrasiya, pandemiya \u2013 G\u00fcrc\u00fcstan\u0131n ba\u015f naziri illik hesabatla \u00e7\u0131x\u0131\u015f edib - JAMnews","isPartOf":{"@id":"https:\/\/jam-news.net\/az\/#website"},"primaryImageOfPage":{"@id":"https:\/\/jam-news.net\/az\/isgal-avroatlantik-inteqrasiya-pandemiya-gurcustanin-bas-naziri-illik-hesabatla-cixis-edib\/#primaryimage"},"image":{"@id":"https:\/\/jam-news.net\/az\/isgal-avroatlantik-inteqrasiya-pandemiya-gurcustanin-bas-naziri-illik-hesabatla-cixis-edib\/#primaryimage"},"thumbnailUrl":"https:\/\/jam-news.net\/app\/uploads\/2020\/06\/1593172954-\u10d2\u10d0\u10ee\u10d0\u10e0\u10d8\u10d09989-1024x659-1.jpg","datePublished":"2020-06-27T16:55:31+00:00","dateModified":"2020-07-31T09:47:23+00:00","description":"S\u0259n\u0259dd\u0259 20 iyun mitinqinin xat\u0131rlanmamas\u0131 m\u00fcxalif\u0259ti q\u0259z\u0259bl\u0259ndirib","breadcrumb":{"@id":"https:\/\/jam-news.net\/az\/isgal-avroatlantik-inteqrasiya-pandemiya-gurcustanin-bas-naziri-illik-hesabatla-cixis-edib\/#breadcrumb"},"inLanguage":"az","potentialAction":[{"@type":"ReadAction","target":["https:\/\/jam-news.net\/az\/isgal-avroatlantik-inteqrasiya-pandemiya-gurcustanin-bas-naziri-illik-hesabatla-cixis-edib\/"]}]},{"@type":"ImageObject","inLanguage":"az","@id":"https:\/\/jam-news.net\/az\/isgal-avroatlantik-inteqrasiya-pandemiya-gurcustanin-bas-naziri-illik-hesabatla-cixis-edib\/#primaryimage","url":"https:\/\/jam-news.net\/app\/uploads\/2020\/06\/1593172954-\u10d2\u10d0\u10ee\u10d0\u10e0\u10d8\u10d09989-1024x659-1.jpg","contentUrl":"https:\/\/jam-news.net\/app\/uploads\/2020\/06\/1593172954-\u10d2\u10d0\u10ee\u10d0\u10e0\u10d8\u10d09989-1024x659-1.jpg","width":1024,"height":659},{"@type":"BreadcrumbList","@id":"https:\/\/jam-news.net\/az\/isgal-avroatlantik-inteqrasiya-pandemiya-gurcustanin-bas-naziri-illik-hesabatla-cixis-edib\/#breadcrumb","itemListElement":[{"@type":"ListItem","position":1,"name":"Home","item":"https:\/\/jam-news.net\/az\/"},{"@type":"ListItem","position":2,"name":"\u0130\u015f\u011fal, Avroatlantik inteqrasiya, pandemiya \u2013 G\u00fcrc\u00fcstan\u0131n ba\u015f naziri illik hesabatla \u00e7\u0131x\u0131\u015f edib"}]},{"@type":"WebSite","@id":"https:\/\/jam-news.net\/az\/#website","url":"https:\/\/jam-news.net\/az\/","name":"Azerbaijani Jamnews","description":"Caucasus News, Politics and Society","publisher":{"@id":"https:\/\/jam-news.net\/az\/#organization"},"potentialAction":[{"@type":"SearchAction","target":{"@type":"EntryPoint","urlTemplate":"https:\/\/jam-news.net\/az\/?s={search_term_string}"},"query-input":{"@type":"PropertyValueSpecification","valueRequired":true,"valueName":"search_term_string"}}],"inLanguage":"az"},{"@type":"Organization","@id":"https:\/\/jam-news.net\/az\/#organization","name":"JAMnews","url":"https:\/\/jam-news.net\/az\/","logo":{"@type":"ImageObject","inLanguage":"az","@id":"https:\/\/jam-news.net\/az\/#\/schema\/logo\/image\/","url":"https:\/\/jam-news.net\/app\/uploads\/2020\/05\/JAM_w.jpg","contentUrl":"https:\/\/jam-news.net\/app\/uploads\/2020\/05\/JAM_w.jpg","width":960,"height":960,"caption":"JAMnews"},"image":{"@id":"https:\/\/jam-news.net\/az\/#\/schema\/logo\/image\/"},"sameAs":["https:\/\/www.facebook.com\/JAMnewsInEnglish\/","https:\/\/x.com\/JAMnewsCaucasus","https:\/\/www.instagram.com\/jam_news\/","https:\/\/www.youtube.com\/channel\/UCXQbUCme2pykuZYXWHx4VPg"]},{"@type":"Person","@id":"https:\/\/jam-news.net\/az\/#\/schema\/person\/86c90ea4dd4c6e61e60ae51d24bc662c","name":"Tatia nikoladze","image":{"@type":"ImageObject","inLanguage":"az","@id":"https:\/\/jam-news.net\/az\/#\/schema\/person\/image\/","url":"https:\/\/secure.gravatar.com\/avatar\/1f8b2c8ce4c25cc30806785bafe6bb03?s=96&d=mm&r=g","contentUrl":"https:\/\/secure.gravatar.com\/avatar\/1f8b2c8ce4c25cc30806785bafe6bb03?s=96&d=mm&r=g","caption":"Tatia nikoladze"},"url":"https:\/\/jam-news.net\/az\/author\/tatiani\/"}]}},"_links":{"self":[{"href":"https:\/\/jam-news.net\/az\/wp-json\/wp\/v2\/posts\/30393","targetHints":{"allow":["GET"]}}],"collection":[{"href":"https:\/\/jam-news.net\/az\/wp-json\/wp\/v2\/posts"}],"about":[{"href":"https:\/\/jam-news.net\/az\/wp-json\/wp\/v2\/types\/post"}],"author":[{"embeddable":true,"href":"https:\/\/jam-news.net\/az\/wp-json\/wp\/v2\/users\/6"}],"replies":[{"embeddable":true,"href":"https:\/\/jam-news.net\/az\/wp-json\/wp\/v2\/comments?post=30393"}],"version-history":[{"count":3,"href":"https:\/\/jam-news.net\/az\/wp-json\/wp\/v2\/posts\/30393\/revisions"}],"predecessor-version":[{"id":30411,"href":"https:\/\/jam-news.net\/az\/wp-json\/wp\/v2\/posts\/30393\/revisions\/30411"}],"wp:featuredmedia":[{"embeddable":true,"href":"https:\/\/jam-news.net\/az\/wp-json\/wp\/v2\/media\/30324"}],"wp:attachment":[{"href":"https:\/\/jam-news.net\/az\/wp-json\/wp\/v2\/media?parent=30393"}],"wp:term":[{"taxonomy":"category","embeddable":true,"href":"https:\/\/jam-news.net\/az\/wp-json\/wp\/v2\/categories?post=30393"},{"taxonomy":"post_tag","embeddable":true,"href":"https:\/\/jam-news.net\/az\/wp-json\/wp\/v2\/tags?post=30393"},{"taxonomy":"formation","embeddable":true,"href":"https:\/\/jam-news.net\/az\/wp-json\/wp\/v2\/formation?post=30393"},{"taxonomy":"post-author","embeddable":true,"href":"https:\/\/jam-news.net\/az\/wp-json\/wp\/v2\/post-author?post=30393"},{"taxonomy":"topic","embeddable":true,"href":"https:\/\/jam-news.net\/az\/wp-json\/wp\/v2\/topic?post=30393"},{"taxonomy":"tooltip","embeddable":true,"href":"https:\/\/jam-news.net\/az\/wp-json\/wp\/v2\/tooltip?post=30393"},{"taxonomy":"city","embeddable":true,"href":"https:\/\/jam-news.net\/az\/wp-json\/wp\/v2\/city?post=30393"}],"curies":[{"name":"wp","href":"https:\/\/api.w.org\/{rel}","templated":true}]}}